{"id":5809,"date":"2011-03-08T17:49:50","date_gmt":"2011-03-08T14:49:50","guid":{"rendered":"http:\/\/localhost\/wordpress\/2011\/03\/08\/zaman\/"},"modified":"2011-03-08T17:49:50","modified_gmt":"2011-03-08T14:49:50","slug":"zaman","status":"publish","type":"post","link":"https:\/\/narteks.net\/index.php\/2011\/03\/08\/zaman\/","title":{"rendered":"ZAMAN"},"content":{"rendered":"<p>\u00a0<\/p>\n<p>Ve bir astronomi bilgini, &#8220;Bize zamandan bahset&#8221; dedi.<\/p>\n<p>Ve o cevap verdi:<\/p>\n<p>&#8220;\u00d6l\u00e7\u00fcs\u00fcz ve \u00f6l\u00e7\u00fclemeyen zaman\u0131 \u00f6l\u00e7ebileceksiniz.<br \/>Davran\u0131\u015flar\u0131n\u0131z\u0131 ayarlayacak, ve hatta ruhunuzun rotas\u0131n\u0131,<br \/>saatlere ve mevsimlere g\u00f6re y\u00f6nlendirebileceksiniz.<\/p>\n<p>Zaman\u0131, k\u0131y\u0131s\u0131nda oturup, ak\u0131\u015f\u0131n\u0131 izleyece\u011finiz<br \/>bir nehir haline d\u00f6nd\u00fcreceksiniz.<\/p>\n<p>\u0130\u00e7inizde zamana ba\u011fl\u0131 olmadan varolan \u00f6z,<br \/>ya\u015fam\u0131n zamandan ba\u011f\u0131ms\u0131zl\u0131\u011f\u0131n\u0131n zaten fark\u0131ndad\u0131r;<br \/>Ve bilir ki, d\u00fcn bug\u00fcn\u00fcn an\u0131s\u0131, yar\u0131n ise bug\u00fcn\u00fcn r\u00fcyas\u0131d\u0131r.<\/p>\n<p>Ve yine bilir ki, i\u00e7inizde \u015fark\u0131 s\u00f6yleyen veya d\u00fc\u015f\u00fcnen \u00f6z\u00fcn\u00fcz,<br \/>hala y\u0131ld\u0131zlar\u0131 uzaya da\u011f\u0131tan o ilk an&#8217;\u0131n i\u00e7inde devinmektedir.<\/p>\n<p>Aran\u0131zda, \u00f6z\u00fcndeki sevme g\u00fcc\u00fcn\u00fcn s\u0131n\u0131rs\u0131zl\u0131\u011f\u0131n\u0131<br \/>hissetmeyen var m\u0131d\u0131r acaba?<\/p>\n<p>Yine de bu hudutsuzlu\u011fuyla ayn\u0131 sevginin,<br \/>bir sevgi d\u00fc\u015f\u00fcncesinden di\u011ferine,<br \/>bir sevgi davran\u0131\u015f\u0131ndan bir ba\u015fkas\u0131na,<br \/>kendi varl\u0131\u011f\u0131n\u0131n tam orta yerinde s\u0131ms\u0131k\u0131<br \/>ve hareket etmeden durdu\u011funu kim hissetmez?<\/p>\n<p>Ve zaman da, t\u0131pk\u0131 sevgi gibi b\u00f6l\u00fcnemez ve \u00f6l\u00e7\u00fclemez de\u011fil midir?<\/p>\n<p>Yine de e\u011fer d\u00fc\u015f\u00fcncenizde zaman\u0131 mevsimlerle \u00f6l\u00e7mek isterseniz,<br \/>her mevsimin di\u011ferlerini i\u00e7ermesine izin verin.<\/p>\n<p>Ve b\u0131rak\u0131n bug\u00fcn\u00fcn\u00fcz, ge\u00e7mi\u015fi an\u0131larla,<br \/>gelece\u011fi ise \u00f6zlemle kucaklas\u0131n.&#8221;<\/p>\n<p>Halil C\u0130BRAN<\/p>\n","protected":false},"excerpt":{"rendered":"<p>\u00a0 Ve bir astronomi bilgini, &#8220;Bize zamandan bahset&#8221; dedi. Ve o cevap verdi: &#8220;\u00d6l\u00e7\u00fcs\u00fcz ve \u00f6l\u00e7\u00fclemeyen zaman\u0131 \u00f6l\u00e7ebileceksiniz.Davran\u0131\u015flar\u0131n\u0131z\u0131 ayarlayacak, ve hatta ruhunuzun rotas\u0131n\u0131,saatlere ve mevsimlere g\u00f6re y\u00f6nlendirebileceksiniz. Zaman\u0131, k\u0131y\u0131s\u0131nda oturup, ak\u0131\u015f\u0131n\u0131 izleyece\u011finizbir nehir haline d\u00f6nd\u00fcreceksiniz. \u0130\u00e7inizde zamana ba\u011fl\u0131 olmadan varolan \u00f6z,ya\u015fam\u0131n zamandan ba\u011f\u0131ms\u0131zl\u0131\u011f\u0131n\u0131n zaten fark\u0131ndad\u0131r;Ve bilir ki, d\u00fcn bug\u00fcn\u00fcn an\u0131s\u0131, yar\u0131n ise bug\u00fcn\u00fcn r\u00fcyas\u0131d\u0131r. Ve [&hellip;]<\/p>\n","protected":false},"author":1,"featured_media":0,"comment_status":"open","ping_status":"open","sticky":false,"template":"","format":"standard","meta":{"footnotes":""},"categories":[180],"tags":[],"class_list":{"0":"post-5809","1":"post","2":"type-post","3":"status-publish","4":"format-standard","6":"category-halil-cibran"},"yoast_head":"<!-- This site is optimized with the Yoast SEO Premium plugin v24.9 (Yoast SEO v24.9) - https:\/\/yoast.com\/wordpress\/plugins\/seo\/ -->\n<title>ZAMAN - narteks.net<\/title>\n<meta name=\"robots\" content=\"index, follow, max-snippet:-1, max-image-preview:large, max-video-preview:-1\" \/>\n<link rel=\"canonical\" href=\"https:\/\/narteks.net\/index.php\/2011\/03\/08\/zaman\/\" \/>\n<meta property=\"og:locale\" content=\"tr_TR\" \/>\n<meta property=\"og:type\" content=\"article\" \/>\n<meta property=\"og:title\" content=\"ZAMAN\" \/>\n<meta property=\"og:description\" content=\"\u00a0 Ve bir astronomi bilgini, &#8220;Bize zamandan bahset&#8221; dedi. Ve o cevap verdi: &#8220;\u00d6l\u00e7\u00fcs\u00fcz ve \u00f6l\u00e7\u00fclemeyen zaman\u0131 \u00f6l\u00e7ebileceksiniz.Davran\u0131\u015flar\u0131n\u0131z\u0131 ayarlayacak, ve hatta ruhunuzun rotas\u0131n\u0131,saatlere ve mevsimlere g\u00f6re y\u00f6nlendirebileceksiniz. Zaman\u0131, k\u0131y\u0131s\u0131nda oturup, ak\u0131\u015f\u0131n\u0131 izleyece\u011finizbir nehir haline d\u00f6nd\u00fcreceksiniz. \u0130\u00e7inizde zamana ba\u011fl\u0131 olmadan varolan \u00f6z,ya\u015fam\u0131n zamandan ba\u011f\u0131ms\u0131zl\u0131\u011f\u0131n\u0131n zaten fark\u0131ndad\u0131r;Ve bilir ki, d\u00fcn bug\u00fcn\u00fcn an\u0131s\u0131, yar\u0131n ise bug\u00fcn\u00fcn r\u00fcyas\u0131d\u0131r. Ve [&hellip;]\" \/>\n<meta property=\"og:url\" content=\"https:\/\/narteks.net\/index.php\/2011\/03\/08\/zaman\/\" \/>\n<meta property=\"og:site_name\" content=\"narteks.net\" \/>\n<meta property=\"article:published_time\" content=\"2011-03-08T14:49:50+00:00\" \/>\n<meta property=\"og:image\" content=\"https:\/\/narteks.net\/wp-content\/uploads\/narteks.png\" \/>\n\t<meta property=\"og:image:width\" content=\"300\" \/>\n\t<meta property=\"og:image:height\" content=\"90\" \/>\n\t<meta property=\"og:image:type\" content=\"image\/png\" \/>\n<meta name=\"author\" content=\"Tar\u0131k\" \/>\n<meta name=\"twitter:card\" content=\"summary_large_image\" \/>\n<meta name=\"twitter:creator\" content=\"@narteks\" \/>\n<meta name=\"twitter:site\" content=\"@narteks\" \/>\n<meta name=\"twitter:label1\" content=\"Yazan:\" \/>\n\t<meta name=\"twitter:data1\" content=\"Tar\u0131k\" \/>\n\t<meta name=\"twitter:label2\" content=\"Tahmini okuma s\u00fcresi\" \/>\n\t<meta name=\"twitter:data2\" content=\"1 dakika\" \/>\n<script type=\"application\/ld+json\" class=\"yoast-schema-graph\">{\"@context\":\"https:\/\/schema.org\",\"@graph\":[{\"@type\":\"Article\",\"@id\":\"https:\/\/narteks.net\/index.php\/2011\/03\/08\/zaman\/#article\",\"isPartOf\":{\"@id\":\"https:\/\/narteks.net\/index.php\/2011\/03\/08\/zaman\/\"},\"author\":{\"name\":\"Tar\u0131k\",\"@id\":\"https:\/\/narteks.net\/#\/schema\/person\/61f37d9834294b72d31d274e7ed79bca\"},\"headline\":\"ZAMAN\",\"datePublished\":\"2011-03-08T14:49:50+00:00\",\"mainEntityOfPage\":{\"@id\":\"https:\/\/narteks.net\/index.php\/2011\/03\/08\/zaman\/\"},\"wordCount\":238,\"commentCount\":0,\"publisher\":{\"@id\":\"https:\/\/narteks.net\/#organization\"},\"articleSection\":[\"Halil C\u0130BRAN\"],\"inLanguage\":\"tr\",\"potentialAction\":[{\"@type\":\"CommentAction\",\"name\":\"Comment\",\"target\":[\"https:\/\/narteks.net\/index.php\/2011\/03\/08\/zaman\/#respond\"]}]},{\"@type\":\"WebPage\",\"@id\":\"https:\/\/narteks.net\/index.php\/2011\/03\/08\/zaman\/\",\"url\":\"https:\/\/narteks.net\/index.php\/2011\/03\/08\/zaman\/\",\"name\":\"ZAMAN - narteks.net\",\"isPartOf\":{\"@id\":\"https:\/\/narteks.net\/#website\"},\"datePublished\":\"2011-03-08T14:49:50+00:00\",\"breadcrumb\":{\"@id\":\"https:\/\/narteks.net\/index.php\/2011\/03\/08\/zaman\/#breadcrumb\"},\"inLanguage\":\"tr\",\"potentialAction\":[{\"@type\":\"ReadAction\",\"target\":[\"https:\/\/narteks.net\/index.php\/2011\/03\/08\/zaman\/\"]}]},{\"@type\":\"BreadcrumbList\",\"@id\":\"https:\/\/narteks.net\/index.php\/2011\/03\/08\/zaman\/#breadcrumb\",\"itemListElement\":[{\"@type\":\"ListItem\",\"position\":1,\"name\":\"Anasayfa\",\"item\":\"https:\/\/narteks.net\/\"},{\"@type\":\"ListItem\",\"position\":2,\"name\":\"ZAMAN\"}]},{\"@type\":\"WebSite\",\"@id\":\"https:\/\/narteks.net\/#website\",\"url\":\"https:\/\/narteks.net\/\",\"name\":\"narteks.net\",\"description\":\"K\u00fclt\u00fcr Sanat Edebiyat Felsefe\",\"publisher\":{\"@id\":\"https:\/\/narteks.net\/#organization\"},\"alternateName\":\"K\u00fclt\u00fcr Sanat Edebiyat Felsefe\",\"potentialAction\":[{\"@type\":\"SearchAction\",\"target\":{\"@type\":\"EntryPoint\",\"urlTemplate\":\"https:\/\/narteks.net\/?s={search_term_string}\"},\"query-input\":{\"@type\":\"PropertyValueSpecification\",\"valueRequired\":true,\"valueName\":\"search_term_string\"}}],\"inLanguage\":\"tr\"},{\"@type\":\"Organization\",\"@id\":\"https:\/\/narteks.net\/#organization\",\"name\":\"narteks.net\",\"url\":\"https:\/\/narteks.net\/\",\"logo\":{\"@type\":\"ImageObject\",\"inLanguage\":\"tr\",\"@id\":\"https:\/\/narteks.net\/#\/schema\/logo\/image\/\",\"url\":\"https:\/\/narteks.net\/wp-content\/uploads\/narteks.png\",\"contentUrl\":\"https:\/\/narteks.net\/wp-content\/uploads\/narteks.png\",\"width\":300,\"height\":90,\"caption\":\"narteks.net\"},\"image\":{\"@id\":\"https:\/\/narteks.net\/#\/schema\/logo\/image\/\"},\"sameAs\":[\"https:\/\/x.com\/narteks\",\"https:\/\/instagram.com\/narteksnet\"]},{\"@type\":\"Person\",\"@id\":\"https:\/\/narteks.net\/#\/schema\/person\/61f37d9834294b72d31d274e7ed79bca\",\"name\":\"Tar\u0131k\",\"image\":{\"@type\":\"ImageObject\",\"inLanguage\":\"tr\",\"@id\":\"https:\/\/narteks.net\/#\/schema\/person\/image\/\",\"url\":\"https:\/\/secure.gravatar.com\/avatar\/50865afb55632c4ae467e0af0930f6510aa2297d8014be502a55b14f3b7550cf?s=96&d=mm&r=g\",\"contentUrl\":\"https:\/\/secure.gravatar.com\/avatar\/50865afb55632c4ae467e0af0930f6510aa2297d8014be502a55b14f3b7550cf?s=96&d=mm&r=g\",\"caption\":\"Tar\u0131k\"},\"sameAs\":[\"http:\/\/narteks.net\"],\"url\":\"https:\/\/narteks.net\/index.php\/author\/narbak\/\"}]}<\/script>\n<!-- \/ Yoast SEO Premium plugin. -->","yoast_head_json":{"title":"ZAMAN - narteks.net","robots":{"index":"index","follow":"follow","max-snippet":"max-snippet:-1","max-image-preview":"max-image-preview:large","max-video-preview":"max-video-preview:-1"},"canonical":"https:\/\/narteks.net\/index.php\/2011\/03\/08\/zaman\/","og_locale":"tr_TR","og_type":"article","og_title":"ZAMAN","og_description":"\u00a0 Ve bir astronomi bilgini, &#8220;Bize zamandan bahset&#8221; dedi. Ve o cevap verdi: &#8220;\u00d6l\u00e7\u00fcs\u00fcz ve \u00f6l\u00e7\u00fclemeyen zaman\u0131 \u00f6l\u00e7ebileceksiniz.Davran\u0131\u015flar\u0131n\u0131z\u0131 ayarlayacak, ve hatta ruhunuzun rotas\u0131n\u0131,saatlere ve mevsimlere g\u00f6re y\u00f6nlendirebileceksiniz. Zaman\u0131, k\u0131y\u0131s\u0131nda oturup, ak\u0131\u015f\u0131n\u0131 izleyece\u011finizbir nehir haline d\u00f6nd\u00fcreceksiniz. \u0130\u00e7inizde zamana ba\u011fl\u0131 olmadan varolan \u00f6z,ya\u015fam\u0131n zamandan ba\u011f\u0131ms\u0131zl\u0131\u011f\u0131n\u0131n zaten fark\u0131ndad\u0131r;Ve bilir ki, d\u00fcn bug\u00fcn\u00fcn an\u0131s\u0131, yar\u0131n ise bug\u00fcn\u00fcn r\u00fcyas\u0131d\u0131r. Ve [&hellip;]","og_url":"https:\/\/narteks.net\/index.php\/2011\/03\/08\/zaman\/","og_site_name":"narteks.net","article_published_time":"2011-03-08T14:49:50+00:00","og_image":[{"width":300,"height":90,"url":"https:\/\/narteks.net\/wp-content\/uploads\/narteks.png","type":"image\/png"}],"author":"Tar\u0131k","twitter_card":"summary_large_image","twitter_creator":"@narteks","twitter_site":"@narteks","twitter_misc":{"Yazan:":"Tar\u0131k","Tahmini okuma s\u00fcresi":"1 dakika"},"schema":{"@context":"https:\/\/schema.org","@graph":[{"@type":"Article","@id":"https:\/\/narteks.net\/index.php\/2011\/03\/08\/zaman\/#article","isPartOf":{"@id":"https:\/\/narteks.net\/index.php\/2011\/03\/08\/zaman\/"},"author":{"name":"Tar\u0131k","@id":"https:\/\/narteks.net\/#\/schema\/person\/61f37d9834294b72d31d274e7ed79bca"},"headline":"ZAMAN","datePublished":"2011-03-08T14:49:50+00:00","mainEntityOfPage":{"@id":"https:\/\/narteks.net\/index.php\/2011\/03\/08\/zaman\/"},"wordCount":238,"commentCount":0,"publisher":{"@id":"https:\/\/narteks.net\/#organization"},"articleSection":["Halil C\u0130BRAN"],"inLanguage":"tr","potentialAction":[{"@type":"CommentAction","name":"Comment","target":["https:\/\/narteks.net\/index.php\/2011\/03\/08\/zaman\/#respond"]}]},{"@type":"WebPage","@id":"https:\/\/narteks.net\/index.php\/2011\/03\/08\/zaman\/","url":"https:\/\/narteks.net\/index.php\/2011\/03\/08\/zaman\/","name":"ZAMAN - narteks.net","isPartOf":{"@id":"https:\/\/narteks.net\/#website"},"datePublished":"2011-03-08T14:49:50+00:00","breadcrumb":{"@id":"https:\/\/narteks.net\/index.php\/2011\/03\/08\/zaman\/#breadcrumb"},"inLanguage":"tr","potentialAction":[{"@type":"ReadAction","target":["https:\/\/narteks.net\/index.php\/2011\/03\/08\/zaman\/"]}]},{"@type":"BreadcrumbList","@id":"https:\/\/narteks.net\/index.php\/2011\/03\/08\/zaman\/#breadcrumb","itemListElement":[{"@type":"ListItem","position":1,"name":"Anasayfa","item":"https:\/\/narteks.net\/"},{"@type":"ListItem","position":2,"name":"ZAMAN"}]},{"@type":"WebSite","@id":"https:\/\/narteks.net\/#website","url":"https:\/\/narteks.net\/","name":"narteks.net","description":"K\u00fclt\u00fcr Sanat Edebiyat Felsefe","publisher":{"@id":"https:\/\/narteks.net\/#organization"},"alternateName":"K\u00fclt\u00fcr Sanat Edebiyat Felsefe","potentialAction":[{"@type":"SearchAction","target":{"@type":"EntryPoint","urlTemplate":"https:\/\/narteks.net\/?s={search_term_string}"},"query-input":{"@type":"PropertyValueSpecification","valueRequired":true,"valueName":"search_term_string"}}],"inLanguage":"tr"},{"@type":"Organization","@id":"https:\/\/narteks.net\/#organization","name":"narteks.net","url":"https:\/\/narteks.net\/","logo":{"@type":"ImageObject","inLanguage":"tr","@id":"https:\/\/narteks.net\/#\/schema\/logo\/image\/","url":"https:\/\/narteks.net\/wp-content\/uploads\/narteks.png","contentUrl":"https:\/\/narteks.net\/wp-content\/uploads\/narteks.png","width":300,"height":90,"caption":"narteks.net"},"image":{"@id":"https:\/\/narteks.net\/#\/schema\/logo\/image\/"},"sameAs":["https:\/\/x.com\/narteks","https:\/\/instagram.com\/narteksnet"]},{"@type":"Person","@id":"https:\/\/narteks.net\/#\/schema\/person\/61f37d9834294b72d31d274e7ed79bca","name":"Tar\u0131k","image":{"@type":"ImageObject","inLanguage":"tr","@id":"https:\/\/narteks.net\/#\/schema\/person\/image\/","url":"https:\/\/secure.gravatar.com\/avatar\/50865afb55632c4ae467e0af0930f6510aa2297d8014be502a55b14f3b7550cf?s=96&d=mm&r=g","contentUrl":"https:\/\/secure.gravatar.com\/avatar\/50865afb55632c4ae467e0af0930f6510aa2297d8014be502a55b14f3b7550cf?s=96&d=mm&r=g","caption":"Tar\u0131k"},"sameAs":["http:\/\/narteks.net"],"url":"https:\/\/narteks.net\/index.php\/author\/narbak\/"}]}},"_links":{"self":[{"href":"https:\/\/narteks.net\/index.php\/wp-json\/wp\/v2\/posts\/5809","targetHints":{"allow":["GET"]}}],"collection":[{"href":"https:\/\/narteks.net\/index.php\/wp-json\/wp\/v2\/posts"}],"about":[{"href":"https:\/\/narteks.net\/index.php\/wp-json\/wp\/v2\/types\/post"}],"author":[{"embeddable":true,"href":"https:\/\/narteks.net\/index.php\/wp-json\/wp\/v2\/users\/1"}],"replies":[{"embeddable":true,"href":"https:\/\/narteks.net\/index.php\/wp-json\/wp\/v2\/comments?post=5809"}],"version-history":[{"count":0,"href":"https:\/\/narteks.net\/index.php\/wp-json\/wp\/v2\/posts\/5809\/revisions"}],"wp:attachment":[{"href":"https:\/\/narteks.net\/index.php\/wp-json\/wp\/v2\/media?parent=5809"}],"wp:term":[{"taxonomy":"category","embeddable":true,"href":"https:\/\/narteks.net\/index.php\/wp-json\/wp\/v2\/categories?post=5809"},{"taxonomy":"post_tag","embeddable":true,"href":"https:\/\/narteks.net\/index.php\/wp-json\/wp\/v2\/tags?post=5809"}],"curies":[{"name":"wp","href":"https:\/\/api.w.org\/{rel}","templated":true}]}}