{"id":5812,"date":"2011-03-09T11:43:16","date_gmt":"2011-03-09T08:43:16","guid":{"rendered":"http:\/\/localhost\/wordpress\/2011\/03\/09\/yalniz-gezerin-dusleri-jean-jacques-rousseau\/"},"modified":"2011-03-09T11:43:16","modified_gmt":"2011-03-09T08:43:16","slug":"yalniz-gezerin-dusleri-jean-jacques-rousseau","status":"publish","type":"post","link":"https:\/\/narteks.net\/index.php\/2011\/03\/09\/yalniz-gezerin-dusleri-jean-jacques-rousseau\/","title":{"rendered":"Yaln\u0131z Gezerin D\u00fc\u015fleri | Jean-Jacques Rousseau"},"content":{"rendered":"<p style=\"text-align: justify;\"><img loading=\"lazy\" decoding=\"async\" src=\"http:\/\/galeri.uludagsozluk.com\/24\/jean-jacques-rousseau_9628.jpg\" border=\"0\" width=\"155\" height=\"205\" style=\"float: left;\" \/>\u0130\u015fte, yery\u00fcz\u00fcnde yaln\u0131z\u0131m; kendimle ba\u015f ba\u015fay\u0131m; art\u0131k ne karde\u015fim var, ne benzerim, ne de dostum. \u0130nsanlar\u0131n en seveceni, en cana yak\u0131n\u0131, bu insanlar aras\u0131ndan s\u00f6z birli\u011fiyle \u00e7\u0131kar\u0131ld\u0131. Bunlar, d\u00fc\u015fmanl\u0131klar\u0131n\u0131 hainli\u011fin son s\u0131n\u0131r\u0131na g\u00f6t\u00fcrerek, duyarl\u0131 ruhuma hangi \u00fcz\u00fcnt\u00fcn\u00fcn daha \u00e7ok dokunabilece\u011fini ara\u015ft\u0131rd\u0131lar ve beni kendileriyle birle\u015ftiren ba\u011flar\u0131n hepsini kesip att\u0131lar. Kendileri istemeseler de, onlar\u0131 sevebilecektim; sevgimden ancak insan olmaktan \u00e7\u0131kmak yoluyla kurtuldular. \u00d6yle istediklerine g\u00f6re, \u015fimdi benim i\u00e7in yabanc\u0131, ad\u0131 san\u0131 bilinmeyen insanlar onlar; birer hi\u00e7ler! Ama, onlardan ve her \u015feyden s\u0131yr\u0131lm\u0131\u015f bulunan ben neyim? Bana bunu ara\u015ft\u0131rmak kal\u0131yor. Ne \u00e7are ki, \u00f6nce benim durumuma bir bakmak gerek; s\u00f6z\u00fc benzerlerimden kendime aktarmak i\u00e7in de gerekli bu.<\/p>\n<p>Bu garip duruma d\u00fc\u015feli on be\u015f y\u0131ldan \u00e7ok ge\u00e7ti\u011fi halde, yine de d\u00fc\u015f gibi geliyor. H\u00e2l\u00e2 sindirim g\u00fc\u00e7l\u00fc\u011f\u00fc \u00e7ekti\u011fimi, k\u00f6t\u00fc uyudu\u011fumu ve uyan\u0131nca dostlar\u0131ma yine kavu\u015faca\u011f\u0131m\u0131 san\u0131yorum. Evet, hi\u00e7 ku\u015fkusuz, ayr\u0131m\u0131na varmadan uyan\u0131kl\u0131ktan uykuya, daha do\u011frusu ya\u015famdan \u00f6l\u00fcme ge\u00e7mi\u015f olaca\u011f\u0131m. Her nas\u0131lsa, e\u015fya do\u011fas\u0131ndan \u00e7\u0131karak, i\u00e7inde bir \u015fey se\u00e7emedi\u011fim bir d\u00fc\u015fleme yuvarland\u0131m. Ve bug\u00fcnk\u00fc durumumu ne denli \u00e7ok d\u00fc\u015f\u00fcn\u00fcrsem, nerede bulundu\u011fumu o denli az anl\u0131yorum.<\/p>\n<p>Ah, varaca\u011f\u0131m sonu \u00f6nceden nas\u0131l anlayabilirdim; beni pen\u00e7esine ald\u0131\u011f\u0131 bug\u00fcn bile anlayam\u0131yorum. Hi\u00e7 de\u011fi\u015fmeyen, h\u00e2l\u00e2 ne idiyse o olan benim, bir g\u00fcn gelip bir canavar, zehir sa\u00e7an bir adam, bir \u00f6ld\u00fcrmen (katil) say\u0131laca\u011f\u0131m\u0131, insano\u011flunun nefret etti\u011fi ayak tak\u0131m\u0131n\u0131n oyunca\u011f\u0131 olaca\u011f\u0131m\u0131, gelen ge\u00e7enin beni y\u00fcz\u00fcme t\u00fck\u00fcrerek sel\u00e2mlayaca\u011f\u0131n\u0131, b\u00fct\u00fcn bu ku\u015fa\u011f\u0131n s\u00f6z birli\u011fiyle beni diri diri g\u00f6mmekten ho\u015flanaca\u011f\u0131n\u0131 kestirmeye sa\u011fduyum izin verir miydi? \u015ea\u015fk\u0131nl\u0131k ve katlanamay\u0131\u015f, beni on y\u0131ld\u0131r dinmeyen bir sabuklama n\u00f6beti i\u00e7ine att\u0131. Bu s\u00fcrede de yanl\u0131\u015f \u00fcst\u00fcne yanl\u0131\u015f, budalal\u0131k \u00fcst\u00fcne budalal\u0131k yaparak, \u00f6nlemsizli\u011fimden dolay\u0131 talihimi ellerine alanlara yazg\u0131m\u0131 kesin olarak belirlemeye yarayacak bir\u00e7ok silah vermi\u015f oldum.<\/p>\n<p>Uzun zaman bo\u015funa var g\u00fcc\u00fcmle \u00e7\u0131rp\u0131nd\u0131m. Becerikli, ikiy\u00fczl\u00fc, usta ve \u00f6nlemli olmad\u0131\u011f\u0131m gibi, a\u00e7\u0131k s\u00f6zl\u00fc, sab\u0131rs\u0131z ve \u00e7abuk k\u0131zar bir ki\u015fi oldu\u011fum i\u00e7in \u00e7\u0131rp\u0131nd\u0131k\u00e7a dald\u0131m ve d\u00fc\u015fmanlar\u0131ma, bana yeni yeni k\u00f6t\u00fcl\u00fckler etme konusunda, asla savsaklamad\u0131klar\u0131 f\u0131rsatlar\u0131 verdim. Sonunda, \u00e7abam\u0131n yarars\u0131zl\u0131\u011f\u0131n\u0131, bo\u015funa \u00fcz\u00fcld\u00fc\u011f\u00fcm\u00fc g\u00f6r\u00fcp, geri kalan tek karara vard\u0131m ki, o da yazg\u0131ya ba\u015fkald\u0131rmadan boyun e\u011fmekti. Ac\u0131 ve bo\u015funa bir kar\u015f\u0131 koyman\u0131n yorgunlu\u011fuyla uzla\u015famayan o her \u015feye katlanman\u0131n verdi\u011fi dinginlikle derdimi unutabildim.<\/p>\n<p>Bu dinginli\u011fe bir etken daha kar\u0131\u015ft\u0131. Ac\u0131mas\u0131z d\u00fc\u015fmanlar\u0131m, bana \u00e7ektirme konusunda daha ba\u015fka d\u00fczenler d\u00fc\u015f\u00fcn\u00fcrken birini unuttular ki, o da her seferinde yeni bir darbe indirerek ac\u0131mas\u0131zl\u0131klar\u0131n\u0131n etkisini s\u00fcrekli tazelemekti. Bana ufak bir umut \u0131\u015f\u0131\u011f\u0131 b\u0131rakmak becerisini g\u00f6sterseydiler, bu umut sayesinde beni h\u00e2l\u00e2 ellerinde tutar, oyalayabilir, ger\u00e7ekle\u015fmeyen bekleyi\u015fimle beni yeni bir \u00fcz\u00fcnt\u00fcye mahk\u00fbm edebilirlerdi. Ancak, ellerindeki ara\u00e7lar\u0131n hepsini birden kullanmadan t\u00fckettiler; bana hi\u00e7bir \u015fey b\u0131rakmamakla kendilerini de her \u015feyden yoksun ettiler. Beni bo\u011fduklar\u0131 kara \u00e7alma, alay, rezillik ve a\u015fa\u011f\u0131lanma ne artabilir, ne de eksilebilir; ne onlar ye\u011finle\u015ftirebilirler, ne de ben bundan s\u0131yr\u0131labilirim. Peri\u015fanl\u0131\u011f\u0131m\u0131 en son s\u0131n\u0131r\u0131na vard\u0131rmakta \u00f6yle \u00e7ok \u00e7abalad\u0131lar ki, b\u00fct\u00fcn insan g\u00fcc\u00fc, cehenneme \u00f6zg\u00fc b\u00fct\u00fcn hilelerin yard\u0131m\u0131yla bile, ona hi\u00e7bir \u015fey katamaz. Beden s\u0131z\u0131s\u0131 bile bu ac\u0131y\u0131 \u00e7o\u011faltaca\u011f\u0131na avutur, beni inletirken i\u00e7imi \u00e7ekmekten kurtar\u0131r; v\u00fccudumun par\u00e7alanmas\u0131 y\u00fcre\u011fimin par\u00e7alanmas\u0131n\u0131 durdurur.<\/p>\n<p>Jean-Jacques Rousseau<br \/>Yaln\u0131z Gezerin D\u00fc\u015fleri\u2019 den\u2026<\/p>\n","protected":false},"excerpt":{"rendered":"<p>\u0130\u015fte, yery\u00fcz\u00fcnde yaln\u0131z\u0131m; kendimle ba\u015f ba\u015fay\u0131m; art\u0131k ne karde\u015fim var, ne benzerim, ne de dostum. \u0130nsanlar\u0131n en seveceni, en cana yak\u0131n\u0131, bu insanlar aras\u0131ndan s\u00f6z birli\u011fiyle \u00e7\u0131kar\u0131ld\u0131. Bunlar, d\u00fc\u015fmanl\u0131klar\u0131n\u0131 hainli\u011fin son s\u0131n\u0131r\u0131na g\u00f6t\u00fcrerek, duyarl\u0131 ruhuma hangi \u00fcz\u00fcnt\u00fcn\u00fcn daha \u00e7ok dokunabilece\u011fini ara\u015ft\u0131rd\u0131lar ve beni kendileriyle birle\u015ftiren ba\u011flar\u0131n hepsini kesip att\u0131lar. Kendileri istemeseler de, onlar\u0131 sevebilecektim; sevgimden [&hellip;]<\/p>\n","protected":false},"author":1,"featured_media":0,"comment_status":"open","ping_status":"open","sticky":false,"template":"","format":"standard","meta":{"footnotes":""},"categories":[103],"tags":[],"class_list":{"0":"post-5812","1":"post","2":"type-post","3":"status-publish","4":"format-standard","6":"category-felsefe-genel"},"yoast_head":"<!-- This site is optimized with the Yoast SEO Premium plugin v24.9 (Yoast SEO v24.9) - https:\/\/yoast.com\/wordpress\/plugins\/seo\/ -->\n<title>Yaln\u0131z Gezerin D\u00fc\u015fleri | Jean-Jacques Rousseau - narteks.net<\/title>\n<meta name=\"robots\" content=\"index, follow, max-snippet:-1, max-image-preview:large, max-video-preview:-1\" \/>\n<link rel=\"canonical\" href=\"https:\/\/narteks.net\/index.php\/2011\/03\/09\/yalniz-gezerin-dusleri-jean-jacques-rousseau\/\" \/>\n<meta property=\"og:locale\" content=\"tr_TR\" \/>\n<meta property=\"og:type\" content=\"article\" \/>\n<meta property=\"og:title\" content=\"Yaln\u0131z Gezerin D\u00fc\u015fleri | Jean-Jacques Rousseau\" \/>\n<meta property=\"og:description\" content=\"\u0130\u015fte, yery\u00fcz\u00fcnde yaln\u0131z\u0131m; kendimle ba\u015f ba\u015fay\u0131m; art\u0131k ne karde\u015fim var, ne benzerim, ne de dostum. \u0130nsanlar\u0131n en seveceni, en cana yak\u0131n\u0131, bu insanlar aras\u0131ndan s\u00f6z birli\u011fiyle \u00e7\u0131kar\u0131ld\u0131. Bunlar, d\u00fc\u015fmanl\u0131klar\u0131n\u0131 hainli\u011fin son s\u0131n\u0131r\u0131na g\u00f6t\u00fcrerek, duyarl\u0131 ruhuma hangi \u00fcz\u00fcnt\u00fcn\u00fcn daha \u00e7ok dokunabilece\u011fini ara\u015ft\u0131rd\u0131lar ve beni kendileriyle birle\u015ftiren ba\u011flar\u0131n hepsini kesip att\u0131lar. Kendileri istemeseler de, onlar\u0131 sevebilecektim; sevgimden [&hellip;]\" \/>\n<meta property=\"og:url\" content=\"https:\/\/narteks.net\/index.php\/2011\/03\/09\/yalniz-gezerin-dusleri-jean-jacques-rousseau\/\" \/>\n<meta property=\"og:site_name\" content=\"narteks.net\" \/>\n<meta property=\"article:published_time\" content=\"2011-03-09T08:43:16+00:00\" \/>\n<meta property=\"og:image\" content=\"http:\/\/galeri.uludagsozluk.com\/24\/jean-jacques-rousseau_9628.jpg\" \/>\n<meta name=\"author\" content=\"Tar\u0131k\" \/>\n<meta name=\"twitter:card\" content=\"summary_large_image\" \/>\n<meta name=\"twitter:creator\" content=\"@narteks\" \/>\n<meta name=\"twitter:site\" content=\"@narteks\" \/>\n<meta name=\"twitter:label1\" content=\"Yazan:\" \/>\n\t<meta name=\"twitter:data1\" content=\"Tar\u0131k\" \/>\n\t<meta name=\"twitter:label2\" content=\"Tahmini okuma s\u00fcresi\" \/>\n\t<meta name=\"twitter:data2\" content=\"4 dakika\" \/>\n<script type=\"application\/ld+json\" class=\"yoast-schema-graph\">{\"@context\":\"https:\/\/schema.org\",\"@graph\":[{\"@type\":\"Article\",\"@id\":\"https:\/\/narteks.net\/index.php\/2011\/03\/09\/yalniz-gezerin-dusleri-jean-jacques-rousseau\/#article\",\"isPartOf\":{\"@id\":\"https:\/\/narteks.net\/index.php\/2011\/03\/09\/yalniz-gezerin-dusleri-jean-jacques-rousseau\/\"},\"author\":{\"name\":\"Tar\u0131k\",\"@id\":\"https:\/\/narteks.net\/#\/schema\/person\/61f37d9834294b72d31d274e7ed79bca\"},\"headline\":\"Yaln\u0131z Gezerin D\u00fc\u015fleri | Jean-Jacques Rousseau\",\"datePublished\":\"2011-03-09T08:43:16+00:00\",\"mainEntityOfPage\":{\"@id\":\"https:\/\/narteks.net\/index.php\/2011\/03\/09\/yalniz-gezerin-dusleri-jean-jacques-rousseau\/\"},\"wordCount\":725,\"commentCount\":0,\"publisher\":{\"@id\":\"https:\/\/narteks.net\/#organization\"},\"image\":{\"@id\":\"https:\/\/narteks.net\/index.php\/2011\/03\/09\/yalniz-gezerin-dusleri-jean-jacques-rousseau\/#primaryimage\"},\"thumbnailUrl\":\"http:\/\/galeri.uludagsozluk.com\/24\/jean-jacques-rousseau_9628.jpg\",\"articleSection\":[\"Felsefe (Genel)\"],\"inLanguage\":\"tr\",\"potentialAction\":[{\"@type\":\"CommentAction\",\"name\":\"Comment\",\"target\":[\"https:\/\/narteks.net\/index.php\/2011\/03\/09\/yalniz-gezerin-dusleri-jean-jacques-rousseau\/#respond\"]}]},{\"@type\":\"WebPage\",\"@id\":\"https:\/\/narteks.net\/index.php\/2011\/03\/09\/yalniz-gezerin-dusleri-jean-jacques-rousseau\/\",\"url\":\"https:\/\/narteks.net\/index.php\/2011\/03\/09\/yalniz-gezerin-dusleri-jean-jacques-rousseau\/\",\"name\":\"Yaln\u0131z Gezerin D\u00fc\u015fleri | Jean-Jacques Rousseau - narteks.net\",\"isPartOf\":{\"@id\":\"https:\/\/narteks.net\/#website\"},\"primaryImageOfPage\":{\"@id\":\"https:\/\/narteks.net\/index.php\/2011\/03\/09\/yalniz-gezerin-dusleri-jean-jacques-rousseau\/#primaryimage\"},\"image\":{\"@id\":\"https:\/\/narteks.net\/index.php\/2011\/03\/09\/yalniz-gezerin-dusleri-jean-jacques-rousseau\/#primaryimage\"},\"thumbnailUrl\":\"http:\/\/galeri.uludagsozluk.com\/24\/jean-jacques-rousseau_9628.jpg\",\"datePublished\":\"2011-03-09T08:43:16+00:00\",\"breadcrumb\":{\"@id\":\"https:\/\/narteks.net\/index.php\/2011\/03\/09\/yalniz-gezerin-dusleri-jean-jacques-rousseau\/#breadcrumb\"},\"inLanguage\":\"tr\",\"potentialAction\":[{\"@type\":\"ReadAction\",\"target\":[\"https:\/\/narteks.net\/index.php\/2011\/03\/09\/yalniz-gezerin-dusleri-jean-jacques-rousseau\/\"]}]},{\"@type\":\"ImageObject\",\"inLanguage\":\"tr\",\"@id\":\"https:\/\/narteks.net\/index.php\/2011\/03\/09\/yalniz-gezerin-dusleri-jean-jacques-rousseau\/#primaryimage\",\"url\":\"http:\/\/galeri.uludagsozluk.com\/24\/jean-jacques-rousseau_9628.jpg\",\"contentUrl\":\"http:\/\/galeri.uludagsozluk.com\/24\/jean-jacques-rousseau_9628.jpg\"},{\"@type\":\"BreadcrumbList\",\"@id\":\"https:\/\/narteks.net\/index.php\/2011\/03\/09\/yalniz-gezerin-dusleri-jean-jacques-rousseau\/#breadcrumb\",\"itemListElement\":[{\"@type\":\"ListItem\",\"position\":1,\"name\":\"Anasayfa\",\"item\":\"https:\/\/narteks.net\/\"},{\"@type\":\"ListItem\",\"position\":2,\"name\":\"Yaln\u0131z Gezerin D\u00fc\u015fleri | Jean-Jacques Rousseau\"}]},{\"@type\":\"WebSite\",\"@id\":\"https:\/\/narteks.net\/#website\",\"url\":\"https:\/\/narteks.net\/\",\"name\":\"narteks.net\",\"description\":\"K\u00fclt\u00fcr Sanat Edebiyat Felsefe\",\"publisher\":{\"@id\":\"https:\/\/narteks.net\/#organization\"},\"alternateName\":\"K\u00fclt\u00fcr Sanat Edebiyat Felsefe\",\"potentialAction\":[{\"@type\":\"SearchAction\",\"target\":{\"@type\":\"EntryPoint\",\"urlTemplate\":\"https:\/\/narteks.net\/?s={search_term_string}\"},\"query-input\":{\"@type\":\"PropertyValueSpecification\",\"valueRequired\":true,\"valueName\":\"search_term_string\"}}],\"inLanguage\":\"tr\"},{\"@type\":\"Organization\",\"@id\":\"https:\/\/narteks.net\/#organization\",\"name\":\"narteks.net\",\"url\":\"https:\/\/narteks.net\/\",\"logo\":{\"@type\":\"ImageObject\",\"inLanguage\":\"tr\",\"@id\":\"https:\/\/narteks.net\/#\/schema\/logo\/image\/\",\"url\":\"https:\/\/narteks.net\/wp-content\/uploads\/narteks.png\",\"contentUrl\":\"https:\/\/narteks.net\/wp-content\/uploads\/narteks.png\",\"width\":300,\"height\":90,\"caption\":\"narteks.net\"},\"image\":{\"@id\":\"https:\/\/narteks.net\/#\/schema\/logo\/image\/\"},\"sameAs\":[\"https:\/\/x.com\/narteks\",\"https:\/\/instagram.com\/narteksnet\"]},{\"@type\":\"Person\",\"@id\":\"https:\/\/narteks.net\/#\/schema\/person\/61f37d9834294b72d31d274e7ed79bca\",\"name\":\"Tar\u0131k\",\"image\":{\"@type\":\"ImageObject\",\"inLanguage\":\"tr\",\"@id\":\"https:\/\/narteks.net\/#\/schema\/person\/image\/\",\"url\":\"https:\/\/secure.gravatar.com\/avatar\/50865afb55632c4ae467e0af0930f6510aa2297d8014be502a55b14f3b7550cf?s=96&d=mm&r=g\",\"contentUrl\":\"https:\/\/secure.gravatar.com\/avatar\/50865afb55632c4ae467e0af0930f6510aa2297d8014be502a55b14f3b7550cf?s=96&d=mm&r=g\",\"caption\":\"Tar\u0131k\"},\"sameAs\":[\"http:\/\/narteks.net\"],\"url\":\"https:\/\/narteks.net\/index.php\/author\/narbak\/\"}]}<\/script>\n<!-- \/ Yoast SEO Premium plugin. -->","yoast_head_json":{"title":"Yaln\u0131z Gezerin D\u00fc\u015fleri | Jean-Jacques Rousseau - narteks.net","robots":{"index":"index","follow":"follow","max-snippet":"max-snippet:-1","max-image-preview":"max-image-preview:large","max-video-preview":"max-video-preview:-1"},"canonical":"https:\/\/narteks.net\/index.php\/2011\/03\/09\/yalniz-gezerin-dusleri-jean-jacques-rousseau\/","og_locale":"tr_TR","og_type":"article","og_title":"Yaln\u0131z Gezerin D\u00fc\u015fleri | Jean-Jacques Rousseau","og_description":"\u0130\u015fte, yery\u00fcz\u00fcnde yaln\u0131z\u0131m; kendimle ba\u015f ba\u015fay\u0131m; art\u0131k ne karde\u015fim var, ne benzerim, ne de dostum. \u0130nsanlar\u0131n en seveceni, en cana yak\u0131n\u0131, bu insanlar aras\u0131ndan s\u00f6z birli\u011fiyle \u00e7\u0131kar\u0131ld\u0131. Bunlar, d\u00fc\u015fmanl\u0131klar\u0131n\u0131 hainli\u011fin son s\u0131n\u0131r\u0131na g\u00f6t\u00fcrerek, duyarl\u0131 ruhuma hangi \u00fcz\u00fcnt\u00fcn\u00fcn daha \u00e7ok dokunabilece\u011fini ara\u015ft\u0131rd\u0131lar ve beni kendileriyle birle\u015ftiren ba\u011flar\u0131n hepsini kesip att\u0131lar. Kendileri istemeseler de, onlar\u0131 sevebilecektim; sevgimden [&hellip;]","og_url":"https:\/\/narteks.net\/index.php\/2011\/03\/09\/yalniz-gezerin-dusleri-jean-jacques-rousseau\/","og_site_name":"narteks.net","article_published_time":"2011-03-09T08:43:16+00:00","og_image":[{"url":"http:\/\/galeri.uludagsozluk.com\/24\/jean-jacques-rousseau_9628.jpg","type":"","width":"","height":""}],"author":"Tar\u0131k","twitter_card":"summary_large_image","twitter_creator":"@narteks","twitter_site":"@narteks","twitter_misc":{"Yazan:":"Tar\u0131k","Tahmini okuma s\u00fcresi":"4 dakika"},"schema":{"@context":"https:\/\/schema.org","@graph":[{"@type":"Article","@id":"https:\/\/narteks.net\/index.php\/2011\/03\/09\/yalniz-gezerin-dusleri-jean-jacques-rousseau\/#article","isPartOf":{"@id":"https:\/\/narteks.net\/index.php\/2011\/03\/09\/yalniz-gezerin-dusleri-jean-jacques-rousseau\/"},"author":{"name":"Tar\u0131k","@id":"https:\/\/narteks.net\/#\/schema\/person\/61f37d9834294b72d31d274e7ed79bca"},"headline":"Yaln\u0131z Gezerin D\u00fc\u015fleri | Jean-Jacques Rousseau","datePublished":"2011-03-09T08:43:16+00:00","mainEntityOfPage":{"@id":"https:\/\/narteks.net\/index.php\/2011\/03\/09\/yalniz-gezerin-dusleri-jean-jacques-rousseau\/"},"wordCount":725,"commentCount":0,"publisher":{"@id":"https:\/\/narteks.net\/#organization"},"image":{"@id":"https:\/\/narteks.net\/index.php\/2011\/03\/09\/yalniz-gezerin-dusleri-jean-jacques-rousseau\/#primaryimage"},"thumbnailUrl":"http:\/\/galeri.uludagsozluk.com\/24\/jean-jacques-rousseau_9628.jpg","articleSection":["Felsefe (Genel)"],"inLanguage":"tr","potentialAction":[{"@type":"CommentAction","name":"Comment","target":["https:\/\/narteks.net\/index.php\/2011\/03\/09\/yalniz-gezerin-dusleri-jean-jacques-rousseau\/#respond"]}]},{"@type":"WebPage","@id":"https:\/\/narteks.net\/index.php\/2011\/03\/09\/yalniz-gezerin-dusleri-jean-jacques-rousseau\/","url":"https:\/\/narteks.net\/index.php\/2011\/03\/09\/yalniz-gezerin-dusleri-jean-jacques-rousseau\/","name":"Yaln\u0131z Gezerin D\u00fc\u015fleri | Jean-Jacques Rousseau - narteks.net","isPartOf":{"@id":"https:\/\/narteks.net\/#website"},"primaryImageOfPage":{"@id":"https:\/\/narteks.net\/index.php\/2011\/03\/09\/yalniz-gezerin-dusleri-jean-jacques-rousseau\/#primaryimage"},"image":{"@id":"https:\/\/narteks.net\/index.php\/2011\/03\/09\/yalniz-gezerin-dusleri-jean-jacques-rousseau\/#primaryimage"},"thumbnailUrl":"http:\/\/galeri.uludagsozluk.com\/24\/jean-jacques-rousseau_9628.jpg","datePublished":"2011-03-09T08:43:16+00:00","breadcrumb":{"@id":"https:\/\/narteks.net\/index.php\/2011\/03\/09\/yalniz-gezerin-dusleri-jean-jacques-rousseau\/#breadcrumb"},"inLanguage":"tr","potentialAction":[{"@type":"ReadAction","target":["https:\/\/narteks.net\/index.php\/2011\/03\/09\/yalniz-gezerin-dusleri-jean-jacques-rousseau\/"]}]},{"@type":"ImageObject","inLanguage":"tr","@id":"https:\/\/narteks.net\/index.php\/2011\/03\/09\/yalniz-gezerin-dusleri-jean-jacques-rousseau\/#primaryimage","url":"http:\/\/galeri.uludagsozluk.com\/24\/jean-jacques-rousseau_9628.jpg","contentUrl":"http:\/\/galeri.uludagsozluk.com\/24\/jean-jacques-rousseau_9628.jpg"},{"@type":"BreadcrumbList","@id":"https:\/\/narteks.net\/index.php\/2011\/03\/09\/yalniz-gezerin-dusleri-jean-jacques-rousseau\/#breadcrumb","itemListElement":[{"@type":"ListItem","position":1,"name":"Anasayfa","item":"https:\/\/narteks.net\/"},{"@type":"ListItem","position":2,"name":"Yaln\u0131z Gezerin D\u00fc\u015fleri | Jean-Jacques Rousseau"}]},{"@type":"WebSite","@id":"https:\/\/narteks.net\/#website","url":"https:\/\/narteks.net\/","name":"narteks.net","description":"K\u00fclt\u00fcr Sanat Edebiyat Felsefe","publisher":{"@id":"https:\/\/narteks.net\/#organization"},"alternateName":"K\u00fclt\u00fcr Sanat Edebiyat Felsefe","potentialAction":[{"@type":"SearchAction","target":{"@type":"EntryPoint","urlTemplate":"https:\/\/narteks.net\/?s={search_term_string}"},"query-input":{"@type":"PropertyValueSpecification","valueRequired":true,"valueName":"search_term_string"}}],"inLanguage":"tr"},{"@type":"Organization","@id":"https:\/\/narteks.net\/#organization","name":"narteks.net","url":"https:\/\/narteks.net\/","logo":{"@type":"ImageObject","inLanguage":"tr","@id":"https:\/\/narteks.net\/#\/schema\/logo\/image\/","url":"https:\/\/narteks.net\/wp-content\/uploads\/narteks.png","contentUrl":"https:\/\/narteks.net\/wp-content\/uploads\/narteks.png","width":300,"height":90,"caption":"narteks.net"},"image":{"@id":"https:\/\/narteks.net\/#\/schema\/logo\/image\/"},"sameAs":["https:\/\/x.com\/narteks","https:\/\/instagram.com\/narteksnet"]},{"@type":"Person","@id":"https:\/\/narteks.net\/#\/schema\/person\/61f37d9834294b72d31d274e7ed79bca","name":"Tar\u0131k","image":{"@type":"ImageObject","inLanguage":"tr","@id":"https:\/\/narteks.net\/#\/schema\/person\/image\/","url":"https:\/\/secure.gravatar.com\/avatar\/50865afb55632c4ae467e0af0930f6510aa2297d8014be502a55b14f3b7550cf?s=96&d=mm&r=g","contentUrl":"https:\/\/secure.gravatar.com\/avatar\/50865afb55632c4ae467e0af0930f6510aa2297d8014be502a55b14f3b7550cf?s=96&d=mm&r=g","caption":"Tar\u0131k"},"sameAs":["http:\/\/narteks.net"],"url":"https:\/\/narteks.net\/index.php\/author\/narbak\/"}]}},"_links":{"self":[{"href":"https:\/\/narteks.net\/index.php\/wp-json\/wp\/v2\/posts\/5812","targetHints":{"allow":["GET"]}}],"collection":[{"href":"https:\/\/narteks.net\/index.php\/wp-json\/wp\/v2\/posts"}],"about":[{"href":"https:\/\/narteks.net\/index.php\/wp-json\/wp\/v2\/types\/post"}],"author":[{"embeddable":true,"href":"https:\/\/narteks.net\/index.php\/wp-json\/wp\/v2\/users\/1"}],"replies":[{"embeddable":true,"href":"https:\/\/narteks.net\/index.php\/wp-json\/wp\/v2\/comments?post=5812"}],"version-history":[{"count":0,"href":"https:\/\/narteks.net\/index.php\/wp-json\/wp\/v2\/posts\/5812\/revisions"}],"wp:attachment":[{"href":"https:\/\/narteks.net\/index.php\/wp-json\/wp\/v2\/media?parent=5812"}],"wp:term":[{"taxonomy":"category","embeddable":true,"href":"https:\/\/narteks.net\/index.php\/wp-json\/wp\/v2\/categories?post=5812"},{"taxonomy":"post_tag","embeddable":true,"href":"https:\/\/narteks.net\/index.php\/wp-json\/wp\/v2\/tags?post=5812"}],"curies":[{"name":"wp","href":"https:\/\/api.w.org\/{rel}","templated":true}]}}