{"id":5830,"date":"2011-03-10T14:09:49","date_gmt":"2011-03-10T11:09:49","guid":{"rendered":"http:\/\/localhost\/wordpress\/2011\/03\/10\/anti-duhring-ekonomi-politik-elestirel-tarih-uzerine-2bolum-friedrich-engels\/"},"modified":"2011-03-10T14:09:49","modified_gmt":"2011-03-10T11:09:49","slug":"anti-duhring-ekonomi-politik-elestirel-tarih-uzerine-2bolum-friedrich-engels","status":"publish","type":"post","link":"https:\/\/narteks.net\/index.php\/2011\/03\/10\/anti-duhring-ekonomi-politik-elestirel-tarih-uzerine-2bolum-friedrich-engels\/","title":{"rendered":"Anti-D\u00fchring &#8211; Ekonomi Politik | Ele\u015ftirel Tarih \u00dczerine (2.B\u00f6l\u00fcm) &#8211; Friedrich Engels"},"content":{"rendered":"<p style=\"text-align: justify;\"><img loading=\"lazy\" decoding=\"async\" src=\"images\/stories\/antiduhring.jpg\" border=\"0\" width=\"155\" height=\"205\" style=\"float: left; border: 0;\" \/>\u0130ktisat\u00e7\u0131 olarak ku\u015fkusuz sayg\u0131de\u011fer olan Hume&#8217;u, \u00f6nemi ge\u00e7mi\u015fte yaln\u0131zca bay D\u00fchring&#8217;in &#8220;\u00e7a\u011f\u0131 i\u00e7in kesin \u00f6nem ta\u015f\u0131yan&#8221; ba\u015far\u0131lar\u0131 \u00fczerinde de \u00f6ylesine direngenlikle susan o k\u0131skan\u00e7l\u0131k taraf\u0131ndan bilinmezlikten gelinebilmi\u015f birinci s\u0131n\u0131f bir iktisat y\u0131ld\u0131z\u0131 durumuna getirilecek kadar \u015fi\u015firilmi\u015f g\u00f6rmemizin nedeni, i\u015fte bu.[85*] (sayfa: 349)<br \/> Bilindi\u011fi gibi fizyokratik okul, bize Quesnay&#8217;nin Tableau \u00e9conomique&#8217;i ile \u015eimdiye de\u011fin iktisat ele\u015ftirici ve tarih\u00e7ilerinin bo\u015f yere kafa patlatt\u0131klan bir bilmece b\u0131rakm\u0131\u015ft\u0131r. Bir \u00fclkenin t\u00fcm zenginli\u011finin \u00fcretim ve dola\u015f\u0131m\u0131n fizyokratik anlay\u0131\u015f\u0131n\u0131 ortaya koyacak olan bu tablo, daha sonraki iktisat\u00e7ilar i\u00e7in olduk\u00e7a karanl\u0131k kald\u0131. Burada da bay D\u00fchring, bizi kesin olarak ayd\u0131nlatacakt\u0131r. &#8220;\u00dcretim ve b\u00f6l\u00fc\u015f\u00fcm ili\u015fkilerinin bu ekonomik imgesinin Quesnay&#8217;de ne anlamagelece\u011fi&#8221; der, ancak &#8220;daha \u00f6nce ona \u00f6zg\u00fc bulunan temel fikirler adamak\u0131ll\u0131 irdelenirse&#8221; a\u00e7\u0131klanabilir.<br \/> Ve bu fikirler, \u015fimdiye de\u011fin ancak &#8220;karars\u0131z bir belirsizlik&#8221; ile sunulmu\u015f bulunduklar\u0131 ve Adam Smith&#8217;te bile bunlar\u0131n &#8220;ana \u00e7izgileri tan\u0131namayacak bir durumda&#8221; oldu\u011fu i\u00e7in, bu irdeleme i\u015fi \u00e7ok gerekli bir \u015feydir. O da bu nedenle be\u015f koca sayfa, i\u00e7lerinde her t\u00fcrl\u00fc cafcafl\u0131 s\u00f6zler, s\u00fcrekli yinelemeler ve hesapl\u0131 bir d\u00fczensizli\u011fin, bay D\u00fchring&#8217;in Quesnay&#8217;nin &#8220;temel fikirleri&#8221; \u00fczerine ancak ve ancak yetersizlikleri (sayfa: 350) konusunda herkesi uyarmaktan vazge\u00e7medi\u011fi &#8220;en basit okul kitaplar\u0131nda&#8221; bulunabilece\u011fi denli bir \u015fey bildi\u011fi u\u011fursuz ger\u00e7e\u011fini saklamaya \u00e7al\u0131\u015facaklar\u0131 be\u015f sayfa boyunca okuruna ders verir. Hen\u00fcz yaln\u0131zca ad\u0131 bilinen Tableau&#8217;nun, ge\u00e7erken \u015f\u00f6yle bir koklanm\u0131\u015f oldu\u011funu, ondan sonra \u00f6rne\u011fin &#8220;i\u015fe ba\u015flama ile sonu\u00e7 aras\u0131ndaki ayr\u0131m&#8221; gibi t\u00fcrl\u00fc-\u00e7e\u015fitli &#8220;derin d\u00fc\u015f\u00fcnceler&#8221; i\u00e7ine dal\u0131nd\u0131\u011f\u0131n\u0131 g\u00f6rmek, bu giri\u015fin &#8220;en sancal\u0131 y\u00f6nlerinden&#8221; biridir. Her ne denli &#8220;bu ayr\u0131m Quesnay&#8217;nin d\u00fc\u015f\u00fcncelerinde kesin bir bi\u00e7im alt\u0131nda bulunamaz&#8221;sa da, buna kar\u015f\u0131l\u0131k bay D\u00fchring, uzun bir giri\u015f bi\u00e7imi alt\u0131ndaki &#8220;i\u015fe ba\u015flama&#8221;s\u0131ndan, tuhaf bir bi\u00e7imdeki k\u0131sa soluklu &#8220;sonu\u00e7&#8221;una, yani Tableau&#8217;nun a\u00e7\u0131klamas\u0131na ge\u00e7ti\u011fi anda, bunun \u015fim\u015fek \u00e7akt\u0131ran bir \u00f6rne\u011fini verecektir. \u00d6yleyse, Quesnay&#8217;nin Tableau&#8217;su \u00fczerine bay D\u00fchring&#8217;in s\u00f6ylemeyi uygun buldu\u011fu \u015feyin hepsini, ama s\u00f6zc\u00fc\u011f\u00fc s\u00f6zc\u00fc\u011f\u00fcne hepsini verelim:<br \/> &#8220;\u0130\u015fe ba\u015flama&#8221;s\u0131nda bay D\u00fchring, \u015f\u00f6yle der:<br \/> &#8220;Gelirin [bay D\u00fchring az \u00f6nce net \u00fcr\u00fcnden s\u00f6zediyordu] para bi\u00e7iminde bir de\u011fer olarak al\u0131n\u0131p i\u015flenmesi gere\u011fi, ona [Quesnay&#8217;ye] apa\u00e7\u0131k bir \u015fey g\u00f6r\u00fcn\u00fcyordu. &#8230; O d\u00fc\u015f\u00fcncelerini hemen, b\u00fct\u00fcn tar\u0131msal \u00fcr\u00fcnlerin ilk elin d\u0131\u015f\u0131na \u00e7\u0131k\u0131\u015flar\u0131 s\u0131ras\u0131ndaki sat\u0131\u015f sonu\u00e7lan olarak varsayd\u0131\u011f\u0131 para bi\u00e7imindeki de\u011ferlereba\u011flar [!]. Birka\u00e7 milyar (yani para bi\u00e7imindeki de\u011ferleri ile, tablosunun s\u00fctunlar\u0131nda i\u015fte bu bi\u00e7imde [!] i\u015flem yapar.<br \/> B\u00f6ylece Quesnay&#8217;nin Tableau&#8217;da, &#8220;net \u00fcr\u00fcn&#8221; ya da &#8220;net gelir&#8221; de\u011ferleri dahil, &#8220;tar\u0131msal \u00fcr\u00fcnler&#8221;in &#8220;para bi\u00e7imindeki de\u011ferleri&#8221; ile i\u015flem yapt\u0131\u011f\u0131n\u0131 \u00fc\u00e7 kez \u00f6\u011frenmi\u015f bulunuyoruz. Daha ilerde \u015f\u00f6yle okunabilir:<br \/> &#8220;E\u011fer Quesnay bir ger\u00e7ekten do\u011fal g\u00f6rme bi\u00e7imi yolunu tutmu\u015f ve yaln\u0131zca de\u011ferli madenler ile para niceli\u011fini de\u011fil ama para bi\u00e7imindeki de\u011ferleri de g\u00f6z \u00f6n\u00fcnde tutmaktan kurtulmu\u015f olayd\u0131. &#8230; Ama b\u00f6ylece o salt de\u011fer tutarlar\u0131 ile hesap yapar ve net \u00fcr\u00fcn\u00fc a priori para bi\u00e7iminde bir de\u011fer olarak tasarlar [!]&#8221;.<br \/> \u00d6yleyse, d\u00f6rd\u00fcnc\u00fc ve be\u015finci kez olarak: Tableau&#8217;da (sayfa: 351) yaln\u0131zca para bi\u00e7iminde de\u011ferler vard\u0131r!<br \/> &#8220;O [Quesnay] bunu [net \u00fcr\u00fcn] harcamalar\u0131 \u00e7\u0131kartarak ve \u00f6zsel olarak [i\u015fte geleneksel olmayan ama bir o denli kolay olan bir \u00f6zet] toprak sahibine rant olarak d\u00fc\u015fen bu de\u011feri d\u00fc\u015f\u00fcnerek [!] elde etmi\u015ftir.&#8221;<br \/> H\u00e2l\u00e2 bir ad\u0131m bile ilerlemi\u015f de\u011filiz; ama \u015fimdi ilerleyece\u011fiz:<br \/> &#8220;\u00d6te yandan net \u00fcr\u00fcn, \u015fimdi de [bu &#8220;\u015fimdi de&#8221; bir inci!] do\u011fal nesne olarak dola\u015f\u0131ma girer ve b\u00f6ylece &#8230; k\u0131s\u0131r olarak adland\u0131r\u0131lan s\u0131n\u0131f\u0131n gereksinmelerini kar\u015f\u0131lamaya yarar. Burada, d\u00fc\u015f\u00fcncenin gidi\u015fini belirleyen \u015feyin bir durumda para bi\u00e7imindeki de\u011fer, \u00f6teki durumda ise \u015feyin kendisi olmas\u0131ndan do\u011fan kar\u0131\u015f\u0131kl\u0131k hemen [!] g\u00f6r\u00fclebilir.&#8221;<br \/> Bu metalar\u0131n dola\u015f\u0131ma ayn\u0131 zamanda hem &#8220;do\u011fal nesne&#8221;, hem de &#8220;para bi\u00e7iminde de\u011fer&#8221; olarak girmeleri &#8220;kar\u0131\u015f\u0131kl\u0131\u011f\u0131&#8221;na, g\u00f6r\u00fcn\u00fc\u015fe bak\u0131l\u0131rsa, genel olarak her meta dola\u015f\u0131m\u0131 katlan\u0131r. Ama &#8220;para bi\u00e7imindeki de\u011ferler&#8221; \u00e7evresinde durmadan bo\u015funa d\u00f6n\u00fcyoruz, \u00e7\u00fcnk\u00fc &#8220;Quesnay, ekonomik de\u011ferin ikili bir de\u011ferlendirmesinden ka\u00e7\u0131nmak ister&#8221;.<br \/> Bay D\u00fchring bizi ba\u011f\u0131\u015flas\u0131n: A\u015fa\u011f\u0131da, Quesnay&#8217;nin tablosunun &#8220;\u00e7\u00f6z\u00fcmleme&#8221;sinde,[86*] &#8220;do\u011fal nesneler&#8221; olarak \u00e7e\u015fitli t\u00fcrdeki \u00fcr\u00fcnler, yukarda, Tableau&#8217;nun kendisinde, bunlar\u0131n para bi\u00e7imindeki de\u011ferleri yer al\u0131r. Daha sonra Quesnay, yard\u0131mc\u0131s\u0131 rahip Baudeau[87*] eliyle, hatta do\u011fal nesneleri tabloda do\u011frudan do\u011fruya onlar\u0131n para bi\u00e7imindeki de\u011ferlerinin yan\u0131na yazd\u0131rm\u0131\u015ft\u0131r. [88*] (sayfa: 352)<br \/> Bunca &#8220;i\u015fe ba\u015flama&#8221;dan sonra, ensonu &#8220;sonu\u00e7&#8221;. Dinleyin, yi\u011fit ki\u015filer:<br \/> . &#8220;Bununla birlikte [Quesnay taraf\u0131ndan toprak sahiplerine y\u00fcklenilen role g\u00f6re] tutars\u0131zl\u0131k, rant olarak sahiplenilen net \u00fcr\u00fcn\u00fcn ekonomik dola\u015f\u0131mda neoldu\u011fu sorulur sorulmaz, hemen ortaya \u00e7\u0131kar. Fizyokratik fikirleri ve Tableau \u00e9conomique&#8217;i, yaln\u0131zca bir kar\u0131\u015f\u0131kl\u0131k ve mistisizme kadar g\u00f6t\u00fcr\u00fclm\u00fc\u015f bir keyfi tutum a\u00e7\u0131klar.&#8221;<br \/> Siz i\u015fin sonuna bak\u0131n. Demek ki bay D\u00fchring, &#8220;rant olarak sahiplenilen net \u00fcr\u00fcn\u00fcn (Tableau&#8217;nun g\u00f6sterdi\u011fi) ekonomik dola\u015f\u0131mda ne oldu\u011fu&#8221;nu bilmiyor.<br \/> Tableau, ona g\u00f6re, &#8220;d\u00f6rt k\u00f6\u015feli daire&#8221;dir. Fizyokrasinin alfabesini anlamad\u0131\u011f\u0131n\u0131 itiraf eder. S\u00f6z\u00fc a\u011fz\u0131nda geveledikten , havanda su d\u00f6vd\u00fckten, sola sa\u011fa s\u0131\u00e7rad\u0131ktan sonra, sersemletici zevzekliklere, \u00f6yk\u00fclere, oyalamalara, yinelemelere ve \u00fc\u00e7ka\u011f\u0131t\u00e7\u0131l\u0131klara at\u0131ld\u0131ktan sonra bizi &#8220;Quesnay&#8217;nin Tableau&#8217;sunun anlam\u0131&#8221; \u00fczerindeki korkun\u00e7 a\u00e7\u0131klamaya haz\u0131rlamaktan ba\u015fka hi\u00e7bir amac\u0131 olmayan b\u00fct\u00fcn bu oyundan sonra, \u2014 t\u00fcm bunlar\u0131n sonucu olarak bay D\u00fchring, utan\u0131lacak \u015fekilde bu konuda hi\u00e7bir \u015fey bilmedi\u011fini itiraf eder.<br \/> Bu ac\u0131 gizden, Horatius&#8217;un dedi\u011fi gibi, fizyokratlar \u00fclkesinde at\u0131n\u0131n terkisinde gezdirdi\u011fi bu kara kayg\u0131dan bir kez kurtulduktan sonra, &#8220;ciddi ve ince d\u00fc\u015f\u00fcn\u00fcr&#8221;\u00fcm\u00fcz zurnas\u0131n\u0131 ne\u015fe ile yeni ba\u015ftan a\u011fz\u0131na al\u0131r: &#8220;Quesnay&#8217;nin asl\u0131nda olduk\u00e7a yal\u0131n olan [!] Tableau&#8217;sunda her y\u00f6ne [topu topu alt\u0131 y\u00f6n!] \u00e7izdi\u011fi ve net \u00fcr\u00fcn\u00fcn dola\u015f\u0131m\u0131n\u0131 g\u00f6stermeleri gereken \u00e7izgiler&#8221;, &#8220;S\u00fctunlar\u0131n bu garip ba\u011fda\u015f\u0131m\u0131na&#8221; matematik bir mucizenin kar\u0131\u015f\u0131p kar\u0131md\u0131\u011f\u0131n\u0131 sormaya g\u00f6t\u00fcr\u00fcr ve Quesnay&#8217;nin d\u00f6rt k\u00f6\u015feli daire ile u\u011fra\u015ft\u0131\u011f\u0131n\u0131 hat\u0131rlat\u0131r, vb.. Bu \u00e7izgiler, b\u00fct\u00fcn yal\u0131nl\u0131klar\u0131na kar\u015f\u0131n, bay D\u00fchring i\u00e7in kendi \u00f6z itirafina g\u00f6re anla\u015f\u0131lmaz \u015feyler olarak kald\u0131klar\u0131ndan, onlar\u0131 bilinen davran\u0131\u015f\u0131na g\u00f6re, sayg\u0131nl\u0131ktan d\u00fc\u015f\u00fcrmek zorundad\u0131r; bundan sonra cans\u0131k\u0131c\u0131 Tableau&#8217;ya \u00f6l\u00fcm vuru\u015funu korkusuzca (sayfa: 353)en sak\u0131ncal\u0131 y\u00f6n\u00fc alt\u0131nda g\u00f6z \u00f6n\u00fcnde tutarak&#8221; vb., Tableau \u00e9conomique&#8217;den, orada yer alan net \u00fcr\u00fcn taraf\u0131ndan oynanan rolden hi\u00e7bir \u015fey anlamad\u0131\u011f\u0131n\u0131n zoraki itiraf\u0131, \u2014 i\u015fte bay D\u00fchring&#8217;in &#8220;net \u00fcr\u00fcn\u00fcn\u00fcn en sak\u0131ncal\u0131 y\u00f6n\u00fc&#8221; dedi\u011fi \u015fey, bu! Ne i\u00e7 karart\u0131c\u0131 mizah.[89*]<br \/> Ama, Quesnay&#8217;nin Tableau&#8217;su konusunda okurlar\u0131m\u0131z\u0131n, iktisat bilgilerini &#8220;ilk el&#8221;den bay D\u00fchring&#8217;den alan kimselerin zorunlu olarak i\u00e7ine d\u00fc\u015ft\u00fckleri o korkun\u00e7 karars\u0131zl\u0131k i\u00e7inde kalmamalar\u0131 i\u00e7in, k\u0131saca birka\u00e7 bilgi verelim.[90*]<br \/> Bilinir ki fizyokratlarda toplum \u00fc\u00e7 s\u0131n\u0131fa b\u00f6l\u00fcn\u00fcr: l\u00b0 \u00dcretken, yani tar\u0131mdaki etkinli\u011fi ger\u00e7ek olan s\u0131n\u0131f, \u00e7iftlik kirac\u0131lar\u0131 ve tar\u0131m i\u015f\u00e7ileri; bunlara, emekleri bir fazlal\u0131k, yani rant b\u0131rakt\u0131\u011f\u0131 i\u00e7in \u00fcretken ad\u0131 verilir; 2\u00b0 Bu fazlal\u0131\u011f\u0131 sahiplenen ve hizmetkarlar\u0131 ile birlikte toprak sahiplerini kapsayan s\u0131n\u0131f; genel olarak paralar\u0131 devlet taraf\u0131ndan \u00f6denen memurlar ile birlikte prens ve ensonu, \u00f6\u015f\u00fcr\u00fc sahiplenen kurul niteli\u011fiyle Kilise. K\u0131saltmak i\u00e7in, bundan sonra birinci s\u0131n\u0131f\u0131 yaln\u0131zca &#8220;\u00e7iftlik kirac\u0131lar\u0131&#8221;, ikinci s\u0131n\u0131f\u0131 da &#8220;toprak sahipleri&#8221; olarak adland\u0131raca\u011f\u0131z; 3\u00b0 Sanayici ya da k\u0131s\u0131r s\u0131n\u0131f, \u2014 fizyokratlar\u0131n kan\u0131s\u0131na g\u00f6re, \u00fcretken s\u0131n\u0131f taraf\u0131ndan sa\u011flanan ilkel maddelere, tastamam bu maddelerden ge\u00e7im ara\u00e7lar\u0131 bi\u00e7imi alt\u0131nda t\u00fcketti\u011fi kadar de\u011fer ekledi\u011fi i\u00e7in k\u0131s\u0131r. B\u00f6ylece Quesnay&#8217;nin Tableau&#8217;su, bir \u00fclkenin (ger\u00e7ekte Fransa&#8217;n\u0131n) t\u00fcm y\u0131ll\u0131k \u00fcr\u00fcn\u00fcn\u00fcn bu \u00fc\u00e7 s\u0131n\u0131f aras\u0131ndaki dola\u015f\u0131m ve y\u0131ll\u0131k yeniden-\u00fcretime hizmet etme bi\u00e7mini g\u00f6sterecektir.<br \/> Tableau&#8217;nun Normandie, Picardie, Ile-de-France ve ba\u015fka birka\u00e7 Frans\u0131z ilinin \u00f6rnek hizmeti g\u00f6rd\u00fc\u011f\u00fc ilk varsay\u0131m\u0131, topra\u011f\u0131n kiralanmas\u0131 sisteminin ve onunla birlikte Quesnay \u00e7a\u011f\u0131ndaki anlam\u0131yla b\u00fcy\u00fck tar\u0131m\u0131n, genel olarak yayg\u0131nla\u015fm\u0131\u015f olmas\u0131d\u0131r. Bunun sonucu, \u00e7iftlik kirac\u0131s\u0131 tar\u0131m\u0131n ger\u00e7ek y\u00f6neticisi olarak g\u00f6r\u00fcn\u00fcr, Tableau&#8217;da t\u00fcm \u00fcretken (tar\u0131m yapan) s\u0131n\u0131f\u0131 temsil eder ve toprak sahibine para olarak bir rant \u00f6der. \u00c7iftlik kirac\u0131lar\u0131n\u0131n t\u00fcm\u00fc, ad\u0131 ge\u00e7en illerin (sayfa: 354) en iyi i\u015flenen \u00e7iftliklerinin bir kez daha belirleyici olduklar, bir tahmin uyar\u0131nca, kendine be\u015fte-biri, yani 2 milyar\u0131 her y\u0131l yenilenecek i\u015fletme fonu olan 10 milyar liral\u0131k bir avans ayr\u0131ld\u0131\u011f\u0131n\u0131 g\u00f6r\u00fcr.<br \/> \u00d6teki varsay\u0131mlar: l\u00b0 Yal\u0131nl\u0131k nedeniyle fiyatlar de\u011fi\u015fmez ve yeniden-\u00fcretim yal\u0131n (basit) yeniden-\u00fcretim olacak; 2\u00b0 Herhangi bir s\u0131n\u0131f i\u00e7inde olu\u015fan dola\u015f\u0131m d\u0131\u015ftalanacak ve yaln\u0131zca s\u0131n\u0131ftan s\u0131n\u0131fa olan dola\u015f\u0131m g\u00f6z\u00f6n\u00fcnde tutulacak; 3\u00b0 \u0130\u015fletme y\u0131l\u0131 i\u00e7inde s\u0131n\u0131ftan s\u0131n\u0131fa olan b\u00fct\u00fcn al\u0131m ve sat\u0131mlar tek bir toplam olarak toplanacak. Son olarak Quesnay \u00e7a\u011f\u0131nda, a\u015fa\u011f\u0131 yukar\u0131 b\u00fct\u00fcn Avrupa&#8217;da oldu\u011fu gibi Fransa&#8217;da da k\u00f6yl\u00fc ailesine \u00f6zg\u00fc ev sanayisinin, beslenme gereksinmeleri d\u0131\u015f\u0131nda kalan gereksinmelerinin de en \u00f6nemli b\u00f6l\u00fcm\u00fcn\u00fc fazlas\u0131yla sa\u011flad\u0131\u011f\u0131 ve bu nedenle burada tar\u0131m\u0131n normal tamamlay\u0131c\u0131s\u0131 olarak varsay\u0131ld\u0131\u011f\u0131 an\u0131msanacakt\u0131r.<br \/> Tableau&#8217;nun hareket noktas\u0131 t\u00fcm rekolte, bu nedenle en yukarda yer alan topra\u011f\u0131n y\u0131ll\u0131k meyvelerinin br\u00fct \u00fcr\u00fcn\u00fc ya da \u00fclkenin, yani bu durumda Fransa&#8217;n\u0131n, &#8220;toplam yeniden \u00fcretimi&#8221;dir. Bu br\u00fct \u00fcr\u00fcn\u00fcn de\u011fer b\u00fcy\u00fckl\u00fc\u011f\u00fc, toprak \u00fcr\u00fcnlerinin tecimen uluslardaki ortalama fiyatlar\u0131na g\u00f6re tahmin edilmi\u015ftir. Bu b\u00fcy\u00fckl\u00fck, o \u00e7a\u011f\u0131n olanakl\u0131 olan istatistik de\u011ferlendirmelerine g\u00f6re, Fransa&#8217;da br\u00fct tar\u0131m \u00fcr\u00fcn\u00fcn\u00fcn para olarak de\u011ferini a\u015fa\u011f\u0131 yukar\u0131 yans\u0131tan bir tutar olan be\u015f milyar liraya y\u00fckselir. Quesnay&#8217;nin Tableau&#8217;sunda be\u015f tournois liras\u0131yla de\u011fil de &#8220;birka\u00e7 milyar ile&#8221;, bilindi\u011fi gibi be\u015f milyar ile &#8220;i\u015flem&#8221; yapmas\u0131n\u0131n nedeni, asl\u0131nda i\u015fte budur.<br \/> Be\u015f milyarlk bir de\u011ferdeki toplam br\u00fct \u00fcr\u00fcn, demek ki \u00fcretken s\u0131n\u0131f\u0131n, yani en ba\u015fta onu on milyarl\u0131k bir avansa kar\u015f\u0131l\u0131k d\u00fc\u015fen iki milyarlik bir i\u015fletme fonu harcayarak \u00fcreten \u00e7iftlik kirac\u0131lar\u0131n\u0131n elinde bulunur. \u0130\u015fletme fonunun yenilenmesi, o halde tar\u0131mda do\u011frudan do\u011fruya \u00e7al\u0131\u015fan kimselerin bak\u0131mi i\u00e7in de zorunlu tar\u0131msal \u00fcr\u00fcnler, a\u015fl\u0131k, hammaddeler vb., toplam rekolteden mal olarak al\u0131n\u0131r ve yeni tar\u0131msal \u00fcretim i\u00e7in harcan\u0131r. Bir kez saptanm\u0131\u015f \u00f6l\u00e7ek i\u00e7inde, s\u00f6ylemi\u015f bulundu\u011fumuz gibi, de\u011fi\u015fmez fiyatlar ve yal\u0131n bir yeniden \u00fcretim varsay\u0131ld\u0131\u011f\u0131ndan, br\u00fct \u00fcr\u00fcn \u00fczerinden al\u0131nan (sayfa: 355) bu par\u00e7an\u0131n para olarak de\u011feri iki milyar liraya e\u015fittir. \u00d6yleyse bu par\u00e7a, genel dola\u015f\u0131ma girmez. \u00c7\u00fcnk\u00fc, daha \u00f6nce belirtildi\u011fi gibi dola\u015f\u0131m, \u00e7e\u015fitli s\u0131n\u0131flar aras\u0131nda de\u011fil de her s\u0131n\u0131f\u0131n kendi s\u0131n\u0131rlar\u0131 i\u00e7inde olu\u015ftu\u011fu \u00f6l\u00e7\u00fcde, Tableau&#8217;dan d\u0131\u015ftalanm\u0131\u015ft\u0131r.<br \/> \u0130\u015fletme fonunun br\u00fct \u00fcr\u00fcn yard\u0131m\u0131 ile yenilenmesinden sonra, geriye iki milyar\u0131 yiyecek maddeleri ve bir milyar\u0131 da hammaddeler bi\u00e7iminde \u00fc\u00e7 milyarl\u0131k bir art\u0131k kal\u0131r. Ama \u00e7iftlik kirac\u0131lar\u0131n\u0131n toprak sahiplerine \u00f6demek zorunda olduklar\u0131 rant, bunun ancak \u00fc\u00e7te-ikisine, yani iki milyara de\u011fin y\u00fckselebilir. Bu iki milyar\u0131n neden tek ba\u015f\u0131na &#8220;net \u00fcr\u00fcn&#8221; ya da &#8220;net gelir&#8221; ba\u015fl\u0131\u011f\u0131 alt\u0131nda yer ald\u0131\u011f\u0131n\u0131 birazdan g\u00f6rece\u011fiz.<br \/> Tar\u0131m\u0131n \u00fc\u00e7 milyar\u0131 genel dola\u015f\u0131ma giren be\u015f milyarl\u0131k bir de\u011fer tutar\u0131ndaki &#8220;toplam yeniden-\u00fcretim&#8221;inden ba\u015fka ulusun t\u00fcm &#8220;k\u00fc\u00e7\u00fck tasarruf&#8221;unu olu\u015fturan iki milyar tutar\u0131nda bir serbest (likit) para da \u00e7iftlik kirac\u0131lar\u0131n\u0131n elinde bulunur.<br \/> Bu i\u015fin nedeni de \u015fu:<br \/> &#8216;nun hareket noktas\u0131 toplam \u00fcr\u00fcn oldu\u011fu i\u00e7in, bu hareket noktas\u0131, ayn\u0131 zamanda bir ekonomik y\u0131l\u0131n, \u00f6rne\u011fin kendisinden sonra yeni bir ekonomik y\u0131l\u0131n ba\u015flad\u0131\u011f\u0131 1758 y\u0131l\u0131n\u0131n var\u0131\u015f noktas\u0131n\u0131 da olu\u015fturur. Bu yeni 1759 y\u0131l\u0131 boyunca, br\u00fct \u00fcr\u00fcn\u00fcn dola\u015f\u0131ma ayr\u0131lm\u0131\u015f par\u00e7as\u0131, bir dizi tek tek \u00f6demeler, al\u0131mlar ve sat\u0131mlar arac\u0131yla, \u00f6teki iki s\u0131n\u0131f aras\u0131nda b\u00f6l\u00fc\u015f\u00fcl\u00fcr. Bu birbiri ard\u0131na gelen de\u011fn\u0131k ve b\u00fct\u00fcn bir y\u0131l \u00fczerine yay\u0131lan hareket \u2014Tableau i\u00e7in herhalde olmas\u0131 gerekti\u011fi gibi\u2014, gene de her biri bir tek kezde y\u0131l\u0131n tamam\u0131n\u0131 kaplayan birka\u00e7 belirtici eylem bi\u00e7iminde yo\u011funla\u015f\u0131rlar. B\u00f6ylelikle 1758 y\u0131l\u0131 sonunda, \u00e7iftlik kirac\u0131lar\u0131 s\u0131n\u0131f\u0131n\u0131n 1757 y\u0131l\u0131 i\u00e7in toprak sahiplerine rant bi\u00e7imi alt\u0131nda \u00f6demi\u015f oldu\u011fu para, gene ona geri d\u00f6ner (Tableau, bunun nas\u0131l oldu\u011funu g\u00f6sterecektir) ve b\u00f6ylece 1759&#8217;da bu iki milyar, yeniden dola\u015f\u0131ma sokulabilir. Ne var ki bu tutar, Quesnay&#8217;nin de belirtti\u011fi gibi, asl\u0131nda \u00f6demelerin s\u00fcrekli olarak k\u00fc\u00e7\u00fck par\u00e7alar bi\u00e7iminde yinelendi\u011fi \u00fclkenin (Fransa), ger\u00e7ekte toplam dola\u015f\u0131m\u0131 bak\u0131m\u0131ndan gerekli olandan \u00e7ok daha b\u00fcy\u00fck oldu\u011fu i\u00e7in, \u00e7iftlik kirac\u0131lar\u0131n\u0131n elinde bulunan iki milyar lira, ulus (sayfa: 356) i\u00e7inde dola\u015fan paran\u0131n toplam tutar\u0131n\u0131 temsil eder.<br \/> Rant\u0131 cebine indiren toprak sahipleri s\u0131n\u0131f\u0131 \u00f6nce, b\u00fcy\u00fck bir olas\u0131l\u0131kla bug\u00fcn de oldu\u011fu gibi, \u00f6demelerde paray\u0131 alan taraf rol\u00fcnde g\u00f6r\u00fcn\u00fcr. Quesnay&#8217;nin varsay\u0131m\u0131na g\u00f6re, as\u0131l toprak sahiplerinin eline iki milyarl\u0131k rant\u0131n ancak 4\/7&#8217;si ge\u00e7er, 2\/7&#8217;si h\u00fck\u00fcmete ve 1\/7&#8217;si de kilise \u00f6\u015f\u00fcrc\u00fclerine gider. Quesnay&#8217;nin zaman\u0131nda Kilise, Fransa&#8217;n\u0131n en b\u00fcy\u00fck toprak sahibi idi ve ayr\u0131ca geri kalan t\u00fcm toprak m\u00fclkiyetinin \u00f6\u015f\u00fcr\u00fcn\u00fc de o al\u0131yordu.<br \/> &#8220;K\u0131s\u0131r&#8221; s\u0131n\u0131f taraf\u0131ndan bir y\u0131l boyunca harcanan i\u015fletme sermayesi (y\u0131ll\u0131k avanslar), hammaddeler bi\u00e7iminde, bir milyarl\u0131k bir de\u011ferden olu\u015fur; yaln\u0131zca hammaddeler bi\u00e7iminde, \u00e7\u00fcnk\u00fc aletler, makineler vb., bu s\u0131n\u0131f\u0131n kendi \u00fcr\u00fcnleri aras\u0131nda say\u0131l\u0131r. Bu s\u0131n\u0131f\u0131n sanayileri prati\u011finde bu \u00fcr\u00fcnlerin oynad\u0131\u011f\u0131 bir\u00e7ok role gelince, bu roller Tableau&#8217;yu, yaln\u0131zca s\u0131n\u0131f\u0131n s\u0131n\u0131rlar\u0131 i\u00e7inde olu\u015fan meta ve para dola\u015f\u0131mmdan daha \u00e7ok ilgilendirmez. K\u0131s\u0131r s\u0131n\u0131f\u0131n, hammaddeleri sayesinde mamul metalar haline d\u00f6n\u00fc\u015ft\u00fcrd\u00fc\u011f\u00fc emek \u00fccreti, k\u0131smen do\u011frudan do\u011fruya \u00fcretken s\u0131n\u0131ftan, k\u0131smen dolayl\u0131 olarak toprak sahipleri arac\u0131l\u0131\u011f\u0131yla ald\u0131\u011f\u0131 ya\u015fama ara\u00e7lar\u0131 de\u011ferine e\u015fittir. Bu s\u0131n\u0131f, kendi i\u00e7inde kapitalistler ve \u00fccretliler olarak b\u00f6l\u00fcnmesine kar\u015f\u0131n, Quesnay&#8217;nin temel anlay\u0131\u015f\u0131na g\u00f6re t\u00fcm s\u0131n\u0131f durumunda, \u00fcretken s\u0131n\u0131f ile toprak sahiplerinin \u00fccretli g\u00f6revlisidir. S\u0131nai \u00fcretimin t\u00fcm\u00fc ve sonu\u00e7 olarak rekolteyi izleyen y\u0131l \u00fczerine da\u011f\u0131lan dola\u015f\u0131m\u0131n da t\u00fcm\u00fc, ayn\u0131 bi\u00e7imde tek bir toplam olarak birle\u015ftirilirler. Bu nedenle Tableau&#8217;da g\u00f6sterilen hareketin ba\u015flang\u0131c\u0131nda, k\u0131s\u0131r s\u0131n\u0131f\u0131n y\u0131ll\u0131k meta \u00fcretiminin tamamen kendi elinde bulundu\u011fu, demek ki t\u00fcm i\u015fletme fonu ya da bir milyar de\u011ferindeki hammaddelerin, yar\u0131s\u0131n\u0131n bu d\u00f6n\u00fc\u015f\u00fcm s\u0131ras\u0131nda t\u00fcketilen ya\u015fama ara\u00e7lar\u0131n\u0131n de\u011ferini temsil etti\u011fi iki milyar de\u011ferindeki meta bi\u00e7imine d\u00f6n\u00fc\u015fm\u00fc\u015f oldu\u011fu varsay\u0131l\u0131r. Burada bir kar\u015f\u0131koymada bulunulabilir: Ama k\u0131s\u0131r s\u0131n\u0131f, kendi ev gereksinmeleri i\u00e7in sanayi \u00fcr\u00fcnleri de t\u00fcketir; e\u011fer \u00fcr\u00fcnlerin hepsi dola\u015f\u0131m yoluyla \u00f6teki s\u0131n\u0131flara ge\u00e7erse, bunlar nerede yer al\u0131r? Bu konuda, bize \u015fu yan\u0131t verilir: K\u0131s\u0131r s\u0131n\u0131f, yaln\u0131zca (sayfa: 357) kendi metalar\u0131n\u0131n bir b\u00f6l\u00fcm\u00fcn\u00fc t\u00fcketmekle kalmaz ama ayr\u0131ca, bunun olanakl\u0131 oldu\u011funca \u00e7o\u011funu elinde tutmaya da \u00e7al\u0131\u015f\u0131r. \u00d6yleyse, dola\u015f\u0131ma giren metalar\u0131n\u0131 kendi ger\u00e7ek de\u011ferlerinin \u00fczerinde bir de\u011ferle satar ve biz bu metalan \u00fcretiminin toplam de\u011feri olarak de\u011ferlendirdi\u011fimize g\u00f6re, b\u00f6yle de yapmas\u0131 gerekir. Ama gene de, Tableau&#8217;nun saptamalar\u0131nda bu, hi\u00e7bir \u015feyi de\u011fi\u015ftirmez; \u00e7\u00fcnk\u00fc \u00f6teki iki s\u0131n\u0131f, yap\u0131lm\u0131\u015f metalan ancak toplam \u00fcretimleri de\u011ferine al\u0131rlar.<br \/> \u00d6yleyse \u015fimdi \u00fc\u00e7 ayr\u0131 s\u0131n\u0131f\u0131n Tableau&#8217;nun g\u00f6sterdi\u011fi hareketin ba\u015flang\u0131c\u0131ndaki ekonomik konumunu biliyoruz.<br \/> \u00dcretken s\u0131n\u0131f, i\u015fletme sermayesinin mal olarak yenilenmesinden sonra, \u00fc\u00e7 milyarl\u0131k br\u00fct tar\u0131msal \u00fcr\u00fcn ile birlikte iki milyar paray\u0131 da elinde tutar. Toprak sahipleri s\u0131n\u0131f\u0131, \u00f6nce yaln\u0131zca \u00fcretken s\u0131n\u0131ftan iki milyarl\u0131k bir rant hakk\u0131 ile kendini g\u00f6sterir. K\u0131s\u0131r s\u0131n\u0131f, iki milyarl\u0131k mamul beslenme maddesine sahiptir. Bu \u00fc\u00e7 s\u0131n\u0131ftan yaln\u0131zca ikisini ilgilendiren bir dola\u015f\u0131ma fizyokratlar aras\u0131nda eksik dola\u015f\u0131m, \u00fc\u00e7\u00fcn\u00fc de ilgilendiren bir dola\u015f\u0131ma ise tam dola\u015f\u0131m ad\u0131 verilir.<br \/> \u015eimdi Tableau \u00e9conomique&#8217;in kendisine ge\u00e7elim.<br \/> Birinci dola\u015f\u0131m (eksik dola\u015f\u0131m): \u00c7iftlik kirac\u0131lar\u0131 toprak sahiplerine, kendilerine d\u00fc\u015fen rant\u0131, yani iki milyar paray\u0131, kar\u015f\u0131l\u0131ks\u0131z olarak \u00f6derler. Bu milyarlardan biri ile toprak sahipleri \u00e7iftlik kirac\u0131lar\u0131ndan ya\u015fama ara\u00e7lan sat\u0131n al\u0131rlar; b\u00f6ylece rant\u0131 \u00f6demek i\u00e7in harcanm\u0131\u015f paran\u0131n bir yar\u0131s\u0131 gene \u00e7iftlik kirac\u0131lar\u0131na geri d\u00f6ner.<br \/> Quesnay, Analyse du Tableau \u00c9conomique&#8217;inde, toprak rant\u0131n\u0131n yedide-ikisini alan devlet ile yedide-birini alan kiliseden uzun boylu s\u00f6z etmez, \u00e7\u00fcnk\u00fc onlar\u0131n toplumsal rolleri herkes taraf\u0131ndan bilinir. As\u0131l toprak sahipleri ile ilgili olarak onlar\u0131n, i\u00e7inde hizmetlerindeki b\u00fct\u00fcn insanlar\u0131n harcamalar\u0131n\u0131n da yer ald\u0131\u011f\u0131 harcamalar\u0131n\u0131n, &#8220;m\u00fclklerinin korunmas\u0131 ve iyile\u015ftirilmesi ve ekiminin art\u0131r\u0131lmas\u0131 i\u00e7in&#8221; kullan\u0131lan o \u00e7ok k\u00fc\u00e7\u00fck par\u00e7a d\u0131\u015f\u0131nda, hi\u00e7 de\u011filse \u00e7ok b\u00fcy\u00fck bir b\u00f6l\u00fcm\u00fc bak\u0131m\u0131ndan, k\u0131s\u0131r harcamalar olduklar\u0131n\u0131 s\u00f6yler. Ama &#8220;do\u011fal hukuk&#8221;a g\u00f6re, onlar\u0131n \u00f6z g\u00f6revleri, &#8220;ana-baba kal\u0131tlar\u0131n\u0131n y\u00f6netme \u00e7al\u0131\u015fmalar\u0131 ve onar\u0131m giderleri&#8221;ni[91*] \u00fczerlerine (sayfa: 358) almak, ya da sonradan a\u00e7\u0131kland\u0131\u011f\u0131 gibi, toprak avanslar\u0131n\u0131, yani topra\u011f\u0131 haz\u0131rlamak ve \u00e7iftlikleri, \u00e7iftlik kirac\u0131s\u0131n\u0131n sermayesinin hepsini salt ger\u00e7ek ekim i\u015fine ay\u0131rmas\u0131n\u0131 sa\u011flayan her t\u00fcrl\u00fc katk\u0131larla donatmak i\u00e7in yapt\u0131klar\u0131 harcamalar\u0131 yapmaktir.<br \/> \u0130kinci dola\u015f\u0131m (tam dola\u015f\u0131m): Hen\u00fcz ellerinde bulunan ikinci milyar ile, toprak sahipleri k\u0131s\u0131r s\u0131n\u0131ftan yap\u0131lm\u0131\u015f (mamul) maddeler ve k\u0131s\u0131r s\u0131n\u0131f da bu bi\u00e7imde eline ge\u00e7en para ile \u00e7iftlik kirac\u0131lar\u0131ndan ayn\u0131 tutarda ya\u015fama ara\u00e7lar\u0131 sat\u0131n al\u0131rlar.<br \/> \u00dc\u00e7\u00fcnc\u00fc dola\u015f\u0131m (eksik dola\u015f\u0131m): Bir milyar para ile, \u00e7iftlik kirac\u0131lar\u0131 k\u0131s\u0131r s\u0131n\u0131ftan ayn\u0131 tutarda yap\u0131lm\u0131\u015f maddeler sat\u0131n al\u0131rlar; bu metalar\u0131n b\u00fcy\u00fck bir b\u00f6l\u00fcm\u00fc tar\u0131msal aletler ve ekim i\u00e7in gerekli \u00f6teki \u00fcretim ara\u00e7lar\u0131ndan olu\u015fur. K\u0131s\u0131r s\u0131n\u0131f, kendi \u00f6z-i\u015fletme sermayesinin yenilenmesi i\u00e7in bir milyar ile hammaddeler sat\u0131n alarak ayn\u0131 paray\u0131 \u00e7iftlik kirac\u0131lar\u0131na geri verir. B\u00f6ylelikle, \u00e7iftlik kirac\u0131lar\u0131n\u0131n rant\u0131n \u00f6denmesi i\u00e7in harcad\u0131klar\u0131 iki milyar para kendilerine geri d\u00f6nm\u00fc\u015f ve hareket de tamamlanm\u0131\u015f olur. Ve b\u00f6ylece b\u00fcy\u00fck bilmece, ekonomik dola\u015f\u0131mda &#8220;rant bi\u00e7imi alt\u0131nda sahiplenilen net \u00fcr\u00fcn\u00fcn ne oldu\u011funu&#8221; bilme sorunu da \u00e7\u00f6z\u00fclm\u00fc\u015f bulunur.<br \/> Yukarda, s\u00fcrecin ba\u015f\u0131nda, \u00fcretken s\u0131n\u0131f\u0131n elinde \u00fc\u00e7 milyarl\u0131k bir art\u0131\u011fa sahiptik. Bunun yaln\u0131zca iki milyar\u0131 net \u00fcr\u00fcn olarak rant bi\u00e7imi alt\u0131nda toprak sahiplerine \u00f6denmi\u015fti. Art\u0131\u011f\u0131n (fazlal\u0131\u011f\u0131n) \u00fc\u00e7\u00fcnc\u00fc milyar\u0131, on milyar i\u00e7in, y\u00fczde-on \u00fczerinden, \u00e7iftlik kirac\u0131lar\u0131n\u0131n toplam fon yat\u0131r\u0131m\u0131n\u0131n faizini olu\u015fturur. Onlar bu faizi \u2014dikkat edilsin\u2014 dola\u015f\u0131mdan almazlar; elleri aras\u0131nda mal olarak bulunur ve onu dola\u015f\u0131m arac\u0131yla e\u015fit de\u011ferde yap\u0131lm\u0131\u015f meta bi\u00e7imine d\u00f6n\u00fc\u015ft\u00fcrerek ger\u00e7ekle\u015ftirmekten ba\u015fka bir \u015fey yapmazlar.<br \/> Bu faiz olmad\u0131k\u00e7a, tar\u0131m\u0131n ba\u015f y\u00fcr\u00fct\u00fcc\u00fcs\u00fc olan \u00e7iftlik kirac\u0131s\u0131, tar\u0131ma sermaye yat\u0131rmaz. Daha bu g\u00f6r\u00fc\u015f a\u00e7\u0131s\u0131ndan, tar\u0131msal gelir art\u0131\u011f\u0131n\u0131n faizi temsil eden b\u00f6l\u00fcm\u00fcn\u00fcn \u00e7iftlik kirac\u0131s\u0131 taraf\u0131ndan sahiplenilmesi fizyokratlara g\u00f6re (sayfa: 359) yeniden-\u00fcretimin \u00e7iftlik kirac\u0131lar\u0131 s\u0131n\u0131f\u0131 denli zorunlu bir ko\u015fuludur ve sonu\u00e7 olarak bu \u00f6\u011fe &#8220;net \u00fcr\u00fcn&#8221; ya da ulusal &#8220;net gelir&#8221; kategorisi i\u00e7inde say\u0131lamaz; \u00e7\u00fcnk\u00fc bu son kategori, ulusal yeniden-\u00fcretimin dolays\u0131z gereksinmeleri g\u00f6z\u00f6n\u00fcnde tutulmaks\u0131z\u0131n t\u00fcketilebilmesi ile ay\u0131rdedilir. Ama Quesnay&#8217;ye g\u00f6re bu bir milyarl\u0131k fon, b\u00fcy\u00fck b\u00f6l\u00fcm\u00fc bak\u0131m\u0131ndan y\u0131l i\u00e7inde zorunlu duruma gelen onar\u0131mlar ve fon yat\u0131r\u0131m\u0131n\u0131n k\u0131smi yenilenmesi i\u00e7in kullan\u0131l\u0131r; ayr\u0131ca kazalara kar\u015f\u0131 yedek fon hizmeti g\u00f6r\u00fcr; son olarak, olanakl\u0131 oldu\u011fu yerde, yat\u0131r\u0131m fonu ve i\u015fletme sermayesinin art\u0131r\u0131lmas\u0131na ve topra\u011f\u0131n iyile\u015ftirilmesi ile ekimin geni\u015fletilmesine yarar.<br \/> B\u00fct\u00fcn s\u00fcre\u00e7, ku\u015fkusuz, &#8220;olduk\u00e7a yal\u0131n&#8221;d\u0131r. Dola\u015f\u0131ma, \u00e7iftlik kirac\u0131lar\u0131 taraf\u0131ndan, rant\u0131n \u00f6denmesi i\u00e7in iki milyarl\u0131k para ile \u00fc\u00e7te-ikisi ya\u015fama ara\u00e7lar\u0131 ve \u00fc\u00e7te-biri hammadde olmak \u00fczere \u00fc\u00e7 milyarl\u0131k \u00fcr\u00fcn; k\u0131s\u0131r s\u0131n\u0131f taraf\u0131ndan da iki milyarl\u0131k yap\u0131lm\u0131\u015f madde sokulmu\u015ftur. \u0130ki milyarl\u0131k bir tutardaki varolu\u015f ara\u00e7lar\u0131 \u00fczerinden, bunun bir yar\u0131s\u0131 toprak sahipleri ve hizmetkarlar\u0131, \u00f6teki yar\u0131s\u0131 da \u00e7al\u0131\u015fmas\u0131 kar\u015f\u0131l\u0131\u011f\u0131 olarak k\u0131s\u0131r s\u0131n\u0131f taraf\u0131ndan t\u00fcketilmi\u015ftir. Bir milyarl\u0131k hammadde, bu ayn\u0131 s\u0131n\u0131f\u0131n i\u015fletme sermayesini yeniler. \u0130ki milyar tutan dola\u015f\u0131mdaki yap\u0131lm\u0131\u015f maddelerin bir yar\u0131s\u0131 toprak sahiplerine, \u00f6teki yar\u0131s\u0131 da \u00e7iftlik kirac\u0131lar\u0131na d\u00fc\u015fer; bu \u00f6teki yar\u0131, \u00e7iftlik kirac\u0131lar\u0131 i\u00e7in fon yat\u0131r\u0131mlar\u0131n\u0131n ilk elde tar\u0131msal yeniden-\u00fcretimden elde edilen faizinin de\u011fi\u015fime u\u011fram\u0131\u015f bir bi\u00e7iminden ba\u015fka bir \u015fey de\u011fildir. \u00c7iftlik kirac\u0131s\u0131n\u0131n, rant\u0131 \u00f6deyerek dola\u015f\u0131ma soktu\u011fu paraya gelince, bu para, \u00fcr\u00fcnlerinin sat\u0131\u015f\u0131 yoluyla ona geri gelir ve b\u00f6ylece ayn\u0131 \u00e7evrim (cycle) bir sonraki y\u0131l i\u00e7inde bir daha yinelenir.[92*]<br \/> \u015eimdi bay D\u00fchring&#8217;in, &#8220;geleneksel yal\u0131n \u00e7\u00f6z\u00fcmleme&#8221;den \u00f6ylesine y\u00fcksek &#8220;ger\u00e7ekten ele\u015ftirel&#8221; betimlemesine hayran olunsun. Quesnay&#8217;nin Tableau&#8217;da yaln\u0131zca para bi\u00e7imindeki de\u011ferlerle i\u015flem yapt\u0131\u011f\u0131n\u0131 g\u00f6rmenin ne denli s\u0131k\u0131c\u0131 bir \u015fey oldu\u011funu gizemi bir havayla be\u015f kez arka arkaya yineledikten sonra, ki bunun do\u011fru olmad\u0131\u011f\u0131 da g\u00f6r\u00fcld\u00fc, en sonunda (sayfa: 360) &#8220;rant bi\u00e7imi alt\u0131nda sahiplenilen (temell\u00fck) net \u00fcr\u00fcn\u00fcn ekonomik dola\u015f\u0131mda ne oldu\u011fu&#8221;nu sorar sormaz, Tableau \u00e9conomique&#8217;i yaln\u0131zca &#8220;mistisizme de\u011fin g\u00f6t\u00fcr\u00fclm\u00fc\u015f bir kar\u0131\u015f\u0131kl\u0131k ve bir keyfi tutum ile&#8221; a\u00e7\u0131klama sonucuna var\u0131r. Tableau&#8217;nun, y\u0131ll\u0131k yeniden-\u00fcretim s\u00fcrecinin dola\u015f\u0131m arac\u0131l\u0131\u011f\u0131yla olu\u015ftu\u011fu bi\u00e7imiyle, zaman\u0131 i\u00e7in yal\u0131n oldu\u011fu denli dahice de olan a\u00e7\u0131klamas\u0131n\u0131n, ekonomik dola\u015f\u0131mda bu net \u00fcr\u00fcn\u00fcn ne oldu\u011funu \u00e7ok do\u011fru bir bi\u00e7imde dile getirdi\u011fini g\u00f6rm\u00fc\u015f bulunuyoruz ve b\u00f6ylece &#8220;mistisizm&#8221;, &#8220;kar\u0131\u015f\u0131kl\u0131k ve keyfi tutum&#8221;, bir kez daha, &#8220;hepsi aras\u0131nda en sak\u0131ncal\u0131 y\u00f6n&#8221; ve fizyokratik irdelemelerin tek &#8220;net \u00fcr\u00fcn&#8221;\u00fc olarak yaln\u0131zca bay D\u00fchring&#8217;in \u00fcst\u00fcnde kal\u0131r.<br \/> Bay D\u00fchring, fizyokratlar\u0131n teorisi ile ne denli i\u00e7li-d\u0131\u015fl\u0131 ise, onlar\u0131n tarihsel etkileri ile de o denli i\u00e7li-d\u0131\u015fl\u0131. Bize, &#8220;Turgot ile fizyokrasi, Fransa&#8217;da pratik ve teorik ta\u00e7lanmas\u0131n\u0131 bulmu\u015ftu&#8221; diye ders verir. Ama Mirabeau, ekonomik g\u00f6r\u00fc\u015flerinde \u00f6zsel olarak fizyokratm\u0131\u015f, iktisat alan\u0131nda 1789 Kurucu Meclisinde en b\u00fcy\u00fck yetke imi\u015f, bu meclis fizyokratik tezlerden b\u00fcy\u00fck bir b\u00f6l\u00fcm\u00fcn\u00fc teoriden prati\u011fe ge\u00e7irmi\u015fmi\u015f ve hele toprak m\u00fclkiyeti taraf\u0131ndan &#8220;kar\u015f\u0131l\u0131ks\u0131z olarak&#8221; sahiplenilen net \u00fcr\u00fcn \u00fczerine a\u011f\u0131r bir vergi koymu\u015fmu\u015f, b\u00fct\u00fcn bunlar &#8220;bir&#8221; D\u00fchring i\u00e7in hi\u00e7 olmam\u0131\u015f \u015feyler.<br \/> 1691-1752 d\u00f6nemi \u00fczerindeki uzun bir \u00e7izginin Hume&#8217;un b\u00fct\u00fcn \u00f6ncellerini silmesi gibi, bir ba\u015fka \u00e7izgi de, Hume&#8217;dan Adam Smith&#8217;e kadar uzanan d\u00f6nem i\u00e7inde, Sir James Steuart&#8217;\u0131 \u00e7izer. Onun, tarihsel \u00f6nemi bir yana, ekonomi politik alan\u0131n\u0131 s\u00fcrekli olarak zenginle\u015ftirmi\u015f bulunan t\u00fcm b\u00fcy\u00fck yap\u0131t\u0131ndan,[93*] bay D\u00fchring&#8217;in &#8220;giri\u015fim&#8221;inde tek hece bile yok. Buna kar\u015f\u0131l\u0131k, onun Adam Smith \u00e7a\u011f\u0131n\u0131n &#8220;bir profes\u00f6r&#8221;\u00fc oldu\u011funu s\u00f6yleyerek, Steuart&#8217;a \u00f6zel s\u00f6zl\u00fc\u011f\u00fcnde yer alan en a\u011f\u0131r s\u00f6vg\u00fcy\u00fc, savurur. Ne yaz\u0131k ki, bu lekeleme kat\u0131ks\u0131z bir uydurmad\u0131r. Ger\u00e7ekte Steuart, s\u00f6zde Steuart&#8217;lar\u0131n fesat hareketine kat\u0131lm\u0131\u015f olmas\u0131 y\u00fcz\u00fcnden B\u00fcy\u00fck Britanya&#8217;dan kovulmu\u015f, anakara \u00fczerindeki uzun e\u011fle\u015fme ve yolculuklar\u0131ndan (sayfa: 361) \u00e7e\u015fitli \u00fclkelerin ekonomik durumu ile i\u00e7li-d\u0131\u015fl\u0131 olmak i\u00e7in yararlanan b\u00fcy\u00fck bir \u0130sko\u00e7yal\u0131 toprak sahibi idi.[94*]<br \/> S\u00f6z\u00fcn k\u0131sas\u0131, Ele\u015ftirel Tarih&#8217;e g\u00f6re b\u00fct\u00fcn ge\u00e7mi\u015f iktisat\u00e7\u0131lar, yaln\u0131zca ya bay D\u00fchring&#8217;in daha derin ve daha &#8220;kesin&#8221; temellerine &#8220;ba\u015flang\u0131\u00e7 bilgileri&#8221; vermek, ya da ona, kendi de\u011fimsizlikleriyle, bir a\u00e7mal\u0131k sa\u011flamak de\u011ferine sahiptirler. Bununla birlikte iktisatta bile, yaln\u0131zca &#8220;daha derin temeller&#8221;in &#8220;ilk bilgiler&#8221;ini de\u011fil, ama bu temellerin, do\u011fa felsefesinde buyuruldu\u011fu gibi, kendilerinden ba\u015flayarak &#8220;geli\u015ftirilmi\u015f&#8221; olmay\u0131p, ger\u00e7ekteri &#8220;bile\u015ftirilmi\u015f&#8221; bulundu\u011fu ilkeleri olu\u015fturan birka\u00e7 kahraman var; \u00f6rne\u011fin, bir Ferrier ve ba\u015fkalar\u0131n\u0131n &#8220;biraz ince&#8221; merkantilist \u00f6\u011fretilerini, Alman fabrikat\u00f6rler yarar\u0131na, &#8220;daha g\u00fc\u00e7l\u00fc&#8221; bir s\u00f6z ebeli\u011fiyle \u015fi\u015firen o &#8220;g\u00f6r\u00fclmemi\u015f derecede \u00fcnl\u00fc&#8221; List; sonra, &#8220;Ricardo&#8217;nun sistemi bir d\u00fczensizlik sistemidir. &#8230; S\u0131n\u0131flar aras\u0131nda d\u00fc\u015fmanl\u0131k yaratma sonucuna var\u0131r. &#8230; Yap\u0131t\u0131, topraklar\u0131n payla\u015f\u0131lmas\u0131, (sayfa: 362) sava\u015f ve yakma arac\u0131yla erkli\u011fe can atan demagogun elkitab\u0131d\u0131r&#8221; t\u00fcmcelerinde bilgisinin i\u00e7ten \u00f6z\u00fcn\u00fc oraya koyan Carey.[95*]<br \/> Ensonu, a\u011f\u0131z tatland\u0131rmak i\u00e7in, London City&#8217;nin kar\u0131\u015f\u0131k kafas\u0131 MacLeod.[96*]<br \/> Sonu\u00e7 olarak, bug\u00fcn ve yak\u0131n gelecekte, ekonomi politik tarihini irdelemek isteyen kimseler, bay D\u00fchring&#8217;e \u00f6zg\u00fc &#8220;parlak \u00fcsluplu tarih yazma bi\u00e7imi&#8221;ne g\u00fcvenmektense, &#8220;suland\u0131r\u0131lm\u0131\u015f \u015feyler&#8221;,&#8221;en basit okul kitaplar\u0131&#8221;n\u0131n &#8220;yuvarlak&#8221; ve &#8221; sulu yavan yemekleri&#8221; ile i\u00e7li-d\u0131\u015fl\u0131 olmakla daha g\u00fcvenilir g\u00fcvencelerle ku\u015fat\u0131lmakta devam edeceklerdir.<\/p>\n<p>*<br \/> Peki, ensonunda bay D\u00fchring taraf\u0131ndan &#8220;kendi mal\u0131 olarak yarat\u0131lm\u0131\u015f&#8221; ekonomi politik sistemi \u00fczerindeki \u00e7\u00f6z\u00fcmlememizden ne \u00e7\u0131kar? Yaln\u0131zca b\u00fct\u00fcn bu b\u00fcy\u00fck s\u00f6zler ve daha da b\u00fcy\u00fck vaatlerle, t\u0131pk\u0131 Felsefede oldu\u011fu gibi aldat\u0131lm\u0131\u015f (sayfa: 363) bulundu\u011fumuz gerge\u011fi. De\u011fer teorisi, &#8220;ekonomik sistemlerin sa\u011flaml\u0131\u011f\u0131n\u0131n bu denek ta\u015f\u0131&#8221;, bay D\u00fchring&#8217;in de\u011ferden birbirinden b\u00fcsb\u00fct\u00fcn farkl\u0131 ve birbiriyle a\u00e7\u0131k \u00e7eli\u015fki durumunda be\u015f ayr\u0131 \u015fey anlad\u0131\u011f\u0131; \u00f6yleyse, en hafif deyimiyle, ne istedi\u011fini kendisinin de bilmedi\u011fi sonucuna vard\u0131. O denli tantanayla il\u00e2n edilen &#8220;t\u00fcm iktisad\u0131n do\u011fal yasalar\u0131&#8221;n\u0131n, herkes taraf\u0131ndan bilinen ve hatta her zaman o denli de do\u011fru anla\u015f\u0131lmam\u0131\u015f en k\u00f6t\u00fc cinsten yavanl\u0131klar olduklar\u0131 g\u00f6r\u00fcld\u00fc. Ekonomik olaylar \u00fczerine &#8220;\u00f6zel olarak yarat\u0131lm\u0131\u015f sistem&#8221;in bize vermeye yetenekli oldu\u011fu tek a\u00e7\u0131klama, bunlar\u0131n &#8220;zor&#8221; sonu\u00e7lar\u0131 olduklar\u0131d\u0131r, \u2014 binlerce y\u0131ldan beri her ulustaki hamkafan\u0131n ba\u015f\u0131na gelen her s\u0131k\u0131nt\u0131dan kurtulmas\u0131na yarayan ve bize bu konuda yeni hi\u00e7bir \u015fey \u00f6\u011fretmeyen form\u00fcl. Bu zoru, k\u00f6keni ve sonu\u00e7lan i\u00e7inde irdeleyecek yerde bay D\u00fchring, b\u00fct\u00fcn ekonomik olaylar\u0131n a\u00e7\u0131klanmas\u0131n\u0131n son ve kesin nedeni olarak, b\u00fcy\u00fck bir g\u00f6n\u00fcl borcu i\u00e7inde, yal\u0131n &#8220;zor&#8221; s\u00f6zc\u00fc\u011f\u00fc ile avunmam\u0131z\u0131 telkin eder. Eme\u011fin kapitalist s\u00f6m\u00fcr\u00fcs\u00fc \u00fczerine ba\u015fka a\u00e7\u0131klamalar vermek zorunda kal\u0131nca, \u00f6nce bunu genel olarak hara\u00e7 ve pahalanmaya dayanan bir \u015fey olarak g\u00f6sterir, b\u00f6ylece Proudhon&#8217;un &#8220;zorla-alma&#8221;s\u0131n\u0131 (Pr\u00e9l\u00e8vement) tamamen kendine maleder ve daha sonra bu s\u00f6m\u00fcr\u00fcy\u00fc, \u00f6zelde marksist art\u0131-emek, art\u0131-\u00fcr\u00fcn ve art\u0131-de\u011fer teorisi yard\u0131m\u0131 ile a\u00e7\u0131klar. B\u00f6ylece, her ikisini de bir solukta kopya ederek, tamamen \u00e7eli\u015fik iki anlay\u0131\u015f t\u00fcr\u00fcn\u00fc ba\u015far\u0131l\u0131 bir bi\u00e7imde uzla\u015ft\u0131rma becerisini g\u00f6sterir. Ve nas\u0131l Felsefede, suland\u0131rarak durmadan s\u00f6m\u00fcrd\u00fc\u011f\u00fc Hegel&#8217;e s\u00f6vmek i\u00e7in yeterince s\u00f6vg\u00fc bulam\u0131yorduysa, Ele\u015ftirel Tarih&#8217;te de t\u0131pk\u0131 \u00f6yle, Marks&#8217;\u0131n s\u0131n\u0131rs\u0131z k\u00f6t\u00fclenmesi, ancak ve ancak Dersler&#8217;de sermaye ve emek \u00fczerine biraz ussal olarak bulunabilecek her \u015feyin, Marks&#8217;in suland\u0131r\u0131lm\u0131\u015f bir \u00e7al\u0131nt\u0131s\u0131ndan ba\u015fka bir \u015fey olmad\u0131\u011f\u0131n\u0131 gizlemeye yarar. &#8220;B\u00fcy\u00fck toprak sahibi&#8221;ni, Dersler&#8217;de, topra\u011f\u0131n ger\u00e7ekte t\u00fcm tarihin \u00e7\u0131k\u0131\u015f noktas\u0131 olan a\u015firet ve k\u00f6y topluluklar\u0131 taraf\u0131ndan kolektif m\u00fclkiyeti \u00fczerine tek s\u00f6zc\u00fck bilmeksizin, uygar halklar tarihinin k\u00f6kenine koyan bilgisizlik, g\u00fcn\u00fcm\u00fczde a\u015fa\u011f\u0131 yukan us almaz bir \u015fey olan bu bilgisizlik, Ele\u015ftirel Tarih&#8217;te kendi kendine, (sayfa: 364) izlenmeyecek birka\u00e7 \u00f6rne\u011fini vermi\u015f bulundu\u011fumuz &#8220;tarihsel \u00e7evrenin evrensel geni\u015fli\u011fi&#8221; madalyas\u0131n\u0131 veren bilgisizlik taraf\u0131ndan hemen hemen geride b\u0131rak\u0131l\u0131r. K\u0131sacas\u0131: \u00f6nce b\u00fcy\u00fck bir kendisini \u00f6verek &#8220;i\u015fe ba\u015flama&#8221;s\u0131, \u015farlatanca g\u00fcr\u00fclt\u00fc pat\u0131rt\u0131lar, birbirinden bask\u0131n vaatler; sonra da&#8230; s\u0131f\u0131ra e\u015fit &#8220;sonu\u00e7&#8221;. (sayfa: 365)<\/p>\n","protected":false},"excerpt":{"rendered":"<p>\u0130ktisat\u00e7\u0131 olarak ku\u015fkusuz sayg\u0131de\u011fer olan Hume&#8217;u, \u00f6nemi ge\u00e7mi\u015fte yaln\u0131zca bay D\u00fchring&#8217;in &#8220;\u00e7a\u011f\u0131 i\u00e7in kesin \u00f6nem ta\u015f\u0131yan&#8221; ba\u015far\u0131lar\u0131 \u00fczerinde de \u00f6ylesine direngenlikle susan o k\u0131skan\u00e7l\u0131k taraf\u0131ndan bilinmezlikten gelinebilmi\u015f birinci s\u0131n\u0131f bir iktisat y\u0131ld\u0131z\u0131 durumuna getirilecek kadar \u015fi\u015firilmi\u015f g\u00f6rmemizin nedeni, i\u015fte bu.[85*] (sayfa: 349) Bilindi\u011fi gibi fizyokratik okul, bize Quesnay&#8217;nin Tableau \u00e9conomique&#8217;i ile \u015eimdiye de\u011fin iktisat ele\u015ftirici [&hellip;]<\/p>\n","protected":false},"author":1,"featured_media":0,"comment_status":"open","ping_status":"open","sticky":false,"template":"","format":"standard","meta":{"footnotes":""},"categories":[35],"tags":[],"class_list":{"0":"post-5830","1":"post","2":"type-post","3":"status-publish","4":"format-standard","6":"category-anti-duhring-friedrich-engels"},"yoast_head":"<!-- This site is optimized with the Yoast SEO Premium plugin v24.9 (Yoast SEO v24.9) - https:\/\/yoast.com\/wordpress\/plugins\/seo\/ -->\n<title>Anti-D\u00fchring - Ekonomi Politik | Ele\u015ftirel Tarih \u00dczerine (2.B\u00f6l\u00fcm) - Friedrich Engels - narteks.net<\/title>\n<meta name=\"robots\" content=\"index, follow, max-snippet:-1, max-image-preview:large, max-video-preview:-1\" \/>\n<link rel=\"canonical\" href=\"https:\/\/narteks.net\/index.php\/2011\/03\/10\/anti-duhring-ekonomi-politik-elestirel-tarih-uzerine-2bolum-friedrich-engels\/\" \/>\n<meta property=\"og:locale\" content=\"tr_TR\" \/>\n<meta property=\"og:type\" content=\"article\" \/>\n<meta property=\"og:title\" content=\"Anti-D\u00fchring - Ekonomi Politik | Ele\u015ftirel Tarih \u00dczerine (2.B\u00f6l\u00fcm) - Friedrich Engels\" \/>\n<meta property=\"og:description\" content=\"\u0130ktisat\u00e7\u0131 olarak ku\u015fkusuz sayg\u0131de\u011fer olan Hume&#8217;u, \u00f6nemi ge\u00e7mi\u015fte yaln\u0131zca bay D\u00fchring&#8217;in &#8220;\u00e7a\u011f\u0131 i\u00e7in kesin \u00f6nem ta\u015f\u0131yan&#8221; ba\u015far\u0131lar\u0131 \u00fczerinde de \u00f6ylesine direngenlikle susan o k\u0131skan\u00e7l\u0131k taraf\u0131ndan bilinmezlikten gelinebilmi\u015f birinci s\u0131n\u0131f bir iktisat y\u0131ld\u0131z\u0131 durumuna getirilecek kadar \u015fi\u015firilmi\u015f g\u00f6rmemizin nedeni, i\u015fte bu.[85*] (sayfa: 349) Bilindi\u011fi gibi fizyokratik okul, bize Quesnay&#8217;nin Tableau \u00e9conomique&#8217;i ile \u015eimdiye de\u011fin iktisat ele\u015ftirici [&hellip;]\" \/>\n<meta property=\"og:url\" content=\"https:\/\/narteks.net\/index.php\/2011\/03\/10\/anti-duhring-ekonomi-politik-elestirel-tarih-uzerine-2bolum-friedrich-engels\/\" \/>\n<meta property=\"og:site_name\" content=\"narteks.net\" \/>\n<meta property=\"article:published_time\" content=\"2011-03-10T11:09:49+00:00\" \/>\n<meta property=\"og:image\" content=\"https:\/\/narteks.net\/wp-content\/uploads\/narteks.png\" \/>\n\t<meta property=\"og:image:width\" content=\"300\" \/>\n\t<meta property=\"og:image:height\" content=\"90\" \/>\n\t<meta property=\"og:image:type\" content=\"image\/png\" \/>\n<meta name=\"author\" content=\"Tar\u0131k\" \/>\n<meta name=\"twitter:card\" content=\"summary_large_image\" \/>\n<meta name=\"twitter:creator\" content=\"@narteks\" \/>\n<meta name=\"twitter:site\" content=\"@narteks\" \/>\n<meta name=\"twitter:label1\" content=\"Yazan:\" \/>\n\t<meta name=\"twitter:data1\" content=\"Tar\u0131k\" \/>\n\t<meta name=\"twitter:label2\" content=\"Tahmini okuma s\u00fcresi\" \/>\n\t<meta name=\"twitter:data2\" content=\"27 dakika\" \/>\n<script type=\"application\/ld+json\" class=\"yoast-schema-graph\">{\"@context\":\"https:\/\/schema.org\",\"@graph\":[{\"@type\":\"Article\",\"@id\":\"https:\/\/narteks.net\/index.php\/2011\/03\/10\/anti-duhring-ekonomi-politik-elestirel-tarih-uzerine-2bolum-friedrich-engels\/#article\",\"isPartOf\":{\"@id\":\"https:\/\/narteks.net\/index.php\/2011\/03\/10\/anti-duhring-ekonomi-politik-elestirel-tarih-uzerine-2bolum-friedrich-engels\/\"},\"author\":{\"name\":\"Tar\u0131k\",\"@id\":\"https:\/\/narteks.net\/#\/schema\/person\/61f37d9834294b72d31d274e7ed79bca\"},\"headline\":\"Anti-D\u00fchring &#8211; Ekonomi Politik | Ele\u015ftirel Tarih \u00dczerine (2.B\u00f6l\u00fcm) &#8211; Friedrich Engels\",\"datePublished\":\"2011-03-10T11:09:49+00:00\",\"mainEntityOfPage\":{\"@id\":\"https:\/\/narteks.net\/index.php\/2011\/03\/10\/anti-duhring-ekonomi-politik-elestirel-tarih-uzerine-2bolum-friedrich-engels\/\"},\"wordCount\":5315,\"commentCount\":0,\"publisher\":{\"@id\":\"https:\/\/narteks.net\/#organization\"},\"articleSection\":[\"Anti-D\u00fchring - Friedrich Engels\"],\"inLanguage\":\"tr\",\"potentialAction\":[{\"@type\":\"CommentAction\",\"name\":\"Comment\",\"target\":[\"https:\/\/narteks.net\/index.php\/2011\/03\/10\/anti-duhring-ekonomi-politik-elestirel-tarih-uzerine-2bolum-friedrich-engels\/#respond\"]}]},{\"@type\":\"WebPage\",\"@id\":\"https:\/\/narteks.net\/index.php\/2011\/03\/10\/anti-duhring-ekonomi-politik-elestirel-tarih-uzerine-2bolum-friedrich-engels\/\",\"url\":\"https:\/\/narteks.net\/index.php\/2011\/03\/10\/anti-duhring-ekonomi-politik-elestirel-tarih-uzerine-2bolum-friedrich-engels\/\",\"name\":\"Anti-D\u00fchring - Ekonomi Politik | Ele\u015ftirel Tarih \u00dczerine (2.B\u00f6l\u00fcm) - Friedrich Engels - narteks.net\",\"isPartOf\":{\"@id\":\"https:\/\/narteks.net\/#website\"},\"datePublished\":\"2011-03-10T11:09:49+00:00\",\"breadcrumb\":{\"@id\":\"https:\/\/narteks.net\/index.php\/2011\/03\/10\/anti-duhring-ekonomi-politik-elestirel-tarih-uzerine-2bolum-friedrich-engels\/#breadcrumb\"},\"inLanguage\":\"tr\",\"potentialAction\":[{\"@type\":\"ReadAction\",\"target\":[\"https:\/\/narteks.net\/index.php\/2011\/03\/10\/anti-duhring-ekonomi-politik-elestirel-tarih-uzerine-2bolum-friedrich-engels\/\"]}]},{\"@type\":\"BreadcrumbList\",\"@id\":\"https:\/\/narteks.net\/index.php\/2011\/03\/10\/anti-duhring-ekonomi-politik-elestirel-tarih-uzerine-2bolum-friedrich-engels\/#breadcrumb\",\"itemListElement\":[{\"@type\":\"ListItem\",\"position\":1,\"name\":\"Anasayfa\",\"item\":\"https:\/\/narteks.net\/\"},{\"@type\":\"ListItem\",\"position\":2,\"name\":\"Anti-D\u00fchring &#8211; Ekonomi Politik | Ele\u015ftirel Tarih \u00dczerine (2.B\u00f6l\u00fcm) &#8211; Friedrich Engels\"}]},{\"@type\":\"WebSite\",\"@id\":\"https:\/\/narteks.net\/#website\",\"url\":\"https:\/\/narteks.net\/\",\"name\":\"narteks.net\",\"description\":\"K\u00fclt\u00fcr Sanat Edebiyat Felsefe\",\"publisher\":{\"@id\":\"https:\/\/narteks.net\/#organization\"},\"alternateName\":\"K\u00fclt\u00fcr Sanat Edebiyat Felsefe\",\"potentialAction\":[{\"@type\":\"SearchAction\",\"target\":{\"@type\":\"EntryPoint\",\"urlTemplate\":\"https:\/\/narteks.net\/?s={search_term_string}\"},\"query-input\":{\"@type\":\"PropertyValueSpecification\",\"valueRequired\":true,\"valueName\":\"search_term_string\"}}],\"inLanguage\":\"tr\"},{\"@type\":\"Organization\",\"@id\":\"https:\/\/narteks.net\/#organization\",\"name\":\"narteks.net\",\"url\":\"https:\/\/narteks.net\/\",\"logo\":{\"@type\":\"ImageObject\",\"inLanguage\":\"tr\",\"@id\":\"https:\/\/narteks.net\/#\/schema\/logo\/image\/\",\"url\":\"https:\/\/narteks.net\/wp-content\/uploads\/narteks.png\",\"contentUrl\":\"https:\/\/narteks.net\/wp-content\/uploads\/narteks.png\",\"width\":300,\"height\":90,\"caption\":\"narteks.net\"},\"image\":{\"@id\":\"https:\/\/narteks.net\/#\/schema\/logo\/image\/\"},\"sameAs\":[\"https:\/\/x.com\/narteks\",\"https:\/\/instagram.com\/narteksnet\"]},{\"@type\":\"Person\",\"@id\":\"https:\/\/narteks.net\/#\/schema\/person\/61f37d9834294b72d31d274e7ed79bca\",\"name\":\"Tar\u0131k\",\"image\":{\"@type\":\"ImageObject\",\"inLanguage\":\"tr\",\"@id\":\"https:\/\/narteks.net\/#\/schema\/person\/image\/\",\"url\":\"https:\/\/secure.gravatar.com\/avatar\/50865afb55632c4ae467e0af0930f6510aa2297d8014be502a55b14f3b7550cf?s=96&d=mm&r=g\",\"contentUrl\":\"https:\/\/secure.gravatar.com\/avatar\/50865afb55632c4ae467e0af0930f6510aa2297d8014be502a55b14f3b7550cf?s=96&d=mm&r=g\",\"caption\":\"Tar\u0131k\"},\"sameAs\":[\"http:\/\/narteks.net\"],\"url\":\"https:\/\/narteks.net\/index.php\/author\/narbak\/\"}]}<\/script>\n<!-- \/ Yoast SEO Premium plugin. -->","yoast_head_json":{"title":"Anti-D\u00fchring - Ekonomi Politik | Ele\u015ftirel Tarih \u00dczerine (2.B\u00f6l\u00fcm) - Friedrich Engels - narteks.net","robots":{"index":"index","follow":"follow","max-snippet":"max-snippet:-1","max-image-preview":"max-image-preview:large","max-video-preview":"max-video-preview:-1"},"canonical":"https:\/\/narteks.net\/index.php\/2011\/03\/10\/anti-duhring-ekonomi-politik-elestirel-tarih-uzerine-2bolum-friedrich-engels\/","og_locale":"tr_TR","og_type":"article","og_title":"Anti-D\u00fchring - Ekonomi Politik | Ele\u015ftirel Tarih \u00dczerine (2.B\u00f6l\u00fcm) - Friedrich Engels","og_description":"\u0130ktisat\u00e7\u0131 olarak ku\u015fkusuz sayg\u0131de\u011fer olan Hume&#8217;u, \u00f6nemi ge\u00e7mi\u015fte yaln\u0131zca bay D\u00fchring&#8217;in &#8220;\u00e7a\u011f\u0131 i\u00e7in kesin \u00f6nem ta\u015f\u0131yan&#8221; ba\u015far\u0131lar\u0131 \u00fczerinde de \u00f6ylesine direngenlikle susan o k\u0131skan\u00e7l\u0131k taraf\u0131ndan bilinmezlikten gelinebilmi\u015f birinci s\u0131n\u0131f bir iktisat y\u0131ld\u0131z\u0131 durumuna getirilecek kadar \u015fi\u015firilmi\u015f g\u00f6rmemizin nedeni, i\u015fte bu.[85*] (sayfa: 349) Bilindi\u011fi gibi fizyokratik okul, bize Quesnay&#8217;nin Tableau \u00e9conomique&#8217;i ile \u015eimdiye de\u011fin iktisat ele\u015ftirici [&hellip;]","og_url":"https:\/\/narteks.net\/index.php\/2011\/03\/10\/anti-duhring-ekonomi-politik-elestirel-tarih-uzerine-2bolum-friedrich-engels\/","og_site_name":"narteks.net","article_published_time":"2011-03-10T11:09:49+00:00","og_image":[{"width":300,"height":90,"url":"https:\/\/narteks.net\/wp-content\/uploads\/narteks.png","type":"image\/png"}],"author":"Tar\u0131k","twitter_card":"summary_large_image","twitter_creator":"@narteks","twitter_site":"@narteks","twitter_misc":{"Yazan:":"Tar\u0131k","Tahmini okuma s\u00fcresi":"27 dakika"},"schema":{"@context":"https:\/\/schema.org","@graph":[{"@type":"Article","@id":"https:\/\/narteks.net\/index.php\/2011\/03\/10\/anti-duhring-ekonomi-politik-elestirel-tarih-uzerine-2bolum-friedrich-engels\/#article","isPartOf":{"@id":"https:\/\/narteks.net\/index.php\/2011\/03\/10\/anti-duhring-ekonomi-politik-elestirel-tarih-uzerine-2bolum-friedrich-engels\/"},"author":{"name":"Tar\u0131k","@id":"https:\/\/narteks.net\/#\/schema\/person\/61f37d9834294b72d31d274e7ed79bca"},"headline":"Anti-D\u00fchring &#8211; Ekonomi Politik | Ele\u015ftirel Tarih \u00dczerine (2.B\u00f6l\u00fcm) &#8211; Friedrich Engels","datePublished":"2011-03-10T11:09:49+00:00","mainEntityOfPage":{"@id":"https:\/\/narteks.net\/index.php\/2011\/03\/10\/anti-duhring-ekonomi-politik-elestirel-tarih-uzerine-2bolum-friedrich-engels\/"},"wordCount":5315,"commentCount":0,"publisher":{"@id":"https:\/\/narteks.net\/#organization"},"articleSection":["Anti-D\u00fchring - Friedrich Engels"],"inLanguage":"tr","potentialAction":[{"@type":"CommentAction","name":"Comment","target":["https:\/\/narteks.net\/index.php\/2011\/03\/10\/anti-duhring-ekonomi-politik-elestirel-tarih-uzerine-2bolum-friedrich-engels\/#respond"]}]},{"@type":"WebPage","@id":"https:\/\/narteks.net\/index.php\/2011\/03\/10\/anti-duhring-ekonomi-politik-elestirel-tarih-uzerine-2bolum-friedrich-engels\/","url":"https:\/\/narteks.net\/index.php\/2011\/03\/10\/anti-duhring-ekonomi-politik-elestirel-tarih-uzerine-2bolum-friedrich-engels\/","name":"Anti-D\u00fchring - Ekonomi Politik | Ele\u015ftirel Tarih \u00dczerine (2.B\u00f6l\u00fcm) - Friedrich Engels - narteks.net","isPartOf":{"@id":"https:\/\/narteks.net\/#website"},"datePublished":"2011-03-10T11:09:49+00:00","breadcrumb":{"@id":"https:\/\/narteks.net\/index.php\/2011\/03\/10\/anti-duhring-ekonomi-politik-elestirel-tarih-uzerine-2bolum-friedrich-engels\/#breadcrumb"},"inLanguage":"tr","potentialAction":[{"@type":"ReadAction","target":["https:\/\/narteks.net\/index.php\/2011\/03\/10\/anti-duhring-ekonomi-politik-elestirel-tarih-uzerine-2bolum-friedrich-engels\/"]}]},{"@type":"BreadcrumbList","@id":"https:\/\/narteks.net\/index.php\/2011\/03\/10\/anti-duhring-ekonomi-politik-elestirel-tarih-uzerine-2bolum-friedrich-engels\/#breadcrumb","itemListElement":[{"@type":"ListItem","position":1,"name":"Anasayfa","item":"https:\/\/narteks.net\/"},{"@type":"ListItem","position":2,"name":"Anti-D\u00fchring &#8211; Ekonomi Politik | Ele\u015ftirel Tarih \u00dczerine (2.B\u00f6l\u00fcm) &#8211; Friedrich Engels"}]},{"@type":"WebSite","@id":"https:\/\/narteks.net\/#website","url":"https:\/\/narteks.net\/","name":"narteks.net","description":"K\u00fclt\u00fcr Sanat Edebiyat Felsefe","publisher":{"@id":"https:\/\/narteks.net\/#organization"},"alternateName":"K\u00fclt\u00fcr Sanat Edebiyat Felsefe","potentialAction":[{"@type":"SearchAction","target":{"@type":"EntryPoint","urlTemplate":"https:\/\/narteks.net\/?s={search_term_string}"},"query-input":{"@type":"PropertyValueSpecification","valueRequired":true,"valueName":"search_term_string"}}],"inLanguage":"tr"},{"@type":"Organization","@id":"https:\/\/narteks.net\/#organization","name":"narteks.net","url":"https:\/\/narteks.net\/","logo":{"@type":"ImageObject","inLanguage":"tr","@id":"https:\/\/narteks.net\/#\/schema\/logo\/image\/","url":"https:\/\/narteks.net\/wp-content\/uploads\/narteks.png","contentUrl":"https:\/\/narteks.net\/wp-content\/uploads\/narteks.png","width":300,"height":90,"caption":"narteks.net"},"image":{"@id":"https:\/\/narteks.net\/#\/schema\/logo\/image\/"},"sameAs":["https:\/\/x.com\/narteks","https:\/\/instagram.com\/narteksnet"]},{"@type":"Person","@id":"https:\/\/narteks.net\/#\/schema\/person\/61f37d9834294b72d31d274e7ed79bca","name":"Tar\u0131k","image":{"@type":"ImageObject","inLanguage":"tr","@id":"https:\/\/narteks.net\/#\/schema\/person\/image\/","url":"https:\/\/secure.gravatar.com\/avatar\/50865afb55632c4ae467e0af0930f6510aa2297d8014be502a55b14f3b7550cf?s=96&d=mm&r=g","contentUrl":"https:\/\/secure.gravatar.com\/avatar\/50865afb55632c4ae467e0af0930f6510aa2297d8014be502a55b14f3b7550cf?s=96&d=mm&r=g","caption":"Tar\u0131k"},"sameAs":["http:\/\/narteks.net"],"url":"https:\/\/narteks.net\/index.php\/author\/narbak\/"}]}},"_links":{"self":[{"href":"https:\/\/narteks.net\/index.php\/wp-json\/wp\/v2\/posts\/5830","targetHints":{"allow":["GET"]}}],"collection":[{"href":"https:\/\/narteks.net\/index.php\/wp-json\/wp\/v2\/posts"}],"about":[{"href":"https:\/\/narteks.net\/index.php\/wp-json\/wp\/v2\/types\/post"}],"author":[{"embeddable":true,"href":"https:\/\/narteks.net\/index.php\/wp-json\/wp\/v2\/users\/1"}],"replies":[{"embeddable":true,"href":"https:\/\/narteks.net\/index.php\/wp-json\/wp\/v2\/comments?post=5830"}],"version-history":[{"count":0,"href":"https:\/\/narteks.net\/index.php\/wp-json\/wp\/v2\/posts\/5830\/revisions"}],"wp:attachment":[{"href":"https:\/\/narteks.net\/index.php\/wp-json\/wp\/v2\/media?parent=5830"}],"wp:term":[{"taxonomy":"category","embeddable":true,"href":"https:\/\/narteks.net\/index.php\/wp-json\/wp\/v2\/categories?post=5830"},{"taxonomy":"post_tag","embeddable":true,"href":"https:\/\/narteks.net\/index.php\/wp-json\/wp\/v2\/tags?post=5830"}],"curies":[{"name":"wp","href":"https:\/\/api.w.org\/{rel}","templated":true}]}}