{"id":5850,"date":"2011-03-10T17:37:17","date_gmt":"2011-03-10T14:37:17","guid":{"rendered":"http:\/\/localhost\/wordpress\/2011\/03\/10\/yontem-uzerine-konusma-rene-descartes\/"},"modified":"2011-03-10T17:37:17","modified_gmt":"2011-03-10T14:37:17","slug":"yontem-uzerine-konusma-rene-descartes","status":"publish","type":"post","link":"https:\/\/narteks.net\/index.php\/2011\/03\/10\/yontem-uzerine-konusma-rene-descartes\/","title":{"rendered":"Y\u00f6ntem \u00dczerine Konu\u015fma | Rene Descartes"},"content":{"rendered":"<p style=\"text-align: justify;\"><img loading=\"lazy\" decoding=\"async\" src=\"http:\/\/www.fdk.yildiz.edu.tr\/Images\/Descartes.jpg\" border=\"0\" width=\"155\" height=\"205\" style=\"float: left;\" \/>Sa\u011fduyu d\u00fcnyan\u0131n en iyi payla\u015f\u0131lm\u0131\u015f \u015feyidir: \u00e7\u00fcnk\u00fc her ki\u015fi ondan \u00e7ok iyi pay alm\u0131\u015f oldu\u011funu d\u00fc\u015f\u00fcn\u00fcr, her \u015feyden \u00e7ok g\u00fc\u00e7 ho\u015fnut olanlar bile kendilerinde bulunan sa\u011fduyudan daha \u00e7o\u011funu istemeye al\u0131\u015f\u0131k de\u011fildirler. Bu konuda herkesin yan\u0131lmas\u0131 olas\u0131 de\u011fildir: ama bu daha \u00e7ok asl\u0131nda sa\u011fduyu ya da us denilen iyi yarg\u0131lama ve do\u011fruyla yanl\u0131\u015f\u0131 ay\u0131rt edebilme g\u00fcc\u00fcn\u00fcn do\u011fal olarak t\u00fcm insanlarda e\u015fit oldu\u011funa tan\u0131kl\u0131k eder; b\u00f6ylece g\u00f6r\u00fc\u015flerimizdeki \u00e7e\u015fitlilik kimilerinin \u00f6b\u00fcrlerinden daha ussal olmas\u0131ndan gelmez, d\u00fc\u015f\u00fcncemizi de\u011fi\u015fik yollardan g\u00f6t\u00fcr\u00fcyor ve ayn\u0131 \u015feyleri d\u00fc\u015f\u00fcnm\u00fcyor olmam\u0131zdan gelir. \u00c7\u00fcnk\u00fc iyi bir zihne sahip olmak yetmez, \u00f6nemli olan onu iyi kullanmakt\u0131r. En b\u00fcy\u00fck ruhlar en b\u00fcy\u00fck erdemlere oldu\u011fu kadar en b\u00fcy\u00fck k\u00f6t\u00fcl\u00fcklere yatk\u0131nd\u0131rlar; ancak \u00e7ok yava\u015f y\u00fcr\u00fcyenler her zaman do\u011fru yolu izliyorlarsa ko\u015fanlardan ve do\u011fru yoldan uzakla\u015fanlardan daha \u00e7ok ilerleyebilirler.<\/p>\n<p>Kendi pay\u0131ma ben zihnimin ba\u015fkalar\u0131n\u0131n zihninden daha yetkin olabilece\u011fini d\u00fc\u015f\u00fcnmedim, hatta \u00e7ok zaman d\u00fc\u015f\u00fcncem ba\u015fkalar\u0131n\u0131nki kadar keskin, imgelemim ba\u015fkalar\u0131n\u0131nki kadar a\u00e7\u0131k ve se\u00e7ik, belle\u011fim ba\u015fkalar\u0131n\u0131nki kadar geni\u015f ve ayd\u0131nl\u0131k olsun istedim. Zihnin yetkinli\u011fini sa\u011flayan daha ba\u015fka nitelikler bilmiyorum; \u00e7\u00fcnk\u00fc usun ya da sa\u011fduyunun bizi insan k\u0131lan ve hayvanlardan ay\u0131ran tek \u015fey oldu\u011fu kadar onun t\u00fcm\u00fcyle her ki\u015fide varoldu\u011funa inanmak ve bu yolda ayn\u0131 t\u00fcr\u2019\u00fcn bireylerinin bi\u00e7im\u2019leri ya da do\u011falar\u0131 aras\u0131nda de\u011fil, ancak raslant\u2019\u0131lar\u0131 aras\u0131nda \u00e7okluk ve azl\u0131k bulundu\u011funu s\u00f6yleyen filozoflar\u0131n ortak g\u00f6r\u00fc\u015f\u00fcn\u00fc izlemek istiyorum.<\/p>\n<p>Ama gen\u00e7li\u011fimden beri beni bir tak\u0131m belirlemelere ve kurallara ula\u015ft\u0131ran baz\u0131 yollar \u00fczerinde bulunmu\u015f olmakla \u00e7ok \u015fansl\u0131 oldu\u011fumu d\u00fc\u015f\u00fcnd\u00fc\u011f\u00fcm\u00fc s\u00f6ylemekten \u00e7ekinmeyece\u011fim; bu belirlemelerden ve kurallardan giderek bir y\u00f6ntem olu\u015fturdum ve onunla bilgimin d\u00fczeyini art\u0131rman\u0131n ve onu, zihnimin s\u0131radanl\u0131\u011f\u0131n\u0131n ve ya\u015fam\u0131m\u0131n k\u0131sal\u0131\u011f\u0131n\u0131n ula\u015fmama elverdi\u011fi en y\u00fcksek noktaya, yava\u015f yava\u015f y\u00fckseltmenin yolunu buldum san\u0131r\u0131m. \u00c7\u00fcnk\u00fc bu y\u00f6ntemin meyvelerini \u00e7oktan toplad\u0131m, \u00f6yle ki kendi \u00fczerime verdi\u011fim yarg\u0131larda kendine g\u00fcven do\u011frultusunda olmaktan \u00e7ok g\u00fcvensizlikten yana olmaya \u00e7al\u0131\u015fmama kar\u015f\u0131n, t\u00fcm insanlar\u0131n \u00e7e\u015fitli eylemlerine ve giri\u015fimlerine filozof g\u00f6z\u00fcyle bakt\u0131\u011f\u0131mda bana bo\u015f ve yarars\u0131z g\u00f6r\u00fcnmeyen hemen hemen hi\u00e7bir \u015fey g\u00f6rmedim; do\u011frunun ara\u015ft\u0131r\u0131lmas\u0131nda yapm\u0131\u015f oldu\u011fumu d\u00fc\u015f\u00fcnd\u00fc\u011f\u00fcm ilerlemeden son derece ho\u015fnut olmaktan ve gelecek i\u00e7in bu gibi umutlar\u0131 beslemekten geri kalm\u0131yorum, \u00f6yle ki insan ad\u0131na yara\u015f\u0131r insanlar\u0131n u\u011fra\u015flar\u0131 aras\u0131nda tam tam\u0131na iyi ve \u00f6nemli olan\u0131n benim se\u00e7ti\u011fim \u015fey oldu\u011funa inanmaktan \u00e7ekinmiyorum.<\/p>\n<p>Bununla birlikte yan\u0131lm\u0131\u015f olabilirim, alt\u0131n ve elmas diye ald\u0131\u011f\u0131m belki de yaln\u0131zca biraz bak\u0131r ve camd\u0131r. Bizi ilgilendiren \u015feylerde yan\u0131lmaya ne kadar yatk\u0131n oldu\u011fumuzu ve dostlar\u0131m\u0131z\u0131n yarg\u0131lar\u0131 bizden yana oldu\u011funda da bu yarg\u0131lar\u0131n ne kadar ku\u015fku g\u00f6t\u00fcr\u00fcr olmas\u0131 gerekti\u011fini biliyorum. Ama bu konu\u015fmada her ki\u015fi yarg\u0131layabilsin diye hangi yollar\u0131 izledi\u011fimi ve ya\u015fam\u0131m\u0131 bir tablo gibi g\u00f6stermekten ve b\u00f6ylece ortak s\u00f6ylentilerden benimle ilgili edinilen g\u00f6r\u00fc\u015fleri \u00f6\u011frenmekten ho\u015fnut olaca\u011f\u0131m; bu, kendimi \u00f6\u011frenmemin yeni bir arac\u0131 olacak, onu da yararlanma al\u0131\u015fkanl\u0131\u011f\u0131nda oldu\u011fum ara\u00e7lara ekleyece\u011fim.<\/p>\n<p>Rene Descartes- Y\u00f6ntem \u00dczerine Konu\u015fma\u2019dan\u2026<\/p>\n","protected":false},"excerpt":{"rendered":"<p>Sa\u011fduyu d\u00fcnyan\u0131n en iyi payla\u015f\u0131lm\u0131\u015f \u015feyidir: \u00e7\u00fcnk\u00fc her ki\u015fi ondan \u00e7ok iyi pay alm\u0131\u015f oldu\u011funu d\u00fc\u015f\u00fcn\u00fcr, her \u015feyden \u00e7ok g\u00fc\u00e7 ho\u015fnut olanlar bile kendilerinde bulunan sa\u011fduyudan daha \u00e7o\u011funu istemeye al\u0131\u015f\u0131k de\u011fildirler. Bu konuda herkesin yan\u0131lmas\u0131 olas\u0131 de\u011fildir: ama bu daha \u00e7ok asl\u0131nda sa\u011fduyu ya da us denilen iyi yarg\u0131lama ve do\u011fruyla yanl\u0131\u015f\u0131 ay\u0131rt edebilme g\u00fcc\u00fcn\u00fcn [&hellip;]<\/p>\n","protected":false},"author":1,"featured_media":0,"comment_status":"open","ping_status":"open","sticky":false,"template":"","format":"standard","meta":{"footnotes":""},"categories":[103],"tags":[],"class_list":{"0":"post-5850","1":"post","2":"type-post","3":"status-publish","4":"format-standard","6":"category-felsefe-genel"},"yoast_head":"<!-- This site is optimized with the Yoast SEO Premium plugin v24.9 (Yoast SEO v24.9) - https:\/\/yoast.com\/wordpress\/plugins\/seo\/ -->\n<title>Y\u00f6ntem \u00dczerine Konu\u015fma | Rene Descartes - narteks.net<\/title>\n<meta name=\"robots\" content=\"index, follow, max-snippet:-1, max-image-preview:large, max-video-preview:-1\" \/>\n<link rel=\"canonical\" href=\"https:\/\/narteks.net\/index.php\/2011\/03\/10\/yontem-uzerine-konusma-rene-descartes\/\" \/>\n<meta property=\"og:locale\" content=\"tr_TR\" \/>\n<meta property=\"og:type\" content=\"article\" \/>\n<meta property=\"og:title\" content=\"Y\u00f6ntem \u00dczerine Konu\u015fma | Rene Descartes\" \/>\n<meta property=\"og:description\" content=\"Sa\u011fduyu d\u00fcnyan\u0131n en iyi payla\u015f\u0131lm\u0131\u015f \u015feyidir: \u00e7\u00fcnk\u00fc her ki\u015fi ondan \u00e7ok iyi pay alm\u0131\u015f oldu\u011funu d\u00fc\u015f\u00fcn\u00fcr, her \u015feyden \u00e7ok g\u00fc\u00e7 ho\u015fnut olanlar bile kendilerinde bulunan sa\u011fduyudan daha \u00e7o\u011funu istemeye al\u0131\u015f\u0131k de\u011fildirler. Bu konuda herkesin yan\u0131lmas\u0131 olas\u0131 de\u011fildir: ama bu daha \u00e7ok asl\u0131nda sa\u011fduyu ya da us denilen iyi yarg\u0131lama ve do\u011fruyla yanl\u0131\u015f\u0131 ay\u0131rt edebilme g\u00fcc\u00fcn\u00fcn [&hellip;]\" \/>\n<meta property=\"og:url\" content=\"https:\/\/narteks.net\/index.php\/2011\/03\/10\/yontem-uzerine-konusma-rene-descartes\/\" \/>\n<meta property=\"og:site_name\" content=\"narteks.net\" \/>\n<meta property=\"article:published_time\" content=\"2011-03-10T14:37:17+00:00\" \/>\n<meta property=\"og:image\" content=\"http:\/\/www.fdk.yildiz.edu.tr\/Images\/Descartes.jpg\" \/>\n<meta name=\"author\" content=\"Tar\u0131k\" \/>\n<meta name=\"twitter:card\" content=\"summary_large_image\" \/>\n<meta name=\"twitter:creator\" content=\"@narteks\" \/>\n<meta name=\"twitter:site\" content=\"@narteks\" \/>\n<meta name=\"twitter:label1\" content=\"Yazan:\" \/>\n\t<meta name=\"twitter:data1\" content=\"Tar\u0131k\" \/>\n\t<meta name=\"twitter:label2\" content=\"Tahmini okuma s\u00fcresi\" \/>\n\t<meta name=\"twitter:data2\" content=\"3 dakika\" \/>\n<script type=\"application\/ld+json\" class=\"yoast-schema-graph\">{\"@context\":\"https:\/\/schema.org\",\"@graph\":[{\"@type\":\"Article\",\"@id\":\"https:\/\/narteks.net\/index.php\/2011\/03\/10\/yontem-uzerine-konusma-rene-descartes\/#article\",\"isPartOf\":{\"@id\":\"https:\/\/narteks.net\/index.php\/2011\/03\/10\/yontem-uzerine-konusma-rene-descartes\/\"},\"author\":{\"name\":\"Tar\u0131k\",\"@id\":\"https:\/\/narteks.net\/#\/schema\/person\/61f37d9834294b72d31d274e7ed79bca\"},\"headline\":\"Y\u00f6ntem \u00dczerine Konu\u015fma | Rene Descartes\",\"datePublished\":\"2011-03-10T14:37:17+00:00\",\"mainEntityOfPage\":{\"@id\":\"https:\/\/narteks.net\/index.php\/2011\/03\/10\/yontem-uzerine-konusma-rene-descartes\/\"},\"wordCount\":657,\"commentCount\":0,\"publisher\":{\"@id\":\"https:\/\/narteks.net\/#organization\"},\"image\":{\"@id\":\"https:\/\/narteks.net\/index.php\/2011\/03\/10\/yontem-uzerine-konusma-rene-descartes\/#primaryimage\"},\"thumbnailUrl\":\"http:\/\/www.fdk.yildiz.edu.tr\/Images\/Descartes.jpg\",\"articleSection\":[\"Felsefe (Genel)\"],\"inLanguage\":\"tr\",\"potentialAction\":[{\"@type\":\"CommentAction\",\"name\":\"Comment\",\"target\":[\"https:\/\/narteks.net\/index.php\/2011\/03\/10\/yontem-uzerine-konusma-rene-descartes\/#respond\"]}]},{\"@type\":\"WebPage\",\"@id\":\"https:\/\/narteks.net\/index.php\/2011\/03\/10\/yontem-uzerine-konusma-rene-descartes\/\",\"url\":\"https:\/\/narteks.net\/index.php\/2011\/03\/10\/yontem-uzerine-konusma-rene-descartes\/\",\"name\":\"Y\u00f6ntem \u00dczerine Konu\u015fma | Rene Descartes - narteks.net\",\"isPartOf\":{\"@id\":\"https:\/\/narteks.net\/#website\"},\"primaryImageOfPage\":{\"@id\":\"https:\/\/narteks.net\/index.php\/2011\/03\/10\/yontem-uzerine-konusma-rene-descartes\/#primaryimage\"},\"image\":{\"@id\":\"https:\/\/narteks.net\/index.php\/2011\/03\/10\/yontem-uzerine-konusma-rene-descartes\/#primaryimage\"},\"thumbnailUrl\":\"http:\/\/www.fdk.yildiz.edu.tr\/Images\/Descartes.jpg\",\"datePublished\":\"2011-03-10T14:37:17+00:00\",\"breadcrumb\":{\"@id\":\"https:\/\/narteks.net\/index.php\/2011\/03\/10\/yontem-uzerine-konusma-rene-descartes\/#breadcrumb\"},\"inLanguage\":\"tr\",\"potentialAction\":[{\"@type\":\"ReadAction\",\"target\":[\"https:\/\/narteks.net\/index.php\/2011\/03\/10\/yontem-uzerine-konusma-rene-descartes\/\"]}]},{\"@type\":\"ImageObject\",\"inLanguage\":\"tr\",\"@id\":\"https:\/\/narteks.net\/index.php\/2011\/03\/10\/yontem-uzerine-konusma-rene-descartes\/#primaryimage\",\"url\":\"http:\/\/www.fdk.yildiz.edu.tr\/Images\/Descartes.jpg\",\"contentUrl\":\"http:\/\/www.fdk.yildiz.edu.tr\/Images\/Descartes.jpg\"},{\"@type\":\"BreadcrumbList\",\"@id\":\"https:\/\/narteks.net\/index.php\/2011\/03\/10\/yontem-uzerine-konusma-rene-descartes\/#breadcrumb\",\"itemListElement\":[{\"@type\":\"ListItem\",\"position\":1,\"name\":\"Anasayfa\",\"item\":\"https:\/\/narteks.net\/\"},{\"@type\":\"ListItem\",\"position\":2,\"name\":\"Y\u00f6ntem \u00dczerine Konu\u015fma | Rene Descartes\"}]},{\"@type\":\"WebSite\",\"@id\":\"https:\/\/narteks.net\/#website\",\"url\":\"https:\/\/narteks.net\/\",\"name\":\"narteks.net\",\"description\":\"K\u00fclt\u00fcr Sanat Edebiyat Felsefe\",\"publisher\":{\"@id\":\"https:\/\/narteks.net\/#organization\"},\"alternateName\":\"K\u00fclt\u00fcr Sanat Edebiyat Felsefe\",\"potentialAction\":[{\"@type\":\"SearchAction\",\"target\":{\"@type\":\"EntryPoint\",\"urlTemplate\":\"https:\/\/narteks.net\/?s={search_term_string}\"},\"query-input\":{\"@type\":\"PropertyValueSpecification\",\"valueRequired\":true,\"valueName\":\"search_term_string\"}}],\"inLanguage\":\"tr\"},{\"@type\":\"Organization\",\"@id\":\"https:\/\/narteks.net\/#organization\",\"name\":\"narteks.net\",\"url\":\"https:\/\/narteks.net\/\",\"logo\":{\"@type\":\"ImageObject\",\"inLanguage\":\"tr\",\"@id\":\"https:\/\/narteks.net\/#\/schema\/logo\/image\/\",\"url\":\"https:\/\/narteks.net\/wp-content\/uploads\/narteks.png\",\"contentUrl\":\"https:\/\/narteks.net\/wp-content\/uploads\/narteks.png\",\"width\":300,\"height\":90,\"caption\":\"narteks.net\"},\"image\":{\"@id\":\"https:\/\/narteks.net\/#\/schema\/logo\/image\/\"},\"sameAs\":[\"https:\/\/x.com\/narteks\",\"https:\/\/instagram.com\/narteksnet\"]},{\"@type\":\"Person\",\"@id\":\"https:\/\/narteks.net\/#\/schema\/person\/61f37d9834294b72d31d274e7ed79bca\",\"name\":\"Tar\u0131k\",\"image\":{\"@type\":\"ImageObject\",\"inLanguage\":\"tr\",\"@id\":\"https:\/\/narteks.net\/#\/schema\/person\/image\/\",\"url\":\"https:\/\/secure.gravatar.com\/avatar\/50865afb55632c4ae467e0af0930f6510aa2297d8014be502a55b14f3b7550cf?s=96&d=mm&r=g\",\"contentUrl\":\"https:\/\/secure.gravatar.com\/avatar\/50865afb55632c4ae467e0af0930f6510aa2297d8014be502a55b14f3b7550cf?s=96&d=mm&r=g\",\"caption\":\"Tar\u0131k\"},\"sameAs\":[\"http:\/\/narteks.net\"],\"url\":\"https:\/\/narteks.net\/index.php\/author\/narbak\/\"}]}<\/script>\n<!-- \/ Yoast SEO Premium plugin. -->","yoast_head_json":{"title":"Y\u00f6ntem \u00dczerine Konu\u015fma | Rene Descartes - narteks.net","robots":{"index":"index","follow":"follow","max-snippet":"max-snippet:-1","max-image-preview":"max-image-preview:large","max-video-preview":"max-video-preview:-1"},"canonical":"https:\/\/narteks.net\/index.php\/2011\/03\/10\/yontem-uzerine-konusma-rene-descartes\/","og_locale":"tr_TR","og_type":"article","og_title":"Y\u00f6ntem \u00dczerine Konu\u015fma | Rene Descartes","og_description":"Sa\u011fduyu d\u00fcnyan\u0131n en iyi payla\u015f\u0131lm\u0131\u015f \u015feyidir: \u00e7\u00fcnk\u00fc her ki\u015fi ondan \u00e7ok iyi pay alm\u0131\u015f oldu\u011funu d\u00fc\u015f\u00fcn\u00fcr, her \u015feyden \u00e7ok g\u00fc\u00e7 ho\u015fnut olanlar bile kendilerinde bulunan sa\u011fduyudan daha \u00e7o\u011funu istemeye al\u0131\u015f\u0131k de\u011fildirler. Bu konuda herkesin yan\u0131lmas\u0131 olas\u0131 de\u011fildir: ama bu daha \u00e7ok asl\u0131nda sa\u011fduyu ya da us denilen iyi yarg\u0131lama ve do\u011fruyla yanl\u0131\u015f\u0131 ay\u0131rt edebilme g\u00fcc\u00fcn\u00fcn [&hellip;]","og_url":"https:\/\/narteks.net\/index.php\/2011\/03\/10\/yontem-uzerine-konusma-rene-descartes\/","og_site_name":"narteks.net","article_published_time":"2011-03-10T14:37:17+00:00","og_image":[{"url":"http:\/\/www.fdk.yildiz.edu.tr\/Images\/Descartes.jpg","type":"","width":"","height":""}],"author":"Tar\u0131k","twitter_card":"summary_large_image","twitter_creator":"@narteks","twitter_site":"@narteks","twitter_misc":{"Yazan:":"Tar\u0131k","Tahmini okuma s\u00fcresi":"3 dakika"},"schema":{"@context":"https:\/\/schema.org","@graph":[{"@type":"Article","@id":"https:\/\/narteks.net\/index.php\/2011\/03\/10\/yontem-uzerine-konusma-rene-descartes\/#article","isPartOf":{"@id":"https:\/\/narteks.net\/index.php\/2011\/03\/10\/yontem-uzerine-konusma-rene-descartes\/"},"author":{"name":"Tar\u0131k","@id":"https:\/\/narteks.net\/#\/schema\/person\/61f37d9834294b72d31d274e7ed79bca"},"headline":"Y\u00f6ntem \u00dczerine Konu\u015fma | Rene Descartes","datePublished":"2011-03-10T14:37:17+00:00","mainEntityOfPage":{"@id":"https:\/\/narteks.net\/index.php\/2011\/03\/10\/yontem-uzerine-konusma-rene-descartes\/"},"wordCount":657,"commentCount":0,"publisher":{"@id":"https:\/\/narteks.net\/#organization"},"image":{"@id":"https:\/\/narteks.net\/index.php\/2011\/03\/10\/yontem-uzerine-konusma-rene-descartes\/#primaryimage"},"thumbnailUrl":"http:\/\/www.fdk.yildiz.edu.tr\/Images\/Descartes.jpg","articleSection":["Felsefe (Genel)"],"inLanguage":"tr","potentialAction":[{"@type":"CommentAction","name":"Comment","target":["https:\/\/narteks.net\/index.php\/2011\/03\/10\/yontem-uzerine-konusma-rene-descartes\/#respond"]}]},{"@type":"WebPage","@id":"https:\/\/narteks.net\/index.php\/2011\/03\/10\/yontem-uzerine-konusma-rene-descartes\/","url":"https:\/\/narteks.net\/index.php\/2011\/03\/10\/yontem-uzerine-konusma-rene-descartes\/","name":"Y\u00f6ntem \u00dczerine Konu\u015fma | Rene Descartes - narteks.net","isPartOf":{"@id":"https:\/\/narteks.net\/#website"},"primaryImageOfPage":{"@id":"https:\/\/narteks.net\/index.php\/2011\/03\/10\/yontem-uzerine-konusma-rene-descartes\/#primaryimage"},"image":{"@id":"https:\/\/narteks.net\/index.php\/2011\/03\/10\/yontem-uzerine-konusma-rene-descartes\/#primaryimage"},"thumbnailUrl":"http:\/\/www.fdk.yildiz.edu.tr\/Images\/Descartes.jpg","datePublished":"2011-03-10T14:37:17+00:00","breadcrumb":{"@id":"https:\/\/narteks.net\/index.php\/2011\/03\/10\/yontem-uzerine-konusma-rene-descartes\/#breadcrumb"},"inLanguage":"tr","potentialAction":[{"@type":"ReadAction","target":["https:\/\/narteks.net\/index.php\/2011\/03\/10\/yontem-uzerine-konusma-rene-descartes\/"]}]},{"@type":"ImageObject","inLanguage":"tr","@id":"https:\/\/narteks.net\/index.php\/2011\/03\/10\/yontem-uzerine-konusma-rene-descartes\/#primaryimage","url":"http:\/\/www.fdk.yildiz.edu.tr\/Images\/Descartes.jpg","contentUrl":"http:\/\/www.fdk.yildiz.edu.tr\/Images\/Descartes.jpg"},{"@type":"BreadcrumbList","@id":"https:\/\/narteks.net\/index.php\/2011\/03\/10\/yontem-uzerine-konusma-rene-descartes\/#breadcrumb","itemListElement":[{"@type":"ListItem","position":1,"name":"Anasayfa","item":"https:\/\/narteks.net\/"},{"@type":"ListItem","position":2,"name":"Y\u00f6ntem \u00dczerine Konu\u015fma | Rene Descartes"}]},{"@type":"WebSite","@id":"https:\/\/narteks.net\/#website","url":"https:\/\/narteks.net\/","name":"narteks.net","description":"K\u00fclt\u00fcr Sanat Edebiyat Felsefe","publisher":{"@id":"https:\/\/narteks.net\/#organization"},"alternateName":"K\u00fclt\u00fcr Sanat Edebiyat Felsefe","potentialAction":[{"@type":"SearchAction","target":{"@type":"EntryPoint","urlTemplate":"https:\/\/narteks.net\/?s={search_term_string}"},"query-input":{"@type":"PropertyValueSpecification","valueRequired":true,"valueName":"search_term_string"}}],"inLanguage":"tr"},{"@type":"Organization","@id":"https:\/\/narteks.net\/#organization","name":"narteks.net","url":"https:\/\/narteks.net\/","logo":{"@type":"ImageObject","inLanguage":"tr","@id":"https:\/\/narteks.net\/#\/schema\/logo\/image\/","url":"https:\/\/narteks.net\/wp-content\/uploads\/narteks.png","contentUrl":"https:\/\/narteks.net\/wp-content\/uploads\/narteks.png","width":300,"height":90,"caption":"narteks.net"},"image":{"@id":"https:\/\/narteks.net\/#\/schema\/logo\/image\/"},"sameAs":["https:\/\/x.com\/narteks","https:\/\/instagram.com\/narteksnet"]},{"@type":"Person","@id":"https:\/\/narteks.net\/#\/schema\/person\/61f37d9834294b72d31d274e7ed79bca","name":"Tar\u0131k","image":{"@type":"ImageObject","inLanguage":"tr","@id":"https:\/\/narteks.net\/#\/schema\/person\/image\/","url":"https:\/\/secure.gravatar.com\/avatar\/50865afb55632c4ae467e0af0930f6510aa2297d8014be502a55b14f3b7550cf?s=96&d=mm&r=g","contentUrl":"https:\/\/secure.gravatar.com\/avatar\/50865afb55632c4ae467e0af0930f6510aa2297d8014be502a55b14f3b7550cf?s=96&d=mm&r=g","caption":"Tar\u0131k"},"sameAs":["http:\/\/narteks.net"],"url":"https:\/\/narteks.net\/index.php\/author\/narbak\/"}]}},"_links":{"self":[{"href":"https:\/\/narteks.net\/index.php\/wp-json\/wp\/v2\/posts\/5850","targetHints":{"allow":["GET"]}}],"collection":[{"href":"https:\/\/narteks.net\/index.php\/wp-json\/wp\/v2\/posts"}],"about":[{"href":"https:\/\/narteks.net\/index.php\/wp-json\/wp\/v2\/types\/post"}],"author":[{"embeddable":true,"href":"https:\/\/narteks.net\/index.php\/wp-json\/wp\/v2\/users\/1"}],"replies":[{"embeddable":true,"href":"https:\/\/narteks.net\/index.php\/wp-json\/wp\/v2\/comments?post=5850"}],"version-history":[{"count":0,"href":"https:\/\/narteks.net\/index.php\/wp-json\/wp\/v2\/posts\/5850\/revisions"}],"wp:attachment":[{"href":"https:\/\/narteks.net\/index.php\/wp-json\/wp\/v2\/media?parent=5850"}],"wp:term":[{"taxonomy":"category","embeddable":true,"href":"https:\/\/narteks.net\/index.php\/wp-json\/wp\/v2\/categories?post=5850"},{"taxonomy":"post_tag","embeddable":true,"href":"https:\/\/narteks.net\/index.php\/wp-json\/wp\/v2\/tags?post=5850"}],"curies":[{"name":"wp","href":"https:\/\/api.w.org\/{rel}","templated":true}]}}