{"id":5860,"date":"2011-03-10T19:50:14","date_gmt":"2011-03-10T16:50:14","guid":{"rendered":"http:\/\/localhost\/wordpress\/2011\/03\/10\/enternasyonal-icindeki-sahte-bolunmeler-birinci-bolum-marks-engels\/"},"modified":"2011-03-10T19:50:14","modified_gmt":"2011-03-10T16:50:14","slug":"enternasyonal-icindeki-sahte-bolunmeler-birinci-bolum-marks-engels","status":"publish","type":"post","link":"https:\/\/narteks.net\/index.php\/2011\/03\/10\/enternasyonal-icindeki-sahte-bolunmeler-birinci-bolum-marks-engels\/","title":{"rendered":"Enternasyonal \u0130\u00e7indeki Sahte B\u00f6l\u00fcnmeler | Birinci B\u00f6l\u00fcm &#8211; Marks &#8211; Engels"},"content":{"rendered":"<p style=\"text-align: justify;\"><img loading=\"lazy\" decoding=\"async\" src=\"http:\/\/www.ortakyasam.org\/hermes\/bosweb\/web008\/images\/image\/marx_engels.jpg\" border=\"0\" width=\"155\" height=\"205\" style=\"float: left;\" \/>\u015e\u0130MD\u0130YE dek, Genel Konsey, Enternasyonalin i\u00e7 \u00e7eki\u015fmelerine herhangi bir bi\u00e7imde m\u00fcdahale etmekten tamam\u0131yla ka\u00e7\u0131nm\u0131\u015f ve Birli\u011fin baz\u0131 \u00fcyeleri taraf\u0131ndan iki y\u0131ldan fazla bir zamand\u0131r kendisine kar\u015f\u0131 giri\u015filen a\u00e7\u0131k sald\u0131r\u0131lara hi\u00e7 bir zaman a\u00e7\u0131k\u00e7a yan\u0131t vermemi\u015ftir.<br \/> Ama, Enternasyonal ile, kuruldu\u011fundan beri ona kar\u015f\u0131 d\u00fc\u015fmanl\u0131k etmi\u015f bir dernek[1*] aras\u0131ndaki kafa kar\u0131\u015f\u0131kl\u0131\u011f\u0131n\u0131 baz\u0131 d\u00fczenbazlar\u0131n kas\u0131tl\u0131 olarak s\u00fcrd\u00fcrmek yolundaki inat\u00e7\u0131 \u00e7abalar\u0131 kar\u015f\u0131s\u0131nda, Genel Konsey, bu suskunlu\u011funu s\u00fcrd\u00fcrebildiyse bile, kuruldu\u011fundan bu yana Enternasyonalin en ciddi s\u0131nav\u0131n\u0131 verdi\u011fi bir s\u0131ra, bu derne\u011fin yaratt\u0131\u011f\u0131 skandallar sayesinde Avrupa gericili\u011finin sa\u011flad\u0131\u011f\u0131 destek, Genel (sayfa 296) Konseyi, b\u00fct\u00fcn bu entrikalara ili\u015fkin tarihsel ger\u00e7ekleri ortaya koymakla y\u00fck\u00fcml\u00fc k\u0131lmaktad\u0131r.<br \/>I<br \/> Genel Konseyin Paris Kom\u00fcn\u00fcn\u00fcn d\u00fc\u015fmesinden sonraki ilk eylemi, Fransa&#8217;da \u0130\u00e7 Sava\u015f konusundaki \u00c7a\u011fr\u0131s\u0131n\u0131 yay\u0131nlamak oldu ve, burada, Kom\u00fcn\u00fcn o anda burjuvazinin, bas\u0131n\u0131n ve Avrupa h\u00fck\u00fcmetlerinin, yenik d\u00fc\u015fm\u00fc\u015f Parislilere en a\u015fa\u011f\u0131l\u0131k iftiralar ya\u011fd\u0131rmalar\u0131na bahane yaratan b\u00fct\u00fcn eylemlerine arka \u00e7\u0131kt\u0131. Bizzat i\u015f\u00e7i s\u0131n\u0131f\u0131ndan olan baz\u0131lar\u0131 bile davalar\u0131n\u0131n yitirilmi\u015f oldu\u011funu h\u00e2l\u00e2 anlam\u0131yorlard\u0131. Konsey, bu ger\u00e7e\u011fi, \u00f6teki \u015feyler yan\u0131nda, iki \u00fcyesinin, \u00e7a\u011fr\u0131da yeralan arka \u00e7\u0131kman\u0131n t\u00fcm\u00fcn\u00fc reddeden Yurtta\u015f Odger ve Lucraft&#8217;\u0131n, istifalar\u0131yla anlad\u0131. Paris olaylar\u0131na ili\u015fkin olarak i\u015f\u00e7i s\u0131n\u0131f\u0131 saflar\u0131ndaki g\u00f6r\u00fc\u015f birli\u011finin, bu \u00e7a\u011fr\u0131n\u0131n b\u00fct\u00fcn uygar \u00fclkelerde yay\u0131nlanmas\u0131yla sa\u011fland\u0131\u011f\u0131 s\u00f6ylenebilir.<br \/> \u00d6te yandan, Enternasyonal, burjuva bas\u0131n\u0131nda ve \u00f6zellikle \u00f6nde gelen \u0130ngiliz gazetelerinde \u00e7ok g\u00fc\u00e7l\u00fc bir propaganda olana\u011f\u0131 bulmu\u015ftur; \u00c7a\u011fr\u0131, bunlar\u0131, Genel Konseyin yan\u0131tlar\u0131yla s\u00fcrd\u00fcr\u00fclen polemi\u011fe kat\u0131lmaya zorlam\u0131\u015ft\u0131r.<br \/> \u00c7ok say\u0131da Kom\u00fcn m\u00fcltecisinin Londra&#8217;ya gelmesi, Genel Konseyin bir Yard\u0131m Komitesi halini almas\u0131n\u0131 ve sekiz ay\u0131 a\u015fk\u0131n bir s\u00fcre, ola\u011fan g\u00f6revlerini y\u00fcr\u00fctmenin yan\u0131s\u0131ra, bu i\u015flevi de yerine getirmesini gerektirdi. S\u00f6ylemeye gerek yok ki, Kom\u00fcn\u00fcn yenik d\u00fc\u015fm\u00fc\u015f ve s\u00fcr\u00fclm\u00fc\u015f ki\u015filerinin burjuvaziden bekledikleri hi\u00e7 bir \u015fey yoktu. \u0130\u015f\u00e7i s\u0131n\u0131f\u0131na gelince, yard\u0131m \u00e7a\u011fr\u0131lar\u0131 zor bir ana rastlad\u0131. \u0130svi\u00e7re ve Bel\u00e7ika, desteklemek ya da Londra&#8217;ya g\u00f6ndermek durumunda kald\u0131klar\u0131 m\u00fcltecilerden kendilerine d\u00fc\u015fen pay\u0131 zaten alm\u0131\u015f bulunuyorlard\u0131. Almanya&#8217;da, Avusturya&#8217;da ve \u0130spanya&#8217;da toplanan fonlar, \u0130svi\u00e7re&#8217;ye g\u00f6nderilmi\u015fti. Sonuncu hesapla\u015fmas\u0131 Newcastle&#8217;da yer alm\u0131\u015f olan \u0130ngiltere&#8217;deki dokuz saatlik i\u015fg\u00fcn\u00fc i\u00e7in verilen b\u00fcy\u00fck sava\u015f,[205] hem i\u015f\u00e7ilerin bireysel katk\u0131lar\u0131n\u0131 ve hem de, asl\u0131nda, t\u00fcz\u00fck gere\u011fince, ancak i\u015f uyu\u015fmazl\u0131klar\u0131 i\u00e7in kullan\u0131labilecek olan Trade-Unionlar\u0131n kurduklar\u0131 fonlar\u0131 t\u00fcketmi\u015fti. Bu arada Konsey, her hafta da\u011f\u0131tt\u0131\u011f\u0131 (sayfa 297) paray\u0131, titiz bir \u00e7al\u0131\u015fmayla ve yaz\u0131\u015fmayla k\u0131d\u0131m k\u0131d\u0131m bir araya getirebildi. Amerikal\u0131 i\u015f\u00e7iler bu \u00e7a\u011fr\u0131ya istenilenden daha c\u00f6mert\u00e7e kar\u015f\u0131l\u0131k verdiler. Konsey, deh\u015fete kap\u0131lm\u0131\u015f burjuvazinin Enternasyonalin kasalar\u0131nda istiflenmi\u015f oldu\u011funa inand\u0131\u011f\u0131 milyonlar\u0131 ne yaz\u0131k ki kullanamam\u0131\u015ft\u0131r!<br \/> May\u0131s 1871&#8217;den sonra, Kom\u00fcn m\u00fcltecilerinin baz\u0131lar\u0131ndan, sava\u015f y\u00fcz\u00fcnden i\u00e7ersinde Frans\u0131z taraf\u0131n\u0131n art\u0131k temsil edilmedi\u011fi Konseye kat\u0131lmalar\u0131 istendi. Yeni \u00fcyeler aras\u0131nda, baz\u0131 eski enternasyonalciler ve devrimci enerjileriyle tan\u0131nan ve se\u00e7ilmeleri Paris Kom\u00fcn\u00fcne ba\u011fl\u0131l\u0131k belirtisi olan kimselerden olu\u015fan k\u00fc\u00e7\u00fck bir az\u0131nl\u0131k vard\u0131.<br \/> B\u00fct\u00fcn bu s\u0131k\u0131nt\u0131lar aras\u0131nda Konsey, bir de, o s\u0131ra toplant\u0131ya \u00e7a\u011f\u0131rm\u0131\u015f oldu\u011fu Delegeler Konferans\u0131 i\u00e7in haz\u0131rlanmak zorundayd\u0131.[206]<br \/> Bonapart\u00e7\u0131 h\u00fck\u00fcmet taraf\u0131ndan Enternasyonale kar\u015f\u0131 al\u0131nm\u0131\u015f olan sert \u00f6nlemler, Basle Kongresinin bir karar\u0131 uyar\u0131nca Paris&#8217;te toplanmas\u0131 gereken Kongrenin yap\u0131lmas\u0131n\u0131 engellemi\u015fti. Genel Konsey, T\u00fcz\u00fc\u011f\u00fcn 4. maddesinin kendisine verdi\u011fi yetkiyi kullanarak, 12 Temmuz 1870 tarihli tamimi ile Kongreyi Mainz&#8217;de toplad\u0131. Ayn\u0131 s\u0131rada, \u00e7e\u015fitli federasyonlara g\u00f6nderdi\u011fi mektuplarda, Genel Konseyin yerinin \u0130ngiltere&#8217;den bir ba\u015fka \u00fclkeye aktar\u0131lmas\u0131n\u0131 \u00f6nerdi ve delegelere bu konuda kesin yetki verilmesini istedi. Federasyonlar, oybirli\u011fi ile, Genel Konseyin Londra&#8217;da kalmas\u0131nda \u0131srar ettiler. Bundan birka\u00e7 g\u00fcn sonra ba\u015flayan Fransa-Prusya sava\u015f\u0131, Kongreyi toplama konusundaki her t\u00fcrl\u00fc plan\u0131n bir yana b\u0131rak\u0131lmas\u0131n\u0131 gerektirdi. Dan\u0131\u015ft\u0131\u011f\u0131m\u0131z federasyonlar\u0131n, bize, gelecek Kongrenin tarihini siyasal duruma g\u00f6re saptama yetkisini vermeleri bundan sonrad\u0131r.<br \/> Siyasal durum izin verir vermez, Genel Konsey, 1865 Konferans\u0131n\u0131 ve her Kongrenin kapal\u0131 y\u00f6netsel oturumlar\u0131n\u0131 \u00f6rnek alan kapal\u0131 bir konferans toplad\u0131. Jules Favre&#8217;\u0131n b\u00fct\u00fcn h\u00fck\u00fcmetlerden, \u0130ngilizlerden bile, m\u00fcltecilerin adi su\u00e7lular olarak iadelerini istedi\u011fi; Dufaure&#8217;un Tar\u0131m Meclisine Enternasyonali yasaklayan bir yasa -ki sonradan bunun iki y\u00fczl\u00fc bir kopyas\u0131n\u0131 Malon Bel\u00e7ikal\u0131lara sunmu\u015ftur- \u00f6nerdi\u011fi;[207] \u0130svi\u00e7re&#8217;de, bir Kom\u00fcn m\u00fcltecisinin, federal h\u00fck\u00fcmetin kendisi hakk\u0131nda geri iade edilme karar\u0131 almas\u0131n\u0131 beklerken g\u00f6zalt\u0131na al\u0131nd\u0131\u011f\u0131; Enternasyonal \u00fcyelerinin (sayfa 298) avlanmas\u0131n\u0131n Beust ile Bismarck aras\u0131ndaki ittifak\u0131n a\u00e7\u0131k temeli oldu\u011fu ve Victor-Emmanuel&#8217;in bu ittifak\u0131n anti-Enternasyonal h\u00fckm\u00fcn\u00fc derhal benimsedi\u011fi; kendisini tamam\u0131yla Versailles kasaplar\u0131n\u0131n emrine veren \u0130spanyol h\u00fck\u00fcmetinin Madrid Federal Konseyini Portekiz&#8217;e iltica etmeye zorlad\u0131\u011f\u0131;[208] son olarak, Enternasyonalin ilk g\u00f6revinin kendi \u00f6rg\u00fct\u00fcn\u00fc g\u00fc\u00e7lendirmek ve h\u00fck\u00fcmetlerin yapt\u0131\u011f\u0131 d\u00fcello \u00e7a\u011fr\u0131s\u0131n\u0131 kabul etmek oldu\u011fu bir s\u0131rada, a\u00e7\u0131k bir Kongre yapmak olanaks\u0131zd\u0131 ve bu olsa olsa k\u0131ta delegelerinin ihbar edilmeleri sonucunu verirdi.<br \/> Genel Konsey ile d\u00fczenli ili\u015fki i\u00e7ersinde olan b\u00fct\u00fcn kesimlerin, a\u00e7\u0131k bir toplant\u0131 olmasa bile, ciddi g\u00fc\u00e7l\u00fcklerle kar\u015f\u0131 kar\u015f\u0131ya olan bir Konferansa \u00e7a\u011fr\u0131lmalar\u0131 uygun bir zamanda oldu. Fransa, i\u00e7inde bulundu\u011fu durum y\u00fcz\u00fcnden, elbette, delegelerini se\u00e7emedi. \u0130talya&#8217;da o s\u0131ra \u00f6rg\u00fctl\u00fc tek kesim Napoli kesimiydi; ama tam bir delege \u00f6nerece\u011fi s\u0131rada ordu taraf\u0131ndan da\u011f\u0131t\u0131ld\u0131. Avusturya ve Macaristan&#8217;da en faal \u00fcyeler hapse at\u0131lm\u0131\u015flard\u0131. Almanya&#8217;da en \u00e7ok tan\u0131nan \u00fcyelerden baz\u0131lar\u0131 vatana ihanet su\u00e7undan mahkum olmu\u015flar, \u00f6tekiler ise i\u00e7eri at\u0131lm\u0131\u015flar ve partinin fonlar\u0131 bunlar\u0131n ailelerine yard\u0131m i\u00e7in harcanm\u0131\u015ft\u0131. Amerikal\u0131lar, Konferansa Enternasyonalin oradaki durumuna ili\u015fkin ayr\u0131nt\u0131l\u0131 bir muht\u0131ra g\u00f6nderdiyseler de, delegasyona ait paray\u0131 m\u00fclteciler i\u00e7in kullanm\u0131\u015flard\u0131. B\u00fct\u00fcn federasyonlar, asl\u0131nda, a\u00e7\u0131k bir kongrenin yerine kapal\u0131 bir konferans\u0131n yap\u0131lmas\u0131 gereklili\u011fini kabul etmi\u015flerdi.<br \/> 17-23 Eyl\u00fcl 1871 tarihleri aras\u0131nda Londra&#8217;da yap\u0131lan toplant\u0131dan sonra, Konferans, Genel Konseye, ald\u0131\u011f\u0131 kararlar\u0131 yay\u0131nlama, y\u00f6netmelikleri birle\u015ftirme ve bunlar\u0131 g\u00f6zden ge\u00e7irilmi\u015f ve d\u00fczeltilmi\u015f Genel T\u00fcz\u00fck ile birlikte \u00fc\u00e7 dilden yay\u0131nlama, \u00fcyelik kartlar\u0131n\u0131n yerini m\u00fch\u00fcrl\u00fc belgelerin almas\u0131 yolundaki karar\u0131 uygulama, \u0130ngiltere&#8217;deki Enternasyonali yeniden \u00f6rg\u00fctleme,[209] ve, son olarak, bu \u00e7e\u015fitli i\u015fler i\u00e7in gerekli paray\u0131 sa\u011flama yetkisini verdi.<br \/> Konferans belgelerinin yay\u0131nlanmas\u0131n\u0131n ard\u0131ndan gerici bas\u0131n, Paris&#8217;ten Moskova&#8217;ya, Londra&#8217;dan New-York&#8217;a kadar, i\u015f\u00e7i s\u0131n\u0131f\u0131 politikas\u0131 konusundaki karar\u0131n Enternasyonalin (sayfa 299) derhal yasa-d\u0131\u015f\u0131 b\u0131rak\u0131lmas\u0131n\u0131 gerektirecek kadar tehlikeli tertipler i\u00e7erdi\u011fini -Times bu karar\u0131 &#8220;so\u011fukkanl\u0131l\u0131kla hesaplanm\u0131\u015f bir k\u00fcstahl\u0131k&#8221; diye su\u00e7lad\u0131- ilan etti. \u00d6te yandan, sahtekar sekter kesimlere a\u011f\u0131r bir darbe indiren karar,[210] uluslararas\u0131 polise Genel Konseyin ve Konferans\u0131n al\u00e7ak\u00e7a despotlu\u011funa kar\u015f\u0131 s\u00f6z\u00fcmona korudu\u011fu i\u015f\u00e7ilerin s\u0131n\u0131rs\u0131z \u00f6zg\u00fcrl\u00fckleri konusunda g\u00fcr\u00fclt\u00fcl\u00fc bir kampanya ba\u015flatmak \u00fczere uzun zamand\u0131r bekledi\u011fi f\u0131rsat\u0131 verdi. \u0130\u015f\u00e7i s\u0131n\u0131f\u0131 kendisini o denli &#8220;a\u011f\u0131r bir bask\u0131 alt\u0131nda&#8221; hissetti ki, Genel Konseye, Avrupa&#8217;dan, Amerika&#8217;dan, Avustralya&#8217;dan hatta Hindistan ve G\u00fcney-Do\u011fu Asya&#8217;dan yeni \u00fcyelerin al\u0131nmas\u0131 ve yeni kesimlerin kurulmas\u0131 yolunda raporlar geldi.<\/p>\n<p>II<br \/> Uluslararas\u0131 polisin yak\u0131nmalar\u0131na benzer ihbarlar\u0131n burjuva bas\u0131n\u0131nda yeralmas\u0131 bizim Birli\u011fin i\u00e7inde bile yank\u0131lar uyand\u0131rd\u0131. G\u00f6r\u00fcn\u00fc\u015fte Genel Konseye, ama asl\u0131nda Birli\u011fe y\u00f6neltilmi\u015f baz\u0131 entrikalara giri\u015fildi. Bu entrikalar\u0131n ard\u0131nda Rus Mihayl Bakunin&#8217;in babal\u0131k etti\u011fi ka\u00e7\u0131n\u0131lmas\u0131 olanaks\u0131z Uluslararas\u0131 Sosyalist Demokrasi \u0130ttifak\u0131 vard\u0131. Bakunin, Sibirya&#8217;dan d\u00f6n\u00fc\u015f\u00fcnde, Herzen&#8217;in Kolokol&#8217;unda[211] yazmaya ve uzun deneyimlerinin sonucu olan Pan-slavizm ve \u0131rk sava\u015f\u0131 d\u00fc\u015f\u00fcncelerini yaymaya ba\u015flad\u0131.[212] Daha sonra, \u0130svi\u00e7re&#8217;de bulundu\u011fu s\u0131ra, kendisine Enternasyonale kar\u015f\u0131 kurulmu\u015f olan Bar\u0131\u015f ve \u00d6zg\u00fcrl\u00fck Ligas\u0131n\u0131n[213][214] Liga ile ittifak kurmas\u0131n\u0131 \u00f6nerdi. Kongre, oybirli\u011fi ile, iki se\u00e7enek \u00f6nerdi: Liga ya Enternasyonal ile ayn\u0131 amac\u0131 ta\u015f\u0131yordur, ki bu durumda varolmas\u0131 i\u00e7in bir neden yoktur; ya da amac\u0131 farkl\u0131d\u0131r, ki bu durumda bir ittifak olanaks\u0131zd\u0131r. Bakunin, birka\u00e7 g\u00fcn sonra, Ligan\u0131n Bern&#8217;de toplanan Kongresinde, tersy\u00fcz etti. Derme-\u00e7atma bir program \u00f6nerdi, bu program\u0131n bilimsel de\u011feri \u015fu tek t\u00fcmcecikten anla\u015f\u0131labilir: &#8220;s\u0131n\u0131flar\u0131n iktisad\u0131 ve toplumsal e\u015fitli\u011fi.&#8221;[215] \u00d6nemsiz bir (sayfa 300) az\u0131nl\u0131k taraf\u0131ndan desteklenince, Enternasyonalin Genel T\u00fcz\u00fc\u011f\u00fcn\u00fcn yerine Ligan\u0131n reddetmi\u015f oldu\u011fu bu derme-\u00e7atma program\u0131 ge\u00e7irmeyi ve Genel Konseyin yerine kendi ki\u015fisel diktat\u00f6rl\u00fc\u011f\u00fcn\u00fc ge\u00e7irmeyi kafas\u0131na koyup, Enternasyonale kat\u0131lmak \u00fczere, Birlikten ayr\u0131ld\u0131. Ve bu ama\u00e7la Enternasyonal i\u00e7inde Enternasyonal olmay\u0131 ama\u00e7layan \u00f6zel bir ara\u00e7 yaratt\u0131 &#8211; Uluslararas\u0131 Sosyalist Demokrasi \u0130ttifak\u0131.<br \/> Bakunin bu derne\u011fin kurulmas\u0131 i\u00e7in gerekli unsurlar\u0131, \u0130talya&#8217;da bulundu\u011fu s\u0131ra kurmu\u015f oldu\u011fu ili\u015fkilerde ve kendisine \u00f6zel g\u00f6revliler olarak ve \u0130svi\u00e7re&#8217;de, Fransa&#8217;da ve \u0130spanya&#8217;da Enternasyonalin \u00fcyeleri aras\u0131ndan adam bulmada hizmet eden k\u00fc\u00e7\u00fck bir Rus m\u00fclteci grubunda buldu. Ama ancak Bel\u00e7ika ve Paris Federal Konseylerinin \u0130ttifak\u0131 tan\u0131may\u0131 pe\u015fpe\u015fe reddetmelerinden sonrad\u0131r ki, &#8220;yanl\u0131\u015f anla\u015f\u0131lm\u0131\u015f&#8221; Bern program\u0131n\u0131n sad\u0131k bir kopyas\u0131ndan ba\u015fka bir \u015fey olmayan yeni derne\u011fin t\u00fcz\u00fc\u011f\u00fcn\u00fc Genel Konseyin onay\u0131na sunmaya karar verdi. Konsey buna 22 Aral\u0131k 1868 tarihli \u015fu tamimle kar\u015f\u0131l\u0131k verdi:<\/p>\n<p>GENEL KONSEYDEN ULUSLARARASI SOSYAL\u0130ST DEMOKRAS\u0130 \u0130TT\u0130FAKINA<\/p>\n<p> Bir ay kadar \u00f6nce, baz\u0131 yurtta\u015flar , &#8220;siyasal ve felsefi sorunlar\u0131 y\u00fcce e\u015fitlik, vb. ilkesi temeli \u00fczerinde incelemenin kendi \u00f6zel g\u00f6revleri&#8221; oldu\u011funu belirterek, Cenevre&#8217;de, Uluslararas\u0131 Sosyalist Demokrasi \u0130ttifak\u0131 ad\u0131n\u0131 ta\u015f\u0131yan yeni bir uluslararas\u0131 derne\u011fin Giri\u015fimci Merkez Komitesini kurdular.<br \/> Bu Giri\u015fimci Komite taraf\u0131ndan yay\u0131nlanan program ve t\u00fcz\u00fck, Uluslararas\u0131 \u0130\u015f\u00e7i Birli\u011finin Genel Konseyine ancak 15 Aral\u0131k 1868&#8217;de iletilmi\u015ftir. Bu belgelere g\u00f6re, ad\u0131 ge\u00e7en \u0130ttifak, &#8220;Enternasyonalin i\u00e7inde tamamen erimi\u015ftir&#8221; ve ayn\u0131 zamanda da, Birli\u011fin tamamen d\u0131\u015f\u0131nda kurulmu\u015ftur. S\u0131ras\u0131yla Cenevre,[216][217] ve Br\u00fcksel kongrelerinde se\u00e7ilmi\u015f olan Genel Konseyin yan\u0131s\u0131ra, Giri\u015fimci Komitenin haz\u0131rlad\u0131\u011f\u0131 t\u00fcz\u00fck gere\u011fince, Cenevre&#8217;de kendi kendini atayan bir ba\u015fka Genel Konsey olacakt\u0131r. Enternasyonalin yerel gruplar\u0131n\u0131n yan\u0131s\u0131ra, \u0130ttifak\u0131n, Enternasyonalin ulusal b\u00fcrolar\u0131ndan ba\u011f\u0131ms\u0131z \u00e7al\u0131\u015fan kendi ulusal b\u00fcrolar\u0131 arac\u0131l\u0131\u011f\u0131 ile &#8220;\u0130ttifak\u0131n (sayfa 301) Merkez B\u00fcrosundan Enternasyonale kabul edilmelerini isteyecek&#8221; yerel gruplar\u0131 olacakt\u0131r; \u0130ttifak merkez komitesi, Enternasyonale b\u00f6ylece kat\u0131lma hakk\u0131n\u0131 kendinde g\u00f6rmektedir. Son olarak, Uluslararas\u0131 \u0130\u015f\u00e7i Birli\u011fi Genel Kongresinin tayda\u015f\u0131, \u0130ttifak\u0131n Genel Kongresinde de yer alacakt\u0131r, \u00e7\u00fcnk\u00fc, Giri\u015fimci Komitenin t\u00fcz\u00fc\u011f\u00fcnde belirtildi\u011fi gibi, Uluslararas\u0131 Sosyalist Demokrasi \u0130ttifak\u0131 delegasyonu, y\u0131ll\u0131k i\u015f\u00e7i kongresinde Uluslararas\u0131 \u0130\u015f\u00e7i Birli\u011finin bir \u015fubesi olarak, &#8220;kendi toplant\u0131s\u0131n\u0131 ayr\u0131 bir binada yapacakt\u0131r&#8221;.<br \/> Uluslararas\u0131 \u0130\u015f\u00e7i Birli\u011finin hem i\u00e7inde ve hem de d\u0131\u015f\u0131nda faaliyet g\u00f6steren ikinci bir uluslararas\u0131 organ\u0131n varl\u0131\u011f\u0131n\u0131n bu Birli\u011fi da\u011f\u0131tman\u0131n en emin yolu olaca\u011f\u0131n\u0131; birka\u00e7 ki\u015finin olu\u015fturdu\u011fu her grubun, herhangi bir yerde, Cenevre giri\u015fimci grubunu taklit etme ve, az\u00e7ok hakl\u0131 gerek\u00e7elerle, Uluslararas\u0131 \u0130\u015f\u00e7i Birli\u011finin i\u00e7ersinde ba\u015fka \u00f6zel g\u00f6revlere sahip ba\u015fka uluslararas\u0131 birlikleri sokma hakk\u0131na sahip olaca\u011f\u0131n\u0131;<br \/> Uluslararas\u0131 \u0130\u015f\u00e7i Birli\u011finin, b\u00f6ylelikle, \u00e7ok ge\u00e7meden, her milliyetten ve partiden entrikac\u0131lar\u0131n oyunca\u011f\u0131 haline gelece\u011fini;<br \/> dahas\u0131, Uluslararas\u0131 \u0130\u015f\u00e7i Birli\u011fi T\u00fcz\u00fc\u011f\u00fcn\u00fcn, \u00fcyeli\u011fe, ancak yerel ve ulusal \u015fubeleri kabul etti\u011fini (bkz: T\u00fcz\u00fc\u011f\u00fcn 1. ve VI. maddeleri);<br \/> Uluslararas\u0131 \u0130\u015f\u00e7i Birli\u011fi kesimlerinin Uluslararas\u0131 Birli\u011fin T\u00fcz\u00fc\u011f\u00fcne ve y\u00f6netmeliklerine ters d\u00fc\u015fen t\u00fcz\u00fck ve y\u00f6netmelikler kabul edemeyeceklerini (bkz: y\u00f6netmeliklerin XII. maddesi);<br \/> Uluslararas\u0131 \u0130\u015f\u00e7i Birli\u011finin T\u00fcz\u00fc\u011f\u00fcn\u00fcn ve Y\u00f6netmeliklerinin ancak Genel Kongre taraf\u0131ndan de\u011fi\u015ftirilebilece\u011fini, bunun i\u00e7in de, haz\u0131r bulunan delegelerin \u00fc\u00e7te-ikisinin b\u00f6yle bir de\u011fi\u015fiklik lehinde oy kullanmalar\u0131 gerekti\u011fini (bkz: y\u00f6netmeliklerin XIII. maddesi);<br \/> Br\u00fcksel&#8217;deki Genel Kongrenin Bar\u0131\u015f Ligas\u0131na kar\u015f\u0131 oybirli\u011fi ile ald\u0131\u011f\u0131 kararlar\u0131nda bu sorunun zaten karara ba\u011flanm\u0131\u015f bulundu\u011funu;<br \/> bu kararlarda, Kongrenin, Bar\u0131\u015f Ligas\u0131n\u0131n var olmas\u0131 i\u00e7in hi\u00e7 bir gerek\u00e7enin bulunmad\u0131\u011f\u0131n\u0131, \u00e7\u00fcnk\u00fc, son a\u00e7\u0131klamalar\u0131na g\u00f6re, amac\u0131n\u0131n ve ilkelerinin Uluslararas\u0131 \u0130\u015f\u00e7i Birli\u011fininkilerle ayn\u0131 oldu\u011funu ilan etti\u011fini; (sayfa 302)<br \/> \u0130ttifak\u0131n Cenevre giri\u015fimci grubunun baz\u0131 \u00fcyelerinin, Br\u00fcksel Kongresi delegeleri olarak, bu kararlar lehinde oy kullanm\u0131\u015f olduklar\u0131n\u0131 g\u00f6z\u00f6n\u00fcne alan Uluslararas\u0131 \u0130\u015f\u00e7i Birli\u011fi Genel Konseyi, 22 Aral\u0131k 1868 tarihli toplant\u0131s\u0131nda, oybirli\u011fi ile \u015fu karara vard\u0131:<br \/> 1) Uluslararas\u0131 Sosyalist Demokrasi \u0130ttifak\u0131n\u0131n t\u00fcz\u00fc\u011f\u00fcn\u00fcn, Uluslararas\u0131 \u0130\u015f\u00e7i Birli\u011fi ile olan ili\u015fkileri belirleyen b\u00fct\u00fcn maddelerinin ge\u00e7ersiz ve anlams\u0131z olduklar\u0131n\u0131 ilan eder.<br \/> 2) Uluslararas\u0131 Sosyalist Demokrasi \u0130ttifak\u0131, Uluslararas\u0131 \u0130\u015f\u00e7i Birli\u011finin \u015fubeli\u011fine kabul edilemez. Lozan<br \/>Londra, 22 Aral\u0131k 1868\u00a0\u00a0\u00a0\u00a0 G. Odger\u00a0\u00a0\u00a0\u00a0 Toplant\u0131 ba\u015fkan\u0131<br \/> R. Shaw\u00a0\u00a0\u00a0\u00a0 Genel Sekreter<\/p>\n<p> Bundan birka\u00e7 ay sonra, \u0130ttifak, Genel Konseye tekrar ba\u015fvurarak, ilkelerinin kabul edilip edilmedi\u011fini sordu; evet mi, hay\u0131r m\u0131? E\u011fer evet ise, \u0130ttifak kendisini Enternasyonalin kesimleri i\u00e7ersinde eritmeye haz\u0131rd\u0131. Buna yan\u0131t olarak 9 Mart 1869 tarihli \u015fu tamimi ald\u0131:<\/p>\n<p>GENEL KONSEYDEN ULUSLARARASI SOSYAL\u0130ST DEMOKRAS\u0130 \u0130TT\u0130FAKI MERKEZ KOM\u0130TES\u0130NE<\/p>\n<p> T\u00fcz\u00fc\u011f\u00fcm\u00fcz\u00fcn 1. maddesine g\u00f6re, Birlik, ayn\u0131 amaca, yani i\u015f\u00e7i s\u0131n\u0131f\u0131n\u0131n kar\u015f\u0131l\u0131kl\u0131 dayan\u0131\u015fmas\u0131na, ilerlemesine ve kesin kurtulu\u015funa y\u00f6nelik b\u00fct\u00fcn i\u015f\u00e7i derneklerini kabul eder.<br \/> \u0130\u015f\u00e7i s\u0131n\u0131f\u0131n\u0131n \u00e7e\u015fitli \u00fclkelerdeki kesimleri kendilerini, farkl\u0131 geli\u015fme ko\u015fullar\u0131 i\u00e7ersinde bulduklar\u0131ndan, bunlar\u0131n ger\u00e7ek hareketi yans\u0131tan teorik g\u00f6r\u00fc\u015fleri de, bunun zorunlu sonucu olarak farkl\u0131 olmaktad\u0131r.<br \/> Ama Uluslararas\u0131 \u0130\u015f\u00e7i Birli\u011fi taraf\u0131ndan kurulan eylem birli\u011fi, de\u011fi\u015fik ulusal kesimlerin yay\u0131n organlar\u0131n\u0131n kolayla\u015ft\u0131rd\u0131\u011f\u0131 d\u00fc\u015f\u00fcnce al\u0131\u015fveri\u015fi ve, son olarak, Genel Kongrelerdeki dolays\u0131z tart\u0131\u015fmalar, ku\u015fkusuz, yava\u015f yava\u015f ortak bir teorik program yaratacakt\u0131r.<br \/> Bundan dolay\u0131, \u0130ttifak\u0131n program\u0131n\u0131 ele\u015ftirel bir incelemeden ge\u00e7irmek Genel Konseyin i\u015fi de\u011fildir. Bunun proleter hareketin yeterli bir ifadesi olup olmad\u0131\u011f\u0131n\u0131 ara\u015ft\u0131rmak zorunda de\u011filiz. Saptamak zorunda oldu\u011fumuz tek \u015fey, bunun Birli\u011fimizin genel e\u011filimine, yani i\u015f\u00e7i s\u0131n\u0131f\u0131n\u0131n kesin kurtulu\u015funa ters d\u00fc\u015fen bir \u015fey i\u00e7erip i\u00e7ermedi\u011fidir. Program\u0131n\u0131zda (sayfa 303) bu ko\u015fulu yerine getirmeyen bir t\u00fcmce vard\u0131r. 2 maddede \u015f\u00f6yle deniyor:<br \/> &#8220;(\u0130ttifak) her \u015feyden \u00f6nce s\u0131n\u0131flar\u0131n siyasal, iktisadi ve toplumsal e\u015fitli\u011fini ama\u00e7lar.&#8221;<br \/> S\u0131n\u0131flar\u0131n e\u015fitli\u011fi, s\u00f6zl\u00fck kar\u015f\u0131l\u0131\u011f\u0131 olarak, burjuva sosyalistlerinin inan\u00e7la vaazettikleri sermaye ve emek aras\u0131nda uyum demektir. Uluslararas\u0131 \u0130\u015f\u00e7i Birli\u011finin y\u00fcce amac\u0131n\u0131 olu\u015fturan \u015fey, mant\u0131ken olanaks\u0131z olan s\u0131n\u0131flar\u0131n e\u015fitli\u011fi de\u011fil, tersine, s\u0131n\u0131flar\u0131n ortadan kald\u0131r\u0131lmas\u0131d\u0131r, proleter hareketin bu ger\u00e7ek gizemidir.<br \/> Ama, s\u0131n\u0131flar\u0131n e\u015fitli\u011fi t\u00fcmceci\u011finin i\u00e7inde yer ald\u0131\u011f\u0131 metin, bir b\u00fct\u00fcn olarak ele al\u0131nd\u0131\u011f\u0131nda, bu, salt bir kalem s\u00fcr\u00e7mesi gibi g\u00f6r\u00fcnmektedir. Genel Konseyin, b\u00f6ylesi tehlikeli yanl\u0131\u015f anlamalara yola\u00e7abilecek bu t\u00fcmceci\u011fi program\u0131n\u0131zdan \u00e7\u0131karaca\u011f\u0131n\u0131zdan ku\u015fkusu yoktur. Birli\u011fimizin ilkesi, Birli\u011fimizin genel politikas\u0131na ters d\u00fc\u015fmedik\u00e7e, her kesimin kendi teorik program\u0131n\u0131 \u00f6zg\u00fcrce olu\u015fturmas\u0131na olanak tan\u0131maktad\u0131r.<br \/> Dolay\u0131s\u0131yla \u0130ttifak kesimlerinin Uluslararas\u0131 \u0130\u015f\u00e7i Birli\u011finin kesimleri haline gelmelerini engelleyen hi\u00e7 bir \u015fey yoktur.<br \/> \u0130ttifak\u0131n da\u011f\u0131t\u0131lmas\u0131 ve kesimlerinin Enternasyonale kat\u0131lmas\u0131 bir kez sa\u011fland\u0131 m\u0131, y\u00f6netmeliklerimiz uyar\u0131nca b\u00fct\u00fcn yeni kesimlerin bulunduklar\u0131 yer ve say\u0131sal g\u00fc\u00e7leri konusunda Konseyi bilgilendirmek gerekecektir.<\/p>\n<p>9 Mart 1869 tarihli Genel Konsey Toplant\u0131s\u0131<\/p>\n<p> Bakunin&#8217;in program\u0131n\u0131n alt\u0131nda yer alan baz\u0131 imzalar y\u00fcz\u00fcnden ve \u0130ttifak\u0131n Cenevre&#8217;deki Latin Federal Komite taraf\u0131ndan tan\u0131nd\u0131\u011f\u0131n\u0131 sanmakla -ki, tersine, onunla herhangi bir ili\u015fkiye girmeyi hep reddetmi\u015fti- aldanan Genel Konsey, bu ko\u015fullar\u0131 kabul eden \u0130ttifak\u0131 Enternasyonale kabul etti, B\u00f6ylece \u0130ttifak, ilk hedefine varm\u0131\u015f oldu. Basle Kongresinde temsil edilmek, Yanda\u015flar\u0131n\u0131n bu Uluslararas\u0131 Kongrede ba\u015fvurduklar\u0131 namussuzca yollara, yaln\u0131zca ve yaln\u0131zca bu vesileyle ba\u015fvurulan bu yollara kar\u015f\u0131n, Bakunin, Kongrenin Genel Konseyi Cenevre&#8217;ye aktaraca\u011f\u0131n\u0131 ve eski Saint-Simon z\u0131rvalar\u0131n\u0131, yani kendisinin sosyalizm i\u00e7in pratik (sayfa 304) hareket noktas\u0131 yapm\u0131\u015f oldu\u011fu miras haklar\u0131n\u0131n derhal kald\u0131r\u0131lmas\u0131 istemini resmen onaylayaca\u011f\u0131n\u0131 ummakla aldanm\u0131\u015ft\u0131. Bu, \u0130ttifak\u0131n yaln\u0131zca Genel Konseye kar\u015f\u0131 de\u011fil, bu sekter kli\u011fin program\u0131n\u0131 ve \u00f6zellikle mutlak siyasal tarafs\u0131zl\u0131k doktrinini benimsemeyi reddeden Enternasyonalin b\u00fct\u00fcn kesimlerine kar\u015f\u0131 da giri\u015fti\u011fi a\u00e7\u0131k ve kesintisiz sava\u015f\u0131n i\u015faretiydi.<br \/> Basle Kongresinden bile \u00f6nce, Ne\u00e7ayev Cenevre&#8217;ye geldi\u011finde, Bakunin, onunla biraraya gelip Rusya&#8217;da \u00f6\u011frenciler aras\u0131nda gizli bir dernek kurdu. Ger\u00e7ek kimli\u011fini hep \u00e7e\u015fitli &#8220;devrimci komite&#8221; adlar\u0131 ard\u0131nda gizleyerek, Cagliostro zaman\u0131ndan kalma hilelere ve aldatmacalara dayanan otokratik bir g\u00fc\u00e7 elde etmeye \u00e7al\u0131\u015ft\u0131. Bu derne\u011fin ba\u015fvurdu\u011fu ba\u015fl\u0131ca propaganda yolu, masum insanlara, Cenevre&#8217;den, \u00fcst\u00fcnde Rus\u00e7a olarak &#8220;gizli devrimci komite&#8221; yaz\u0131l\u0131 sar\u0131 zarflar i\u00e7ersinde mektuplar g\u00f6ndererek onlar\u0131 Rus polisinin kar\u015f\u0131s\u0131nda zor durumda b\u0131rakmaktan ibaretti. Ne\u00e7ayev duru\u015fmas\u0131n\u0131n[218] yay\u0131nlanm\u0131\u015f tutanaklar\u0131, Enternasyonalin ad\u0131n\u0131n rezilce istismar edilmi\u015f oldu\u011funun kan\u0131t\u0131d\u0131r.[2*]<br \/> Bu s\u0131rada \u0130ttifak, ilkin Locle&#8217;de \u00e7\u0131kan Progr\u00e8s&#8217;te[219] ard\u0131ndan \u0130ttifak \u00fcyelerinden baz\u0131lar\u0131n\u0131n Bakunin&#8217;in pe\u015fine tak\u0131lm\u0131\u015f olduklar\u0131 Latin Federasyonunun Cenevre&#8217;de \u00e7\u0131kan resmi gazetesi Egalit\u00e9&#8217;de Genel Konseye kar\u015f\u0131 y\u00f6neltilmi\u015f a\u00e7\u0131k bir polemik ba\u015flatt\u0131. Bakunin&#8217;in ki\u015fisel organ\u0131 Progr\u00e8s&#8217;te yay\u0131nlanan sald\u0131r\u0131lara kulak asmam\u0131\u015f olan Genel Konsey, Latin Federal Komitesince onayland\u0131\u011f\u0131na inanmak zorunda oldu\u011fu Egalit\u00e9&#8217;den gelenleri g\u00f6rmezlikten gelemezdi. B\u00f6ylece 1 Ocak 1870 tarihli tamimi[3*] yay\u0131nlad\u0131; burada \u015f\u00f6yle deniliyordu:<br \/> &#8220;11 Aral\u0131k 1869 tarihli Egalit\u00e9&#8217;de \u015funlar\u0131 okuyoruz:<br \/> &#8220;&#8216;Genel Konseyin \u00e7ok \u00f6nemli sorunlar\u0131 ihmal etti\u011fi kesindir. Kendisine y\u00f6netmeliklerin 1. maddesindeki y\u00fck\u00fcml\u00fcl\u00fcklerini an\u0131msat\u0131yoruz: Genel Konsey, Kongre kararlar\u0131n\u0131 uygulamakla y\u00fck\u00fcml\u00fcd\u00fcr, vb.. Genel Konseye yan\u0131tlanmas\u0131 \u00e7ok uzun bir raporu gerektirecek kadar \u00e7ok soru (sayfa 305) y\u00f6neltebilirdik. Bunlar daha sonra sorulacakt\u0131r. &#8230; Bu arada, vb&#8230; .&#8217;<br \/> &#8220;Genel Konsey , ne T\u00fcz\u00fckte, ne de y\u00f6netmeliklerde, kendisini Egalit\u00e9 ile yaz\u0131\u015fma ya da polemi\u011fe girme, ya da gazetelerden gelen &#8216;sorulara yan\u0131t&#8217; verme y\u00fck\u00fcml\u00fcl\u00fc\u011f\u00fc alt\u0131na sokan herhangi bir maddenin varl\u0131\u011f\u0131ndan habersizdir. Frans\u0131z \u0130svi\u00e7resi&#8217;n\u0131n \u015fubelerini Genel Konsey kar\u015f\u0131s\u0131nda temsil eden yaln\u0131zca Cenevre&#8217;deki Federal Komitedir. Federal Komite bizden yasal olan tek yolla, yani sekreteri arac\u0131l\u0131\u011f\u0131yla isteklerde bulunur ya da bizi k\u0131narsa, Genel Konsey bunu yan\u0131tlamaya her zaman haz\u0131rd\u0131r. Ama Federal Komitenin ne kendi i\u015flevlerini Egalit\u00e9&#8217;ye ve Progr\u00e8s&#8217;e b\u0131rakmaya, ne de bu gazetelerin kendisine ait olan i\u015flevlere elkoymalar\u0131na izin vermeye hakk\u0131 vard\u0131r. Genel olarak s\u00f6ylemek gerekirse, Genel Konseyin ulusal ve yerel komitelerle olan y\u00f6netsel yaz\u0131\u015fmalar\u0131n\u0131, Birli\u011fin genel \u00e7\u0131karlar\u0131n\u0131 b\u00fcy\u00fck \u00e7apta zedelemeksizin yay\u0131nlamak olanaks\u0131zd\u0131r. Dolay\u0131s\u0131yla, Enternasyonalin \u00f6teki organlar\u0131 da Progr\u00e8s&#8217;i ve Egalit\u00e9&#8217;yi taklit edecek olsalar, Genel Konsey, ya sessiz kalarak kendisini kamuoyu \u00f6n\u00fcnde k\u00fc\u00e7\u00fck d\u00fc\u015f\u00fcrmek, ya da bunlara a\u00e7\u0131k\u00e7a yan\u0131t vererek y\u00fck\u00fcml\u00fcl\u00fcklerini \u00e7i\u011fnemek se\u00e7enekleriyle kar\u015f\u0131 kar\u015f\u0131ya kal\u0131rd\u0131. Travail&#8217;i[220] Genel Konseyi k\u0131namaya \u00e7a\u011f\u0131rmada, Egalit\u00e9 de Progr\u00e8s&#8217;e kat\u0131lm\u0131\u015ft\u0131r. Bu onu Kamu G\u00f6nenci Birli\u011fi&#8217;nin[221] bir benzeri yapmaktad\u0131r.&#8221;<br \/> Latin Federal Komitesi, bu arada, bu tamimi okumazdan \u00f6nce, \u0130ttifak yanda\u015flar\u0131n\u0131 Egalit\u00e9&#8217;nin yaz\u0131kurulundan zaten atm\u0131\u015f bulunuyordu.<br \/> 1 Ocak 1870 tamimi, 22 Aral\u0131k 1868 ve 9 Mart 1869 tamimleri gibi, Enternasyonalin b\u00fct\u00fcn kesimleri taraf\u0131ndan onayland\u0131.<br \/> Belirtmeye gerek yok ki, \u0130ttifak&#8217;\u0131n kabullenmi\u015f oldu\u011fu ko\u015fullardan hi\u00e7 birisi, hi\u00e7 bir zaman, yerine getirilmedi. Uydurma kesimleri, Genel Konsey i\u00e7in bir s\u0131r olarak kald\u0131. Bakunin, Enternasyonalden koparm\u0131\u015f oldu\u011fu ve \u0130spanya&#8217;n\u0131n, \u0130talya&#8217;n\u0131n ve Napoli&#8217;nin \u015furas\u0131na buras\u0131na da\u011f\u0131lm\u0131\u015f birka\u00e7 grubu kendi ki\u015fisel y\u00f6netimi alt\u0131nda tutmaya \u00e7al\u0131\u015ft\u0131. \u0130talya&#8217;n\u0131n \u00f6teki kentlerinde, i\u015f\u00e7ilerden de\u011fil, avukatlardan, gazetecilerden ve \u00f6teki burjuva doktrinerlerden olu\u015fan k\u00fc\u00e7\u00fck kliklerle yaz\u0131\u015ft\u0131. Barselona&#8217;da, dostlar\u0131ndan baz\u0131lar\u0131 onun etkisini s\u00fcrd\u00fcrd\u00fcler. Fransa&#8217;n\u0131n g\u00fcneyindeki baz\u0131 kentlerde, (sayfa 306) \u0130ttifak, ilerde tekrar de\u011finece\u011fimiz Lyon&#8217;daki Albert Richard ve Gaspard Blanc&#8217;\u0131n y\u00f6netimi alt\u0131nda, ayr\u0131l\u0131k\u00e7\u0131 kesimler kurma yolunda bir giri\u015fimde bulundu. K\u0131sacas\u0131, Enternasyonal i\u00e7indeki enternasyonal, dernek faaliyetlerini s\u00fcrd\u00fcrd\u00fc.<br \/> B\u00fcy\u00fck darbe -Frans\u0131z \u0130svi\u00e7resi&#8217;nin \u00f6nderli\u011fini ele ge\u00e7irme giri\u015fimi-, \u0130ttifak taraf\u0131ndan 4 Nisan 1870&#8217;te a\u00e7\u0131lan Chaux -de-Fonds Kongresinde indirilecekti.<br \/> Sava\u015f, Cenevre Federasyonu ve Chaux-de-Fonds kesimleri delegelerinin kar\u015f\u0131 \u00e7\u0131kt\u0131klar\u0131 \u0130ttifak delegelerinin Kongreye kat\u0131lma hakk\u0131 konusunda patlak verdi.<br \/> \u0130ttifak yanda\u015flar\u0131n\u0131n, kendi hesaplar\u0131na g\u00f6re, Federasyon \u00fcyelerinin be\u015fte-birinden fazlas\u0131n\u0131 temsil etmiyor olu\u015flar\u0131na kar\u015f\u0131n, Basle manevralar\u0131n\u0131n yinelenmesi sayesinde, bunlar, bir ya da iki oyluk sahte bir \u00e7o\u011funluk elde etmeyi ba\u015fard\u0131lar; \u00f6yle bir \u00e7o\u011funluk ki, kendi organlar\u0131n\u0131n a\u011fz\u0131yla (bkz: 7 May\u0131s 1870 tarihli Solidarit\u00e9[222]) onbe\u015f kesimden daha fazlas\u0131n\u0131 temsil etmiyordu, oysa yaln\u0131z Cenevre&#8217;de otuz kesim vard\u0131! Bu oylama \u00fczerine, Frans\u0131z-\u0130svi\u00e7re Kongresi, toplant\u0131lar\u0131n\u0131 ba\u011f\u0131ms\u0131z olarak s\u00fcrd\u00fcren iki gruba b\u00f6l\u00fcnd\u00fc. \u0130ttifak yanda\u015flar\u0131, kendilerini t\u00fcm Federasyonun yasal temsilcileri kabul ederek, Federal Komitenin yerini Chaux-de-Fonds&#8217;a ta\u015f\u0131d\u0131lar ve Neuchatel&#8217;de Yurtta\u015f Guillaume&#8217;un y\u00f6netiminde kendi resmi organlar\u0131 Solidarit\u00e9&#8217;yi kurdular. Bu gen\u00e7 yazar\u0131n \u00f6zel g\u00f6revi, Cenevre &#8220;fabrika i\u015f\u00e7ileri&#8221;ni,[223] bu i\u011fren\u00e7 &#8220;burjuvalar\u0131&#8221;, Federasyonun gazetesi Egalit\u00e9&#8217;ye kar\u015f\u0131 sava\u015f a\u00e7makla su\u00e7lamak ve mutlak siyasal tarafs\u0131zl\u0131k vaaz etmekti. Bu temay\u0131 i\u015fleyen en \u00f6nemli makalelerin yazarlar\u0131, Marsilya&#8217;dan Bastelica ve \u0130ttifak\u0131n iki b\u00fcy\u00fck temel dire\u011fi olan Lyons&#8217;dan Albert Richard ve Gaspard Blanc&#8217;t\u0131.<br \/> Cenevre delegeleri, d\u00f6n\u00fc\u015flerinde, kendi kesimleri ile genel bir toplant\u0131 yapt\u0131lar ve bu toplant\u0131, Bakunin&#8217;in ve dostlar\u0131n\u0131n muhalefetine kar\u015f\u0131n, delegelerin Chaux-de-Fonds Kongresindeki davran\u0131\u015flar\u0131n\u0131 onaylad\u0131. Bundan k\u0131sa bir s\u00fcre sonra, Bakunin ve onun etkin olan su\u00e7 ortaklar\u0131, eski Latin Federasyonundan at\u0131ld\u0131lar.<br \/> Kongre neredeyse bitmek \u00fczereyken, yeni Chaux-de-Fonds Komitesi, iki ay sonra Komitenin organ\u0131 Solidarit\u00e9&#8217;nin 9 Temmuz tarihli say\u0131s\u0131nda h\u0131rs\u0131z olmakla su\u00e7lanan sekreter F. Robert&#8217;in ve ba\u015fkan Henri Chavalley&#8217;in imzalar\u0131n\u0131 ta\u015f\u0131yan (sayfa 307) bir mektuba Genel Konseyin m\u00fcdahale etmesini istedi. Genel Konsey her iki taraf\u0131n da savlar\u0131n\u0131 inceledikten sonra, 28 Temmuz 1870&#8217;te, Cenevre Federal Komitesinin oldu\u011fu gibi kalmas\u0131na ve yeni Chaux-de-Fonds Federal Komitesinin de yerel bir ad almaya \u00e7a\u011fr\u0131lmas\u0131na karar verdi. Chaux-de-Fonds Komitesi, foyas\u0131n\u0131 meydana \u00e7\u0131karan bu karar kar\u015f\u0131s\u0131nda, Genel Konseyin m\u00fcdahale etmesini ilk isteyenin kendisi oldu\u011funu unutarak, onu otoritercilik ile su\u00e7lad\u0131. Chaux- de-Fonds Komitesinin Latin Federal Komitesi ad\u0131n\u0131 ele ge\u00e7irmek i\u00e7in giri\u015fti\u011fi inat\u00e7\u0131 giri\u015fimlerin \u0130svi\u00e7re Federasyonunda yaratt\u0131\u011f\u0131 karga\u015fal\u0131k, Genel Konseyi bu Komite ile olan b\u00fct\u00fcn resmi ili\u015fkilerini ask\u0131ya almak zorunda b\u0131rakt\u0131.<br \/> Louis Bonaparte&#8217;\u0131n ordusu Sedan&#8217;da daha hen\u00fcz teslim olmu\u015ftu. Sava\u015f\u0131n s\u00fcrd\u00fcr\u00fclmesine kar\u015f\u0131 her tarafta Enternasyonal \u00fcyelerinden protestolar y\u00fckseliyordu. Genel Konsey, 9 Eyl\u00fcl tarihli \u00e7a\u011fr\u0131s\u0131nda Prusya&#8217;n\u0131n istila planlar\u0131n\u0131 a\u00e7\u0131\u011fa \u00e7\u0131kartarak, zafere ula\u015fmas\u0131n\u0131n proletaryan\u0131n davas\u0131 i\u00e7in yaratt\u0131\u011f\u0131 tehlikeye i\u015faret etti ve Alman i\u015f\u00e7ilerini ilk kurban\u0131n kendileri olacaklar\u0131 konusunda uyard\u0131. Genel Konsey , \u0130ngiltere&#8217;de, saray\u0131n Prusya yanl\u0131s\u0131 e\u011filimlerini su\u00e7layan toplant\u0131lar \u00f6rg\u00fctledi. Almanya&#8217;da, Enternasyonale ba\u011fl\u0131 i\u015f\u00e7iler, cumhuriyetin tan\u0131nmas\u0131 ve &#8220;Fransa i\u00e7in onurlu bir bar\u0131\u015f&#8230;&#8221; istemiyle g\u00f6steriler \u00f6rg\u00fctlediler.<br \/> Bu arada, ate\u015fli Guillaume&#8217;un (Neuchatelli) kavgac\u0131 tabiat\u0131, kendisine, resmi Solidarit\u00e9 gazetesinin bir eki olarak ve bu gazetenin kisvesi alt\u0131nda, Prusyal\u0131lara kar\u015f\u0131 sava\u015fmak \u00fczere bir \u0130svi\u00e7reli g\u00f6n\u00fcll\u00fc birli\u011fi kurma \u00e7a\u011fr\u0131s\u0131nda bulunan -besbelli ki sahip oldu\u011fu tarafs\u0131zl\u0131k inanc\u0131n\u0131n kendisini bunu yapmaktan hep al\u0131koymu\u015f oldu\u011fu bir \u015fey- imzas\u0131z bir manifesto[224] yay\u0131nlamak gibi parlak bir fikir verdi.<br \/> Derken Lyons ayaklanmas\u0131 patlak verdi.[225] Bakunin derhal oraya ko\u015ftu ve Albert Richard&#8217;\u0131n, Gaspard Blanc&#8217;\u0131n ve Baste1ica&#8217;n\u0131n deste\u011fi ile 28 Eyl\u00fclde Belediye Saray\u0131na yerle\u015fti, ama siyasal bir hareket olarak yorumlan\u0131r diye kap\u0131s\u0131na muhaf\u0131z dikmekten ka\u00e7\u0131nd\u0131. Devletin kald\u0131r\u0131lmas\u0131na ili\u015fkin kararname, zor bir do\u011fumdan sonra tam g\u00fcn y\u00fcz\u00fc g\u00f6rece\u011fi bir s\u0131rada, Bakunin, ulusal muhaf\u0131zlar\u0131n birka\u00e7\u0131 taraf\u0131ndan (sayfa 308) \u00e7ok ac\u0131kl\u0131 bir bi\u00e7imde kolundan tutulup at\u0131ld\u0131.<br \/> Ekim 1870&#8217;te, Genel Konsey, Frans\u0131z \u00fcyelerinin yoklu\u011funda, Brestli bir m\u00fclteci olan Yurtta\u015f Paul Robin&#8217;i Genel Konsey \u00fcyeli\u011fine ald\u0131. Robin, \u0130ttifak\u0131n en \u00e7ok ad\u0131 duyulmu\u015f yanda\u015flar\u0131ndan biri ve, dahas\u0131, i\u00e7ersinde o andan itibaren s\u00fcrekli olarak Chaux-de-Fonds Komitesinin resmi muhabiri olarak davrand\u0131\u011f\u0131 Genel Konseye kar\u015f\u0131 Egalit\u00e9&#8217;de yer alm\u0131\u015f olan \u00e7e\u015fitli sald\u0131r\u0131lar\u0131n k\u0131\u015fk\u0131rt\u0131c\u0131s\u0131yd\u0131. 14 Mart 1871&#8217;de, \u0130svi\u00e7re sorununu \u00e7\u00f6z\u00fcmlemek \u00fczere Enternasyonalin kapal\u0131 bir Konferans toplamas\u0131n\u0131 \u00f6nerdi. Konsey, Paris&#8217;in \u00f6nemli olaylara gebe oldu\u011funu g\u00f6rerek bunu derhal reddetti. Robin \u00e7e\u015fitli vesilelerle bu sorunu tekrar ele ald\u0131 ve Konseyin anla\u015fmazl\u0131k konusunda kesin bir karar almas\u0131n\u0131 bile \u00f6nerdi. 25 Temmuzda, Genel Konsey, bunun Eyl\u00fcl 1871&#8217;de203 toplanacak olan Konferans\u0131n ele alaca\u011f\u0131 sorunlardan biri olmas\u0131na karar verdi.<br \/> Kendi i\u00e7i\u015flerinin bir Konferans taraf\u0131ndan ele al\u0131nmas\u0131n\u0131 hi\u00e7 de arzulamayan \u0130ttifak, 10 A\u011fustos tarihinde, kendisinin 6 A\u011fustostan ba\u015flamak \u00fczere da\u011f\u0131lm\u0131\u015f oldu\u011funu ilan etti. Ama 15 Eyl\u00fclde tekrar ortaya \u00e7\u0131kt\u0131 ve Tanr\u0131tan\u0131maz Sosyalist Kesim ad\u0131 alt\u0131nda Konseye kabul edilmesini istedi. Basle Kongrenin V say\u0131l\u0131 y\u00f6netsel karar\u0131na g\u00f6re, Konsey, sekter kesimlere kar\u015f\u0131 iki y\u0131ll\u0131k m\u00fccadeleden sonra t\u00fckenmi\u015f olan Cenevre Federal Komitesinin g\u00f6r\u00fc\u015f\u00fcn\u00fc almadan bu kesimi kabul edemezdi. Dahas\u0131, Konsey, Young Men&#8217;s Christian Association&#8217;a, Enternasyonalin dinsel nitelikte kesimleri tan\u0131mad\u0131\u011f\u0131n\u0131 zaten bildirmi\u015f bulunuyordu.<br \/> \u0130ttifak\u0131n da\u011f\u0131lma tarihi olan 6 A\u011fustosta, Chaux-de-Fonds Federal Komitesi Konsey ile resmi ili\u015fki i\u00e7ine girme iste\u011fini yeniledi ve 28 Haziran tarihli karar\u0131 tan\u0131mamaya ve Cenevre&#8217;ye ili\u015fkin olarak kendisini Latin Federal Komitesi olarak g\u00f6rmeye devam edece\u011fini, ve &#8220;bunun Genel Kongrenin karara ba\u011flayaca\u011f\u0131 bir i\u015f oldu\u011funu&#8221; s\u00f6yledi. 4 Eyl\u00fclde, ayn\u0131 Komite, toplanmas\u0131n\u0131 ilk isteyen kendisi oldu\u011fu halde, Konferans\u0131n ge\u00e7erlili\u011fine kar\u015f\u0131 \u00e7\u0131kt\u0131. Konferans buna, \u0130svi\u00e7re anla\u015fmazl\u0131\u011f\u0131 konusunun \u00fczerinde durulmas\u0131 i\u00e7in Chaux-de-Fonds Komitesinin Paris ku\u015fatmas\u0131 \u00f6ncesinde istemi\u015f (sayfa 309) oldu\u011fu gibi, Paris Federal Komitesinin yetkili olup olmad\u0131\u011f\u0131n\u0131 sorarak kar\u015f\u0131l\u0131k verebilirdi.[226] Ama 28 Haziran 1870 tarihli Genel Konsey karar\u0131 ile yetindi (bkz: Cenevre&#8217;de \u00e7\u0131kan Egalit\u00e9&#8217;nin 21 Ekim 1871 tarihli say\u0131s\u0131nda a\u00e7\u0131klanan nedenler).<\/p>\n<p>III<br \/> \u0130svi\u00e7re&#8217;ye s\u0131\u011f\u0131nan baz\u0131 Frans\u0131z s\u00fcrg\u00fcnlerinin orada bulunmalar\u0131, \u0130ttifaka bir miktar taze kan kazand\u0131rd\u0131.<br \/> Enternasyonalin Cenevre \u00fcyeleri, m\u00fclteciler i\u00e7in ellerinden geleni yapt\u0131lar. Ta ba\u015ftan itibaren onlar\u0131n yard\u0131m\u0131na ko\u015ftular, geni\u015f bir kampanya ba\u015flatarak \u0130svi\u00e7re yetkililerinin, Versailles h\u00fck\u00fcmetinin iste\u011fine uyarak, m\u00fclteciler konusunda geri iade edilme karar\u0131 almalar\u0131n\u0131 engellediler. Baz\u0131lar\u0131, m\u00fcltecilerin s\u0131n\u0131ra ula\u015fmalar\u0131na yard\u0131mc\u0131 olmak \u00fczere, Fransa&#8217;ya giderek kendilerini b\u00fcy\u00fck bir tehlikeye att\u0131lar. B. Malon[4*] gibi eleba\u015flar\u0131ndan birka\u00e7\u0131n\u0131n \u0130ttifak\u0131n adamlar\u0131yla derhal bir anla\u015fmaya var\u0131p \u0130ttifak\u0131n eski sekreteri N. Jukovski&#8217;nin yard\u0131m\u0131yla, Cenevre&#8217;de, Latin Federasyonun d\u0131\u015f\u0131nda yeni &#8220;Sosyalist Devrimci Propaganda ve Eylem Kesimi&#8221;ni228 kurmaya kalk\u0131\u015ft\u0131klar\u0131n\u0131 g\u00f6rd\u00fcklerinde Cenevre i\u015f\u00e7ilerinin u\u011frad\u0131klar\u0131 \u015fa\u015fk\u0131nl\u0131\u011f\u0131 d\u00fc\u015f\u00fcn\u00fcn bir. Bu kesim, t\u00fcz\u00fc\u011f\u00fcn\u00fcn birinci maddesinde, &#8220;Uluslararas\u0131 \u0130\u015f\u00e7i Birli\u011finin Genel T\u00fcz\u00fc\u011f\u00fcne ba\u011fl\u0131 kalmakla birlikte, T\u00fcz\u00fc\u011f\u00fcn ve Birlik kongrelerinin tan\u0131d\u0131\u011f\u0131 \u00f6zerklik ve federasyon ilkesinin mant\u0131ki bir sonucu olarak, hakk\u0131 olan eksiksiz eylem ve giri\u015fim \u00f6zg\u00fcrl\u00fc\u011f\u00fcn\u00fc sakl\u0131 tuttu\u011funu&#8221; a\u00e7\u0131kl\u0131yordu. Bir ba\u015fka deyi\u015fle, \u0130ttifak i\u00e7in \u00e7al\u0131\u015fmay\u0131 s\u00fcrd\u00fcrme \u00f6zg\u00fcrl\u00fc\u011f\u00fcn\u00fc sakl\u0131 tutuyor. (sayfa 310)<br \/> Malon&#8217;dan gelen 20 Ekim 1871 tarihli bir mektupta, bu yeni kesim, Genel Konseyden Enternasyonale al\u0131nmas\u0131n\u0131 \u00fc\u00e7\u00fcnc\u00fc kez istedi. Konsey, Basle Kongresinin V numaral\u0131 karar\u0131na uyarak, Konseyin bu yeni &#8220;entrika ve ihtilaf yuvas\u0131&#8221;n\u0131 tan\u0131mas\u0131na \u015fiddetle kar\u015f\u0131 \u00e7\u0131kan Cenevre Federal Komitesine dan\u0131\u015ft\u0131. Konsey, koskoca Federasyonu, Bay Malon&#8217;un ve \u0130ttifak\u0131n eski sekreteri N. Jukovski&#8217;nin iradesine ba\u011flamamakla, asl\u0131nda, olduk\u00e7a &#8220;otoriter&#8221; bir davran\u0131\u015f g\u00f6sterdi.<br \/> Solidarit\u00e9&#8217;nin kapanmas\u0131ndan sonra \u0130ttifak\u0131n yeni yanda\u015flar\u0131, daha Lozan Bar\u0131\u015f Kongresinde &#8220;Raoul Rigault ve Ferre&#8217;in, o ana kadar (tutsaklar\u0131n idam edilmelerine kadar) Kom\u00fcn\u00fcn kanl\u0131 \u00f6nlemler almas\u0131n\u0131, bo\u015f yere de olsa istemeyi elden b\u0131rakmam\u0131\u015f olan iki musibet ki\u015fileri olduklar\u0131n\u0131&#8221; s\u00f6ylemi\u015f olan Madam Andre Leo&#8217;nun y\u00fcksek y\u00f6netimi alt\u0131nda Revolution Sociale&#8217;i[229] kurdular.<br \/> Bu gazete, daha ilk say\u0131s\u0131ndan itibaren kendisini, alelacele, Genel Konseye \u00e7amur at\u0131p duran Figaro, Gaulois, Paris-Journal[230] ve \u00f6teki rezil gazetelerle ayn\u0131 d\u00fczeye koydu. Enternasyonalin i\u00e7inde bile ulusal nefret alevlerini k\u00f6r\u00fcklemenin tam zaman\u0131 oldu\u011funu d\u00fc\u015f\u00fcnd\u00fc. Genel Konseyi, bismark\u00e7\u0131 bir beynin y\u00f6netimindeki bir Alman Komitesi olarak adland\u0131rd\u0131.[5*] Baz\u0131 Genel Konsey \u00fcyelerinin &#8220;herkesten daha fazla Galli&#8221; olmakla \u00f6v\u00fcnemeyeceklerini kesenkes ortaya koyduktan sonra, Revolution Sociale, Avrupa polisi taraf\u0131ndan piyasaya s\u00fcr\u00fclm\u00fc\u015f ikinci slogan\u0131 ele al\u0131p Konseyi otoritercilikle su\u00e7lamaktan ba\u015fka yapacak daha iyi bir \u015fey bulamazd\u0131. O halde, bu \u00e7ocuk\u00e7a sa\u00e7mal\u0131klara temel olan olgular nelerdi? Genel Konsey, \u0130ttifak\u0131 do\u011fal \u00f6l\u00fcm\u00fcne terketmi\u015f ve, Cenevre Federal Komitesi ile anla\u015fma i\u00e7ersinde, yeniden dirilmesini engellemi\u015fti. Ayr\u0131ca, Chaux-de-Fonds Komitesine, Frans\u0131z \u0130svi\u00e7resi&#8217;ndeki Enternasyonal \u00fcyelerinin \u00e7o\u011funlu\u011fu ile bar\u0131\u015f i\u00e7ersinde ya\u015famas\u0131n\u0131 sa\u011flayacak bir ad almas\u0131n\u0131 \u00f6nermi\u015fti.<br \/> Bu &#8220;otoriter&#8221; davran\u0131\u015flar\u0131n d\u0131\u015f\u0131nda, Genel Konsey, Basle Kongresinin kendisine vermi\u015f oldu\u011fu geni\u015f yetkileri Ekim 1869&#8217;dan Ekim 1871&#8217;e kadar nas\u0131l kullanm\u0131\u015ft\u0131r? (sayfa 311)<br \/> 1) 8 \u015eubat 1870&#8217;te, Paris&#8217;teki &#8220;Pozitivist Proleterler Derne\u011fi&#8221;, kabul edilmeleri i\u00e7in Genel Konseye ba\u015fvurdu. Konsey buna, pozitivistlerin ilkelerinin, \u00f6zel t\u00fcz\u00fcklerinin sermayeye ili\u015fkin b\u00f6l\u00fcm\u00fcn\u00fcn Genel T\u00fcz\u00fc\u011f\u00fcn giri\u015fiyle a\u00e7\u0131k\u00e7a \u00e7eli\u015fti\u011fini; dolay\u0131s\u0131yla kendi teorik g\u00f6r\u00fc\u015flerini Birli\u011fin genel ilkeleriyle uyumlu hale getirmekte \u00f6zg\u00fcr kalmakla birlikte, derne\u011fin bu ilkeleri b\u0131rak\u0131p Enternasyonale &#8220;pozitivistler&#8221; olarak de\u011fil, &#8220;proleterler&#8221; olarak girmesini bildirerek kar\u015f\u0131l\u0131k verdi. Bu kesim, bu karar\u0131n hakl\u0131l\u0131\u011f\u0131n\u0131 kabul ederek Enternasyonale kat\u0131ld\u0131.<br \/> 2) Lyons&#8217;da, 1865 kesimi ile, d\u00fcr\u00fcst i\u015f\u00e7iler yan\u0131nda i\u00e7ersinde \u0130ttifak\u0131n da Albert Richard ve Gaspard Blanc taraf\u0131ndan temsil olundu\u011fu yeni kurulmu\u015f bir kesim aras\u0131nda bir b\u00f6l\u00fcnme oldu. Daha \u00f6nce buna benzer durumlarda oldu\u011fu gibi, \u0130svi\u00e7re&#8217;de kurulan hakem mahkemesinin karar\u0131 kabul edilmedi. 15 \u015eubat 1870&#8217;te yeni kurulmu\u015f bulunan kesim, Genel Konseyden anla\u015fmazl\u0131\u011f\u0131 Basle Kongresinin VII say\u0131l\u0131 karar\u0131na uygun olarak gidermesini istemenin yan\u0131s\u0131ra, 1865 kesiminin \u00fcyelerini d\u0131\u015ftalayan ve su\u00e7layan ve imzalan\u0131p iadeli postayla geri g\u00f6nderilecek haz\u0131r bir karar g\u00f6nderdi. Konsey, bu g\u00f6r\u00fclmemi\u015f y\u00f6ntemi mahkum etti ve gerekli belgelerin haz\u0131rlanmas\u0131n\u0131 istedi. Bu iste\u011fe verdi\u011fi yan\u0131tta, 1865 kesimi, hakem mahkemesine sunulmu\u015f olan Albert Richard aleyhindeki belgelerin Bakunin&#8217;in elinde oldu\u011funu ve kendisinin bunlar\u0131 vermeyi reddetti\u011fini, dolay\u0131s\u0131yla Genel Konseyin iste\u011fini tam olarak yerine getiremeyece\u011fini belirtti. Konseyin bu konuya ili\u015fkin 8 Mart tarihli karar\u0131 hi\u00e7 bir taraf\u0131n itiraz\u0131yla kar\u0131\u015fla\u015fmad\u0131.<br \/> 3) Bir\u00e7ok \u015f\u00fcpheli kimseyi kabul etmi\u015f olan Londra&#8217;daki Frans\u0131z kesimi, yava\u015f yava\u015f fiilen Bay Felix Pyat&#8217;\u0131n denetledi\u011fi bir \u015firket haline gelmi\u015fti. Pyat, bu kesimi, Louis Bonaparte&#8217;\u0131n katledilmesini vb. isteyen zararl\u0131 g\u00f6steriler \u00f6rg\u00fctlemek ve Enternasyonal kisvesi alt\u0131nda kendi sa\u00e7ma manifestolar\u0131n\u0131 Fransa&#8217;da yaymak i\u00e7in kullan\u0131yordu. Genel Konsey, Bay Pyat&#8217;\u0131n Enternasyonal \u00fcyesi olmad\u0131\u011f\u0131n\u0131 ve onun hareketlerinden kendisinin sorumlu tutulamayaca\u011f\u0131n\u0131 Birlik organlar\u0131nda a\u00e7\u0131klamakla yetindi. Bunun \u00fczerine, Frans\u0131z kesimi, (sayfa 312) art\u0131k ne Genel Konseyi ve ne de Kongreyi tan\u0131d\u0131\u011f\u0131n\u0131 ilan etti; Londra duvarlar\u0131na kendisi d\u0131\u015f\u0131nda Enternasyonalin anti-devrimci bir dernek oldu\u011funu ilan eden duyurular yap\u0131\u015ft\u0131rd\u0131. Enternasyonalin Frans\u0131z \u00fcyelerinin, asl\u0131nda bir polis tertibi olan ve Pyat&#8217;\u0131n manifestolar\u0131n\u0131n da b\u00f6yle bir \u015fey varm\u0131\u015f izlenimini yaratt\u0131\u011f\u0131 bir komplo gerek\u00e7esiyle plebisit arifesinde tutuklanmalar\u0131, Genel Konseyi, Frans\u0131z kesiminin iki y\u0131l\u0131 a\u015fk\u0131n bir s\u00fcredir art\u0131k Enternasyonale dahil bulunmad\u0131\u011f\u0131n\u0131 ve bu kesimin ajitasyonunun polis ajanlar\u0131n\u0131n i\u015fi oldu\u011funu ilan eden 10 May\u0131s 1870 tarihli karar\u0131n\u0131 Marseillaise&#8217;de ve Reveil&#8217;de yay\u0131nlamak zorunda b\u0131rakt\u0131. Bu \u00e7\u0131k\u0131\u015f\u0131n gereklili\u011fi, ayn\u0131 gazetelerde yay\u0131nlanan Paris Federal Komitesinin ve yarg\u0131lanmalar\u0131 s\u0131ras\u0131nda Enternasyonalin Paris \u00fcyelerinin yapt\u0131klar\u0131 a\u00e7\u0131klamalarla tan\u0131tland\u0131; her iki a\u00e7\u0131klamada da Konsey karar\u0131na at\u0131fta bulunuluyordu. Frans\u0131z kesimi, \u0130svi\u00e7re&#8217;deki \u0130ttifak gibi, yeni ba\u011flant\u0131lar i\u00e7inde ve de\u011fi\u015fik adlar alt\u0131nda Londra&#8217;da tekrar ortaya \u00e7\u0131kmak \u00fczere, sava\u015f\u0131n patlak vermesiyle yokoldu.<br \/> Konferans\u0131n son g\u00fcnlerinde, Londra&#8217;da, kom\u00fcn m\u00fcltecileri aras\u0131nda, 35 \u00fcyeli bir &#8220;Section Fran\u00e7aise de 1871&#8221; kuruldu. Genel Konseyin ilk &#8220;otoriter&#8221; davran\u0131\u015f\u0131, bu kesimin sekreteri Gustave Durand&#8217;\u0131n Frans\u0131z polis casusu oldu\u011funu a\u00e7\u0131klayarak maskesini indirmek oldu. Elimizdeki belgeler, polisin, Durand&#8217;a ilkin Konferansa kat\u0131lma, ard\u0131ndan Genel Konseyde bir \u00fcyelik elde etme konusunda yard\u0131mc\u0131 olma niyetinde oldu\u011funu tan\u0131tlamaktad\u0131r. Yeni kesimin t\u00fcz\u00fc\u011f\u00fc, \u00fcyelerine &#8220;kendi kesimleri d\u0131\u015f\u0131nda Genel Konseye hi\u00e7 bir delege al\u0131nmamas\u0131&#8221; talimat\u0131 verdi\u011finden, yurtta\u015f Theisz ve Bastelica Konseyden \u00e7ekildiler.<br \/> Bu kesim, 17 Ekimde, kesin yetki belgelerine sahip iki \u00fcyesini Konseye delege g\u00f6sterdi; bunlardan biri top\u00e7u komitesi eski \u00fcyesi Bay Chautard&#8217;dan ba\u015fkas\u0131 de\u011fildi. Konsey, &#8220;1871 kesimi&#8221;nin t\u00fcz\u00fc\u011f\u00fcn\u00fc incelemeden bunlar\u0131 kabul etmeyi reddetti.[6*] Burada, bu t\u00fcz\u00fc\u011f\u00fcn yola\u00e7m\u0131\u015f oldu\u011fu tart\u0131\u015fmalar\u0131n belliba\u015fl\u0131 noktalar\u0131n\u0131 an\u0131msamak yeterlidir. (sayfa 313) 2. maddede \u015f\u00f6yle deniliyor:<br \/> &#8220;Kesime \u00fcye olabilmesi i\u00e7in, ki\u015finin, ge\u00e7im olanaklar\u0131 konusunda bilgi vermesi, ahlakl\u0131l\u0131k g\u00fcvenceleri g\u00f6stermesi vb. gerekir.&#8221;<br \/> 17 Ekim 1871 tarihli karar\u0131nda, Konsey, &#8220;ge\u00e7im olanaklar\u0131 konusunda bilgi vermesi&#8221; s\u00f6zlerinin \u00e7\u0131kart\u0131lmas\u0131n\u0131 \u00f6nerdi. &#8220;\u015e\u00fcpheli durumlarda&#8221; diyordu Konsey, &#8220;bir kesim, ge\u00e7im olanaklar\u0131 konusundaki bilgiyi &#8216;ahlakl\u0131l\u0131k g\u00fcvencesi&#8217; olarak alabilir, ama m\u00fclteciler, grevdeki i\u015f\u00e7iler, vb. gibi \u00f6teki durumlarda ge\u00e7im olanaklar\u0131n\u0131n bulunmay\u0131\u015f\u0131 pekala bir ahlakl\u0131l\u0131k g\u00fcvencesi olabilir. Adaylar\u0131n ge\u00e7im olanaklar\u0131 konusunda bilgi vermelerini Enternasyonale kabul edilmenin genel bir ko\u015fulu yapmak, Genel T\u00fcz\u00fc\u011f\u00fcn \u00f6z\u00fcne ve s\u00f6z\u00fcne ters d\u00fc\u015fen bir burjuva icad\u0131 olur.&#8221; Kesim bunu \u015f\u00f6yle yan\u0131tlad\u0131:<br \/> &#8220;Genel T\u00fcz\u00fck, kesimleri, \u00fcyelerinin ahlakl\u0131l\u0131\u011f\u0131ndan sorumlu tutmakta, ve dolay\u0131s\u0131yla, onlara gerekli g\u00f6recekleri bu gibi g\u00fcvenceler isteme hakk\u0131n\u0131 tan\u0131maktad\u0131r.&#8221;<br \/> Genel Konsey buna 7 Ekim tarihli \u015fu kar\u015f\u0131l\u0131\u011f\u0131 verdi: &#8220;Bu a\u00e7\u0131dan bak\u0131ld\u0131\u011f\u0131nda, teetotallers[7*] taraf\u0131ndan kurulan bir Enternasyonal kesimi, kendi t\u00fcz\u00fc\u011f\u00fcne \u015fu t\u00fcrden bir madde koyabilir: Kesime \u00fcye olabilmek i\u00e7in, ki\u015finin her t\u00fcrl\u00fc alkoll\u00fc i\u00e7kilerden uzak duraca\u011f\u0131na yemin etmesi gerekir. Bir ba\u015fka deyi\u015fle, kesimler, hep, b\u00f6ylelikle, \u00fcyelerinin ahlakl\u0131l\u0131\u011f\u0131ndan emin olma bahanesi ile, Enternasyonale kabul edilmek i\u00e7in, en sa\u00e7ma ve yersiz ko\u015fullan t\u00fcz\u00fcklerine koyabilirler. &#8216;Grevcilerin ge\u00e7im olanaklar\u0131&#8217; diye ekliyor Section Fran\u00e7aise de 1871, &#8216;grev fonlar\u0131ndan olu\u015fur.&#8217; Birincisi, buna, bu fonun \u00e7o\u011fu kez s\u00f6zde kald\u0131\u011f\u0131 bi\u00e7iminde yan\u0131t verilebilir. &#8230; Dahas\u0131, resmi \u0130ngiliz soru\u015fturmalar\u0131, \u0130ngiliz i\u015f\u00e7ilerinin \u00e7o\u011funlu\u011funun -grevler ya da i\u015fsizlik, yetersiz \u00fccret ya da \u00f6deme ko\u015fullar\u0131 ve daha bir\u00e7ok nedenlerle- durmadan tefecilere ba\u015fvurmaya ya da bor\u00e7 para bulmaya zorland\u0131klar\u0131n\u0131 tan\u0131tlam\u0131\u015ft\u0131r. Bunlar, ki\u015finin \u00f6zel ya\u015fam\u0131na uygunsuz bir bi\u00e7imde girmeksizin bilgi istenemeyecek ge\u00e7im olanaklar\u0131d\u0131r. \u015eu halde iki se\u00e7enek var: kesim, ahlakl\u0131l\u0131k g\u00fcvencelerini yaln\u0131zca ge\u00e7im olanaklar\u0131nda arayacakt\u0131r, ki bu durumda Genel Konseyin \u00f6nerisi bu amaca hizmet etmektedir. &#8230; Ya da (sayfa 314) kesim, t\u00fcz\u00fc\u011f\u00fcn\u00fcn 2. maddesinde, \u00fcyeli\u011fe kabul edilme ko\u015fulu olarak \u00fcyelerinin ge\u00e7im olanaklar\u0131 konusunda, bile bile, ahlakl\u0131l\u0131k g\u00fcvencelerinin \u00f6tesinde bilgi vermeleri gerekti\u011fini s\u00f6yler ki, bu durumda da Konsey, bunu, bunun Genel T\u00fcz\u00fc\u011f\u00fcn \u00f6z\u00fcne ve s\u00f6z\u00fcne ters d\u00fc\u015fen bir burjuva icad\u0131 oldu\u011funun do\u011frulanmas\u0131 olarak kabul eder.&#8221;<br \/> T\u00fcz\u00fcklerinin 11. maddesinde \u015f\u00f6yle deniliyor: &#8220;Genel Konseye bir ya da daha \u00e7ok delege g\u00f6nderilir.&#8221;<br \/> Konsey bu maddenin \u00e7\u0131kart\u0131lmas\u0131n\u0131 istedi, &#8220;\u00e7\u00fcnk\u00fc Enternasyonal Genel T\u00fcz\u00fc\u011f\u00fc, kesimlere, Genel Konseye delege g\u00f6nderme hakk\u0131 tan\u0131mamaktad\u0131r&#8221;. &#8220;Genel T\u00fcz\u00fck&#8221; diye ekliyordu Konsey, &#8220;Genel Konsey \u00fcyeleri i\u00e7in yaln\u0131zca iki se\u00e7ilme yolu tan\u0131yor: ya Kongre taraf\u0131ndan se\u00e7ilmek, ya da Genel Konsey karar\u0131yla al\u0131nmak. &#8230; Londra&#8217;da bulunan de\u011fi\u015fik kesimlerden, Genel Konseye delege g\u00f6nderilmesinin istendi\u011fi do\u011frudur, ama Genel Konsey, Genel T\u00fcz\u00fc\u011f\u00fc \u00e7i\u011fnememek i\u00e7in, hep \u015fu bi\u00e7imde hareket etmi\u015ftir: kendilerine verilecek i\u015flevi yerine getirmeye uygun olup olmad\u0131klar\u0131na g\u00f6re kabul ya da reddetme hakk\u0131n\u0131 sakl\u0131 tutarak, ilkin her kesimin g\u00f6nderece\u011fi delege say\u0131s\u0131n\u0131 belirlemi\u015ftir. Bu delegeler kendi kesimleri taraf\u0131ndan aday g\u00f6sterildikleri i\u00e7in de\u011fil, T\u00fcz\u00fck Genel Konseye yeni \u00fcyeler alma hakk\u0131n\u0131 verdi\u011fi i\u00e7in Genel Konsey \u00fcyesi olmu\u015flard\u0131r. Londra Konseyi, hem Uluslararas\u0131 Birli\u011fin Genel Konseyi olarak ve hem de \u0130ngiltere Merkez Konseyi olarak, son Konferans\u0131n alm\u0131\u015f oldu\u011fu karara g\u00f6re hareket ederek, dolays\u0131z olarak ald\u0131\u011f\u0131 \u00fcyelerin yan\u0131s\u0131ra, kendi kesimleri taraf\u0131ndan ta ba\u015ftan aday g\u00f6sterilmi\u015f olanlar\u0131 da kabul etmeyi uygun bulmu\u015ftur. Genel Konseyin se\u00e7im y\u00f6ntemi ile, \u00f6rne\u011fin Br\u00fcksel ya da Madrit Federal Konseyleri gibi bir ulusal Kongre taraf\u0131ndan g\u00f6revlendirilmi\u015f bir ulusal konsey bile olmayan Paris Federal Konseyinin se\u00e7im y\u00f6ntemini bir tutmak b\u00fcy\u00fck bir yan\u0131lg\u0131 olur. Paris Federal Konseyi yaln\u0131zca Paris kesimlerinin bir delegasyonu idi. &#8230; Genel Konseyin se\u00e7im y\u00f6ntemi Genel T\u00fcz\u00fckte belirlenmi\u015ftir &#8230; ve \u00fcyeleri de T\u00fcz\u00fc\u011f\u00fcn ve Genel Y\u00f6netmeliklerin d\u0131\u015f\u0131nda herhangi bir ba\u015fka kesin yetki kabul edemezlerdi. &#8230; Bundan \u00f6nce gelen maddeyi g\u00f6z\u00f6n\u00fcnde bulundurursak, (sayfa 315) 11. madde, Genel Konseyin yap\u0131s\u0131n\u0131 tamam\u0131yla de\u011fi\u015ftirmekten, Genel T\u00fcz\u00fc\u011f\u00fcn 3. maddesine ayk\u0131r\u0131 olarak, Konseyi, koskoca Uluslararas\u0131 \u0130\u015f\u00e7i Birli\u011finin etkisinin yerini yerel gruplar\u0131n etkisinin alaca\u011f\u0131 Londra kesimlerinin bir delegasyonu haline getirmekten ba\u015fka bir anlam ta\u015f\u0131mamaktad\u0131r.&#8221; Son olarak, ilk g\u00f6revi Kongre kararlar\u0131n\u0131 uygulamak olan (bkz: Cenevre Kongresi Y\u00f6netmeliklerinin 1. maddesi) Genel Konsey, &#8220;Section Fran\u00e7aise de 1871&#8217;in, Genel T\u00fcz\u00fc\u011f\u00fcn Genel Konseyin olu\u015fumuna ili\u015fkin maddelerinde k\u00f6kl\u00fc bir de\u011fi\u015fiklik yap\u0131lmas\u0131 yolundaki d\u00fc\u015f\u00fcncesinin bu sorunla bir ili\u015fkisinin bulunmad\u0131\u011f\u0131 g\u00f6r\u00fc\u015f\u00fcnde oldu\u011funu&#8221; s\u00f6ylemi\u015ftir.<br \/> Ayr\u0131ca, Konsey, \u00f6teki Londra kesimleri i\u00e7in yapt\u0131\u011f\u0131 gibi, ayn\u0131 ko\u015fullara sahip kesimden iki delege alaca\u011f\u0131n\u0131 a\u00e7\u0131klad\u0131.<br \/> Bu yan\u0131t\u0131 yeterli bulmayan &#8220;1871 kesimi&#8221; 14 Aral\u0131kta k\u0131sa bir s\u00fcre sonra hain diye m\u00fclteci toplulu\u011fundan at\u0131lan yeni sekreter de dahil, b\u00fct\u00fcn \u00fcyelerinin imzas\u0131n\u0131 ta\u015f\u0131yan bir &#8220;duyuru&#8221; yay\u0131nlad\u0131. Bu duyuruya g\u00f6re, Genel Konsey, yasama i\u015flevlerine elkoymay\u0131 reddetti\u011fi i\u00e7in, &#8220;toplumsal d\u00fc\u015f\u00fcnceyi kabaca tahrif etmek&#8221; ile su\u00e7lan\u0131yordu.<br \/> \u0130\u015fte, bu belgenin haz\u0131rlanmas\u0131nda g\u00f6sterilen iyi niyetten baz\u0131 \u00f6rnekler.<br \/> Londra Konferans\u0131, Alman i\u015f\u00e7ilerinin sava\u015f s\u0131ras\u0131ndaki davran\u0131\u015flar\u0131n\u0131 onaylam\u0131\u015ft\u0131.[231] \u0130svi\u00e7reli bir delege taraf\u0131ndan \u00f6nerilen, Bel\u00e7ikal\u0131 bir delege taraf\u0131ndan da desteklenen ve oybirli\u011fi ile al\u0131nan bu karar, yaln\u0131zca, sava\u015f s\u0131ras\u0131ndaki anti-\u015foven tutumlar\u0131n\u0131n bedelini esaretle \u00f6demi\u015f ve h\u00e2l\u00e2 da \u00f6demekte olan Enternasyonalin Alman \u00fcyelerine de\u011finiyordu. Ayr\u0131ca, herhangi bir yanl\u0131\u015f anlamaya yola\u00e7mamak i\u00e7in, Fransa Genel Konsey Sekreteri, Qui Vive!, Constitution, Radical, Emancipation, Europe, vb. gazetelerinde yay\u0131nlanan bir mektubunda, bu karar\u0131n ger\u00e7ek anlam\u0131n\u0131 daha yeni a\u00e7\u0131klam\u0131\u015f bulunuyordu. Bununla birlikte, sekiz g\u00fcn sonra, 20 Kas\u0131m 1871&#8217;de, &#8220;Section Fran\u00e7aise de 1871&#8243;in onbe\u015f \u00fcyesi, Qui Vive!&#8217;de, Alman i\u015f\u00e7ilere hakaret dolu ve Konferans karar\u0131n\u0131 Genel Konseyin &#8220;pan-cermen zihniyetinin&#8221; su g\u00f6t\u00fcrmez kan\u0131t\u0131 olarak su\u00e7layan bir &#8220;protesto&#8221; yay\u0131nlad\u0131lar. \u00d6te yandan Almanya&#8217;n\u0131n t\u00fcm feodal, liberal ve polis bas\u0131n\u0131, uluslararas\u0131 (sayfa 316) d\u00fc\u015flerinin nas\u0131l bo\u015f \u00e7\u0131kt\u0131\u011f\u0131n\u0131 Alman i\u015f\u00e7ilere g\u00f6stermek i\u00e7in, h\u0131rsla bu olaya sar\u0131ld\u0131. B\u00fct\u00fcn bunlar\u0131n ard\u0131ndan, 20 Kas\u0131m protestosu, 14 Aral\u0131k duyurusuyla &#8220;1871 kesimi&#8221;nin t\u00fcm\u00fc taraf\u0131ndan onayland\u0131.<br \/> &#8220;Genel Konseyin, \u00fczerinde kaymakta oldu\u011fu tehlikeli otoritercilik e\u011fik d\u00fczlemini&#8221; g\u00f6stermek \u00fczere, bu duyuru, &#8220;Genel T\u00fcz\u00fc\u011f\u00fcn kendisi taraf\u0131ndan g\u00f6zden ge\u00e7irilmi\u015f bir resmi bas\u0131m\u0131n\u0131n bu ayn\u0131 Genel Konsey taraf\u0131ndan yay\u0131nlan\u0131\u015f\u0131na&#8221; i\u015faret ediyordu.<br \/> Her yeni madde konusunda, ekler b\u00f6l\u00fcm\u00fcnde, ilk metne ba\u011fl\u0131l\u0131\u011f\u0131 tan\u0131tlayan \u00f6zg\u00fcn kaynaklara at\u0131fta bulunuldu\u011funu g\u00f6rmek i\u00e7in, T\u00fcz\u00fc\u011f\u00fcn yeni bas\u0131m\u0131na \u015f\u00f6yle bir g\u00f6zatmak yeterlidir! &#8220;Resmi bas\u0131m&#8221; s\u00f6zc\u00fcklerine gelince, Enternasyonalin birinci Kongresi, &#8220;T\u00fcz\u00fc\u011f\u00fcn ve y\u00f6netmeliklerin resmi ve ba\u011flay\u0131c\u0131 metninin Genel Konsey taraf\u0131ndan yay\u0131nlanmas\u0131na&#8221; karar vermi\u015fti (bkz: &#8220;Congr\u00e8s ouvrier de l&#8217;Association Internationale des Travailleurs, tenu \u00e0 Gen\u00e8ve du 3 au 8 septembre 1866&#8221;, s. 27, not).<br \/> A\u00e7\u0131kt\u0131r ki, 1871 kesimi, Cenevre ve Neuchatel muhalifleri ile s\u00fcrekli ili\u015fki i\u00e7erisindeydi. Genel Konseye sald\u0131rmakta Kom\u00fcn\u00fc savunmakta harcad\u0131\u011f\u0131ndan daha b\u00fcy\u00fck bir enerji harcam\u0131\u015f olan \u00fcyelerinden biri, Chalain, daha \u00f6nce bir Konsey \u00fcyesine yazd\u0131\u011f\u0131 mektupta ona kar\u015f\u0131 \u00e7ok a\u011f\u0131r su\u00e7lamalar y\u00f6neltilmi\u015f olan B. Malon taraf\u0131ndan, beklenmedik bir bi\u00e7imde, tekrar onurland\u0131r\u0131ld\u0131. Ama &#8220;Section Fran\u00e7aise de 1871&#8221; duyurusunu daha hen\u00fcz tezgahlam\u0131\u015ft\u0131 ki, kendi saflar\u0131nda bir i\u00e7 sava\u015f patlak verdi. \u0130lkin Theisz, Avrial ve Camelient ayr\u0131ld\u0131. Ard\u0131ndan kesim birka\u00e7 k\u00fc\u00e7\u00fck gruba b\u00f6l\u00fcnd\u00fc; bunlardan birinin ba\u015f\u0131nda Varlin ve \u00f6tekilere kar\u015f\u0131 iftiralar\u0131ndan \u00f6t\u00fcr\u00fc Genel Konseyden \u00e7\u0131kart\u0131lm\u0131\u015f ve sonra da 1866 Br\u00fcksel Kongresinin atad\u0131\u011f\u0131 Bel\u00e7ika Komisyonu taraf\u0131ndan Enternasyonalden at\u0131lm\u0131\u015f olan Bay Pierre Vesinier bulunuyordu. Bu gruplardan bir ba\u015fkas\u0131, polis \u015fefi Pietri&#8217;nin 4 Eyl\u00fclde birdenbire yok olmas\u0131 sayesinde &#8220;titizlikle yerine getirdi\u011fi siyasetle ve Fransa&#8217;daki Enternasyonalle bir daha u\u011fra\u015fmama&#8221; y\u00fck\u00fcml\u00fcl\u00fc\u011f\u00fcnden (bkz: &#8220;Troisi\u00e8me proc\u00e8s de l&#8217;Association Internationale des Travailleurs \u00e0 Paris&#8221;, 1870, s. 4) kurtulmu\u015f olan B. Landeck taraf\u0131ndan kurulmu\u015ftu. (sayfa 317)<br \/> \u00d6te yandan, Londra&#8217;daki Frans\u0131z m\u00fclteci y\u0131\u011f\u0131n\u0131, Genel Konsey ile tam uyum i\u00e7inde olan bir kesim kurmu\u015flard\u0131.<\/p>\n","protected":false},"excerpt":{"rendered":"<p>\u015e\u0130MD\u0130YE dek, Genel Konsey, Enternasyonalin i\u00e7 \u00e7eki\u015fmelerine herhangi bir bi\u00e7imde m\u00fcdahale etmekten tamam\u0131yla ka\u00e7\u0131nm\u0131\u015f ve Birli\u011fin baz\u0131 \u00fcyeleri taraf\u0131ndan iki y\u0131ldan fazla bir zamand\u0131r kendisine kar\u015f\u0131 giri\u015filen a\u00e7\u0131k sald\u0131r\u0131lara hi\u00e7 bir zaman a\u00e7\u0131k\u00e7a yan\u0131t vermemi\u015ftir. Ama, Enternasyonal ile, kuruldu\u011fundan beri ona kar\u015f\u0131 d\u00fc\u015fmanl\u0131k etmi\u015f bir dernek[1*] aras\u0131ndaki kafa kar\u0131\u015f\u0131kl\u0131\u011f\u0131n\u0131 baz\u0131 d\u00fczenbazlar\u0131n kas\u0131tl\u0131 olarak s\u00fcrd\u00fcrmek yolundaki [&hellip;]<\/p>\n","protected":false},"author":1,"featured_media":0,"comment_status":"open","ping_status":"open","sticky":false,"template":"","format":"standard","meta":{"footnotes":""},"categories":[185],"tags":[],"class_list":{"0":"post-5860","1":"post","2":"type-post","3":"status-publish","4":"format-standard","6":"category-enternasyonel-icindeki-sahte-bolunmeler-marx-engels"},"yoast_head":"<!-- This site is optimized with the Yoast SEO Premium plugin v24.9 (Yoast SEO v24.9) - https:\/\/yoast.com\/wordpress\/plugins\/seo\/ -->\n<title>Enternasyonal \u0130\u00e7indeki Sahte B\u00f6l\u00fcnmeler | Birinci B\u00f6l\u00fcm - Marks - Engels - narteks.net<\/title>\n<meta name=\"robots\" content=\"index, follow, max-snippet:-1, max-image-preview:large, max-video-preview:-1\" \/>\n<link rel=\"canonical\" href=\"https:\/\/narteks.net\/index.php\/2011\/03\/10\/enternasyonal-icindeki-sahte-bolunmeler-birinci-bolum-marks-engels\/\" \/>\n<meta property=\"og:locale\" content=\"tr_TR\" \/>\n<meta property=\"og:type\" content=\"article\" \/>\n<meta property=\"og:title\" content=\"Enternasyonal \u0130\u00e7indeki Sahte B\u00f6l\u00fcnmeler | Birinci B\u00f6l\u00fcm - Marks - Engels\" \/>\n<meta property=\"og:description\" content=\"\u015e\u0130MD\u0130YE dek, Genel Konsey, Enternasyonalin i\u00e7 \u00e7eki\u015fmelerine herhangi bir bi\u00e7imde m\u00fcdahale etmekten tamam\u0131yla ka\u00e7\u0131nm\u0131\u015f ve Birli\u011fin baz\u0131 \u00fcyeleri taraf\u0131ndan iki y\u0131ldan fazla bir zamand\u0131r kendisine kar\u015f\u0131 giri\u015filen a\u00e7\u0131k sald\u0131r\u0131lara hi\u00e7 bir zaman a\u00e7\u0131k\u00e7a yan\u0131t vermemi\u015ftir. Ama, Enternasyonal ile, kuruldu\u011fundan beri ona kar\u015f\u0131 d\u00fc\u015fmanl\u0131k etmi\u015f bir dernek[1*] aras\u0131ndaki kafa kar\u0131\u015f\u0131kl\u0131\u011f\u0131n\u0131 baz\u0131 d\u00fczenbazlar\u0131n kas\u0131tl\u0131 olarak s\u00fcrd\u00fcrmek yolundaki [&hellip;]\" \/>\n<meta property=\"og:url\" content=\"https:\/\/narteks.net\/index.php\/2011\/03\/10\/enternasyonal-icindeki-sahte-bolunmeler-birinci-bolum-marks-engels\/\" \/>\n<meta property=\"og:site_name\" content=\"narteks.net\" \/>\n<meta property=\"article:published_time\" content=\"2011-03-10T16:50:14+00:00\" \/>\n<meta property=\"og:image\" content=\"http:\/\/www.ortakyasam.org\/hermes\/bosweb\/web008\/images\/image\/marx_engels.jpg\" \/>\n<meta name=\"author\" content=\"Tar\u0131k\" \/>\n<meta name=\"twitter:card\" content=\"summary_large_image\" \/>\n<meta name=\"twitter:creator\" content=\"@narteks\" \/>\n<meta name=\"twitter:site\" content=\"@narteks\" \/>\n<meta name=\"twitter:label1\" content=\"Yazan:\" \/>\n\t<meta name=\"twitter:data1\" content=\"Tar\u0131k\" \/>\n\t<meta name=\"twitter:label2\" content=\"Tahmini okuma s\u00fcresi\" \/>\n\t<meta name=\"twitter:data2\" content=\"37 dakika\" \/>\n<script type=\"application\/ld+json\" class=\"yoast-schema-graph\">{\"@context\":\"https:\/\/schema.org\",\"@graph\":[{\"@type\":\"Article\",\"@id\":\"https:\/\/narteks.net\/index.php\/2011\/03\/10\/enternasyonal-icindeki-sahte-bolunmeler-birinci-bolum-marks-engels\/#article\",\"isPartOf\":{\"@id\":\"https:\/\/narteks.net\/index.php\/2011\/03\/10\/enternasyonal-icindeki-sahte-bolunmeler-birinci-bolum-marks-engels\/\"},\"author\":{\"name\":\"Tar\u0131k\",\"@id\":\"https:\/\/narteks.net\/#\/schema\/person\/61f37d9834294b72d31d274e7ed79bca\"},\"headline\":\"Enternasyonal \u0130\u00e7indeki Sahte B\u00f6l\u00fcnmeler | Birinci B\u00f6l\u00fcm &#8211; Marks &#8211; Engels\",\"datePublished\":\"2011-03-10T16:50:14+00:00\",\"mainEntityOfPage\":{\"@id\":\"https:\/\/narteks.net\/index.php\/2011\/03\/10\/enternasyonal-icindeki-sahte-bolunmeler-birinci-bolum-marks-engels\/\"},\"wordCount\":7468,\"commentCount\":0,\"publisher\":{\"@id\":\"https:\/\/narteks.net\/#organization\"},\"image\":{\"@id\":\"https:\/\/narteks.net\/index.php\/2011\/03\/10\/enternasyonal-icindeki-sahte-bolunmeler-birinci-bolum-marks-engels\/#primaryimage\"},\"thumbnailUrl\":\"http:\/\/www.ortakyasam.org\/hermes\/bosweb\/web008\/images\/image\/marx_engels.jpg\",\"articleSection\":[\"Enternasyonel \u0130\u00e7indeki Sahte B\u00f6l\u00fcnmeler - Marx - Engels\"],\"inLanguage\":\"tr\",\"potentialAction\":[{\"@type\":\"CommentAction\",\"name\":\"Comment\",\"target\":[\"https:\/\/narteks.net\/index.php\/2011\/03\/10\/enternasyonal-icindeki-sahte-bolunmeler-birinci-bolum-marks-engels\/#respond\"]}]},{\"@type\":\"WebPage\",\"@id\":\"https:\/\/narteks.net\/index.php\/2011\/03\/10\/enternasyonal-icindeki-sahte-bolunmeler-birinci-bolum-marks-engels\/\",\"url\":\"https:\/\/narteks.net\/index.php\/2011\/03\/10\/enternasyonal-icindeki-sahte-bolunmeler-birinci-bolum-marks-engels\/\",\"name\":\"Enternasyonal \u0130\u00e7indeki Sahte B\u00f6l\u00fcnmeler | Birinci B\u00f6l\u00fcm - Marks - Engels - narteks.net\",\"isPartOf\":{\"@id\":\"https:\/\/narteks.net\/#website\"},\"primaryImageOfPage\":{\"@id\":\"https:\/\/narteks.net\/index.php\/2011\/03\/10\/enternasyonal-icindeki-sahte-bolunmeler-birinci-bolum-marks-engels\/#primaryimage\"},\"image\":{\"@id\":\"https:\/\/narteks.net\/index.php\/2011\/03\/10\/enternasyonal-icindeki-sahte-bolunmeler-birinci-bolum-marks-engels\/#primaryimage\"},\"thumbnailUrl\":\"http:\/\/www.ortakyasam.org\/hermes\/bosweb\/web008\/images\/image\/marx_engels.jpg\",\"datePublished\":\"2011-03-10T16:50:14+00:00\",\"breadcrumb\":{\"@id\":\"https:\/\/narteks.net\/index.php\/2011\/03\/10\/enternasyonal-icindeki-sahte-bolunmeler-birinci-bolum-marks-engels\/#breadcrumb\"},\"inLanguage\":\"tr\",\"potentialAction\":[{\"@type\":\"ReadAction\",\"target\":[\"https:\/\/narteks.net\/index.php\/2011\/03\/10\/enternasyonal-icindeki-sahte-bolunmeler-birinci-bolum-marks-engels\/\"]}]},{\"@type\":\"ImageObject\",\"inLanguage\":\"tr\",\"@id\":\"https:\/\/narteks.net\/index.php\/2011\/03\/10\/enternasyonal-icindeki-sahte-bolunmeler-birinci-bolum-marks-engels\/#primaryimage\",\"url\":\"http:\/\/www.ortakyasam.org\/hermes\/bosweb\/web008\/images\/image\/marx_engels.jpg\",\"contentUrl\":\"http:\/\/www.ortakyasam.org\/hermes\/bosweb\/web008\/images\/image\/marx_engels.jpg\"},{\"@type\":\"BreadcrumbList\",\"@id\":\"https:\/\/narteks.net\/index.php\/2011\/03\/10\/enternasyonal-icindeki-sahte-bolunmeler-birinci-bolum-marks-engels\/#breadcrumb\",\"itemListElement\":[{\"@type\":\"ListItem\",\"position\":1,\"name\":\"Anasayfa\",\"item\":\"https:\/\/narteks.net\/\"},{\"@type\":\"ListItem\",\"position\":2,\"name\":\"Enternasyonal \u0130\u00e7indeki Sahte B\u00f6l\u00fcnmeler | Birinci B\u00f6l\u00fcm &#8211; Marks &#8211; Engels\"}]},{\"@type\":\"WebSite\",\"@id\":\"https:\/\/narteks.net\/#website\",\"url\":\"https:\/\/narteks.net\/\",\"name\":\"narteks.net\",\"description\":\"K\u00fclt\u00fcr Sanat Edebiyat Felsefe\",\"publisher\":{\"@id\":\"https:\/\/narteks.net\/#organization\"},\"alternateName\":\"K\u00fclt\u00fcr Sanat Edebiyat Felsefe\",\"potentialAction\":[{\"@type\":\"SearchAction\",\"target\":{\"@type\":\"EntryPoint\",\"urlTemplate\":\"https:\/\/narteks.net\/?s={search_term_string}\"},\"query-input\":{\"@type\":\"PropertyValueSpecification\",\"valueRequired\":true,\"valueName\":\"search_term_string\"}}],\"inLanguage\":\"tr\"},{\"@type\":\"Organization\",\"@id\":\"https:\/\/narteks.net\/#organization\",\"name\":\"narteks.net\",\"url\":\"https:\/\/narteks.net\/\",\"logo\":{\"@type\":\"ImageObject\",\"inLanguage\":\"tr\",\"@id\":\"https:\/\/narteks.net\/#\/schema\/logo\/image\/\",\"url\":\"https:\/\/narteks.net\/wp-content\/uploads\/narteks.png\",\"contentUrl\":\"https:\/\/narteks.net\/wp-content\/uploads\/narteks.png\",\"width\":300,\"height\":90,\"caption\":\"narteks.net\"},\"image\":{\"@id\":\"https:\/\/narteks.net\/#\/schema\/logo\/image\/\"},\"sameAs\":[\"https:\/\/x.com\/narteks\",\"https:\/\/instagram.com\/narteksnet\"]},{\"@type\":\"Person\",\"@id\":\"https:\/\/narteks.net\/#\/schema\/person\/61f37d9834294b72d31d274e7ed79bca\",\"name\":\"Tar\u0131k\",\"image\":{\"@type\":\"ImageObject\",\"inLanguage\":\"tr\",\"@id\":\"https:\/\/narteks.net\/#\/schema\/person\/image\/\",\"url\":\"https:\/\/secure.gravatar.com\/avatar\/50865afb55632c4ae467e0af0930f6510aa2297d8014be502a55b14f3b7550cf?s=96&d=mm&r=g\",\"contentUrl\":\"https:\/\/secure.gravatar.com\/avatar\/50865afb55632c4ae467e0af0930f6510aa2297d8014be502a55b14f3b7550cf?s=96&d=mm&r=g\",\"caption\":\"Tar\u0131k\"},\"sameAs\":[\"http:\/\/narteks.net\"],\"url\":\"https:\/\/narteks.net\/index.php\/author\/narbak\/\"}]}<\/script>\n<!-- \/ Yoast SEO Premium plugin. -->","yoast_head_json":{"title":"Enternasyonal \u0130\u00e7indeki Sahte B\u00f6l\u00fcnmeler | Birinci B\u00f6l\u00fcm - Marks - Engels - narteks.net","robots":{"index":"index","follow":"follow","max-snippet":"max-snippet:-1","max-image-preview":"max-image-preview:large","max-video-preview":"max-video-preview:-1"},"canonical":"https:\/\/narteks.net\/index.php\/2011\/03\/10\/enternasyonal-icindeki-sahte-bolunmeler-birinci-bolum-marks-engels\/","og_locale":"tr_TR","og_type":"article","og_title":"Enternasyonal \u0130\u00e7indeki Sahte B\u00f6l\u00fcnmeler | Birinci B\u00f6l\u00fcm - Marks - Engels","og_description":"\u015e\u0130MD\u0130YE dek, Genel Konsey, Enternasyonalin i\u00e7 \u00e7eki\u015fmelerine herhangi bir bi\u00e7imde m\u00fcdahale etmekten tamam\u0131yla ka\u00e7\u0131nm\u0131\u015f ve Birli\u011fin baz\u0131 \u00fcyeleri taraf\u0131ndan iki y\u0131ldan fazla bir zamand\u0131r kendisine kar\u015f\u0131 giri\u015filen a\u00e7\u0131k sald\u0131r\u0131lara hi\u00e7 bir zaman a\u00e7\u0131k\u00e7a yan\u0131t vermemi\u015ftir. Ama, Enternasyonal ile, kuruldu\u011fundan beri ona kar\u015f\u0131 d\u00fc\u015fmanl\u0131k etmi\u015f bir dernek[1*] aras\u0131ndaki kafa kar\u0131\u015f\u0131kl\u0131\u011f\u0131n\u0131 baz\u0131 d\u00fczenbazlar\u0131n kas\u0131tl\u0131 olarak s\u00fcrd\u00fcrmek yolundaki [&hellip;]","og_url":"https:\/\/narteks.net\/index.php\/2011\/03\/10\/enternasyonal-icindeki-sahte-bolunmeler-birinci-bolum-marks-engels\/","og_site_name":"narteks.net","article_published_time":"2011-03-10T16:50:14+00:00","og_image":[{"url":"http:\/\/www.ortakyasam.org\/hermes\/bosweb\/web008\/images\/image\/marx_engels.jpg","type":"","width":"","height":""}],"author":"Tar\u0131k","twitter_card":"summary_large_image","twitter_creator":"@narteks","twitter_site":"@narteks","twitter_misc":{"Yazan:":"Tar\u0131k","Tahmini okuma s\u00fcresi":"37 dakika"},"schema":{"@context":"https:\/\/schema.org","@graph":[{"@type":"Article","@id":"https:\/\/narteks.net\/index.php\/2011\/03\/10\/enternasyonal-icindeki-sahte-bolunmeler-birinci-bolum-marks-engels\/#article","isPartOf":{"@id":"https:\/\/narteks.net\/index.php\/2011\/03\/10\/enternasyonal-icindeki-sahte-bolunmeler-birinci-bolum-marks-engels\/"},"author":{"name":"Tar\u0131k","@id":"https:\/\/narteks.net\/#\/schema\/person\/61f37d9834294b72d31d274e7ed79bca"},"headline":"Enternasyonal \u0130\u00e7indeki Sahte B\u00f6l\u00fcnmeler | Birinci B\u00f6l\u00fcm &#8211; Marks &#8211; Engels","datePublished":"2011-03-10T16:50:14+00:00","mainEntityOfPage":{"@id":"https:\/\/narteks.net\/index.php\/2011\/03\/10\/enternasyonal-icindeki-sahte-bolunmeler-birinci-bolum-marks-engels\/"},"wordCount":7468,"commentCount":0,"publisher":{"@id":"https:\/\/narteks.net\/#organization"},"image":{"@id":"https:\/\/narteks.net\/index.php\/2011\/03\/10\/enternasyonal-icindeki-sahte-bolunmeler-birinci-bolum-marks-engels\/#primaryimage"},"thumbnailUrl":"http:\/\/www.ortakyasam.org\/hermes\/bosweb\/web008\/images\/image\/marx_engels.jpg","articleSection":["Enternasyonel \u0130\u00e7indeki Sahte B\u00f6l\u00fcnmeler - Marx - Engels"],"inLanguage":"tr","potentialAction":[{"@type":"CommentAction","name":"Comment","target":["https:\/\/narteks.net\/index.php\/2011\/03\/10\/enternasyonal-icindeki-sahte-bolunmeler-birinci-bolum-marks-engels\/#respond"]}]},{"@type":"WebPage","@id":"https:\/\/narteks.net\/index.php\/2011\/03\/10\/enternasyonal-icindeki-sahte-bolunmeler-birinci-bolum-marks-engels\/","url":"https:\/\/narteks.net\/index.php\/2011\/03\/10\/enternasyonal-icindeki-sahte-bolunmeler-birinci-bolum-marks-engels\/","name":"Enternasyonal \u0130\u00e7indeki Sahte B\u00f6l\u00fcnmeler | Birinci B\u00f6l\u00fcm - Marks - Engels - narteks.net","isPartOf":{"@id":"https:\/\/narteks.net\/#website"},"primaryImageOfPage":{"@id":"https:\/\/narteks.net\/index.php\/2011\/03\/10\/enternasyonal-icindeki-sahte-bolunmeler-birinci-bolum-marks-engels\/#primaryimage"},"image":{"@id":"https:\/\/narteks.net\/index.php\/2011\/03\/10\/enternasyonal-icindeki-sahte-bolunmeler-birinci-bolum-marks-engels\/#primaryimage"},"thumbnailUrl":"http:\/\/www.ortakyasam.org\/hermes\/bosweb\/web008\/images\/image\/marx_engels.jpg","datePublished":"2011-03-10T16:50:14+00:00","breadcrumb":{"@id":"https:\/\/narteks.net\/index.php\/2011\/03\/10\/enternasyonal-icindeki-sahte-bolunmeler-birinci-bolum-marks-engels\/#breadcrumb"},"inLanguage":"tr","potentialAction":[{"@type":"ReadAction","target":["https:\/\/narteks.net\/index.php\/2011\/03\/10\/enternasyonal-icindeki-sahte-bolunmeler-birinci-bolum-marks-engels\/"]}]},{"@type":"ImageObject","inLanguage":"tr","@id":"https:\/\/narteks.net\/index.php\/2011\/03\/10\/enternasyonal-icindeki-sahte-bolunmeler-birinci-bolum-marks-engels\/#primaryimage","url":"http:\/\/www.ortakyasam.org\/hermes\/bosweb\/web008\/images\/image\/marx_engels.jpg","contentUrl":"http:\/\/www.ortakyasam.org\/hermes\/bosweb\/web008\/images\/image\/marx_engels.jpg"},{"@type":"BreadcrumbList","@id":"https:\/\/narteks.net\/index.php\/2011\/03\/10\/enternasyonal-icindeki-sahte-bolunmeler-birinci-bolum-marks-engels\/#breadcrumb","itemListElement":[{"@type":"ListItem","position":1,"name":"Anasayfa","item":"https:\/\/narteks.net\/"},{"@type":"ListItem","position":2,"name":"Enternasyonal \u0130\u00e7indeki Sahte B\u00f6l\u00fcnmeler | Birinci B\u00f6l\u00fcm &#8211; Marks &#8211; Engels"}]},{"@type":"WebSite","@id":"https:\/\/narteks.net\/#website","url":"https:\/\/narteks.net\/","name":"narteks.net","description":"K\u00fclt\u00fcr Sanat Edebiyat Felsefe","publisher":{"@id":"https:\/\/narteks.net\/#organization"},"alternateName":"K\u00fclt\u00fcr Sanat Edebiyat Felsefe","potentialAction":[{"@type":"SearchAction","target":{"@type":"EntryPoint","urlTemplate":"https:\/\/narteks.net\/?s={search_term_string}"},"query-input":{"@type":"PropertyValueSpecification","valueRequired":true,"valueName":"search_term_string"}}],"inLanguage":"tr"},{"@type":"Organization","@id":"https:\/\/narteks.net\/#organization","name":"narteks.net","url":"https:\/\/narteks.net\/","logo":{"@type":"ImageObject","inLanguage":"tr","@id":"https:\/\/narteks.net\/#\/schema\/logo\/image\/","url":"https:\/\/narteks.net\/wp-content\/uploads\/narteks.png","contentUrl":"https:\/\/narteks.net\/wp-content\/uploads\/narteks.png","width":300,"height":90,"caption":"narteks.net"},"image":{"@id":"https:\/\/narteks.net\/#\/schema\/logo\/image\/"},"sameAs":["https:\/\/x.com\/narteks","https:\/\/instagram.com\/narteksnet"]},{"@type":"Person","@id":"https:\/\/narteks.net\/#\/schema\/person\/61f37d9834294b72d31d274e7ed79bca","name":"Tar\u0131k","image":{"@type":"ImageObject","inLanguage":"tr","@id":"https:\/\/narteks.net\/#\/schema\/person\/image\/","url":"https:\/\/secure.gravatar.com\/avatar\/50865afb55632c4ae467e0af0930f6510aa2297d8014be502a55b14f3b7550cf?s=96&d=mm&r=g","contentUrl":"https:\/\/secure.gravatar.com\/avatar\/50865afb55632c4ae467e0af0930f6510aa2297d8014be502a55b14f3b7550cf?s=96&d=mm&r=g","caption":"Tar\u0131k"},"sameAs":["http:\/\/narteks.net"],"url":"https:\/\/narteks.net\/index.php\/author\/narbak\/"}]}},"_links":{"self":[{"href":"https:\/\/narteks.net\/index.php\/wp-json\/wp\/v2\/posts\/5860","targetHints":{"allow":["GET"]}}],"collection":[{"href":"https:\/\/narteks.net\/index.php\/wp-json\/wp\/v2\/posts"}],"about":[{"href":"https:\/\/narteks.net\/index.php\/wp-json\/wp\/v2\/types\/post"}],"author":[{"embeddable":true,"href":"https:\/\/narteks.net\/index.php\/wp-json\/wp\/v2\/users\/1"}],"replies":[{"embeddable":true,"href":"https:\/\/narteks.net\/index.php\/wp-json\/wp\/v2\/comments?post=5860"}],"version-history":[{"count":0,"href":"https:\/\/narteks.net\/index.php\/wp-json\/wp\/v2\/posts\/5860\/revisions"}],"wp:attachment":[{"href":"https:\/\/narteks.net\/index.php\/wp-json\/wp\/v2\/media?parent=5860"}],"wp:term":[{"taxonomy":"category","embeddable":true,"href":"https:\/\/narteks.net\/index.php\/wp-json\/wp\/v2\/categories?post=5860"},{"taxonomy":"post_tag","embeddable":true,"href":"https:\/\/narteks.net\/index.php\/wp-json\/wp\/v2\/tags?post=5860"}],"curies":[{"name":"wp","href":"https:\/\/api.w.org\/{rel}","templated":true}]}}