{"id":5862,"date":"2011-03-10T19:57:29","date_gmt":"2011-03-10T16:57:29","guid":{"rendered":"http:\/\/localhost\/wordpress\/2011\/03\/10\/enternasyonal-icindeki-sahte-bolunmeler-ucuncu-bolum-marks-engels\/"},"modified":"2011-03-10T19:57:29","modified_gmt":"2011-03-10T16:57:29","slug":"enternasyonal-icindeki-sahte-bolunmeler-ucuncu-bolum-marks-engels","status":"publish","type":"post","link":"https:\/\/narteks.net\/index.php\/2011\/03\/10\/enternasyonal-icindeki-sahte-bolunmeler-ucuncu-bolum-marks-engels\/","title":{"rendered":"Enternasyonal \u0130\u00e7indeki Sahte B\u00f6l\u00fcnmeler | \u00dc\u00e7\u00fcnc\u00fc B\u00f6l\u00fcm &#8211; Marks &#8211; Engels"},"content":{"rendered":"<p style=\"text-align: justify;\"><img loading=\"lazy\" decoding=\"async\" src=\"http:\/\/www.ortakyasam.org\/hermes\/bosweb\/web008\/images\/image\/marx_engels.jpg\" border=\"0\" width=\"155\" height=\"205\" style=\"float: left;\" \/>VI<br \/> \u015eimdi de Onalt\u0131lar Kongresine Jura Komitesi taraf\u0131ndan sunulan raporu okuyunuz.<br \/> &#8220;Bu rapor dikkatle okundu\u011funda&#8221; diyor bunlar\u0131n resmi organ\u0131 Revolution Sociale (16 Kas\u0131m), &#8220;Jura Federasyonu \u00fcyelerinden bekleyebilece\u011fimiz ba\u011fl\u0131l\u0131\u011f\u0131n ve pratik zekan\u0131n kesin \u00f6l\u00e7\u00fcs\u00fcn\u00fc verecektir.&#8221;<br \/> Rapor, &#8220;bu deh\u015fet verici olaylara&#8221; -Frans\u0131z-Prusya sava\u015f\u0131na ve Fransa&#8217;daki \u0130\u00e7 Sava\u015fa- &#8220;Enternasyonalin kesimleri i\u00e7indeki durum \u00fczerinde &#8230; moral bozucu bir etki&#8221; olarak de\u011finiyor.<br \/> Frans\u0131z-Prusya sava\u015f\u0131, asl\u0131nda, \u00e7ok say\u0131da i\u015f\u00e7ileri iki ordu i\u00e7inde toplayarak, kesimlerin da\u011f\u0131lmalar\u0131 sonucundan ba\u015fka bir \u015fey veremeyecek idiyse de, imparatorlu\u011fun d\u00fc\u015fmesinin ve Bismarck&#8217;\u0131n a\u00e7\u0131k a\u00e7\u0131k bir istila sava\u015f\u0131 ilan etmesinin, Almanya ve \u0130ngiltere&#8217;de, Prusyal\u0131lardan yana saf tutan burjuvazi ile, enternasyonal duygular\u0131n\u0131 \u015fimdiye kadar oldu\u011fundan \u00e7ok daha fazla g\u00f6stermi\u015f olan proletarya (sayfa 333) aras\u0131nda amans\u0131z bir m\u00fccadeleye yola\u00e7t\u0131\u011f\u0131 da bir o kadar do\u011frudur. Tek ba\u015f\u0131na bu bile, Enternasyonalin her iki \u00fclkede de bir zemin bulmas\u0131 i\u00e7in yeterliydi. Amerika&#8217;da, bu ayn\u0131 olgu, geni\u015f Alman proleter g\u00f6\u00e7men grubunda bir b\u00f6l\u00fcnme yaratt\u0131; enternasyonalist taraf kendisini \u015fovenist taraftan kesenkes ay\u0131rd\u0131.<br \/> \u00d6te yandan, Paris Kom\u00fcn\u00fcn\u00fcn kurulmas\u0131 Enternasyonalin geni\u015flemesine g\u00f6r\u00fclmemi\u015f bir dayanak ve, Jura kesimleri d\u0131\u015f\u0131nda, b\u00fct\u00fcn kesimlerin onun ilkelerine g\u00fc\u00e7l\u00fc bir bi\u00e7imde destek olmalar\u0131n\u0131 sa\u011flam\u0131\u015ft\u0131r; Jura kesimlerinin raporu ise \u015f\u00f6yle devam ediyordu: &#8220;Bu devasa sava\u015f\u0131n ba\u015flamas\u0131 &#8230; baz\u0131lar\u0131na ka\u00e7\u0131p giderek zay\u0131fl\u0131klar\u0131n\u0131 gizlemeyi d\u00fc\u015f\u00fcnd\u00fcrd\u00fc. &#8230; Bir\u00e7oklar\u0131 i\u00e7in (kendi saflar\u0131 i\u00e7indeki) bu durum, bir t\u00fckenmi\u015flik belirtisidir&#8221;, ama &#8220;tersine &#8230; bu, Enternasyonali&#8221; kendi tarzlar\u0131na uygun olarak, &#8220;ba\u015ftanba\u015fa de\u011fi\u015ftirebilecek bir durumdur.&#8221; B\u00f6ylesine elveri\u015fli bir durumun daha derin bir bi\u00e7imde incelenmesi ile, bu al\u00e7akg\u00f6n\u00fcll\u00fc arzunun ne oldu\u011fu anla\u015f\u0131lacakt\u0131r.<br \/> Da\u011f\u0131lm\u0131\u015f ve o zamandan beri yerini Malon kesimine b\u0131rakm\u0131\u015f olan \u0130ttifak\u0131 bir yana b\u0131rakacak olursak, Komitenin, yirmi kesimin durumu konusunda rapor vermesi gerekiyordu. Bunlardan yedisi \u0130ttifaka a\u00e7\u0131k\u00e7a s\u0131rt \u00e7evirmi\u015flerdi; bu konuda raporda \u015f\u00f6yle deniliyor:<br \/> &#8220;Bienne&#8217;li kutucular\u0131n ve oymac\u0131 ve modelcilerin kesimleri, onlara g\u00f6nderdi\u011fimiz yaz\u0131\u015fmalar\u0131 hi\u00e7 bir zaman yan\u0131tlamad\u0131lar.<br \/> &#8220;Neuch\u00e2tel zanaat\u00e7\u0131lar\u0131n\u0131n, yani marangozlar\u0131n, kutucular\u0131n, oymac\u0131 ve modelcilerin kesimleri, Federal Komiteden gelen mektuplara hi\u00e7 bir yan\u0131t vermediler.<br \/> &#8220;Val-de-Ruz kesimi konusunda hi\u00e7 bir haber alamad\u0131k.<br \/> &#8220;Locle&#8217;li oymac\u0131lar ve modelcilerin kesimleri, Federal Komiteden gelen mektuplara hi\u00e7 bir yan\u0131t vermediler.&#8221;<br \/> \u00d6zerk kesimlerle onlar\u0131n Federal Komitesi aras\u0131ndaki \u00f6zg\u00fcr ili\u015fki diye adland\u0131rd\u0131klar\u0131 \u015fey i\u015fte budur.<br \/> Bir ba\u015fka kesim, &#8220;Courtelary b\u00f6lgesi oymac\u0131lar\u0131 ve modelcilerinin kesimi, \u00fc\u00e7 y\u0131ll\u0131k inat\u00e7\u0131 bir direnmeden sonra &#8230; \u015fu anda&#8221;, bunlar\u0131n Onalt\u0131lar Kongresine iki delege g\u00f6ndermelerine hi\u00e7 bir bi\u00e7imde engel o1mayan Enternasyonalden ba\u011f\u0131ms\u0131z olarak, &#8220;&#8230; bir direnme deme\u011fi kurmaktad\u0131rlar.&#8221; (sayfa 334)<br \/> Bunun ard\u0131ndan tamam\u0131yla \u00f6l\u00fc d\u00f6rt kesim geliyor<br \/> &#8220;Bienne&#8217;nin merkez kesimi \u015fu anda da\u011f\u0131lm\u0131\u015ft\u0131r; ama kendisini bu kesime adam\u0131\u015f \u00fcyelerden biri, k\u0131sa bir sure \u00f6nce, bize, Enternasyonalin Bienne&#8217;de tekrar do\u011fdu\u011funu g\u00f6rme umudunun b\u00fct\u00fcn b\u00fct\u00fcn yokolmad\u0131\u011f\u0131n\u0131 yazd\u0131.<br \/> &#8220;Saint-Blaise kesimi da\u011f\u0131lm\u0131\u015ft\u0131r.<br \/> &#8220;Cat\u00e9bat kesimi, parlak bir ya\u015famdan sonra, bu yi\u011fit (!) kesimi da\u011f\u0131tmak \u00fczere o b\u00f6lgenin efendileri (!) taraf\u0131ndan \u00e7evrilen dolaplara boyune\u011fmek zorunda kald\u0131.<br \/> &#8220;Son olarak, Corg\u00e9mont kesimi de i\u015fverenlerin \u00e7evirdikleri dolaplar\u0131n kurban\u0131 olmu\u015ftur.&#8221;<br \/> Bunun ard\u0131ndan, &#8220;faaliyetlerini ask\u0131ya alma gibi ak\u0131ll\u0131 bir \u00f6nlem alm\u0131\u015f olan&#8221; ama Onalt\u0131lar Kongresine iki delege g\u00f6ndermekten de geri durmayan Courtelary b\u00f6lgesinin merkez kesimi gelmektedir.<br \/> \u015eimdi de varl\u0131klar\u0131 b\u00fcy\u00fck bir sorun olan d\u00f6rt kesime geliyoruz<br \/> &#8220;Grange kesimi, k\u00fc\u00e7\u00fck bir sosyalist i\u015f\u00e7iler n\u00fcvesi durumuna indirgenmi\u015ftir. Bunlar\u0131n yerel faaliyetleri, \u00fcyelerinin say\u0131ca \u00e7ok az olu\u015flar\u0131 y\u00fcz\u00fcnden felce u\u011framaktad\u0131r.<br \/> &#8220;Neuch\u00e2tel merkez kesimi, olaylardan olduk\u00e7a zarar g\u00f6rm\u00fc\u015ft\u00fcr, ve e\u011fer baz\u0131 \u00fcyelerinin ba\u011fl\u0131l\u0131klar\u0131 ve eylemleri olmasayd\u0131 da\u011f\u0131lmas\u0131 ka\u00e7\u0131n\u0131lmaz olurdu.<br \/> &#8220;Locle merkez kesimi, birka\u00e7 ay \u00f6l\u00fcmle kal\u0131m aras\u0131nda gidip geldikten sonra, sonunda da\u011f\u0131ld\u0131. Ama \u00e7ok k\u0131sa bir s\u00fcre \u00f6nce tekrar kuruldu&#8221;, besbelli ki s\u0131rf Onalt\u0131lar Kongresine iki delege g\u00f6nderebilmek i\u00e7in.<br \/> &#8220;Chaux-de-Fonds Sosyalist propaganda kesimi, kritik bir durumda bulunuyor. &#8230; Durumu, iyile\u015fmek bir yana, daha da k\u00f6t\u00fcye gidiyor.&#8221;<br \/> Bunun ard\u0131ndan, ancak \u015f\u00f6yle bir de\u011finilen ve durumlar\u0131n konusunda tek s\u00f6z s\u00f6ylenmeyen iki kesim, Saint-\u0130mer ve Sonviller inceleme \u00e7evreleri geliyor.<br \/> Geriye, Merkez kesim ad\u0131n\u0131 ta\u015f\u0131d\u0131\u011f\u0131na bak\u0131l\u0131rsa \u00f6teki \u00f6l\u00fc kesimlerin kal\u0131nt\u0131s\u0131ndan ba\u015fka bir \u015fey olmayan \u00f6rnek kesim kal\u0131yor.<br \/> &#8220;Moutrer merkez kesimi, kesinlikle, en az zarar g\u00f6ren olmu\u015ftur. &#8230; Komitesi, Federal Komiteyle s\u00fcrekli ba\u011flant\u0131 (sayfa 335) halinde olmu\u015ftur &#8230; hen\u00fcz hi\u00e7 bir kesim kurulmam\u0131\u015ft\u0131r&#8230;&#8221;<br \/> Bu da kolayca a\u00e7\u0131klan\u0131yor:<br \/> &#8220;Moutier kesiminin faaliyetleri, ulusal geleneklerine ba\u011fl\u0131 &#8230; bir emek\u00e7i halk\u0131n m\u00fckemmel tutumundan \u00f6zel bir destek g\u00f6rm\u00fc\u015ft\u00fcr; bu b\u00f6lgenin i\u015f\u00e7i s\u0131n\u0131f\u0131n\u0131n, siyasal unsurlardan daha da uzak durdu\u011funu g\u00f6rmeyi \u00e7ok isterdik.&#8221;<br \/> Ger\u00e7ekten de, bu raporun &#8220;Jura Federasyonu \u00fcyelerinden bekleyebilece\u011fimiz ba\u011fl\u0131l\u0131\u011f\u0131n ve pratik zekan\u0131n kesin \u00f6l\u00e7\u00fcs\u00fcn\u00fc verdi\u011fi&#8221; g\u00f6r\u00fcl\u00fcyor.<br \/> Bunu, komitelerin ilk yerle\u015fim yeri olan Chaux-de-Fonds i\u015f\u00e7ilerinin kendileriyle ili\u015fki kurmay\u0131 hep reddetmi\u015f olduklar\u0131n\u0131 ekleyerek tamamlayabilirlerdi. Bunlar, Onalt\u0131lar\u0131n tamimini, daha 18 Ocak 1872 Genel toplant\u0131s\u0131nda, Londra Konferans\u0131 kararlar\u0131n\u0131 ve ayr\u0131ca May\u0131s 1871 tarihli Frans\u0131z \u0130svi\u00e7resi Kongre karar\u0131n\u0131 oybirli\u011fi ile destekleyerek yan\u0131tlam\u0131\u015flard\u0131r: &#8220;Bakunin&#8217;i, Guillaume&#8217;\u0131 ve bunlar\u0131n yanda\u015flar\u0131n\u0131 ilelebet Enternasyonalin d\u0131\u015f\u0131nda b\u0131rakmak.&#8221;<br \/> Kendi ifadesiyle &#8220;Enternasyonal i\u00e7erisinde sava\u015f, a\u00e7\u0131k sava\u015f&#8221; ba\u015flatm\u0131\u015f olan bu s\u00f6zde Sonvillier Kongresinin y\u00fcreklili\u011fi konusunda daha fazla \u015fey s\u00f6ylemeye gerek var m\u0131?<br \/> Olduklar\u0131ndan \u00e7ok daha fazla ses \u00e7\u0131kartan bu adamlar, elbette ki, altedilmez bir ba\u015far\u0131 kazanm\u0131\u015flard\u0131. Liberal ve polis bas\u0131n\u0131n\u0131n tamam\u0131 a\u00e7\u0131k\u00e7a bunlardan yana oldu; Genel Konseye kar\u015f\u0131 giri\u015ftikleri ki\u015fisel iftiralarda ve Enternasyonali hedefleyen g\u00fc\u00e7s\u00fcz sald\u0131r\u0131lar\u0131nda, bir\u00e7ok \u00fclkedeki s\u00f6zde reformcular taraf\u0131ndan desteklendiler: \u0130ngiltere&#8217;de, \u00e7evirdikleri entrikalar Genel Konsey taraf\u0131ndan a\u00e7\u0131\u011fa \u00e7\u0131kart\u0131lan burjuva cumhuriyet\u00e7iler taraf\u0131ndan; \u0130talya&#8217;da, Stefanoni&#8217;nin sanca\u011f\u0131 alt\u0131nda, &#8220;Genel Us\u00e7ular Derne\u011fi&#8221;ni, genel karargah\u0131 Roma&#8217;da bulunan ve t\u00fcz\u00fc\u011f\u00fc onbin frank ba\u011f\u0131\u015fta bulunan her burjuvan\u0131n Kongre binas\u0131nda mermer bir b\u00fcst\u00fcn\u00fcn dikilmesine olanak tan\u0131yan tanr\u0131tan\u0131maz rahiplerin ve rahibelerin manast\u0131r\u0131 olan &#8220;Genel Us\u00e7ular Derne\u011fi&#8221;ni, bu &#8220;otoriter&#8221; ve &#8220;hiyerar\u015fik&#8221; \u00f6rg\u00fct\u00fc[239]Neuer Social-Demokrat&#8217;tan[240] ayr\u0131 olarak, Prusya-Alman \u0130mparatorlu\u011fu i\u00e7in &#8220;beyaz g\u00f6mlekliler&#8221;[241] rol\u00fcn\u00fc oynayan Bismarck sosyalistleri taraf\u0131ndan.<br \/> Sonvillier kardinaller meclisi, yapt\u0131\u011f\u0131 ac\u0131kl\u0131 bir \u00e7a\u011fr\u0131yla (sayfa 336) Enternasyonalin b\u00fct\u00fcn kesimlerinden, yurtta\u015f Malon ve Lefran\u00e7ais&#8217;ye g\u00f6re &#8220;Londra Konseyinin ard\u0131 arkas\u0131 gelmez yetki tecav\u00fczlerine bir son vermek i\u00e7in&#8221;, ama asl\u0131nda Enternasyonalin yerine \u0130ttifak\u0131 ge\u00e7irmek i\u00e7in derhal toplanacak bir kongrenin ivedili\u011fi konusunda diretmelerini istiyor. Bu \u00e7a\u011fr\u0131 \u00f6ylesine y\u00fcreklendirici bir tepki g\u00f6rd\u00fc ki, bunlar, derhal, son Bel\u00e7ika Kongresinde onaylanan bir karar\u0131 tahrif etme i\u015fine giri\u015ftiler. Resmi organlar\u0131nda (Revolution Sociale, 4 Ocak 1872) \u015f\u00f6yle deniliyor:<br \/> &#8220;Son olarak, daha da \u00f6nemlisi, Bel\u00e7ika kesimleri, 24 ve 25 Aral\u0131kta Br\u00fcksel Kongresinde biraraya geldiler ve bir Genel Kongrenin toplanmas\u0131n\u0131n ivedili\u011fi konusunda Sonvillier Kongresinde al\u0131nm\u0131\u015f olanla \u00f6zde\u015f bir karar\u0131 oybirli\u011fi ile kabul ettiler.&#8221;<br \/> Bel\u00e7ika Kongresinin bunun tam tersini kabul etti\u011fini belirtmek \u00f6nemlidir. Bu karar, gelecek hazirana kadar toplanmayacak olan Bel\u00e7ika Kongresine, Enternasyonalin bir sonraki Kongresine sunulmak \u00fczere yeni bir Genel T\u00fcz\u00fck haz\u0131rlama g\u00f6revini veriyordu.<br \/> Enternasyonal \u00fcyelerinin b\u00fcy\u00fck bir \u00e7o\u011funlu\u011funun arzusu uyar\u0131nca, Genel Konsey, y\u0131ll\u0131k Kongreyi ancak Eyl\u00fcl 1872&#8217;de toplayacakt\u0131r.<\/p>\n<p>VII<\/p>\n<p>Konferanstan birka\u00e7 hafta sonra, \u0130ttifak\u0131n en etkin ve en ate\u015fli \u00fcyeleri Albert Richard ve Gaspard Blanc Londra&#8217;ya geldiler. Ama\u00e7lar\u0131 Frans\u0131z m\u00fclteciler aras\u0131ndan, kendilerince Thiers&#8217;ten kurtulman\u0131n ve ortakl\u0131kta kalmaman\u0131n tek yolu olan imparatorlu\u011fun yeniden kurulmas\u0131 i\u00e7in \u00e7al\u0131\u015fmaya g\u00f6n\u00fcll\u00fc yanda\u015flar bulmakt\u0131. Genel Konsey, Br\u00fcksel Federal Konseyi de dahil, b\u00fct\u00fcn ilgilileri bunlar\u0131n bonapart\u00e7\u0131 tertipleri konusunda uyard\u0131.<br \/> Bunlar, Ocak 1872&#8217;de, Albert Richard ve Gaspard Blanc imzas\u0131yla, &#8220;L&#8217;Empire et la France nouvelle, Appel du peuple et de la jeunesse \u00e0 la conscience Fran\u00e7aise, Br\u00fcksel 1872&#8221; ba\u015fl\u0131kl\u0131 bir kitap\u00e7\u0131k yay\u0131nlayarak maskelerini \u00e7\u0131kart\u0131p att\u0131lar.<br \/> \u0130ttifak \u015farlatanlar\u0131na \u00f6zg\u00fc bir al\u00e7akg\u00f6n\u00fcll\u00fcl\u00fckle \u015fu (sayfa 337) martavallar\u0131 at\u0131yorlard\u0131:<br \/> &#8220;Frans\u0131z proletaryas\u0131n\u0131n o b\u00fcy\u00fck ordusunu kurmu\u015f olan bizler, &#8230; Enternasyonalin Fransa&#8217;daki en etkin \u00f6nderleri olan bizler,[13*]&#8230; ne mutlu ki, vurulmad\u0131k ve alt\u0131nda sava\u015fmakta oldu\u011fumuz sanca\u011f\u0131 onlar\u0131n (yani: muhteris parlamenterlerin, kendini be\u011fenmi\u015f cumhuriyet\u00e7ilerin, her t\u00fcrden s\u00f6zde-demokratlar\u0131n) suratlar\u0131na \u00e7arpmak ve bizi bekleyen iftiralara, tehditlere ve her t\u00fcrden sald\u0131r\u0131lara kar\u015f\u0131n, vicdan\u0131m\u0131z\u0131n ta derinliklerinden gelen ve \u00e7ok ge\u00e7meden b\u00fct\u00fcn Frans\u0131zlar\u0131n y\u00fcreklerinde yank\u0131s\u0131n\u0131 bulacak olan hayk\u0131r\u0131\u015f\u0131 \u015fa\u015fk\u0131n Avrupa&#8217;n\u0131n surat\u0131na hayk\u0131rmak i\u00e7in buraday\u0131z: &#8216;Ya\u015fas\u0131n \u0130mparator!'&#8221;<br \/> &#8220;G\u00f6zden d\u00fc\u015f\u00fcr\u00fclm\u00fc\u015f ve a\u015fa\u011f\u0131lanm\u0131\u015f olan Napoleon III&#8217;\u00fcn itibar\u0131, parlak bir bi\u00e7imde iade edilmelidir&#8221;; ve Invasion III&#8217;\u00fcn gizli fonlar\u0131ndan para alan Albert Richard ve Gaspard Blanc, \u00f6zellikle bu itibar iadesiyle g\u00f6revlendirilmi\u015flerdir.<br \/> Kald\u0131 ki, \u015funu da itiraf ediyorlar: &#8220;Bizleri imparator yanl\u0131s\u0131 yapan, d\u00fc\u015f\u00fcncelerimizin ge\u00e7irdi\u011fi ola\u011fan evrimdir.&#8221;<br \/> \u0130\u015fte \u0130ttifak\u00e7\u0131 dinda\u015flar\u0131n\u0131 sevindirmesi gereken bir itiraf. Solidarit\u00e9&#8217;nin g\u00fczel g\u00fcnlerinde oldu\u011fu gibi, A. Richard ve G. Blanc, gene, kendi &#8220;ola\u011fan evrim&#8221; ilkelerine g\u00f6re, t\u0131pk\u0131 mahkumun g\u00fcne\u015f alt\u0131nda y\u00fcr\u00fcmekten uzak durmas\u0131 gibi, olsa olsa i\u015f\u00e7ilerin her t\u00fcrl\u00fc siyasete kar\u0131\u015fmaktan uzak durduklar\u0131 en mutlak despotizm alt\u0131nda ger\u00e7ekle\u015febilecek olan &#8220;siyasetten uzak durma&#8221;ya ili\u015fkin eski kli\u015feleri geveliyorlar. (sayfa 338)<br \/> &#8220;Devrimcilerin zaman\u0131 ge\u00e7mi\u015ftir&#8221; diyorlar. &#8220;&#8230; kom\u00fcnizm Almanya&#8217;ya ve \u0130ngiltere&#8217;ye, \u00f6zellikle Almanya&#8217;ya hapsolunmu\u015ftur. Dahas\u0131, sonradan ba\u015ftanba\u015fa t\u00fcm Enternasyonale yay\u0131lmak \u00fczere, uzun bir s\u00fcre ciddi olarak geli\u015ftirildi\u011fi yer de buras\u0131d\u0131r, ve Alman etkisinin Birlik i\u00e7ersindeki bu kayg\u0131 verici yay\u0131l\u0131\u015f\u0131n\u0131n, Birli\u011fin geli\u015fmesini duraksatmaya, ya da daha do\u011frusu, hi\u00e7 bir Almandan bir kez olsun bir slogan edinmemi\u015f olan merkezci ve g\u00fcney Fransa kesimlerinde ona yeni bir y\u00f6n vermeye olan katk\u0131s\u0131 hi\u00e7 de az olmam\u0131\u015ft\u0131r.&#8221;<br \/> Bu, \u0130ttifak\u0131n kurulu\u015fundan beri, bir Rus olarak, Latin \u0131rklar\u0131n\u0131 temsil etme \u00f6zel g\u00f6revini \u00fcstlenmi\u015f olan b\u00fcy\u00fck kahinin sesi olmas\u0131n sak\u0131n? Yoksa bunlar &#8220;Alman ya da bismark\u00e7\u0131 zihniyeti Enternasyonale yutturmaya \u00e7al\u0131\u015fan geriye gidi\u015fi&#8221; su\u00e7layan Revolution Sociale&#8217;in (2 Kas\u0131m 1871) &#8220;hakiki misyonerleri&#8221; midirler?<br \/> Ama \u00e7ok \u015f\u00fck\u00fcr ki, ger\u00e7ek gelenek kaybolmam\u0131\u015f ve Albert Richard ve Gaspard Blanc baylar vurulmam\u0131\u015flard\u0131r! B\u00f6ylece, bunlar\u0131n kendi &#8220;katk\u0131lar\u0131&#8221;, esas olarak &#8220;\u00f6zerk&#8221; bonapart\u00e7\u0131 kesimler kurmaya \u00e7al\u0131\u015farak, Enternasyonal i\u00e7in merkezi ve G\u00fcney Fransa&#8217;daki kesimlerde izlenecek &#8220;yeni bir y\u00f6n saptamak&#8221;tan ibarettir.<br \/> Londra Konferans\u0131nca tavsiye edildi\u011fi gibi, proletaryan\u0131n siyasal bir parti olu\u015fturmas\u0131na gelince, bizler -Richard ve Blanc-:<br \/> &#8220;\u0130mparatorlu\u011fun tekrar kurulmas\u0131ndan sonra, derhal, yaln\u0131zca sosyalist teorileri ele almakla kalmayacak, bunlan y\u0131\u011f\u0131nlar\u0131n devrimci \u00f6rg\u00fctlenmesi yoluyla uygulamaya koyma yolundaki her t\u00fcrl\u00fc \u00e7abaya da giri\u015fece\u011fiz.&#8221;<br \/> K\u0131sacas\u0131, bu baylar &#8220;Enternasyonalin &#8230; \u00f6zellikle Latin \u00fclkelerdeki ger\u00e7ek g\u00fcc\u00fcn\u00fc olu\u015fturan&#8221; o b\u00fcy\u00fck &#8220;kesimlerin \u00f6zerkli\u011fi ilkesi&#8221;nden yararlanarak, b\u00fct\u00fcn umutlar\u0131n\u0131 Enternasyonal i\u00e7ersindeki anar\u015fiye ba\u011fl\u0131yorlar.<br \/> Anar\u015fi: sosyalist sistemlerden bir dizi slogan d\u0131\u015f\u0131nda hi\u00e7 bir \u015fey almam\u0131\u015f olan ustalar\u0131 Bakunin&#8217;in b\u00fcy\u00fck sava\u015f at\u0131 i\u015fte budur. B\u00fct\u00fcn sosyalistler, anar\u015fiden \u015funu anlarlar: Proleter hareketin hedefi, yani s\u0131n\u0131flar\u0131n kald\u0131r\u0131lmas\u0131, bir (sayfa 339) kez ger\u00e7ekle\u015fti mi, \u00fcreticilerin b\u00fcy\u00fck bir \u00e7o\u011funlu\u011funu \u00e7ok k\u00fc\u00e7\u00fck bir s\u00f6m\u00fcr\u00fcc\u00fc az\u0131nl\u0131\u011f\u0131n boyunduru\u011fu alt\u0131nda tutmaya yarayan devlet g\u00fcc\u00fc yokolur, ve h\u00fck\u00fcmetin i\u015flevi basit y\u00f6netsel i\u015flevlerden ibaret hale gelir. \u0130ttifak ise tamamen farkl\u0131 bir tablo \u00e7iziyor. Proleter saflar i\u00e7ersindeki anar\u015finin, s\u00f6m\u00fcr\u00fcc\u00fclerin ellerindeki b\u00fcy\u00fck toplumsal ve siyasal g\u00fc\u00e7 yo\u011funla\u015fmas\u0131n\u0131 k\u0131rman\u0131n en \u015fa\u015fmaz arac\u0131 oldu\u011funu ilan ediyor. Bu bahaneyle, eski d\u00fcnyan\u0131n Enternasyonali ezmenin bir yolunu bulmaya \u00e7al\u0131\u015ft\u0131\u011f\u0131 bir s\u0131rada, Enternasyonalden, \u00f6rg\u00fct\u00fcn\u00fcn yerine anar\u015fiyi ge\u00e7irmesini istiyor. Uluslararas\u0131 polis de, Thiers cumhuriyetini kraliyet pelerinine sararak s\u00fcrd\u00fcrmek i\u00e7in bundan ba\u015fka bir \u015fey istemiyor.[14*] (sayfa 340)<\/p>\n<p> Londra, 5 Mart 1871<br \/> 33, Rathbone place, W.<\/p>\n<p> Ocak ortas\u0131-5 Mart 1872 aras\u0131nda Marx ve Engels taraf\u0131ndan yaz\u0131lm\u0131\u015ft\u0131r.<\/p>\n<p> 1872&#8217;de, Cenevre&#8217;de, bro\u015f\u00fcr olarak yay\u0131mlanm\u0131\u015ft\u0131r: Les Preten du esscissions dans l&#8217;Internationale, Genevre 1872<\/p>\n<p><strong>Dipnotlar<\/strong><br \/>[1*] Uluslararas\u0131 Sosyalist Demokrasi \u0130ttifak\u0131. -Ed.<br \/>[2*] Ne\u00e7ayev duru\u015fmas\u0131n\u0131n bir \u00f6zeti k\u0131sa bir s\u00fcre sonra yay\u0131nlanacakt\u0131r. Okur orada, Bakunin&#8217;in dostlar\u0131n\u0131n Enternasyonale atfettikleri aptalca ve rezilce ve, vecizelerden \u00f6rnekler bulacakt\u0131r. [Yazarlar\u0131n notu.]<br \/>[3*] Karl Marx taraf\u0131ndan kaleme al\u0131nm\u0131\u015f olan. &#8220;Genel Konseyden Latin \u0130svi\u00e7resi Federal Konseyine&#8221; ba\u015fl\u0131kl\u0131 tamim. -Ed.<br \/>[4*] Son \u00fc\u00e7 aydan beri, B. Malon&#8217;un Enternasyonalin kurucusu diye \u00e7ok kli\u015fele\u015fmi\u015f bir bi\u00e7imde reklam\u0131n\u0131 yapm\u0131\u015f ve yazd\u0131\u011f\u0131 kitab\u0131[227] Kom\u00fcn konusundaki tek ba\u011f\u0131ms\u0131z yap\u0131t diye adland\u0131rm\u0131\u015f olan dostlar\u0131, bu Batignolles Belediye Ba\u015fkan yard\u0131mc\u0131s\u0131n\u0131n \u015fubat se\u00e7imleri arifesinde tak\u0131nm\u0131\u015f oldu\u011fu tavr\u0131 biliyorlar m\u0131? Kom\u00fcn\u00fcn gelmekte oldu\u011funu hen\u00fcz g\u00f6rmemi\u015f olan ve meclise se\u00e7ilmeyi ba\u015farmaktan ba\u015fka g\u00f6z\u00fc hi\u00e7 bir \u015fey g\u00f6rmeyen B. Malon, o s\u0131ra, d\u00f6rt komitenin listesinde Enternasyonal \u00fcyesi olarak yeralmak i\u00e7in tertiplere giri\u015fmi\u015ftir. Bu amaca ula\u015fmak i\u00e7in Paris Federal Konseyinin varl\u0131\u011f\u0131n\u0131 k\u00fcstah\u00e7a yads\u0131m\u0131\u015f ve kendisinin Batignolles&#8217;te kurmu\u015f oldu\u011fu bir kesimin listesini t\u00fcm Birli\u011fin listesiymi\u015f gibi komitelere sunmu\u015ftur. -Daha sonra, 19 Martta, a\u00e7\u0131k bir belgede, arife g\u00fcn\u00fc ba\u015far\u0131lan b\u00fcy\u00fck Devrimin \u00f6nderlerine hakaret etti.- Bu tepeden t\u0131rna\u011fa anar\u015fist ki\u015fi, bug\u00fcn, bir y\u0131l \u00f6nce d\u00f6rt komiteye s\u00f6yledi\u011fi \u015feyi yay\u0131nl\u0131yor ya da yay\u0131nlam\u0131\u015ft\u0131r: Enternasyonal benim! B. Malon, hem Louis XIV&#8217;\u00fc ve hem de \u00e7ikolata imal\u00e2t\u00e7\u0131s\u0131 Perron&#8217;u ayn\u0131 anda g\u00fcl\u00fcn\u00e7 bir bi\u00e7imde taklit etmenin yolunu bulmu\u015ftur. Perron kendi \u00e7ikolatas\u0131n\u0131n yenebilecek tek \u00e7ikolata oldu\u011funu ilan etmi\u015fti! [Yazarlar\u0131n notu.]<br \/>[5*] Konseyin ulusal bile\u015fimi \u015f\u00f6yleydi: 20 \u0130ngiliz, 15 Frans\u0131z, 7 Alman (ki bunlardan be\u015fi Enternasyonalin kurucu \u00fcyeleridir), 2 \u0130svi\u00e7reli, 2 Macar, 1 Polonyal\u0131. 1 Bel\u00e7ikal\u0131, 1 \u0130rlandal\u0131, 1 Danimarkal\u0131 ve 1 \u0130talyan. [Yazarlar\u0131n notu.]<br \/>[6*] Bundan k\u0131sa bir s\u00fcre sonra, Genel Konseye sokmay\u0131 istedikleri bu Chautard, Thiers&#8217;nin polisi oldu\u011fu gerek\u00e7esiyle kesimden at\u0131ld\u0131. Onu su\u00e7layanlar ile, kendilerini Genel Konseyde temsil etmekte onu herkesten daha de\u011ferli bulmu\u015f olanlar ayn\u0131 kimselerdi. [Yazarlar\u0131n notu.]<br \/>[7*] \u0130\u00e7ki i\u00e7memeye yeminli kimseler. -\u00e7.<br \/>[8*] Konferans\u0131n \u0130\u015f\u00e7i S\u0131n\u0131f\u0131n\u0131n Siyasal Eylemi \u00fczerine karar\u0131 \u015f\u00f6yledir:<br \/> &#8220;T\u00fcz\u00fc\u011f\u00fcn \u00f6ns\u00f6z\u00fcndeki \u015fu pasaj\u0131: &#8216;i\u015f\u00e7i s\u0131n\u0131f\u0131n\u0131n iktisadi kurtulu\u015funun her siyasal hareketin, bir ara\u00e7 olarak, tabi olmas\u0131 gereken b\u00fcy\u00fck ama\u00e7 oldu\u011fu;<br \/> &#8220;Uluslararas\u0131 \u0130\u015f\u00e7i Birli\u011finin Kurulu\u015f \u00c7a\u011fr\u0131s\u0131n\u0131n (1864) \u015fu s\u00f6zlerini: &#8216;Toprakbeyleri ve sermye beyleri kendi iktisadi tekellerini savunmak ve devam\u0131n\u0131 sa\u011flamak i\u00e7in kendi siyasal ayr\u0131cal\u0131klar\u0131n\u0131 her zaman kullanacaklard\u0131r. Eme\u011fin kurtulu\u015funu te\u015fvik etmek bir yana, onun yoluna olas\u0131 her engeli koymay\u0131 s\u00fcrd\u00fcreceklerdir. &#8230; Siyasal iktidar\u0131n ele ge\u00e7irilmesi, bu y\u00fczden, \u00e7al\u0131\u015fan s\u0131n\u0131flar\u0131n en b\u00fcy\u00fck g\u00f6revi olmu\u015ftur&#8217;;<br \/> &#8220;Lozan Kongresinin (1867) ald\u0131\u011f\u0131 \u015fu karar\u0131: &#8216;\u0130\u015f\u00e7ilerin toplumsal kurtulu\u015fu onlar\u0131n siyasal kurtulu\u015fundan ayr\u0131lamaz&#8217;;<br \/> &#8220;Frans\u0131z Enternasyonallerinin plebisit arifesindeki (1870) s\u00f6zde komplosuna ili\u015fkin Genel Konsey a\u00e7\u0131klamas\u0131ndaki \u015fu s\u00f6zleri: &#8216;Elbette ki, T\u00fcz\u00fc\u011f\u00fcm\u00fcz\u00fcn metni uyar\u0131nca, \u0130ngiltere&#8217;deki, K\u0131ta \u00fczerindeki ve Amerika&#8217;daki b\u00fct\u00fcn \u015fubelerimiz, yaln\u0131zca i\u015f\u00e7i s\u0131n\u0131f\u0131n\u0131n militan \u00f6rg\u00fctlenme merkezleri olma de\u011fil, ayr\u0131ca kendi \u00fclkelerinde nihai amac\u0131m\u0131z\u0131n -i\u015f\u00e7i s\u0131n\u0131f\u0131n\u0131n iktisadi kurtulu\u015funun- ger\u00e7ekle\u015fmesine y\u00f6nelik her siyasal hareketi de destekleme \u00f6zel g\u00f6revine sahiptirler&#8217;;<br \/> &#8220;\u0130lk T\u00fcz\u00fc\u011f\u00fcn hatal\u0131 \u00e7evirilerinin Uluslararas\u0131 \u0130\u015f\u00e7i Birli\u011finin geli\u015fmesine ve eylemine zarar veren \u00e7e\u015fitli yorumlara yola\u00e7m\u0131\u015f oldu\u011funu;<br \/> &#8220;Enternasyonalin, i\u015f\u00e7ilerin kurtulu\u015fa y\u00f6nelik her \u00e7abas\u0131n\u0131 amans\u0131zca ezen ve s\u0131n\u0131f ayr\u0131m\u0131n\u0131 ve m\u00fclk sahibi s\u0131n\u0131flar\u0131n buradan kaynaklanan siyasal egemenli\u011fini kaba kuvvet yoluyla s\u00fcrd\u00fcrmeye \u00e7al\u0131\u015fan azg\u0131n bir gericilik kar\u015f\u0131s\u0131nda bulundu\u011funu;<br \/> &#8220;M\u00fclk sahibi s\u0131n\u0131flar\u0131n bu kolektif g\u00fcc\u00fc kar\u015f\u0131s\u0131nda, i\u015f\u00e7i s\u0131n\u0131f\u0131n\u0131n, m\u00fclk sahibi s\u0131n\u0131flarca kurulmu\u015f b\u00fct\u00fcn eski partilerden ayr\u0131 ve onlara kar\u015f\u0131 bir siyasal parti haline gelmedik\u00e7e bir s\u0131n\u0131f olarak davranamayaca\u011f\u0131n\u0131;<br \/> &#8220;\u0130\u015f\u00e7i s\u0131n\u0131f\u0131n\u0131n b\u00f6yle bir parti haline geli\u015finin Toplumsal Devrimin ve onun nihai amac\u0131n\u0131n -s\u0131n\u0131flar\u0131n kald\u0131r\u0131lmas\u0131n\u0131n- zaferinin g\u00fcvence alt\u0131na al\u0131nmas\u0131 bak\u0131m\u0131ndan vazge\u00e7ilmez oldu\u011funu;<br \/> &#8220;\u0130\u015f\u00e7i s\u0131n\u0131f\u0131n\u0131n \u015fimdiye kadarki iktisadi m\u00fccadeleleriyle yaratm\u0131\u015f bulundu\u011fu birle\u015fik g\u00fcc\u00fcn, ayn\u0131 zamanda, toprak beylerinin ve kapitalistlerin siyasal g\u00fcc\u00fcne kar\u015f\u0131 m\u00fccadeleler i\u00e7in de bir ara\u00e7 olarak kullan\u0131lmas\u0131 gerekti\u011fini;<br \/> &#8220;G\u00f6z\u00f6n\u00fcnde bulunduran Konferans, b\u00fct\u00fcn Enternasyonal \u00fcyelerine \u015funu an\u0131msat\u0131r:<br \/> &#8220;\u0130\u015f\u00e7i s\u0131n\u0131f\u0131n\u0131n sava\u015fkan konumunda, onun iktisadi hareketi ile siyasal eylemi birbirlerine ayr\u0131lmazcas\u0131na ba\u011fl\u0131d\u0131r.&#8221; [Yazarlar\u0131n notu.]<br \/>[9*] S\u00f6z\u00fc edilen ki\u015fi Bakunin&#8217;dir. -Ed.<br \/>[10*] Jules Favre&#8217;nin yabanc\u0131 g\u00fc\u00e7lere g\u00f6ndermi\u015f oldu\u011fu genelge ve &#8220;Tar\u0131m&#8221; Meclisi \u00fcyesi Sacase&#8217;nin Dufaure projesi konusundaki raporu da dahil, son zamanlardaki polis yay\u0131nlar\u0131, \u0130ttifak\u0131n tantanal\u0131 manifestolar\u0131ndan yap\u0131lm\u0131\u015f al\u0131nt\u0131larla doludur.[234] Radikallikleri t\u00fcm\u00fcyle s\u00f6zde kalan bu sekterlerin lafazanl\u0131klar\u0131, gericilerin emellerine \u00e7ok iyi hizmet etmektedir. [Yazarlar\u0131n notu.]<br \/>[11*] Bakunin&#8217;in bir dostu olan sekreterleri taraf\u0131ndan temsil olunan Proletaryan\u0131n Kurtulu\u015fu Derne\u011finin g\u00f6r\u00fcn\u00fcrdeki d\u00fc\u015f\u00fcnceleri o s\u0131ra bunlard\u0131. Ama bu kesimin e\u011filimleri asl\u0131nda \u00e7ok farkl\u0131yd\u0131. Dernek, ikili oynayan bu haini zimmetine para ge\u00e7irmekten ve Turin polis \u015fefiyle dostluk ili\u015fkisi kurmaktan \u00f6t\u00fcr\u00fc ihra\u00e7 ettikten sonra, kendisiyle Genel Konsey aras\u0131ndaki b\u00fct\u00fcn yanl\u0131\u015f anlamalar\u0131 ortadan kald\u0131ran a\u00e7\u0131klamalarda bulundu. [Yazarlar\u0131n\u0131n notu.]<br \/>[12*] Bir Kongre toplaman\u0131n ihanetin ya da aptall\u0131\u011f\u0131n doru\u011fu olaca\u011f\u0131 bir s\u0131ra Genel Konseyi kapal\u0131 bir konferans toplam\u0131\u015f olmakla su\u00e7lamay\u0131 s\u00fcrd\u00fcren ittifak\u0131n say\u0131n ba\u015flar\u0131, kay\u0131ts\u0131z \u015farts\u0131z \u015famatadan ve a\u00e7\u0131kl\u0131ktan yana olan bu kimseler, Enternasyonal i\u00e7erisinde, T\u00fcz\u00fc\u011f\u00fcm\u00fcz\u00fc \u00e7i\u011fneyerek, Enternasyonalin kesimlerini, onlardan habersizce, Bakunin&#8217;in tekkesine sokma amac\u0131yla bizzat Enternasyonale kar\u015f\u0131 y\u00f6nelmi\u015f ger\u00e7ek bir gizli dernek \u00f6rg\u00fctlediler.<br \/> Genel Konsey, \u00f6n\u00fcm\u00fczdeki Kongrede, bu gizli \u00f6rg\u00fct ve onun baz\u0131 \u00fclkelerdeki, \u00f6rne\u011fin \u0130spanya&#8217;daki eleba\u015flar\u0131 hakk\u0131nda bir soru\u015fturma a\u00e7\u0131lmas\u0131n\u0131 isteme niyetindedir. [Yazarlar\u0131n notu.]<br \/>[13*] &#8220;Te\u015fhir Kaz\u0131\u011f\u0131na!&#8221; ba\u015fl\u0131\u011f\u0131 alt\u0131nda, 15 \u015eubat 1872 tarihli L&#8217;Egalit\u00e9&#8217;de (Cenevre) \u015f\u00f6yle deniyordu:<br \/> &#8220;Kom\u00fcn hareketinin G\u00fcney Fransa&#8217;daki yan\u0131lg\u0131s\u0131n\u0131n \u00f6yk\u00fcs\u00fcn\u00fc anlatman\u0131n g\u00fcn\u00fc daha gelmedi; ama bizim, \u00e7o\u011fu 30 Nisan Lyons ayaklanmas\u0131n\u0131n ac\u0131kl\u0131 yenilgisine tan\u0131k olan bizlerin, bug\u00fcn i\u00e7in a\u00e7\u0131klayabilece\u011fimiz \u015fey, ayaklanman\u0131n ba\u015far\u0131s\u0131zl\u0131\u011fa u\u011framas\u0131n\u0131n nedenlerinden birinin, her yere girip \u00e7\u0131kan ve perde arkas\u0131nda duran A. Richard&#8217;\u0131n emirlerini yerine getiren G. Blanc&#8217;\u0131n korkakl\u0131\u011f\u0131, ihaneti ve h\u0131rs\u0131zl\u0131\u011f\u0131 oldu\u011fudur.<br \/> &#8220;Dikkatle haz\u0131rlanm\u0131\u015f manevralar\u0131yla bu sefiller, ayaklanma Komitelerinin haz\u0131rl\u0131k \u00e7al\u0131\u015fmalar\u0131na kat\u0131lm\u0131\u015f olanlar\u0131n bir\u00e7o\u011funu bile bile tehlikeye att\u0131lar.<br \/> &#8220;Dahas\u0131, bu hainler, Enternasyonali Lyons&#8217;da g\u00f6zden d\u00fc\u015f\u00fcrmeyi o denli ba\u015farm\u0131\u015flard\u0131 ki, Paris Devrimi oldu\u011funda, Lyons i\u015f\u00e7ilerinin Enternasyonale hi\u00e7 bir g\u00fcvenleri kalmam\u0131\u015ft\u0131. Hi\u00e7 bir \u00f6rg\u00fctlenmenin olmay\u0131\u015f\u0131n\u0131n nedeni budur, ayaklanman\u0131n ba\u015far\u0131s\u0131zl\u0131\u011f\u0131n\u0131n nedeni budur, \u00f6yle bir ba\u015far\u0131s\u0131zl\u0131k ki, kendi yal\u0131t\u0131lm\u0131\u015f g\u00fc\u00e7lerine dayanmak zorunda b\u0131rak\u0131lm\u0131\u015f olan Kom\u00fcn\u00fcn d\u00fc\u015fmesi sonucunu vermeye mahkumdu! Ancak bu kanl\u0131 dersten sonrad\u0131r ki, bizim program\u0131m\u0131z Lyons&#8217;lu i\u015f\u00e7ileri Enternasyonalin bayra\u011f\u0131 etraf\u0131nda toplayabilmi\u015ftir.<br \/> &#8220;Albert Richard, Peygamber Bakunin&#8217;in ve avanesinin g\u00f6zdesiydi.&#8221;<br \/>[14*] Tar\u0131mc\u0131lar Meclisi \u00fcyesi Sacase, Dufaure yasas\u0131 \u00fczerine raporda, her \u015feyden \u00e7ok Enternasyonalin &#8220;\u00f6rg\u00fct\u00fcne&#8221; sald\u0131r\u0131yor. Bu \u00f6rg\u00fctten kesinlikle nefret ediyor. &#8220;Bu korkun\u00e7 Birli\u011fin y\u00fckselen hareketini&#8221; ortaya koyduktan sonra, \u015f\u00f6yle devam ediyor: &#8220;Bu Birlik &#8230; kendisinden \u00f6nceki tekkelerin karanl\u0131k uygulamalar\u0131n\u0131 &#8230; reddediyor. \u00d6rg\u00fct\u00fc \u00e7ok a\u00e7\u0131k bir bi\u00e7imde kurulmu\u015f ve de\u011fi\u015ftirilmi\u015ftir. Bu \u00f6rg\u00fcn g\u00fcc\u00fc sayesinde &#8230; eylem ve etki alan\u0131n\u0131 durmadan geni\u015fletmi\u015ftir. D\u00fcnyan\u0131n her yerinde geni\u015flemektedir.&#8221; Bunun ard\u0131ndan &#8220;\u00f6rg\u00fc t\u00fcn k\u0131sa bir betimlemesini&#8221; veriyor ve \u015f\u00f6yle bitiriyor: &#8220;Ustal\u0131kl\u0131 birli\u011fi ile &#8230; bu s\u0131n\u0131rs\u0131z \u00f6rg\u00fct\u00fcn plan\u0131 i\u015fte budur. G\u00fcc\u00fc, bu anlay\u0131\u015f\u0131ndan gelmektedir. Ayr\u0131ca ortak eylemleriyle birbirlerine ba\u011fl\u0131 olan say\u0131s\u0131z yanda\u015flar\u0131na ve, son olarak da, onlar\u0131 harekete ge\u00e7iren altedilmez d\u00fcrt\u00fcye dayanmaktad\u0131r.&#8221; [Yazarlar\u0131n notu.]<\/p>\n<p><strong>A\u00e7\u0131klay\u0131c\u0131 Notlar<\/strong><br \/>[204] Enternasyonal \u0130\u00e7indeki Sahte B\u00f6!\u00fcnme!er. &#8211; Uluslararas\u0131 \u0130\u015f\u00e7i Birli\u011fi Genel Konseyinin \u00f6zel tamimi. Buradaki belliba\u015fl\u0131 \u00f6nermeleri Marx 5 Mart 1872 tarihli Konsey toplant\u0131s\u0131nda ortaya koymu\u015ftu. Bu belgede Marx ve Engels bakunincili\u011fi, i\u015f\u00e7i s\u0131n\u0131f\u0131n\u0131n y\u0131\u011f\u0131nsal hareketine d\u00fc\u015fman ve teorik gerilik, y\u0131\u011f\u0131nsal devrimci hareketten yal\u0131t\u0131lm\u0131\u015fl\u0131k, dogmac\u0131l\u0131k ve &#8220;devrimci&#8221; macerac\u0131l\u0131k \u00f6zelliklerini ta\u015f\u0131yan sekterli\u011fin bir g\u00f6stergesi olarak te\u015fhir etmektedirler. Marx ve Engels, sekterli\u011fin toplumsal k\u00f6klerinin k\u00fc\u00e7\u00fck-hurjuva zihniyetinin i\u015fci s\u0131n\u0131f\u0131 \u00fczerindeki etkisinde yatt\u0131\u011f\u0131n\u0131 ortaya koymu\u015flar ve i\u015f\u00e7i s\u0131n\u0131f\u0131n\u0131n tekkeleri altetmek i\u00e7in kendi y\u0131\u011f\u0131nsal devrimci \u00f6rg\u00fct\u00fcne sahip olmas\u0131 gerekti\u011fini vurgulam\u0131\u015flard\u0131r. Bu \u00f6rg\u00fct, b\u00fct\u00fcn \u00fclkelerin proleterlerinin ger\u00e7ek ve militan birli\u011fi olan Enternasyonaldi. Bakununcilerin Genel Konseyin i\u015flevini salt bir haberle\u015fme ve istatistik b\u00fcrosunun i\u015flevlerine indirgemek yolundaki istemlerinin kabul edilmesi, proletaryan\u0131n disiplinli ve ideolojik b\u00fct\u00fcnl\u00fc\u011fe sahip kendi \u00f6rg\u00fct\u00fcn\u00fc kurmas\u0131n\u0131n reddi demek olurdu. Marks&#8217;\u0131n ve Engels&#8217;in Genel Konseyin i\u015flevlerine ili\u015fkin olarak yurutt\u00fckleri m\u00fccadele, \u00f6z\u00fcnde, proleter partinin \u00f6rg\u00fctsel ilkeleri u\u011fruna verilen bir m\u00fccadeleydi. Bu tamim, Konseyin oybirli\u011fi ile ald\u0131\u011f\u0131 kararla May\u0131s 1872 sonunda Frans\u0131zca olarak yay\u0131nland\u0131. -296.<br \/>[205] 1850&#8217;lerin sonundan itibaren \u0130ngiliz i\u015f\u00e7ilerinin temel istemlerinden biri de dokuz saatlik i\u015fg\u00fcn\u00fc olmu\u015ftur. May\u0131s 187l&#8217;de, Newcastle&#8217;da, in\u015faat i\u015f\u00e7ilerinin ve makinistlerin b\u00fcy\u00fck bir grevi ba\u015flad\u0131. Bu grevin ba\u015f\u0131n\u0131, sendikalara \u00fcye olmayan i\u015f\u00e7ileri ilk kez olarak m\u00fccadeleye sokmu\u015f olan Dokuz-Saat Birli\u011fi \u00e7ekiyordu. Bu birli\u011fin ba\u015fkan\u0131 Barnett, Enternasyonalin Genel Konseyine ba\u015fvurarak, grev k\u0131r\u0131c\u0131lar\u0131n\u0131n \u0130ngiltere&#8217;ye getirilmelerinin \u00f6nlenmesini istedi. Genel Konseyin etkin deste\u011fi sayesinde bu sa\u011fland\u0131. Ekim 1871&#8217;de, i\u015f\u00e7ilerin 54 saatlik i\u015f haftas\u0131 elde etmeleriyle, grev ba\u015far\u0131ya ula\u015ft\u0131. -297.<br \/>[206] Genel Konsey, 25 Temmuz 1871&#8217;de, Engels&#8217;in Eyl\u00fcl 1871&#8217;de Londra&#8217;da Enternasyonalin kapal\u0131 bir konferans\u0131n\u0131n toplanmas\u0131 yolundaki \u00f6nerisini kabul etti. O tarihten sonra, Marx ve Engels, konferans i\u00e7in yo\u011fun bir \u00f6rg\u00fctsel ve teorik haz\u0131rl\u0131k i\u00e7ine girdiler; Genel Konsey toplant\u0131lar\u0131nda tart\u0131\u015f\u0131lan ve sonra da Londra Konferans\u0131na sunulan g\u00fcndemi ve karar taslaklar\u0131n\u0131 haz\u0131rlad\u0131lar. -298.<br \/>[207] Jules Favre&#8217;\u0131n 26 May\u0131s 1871 tarihli mektubu, Fransa&#8217;n\u0131n yurtd\u0131\u015f\u0131ndaki diplomatik temsilcilerine Avrupa h\u00fck\u00fcmetlerinin, Kom\u00fcn m\u00fcltecilerinin adi su\u00e7lular olarak tutuklanmalar\u0131 ve geri iade edilmeleri yolunda ikna edilmelerini \u00f6neriyordu.<br \/> Dufaure, Frans\u0131z Ulusal Meclisinin \u00f6zel bir komisyonu taraf\u0131ndan haz\u0131rlanm\u0131\u015f ve 14 Mart 1872 tarihinde yasala\u015fan bir yasa tasar\u0131s\u0131 sunmu\u015ftu. Bu yasaya g\u00f6re, Enternasyonal \u00fcyeli\u011fi hapis cezas\u0131yla cezaland\u0131r\u0131labiliyordu. -298.<br \/>[208] 1871 yaz\u0131nda Bismarck ve Avusturya-Macaristan \u015fansolyesi Beust, i\u015f\u00e7i s\u0131n\u0131f\u0131 hareketine kar\u015f\u0131 ortak bir m\u00fccadele ba\u015flatt\u0131lar. 17 Haziran 1871&#8217;de Bismarck, Beust&#8217;a Enternasyonalin faaliyetlerine kar\u015f\u0131 Almanya&#8217;da ve Fransa&#8217;da al\u0131nan \u00f6nlemlere ili\u015fkin bir muht\u0131ra g\u00f6nderdi.<br \/> Alman ve Avusturya imparatorlar\u0131, Enternasyonale kar\u015f\u0131 al\u0131nacak \u00f6nlemleri g\u00f6r\u00fc\u015fmek \u00fczere A\u011fustos 1871&#8217;de Gastein&#8217;de ve Eyl\u00fclde de Salzburg&#8217;da \u00f6zel toplant\u0131lar yapt\u0131lar.<br \/> Enternasyonale kar\u015f\u0131 ba\u015flat\u0131lm\u0131\u015f olan genel kampanyaya \u0130talyan h\u00fck\u00fcmeti de kat\u0131ld\u0131. A\u011fustos 1871&#8217;de Napoli kesimini kapatt\u0131 ye ba\u015fta Th. Cuno olmak \u00fczere Enternasyonalin \u00fcyelerini cezaland\u0131rmaya ba\u015flad\u0131.<br \/> 1871&#8217;in ilkyaz\u0131nda ve yaz\u0131nda, \u0130spanyol h\u00fck\u00fcmeti de, i\u015f\u00e7i \u00f6rg\u00fctlerine ve Enternasyonalin kesimlerine kar\u015f\u0131 bask\u0131 \u00f6nlemlerine ba\u015fvurdu; bu durum, \u0130spanyol Federal Konseyi \u00fcyeleri Mora&#8217;y\u0131, Morogo&#8217;yu ve Lorenzo&#8217;yu Lizbon&#8217;a gitmek zorunda b\u0131rakt\u0131. -299.<br \/>[209] Londra Konferans\u0131, Marx&#8217;\u0131n \u00f6nerisi \u00fczerine, Genel Konseye, \u0130ngiltere i\u00e7in bir Federal Konsey kurma talimat\u0131 verdi, \u00e7\u00fcnk\u00fc 1871 g\u00fcz\u00fcne kadar bu i\u015flevi yerine getiren Genel Konseyin kendisiydi. Enternasyonalin \u0130ngiliz kesiminin temsilcilerinden olu\u015fan \u0130ngiliz Federal Konseyi, Ekim 1871&#8217;de kuruldu. Ama daha ba\u015ftan, Hales&#8217;in ba\u015f\u0131n\u0131 \u00e7ekti\u011fi bir grup reformcu, Konseyin \u00f6nderleri aras\u0131na s\u0131zman\u0131n yolunu buldu ve Genel Konseye ve onun \u0130rlanda sorunu konusundaki proleter enternasyonalizmi politikas\u0131na kar\u015f\u0131 bir kampanya ba\u015flatt\u0131. Hales ve \u00f6teki reformcular, bu m\u00fccadelelerinde, \u0130svi\u00e7reli anar\u015fistlerle, Birle\u015fik Devletler&#8217;in burjuva reformcular\u0131yla, vb. i\u015fbirli\u011fi yapt\u0131lar. Lahey Kongresinin ard\u0131ndan, \u0130ngiliz Federal Konseyinin reformcu kanad\u0131, Kongre kararlar\u0131n\u0131 tan\u0131may\u0131 reddetti ve bakunincilerle birlikte, Genel Konseye ve Marx&#8217;a kar\u015f\u0131 iftirac\u0131 bir kampanyaya giri\u015fti. Reformcular, Marx ve Engels&#8217;i etkin bir bi\u00e7imde destekleyen \u00f6teki Federal Konsey \u00fcyelerinin muhalefetiyle kar\u015f\u0131la\u015ft\u0131lar. Aral\u0131k 1872&#8217;nin ba\u015flar\u0131nda, Federal Konseyde bir b\u00f6l\u00fcnme oldu; Lahey Kongresi kararlar\u0131na ba\u011fl\u0131 kalan baz\u0131 Konsey \u00fcyeleri kendilerinden olu\u015fan bir \u0130ngiliz Federal Konseyi olu\u015fturdular ve New York&#8217;a ta\u015f\u0131nm\u0131\u015f bulunan Genel Konseyle do\u011frudan ili\u015fki kurdular. Reformcular\u0131n \u0130ngiliz Federasyonunun y\u00f6netimini ele ge\u00e7irme giri\u015fmnleri b\u00f6ylece sonu\u00e7suz kald\u0131.<br \/> \u0130ngiliz Federal Konseyi, Enternasyonalin faaliyetlerinin bir b\u00fct\u00fcn olarak sona erdi\u011fi ve oport\u00fcnizmin \u0130ngiliz i\u015f\u00e7i s\u0131n\u0131f\u0131 hareketi i\u00e7erisindeki ge\u00e7ici bir zafer kazand\u0131\u011f\u0131 1874 y\u0131l\u0131na kadar fiilen varoldu. -299.<br \/>[210] Burada, 1871 Londra Konferans\u0131n\u0131n \u00e7e\u015fitli sekter gruplar\u0131n Enternasyonale girmelerini engelleyen II no&#8217;lu Karar\u0131na de\u011finiliyor: &#8220;Ulusal Konseylerin Se\u00e7ilmeleri, vb.&#8221;. -300.<br \/>[211] Kolokol. &#8211; Aleksand\u0131r Herzen ve Nikolay Ogaryos&#8217;un 1857-67&#8217;de Rus\u00e7a olarak, ve 1868-69&#8217;da da Rus\u00e7a ekleriyle birlikte Frans\u0131zca olarak \u00e7\u0131kard\u0131klar\u0131 devrimci-demokrat bir Rus gazetesi; 1865&#8217;e kadar Londra&#8217;da, sonra da Cenevre&#8217;de bas\u0131lm\u0131\u015ft\u0131r. -300.<br \/>[212] Burada Bakunin&#8217;in 15 \u015eubat 1862 tarihli Kolokol&#8217;un 122-23. say\u0131lar\u0131n\u0131n eki olarak yay\u0131nlanan Manifestosuna de\u011finiliyor: &#8220;Rus, Polonyal\u0131 ve T\u00fcm Slav Dostlara&#8221;. -300.<br \/>[213] Bar\u0131\u015f ve \u00d6zg\u00fcrl\u00fck Ligas\u0131. &#8211; \u00c7e\u015fitli k\u00fc\u00e7\u00fck-burjuva ve burjuva cumhuriyet\u00e7ileri ve liberalleri taraf\u0131ndan 1867&#8217;de \u0130svi\u00e7re&#8217;de kurulan burjuva-pasifist bir \u00f6rg\u00fct. -300.<br \/>[214] Enternasyonalin Br\u00fcksel Kongresi, 6-13 Eyl\u00fcl 1868 tarihlerinde yap\u0131ld\u0131. Marx, bu Kongrenin haz\u0131rl\u0131klar\u0131na etkin bir bi\u00e7imde kat\u0131ld\u0131 ama toplant\u0131lar\u0131nda bulunmad\u0131. Kongrede \u0130ngiltere, Fransa, Almanya, Bel\u00e7ika, \u0130svi\u00e7re, \u0130talya ve \u0130spanya i\u015f\u00e7ilerini temsil eden yakla\u015f\u0131k 100 delege vard\u0131. Kongre, demiryollar\u0131n\u0131n, yeralt\u0131 kaynaklar\u0131n\u0131n, madenlerin, ormanlar\u0131n ve ekilebilir topraklar\u0131n kamu m\u00fclkiyetine aktar\u0131lmas\u0131n\u0131n zorunlulu\u011fu konusunda \u00f6nemli bir karar kabul etti. Bu karar, Frans\u0131z ve Bel\u00e7ikal\u0131 prudoncular\u0131n \u00e7o\u011funlu\u011funun kolektivist bak\u0131\u015f a\u00e7\u0131s\u0131n\u0131 benimsemi\u015f olduklar\u0131n\u0131 ve Enternasyonal i\u00e7erisinde proleter sosyalizmin k\u00fc\u00e7\u00fck-burjuva reformculu\u011fu \u00fczerinde zafer kazanm\u0131\u015f oldu\u011funu g\u00f6steriyordu. Kongre, ayr\u0131ca, Marx&#8217;\u0131n sekiz saatlik i\u015fg\u00fcn\u00fc, makinelerin kullan\u0131m\u0131, Bar\u0131\u015f ve \u00d6zg\u00fcrl\u00fck Ligas\u0131n\u0131n Bern Kongresine (1868) kar\u015f\u0131 tak\u0131n\u0131lacak tav\u0131r konular\u0131nda \u00f6nerdi\u011fi kararlar\u0131 ve, bir de, Alman delegasyonu ad\u0131na Lessner&#8217;in \u00f6nerdi\u011fi ve b\u00fct\u00fcn \u00fclkelerin i\u015f\u00e7ilerine Marx&#8217;\u0131n Kapital&#8217;ini incelemelerini ve bu yap\u0131t\u0131n Almanca&#8217;dan \u00f6teki dillere \u00e7evrilmesini sal\u0131k veren bir karar\u0131n\u0131 kabul etti -300, 345.<br \/>[215] Burada, Bar\u0131\u015f ve \u00d6zg\u00fcrl\u00fck Ligas\u0131n\u0131n Eyl\u00fcl 1868&#8217;de Bern&#8217;de toplanan Kongresinde, Bakunin&#8217;in kendi haz\u0131rlad\u0131\u011f\u0131 karmakar\u0131\u015f\u0131k sosyalist program\u0131 (&#8220;s\u0131n\u0131flar\u0131n toplumsal ve iktisadi e\u015fitli\u011fi&#8221;, &#8220;devletin ve miras hakk\u0131n\u0131n kald\u0131r\u0131lmas\u0131&#8221;, vb.) kabul ettirme \u00e7abas\u0131na de\u011finiliyor. Bu projesi oy\u00e7oklu\u011fu ile reddedilince, Bakunin, bu Ligadan ayr\u0131lm\u0131\u015f ve Uluslararas\u0131 Sosyalist Demokrasi \u0130ttifak\u0131n\u0131 kurmu\u015ftur. -300, 507.<br \/>[216] Enternasyonalin Cenevre Kongresi 3-8 Eyl\u00fcl 1868 tarihlerinde topland\u0131 ve Genel Konsey kesimlerinden ve \u0130ngiltere&#8217;deki, Fransa&#8217;daki, Almanya&#8217;daki ve \u0130svi\u00e7re&#8217;deki i\u015f\u00e7i derneklerinden altm\u0131\u015f delege kat\u0131ld\u0131. Marx, Genel Konseyin resmi rapor olarak, &#8220;&#8216;Ge\u00e7ici Genel Konsey Delegelerine Talimatlar. \u00c7e\u015fitli Sorunlar&#8221;\u0131 okudu. Bu talimatlarda yer alan maddelerin \u00e7o\u011funlu\u011fu Kongreye kat\u0131lm\u0131\u015f olan prudonculara kar\u015f\u0131n, Kongre kararlar\u0131 olarak onayland\u0131. Cenevre Kongresi, ayn\u0131 \u015fekilde, Uluslararas\u0131 \u0130\u015f\u00e7i Birli\u011finin T\u00fcz\u00fc\u011f\u00fcn\u00fc ve Y\u00f6netmeliklerini de onaylad\u0131. -301, 4980<br \/>[217] Enternasyonalin 2-8 Eyl\u00fcl 1867&#8217;de toplanan Lozan Kongresi, Genel Konseyin ve Enternasyonalin \u00f6rg\u00fctlerinin \u00e7e\u015fitli \u00fclkelerde g\u00fc\u00e7lenmekte oldu\u011funu g\u00f6steren yerel raporlar\u0131 dinledi. Genel Konseye kar\u015f\u0131n, prudoncular, kendi g\u00fcndemlerini kabul ettirdiler; Kongre, kooperatif \u00e7al\u0131\u015fma, kad\u0131n eme\u011fi, e\u011fitim gibi, Kongrenin dikkatini Genel Konseyin \u00f6nerdi\u011fi \u00f6nemli sorunlar \u00fczerinde yo\u011funla\u015ft\u0131rmaktan al\u0131koyan \u00f6nemsiz sorunlar\u0131 bir kez daha tart\u0131\u015fmak zorunda kald\u0131. Her ne kadar prudoncular kendi kararlar\u0131ndan baz\u0131lar\u0131n\u0131n kabul edilmesini sa\u011flad\u0131larsa da, Enternasyonalin y\u00f6netimini ele ge\u00e7iremediler o Kongre, Genel Konseyi eski bile\u015fimiyle tekrar se\u00e7ti ve Londra&#8217;da kalmas\u0131n\u0131 kararla\u015ft\u0131rd\u0131. -301.<br \/>[218] Gizli devrimci eylemlerde bulunmakla su\u00e7lanan \u00f6\u011frenciler aleyhine a\u00e7\u0131lm\u0131\u015f olan Ne\u00e7ayev duru\u015fmas\u0131na, Temmuz-A\u011fustos 1871 tarihlerinde St. Petersburg&#8217;da bak\u0131ld\u0131. Ne\u00e7ayev, Bakunin&#8217;le daha 1869&#8217;da ili\u015fki kurmu\u015f ve baz\u0131 Rus kentlerinde Narodnaya Rasprava adl\u0131 bir gizli dernek kurma yolunda eyleme ge\u00e7mi\u015fti. Bu dernek &#8220;mutlak y\u0131k\u0131m&#8221; bi\u00e7imindeki anar\u015fist d\u00fc\u015f\u00fcnceleri yay\u0131yordu. Devrimci d\u00fc\u015f\u00fcnceye sahip \u00f6\u011frenciler ve orta s\u0131n\u0131f ayd\u0131nlar\u0131, \u00e7arl\u0131k rejimini k\u0131yas\u0131ya ele\u015ftirdi\u011fi ve ona kar\u015f\u0131 kesin bir m\u00fccadeleye giri\u015filmesini savundu\u011fu i\u00e7in onlara \u00e7ekici gelen Ne\u00e7ayev&#8217;in bu \u00f6rg\u00fct\u00fcne kat\u0131ld\u0131lar. Ne\u00e7ayev, Bakunin&#8217;den Avrupa Devrimci Birli\u011fi diye bir \u00f6rg\u00fcte ait bir temsilcilik belgesi alm\u0131\u015f ve kendisini Enternasyonalin temsilcisi olarak yutturmak i\u00e7in bundan yararlanm\u0131\u015f ve b\u00f6ylelikle kendi \u00f6rg\u00fct\u00fcn\u00fcn \u00fcyelerini kand\u0131rm\u0131\u015ft\u0131r. 1871&#8217;de Ne\u00e7ayev \u00f6rg\u00fct\u00fc par\u00e7alanm\u0131\u015f ve bu \u00f6rg\u00fct\u00fcn kulland\u0131\u011f\u0131 macerac\u0131 y\u00f6ntemler, \u00fcyelerinin yarg\u0131lanmalar\u0131 s\u0131ras\u0131nda a\u00e7\u0131k\u00e7a ortaya \u00e7\u0131km\u0131\u015ft\u0131r.<br \/> Londra Konferans\u0131, Utin&#8217;e, bu yarg\u0131lama konusunda k\u0131sa bir rapor haz\u0131rlama g\u00f6revini vermi\u015fti. Utin, b\u00f6yle bir rapor yerine, Enternasyonalin Lahey Kongresi i\u00e7in, A\u011fustos 1872&#8217;nin sonlar\u0131nda, Bakunin&#8217;in ve Ne\u00e7ayev&#8217;in Enternasyonale kar\u015f\u0131 y\u00fcr\u00fctt\u00fckleri faaliyetlere ili\u015fkin Marx&#8217;a \u00f6zel mektup bi\u00e7iminde bir rapor g\u00f6ndermi\u015ftir. -305.<br \/>[219] Le Progr\u00e8. &#8211; Aral\u0131k 1868&#8217;den Nisan 1870&#8217;e kadar, Locle&#8217;de, Guillaume&#8217;un y\u00f6netimi alt\u0131nda Frans\u0131zca olarak yay\u0131nlanm\u0131\u015f bakuninci bir gazete. -305.<br \/>[220] Le Travail. &#8211; Enternasyonalin Paris kesiminin haftal\u0131k organ\u0131; 3 Ekim-12 Aral\u0131k 1869 tarihleri aras\u0131nda Paris&#8217;te yay\u0131nlanm\u0131\u015ft\u0131r. -306.<br \/>[221] Feodal soylulu\u011fa ait olan bu \u00f6rg\u00fct 1464&#8217;\u00fcn sonlar\u0131nda Fransa&#8217;da kurulmu\u015f ve Louis XI&#8217;in Fransa&#8217;y\u0131 tek bir merkezi devlet alt\u0131nda birle\u015ftirme politikas\u0131na kar\u015f\u0131 \u00e7\u0131km\u0131\u015ft\u0131r. Bu Birli\u011fin \u00fcyeleri Fransa&#8217;n\u0131n &#8220;ortak \u00e7\u0131karlar\u0131&#8221; i\u00e7in \u00e7al\u0131\u015f\u0131yorlard\u0131. -306.<br \/>[222] La Solidarit\u00e9. &#8211; Nisan-Eyl\u00fcl 1870&#8217;te. Neuch\u00e2tel&#8217;de, ve Mart- May\u0131s 1871&#8217;de Cenevre&#8217;de Frans\u0131zca olarak \u00e7\u0131kan bakuninci bir haftal\u0131k gazete. -307.<br \/>[223] Burada, Cenevre&#8217;de ve civar\u0131nda b\u00fcy\u00fckl\u00fc-k\u00fc\u00e7\u00fckl\u00fc atelyelerde saat ve m\u00fccevherat \u00fcretiminde \u00e7al\u0131\u015fan i\u015f\u00e7ilere, ve ayr\u0131ca bu maddelerin \u00fcretimini ev sanayii bi\u00e7iminde y\u00fcr\u00fcten \u00fcreticilere de\u011finiliyor. -307.<br \/>[224] Burada, James Guillaume ve Gaspard Blanc&#8217;\u0131n Enternasyonalin kesimlerine hitaben yazd\u0131klar\u0131 ve Solidarit\u00e9 gazetesinin eki olarak Neuch\u00e2tel&#8217;de yay\u0131nlanan 5 Eyl\u00fcl 1870 tarihli manifestoya de\u011finiliyor. -308.<br \/>[225] Lyons ayaklanmas\u0131, Sedan yenilgisinin haber al\u0131nmas\u0131yla 4 Eyl\u00fcl 1870&#8217;te ba\u015flad\u0131. Bakunin, 15 Eyl\u00fcl&#8217;de Lyons&#8217;a gelerek hareketin \u00f6nderli\u011fini ele ge\u00e7irmeye ve kendi anar\u015fist program\u0131n\u0131 uygulamaya kalk\u0131\u015ft\u0131. 28 Eyl\u00fcl g\u00fcn\u00fc yanda\u015flar\u0131 bir h\u00fck\u00fcmet darbesi giri\u015fiminde bulundular, ama i\u015f\u00e7iler desteklemedi\u011finden ve belirli bir eylem plan\u0131na sahip olmad\u0131klar\u0131ndan bu giri\u015fimleri ba\u015far\u0131s\u0131zl\u0131kla sonu\u00e7land\u0131. -308.<br \/>[226] Bakunin&#8217;in yanda\u015flar\u0131ndan biri olan Paul Robin, Nisan 1870&#8217;te, Paris Federal Konseyine, Latin Federal Komitesi olarak La Chaux-de-Fonds&#8217;da yap\u0131lan bir kongrede anar\u015fistler taraf\u0131ndan kurulmu\u015f olan Federal Komiteyi tan\u0131mas\u0131n\u0131 \u00f6nermi\u015fti. Genel Konseyin, Paris Federal Konseyi \u00fcyelerine, \u0130svi\u00e7re&#8217;deki b\u00f6l\u00fcnmenin ne anlama geldi\u011fini a\u00e7\u0131klamas\u0131ndan sonra, Paris Federal Konseyi, bu konu Genel Konseyin yetki alan\u0131na girdi\u011fi i\u00e7in, m\u00fcdahale etme hakk\u0131na sahip olmad\u0131\u011f\u0131na karar verdi. -310.<br \/>[227] B Malon, La troisieme d\u00e9rfaite du proletasiat Fran\u00e7ais, Neuh\u00e2tel 1871. -310.<br \/>[228] Bu kesim 6 Eyl\u00fcl 1871&#8217;de, ayn\u0131 y\u0131l\u0131n a\u011fustos ay\u0131nda da\u011f\u0131t\u0131lm\u0131\u015f olan ve &#8220;Sosyalist Demokrasi \u0130ttifak\u0131&#8221; ad\u0131n\u0131 ta\u015f\u0131yan Cenevre kesiminin yerine kurulmu\u015ftu. Bu kesimin eski \u00fcyeleri Jukovski, Perron ve \u00f6tekilerin yan\u0131s\u0131ra, aralar\u0131nda Jules Guesde ve Benoit Malon&#8217;un da bulunduklar\u0131 baz\u0131 Frans\u0131z m\u00fclteciler de bu yeni &#8220;Sosyalist Devrimci Propaganda ve Eylem Kesimi&#8221;nin \u00f6rg\u00fctlendirilmesi i\u015fine kat\u0131ld\u0131lar -310<br \/>[229] La Revo\u0131ution Sociale. &#8211; Ekim 1871&#8217;den Ocak 1872&#8217;ye kadar Cenevre&#8217;de yay\u0131nlanan haftal\u0131k bir Frans\u0131z gazetesi, Kas\u0131m 1871&#8217;den itibaren anar\u015fist Jura Federasyonunun resmi organ\u0131. -311, 512.<br \/>[230] Le Figaro &#8211; 1854&#8217;ten itibaren Paris&#8217;te yay\u0131nlanmaya ba\u015flayan \u0130kinci \u0130mparatorluk h\u00fck\u00fcmetine ba\u011fl\u0131 gerici bir Frans\u0131z gazetesi.<br \/> Le Gaulois &#8211; Tutucu-monar\u015fist bir g\u00fcnl\u00fck gazete, b\u00fcy\u00fck burjuvazinin ve aristokrasinin organ\u0131; 1867&#8217;den 1929&#8217;a kadar Paris&#8217;te yay\u0131nlanm\u0131\u015ft\u0131r.<br \/> Paris-Journal &#8211; Polisle ba\u011flant\u0131lar\u0131 olan g\u00fcnl\u00fck gerici bir gazete; 1868&#8217;den 1871&#8217;e kadar Paris&#8217;te Henri de P\u00e8ne taraf\u0131ndan \u00e7\u0131kart\u0131lm\u0131\u015ft\u0131r. Enternasyonale ve Paris Kom\u00fcn\u00fcne iftiralarda bulunmu\u015ftur. -311<br \/>[231] Burada &#8220;Konferans\u0131n \u00d6zel Kararlar\u0131&#8221; ba\u015fl\u0131kl\u0131 XIII. Kesimin 2 no&#8217;lu karar\u0131na de\u011finiliyor. Bu karar, &#8220;Frans\u0131z-Alman Sava\u015f\u0131 s\u0131ras\u0131nda Alman i\u015f\u00e7ilerinin g\u00f6revlerini yapt\u0131klar\u0131n\u0131&#8221; ilan ediyordu. -316.<br \/>[232] Journal de Gneve national, politique et litt\u00e9raire, &#8211; 1826&#8217;dan beri \u00e7\u0131kmakta olan tutucu bir gazete. -321;<br \/>[233] \u00c7artizm. &#8211; \u0130ngiliz i\u015f\u00e7ilerinin 1830&#8217;lar ve 1840&#8217;larda giri\u015ftikleri devrimci bir y\u0131\u011f\u0131n hareketi. 1838&#8217;de \u00e7artist1er, parlamentoya sunulmak \u00fczere, 21 ya\u015f\u0131n \u00fczerindeki erkeklere oy hakk\u0131, gizli oy, parlamento adaylar\u0131nda aran\u0131lan belli bir m\u00fclke sahip olma ko\u015fulunun kald\u0131r\u0131lmas\u0131, vb. istemlerinde bulunan bir dilek\u00e7e (People&#8217;s Charter) haz\u0131rlad\u0131lar. Hareket b\u00fcy\u00fck toplant\u0131lar ve g\u00f6sterilerle ba\u015flad\u0131; slogan, People&#8217;s Charter&#8217;\u0131n uygulamas\u0131 i\u00e7in m\u00fccadeleydi. 2 May\u0131s 1842&#8217;de \u00e7artistler, parlamentoya, bu kez bir tak\u0131m toplumsal istemler i\u00e7eren (daha k\u0131sa i\u015fg\u00fcn\u00fc, daha y\u00fcksek \u00fccretler, vb.) ikinci bir dilek\u00e7e g\u00f6nderdiler. Bu dilek\u00e7e parlamento taraf\u0131ndan reddedildi. Buna kar\u015f\u0131l\u0131k olarak \u00e7artistler, bir genel grev \u00f6rg\u00fctlediler. 1848&#8217;de, bir \u00fc\u00e7\u00fcnc\u00fc dilek\u00e7eyle birlikte parlamentoya y\u0131\u011f\u0131nsal bir y\u00fcr\u00fcy\u00fc\u015f planlad\u0131lar. Ama h\u00fck\u00fcmet, askeri birlikler getirerek bunu \u00f6nledi. Bundan aylarca sonra, parlamento dilek\u00e7eyi inceledi ve reddetti. 1848&#8217;den sonra \u00e7artist hareket g\u00fcc\u00fcn\u00fc yitirmeye ba\u015flad\u0131.<br \/> \u00c7artist hareketin ba\u015far\u0131s\u0131zl\u0131\u011fa u\u011framas\u0131n\u0131n temel nedeni, a\u00e7\u0131k bir programdan ve taktiklerden ve tutarl\u0131 bir devrimci proleter \u00f6nderlikten yoksun olu\u015fuydu. Ama \u00e7artistler, gene de, \u0130ngiltere&#8217;nin siyasal tarihini ve uluslararas\u0131 i\u015f\u00e7i s\u0131n\u0131f\u0131 hareketini b\u00fcy\u00fck \u00f6l\u00e7\u00fcde etkilemi\u015flerdi. -323<br \/>[234] Burada, d\u0131\u015fi\u015fleri bakan\u0131n\u0131n Fransa&#8217;n\u0131n diplomatik temsilcilerine g\u00f6nderdi\u011fi ve Enternasyonale kar\u015f\u0131 m\u00fccadelede b\u00fct\u00fcn h\u00fck\u00fcmetleri g\u00fc\u00e7lerini birle\u015ftirmeye \u00e7a\u011f\u0131rd\u0131\u011f\u0131 6 Haziran 1871 tarihli tamime, ve Dufaure yasas\u0131n\u0131 incelemekle g\u00f6revli komisyon ad\u0131na Sacase&#8217;\u0131n sundu\u011fu 5 \u015eubat 1872 tarihli rapora de\u011finiliyor. Favre&#8217;\u0131n tamimine ili\u015fkin Genel Konsey bildirisini Marx ve Engels kaleme alm\u0131\u015ft\u0131. -324.<br \/>[235] Burada ve daha a\u015fa\u011f\u0131da Marx&#8217;\u0131n Enternasyonalin T\u00fcz\u00fc\u011f\u00fcnden yapt\u0131\u011f\u0131 al\u0131nt\u0131lar, Cenevre Kongresinin onaylad\u0131\u011f\u0131 ve bro\u015f\u00fcr olarak &#8220;Rules of the International Working Men&#8217;s Association, London 1867&#8221; ba\u015fl\u0131\u011f\u0131 alt\u0131nda yay\u0131nlanan metindendir. -326.<br \/>[236] Burada bir yanl\u0131\u015fl\u0131k var: Genel T\u00fcz\u00fc\u011f\u00fcn 6. maddesi Enternasyonalin 1866&#8217;daki Cenevre Kongresinde onaylanm\u0131\u015ft\u0131. Bkz: Congres Ouvrier de l&#8217;Association Internationale des Travailleurs, teni \u00e0 Gen\u00e8ve du 3 au 8 septembre 1866, Gen\u00e8ve 1866, s. 13-14. -328.<br \/>[237] \u0130\u015f\u00e7i Federasyonu, 1871 g\u00fcz\u00fcnde Turin&#8217;de kurulmu\u015ftu ve mazzinicilerden etkilenmi\u015fti. Ocak 1870&#8217;te proleter \u00f6\u011feler bu Federasyondan ayr\u0131ld\u0131lar ve sonradan Enternasyonale bir kesim olarak kabul edilen L&#8217;Emancipazione del Proletario ad\u0131n\u0131 ta\u015f\u0131yan bir dernek kurdular. Bu derne\u011fi \u015eubat 1877&#8217;ye kadar gizli bir polis ajan\u0131 olan Carlo Terzaghi y\u00f6netmi\u015ftir. -328, 509.<br \/>[238] \u0130l Proletario. &#8211; 1872&#8217;den 1874&#8217;e kadar Turin&#8217;de yay\u0131nlanm\u0131\u015f olan bir \u0130talyan gazetasi; bakunincileri desteklemi\u015f ve Genel Konseye ve Londra Konferans\u0131 kararlar\u0131na kar\u015f\u0131 gelmi\u015ftir. -328.<br \/>[239] Bir burjuva demokrat\u0131 olan Stefanoni, Kas\u0131m 1871&#8217;de, burjuva demokrat g\u00f6r\u00fc\u015flerle k\u00fc\u00e7\u00fck-burjuva \u00fctopik sosyalizminin kar\u0131\u015f\u0131m\u0131 bir programa sahip (toplumsal sorunu \u00e7\u00f6zmek \u00fczere tar\u0131m kolonilerinin kurulmas\u0131, vb.) Genel Us\u00e7ular Derne\u011fini kurdu. Derne\u011fin amac\u0131, i\u015f\u00e7ilerin dikkatlerini Enternasyonalden kayd\u0131rma ve onun \u0130talya&#8217;daki e.tkisini k\u0131rmakt\u0131. Ayn\u0131 zamanda, Stefanoni, Sosyalist Demokrasi \u0130ttifak\u0131 ile dayan\u0131\u015fma i\u00e7inde oldu\u011funu ilan etti. Marx ve Engels&#8217;in Stefanoni&#8217;nin ger\u00e7ek ama\u00e7lar\u0131n\u0131 ve anar\u015fistlerin burjuva demokratlarla olan dolays\u0131z. ba\u011flar\u0131n\u0131 ortaya koyan a\u00e7\u0131klamalar\u0131, ve gene Stefanoni&#8217;nin planlar\u0131n\u0131n \u0130talyan i\u015f\u00e7i s\u0131n\u0131f\u0131 hareketinin kimi \u00f6nderleri taraf\u0131ndan a\u00e7\u0131\u011fa vurulmas\u0131, Stefanoni&#8217;n\u0131n \u0130talyan i\u015f\u00e7i s\u0131n\u0131f\u0131 hareketini burjuva etkis\u0131ne sokma planlar\u0131n\u0131 bo\u015fa \u00e7\u0131kard\u0131. -336.<br \/>[240] Neuer Social-Demokrat. &#8211; 1871&#8217;den 1876&#8217;ya kadar Berlin&#8217;de \u00e7\u0131kan bir Alman gazetesi, lasalci Genel Alman \u0130\u015f\u00e7ileri Birli\u011finin organ\u0131; bakuninci ve \u00f6teki anti-proleter e\u011filimleri destekleyerek, Enternasyonalin marksist \u00f6nderlerine ve Alman Sosyal-Demokrat \u0130\u015f\u00e7i Partisine kar\u015f\u0131 bir kampanyaya giri\u015fti. -336, 512, 514.<br \/>[241] Beyaz G\u00f6mlekliler. &#8211; \u0130kinci \u0130mparatorlu\u011fun polisi taraf\u0131ndan \u00f6rg\u00fctlendirilmi\u015f \u00e7eteler. \u0130\u015f\u00e7i olduklar\u0131n\u0131 iddia eden s\u0131n\u0131f-d\u0131\u015f\u0131 \u00f6\u011felerin olu\u015fturduklar\u0131 bu \u00e7eteler, yetkililerin ger\u00e7ek i\u015f\u00e7i \u00f6rg\u00fctlerini ezmelerine bahaneler sa\u011flamak amac\u0131yla provokatif g\u00f6steriler \u00f6rg\u00fctlemi\u015fler, huzursuzluk yaratm\u0131\u015flard\u0131r. -336.<\/p>\n","protected":false},"excerpt":{"rendered":"<p>VI \u015eimdi de Onalt\u0131lar Kongresine Jura Komitesi taraf\u0131ndan sunulan raporu okuyunuz. &#8220;Bu rapor dikkatle okundu\u011funda&#8221; diyor bunlar\u0131n resmi organ\u0131 Revolution Sociale (16 Kas\u0131m), &#8220;Jura Federasyonu \u00fcyelerinden bekleyebilece\u011fimiz ba\u011fl\u0131l\u0131\u011f\u0131n ve pratik zekan\u0131n kesin \u00f6l\u00e7\u00fcs\u00fcn\u00fc verecektir.&#8221; Rapor, &#8220;bu deh\u015fet verici olaylara&#8221; -Frans\u0131z-Prusya sava\u015f\u0131na ve Fransa&#8217;daki \u0130\u00e7 Sava\u015fa- &#8220;Enternasyonalin kesimleri i\u00e7indeki durum \u00fczerinde &#8230; moral bozucu bir etki&#8221; [&hellip;]<\/p>\n","protected":false},"author":1,"featured_media":0,"comment_status":"open","ping_status":"open","sticky":false,"template":"","format":"standard","meta":{"footnotes":""},"categories":[185],"tags":[],"class_list":{"0":"post-5862","1":"post","2":"type-post","3":"status-publish","4":"format-standard","6":"category-enternasyonel-icindeki-sahte-bolunmeler-marx-engels"},"yoast_head":"<!-- This site is optimized with the Yoast SEO Premium plugin v24.9 (Yoast SEO v24.9) - https:\/\/yoast.com\/wordpress\/plugins\/seo\/ -->\n<title>Enternasyonal \u0130\u00e7indeki Sahte B\u00f6l\u00fcnmeler | \u00dc\u00e7\u00fcnc\u00fc B\u00f6l\u00fcm - Marks - Engels - narteks.net<\/title>\n<meta name=\"robots\" content=\"index, follow, max-snippet:-1, max-image-preview:large, max-video-preview:-1\" \/>\n<link rel=\"canonical\" href=\"https:\/\/narteks.net\/index.php\/2011\/03\/10\/enternasyonal-icindeki-sahte-bolunmeler-ucuncu-bolum-marks-engels\/\" \/>\n<meta property=\"og:locale\" content=\"tr_TR\" \/>\n<meta property=\"og:type\" content=\"article\" \/>\n<meta property=\"og:title\" content=\"Enternasyonal \u0130\u00e7indeki Sahte B\u00f6l\u00fcnmeler | \u00dc\u00e7\u00fcnc\u00fc B\u00f6l\u00fcm - Marks - Engels\" \/>\n<meta property=\"og:description\" content=\"VI \u015eimdi de Onalt\u0131lar Kongresine Jura Komitesi taraf\u0131ndan sunulan raporu okuyunuz. &#8220;Bu rapor dikkatle okundu\u011funda&#8221; diyor bunlar\u0131n resmi organ\u0131 Revolution Sociale (16 Kas\u0131m), &#8220;Jura Federasyonu \u00fcyelerinden bekleyebilece\u011fimiz ba\u011fl\u0131l\u0131\u011f\u0131n ve pratik zekan\u0131n kesin \u00f6l\u00e7\u00fcs\u00fcn\u00fc verecektir.&#8221; Rapor, &#8220;bu deh\u015fet verici olaylara&#8221; -Frans\u0131z-Prusya sava\u015f\u0131na ve Fransa&#8217;daki \u0130\u00e7 Sava\u015fa- &#8220;Enternasyonalin kesimleri i\u00e7indeki durum \u00fczerinde &#8230; moral bozucu bir etki&#8221; [&hellip;]\" \/>\n<meta property=\"og:url\" content=\"https:\/\/narteks.net\/index.php\/2011\/03\/10\/enternasyonal-icindeki-sahte-bolunmeler-ucuncu-bolum-marks-engels\/\" \/>\n<meta property=\"og:site_name\" content=\"narteks.net\" \/>\n<meta property=\"article:published_time\" content=\"2011-03-10T16:57:29+00:00\" \/>\n<meta property=\"og:image\" content=\"http:\/\/www.ortakyasam.org\/hermes\/bosweb\/web008\/images\/image\/marx_engels.jpg\" \/>\n<meta name=\"author\" content=\"Tar\u0131k\" \/>\n<meta name=\"twitter:card\" content=\"summary_large_image\" \/>\n<meta name=\"twitter:creator\" content=\"@narteks\" \/>\n<meta name=\"twitter:site\" content=\"@narteks\" \/>\n<meta name=\"twitter:label1\" content=\"Yazan:\" \/>\n\t<meta name=\"twitter:data1\" content=\"Tar\u0131k\" \/>\n\t<meta name=\"twitter:label2\" content=\"Tahmini okuma s\u00fcresi\" \/>\n\t<meta name=\"twitter:data2\" content=\"33 dakika\" \/>\n<script type=\"application\/ld+json\" class=\"yoast-schema-graph\">{\"@context\":\"https:\/\/schema.org\",\"@graph\":[{\"@type\":\"Article\",\"@id\":\"https:\/\/narteks.net\/index.php\/2011\/03\/10\/enternasyonal-icindeki-sahte-bolunmeler-ucuncu-bolum-marks-engels\/#article\",\"isPartOf\":{\"@id\":\"https:\/\/narteks.net\/index.php\/2011\/03\/10\/enternasyonal-icindeki-sahte-bolunmeler-ucuncu-bolum-marks-engels\/\"},\"author\":{\"name\":\"Tar\u0131k\",\"@id\":\"https:\/\/narteks.net\/#\/schema\/person\/61f37d9834294b72d31d274e7ed79bca\"},\"headline\":\"Enternasyonal \u0130\u00e7indeki Sahte B\u00f6l\u00fcnmeler | \u00dc\u00e7\u00fcnc\u00fc B\u00f6l\u00fcm &#8211; Marks &#8211; Engels\",\"datePublished\":\"2011-03-10T16:57:29+00:00\",\"mainEntityOfPage\":{\"@id\":\"https:\/\/narteks.net\/index.php\/2011\/03\/10\/enternasyonal-icindeki-sahte-bolunmeler-ucuncu-bolum-marks-engels\/\"},\"wordCount\":6641,\"commentCount\":0,\"publisher\":{\"@id\":\"https:\/\/narteks.net\/#organization\"},\"image\":{\"@id\":\"https:\/\/narteks.net\/index.php\/2011\/03\/10\/enternasyonal-icindeki-sahte-bolunmeler-ucuncu-bolum-marks-engels\/#primaryimage\"},\"thumbnailUrl\":\"http:\/\/www.ortakyasam.org\/hermes\/bosweb\/web008\/images\/image\/marx_engels.jpg\",\"articleSection\":[\"Enternasyonel \u0130\u00e7indeki Sahte B\u00f6l\u00fcnmeler - Marx - Engels\"],\"inLanguage\":\"tr\",\"potentialAction\":[{\"@type\":\"CommentAction\",\"name\":\"Comment\",\"target\":[\"https:\/\/narteks.net\/index.php\/2011\/03\/10\/enternasyonal-icindeki-sahte-bolunmeler-ucuncu-bolum-marks-engels\/#respond\"]}]},{\"@type\":\"WebPage\",\"@id\":\"https:\/\/narteks.net\/index.php\/2011\/03\/10\/enternasyonal-icindeki-sahte-bolunmeler-ucuncu-bolum-marks-engels\/\",\"url\":\"https:\/\/narteks.net\/index.php\/2011\/03\/10\/enternasyonal-icindeki-sahte-bolunmeler-ucuncu-bolum-marks-engels\/\",\"name\":\"Enternasyonal \u0130\u00e7indeki Sahte B\u00f6l\u00fcnmeler | \u00dc\u00e7\u00fcnc\u00fc B\u00f6l\u00fcm - Marks - Engels - narteks.net\",\"isPartOf\":{\"@id\":\"https:\/\/narteks.net\/#website\"},\"primaryImageOfPage\":{\"@id\":\"https:\/\/narteks.net\/index.php\/2011\/03\/10\/enternasyonal-icindeki-sahte-bolunmeler-ucuncu-bolum-marks-engels\/#primaryimage\"},\"image\":{\"@id\":\"https:\/\/narteks.net\/index.php\/2011\/03\/10\/enternasyonal-icindeki-sahte-bolunmeler-ucuncu-bolum-marks-engels\/#primaryimage\"},\"thumbnailUrl\":\"http:\/\/www.ortakyasam.org\/hermes\/bosweb\/web008\/images\/image\/marx_engels.jpg\",\"datePublished\":\"2011-03-10T16:57:29+00:00\",\"breadcrumb\":{\"@id\":\"https:\/\/narteks.net\/index.php\/2011\/03\/10\/enternasyonal-icindeki-sahte-bolunmeler-ucuncu-bolum-marks-engels\/#breadcrumb\"},\"inLanguage\":\"tr\",\"potentialAction\":[{\"@type\":\"ReadAction\",\"target\":[\"https:\/\/narteks.net\/index.php\/2011\/03\/10\/enternasyonal-icindeki-sahte-bolunmeler-ucuncu-bolum-marks-engels\/\"]}]},{\"@type\":\"ImageObject\",\"inLanguage\":\"tr\",\"@id\":\"https:\/\/narteks.net\/index.php\/2011\/03\/10\/enternasyonal-icindeki-sahte-bolunmeler-ucuncu-bolum-marks-engels\/#primaryimage\",\"url\":\"http:\/\/www.ortakyasam.org\/hermes\/bosweb\/web008\/images\/image\/marx_engels.jpg\",\"contentUrl\":\"http:\/\/www.ortakyasam.org\/hermes\/bosweb\/web008\/images\/image\/marx_engels.jpg\"},{\"@type\":\"BreadcrumbList\",\"@id\":\"https:\/\/narteks.net\/index.php\/2011\/03\/10\/enternasyonal-icindeki-sahte-bolunmeler-ucuncu-bolum-marks-engels\/#breadcrumb\",\"itemListElement\":[{\"@type\":\"ListItem\",\"position\":1,\"name\":\"Anasayfa\",\"item\":\"https:\/\/narteks.net\/\"},{\"@type\":\"ListItem\",\"position\":2,\"name\":\"Enternasyonal \u0130\u00e7indeki Sahte B\u00f6l\u00fcnmeler | \u00dc\u00e7\u00fcnc\u00fc B\u00f6l\u00fcm &#8211; Marks &#8211; Engels\"}]},{\"@type\":\"WebSite\",\"@id\":\"https:\/\/narteks.net\/#website\",\"url\":\"https:\/\/narteks.net\/\",\"name\":\"narteks.net\",\"description\":\"K\u00fclt\u00fcr Sanat Edebiyat Felsefe\",\"publisher\":{\"@id\":\"https:\/\/narteks.net\/#organization\"},\"alternateName\":\"K\u00fclt\u00fcr Sanat Edebiyat Felsefe\",\"potentialAction\":[{\"@type\":\"SearchAction\",\"target\":{\"@type\":\"EntryPoint\",\"urlTemplate\":\"https:\/\/narteks.net\/?s={search_term_string}\"},\"query-input\":{\"@type\":\"PropertyValueSpecification\",\"valueRequired\":true,\"valueName\":\"search_term_string\"}}],\"inLanguage\":\"tr\"},{\"@type\":\"Organization\",\"@id\":\"https:\/\/narteks.net\/#organization\",\"name\":\"narteks.net\",\"url\":\"https:\/\/narteks.net\/\",\"logo\":{\"@type\":\"ImageObject\",\"inLanguage\":\"tr\",\"@id\":\"https:\/\/narteks.net\/#\/schema\/logo\/image\/\",\"url\":\"https:\/\/narteks.net\/wp-content\/uploads\/narteks.png\",\"contentUrl\":\"https:\/\/narteks.net\/wp-content\/uploads\/narteks.png\",\"width\":300,\"height\":90,\"caption\":\"narteks.net\"},\"image\":{\"@id\":\"https:\/\/narteks.net\/#\/schema\/logo\/image\/\"},\"sameAs\":[\"https:\/\/x.com\/narteks\",\"https:\/\/instagram.com\/narteksnet\"]},{\"@type\":\"Person\",\"@id\":\"https:\/\/narteks.net\/#\/schema\/person\/61f37d9834294b72d31d274e7ed79bca\",\"name\":\"Tar\u0131k\",\"image\":{\"@type\":\"ImageObject\",\"inLanguage\":\"tr\",\"@id\":\"https:\/\/narteks.net\/#\/schema\/person\/image\/\",\"url\":\"https:\/\/secure.gravatar.com\/avatar\/50865afb55632c4ae467e0af0930f6510aa2297d8014be502a55b14f3b7550cf?s=96&d=mm&r=g\",\"contentUrl\":\"https:\/\/secure.gravatar.com\/avatar\/50865afb55632c4ae467e0af0930f6510aa2297d8014be502a55b14f3b7550cf?s=96&d=mm&r=g\",\"caption\":\"Tar\u0131k\"},\"sameAs\":[\"http:\/\/narteks.net\"],\"url\":\"https:\/\/narteks.net\/index.php\/author\/narbak\/\"}]}<\/script>\n<!-- \/ Yoast SEO Premium plugin. -->","yoast_head_json":{"title":"Enternasyonal \u0130\u00e7indeki Sahte B\u00f6l\u00fcnmeler | \u00dc\u00e7\u00fcnc\u00fc B\u00f6l\u00fcm - Marks - Engels - narteks.net","robots":{"index":"index","follow":"follow","max-snippet":"max-snippet:-1","max-image-preview":"max-image-preview:large","max-video-preview":"max-video-preview:-1"},"canonical":"https:\/\/narteks.net\/index.php\/2011\/03\/10\/enternasyonal-icindeki-sahte-bolunmeler-ucuncu-bolum-marks-engels\/","og_locale":"tr_TR","og_type":"article","og_title":"Enternasyonal \u0130\u00e7indeki Sahte B\u00f6l\u00fcnmeler | \u00dc\u00e7\u00fcnc\u00fc B\u00f6l\u00fcm - Marks - Engels","og_description":"VI \u015eimdi de Onalt\u0131lar Kongresine Jura Komitesi taraf\u0131ndan sunulan raporu okuyunuz. &#8220;Bu rapor dikkatle okundu\u011funda&#8221; diyor bunlar\u0131n resmi organ\u0131 Revolution Sociale (16 Kas\u0131m), &#8220;Jura Federasyonu \u00fcyelerinden bekleyebilece\u011fimiz ba\u011fl\u0131l\u0131\u011f\u0131n ve pratik zekan\u0131n kesin \u00f6l\u00e7\u00fcs\u00fcn\u00fc verecektir.&#8221; Rapor, &#8220;bu deh\u015fet verici olaylara&#8221; -Frans\u0131z-Prusya sava\u015f\u0131na ve Fransa&#8217;daki \u0130\u00e7 Sava\u015fa- &#8220;Enternasyonalin kesimleri i\u00e7indeki durum \u00fczerinde &#8230; moral bozucu bir etki&#8221; [&hellip;]","og_url":"https:\/\/narteks.net\/index.php\/2011\/03\/10\/enternasyonal-icindeki-sahte-bolunmeler-ucuncu-bolum-marks-engels\/","og_site_name":"narteks.net","article_published_time":"2011-03-10T16:57:29+00:00","og_image":[{"url":"http:\/\/www.ortakyasam.org\/hermes\/bosweb\/web008\/images\/image\/marx_engels.jpg","type":"","width":"","height":""}],"author":"Tar\u0131k","twitter_card":"summary_large_image","twitter_creator":"@narteks","twitter_site":"@narteks","twitter_misc":{"Yazan:":"Tar\u0131k","Tahmini okuma s\u00fcresi":"33 dakika"},"schema":{"@context":"https:\/\/schema.org","@graph":[{"@type":"Article","@id":"https:\/\/narteks.net\/index.php\/2011\/03\/10\/enternasyonal-icindeki-sahte-bolunmeler-ucuncu-bolum-marks-engels\/#article","isPartOf":{"@id":"https:\/\/narteks.net\/index.php\/2011\/03\/10\/enternasyonal-icindeki-sahte-bolunmeler-ucuncu-bolum-marks-engels\/"},"author":{"name":"Tar\u0131k","@id":"https:\/\/narteks.net\/#\/schema\/person\/61f37d9834294b72d31d274e7ed79bca"},"headline":"Enternasyonal \u0130\u00e7indeki Sahte B\u00f6l\u00fcnmeler | \u00dc\u00e7\u00fcnc\u00fc B\u00f6l\u00fcm &#8211; Marks &#8211; Engels","datePublished":"2011-03-10T16:57:29+00:00","mainEntityOfPage":{"@id":"https:\/\/narteks.net\/index.php\/2011\/03\/10\/enternasyonal-icindeki-sahte-bolunmeler-ucuncu-bolum-marks-engels\/"},"wordCount":6641,"commentCount":0,"publisher":{"@id":"https:\/\/narteks.net\/#organization"},"image":{"@id":"https:\/\/narteks.net\/index.php\/2011\/03\/10\/enternasyonal-icindeki-sahte-bolunmeler-ucuncu-bolum-marks-engels\/#primaryimage"},"thumbnailUrl":"http:\/\/www.ortakyasam.org\/hermes\/bosweb\/web008\/images\/image\/marx_engels.jpg","articleSection":["Enternasyonel \u0130\u00e7indeki Sahte B\u00f6l\u00fcnmeler - Marx - Engels"],"inLanguage":"tr","potentialAction":[{"@type":"CommentAction","name":"Comment","target":["https:\/\/narteks.net\/index.php\/2011\/03\/10\/enternasyonal-icindeki-sahte-bolunmeler-ucuncu-bolum-marks-engels\/#respond"]}]},{"@type":"WebPage","@id":"https:\/\/narteks.net\/index.php\/2011\/03\/10\/enternasyonal-icindeki-sahte-bolunmeler-ucuncu-bolum-marks-engels\/","url":"https:\/\/narteks.net\/index.php\/2011\/03\/10\/enternasyonal-icindeki-sahte-bolunmeler-ucuncu-bolum-marks-engels\/","name":"Enternasyonal \u0130\u00e7indeki Sahte B\u00f6l\u00fcnmeler | \u00dc\u00e7\u00fcnc\u00fc B\u00f6l\u00fcm - Marks - Engels - narteks.net","isPartOf":{"@id":"https:\/\/narteks.net\/#website"},"primaryImageOfPage":{"@id":"https:\/\/narteks.net\/index.php\/2011\/03\/10\/enternasyonal-icindeki-sahte-bolunmeler-ucuncu-bolum-marks-engels\/#primaryimage"},"image":{"@id":"https:\/\/narteks.net\/index.php\/2011\/03\/10\/enternasyonal-icindeki-sahte-bolunmeler-ucuncu-bolum-marks-engels\/#primaryimage"},"thumbnailUrl":"http:\/\/www.ortakyasam.org\/hermes\/bosweb\/web008\/images\/image\/marx_engels.jpg","datePublished":"2011-03-10T16:57:29+00:00","breadcrumb":{"@id":"https:\/\/narteks.net\/index.php\/2011\/03\/10\/enternasyonal-icindeki-sahte-bolunmeler-ucuncu-bolum-marks-engels\/#breadcrumb"},"inLanguage":"tr","potentialAction":[{"@type":"ReadAction","target":["https:\/\/narteks.net\/index.php\/2011\/03\/10\/enternasyonal-icindeki-sahte-bolunmeler-ucuncu-bolum-marks-engels\/"]}]},{"@type":"ImageObject","inLanguage":"tr","@id":"https:\/\/narteks.net\/index.php\/2011\/03\/10\/enternasyonal-icindeki-sahte-bolunmeler-ucuncu-bolum-marks-engels\/#primaryimage","url":"http:\/\/www.ortakyasam.org\/hermes\/bosweb\/web008\/images\/image\/marx_engels.jpg","contentUrl":"http:\/\/www.ortakyasam.org\/hermes\/bosweb\/web008\/images\/image\/marx_engels.jpg"},{"@type":"BreadcrumbList","@id":"https:\/\/narteks.net\/index.php\/2011\/03\/10\/enternasyonal-icindeki-sahte-bolunmeler-ucuncu-bolum-marks-engels\/#breadcrumb","itemListElement":[{"@type":"ListItem","position":1,"name":"Anasayfa","item":"https:\/\/narteks.net\/"},{"@type":"ListItem","position":2,"name":"Enternasyonal \u0130\u00e7indeki Sahte B\u00f6l\u00fcnmeler | \u00dc\u00e7\u00fcnc\u00fc B\u00f6l\u00fcm &#8211; Marks &#8211; Engels"}]},{"@type":"WebSite","@id":"https:\/\/narteks.net\/#website","url":"https:\/\/narteks.net\/","name":"narteks.net","description":"K\u00fclt\u00fcr Sanat Edebiyat Felsefe","publisher":{"@id":"https:\/\/narteks.net\/#organization"},"alternateName":"K\u00fclt\u00fcr Sanat Edebiyat Felsefe","potentialAction":[{"@type":"SearchAction","target":{"@type":"EntryPoint","urlTemplate":"https:\/\/narteks.net\/?s={search_term_string}"},"query-input":{"@type":"PropertyValueSpecification","valueRequired":true,"valueName":"search_term_string"}}],"inLanguage":"tr"},{"@type":"Organization","@id":"https:\/\/narteks.net\/#organization","name":"narteks.net","url":"https:\/\/narteks.net\/","logo":{"@type":"ImageObject","inLanguage":"tr","@id":"https:\/\/narteks.net\/#\/schema\/logo\/image\/","url":"https:\/\/narteks.net\/wp-content\/uploads\/narteks.png","contentUrl":"https:\/\/narteks.net\/wp-content\/uploads\/narteks.png","width":300,"height":90,"caption":"narteks.net"},"image":{"@id":"https:\/\/narteks.net\/#\/schema\/logo\/image\/"},"sameAs":["https:\/\/x.com\/narteks","https:\/\/instagram.com\/narteksnet"]},{"@type":"Person","@id":"https:\/\/narteks.net\/#\/schema\/person\/61f37d9834294b72d31d274e7ed79bca","name":"Tar\u0131k","image":{"@type":"ImageObject","inLanguage":"tr","@id":"https:\/\/narteks.net\/#\/schema\/person\/image\/","url":"https:\/\/secure.gravatar.com\/avatar\/50865afb55632c4ae467e0af0930f6510aa2297d8014be502a55b14f3b7550cf?s=96&d=mm&r=g","contentUrl":"https:\/\/secure.gravatar.com\/avatar\/50865afb55632c4ae467e0af0930f6510aa2297d8014be502a55b14f3b7550cf?s=96&d=mm&r=g","caption":"Tar\u0131k"},"sameAs":["http:\/\/narteks.net"],"url":"https:\/\/narteks.net\/index.php\/author\/narbak\/"}]}},"_links":{"self":[{"href":"https:\/\/narteks.net\/index.php\/wp-json\/wp\/v2\/posts\/5862","targetHints":{"allow":["GET"]}}],"collection":[{"href":"https:\/\/narteks.net\/index.php\/wp-json\/wp\/v2\/posts"}],"about":[{"href":"https:\/\/narteks.net\/index.php\/wp-json\/wp\/v2\/types\/post"}],"author":[{"embeddable":true,"href":"https:\/\/narteks.net\/index.php\/wp-json\/wp\/v2\/users\/1"}],"replies":[{"embeddable":true,"href":"https:\/\/narteks.net\/index.php\/wp-json\/wp\/v2\/comments?post=5862"}],"version-history":[{"count":0,"href":"https:\/\/narteks.net\/index.php\/wp-json\/wp\/v2\/posts\/5862\/revisions"}],"wp:attachment":[{"href":"https:\/\/narteks.net\/index.php\/wp-json\/wp\/v2\/media?parent=5862"}],"wp:term":[{"taxonomy":"category","embeddable":true,"href":"https:\/\/narteks.net\/index.php\/wp-json\/wp\/v2\/categories?post=5862"},{"taxonomy":"post_tag","embeddable":true,"href":"https:\/\/narteks.net\/index.php\/wp-json\/wp\/v2\/tags?post=5862"}],"curies":[{"name":"wp","href":"https:\/\/api.w.org\/{rel}","templated":true}]}}