{"id":5863,"date":"2011-03-10T20:10:14","date_gmt":"2011-03-10T17:10:14","guid":{"rendered":"http:\/\/localhost\/wordpress\/2011\/03\/10\/alman-ideolojisi-feuerbach-onsoz-marks-engels\/"},"modified":"2011-03-10T20:10:14","modified_gmt":"2011-03-10T17:10:14","slug":"alman-ideolojisi-feuerbach-onsoz-marks-engels","status":"publish","type":"post","link":"https:\/\/narteks.net\/index.php\/2011\/03\/10\/alman-ideolojisi-feuerbach-onsoz-marks-engels\/","title":{"rendered":"Alman \u0130deolojisi ( Feuerbach) | \u00d6ns\u00f6z &#8211; Marks &#8211; Engels"},"content":{"rendered":"<p style=\"text-align: justify;\"><img loading=\"lazy\" decoding=\"async\" src=\"http:\/\/www.ortakyasam.org\/hermes\/bosweb\/web008\/images\/image\/marx_engels.jpg\" border=\"0\" width=\"155\" height=\"205\" style=\"float: left;\" \/>\u00d6NS\u00d6Z<\/p>\n<p> \u0130nsanlar, \u015fimdiye kadar, kendileri hakk\u0131nda, ne olduklar\u0131 ya da ne olmalar\u0131 gerekti\u011fi hakk\u0131nda her zaman yanl\u0131\u015f fikirlere sahip olmu\u015flard\u0131r. Sahip olduklar\u0131 ili\u015fkileri, Tanr\u0131 hakk\u0131ndaki, normal insan hakk\u0131ndaki vb. tasar\u0131mlar\u0131na uygun olarak d\u00fczenlemi\u015flerdir. Kendi beyinlerinin \u00fcr\u00fcnleri, onlar\u0131 yaratan beynin \u00fcst\u00fcne \u00e7\u0131km\u0131\u015ft\u0131r. Yarat\u0131c\u0131lar, kendi yaratt\u0131klar\u0131 \u015feyler \u00f6n\u00fcnde secdeye varm\u0131\u015flard\u0131r. \u00d6yleyse onlar\u0131, boyunduru\u011fu alt\u0131nda ezildikleri kuruntulardan, fikirlerden, dogmalardan, hayali yarat\u0131klardan kurtaral\u0131m. Fikirlerin egemenli\u011fine kar\u015f\u0131 ba\u015fkald\u0131ral\u0131m. Biri, insanlara bu yan\u0131lsamalar\u0131 de\u011fi\u015ftirip, yerine insan\u0131n \u00f6z\u00fcne uygun d\u00fc\u015fen d\u00fc\u015f\u00fcnceler koymay\u0131 \u00f6\u011fretelim diyor, bir ba\u015fkas\u0131, bu yan\u0131lsamalara kar\u015f\u0131 ele\u015ftirici bir tutum almay\u0131 \u00f6\u011fretelim onlara diyor, bir \u00fc\u00e7\u00fcnc\u00fcs\u00fc ise, bunlar\u0131 kafalar\u0131ndan \u00e7\u0131kar\u0131p atmalar\u0131n\u0131 \u00f6\u011fretelim diyor ve bug\u00fcnk\u00fc ger\u00e7ekli\u011fin b\u00f6yle \u00e7\u00f6kece\u011fini iddia ediyorlar.<br \/> Bu masum ve \u00e7ocuksu d\u00fc\u015fler gen\u00e7-hegelcilerin bug\u00fcnk\u00fc felsefesinin \u00e7ekirde\u011fini olu\u015ftururlar; ki bu felsefe, Almanya&#8217;da, kamuoyunca korkuyla kar\u0131\u015f\u0131k bir sayg\u0131 ile kar\u015f\u0131lanmakla kalm\u0131yor, ama felsefi kahramanlar\u0131n kendileri taraf\u0131ndan, canice sertlikteki bu fikirlerin d\u00fcnya i\u00e7in devrimci bir tehlike ta\u015f\u0131d\u0131\u011f\u0131 inanc\u0131 i\u00e7inde, b\u00fcy\u00fck bir ciddiyetle sunuluyor. Bu kitab\u0131n birinci cildinin amac\u0131, kendilerini kurt sanan ve ba\u015fkalar\u0131n\u0131n da kurt sand\u0131klar\u0131 bu koyunlar\u0131n ne olduklar\u0131n\u0131 ortaya koymak, onlar\u0131n meleyi\u015flerinin Alman burjuvalar\u0131n\u0131n tasar\u0131mlar\u0131n\u0131n felsefi bir dile yinelenmesinden ba\u015fka bir \u015fey olmad\u0131\u011f\u0131n\u0131 ve bu felsefi yorumcular\u0131n palavrac\u0131l\u0131klar\u0131n\u0131n, Alman ger\u00e7ekli\u011finin zavall\u0131 yoksullu\u011funu yans\u0131tmaktan ba\u015fka bir anlam ta\u015f\u0131mad\u0131\u011f\u0131n\u0131 g\u00f6stermektir. Bu cilt, Alman ulusunun ho\u015fland\u0131\u011f\u0131, d\u00fc\u015flerle dolu uyuklamaya pek uygun d\u00fc\u015fen, ger\u00e7ekli\u011fin g\u00f6lgesine kar\u015f\u0131 y\u00fcr\u00fct\u00fclen bu felsefi sava\u015f\u0131n maskaral\u0131\u011f\u0131n\u0131 ortaya \u00e7\u0131karmak ve onu b\u00fct\u00fcn sayg\u0131nl\u0131\u011f\u0131ndan yoksun b\u0131rakmak amac\u0131ndad\u0131r.<br \/> Bir zamanlar, y\u00fcrekli adam\u0131n biri, insanlar\u0131n, salt yer\u00e7ekimi fikrine sapland\u0131klar\u0131 i\u00e7in suda bo\u011fulduklar\u0131n\u0131 san\u0131yordu. Ona g\u00f6re, insanlar, \u00f6rne\u011fin, bunun dinsel bo\u015finanlara dayana bir d\u00fc\u015f\u00fcnce oldu\u011funu s\u00f6yleyerek bu fikri kafalar\u0131ndan \u00e7\u0131kar\u0131p atsalard\u0131, ondan sonra art\u0131k her t\u00fcrl\u00fc bo\u011fulma tehlikesinden korunmu\u015f olurlard\u0131. \u00d6mr\u00fc boyunca, b\u00fct\u00fcn istatistiklerin, say\u0131s\u0131z ve boyuna yinelenen tan\u0131tlarla zararl\u0131 sonu\u00e7lar\u0131n\u0131 kendisine g\u00f6sterdikleri bu yer\u00e7ekimi yan\u0131lsamas\u0131na kar\u015f\u0131 sava\u015ft\u0131 durdu. Bu saf y\u00fcrekli adam, modern devrimci Alman filozoflar\u0131 tipinin ayn\u0131s\u0131yd\u0131.[1]<\/p>\n<p>ALMAN \u0130DEOLOJ\u0130S\u0130 [FEUERBACH]<\/p>\n","protected":false},"excerpt":{"rendered":"<p>\u00d6NS\u00d6Z \u0130nsanlar, \u015fimdiye kadar, kendileri hakk\u0131nda, ne olduklar\u0131 ya da ne olmalar\u0131 gerekti\u011fi hakk\u0131nda her zaman yanl\u0131\u015f fikirlere sahip olmu\u015flard\u0131r. Sahip olduklar\u0131 ili\u015fkileri, Tanr\u0131 hakk\u0131ndaki, normal insan hakk\u0131ndaki vb. tasar\u0131mlar\u0131na uygun olarak d\u00fczenlemi\u015flerdir. Kendi beyinlerinin \u00fcr\u00fcnleri, onlar\u0131 yaratan beynin \u00fcst\u00fcne \u00e7\u0131km\u0131\u015ft\u0131r. Yarat\u0131c\u0131lar, kendi yaratt\u0131klar\u0131 \u015feyler \u00f6n\u00fcnde secdeye varm\u0131\u015flard\u0131r. \u00d6yleyse onlar\u0131, boyunduru\u011fu alt\u0131nda ezildikleri kuruntulardan, fikirlerden, [&hellip;]<\/p>\n","protected":false},"author":1,"featured_media":0,"comment_status":"open","ping_status":"open","sticky":false,"template":"","format":"standard","meta":{"footnotes":""},"categories":[183],"tags":[],"class_list":{"0":"post-5863","1":"post","2":"type-post","3":"status-publish","4":"format-standard","6":"category-marks-engels-alman-ideolojisi"},"yoast_head":"<!-- This site is optimized with the Yoast SEO Premium plugin v24.9 (Yoast SEO v24.9) - https:\/\/yoast.com\/wordpress\/plugins\/seo\/ -->\n<title>Alman \u0130deolojisi ( Feuerbach) | \u00d6ns\u00f6z - Marks - Engels - narteks.net<\/title>\n<meta name=\"robots\" content=\"index, follow, max-snippet:-1, max-image-preview:large, max-video-preview:-1\" \/>\n<link rel=\"canonical\" href=\"https:\/\/narteks.net\/index.php\/2011\/03\/10\/alman-ideolojisi-feuerbach-onsoz-marks-engels\/\" \/>\n<meta property=\"og:locale\" content=\"tr_TR\" \/>\n<meta property=\"og:type\" content=\"article\" \/>\n<meta property=\"og:title\" content=\"Alman \u0130deolojisi ( Feuerbach) | \u00d6ns\u00f6z - Marks - Engels\" \/>\n<meta property=\"og:description\" content=\"\u00d6NS\u00d6Z \u0130nsanlar, \u015fimdiye kadar, kendileri hakk\u0131nda, ne olduklar\u0131 ya da ne olmalar\u0131 gerekti\u011fi hakk\u0131nda her zaman yanl\u0131\u015f fikirlere sahip olmu\u015flard\u0131r. Sahip olduklar\u0131 ili\u015fkileri, Tanr\u0131 hakk\u0131ndaki, normal insan hakk\u0131ndaki vb. tasar\u0131mlar\u0131na uygun olarak d\u00fczenlemi\u015flerdir. Kendi beyinlerinin \u00fcr\u00fcnleri, onlar\u0131 yaratan beynin \u00fcst\u00fcne \u00e7\u0131km\u0131\u015ft\u0131r. Yarat\u0131c\u0131lar, kendi yaratt\u0131klar\u0131 \u015feyler \u00f6n\u00fcnde secdeye varm\u0131\u015flard\u0131r. \u00d6yleyse onlar\u0131, boyunduru\u011fu alt\u0131nda ezildikleri kuruntulardan, fikirlerden, [&hellip;]\" \/>\n<meta property=\"og:url\" content=\"https:\/\/narteks.net\/index.php\/2011\/03\/10\/alman-ideolojisi-feuerbach-onsoz-marks-engels\/\" \/>\n<meta property=\"og:site_name\" content=\"narteks.net\" \/>\n<meta property=\"article:published_time\" content=\"2011-03-10T17:10:14+00:00\" \/>\n<meta property=\"og:image\" content=\"http:\/\/www.ortakyasam.org\/hermes\/bosweb\/web008\/images\/image\/marx_engels.jpg\" \/>\n<meta name=\"author\" content=\"Tar\u0131k\" \/>\n<meta name=\"twitter:card\" content=\"summary_large_image\" \/>\n<meta name=\"twitter:creator\" content=\"@narteks\" \/>\n<meta name=\"twitter:site\" content=\"@narteks\" \/>\n<meta name=\"twitter:label1\" content=\"Yazan:\" \/>\n\t<meta name=\"twitter:data1\" content=\"Tar\u0131k\" \/>\n\t<meta name=\"twitter:label2\" content=\"Tahmini okuma s\u00fcresi\" \/>\n\t<meta name=\"twitter:data2\" content=\"2 dakika\" \/>\n<script type=\"application\/ld+json\" class=\"yoast-schema-graph\">{\"@context\":\"https:\/\/schema.org\",\"@graph\":[{\"@type\":\"Article\",\"@id\":\"https:\/\/narteks.net\/index.php\/2011\/03\/10\/alman-ideolojisi-feuerbach-onsoz-marks-engels\/#article\",\"isPartOf\":{\"@id\":\"https:\/\/narteks.net\/index.php\/2011\/03\/10\/alman-ideolojisi-feuerbach-onsoz-marks-engels\/\"},\"author\":{\"name\":\"Tar\u0131k\",\"@id\":\"https:\/\/narteks.net\/#\/schema\/person\/61f37d9834294b72d31d274e7ed79bca\"},\"headline\":\"Alman \u0130deolojisi ( Feuerbach) | \u00d6ns\u00f6z &#8211; Marks &#8211; Engels\",\"datePublished\":\"2011-03-10T17:10:14+00:00\",\"mainEntityOfPage\":{\"@id\":\"https:\/\/narteks.net\/index.php\/2011\/03\/10\/alman-ideolojisi-feuerbach-onsoz-marks-engels\/\"},\"wordCount\":453,\"commentCount\":0,\"publisher\":{\"@id\":\"https:\/\/narteks.net\/#organization\"},\"image\":{\"@id\":\"https:\/\/narteks.net\/index.php\/2011\/03\/10\/alman-ideolojisi-feuerbach-onsoz-marks-engels\/#primaryimage\"},\"thumbnailUrl\":\"http:\/\/www.ortakyasam.org\/hermes\/bosweb\/web008\/images\/image\/marx_engels.jpg\",\"articleSection\":[\"Alman \u0130deolojisi - Marx - Engels\"],\"inLanguage\":\"tr\",\"potentialAction\":[{\"@type\":\"CommentAction\",\"name\":\"Comment\",\"target\":[\"https:\/\/narteks.net\/index.php\/2011\/03\/10\/alman-ideolojisi-feuerbach-onsoz-marks-engels\/#respond\"]}]},{\"@type\":\"WebPage\",\"@id\":\"https:\/\/narteks.net\/index.php\/2011\/03\/10\/alman-ideolojisi-feuerbach-onsoz-marks-engels\/\",\"url\":\"https:\/\/narteks.net\/index.php\/2011\/03\/10\/alman-ideolojisi-feuerbach-onsoz-marks-engels\/\",\"name\":\"Alman \u0130deolojisi ( Feuerbach) | \u00d6ns\u00f6z - Marks - Engels - narteks.net\",\"isPartOf\":{\"@id\":\"https:\/\/narteks.net\/#website\"},\"primaryImageOfPage\":{\"@id\":\"https:\/\/narteks.net\/index.php\/2011\/03\/10\/alman-ideolojisi-feuerbach-onsoz-marks-engels\/#primaryimage\"},\"image\":{\"@id\":\"https:\/\/narteks.net\/index.php\/2011\/03\/10\/alman-ideolojisi-feuerbach-onsoz-marks-engels\/#primaryimage\"},\"thumbnailUrl\":\"http:\/\/www.ortakyasam.org\/hermes\/bosweb\/web008\/images\/image\/marx_engels.jpg\",\"datePublished\":\"2011-03-10T17:10:14+00:00\",\"breadcrumb\":{\"@id\":\"https:\/\/narteks.net\/index.php\/2011\/03\/10\/alman-ideolojisi-feuerbach-onsoz-marks-engels\/#breadcrumb\"},\"inLanguage\":\"tr\",\"potentialAction\":[{\"@type\":\"ReadAction\",\"target\":[\"https:\/\/narteks.net\/index.php\/2011\/03\/10\/alman-ideolojisi-feuerbach-onsoz-marks-engels\/\"]}]},{\"@type\":\"ImageObject\",\"inLanguage\":\"tr\",\"@id\":\"https:\/\/narteks.net\/index.php\/2011\/03\/10\/alman-ideolojisi-feuerbach-onsoz-marks-engels\/#primaryimage\",\"url\":\"http:\/\/www.ortakyasam.org\/hermes\/bosweb\/web008\/images\/image\/marx_engels.jpg\",\"contentUrl\":\"http:\/\/www.ortakyasam.org\/hermes\/bosweb\/web008\/images\/image\/marx_engels.jpg\"},{\"@type\":\"BreadcrumbList\",\"@id\":\"https:\/\/narteks.net\/index.php\/2011\/03\/10\/alman-ideolojisi-feuerbach-onsoz-marks-engels\/#breadcrumb\",\"itemListElement\":[{\"@type\":\"ListItem\",\"position\":1,\"name\":\"Anasayfa\",\"item\":\"https:\/\/narteks.net\/\"},{\"@type\":\"ListItem\",\"position\":2,\"name\":\"Alman \u0130deolojisi ( Feuerbach) | \u00d6ns\u00f6z &#8211; Marks &#8211; Engels\"}]},{\"@type\":\"WebSite\",\"@id\":\"https:\/\/narteks.net\/#website\",\"url\":\"https:\/\/narteks.net\/\",\"name\":\"narteks.net\",\"description\":\"K\u00fclt\u00fcr Sanat Edebiyat Felsefe\",\"publisher\":{\"@id\":\"https:\/\/narteks.net\/#organization\"},\"alternateName\":\"K\u00fclt\u00fcr Sanat Edebiyat Felsefe\",\"potentialAction\":[{\"@type\":\"SearchAction\",\"target\":{\"@type\":\"EntryPoint\",\"urlTemplate\":\"https:\/\/narteks.net\/?s={search_term_string}\"},\"query-input\":{\"@type\":\"PropertyValueSpecification\",\"valueRequired\":true,\"valueName\":\"search_term_string\"}}],\"inLanguage\":\"tr\"},{\"@type\":\"Organization\",\"@id\":\"https:\/\/narteks.net\/#organization\",\"name\":\"narteks.net\",\"url\":\"https:\/\/narteks.net\/\",\"logo\":{\"@type\":\"ImageObject\",\"inLanguage\":\"tr\",\"@id\":\"https:\/\/narteks.net\/#\/schema\/logo\/image\/\",\"url\":\"https:\/\/narteks.net\/wp-content\/uploads\/narteks.png\",\"contentUrl\":\"https:\/\/narteks.net\/wp-content\/uploads\/narteks.png\",\"width\":300,\"height\":90,\"caption\":\"narteks.net\"},\"image\":{\"@id\":\"https:\/\/narteks.net\/#\/schema\/logo\/image\/\"},\"sameAs\":[\"https:\/\/x.com\/narteks\",\"https:\/\/instagram.com\/narteksnet\"]},{\"@type\":\"Person\",\"@id\":\"https:\/\/narteks.net\/#\/schema\/person\/61f37d9834294b72d31d274e7ed79bca\",\"name\":\"Tar\u0131k\",\"image\":{\"@type\":\"ImageObject\",\"inLanguage\":\"tr\",\"@id\":\"https:\/\/narteks.net\/#\/schema\/person\/image\/\",\"url\":\"https:\/\/secure.gravatar.com\/avatar\/50865afb55632c4ae467e0af0930f6510aa2297d8014be502a55b14f3b7550cf?s=96&d=mm&r=g\",\"contentUrl\":\"https:\/\/secure.gravatar.com\/avatar\/50865afb55632c4ae467e0af0930f6510aa2297d8014be502a55b14f3b7550cf?s=96&d=mm&r=g\",\"caption\":\"Tar\u0131k\"},\"sameAs\":[\"http:\/\/narteks.net\"],\"url\":\"https:\/\/narteks.net\/index.php\/author\/narbak\/\"}]}<\/script>\n<!-- \/ Yoast SEO Premium plugin. -->","yoast_head_json":{"title":"Alman \u0130deolojisi ( Feuerbach) | \u00d6ns\u00f6z - Marks - Engels - narteks.net","robots":{"index":"index","follow":"follow","max-snippet":"max-snippet:-1","max-image-preview":"max-image-preview:large","max-video-preview":"max-video-preview:-1"},"canonical":"https:\/\/narteks.net\/index.php\/2011\/03\/10\/alman-ideolojisi-feuerbach-onsoz-marks-engels\/","og_locale":"tr_TR","og_type":"article","og_title":"Alman \u0130deolojisi ( Feuerbach) | \u00d6ns\u00f6z - Marks - Engels","og_description":"\u00d6NS\u00d6Z \u0130nsanlar, \u015fimdiye kadar, kendileri hakk\u0131nda, ne olduklar\u0131 ya da ne olmalar\u0131 gerekti\u011fi hakk\u0131nda her zaman yanl\u0131\u015f fikirlere sahip olmu\u015flard\u0131r. Sahip olduklar\u0131 ili\u015fkileri, Tanr\u0131 hakk\u0131ndaki, normal insan hakk\u0131ndaki vb. tasar\u0131mlar\u0131na uygun olarak d\u00fczenlemi\u015flerdir. Kendi beyinlerinin \u00fcr\u00fcnleri, onlar\u0131 yaratan beynin \u00fcst\u00fcne \u00e7\u0131km\u0131\u015ft\u0131r. Yarat\u0131c\u0131lar, kendi yaratt\u0131klar\u0131 \u015feyler \u00f6n\u00fcnde secdeye varm\u0131\u015flard\u0131r. \u00d6yleyse onlar\u0131, boyunduru\u011fu alt\u0131nda ezildikleri kuruntulardan, fikirlerden, [&hellip;]","og_url":"https:\/\/narteks.net\/index.php\/2011\/03\/10\/alman-ideolojisi-feuerbach-onsoz-marks-engels\/","og_site_name":"narteks.net","article_published_time":"2011-03-10T17:10:14+00:00","og_image":[{"url":"http:\/\/www.ortakyasam.org\/hermes\/bosweb\/web008\/images\/image\/marx_engels.jpg","type":"","width":"","height":""}],"author":"Tar\u0131k","twitter_card":"summary_large_image","twitter_creator":"@narteks","twitter_site":"@narteks","twitter_misc":{"Yazan:":"Tar\u0131k","Tahmini okuma s\u00fcresi":"2 dakika"},"schema":{"@context":"https:\/\/schema.org","@graph":[{"@type":"Article","@id":"https:\/\/narteks.net\/index.php\/2011\/03\/10\/alman-ideolojisi-feuerbach-onsoz-marks-engels\/#article","isPartOf":{"@id":"https:\/\/narteks.net\/index.php\/2011\/03\/10\/alman-ideolojisi-feuerbach-onsoz-marks-engels\/"},"author":{"name":"Tar\u0131k","@id":"https:\/\/narteks.net\/#\/schema\/person\/61f37d9834294b72d31d274e7ed79bca"},"headline":"Alman \u0130deolojisi ( Feuerbach) | \u00d6ns\u00f6z &#8211; Marks &#8211; Engels","datePublished":"2011-03-10T17:10:14+00:00","mainEntityOfPage":{"@id":"https:\/\/narteks.net\/index.php\/2011\/03\/10\/alman-ideolojisi-feuerbach-onsoz-marks-engels\/"},"wordCount":453,"commentCount":0,"publisher":{"@id":"https:\/\/narteks.net\/#organization"},"image":{"@id":"https:\/\/narteks.net\/index.php\/2011\/03\/10\/alman-ideolojisi-feuerbach-onsoz-marks-engels\/#primaryimage"},"thumbnailUrl":"http:\/\/www.ortakyasam.org\/hermes\/bosweb\/web008\/images\/image\/marx_engels.jpg","articleSection":["Alman \u0130deolojisi - Marx - Engels"],"inLanguage":"tr","potentialAction":[{"@type":"CommentAction","name":"Comment","target":["https:\/\/narteks.net\/index.php\/2011\/03\/10\/alman-ideolojisi-feuerbach-onsoz-marks-engels\/#respond"]}]},{"@type":"WebPage","@id":"https:\/\/narteks.net\/index.php\/2011\/03\/10\/alman-ideolojisi-feuerbach-onsoz-marks-engels\/","url":"https:\/\/narteks.net\/index.php\/2011\/03\/10\/alman-ideolojisi-feuerbach-onsoz-marks-engels\/","name":"Alman \u0130deolojisi ( Feuerbach) | \u00d6ns\u00f6z - Marks - Engels - narteks.net","isPartOf":{"@id":"https:\/\/narteks.net\/#website"},"primaryImageOfPage":{"@id":"https:\/\/narteks.net\/index.php\/2011\/03\/10\/alman-ideolojisi-feuerbach-onsoz-marks-engels\/#primaryimage"},"image":{"@id":"https:\/\/narteks.net\/index.php\/2011\/03\/10\/alman-ideolojisi-feuerbach-onsoz-marks-engels\/#primaryimage"},"thumbnailUrl":"http:\/\/www.ortakyasam.org\/hermes\/bosweb\/web008\/images\/image\/marx_engels.jpg","datePublished":"2011-03-10T17:10:14+00:00","breadcrumb":{"@id":"https:\/\/narteks.net\/index.php\/2011\/03\/10\/alman-ideolojisi-feuerbach-onsoz-marks-engels\/#breadcrumb"},"inLanguage":"tr","potentialAction":[{"@type":"ReadAction","target":["https:\/\/narteks.net\/index.php\/2011\/03\/10\/alman-ideolojisi-feuerbach-onsoz-marks-engels\/"]}]},{"@type":"ImageObject","inLanguage":"tr","@id":"https:\/\/narteks.net\/index.php\/2011\/03\/10\/alman-ideolojisi-feuerbach-onsoz-marks-engels\/#primaryimage","url":"http:\/\/www.ortakyasam.org\/hermes\/bosweb\/web008\/images\/image\/marx_engels.jpg","contentUrl":"http:\/\/www.ortakyasam.org\/hermes\/bosweb\/web008\/images\/image\/marx_engels.jpg"},{"@type":"BreadcrumbList","@id":"https:\/\/narteks.net\/index.php\/2011\/03\/10\/alman-ideolojisi-feuerbach-onsoz-marks-engels\/#breadcrumb","itemListElement":[{"@type":"ListItem","position":1,"name":"Anasayfa","item":"https:\/\/narteks.net\/"},{"@type":"ListItem","position":2,"name":"Alman \u0130deolojisi ( Feuerbach) | \u00d6ns\u00f6z &#8211; Marks &#8211; Engels"}]},{"@type":"WebSite","@id":"https:\/\/narteks.net\/#website","url":"https:\/\/narteks.net\/","name":"narteks.net","description":"K\u00fclt\u00fcr Sanat Edebiyat Felsefe","publisher":{"@id":"https:\/\/narteks.net\/#organization"},"alternateName":"K\u00fclt\u00fcr Sanat Edebiyat Felsefe","potentialAction":[{"@type":"SearchAction","target":{"@type":"EntryPoint","urlTemplate":"https:\/\/narteks.net\/?s={search_term_string}"},"query-input":{"@type":"PropertyValueSpecification","valueRequired":true,"valueName":"search_term_string"}}],"inLanguage":"tr"},{"@type":"Organization","@id":"https:\/\/narteks.net\/#organization","name":"narteks.net","url":"https:\/\/narteks.net\/","logo":{"@type":"ImageObject","inLanguage":"tr","@id":"https:\/\/narteks.net\/#\/schema\/logo\/image\/","url":"https:\/\/narteks.net\/wp-content\/uploads\/narteks.png","contentUrl":"https:\/\/narteks.net\/wp-content\/uploads\/narteks.png","width":300,"height":90,"caption":"narteks.net"},"image":{"@id":"https:\/\/narteks.net\/#\/schema\/logo\/image\/"},"sameAs":["https:\/\/x.com\/narteks","https:\/\/instagram.com\/narteksnet"]},{"@type":"Person","@id":"https:\/\/narteks.net\/#\/schema\/person\/61f37d9834294b72d31d274e7ed79bca","name":"Tar\u0131k","image":{"@type":"ImageObject","inLanguage":"tr","@id":"https:\/\/narteks.net\/#\/schema\/person\/image\/","url":"https:\/\/secure.gravatar.com\/avatar\/50865afb55632c4ae467e0af0930f6510aa2297d8014be502a55b14f3b7550cf?s=96&d=mm&r=g","contentUrl":"https:\/\/secure.gravatar.com\/avatar\/50865afb55632c4ae467e0af0930f6510aa2297d8014be502a55b14f3b7550cf?s=96&d=mm&r=g","caption":"Tar\u0131k"},"sameAs":["http:\/\/narteks.net"],"url":"https:\/\/narteks.net\/index.php\/author\/narbak\/"}]}},"_links":{"self":[{"href":"https:\/\/narteks.net\/index.php\/wp-json\/wp\/v2\/posts\/5863","targetHints":{"allow":["GET"]}}],"collection":[{"href":"https:\/\/narteks.net\/index.php\/wp-json\/wp\/v2\/posts"}],"about":[{"href":"https:\/\/narteks.net\/index.php\/wp-json\/wp\/v2\/types\/post"}],"author":[{"embeddable":true,"href":"https:\/\/narteks.net\/index.php\/wp-json\/wp\/v2\/users\/1"}],"replies":[{"embeddable":true,"href":"https:\/\/narteks.net\/index.php\/wp-json\/wp\/v2\/comments?post=5863"}],"version-history":[{"count":0,"href":"https:\/\/narteks.net\/index.php\/wp-json\/wp\/v2\/posts\/5863\/revisions"}],"wp:attachment":[{"href":"https:\/\/narteks.net\/index.php\/wp-json\/wp\/v2\/media?parent=5863"}],"wp:term":[{"taxonomy":"category","embeddable":true,"href":"https:\/\/narteks.net\/index.php\/wp-json\/wp\/v2\/categories?post=5863"},{"taxonomy":"post_tag","embeddable":true,"href":"https:\/\/narteks.net\/index.php\/wp-json\/wp\/v2\/tags?post=5863"}],"curies":[{"name":"wp","href":"https:\/\/api.w.org\/{rel}","templated":true}]}}