{"id":5866,"date":"2011-03-10T20:21:56","date_gmt":"2011-03-10T17:21:56","guid":{"rendered":"http:\/\/localhost\/wordpress\/2011\/03\/10\/alman-ideolojisi-feuerbach-ucuncu-bolum-marks-engels\/"},"modified":"2011-03-10T20:21:56","modified_gmt":"2011-03-10T17:21:56","slug":"alman-ideolojisi-feuerbach-ucuncu-bolum-marks-engels","status":"publish","type":"post","link":"https:\/\/narteks.net\/index.php\/2011\/03\/10\/alman-ideolojisi-feuerbach-ucuncu-bolum-marks-engels\/","title":{"rendered":"Alman \u0130deolojisi ( Feuerbach) | \u00dc\u00e7\u00fcnc\u00fc B\u00f6l\u00fcm &#8211; Marks &#8211; Engels"},"content":{"rendered":"<p style=\"text-align: justify;\"><img loading=\"lazy\" decoding=\"async\" src=\"http:\/\/www.ortakyasam.org\/hermes\/bosweb\/web008\/images\/image\/marx_engels.jpg\" border=\"0\" width=\"155\" height=\"205\" style=\"float: left;\" \/>[III]<\/p>\n<p>[I. EGEMEN SINIF VE EGEMEN B\u0130L\u0130N\u00c7.HEGEL&#8217;\u0130N TAR\u0130HTE T\u0130N&#8217;\u0130N EGEMENL\u0130\u011e\u0130 ANLAYI\u015eININ OLU\u015eUMU]<\/p>\n<p> [30] Egemen s\u0131n\u0131f\u0131n d\u00fc\u015f\u00fcnceleri, b\u00fct\u00fcn \u00e7a\u011flarda, egemen d\u00fc\u015f\u00fcncelerdir, ba\u015fka bir deyi\u015fle, toplumun egemen maddi g\u00fcc\u00fc olan s\u0131n\u0131f, ayn\u0131 zamanda egemen zihinsel g\u00fc\u00e7t\u00fcr. Maddi \u00fcretim ara\u00e7lar\u0131n\u0131 elinde bulunduran s\u0131n\u0131f, ayn\u0131 zamanda, zihinsel \u00fcretimin ara\u00e7lar\u0131n\u0131 da emrinde bulundurur, bunlar o kadar birbirinin i\u00e7ine girmi\u015f durumdad\u0131rlar ki, kendilerine zihinsel \u00fcretim ara\u00e7lar\u0131 verilmeyenlerin d\u00fc\u015f\u00fcnceleri de ayn\u0131 zamanda bu egemen s\u0131n\u0131fa ba\u011f\u0131ml\u0131d\u0131r. Egemen d\u00fc\u015f\u00fcnceler, egemen maddi ili\u015fkilerin fikirsel ifadesinden ba\u015fka bir \u015fey de\u011fildir, egemen d\u00fc\u015f\u00fcnceler, fikirler bi\u00e7iminde kavranan maddi, egemen ili\u015fkilerdir, \u015fu halde bir s\u0131n\u0131f\u0131 egemen s\u0131n\u0131f yapan ili\u015fkilerin ifadesidirler; ba\u015fka bir deyi\u015fle, bu d\u00fc\u015f\u00fcnceler, onun egemenli\u011finin fikirleridirler. Egemen s\u0131n\u0131f\u0131 meydana getiren bireyler, ba\u015fka \u015feyler yan\u0131nda, bir bilince de sahiptirler ve sonu\u00e7 olarak d\u00fc\u015f\u00fcn\u00fcrler; bu bireyler, bir s\u0131n\u0131f olarak egemen olduk\u00e7a ve tarihsel \u00e7a\u011f\u0131 b\u00fct\u00fcn geni\u015fli\u011fince belirledik\u00e7e, elbette ki, bu bireyler s\u0131n\u0131flar\u0131n\u0131n b\u00fct\u00fcn geni\u015fli\u011fince egemendirler ve \u00f6teki \u015feyler bak\u0131m\u0131ndan oldu\u011fu kadar, d\u00fc\u015f\u00fcn\u00fcrler, fikir \u00fcreticileri olarak da egemendirler ve kendi \u00e7a\u011flar\u0131n\u0131n d\u00fc\u015f\u00fcncelerinin \u00fcretimi ve da\u011f\u0131t\u0131m\u0131n\u0131 d\u00fczenlerler; o halde onlar\u0131n d\u00fc\u015f\u00fcnceleri, \u00e7a\u011flar\u0131n\u0131n egemen d\u00fc\u015f\u00fcnceleridir. \u00d6rne\u011fin kraliyetin, aristokrasinin ve burjuvazinin iktidar i\u00e7in \u00e7eki\u015ftikleri ve dolay\u0131s\u0131yla iktidar\u0131n payla\u015f\u0131lm\u0131\u015f oldu\u011fu bir devirdeki bir \u00fclkede, kuvvetlerin ayr\u0131m\u0131 \u00f6\u011fretisinin art\u0131k &#8220;ebedi yasa&#8221; oldu\u011fu \u00f6ne s\u00fcr\u00fclen egemen \u00f6\u011freti oldu\u011fu g\u00f6r\u00fcl\u00fcr.<br \/> \u015eimdiye de\u011fin tarihin ba\u015fl\u0131ca g\u00fc\u00e7lerinden birisi olarak yukar\u0131da [s. 15-18] g\u00f6rm\u00fc\u015f oldu\u011fumuz i\u015fb\u00f6l\u00fcm\u00fc, egemen (sayfa 70) s\u0131n\u0131fta, zihinsel ve fiziksel eme\u011fin [31] b\u00f6l\u00fcnmesi olarak kendini g\u00f6sterir. B\u00f6ylece, bu s\u0131n\u0131f i\u00e7ersinden, bir kesim, s\u0131n\u0131f\u0131n d\u00fc\u015f\u00fcn\u00fcrleri olarak (s\u0131n\u0131f\u0131n kendi hakk\u0131ndaki yan\u0131lsamalar\u0131n olu\u015fumunu kendi ba\u015fl\u0131ca ge\u00e7im kaynaklar\u0131 haline getiren faal ve kuramsal ideologlar\u0131 olarak) ortaya \u00e7\u0131karlarken, di\u011ferleri, ger\u00e7ekte bu s\u0131n\u0131f\u0131n faal \u00fcyeleri olduklar\u0131 halde kendileri hakk\u0131nda hayal ve d\u00fc\u015f\u00fcnceler yaratmaya daha az zamanlar\u0131 olmas\u0131 nedeniyle, bu d\u00fc\u015f\u00fcnce ve yan\u0131lsamalara kar\u015f\u0131 tutumlar\u0131 daha pasif ve kabullenicidir. Bu s\u0131n\u0131f i\u00e7indeki bu ayr\u0131l\u0131k, iki taraf aras\u0131nda belli bir kar\u015f\u0131tl\u0131\u011fa ve d\u00fc\u015fmanl\u0131\u011fa da d\u00f6n\u00fc\u015febilir, ama s\u0131n\u0131f\u0131n kendi varl\u0131\u011f\u0131n\u0131 tehdit eden pratik bir \u00e7at\u0131\u015fma durumunda, bu durum kendili\u011finden ortadan kalkar, ve egemen d\u00fc\u015f\u00fcncelerin egemen s\u0131n\u0131f\u0131n d\u00fc\u015f\u00fcnceleri olmad\u0131klar\u0131 ve bu s\u0131n\u0131f\u0131n g\u00fcc\u00fcnden ayr\u0131 bir g\u00fcce sahip bulunduklar\u0131 yolundaki g\u00f6r\u00fcnt\u00fc de u\u00e7up gider. Belirli bir \u00e7a\u011fda devrimci fikirlerin varl\u0131\u011f\u0131, devrimci bir s\u0131n\u0131f\u0131n varl\u0131\u011f\u0131n\u0131 \u00f6ng\u00f6r\u00fcr, bu \u00f6nc\u00fcllerin neler olduklar\u0131 konusunda gerekli \u015feyleri yukar\u0131da s\u00f6ylemi\u015ftik. ([s. 18-19, 22-23]).<br \/> Tarihin ak\u0131\u015f\u0131n\u0131 ele al\u0131rken, egemen s\u0131n\u0131f\u0131n fikirlerinin, bu egemen s\u0131n\u0131f\u0131n kendisinden ayr\u0131 olduklar\u0131n\u0131 ve bu fikirlerin ba\u011f\u0131ms\u0131z bir varl\u0131\u011fa sahip olduklar\u0131n\u0131 varsayal\u0131m. Diyelim ki, bu fikirlerin ne \u00fcretim ko\u015fullar\u0131na, ne de \u00fcreticilerine ald\u0131rmaks\u0131z\u0131n, \u015fu halde, bunlar\u0131n temelinde mevcut olan bireyler ve d\u00fcnya ko\u015fullar\u0131 bir yana b\u0131rak\u0131larak, \u015fu ya da bu fikirlerin falan \u00e7a\u011fa egemen oldu\u011fu olgusuyla yetinilsin. O zaman s\u00f6zgelimi, denilebilecektir ki, aristokrasinin egemen oldu\u011fu zamanlar, namus, onur, ba\u011fl\u0131l\u0131k vb. kavramlar\u0131 egemendi ve burjuvazinin egemen oldu\u011fu zamanlar \u00f6zg\u00fcrl\u00fck, e\u015fitlik vb. kavramlar\u0131 egemendi.[58] Bu, b\u00fct\u00fcn\u00fcyle egemen s\u0131n\u0131f\u0131n kendisinin inand\u0131\u011f\u0131 \u015feydir. \u00d6zellikle, 18. y\u00fczy\u0131ldan beri b\u00fct\u00fcn tarih\u00e7ilerde ortak, olan bu tarih anlay\u0131\u015f\u0131, zorunlu olarak [32] egemen olan d\u00fc\u015f\u00fcncelerin gitgide daha soyut olaca\u011f\u0131, yani bu fikirlerin gittik\u00e7e evrensellik bi\u00e7imine b\u00fcr\u00fcnece\u011fi (sayfa 71) ger\u00e7e\u011fine \u00e7arpacakt\u0131r. Ger\u00e7ekten, kendisinden \u00f6nce egemen olan s\u0131n\u0131f\u0131n yerini alan her yeni s\u0131n\u0131f, kendi ama\u00e7lar\u0131na ula\u015fmak i\u00e7in de olsa, kendi \u00e7\u0131kar\u0131n\u0131, toplumun b\u00fct\u00fcn \u00fcyelerinin ortak \u00e7\u0131kan olarak g\u00f6stermek zorundad\u0131r, ya da \u015feyleri fikir plan\u0131nda a\u00e7\u0131klamak istersek: bu s\u0131n\u0131f, kendi d\u00fc\u015f\u00fcncelerine evrensellik bi\u00e7imi vermek ve onlar\u0131, tek mant\u0131kl\u0131, evrensel olarak ge\u00e7erli d\u00fc\u015f\u00fcnceler olarak g\u00f6stermek zorundad\u0131r. Bir s\u0131n\u0131fa kar\u015f\u0131 \u00e7\u0131kmas\u0131 y\u00fcz\u00fcnden, s\u0131rf bu y\u00fczden devrimci s\u0131n\u0131f, kendisini, bir s\u0131n\u0131f olarak de\u011fil de, hemen b\u00fct\u00fcn toplumun temsilcisi olarak sunar, tek egemen s\u0131n\u0131f\u0131n kar\u015f\u0131s\u0131nda toplumun t\u00fcm kitlesi olarak g\u00f6r\u00fcn\u00fcr.[59] Bu, onun i\u00e7in olanakl\u0131d\u0131r, \u00e7\u00fcnk\u00fc ba\u015flang\u0131\u00e7ta, onun \u00e7\u0131kan ger\u00e7ekten de egemen olmayan b\u00fct\u00fcn \u00f6teki s\u0131n\u0131flar\u0131n ortak \u00e7\u0131karlar\u0131na h\u00e2l\u00e2 s\u0131k\u0131 s\u0131k\u0131ya ba\u011fl\u0131d\u0131r, ve \u00e7\u00fcnk\u00fc, eski ko\u015fullar\u0131n bask\u0131s\u0131 alt\u0131nda bu \u00e7\u0131kar, hen\u00fcz \u00f6zel bir s\u0131n\u0131f\u0131n \u00f6zel \u00e7\u0131kar\u0131 olarak geli\u015fmemi\u015ftir. Bu y\u00fczden, bu s\u0131n\u0131f\u0131n zaferi, kendileri egemenli\u011fe ula\u015famayan \u00f6teki s\u0131n\u0131flar\u0131n pek \u00e7ok bireyi i\u00e7in de yararl\u0131d\u0131r; ancak, bu bireyleri egemen s\u0131n\u0131fa \u00e7\u0131kabilecek duruma getirdi\u011fi \u00f6l\u00e7\u00fcde, yaln\u0131z bu \u00f6l\u00e7\u00fcde yararl\u0131d\u0131r. Frans\u0131z burjuvazisi, aristokrasinin egemenli\u011fini devirdi\u011fi zaman, bununla, bir\u00e7ok proletere de, proletaryadan daha y\u00fckse\u011fe \u00e7\u0131kma olana\u011f\u0131n\u0131 verdi, ama yaln\u0131z \u015fu anlamda ki, onlar\u0131n kendileri de burjuva oldular. Her yeni s\u0131n\u0131f, demek ki, kendi egemenli\u011fini daha \u00f6nce egemen olan s\u0131n\u0131ftan ancak daha geni\u015f bir temel \u00fczerine oturtur, ama kar\u015f\u0131l\u0131\u011f\u0131nda bundan b\u00f6yle egemen olan s\u0131n\u0131fla egemen olmayan s\u0131n\u0131flar aras\u0131ndaki kar\u015f\u0131tl\u0131k, sonradan hem derinli\u011fine ve hem keskinli\u011fine b\u00fcy\u00fcmekten ba\u015fka bir \u015fey yapamaz. Bundan \u00e7\u0131kan sonu\u00e7 \u015fudur: Yeni y\u00f6netici s\u0131n\u0131fa kar\u015f\u0131 y\u00fcr\u00fct\u00fclmesi s\u00f6zkonusu olan sava\u015f\u0131n, bu kez, egemenli\u011fi ele ge\u00e7irmi\u015f olan daha \u00f6nceki b\u00fct\u00fcn s\u0131n\u0131flar\u0131n yapabildiklerinden daha kesin ve daha k\u00f6kl\u00fc bir bi\u00e7imde eski toplumsal ko\u015fullar\u0131 [33] y\u0131kmak gibi bir amac\u0131 vard\u0131r.<br \/> Genel olarak s\u0131n\u0131f egemenli\u011fi, toplumsal rejimin bi\u00e7imi olmaktan \u00e7\u0131kt\u0131\u011f\u0131 anda, yani \u00f6zel bir \u00e7\u0131kar\u0131 genel bir \u00e7\u0131kar olarak ya da &#8220;evrensel&#8221;i egemen olarak g\u00f6stermek art\u0131k (sayfa 72) zorunlu olmad\u0131\u011f\u0131 anda, belirli bir s\u0131n\u0131f\u0131n egemenli\u011finin yaln\u0131z ve yaln\u0131z baz\u0131 fikirlerin egemenli\u011fi oldu\u011funa inanmaktan ibaret olan b\u00fct\u00fcn yan\u0131lsama da, do\u011fald\u0131r ki, kendili\u011finden son bulur.[60] Egemen fikirler, bir kere, egemenli\u011fi y\u00fcr\u00fcten bireylerden ve \u00f6zellikle \u00fcretim tarz\u0131n\u0131n belli bir evresinden ileri gelen ili\u015fkilerden ayr\u0131ld\u0131lar m\u0131, art\u0131k tarih i\u00e7inde, hep fikirlerin egemen oldu\u011fu sonucuna var\u0131l\u0131r; bu \u00e7e\u015fitli fikirlerden &#8220;Fikir&#8221;i, yani en \u00fcst\u00fcn derecede vb. fikri, ve b\u00f6yle olunca da, onu tarihte egemen olan \u00f6\u011fe olarak yal\u0131tmak ve onun arac\u0131l\u0131\u011f\u0131yla b\u00fct\u00fcn bu fikirleri ve kavramlar\u0131 tarih boyunca geli\u015fen kavram\u0131n &#8220;kendi kendini belirlemesi&#8221; gibi kavramak \u00e7ok kolay olur. Bundan sonra, gene, b\u00fct\u00fcn insan ili\u015fkilerini, insan kavram\u0131ndan, tasar\u0131mlanm\u0131\u015f insandan, insan\u0131n \u00f6z\u00fcnden, k\u0131sacas\u0131 insandan t\u00fcrettirmek do\u011fal bir \u015feydir. Kurgul felsefenin yapt\u0131\u011f\u0131 da budur. Hegel&#8217;in kendisi de Tarih Felsefesi&#8217;nin sonunda, &#8220;yaln\u0131z Kavram\u0131n ilerleyi\u015fini inceledi\u011fi&#8221;ni ve tarihte &#8220;ger\u00e7ek Theodizee&#8221;yi [ilm-i ilahi. -\u00e7.] ortaya koymu\u015f oldu\u011funu itiraf ediyor (s. 446). Ve \u015fimdi, sonunda filozoflar\u0131n, filozoflar olarak her zaman tarihte egemen olmu\u015f olduklar\u0131 sonucuna yani, g\u00f6rd\u00fc\u011f\u00fcm\u00fcz gibi, Hegel&#8217;in[31*] zaten ifade etmi\u015f oldu\u011fu bir sonuca varmak \u00fczere yeniden, &#8220;Kavram\u0131n&#8221; \u00fcreticilerine, teorisyenlere, ideologlara ve filozoflara d\u00f6n\u00fclebilir. Ger\u00e7ekte, tarihte Tinin egemen oldu\u011funu (Stirner&#8217;e g\u00f6re hiyerar\u015fiye bak\u0131n\u0131z) ortaya koymaktan ibaret olan cambazl\u0131k \u015fu a\u015fa\u011f\u0131daki \u00fc\u00e7 \u00e7abaya indirgenir:<br \/> [34] l\u00b0 Fikirleri, ampirik nedenlerle maddi bireyler olarak ve bizzat bu insanlar\u0131n ampirik ko\u015fullar i\u00e7inde, egemen olan insanlardan, bu insanlar\u0131n kendilerinden ay\u0131rmak ve sonu\u00e7 olarak tarihe egemen olanlar\u0131n fikirler ya da yan\u0131lsamalar oldu\u011funu kabul etmek.<br \/> 2\u00b0 Fikirlerin bu egemenli\u011fine, bir d\u00fczen getirmek, birbirini izleyen egemen fikirler aras\u0131na mistik bir ba\u011f koymak gerekir, ve buna, fikirleri &#8220;kavram\u0131n kendi kendini belirlemeleri&#8221; olarak kavramakla ula\u015f\u0131l\u0131r. (Bu, d\u00fc\u015f\u00fcncelerin kendi ampirik temelleriyle birbirlerine ger\u00e7ekten ba\u011fl\u0131 bulunmas\u0131 olgusu, bu ikinci i\u015fi olanakl\u0131 k\u0131lar; bundan ba\u015fka, an ve (sayfa 73) yal\u0131n d\u00fc\u015f\u00fcnceler olarak anla\u015f\u0131ld\u0131klar\u0131ndan, bu d\u00fc\u015f\u00fcnceler, kendinden farkl\u0131la\u015fmalar haline, bizzat d\u00fc\u015f\u00fcnce \u00fcreten ayr\u0131mlar haline gelirler.)<br \/> 3\u00b0 Bu &#8220;kendini belirleyen kavram&#8221;\u0131, mistik g\u00f6r\u00fcn\u00fcm\u00fcnden soymak i\u00e7in, o, bir ki\u015fi &#8220;\u00f6z-bilin\u00e7&#8221; haline d\u00f6n\u00fc\u015ft\u00fcr\u00fcl\u00fcr, ya da b\u00fcsb\u00fct\u00fcn materyalist g\u00f6r\u00fcnmek i\u00e7in, ondan tarihte &#8220;Kavram&#8221;\u0131 temsil eden, yani kendileri de tarih yap\u0131mc\u0131lar\u0131 olarak, &#8220;gardiyanlar komitesi&#8221; olarak, egemenler olarak, &#8220;d\u00fc\u015f\u00fcn\u00fcrler&#8221;i, &#8220;filozoflar&#8221;\u0131, ideologlar\u0131 temsil eden bir ki\u015filer dizisi yarat\u0131l\u0131r.[61] Bir \u00e7\u0131rp\u0131da tarihin b\u00fct\u00fcn materyalist \u00f6\u011feleri \u00e7\u0131kar\u0131l\u0131p at\u0131ld\u0131 ve b\u00f6ylece art\u0131k kurgu alan\u0131nda rahat\u00e7a doludizgin at ko\u015fturulabilir.<br \/> Almanya&#8217;da egemen olan bu tarih y\u00f6ntemi, ve \u00f6zellikle bunun nedeni, bu y\u00f6ntemin genel olarak ideologlar\u0131n yan\u0131lsamalar\u0131yla, \u00f6rne\u011fin hukuk\u00e7ular\u0131n, politikac\u0131lar\u0131n (ayr\u0131ca bunlar aras\u0131nda bulunan i\u015f ba\u015f\u0131ndaki devlet adamlar\u0131n\u0131n) yan\u0131lsamalar\u0131yla olan ba\u011f\u0131nt\u0131s\u0131ndan ve bir de, bu adamlar\u0131n dogmatik d\u00fc\u015flerinden,ve acayip fikirlerinden hareketle a\u00e7\u0131klanmas\u0131 gerekir; bu onlar\u0131n ya\u015fam i\u00e7indeki pratik konumlar\u0131ndan, mesleklerinden ve i\u015fb\u00f6l\u00fcm\u00fcnden hareket edilerek kolayca a\u00e7\u0131klanabilir.<br \/> [35] G\u00fcndelik ya\u015famda, herhangi bir shopkeeper [d\u00fckkanc\u0131. -\u00e7.], bir kimsenin oldu\u011funu iddia etti\u011fi ile ger\u00e7ekten oldu\u011fu aras\u0131nda ayr\u0131m yapmas\u0131n\u0131 \u00e7ok iyi bilir; ama bizim tarihimiz hen\u00fcz bu basit bilgiye ula\u015famam\u0131\u015ft\u0131r. Bizim tarihimiz, her \u00e7a\u011f i\u00e7in o \u00e7a\u011f\u0131n kendisi hakk\u0131nda s\u00f6ylediklerine ve besledi\u011fi kuruntulara hemen inan\u0131r.<\/p>\n","protected":false},"excerpt":{"rendered":"<p>[III] [I. EGEMEN SINIF VE EGEMEN B\u0130L\u0130N\u00c7.HEGEL&#8217;\u0130N TAR\u0130HTE T\u0130N&#8217;\u0130N EGEMENL\u0130\u011e\u0130 ANLAYI\u015eININ OLU\u015eUMU] [30] Egemen s\u0131n\u0131f\u0131n d\u00fc\u015f\u00fcnceleri, b\u00fct\u00fcn \u00e7a\u011flarda, egemen d\u00fc\u015f\u00fcncelerdir, ba\u015fka bir deyi\u015fle, toplumun egemen maddi g\u00fcc\u00fc olan s\u0131n\u0131f, ayn\u0131 zamanda egemen zihinsel g\u00fc\u00e7t\u00fcr. Maddi \u00fcretim ara\u00e7lar\u0131n\u0131 elinde bulunduran s\u0131n\u0131f, ayn\u0131 zamanda, zihinsel \u00fcretimin ara\u00e7lar\u0131n\u0131 da emrinde bulundurur, bunlar o kadar birbirinin i\u00e7ine girmi\u015f durumdad\u0131rlar [&hellip;]<\/p>\n","protected":false},"author":1,"featured_media":0,"comment_status":"open","ping_status":"open","sticky":false,"template":"","format":"standard","meta":{"footnotes":""},"categories":[183],"tags":[],"class_list":{"0":"post-5866","1":"post","2":"type-post","3":"status-publish","4":"format-standard","6":"category-marks-engels-alman-ideolojisi"},"yoast_head":"<!-- This site is optimized with the Yoast SEO Premium plugin v24.9 (Yoast SEO v24.9) - https:\/\/yoast.com\/wordpress\/plugins\/seo\/ -->\n<title>Alman \u0130deolojisi ( Feuerbach) | \u00dc\u00e7\u00fcnc\u00fc B\u00f6l\u00fcm - Marks - Engels - narteks.net<\/title>\n<meta name=\"robots\" content=\"index, follow, max-snippet:-1, max-image-preview:large, max-video-preview:-1\" \/>\n<link rel=\"canonical\" href=\"https:\/\/narteks.net\/index.php\/2011\/03\/10\/alman-ideolojisi-feuerbach-ucuncu-bolum-marks-engels\/\" \/>\n<meta property=\"og:locale\" content=\"tr_TR\" \/>\n<meta property=\"og:type\" content=\"article\" \/>\n<meta property=\"og:title\" content=\"Alman \u0130deolojisi ( Feuerbach) | \u00dc\u00e7\u00fcnc\u00fc B\u00f6l\u00fcm - Marks - Engels\" \/>\n<meta property=\"og:description\" content=\"[III] [I. EGEMEN SINIF VE EGEMEN B\u0130L\u0130N\u00c7.HEGEL&#8217;\u0130N TAR\u0130HTE T\u0130N&#8217;\u0130N EGEMENL\u0130\u011e\u0130 ANLAYI\u015eININ OLU\u015eUMU] [30] Egemen s\u0131n\u0131f\u0131n d\u00fc\u015f\u00fcnceleri, b\u00fct\u00fcn \u00e7a\u011flarda, egemen d\u00fc\u015f\u00fcncelerdir, ba\u015fka bir deyi\u015fle, toplumun egemen maddi g\u00fcc\u00fc olan s\u0131n\u0131f, ayn\u0131 zamanda egemen zihinsel g\u00fc\u00e7t\u00fcr. Maddi \u00fcretim ara\u00e7lar\u0131n\u0131 elinde bulunduran s\u0131n\u0131f, ayn\u0131 zamanda, zihinsel \u00fcretimin ara\u00e7lar\u0131n\u0131 da emrinde bulundurur, bunlar o kadar birbirinin i\u00e7ine girmi\u015f durumdad\u0131rlar [&hellip;]\" \/>\n<meta property=\"og:url\" content=\"https:\/\/narteks.net\/index.php\/2011\/03\/10\/alman-ideolojisi-feuerbach-ucuncu-bolum-marks-engels\/\" \/>\n<meta property=\"og:site_name\" content=\"narteks.net\" \/>\n<meta property=\"article:published_time\" content=\"2011-03-10T17:21:56+00:00\" \/>\n<meta property=\"og:image\" content=\"http:\/\/www.ortakyasam.org\/hermes\/bosweb\/web008\/images\/image\/marx_engels.jpg\" \/>\n<meta name=\"author\" content=\"Tar\u0131k\" \/>\n<meta name=\"twitter:card\" content=\"summary_large_image\" \/>\n<meta name=\"twitter:creator\" content=\"@narteks\" \/>\n<meta name=\"twitter:site\" content=\"@narteks\" \/>\n<meta name=\"twitter:label1\" content=\"Yazan:\" \/>\n\t<meta name=\"twitter:data1\" content=\"Tar\u0131k\" \/>\n\t<meta name=\"twitter:label2\" content=\"Tahmini okuma s\u00fcresi\" \/>\n\t<meta name=\"twitter:data2\" content=\"9 dakika\" \/>\n<script type=\"application\/ld+json\" class=\"yoast-schema-graph\">{\"@context\":\"https:\/\/schema.org\",\"@graph\":[{\"@type\":\"Article\",\"@id\":\"https:\/\/narteks.net\/index.php\/2011\/03\/10\/alman-ideolojisi-feuerbach-ucuncu-bolum-marks-engels\/#article\",\"isPartOf\":{\"@id\":\"https:\/\/narteks.net\/index.php\/2011\/03\/10\/alman-ideolojisi-feuerbach-ucuncu-bolum-marks-engels\/\"},\"author\":{\"name\":\"Tar\u0131k\",\"@id\":\"https:\/\/narteks.net\/#\/schema\/person\/61f37d9834294b72d31d274e7ed79bca\"},\"headline\":\"Alman \u0130deolojisi ( Feuerbach) | \u00dc\u00e7\u00fcnc\u00fc B\u00f6l\u00fcm &#8211; Marks &#8211; Engels\",\"datePublished\":\"2011-03-10T17:21:56+00:00\",\"mainEntityOfPage\":{\"@id\":\"https:\/\/narteks.net\/index.php\/2011\/03\/10\/alman-ideolojisi-feuerbach-ucuncu-bolum-marks-engels\/\"},\"wordCount\":1810,\"commentCount\":0,\"publisher\":{\"@id\":\"https:\/\/narteks.net\/#organization\"},\"image\":{\"@id\":\"https:\/\/narteks.net\/index.php\/2011\/03\/10\/alman-ideolojisi-feuerbach-ucuncu-bolum-marks-engels\/#primaryimage\"},\"thumbnailUrl\":\"http:\/\/www.ortakyasam.org\/hermes\/bosweb\/web008\/images\/image\/marx_engels.jpg\",\"articleSection\":[\"Alman \u0130deolojisi - Marx - Engels\"],\"inLanguage\":\"tr\",\"potentialAction\":[{\"@type\":\"CommentAction\",\"name\":\"Comment\",\"target\":[\"https:\/\/narteks.net\/index.php\/2011\/03\/10\/alman-ideolojisi-feuerbach-ucuncu-bolum-marks-engels\/#respond\"]}]},{\"@type\":\"WebPage\",\"@id\":\"https:\/\/narteks.net\/index.php\/2011\/03\/10\/alman-ideolojisi-feuerbach-ucuncu-bolum-marks-engels\/\",\"url\":\"https:\/\/narteks.net\/index.php\/2011\/03\/10\/alman-ideolojisi-feuerbach-ucuncu-bolum-marks-engels\/\",\"name\":\"Alman \u0130deolojisi ( Feuerbach) | \u00dc\u00e7\u00fcnc\u00fc B\u00f6l\u00fcm - Marks - Engels - narteks.net\",\"isPartOf\":{\"@id\":\"https:\/\/narteks.net\/#website\"},\"primaryImageOfPage\":{\"@id\":\"https:\/\/narteks.net\/index.php\/2011\/03\/10\/alman-ideolojisi-feuerbach-ucuncu-bolum-marks-engels\/#primaryimage\"},\"image\":{\"@id\":\"https:\/\/narteks.net\/index.php\/2011\/03\/10\/alman-ideolojisi-feuerbach-ucuncu-bolum-marks-engels\/#primaryimage\"},\"thumbnailUrl\":\"http:\/\/www.ortakyasam.org\/hermes\/bosweb\/web008\/images\/image\/marx_engels.jpg\",\"datePublished\":\"2011-03-10T17:21:56+00:00\",\"breadcrumb\":{\"@id\":\"https:\/\/narteks.net\/index.php\/2011\/03\/10\/alman-ideolojisi-feuerbach-ucuncu-bolum-marks-engels\/#breadcrumb\"},\"inLanguage\":\"tr\",\"potentialAction\":[{\"@type\":\"ReadAction\",\"target\":[\"https:\/\/narteks.net\/index.php\/2011\/03\/10\/alman-ideolojisi-feuerbach-ucuncu-bolum-marks-engels\/\"]}]},{\"@type\":\"ImageObject\",\"inLanguage\":\"tr\",\"@id\":\"https:\/\/narteks.net\/index.php\/2011\/03\/10\/alman-ideolojisi-feuerbach-ucuncu-bolum-marks-engels\/#primaryimage\",\"url\":\"http:\/\/www.ortakyasam.org\/hermes\/bosweb\/web008\/images\/image\/marx_engels.jpg\",\"contentUrl\":\"http:\/\/www.ortakyasam.org\/hermes\/bosweb\/web008\/images\/image\/marx_engels.jpg\"},{\"@type\":\"BreadcrumbList\",\"@id\":\"https:\/\/narteks.net\/index.php\/2011\/03\/10\/alman-ideolojisi-feuerbach-ucuncu-bolum-marks-engels\/#breadcrumb\",\"itemListElement\":[{\"@type\":\"ListItem\",\"position\":1,\"name\":\"Anasayfa\",\"item\":\"https:\/\/narteks.net\/\"},{\"@type\":\"ListItem\",\"position\":2,\"name\":\"Alman \u0130deolojisi ( Feuerbach) | \u00dc\u00e7\u00fcnc\u00fc B\u00f6l\u00fcm &#8211; Marks &#8211; Engels\"}]},{\"@type\":\"WebSite\",\"@id\":\"https:\/\/narteks.net\/#website\",\"url\":\"https:\/\/narteks.net\/\",\"name\":\"narteks.net\",\"description\":\"K\u00fclt\u00fcr Sanat Edebiyat Felsefe\",\"publisher\":{\"@id\":\"https:\/\/narteks.net\/#organization\"},\"alternateName\":\"K\u00fclt\u00fcr Sanat Edebiyat Felsefe\",\"potentialAction\":[{\"@type\":\"SearchAction\",\"target\":{\"@type\":\"EntryPoint\",\"urlTemplate\":\"https:\/\/narteks.net\/?s={search_term_string}\"},\"query-input\":{\"@type\":\"PropertyValueSpecification\",\"valueRequired\":true,\"valueName\":\"search_term_string\"}}],\"inLanguage\":\"tr\"},{\"@type\":\"Organization\",\"@id\":\"https:\/\/narteks.net\/#organization\",\"name\":\"narteks.net\",\"url\":\"https:\/\/narteks.net\/\",\"logo\":{\"@type\":\"ImageObject\",\"inLanguage\":\"tr\",\"@id\":\"https:\/\/narteks.net\/#\/schema\/logo\/image\/\",\"url\":\"https:\/\/narteks.net\/wp-content\/uploads\/narteks.png\",\"contentUrl\":\"https:\/\/narteks.net\/wp-content\/uploads\/narteks.png\",\"width\":300,\"height\":90,\"caption\":\"narteks.net\"},\"image\":{\"@id\":\"https:\/\/narteks.net\/#\/schema\/logo\/image\/\"},\"sameAs\":[\"https:\/\/x.com\/narteks\",\"https:\/\/instagram.com\/narteksnet\"]},{\"@type\":\"Person\",\"@id\":\"https:\/\/narteks.net\/#\/schema\/person\/61f37d9834294b72d31d274e7ed79bca\",\"name\":\"Tar\u0131k\",\"image\":{\"@type\":\"ImageObject\",\"inLanguage\":\"tr\",\"@id\":\"https:\/\/narteks.net\/#\/schema\/person\/image\/\",\"url\":\"https:\/\/secure.gravatar.com\/avatar\/50865afb55632c4ae467e0af0930f6510aa2297d8014be502a55b14f3b7550cf?s=96&d=mm&r=g\",\"contentUrl\":\"https:\/\/secure.gravatar.com\/avatar\/50865afb55632c4ae467e0af0930f6510aa2297d8014be502a55b14f3b7550cf?s=96&d=mm&r=g\",\"caption\":\"Tar\u0131k\"},\"sameAs\":[\"http:\/\/narteks.net\"],\"url\":\"https:\/\/narteks.net\/index.php\/author\/narbak\/\"}]}<\/script>\n<!-- \/ Yoast SEO Premium plugin. -->","yoast_head_json":{"title":"Alman \u0130deolojisi ( Feuerbach) | \u00dc\u00e7\u00fcnc\u00fc B\u00f6l\u00fcm - Marks - Engels - narteks.net","robots":{"index":"index","follow":"follow","max-snippet":"max-snippet:-1","max-image-preview":"max-image-preview:large","max-video-preview":"max-video-preview:-1"},"canonical":"https:\/\/narteks.net\/index.php\/2011\/03\/10\/alman-ideolojisi-feuerbach-ucuncu-bolum-marks-engels\/","og_locale":"tr_TR","og_type":"article","og_title":"Alman \u0130deolojisi ( Feuerbach) | \u00dc\u00e7\u00fcnc\u00fc B\u00f6l\u00fcm - Marks - Engels","og_description":"[III] [I. EGEMEN SINIF VE EGEMEN B\u0130L\u0130N\u00c7.HEGEL&#8217;\u0130N TAR\u0130HTE T\u0130N&#8217;\u0130N EGEMENL\u0130\u011e\u0130 ANLAYI\u015eININ OLU\u015eUMU] [30] Egemen s\u0131n\u0131f\u0131n d\u00fc\u015f\u00fcnceleri, b\u00fct\u00fcn \u00e7a\u011flarda, egemen d\u00fc\u015f\u00fcncelerdir, ba\u015fka bir deyi\u015fle, toplumun egemen maddi g\u00fcc\u00fc olan s\u0131n\u0131f, ayn\u0131 zamanda egemen zihinsel g\u00fc\u00e7t\u00fcr. Maddi \u00fcretim ara\u00e7lar\u0131n\u0131 elinde bulunduran s\u0131n\u0131f, ayn\u0131 zamanda, zihinsel \u00fcretimin ara\u00e7lar\u0131n\u0131 da emrinde bulundurur, bunlar o kadar birbirinin i\u00e7ine girmi\u015f durumdad\u0131rlar [&hellip;]","og_url":"https:\/\/narteks.net\/index.php\/2011\/03\/10\/alman-ideolojisi-feuerbach-ucuncu-bolum-marks-engels\/","og_site_name":"narteks.net","article_published_time":"2011-03-10T17:21:56+00:00","og_image":[{"url":"http:\/\/www.ortakyasam.org\/hermes\/bosweb\/web008\/images\/image\/marx_engels.jpg","type":"","width":"","height":""}],"author":"Tar\u0131k","twitter_card":"summary_large_image","twitter_creator":"@narteks","twitter_site":"@narteks","twitter_misc":{"Yazan:":"Tar\u0131k","Tahmini okuma s\u00fcresi":"9 dakika"},"schema":{"@context":"https:\/\/schema.org","@graph":[{"@type":"Article","@id":"https:\/\/narteks.net\/index.php\/2011\/03\/10\/alman-ideolojisi-feuerbach-ucuncu-bolum-marks-engels\/#article","isPartOf":{"@id":"https:\/\/narteks.net\/index.php\/2011\/03\/10\/alman-ideolojisi-feuerbach-ucuncu-bolum-marks-engels\/"},"author":{"name":"Tar\u0131k","@id":"https:\/\/narteks.net\/#\/schema\/person\/61f37d9834294b72d31d274e7ed79bca"},"headline":"Alman \u0130deolojisi ( Feuerbach) | \u00dc\u00e7\u00fcnc\u00fc B\u00f6l\u00fcm &#8211; Marks &#8211; Engels","datePublished":"2011-03-10T17:21:56+00:00","mainEntityOfPage":{"@id":"https:\/\/narteks.net\/index.php\/2011\/03\/10\/alman-ideolojisi-feuerbach-ucuncu-bolum-marks-engels\/"},"wordCount":1810,"commentCount":0,"publisher":{"@id":"https:\/\/narteks.net\/#organization"},"image":{"@id":"https:\/\/narteks.net\/index.php\/2011\/03\/10\/alman-ideolojisi-feuerbach-ucuncu-bolum-marks-engels\/#primaryimage"},"thumbnailUrl":"http:\/\/www.ortakyasam.org\/hermes\/bosweb\/web008\/images\/image\/marx_engels.jpg","articleSection":["Alman \u0130deolojisi - Marx - Engels"],"inLanguage":"tr","potentialAction":[{"@type":"CommentAction","name":"Comment","target":["https:\/\/narteks.net\/index.php\/2011\/03\/10\/alman-ideolojisi-feuerbach-ucuncu-bolum-marks-engels\/#respond"]}]},{"@type":"WebPage","@id":"https:\/\/narteks.net\/index.php\/2011\/03\/10\/alman-ideolojisi-feuerbach-ucuncu-bolum-marks-engels\/","url":"https:\/\/narteks.net\/index.php\/2011\/03\/10\/alman-ideolojisi-feuerbach-ucuncu-bolum-marks-engels\/","name":"Alman \u0130deolojisi ( Feuerbach) | \u00dc\u00e7\u00fcnc\u00fc B\u00f6l\u00fcm - Marks - Engels - narteks.net","isPartOf":{"@id":"https:\/\/narteks.net\/#website"},"primaryImageOfPage":{"@id":"https:\/\/narteks.net\/index.php\/2011\/03\/10\/alman-ideolojisi-feuerbach-ucuncu-bolum-marks-engels\/#primaryimage"},"image":{"@id":"https:\/\/narteks.net\/index.php\/2011\/03\/10\/alman-ideolojisi-feuerbach-ucuncu-bolum-marks-engels\/#primaryimage"},"thumbnailUrl":"http:\/\/www.ortakyasam.org\/hermes\/bosweb\/web008\/images\/image\/marx_engels.jpg","datePublished":"2011-03-10T17:21:56+00:00","breadcrumb":{"@id":"https:\/\/narteks.net\/index.php\/2011\/03\/10\/alman-ideolojisi-feuerbach-ucuncu-bolum-marks-engels\/#breadcrumb"},"inLanguage":"tr","potentialAction":[{"@type":"ReadAction","target":["https:\/\/narteks.net\/index.php\/2011\/03\/10\/alman-ideolojisi-feuerbach-ucuncu-bolum-marks-engels\/"]}]},{"@type":"ImageObject","inLanguage":"tr","@id":"https:\/\/narteks.net\/index.php\/2011\/03\/10\/alman-ideolojisi-feuerbach-ucuncu-bolum-marks-engels\/#primaryimage","url":"http:\/\/www.ortakyasam.org\/hermes\/bosweb\/web008\/images\/image\/marx_engels.jpg","contentUrl":"http:\/\/www.ortakyasam.org\/hermes\/bosweb\/web008\/images\/image\/marx_engels.jpg"},{"@type":"BreadcrumbList","@id":"https:\/\/narteks.net\/index.php\/2011\/03\/10\/alman-ideolojisi-feuerbach-ucuncu-bolum-marks-engels\/#breadcrumb","itemListElement":[{"@type":"ListItem","position":1,"name":"Anasayfa","item":"https:\/\/narteks.net\/"},{"@type":"ListItem","position":2,"name":"Alman \u0130deolojisi ( Feuerbach) | \u00dc\u00e7\u00fcnc\u00fc B\u00f6l\u00fcm &#8211; Marks &#8211; Engels"}]},{"@type":"WebSite","@id":"https:\/\/narteks.net\/#website","url":"https:\/\/narteks.net\/","name":"narteks.net","description":"K\u00fclt\u00fcr Sanat Edebiyat Felsefe","publisher":{"@id":"https:\/\/narteks.net\/#organization"},"alternateName":"K\u00fclt\u00fcr Sanat Edebiyat Felsefe","potentialAction":[{"@type":"SearchAction","target":{"@type":"EntryPoint","urlTemplate":"https:\/\/narteks.net\/?s={search_term_string}"},"query-input":{"@type":"PropertyValueSpecification","valueRequired":true,"valueName":"search_term_string"}}],"inLanguage":"tr"},{"@type":"Organization","@id":"https:\/\/narteks.net\/#organization","name":"narteks.net","url":"https:\/\/narteks.net\/","logo":{"@type":"ImageObject","inLanguage":"tr","@id":"https:\/\/narteks.net\/#\/schema\/logo\/image\/","url":"https:\/\/narteks.net\/wp-content\/uploads\/narteks.png","contentUrl":"https:\/\/narteks.net\/wp-content\/uploads\/narteks.png","width":300,"height":90,"caption":"narteks.net"},"image":{"@id":"https:\/\/narteks.net\/#\/schema\/logo\/image\/"},"sameAs":["https:\/\/x.com\/narteks","https:\/\/instagram.com\/narteksnet"]},{"@type":"Person","@id":"https:\/\/narteks.net\/#\/schema\/person\/61f37d9834294b72d31d274e7ed79bca","name":"Tar\u0131k","image":{"@type":"ImageObject","inLanguage":"tr","@id":"https:\/\/narteks.net\/#\/schema\/person\/image\/","url":"https:\/\/secure.gravatar.com\/avatar\/50865afb55632c4ae467e0af0930f6510aa2297d8014be502a55b14f3b7550cf?s=96&d=mm&r=g","contentUrl":"https:\/\/secure.gravatar.com\/avatar\/50865afb55632c4ae467e0af0930f6510aa2297d8014be502a55b14f3b7550cf?s=96&d=mm&r=g","caption":"Tar\u0131k"},"sameAs":["http:\/\/narteks.net"],"url":"https:\/\/narteks.net\/index.php\/author\/narbak\/"}]}},"_links":{"self":[{"href":"https:\/\/narteks.net\/index.php\/wp-json\/wp\/v2\/posts\/5866","targetHints":{"allow":["GET"]}}],"collection":[{"href":"https:\/\/narteks.net\/index.php\/wp-json\/wp\/v2\/posts"}],"about":[{"href":"https:\/\/narteks.net\/index.php\/wp-json\/wp\/v2\/types\/post"}],"author":[{"embeddable":true,"href":"https:\/\/narteks.net\/index.php\/wp-json\/wp\/v2\/users\/1"}],"replies":[{"embeddable":true,"href":"https:\/\/narteks.net\/index.php\/wp-json\/wp\/v2\/comments?post=5866"}],"version-history":[{"count":0,"href":"https:\/\/narteks.net\/index.php\/wp-json\/wp\/v2\/posts\/5866\/revisions"}],"wp:attachment":[{"href":"https:\/\/narteks.net\/index.php\/wp-json\/wp\/v2\/media?parent=5866"}],"wp:term":[{"taxonomy":"category","embeddable":true,"href":"https:\/\/narteks.net\/index.php\/wp-json\/wp\/v2\/categories?post=5866"},{"taxonomy":"post_tag","embeddable":true,"href":"https:\/\/narteks.net\/index.php\/wp-json\/wp\/v2\/tags?post=5866"}],"curies":[{"name":"wp","href":"https:\/\/api.w.org\/{rel}","templated":true}]}}