{"id":5875,"date":"2011-03-10T21:03:51","date_gmt":"2011-03-10T18:03:51","guid":{"rendered":"http:\/\/localhost\/wordpress\/2011\/03\/10\/louis-bonapartein-18-brumairei-onsozler-kmarks\/"},"modified":"2011-03-10T21:03:51","modified_gmt":"2011-03-10T18:03:51","slug":"louis-bonapartein-18-brumairei-onsozler-kmarks","status":"publish","type":"post","link":"https:\/\/narteks.net\/index.php\/2011\/03\/10\/louis-bonapartein-18-brumairei-onsozler-kmarks\/","title":{"rendered":"Louis Bonaparte&#8217;\u0131n 18 Brumaire&#8217;i | \u00d6ns\u00f6zler &#8211; K.Marks"},"content":{"rendered":"<p style=\"text-align: justify;\"><img loading=\"lazy\" decoding=\"async\" src=\"http:\/\/i41.tinypic.com\/169lp5f.jpg\" border=\"0\" width=\"155\" height=\"205\" style=\"float: left;\" \/>YAZARIN ALMANCA \u0130K\u0130NC\u0130 BASKIYA \u00d6NS\u00d6Z\u00dc<br \/> Zamans\u0131z \u00f6len dostum Joseph Weydemeyer,[1*] 1 Ocak 1852&#8217;de New-York&#8217;ta haftal\u0131k siyasal bir dergi \u00e7\u0131karmaya niyetleniyordu. Bu dergi i\u00e7in benden de h\u00fck\u00fcmet darbesinin tarihini yazmam\u0131 istedi. \u015eubat\u0131n ortas\u0131na kadar, her hafta, &#8220;Louis Bonaparte&#8217;\u0131n 18 Brumaire&#8217;i&#8221; ad\u0131n\u0131 ta\u015f\u0131yan yaz\u0131lar\u0131 kendisine ula\u015ft\u0131rd\u0131m. Bu arada, Weydemeyer&#8217;in ilk plan\u0131 ba\u015far\u0131s\u0131zl\u0131\u011fa u\u011frad\u0131. Ama 1852 y\u0131l\u0131n\u0131n ilkyaz\u0131nda Devrim ad\u0131n\u0131 ta\u015f\u0131yan ayl\u0131k bir dergi yay\u0131nland\u0131, derginin birinci say\u0131s\u0131n\u0131 &#8220;18 Brumaire&#8221; meydana getirmektedir. O zaman, bu dergiden birka\u00e7 y\u00fcz tane Almanya&#8217;ya g\u00f6nderildi, ama kitap\u00e7\u0131larda sat\u0131\u015fa \u00e7\u0131kar\u0131lamad\u0131. \u0130leri radikal ge\u00e7inen ve derginin da\u011f\u0131t\u0131m\u0131n\u0131 \u00f6nerdi\u011fim bir Alman kitap\u00e7\u0131, b\u00f6yle &#8220;yersiz&#8221; bir (sayfa 472) \u00f6neri kar\u015f\u0131s\u0131nda duydu\u011fu erdemli korkusunu belli ederek kar\u015f\u0131l\u0131k verdi.<br \/> Bu s\u00f6ylediklerimden de g\u00f6r\u00fcl\u00fcyor ki, kitap, olaylar\u0131n do\u011frudan do\u011fruya bask\u0131s\u0131 alt\u0131nda do\u011fmu\u015ftur ve i\u015fledi\u011fi tarihsel konu 1852 \u015eubat\u0131n\u0131n berisine ge\u00e7mez. \u015eimdi bu yeni bask\u0131, k\u0131smen kitapevinin istekleri, k\u0131smen de Almanya&#8217;daki dostlar\u0131n\u0131n \u0131srarl\u0131 istekleri \u00fczerine yap\u0131lm\u0131\u015ft\u0131r.<br \/> A\u015fa\u011f\u0131 yukar\u0131 ayn\u0131 zamanlarda yaz\u0131lan ve ayn\u0131 konuyu i\u015fleyen yap\u0131tlar aras\u0131nda yaln\u0131z ikisinin s\u00f6z\u00fc edilmeye de\u011fer: Victor Hugo&#8217;nun K\u00fc\u00e7\u00fck Napol\u00e9on&#8217;u ve Proudhon&#8217;un H\u00fck\u00fcmet Darbesi.<br \/> Victor Hugo, h\u00fck\u00fcmet darbesinin sorumlusuna kar\u015f\u0131 ac\u0131 ve n\u00fckteli s\u00f6v\u00fcp saymalarla yetiniyor. Olay\u0131n kendisi, ona, duru bir g\u00f6kte \u00e7akan bir \u015fim\u015fek gibi g\u00f6r\u00fcn\u00fcyor. Olay\u0131, ancak, bir bireyin zora ba\u015fvurmas\u0131 olarak g\u00f6r\u00fcyor. B\u00f6yle yapmakla, onu k\u00fc\u00e7\u00fcltece\u011fi yerde, ona tarihte e\u015fi g\u00f6r\u00fclmemi\u015f ki\u015fisel bir giri\u015fkenlik g\u00fcc\u00fc y\u00fckleyerek, b\u00fcy\u00fctt\u00fc\u011f\u00fcn\u00fc farketmiyor. Proudhon ise, h\u00fck\u00fcmet darbesini, daha \u00f6nceki tarihsel bir geli\u015fmenin sonucu gibi sunmaya \u00e7al\u0131\u015f\u0131yor. Ama, h\u00fck\u00fcmet darbesinin tarihsel yap\u0131s\u0131, kaleminde, h\u00fck\u00fcmet darbesi kahraman\u0131n\u0131n bir savunmas\u0131na d\u00f6n\u00fc\u015f\u00fcyor. B\u00f6ylece, s\u00f6zde objektif tarih\u00e7ilerimizin d\u00fc\u015ft\u00fckleri yan\u0131lg\u0131ya d\u00fc\u015f\u00fcyor. Bana gelince, ben, tersine, Fransa&#8217;da s\u0131n\u0131f sava\u015f\u0131m\u0131n\u0131n s\u0131radan ve kaba bir adam\u0131n kahraman gibi g\u00f6r\u00fclmesini sa\u011flayacak ko\u015fullar\u0131 ve durumu nas\u0131l yaratt\u0131\u011f\u0131n\u0131 g\u00f6steriyorum.<br \/> Kitab\u0131n yeniden bir elden ge\u00e7irilmesi, \u00f6zel havas\u0131n\u0131 kaybettirecekti. Onun i\u00e7in yaln\u0131z bask\u0131 yanl\u0131\u015flar\u0131n\u0131 d\u00fczeltmek ve bug\u00fcn art\u0131k anla\u015f\u0131lmayacak olan imalar\u0131 kald\u0131rmakla yetindim.<br \/> Yap\u0131t\u0131m\u0131n son t\u00fcmcesinde s\u00f6yledi\u011fim, &#8220;Ama imparatorluk pelerini en sonunda Louis Bonaparte&#8217;\u0131n omuzlar\u0131ndan d\u00fc\u015ft\u00fc\u011f\u00fc g\u00fcn, Napol\u00e9on&#8217;un tun\u00e7tan heykeli, Vend\u00f4me dikilita\u015f\u0131n\u0131n[257] tepesinden g\u00fcmb\u00fcrt\u00fcyle devrilecektir&#8221;, s\u00f6z\u00fc ger\u00e7ekle\u015fti bile.<br \/> 1815 seferi \u00fczerine yazd\u0131\u011f\u0131 kitapta Napol\u00e9on&#8217;un putla\u015ft\u0131r\u0131l\u0131\u015f\u0131na kar\u015f\u0131 ilk sald\u0131r\u0131ya ge\u00e7en Albay Charras oldu. O zamandan beri ve \u00f6zelikle \u015fu son y\u0131llarda, Frans\u0131z yaz\u0131n\u0131, tarihsel ara\u015ft\u0131rma, ele\u015ftiri, ta\u015flama ve alay t\u00fcr\u00fc silahlarla Napol\u00e9on efsanesine \u00f6l\u00fcmc\u00fcl darbeyi indirdi. Geleneksel halk (sayfa 473) inan\u00e7lar\u0131 ile bu keskin kopu\u015f, bu b\u00fcy\u00fck fikir devrimi, Fransa d\u0131\u015f\u0131nda pek az dikkat \u00e7ekti ve hi\u00e7 de anla\u015f\u0131lmad\u0131.<br \/> Son olarak, bu yap\u0131t\u0131n, bug\u00fcn, \u00f6zellikle Almanya&#8217;da pek \u00e7ok kullan\u0131lan sezarc\u0131l\u0131k teriminin art\u0131k bir yana at\u0131lmas\u0131na katk\u0131da bulunaca\u011f\u0131n\u0131 umuyorum. Bu sezarc\u0131l\u0131k deyimi ile yap\u0131lan y\u00fczeysel tarihsel \u00f6rneksemede, i\u015fin \u00f6z\u00fc, yani eski Roma&#8217;da, s\u0131n\u0131f sava\u015f\u0131m\u0131 yaln\u0131z ayr\u0131cal\u0131kl\u0131 bir az\u0131nl\u0131\u011f\u0131n i\u00e7inde, varl\u0131kl\u0131 \u00f6zg\u00fcr yurtta\u015flar ile yoksul \u00f6zg\u00fcr yurtta\u015flar aras\u0131nda ge\u00e7erken, halk\u0131n b\u00fcy\u00fck \u00fcretici kitlesinin \u00e7arp\u0131\u015fanlara k\u0131saca basit bir basamak meydana getirdi\u011fi unutuluyor. Sismondi&#8217;nin, \u00fcnl\u00fc &#8220;Roma proletaryas\u0131, toplumun s\u0131rt\u0131ndan ge\u00e7iniyordu, oysa modern toplum, proletaryan\u0131n s\u0131rt\u0131ndan ge\u00e7iniyor&#8221;, s\u00f6z\u00fc unutuluyor.[258] Antik\u00e7a\u011fda ve modern zamanlarda s\u0131n\u0131f sava\u015f\u0131m\u0131n\u0131n maddi ekonomik ko\u015fullar\u0131 aras\u0131nda tam bir fark oldu\u011fundan, bu ko\u015fullardan do\u011fan siyasal bi\u00e7imler aras\u0131nda da, Canterbury piskoposu ile b\u00fcy\u00fck rahip Samuel aras\u0131ndaki benzerlikten daha b\u00fcy\u00fck bir benzerlik olamaz.<\/p>\n<p> KARL MARKS<\/p>\n<p> Londra, 23 Haziran 1869<br \/> Marks&#8217;\u0131n Temmuz 1869&#8217;da Hamburg&#8217;da \u00e7\u0131kan Louis Bonaparte&#8217;\u0131n 18 Brumaire&#8217;i adl\u0131 yap\u0131t\u0131n\u0131n ikinci bask\u0131s\u0131nda yay\u0131nlanm\u0131\u015ft\u0131r<\/p>\n<p>FR\u0130EDR\u0130CH ENGELS&#8217;\u0130N \u00dc\u00c7\u00dcNC\u00dc ALMANCA BASKIYA \u00d6NS\u00d6Z\u00dc<\/p>\n<p> 18 Brumaire&#8217;in \u00e7\u0131k\u0131\u015f\u0131ndan otuz\u00fc\u00e7 y\u0131l sonra yeni bir bask\u0131s\u0131n\u0131n gerekli olmas\u0131, bu bro\u015f\u00fcr\u00fcn bug\u00fcn bile de\u011ferinden hi\u00e7 bir \u015fey yitirmedi\u011fini tan\u0131tlar.<br \/> Ger\u00e7ekten, bu, dahiyane bir \u00e7al\u0131\u015fmayd\u0131. Duru g\u00f6kte \u00e7akan bir \u015fim\u015fek gibi t\u00fcm siyaset d\u00fcnyas\u0131n\u0131 \u015fa\u015f\u0131rtan, kimilerinin erdemli \u00f6fke ba\u011f\u0131rt\u0131lar\u0131 ile kar\u015f\u0131lad\u0131klar\u0131, kimilerinin devrimden kurtulu\u015fun mutlulu\u011funu getiren bir davran\u0131\u015f olarak ve, devrimin yaratt\u0131\u011f\u0131 karga\u015fal\u0131\u011f\u0131n cezas\u0131 olarak kar\u015f\u0131lad\u0131klar\u0131, ama herkes i\u00e7in \u015fa\u015fk\u0131nl\u0131k ve kavrayamama konusu (sayfa 474) olan olay\u0131n hemen ard\u0131ndan Marx, onun, k\u0131sa, i\u011fneleyici bir a\u00e7\u0131klamas\u0131n\u0131 yapt\u0131. Marx, bu yap\u0131t\u0131nda, Fransa&#8217;da \u015eubat g\u00fcnlerinden bu yana olagelen olaylar\u0131n ak\u0131\u015f\u0131n\u0131, onlar\u0131n i\u00e7 ili\u015fkileri i\u00e7inde anlat\u0131yor ve 2 Aral\u0131k [259] mucizesinin nas\u0131l bu ili\u015fkilerin do\u011fal, zorunlu sonucu oldu\u011funu g\u00f6steriyor ve h\u00fck\u00fcmet darbesi kahraman\u0131n\u0131 ele al\u0131rken ona kar\u015f\u0131 \u00e7ok iyi haketti\u011fi a\u015fa\u011f\u0131samadan ba\u015fka bir tav\u0131r tak\u0131nmaya gerek g\u00f6rm\u00fcyor. Ve tablo \u00f6yle bir ustal\u0131kla \u00e7izilmi\u015fti ki, o zamandan beri yap\u0131lan b\u00fct\u00fcn a\u00e7\u0131nlamalar bu tablonun ger\u00e7e\u011fi nas\u0131l bir sadakatle yans\u0131tt\u0131\u011f\u0131n\u0131 tan\u0131tlamaktan ba\u015fka bir \u015fey yapmam\u0131\u015flard\u0131r. Ya\u015fanan g\u00fcnl\u00fck tarihi bu kadar dikkat \u00e7ekici bir bi\u00e7imde anlamak, olaylar\u0131 ge\u00e7tikleri anda bile b\u00f6ylesine ayd\u0131nl\u0131k bir bi\u00e7imde kavramak, ger\u00e7ekten de, e\u015fsiz bir \u015feydir.<br \/> Ama bunun i\u00e7in, Frans\u0131z tarihi konusunda Marx&#8217;\u0131n sahip oldu\u011fu derin bilgi gerekliydi. Fransa, s\u0131n\u0131f sava\u015f\u0131mlar\u0131n\u0131n, her seferinde, herhangi ba\u015fka bir yerde oldu\u011fundan daha fazla, kesin karara kadar s\u00fcrd\u00fcr\u00fcld\u00fc\u011f\u00fc, ve bu bak\u0131mdan s\u0131n\u0131f sava\u015f\u0131mlar\u0131n\u0131n i\u00e7inde ge\u00e7tikleri bu sava\u015f\u0131mlar\u0131n sonu\u00e7lar\u0131n\u0131n \u00f6zetlendikleri de\u011fi\u015fken siyasal bi\u00e7imlerin en belirgin s\u0131n\u0131rlar\u0131yla belirdikleri \u00fclkedir. Ort\u00e7a\u011f feodalizminin merkezi, R\u00f6nesanstan beri babadan o\u011fula ge\u00e7en krall\u0131\u011f\u0131n klasik \u00fclkesi olan Fransa, B\u00fcy\u00fck Devriminde, feodalizmi y\u0131kt\u0131 ve burjuvazinin egemenli\u011fine, Avrupa&#8217;da ba\u015fka hi\u00e7 bir \u00fclkenin ula\u015famad\u0131\u011f\u0131 kat\u0131ks\u0131z klasik bir \u00f6zellik verdi. Ayn\u0131 \u015fekilde, devrimci proletaryan\u0131n h\u00fck\u00fcm s\u00fcren burjuvaziye kar\u015f\u0131 sava\u015f\u0131m\u0131 da, Fransa&#8217;da, ba\u015fka yerde bilinmeyen keskin bi\u00e7imlere b\u00fcr\u00fcnd\u00fc. Marx&#8217;\u0131n, eski Frans\u0131z tarihini, \u00f6zel bir \u00f6nem vererek incelemekle kalmay\u0131p, ge\u00e7mekte olan tarihin b\u00fct\u00fcn ayr\u0131nt\u0131lar\u0131n\u0131 izlemesinin ve daha sonra yararlan\u0131lmak \u00fczere malzeme toplamas\u0131n\u0131n nedeni budur ve Marx, bu y\u00fczden, olaylar kar\u015f\u0131s\u0131nda, hi\u00e7 bir zaman bo\u015f bulunmam\u0131\u015f, \u015fa\u015fk\u0131nl\u0131\u011fa kap\u0131lmam\u0131\u015ft\u0131r.<br \/> Ama buna eklenecek ba\u015fka bir \u00f6zellik daha vard\u0131r. \u015e\u00f6yle ki, ister siyasal, ister dinsel, felsefi, ya da tamamen ba\u015fka ideolojik bir alanda y\u00fcr\u00fct\u00fclm\u00fc\u015f olsun, b\u00fct\u00fcn tarihsel sava\u015f\u0131mlar\u0131n, asl\u0131nda, toplumsal s\u0131n\u0131f sava\u015f\u0131mlar\u0131n\u0131n az ya da \u00e7ok belirgin bir ifadesi oldu\u011funa ili\u015fkin yasay\u0131, kar\u015f\u0131l\u0131k olarak, bu s\u0131n\u0131flar\u0131n varl\u0131\u011f\u0131n\u0131n, dolay\u0131s\u0131yla \u00e7arp\u0131\u015fmalar\u0131n\u0131n, bu s\u0131n\u0131flar\u0131n ekonomik durumlar\u0131n\u0131n geli\u015fme derecesi ile, bu (sayfa 475) geli\u015fme derecesinden do\u011fan \u00fcretim bi\u00e7imleri ve de\u011fi\u015fim bi\u00e7imleri ile belirlendi\u011fine ili\u015fkin yasay\u0131, ilk Marx bulmu\u015ftur. Enerjinin d\u00f6n\u00fc\u015f\u00fcm\u00fc yasas\u0131 do\u011fa bilimleri i\u00e7in ne kadar \u00f6nemliyse, tarih i\u00e7in o kadar \u00f6nemli olan bu yasa, Marx&#8217;a, burada da, II. Frans\u0131z Cumhuriyetinin tarihini kavramada bir anahtar hizmeti g\u00f6rm\u00fc\u015ft\u00fcr. Ve i\u015fte, bu tarih, Marx&#8217;\u0131n, kendi yasas\u0131n\u0131 denemesine, s\u0131navdan ge\u00e7irmesine yard\u0131mc\u0131 olmu\u015ftur ve otuz\u00fc\u00e7 y\u0131l sonra bile, Marx&#8217;\u0131n yasas\u0131n\u0131n bu s\u0131navdan parlak bir \u015fekilde ge\u00e7ti\u011fini teslim etmemiz gerekiyor. (sayfa 476)<\/p>\n<p> FR\u0130EDR\u0130CH ENGELS<br \/> 1855&#8217;te yaz\u0131lm\u0131\u015ft\u0131r<\/p>\n<p> Karl Marx, Der Achtzehnte Brumaire des Louis Bonaparte,Hamburg 1885, adl\u0131 kitapta yay\u0131nlanm\u0131\u015ft\u0131r.<\/p>\n","protected":false},"excerpt":{"rendered":"<p>YAZARIN ALMANCA \u0130K\u0130NC\u0130 BASKIYA \u00d6NS\u00d6Z\u00dc Zamans\u0131z \u00f6len dostum Joseph Weydemeyer,[1*] 1 Ocak 1852&#8217;de New-York&#8217;ta haftal\u0131k siyasal bir dergi \u00e7\u0131karmaya niyetleniyordu. Bu dergi i\u00e7in benden de h\u00fck\u00fcmet darbesinin tarihini yazmam\u0131 istedi. \u015eubat\u0131n ortas\u0131na kadar, her hafta, &#8220;Louis Bonaparte&#8217;\u0131n 18 Brumaire&#8217;i&#8221; ad\u0131n\u0131 ta\u015f\u0131yan yaz\u0131lar\u0131 kendisine ula\u015ft\u0131rd\u0131m. Bu arada, Weydemeyer&#8217;in ilk plan\u0131 ba\u015far\u0131s\u0131zl\u0131\u011fa u\u011frad\u0131. Ama 1852 y\u0131l\u0131n\u0131n ilkyaz\u0131nda [&hellip;]<\/p>\n","protected":false},"author":1,"featured_media":0,"comment_status":"open","ping_status":"open","sticky":false,"template":"","format":"standard","meta":{"footnotes":""},"categories":[186],"tags":[],"class_list":["post-5875","post","type-post","status-publish","format-standard","category-louis-bonaparte-in-18-brumaire-i-karl-marx"],"yoast_head":"<!-- This site is optimized with the Yoast SEO Premium plugin v24.9 (Yoast SEO v24.9) - https:\/\/yoast.com\/wordpress\/plugins\/seo\/ -->\n<title>Louis Bonaparte&#039;\u0131n 18 Brumaire&#039;i | \u00d6ns\u00f6zler - K.Marks - narteks.net<\/title>\n<meta name=\"robots\" content=\"index, follow, max-snippet:-1, max-image-preview:large, max-video-preview:-1\" \/>\n<link rel=\"canonical\" href=\"https:\/\/narteks.net\/index.php\/2011\/03\/10\/louis-bonapartein-18-brumairei-onsozler-kmarks\/\" \/>\n<meta property=\"og:locale\" content=\"tr_TR\" \/>\n<meta property=\"og:type\" content=\"article\" \/>\n<meta property=\"og:title\" content=\"Louis Bonaparte&#039;\u0131n 18 Brumaire&#039;i | \u00d6ns\u00f6zler - K.Marks\" \/>\n<meta property=\"og:description\" content=\"YAZARIN ALMANCA \u0130K\u0130NC\u0130 BASKIYA \u00d6NS\u00d6Z\u00dc Zamans\u0131z \u00f6len dostum Joseph Weydemeyer,[1*] 1 Ocak 1852&#8217;de New-York&#8217;ta haftal\u0131k siyasal bir dergi \u00e7\u0131karmaya niyetleniyordu. Bu dergi i\u00e7in benden de h\u00fck\u00fcmet darbesinin tarihini yazmam\u0131 istedi. \u015eubat\u0131n ortas\u0131na kadar, her hafta, &#8220;Louis Bonaparte&#8217;\u0131n 18 Brumaire&#8217;i&#8221; ad\u0131n\u0131 ta\u015f\u0131yan yaz\u0131lar\u0131 kendisine ula\u015ft\u0131rd\u0131m. Bu arada, Weydemeyer&#8217;in ilk plan\u0131 ba\u015far\u0131s\u0131zl\u0131\u011fa u\u011frad\u0131. Ama 1852 y\u0131l\u0131n\u0131n ilkyaz\u0131nda [&hellip;]\" \/>\n<meta property=\"og:url\" content=\"https:\/\/narteks.net\/index.php\/2011\/03\/10\/louis-bonapartein-18-brumairei-onsozler-kmarks\/\" \/>\n<meta property=\"og:site_name\" content=\"narteks.net\" \/>\n<meta property=\"article:published_time\" content=\"2011-03-10T18:03:51+00:00\" \/>\n<meta property=\"og:image\" content=\"http:\/\/i41.tinypic.com\/169lp5f.jpg\" \/>\n<meta name=\"author\" content=\"Tar\u0131k\" \/>\n<meta name=\"twitter:card\" content=\"summary_large_image\" \/>\n<meta name=\"twitter:creator\" content=\"@narteks\" \/>\n<meta name=\"twitter:site\" content=\"@narteks\" \/>\n<meta name=\"twitter:label1\" content=\"Yazan:\" \/>\n\t<meta name=\"twitter:data1\" content=\"Tar\u0131k\" \/>\n\t<meta name=\"twitter:label2\" content=\"Tahmini okuma s\u00fcresi\" \/>\n\t<meta name=\"twitter:data2\" content=\"7 dakika\" \/>\n<script type=\"application\/ld+json\" class=\"yoast-schema-graph\">{\"@context\":\"https:\/\/schema.org\",\"@graph\":[{\"@type\":\"Article\",\"@id\":\"https:\/\/narteks.net\/index.php\/2011\/03\/10\/louis-bonapartein-18-brumairei-onsozler-kmarks\/#article\",\"isPartOf\":{\"@id\":\"https:\/\/narteks.net\/index.php\/2011\/03\/10\/louis-bonapartein-18-brumairei-onsozler-kmarks\/\"},\"author\":{\"name\":\"Tar\u0131k\",\"@id\":\"https:\/\/narteks.net\/#\/schema\/person\/61f37d9834294b72d31d274e7ed79bca\"},\"headline\":\"Louis Bonaparte&#8217;\u0131n 18 Brumaire&#8217;i | \u00d6ns\u00f6zler &#8211; K.Marks\",\"datePublished\":\"2011-03-10T18:03:51+00:00\",\"mainEntityOfPage\":{\"@id\":\"https:\/\/narteks.net\/index.php\/2011\/03\/10\/louis-bonapartein-18-brumairei-onsozler-kmarks\/\"},\"wordCount\":1479,\"commentCount\":0,\"publisher\":{\"@id\":\"https:\/\/narteks.net\/#organization\"},\"image\":{\"@id\":\"https:\/\/narteks.net\/index.php\/2011\/03\/10\/louis-bonapartein-18-brumairei-onsozler-kmarks\/#primaryimage\"},\"thumbnailUrl\":\"http:\/\/i41.tinypic.com\/169lp5f.jpg\",\"articleSection\":[\"Louis Bonaparte'\u0131n 18 Brumaire'i - Karl Marx\"],\"inLanguage\":\"tr\",\"potentialAction\":[{\"@type\":\"CommentAction\",\"name\":\"Comment\",\"target\":[\"https:\/\/narteks.net\/index.php\/2011\/03\/10\/louis-bonapartein-18-brumairei-onsozler-kmarks\/#respond\"]}]},{\"@type\":\"WebPage\",\"@id\":\"https:\/\/narteks.net\/index.php\/2011\/03\/10\/louis-bonapartein-18-brumairei-onsozler-kmarks\/\",\"url\":\"https:\/\/narteks.net\/index.php\/2011\/03\/10\/louis-bonapartein-18-brumairei-onsozler-kmarks\/\",\"name\":\"Louis Bonaparte'\u0131n 18 Brumaire'i | \u00d6ns\u00f6zler - K.Marks - narteks.net\",\"isPartOf\":{\"@id\":\"https:\/\/narteks.net\/#website\"},\"primaryImageOfPage\":{\"@id\":\"https:\/\/narteks.net\/index.php\/2011\/03\/10\/louis-bonapartein-18-brumairei-onsozler-kmarks\/#primaryimage\"},\"image\":{\"@id\":\"https:\/\/narteks.net\/index.php\/2011\/03\/10\/louis-bonapartein-18-brumairei-onsozler-kmarks\/#primaryimage\"},\"thumbnailUrl\":\"http:\/\/i41.tinypic.com\/169lp5f.jpg\",\"datePublished\":\"2011-03-10T18:03:51+00:00\",\"breadcrumb\":{\"@id\":\"https:\/\/narteks.net\/index.php\/2011\/03\/10\/louis-bonapartein-18-brumairei-onsozler-kmarks\/#breadcrumb\"},\"inLanguage\":\"tr\",\"potentialAction\":[{\"@type\":\"ReadAction\",\"target\":[\"https:\/\/narteks.net\/index.php\/2011\/03\/10\/louis-bonapartein-18-brumairei-onsozler-kmarks\/\"]}]},{\"@type\":\"ImageObject\",\"inLanguage\":\"tr\",\"@id\":\"https:\/\/narteks.net\/index.php\/2011\/03\/10\/louis-bonapartein-18-brumairei-onsozler-kmarks\/#primaryimage\",\"url\":\"http:\/\/i41.tinypic.com\/169lp5f.jpg\",\"contentUrl\":\"http:\/\/i41.tinypic.com\/169lp5f.jpg\"},{\"@type\":\"BreadcrumbList\",\"@id\":\"https:\/\/narteks.net\/index.php\/2011\/03\/10\/louis-bonapartein-18-brumairei-onsozler-kmarks\/#breadcrumb\",\"itemListElement\":[{\"@type\":\"ListItem\",\"position\":1,\"name\":\"Anasayfa\",\"item\":\"https:\/\/narteks.net\/\"},{\"@type\":\"ListItem\",\"position\":2,\"name\":\"Louis Bonaparte&#8217;\u0131n 18 Brumaire&#8217;i | \u00d6ns\u00f6zler &#8211; K.Marks\"}]},{\"@type\":\"WebSite\",\"@id\":\"https:\/\/narteks.net\/#website\",\"url\":\"https:\/\/narteks.net\/\",\"name\":\"narteks.net\",\"description\":\"K\u00fclt\u00fcr Sanat Edebiyat Felsefe\",\"publisher\":{\"@id\":\"https:\/\/narteks.net\/#organization\"},\"alternateName\":\"K\u00fclt\u00fcr Sanat Edebiyat Felsefe\",\"potentialAction\":[{\"@type\":\"SearchAction\",\"target\":{\"@type\":\"EntryPoint\",\"urlTemplate\":\"https:\/\/narteks.net\/?s={search_term_string}\"},\"query-input\":{\"@type\":\"PropertyValueSpecification\",\"valueRequired\":true,\"valueName\":\"search_term_string\"}}],\"inLanguage\":\"tr\"},{\"@type\":\"Organization\",\"@id\":\"https:\/\/narteks.net\/#organization\",\"name\":\"narteks.net\",\"url\":\"https:\/\/narteks.net\/\",\"logo\":{\"@type\":\"ImageObject\",\"inLanguage\":\"tr\",\"@id\":\"https:\/\/narteks.net\/#\/schema\/logo\/image\/\",\"url\":\"https:\/\/narteks.net\/wp-content\/uploads\/narteks.png\",\"contentUrl\":\"https:\/\/narteks.net\/wp-content\/uploads\/narteks.png\",\"width\":300,\"height\":90,\"caption\":\"narteks.net\"},\"image\":{\"@id\":\"https:\/\/narteks.net\/#\/schema\/logo\/image\/\"},\"sameAs\":[\"https:\/\/x.com\/narteks\",\"https:\/\/instagram.com\/narteksnet\"]},{\"@type\":\"Person\",\"@id\":\"https:\/\/narteks.net\/#\/schema\/person\/61f37d9834294b72d31d274e7ed79bca\",\"name\":\"Tar\u0131k\",\"image\":{\"@type\":\"ImageObject\",\"inLanguage\":\"tr\",\"@id\":\"https:\/\/narteks.net\/#\/schema\/person\/image\/\",\"url\":\"https:\/\/secure.gravatar.com\/avatar\/50865afb55632c4ae467e0af0930f6510aa2297d8014be502a55b14f3b7550cf?s=96&d=mm&r=g\",\"contentUrl\":\"https:\/\/secure.gravatar.com\/avatar\/50865afb55632c4ae467e0af0930f6510aa2297d8014be502a55b14f3b7550cf?s=96&d=mm&r=g\",\"caption\":\"Tar\u0131k\"},\"sameAs\":[\"http:\/\/narteks.net\"],\"url\":\"https:\/\/narteks.net\/index.php\/author\/narbak\/\"}]}<\/script>\n<!-- \/ Yoast SEO Premium plugin. -->","yoast_head_json":{"title":"Louis Bonaparte'\u0131n 18 Brumaire'i | \u00d6ns\u00f6zler - K.Marks - narteks.net","robots":{"index":"index","follow":"follow","max-snippet":"max-snippet:-1","max-image-preview":"max-image-preview:large","max-video-preview":"max-video-preview:-1"},"canonical":"https:\/\/narteks.net\/index.php\/2011\/03\/10\/louis-bonapartein-18-brumairei-onsozler-kmarks\/","og_locale":"tr_TR","og_type":"article","og_title":"Louis Bonaparte'\u0131n 18 Brumaire'i | \u00d6ns\u00f6zler - K.Marks","og_description":"YAZARIN ALMANCA \u0130K\u0130NC\u0130 BASKIYA \u00d6NS\u00d6Z\u00dc Zamans\u0131z \u00f6len dostum Joseph Weydemeyer,[1*] 1 Ocak 1852&#8217;de New-York&#8217;ta haftal\u0131k siyasal bir dergi \u00e7\u0131karmaya niyetleniyordu. Bu dergi i\u00e7in benden de h\u00fck\u00fcmet darbesinin tarihini yazmam\u0131 istedi. \u015eubat\u0131n ortas\u0131na kadar, her hafta, &#8220;Louis Bonaparte&#8217;\u0131n 18 Brumaire&#8217;i&#8221; ad\u0131n\u0131 ta\u015f\u0131yan yaz\u0131lar\u0131 kendisine ula\u015ft\u0131rd\u0131m. Bu arada, Weydemeyer&#8217;in ilk plan\u0131 ba\u015far\u0131s\u0131zl\u0131\u011fa u\u011frad\u0131. Ama 1852 y\u0131l\u0131n\u0131n ilkyaz\u0131nda [&hellip;]","og_url":"https:\/\/narteks.net\/index.php\/2011\/03\/10\/louis-bonapartein-18-brumairei-onsozler-kmarks\/","og_site_name":"narteks.net","article_published_time":"2011-03-10T18:03:51+00:00","og_image":[{"url":"http:\/\/i41.tinypic.com\/169lp5f.jpg","type":"","width":"","height":""}],"author":"Tar\u0131k","twitter_card":"summary_large_image","twitter_creator":"@narteks","twitter_site":"@narteks","twitter_misc":{"Yazan:":"Tar\u0131k","Tahmini okuma s\u00fcresi":"7 dakika"},"schema":{"@context":"https:\/\/schema.org","@graph":[{"@type":"Article","@id":"https:\/\/narteks.net\/index.php\/2011\/03\/10\/louis-bonapartein-18-brumairei-onsozler-kmarks\/#article","isPartOf":{"@id":"https:\/\/narteks.net\/index.php\/2011\/03\/10\/louis-bonapartein-18-brumairei-onsozler-kmarks\/"},"author":{"name":"Tar\u0131k","@id":"https:\/\/narteks.net\/#\/schema\/person\/61f37d9834294b72d31d274e7ed79bca"},"headline":"Louis Bonaparte&#8217;\u0131n 18 Brumaire&#8217;i | \u00d6ns\u00f6zler &#8211; K.Marks","datePublished":"2011-03-10T18:03:51+00:00","mainEntityOfPage":{"@id":"https:\/\/narteks.net\/index.php\/2011\/03\/10\/louis-bonapartein-18-brumairei-onsozler-kmarks\/"},"wordCount":1479,"commentCount":0,"publisher":{"@id":"https:\/\/narteks.net\/#organization"},"image":{"@id":"https:\/\/narteks.net\/index.php\/2011\/03\/10\/louis-bonapartein-18-brumairei-onsozler-kmarks\/#primaryimage"},"thumbnailUrl":"http:\/\/i41.tinypic.com\/169lp5f.jpg","articleSection":["Louis Bonaparte'\u0131n 18 Brumaire'i - Karl Marx"],"inLanguage":"tr","potentialAction":[{"@type":"CommentAction","name":"Comment","target":["https:\/\/narteks.net\/index.php\/2011\/03\/10\/louis-bonapartein-18-brumairei-onsozler-kmarks\/#respond"]}]},{"@type":"WebPage","@id":"https:\/\/narteks.net\/index.php\/2011\/03\/10\/louis-bonapartein-18-brumairei-onsozler-kmarks\/","url":"https:\/\/narteks.net\/index.php\/2011\/03\/10\/louis-bonapartein-18-brumairei-onsozler-kmarks\/","name":"Louis Bonaparte'\u0131n 18 Brumaire'i | \u00d6ns\u00f6zler - K.Marks - narteks.net","isPartOf":{"@id":"https:\/\/narteks.net\/#website"},"primaryImageOfPage":{"@id":"https:\/\/narteks.net\/index.php\/2011\/03\/10\/louis-bonapartein-18-brumairei-onsozler-kmarks\/#primaryimage"},"image":{"@id":"https:\/\/narteks.net\/index.php\/2011\/03\/10\/louis-bonapartein-18-brumairei-onsozler-kmarks\/#primaryimage"},"thumbnailUrl":"http:\/\/i41.tinypic.com\/169lp5f.jpg","datePublished":"2011-03-10T18:03:51+00:00","breadcrumb":{"@id":"https:\/\/narteks.net\/index.php\/2011\/03\/10\/louis-bonapartein-18-brumairei-onsozler-kmarks\/#breadcrumb"},"inLanguage":"tr","potentialAction":[{"@type":"ReadAction","target":["https:\/\/narteks.net\/index.php\/2011\/03\/10\/louis-bonapartein-18-brumairei-onsozler-kmarks\/"]}]},{"@type":"ImageObject","inLanguage":"tr","@id":"https:\/\/narteks.net\/index.php\/2011\/03\/10\/louis-bonapartein-18-brumairei-onsozler-kmarks\/#primaryimage","url":"http:\/\/i41.tinypic.com\/169lp5f.jpg","contentUrl":"http:\/\/i41.tinypic.com\/169lp5f.jpg"},{"@type":"BreadcrumbList","@id":"https:\/\/narteks.net\/index.php\/2011\/03\/10\/louis-bonapartein-18-brumairei-onsozler-kmarks\/#breadcrumb","itemListElement":[{"@type":"ListItem","position":1,"name":"Anasayfa","item":"https:\/\/narteks.net\/"},{"@type":"ListItem","position":2,"name":"Louis Bonaparte&#8217;\u0131n 18 Brumaire&#8217;i | \u00d6ns\u00f6zler &#8211; K.Marks"}]},{"@type":"WebSite","@id":"https:\/\/narteks.net\/#website","url":"https:\/\/narteks.net\/","name":"narteks.net","description":"K\u00fclt\u00fcr Sanat Edebiyat Felsefe","publisher":{"@id":"https:\/\/narteks.net\/#organization"},"alternateName":"K\u00fclt\u00fcr Sanat Edebiyat Felsefe","potentialAction":[{"@type":"SearchAction","target":{"@type":"EntryPoint","urlTemplate":"https:\/\/narteks.net\/?s={search_term_string}"},"query-input":{"@type":"PropertyValueSpecification","valueRequired":true,"valueName":"search_term_string"}}],"inLanguage":"tr"},{"@type":"Organization","@id":"https:\/\/narteks.net\/#organization","name":"narteks.net","url":"https:\/\/narteks.net\/","logo":{"@type":"ImageObject","inLanguage":"tr","@id":"https:\/\/narteks.net\/#\/schema\/logo\/image\/","url":"https:\/\/narteks.net\/wp-content\/uploads\/narteks.png","contentUrl":"https:\/\/narteks.net\/wp-content\/uploads\/narteks.png","width":300,"height":90,"caption":"narteks.net"},"image":{"@id":"https:\/\/narteks.net\/#\/schema\/logo\/image\/"},"sameAs":["https:\/\/x.com\/narteks","https:\/\/instagram.com\/narteksnet"]},{"@type":"Person","@id":"https:\/\/narteks.net\/#\/schema\/person\/61f37d9834294b72d31d274e7ed79bca","name":"Tar\u0131k","image":{"@type":"ImageObject","inLanguage":"tr","@id":"https:\/\/narteks.net\/#\/schema\/person\/image\/","url":"https:\/\/secure.gravatar.com\/avatar\/50865afb55632c4ae467e0af0930f6510aa2297d8014be502a55b14f3b7550cf?s=96&d=mm&r=g","contentUrl":"https:\/\/secure.gravatar.com\/avatar\/50865afb55632c4ae467e0af0930f6510aa2297d8014be502a55b14f3b7550cf?s=96&d=mm&r=g","caption":"Tar\u0131k"},"sameAs":["http:\/\/narteks.net"],"url":"https:\/\/narteks.net\/index.php\/author\/narbak\/"}]}},"_links":{"self":[{"href":"https:\/\/narteks.net\/index.php\/wp-json\/wp\/v2\/posts\/5875","targetHints":{"allow":["GET"]}}],"collection":[{"href":"https:\/\/narteks.net\/index.php\/wp-json\/wp\/v2\/posts"}],"about":[{"href":"https:\/\/narteks.net\/index.php\/wp-json\/wp\/v2\/types\/post"}],"author":[{"embeddable":true,"href":"https:\/\/narteks.net\/index.php\/wp-json\/wp\/v2\/users\/1"}],"replies":[{"embeddable":true,"href":"https:\/\/narteks.net\/index.php\/wp-json\/wp\/v2\/comments?post=5875"}],"version-history":[{"count":0,"href":"https:\/\/narteks.net\/index.php\/wp-json\/wp\/v2\/posts\/5875\/revisions"}],"wp:attachment":[{"href":"https:\/\/narteks.net\/index.php\/wp-json\/wp\/v2\/media?parent=5875"}],"wp:term":[{"taxonomy":"category","embeddable":true,"href":"https:\/\/narteks.net\/index.php\/wp-json\/wp\/v2\/categories?post=5875"},{"taxonomy":"post_tag","embeddable":true,"href":"https:\/\/narteks.net\/index.php\/wp-json\/wp\/v2\/tags?post=5875"}],"curies":[{"name":"wp","href":"https:\/\/api.w.org\/{rel}","templated":true}]}}