{"id":5897,"date":"2011-03-23T15:31:23","date_gmt":"2011-03-23T12:31:23","guid":{"rendered":"http:\/\/localhost\/wordpress\/2011\/03\/23\/kitle-ve-iktidar-elias-canetti\/"},"modified":"2011-03-23T15:31:23","modified_gmt":"2011-03-23T12:31:23","slug":"kitle-ve-iktidar-elias-canetti","status":"publish","type":"post","link":"https:\/\/narteks.net\/index.php\/2011\/03\/23\/kitle-ve-iktidar-elias-canetti\/","title":{"rendered":"Kitle ve \u0130ktidar | Elias Canetti"},"content":{"rendered":"<p style=\"text-align: justify;\"><img loading=\"lazy\" decoding=\"async\" src=\"http:\/\/media-2.web.britannica.com\/eb-media\/06\/21106-004-1374FFF3.jpg\" border=\"0\" width=\"155\" height=\"205\" style=\"float: left;\" \/>\u201cG\u00fc\u00e7\u201d s\u00f6zc\u00fc\u011f\u00fc, etkisi bak\u0131m\u0131ndan do\u011frudan ve burada olan bir \u015feyi, iktidardan daha dolays\u0131z bir bi\u00e7imde zorlay\u0131c\u0131 bir \u015feyi akla getirir. \u201c Fiziksel G\u00fc\u00e7\u201d deyi\u015fi, ger\u00e7ekte ayn\u0131 fikrin yaln\u0131zca daha a\u00e7\u0131k bir ifadesidir; \u00e7\u00fcnk\u00fc daha a\u015fa\u011f\u0131 ve kaba d\u0131\u015favurumlar\u0131n i\u00e7indeki iktidar, her zaman g\u00fc\u00e7 olarak daha iyi betimlenmi\u015ftir; \u00f6rne\u011fin av\u0131n yakalan\u0131p a\u011fza g\u00f6t\u00fcr\u00fclmesi g\u00fc\u00e7 arac\u0131l\u0131\u011f\u0131yla ger\u00e7ekle\u015ftirilir. G\u00fc\u00e7 kendisine zaman tan\u0131nd\u0131\u011f\u0131nda iktidar haline gelir, ama kriz an\u0131, geri d\u00f6n\u00fc\u015fs\u00fcz karar an\u0131 gelince g\u00fc\u00e7 \u00e7\u0131plak g\u00fc\u00e7 haline d\u00f6ner. \u0130ktidar daha geneldir ve g\u00fc\u00e7ten daha geni\u015f bir uzam \u00fczerinde i\u015fler; iktidar \u00e7ok daha fazlas\u0131n\u0131 i\u00e7erir ama daha az dinamiktir. \u0130ktidar daha t\u00f6renseldir, hatta belirli bir sab\u0131r \u00f6l\u00e7\u00fcs\u00fc vard\u0131r. G\u00fc\u00e7 ve iktidar aras\u0131ndaki ayr\u0131m kedi ile fare aras\u0131ndaki ili\u015fkiyle \u00e7ok basit bir bi\u00e7imde \u00f6rneklenebilir.<\/p>\n<p>Kedi, g\u00fcc\u00fc, fareyi yakalamak, onu ele ge\u00e7irmek, pen\u00e7elerinin aras\u0131nda tutmak ve nihai olarak da \u00f6ld\u00fcrmek i\u00e7in kullan\u0131r. Ama fareyle oynamas\u0131nda bir ba\u015fka etken daha vard\u0131r. Kedi farenin gitmesine izin verir, birazc\u0131k ka\u00e7mas\u0131na, hatta arkas\u0131n\u0131 d\u00f6nmesine f\u0131rsat tan\u0131r; bu s\u00fcre boyunca fare art\u0131k g\u00fcce maruz de\u011fildir. Ancak hala kedinin iktidar [alan]\u0131n\u0131n i\u00e7indedir ve her an tekrar yakalanabilir. Derhal uzakla\u015f\u0131rsa, kedinin iktidar alan\u0131ndan ka\u00e7ar; ama, art\u0131k ula\u015f\u0131lamayacak oldu\u011fu noktaya varana kadar hala kedinin iktidar alan\u0131n\u0131n i\u00e7indedir. Kedinin egemen oldu\u011fu uzam, fareye ya\u015fatt\u0131\u011f\u0131 umut anlar\u0131, bir yandan da b\u00fct\u00fcn bu zaman zarf\u0131nda onu yak\u0131ndan izlemeyi s\u00fcrd\u00fcrmesi ve onu yok etmeye g\u00f6sterdi\u011fi ilgiyi ve yok etme niyetini asla elden b\u0131rakmamas\u0131; bunlar\u0131n hepsine, yani uzam, umut, dikkatle izleme ve yok etme niyetine iktidar\u0131n fiili bedeni, ya da daha basit bir bi\u00e7imde, iktidar\u0131n ta kendisi denebilir.<\/p>\n<p>Bu y\u00fczden, g\u00fcc\u00fcn aksine, iktidara i\u00e7kin olarak uzamda ve zamanda belirli bir geni\u015fleme vard\u0131r. Daha \u00f6nce a\u011fz\u0131n, hapishanenin bir prototipi oldu\u011funu \u00f6ne s\u00fcrm\u00fc\u015ft\u00fcm. Her durumda, bu ikisi aras\u0131nda, g\u00fc\u00e7le iktidar aras\u0131ndaki ili\u015fkiyi \u00f6rneklemeye hizmet edecek bir ili\u015fki vard\u0131r. Bir kez d\u00fc\u015fman\u0131n a\u011fz\u0131na girince, kurban\u0131n hi\u00e7bir umudu kalmaz \u00e7\u00fcnk\u00fc manevra yapmak i\u00e7in ne zaman\u0131 ne de yeri vard\u0131r. Bu iki bak\u0131mdan hapishane a\u011fz\u0131n bir uzant\u0131s\u0131 gibidir. T\u0131pk\u0131 kedinin g\u00f6z\u00fcn\u00fcn \u00f6n\u00fcndeki fare gibi, tutsak biraz ileri geri y\u00fcr\u00fcyebilir, gardiyanlar\u0131na arkas\u0131n\u0131 d\u00f6nebilir; \u00f6n\u00fcnde, ka\u00e7may\u0131 ya da serbest b\u0131rak\u0131lmay\u0131 umaca\u011f\u0131 zaman\u0131 vard\u0131r. Kapat\u0131ld\u0131\u011f\u0131 h\u00fccrenin bulundu\u011fu hapishanenin b\u00fct\u00fcn mekanizmas\u0131 onun yok edili\u015fine ayarlanm\u0131\u015f gibidir ve bu mekanizma fiilen i\u015flemekte de\u011filken bile tutsak bunun her zaman bilincindedir.<\/p>\n<p>G\u00fc\u00e7le iktidar aras\u0131ndaki ayr\u0131m olduk\u00e7a farkl\u0131 bir ba\u015fka alanda, bir dine \u00e7e\u015fitli d\u00fczeylerde tabi olmakta g\u00f6r\u00fclebilir. Tanr\u0131\u2019ya inanan herkes s\u00fcrekli O\u2019nun iktidar\u0131 alt\u0131nda oldu\u011funa inan\u0131r ve bu iktidarla kendi tarz\u0131nda uzla\u015fm\u0131\u015ft\u0131r. Ancak bunu yeterli bulmayan insanlar vard\u0131r. Bu insanlar, Tanr\u0131\u2019n\u0131n kesin bir m\u00fcdahalesini; tanr\u0131sal g\u00fcc\u00fcn tanr\u0131sall\u0131\u011f\u0131n\u0131 fark edip hissedecekleri do\u011frudan bir edimini beklerler. Tanr\u0131\u2019n\u0131n verece\u011fi emirlerin beklentisi i\u00e7inde ya\u015farlar; onlara g\u00f6re Tanr\u0131, y\u00f6neticinin \u00f6zelliklerinin daha a\u00e7\u0131k bir t\u00fcr\u00fcne sahiptir. Her \u00f6zel vakada, O\u2019nun etkin iradesi ve bu insanlar\u0131n etkin ve bariz tabiyeti dinin \u00f6z\u00fc haline gelir. Bu t\u00fcrden dinler kadercilik \u00f6\u011fretisine yatk\u0131nd\u0131r; bu dine inananlar ba\u015flar\u0131na gelen her \u015feyin Tanr\u0131\u2019n\u0131n iradesinin do\u011frudan bir ifadesi oldu\u011funu her zaman hissederler. B\u00f6ylece b\u00fct\u00fcn hayatlar\u0131 boyunca boyun e\u011fmek i\u00e7in yeni vesileler bulurlar. Sanki az sonra ezilmek \u00fczere \u00e7oktan Tanr\u0131\u2019n\u0131n a\u011fz\u0131na girmi\u015f gibidirler. Ama b\u00fct\u00fcn hayatlar\u0131n\u0131 bu berbat yerde, cesaretlerini kaybetmeksizin ve hala do\u011fru olan\u0131 yapmaya \u00e7abalayarak ya\u015famak zorundad\u0131rlar.<\/p>\n<p>\u0130slamiyet ve Kavlinizm, bu e\u011filimin en kuvvetli bi\u00e7imde sergilendi\u011fi dinlerdir. Bu dinlere inananlar, Tanr\u0131\u2019n\u0131n g\u00fcc\u00fc i\u00e7in yan\u0131p tutu\u015furlar; sadece O\u2019nun g\u00fcc\u00fc onlar\u0131 tatmin etmeye yetmez. \u00c7\u00fcnk\u00fc Tanr\u0131\u2019n\u0131n g\u00fcc\u00fc \u00e7ok uzaktad\u0131r ve onlar\u0131 fazla serbest b\u0131rak\u0131r. K\u00fc\u00e7\u00fck ya\u015flarda kendilerini sonsuza de\u011fin teslim ettikleri emir beklentisi, onlarda derin izler b\u0131rak\u0131r, ayr\u0131ca di\u011fer insanlara kar\u015f\u0131 tutumlar\u0131 \u00fczerinde de ciddi bir etki yapar. Bu s\u00fcrekli emir beklentisi, askerlerinkine benzeyen bir inanan t\u00fcr\u00fc, kendileri i\u00e7in hayat\u0131n en ger\u00e7ek temsilcisi sava\u015f olan ve hayat\u0131 sava\u015ftan ibaret g\u00f6rd\u00fckleri i\u00e7in ger\u00e7ek sava\u015flardan korkmayan insanlar yarat\u0131r.<\/p>\n<p>Elias Canetti &#8211; Kitle ve \u0130ktidar&#8217;dan<\/p>\n","protected":false},"excerpt":{"rendered":"<p>\u201cG\u00fc\u00e7\u201d s\u00f6zc\u00fc\u011f\u00fc, etkisi bak\u0131m\u0131ndan do\u011frudan ve burada olan bir \u015feyi, iktidardan daha dolays\u0131z bir bi\u00e7imde zorlay\u0131c\u0131 bir \u015feyi akla getirir. \u201c Fiziksel G\u00fc\u00e7\u201d deyi\u015fi, ger\u00e7ekte ayn\u0131 fikrin yaln\u0131zca daha a\u00e7\u0131k bir ifadesidir; \u00e7\u00fcnk\u00fc daha a\u015fa\u011f\u0131 ve kaba d\u0131\u015favurumlar\u0131n i\u00e7indeki iktidar, her zaman g\u00fc\u00e7 olarak daha iyi betimlenmi\u015ftir; \u00f6rne\u011fin av\u0131n yakalan\u0131p a\u011fza g\u00f6t\u00fcr\u00fclmesi g\u00fc\u00e7 arac\u0131l\u0131\u011f\u0131yla ger\u00e7ekle\u015ftirilir. [&hellip;]<\/p>\n","protected":false},"author":1,"featured_media":0,"comment_status":"open","ping_status":"open","sticky":false,"template":"","format":"standard","meta":{"footnotes":""},"categories":[138],"tags":[],"class_list":{"0":"post-5897","1":"post","2":"type-post","3":"status-publish","4":"format-standard","6":"category-edebiyat-dunya"},"yoast_head":"<!-- This site is optimized with the Yoast SEO Premium plugin v24.9 (Yoast SEO v24.9) - https:\/\/yoast.com\/wordpress\/plugins\/seo\/ -->\n<title>Kitle ve \u0130ktidar | Elias Canetti - narteks.net<\/title>\n<meta name=\"robots\" content=\"index, follow, max-snippet:-1, max-image-preview:large, max-video-preview:-1\" \/>\n<link rel=\"canonical\" href=\"https:\/\/narteks.net\/index.php\/2011\/03\/23\/kitle-ve-iktidar-elias-canetti\/\" \/>\n<meta property=\"og:locale\" content=\"tr_TR\" \/>\n<meta property=\"og:type\" content=\"article\" \/>\n<meta property=\"og:title\" content=\"Kitle ve \u0130ktidar | Elias Canetti\" \/>\n<meta property=\"og:description\" content=\"\u201cG\u00fc\u00e7\u201d s\u00f6zc\u00fc\u011f\u00fc, etkisi bak\u0131m\u0131ndan do\u011frudan ve burada olan bir \u015feyi, iktidardan daha dolays\u0131z bir bi\u00e7imde zorlay\u0131c\u0131 bir \u015feyi akla getirir. \u201c Fiziksel G\u00fc\u00e7\u201d deyi\u015fi, ger\u00e7ekte ayn\u0131 fikrin yaln\u0131zca daha a\u00e7\u0131k bir ifadesidir; \u00e7\u00fcnk\u00fc daha a\u015fa\u011f\u0131 ve kaba d\u0131\u015favurumlar\u0131n i\u00e7indeki iktidar, her zaman g\u00fc\u00e7 olarak daha iyi betimlenmi\u015ftir; \u00f6rne\u011fin av\u0131n yakalan\u0131p a\u011fza g\u00f6t\u00fcr\u00fclmesi g\u00fc\u00e7 arac\u0131l\u0131\u011f\u0131yla ger\u00e7ekle\u015ftirilir. [&hellip;]\" \/>\n<meta property=\"og:url\" content=\"https:\/\/narteks.net\/index.php\/2011\/03\/23\/kitle-ve-iktidar-elias-canetti\/\" \/>\n<meta property=\"og:site_name\" content=\"narteks.net\" \/>\n<meta property=\"article:published_time\" content=\"2011-03-23T12:31:23+00:00\" \/>\n<meta property=\"og:image\" content=\"http:\/\/media-2.web.britannica.com\/eb-media\/06\/21106-004-1374FFF3.jpg\" \/>\n<meta name=\"author\" content=\"Tar\u0131k\" \/>\n<meta name=\"twitter:card\" content=\"summary_large_image\" \/>\n<meta name=\"twitter:creator\" content=\"@narteks\" \/>\n<meta name=\"twitter:site\" content=\"@narteks\" \/>\n<meta name=\"twitter:label1\" content=\"Yazan:\" \/>\n\t<meta name=\"twitter:data1\" content=\"Tar\u0131k\" \/>\n\t<meta name=\"twitter:label2\" content=\"Tahmini okuma s\u00fcresi\" \/>\n\t<meta name=\"twitter:data2\" content=\"4 dakika\" \/>\n<script type=\"application\/ld+json\" class=\"yoast-schema-graph\">{\"@context\":\"https:\/\/schema.org\",\"@graph\":[{\"@type\":\"Article\",\"@id\":\"https:\/\/narteks.net\/index.php\/2011\/03\/23\/kitle-ve-iktidar-elias-canetti\/#article\",\"isPartOf\":{\"@id\":\"https:\/\/narteks.net\/index.php\/2011\/03\/23\/kitle-ve-iktidar-elias-canetti\/\"},\"author\":{\"name\":\"Tar\u0131k\",\"@id\":\"https:\/\/narteks.net\/#\/schema\/person\/61f37d9834294b72d31d274e7ed79bca\"},\"headline\":\"Kitle ve \u0130ktidar | Elias Canetti\",\"datePublished\":\"2011-03-23T12:31:23+00:00\",\"mainEntityOfPage\":{\"@id\":\"https:\/\/narteks.net\/index.php\/2011\/03\/23\/kitle-ve-iktidar-elias-canetti\/\"},\"wordCount\":849,\"commentCount\":0,\"publisher\":{\"@id\":\"https:\/\/narteks.net\/#organization\"},\"image\":{\"@id\":\"https:\/\/narteks.net\/index.php\/2011\/03\/23\/kitle-ve-iktidar-elias-canetti\/#primaryimage\"},\"thumbnailUrl\":\"http:\/\/media-2.web.britannica.com\/eb-media\/06\/21106-004-1374FFF3.jpg\",\"articleSection\":[\"Edebiyat ( D\u00fcnya )\"],\"inLanguage\":\"tr\",\"potentialAction\":[{\"@type\":\"CommentAction\",\"name\":\"Comment\",\"target\":[\"https:\/\/narteks.net\/index.php\/2011\/03\/23\/kitle-ve-iktidar-elias-canetti\/#respond\"]}]},{\"@type\":\"WebPage\",\"@id\":\"https:\/\/narteks.net\/index.php\/2011\/03\/23\/kitle-ve-iktidar-elias-canetti\/\",\"url\":\"https:\/\/narteks.net\/index.php\/2011\/03\/23\/kitle-ve-iktidar-elias-canetti\/\",\"name\":\"Kitle ve \u0130ktidar | Elias Canetti - narteks.net\",\"isPartOf\":{\"@id\":\"https:\/\/narteks.net\/#website\"},\"primaryImageOfPage\":{\"@id\":\"https:\/\/narteks.net\/index.php\/2011\/03\/23\/kitle-ve-iktidar-elias-canetti\/#primaryimage\"},\"image\":{\"@id\":\"https:\/\/narteks.net\/index.php\/2011\/03\/23\/kitle-ve-iktidar-elias-canetti\/#primaryimage\"},\"thumbnailUrl\":\"http:\/\/media-2.web.britannica.com\/eb-media\/06\/21106-004-1374FFF3.jpg\",\"datePublished\":\"2011-03-23T12:31:23+00:00\",\"breadcrumb\":{\"@id\":\"https:\/\/narteks.net\/index.php\/2011\/03\/23\/kitle-ve-iktidar-elias-canetti\/#breadcrumb\"},\"inLanguage\":\"tr\",\"potentialAction\":[{\"@type\":\"ReadAction\",\"target\":[\"https:\/\/narteks.net\/index.php\/2011\/03\/23\/kitle-ve-iktidar-elias-canetti\/\"]}]},{\"@type\":\"ImageObject\",\"inLanguage\":\"tr\",\"@id\":\"https:\/\/narteks.net\/index.php\/2011\/03\/23\/kitle-ve-iktidar-elias-canetti\/#primaryimage\",\"url\":\"http:\/\/media-2.web.britannica.com\/eb-media\/06\/21106-004-1374FFF3.jpg\",\"contentUrl\":\"http:\/\/media-2.web.britannica.com\/eb-media\/06\/21106-004-1374FFF3.jpg\"},{\"@type\":\"BreadcrumbList\",\"@id\":\"https:\/\/narteks.net\/index.php\/2011\/03\/23\/kitle-ve-iktidar-elias-canetti\/#breadcrumb\",\"itemListElement\":[{\"@type\":\"ListItem\",\"position\":1,\"name\":\"Anasayfa\",\"item\":\"https:\/\/narteks.net\/\"},{\"@type\":\"ListItem\",\"position\":2,\"name\":\"Kitle ve \u0130ktidar | Elias Canetti\"}]},{\"@type\":\"WebSite\",\"@id\":\"https:\/\/narteks.net\/#website\",\"url\":\"https:\/\/narteks.net\/\",\"name\":\"narteks.net\",\"description\":\"K\u00fclt\u00fcr Sanat Edebiyat Felsefe\",\"publisher\":{\"@id\":\"https:\/\/narteks.net\/#organization\"},\"alternateName\":\"K\u00fclt\u00fcr Sanat Edebiyat Felsefe\",\"potentialAction\":[{\"@type\":\"SearchAction\",\"target\":{\"@type\":\"EntryPoint\",\"urlTemplate\":\"https:\/\/narteks.net\/?s={search_term_string}\"},\"query-input\":{\"@type\":\"PropertyValueSpecification\",\"valueRequired\":true,\"valueName\":\"search_term_string\"}}],\"inLanguage\":\"tr\"},{\"@type\":\"Organization\",\"@id\":\"https:\/\/narteks.net\/#organization\",\"name\":\"narteks.net\",\"url\":\"https:\/\/narteks.net\/\",\"logo\":{\"@type\":\"ImageObject\",\"inLanguage\":\"tr\",\"@id\":\"https:\/\/narteks.net\/#\/schema\/logo\/image\/\",\"url\":\"https:\/\/narteks.net\/wp-content\/uploads\/narteks.png\",\"contentUrl\":\"https:\/\/narteks.net\/wp-content\/uploads\/narteks.png\",\"width\":300,\"height\":90,\"caption\":\"narteks.net\"},\"image\":{\"@id\":\"https:\/\/narteks.net\/#\/schema\/logo\/image\/\"},\"sameAs\":[\"https:\/\/x.com\/narteks\",\"https:\/\/instagram.com\/narteksnet\"]},{\"@type\":\"Person\",\"@id\":\"https:\/\/narteks.net\/#\/schema\/person\/61f37d9834294b72d31d274e7ed79bca\",\"name\":\"Tar\u0131k\",\"image\":{\"@type\":\"ImageObject\",\"inLanguage\":\"tr\",\"@id\":\"https:\/\/narteks.net\/#\/schema\/person\/image\/\",\"url\":\"https:\/\/secure.gravatar.com\/avatar\/50865afb55632c4ae467e0af0930f6510aa2297d8014be502a55b14f3b7550cf?s=96&d=mm&r=g\",\"contentUrl\":\"https:\/\/secure.gravatar.com\/avatar\/50865afb55632c4ae467e0af0930f6510aa2297d8014be502a55b14f3b7550cf?s=96&d=mm&r=g\",\"caption\":\"Tar\u0131k\"},\"sameAs\":[\"http:\/\/narteks.net\"],\"url\":\"https:\/\/narteks.net\/index.php\/author\/narbak\/\"}]}<\/script>\n<!-- \/ Yoast SEO Premium plugin. -->","yoast_head_json":{"title":"Kitle ve \u0130ktidar | Elias Canetti - narteks.net","robots":{"index":"index","follow":"follow","max-snippet":"max-snippet:-1","max-image-preview":"max-image-preview:large","max-video-preview":"max-video-preview:-1"},"canonical":"https:\/\/narteks.net\/index.php\/2011\/03\/23\/kitle-ve-iktidar-elias-canetti\/","og_locale":"tr_TR","og_type":"article","og_title":"Kitle ve \u0130ktidar | Elias Canetti","og_description":"\u201cG\u00fc\u00e7\u201d s\u00f6zc\u00fc\u011f\u00fc, etkisi bak\u0131m\u0131ndan do\u011frudan ve burada olan bir \u015feyi, iktidardan daha dolays\u0131z bir bi\u00e7imde zorlay\u0131c\u0131 bir \u015feyi akla getirir. \u201c Fiziksel G\u00fc\u00e7\u201d deyi\u015fi, ger\u00e7ekte ayn\u0131 fikrin yaln\u0131zca daha a\u00e7\u0131k bir ifadesidir; \u00e7\u00fcnk\u00fc daha a\u015fa\u011f\u0131 ve kaba d\u0131\u015favurumlar\u0131n i\u00e7indeki iktidar, her zaman g\u00fc\u00e7 olarak daha iyi betimlenmi\u015ftir; \u00f6rne\u011fin av\u0131n yakalan\u0131p a\u011fza g\u00f6t\u00fcr\u00fclmesi g\u00fc\u00e7 arac\u0131l\u0131\u011f\u0131yla ger\u00e7ekle\u015ftirilir. [&hellip;]","og_url":"https:\/\/narteks.net\/index.php\/2011\/03\/23\/kitle-ve-iktidar-elias-canetti\/","og_site_name":"narteks.net","article_published_time":"2011-03-23T12:31:23+00:00","og_image":[{"url":"http:\/\/media-2.web.britannica.com\/eb-media\/06\/21106-004-1374FFF3.jpg","type":"","width":"","height":""}],"author":"Tar\u0131k","twitter_card":"summary_large_image","twitter_creator":"@narteks","twitter_site":"@narteks","twitter_misc":{"Yazan:":"Tar\u0131k","Tahmini okuma s\u00fcresi":"4 dakika"},"schema":{"@context":"https:\/\/schema.org","@graph":[{"@type":"Article","@id":"https:\/\/narteks.net\/index.php\/2011\/03\/23\/kitle-ve-iktidar-elias-canetti\/#article","isPartOf":{"@id":"https:\/\/narteks.net\/index.php\/2011\/03\/23\/kitle-ve-iktidar-elias-canetti\/"},"author":{"name":"Tar\u0131k","@id":"https:\/\/narteks.net\/#\/schema\/person\/61f37d9834294b72d31d274e7ed79bca"},"headline":"Kitle ve \u0130ktidar | Elias Canetti","datePublished":"2011-03-23T12:31:23+00:00","mainEntityOfPage":{"@id":"https:\/\/narteks.net\/index.php\/2011\/03\/23\/kitle-ve-iktidar-elias-canetti\/"},"wordCount":849,"commentCount":0,"publisher":{"@id":"https:\/\/narteks.net\/#organization"},"image":{"@id":"https:\/\/narteks.net\/index.php\/2011\/03\/23\/kitle-ve-iktidar-elias-canetti\/#primaryimage"},"thumbnailUrl":"http:\/\/media-2.web.britannica.com\/eb-media\/06\/21106-004-1374FFF3.jpg","articleSection":["Edebiyat ( D\u00fcnya )"],"inLanguage":"tr","potentialAction":[{"@type":"CommentAction","name":"Comment","target":["https:\/\/narteks.net\/index.php\/2011\/03\/23\/kitle-ve-iktidar-elias-canetti\/#respond"]}]},{"@type":"WebPage","@id":"https:\/\/narteks.net\/index.php\/2011\/03\/23\/kitle-ve-iktidar-elias-canetti\/","url":"https:\/\/narteks.net\/index.php\/2011\/03\/23\/kitle-ve-iktidar-elias-canetti\/","name":"Kitle ve \u0130ktidar | Elias Canetti - narteks.net","isPartOf":{"@id":"https:\/\/narteks.net\/#website"},"primaryImageOfPage":{"@id":"https:\/\/narteks.net\/index.php\/2011\/03\/23\/kitle-ve-iktidar-elias-canetti\/#primaryimage"},"image":{"@id":"https:\/\/narteks.net\/index.php\/2011\/03\/23\/kitle-ve-iktidar-elias-canetti\/#primaryimage"},"thumbnailUrl":"http:\/\/media-2.web.britannica.com\/eb-media\/06\/21106-004-1374FFF3.jpg","datePublished":"2011-03-23T12:31:23+00:00","breadcrumb":{"@id":"https:\/\/narteks.net\/index.php\/2011\/03\/23\/kitle-ve-iktidar-elias-canetti\/#breadcrumb"},"inLanguage":"tr","potentialAction":[{"@type":"ReadAction","target":["https:\/\/narteks.net\/index.php\/2011\/03\/23\/kitle-ve-iktidar-elias-canetti\/"]}]},{"@type":"ImageObject","inLanguage":"tr","@id":"https:\/\/narteks.net\/index.php\/2011\/03\/23\/kitle-ve-iktidar-elias-canetti\/#primaryimage","url":"http:\/\/media-2.web.britannica.com\/eb-media\/06\/21106-004-1374FFF3.jpg","contentUrl":"http:\/\/media-2.web.britannica.com\/eb-media\/06\/21106-004-1374FFF3.jpg"},{"@type":"BreadcrumbList","@id":"https:\/\/narteks.net\/index.php\/2011\/03\/23\/kitle-ve-iktidar-elias-canetti\/#breadcrumb","itemListElement":[{"@type":"ListItem","position":1,"name":"Anasayfa","item":"https:\/\/narteks.net\/"},{"@type":"ListItem","position":2,"name":"Kitle ve \u0130ktidar | Elias Canetti"}]},{"@type":"WebSite","@id":"https:\/\/narteks.net\/#website","url":"https:\/\/narteks.net\/","name":"narteks.net","description":"K\u00fclt\u00fcr Sanat Edebiyat Felsefe","publisher":{"@id":"https:\/\/narteks.net\/#organization"},"alternateName":"K\u00fclt\u00fcr Sanat Edebiyat Felsefe","potentialAction":[{"@type":"SearchAction","target":{"@type":"EntryPoint","urlTemplate":"https:\/\/narteks.net\/?s={search_term_string}"},"query-input":{"@type":"PropertyValueSpecification","valueRequired":true,"valueName":"search_term_string"}}],"inLanguage":"tr"},{"@type":"Organization","@id":"https:\/\/narteks.net\/#organization","name":"narteks.net","url":"https:\/\/narteks.net\/","logo":{"@type":"ImageObject","inLanguage":"tr","@id":"https:\/\/narteks.net\/#\/schema\/logo\/image\/","url":"https:\/\/narteks.net\/wp-content\/uploads\/narteks.png","contentUrl":"https:\/\/narteks.net\/wp-content\/uploads\/narteks.png","width":300,"height":90,"caption":"narteks.net"},"image":{"@id":"https:\/\/narteks.net\/#\/schema\/logo\/image\/"},"sameAs":["https:\/\/x.com\/narteks","https:\/\/instagram.com\/narteksnet"]},{"@type":"Person","@id":"https:\/\/narteks.net\/#\/schema\/person\/61f37d9834294b72d31d274e7ed79bca","name":"Tar\u0131k","image":{"@type":"ImageObject","inLanguage":"tr","@id":"https:\/\/narteks.net\/#\/schema\/person\/image\/","url":"https:\/\/secure.gravatar.com\/avatar\/50865afb55632c4ae467e0af0930f6510aa2297d8014be502a55b14f3b7550cf?s=96&d=mm&r=g","contentUrl":"https:\/\/secure.gravatar.com\/avatar\/50865afb55632c4ae467e0af0930f6510aa2297d8014be502a55b14f3b7550cf?s=96&d=mm&r=g","caption":"Tar\u0131k"},"sameAs":["http:\/\/narteks.net"],"url":"https:\/\/narteks.net\/index.php\/author\/narbak\/"}]}},"_links":{"self":[{"href":"https:\/\/narteks.net\/index.php\/wp-json\/wp\/v2\/posts\/5897","targetHints":{"allow":["GET"]}}],"collection":[{"href":"https:\/\/narteks.net\/index.php\/wp-json\/wp\/v2\/posts"}],"about":[{"href":"https:\/\/narteks.net\/index.php\/wp-json\/wp\/v2\/types\/post"}],"author":[{"embeddable":true,"href":"https:\/\/narteks.net\/index.php\/wp-json\/wp\/v2\/users\/1"}],"replies":[{"embeddable":true,"href":"https:\/\/narteks.net\/index.php\/wp-json\/wp\/v2\/comments?post=5897"}],"version-history":[{"count":0,"href":"https:\/\/narteks.net\/index.php\/wp-json\/wp\/v2\/posts\/5897\/revisions"}],"wp:attachment":[{"href":"https:\/\/narteks.net\/index.php\/wp-json\/wp\/v2\/media?parent=5897"}],"wp:term":[{"taxonomy":"category","embeddable":true,"href":"https:\/\/narteks.net\/index.php\/wp-json\/wp\/v2\/categories?post=5897"},{"taxonomy":"post_tag","embeddable":true,"href":"https:\/\/narteks.net\/index.php\/wp-json\/wp\/v2\/tags?post=5897"}],"curies":[{"name":"wp","href":"https:\/\/api.w.org\/{rel}","templated":true}]}}