{"id":5898,"date":"2011-03-24T11:32:57","date_gmt":"2011-03-24T08:32:57","guid":{"rendered":"http:\/\/localhost\/wordpress\/2011\/03\/24\/takiyeddin-efendi-ve-meleklerin-bacaklar-soner-yalcn\/"},"modified":"2011-03-24T11:32:57","modified_gmt":"2011-03-24T08:32:57","slug":"takiyeddin-efendi-ve-meleklerin-bacaklar-soner-yalcn","status":"publish","type":"post","link":"https:\/\/narteks.net\/index.php\/2011\/03\/24\/takiyeddin-efendi-ve-meleklerin-bacaklar-soner-yalcn\/","title":{"rendered":"Takiyeddin Efendi ve Meleklerin Bacaklar\u0131 | Soner Yal\u00e7\u0131n"},"content":{"rendered":"<p style=\"text-align: justify;\"><img decoding=\"async\" src=\"images\/stories\/melek-resim.jpg\" border=\"0\" alt=\"melek_resim\" style=\"float: left;\" \/>Y\u0131l: 1580. Yer: \u0130stanbul\/Tophane. Halk, veba-deprem gibi felaketlerin nedeni olarak, Tophane\u2019deki \u201cbilim merkezi\u201dni g\u00f6sterdi.<\/p>\n<p>\u00c7\u00fcnk\u00fc orada \u201cmeleklerin bacaklar\u0131na bak\u0131l\u0131yor\u201ddu. Padi\u015fah halk\u0131n tepkisinden korktu. \u201cDar el-Rasad el-Cedid el-Sultani\u201d y\u0131k\u0131l\u0131p d\u00fcmd\u00fcz edildi. Bu olay kimi tarih\u00e7iye g\u00f6re Osmanl\u0131\u2019n\u0131n duraklama d\u00f6nemine girmesinin milad\u0131yd\u0131. Peki, ge\u00e7en hafta Tophane\u2019deki sanat evlerine yap\u0131lan sald\u0131r\u0131yla, 430 y\u0131l \u00f6nceki olay aras\u0131nda nas\u0131l bir ili\u015fki var? Sonu\u00e7 asl\u0131nda nedendir\u2026<\/p>\n<p>\u00c7ok eskilere gitmeden, \u00f6nce bizim tarihimizden baz\u0131 bilgiler vermeliyim:<br \/>Sel\u00e7uklu veziri Nizam\u00fclm\u00fclk 1067 y\u0131l\u0131nda Ba\u011fdat ve Ni\u015fabur\u2019da \u201cNizamiye Medreseleri\u201dni kurdu. Buralarda dini bilgiler yan\u0131nda, hukuk, dilbilim, matematik, astronomi gibi pozitif bilimler de \u00f6\u011fretildi.<br \/>Osmanl\u0131\u2019da ilk medreseyi 1331\u2019de Orhan Gazi \u0130znik\u2019te kurdu. Alt d\u00fczeydeki Osmanl\u0131 medreselerinde okuma-yazma ve din bilgileri \u00f6\u011fretilirken; \u00fcst d\u00fczeydeki medreselerde dini bilgiler yan\u0131nda matematik, astronomi ve t\u0131p e\u011fitimi de verildi.<br \/>Osmanl\u0131\u2019da bir de Enderun okullar\u0131 (\u201cSaray \u00dcniversitesi\u201d) vard\u0131. II. Murad d\u00f6neminde kurulan bu okullara, teste tabi tutulup ba\u015far\u0131l\u0131 olan H\u0131ristiyan ailelerinin k\u00fc\u00e7\u00fck ya\u015ftaki \u00e7ocuklar\u0131 al\u0131n\u0131r, okutulur ve devlet hizmetlerinde kullan\u0131l\u0131rd\u0131. Ku\u015fkusuz bu okullarda da din bilgileri yan\u0131nda m\u00fcspet bilimler de \u00f6\u011fretilirdi.<\/p>\n<p>DEVR\u0130MC\u0130 PAD\u0130\u015eAH<\/p>\n<p>Medrese ve Enderun\u2019daki e\u011fitim-\u00f6\u011fretim, bir \u201ckitap kurdu\u201d olan Fatih Sultan Mehmed d\u00f6neminde en y\u00fcksek seviyeye \u00e7\u0131kt\u0131. Akkoyunlu h\u00fck\u00fcmdar\u0131 Uzun Hasan\u2019\u0131n el\u00e7isi olarak \u0130stanbul\u2019a gelen Ali Ku\u015f\u00e7u\u2019nun bilgisine Fatih Sultan Mehmed hayran kald\u0131.<br \/>Ali Ku\u015f\u00e7u, Timur\u2019un h\u00fck\u00fcmdarl\u0131k eden torunu Ulu\u011f Bey\u2019in \u00f6\u011frencisiydi. Ulu\u011f Bey padi\u015fahl\u0131\u011f\u0131n\u0131n yan\u0131nda alimdi; 1437\u2019de -teleskopun olmad\u0131\u011f\u0131 o d\u00f6nemde- g\u00f6sterge \u00e7ubu\u011fu olan g\u00fcne\u015f saatiyle y\u0131ld\u0131zlar\u0131n yerini tespit etmi\u015f; g\u00fcne\u015fin di\u011fer y\u0131ld\u0131zlara g\u00f6re yer de\u011fi\u015ftirip ayn\u0131 yere gelmesi i\u00e7in gerekli s\u00fcreyi 58 saniyelik hatayla hesaplam\u0131\u015ft\u0131.<br \/>Fatih Sultan Mehmed, b\u00f6yle bir \u00f6\u011fretmenin yan\u0131nda yeti\u015fen alim Ali Ku\u015f\u00e7u\u2019yu himayesine ald\u0131. Ayasofya Medresesi\u2019nde Osmanl\u0131 Devleti\u2019nin astronomi alimi olarak g\u00f6revlendirdi. Ali Ku\u015f\u00e7u burada bir\u00e7ok \u00f6\u011frenci yeti\u015ftirdi.<br \/>\u00c7e\u015fitli yazarlara g\u00f6re Osmanl\u0131 medreselerini ilk defa esasl\u0131 bir \u015fekilde tertip ve tanzim edip te\u015fkilatland\u0131ran Ali Ku\u015f\u00e7u idi.<br \/>Osmanl\u0131 sadece fetih\u00e7i de\u011fil ayn\u0131 zamanda bilgi birikimi alan\u0131nda Bat\u0131\u2019n\u0131n \u00f6n\u00fcndeydi.<\/p>\n<p>II. BEYAZID\u2019IN \u0130TT\u0130FAKI<\/p>\n<p>Fakat Fatih\u2019in \u00f6l\u00fcm\u00fc ve o\u011fullar\u0131 Beyaz\u0131d ile Cem Sultan\u2019\u0131n kavgas\u0131 Osmanl\u0131\u2019n\u0131n m\u00fcspet bilimlere ilgisini etkiledi. II. Beyaz\u0131d \u015eeriat\u2019a ba\u011fl\u0131l\u0131\u011f\u0131 esas ald\u0131. Bunun temel sebebi, Cem Sultan\u2019\u0131 altetmek i\u00e7in saray\u0131n gerici kanad\u0131yla i\u015fbirli\u011fi yapmas\u0131yd\u0131. Bu nedenle de, Osmanl\u0131\u2019y\u0131 yeniden kuran babas\u0131 Fatih\u2019in devrimci reformlar\u0131n\u0131 bir kenara att\u0131. \u00d6rne\u011fin, Fatih\u2019in \u0130talya\u2019dan getirdi\u011fi sanat\u00e7\u0131lara yapt\u0131rd\u0131\u011f\u0131 Topkap\u0131 Saray\u0131\u2019ndaki freskolar\u0131 s\u00f6k\u00fcp att\u0131rd\u0131. Babas\u0131 d\u00f6nemindeki \u00f6rfi devlet kanunlar\u0131n\u0131n alanlar\u0131n\u0131 daraltt\u0131. Kamula\u015ft\u0131r\u0131lan emlak ve evkaf\u0131 sahiplerine da\u011f\u0131tt\u0131. Vs.<br \/>M\u00fcspet bilimler de bundan etkilendi, s\u00fcre\u00e7 yava\u015flat\u0131ld\u0131 ve bu anlay\u0131\u015f \u201cmuhafazakarla\u015fmaya\u201d neden oldu.<br \/>Bu durum bak\u0131n 16. y\u00fczy\u0131lda neye yol a\u00e7t\u0131?..<\/p>\n<p>DAR EL-RASAD EL-CED\u0130D EL-SULTAN\u0130<\/p>\n<p>Takiyeddin bin Muhammed bin El-Maruf Efendi (1521-1585) \u015eam ve Kahire medreselerinde e\u011fitim ald\u0131, Ali Ku\u015f\u00e7u\u2019nun torunu Kutbettin Efendi\u2019den astronomi \u00f6\u011frendi. \u0130stanbul\u2019a geldi\u011finde Osmanl\u0131 Saray\u0131\u2019n\u0131n g\u00f6zde alimlerinden biri oldu. Nas\u0131l olmas\u0131n:<br \/>D\u00fcnyada ilk olarak hem de Avrupa\u2019dan 10 y\u0131l kadar \u00f6nce ilk trigonometri tablolar\u0131n\u0131 yapt\u0131. Onlu sistemle \u00e7arpma b\u00f6lme karek\u00f6k alma yollar\u0131n\u0131 ortaya<br \/>koydu.<br \/>\u0130lgi alan\u0131 astronomiydi. Sadrazam Sokulu Mehmet Pa\u015fa ve Hoca Sadeddin Efendi\u2019nin deste\u011fiyle Galata Kulesi\u2019nden g\u00f6zlemler yapt\u0131.<br \/>Ve bir g\u00fcn, Sultan III. Murad\u2019\u0131n hocas\u0131 (ki ayn\u0131 zamanda kendisinin de \u00f6\u011fretmeniydi) Hoca Sadeddin Efendi arac\u0131l\u0131\u011f\u0131yla padi\u015faha bir rapor yaz\u0131p g\u00f6nderdi; Ulu\u011f Bey\u2019in y\u0131ld\u0131z katalogunu yenilemek istiyordu.<br \/>Sultan, arac\u0131 hocas\u0131 oldu\u011fu i\u00e7in bu talebe olumlu yan\u0131t verdi ve Tophane\u2019de rasathane kurulmas\u0131 i\u00e7in 10 bin alt\u0131n verdi.<br \/>1575 y\u0131l\u0131nda \u201cDar el-Rasad el-Cedid el-Sultani\u201d yap\u0131ld\u0131.<br \/>Rasathanedeki kum saati, mekanik saati, g\u00f6nye, g\u00f6k k\u00fcreleri, pergel ve cetvel gibi ara\u00e7lar\u0131n hemen hepsini Takiyeddin Efendi kendi elleriyle yapt\u0131. Rasathanenin elinde o zamana g\u00f6re hayli geli\u015fmi\u015f g\u00f6zlem \u00e2letleri vard\u0131. Bu \u00e2letleri yap\u0131l\u0131rken Avrupa\u2019daki \u00f6rneklerden faydalan\u0131ld\u0131\u011f\u0131n\u0131 tahmin edebiliriz.<br \/>Burada bir parantez a\u00e7mama izin verin:<br \/>Polonyal\u0131 astronom, matematik\u00e7i ve fizik\u00e7i N. Copernucus\u2019un ( 1473-1543) ad\u0131n\u0131 duymu\u015fsunuzdur. D\u00fcnyan\u0131n g\u00fcne\u015fin etraf\u0131nda d\u00f6nd\u00fc\u011f\u00fc; ekseninin e\u011fik oldu\u011fu ve gezegenlerin hareketleriyle ilgili kitap yazd\u0131: \u201cGezegenlerin D\u00f6n\u00fc\u015f\u00fc Hakk\u0131nda.\u201d Bu kitap Avrupa\u2019da Ayd\u0131nlanma \u00c7a\u011f\u0131\u2019n\u0131n ba\u015flang\u0131c\u0131 say\u0131lmaktad\u0131r.<br \/>Yine o tarihlerde, Bat\u0131 da Do\u011fu da g\u00f6kbilimleriyle yak\u0131ndan ilgiliydi. Sadece g\u00f6klerle de\u011fil yery\u00fcz\u00fcnde de co\u011frafi ke\u015fifler yap\u0131l\u0131yordu.<br \/>T\u00fcm bunlar do\u011fmakta olan yeni bir d\u00fcnyan\u0131n belirtileriydi. Bilgi birikimi olmayan imparatorluklar\u0131 tehlikeler bekliyordu. \u00d6rne\u011fin; co\u011frafi ke\u015fifler \u0130pek Yolu ticaretini ve dolay\u0131s\u0131yla Osmanl\u0131 gelirlerini \u00e7ok etkilemeye ba\u015flam\u0131\u015ft\u0131.<br \/>Bir \u00f6rnek daha vereyim; bilgi birikimi sava\u015f teknolojisini de etkiliyordu. Avrupa\u2019y\u0131 korkutan Osmanl\u0131 toplar\u0131, t\u00fcfekleri ile donanmas\u0131 art\u0131k yetersizdi.<br \/>Bulu\u015f ihtiya\u00e7tan do\u011fuyordu ve Osmanl\u0131 ilerlemesinin, ayakta kalmas\u0131 i\u00e7in m\u00fcspet bilimlere d\u00f6rt elle sar\u0131lmas\u0131 gerekiyordu.<br \/>Bilgi g\u00fc\u00e7t\u00fc. Rasathanenin kurulmas\u0131 bu a\u00e7\u0131dan \u00f6nemliydi.<br \/>Osmanl\u0131, 16. y\u00fczy\u0131l viraj\u0131n\u0131 ba\u015far\u0131yla d\u00f6nebilecek miydi?<\/p>\n<p>\u201cMELEKLER\u0130N BACAKLARI\u201d<\/p>\n<p>Tarih: 11 Kas\u0131m 1577.<br \/>\u0130stanbul semalar\u0131nda kuyruklu y\u0131ld\u0131z g\u00f6r\u00fcld\u00fc. Halka heyecan ve korku yaratan kuyruklu y\u0131ld\u0131z bir ay boyunca her gece izlendi.<br \/>Kuyruklu y\u0131ld\u0131zdan sonra \u0130stanbul\u2019da \u00f6nce veba salg\u0131n\u0131 ba\u015flad\u0131. Aksilik ayn\u0131 y\u0131l bir de deprem oldu.<br \/>Halk \u00e7aresizdi. Ve her \u00e7aresizlikte oldu\u011fu gibi hurafeler kulaktan kula\u011fa yay\u0131ld\u0131: Felaketin nedeni rasathaneydi! \u00c7\u00fcnk\u00fc buradan meleklerin bacaklar\u0131na bak\u0131l\u0131yordu!<br \/>Kimse \u00e7\u0131k\u0131p, \u201ckarde\u015fim 1539, 1573, 1576\u2019da da veba oldu. Keza depremler hep oluyor\u201d demedi, diyemedi.<br \/>\u00c7\u00fcnk\u00fc sarayda bu hurafelerden beslenen siyasi gruplar vard\u0131. Rasathane kurucusu Takiyeddin\u2019in en b\u00fcy\u00fck destek\u00e7isi Sadeddin Hoca\u2019yla, zaman\u0131n \u015feyh\u00fclisl\u00e2m\u0131 Ahmed \u015eemseddin Efendi\u2019nin aras\u0131 bozuktu. \u015eeyh\u00fclisl\u00e2m saray kad\u0131nlar\u0131n\u0131n da deste\u011fini al\u0131p padi\u015fah\u0131 rasathanenin &#8220;g\u00fcnah&#8221; oldu\u011funa inand\u0131rd\u0131.<br \/>Padi\u015fah III. Murad ku\u015fkusuz inand\u0131\u011f\u0131ndan de\u011fil halk\u0131n ho\u015fnutsuzlu\u011fundan \u00e7ekindi\u011fi i\u00e7in i\u015fine gelene inand\u0131. Zaten b\u00fcy\u00fck zafer kazan\u0131laca\u011f\u0131na inan\u0131larak yap\u0131lan \u0130ran seferinden de pek iyi haberler gelmiyordu.<br \/>Sonu\u00e7ta padi\u015fah emretti, \u015feyh\u00fclislam fetvay\u0131 verdi:<br \/>&#8220;G\u00f6zlem yapmak u\u011fursuzluk getirir. Meleklerin s\u0131rlar\u0131n\u0131 k\u00fcstah\u00e7a anlamaya \u00e7al\u0131\u015fman\u0131n vahim sonu\u00e7lar\u0131 \u00e7ok a\u00e7\u0131kt\u0131r. G\u00f6zlem yap\u0131lan hi\u00e7bir memlekette i\u015fler yolunda gitmemi\u015f ve devlet yap\u0131s\u0131 mutlaka zelzeleye u\u011fram\u0131\u015ft\u0131r.\u201d<br \/>Tophane\u2019deki rasathane yerle bir edildi.<br \/>Bu olaydan ancak 300 y\u0131l sonra Osmanl\u0131 yeni bir rasathane kurabildi. Bu arada,<br \/>Ulu\u011f Bey\u2019in katalogu 1665, 1767 ve 1843 y\u0131llar\u0131nda Avrupa\u2019da g\u00fcncellendi!<br \/>Takiyeddin Efendi\u2019ye ne mi oldu? Rasathane y\u0131k\u0131ld\u0131ktan k\u0131sa bir s\u00fcre sonra kahr\u0131ndan \u00f6ld\u00fc.<br \/>Tophane\u2019de rasathane y\u0131k\u0131l\u0131rken, Avrupa\u2019da Galilei, Kepler, Pascal, Leibniz, Newton vd. Ulu\u011f Bey\u2019in a\u00e7t\u0131\u011f\u0131 yoldan y\u00fcr\u00fcy\u00fcp gittiler.<br \/>Nereden nereye\u2026<br \/>Tophane\u2019deki galerilere sald\u0131r\u0131lar beni nelere g\u00f6t\u00fcrd\u00fc. Umar\u0131m: d\u00fcnyan\u0131n sanat merkezlerinden biri olma yolunda emin ve h\u0131zl\u0131 ad\u0131mlarla yol alan \u0130stanbul\u2019un kar\u015f\u0131s\u0131na \u201cmeleklerin bacaklar\u0131 \u00e7iziliyor, g\u00f6steriliyor\u201d gibi tuhaf engeller \u00e7\u0131kar\u0131lmaz.<br \/>A.Einstein diyor ki: Dinsiz bilim topald\u0131r, bilimsiz din ise k\u00f6r.<\/p>\n<p>Soner Yal\u00e7\u0131n<\/p>\n","protected":false},"excerpt":{"rendered":"<p>Y\u0131l: 1580. Yer: \u0130stanbul\/Tophane. Halk, veba-deprem gibi felaketlerin nedeni olarak, Tophane\u2019deki \u201cbilim merkezi\u201dni g\u00f6sterdi. \u00c7\u00fcnk\u00fc orada \u201cmeleklerin bacaklar\u0131na bak\u0131l\u0131yor\u201ddu. Padi\u015fah halk\u0131n tepkisinden korktu. \u201cDar el-Rasad el-Cedid el-Sultani\u201d y\u0131k\u0131l\u0131p d\u00fcmd\u00fcz edildi. Bu olay kimi tarih\u00e7iye g\u00f6re Osmanl\u0131\u2019n\u0131n duraklama d\u00f6nemine girmesinin milad\u0131yd\u0131. Peki, ge\u00e7en hafta Tophane\u2019deki sanat evlerine yap\u0131lan sald\u0131r\u0131yla, 430 y\u0131l \u00f6nceki olay aras\u0131nda nas\u0131l bir [&hellip;]<\/p>\n","protected":false},"author":1,"featured_media":0,"comment_status":"open","ping_status":"open","sticky":false,"template":"","format":"standard","meta":{"footnotes":""},"categories":[156],"tags":[],"class_list":{"0":"post-5898","1":"post","2":"type-post","3":"status-publish","4":"format-standard","6":"category-genel-tarih"},"yoast_head":"<!-- This site is optimized with the Yoast SEO Premium plugin v24.9 (Yoast SEO v24.9) - https:\/\/yoast.com\/wordpress\/plugins\/seo\/ -->\n<title>Takiyeddin Efendi ve Meleklerin Bacaklar\u0131 | Soner Yal\u00e7\u0131n - narteks.net<\/title>\n<meta name=\"robots\" content=\"index, follow, max-snippet:-1, max-image-preview:large, max-video-preview:-1\" \/>\n<link rel=\"canonical\" href=\"https:\/\/narteks.net\/index.php\/2011\/03\/24\/takiyeddin-efendi-ve-meleklerin-bacaklar-soner-yalcn\/\" \/>\n<meta property=\"og:locale\" content=\"tr_TR\" \/>\n<meta property=\"og:type\" content=\"article\" \/>\n<meta property=\"og:title\" content=\"Takiyeddin Efendi ve Meleklerin Bacaklar\u0131 | Soner Yal\u00e7\u0131n\" \/>\n<meta property=\"og:description\" content=\"Y\u0131l: 1580. Yer: \u0130stanbul\/Tophane. Halk, veba-deprem gibi felaketlerin nedeni olarak, Tophane\u2019deki \u201cbilim merkezi\u201dni g\u00f6sterdi. \u00c7\u00fcnk\u00fc orada \u201cmeleklerin bacaklar\u0131na bak\u0131l\u0131yor\u201ddu. Padi\u015fah halk\u0131n tepkisinden korktu. \u201cDar el-Rasad el-Cedid el-Sultani\u201d y\u0131k\u0131l\u0131p d\u00fcmd\u00fcz edildi. Bu olay kimi tarih\u00e7iye g\u00f6re Osmanl\u0131\u2019n\u0131n duraklama d\u00f6nemine girmesinin milad\u0131yd\u0131. Peki, ge\u00e7en hafta Tophane\u2019deki sanat evlerine yap\u0131lan sald\u0131r\u0131yla, 430 y\u0131l \u00f6nceki olay aras\u0131nda nas\u0131l bir [&hellip;]\" \/>\n<meta property=\"og:url\" content=\"https:\/\/narteks.net\/index.php\/2011\/03\/24\/takiyeddin-efendi-ve-meleklerin-bacaklar-soner-yalcn\/\" \/>\n<meta property=\"og:site_name\" content=\"narteks.net\" \/>\n<meta property=\"article:published_time\" content=\"2011-03-24T08:32:57+00:00\" \/>\n<meta property=\"og:image\" content=\"https:\/\/narteks.net\/wp-content\/uploads\/narteks.png\" \/>\n\t<meta property=\"og:image:width\" content=\"300\" \/>\n\t<meta property=\"og:image:height\" content=\"90\" \/>\n\t<meta property=\"og:image:type\" content=\"image\/png\" \/>\n<meta name=\"author\" content=\"Tar\u0131k\" \/>\n<meta name=\"twitter:card\" content=\"summary_large_image\" \/>\n<meta name=\"twitter:creator\" content=\"@narteks\" \/>\n<meta name=\"twitter:site\" content=\"@narteks\" \/>\n<meta name=\"twitter:label1\" content=\"Yazan:\" \/>\n\t<meta name=\"twitter:data1\" content=\"Tar\u0131k\" \/>\n\t<meta name=\"twitter:label2\" content=\"Tahmini okuma s\u00fcresi\" \/>\n\t<meta name=\"twitter:data2\" content=\"7 dakika\" \/>\n<script type=\"application\/ld+json\" class=\"yoast-schema-graph\">{\"@context\":\"https:\/\/schema.org\",\"@graph\":[{\"@type\":\"Article\",\"@id\":\"https:\/\/narteks.net\/index.php\/2011\/03\/24\/takiyeddin-efendi-ve-meleklerin-bacaklar-soner-yalcn\/#article\",\"isPartOf\":{\"@id\":\"https:\/\/narteks.net\/index.php\/2011\/03\/24\/takiyeddin-efendi-ve-meleklerin-bacaklar-soner-yalcn\/\"},\"author\":{\"name\":\"Tar\u0131k\",\"@id\":\"https:\/\/narteks.net\/#\/schema\/person\/61f37d9834294b72d31d274e7ed79bca\"},\"headline\":\"Takiyeddin Efendi ve Meleklerin Bacaklar\u0131 | Soner Yal\u00e7\u0131n\",\"datePublished\":\"2011-03-24T08:32:57+00:00\",\"mainEntityOfPage\":{\"@id\":\"https:\/\/narteks.net\/index.php\/2011\/03\/24\/takiyeddin-efendi-ve-meleklerin-bacaklar-soner-yalcn\/\"},\"wordCount\":1365,\"commentCount\":0,\"publisher\":{\"@id\":\"https:\/\/narteks.net\/#organization\"},\"articleSection\":[\"Genel Tarih\"],\"inLanguage\":\"tr\",\"potentialAction\":[{\"@type\":\"CommentAction\",\"name\":\"Comment\",\"target\":[\"https:\/\/narteks.net\/index.php\/2011\/03\/24\/takiyeddin-efendi-ve-meleklerin-bacaklar-soner-yalcn\/#respond\"]}]},{\"@type\":\"WebPage\",\"@id\":\"https:\/\/narteks.net\/index.php\/2011\/03\/24\/takiyeddin-efendi-ve-meleklerin-bacaklar-soner-yalcn\/\",\"url\":\"https:\/\/narteks.net\/index.php\/2011\/03\/24\/takiyeddin-efendi-ve-meleklerin-bacaklar-soner-yalcn\/\",\"name\":\"Takiyeddin Efendi ve Meleklerin Bacaklar\u0131 | Soner Yal\u00e7\u0131n - narteks.net\",\"isPartOf\":{\"@id\":\"https:\/\/narteks.net\/#website\"},\"datePublished\":\"2011-03-24T08:32:57+00:00\",\"breadcrumb\":{\"@id\":\"https:\/\/narteks.net\/index.php\/2011\/03\/24\/takiyeddin-efendi-ve-meleklerin-bacaklar-soner-yalcn\/#breadcrumb\"},\"inLanguage\":\"tr\",\"potentialAction\":[{\"@type\":\"ReadAction\",\"target\":[\"https:\/\/narteks.net\/index.php\/2011\/03\/24\/takiyeddin-efendi-ve-meleklerin-bacaklar-soner-yalcn\/\"]}]},{\"@type\":\"BreadcrumbList\",\"@id\":\"https:\/\/narteks.net\/index.php\/2011\/03\/24\/takiyeddin-efendi-ve-meleklerin-bacaklar-soner-yalcn\/#breadcrumb\",\"itemListElement\":[{\"@type\":\"ListItem\",\"position\":1,\"name\":\"Anasayfa\",\"item\":\"https:\/\/narteks.net\/\"},{\"@type\":\"ListItem\",\"position\":2,\"name\":\"Takiyeddin Efendi ve Meleklerin Bacaklar\u0131 | Soner Yal\u00e7\u0131n\"}]},{\"@type\":\"WebSite\",\"@id\":\"https:\/\/narteks.net\/#website\",\"url\":\"https:\/\/narteks.net\/\",\"name\":\"narteks.net\",\"description\":\"K\u00fclt\u00fcr Sanat Edebiyat Felsefe\",\"publisher\":{\"@id\":\"https:\/\/narteks.net\/#organization\"},\"alternateName\":\"K\u00fclt\u00fcr Sanat Edebiyat Felsefe\",\"potentialAction\":[{\"@type\":\"SearchAction\",\"target\":{\"@type\":\"EntryPoint\",\"urlTemplate\":\"https:\/\/narteks.net\/?s={search_term_string}\"},\"query-input\":{\"@type\":\"PropertyValueSpecification\",\"valueRequired\":true,\"valueName\":\"search_term_string\"}}],\"inLanguage\":\"tr\"},{\"@type\":\"Organization\",\"@id\":\"https:\/\/narteks.net\/#organization\",\"name\":\"narteks.net\",\"url\":\"https:\/\/narteks.net\/\",\"logo\":{\"@type\":\"ImageObject\",\"inLanguage\":\"tr\",\"@id\":\"https:\/\/narteks.net\/#\/schema\/logo\/image\/\",\"url\":\"https:\/\/narteks.net\/wp-content\/uploads\/narteks.png\",\"contentUrl\":\"https:\/\/narteks.net\/wp-content\/uploads\/narteks.png\",\"width\":300,\"height\":90,\"caption\":\"narteks.net\"},\"image\":{\"@id\":\"https:\/\/narteks.net\/#\/schema\/logo\/image\/\"},\"sameAs\":[\"https:\/\/x.com\/narteks\",\"https:\/\/instagram.com\/narteksnet\"]},{\"@type\":\"Person\",\"@id\":\"https:\/\/narteks.net\/#\/schema\/person\/61f37d9834294b72d31d274e7ed79bca\",\"name\":\"Tar\u0131k\",\"image\":{\"@type\":\"ImageObject\",\"inLanguage\":\"tr\",\"@id\":\"https:\/\/narteks.net\/#\/schema\/person\/image\/\",\"url\":\"https:\/\/secure.gravatar.com\/avatar\/50865afb55632c4ae467e0af0930f6510aa2297d8014be502a55b14f3b7550cf?s=96&d=mm&r=g\",\"contentUrl\":\"https:\/\/secure.gravatar.com\/avatar\/50865afb55632c4ae467e0af0930f6510aa2297d8014be502a55b14f3b7550cf?s=96&d=mm&r=g\",\"caption\":\"Tar\u0131k\"},\"sameAs\":[\"http:\/\/narteks.net\"],\"url\":\"https:\/\/narteks.net\/index.php\/author\/narbak\/\"}]}<\/script>\n<!-- \/ Yoast SEO Premium plugin. -->","yoast_head_json":{"title":"Takiyeddin Efendi ve Meleklerin Bacaklar\u0131 | Soner Yal\u00e7\u0131n - narteks.net","robots":{"index":"index","follow":"follow","max-snippet":"max-snippet:-1","max-image-preview":"max-image-preview:large","max-video-preview":"max-video-preview:-1"},"canonical":"https:\/\/narteks.net\/index.php\/2011\/03\/24\/takiyeddin-efendi-ve-meleklerin-bacaklar-soner-yalcn\/","og_locale":"tr_TR","og_type":"article","og_title":"Takiyeddin Efendi ve Meleklerin Bacaklar\u0131 | Soner Yal\u00e7\u0131n","og_description":"Y\u0131l: 1580. Yer: \u0130stanbul\/Tophane. Halk, veba-deprem gibi felaketlerin nedeni olarak, Tophane\u2019deki \u201cbilim merkezi\u201dni g\u00f6sterdi. \u00c7\u00fcnk\u00fc orada \u201cmeleklerin bacaklar\u0131na bak\u0131l\u0131yor\u201ddu. Padi\u015fah halk\u0131n tepkisinden korktu. \u201cDar el-Rasad el-Cedid el-Sultani\u201d y\u0131k\u0131l\u0131p d\u00fcmd\u00fcz edildi. Bu olay kimi tarih\u00e7iye g\u00f6re Osmanl\u0131\u2019n\u0131n duraklama d\u00f6nemine girmesinin milad\u0131yd\u0131. Peki, ge\u00e7en hafta Tophane\u2019deki sanat evlerine yap\u0131lan sald\u0131r\u0131yla, 430 y\u0131l \u00f6nceki olay aras\u0131nda nas\u0131l bir [&hellip;]","og_url":"https:\/\/narteks.net\/index.php\/2011\/03\/24\/takiyeddin-efendi-ve-meleklerin-bacaklar-soner-yalcn\/","og_site_name":"narteks.net","article_published_time":"2011-03-24T08:32:57+00:00","og_image":[{"width":300,"height":90,"url":"https:\/\/narteks.net\/wp-content\/uploads\/narteks.png","type":"image\/png"}],"author":"Tar\u0131k","twitter_card":"summary_large_image","twitter_creator":"@narteks","twitter_site":"@narteks","twitter_misc":{"Yazan:":"Tar\u0131k","Tahmini okuma s\u00fcresi":"7 dakika"},"schema":{"@context":"https:\/\/schema.org","@graph":[{"@type":"Article","@id":"https:\/\/narteks.net\/index.php\/2011\/03\/24\/takiyeddin-efendi-ve-meleklerin-bacaklar-soner-yalcn\/#article","isPartOf":{"@id":"https:\/\/narteks.net\/index.php\/2011\/03\/24\/takiyeddin-efendi-ve-meleklerin-bacaklar-soner-yalcn\/"},"author":{"name":"Tar\u0131k","@id":"https:\/\/narteks.net\/#\/schema\/person\/61f37d9834294b72d31d274e7ed79bca"},"headline":"Takiyeddin Efendi ve Meleklerin Bacaklar\u0131 | Soner Yal\u00e7\u0131n","datePublished":"2011-03-24T08:32:57+00:00","mainEntityOfPage":{"@id":"https:\/\/narteks.net\/index.php\/2011\/03\/24\/takiyeddin-efendi-ve-meleklerin-bacaklar-soner-yalcn\/"},"wordCount":1365,"commentCount":0,"publisher":{"@id":"https:\/\/narteks.net\/#organization"},"articleSection":["Genel Tarih"],"inLanguage":"tr","potentialAction":[{"@type":"CommentAction","name":"Comment","target":["https:\/\/narteks.net\/index.php\/2011\/03\/24\/takiyeddin-efendi-ve-meleklerin-bacaklar-soner-yalcn\/#respond"]}]},{"@type":"WebPage","@id":"https:\/\/narteks.net\/index.php\/2011\/03\/24\/takiyeddin-efendi-ve-meleklerin-bacaklar-soner-yalcn\/","url":"https:\/\/narteks.net\/index.php\/2011\/03\/24\/takiyeddin-efendi-ve-meleklerin-bacaklar-soner-yalcn\/","name":"Takiyeddin Efendi ve Meleklerin Bacaklar\u0131 | Soner Yal\u00e7\u0131n - narteks.net","isPartOf":{"@id":"https:\/\/narteks.net\/#website"},"datePublished":"2011-03-24T08:32:57+00:00","breadcrumb":{"@id":"https:\/\/narteks.net\/index.php\/2011\/03\/24\/takiyeddin-efendi-ve-meleklerin-bacaklar-soner-yalcn\/#breadcrumb"},"inLanguage":"tr","potentialAction":[{"@type":"ReadAction","target":["https:\/\/narteks.net\/index.php\/2011\/03\/24\/takiyeddin-efendi-ve-meleklerin-bacaklar-soner-yalcn\/"]}]},{"@type":"BreadcrumbList","@id":"https:\/\/narteks.net\/index.php\/2011\/03\/24\/takiyeddin-efendi-ve-meleklerin-bacaklar-soner-yalcn\/#breadcrumb","itemListElement":[{"@type":"ListItem","position":1,"name":"Anasayfa","item":"https:\/\/narteks.net\/"},{"@type":"ListItem","position":2,"name":"Takiyeddin Efendi ve Meleklerin Bacaklar\u0131 | Soner Yal\u00e7\u0131n"}]},{"@type":"WebSite","@id":"https:\/\/narteks.net\/#website","url":"https:\/\/narteks.net\/","name":"narteks.net","description":"K\u00fclt\u00fcr Sanat Edebiyat Felsefe","publisher":{"@id":"https:\/\/narteks.net\/#organization"},"alternateName":"K\u00fclt\u00fcr Sanat Edebiyat Felsefe","potentialAction":[{"@type":"SearchAction","target":{"@type":"EntryPoint","urlTemplate":"https:\/\/narteks.net\/?s={search_term_string}"},"query-input":{"@type":"PropertyValueSpecification","valueRequired":true,"valueName":"search_term_string"}}],"inLanguage":"tr"},{"@type":"Organization","@id":"https:\/\/narteks.net\/#organization","name":"narteks.net","url":"https:\/\/narteks.net\/","logo":{"@type":"ImageObject","inLanguage":"tr","@id":"https:\/\/narteks.net\/#\/schema\/logo\/image\/","url":"https:\/\/narteks.net\/wp-content\/uploads\/narteks.png","contentUrl":"https:\/\/narteks.net\/wp-content\/uploads\/narteks.png","width":300,"height":90,"caption":"narteks.net"},"image":{"@id":"https:\/\/narteks.net\/#\/schema\/logo\/image\/"},"sameAs":["https:\/\/x.com\/narteks","https:\/\/instagram.com\/narteksnet"]},{"@type":"Person","@id":"https:\/\/narteks.net\/#\/schema\/person\/61f37d9834294b72d31d274e7ed79bca","name":"Tar\u0131k","image":{"@type":"ImageObject","inLanguage":"tr","@id":"https:\/\/narteks.net\/#\/schema\/person\/image\/","url":"https:\/\/secure.gravatar.com\/avatar\/50865afb55632c4ae467e0af0930f6510aa2297d8014be502a55b14f3b7550cf?s=96&d=mm&r=g","contentUrl":"https:\/\/secure.gravatar.com\/avatar\/50865afb55632c4ae467e0af0930f6510aa2297d8014be502a55b14f3b7550cf?s=96&d=mm&r=g","caption":"Tar\u0131k"},"sameAs":["http:\/\/narteks.net"],"url":"https:\/\/narteks.net\/index.php\/author\/narbak\/"}]}},"_links":{"self":[{"href":"https:\/\/narteks.net\/index.php\/wp-json\/wp\/v2\/posts\/5898","targetHints":{"allow":["GET"]}}],"collection":[{"href":"https:\/\/narteks.net\/index.php\/wp-json\/wp\/v2\/posts"}],"about":[{"href":"https:\/\/narteks.net\/index.php\/wp-json\/wp\/v2\/types\/post"}],"author":[{"embeddable":true,"href":"https:\/\/narteks.net\/index.php\/wp-json\/wp\/v2\/users\/1"}],"replies":[{"embeddable":true,"href":"https:\/\/narteks.net\/index.php\/wp-json\/wp\/v2\/comments?post=5898"}],"version-history":[{"count":0,"href":"https:\/\/narteks.net\/index.php\/wp-json\/wp\/v2\/posts\/5898\/revisions"}],"wp:attachment":[{"href":"https:\/\/narteks.net\/index.php\/wp-json\/wp\/v2\/media?parent=5898"}],"wp:term":[{"taxonomy":"category","embeddable":true,"href":"https:\/\/narteks.net\/index.php\/wp-json\/wp\/v2\/categories?post=5898"},{"taxonomy":"post_tag","embeddable":true,"href":"https:\/\/narteks.net\/index.php\/wp-json\/wp\/v2\/tags?post=5898"}],"curies":[{"name":"wp","href":"https:\/\/api.w.org\/{rel}","templated":true}]}}