{"id":5899,"date":"2011-03-26T17:24:14","date_gmt":"2011-03-26T14:24:14","guid":{"rendered":"http:\/\/localhost\/wordpress\/2011\/03\/26\/bir-yolcudur-dost-ahmet-nam\/"},"modified":"2011-03-26T17:24:14","modified_gmt":"2011-03-26T14:24:14","slug":"bir-yolcudur-dost-ahmet-nam","status":"publish","type":"post","link":"https:\/\/narteks.net\/index.php\/2011\/03\/26\/bir-yolcudur-dost-ahmet-nam\/","title":{"rendered":"Bir Yolcudur Dost | Ahmet \u0130nam"},"content":{"rendered":"<p style=\"text-align: justify;\"><img loading=\"lazy\" decoding=\"async\" src=\"http:\/\/www.kalder.org.tr\/genel\/izmir\/9.MAS\/Ahmet_Inam.jpg\" border=\"0\" width=\"155\" height=\"205\" style=\"float: left;\" \/>&#8211; Dost yok de\u011fil mi Hocam?<br \/>&#8211; \u201cDost yok de\u011fil mi dostum\u201d deseydin Aristoteles\u2019ten Derrida\u2019ya de\u011fin s\u00fcren bir felsefe tart\u0131\u015fmas\u0131na sokard\u0131n beni. Girmeyece\u011fim bu konuya. Yaln\u0131zca felsefe konu\u015fabildi\u011fim dostlar\u0131ma i\u00e7im \u0131s\u0131nmad\u0131 hi\u00e7. \u201cKitap gibi\u201d konu\u015furlar. \u0130\u00e7lerinde, k\u0131rk kilit vurulmu\u015f kap\u0131larla dola\u015f\u0131rlar.<\/p>\n<p>Hani i\u00e7leri \u201ckitap gibi\u201d olsa neyse. Okuduk\u00e7a a\u00e7abilirsin belki kap\u0131lar\u0131. Bunlar\u0131n kilitleridir kitaplar. Okuduk\u00e7a kilitlenirler. Neden? Hangi h\u0131rs\u0131zlardan ka\u00e7\u0131r\u0131rlar i\u00e7lerini? Kimlerden korkarlar?<\/p>\n<p>&#8211; \u00d6z\u00fcr dilerim hocam, \u201ckitab\u00ee\u201dlerle neden u\u011fra\u015f\u0131yorsunuz?Tan\u0131d\u0131\u011f\u0131m kadar\u0131yla Siz de en yo\u011funundan bir \u201ckitab\u00ee\u201d de\u011fil misiniz? Siz de inan\u0131lmaz bir \u201cyans\u0131tma\u201d mekanizmas\u0131 \u00e7al\u0131\u015f\u0131yor. Kendinizde g\u00f6rd\u00fc\u011f\u00fcn\u00fcz eksik ve \u00f6z\u00fcrleri hep \u00f6b\u00fcr insanlarda aray\u0131p duruyorsunuz. Sanki sizin binbir kap\u0131l\u0131 kilitleriniz yok! Bundan dolay\u0131 da, bence sizin hi\u00e7 dostunuz yok! Sevenleriniz olabilir ama dostunuz yok! \u0130zin vermiyorsunuz \u00e7\u00fcnk\u00fc.<\/p>\n<p>&#8211; Do\u011fru yahu! Girilmez i\u015faretini koymu\u015fum bir kez ruhumun kap\u0131lar\u0131na. Belki fark\u0131m \u015fu: Bunu tart\u0131\u015fabiliyorum.<br \/>&#8211; Tart\u0131\u015f\u0131yor gibi yap\u0131yorsunuz. \u0130\u00e7tenmi\u015fsiniz gibi g\u00f6r\u00fcn\u00fcyorsunuz. Ruhunuzdaki s\u0131cakl\u0131\u011f\u0131 ya\u015f\u0131yormu\u015fsunuz gibi. Yayamad\u0131\u011f\u0131n\u0131z i\u00e7in, i\u00e7inizin \u0131s\u0131s\u0131 d\u00fcnyan\u0131z\u0131 cehenneme \u00e7evirmi\u015f! Bunu siz anlatm\u0131\u015ft\u0131n\u0131z. Yazm\u0131\u015fs\u0131n\u0131zd\u0131r da! Korkmazs\u0131n\u0131z \u00e7\u00fcnk\u00fc! Ben \u201ch\u0131yar\u0131m\u201d diye dola\u015f\u0131r durursunuz. Kimse size \u201ch\u0131yar\u201d demesin diye. Biraz da, \u00f6z\u00fcr dilerim, bunun i\u00e7in h\u0131yars\u0131n\u0131z.<\/p>\n<p>&#8211; Bu s\u00f6zleri, bu bi\u00e7imiyle olmasa da, s\u00f6ylemi\u015ftim sana, daha \u00f6nce.<br \/>&#8211; S\u00f6yleyerek ka\u00e7amazs\u0131n\u0131z! Ben \u00e7irkinim diyerek g\u00fczelle\u015femezsiniz!<br \/>&#8211; Ba\u015flayabilirim belki, ne dersin? Bak, kar\u015f\u0131ma \u00e7\u0131kan insanlar\u0131n \u00e7o\u011fu ne yap\u0131yor biliyor musun? \u00c7irkinliklerini \u201cpolitize\u201d ediyorlar, \u201cmedikalize\u201d ediyorlar. \u201cRasyonalize\u201d ediyorlar.<br \/>&#8211; Siz de, hadi sizin tuhaf T\u00fcrk\u00e7e\u2019nizle s\u00f6yleyeyim, \u201cfilozofize\u201d etmeye \u00e7abal\u0131yorsunuz. Kimi kand\u0131rmay\u0131 d\u00fc\u015f\u00fcn\u00fcyorsunuz?<br \/>&#8211; Kimseyi, \u00f6nce siyasalla\u015ft\u0131ranlardan ba\u015flayal\u0131m. Politikac\u0131, gazeteci nice insan g\u00f6rd\u00fcm: \u201cNe olacak bu d\u00fcnyan\u0131n h\u00e2li?\u201d diye sorarlar. Siyasal sava\u015f\u0131m i\u00e7indeki insanlar\u0131 su\u00e7larlar. Siyasal, toplumsal, ekonomik \u00e7\u00f6z\u00fcmlemeler yaparlar. Kendileri bu d\u00fcnyada \u201c\u00f6zne\u201d de\u011filmi\u015f gibi ya\u015farlar: Do\u011frusu, kendi \u00f6zne olu\u015flar\u0131n\u0131 \u201ctoplum\u201d d\u00fczeyinde, toplumlar aras\u0131 d\u00fczeyde ya\u015famaya \u00e7abalarlar. Elbette insan\u0131n siyasal, toplumsal, ekonomik boyutlar\u0131 var. Ya\u015fam\u0131n\u0131 b\u00fcy\u00fck \u00f6l\u00e7\u00fcde belirliyor bunlar. \u0130nsan\u0131n meydan olan y\u00fcz\u00fc bu. A\u00e7\u0131k olan, kamusal y\u00fcz\u00fc, Almanlar\u0131n deyimiyle bir \u201c\u00f6ffenlichkeit\u201d olan y\u00fcz\u00fc. Ama insan\u0131n tek y\u00fcz\u00fc yok ki!<br \/>&#8211; Hah, i\u015fte, kendiniz ele verdiniz! \u0130nsan\u0131 d\u0131\u015f-i\u00e7 deyip par\u00e7al\u0131yorsunuz! B\u00f6ylece kendi s\u0131k\u0131nt\u0131lar\u0131n\u0131za bir yan\u0131t bulmaya \u00e7abal\u0131yorsunuz! Daha do\u011frusu, bir ka\u00e7\u0131\u015f ar\u0131yorsunuz! Kimisi kendini siyasal alanda g\u00f6r\u00fcr, kimisi s\u0131k\u0131nt\u0131lar\u0131n\u0131 bedenin de, t\u0131pta kar\u015f\u0131lar. Kimisi toplum i\u00e7inde. Siz herkesi \u201ci\u00e7 d\u00fcnya\u201d dedi\u011finiz ne id\u00fc\u011f\u00fc belirsiz karanl\u0131k bir yere \u00e7ekmek istiyorsunuz. \u00c7ok az kimse gelir oraya hocam. Gelenler de \u00e7o\u011fu kez ruhsal sorunlar\u0131 olanlard\u0131r! \u00c7a\u011f\u0131m\u0131n insan\u0131 sizden \u00e7ok, ama \u00e7ok ak\u0131ll\u0131! Siz onu nedense aptal, bilin\u00e7siz, hasta bir varl\u0131k gibi g\u00f6rmek istiyorsunuz.<br \/>&#8211; Bu da bir yans\u0131tma olaca\u011f\u0131na g\u00f6re, demek ki aptal, bilin\u00e7siz, hasta olan benim.<br \/>&#8211; Esta\u011ffurullah hocam! Yaln\u0131zca kendinize bir konu\u015fma alan\u0131 a\u00e7mak istiyorsunuz! G\u00f6rd\u00fc\u011f\u00fcm kadar\u0131yla, toplumsal, siyasal, ekonomik \u00e7\u00f6z\u00fcmlemeler yapamad\u0131\u011f\u0131n\u0131z i\u015fi \u201ci\u00e7e\u201d vuruyorsunuz\u2019<br \/>&#8211; Do\u011fru galiba! Kilitlerimi k\u00f6t\u00fc k\u0131r\u0131yorsun delikanl\u0131!<br \/>&#8211; Siz de\u011fil miydiniz, felsefeci \u201ckilit k\u0131rand\u0131r\u201d diyen!<br \/>&#8211; \u00d6yle mi demi\u015fim? Maymuncukla a\u00e7san olmuyor mu?<br \/>&#8211; Akademik \u00e7al\u0131\u015fmalar\u0131mda onu yap\u0131yorum. Tahamm\u00fcl\u00fcn\u00fcze s\u0131\u011f\u0131narak, kap\u0131lar\u0131n\u0131z\u0131 omuzlayarak k\u0131rmay\u0131 d\u00fc\u015f\u00fcn\u00fcyorum.<br \/>&#8211; Peki k\u0131r, \u00f6yleyse! K\u0131r\u0131p da ne yapacaks\u0131n?<br \/>&#8211; \u0130\u00e7inizden ge\u00e7ece\u011fim hocam!<br \/>&#8211; Ne demek o?<br \/>&#8211; Bir yolcu gibi. Dost, i\u00e7imizden ge\u00e7en yolcu de\u011fil midir? Bir konu\u015fman\u0131zda s\u00f6ylemi\u015ftiniz! Ge\u00e7erken nice kap\u0131lardan i\u00e7eri girecek. Hanlar\u0131m\u0131zda e\u011flenecek. Oturacak. Ya\u015fayacak<br \/>&#8211; Sonunda, bizi ge\u00e7ip gidecek \u00f6yle mi?<br \/>&#8211; Bulursa i\u00e7imizde bir yer, \u00f6rne\u011fin bir \u201ckovuk\u201d, bir k\u00f6\u015fk; yay\u0131l\u0131r oturur.<br \/>&#8211; \u201cYay\u0131lmak\u201d ne oluyor?<br \/>&#8211; Elbette, edebinle. Otururuz birlikte.<br \/>&#8211; O bizim i\u00e7imizden ge\u00e7erken, biz de onun i\u00e7inden ge\u00e7mez miyiz? Kar\u015f\u0131l\u0131kl\u0131 bir ge\u00e7i\u015f de\u011fil midir dostluk?<br \/>&#8211; Hocam, \u015fu \u201ckar\u015f\u0131l\u0131kl\u0131l\u0131k\u201d merak\u0131n\u0131za bay\u0131l\u0131yorum do\u011frusu!<br \/>&#8211; O, ge\u00e7ecek biz de onun ge\u00e7i\u015fine bak\u0131p duracak m\u0131y\u0131z?<br \/>&#8211; Yaralar\u0131m\u0131z\u0131 kurcalarsa, \u201cac\u0131yor, fazla elleme\u201d diyebiliriz. Kimi odalar\u0131m\u0131za girmesine izin verir kimilerine izin vermeyiz.<br \/>&#8211; Tak, tak! \u201cDostunum! Ruhunun \u00e7al\u0131yorum kap\u0131s\u0131n\u0131, buyur et beni\u201d diyece\u011fiz, o da kap\u0131lar\u0131n\u0131 a\u00e7acak \u00f6yle mi?<br \/>&#8211; Edebimizle ge\u00e7ece\u011fiz dostun ruhundan. \u0130zler b\u0131rakarak! G\u00fcller, arma\u011fanlar!<br \/>&#8211; \u015eimdi, s\u0131ra ben de. Senin kap\u0131lar\u0131n\u0131 bu s\u00f6zlerine dayanarak k\u0131ray\u0131m da g\u00f6r!<br \/>&#8211; Kap\u0131lar\u0131m kurban olsun size hocam!<br \/>&#8211; Hadi ordan maskara!<\/p>\n","protected":false},"excerpt":{"rendered":"<p>&#8211; Dost yok de\u011fil mi Hocam?&#8211; \u201cDost yok de\u011fil mi dostum\u201d deseydin Aristoteles\u2019ten Derrida\u2019ya de\u011fin s\u00fcren bir felsefe tart\u0131\u015fmas\u0131na sokard\u0131n beni. Girmeyece\u011fim bu konuya. Yaln\u0131zca felsefe konu\u015fabildi\u011fim dostlar\u0131ma i\u00e7im \u0131s\u0131nmad\u0131 hi\u00e7. \u201cKitap gibi\u201d konu\u015furlar. \u0130\u00e7lerinde, k\u0131rk kilit vurulmu\u015f kap\u0131larla dola\u015f\u0131rlar. Hani i\u00e7leri \u201ckitap gibi\u201d olsa neyse. Okuduk\u00e7a a\u00e7abilirsin belki kap\u0131lar\u0131. Bunlar\u0131n kilitleridir kitaplar. Okuduk\u00e7a kilitlenirler. [&hellip;]<\/p>\n","protected":false},"author":1,"featured_media":0,"comment_status":"open","ping_status":"open","sticky":false,"template":"","format":"standard","meta":{"footnotes":""},"categories":[103],"tags":[],"class_list":{"0":"post-5899","1":"post","2":"type-post","3":"status-publish","4":"format-standard","6":"category-felsefe-genel"},"yoast_head":"<!-- This site is optimized with the Yoast SEO Premium plugin v24.9 (Yoast SEO v24.9) - https:\/\/yoast.com\/wordpress\/plugins\/seo\/ -->\n<title>Bir Yolcudur Dost | Ahmet \u0130nam - narteks.net<\/title>\n<meta name=\"robots\" content=\"index, follow, max-snippet:-1, max-image-preview:large, max-video-preview:-1\" \/>\n<link rel=\"canonical\" href=\"https:\/\/narteks.net\/index.php\/2011\/03\/26\/bir-yolcudur-dost-ahmet-nam\/\" \/>\n<meta property=\"og:locale\" content=\"tr_TR\" \/>\n<meta property=\"og:type\" content=\"article\" \/>\n<meta property=\"og:title\" content=\"Bir Yolcudur Dost | Ahmet \u0130nam\" \/>\n<meta property=\"og:description\" content=\"&#8211; Dost yok de\u011fil mi Hocam?&#8211; \u201cDost yok de\u011fil mi dostum\u201d deseydin Aristoteles\u2019ten Derrida\u2019ya de\u011fin s\u00fcren bir felsefe tart\u0131\u015fmas\u0131na sokard\u0131n beni. Girmeyece\u011fim bu konuya. Yaln\u0131zca felsefe konu\u015fabildi\u011fim dostlar\u0131ma i\u00e7im \u0131s\u0131nmad\u0131 hi\u00e7. \u201cKitap gibi\u201d konu\u015furlar. \u0130\u00e7lerinde, k\u0131rk kilit vurulmu\u015f kap\u0131larla dola\u015f\u0131rlar. Hani i\u00e7leri \u201ckitap gibi\u201d olsa neyse. Okuduk\u00e7a a\u00e7abilirsin belki kap\u0131lar\u0131. Bunlar\u0131n kilitleridir kitaplar. Okuduk\u00e7a kilitlenirler. [&hellip;]\" \/>\n<meta property=\"og:url\" content=\"https:\/\/narteks.net\/index.php\/2011\/03\/26\/bir-yolcudur-dost-ahmet-nam\/\" \/>\n<meta property=\"og:site_name\" content=\"narteks.net\" \/>\n<meta property=\"article:published_time\" content=\"2011-03-26T14:24:14+00:00\" \/>\n<meta property=\"og:image\" content=\"http:\/\/www.kalder.org.tr\/genel\/izmir\/9.MAS\/Ahmet_Inam.jpg\" \/>\n<meta name=\"author\" content=\"Tar\u0131k\" \/>\n<meta name=\"twitter:card\" content=\"summary_large_image\" \/>\n<meta name=\"twitter:creator\" content=\"@narteks\" \/>\n<meta name=\"twitter:site\" content=\"@narteks\" \/>\n<meta name=\"twitter:label1\" content=\"Yazan:\" \/>\n\t<meta name=\"twitter:data1\" content=\"Tar\u0131k\" \/>\n\t<meta name=\"twitter:label2\" content=\"Tahmini okuma s\u00fcresi\" \/>\n\t<meta name=\"twitter:data2\" content=\"5 dakika\" \/>\n<script type=\"application\/ld+json\" class=\"yoast-schema-graph\">{\"@context\":\"https:\/\/schema.org\",\"@graph\":[{\"@type\":\"Article\",\"@id\":\"https:\/\/narteks.net\/index.php\/2011\/03\/26\/bir-yolcudur-dost-ahmet-nam\/#article\",\"isPartOf\":{\"@id\":\"https:\/\/narteks.net\/index.php\/2011\/03\/26\/bir-yolcudur-dost-ahmet-nam\/\"},\"author\":{\"name\":\"Tar\u0131k\",\"@id\":\"https:\/\/narteks.net\/#\/schema\/person\/61f37d9834294b72d31d274e7ed79bca\"},\"headline\":\"Bir Yolcudur Dost | Ahmet \u0130nam\",\"datePublished\":\"2011-03-26T14:24:14+00:00\",\"mainEntityOfPage\":{\"@id\":\"https:\/\/narteks.net\/index.php\/2011\/03\/26\/bir-yolcudur-dost-ahmet-nam\/\"},\"wordCount\":921,\"commentCount\":0,\"publisher\":{\"@id\":\"https:\/\/narteks.net\/#organization\"},\"image\":{\"@id\":\"https:\/\/narteks.net\/index.php\/2011\/03\/26\/bir-yolcudur-dost-ahmet-nam\/#primaryimage\"},\"thumbnailUrl\":\"http:\/\/www.kalder.org.tr\/genel\/izmir\/9.MAS\/Ahmet_Inam.jpg\",\"articleSection\":[\"Felsefe (Genel)\"],\"inLanguage\":\"tr\",\"potentialAction\":[{\"@type\":\"CommentAction\",\"name\":\"Comment\",\"target\":[\"https:\/\/narteks.net\/index.php\/2011\/03\/26\/bir-yolcudur-dost-ahmet-nam\/#respond\"]}]},{\"@type\":\"WebPage\",\"@id\":\"https:\/\/narteks.net\/index.php\/2011\/03\/26\/bir-yolcudur-dost-ahmet-nam\/\",\"url\":\"https:\/\/narteks.net\/index.php\/2011\/03\/26\/bir-yolcudur-dost-ahmet-nam\/\",\"name\":\"Bir Yolcudur Dost | Ahmet \u0130nam - narteks.net\",\"isPartOf\":{\"@id\":\"https:\/\/narteks.net\/#website\"},\"primaryImageOfPage\":{\"@id\":\"https:\/\/narteks.net\/index.php\/2011\/03\/26\/bir-yolcudur-dost-ahmet-nam\/#primaryimage\"},\"image\":{\"@id\":\"https:\/\/narteks.net\/index.php\/2011\/03\/26\/bir-yolcudur-dost-ahmet-nam\/#primaryimage\"},\"thumbnailUrl\":\"http:\/\/www.kalder.org.tr\/genel\/izmir\/9.MAS\/Ahmet_Inam.jpg\",\"datePublished\":\"2011-03-26T14:24:14+00:00\",\"breadcrumb\":{\"@id\":\"https:\/\/narteks.net\/index.php\/2011\/03\/26\/bir-yolcudur-dost-ahmet-nam\/#breadcrumb\"},\"inLanguage\":\"tr\",\"potentialAction\":[{\"@type\":\"ReadAction\",\"target\":[\"https:\/\/narteks.net\/index.php\/2011\/03\/26\/bir-yolcudur-dost-ahmet-nam\/\"]}]},{\"@type\":\"ImageObject\",\"inLanguage\":\"tr\",\"@id\":\"https:\/\/narteks.net\/index.php\/2011\/03\/26\/bir-yolcudur-dost-ahmet-nam\/#primaryimage\",\"url\":\"http:\/\/www.kalder.org.tr\/genel\/izmir\/9.MAS\/Ahmet_Inam.jpg\",\"contentUrl\":\"http:\/\/www.kalder.org.tr\/genel\/izmir\/9.MAS\/Ahmet_Inam.jpg\"},{\"@type\":\"BreadcrumbList\",\"@id\":\"https:\/\/narteks.net\/index.php\/2011\/03\/26\/bir-yolcudur-dost-ahmet-nam\/#breadcrumb\",\"itemListElement\":[{\"@type\":\"ListItem\",\"position\":1,\"name\":\"Anasayfa\",\"item\":\"https:\/\/narteks.net\/\"},{\"@type\":\"ListItem\",\"position\":2,\"name\":\"Bir Yolcudur Dost | Ahmet \u0130nam\"}]},{\"@type\":\"WebSite\",\"@id\":\"https:\/\/narteks.net\/#website\",\"url\":\"https:\/\/narteks.net\/\",\"name\":\"narteks.net\",\"description\":\"K\u00fclt\u00fcr Sanat Edebiyat Felsefe\",\"publisher\":{\"@id\":\"https:\/\/narteks.net\/#organization\"},\"alternateName\":\"K\u00fclt\u00fcr Sanat Edebiyat Felsefe\",\"potentialAction\":[{\"@type\":\"SearchAction\",\"target\":{\"@type\":\"EntryPoint\",\"urlTemplate\":\"https:\/\/narteks.net\/?s={search_term_string}\"},\"query-input\":{\"@type\":\"PropertyValueSpecification\",\"valueRequired\":true,\"valueName\":\"search_term_string\"}}],\"inLanguage\":\"tr\"},{\"@type\":\"Organization\",\"@id\":\"https:\/\/narteks.net\/#organization\",\"name\":\"narteks.net\",\"url\":\"https:\/\/narteks.net\/\",\"logo\":{\"@type\":\"ImageObject\",\"inLanguage\":\"tr\",\"@id\":\"https:\/\/narteks.net\/#\/schema\/logo\/image\/\",\"url\":\"https:\/\/narteks.net\/wp-content\/uploads\/narteks.png\",\"contentUrl\":\"https:\/\/narteks.net\/wp-content\/uploads\/narteks.png\",\"width\":300,\"height\":90,\"caption\":\"narteks.net\"},\"image\":{\"@id\":\"https:\/\/narteks.net\/#\/schema\/logo\/image\/\"},\"sameAs\":[\"https:\/\/x.com\/narteks\",\"https:\/\/instagram.com\/narteksnet\"]},{\"@type\":\"Person\",\"@id\":\"https:\/\/narteks.net\/#\/schema\/person\/61f37d9834294b72d31d274e7ed79bca\",\"name\":\"Tar\u0131k\",\"image\":{\"@type\":\"ImageObject\",\"inLanguage\":\"tr\",\"@id\":\"https:\/\/narteks.net\/#\/schema\/person\/image\/\",\"url\":\"https:\/\/secure.gravatar.com\/avatar\/50865afb55632c4ae467e0af0930f6510aa2297d8014be502a55b14f3b7550cf?s=96&d=mm&r=g\",\"contentUrl\":\"https:\/\/secure.gravatar.com\/avatar\/50865afb55632c4ae467e0af0930f6510aa2297d8014be502a55b14f3b7550cf?s=96&d=mm&r=g\",\"caption\":\"Tar\u0131k\"},\"sameAs\":[\"http:\/\/narteks.net\"],\"url\":\"https:\/\/narteks.net\/index.php\/author\/narbak\/\"}]}<\/script>\n<!-- \/ Yoast SEO Premium plugin. -->","yoast_head_json":{"title":"Bir Yolcudur Dost | Ahmet \u0130nam - narteks.net","robots":{"index":"index","follow":"follow","max-snippet":"max-snippet:-1","max-image-preview":"max-image-preview:large","max-video-preview":"max-video-preview:-1"},"canonical":"https:\/\/narteks.net\/index.php\/2011\/03\/26\/bir-yolcudur-dost-ahmet-nam\/","og_locale":"tr_TR","og_type":"article","og_title":"Bir Yolcudur Dost | Ahmet \u0130nam","og_description":"&#8211; Dost yok de\u011fil mi Hocam?&#8211; \u201cDost yok de\u011fil mi dostum\u201d deseydin Aristoteles\u2019ten Derrida\u2019ya de\u011fin s\u00fcren bir felsefe tart\u0131\u015fmas\u0131na sokard\u0131n beni. Girmeyece\u011fim bu konuya. Yaln\u0131zca felsefe konu\u015fabildi\u011fim dostlar\u0131ma i\u00e7im \u0131s\u0131nmad\u0131 hi\u00e7. \u201cKitap gibi\u201d konu\u015furlar. \u0130\u00e7lerinde, k\u0131rk kilit vurulmu\u015f kap\u0131larla dola\u015f\u0131rlar. Hani i\u00e7leri \u201ckitap gibi\u201d olsa neyse. Okuduk\u00e7a a\u00e7abilirsin belki kap\u0131lar\u0131. Bunlar\u0131n kilitleridir kitaplar. Okuduk\u00e7a kilitlenirler. [&hellip;]","og_url":"https:\/\/narteks.net\/index.php\/2011\/03\/26\/bir-yolcudur-dost-ahmet-nam\/","og_site_name":"narteks.net","article_published_time":"2011-03-26T14:24:14+00:00","og_image":[{"url":"http:\/\/www.kalder.org.tr\/genel\/izmir\/9.MAS\/Ahmet_Inam.jpg","type":"","width":"","height":""}],"author":"Tar\u0131k","twitter_card":"summary_large_image","twitter_creator":"@narteks","twitter_site":"@narteks","twitter_misc":{"Yazan:":"Tar\u0131k","Tahmini okuma s\u00fcresi":"5 dakika"},"schema":{"@context":"https:\/\/schema.org","@graph":[{"@type":"Article","@id":"https:\/\/narteks.net\/index.php\/2011\/03\/26\/bir-yolcudur-dost-ahmet-nam\/#article","isPartOf":{"@id":"https:\/\/narteks.net\/index.php\/2011\/03\/26\/bir-yolcudur-dost-ahmet-nam\/"},"author":{"name":"Tar\u0131k","@id":"https:\/\/narteks.net\/#\/schema\/person\/61f37d9834294b72d31d274e7ed79bca"},"headline":"Bir Yolcudur Dost | Ahmet \u0130nam","datePublished":"2011-03-26T14:24:14+00:00","mainEntityOfPage":{"@id":"https:\/\/narteks.net\/index.php\/2011\/03\/26\/bir-yolcudur-dost-ahmet-nam\/"},"wordCount":921,"commentCount":0,"publisher":{"@id":"https:\/\/narteks.net\/#organization"},"image":{"@id":"https:\/\/narteks.net\/index.php\/2011\/03\/26\/bir-yolcudur-dost-ahmet-nam\/#primaryimage"},"thumbnailUrl":"http:\/\/www.kalder.org.tr\/genel\/izmir\/9.MAS\/Ahmet_Inam.jpg","articleSection":["Felsefe (Genel)"],"inLanguage":"tr","potentialAction":[{"@type":"CommentAction","name":"Comment","target":["https:\/\/narteks.net\/index.php\/2011\/03\/26\/bir-yolcudur-dost-ahmet-nam\/#respond"]}]},{"@type":"WebPage","@id":"https:\/\/narteks.net\/index.php\/2011\/03\/26\/bir-yolcudur-dost-ahmet-nam\/","url":"https:\/\/narteks.net\/index.php\/2011\/03\/26\/bir-yolcudur-dost-ahmet-nam\/","name":"Bir Yolcudur Dost | Ahmet \u0130nam - narteks.net","isPartOf":{"@id":"https:\/\/narteks.net\/#website"},"primaryImageOfPage":{"@id":"https:\/\/narteks.net\/index.php\/2011\/03\/26\/bir-yolcudur-dost-ahmet-nam\/#primaryimage"},"image":{"@id":"https:\/\/narteks.net\/index.php\/2011\/03\/26\/bir-yolcudur-dost-ahmet-nam\/#primaryimage"},"thumbnailUrl":"http:\/\/www.kalder.org.tr\/genel\/izmir\/9.MAS\/Ahmet_Inam.jpg","datePublished":"2011-03-26T14:24:14+00:00","breadcrumb":{"@id":"https:\/\/narteks.net\/index.php\/2011\/03\/26\/bir-yolcudur-dost-ahmet-nam\/#breadcrumb"},"inLanguage":"tr","potentialAction":[{"@type":"ReadAction","target":["https:\/\/narteks.net\/index.php\/2011\/03\/26\/bir-yolcudur-dost-ahmet-nam\/"]}]},{"@type":"ImageObject","inLanguage":"tr","@id":"https:\/\/narteks.net\/index.php\/2011\/03\/26\/bir-yolcudur-dost-ahmet-nam\/#primaryimage","url":"http:\/\/www.kalder.org.tr\/genel\/izmir\/9.MAS\/Ahmet_Inam.jpg","contentUrl":"http:\/\/www.kalder.org.tr\/genel\/izmir\/9.MAS\/Ahmet_Inam.jpg"},{"@type":"BreadcrumbList","@id":"https:\/\/narteks.net\/index.php\/2011\/03\/26\/bir-yolcudur-dost-ahmet-nam\/#breadcrumb","itemListElement":[{"@type":"ListItem","position":1,"name":"Anasayfa","item":"https:\/\/narteks.net\/"},{"@type":"ListItem","position":2,"name":"Bir Yolcudur Dost | Ahmet \u0130nam"}]},{"@type":"WebSite","@id":"https:\/\/narteks.net\/#website","url":"https:\/\/narteks.net\/","name":"narteks.net","description":"K\u00fclt\u00fcr Sanat Edebiyat Felsefe","publisher":{"@id":"https:\/\/narteks.net\/#organization"},"alternateName":"K\u00fclt\u00fcr Sanat Edebiyat Felsefe","potentialAction":[{"@type":"SearchAction","target":{"@type":"EntryPoint","urlTemplate":"https:\/\/narteks.net\/?s={search_term_string}"},"query-input":{"@type":"PropertyValueSpecification","valueRequired":true,"valueName":"search_term_string"}}],"inLanguage":"tr"},{"@type":"Organization","@id":"https:\/\/narteks.net\/#organization","name":"narteks.net","url":"https:\/\/narteks.net\/","logo":{"@type":"ImageObject","inLanguage":"tr","@id":"https:\/\/narteks.net\/#\/schema\/logo\/image\/","url":"https:\/\/narteks.net\/wp-content\/uploads\/narteks.png","contentUrl":"https:\/\/narteks.net\/wp-content\/uploads\/narteks.png","width":300,"height":90,"caption":"narteks.net"},"image":{"@id":"https:\/\/narteks.net\/#\/schema\/logo\/image\/"},"sameAs":["https:\/\/x.com\/narteks","https:\/\/instagram.com\/narteksnet"]},{"@type":"Person","@id":"https:\/\/narteks.net\/#\/schema\/person\/61f37d9834294b72d31d274e7ed79bca","name":"Tar\u0131k","image":{"@type":"ImageObject","inLanguage":"tr","@id":"https:\/\/narteks.net\/#\/schema\/person\/image\/","url":"https:\/\/secure.gravatar.com\/avatar\/50865afb55632c4ae467e0af0930f6510aa2297d8014be502a55b14f3b7550cf?s=96&d=mm&r=g","contentUrl":"https:\/\/secure.gravatar.com\/avatar\/50865afb55632c4ae467e0af0930f6510aa2297d8014be502a55b14f3b7550cf?s=96&d=mm&r=g","caption":"Tar\u0131k"},"sameAs":["http:\/\/narteks.net"],"url":"https:\/\/narteks.net\/index.php\/author\/narbak\/"}]}},"_links":{"self":[{"href":"https:\/\/narteks.net\/index.php\/wp-json\/wp\/v2\/posts\/5899","targetHints":{"allow":["GET"]}}],"collection":[{"href":"https:\/\/narteks.net\/index.php\/wp-json\/wp\/v2\/posts"}],"about":[{"href":"https:\/\/narteks.net\/index.php\/wp-json\/wp\/v2\/types\/post"}],"author":[{"embeddable":true,"href":"https:\/\/narteks.net\/index.php\/wp-json\/wp\/v2\/users\/1"}],"replies":[{"embeddable":true,"href":"https:\/\/narteks.net\/index.php\/wp-json\/wp\/v2\/comments?post=5899"}],"version-history":[{"count":0,"href":"https:\/\/narteks.net\/index.php\/wp-json\/wp\/v2\/posts\/5899\/revisions"}],"wp:attachment":[{"href":"https:\/\/narteks.net\/index.php\/wp-json\/wp\/v2\/media?parent=5899"}],"wp:term":[{"taxonomy":"category","embeddable":true,"href":"https:\/\/narteks.net\/index.php\/wp-json\/wp\/v2\/categories?post=5899"},{"taxonomy":"post_tag","embeddable":true,"href":"https:\/\/narteks.net\/index.php\/wp-json\/wp\/v2\/tags?post=5899"}],"curies":[{"name":"wp","href":"https:\/\/api.w.org\/{rel}","templated":true}]}}