{"id":59,"date":"2009-02-27T14:41:49","date_gmt":"2009-02-27T11:41:49","guid":{"rendered":"http:\/\/localhost\/wordpress\/2009\/02\/27\/otuzuc-kursun\/"},"modified":"2009-02-27T14:41:49","modified_gmt":"2009-02-27T11:41:49","slug":"otuzuc-kursun","status":"publish","type":"post","link":"https:\/\/narteks.net\/index.php\/2009\/02\/27\/otuzuc-kursun\/","title":{"rendered":"OTUZ\u00dc\u00c7 KUR\u015eUN"},"content":{"rendered":"<p>\u00a0<\/p>\n<p><span>1.<\/p>\n<p> Bu da\u011f Mengene da\u011f\u0131d\u0131r<br \/> Tanyeri atanda Van&#8217;da<br \/> Bu da\u011f Nemrut yavrusudur<br \/> Tanyeri atanda Nemruda kar\u015f\u0131<br \/> Bir yan\u0131n \u00e7\u0131\u011f tutar, Kafkas ufkudur<br \/> Bir yan\u0131n seccade Acem m\u00fclk\u00fcd\u00fcr<br \/> Doruklarda buzullar\u0131n salk\u0131m\u0131<br \/> Firari g\u00fcvercinler su ba\u015flar\u0131nda<br \/> Ve karaca s\u00fcr\u00fcs\u00fc,<br \/> Keklik tak\u0131m\u0131&#8230;<\/p>\n<p> Yi\u011fitlik inkar gelinmez<br \/> Tek&#8217;e &#8211; tek do\u011f\u00fc\u015fte yenilmediler<br \/> Bin y\u0131llardan bu yana, bura u\u015fa\u011f\u0131<br \/> Gel haberi nerden verek<br \/> Turna s\u00fcr\u00fcs\u00fc de\u011fil bu<br \/> G\u00f6kte y\u0131ld\u0131z burcu de\u011fil<br \/> Otuz\u00fc\u00e7 kur\u015funlu y\u00fcrek<br \/> Otuz\u00fc\u00e7 kan p\u0131nar\u0131<br \/> Akmaz,<br \/> G\u00f6l olmu\u015f bu da\u011fda&#8230;<\/p>\n<p> 2.<\/p>\n<p> Yoku\u015fun dibinden bir tav\u015fan kalkt\u0131<br \/> S\u0131rt\u0131 alacak\u0131r<br \/> Karn\u0131 s\u00fctbeyaz<br \/> Garip, ikicanl\u0131, bir da\u011f tav\u015fan\u0131<br \/> Y\u00fcre\u011fi a\u011fz\u0131nda \u00f6yle zavall\u0131<br \/> T\u00f6vbeye getirir insan\u0131<br \/> Tenhayd\u0131, tenhayd\u0131 vakitler<br \/> Kusursuz, \u00e7\u0131r\u0131l\u00e7\u0131plak bir \u015fafakt\u0131<\/p>\n<p> Bakt\u0131 otuz\u00fc\u00e7ten biri<br \/> Karn\u0131nda a\u00e7l\u0131\u011f\u0131n a\u011f\u0131r bo\u015flu\u011fu<br \/> Sa\u00e7, sakal bir kar\u0131\u015f<br \/> Yakas\u0131nda bit,<br \/> Bakt\u0131 kollar\u0131 vurulu,<br \/> Cehennem y\u00fcrekli bir yi\u011fit,<br \/> Bir garip tav\u015fana,<br \/> Bir gerilere.<\/p>\n<p> D\u00fc\u015ft\u00fc nazl\u0131 filintas\u0131 akl\u0131na,<br \/> Yast\u0131\u011f\u0131 alt\u0131nda k\u00fcsm\u00fc\u015f,<br \/> D\u00fc\u015ft\u00fc, Harran ovas\u0131ndan getirdi\u011fi tay<br \/> Per\u00e7emi mavi boncuklu,<br \/> Aln\u0131nda ak\u0131tma<br \/> \u00dc\u00e7 topu\u011fu ak,<br \/> E\u015fkini hovarda, k\u0131vrak,<br \/> Doru, seglavi k\u0131sra\u011f\u0131.<br \/> Nas\u0131l u\u00e7mu\u015flard\u0131 Hozat \u00f6n\u00fcnde!<\/p>\n<p> \u015eimdi, b\u00f6yle \u00e7aresiz ve ba\u011fl\u0131,<br \/> B\u00f6yle arkas\u0131nda bir so\u011fuk namlu<br \/> Bulunmayayd\u0131,<br \/> S\u0131\u011f\u0131nabilirdi y\u00fcceltilere&#8230;<br \/> Bu da\u011flar, karde\u015f da\u011flar, kadrini bilir,<br \/> Evvel Allah bu eller utand\u0131rmaz adam\u0131,<br \/> Yanan c\u0131garan\u0131n k\u00fcl\u00fcn\u00fc,<br \/> G\u00fcne\u015flerde \u00e7atal k\u0131v\u0131lc\u0131mlanan<br \/> Engere\u011fin dilini,<br \/> \u0130lk at\u0131mda u\u00e7uran<br \/> Usta elleri&#8230;<\/p>\n<p> Bu g\u00f6zler, bir kere bile faka basmad\u0131<br \/> \u00c7\u0131\u011f bekleyen bo\u011fazlar\u0131n k\u0131yametini<br \/> Karl\u0131, yumu\u015fac\u0131k h\u0131yanetini<br \/> U\u00e7urumlar\u0131n,<br \/> \u00d6nceden bilen g\u00f6zleri&#8230;<br \/> \u00c7aresiz<br \/> Vurulacakt\u0131,<br \/> Buyruk kesindi,<br \/> Gayr\u0131 g\u00f6zlerini k\u00f6r s\u00fcr\u00fcngenler<br \/> Y\u00fcre\u011fini le\u015f ku\u015flar\u0131 yesindi&#8230;<\/p>\n<p> 3.<\/p>\n<p> Vurulmu\u015fum<br \/> Da\u011flar\u0131n kuytuluk bir bo\u011faz\u0131nda<br \/> Vakitlerden bir sabah namaz\u0131nda<br \/> Yatar\u0131m<br \/> Kanl\u0131, upuzun&#8230;<\/p>\n<p> Vurulmu\u015fum<br \/> D\u00fc\u015f\u00fcm, gecelerden kara<br \/> Bir hayra yoran\u0131m \u00e7\u0131kmaz<br \/> Can\u0131m al\u0131rlar ecelsiz<br \/> S\u0131\u011fd\u0131ramam kitaplara<br \/> \u015eifre buyurmu\u015f bir pa\u015fa<br \/> Vurulmu\u015fum hi\u00e7 sorgusuz, yarg\u0131s\u0131z<\/p>\n<p> Kirvem, hallar\u0131m\u0131 ayn\u0131 b\u00f6yle yaz<br \/> Rivayet san\u0131l\u0131r belki<br \/> G\u00fcl memeler de\u011fil<br \/> Domdom kur\u015funu<br \/> Parampar\u00e7a a\u011fz\u0131mdaki&#8230;<\/p>\n<p> 4.<\/p>\n<p> \u00d6l\u00fcm buyru\u011funu uygulad\u0131lar,<br \/> Mavi da\u011f duman\u0131n\u0131<br \/> ve uyur-uyan\u0131k seher yelini<br \/> Kanlara bulad\u0131lar.<br \/> Sonra orac\u0131kta t\u00fcfek \u00e7att\u0131lar<br \/> Koynumuzu usul-usul yoklay\u0131p<br \/> Arad\u0131lar.<br \/> Didik-didik ettiler<br \/> Kirman\u015fah dokumas\u0131 al ku\u015fa\u011f\u0131m\u0131<br \/> Tespihimi, tabakam\u0131 al\u0131p gittiler<br \/> Hepsi de arma\u011fand\u0131 Acemelinden&#8230;<\/p>\n<p> Kirveyiz, karde\u015fiz, kanla ba\u011fl\u0131y\u0131z<br \/> Kar\u015f\u0131yaka k\u00f6yleri, obalar\u0131yla<br \/> K\u0131z al\u0131p vermi\u015fiz y\u00fczy\u0131llar boyu,<br \/> Kom\u015fuyuz yaka yakaya<br \/> Birbirine kar\u0131\u015f\u0131r tavuklar\u0131m\u0131z<br \/> Bilmezlikten de\u011fil,<br \/> F\u0131karal\u0131ktan<br \/> Pasaporta \u0131s\u0131nmam\u0131\u015f i\u00e7imiz<br \/> Budur katlimize sebep su\u00e7umuz,<br \/> Gayr\u0131 e\u015fkiyaya \u00e7\u0131kar ad\u0131m\u0131z<br \/> Ka\u00e7ak\u00e7\u0131ya<br \/> Soyguncuya<br \/> Hay\u0131na&#8230;<\/p>\n<p> Kirvem hallar\u0131m\u0131 ayn\u0131 b\u00f6yle yaz<br \/> Rivayet san\u0131l\u0131r belki<br \/> G\u00fcl memeler de\u011fil<br \/> Domdom kur\u015funu<br \/> Parampar\u00e7a a\u011fz\u0131mdaki&#8230;<\/p>\n<p> 5.<\/p>\n<p> Vurun ulan,<br \/> Vurun,<br \/> Ben kolay \u00f6lmem.<br \/> Ocakta k\u00fcllenmi\u015f k\u00f6z\u00fcm,<br \/> Karn\u0131mda s\u00f6z\u00fcm var<br \/> Haldan bilene.<br \/> Babam g\u00f6zlerini verdi Urfa \u00f6n\u00fcnde<br \/> \u00dc\u00e7 de karda\u015f\u0131n\u0131<br \/> \u00dc\u00e7 nazl\u0131 selvi,<br \/> \u00d6mr\u00fcne doymam\u0131\u015f \u00fc\u00e7 da\u011f par\u00e7as\u0131.<br \/> Bur\u00e7lardan, tepelerden, minarelerden<br \/> Kirve, h\u0131s\u0131m, da\u011flar\u0131n \u00e7ocuklar\u0131<br \/> Frans\u0131z Ku\u015fatmas\u0131na kar\u015f\u0131 koyanda<\/p>\n<p> B\u0131y\u0131klar\u0131 yeni terlemi\u015f daha<br \/> Benim k\u00fc\u00e7\u00fck day\u0131m Nazif<br \/> Yak\u0131\u015f\u0131kl\u0131,<br \/> Hafif,<br \/> \u0130yi s\u00fcvari<br \/> Vurun karda\u015f demi\u015f<br \/> Namus g\u00fcn\u00fcd\u00fcr<br \/> Ve \u015faha kald\u0131rm\u0131\u015f at\u0131n\u0131.<\/p>\n<p> Kirvem hallar\u0131m\u0131 ayn\u0131 b\u00f6yle yaz<br \/> Rivayet san\u0131l\u0131r belki<br \/> G\u00fcl memeler de\u011fil<br \/> Domdom kur\u015funu<br \/> Parampar\u00e7a a\u011fz\u0131mdaki&#8230; <\/span><\/p>\n<p>Ahmed AR\u0130F<\/p>\n","protected":false},"excerpt":{"rendered":"<p>\u00a0 1. Bu da\u011f Mengene da\u011f\u0131d\u0131r Tanyeri atanda Van&#8217;da Bu da\u011f Nemrut yavrusudur Tanyeri atanda Nemruda kar\u015f\u0131 Bir yan\u0131n \u00e7\u0131\u011f tutar, Kafkas ufkudur Bir yan\u0131n seccade Acem m\u00fclk\u00fcd\u00fcr Doruklarda buzullar\u0131n salk\u0131m\u0131 Firari g\u00fcvercinler su ba\u015flar\u0131nda Ve karaca s\u00fcr\u00fcs\u00fc, Keklik tak\u0131m\u0131&#8230; Yi\u011fitlik inkar gelinmez Tek&#8217;e &#8211; tek do\u011f\u00fc\u015fte yenilmediler Bin y\u0131llardan bu yana, bura u\u015fa\u011f\u0131 Gel [&hellip;]<\/p>\n","protected":false},"author":1,"featured_media":0,"comment_status":"open","ping_status":"open","sticky":false,"template":"","format":"standard","meta":{"footnotes":""},"categories":[179],"tags":[],"class_list":{"0":"post-59","1":"post","2":"type-post","3":"status-publish","4":"format-standard","6":"category-ahmed-arif"},"yoast_head":"<!-- This site is optimized with the Yoast SEO Premium plugin v24.9 (Yoast SEO v24.9) - https:\/\/yoast.com\/wordpress\/plugins\/seo\/ -->\n<title>OTUZ\u00dc\u00c7 KUR\u015eUN - narteks.net<\/title>\n<meta name=\"robots\" content=\"index, follow, max-snippet:-1, max-image-preview:large, max-video-preview:-1\" \/>\n<link rel=\"canonical\" href=\"https:\/\/narteks.net\/index.php\/2009\/02\/27\/otuzuc-kursun\/\" \/>\n<meta property=\"og:locale\" content=\"tr_TR\" \/>\n<meta property=\"og:type\" content=\"article\" \/>\n<meta property=\"og:title\" content=\"OTUZ\u00dc\u00c7 KUR\u015eUN\" \/>\n<meta property=\"og:description\" content=\"\u00a0 1. Bu da\u011f Mengene da\u011f\u0131d\u0131r Tanyeri atanda Van&#8217;da Bu da\u011f Nemrut yavrusudur Tanyeri atanda Nemruda kar\u015f\u0131 Bir yan\u0131n \u00e7\u0131\u011f tutar, Kafkas ufkudur Bir yan\u0131n seccade Acem m\u00fclk\u00fcd\u00fcr Doruklarda buzullar\u0131n salk\u0131m\u0131 Firari g\u00fcvercinler su ba\u015flar\u0131nda Ve karaca s\u00fcr\u00fcs\u00fc, Keklik tak\u0131m\u0131&#8230; Yi\u011fitlik inkar gelinmez Tek&#8217;e &#8211; tek do\u011f\u00fc\u015fte yenilmediler Bin y\u0131llardan bu yana, bura u\u015fa\u011f\u0131 Gel [&hellip;]\" \/>\n<meta property=\"og:url\" content=\"https:\/\/narteks.net\/index.php\/2009\/02\/27\/otuzuc-kursun\/\" \/>\n<meta property=\"og:site_name\" content=\"narteks.net\" \/>\n<meta property=\"article:published_time\" content=\"2009-02-27T11:41:49+00:00\" \/>\n<meta property=\"og:image\" content=\"https:\/\/narteks.net\/wp-content\/uploads\/narteks.png\" \/>\n\t<meta property=\"og:image:width\" content=\"300\" \/>\n\t<meta property=\"og:image:height\" content=\"90\" \/>\n\t<meta property=\"og:image:type\" content=\"image\/png\" \/>\n<meta name=\"author\" content=\"Tar\u0131k\" \/>\n<meta name=\"twitter:card\" content=\"summary_large_image\" \/>\n<meta name=\"twitter:creator\" content=\"@narteks\" \/>\n<meta name=\"twitter:site\" content=\"@narteks\" \/>\n<meta name=\"twitter:label1\" content=\"Yazan:\" \/>\n\t<meta name=\"twitter:data1\" content=\"Tar\u0131k\" \/>\n\t<meta name=\"twitter:label2\" content=\"Tahmini okuma s\u00fcresi\" \/>\n\t<meta name=\"twitter:data2\" content=\"3 dakika\" \/>\n<script type=\"application\/ld+json\" class=\"yoast-schema-graph\">{\"@context\":\"https:\/\/schema.org\",\"@graph\":[{\"@type\":\"Article\",\"@id\":\"https:\/\/narteks.net\/index.php\/2009\/02\/27\/otuzuc-kursun\/#article\",\"isPartOf\":{\"@id\":\"https:\/\/narteks.net\/index.php\/2009\/02\/27\/otuzuc-kursun\/\"},\"author\":{\"name\":\"Tar\u0131k\",\"@id\":\"https:\/\/narteks.net\/#\/schema\/person\/61f37d9834294b72d31d274e7ed79bca\"},\"headline\":\"OTUZ\u00dc\u00c7 KUR\u015eUN\",\"datePublished\":\"2009-02-27T11:41:49+00:00\",\"mainEntityOfPage\":{\"@id\":\"https:\/\/narteks.net\/index.php\/2009\/02\/27\/otuzuc-kursun\/\"},\"wordCount\":669,\"commentCount\":0,\"publisher\":{\"@id\":\"https:\/\/narteks.net\/#organization\"},\"articleSection\":[\"Ahmed AR\u0130F\"],\"inLanguage\":\"tr\",\"potentialAction\":[{\"@type\":\"CommentAction\",\"name\":\"Comment\",\"target\":[\"https:\/\/narteks.net\/index.php\/2009\/02\/27\/otuzuc-kursun\/#respond\"]}]},{\"@type\":\"WebPage\",\"@id\":\"https:\/\/narteks.net\/index.php\/2009\/02\/27\/otuzuc-kursun\/\",\"url\":\"https:\/\/narteks.net\/index.php\/2009\/02\/27\/otuzuc-kursun\/\",\"name\":\"OTUZ\u00dc\u00c7 KUR\u015eUN - narteks.net\",\"isPartOf\":{\"@id\":\"https:\/\/narteks.net\/#website\"},\"datePublished\":\"2009-02-27T11:41:49+00:00\",\"breadcrumb\":{\"@id\":\"https:\/\/narteks.net\/index.php\/2009\/02\/27\/otuzuc-kursun\/#breadcrumb\"},\"inLanguage\":\"tr\",\"potentialAction\":[{\"@type\":\"ReadAction\",\"target\":[\"https:\/\/narteks.net\/index.php\/2009\/02\/27\/otuzuc-kursun\/\"]}]},{\"@type\":\"BreadcrumbList\",\"@id\":\"https:\/\/narteks.net\/index.php\/2009\/02\/27\/otuzuc-kursun\/#breadcrumb\",\"itemListElement\":[{\"@type\":\"ListItem\",\"position\":1,\"name\":\"Anasayfa\",\"item\":\"https:\/\/narteks.net\/\"},{\"@type\":\"ListItem\",\"position\":2,\"name\":\"OTUZ\u00dc\u00c7 KUR\u015eUN\"}]},{\"@type\":\"WebSite\",\"@id\":\"https:\/\/narteks.net\/#website\",\"url\":\"https:\/\/narteks.net\/\",\"name\":\"narteks.net\",\"description\":\"K\u00fclt\u00fcr Sanat Edebiyat Felsefe\",\"publisher\":{\"@id\":\"https:\/\/narteks.net\/#organization\"},\"alternateName\":\"K\u00fclt\u00fcr Sanat Edebiyat Felsefe\",\"potentialAction\":[{\"@type\":\"SearchAction\",\"target\":{\"@type\":\"EntryPoint\",\"urlTemplate\":\"https:\/\/narteks.net\/?s={search_term_string}\"},\"query-input\":{\"@type\":\"PropertyValueSpecification\",\"valueRequired\":true,\"valueName\":\"search_term_string\"}}],\"inLanguage\":\"tr\"},{\"@type\":\"Organization\",\"@id\":\"https:\/\/narteks.net\/#organization\",\"name\":\"narteks.net\",\"url\":\"https:\/\/narteks.net\/\",\"logo\":{\"@type\":\"ImageObject\",\"inLanguage\":\"tr\",\"@id\":\"https:\/\/narteks.net\/#\/schema\/logo\/image\/\",\"url\":\"https:\/\/narteks.net\/wp-content\/uploads\/narteks.png\",\"contentUrl\":\"https:\/\/narteks.net\/wp-content\/uploads\/narteks.png\",\"width\":300,\"height\":90,\"caption\":\"narteks.net\"},\"image\":{\"@id\":\"https:\/\/narteks.net\/#\/schema\/logo\/image\/\"},\"sameAs\":[\"https:\/\/x.com\/narteks\",\"https:\/\/instagram.com\/narteksnet\"]},{\"@type\":\"Person\",\"@id\":\"https:\/\/narteks.net\/#\/schema\/person\/61f37d9834294b72d31d274e7ed79bca\",\"name\":\"Tar\u0131k\",\"image\":{\"@type\":\"ImageObject\",\"inLanguage\":\"tr\",\"@id\":\"https:\/\/narteks.net\/#\/schema\/person\/image\/\",\"url\":\"https:\/\/secure.gravatar.com\/avatar\/50865afb55632c4ae467e0af0930f6510aa2297d8014be502a55b14f3b7550cf?s=96&d=mm&r=g\",\"contentUrl\":\"https:\/\/secure.gravatar.com\/avatar\/50865afb55632c4ae467e0af0930f6510aa2297d8014be502a55b14f3b7550cf?s=96&d=mm&r=g\",\"caption\":\"Tar\u0131k\"},\"sameAs\":[\"http:\/\/narteks.net\"],\"url\":\"https:\/\/narteks.net\/index.php\/author\/narbak\/\"}]}<\/script>\n<!-- \/ Yoast SEO Premium plugin. -->","yoast_head_json":{"title":"OTUZ\u00dc\u00c7 KUR\u015eUN - narteks.net","robots":{"index":"index","follow":"follow","max-snippet":"max-snippet:-1","max-image-preview":"max-image-preview:large","max-video-preview":"max-video-preview:-1"},"canonical":"https:\/\/narteks.net\/index.php\/2009\/02\/27\/otuzuc-kursun\/","og_locale":"tr_TR","og_type":"article","og_title":"OTUZ\u00dc\u00c7 KUR\u015eUN","og_description":"\u00a0 1. Bu da\u011f Mengene da\u011f\u0131d\u0131r Tanyeri atanda Van&#8217;da Bu da\u011f Nemrut yavrusudur Tanyeri atanda Nemruda kar\u015f\u0131 Bir yan\u0131n \u00e7\u0131\u011f tutar, Kafkas ufkudur Bir yan\u0131n seccade Acem m\u00fclk\u00fcd\u00fcr Doruklarda buzullar\u0131n salk\u0131m\u0131 Firari g\u00fcvercinler su ba\u015flar\u0131nda Ve karaca s\u00fcr\u00fcs\u00fc, Keklik tak\u0131m\u0131&#8230; Yi\u011fitlik inkar gelinmez Tek&#8217;e &#8211; tek do\u011f\u00fc\u015fte yenilmediler Bin y\u0131llardan bu yana, bura u\u015fa\u011f\u0131 Gel [&hellip;]","og_url":"https:\/\/narteks.net\/index.php\/2009\/02\/27\/otuzuc-kursun\/","og_site_name":"narteks.net","article_published_time":"2009-02-27T11:41:49+00:00","og_image":[{"width":300,"height":90,"url":"https:\/\/narteks.net\/wp-content\/uploads\/narteks.png","type":"image\/png"}],"author":"Tar\u0131k","twitter_card":"summary_large_image","twitter_creator":"@narteks","twitter_site":"@narteks","twitter_misc":{"Yazan:":"Tar\u0131k","Tahmini okuma s\u00fcresi":"3 dakika"},"schema":{"@context":"https:\/\/schema.org","@graph":[{"@type":"Article","@id":"https:\/\/narteks.net\/index.php\/2009\/02\/27\/otuzuc-kursun\/#article","isPartOf":{"@id":"https:\/\/narteks.net\/index.php\/2009\/02\/27\/otuzuc-kursun\/"},"author":{"name":"Tar\u0131k","@id":"https:\/\/narteks.net\/#\/schema\/person\/61f37d9834294b72d31d274e7ed79bca"},"headline":"OTUZ\u00dc\u00c7 KUR\u015eUN","datePublished":"2009-02-27T11:41:49+00:00","mainEntityOfPage":{"@id":"https:\/\/narteks.net\/index.php\/2009\/02\/27\/otuzuc-kursun\/"},"wordCount":669,"commentCount":0,"publisher":{"@id":"https:\/\/narteks.net\/#organization"},"articleSection":["Ahmed AR\u0130F"],"inLanguage":"tr","potentialAction":[{"@type":"CommentAction","name":"Comment","target":["https:\/\/narteks.net\/index.php\/2009\/02\/27\/otuzuc-kursun\/#respond"]}]},{"@type":"WebPage","@id":"https:\/\/narteks.net\/index.php\/2009\/02\/27\/otuzuc-kursun\/","url":"https:\/\/narteks.net\/index.php\/2009\/02\/27\/otuzuc-kursun\/","name":"OTUZ\u00dc\u00c7 KUR\u015eUN - narteks.net","isPartOf":{"@id":"https:\/\/narteks.net\/#website"},"datePublished":"2009-02-27T11:41:49+00:00","breadcrumb":{"@id":"https:\/\/narteks.net\/index.php\/2009\/02\/27\/otuzuc-kursun\/#breadcrumb"},"inLanguage":"tr","potentialAction":[{"@type":"ReadAction","target":["https:\/\/narteks.net\/index.php\/2009\/02\/27\/otuzuc-kursun\/"]}]},{"@type":"BreadcrumbList","@id":"https:\/\/narteks.net\/index.php\/2009\/02\/27\/otuzuc-kursun\/#breadcrumb","itemListElement":[{"@type":"ListItem","position":1,"name":"Anasayfa","item":"https:\/\/narteks.net\/"},{"@type":"ListItem","position":2,"name":"OTUZ\u00dc\u00c7 KUR\u015eUN"}]},{"@type":"WebSite","@id":"https:\/\/narteks.net\/#website","url":"https:\/\/narteks.net\/","name":"narteks.net","description":"K\u00fclt\u00fcr Sanat Edebiyat Felsefe","publisher":{"@id":"https:\/\/narteks.net\/#organization"},"alternateName":"K\u00fclt\u00fcr Sanat Edebiyat Felsefe","potentialAction":[{"@type":"SearchAction","target":{"@type":"EntryPoint","urlTemplate":"https:\/\/narteks.net\/?s={search_term_string}"},"query-input":{"@type":"PropertyValueSpecification","valueRequired":true,"valueName":"search_term_string"}}],"inLanguage":"tr"},{"@type":"Organization","@id":"https:\/\/narteks.net\/#organization","name":"narteks.net","url":"https:\/\/narteks.net\/","logo":{"@type":"ImageObject","inLanguage":"tr","@id":"https:\/\/narteks.net\/#\/schema\/logo\/image\/","url":"https:\/\/narteks.net\/wp-content\/uploads\/narteks.png","contentUrl":"https:\/\/narteks.net\/wp-content\/uploads\/narteks.png","width":300,"height":90,"caption":"narteks.net"},"image":{"@id":"https:\/\/narteks.net\/#\/schema\/logo\/image\/"},"sameAs":["https:\/\/x.com\/narteks","https:\/\/instagram.com\/narteksnet"]},{"@type":"Person","@id":"https:\/\/narteks.net\/#\/schema\/person\/61f37d9834294b72d31d274e7ed79bca","name":"Tar\u0131k","image":{"@type":"ImageObject","inLanguage":"tr","@id":"https:\/\/narteks.net\/#\/schema\/person\/image\/","url":"https:\/\/secure.gravatar.com\/avatar\/50865afb55632c4ae467e0af0930f6510aa2297d8014be502a55b14f3b7550cf?s=96&d=mm&r=g","contentUrl":"https:\/\/secure.gravatar.com\/avatar\/50865afb55632c4ae467e0af0930f6510aa2297d8014be502a55b14f3b7550cf?s=96&d=mm&r=g","caption":"Tar\u0131k"},"sameAs":["http:\/\/narteks.net"],"url":"https:\/\/narteks.net\/index.php\/author\/narbak\/"}]}},"_links":{"self":[{"href":"https:\/\/narteks.net\/index.php\/wp-json\/wp\/v2\/posts\/59","targetHints":{"allow":["GET"]}}],"collection":[{"href":"https:\/\/narteks.net\/index.php\/wp-json\/wp\/v2\/posts"}],"about":[{"href":"https:\/\/narteks.net\/index.php\/wp-json\/wp\/v2\/types\/post"}],"author":[{"embeddable":true,"href":"https:\/\/narteks.net\/index.php\/wp-json\/wp\/v2\/users\/1"}],"replies":[{"embeddable":true,"href":"https:\/\/narteks.net\/index.php\/wp-json\/wp\/v2\/comments?post=59"}],"version-history":[{"count":0,"href":"https:\/\/narteks.net\/index.php\/wp-json\/wp\/v2\/posts\/59\/revisions"}],"wp:attachment":[{"href":"https:\/\/narteks.net\/index.php\/wp-json\/wp\/v2\/media?parent=59"}],"wp:term":[{"taxonomy":"category","embeddable":true,"href":"https:\/\/narteks.net\/index.php\/wp-json\/wp\/v2\/categories?post=59"},{"taxonomy":"post_tag","embeddable":true,"href":"https:\/\/narteks.net\/index.php\/wp-json\/wp\/v2\/tags?post=59"}],"curies":[{"name":"wp","href":"https:\/\/api.w.org\/{rel}","templated":true}]}}