{"id":5909,"date":"2011-04-07T10:55:18","date_gmt":"2011-04-07T07:55:18","guid":{"rendered":"http:\/\/localhost\/wordpress\/2011\/04\/07\/ne-oluyor-bir-boluk-koylunun-eli-para-goruyor-da-fakir-baykurt\/"},"modified":"2011-04-07T10:55:18","modified_gmt":"2011-04-07T07:55:18","slug":"ne-oluyor-bir-boluk-koylunun-eli-para-goruyor-da-fakir-baykurt","status":"publish","type":"post","link":"https:\/\/narteks.net\/index.php\/2011\/04\/07\/ne-oluyor-bir-boluk-koylunun-eli-para-goruyor-da-fakir-baykurt\/","title":{"rendered":"Ne oluyor bir b\u00f6l\u00fck k\u00f6yl\u00fcn\u00fcn eli para g\u00f6r\u00fcyor da? | Fakir Baykurt"},"content":{"rendered":"<p style=\"text-align: justify;\"><img decoding=\"async\" src=\"images\/stories\/fakir_baykurt.jpg\" border=\"0\" style=\"float: left;\" \/>Yak\u0131nlardaki \u00f6\u011fretmen okullar\u0131ndan birinde \u00f6\u011frenci olan \u0130smail&#8217;le oturduk, e\u011fitim i\u015flerimizdeki gev\u015feme ve gerilemelerden konu\u015fuyoruz, ismail, dal boylu, a\u00e7\u0131k s\u00f6zl\u00fc, konu\u015fkan bir arkada\u015f. Kafas\u0131 i\u015flek. \u0130zinli olarak k\u00f6y\u00fcne gidiyormu\u015f. \u0130ki y\u0131l \u00f6nce bizim okuldan \u00e7\u0131kt\u0131\u011f\u0131 i\u00e7in, \u00ab\u00d6\u011fretmenlerimi bir g\u00f6reyim&#8230;\u00bb demi\u015f.<\/p>\n<p>\u00c7evremiz biraz seyrelir gibi olunca kula\u011f\u0131ma e\u011fildi. \u0130ki yan\u0131na bakarak \u015funlar\u0131 s\u00f6yledi: &#8220;Bir psikoloji \u00f6\u011fretmenimiz var, derse gelip, falanca adam Masondur, fil\u00e2nca adam Masondur, sak\u0131n siz Mason olmay\u0131n! diyor. Anla\u015f\u0131ld\u0131\u011f\u0131na g\u00f6re masonluk k\u00f6t\u00fc bir \u015fey. Fakat \u00f6\u011fretmenimizin Mason dedi\u011fi adamlar hep b\u00fcy\u00fck adamlar. \u00d6m\u00fcrlerini bu yurdun y\u00fckselmesi i\u00e7in harcam\u0131\u015flar. H\u00e2l\u00e2 da ona \u00e7al\u0131\u015f\u0131yorlar. Nas\u0131l k\u00f6t\u00fc olurlar? \u015eayet \u00f6\u011fretmenimizin dedi\u011fi do\u011fruysa, Masonluk k\u00f6t\u00fc! \u0130yiyse, \u00f6\u011fretmenimizin dedikleri yanl\u0131\u015f!..&#8221;<\/p>\n<p>\u00c7ok \u00fcz\u00fcld\u00fcm \u0130smailci\u011fin haline. Kafas\u0131 karmakar\u0131\u015f\u0131k olmu\u015f. Anlatabildi\u011fi bu kadar, anlatamad\u0131\u011f\u0131 kimbilir ne kadar? Kimbilir yata\u011f\u0131na yatt\u0131\u011f\u0131 zaman, kafas\u0131ndaki alaboray\u0131, durdurmak i\u00e7in ne s\u0131k\u0131nt\u0131lar \u00e7ekiyor, ne terler d\u00f6k\u00fcyor? Bu ya\u015flar, onun &#8220;ki\u015filik&#8221; kazanaca\u011f\u0131 ya\u015flar. \u015eimdi ona yollar\u0131n do\u011fru olan\u0131n\u0131, akla uygun olan\u0131n\u0131, insan onur ve gururuna de\u011fer verenini, toplum i\u00e7inde hi\u00e7 kimseyi hor g\u00f6rmeyenini g\u00f6stermek gerek. Bu ya\u015flarda \u0130smail bunu ister. Uykular\u0131n\u0131 rahat uyumak, rahat yat\u0131p kalkmak ister.<\/p>\n<p>Bir de Yakup var. \u0130smail gibi o da \u00f6\u011frenci. O da k\u00f6y\u00fcne izinli gidiyormu\u015f. U\u011frad\u0131, konu\u015ftuk.<\/p>\n<p>&#8220;Layikli\u011fi belledik.&#8221; diyordu. &#8220;Anlam\u0131n\u0131, de\u011ferini, yasalardaki yerini, bir g\u00fczel \u00f6\u011frendik. Din ile d\u00fcnya ayr\u0131 \u015feydir dedik. Din bir duygu i\u015fidir dedik. Namaz, niyaz: \u0130steyen k\u0131lar, istemeyen k\u0131lmaz dedik. Oru\u00e7 da \u00f6yle. Ama herkes ak\u0131nt\u0131ya k\u00fcrek \u00e7ekiyor \u015fimdi! Her yerlerde camiler yap\u0131l\u0131rken, y\u0131k\u0131lan okullar hi\u00e7 g\u00f6zlere g\u00f6r\u00fcnm\u00fcyor. Art\u0131k herkes i\u015fini camiden yana do\u011fru ayarl\u0131yor. Bu y\u0131l bizim okulda \u00f6yle i\u015fler oldu ki, \u015fa\u015far \u015fa\u015far kal\u0131rs\u0131n\u0131z. Oru\u00e7 tutmak, et\u00fct saatlerinde teravih k\u0131lmak, zorunlu gibi bir \u015feydi. Hele okula bir teravih imam\u0131 tutuldu ki, bilmem size nas\u0131l anlatsam!.. &#8220;<\/p>\n<p>&#8220;\u0130mam\u0131n yemesi, yatmas\u0131 okuldan, yani bizim pay\u0131m\u0131zdan. \u00dccreti de bizden topland\u0131. K\u0131lan k\u0131lmayan, hep iki\u015fer lira verdik. Alt\u0131 y\u00fcz \u00f6\u011frenciden 1200 lira para! B\u00f6yle i\u015f olur mu? Hani layiklik vard\u0131? Hani \u00f6\u011frencilerden para toplamak yoktu? Ama ben parada de\u011filim, paras\u0131 bats\u0131n! Benim g\u00fcc\u00fcme giden, insan\u0131 b\u00f6yle zora ko\u015fmalar\u0131. D\u00fcn iyi dediklerine bug\u00fcn k\u00f6t\u00fc demeleri. Ben en \u00e7ok buna k\u0131z\u0131yorum&#8230;&#8221;<\/p>\n<p>Yakup&#8217;un konu\u015fmas\u0131, b\u00f6yle, bu \u00e7izgi \u00fczerinden, titrek titrek uzay\u0131p gidiyor. \u0130smail&#8217;in anlatt\u0131klar\u0131 gibi, insan onun anlatt\u0131klar\u0131n\u0131 da utan\u00e7 ve \u00fcz\u00fcnt\u00fc i\u00e7inde dinliyor.<\/p>\n<p>Kasabada bir Ru\u015fen A\u011fam\u0131z var. Yeyim yiyecek sat\u0131yor. Haram m\u0131d\u0131r, hel\u00e2l midir, k\u00fc\u00e7\u00fckten ba\u015flay\u0131p \u00e7\u0131km\u0131\u015f yukar\u0131 do\u011fru. \u0130\u015fini g\u00f6rd\u00fc diyen de var, vurgunu vurdu diyen de. \u00dc\u00e7 y\u0131ld\u0131r Hacca gitme\u011fe u\u011fra\u015f\u0131r bu Ru\u015fen A\u011fa, ama her y\u0131l bir &#8220;aksilik&#8221; \u00e7\u0131kar. D\u00f6viz s\u0131k\u0131nt\u0131s\u0131 derler, bula\u015f\u0131c\u0131 hastal\u0131k derler; rapor alamaz, torpil bulamaz, kal\u0131r. Bu y\u0131l gene u\u011fra\u015ft\u0131.<\/p>\n<p>&#8220;\u00dc\u00e7e be\u015fe bakmayaca\u011f\u0131m, bu sefer katiyen gidece\u011fim!\u00bb diyordu. \u00d6yle azimli ki! Gidemedi gene. \u0130l merkezinde, &#8220;Gidemezsin!&#8221; demi\u015fler. Ru\u015fen A\u011fada demir gibi bir inat: &#8220;Bu y\u0131l olmad\u0131, gelecek y\u0131l y\u00fczde y\u00fcz giderim!&#8221; diyor h\u00e2l\u00e2.<\/p>\n<p>\u0130l merkezinden eli bo\u015f d\u00f6nmek istememi\u015f. &#8220;Bir \u015feyler g\u00f6t\u00fcr\u00fcp satay\u0131m da, yapt\u0131\u011f\u0131m k\u00e2rla yol giderlerini kapatay\u0131m!&#8221; demi\u015f. Aram\u0131\u015f, taram\u0131\u015f, kilosu bir liradan, y\u00fcz kilo &#8220;peynir&#8221; bulmu\u015f. Peynir! Kilosu da bir lira! D\u00f6rt liradan a\u015fa\u011f\u0131 peynir yok bug\u00fcn. \u00c7evremizdeki k\u00f6yler de b\u00f6yle satarlar. \u00d6yleyse nas\u0131l peynir bu bir liral\u0131k peynir?<\/p>\n<p>Anlatay\u0131m:<\/p>\n<p>Ru\u015fen A\u011fa, posta arabas\u0131ndan indirip d\u00fckk\u00e2na soktu\u011fu zaman, oralarda durulmuyordu kokudan! Koku kasabay\u0131 alm\u0131\u015ft\u0131. T\u00fcccar Ziya&#8217;n\u0131n d\u00fckk\u00e2nda \u0130brahim Y\u0131ld\u0131z&#8217;la dikiliyorduk, kokuyu duyunca gidip bakt\u0131k ki, Ru\u015fen A\u011fa peynir getirmi\u015f! Buna peynir denemezdi. Y\u00fcz\u00fcne bak\u0131lmazd\u0131. \u0130nsan burnunu tutup ka\u00e7\u0131yordu.<\/p>\n<p>Postac\u0131 Hasan, cin ifrit olmu\u015f, avrat bac\u0131 d\u00fcmd\u00fcz gidiyordu: &#8220;Ulan a\u011fa gibi ad\u0131 batas\u0131ca, bu ne bi\u00e7im bir koku? \u0130yice sindi benim araban\u0131n i\u00e7ine. Bir ayda arla\u015f\u0131rsa iyi! Kilosunu bir liradan ald\u0131, \u015funa bak\u0131n, iki lira da fiyat koymu\u015f! Hey gidi do\u011fruluk, nerelerdesin? Ula, kim al\u0131p yiyecek bu peyniri? Bak\u0131n \u015funa bir, yenecek hali var m\u0131? Bana y\u00fcz lira da \u00fcste verseler yemem, vallah yemem, bill\u00e2h yemem! Yemem o\u011flu yemem!..&#8221; diyordu.<\/p>\n<p>Hasan&#8217;\u0131n dedi\u011fi do\u011fruydu. Yenmezdi. \u00dcste y\u00fcz lira verseler, al\u0131p y\u00fcz gramc\u0131\u011f\u0131n\u0131 yemezdiniz.<\/p>\n<p>Ama hep sat\u0131ld\u0131. Kime sat\u0131ld\u0131, kimler ald\u0131 yedi biliyor musunuz? S\u00f6ylemeye dilim varm\u0131yor, kilosunu iki liradan k\u00f6yl\u00fcler ald\u0131 yedi. Kendi g\u00fczel peynirini d\u00f6rt liradan satan k\u00f6yl\u00fcler. \u0130yisini sat\u0131p k\u00f6t\u00fcs\u00fcn\u00fc yiyen k\u00f6yl\u00fcler. Yoksul k\u00f6yl\u00fcler, kaz gibi yolunan, \u0131\u015f\u0131ks\u0131z k\u00f6yl\u00fcler&#8230;<\/p>\n<p>Bu hik\u00e2yenin dokunulacak bin y\u00f6n\u00fc var. \u0130nsan hangi y\u00f6n\u00fcne dokunaca\u011f\u0131na \u015fa\u015f\u0131yor. Son zamanlarda, el ve dil birli\u011fiyle d\u00fcnya \u00e2leme kabul ettirdik ki, k\u00f6yl\u00fcn\u00fcn eli para g\u00f6rm\u00fc\u015ft\u00fcr. Belki do\u011fru, birtak\u0131m k\u00f6yl\u00fclerin eli g\u00f6rm\u00fc\u015ft\u00fcr. Ama \u00e7o\u011funluk k\u00f6yl\u00fc, gene eski k\u00f6yl\u00fcd\u00fcr. \u0130yisini satmakta, k\u00f6t\u00fcs\u00fcn\u00fc almaktad\u0131r. Daha kimbilir ne kadar zaman b\u00f6yle kokar peynirle g\u0131dalanacakt\u0131r? \u00c7o\u011funluk \u00e7ok yoksuldur. B\u0131rakal\u0131m i\u015fin bu yan\u0131n\u0131.<\/p>\n<p>Ne oluyor bir b\u00f6l\u00fck k\u00f6yl\u00fcn\u00fcn eli para g\u00f6r\u00fcyor da? Eli para g\u00f6ren az\u0131nl\u0131\u011f\u0131n, para g\u00f6rmeyen \u00e7o\u011funluktan kafaca bir ayr\u0131m\u0131 yok ki!<\/p>\n<p>Bir k\u00f6y biliyorum, eskiden orada, yaln\u0131z iki \u00fc\u00e7 ki\u015fi sarho\u015f olurdu. \u015eimdi pancar ekiyorlar, tarlas\u0131 olanlar \u00fc\u00e7 be\u015f kuru\u015f al\u0131yor. Pancar ekiminden sonra kafa \u00e7ekenlerin say\u0131s\u0131 y\u00fckseliverdi k\u00f6yde; otuz oldu! Yaz\u0131n harmanda bile \u00e7ekiyorlar kafay\u0131 \u015fimdi. Pancar, hemen hemen, rak\u0131c\u0131lar\u0131n say\u0131s\u0131n\u0131 y\u00fckseltme\u011fe yarad\u0131. Bir de k\u00f6rpe k\u00f6rpe gelinlerin romatizma olup inim inim inlemelerine. Keseyle birlikte kafa da y\u00fckselmezse, ba\u015fka bir \u015feye yarayaca\u011f\u0131 da ku\u015fkuludur. Y\u0131lda iki \u00fc\u00e7 bin liral\u0131k pancar satan bir tan\u0131d\u0131\u011f\u0131m, s\u00f6z\u00fcm\u00fc tuttu, hasta kar\u0131s\u0131n\u0131 doktora g\u00f6t\u00fcrd\u00fck. Doktor re\u00e7ete yazarken, arkada\u015f\u0131m g\u00f6z\u00fcne bak\u0131yor: &#8220;Aman Bey, ucuz yaz, g\u00f6z\u00fcn\u00fc seveyim, kurban\u0131n olay\u0131m!&#8221; diyordu.<\/p>\n<p>Sivas dolaylar\u0131ndan ba\u015fka bir \u00f6rnek vereyim. Kelkit vadisi, biterli bir vadidir. Kan ek, can bitsin! Bir y\u0131l, fasulye iyi para etmi\u015fti. Ben o zaman Sivas&#8217;tayd\u0131m. Vadi k\u00f6ylerine biraz para girmi\u015fti. Fazla para, evleri daha g\u00fczel yapmal\u0131yd\u0131. Sofralar\u0131 bezemeli, bolla\u015ft\u0131rmal\u0131yd\u0131. Ya\u015fama d\u00fczeyini y\u00fckseltmeliydi. Tersine oldu. K\u00f6yl\u00fcler, ellerine ge\u00e7en parayla bellerine birer &#8220;Bara-bellom&#8221; ald\u0131lar. Gecelerde, g\u00fcnd\u00fczlerde, d\u00fc\u011f\u00fcnlerde, bayramlarda, taaaak taaaak, tak! Mermi i\u00e7in etek etek para veriyorlar \u015fimdi. Birbirlerini yaralay\u0131p \u00f6ld\u00fcr\u00fcyorlar.<\/p>\n<p>T\u00fcrkiye&#8217;de, k\u00f6y\u00fcm\u00fcz\u00fcn, kentimizin, say\u0131s\u0131z zorlar\u0131, say\u0131s\u0131z zorluklar\u0131 var. Bir tane, birka\u00e7\u00a0 tane de\u011fil, \u00e7ok. Bunlar\u0131n ortadan kald\u0131r\u0131lmas\u0131, do\u011fruca anla\u015f\u0131l\u0131p, iyice bilinmelerine ba\u011fl\u0131. Okullar\u0131m\u0131z\u0131n, \u00fcniversitelerimizin bunlarla ilgilenmesi, \u00f6\u011frencilerde \u015fimdiden bir k\u0131v\u0131lc\u0131m tutu\u015fturmas\u0131, onlara \u015fimdiden bir heyecan kazand\u0131rmas\u0131 gerek. Bug\u00fcn bu zorluklan iyice biliyor muyuz? Okullar\u0131m\u0131z bunlarla ilgilenmiyor mu? Ne gezer! H\u00e2l\u00e2 aya\u011f\u0131 topra\u011fa basmayan birtak\u0131m Beyler, nelerle u\u011fra\u015f\u0131yor, nelerle g\u00fcn t\u00fcketiyor, g\u00f6r\u00fcyorsunuz! Bunlar, as\u0131l sorunlardan ne kadar uzaklarda dola\u015ft\u0131klar\u0131n\u0131n hi\u00e7 fark\u0131nda de\u011filler mi acaba?<br \/>&#8220;Falanca masondur, fil\u00e2nca masondur&#8230;&#8221;<br \/>&#8220;Verin 1200 lira, teravih imam\u0131 tutun&#8230;&#8221;<br \/>Bu mu bizim zorumuz?<\/p>\n<p>Bizim zorumuz, ne yap\u0131p edip, k\u00f6yl\u00fcm\u00fcz\u00fc, iki y\u00fcz kuru\u015f verip o kokan peyniri yiyecek kafadan ve ekonomik peri\u015fanl\u0131ktan kurtarmakt\u0131r.<\/p>\n","protected":false},"excerpt":{"rendered":"<p>Yak\u0131nlardaki \u00f6\u011fretmen okullar\u0131ndan birinde \u00f6\u011frenci olan \u0130smail&#8217;le oturduk, e\u011fitim i\u015flerimizdeki gev\u015feme ve gerilemelerden konu\u015fuyoruz, ismail, dal boylu, a\u00e7\u0131k s\u00f6zl\u00fc, konu\u015fkan bir arkada\u015f. Kafas\u0131 i\u015flek. \u0130zinli olarak k\u00f6y\u00fcne gidiyormu\u015f. \u0130ki y\u0131l \u00f6nce bizim okuldan \u00e7\u0131kt\u0131\u011f\u0131 i\u00e7in, \u00ab\u00d6\u011fretmenlerimi bir g\u00f6reyim&#8230;\u00bb demi\u015f. \u00c7evremiz biraz seyrelir gibi olunca kula\u011f\u0131ma e\u011fildi. \u0130ki yan\u0131na bakarak \u015funlar\u0131 s\u00f6yledi: &#8220;Bir psikoloji \u00f6\u011fretmenimiz var, [&hellip;]<\/p>\n","protected":false},"author":1,"featured_media":0,"comment_status":"open","ping_status":"open","sticky":false,"template":"","format":"standard","meta":{"footnotes":""},"categories":[114],"tags":[],"class_list":{"0":"post-5909","1":"post","2":"type-post","3":"status-publish","4":"format-standard","6":"category-turkiye-den-oykuler"},"yoast_head":"<!-- This site is optimized with the Yoast SEO Premium plugin v24.9 (Yoast SEO v24.9) - https:\/\/yoast.com\/wordpress\/plugins\/seo\/ -->\n<title>Ne oluyor bir b\u00f6l\u00fck k\u00f6yl\u00fcn\u00fcn eli para g\u00f6r\u00fcyor da? | Fakir Baykurt - narteks.net<\/title>\n<meta name=\"robots\" content=\"index, follow, max-snippet:-1, max-image-preview:large, max-video-preview:-1\" \/>\n<link rel=\"canonical\" href=\"https:\/\/narteks.net\/index.php\/2011\/04\/07\/ne-oluyor-bir-boluk-koylunun-eli-para-goruyor-da-fakir-baykurt\/\" \/>\n<meta property=\"og:locale\" content=\"tr_TR\" \/>\n<meta property=\"og:type\" content=\"article\" \/>\n<meta property=\"og:title\" content=\"Ne oluyor bir b\u00f6l\u00fck k\u00f6yl\u00fcn\u00fcn eli para g\u00f6r\u00fcyor da? | Fakir Baykurt\" \/>\n<meta property=\"og:description\" content=\"Yak\u0131nlardaki \u00f6\u011fretmen okullar\u0131ndan birinde \u00f6\u011frenci olan \u0130smail&#8217;le oturduk, e\u011fitim i\u015flerimizdeki gev\u015feme ve gerilemelerden konu\u015fuyoruz, ismail, dal boylu, a\u00e7\u0131k s\u00f6zl\u00fc, konu\u015fkan bir arkada\u015f. Kafas\u0131 i\u015flek. \u0130zinli olarak k\u00f6y\u00fcne gidiyormu\u015f. \u0130ki y\u0131l \u00f6nce bizim okuldan \u00e7\u0131kt\u0131\u011f\u0131 i\u00e7in, \u00ab\u00d6\u011fretmenlerimi bir g\u00f6reyim&#8230;\u00bb demi\u015f. \u00c7evremiz biraz seyrelir gibi olunca kula\u011f\u0131ma e\u011fildi. \u0130ki yan\u0131na bakarak \u015funlar\u0131 s\u00f6yledi: &#8220;Bir psikoloji \u00f6\u011fretmenimiz var, [&hellip;]\" \/>\n<meta property=\"og:url\" content=\"https:\/\/narteks.net\/index.php\/2011\/04\/07\/ne-oluyor-bir-boluk-koylunun-eli-para-goruyor-da-fakir-baykurt\/\" \/>\n<meta property=\"og:site_name\" content=\"narteks.net\" \/>\n<meta property=\"article:published_time\" content=\"2011-04-07T07:55:18+00:00\" \/>\n<meta property=\"og:image\" content=\"https:\/\/narteks.net\/wp-content\/uploads\/narteks.png\" \/>\n\t<meta property=\"og:image:width\" content=\"300\" \/>\n\t<meta property=\"og:image:height\" content=\"90\" \/>\n\t<meta property=\"og:image:type\" content=\"image\/png\" \/>\n<meta name=\"author\" content=\"Tar\u0131k\" \/>\n<meta name=\"twitter:card\" content=\"summary_large_image\" \/>\n<meta name=\"twitter:creator\" content=\"@narteks\" \/>\n<meta name=\"twitter:site\" content=\"@narteks\" \/>\n<meta name=\"twitter:label1\" content=\"Yazan:\" \/>\n\t<meta name=\"twitter:data1\" content=\"Tar\u0131k\" \/>\n\t<meta name=\"twitter:label2\" content=\"Tahmini okuma s\u00fcresi\" \/>\n\t<meta name=\"twitter:data2\" content=\"7 dakika\" \/>\n<script type=\"application\/ld+json\" class=\"yoast-schema-graph\">{\"@context\":\"https:\/\/schema.org\",\"@graph\":[{\"@type\":\"Article\",\"@id\":\"https:\/\/narteks.net\/index.php\/2011\/04\/07\/ne-oluyor-bir-boluk-koylunun-eli-para-goruyor-da-fakir-baykurt\/#article\",\"isPartOf\":{\"@id\":\"https:\/\/narteks.net\/index.php\/2011\/04\/07\/ne-oluyor-bir-boluk-koylunun-eli-para-goruyor-da-fakir-baykurt\/\"},\"author\":{\"name\":\"Tar\u0131k\",\"@id\":\"https:\/\/narteks.net\/#\/schema\/person\/61f37d9834294b72d31d274e7ed79bca\"},\"headline\":\"Ne oluyor bir b\u00f6l\u00fck k\u00f6yl\u00fcn\u00fcn eli para g\u00f6r\u00fcyor da? | Fakir Baykurt\",\"datePublished\":\"2011-04-07T07:55:18+00:00\",\"mainEntityOfPage\":{\"@id\":\"https:\/\/narteks.net\/index.php\/2011\/04\/07\/ne-oluyor-bir-boluk-koylunun-eli-para-goruyor-da-fakir-baykurt\/\"},\"wordCount\":1434,\"commentCount\":0,\"publisher\":{\"@id\":\"https:\/\/narteks.net\/#organization\"},\"articleSection\":[\"T\u00fcrkiye'den \u00d6yk\u00fcler\"],\"inLanguage\":\"tr\",\"potentialAction\":[{\"@type\":\"CommentAction\",\"name\":\"Comment\",\"target\":[\"https:\/\/narteks.net\/index.php\/2011\/04\/07\/ne-oluyor-bir-boluk-koylunun-eli-para-goruyor-da-fakir-baykurt\/#respond\"]}]},{\"@type\":\"WebPage\",\"@id\":\"https:\/\/narteks.net\/index.php\/2011\/04\/07\/ne-oluyor-bir-boluk-koylunun-eli-para-goruyor-da-fakir-baykurt\/\",\"url\":\"https:\/\/narteks.net\/index.php\/2011\/04\/07\/ne-oluyor-bir-boluk-koylunun-eli-para-goruyor-da-fakir-baykurt\/\",\"name\":\"Ne oluyor bir b\u00f6l\u00fck k\u00f6yl\u00fcn\u00fcn eli para g\u00f6r\u00fcyor da? | Fakir Baykurt - narteks.net\",\"isPartOf\":{\"@id\":\"https:\/\/narteks.net\/#website\"},\"datePublished\":\"2011-04-07T07:55:18+00:00\",\"breadcrumb\":{\"@id\":\"https:\/\/narteks.net\/index.php\/2011\/04\/07\/ne-oluyor-bir-boluk-koylunun-eli-para-goruyor-da-fakir-baykurt\/#breadcrumb\"},\"inLanguage\":\"tr\",\"potentialAction\":[{\"@type\":\"ReadAction\",\"target\":[\"https:\/\/narteks.net\/index.php\/2011\/04\/07\/ne-oluyor-bir-boluk-koylunun-eli-para-goruyor-da-fakir-baykurt\/\"]}]},{\"@type\":\"BreadcrumbList\",\"@id\":\"https:\/\/narteks.net\/index.php\/2011\/04\/07\/ne-oluyor-bir-boluk-koylunun-eli-para-goruyor-da-fakir-baykurt\/#breadcrumb\",\"itemListElement\":[{\"@type\":\"ListItem\",\"position\":1,\"name\":\"Anasayfa\",\"item\":\"https:\/\/narteks.net\/\"},{\"@type\":\"ListItem\",\"position\":2,\"name\":\"Ne oluyor bir b\u00f6l\u00fck k\u00f6yl\u00fcn\u00fcn eli para g\u00f6r\u00fcyor da? | Fakir Baykurt\"}]},{\"@type\":\"WebSite\",\"@id\":\"https:\/\/narteks.net\/#website\",\"url\":\"https:\/\/narteks.net\/\",\"name\":\"narteks.net\",\"description\":\"K\u00fclt\u00fcr Sanat Edebiyat Felsefe\",\"publisher\":{\"@id\":\"https:\/\/narteks.net\/#organization\"},\"alternateName\":\"K\u00fclt\u00fcr Sanat Edebiyat Felsefe\",\"potentialAction\":[{\"@type\":\"SearchAction\",\"target\":{\"@type\":\"EntryPoint\",\"urlTemplate\":\"https:\/\/narteks.net\/?s={search_term_string}\"},\"query-input\":{\"@type\":\"PropertyValueSpecification\",\"valueRequired\":true,\"valueName\":\"search_term_string\"}}],\"inLanguage\":\"tr\"},{\"@type\":\"Organization\",\"@id\":\"https:\/\/narteks.net\/#organization\",\"name\":\"narteks.net\",\"url\":\"https:\/\/narteks.net\/\",\"logo\":{\"@type\":\"ImageObject\",\"inLanguage\":\"tr\",\"@id\":\"https:\/\/narteks.net\/#\/schema\/logo\/image\/\",\"url\":\"https:\/\/narteks.net\/wp-content\/uploads\/narteks.png\",\"contentUrl\":\"https:\/\/narteks.net\/wp-content\/uploads\/narteks.png\",\"width\":300,\"height\":90,\"caption\":\"narteks.net\"},\"image\":{\"@id\":\"https:\/\/narteks.net\/#\/schema\/logo\/image\/\"},\"sameAs\":[\"https:\/\/x.com\/narteks\",\"https:\/\/instagram.com\/narteksnet\"]},{\"@type\":\"Person\",\"@id\":\"https:\/\/narteks.net\/#\/schema\/person\/61f37d9834294b72d31d274e7ed79bca\",\"name\":\"Tar\u0131k\",\"image\":{\"@type\":\"ImageObject\",\"inLanguage\":\"tr\",\"@id\":\"https:\/\/narteks.net\/#\/schema\/person\/image\/\",\"url\":\"https:\/\/secure.gravatar.com\/avatar\/50865afb55632c4ae467e0af0930f6510aa2297d8014be502a55b14f3b7550cf?s=96&d=mm&r=g\",\"contentUrl\":\"https:\/\/secure.gravatar.com\/avatar\/50865afb55632c4ae467e0af0930f6510aa2297d8014be502a55b14f3b7550cf?s=96&d=mm&r=g\",\"caption\":\"Tar\u0131k\"},\"sameAs\":[\"http:\/\/narteks.net\"],\"url\":\"https:\/\/narteks.net\/index.php\/author\/narbak\/\"}]}<\/script>\n<!-- \/ Yoast SEO Premium plugin. -->","yoast_head_json":{"title":"Ne oluyor bir b\u00f6l\u00fck k\u00f6yl\u00fcn\u00fcn eli para g\u00f6r\u00fcyor da? | Fakir Baykurt - narteks.net","robots":{"index":"index","follow":"follow","max-snippet":"max-snippet:-1","max-image-preview":"max-image-preview:large","max-video-preview":"max-video-preview:-1"},"canonical":"https:\/\/narteks.net\/index.php\/2011\/04\/07\/ne-oluyor-bir-boluk-koylunun-eli-para-goruyor-da-fakir-baykurt\/","og_locale":"tr_TR","og_type":"article","og_title":"Ne oluyor bir b\u00f6l\u00fck k\u00f6yl\u00fcn\u00fcn eli para g\u00f6r\u00fcyor da? | Fakir Baykurt","og_description":"Yak\u0131nlardaki \u00f6\u011fretmen okullar\u0131ndan birinde \u00f6\u011frenci olan \u0130smail&#8217;le oturduk, e\u011fitim i\u015flerimizdeki gev\u015feme ve gerilemelerden konu\u015fuyoruz, ismail, dal boylu, a\u00e7\u0131k s\u00f6zl\u00fc, konu\u015fkan bir arkada\u015f. Kafas\u0131 i\u015flek. \u0130zinli olarak k\u00f6y\u00fcne gidiyormu\u015f. \u0130ki y\u0131l \u00f6nce bizim okuldan \u00e7\u0131kt\u0131\u011f\u0131 i\u00e7in, \u00ab\u00d6\u011fretmenlerimi bir g\u00f6reyim&#8230;\u00bb demi\u015f. \u00c7evremiz biraz seyrelir gibi olunca kula\u011f\u0131ma e\u011fildi. \u0130ki yan\u0131na bakarak \u015funlar\u0131 s\u00f6yledi: &#8220;Bir psikoloji \u00f6\u011fretmenimiz var, [&hellip;]","og_url":"https:\/\/narteks.net\/index.php\/2011\/04\/07\/ne-oluyor-bir-boluk-koylunun-eli-para-goruyor-da-fakir-baykurt\/","og_site_name":"narteks.net","article_published_time":"2011-04-07T07:55:18+00:00","og_image":[{"width":300,"height":90,"url":"https:\/\/narteks.net\/wp-content\/uploads\/narteks.png","type":"image\/png"}],"author":"Tar\u0131k","twitter_card":"summary_large_image","twitter_creator":"@narteks","twitter_site":"@narteks","twitter_misc":{"Yazan:":"Tar\u0131k","Tahmini okuma s\u00fcresi":"7 dakika"},"schema":{"@context":"https:\/\/schema.org","@graph":[{"@type":"Article","@id":"https:\/\/narteks.net\/index.php\/2011\/04\/07\/ne-oluyor-bir-boluk-koylunun-eli-para-goruyor-da-fakir-baykurt\/#article","isPartOf":{"@id":"https:\/\/narteks.net\/index.php\/2011\/04\/07\/ne-oluyor-bir-boluk-koylunun-eli-para-goruyor-da-fakir-baykurt\/"},"author":{"name":"Tar\u0131k","@id":"https:\/\/narteks.net\/#\/schema\/person\/61f37d9834294b72d31d274e7ed79bca"},"headline":"Ne oluyor bir b\u00f6l\u00fck k\u00f6yl\u00fcn\u00fcn eli para g\u00f6r\u00fcyor da? | Fakir Baykurt","datePublished":"2011-04-07T07:55:18+00:00","mainEntityOfPage":{"@id":"https:\/\/narteks.net\/index.php\/2011\/04\/07\/ne-oluyor-bir-boluk-koylunun-eli-para-goruyor-da-fakir-baykurt\/"},"wordCount":1434,"commentCount":0,"publisher":{"@id":"https:\/\/narteks.net\/#organization"},"articleSection":["T\u00fcrkiye'den \u00d6yk\u00fcler"],"inLanguage":"tr","potentialAction":[{"@type":"CommentAction","name":"Comment","target":["https:\/\/narteks.net\/index.php\/2011\/04\/07\/ne-oluyor-bir-boluk-koylunun-eli-para-goruyor-da-fakir-baykurt\/#respond"]}]},{"@type":"WebPage","@id":"https:\/\/narteks.net\/index.php\/2011\/04\/07\/ne-oluyor-bir-boluk-koylunun-eli-para-goruyor-da-fakir-baykurt\/","url":"https:\/\/narteks.net\/index.php\/2011\/04\/07\/ne-oluyor-bir-boluk-koylunun-eli-para-goruyor-da-fakir-baykurt\/","name":"Ne oluyor bir b\u00f6l\u00fck k\u00f6yl\u00fcn\u00fcn eli para g\u00f6r\u00fcyor da? | Fakir Baykurt - narteks.net","isPartOf":{"@id":"https:\/\/narteks.net\/#website"},"datePublished":"2011-04-07T07:55:18+00:00","breadcrumb":{"@id":"https:\/\/narteks.net\/index.php\/2011\/04\/07\/ne-oluyor-bir-boluk-koylunun-eli-para-goruyor-da-fakir-baykurt\/#breadcrumb"},"inLanguage":"tr","potentialAction":[{"@type":"ReadAction","target":["https:\/\/narteks.net\/index.php\/2011\/04\/07\/ne-oluyor-bir-boluk-koylunun-eli-para-goruyor-da-fakir-baykurt\/"]}]},{"@type":"BreadcrumbList","@id":"https:\/\/narteks.net\/index.php\/2011\/04\/07\/ne-oluyor-bir-boluk-koylunun-eli-para-goruyor-da-fakir-baykurt\/#breadcrumb","itemListElement":[{"@type":"ListItem","position":1,"name":"Anasayfa","item":"https:\/\/narteks.net\/"},{"@type":"ListItem","position":2,"name":"Ne oluyor bir b\u00f6l\u00fck k\u00f6yl\u00fcn\u00fcn eli para g\u00f6r\u00fcyor da? | Fakir Baykurt"}]},{"@type":"WebSite","@id":"https:\/\/narteks.net\/#website","url":"https:\/\/narteks.net\/","name":"narteks.net","description":"K\u00fclt\u00fcr Sanat Edebiyat Felsefe","publisher":{"@id":"https:\/\/narteks.net\/#organization"},"alternateName":"K\u00fclt\u00fcr Sanat Edebiyat Felsefe","potentialAction":[{"@type":"SearchAction","target":{"@type":"EntryPoint","urlTemplate":"https:\/\/narteks.net\/?s={search_term_string}"},"query-input":{"@type":"PropertyValueSpecification","valueRequired":true,"valueName":"search_term_string"}}],"inLanguage":"tr"},{"@type":"Organization","@id":"https:\/\/narteks.net\/#organization","name":"narteks.net","url":"https:\/\/narteks.net\/","logo":{"@type":"ImageObject","inLanguage":"tr","@id":"https:\/\/narteks.net\/#\/schema\/logo\/image\/","url":"https:\/\/narteks.net\/wp-content\/uploads\/narteks.png","contentUrl":"https:\/\/narteks.net\/wp-content\/uploads\/narteks.png","width":300,"height":90,"caption":"narteks.net"},"image":{"@id":"https:\/\/narteks.net\/#\/schema\/logo\/image\/"},"sameAs":["https:\/\/x.com\/narteks","https:\/\/instagram.com\/narteksnet"]},{"@type":"Person","@id":"https:\/\/narteks.net\/#\/schema\/person\/61f37d9834294b72d31d274e7ed79bca","name":"Tar\u0131k","image":{"@type":"ImageObject","inLanguage":"tr","@id":"https:\/\/narteks.net\/#\/schema\/person\/image\/","url":"https:\/\/secure.gravatar.com\/avatar\/50865afb55632c4ae467e0af0930f6510aa2297d8014be502a55b14f3b7550cf?s=96&d=mm&r=g","contentUrl":"https:\/\/secure.gravatar.com\/avatar\/50865afb55632c4ae467e0af0930f6510aa2297d8014be502a55b14f3b7550cf?s=96&d=mm&r=g","caption":"Tar\u0131k"},"sameAs":["http:\/\/narteks.net"],"url":"https:\/\/narteks.net\/index.php\/author\/narbak\/"}]}},"_links":{"self":[{"href":"https:\/\/narteks.net\/index.php\/wp-json\/wp\/v2\/posts\/5909","targetHints":{"allow":["GET"]}}],"collection":[{"href":"https:\/\/narteks.net\/index.php\/wp-json\/wp\/v2\/posts"}],"about":[{"href":"https:\/\/narteks.net\/index.php\/wp-json\/wp\/v2\/types\/post"}],"author":[{"embeddable":true,"href":"https:\/\/narteks.net\/index.php\/wp-json\/wp\/v2\/users\/1"}],"replies":[{"embeddable":true,"href":"https:\/\/narteks.net\/index.php\/wp-json\/wp\/v2\/comments?post=5909"}],"version-history":[{"count":0,"href":"https:\/\/narteks.net\/index.php\/wp-json\/wp\/v2\/posts\/5909\/revisions"}],"wp:attachment":[{"href":"https:\/\/narteks.net\/index.php\/wp-json\/wp\/v2\/media?parent=5909"}],"wp:term":[{"taxonomy":"category","embeddable":true,"href":"https:\/\/narteks.net\/index.php\/wp-json\/wp\/v2\/categories?post=5909"},{"taxonomy":"post_tag","embeddable":true,"href":"https:\/\/narteks.net\/index.php\/wp-json\/wp\/v2\/tags?post=5909"}],"curies":[{"name":"wp","href":"https:\/\/api.w.org\/{rel}","templated":true}]}}