{"id":5911,"date":"2011-04-09T11:12:04","date_gmt":"2011-04-09T08:12:04","guid":{"rendered":"http:\/\/localhost\/wordpress\/2011\/04\/09\/kant-uzerine-dort-ders-hayal-gucu-gilles-deleuze\/"},"modified":"2011-04-09T11:12:04","modified_gmt":"2011-04-09T08:12:04","slug":"kant-uzerine-dort-ders-hayal-gucu-gilles-deleuze","status":"publish","type":"post","link":"https:\/\/narteks.net\/index.php\/2011\/04\/09\/kant-uzerine-dort-ders-hayal-gucu-gilles-deleuze\/","title":{"rendered":"Kant \u00dczerine D\u00f6rt Ders | Hayal G\u00fcc\u00fc &#8211; Gilles Deleuze"},"content":{"rendered":"<p style=\"text-align: justify;\"><img decoding=\"async\" src=\"images\/stories\/deleuze.jpg\" border=\"0\" style=\"float: left;\" \/>Mek\u00e2nsal-zamansal belirlenimlere kavramsal belirlenimleri \u00e7ak\u0131\u015ft\u0131ran bu iki b\u00fcy\u00fck i\u015flem -bu \u00e7ak\u0131\u015ft\u0131rma, bunlar\u0131n farkl\u0131 t\u00fcrden olduklar\u0131, ba\u015fkal\u0131klar\u0131 bir defa s\u00f6yledi\u011finde ne kadar zor olursa olsun- bunlar\u0131n her ikisi de sentez i\u015flemleridir. \u00c7ok basit nedenlerden dolay\u0131 sentetiktirler, \u00e7\u00fcnk\u00fc, g\u00f6rd\u00fc\u011f\u00fcm\u00fcz gibi, bir taraftan mekansal-zamansal belirlenimler, \u00f6te taraftan kavramsal belirlenimler yani mek\u00e2n-zaman ile kavram ayr\u0131 t\u00fcrdendirler, bu y\u00fczden de onlar\u0131 \u00e7ak\u0131\u015ft\u0131rma i\u015fi farkl\u0131 t\u00fcrden \u015feyler aras\u0131ndaki bir sentezden, bir birle\u015ftirmeden ba\u015fka bir \u015fey olamazd\u0131. Bu iki sentetik i\u015flemin bir ad\u0131 da var. Bu i\u015flemlerin her ikisi aras\u0131nda ortak olan bir \u015fey de var: Bu iki i\u015flem hayal g\u00fcc\u00fcn\u00fcn eylemleridir.<\/p>\n<p style=\"text-align: justify;\">Elbette hayal g\u00fcc\u00fc demek, hayal etmek demek bu noktadan itibaren art\u0131k kendine fikirler edinme ya da herhangi bir \u015feyi hayal etmek de\u011fildir, \u00e7\u00fcnk\u00fc Kant hayal etme eylemine temelli bamba\u015fka bir anlam kazand\u0131r\u0131yor, buna g\u00f6re mek\u00e2nsal-zamansal belirlenimleri kavramsal belirlenimlerle \u00e7ak\u0131\u015ft\u0131rma eylemleridir. Bana buna neden \u201chayal g\u00fcc\u00fc\u201d, hayal etme dedi\u011fini soracaks\u0131n\u0131z. Anlamal\u0131s\u0131n\u0131z ki, Kant daha \u015fimdiden hayal g\u00fcc\u00fcn\u00fc kendinden \u00f6nceki felsefelere g\u00f6re \u00e7ok daha derin bir seviyede yakalam\u0131\u015f bulunuyor: Hayal g\u00fcc\u00fc, art\u0131k imajlar \u00fcreten bir yeti de\u011fildir, bir kavrama uygun bir mek\u00e2n ve bir zaman belirleyen bir yetidir. Ama bu kavramdan t\u00fcremez \u00e7\u00fcnk\u00fc o mek\u00e2n ile zaman\u0131n belirlenmesinden farkl\u0131 bir do\u011fadad\u0131r. Bu ger\u00e7ekten de yeniden-\u00fcreten hayal g\u00fcc\u00fcne kar\u015f\u0131t olarak \u00fcretken, yarat\u0131c\u0131 hayal g\u00fcc\u00fcd\u00fcr.<\/p>\n<p>Dostum Pierre\u2019i hayal ediyorum dedi\u011fimde bu yeniden-\u00fcreten bir hayal g\u00fcc\u00fcd\u00fcr; onu hayal etmekten ba\u015fka bir \u015fey de pek\u00e2l\u00e2 yapabilirdim, -ona g\u00fcnayd\u0131n diyebilirdim, evine ziyarete de gidebilirdim, onu hat\u0131rlayabilirdim- bunlar onu hayal etmekle ayn\u0131 \u015fey de\u011fil. Dostum Pierre\u2019i hayal etmem yeniden-\u00fcreten bir hayal g\u00fcc\u00fcd\u00fcr. Buna kar\u015f\u0131n, bu kavrama uygun bir \u015fekilde bir mek\u00e2n ile zaman\u0131 belirlemek -ama \u00f6yle bir \u015fekilde ki bu belirleme kavram\u0131n kendisinden t\u00fcretilebiliyor olmas\u0131n-, yani bir kavramla bir mek\u00e2n ve zaman\u0131 \u00e7ak\u0131\u015ft\u0131rmak\u2026 \u0130\u015fte bu \u00fcretici, \u00fcretken h\u00e2y\u00e2l g\u00fcc\u00fcn\u00fcn i\u015fidir. D\u00fc\u015f\u00fcn\u00fcn, bir matematik\u00e7i ya da geometrici ne yapar? Ya da ba\u015fka bir yoldan, bir sanat\u00e7\u0131 ne yapar? Onlar mek\u00e2n-zaman \u00fcretir.<\/p>\n<p>Gilles Deleuze \u2013 Kant \u00dczerine D\u00f6rt Ders<br \/>\u00d6teki Yay\u0131nevi<\/p>\n<p style=\"text-align: justify;\">\u00c7eviri: Ulus Baker<\/p>\n","protected":false},"excerpt":{"rendered":"<p>Mek\u00e2nsal-zamansal belirlenimlere kavramsal belirlenimleri \u00e7ak\u0131\u015ft\u0131ran bu iki b\u00fcy\u00fck i\u015flem -bu \u00e7ak\u0131\u015ft\u0131rma, bunlar\u0131n farkl\u0131 t\u00fcrden olduklar\u0131, ba\u015fkal\u0131klar\u0131 bir defa s\u00f6yledi\u011finde ne kadar zor olursa olsun- bunlar\u0131n her ikisi de sentez i\u015flemleridir. \u00c7ok basit nedenlerden dolay\u0131 sentetiktirler, \u00e7\u00fcnk\u00fc, g\u00f6rd\u00fc\u011f\u00fcm\u00fcz gibi, bir taraftan mekansal-zamansal belirlenimler, \u00f6te taraftan kavramsal belirlenimler yani mek\u00e2n-zaman ile kavram ayr\u0131 t\u00fcrdendirler, bu y\u00fczden de [&hellip;]<\/p>\n","protected":false},"author":1,"featured_media":0,"comment_status":"open","ping_status":"open","sticky":false,"template":"","format":"standard","meta":{"footnotes":""},"categories":[62],"tags":[],"class_list":{"0":"post-5911","1":"post","2":"type-post","3":"status-publish","4":"format-standard","6":"category-gilles-deleuze"},"yoast_head":"<!-- This site is optimized with the Yoast SEO Premium plugin v24.9 (Yoast SEO v24.9) - https:\/\/yoast.com\/wordpress\/plugins\/seo\/ -->\n<title>Kant \u00dczerine D\u00f6rt Ders | Hayal G\u00fcc\u00fc - Gilles Deleuze - narteks.net<\/title>\n<meta name=\"robots\" content=\"index, follow, max-snippet:-1, max-image-preview:large, max-video-preview:-1\" \/>\n<link rel=\"canonical\" href=\"https:\/\/narteks.net\/index.php\/2011\/04\/09\/kant-uzerine-dort-ders-hayal-gucu-gilles-deleuze\/\" \/>\n<meta property=\"og:locale\" content=\"tr_TR\" \/>\n<meta property=\"og:type\" content=\"article\" \/>\n<meta property=\"og:title\" content=\"Kant \u00dczerine D\u00f6rt Ders | Hayal G\u00fcc\u00fc - Gilles Deleuze\" \/>\n<meta property=\"og:description\" content=\"Mek\u00e2nsal-zamansal belirlenimlere kavramsal belirlenimleri \u00e7ak\u0131\u015ft\u0131ran bu iki b\u00fcy\u00fck i\u015flem -bu \u00e7ak\u0131\u015ft\u0131rma, bunlar\u0131n farkl\u0131 t\u00fcrden olduklar\u0131, ba\u015fkal\u0131klar\u0131 bir defa s\u00f6yledi\u011finde ne kadar zor olursa olsun- bunlar\u0131n her ikisi de sentez i\u015flemleridir. \u00c7ok basit nedenlerden dolay\u0131 sentetiktirler, \u00e7\u00fcnk\u00fc, g\u00f6rd\u00fc\u011f\u00fcm\u00fcz gibi, bir taraftan mekansal-zamansal belirlenimler, \u00f6te taraftan kavramsal belirlenimler yani mek\u00e2n-zaman ile kavram ayr\u0131 t\u00fcrdendirler, bu y\u00fczden de [&hellip;]\" \/>\n<meta property=\"og:url\" content=\"https:\/\/narteks.net\/index.php\/2011\/04\/09\/kant-uzerine-dort-ders-hayal-gucu-gilles-deleuze\/\" \/>\n<meta property=\"og:site_name\" content=\"narteks.net\" \/>\n<meta property=\"article:published_time\" content=\"2011-04-09T08:12:04+00:00\" \/>\n<meta property=\"og:image\" content=\"https:\/\/narteks.net\/wp-content\/uploads\/narteks.png\" \/>\n\t<meta property=\"og:image:width\" content=\"300\" \/>\n\t<meta property=\"og:image:height\" content=\"90\" \/>\n\t<meta property=\"og:image:type\" content=\"image\/png\" \/>\n<meta name=\"author\" content=\"Tar\u0131k\" \/>\n<meta name=\"twitter:card\" content=\"summary_large_image\" \/>\n<meta name=\"twitter:creator\" content=\"@narteks\" \/>\n<meta name=\"twitter:site\" content=\"@narteks\" \/>\n<meta name=\"twitter:label1\" content=\"Yazan:\" \/>\n\t<meta name=\"twitter:data1\" content=\"Tar\u0131k\" \/>\n\t<meta name=\"twitter:label2\" content=\"Tahmini okuma s\u00fcresi\" \/>\n\t<meta name=\"twitter:data2\" content=\"2 dakika\" \/>\n<script type=\"application\/ld+json\" class=\"yoast-schema-graph\">{\"@context\":\"https:\/\/schema.org\",\"@graph\":[{\"@type\":\"Article\",\"@id\":\"https:\/\/narteks.net\/index.php\/2011\/04\/09\/kant-uzerine-dort-ders-hayal-gucu-gilles-deleuze\/#article\",\"isPartOf\":{\"@id\":\"https:\/\/narteks.net\/index.php\/2011\/04\/09\/kant-uzerine-dort-ders-hayal-gucu-gilles-deleuze\/\"},\"author\":{\"name\":\"Tar\u0131k\",\"@id\":\"https:\/\/narteks.net\/#\/schema\/person\/61f37d9834294b72d31d274e7ed79bca\"},\"headline\":\"Kant \u00dczerine D\u00f6rt Ders | Hayal G\u00fcc\u00fc &#8211; Gilles Deleuze\",\"datePublished\":\"2011-04-09T08:12:04+00:00\",\"mainEntityOfPage\":{\"@id\":\"https:\/\/narteks.net\/index.php\/2011\/04\/09\/kant-uzerine-dort-ders-hayal-gucu-gilles-deleuze\/\"},\"wordCount\":441,\"commentCount\":0,\"publisher\":{\"@id\":\"https:\/\/narteks.net\/#organization\"},\"articleSection\":[\"Gilles DELEUZE\"],\"inLanguage\":\"tr\",\"potentialAction\":[{\"@type\":\"CommentAction\",\"name\":\"Comment\",\"target\":[\"https:\/\/narteks.net\/index.php\/2011\/04\/09\/kant-uzerine-dort-ders-hayal-gucu-gilles-deleuze\/#respond\"]}]},{\"@type\":\"WebPage\",\"@id\":\"https:\/\/narteks.net\/index.php\/2011\/04\/09\/kant-uzerine-dort-ders-hayal-gucu-gilles-deleuze\/\",\"url\":\"https:\/\/narteks.net\/index.php\/2011\/04\/09\/kant-uzerine-dort-ders-hayal-gucu-gilles-deleuze\/\",\"name\":\"Kant \u00dczerine D\u00f6rt Ders | Hayal G\u00fcc\u00fc - Gilles Deleuze - narteks.net\",\"isPartOf\":{\"@id\":\"https:\/\/narteks.net\/#website\"},\"datePublished\":\"2011-04-09T08:12:04+00:00\",\"breadcrumb\":{\"@id\":\"https:\/\/narteks.net\/index.php\/2011\/04\/09\/kant-uzerine-dort-ders-hayal-gucu-gilles-deleuze\/#breadcrumb\"},\"inLanguage\":\"tr\",\"potentialAction\":[{\"@type\":\"ReadAction\",\"target\":[\"https:\/\/narteks.net\/index.php\/2011\/04\/09\/kant-uzerine-dort-ders-hayal-gucu-gilles-deleuze\/\"]}]},{\"@type\":\"BreadcrumbList\",\"@id\":\"https:\/\/narteks.net\/index.php\/2011\/04\/09\/kant-uzerine-dort-ders-hayal-gucu-gilles-deleuze\/#breadcrumb\",\"itemListElement\":[{\"@type\":\"ListItem\",\"position\":1,\"name\":\"Anasayfa\",\"item\":\"https:\/\/narteks.net\/\"},{\"@type\":\"ListItem\",\"position\":2,\"name\":\"Kant \u00dczerine D\u00f6rt Ders | Hayal G\u00fcc\u00fc &#8211; Gilles Deleuze\"}]},{\"@type\":\"WebSite\",\"@id\":\"https:\/\/narteks.net\/#website\",\"url\":\"https:\/\/narteks.net\/\",\"name\":\"narteks.net\",\"description\":\"K\u00fclt\u00fcr Sanat Edebiyat Felsefe\",\"publisher\":{\"@id\":\"https:\/\/narteks.net\/#organization\"},\"alternateName\":\"K\u00fclt\u00fcr Sanat Edebiyat Felsefe\",\"potentialAction\":[{\"@type\":\"SearchAction\",\"target\":{\"@type\":\"EntryPoint\",\"urlTemplate\":\"https:\/\/narteks.net\/?s={search_term_string}\"},\"query-input\":{\"@type\":\"PropertyValueSpecification\",\"valueRequired\":true,\"valueName\":\"search_term_string\"}}],\"inLanguage\":\"tr\"},{\"@type\":\"Organization\",\"@id\":\"https:\/\/narteks.net\/#organization\",\"name\":\"narteks.net\",\"url\":\"https:\/\/narteks.net\/\",\"logo\":{\"@type\":\"ImageObject\",\"inLanguage\":\"tr\",\"@id\":\"https:\/\/narteks.net\/#\/schema\/logo\/image\/\",\"url\":\"https:\/\/narteks.net\/wp-content\/uploads\/narteks.png\",\"contentUrl\":\"https:\/\/narteks.net\/wp-content\/uploads\/narteks.png\",\"width\":300,\"height\":90,\"caption\":\"narteks.net\"},\"image\":{\"@id\":\"https:\/\/narteks.net\/#\/schema\/logo\/image\/\"},\"sameAs\":[\"https:\/\/x.com\/narteks\",\"https:\/\/instagram.com\/narteksnet\"]},{\"@type\":\"Person\",\"@id\":\"https:\/\/narteks.net\/#\/schema\/person\/61f37d9834294b72d31d274e7ed79bca\",\"name\":\"Tar\u0131k\",\"image\":{\"@type\":\"ImageObject\",\"inLanguage\":\"tr\",\"@id\":\"https:\/\/narteks.net\/#\/schema\/person\/image\/\",\"url\":\"https:\/\/secure.gravatar.com\/avatar\/50865afb55632c4ae467e0af0930f6510aa2297d8014be502a55b14f3b7550cf?s=96&d=mm&r=g\",\"contentUrl\":\"https:\/\/secure.gravatar.com\/avatar\/50865afb55632c4ae467e0af0930f6510aa2297d8014be502a55b14f3b7550cf?s=96&d=mm&r=g\",\"caption\":\"Tar\u0131k\"},\"sameAs\":[\"http:\/\/narteks.net\"],\"url\":\"https:\/\/narteks.net\/index.php\/author\/narbak\/\"}]}<\/script>\n<!-- \/ Yoast SEO Premium plugin. -->","yoast_head_json":{"title":"Kant \u00dczerine D\u00f6rt Ders | Hayal G\u00fcc\u00fc - Gilles Deleuze - narteks.net","robots":{"index":"index","follow":"follow","max-snippet":"max-snippet:-1","max-image-preview":"max-image-preview:large","max-video-preview":"max-video-preview:-1"},"canonical":"https:\/\/narteks.net\/index.php\/2011\/04\/09\/kant-uzerine-dort-ders-hayal-gucu-gilles-deleuze\/","og_locale":"tr_TR","og_type":"article","og_title":"Kant \u00dczerine D\u00f6rt Ders | Hayal G\u00fcc\u00fc - Gilles Deleuze","og_description":"Mek\u00e2nsal-zamansal belirlenimlere kavramsal belirlenimleri \u00e7ak\u0131\u015ft\u0131ran bu iki b\u00fcy\u00fck i\u015flem -bu \u00e7ak\u0131\u015ft\u0131rma, bunlar\u0131n farkl\u0131 t\u00fcrden olduklar\u0131, ba\u015fkal\u0131klar\u0131 bir defa s\u00f6yledi\u011finde ne kadar zor olursa olsun- bunlar\u0131n her ikisi de sentez i\u015flemleridir. \u00c7ok basit nedenlerden dolay\u0131 sentetiktirler, \u00e7\u00fcnk\u00fc, g\u00f6rd\u00fc\u011f\u00fcm\u00fcz gibi, bir taraftan mekansal-zamansal belirlenimler, \u00f6te taraftan kavramsal belirlenimler yani mek\u00e2n-zaman ile kavram ayr\u0131 t\u00fcrdendirler, bu y\u00fczden de [&hellip;]","og_url":"https:\/\/narteks.net\/index.php\/2011\/04\/09\/kant-uzerine-dort-ders-hayal-gucu-gilles-deleuze\/","og_site_name":"narteks.net","article_published_time":"2011-04-09T08:12:04+00:00","og_image":[{"width":300,"height":90,"url":"https:\/\/narteks.net\/wp-content\/uploads\/narteks.png","type":"image\/png"}],"author":"Tar\u0131k","twitter_card":"summary_large_image","twitter_creator":"@narteks","twitter_site":"@narteks","twitter_misc":{"Yazan:":"Tar\u0131k","Tahmini okuma s\u00fcresi":"2 dakika"},"schema":{"@context":"https:\/\/schema.org","@graph":[{"@type":"Article","@id":"https:\/\/narteks.net\/index.php\/2011\/04\/09\/kant-uzerine-dort-ders-hayal-gucu-gilles-deleuze\/#article","isPartOf":{"@id":"https:\/\/narteks.net\/index.php\/2011\/04\/09\/kant-uzerine-dort-ders-hayal-gucu-gilles-deleuze\/"},"author":{"name":"Tar\u0131k","@id":"https:\/\/narteks.net\/#\/schema\/person\/61f37d9834294b72d31d274e7ed79bca"},"headline":"Kant \u00dczerine D\u00f6rt Ders | Hayal G\u00fcc\u00fc &#8211; Gilles Deleuze","datePublished":"2011-04-09T08:12:04+00:00","mainEntityOfPage":{"@id":"https:\/\/narteks.net\/index.php\/2011\/04\/09\/kant-uzerine-dort-ders-hayal-gucu-gilles-deleuze\/"},"wordCount":441,"commentCount":0,"publisher":{"@id":"https:\/\/narteks.net\/#organization"},"articleSection":["Gilles DELEUZE"],"inLanguage":"tr","potentialAction":[{"@type":"CommentAction","name":"Comment","target":["https:\/\/narteks.net\/index.php\/2011\/04\/09\/kant-uzerine-dort-ders-hayal-gucu-gilles-deleuze\/#respond"]}]},{"@type":"WebPage","@id":"https:\/\/narteks.net\/index.php\/2011\/04\/09\/kant-uzerine-dort-ders-hayal-gucu-gilles-deleuze\/","url":"https:\/\/narteks.net\/index.php\/2011\/04\/09\/kant-uzerine-dort-ders-hayal-gucu-gilles-deleuze\/","name":"Kant \u00dczerine D\u00f6rt Ders | Hayal G\u00fcc\u00fc - Gilles Deleuze - narteks.net","isPartOf":{"@id":"https:\/\/narteks.net\/#website"},"datePublished":"2011-04-09T08:12:04+00:00","breadcrumb":{"@id":"https:\/\/narteks.net\/index.php\/2011\/04\/09\/kant-uzerine-dort-ders-hayal-gucu-gilles-deleuze\/#breadcrumb"},"inLanguage":"tr","potentialAction":[{"@type":"ReadAction","target":["https:\/\/narteks.net\/index.php\/2011\/04\/09\/kant-uzerine-dort-ders-hayal-gucu-gilles-deleuze\/"]}]},{"@type":"BreadcrumbList","@id":"https:\/\/narteks.net\/index.php\/2011\/04\/09\/kant-uzerine-dort-ders-hayal-gucu-gilles-deleuze\/#breadcrumb","itemListElement":[{"@type":"ListItem","position":1,"name":"Anasayfa","item":"https:\/\/narteks.net\/"},{"@type":"ListItem","position":2,"name":"Kant \u00dczerine D\u00f6rt Ders | Hayal G\u00fcc\u00fc &#8211; Gilles Deleuze"}]},{"@type":"WebSite","@id":"https:\/\/narteks.net\/#website","url":"https:\/\/narteks.net\/","name":"narteks.net","description":"K\u00fclt\u00fcr Sanat Edebiyat Felsefe","publisher":{"@id":"https:\/\/narteks.net\/#organization"},"alternateName":"K\u00fclt\u00fcr Sanat Edebiyat Felsefe","potentialAction":[{"@type":"SearchAction","target":{"@type":"EntryPoint","urlTemplate":"https:\/\/narteks.net\/?s={search_term_string}"},"query-input":{"@type":"PropertyValueSpecification","valueRequired":true,"valueName":"search_term_string"}}],"inLanguage":"tr"},{"@type":"Organization","@id":"https:\/\/narteks.net\/#organization","name":"narteks.net","url":"https:\/\/narteks.net\/","logo":{"@type":"ImageObject","inLanguage":"tr","@id":"https:\/\/narteks.net\/#\/schema\/logo\/image\/","url":"https:\/\/narteks.net\/wp-content\/uploads\/narteks.png","contentUrl":"https:\/\/narteks.net\/wp-content\/uploads\/narteks.png","width":300,"height":90,"caption":"narteks.net"},"image":{"@id":"https:\/\/narteks.net\/#\/schema\/logo\/image\/"},"sameAs":["https:\/\/x.com\/narteks","https:\/\/instagram.com\/narteksnet"]},{"@type":"Person","@id":"https:\/\/narteks.net\/#\/schema\/person\/61f37d9834294b72d31d274e7ed79bca","name":"Tar\u0131k","image":{"@type":"ImageObject","inLanguage":"tr","@id":"https:\/\/narteks.net\/#\/schema\/person\/image\/","url":"https:\/\/secure.gravatar.com\/avatar\/50865afb55632c4ae467e0af0930f6510aa2297d8014be502a55b14f3b7550cf?s=96&d=mm&r=g","contentUrl":"https:\/\/secure.gravatar.com\/avatar\/50865afb55632c4ae467e0af0930f6510aa2297d8014be502a55b14f3b7550cf?s=96&d=mm&r=g","caption":"Tar\u0131k"},"sameAs":["http:\/\/narteks.net"],"url":"https:\/\/narteks.net\/index.php\/author\/narbak\/"}]}},"_links":{"self":[{"href":"https:\/\/narteks.net\/index.php\/wp-json\/wp\/v2\/posts\/5911","targetHints":{"allow":["GET"]}}],"collection":[{"href":"https:\/\/narteks.net\/index.php\/wp-json\/wp\/v2\/posts"}],"about":[{"href":"https:\/\/narteks.net\/index.php\/wp-json\/wp\/v2\/types\/post"}],"author":[{"embeddable":true,"href":"https:\/\/narteks.net\/index.php\/wp-json\/wp\/v2\/users\/1"}],"replies":[{"embeddable":true,"href":"https:\/\/narteks.net\/index.php\/wp-json\/wp\/v2\/comments?post=5911"}],"version-history":[{"count":0,"href":"https:\/\/narteks.net\/index.php\/wp-json\/wp\/v2\/posts\/5911\/revisions"}],"wp:attachment":[{"href":"https:\/\/narteks.net\/index.php\/wp-json\/wp\/v2\/media?parent=5911"}],"wp:term":[{"taxonomy":"category","embeddable":true,"href":"https:\/\/narteks.net\/index.php\/wp-json\/wp\/v2\/categories?post=5911"},{"taxonomy":"post_tag","embeddable":true,"href":"https:\/\/narteks.net\/index.php\/wp-json\/wp\/v2\/tags?post=5911"}],"curies":[{"name":"wp","href":"https:\/\/api.w.org\/{rel}","templated":true}]}}