{"id":5912,"date":"2011-04-11T12:52:49","date_gmt":"2011-04-11T09:52:49","guid":{"rendered":"http:\/\/localhost\/wordpress\/2011\/04\/11\/sus-cildirdin-mi-bizi-duymalarini-mi-istiyorsun-italo-calvino\/"},"modified":"2011-04-11T12:52:49","modified_gmt":"2011-04-11T09:52:49","slug":"sus-cildirdin-mi-bizi-duymalarini-mi-istiyorsun-italo-calvino","status":"publish","type":"post","link":"https:\/\/narteks.net\/index.php\/2011\/04\/11\/sus-cildirdin-mi-bizi-duymalarini-mi-istiyorsun-italo-calvino\/","title":{"rendered":"Sus, \u00e7\u0131ld\u0131rd\u0131n m\u0131, bizi duymalar\u0131n\u0131 m\u0131 istiyorsun? | \u0130talo Calvino"},"content":{"rendered":"<p style=\"text-align: justify;\"><img decoding=\"async\" src=\"images\/stories\/talocalvino.jpg\" border=\"0\" style=\"float: left;\" \/>Onlar\u0131 izlemeye koyuldum.<\/p>\n<p>Gece, \u0131ss\u0131z bir sokakta, bir d\u00fckkan\u0131n kepengine bir\u015fey yapmaya \u00e7al\u0131\u015f\u0131yorlard\u0131.<\/p>\n<p>A\u011f\u0131r bir kepenkti, demir bir \u00e7ubu\u011fu kald\u0131ra\u00e7 gibi kullan\u0131p kald\u0131rmaya \u00e7al\u0131\u015f\u0131yorlard\u0131 ama kepenk k\u0131m\u0131ldam\u0131yordu.<\/p>\n<p>Kendi kendime, avare avare gezinmekteydim. Yard\u0131m etmek i\u00e7in ben de demir \u00e7ubu\u011fa yap\u0131\u015ft\u0131m. Bana da yer a\u00e7t\u0131lar.<\/p>\n<p>Ayn\u0131 anda \u00e7ekmiyorduk \u00e7ubu\u011fu, &#8220;Hadi \u015fimdi, hep beraber&#8221; dedim. Sa\u011f\u0131mdaki dirse\u011fiyle d\u00fcrt\u00fckledi beni, &#8220;Sus, \u00e7\u0131ld\u0131rd\u0131n m\u0131, bizi duymalar\u0131n\u0131 m\u0131 istiyorsun?&#8221;<\/p>\n<p>Kafam\u0131 yanl\u0131\u015fl\u0131kla oldu der gibi sallad\u0131m.<\/p>\n<p>Uzun s\u00fcre u\u011fra\u015ft\u0131k, kan ter i\u00e7inde kald\u0131k, ama sonunda kepengi bir ki\u015finin alttan ge\u00e7ebilece\u011fi miktar kald\u0131rabildik. Mutlu mutlu birbirimize bakt\u0131k. Sonra i\u00e7eri girdik. Tutmam i\u00e7in bana bir \u00e7uval verdiler. Di\u011ferleri malzemeleri getirip i\u00e7ine y\u00fcklemeye ba\u015flad\u0131lar.<\/p>\n<p>&#8220;O kokarca polisler gelmez in\u015fallah&#8221;, diyorlard\u0131.<\/p>\n<p>&#8220;Evet&#8221;, dedim, &#8220;Hepsi kokarca onlar\u0131n&#8221; &#8220;Sus, ayak sesleri geliyor&#8221; diyorlard\u0131 birka\u00e7 dakikada bir. Korkup kulak kesildim, &#8220;Yok&#8221; dedim, &#8220;onlar de\u011fil&#8221;<\/p>\n<p>&#8220;Her zaman, hi\u00e7 beklemedi\u011fin bir anda geliverirler&#8221;, dedi birisi.<\/p>\n<p>Ba\u015f\u0131m\u0131 sallad\u0131m. &#8220;Hepsini gebertmeli&#8221; diye cevap verdim.<\/p>\n<p>Sonra, \u00e7\u0131k\u0131p k\u00f6\u015feye kadar gitmemi, birisinin gelip gelmedi\u011fine bakmam\u0131 istediler. Gittim.<\/p>\n<p>D\u0131\u015farda k\u00f6\u015fedeki duvar\u0131n kenar\u0131ndan kap\u0131 aralar\u0131na gizlene gizlene bana do\u011fru geliyorlardi.<\/p>\n<p>Onlara kat\u0131ld\u0131m.<\/p>\n<p>D\u00fckkanlar\u0131n oradan sesler geliyor dedi yan\u0131mdaki.<\/p>\n<p>Uzan\u0131p bakt\u0131m.<\/p>\n<p>&#8220;Kafan\u0131 \u00e7ek, aptal herif&#8221; diye t\u0131slad\u0131, &#8220;bizi g\u00f6r\u00fcp yine ka\u00e7acaklar.&#8221;<\/p>\n<p>&#8220;Bak\u0131yordum&#8221; dedim, hemen duvar\u0131n dibine \u00e7\u00f6meldim.<\/p>\n<p>&#8220;Etraflar\u0131n\u0131 \u00e7evreleyebilirsek ka\u00e7amazlar&#8221; dedi bir ba\u015fkas\u0131, &#8220;Say\u0131lar\u0131 \u00e7ok de\u011fil&#8221;.<\/p>\n<p>Nefeslerimizi tuttuk, ayak u\u00e7lar\u0131m\u0131za basa basa, h\u0131zl\u0131 h\u0131zl\u0131 ilerledik; s\u0131k s\u0131k parlayan g\u00f6zlerle birbirimize bak\u0131yorduk.<\/p>\n<p>&#8220;Art\u0131k ka\u00e7amazlar.&#8221; dedim.<\/p>\n<p>&#8220;Sonunda i\u015f \u00fcst\u00fcnde yakalayaca\u011f\u0131z onlar\u0131&#8221; dedi biri.<\/p>\n<p>&#8220;Sonunda!&#8221; dedim.<\/p>\n<p>&#8220;Allah\u0131n belas\u0131 pi\u00e7 kurular\u0131&#8221; dedi \u00f6b\u00fcr\u00fc, &#8220;\u015fu yapt\u0131klar\u0131na bak!&#8221;<\/p>\n<p>&#8220;Pi\u00e7 kurular\u0131&#8221; diye tekrarlad\u0131m k\u0131zg\u0131nca.<\/p>\n<p>Beni, az \u00f6teye, duruma bakmaya g\u00f6nderdiler. D\u00fckkana geri d\u00f6nd\u00fcm.<\/p>\n<p>&#8220;Bizi yakalayamayacaklar&#8221; dedi biri, \u00e7uval\u0131 omzuna atarken.<\/p>\n<p>&#8220;\u00c7abuk&#8221;, dedi bir ba\u015fkas\u0131. &#8220;Arka taraftan \u00e7\u0131kal\u0131m. Burunlar\u0131n\u0131n dibinden ka\u00e7\u0131verecegiz.&#8221;<\/p>\n<p>Hepimiz zaferle g\u00fcl\u00fcmsedik.<\/p>\n<p>&#8220;E\u015fekten d\u00fc\u015fm\u00fc\u015fe d\u00f6necekler&#8221; dedim. D\u00fckkan\u0131n arka taraf\u0131na s\u00fcz\u00fcld\u00fck.<\/p>\n<p>&#8220;Yine atlatt\u0131k salaklar\u0131&#8221; dediler. O s\u0131rada birisi &#8220;Dur, kim var orada?&#8221; diye seslendi, \u0131\u015f\u0131klar yand\u0131.<\/p>\n<p>Bir \u015feyin arkas\u0131na \u00e7\u00f6k\u00fcverdik, bembeyaz kesilmi\u015ftik, birbirimizin ellerini tutuyorduk. Di\u011ferleri geldiler, ama bizi g\u00f6rmediler, geri d\u00f6nd\u00fcler. Biz de f\u0131rlad\u0131k, deli gibi ko\u015fturmaya ba\u015flad\u0131k. &#8220;Ba\u015fard\u0131k&#8221; diye ba\u011f\u0131rd\u0131k. Bir iki kere t\u00f6kezledim ve geriye d\u00fc\u015ft\u00fcm. Kendimi di\u011ferlerinin pe\u015finden kovalayanlar\u0131n aras\u0131nda buldum.<\/p>\n<p>&#8220;Hadi&#8221;, diye seslendiler, &#8220;Yeti\u015fiyoruz&#8221;<\/p>\n<p>Dar sokaklarda hep beraber pe\u015flerinden ko\u015fturduk. &#8220;Sen \u015furadan git, \u00f6nlerini kes&#8221; diye seslendik birbirimize; ara kapan\u0131yordu, biz de &#8220;Ha gayret ka\u00e7amayacaklar&#8221; diye ba\u011f\u0131r\u0131\u015f\u0131yorduk.<\/p>\n<p>Bir tanesine yeti\u015fmeyi ba\u015fard\u0131m. &#8220;Aferin, ka\u00e7may\u0131 ba\u015fard\u0131n&#8221; diye seslendi bana. &#8220;Gel, buradan, izimizi kaybettirece\u011fiz&#8221; Onunla beraber gittim. Bir s\u00fcre sonra kendimi, darac\u0131k bir sokakta yaln\u0131z buldum. Birisi k\u00f6\u015feden geldi, &#8220;Gel, buradan&#8221; diye seslendi. &#8220;Onlar\u0131 g\u00f6rd\u00fcm, fazla uzakla\u015fm\u0131\u015f olamazlar&#8221; Ben de onun pe\u015finden ko\u015fturdum.<\/p>\n<p>Sonra, kan ter i\u00e7inde durdum. Kimse kalmam\u0131\u015ft\u0131, ba\u011f\u0131r\u0131\u015f da gelmiyordu.<\/p>\n<p style=\"text-align: justify;\">Ellerimi cebime att\u0131m, kendi kendime, avare avare gezinmeye ba\u015flad\u0131m.<\/p>\n<p style=\"text-align: justify;\">\u00a0<\/p>\n<p style=\"text-align: justify;\">Dayan\u0131\u015fma | \u0130talo Calvino<\/p>\n","protected":false},"excerpt":{"rendered":"<p>Onlar\u0131 izlemeye koyuldum. Gece, \u0131ss\u0131z bir sokakta, bir d\u00fckkan\u0131n kepengine bir\u015fey yapmaya \u00e7al\u0131\u015f\u0131yorlard\u0131. A\u011f\u0131r bir kepenkti, demir bir \u00e7ubu\u011fu kald\u0131ra\u00e7 gibi kullan\u0131p kald\u0131rmaya \u00e7al\u0131\u015f\u0131yorlard\u0131 ama kepenk k\u0131m\u0131ldam\u0131yordu. Kendi kendime, avare avare gezinmekteydim. Yard\u0131m etmek i\u00e7in ben de demir \u00e7ubu\u011fa yap\u0131\u015ft\u0131m. Bana da yer a\u00e7t\u0131lar. Ayn\u0131 anda \u00e7ekmiyorduk \u00e7ubu\u011fu, &#8220;Hadi \u015fimdi, hep beraber&#8221; dedim. Sa\u011f\u0131mdaki dirse\u011fiyle [&hellip;]<\/p>\n","protected":false},"author":1,"featured_media":0,"comment_status":"open","ping_status":"open","sticky":false,"template":"","format":"standard","meta":{"footnotes":""},"categories":[115],"tags":[],"class_list":{"0":"post-5912","1":"post","2":"type-post","3":"status-publish","4":"format-standard","6":"category-ceviri-oykuler"},"yoast_head":"<!-- This site is optimized with the Yoast SEO Premium plugin v24.9 (Yoast SEO v24.9) - https:\/\/yoast.com\/wordpress\/plugins\/seo\/ -->\n<title>Sus, \u00e7\u0131ld\u0131rd\u0131n m\u0131, bizi duymalar\u0131n\u0131 m\u0131 istiyorsun? | \u0130talo Calvino - narteks.net<\/title>\n<meta name=\"robots\" content=\"index, follow, max-snippet:-1, max-image-preview:large, max-video-preview:-1\" \/>\n<link rel=\"canonical\" href=\"https:\/\/narteks.net\/index.php\/2011\/04\/11\/sus-cildirdin-mi-bizi-duymalarini-mi-istiyorsun-italo-calvino\/\" \/>\n<meta property=\"og:locale\" content=\"tr_TR\" \/>\n<meta property=\"og:type\" content=\"article\" \/>\n<meta property=\"og:title\" content=\"Sus, \u00e7\u0131ld\u0131rd\u0131n m\u0131, bizi duymalar\u0131n\u0131 m\u0131 istiyorsun? | \u0130talo Calvino\" \/>\n<meta property=\"og:description\" content=\"Onlar\u0131 izlemeye koyuldum. Gece, \u0131ss\u0131z bir sokakta, bir d\u00fckkan\u0131n kepengine bir\u015fey yapmaya \u00e7al\u0131\u015f\u0131yorlard\u0131. A\u011f\u0131r bir kepenkti, demir bir \u00e7ubu\u011fu kald\u0131ra\u00e7 gibi kullan\u0131p kald\u0131rmaya \u00e7al\u0131\u015f\u0131yorlard\u0131 ama kepenk k\u0131m\u0131ldam\u0131yordu. Kendi kendime, avare avare gezinmekteydim. Yard\u0131m etmek i\u00e7in ben de demir \u00e7ubu\u011fa yap\u0131\u015ft\u0131m. Bana da yer a\u00e7t\u0131lar. Ayn\u0131 anda \u00e7ekmiyorduk \u00e7ubu\u011fu, &#8220;Hadi \u015fimdi, hep beraber&#8221; dedim. Sa\u011f\u0131mdaki dirse\u011fiyle [&hellip;]\" \/>\n<meta property=\"og:url\" content=\"https:\/\/narteks.net\/index.php\/2011\/04\/11\/sus-cildirdin-mi-bizi-duymalarini-mi-istiyorsun-italo-calvino\/\" \/>\n<meta property=\"og:site_name\" content=\"narteks.net\" \/>\n<meta property=\"article:published_time\" content=\"2011-04-11T09:52:49+00:00\" \/>\n<meta property=\"og:image\" content=\"https:\/\/narteks.net\/wp-content\/uploads\/narteks.png\" \/>\n\t<meta property=\"og:image:width\" content=\"300\" \/>\n\t<meta property=\"og:image:height\" content=\"90\" \/>\n\t<meta property=\"og:image:type\" content=\"image\/png\" \/>\n<meta name=\"author\" content=\"Tar\u0131k\" \/>\n<meta name=\"twitter:card\" content=\"summary_large_image\" \/>\n<meta name=\"twitter:creator\" content=\"@narteks\" \/>\n<meta name=\"twitter:site\" content=\"@narteks\" \/>\n<meta name=\"twitter:label1\" content=\"Yazan:\" \/>\n\t<meta name=\"twitter:data1\" content=\"Tar\u0131k\" \/>\n\t<meta name=\"twitter:label2\" content=\"Tahmini okuma s\u00fcresi\" \/>\n\t<meta name=\"twitter:data2\" content=\"3 dakika\" \/>\n<script type=\"application\/ld+json\" class=\"yoast-schema-graph\">{\"@context\":\"https:\/\/schema.org\",\"@graph\":[{\"@type\":\"Article\",\"@id\":\"https:\/\/narteks.net\/index.php\/2011\/04\/11\/sus-cildirdin-mi-bizi-duymalarini-mi-istiyorsun-italo-calvino\/#article\",\"isPartOf\":{\"@id\":\"https:\/\/narteks.net\/index.php\/2011\/04\/11\/sus-cildirdin-mi-bizi-duymalarini-mi-istiyorsun-italo-calvino\/\"},\"author\":{\"name\":\"Tar\u0131k\",\"@id\":\"https:\/\/narteks.net\/#\/schema\/person\/61f37d9834294b72d31d274e7ed79bca\"},\"headline\":\"Sus, \u00e7\u0131ld\u0131rd\u0131n m\u0131, bizi duymalar\u0131n\u0131 m\u0131 istiyorsun? | \u0130talo Calvino\",\"datePublished\":\"2011-04-11T09:52:49+00:00\",\"mainEntityOfPage\":{\"@id\":\"https:\/\/narteks.net\/index.php\/2011\/04\/11\/sus-cildirdin-mi-bizi-duymalarini-mi-istiyorsun-italo-calvino\/\"},\"wordCount\":619,\"commentCount\":0,\"publisher\":{\"@id\":\"https:\/\/narteks.net\/#organization\"},\"articleSection\":[\"\u00c7eviri \u00d6yk\u00fcler\"],\"inLanguage\":\"tr\",\"potentialAction\":[{\"@type\":\"CommentAction\",\"name\":\"Comment\",\"target\":[\"https:\/\/narteks.net\/index.php\/2011\/04\/11\/sus-cildirdin-mi-bizi-duymalarini-mi-istiyorsun-italo-calvino\/#respond\"]}]},{\"@type\":\"WebPage\",\"@id\":\"https:\/\/narteks.net\/index.php\/2011\/04\/11\/sus-cildirdin-mi-bizi-duymalarini-mi-istiyorsun-italo-calvino\/\",\"url\":\"https:\/\/narteks.net\/index.php\/2011\/04\/11\/sus-cildirdin-mi-bizi-duymalarini-mi-istiyorsun-italo-calvino\/\",\"name\":\"Sus, \u00e7\u0131ld\u0131rd\u0131n m\u0131, bizi duymalar\u0131n\u0131 m\u0131 istiyorsun? | \u0130talo Calvino - narteks.net\",\"isPartOf\":{\"@id\":\"https:\/\/narteks.net\/#website\"},\"datePublished\":\"2011-04-11T09:52:49+00:00\",\"breadcrumb\":{\"@id\":\"https:\/\/narteks.net\/index.php\/2011\/04\/11\/sus-cildirdin-mi-bizi-duymalarini-mi-istiyorsun-italo-calvino\/#breadcrumb\"},\"inLanguage\":\"tr\",\"potentialAction\":[{\"@type\":\"ReadAction\",\"target\":[\"https:\/\/narteks.net\/index.php\/2011\/04\/11\/sus-cildirdin-mi-bizi-duymalarini-mi-istiyorsun-italo-calvino\/\"]}]},{\"@type\":\"BreadcrumbList\",\"@id\":\"https:\/\/narteks.net\/index.php\/2011\/04\/11\/sus-cildirdin-mi-bizi-duymalarini-mi-istiyorsun-italo-calvino\/#breadcrumb\",\"itemListElement\":[{\"@type\":\"ListItem\",\"position\":1,\"name\":\"Anasayfa\",\"item\":\"https:\/\/narteks.net\/\"},{\"@type\":\"ListItem\",\"position\":2,\"name\":\"Sus, \u00e7\u0131ld\u0131rd\u0131n m\u0131, bizi duymalar\u0131n\u0131 m\u0131 istiyorsun? | \u0130talo Calvino\"}]},{\"@type\":\"WebSite\",\"@id\":\"https:\/\/narteks.net\/#website\",\"url\":\"https:\/\/narteks.net\/\",\"name\":\"narteks.net\",\"description\":\"K\u00fclt\u00fcr Sanat Edebiyat Felsefe\",\"publisher\":{\"@id\":\"https:\/\/narteks.net\/#organization\"},\"alternateName\":\"K\u00fclt\u00fcr Sanat Edebiyat Felsefe\",\"potentialAction\":[{\"@type\":\"SearchAction\",\"target\":{\"@type\":\"EntryPoint\",\"urlTemplate\":\"https:\/\/narteks.net\/?s={search_term_string}\"},\"query-input\":{\"@type\":\"PropertyValueSpecification\",\"valueRequired\":true,\"valueName\":\"search_term_string\"}}],\"inLanguage\":\"tr\"},{\"@type\":\"Organization\",\"@id\":\"https:\/\/narteks.net\/#organization\",\"name\":\"narteks.net\",\"url\":\"https:\/\/narteks.net\/\",\"logo\":{\"@type\":\"ImageObject\",\"inLanguage\":\"tr\",\"@id\":\"https:\/\/narteks.net\/#\/schema\/logo\/image\/\",\"url\":\"https:\/\/narteks.net\/wp-content\/uploads\/narteks.png\",\"contentUrl\":\"https:\/\/narteks.net\/wp-content\/uploads\/narteks.png\",\"width\":300,\"height\":90,\"caption\":\"narteks.net\"},\"image\":{\"@id\":\"https:\/\/narteks.net\/#\/schema\/logo\/image\/\"},\"sameAs\":[\"https:\/\/x.com\/narteks\",\"https:\/\/instagram.com\/narteksnet\"]},{\"@type\":\"Person\",\"@id\":\"https:\/\/narteks.net\/#\/schema\/person\/61f37d9834294b72d31d274e7ed79bca\",\"name\":\"Tar\u0131k\",\"image\":{\"@type\":\"ImageObject\",\"inLanguage\":\"tr\",\"@id\":\"https:\/\/narteks.net\/#\/schema\/person\/image\/\",\"url\":\"https:\/\/secure.gravatar.com\/avatar\/50865afb55632c4ae467e0af0930f6510aa2297d8014be502a55b14f3b7550cf?s=96&d=mm&r=g\",\"contentUrl\":\"https:\/\/secure.gravatar.com\/avatar\/50865afb55632c4ae467e0af0930f6510aa2297d8014be502a55b14f3b7550cf?s=96&d=mm&r=g\",\"caption\":\"Tar\u0131k\"},\"sameAs\":[\"http:\/\/narteks.net\"],\"url\":\"https:\/\/narteks.net\/index.php\/author\/narbak\/\"}]}<\/script>\n<!-- \/ Yoast SEO Premium plugin. -->","yoast_head_json":{"title":"Sus, \u00e7\u0131ld\u0131rd\u0131n m\u0131, bizi duymalar\u0131n\u0131 m\u0131 istiyorsun? | \u0130talo Calvino - narteks.net","robots":{"index":"index","follow":"follow","max-snippet":"max-snippet:-1","max-image-preview":"max-image-preview:large","max-video-preview":"max-video-preview:-1"},"canonical":"https:\/\/narteks.net\/index.php\/2011\/04\/11\/sus-cildirdin-mi-bizi-duymalarini-mi-istiyorsun-italo-calvino\/","og_locale":"tr_TR","og_type":"article","og_title":"Sus, \u00e7\u0131ld\u0131rd\u0131n m\u0131, bizi duymalar\u0131n\u0131 m\u0131 istiyorsun? | \u0130talo Calvino","og_description":"Onlar\u0131 izlemeye koyuldum. Gece, \u0131ss\u0131z bir sokakta, bir d\u00fckkan\u0131n kepengine bir\u015fey yapmaya \u00e7al\u0131\u015f\u0131yorlard\u0131. A\u011f\u0131r bir kepenkti, demir bir \u00e7ubu\u011fu kald\u0131ra\u00e7 gibi kullan\u0131p kald\u0131rmaya \u00e7al\u0131\u015f\u0131yorlard\u0131 ama kepenk k\u0131m\u0131ldam\u0131yordu. Kendi kendime, avare avare gezinmekteydim. Yard\u0131m etmek i\u00e7in ben de demir \u00e7ubu\u011fa yap\u0131\u015ft\u0131m. Bana da yer a\u00e7t\u0131lar. Ayn\u0131 anda \u00e7ekmiyorduk \u00e7ubu\u011fu, &#8220;Hadi \u015fimdi, hep beraber&#8221; dedim. Sa\u011f\u0131mdaki dirse\u011fiyle [&hellip;]","og_url":"https:\/\/narteks.net\/index.php\/2011\/04\/11\/sus-cildirdin-mi-bizi-duymalarini-mi-istiyorsun-italo-calvino\/","og_site_name":"narteks.net","article_published_time":"2011-04-11T09:52:49+00:00","og_image":[{"width":300,"height":90,"url":"https:\/\/narteks.net\/wp-content\/uploads\/narteks.png","type":"image\/png"}],"author":"Tar\u0131k","twitter_card":"summary_large_image","twitter_creator":"@narteks","twitter_site":"@narteks","twitter_misc":{"Yazan:":"Tar\u0131k","Tahmini okuma s\u00fcresi":"3 dakika"},"schema":{"@context":"https:\/\/schema.org","@graph":[{"@type":"Article","@id":"https:\/\/narteks.net\/index.php\/2011\/04\/11\/sus-cildirdin-mi-bizi-duymalarini-mi-istiyorsun-italo-calvino\/#article","isPartOf":{"@id":"https:\/\/narteks.net\/index.php\/2011\/04\/11\/sus-cildirdin-mi-bizi-duymalarini-mi-istiyorsun-italo-calvino\/"},"author":{"name":"Tar\u0131k","@id":"https:\/\/narteks.net\/#\/schema\/person\/61f37d9834294b72d31d274e7ed79bca"},"headline":"Sus, \u00e7\u0131ld\u0131rd\u0131n m\u0131, bizi duymalar\u0131n\u0131 m\u0131 istiyorsun? | \u0130talo Calvino","datePublished":"2011-04-11T09:52:49+00:00","mainEntityOfPage":{"@id":"https:\/\/narteks.net\/index.php\/2011\/04\/11\/sus-cildirdin-mi-bizi-duymalarini-mi-istiyorsun-italo-calvino\/"},"wordCount":619,"commentCount":0,"publisher":{"@id":"https:\/\/narteks.net\/#organization"},"articleSection":["\u00c7eviri \u00d6yk\u00fcler"],"inLanguage":"tr","potentialAction":[{"@type":"CommentAction","name":"Comment","target":["https:\/\/narteks.net\/index.php\/2011\/04\/11\/sus-cildirdin-mi-bizi-duymalarini-mi-istiyorsun-italo-calvino\/#respond"]}]},{"@type":"WebPage","@id":"https:\/\/narteks.net\/index.php\/2011\/04\/11\/sus-cildirdin-mi-bizi-duymalarini-mi-istiyorsun-italo-calvino\/","url":"https:\/\/narteks.net\/index.php\/2011\/04\/11\/sus-cildirdin-mi-bizi-duymalarini-mi-istiyorsun-italo-calvino\/","name":"Sus, \u00e7\u0131ld\u0131rd\u0131n m\u0131, bizi duymalar\u0131n\u0131 m\u0131 istiyorsun? | \u0130talo Calvino - narteks.net","isPartOf":{"@id":"https:\/\/narteks.net\/#website"},"datePublished":"2011-04-11T09:52:49+00:00","breadcrumb":{"@id":"https:\/\/narteks.net\/index.php\/2011\/04\/11\/sus-cildirdin-mi-bizi-duymalarini-mi-istiyorsun-italo-calvino\/#breadcrumb"},"inLanguage":"tr","potentialAction":[{"@type":"ReadAction","target":["https:\/\/narteks.net\/index.php\/2011\/04\/11\/sus-cildirdin-mi-bizi-duymalarini-mi-istiyorsun-italo-calvino\/"]}]},{"@type":"BreadcrumbList","@id":"https:\/\/narteks.net\/index.php\/2011\/04\/11\/sus-cildirdin-mi-bizi-duymalarini-mi-istiyorsun-italo-calvino\/#breadcrumb","itemListElement":[{"@type":"ListItem","position":1,"name":"Anasayfa","item":"https:\/\/narteks.net\/"},{"@type":"ListItem","position":2,"name":"Sus, \u00e7\u0131ld\u0131rd\u0131n m\u0131, bizi duymalar\u0131n\u0131 m\u0131 istiyorsun? | \u0130talo Calvino"}]},{"@type":"WebSite","@id":"https:\/\/narteks.net\/#website","url":"https:\/\/narteks.net\/","name":"narteks.net","description":"K\u00fclt\u00fcr Sanat Edebiyat Felsefe","publisher":{"@id":"https:\/\/narteks.net\/#organization"},"alternateName":"K\u00fclt\u00fcr Sanat Edebiyat Felsefe","potentialAction":[{"@type":"SearchAction","target":{"@type":"EntryPoint","urlTemplate":"https:\/\/narteks.net\/?s={search_term_string}"},"query-input":{"@type":"PropertyValueSpecification","valueRequired":true,"valueName":"search_term_string"}}],"inLanguage":"tr"},{"@type":"Organization","@id":"https:\/\/narteks.net\/#organization","name":"narteks.net","url":"https:\/\/narteks.net\/","logo":{"@type":"ImageObject","inLanguage":"tr","@id":"https:\/\/narteks.net\/#\/schema\/logo\/image\/","url":"https:\/\/narteks.net\/wp-content\/uploads\/narteks.png","contentUrl":"https:\/\/narteks.net\/wp-content\/uploads\/narteks.png","width":300,"height":90,"caption":"narteks.net"},"image":{"@id":"https:\/\/narteks.net\/#\/schema\/logo\/image\/"},"sameAs":["https:\/\/x.com\/narteks","https:\/\/instagram.com\/narteksnet"]},{"@type":"Person","@id":"https:\/\/narteks.net\/#\/schema\/person\/61f37d9834294b72d31d274e7ed79bca","name":"Tar\u0131k","image":{"@type":"ImageObject","inLanguage":"tr","@id":"https:\/\/narteks.net\/#\/schema\/person\/image\/","url":"https:\/\/secure.gravatar.com\/avatar\/50865afb55632c4ae467e0af0930f6510aa2297d8014be502a55b14f3b7550cf?s=96&d=mm&r=g","contentUrl":"https:\/\/secure.gravatar.com\/avatar\/50865afb55632c4ae467e0af0930f6510aa2297d8014be502a55b14f3b7550cf?s=96&d=mm&r=g","caption":"Tar\u0131k"},"sameAs":["http:\/\/narteks.net"],"url":"https:\/\/narteks.net\/index.php\/author\/narbak\/"}]}},"_links":{"self":[{"href":"https:\/\/narteks.net\/index.php\/wp-json\/wp\/v2\/posts\/5912","targetHints":{"allow":["GET"]}}],"collection":[{"href":"https:\/\/narteks.net\/index.php\/wp-json\/wp\/v2\/posts"}],"about":[{"href":"https:\/\/narteks.net\/index.php\/wp-json\/wp\/v2\/types\/post"}],"author":[{"embeddable":true,"href":"https:\/\/narteks.net\/index.php\/wp-json\/wp\/v2\/users\/1"}],"replies":[{"embeddable":true,"href":"https:\/\/narteks.net\/index.php\/wp-json\/wp\/v2\/comments?post=5912"}],"version-history":[{"count":0,"href":"https:\/\/narteks.net\/index.php\/wp-json\/wp\/v2\/posts\/5912\/revisions"}],"wp:attachment":[{"href":"https:\/\/narteks.net\/index.php\/wp-json\/wp\/v2\/media?parent=5912"}],"wp:term":[{"taxonomy":"category","embeddable":true,"href":"https:\/\/narteks.net\/index.php\/wp-json\/wp\/v2\/categories?post=5912"},{"taxonomy":"post_tag","embeddable":true,"href":"https:\/\/narteks.net\/index.php\/wp-json\/wp\/v2\/tags?post=5912"}],"curies":[{"name":"wp","href":"https:\/\/api.w.org\/{rel}","templated":true}]}}