{"id":5914,"date":"2011-04-12T22:16:13","date_gmt":"2011-04-12T19:16:13","guid":{"rendered":"http:\/\/localhost\/wordpress\/2011\/04\/12\/press-bir-baskinin-hikayesi-erkan-kucuk\/"},"modified":"2011-04-12T22:16:13","modified_gmt":"2011-04-12T19:16:13","slug":"press-bir-baskinin-hikayesi-erkan-kucuk","status":"publish","type":"post","link":"https:\/\/narteks.net\/index.php\/2011\/04\/12\/press-bir-baskinin-hikayesi-erkan-kucuk\/","title":{"rendered":"Press: Bir Bask\u0131n\u0131n Hikayesi | Erkan K\u00fc\u00e7\u00fck"},"content":{"rendered":"<p style=\"text-align: justify;\">Enseye dayanm\u0131\u015f bir tabanca patl\u0131yor. So\u011fuk namluyu \u0131s\u0131tarak d\u0131\u015far\u0131 f\u0131rl\u0131yor bir mermi. \u00d6l\u00fcm\u00fc, par\u00e7alay\u0131p ge\u00e7ti\u011fi ete bula\u015ft\u0131rarak, ya\u015fam\u0131 hi\u00e7e sayarak gidiyor yoluna. Ard\u0131ndan bir insan, birden bire y\u0131\u011f\u0131l\u0131yor so\u011fuk betona. \u00d6ld\u00fcr\u00fclen ki\u015fi bir gazeteci. Yaln\u0131zca hakikatin\u00fcst\u00fcndeki \u00f6rt\u00fcy\u00fc kald\u0131rmaya \u00e7al\u0131\u015ft\u0131\u011f\u0131 i\u00e7in, cell\u00e2tlar\u0131n tekerine \u00e7omak soktu\u011fu i\u00e7in \u00f6ld\u00fcr\u00fcl\u00fcyor.<\/p>\n<p>Yerde s\u0131rt \u00fcst\u00fc yat\u0131yor. Ba\u015f\u0131nda, elinde foto\u011fraf makinesiyle ayn\u0131 gazetede birlikte \u00e7al\u0131\u015ft\u0131klar\u0131 bir arkada\u015f\u0131 var. Foto\u011fraf\u0131n\u0131 \u00e7ekiyor onun. Ya\u015fanan trajediye, ac\u0131ya ra\u011fmen g\u00f6rev sorumlulu\u011fuyla i\u015fini yap\u0131yor o. Bug\u00fcn arkada\u015f\u0131n\u0131n ba\u015f\u0131na gelen yar\u0131n kendi ba\u015f\u0131na gelebilir, biliyor bunu. \u00c7al\u0131\u015ft\u0131\u011f\u0131 co\u011frafyada, cell\u00e2tlar\u0131n cirit att\u0131\u011f\u0131, \u00f6l\u00fcm\u00fcn s\u0131radanla\u015ft\u0131\u011f\u0131 topraklarda gazeteci olman\u0131n birilerini \u00e7ok rahats\u0131z edece\u011fini biliyor o.<\/p>\n<p>Ba\u015fka bir sahne&#8230; Korulukta iki adam yan yana y\u00fcr\u00fcyor. Derken taraflardan birisi silah\u0131n\u0131 \u00e7\u0131kar\u0131p poz veriyor. Gazeteci olan di\u011feri foto\u011fraf makinesini g\u00f6z\u00fcne yakla\u015ft\u0131r\u0131yor, bak\u0131\u015flar\u0131ndan olacaklar\u0131 kavrad\u0131\u011f\u0131n\u0131 anl\u0131yorsunuz. Birazdan, o silah\u0131n patlayaca\u011f\u0131n\u0131 biliyor, ancak yine de cebindeki tabancaya gitmiyor eli. Silahtan \u00e7\u0131kan mermi foto\u011fraf makinesinin objektifinden giriyor. Daha\u00f6nce \u00f6ld\u00fcr\u00fclen arkada\u015f\u0131 gibi \u015fimdi o da s\u0131rt\u0131n\u0131 topra\u011fa vermi\u015f boylu boyunca yat\u0131yor yerde. Ba\u015f\u0131nda ayn\u0131 gazeteden bir arkada\u015f\u0131 elinde foto\u011fraf makinesi, onun foto\u011fraflar\u0131n\u0131 \u00e7ekiyor.<\/p>\n<p>Bu iki sahne 1992 y\u0131l\u0131nda \u00d6zg\u00fcr G\u00fcndem gazetesi \u00e7al\u0131\u015fanlar\u0131n\u0131n ya\u015fad\u0131klar\u0131 bask\u0131n\u0131n anlat\u0131ld\u0131\u011f\u0131 Press adl\u0131 sinema filminde ge\u00e7iyor. Anlat\u0131lanlar\u0131n \u00e7ok daha fazlas\u0131n\u0131n ya\u015fand\u0131\u011f\u0131n\u0131 bilmek \u00fcrpertiyor insan\u0131. Bir yanda yaln\u0131zca gazetecilik eti\u011fine s\u0131k\u0131 s\u0131k\u0131ya ba\u011fl\u0131 olman\u0131n verdi\u011fi sorumlulukla, halktan gizlenen kirli ger\u00e7ekleri halka ula\u015ft\u0131rma \u00e7abas\u0131; \u00f6te yanda \u00f6l\u00fcm, hapis, i\u015fkence ger\u00e7e\u011fi.<\/p>\n<p>Press gibi filmler sayesinde \u015funu anl\u0131yoruz ki iyi bir film yapabilmek i\u00e7in illaki b\u00fcy\u00fck b\u00fct\u00e7elere ihtiya\u00e7 yok. En temelde iyi bir hikayeye yaslanm\u0131\u015f senaryo ve oyunculukla izlenebilir filmler yapmak m\u00fcmk\u00fcn olabiliyor. \u00d6zellikle hikayenin ger\u00e7ek hayat\u0131n dokunulmam\u0131\u015f noktalar\u0131na dokunmas\u0131, daha \u00f6nce s\u00f6ylenmeyeni s\u00f6yleme \u00e7abas\u0131 i\u00e7inde olmas\u0131 filmin d\u00fczeyini y\u00fckseltiyor. Press filminin hikayesi tam da b\u00f6yle bir dokunulmam\u0131\u015fa el at\u0131yor. G\u00f6rmezden gelinen, \u00fcst\u00fc \u00f6rt\u00fclmeye \u00e7al\u0131\u015f\u0131lan tarihsel bir kesiti izleyicinin \u00f6n\u00fcne \u00e7\u0131kar\u0131yor. Oyunculuklar da hikayeyi do\u011fall\u0131kla yans\u0131tmay\u0131 ba\u015far\u0131yorlar.\u00a0 <\/p>\n<p>Press, bir sinema filmi olman\u0131n \u00f6tesinde gazetecilik dersi gibi. Ger\u00e7ek gazetecili\u011fin ne olmas\u0131 gerekti\u011fi hususunda \u00f6nemli dersler veriyor izleyiciye. Filmi izledikten sonra, var olan iki t\u00fcr gazetecilik aras\u0131nda bir kar\u015f\u0131la\u015ft\u0131rmaya gidiyor insan. Bir yanda \u00d6zg\u00fcr G\u00fcndem&#8217;in yi\u011fit gazetecileri, di\u011fer yanda plazalar\u0131nda etliye s\u00fctl\u00fcye dokunmadan k\u00f6\u015felerinde yatan gazeteci <br \/>cinsi. Her ne kadar bir i\u015fe yaramayaca\u011f\u0131n\u0131 bilsem de \u00f6zellikle bu ikinci t\u00fcr gazetecilerin bu filmi izlemelerini tavsiye ediyorum.\u00a0 <\/p>\n<p>Son d\u00f6nemlerde \u00f6zellikle sinema alan\u0131nda Press gibi bir\u00e7ok iyi i\u015f yap\u0131l\u0131yor. Egemen s\u00f6ylemin d\u0131\u015f\u0131nda kalan ve onu if\u015fa eden, sakl\u0131 olan\u0131 a\u00e7\u0131\u011fa vuran b\u00f6yle yap\u0131mlar\u0131n daha da artmas\u0131 dile\u011fiyle.<\/p>\n","protected":false},"excerpt":{"rendered":"<p>Enseye dayanm\u0131\u015f bir tabanca patl\u0131yor. So\u011fuk namluyu \u0131s\u0131tarak d\u0131\u015far\u0131 f\u0131rl\u0131yor bir mermi. \u00d6l\u00fcm\u00fc, par\u00e7alay\u0131p ge\u00e7ti\u011fi ete bula\u015ft\u0131rarak, ya\u015fam\u0131 hi\u00e7e sayarak gidiyor yoluna. Ard\u0131ndan bir insan, birden bire y\u0131\u011f\u0131l\u0131yor so\u011fuk betona. \u00d6ld\u00fcr\u00fclen ki\u015fi bir gazeteci. Yaln\u0131zca hakikatin\u00fcst\u00fcndeki \u00f6rt\u00fcy\u00fc kald\u0131rmaya \u00e7al\u0131\u015ft\u0131\u011f\u0131 i\u00e7in, cell\u00e2tlar\u0131n tekerine \u00e7omak soktu\u011fu i\u00e7in \u00f6ld\u00fcr\u00fcl\u00fcyor. Yerde s\u0131rt \u00fcst\u00fc yat\u0131yor. Ba\u015f\u0131nda, elinde foto\u011fraf makinesiyle ayn\u0131 [&hellip;]<\/p>\n","protected":false},"author":1,"featured_media":0,"comment_status":"open","ping_status":"open","sticky":false,"template":"","format":"standard","meta":{"footnotes":""},"categories":[140],"tags":[],"class_list":{"0":"post-5914","1":"post","2":"type-post","3":"status-publish","4":"format-standard","6":"category-erkan-kucuk-makale"},"yoast_head":"<!-- This site is optimized with the Yoast SEO Premium plugin v24.9 (Yoast SEO v24.9) - https:\/\/yoast.com\/wordpress\/plugins\/seo\/ -->\n<title>Press: Bir Bask\u0131n\u0131n Hikayesi | Erkan K\u00fc\u00e7\u00fck - narteks.net<\/title>\n<meta name=\"robots\" content=\"index, follow, max-snippet:-1, max-image-preview:large, max-video-preview:-1\" \/>\n<link rel=\"canonical\" href=\"https:\/\/narteks.net\/index.php\/2011\/04\/12\/press-bir-baskinin-hikayesi-erkan-kucuk\/\" \/>\n<meta property=\"og:locale\" content=\"tr_TR\" \/>\n<meta property=\"og:type\" content=\"article\" \/>\n<meta property=\"og:title\" content=\"Press: Bir Bask\u0131n\u0131n Hikayesi | Erkan K\u00fc\u00e7\u00fck\" \/>\n<meta property=\"og:description\" content=\"Enseye dayanm\u0131\u015f bir tabanca patl\u0131yor. So\u011fuk namluyu \u0131s\u0131tarak d\u0131\u015far\u0131 f\u0131rl\u0131yor bir mermi. \u00d6l\u00fcm\u00fc, par\u00e7alay\u0131p ge\u00e7ti\u011fi ete bula\u015ft\u0131rarak, ya\u015fam\u0131 hi\u00e7e sayarak gidiyor yoluna. Ard\u0131ndan bir insan, birden bire y\u0131\u011f\u0131l\u0131yor so\u011fuk betona. \u00d6ld\u00fcr\u00fclen ki\u015fi bir gazeteci. Yaln\u0131zca hakikatin\u00fcst\u00fcndeki \u00f6rt\u00fcy\u00fc kald\u0131rmaya \u00e7al\u0131\u015ft\u0131\u011f\u0131 i\u00e7in, cell\u00e2tlar\u0131n tekerine \u00e7omak soktu\u011fu i\u00e7in \u00f6ld\u00fcr\u00fcl\u00fcyor. Yerde s\u0131rt \u00fcst\u00fc yat\u0131yor. Ba\u015f\u0131nda, elinde foto\u011fraf makinesiyle ayn\u0131 [&hellip;]\" \/>\n<meta property=\"og:url\" content=\"https:\/\/narteks.net\/index.php\/2011\/04\/12\/press-bir-baskinin-hikayesi-erkan-kucuk\/\" \/>\n<meta property=\"og:site_name\" content=\"narteks.net\" \/>\n<meta property=\"article:published_time\" content=\"2011-04-12T19:16:13+00:00\" \/>\n<meta property=\"og:image\" content=\"https:\/\/narteks.net\/wp-content\/uploads\/narteks.png\" \/>\n\t<meta property=\"og:image:width\" content=\"300\" \/>\n\t<meta property=\"og:image:height\" content=\"90\" \/>\n\t<meta property=\"og:image:type\" content=\"image\/png\" \/>\n<meta name=\"author\" content=\"Tar\u0131k\" \/>\n<meta name=\"twitter:card\" content=\"summary_large_image\" \/>\n<meta name=\"twitter:creator\" content=\"@narteks\" \/>\n<meta name=\"twitter:site\" content=\"@narteks\" \/>\n<meta name=\"twitter:label1\" content=\"Yazan:\" \/>\n\t<meta name=\"twitter:data1\" content=\"Tar\u0131k\" \/>\n\t<meta name=\"twitter:label2\" content=\"Tahmini okuma s\u00fcresi\" \/>\n\t<meta name=\"twitter:data2\" content=\"3 dakika\" \/>\n<script type=\"application\/ld+json\" class=\"yoast-schema-graph\">{\"@context\":\"https:\/\/schema.org\",\"@graph\":[{\"@type\":\"Article\",\"@id\":\"https:\/\/narteks.net\/index.php\/2011\/04\/12\/press-bir-baskinin-hikayesi-erkan-kucuk\/#article\",\"isPartOf\":{\"@id\":\"https:\/\/narteks.net\/index.php\/2011\/04\/12\/press-bir-baskinin-hikayesi-erkan-kucuk\/\"},\"author\":{\"name\":\"Tar\u0131k\",\"@id\":\"https:\/\/narteks.net\/#\/schema\/person\/61f37d9834294b72d31d274e7ed79bca\"},\"headline\":\"Press: Bir Bask\u0131n\u0131n Hikayesi | Erkan K\u00fc\u00e7\u00fck\",\"datePublished\":\"2011-04-12T19:16:13+00:00\",\"mainEntityOfPage\":{\"@id\":\"https:\/\/narteks.net\/index.php\/2011\/04\/12\/press-bir-baskinin-hikayesi-erkan-kucuk\/\"},\"wordCount\":591,\"commentCount\":0,\"publisher\":{\"@id\":\"https:\/\/narteks.net\/#organization\"},\"articleSection\":[\"Erkan K\u00fc\u00e7\u00fck (Makale)\"],\"inLanguage\":\"tr\",\"potentialAction\":[{\"@type\":\"CommentAction\",\"name\":\"Comment\",\"target\":[\"https:\/\/narteks.net\/index.php\/2011\/04\/12\/press-bir-baskinin-hikayesi-erkan-kucuk\/#respond\"]}]},{\"@type\":\"WebPage\",\"@id\":\"https:\/\/narteks.net\/index.php\/2011\/04\/12\/press-bir-baskinin-hikayesi-erkan-kucuk\/\",\"url\":\"https:\/\/narteks.net\/index.php\/2011\/04\/12\/press-bir-baskinin-hikayesi-erkan-kucuk\/\",\"name\":\"Press: Bir Bask\u0131n\u0131n Hikayesi | Erkan K\u00fc\u00e7\u00fck - narteks.net\",\"isPartOf\":{\"@id\":\"https:\/\/narteks.net\/#website\"},\"datePublished\":\"2011-04-12T19:16:13+00:00\",\"breadcrumb\":{\"@id\":\"https:\/\/narteks.net\/index.php\/2011\/04\/12\/press-bir-baskinin-hikayesi-erkan-kucuk\/#breadcrumb\"},\"inLanguage\":\"tr\",\"potentialAction\":[{\"@type\":\"ReadAction\",\"target\":[\"https:\/\/narteks.net\/index.php\/2011\/04\/12\/press-bir-baskinin-hikayesi-erkan-kucuk\/\"]}]},{\"@type\":\"BreadcrumbList\",\"@id\":\"https:\/\/narteks.net\/index.php\/2011\/04\/12\/press-bir-baskinin-hikayesi-erkan-kucuk\/#breadcrumb\",\"itemListElement\":[{\"@type\":\"ListItem\",\"position\":1,\"name\":\"Anasayfa\",\"item\":\"https:\/\/narteks.net\/\"},{\"@type\":\"ListItem\",\"position\":2,\"name\":\"Press: Bir Bask\u0131n\u0131n Hikayesi | Erkan K\u00fc\u00e7\u00fck\"}]},{\"@type\":\"WebSite\",\"@id\":\"https:\/\/narteks.net\/#website\",\"url\":\"https:\/\/narteks.net\/\",\"name\":\"narteks.net\",\"description\":\"K\u00fclt\u00fcr Sanat Edebiyat Felsefe\",\"publisher\":{\"@id\":\"https:\/\/narteks.net\/#organization\"},\"alternateName\":\"K\u00fclt\u00fcr Sanat Edebiyat Felsefe\",\"potentialAction\":[{\"@type\":\"SearchAction\",\"target\":{\"@type\":\"EntryPoint\",\"urlTemplate\":\"https:\/\/narteks.net\/?s={search_term_string}\"},\"query-input\":{\"@type\":\"PropertyValueSpecification\",\"valueRequired\":true,\"valueName\":\"search_term_string\"}}],\"inLanguage\":\"tr\"},{\"@type\":\"Organization\",\"@id\":\"https:\/\/narteks.net\/#organization\",\"name\":\"narteks.net\",\"url\":\"https:\/\/narteks.net\/\",\"logo\":{\"@type\":\"ImageObject\",\"inLanguage\":\"tr\",\"@id\":\"https:\/\/narteks.net\/#\/schema\/logo\/image\/\",\"url\":\"https:\/\/narteks.net\/wp-content\/uploads\/narteks.png\",\"contentUrl\":\"https:\/\/narteks.net\/wp-content\/uploads\/narteks.png\",\"width\":300,\"height\":90,\"caption\":\"narteks.net\"},\"image\":{\"@id\":\"https:\/\/narteks.net\/#\/schema\/logo\/image\/\"},\"sameAs\":[\"https:\/\/x.com\/narteks\",\"https:\/\/instagram.com\/narteksnet\"]},{\"@type\":\"Person\",\"@id\":\"https:\/\/narteks.net\/#\/schema\/person\/61f37d9834294b72d31d274e7ed79bca\",\"name\":\"Tar\u0131k\",\"image\":{\"@type\":\"ImageObject\",\"inLanguage\":\"tr\",\"@id\":\"https:\/\/narteks.net\/#\/schema\/person\/image\/\",\"url\":\"https:\/\/secure.gravatar.com\/avatar\/50865afb55632c4ae467e0af0930f6510aa2297d8014be502a55b14f3b7550cf?s=96&d=mm&r=g\",\"contentUrl\":\"https:\/\/secure.gravatar.com\/avatar\/50865afb55632c4ae467e0af0930f6510aa2297d8014be502a55b14f3b7550cf?s=96&d=mm&r=g\",\"caption\":\"Tar\u0131k\"},\"sameAs\":[\"http:\/\/narteks.net\"],\"url\":\"https:\/\/narteks.net\/index.php\/author\/narbak\/\"}]}<\/script>\n<!-- \/ Yoast SEO Premium plugin. -->","yoast_head_json":{"title":"Press: Bir Bask\u0131n\u0131n Hikayesi | Erkan K\u00fc\u00e7\u00fck - narteks.net","robots":{"index":"index","follow":"follow","max-snippet":"max-snippet:-1","max-image-preview":"max-image-preview:large","max-video-preview":"max-video-preview:-1"},"canonical":"https:\/\/narteks.net\/index.php\/2011\/04\/12\/press-bir-baskinin-hikayesi-erkan-kucuk\/","og_locale":"tr_TR","og_type":"article","og_title":"Press: Bir Bask\u0131n\u0131n Hikayesi | Erkan K\u00fc\u00e7\u00fck","og_description":"Enseye dayanm\u0131\u015f bir tabanca patl\u0131yor. So\u011fuk namluyu \u0131s\u0131tarak d\u0131\u015far\u0131 f\u0131rl\u0131yor bir mermi. \u00d6l\u00fcm\u00fc, par\u00e7alay\u0131p ge\u00e7ti\u011fi ete bula\u015ft\u0131rarak, ya\u015fam\u0131 hi\u00e7e sayarak gidiyor yoluna. Ard\u0131ndan bir insan, birden bire y\u0131\u011f\u0131l\u0131yor so\u011fuk betona. \u00d6ld\u00fcr\u00fclen ki\u015fi bir gazeteci. Yaln\u0131zca hakikatin\u00fcst\u00fcndeki \u00f6rt\u00fcy\u00fc kald\u0131rmaya \u00e7al\u0131\u015ft\u0131\u011f\u0131 i\u00e7in, cell\u00e2tlar\u0131n tekerine \u00e7omak soktu\u011fu i\u00e7in \u00f6ld\u00fcr\u00fcl\u00fcyor. Yerde s\u0131rt \u00fcst\u00fc yat\u0131yor. Ba\u015f\u0131nda, elinde foto\u011fraf makinesiyle ayn\u0131 [&hellip;]","og_url":"https:\/\/narteks.net\/index.php\/2011\/04\/12\/press-bir-baskinin-hikayesi-erkan-kucuk\/","og_site_name":"narteks.net","article_published_time":"2011-04-12T19:16:13+00:00","og_image":[{"width":300,"height":90,"url":"https:\/\/narteks.net\/wp-content\/uploads\/narteks.png","type":"image\/png"}],"author":"Tar\u0131k","twitter_card":"summary_large_image","twitter_creator":"@narteks","twitter_site":"@narteks","twitter_misc":{"Yazan:":"Tar\u0131k","Tahmini okuma s\u00fcresi":"3 dakika"},"schema":{"@context":"https:\/\/schema.org","@graph":[{"@type":"Article","@id":"https:\/\/narteks.net\/index.php\/2011\/04\/12\/press-bir-baskinin-hikayesi-erkan-kucuk\/#article","isPartOf":{"@id":"https:\/\/narteks.net\/index.php\/2011\/04\/12\/press-bir-baskinin-hikayesi-erkan-kucuk\/"},"author":{"name":"Tar\u0131k","@id":"https:\/\/narteks.net\/#\/schema\/person\/61f37d9834294b72d31d274e7ed79bca"},"headline":"Press: Bir Bask\u0131n\u0131n Hikayesi | Erkan K\u00fc\u00e7\u00fck","datePublished":"2011-04-12T19:16:13+00:00","mainEntityOfPage":{"@id":"https:\/\/narteks.net\/index.php\/2011\/04\/12\/press-bir-baskinin-hikayesi-erkan-kucuk\/"},"wordCount":591,"commentCount":0,"publisher":{"@id":"https:\/\/narteks.net\/#organization"},"articleSection":["Erkan K\u00fc\u00e7\u00fck (Makale)"],"inLanguage":"tr","potentialAction":[{"@type":"CommentAction","name":"Comment","target":["https:\/\/narteks.net\/index.php\/2011\/04\/12\/press-bir-baskinin-hikayesi-erkan-kucuk\/#respond"]}]},{"@type":"WebPage","@id":"https:\/\/narteks.net\/index.php\/2011\/04\/12\/press-bir-baskinin-hikayesi-erkan-kucuk\/","url":"https:\/\/narteks.net\/index.php\/2011\/04\/12\/press-bir-baskinin-hikayesi-erkan-kucuk\/","name":"Press: Bir Bask\u0131n\u0131n Hikayesi | Erkan K\u00fc\u00e7\u00fck - narteks.net","isPartOf":{"@id":"https:\/\/narteks.net\/#website"},"datePublished":"2011-04-12T19:16:13+00:00","breadcrumb":{"@id":"https:\/\/narteks.net\/index.php\/2011\/04\/12\/press-bir-baskinin-hikayesi-erkan-kucuk\/#breadcrumb"},"inLanguage":"tr","potentialAction":[{"@type":"ReadAction","target":["https:\/\/narteks.net\/index.php\/2011\/04\/12\/press-bir-baskinin-hikayesi-erkan-kucuk\/"]}]},{"@type":"BreadcrumbList","@id":"https:\/\/narteks.net\/index.php\/2011\/04\/12\/press-bir-baskinin-hikayesi-erkan-kucuk\/#breadcrumb","itemListElement":[{"@type":"ListItem","position":1,"name":"Anasayfa","item":"https:\/\/narteks.net\/"},{"@type":"ListItem","position":2,"name":"Press: Bir Bask\u0131n\u0131n Hikayesi | Erkan K\u00fc\u00e7\u00fck"}]},{"@type":"WebSite","@id":"https:\/\/narteks.net\/#website","url":"https:\/\/narteks.net\/","name":"narteks.net","description":"K\u00fclt\u00fcr Sanat Edebiyat Felsefe","publisher":{"@id":"https:\/\/narteks.net\/#organization"},"alternateName":"K\u00fclt\u00fcr Sanat Edebiyat Felsefe","potentialAction":[{"@type":"SearchAction","target":{"@type":"EntryPoint","urlTemplate":"https:\/\/narteks.net\/?s={search_term_string}"},"query-input":{"@type":"PropertyValueSpecification","valueRequired":true,"valueName":"search_term_string"}}],"inLanguage":"tr"},{"@type":"Organization","@id":"https:\/\/narteks.net\/#organization","name":"narteks.net","url":"https:\/\/narteks.net\/","logo":{"@type":"ImageObject","inLanguage":"tr","@id":"https:\/\/narteks.net\/#\/schema\/logo\/image\/","url":"https:\/\/narteks.net\/wp-content\/uploads\/narteks.png","contentUrl":"https:\/\/narteks.net\/wp-content\/uploads\/narteks.png","width":300,"height":90,"caption":"narteks.net"},"image":{"@id":"https:\/\/narteks.net\/#\/schema\/logo\/image\/"},"sameAs":["https:\/\/x.com\/narteks","https:\/\/instagram.com\/narteksnet"]},{"@type":"Person","@id":"https:\/\/narteks.net\/#\/schema\/person\/61f37d9834294b72d31d274e7ed79bca","name":"Tar\u0131k","image":{"@type":"ImageObject","inLanguage":"tr","@id":"https:\/\/narteks.net\/#\/schema\/person\/image\/","url":"https:\/\/secure.gravatar.com\/avatar\/50865afb55632c4ae467e0af0930f6510aa2297d8014be502a55b14f3b7550cf?s=96&d=mm&r=g","contentUrl":"https:\/\/secure.gravatar.com\/avatar\/50865afb55632c4ae467e0af0930f6510aa2297d8014be502a55b14f3b7550cf?s=96&d=mm&r=g","caption":"Tar\u0131k"},"sameAs":["http:\/\/narteks.net"],"url":"https:\/\/narteks.net\/index.php\/author\/narbak\/"}]}},"_links":{"self":[{"href":"https:\/\/narteks.net\/index.php\/wp-json\/wp\/v2\/posts\/5914","targetHints":{"allow":["GET"]}}],"collection":[{"href":"https:\/\/narteks.net\/index.php\/wp-json\/wp\/v2\/posts"}],"about":[{"href":"https:\/\/narteks.net\/index.php\/wp-json\/wp\/v2\/types\/post"}],"author":[{"embeddable":true,"href":"https:\/\/narteks.net\/index.php\/wp-json\/wp\/v2\/users\/1"}],"replies":[{"embeddable":true,"href":"https:\/\/narteks.net\/index.php\/wp-json\/wp\/v2\/comments?post=5914"}],"version-history":[{"count":0,"href":"https:\/\/narteks.net\/index.php\/wp-json\/wp\/v2\/posts\/5914\/revisions"}],"wp:attachment":[{"href":"https:\/\/narteks.net\/index.php\/wp-json\/wp\/v2\/media?parent=5914"}],"wp:term":[{"taxonomy":"category","embeddable":true,"href":"https:\/\/narteks.net\/index.php\/wp-json\/wp\/v2\/categories?post=5914"},{"taxonomy":"post_tag","embeddable":true,"href":"https:\/\/narteks.net\/index.php\/wp-json\/wp\/v2\/tags?post=5914"}],"curies":[{"name":"wp","href":"https:\/\/api.w.org\/{rel}","templated":true}]}}