{"id":5923,"date":"2011-04-27T13:41:05","date_gmt":"2011-04-27T10:41:05","guid":{"rendered":"http:\/\/localhost\/wordpress\/2011\/04\/27\/rese-seve-erkan-kucuk\/"},"modified":"2011-04-27T13:41:05","modified_gmt":"2011-04-27T10:41:05","slug":"rese-seve-erkan-kucuk","status":"publish","type":"post","link":"https:\/\/narteks.net\/index.php\/2011\/04\/27\/rese-seve-erkan-kucuk\/","title":{"rendered":"Re\u015fe  \u015feve | Erkan K\u00fc\u00e7\u00fck"},"content":{"rendered":"<p style=\"text-align: justify;\">Destar Tiyatro\u2019nun 2008 y\u0131l\u0131nda sahnelemeye ba\u015flad\u0131\u011f\u0131 ilk oyunlar\u0131\u00a0 Re\u015fe \u015eeve\u2019yi\u00a0 ge\u00e7 de olsa izleme f\u0131rsat\u0131 buldu\u011fum i\u00e7in mutluyum. Y\u00f6netmenli\u011fini Mirza Metin\u2019in yapt\u0131\u011f\u0131 oyunu yine Mirza Metin ve oyunun ana karakterini canland\u0131ran Berfin Zenderlio\u011flu, birlikte kaleme alm\u0131\u015flar.<\/p>\n<p style=\"text-align: justify;\">\u201cRe\u015fe \u015eeve\u201d oyununun ge\u00e7ti\u011fi mekan bir \u00e7\u00f6pl\u00fckt\u00fcr. \u00c7\u00f6pl\u00fc\u011f\u00fcn i\u00e7inde devinen kad\u0131n karakterin yani 956321 koduyla s\u0131radanla\u015ft\u0131r\u0131lan, G\u00fble ad\u0131 verilen kad\u0131n\u0131n\u00a0 hikayesidir anlat\u0131lan.\u00a0 Onunla simgelenen mefhum, erkeklik d\u00fczeninin i\u00e7inde kimli\u011fi ki\u015fili\u011fi yani varolu\u015fu erkeklik taraf\u0131ndan \u00e7izilen \u201ckad\u0131n-kad\u0131nl\u0131k\u201dd\u0131r.\u00a0 Kendi kaderini belirleme iradesi anlam\u0131nda \u00f6zg\u00fcrl\u00fc\u011f\u00fcn kad\u0131n i\u00e7in ne derece nam\u00fcmk\u00fcn oldu\u011funun ifadesidir oyun.<\/p>\n<p style=\"text-align: justify;\">\u00d6zg\u00fcrl\u00fck ayd\u0131nl\u0131kt\u0131r ve onu bo\u011farak, kendini \u00f6zg\u00fcrl\u00fc\u011f\u00fcn \u00f6l\u00fcm\u00fc \u00fczerinden \u00fcretmeye \u00e7al\u0131\u015fan, otoriter iktidar alan\u0131 karanl\u0131kt\u0131r. Kad\u0131n,\u00a0 karanl\u0131kla yani erkek- ataerkil iktidarla hem dikey hem de yatay alanda ku\u015fat\u0131lm\u0131\u015ft\u0131r. Kendi ki\u015fisel ge\u00e7mi\u015finde ileri geri gidi\u015fleri bu karanl\u0131\u011f\u0131n g\u00f6r\u00fcn\u00fcrl\u00fck kazanmas\u0131n\u0131 sa\u011flar. Kad\u0131n, i\u00e7inde bulundu\u011fu mekanda her ne kadar \u201cart\u0131k \u00f6zg\u00fcr\u00fcm\u201d dese de \u00f6zg\u00fcr de\u011fildir. Bu ku\u015fat\u0131lma kolay a\u015f\u0131lamaz.\u00a0 \u00c7\u00fcnk\u00fc i\u00e7inde bulundu\u011fu mekan da ba\u015fkalar\u0131 taraf\u0131ndan olu\u015fturulmu\u015ftur ve bu haliyle \u00e7\u00f6pl\u00fck, d\u00fczeni kirletecek unsurlar\u0131n\u0131n d\u0131\u015far\u0131da tutulma alan\u0131d\u0131r.<\/p>\n<p style=\"text-align: justify;\">Kad\u0131n ge\u00e7mi\u015fe d\u00f6nd\u00fck\u00e7e\u00a0 onu tan\u0131maya ba\u015flar\u0131z . Daha \u00e7ocukken onu ya\u015fl\u0131 bir adamla evlendirmi\u015flerdir. Sevdi\u011fi gence kavu\u015famam\u0131\u015f, onun \u00f6l\u00fcm\u00fcne \u015fahit olmu\u015ftur. Kaderi\u00a0 erkekler taraf\u0131ndan \u00e7izilmi\u015f en sonunda da \u201ckullan\u0131m de\u011ferini yitirmesi\u201d ile d\u0131\u015far\u0131 (\u00e7\u00f6pl\u00fck) at\u0131lm\u0131\u015ft\u0131r.\u00a0 O\u00a0 bu anlat\u0131da yaln\u0131z de\u011fildir. Oyunda G\u00fble,\u00a0 s\u00f6zel d\u00fczlemde var olan bedensiz bir manken olarak ki\u015file\u015ftirilmi\u015f\u00a0 S\u00fcstem\u2019le\u00a0\u00a0 konu\u015fur s\u00fcrekli. S\u00fcstem\u2019de aynen G\u00fble gibi istemedi\u011fi bir evlili\u011fe zorlanm\u0131\u015f: kimli\u011fi, bedeni ya\u015fam\u0131 yok edilmi\u015f bir gen\u00e7 k\u0131zd\u0131r. G\u00fble\u2019nin tarihinde onun bir yeri vard\u0131r. Ge\u00e7mi\u015fte,\u00a0 kendi hayat\u0131ndan, e\u015finden \u015fikayet eden S\u00fcstem\u2019e\u00a0 erke\u011fine sayg\u0131l\u0131 olmas\u0131n\u0131, bu duruma katlanmas\u0131 gerekti\u011fi \u00f6\u011f\u00fcd\u00fcn\u00fc vermi\u015ftir G\u00fble. Erkeklik k\u00fclt\u00fcr\u00fc -eril iktidar,\u00a0 yaln\u0131z cins olarak erke\u011fin yaratt\u0131\u011f\u0131 bir durum de\u011fildir.\u00a0 Bundan fazlas\u0131 kad\u0131n\u0131n kendi eliyle \u00fcretilir. G\u00fble pi\u015fman olsa da ge\u00e7mi\u015fin vicdan\u0131n\u0131, S\u00fcstem\u2019in hayaletini, korkular\u0131n\u0131 i\u00e7inde ta\u015f\u0131r hep. Bu yaln\u0131zl\u0131\u011f\u0131yla, tekli\u011fiyle onu bo\u011fan zincirin, i\u00e7ine hapsoldu\u011fu girdab\u0131n d\u0131\u015f\u0131na \u00e7\u0131kabilmesi olas\u0131 de\u011fildir zaten. En \u00f6zg\u00fcr oldu\u011funu ifade etti\u011fi anda bile erkek iktidar\u0131n\u0131n i\u00e7inde bir kukladan fazlas\u0131 olamaz. Oyunun sonunda g\u00f6sterilen ipli kuklaya d\u00f6n\u00fc\u015fm\u00fc\u015f haliyle bu ger\u00e7ek somutlan\u0131r.<\/p>\n<p style=\"text-align: justify;\">Di\u011fer yandan karanl\u0131k g\u00f6lgeler olarak erkekli\u011fin t\u00fcm bi\u00e7imlerini simgeleyen iki ki\u015fi g\u00f6r\u00fcr\u00fcz sahnede. Onlar d\u00fczenin t\u00fcm alanlar\u0131n\u0131 bu bi\u00e7imleriyle ku\u015fat\u0131r. Her yere s\u0131zar, her \u015feye dokunur ve ona kendi karanl\u0131\u011f\u0131n\u0131 bula\u015ft\u0131r\u0131r. T\u00fcm hallerinin alt\u0131nda erkekli\u011fi var eder. Bu sergileme, erkekli\u011fin ayn\u0131 zamanda erke\u011fi de ele ge\u00e7iren, onu hapseden y\u00f6n\u00fcn\u00fc es ge\u00e7mez. Bu tiplerden birinin a\u011flay\u0131\u015f\u0131nda bu \u00e7eli\u015fki a\u00e7\u0131\u011fa \u00e7\u0131kar\u0131l\u0131r.<\/p>\n<p style=\"text-align: justify;\">Re\u015fe \u015eeve\u00a0 teatral dili iyi kullan\u0131yor. Simgesel d\u00fczlemde \u00f6rne\u011fin karanl\u0131k-ayd\u0131nl\u0131k, g\u00f6lge, \u00e7\u00f6pl\u00fck, kukla vb. gibi g\u00f6stergeler izleyiciyi d\u00fc\u015f\u00fcnsel planda harekete ge\u00e7iren iyi d\u00fc\u015f\u00fcn\u00fclm\u00fc\u015f unsurlar. S\u0131k s\u0131k karanl\u0131k ve ayd\u0131nl\u0131k aras\u0131nda ge\u00e7i\u015fler ya\u015fand\u0131\u011f\u0131 oyunda bu de\u011fi\u015fimi Kad\u0131n karakteri canland\u0131ran Berfin Zenderlio\u011flu ba\u015far\u0131l\u0131 bir \u015fekilde yans\u0131t\u0131yor.\u00a0 Destar Tiyatronun yarat\u0131c\u0131 ve ba\u015far\u0131l\u0131 buldu\u011fum\u00a0 bu oyununu \u00e7ok be\u011fendim. Gruba ba\u015far\u0131lar\u0131n\u0131n devam\u0131n\u0131 diliyorum.<\/p>\n","protected":false},"excerpt":{"rendered":"<p>Destar Tiyatro\u2019nun 2008 y\u0131l\u0131nda sahnelemeye ba\u015flad\u0131\u011f\u0131 ilk oyunlar\u0131\u00a0 Re\u015fe \u015eeve\u2019yi\u00a0 ge\u00e7 de olsa izleme f\u0131rsat\u0131 buldu\u011fum i\u00e7in mutluyum. Y\u00f6netmenli\u011fini Mirza Metin\u2019in yapt\u0131\u011f\u0131 oyunu yine Mirza Metin ve oyunun ana karakterini canland\u0131ran Berfin Zenderlio\u011flu, birlikte kaleme alm\u0131\u015flar. \u201cRe\u015fe \u015eeve\u201d oyununun ge\u00e7ti\u011fi mekan bir \u00e7\u00f6pl\u00fckt\u00fcr. \u00c7\u00f6pl\u00fc\u011f\u00fcn i\u00e7inde devinen kad\u0131n karakterin yani 956321 koduyla s\u0131radanla\u015ft\u0131r\u0131lan, G\u00fble ad\u0131 verilen [&hellip;]<\/p>\n","protected":false},"author":1,"featured_media":0,"comment_status":"open","ping_status":"open","sticky":false,"template":"","format":"standard","meta":{"footnotes":""},"categories":[140],"tags":[],"class_list":{"0":"post-5923","1":"post","2":"type-post","3":"status-publish","4":"format-standard","6":"category-erkan-kucuk-makale"},"yoast_head":"<!-- This site is optimized with the Yoast SEO Premium plugin v24.9 (Yoast SEO v24.9) - https:\/\/yoast.com\/wordpress\/plugins\/seo\/ -->\n<title>Re\u015fe \u015feve | Erkan K\u00fc\u00e7\u00fck - narteks.net<\/title>\n<meta name=\"robots\" content=\"index, follow, max-snippet:-1, max-image-preview:large, max-video-preview:-1\" \/>\n<link rel=\"canonical\" href=\"https:\/\/narteks.net\/index.php\/2011\/04\/27\/rese-seve-erkan-kucuk\/\" \/>\n<meta property=\"og:locale\" content=\"tr_TR\" \/>\n<meta property=\"og:type\" content=\"article\" \/>\n<meta property=\"og:title\" content=\"Re\u015fe \u015feve | Erkan K\u00fc\u00e7\u00fck\" \/>\n<meta property=\"og:description\" content=\"Destar Tiyatro\u2019nun 2008 y\u0131l\u0131nda sahnelemeye ba\u015flad\u0131\u011f\u0131 ilk oyunlar\u0131\u00a0 Re\u015fe \u015eeve\u2019yi\u00a0 ge\u00e7 de olsa izleme f\u0131rsat\u0131 buldu\u011fum i\u00e7in mutluyum. Y\u00f6netmenli\u011fini Mirza Metin\u2019in yapt\u0131\u011f\u0131 oyunu yine Mirza Metin ve oyunun ana karakterini canland\u0131ran Berfin Zenderlio\u011flu, birlikte kaleme alm\u0131\u015flar. \u201cRe\u015fe \u015eeve\u201d oyununun ge\u00e7ti\u011fi mekan bir \u00e7\u00f6pl\u00fckt\u00fcr. \u00c7\u00f6pl\u00fc\u011f\u00fcn i\u00e7inde devinen kad\u0131n karakterin yani 956321 koduyla s\u0131radanla\u015ft\u0131r\u0131lan, G\u00fble ad\u0131 verilen [&hellip;]\" \/>\n<meta property=\"og:url\" content=\"https:\/\/narteks.net\/index.php\/2011\/04\/27\/rese-seve-erkan-kucuk\/\" \/>\n<meta property=\"og:site_name\" content=\"narteks.net\" \/>\n<meta property=\"article:published_time\" content=\"2011-04-27T10:41:05+00:00\" \/>\n<meta property=\"og:image\" content=\"https:\/\/narteks.net\/wp-content\/uploads\/narteks.png\" \/>\n\t<meta property=\"og:image:width\" content=\"300\" \/>\n\t<meta property=\"og:image:height\" content=\"90\" \/>\n\t<meta property=\"og:image:type\" content=\"image\/png\" \/>\n<meta name=\"author\" content=\"Tar\u0131k\" \/>\n<meta name=\"twitter:card\" content=\"summary_large_image\" \/>\n<meta name=\"twitter:creator\" content=\"@narteks\" \/>\n<meta name=\"twitter:site\" content=\"@narteks\" \/>\n<meta name=\"twitter:label1\" content=\"Yazan:\" \/>\n\t<meta name=\"twitter:data1\" content=\"Tar\u0131k\" \/>\n\t<meta name=\"twitter:label2\" content=\"Tahmini okuma s\u00fcresi\" \/>\n\t<meta name=\"twitter:data2\" content=\"4 dakika\" \/>\n<script type=\"application\/ld+json\" class=\"yoast-schema-graph\">{\"@context\":\"https:\/\/schema.org\",\"@graph\":[{\"@type\":\"Article\",\"@id\":\"https:\/\/narteks.net\/index.php\/2011\/04\/27\/rese-seve-erkan-kucuk\/#article\",\"isPartOf\":{\"@id\":\"https:\/\/narteks.net\/index.php\/2011\/04\/27\/rese-seve-erkan-kucuk\/\"},\"author\":{\"name\":\"Tar\u0131k\",\"@id\":\"https:\/\/narteks.net\/#\/schema\/person\/61f37d9834294b72d31d274e7ed79bca\"},\"headline\":\"Re\u015fe \u015feve | Erkan K\u00fc\u00e7\u00fck\",\"datePublished\":\"2011-04-27T10:41:05+00:00\",\"mainEntityOfPage\":{\"@id\":\"https:\/\/narteks.net\/index.php\/2011\/04\/27\/rese-seve-erkan-kucuk\/\"},\"wordCount\":722,\"commentCount\":0,\"publisher\":{\"@id\":\"https:\/\/narteks.net\/#organization\"},\"articleSection\":[\"Erkan K\u00fc\u00e7\u00fck (Makale)\"],\"inLanguage\":\"tr\",\"potentialAction\":[{\"@type\":\"CommentAction\",\"name\":\"Comment\",\"target\":[\"https:\/\/narteks.net\/index.php\/2011\/04\/27\/rese-seve-erkan-kucuk\/#respond\"]}]},{\"@type\":\"WebPage\",\"@id\":\"https:\/\/narteks.net\/index.php\/2011\/04\/27\/rese-seve-erkan-kucuk\/\",\"url\":\"https:\/\/narteks.net\/index.php\/2011\/04\/27\/rese-seve-erkan-kucuk\/\",\"name\":\"Re\u015fe \u015feve | Erkan K\u00fc\u00e7\u00fck - narteks.net\",\"isPartOf\":{\"@id\":\"https:\/\/narteks.net\/#website\"},\"datePublished\":\"2011-04-27T10:41:05+00:00\",\"breadcrumb\":{\"@id\":\"https:\/\/narteks.net\/index.php\/2011\/04\/27\/rese-seve-erkan-kucuk\/#breadcrumb\"},\"inLanguage\":\"tr\",\"potentialAction\":[{\"@type\":\"ReadAction\",\"target\":[\"https:\/\/narteks.net\/index.php\/2011\/04\/27\/rese-seve-erkan-kucuk\/\"]}]},{\"@type\":\"BreadcrumbList\",\"@id\":\"https:\/\/narteks.net\/index.php\/2011\/04\/27\/rese-seve-erkan-kucuk\/#breadcrumb\",\"itemListElement\":[{\"@type\":\"ListItem\",\"position\":1,\"name\":\"Anasayfa\",\"item\":\"https:\/\/narteks.net\/\"},{\"@type\":\"ListItem\",\"position\":2,\"name\":\"Re\u015fe \u015feve | Erkan K\u00fc\u00e7\u00fck\"}]},{\"@type\":\"WebSite\",\"@id\":\"https:\/\/narteks.net\/#website\",\"url\":\"https:\/\/narteks.net\/\",\"name\":\"narteks.net\",\"description\":\"K\u00fclt\u00fcr Sanat Edebiyat Felsefe\",\"publisher\":{\"@id\":\"https:\/\/narteks.net\/#organization\"},\"alternateName\":\"K\u00fclt\u00fcr Sanat Edebiyat Felsefe\",\"potentialAction\":[{\"@type\":\"SearchAction\",\"target\":{\"@type\":\"EntryPoint\",\"urlTemplate\":\"https:\/\/narteks.net\/?s={search_term_string}\"},\"query-input\":{\"@type\":\"PropertyValueSpecification\",\"valueRequired\":true,\"valueName\":\"search_term_string\"}}],\"inLanguage\":\"tr\"},{\"@type\":\"Organization\",\"@id\":\"https:\/\/narteks.net\/#organization\",\"name\":\"narteks.net\",\"url\":\"https:\/\/narteks.net\/\",\"logo\":{\"@type\":\"ImageObject\",\"inLanguage\":\"tr\",\"@id\":\"https:\/\/narteks.net\/#\/schema\/logo\/image\/\",\"url\":\"https:\/\/narteks.net\/wp-content\/uploads\/narteks.png\",\"contentUrl\":\"https:\/\/narteks.net\/wp-content\/uploads\/narteks.png\",\"width\":300,\"height\":90,\"caption\":\"narteks.net\"},\"image\":{\"@id\":\"https:\/\/narteks.net\/#\/schema\/logo\/image\/\"},\"sameAs\":[\"https:\/\/x.com\/narteks\",\"https:\/\/instagram.com\/narteksnet\"]},{\"@type\":\"Person\",\"@id\":\"https:\/\/narteks.net\/#\/schema\/person\/61f37d9834294b72d31d274e7ed79bca\",\"name\":\"Tar\u0131k\",\"image\":{\"@type\":\"ImageObject\",\"inLanguage\":\"tr\",\"@id\":\"https:\/\/narteks.net\/#\/schema\/person\/image\/\",\"url\":\"https:\/\/secure.gravatar.com\/avatar\/50865afb55632c4ae467e0af0930f6510aa2297d8014be502a55b14f3b7550cf?s=96&d=mm&r=g\",\"contentUrl\":\"https:\/\/secure.gravatar.com\/avatar\/50865afb55632c4ae467e0af0930f6510aa2297d8014be502a55b14f3b7550cf?s=96&d=mm&r=g\",\"caption\":\"Tar\u0131k\"},\"sameAs\":[\"http:\/\/narteks.net\"],\"url\":\"https:\/\/narteks.net\/index.php\/author\/narbak\/\"}]}<\/script>\n<!-- \/ Yoast SEO Premium plugin. -->","yoast_head_json":{"title":"Re\u015fe \u015feve | Erkan K\u00fc\u00e7\u00fck - narteks.net","robots":{"index":"index","follow":"follow","max-snippet":"max-snippet:-1","max-image-preview":"max-image-preview:large","max-video-preview":"max-video-preview:-1"},"canonical":"https:\/\/narteks.net\/index.php\/2011\/04\/27\/rese-seve-erkan-kucuk\/","og_locale":"tr_TR","og_type":"article","og_title":"Re\u015fe \u015feve | Erkan K\u00fc\u00e7\u00fck","og_description":"Destar Tiyatro\u2019nun 2008 y\u0131l\u0131nda sahnelemeye ba\u015flad\u0131\u011f\u0131 ilk oyunlar\u0131\u00a0 Re\u015fe \u015eeve\u2019yi\u00a0 ge\u00e7 de olsa izleme f\u0131rsat\u0131 buldu\u011fum i\u00e7in mutluyum. Y\u00f6netmenli\u011fini Mirza Metin\u2019in yapt\u0131\u011f\u0131 oyunu yine Mirza Metin ve oyunun ana karakterini canland\u0131ran Berfin Zenderlio\u011flu, birlikte kaleme alm\u0131\u015flar. \u201cRe\u015fe \u015eeve\u201d oyununun ge\u00e7ti\u011fi mekan bir \u00e7\u00f6pl\u00fckt\u00fcr. \u00c7\u00f6pl\u00fc\u011f\u00fcn i\u00e7inde devinen kad\u0131n karakterin yani 956321 koduyla s\u0131radanla\u015ft\u0131r\u0131lan, G\u00fble ad\u0131 verilen [&hellip;]","og_url":"https:\/\/narteks.net\/index.php\/2011\/04\/27\/rese-seve-erkan-kucuk\/","og_site_name":"narteks.net","article_published_time":"2011-04-27T10:41:05+00:00","og_image":[{"width":300,"height":90,"url":"https:\/\/narteks.net\/wp-content\/uploads\/narteks.png","type":"image\/png"}],"author":"Tar\u0131k","twitter_card":"summary_large_image","twitter_creator":"@narteks","twitter_site":"@narteks","twitter_misc":{"Yazan:":"Tar\u0131k","Tahmini okuma s\u00fcresi":"4 dakika"},"schema":{"@context":"https:\/\/schema.org","@graph":[{"@type":"Article","@id":"https:\/\/narteks.net\/index.php\/2011\/04\/27\/rese-seve-erkan-kucuk\/#article","isPartOf":{"@id":"https:\/\/narteks.net\/index.php\/2011\/04\/27\/rese-seve-erkan-kucuk\/"},"author":{"name":"Tar\u0131k","@id":"https:\/\/narteks.net\/#\/schema\/person\/61f37d9834294b72d31d274e7ed79bca"},"headline":"Re\u015fe \u015feve | Erkan K\u00fc\u00e7\u00fck","datePublished":"2011-04-27T10:41:05+00:00","mainEntityOfPage":{"@id":"https:\/\/narteks.net\/index.php\/2011\/04\/27\/rese-seve-erkan-kucuk\/"},"wordCount":722,"commentCount":0,"publisher":{"@id":"https:\/\/narteks.net\/#organization"},"articleSection":["Erkan K\u00fc\u00e7\u00fck (Makale)"],"inLanguage":"tr","potentialAction":[{"@type":"CommentAction","name":"Comment","target":["https:\/\/narteks.net\/index.php\/2011\/04\/27\/rese-seve-erkan-kucuk\/#respond"]}]},{"@type":"WebPage","@id":"https:\/\/narteks.net\/index.php\/2011\/04\/27\/rese-seve-erkan-kucuk\/","url":"https:\/\/narteks.net\/index.php\/2011\/04\/27\/rese-seve-erkan-kucuk\/","name":"Re\u015fe \u015feve | Erkan K\u00fc\u00e7\u00fck - narteks.net","isPartOf":{"@id":"https:\/\/narteks.net\/#website"},"datePublished":"2011-04-27T10:41:05+00:00","breadcrumb":{"@id":"https:\/\/narteks.net\/index.php\/2011\/04\/27\/rese-seve-erkan-kucuk\/#breadcrumb"},"inLanguage":"tr","potentialAction":[{"@type":"ReadAction","target":["https:\/\/narteks.net\/index.php\/2011\/04\/27\/rese-seve-erkan-kucuk\/"]}]},{"@type":"BreadcrumbList","@id":"https:\/\/narteks.net\/index.php\/2011\/04\/27\/rese-seve-erkan-kucuk\/#breadcrumb","itemListElement":[{"@type":"ListItem","position":1,"name":"Anasayfa","item":"https:\/\/narteks.net\/"},{"@type":"ListItem","position":2,"name":"Re\u015fe \u015feve | Erkan K\u00fc\u00e7\u00fck"}]},{"@type":"WebSite","@id":"https:\/\/narteks.net\/#website","url":"https:\/\/narteks.net\/","name":"narteks.net","description":"K\u00fclt\u00fcr Sanat Edebiyat Felsefe","publisher":{"@id":"https:\/\/narteks.net\/#organization"},"alternateName":"K\u00fclt\u00fcr Sanat Edebiyat Felsefe","potentialAction":[{"@type":"SearchAction","target":{"@type":"EntryPoint","urlTemplate":"https:\/\/narteks.net\/?s={search_term_string}"},"query-input":{"@type":"PropertyValueSpecification","valueRequired":true,"valueName":"search_term_string"}}],"inLanguage":"tr"},{"@type":"Organization","@id":"https:\/\/narteks.net\/#organization","name":"narteks.net","url":"https:\/\/narteks.net\/","logo":{"@type":"ImageObject","inLanguage":"tr","@id":"https:\/\/narteks.net\/#\/schema\/logo\/image\/","url":"https:\/\/narteks.net\/wp-content\/uploads\/narteks.png","contentUrl":"https:\/\/narteks.net\/wp-content\/uploads\/narteks.png","width":300,"height":90,"caption":"narteks.net"},"image":{"@id":"https:\/\/narteks.net\/#\/schema\/logo\/image\/"},"sameAs":["https:\/\/x.com\/narteks","https:\/\/instagram.com\/narteksnet"]},{"@type":"Person","@id":"https:\/\/narteks.net\/#\/schema\/person\/61f37d9834294b72d31d274e7ed79bca","name":"Tar\u0131k","image":{"@type":"ImageObject","inLanguage":"tr","@id":"https:\/\/narteks.net\/#\/schema\/person\/image\/","url":"https:\/\/secure.gravatar.com\/avatar\/50865afb55632c4ae467e0af0930f6510aa2297d8014be502a55b14f3b7550cf?s=96&d=mm&r=g","contentUrl":"https:\/\/secure.gravatar.com\/avatar\/50865afb55632c4ae467e0af0930f6510aa2297d8014be502a55b14f3b7550cf?s=96&d=mm&r=g","caption":"Tar\u0131k"},"sameAs":["http:\/\/narteks.net"],"url":"https:\/\/narteks.net\/index.php\/author\/narbak\/"}]}},"_links":{"self":[{"href":"https:\/\/narteks.net\/index.php\/wp-json\/wp\/v2\/posts\/5923","targetHints":{"allow":["GET"]}}],"collection":[{"href":"https:\/\/narteks.net\/index.php\/wp-json\/wp\/v2\/posts"}],"about":[{"href":"https:\/\/narteks.net\/index.php\/wp-json\/wp\/v2\/types\/post"}],"author":[{"embeddable":true,"href":"https:\/\/narteks.net\/index.php\/wp-json\/wp\/v2\/users\/1"}],"replies":[{"embeddable":true,"href":"https:\/\/narteks.net\/index.php\/wp-json\/wp\/v2\/comments?post=5923"}],"version-history":[{"count":0,"href":"https:\/\/narteks.net\/index.php\/wp-json\/wp\/v2\/posts\/5923\/revisions"}],"wp:attachment":[{"href":"https:\/\/narteks.net\/index.php\/wp-json\/wp\/v2\/media?parent=5923"}],"wp:term":[{"taxonomy":"category","embeddable":true,"href":"https:\/\/narteks.net\/index.php\/wp-json\/wp\/v2\/categories?post=5923"},{"taxonomy":"post_tag","embeddable":true,"href":"https:\/\/narteks.net\/index.php\/wp-json\/wp\/v2\/tags?post=5923"}],"curies":[{"name":"wp","href":"https:\/\/api.w.org\/{rel}","templated":true}]}}