{"id":5928,"date":"2011-05-09T11:16:19","date_gmt":"2011-05-09T08:16:19","guid":{"rendered":"http:\/\/localhost\/wordpress\/2011\/05\/09\/ogrendiklerim-pek-ise-yaramayacak-cunku-hepsini-bir-cantaya-kilitledim-g-garcia-marquez\/"},"modified":"2011-05-09T11:16:19","modified_gmt":"2011-05-09T08:16:19","slug":"ogrendiklerim-pek-ise-yaramayacak-cunku-hepsini-bir-cantaya-kilitledim-g-garcia-marquez","status":"publish","type":"post","link":"https:\/\/narteks.net\/index.php\/2011\/05\/09\/ogrendiklerim-pek-ise-yaramayacak-cunku-hepsini-bir-cantaya-kilitledim-g-garcia-marquez\/","title":{"rendered":"\u00d6\u011frendiklerim pek i\u015fe yaramayacak. \u00c7\u00fcnk\u00fc hepsini bir \u00e7antaya kilitledim | G. Garcia Marquez"},"content":{"rendered":"<p style=\"text-align: justify;\"><img loading=\"lazy\" decoding=\"async\" src=\"images\/stories\/gabriel_garcia_marquez.jpg\" border=\"0\" alt=\"Gabriel.Garcia.Marquez\" width=\"155\" height=\"205\" style=\"float: left;\" \/>Tanr\u0131 bir an i\u00e7in pa\u00e7avradan bebek oldu\u011fumu unutup, can vererek beni \u00f6d\u00fcllendirse; akl\u0131mdan ge\u00e7en her \u015feyi dile getiremeyebilirdim, ama en az\u0131ndan dile getirdiklerimi ayr\u0131nt\u0131s\u0131yla akl\u0131mdan ge\u00e7irir ve d\u00fc\u015f\u00fcn\u00fcrd\u00fcm. E\u015fyalar\u0131n maddi y\u00f6nlerine de\u011fil anlamlar\u0131na de\u011fer verirdim. Az uyur, \u00e7ok r\u00fcya g\u00f6r\u00fcr, g\u00f6z\u00fcm\u00fc yumdu\u011fum her dakikada, 60 saniye boyunca \u0131\u015f\u0131\u011f\u0131 d\u00fc\u015f\u00fcn\u00fcrd\u00fcm.<\/p>\n<p>\u0130nsan a\u015fktan vazge\u00e7erse ya\u015flan\u0131r&#8230;<\/p>\n<p style=\"text-align: justify;\">Ba\u015fkalar\u0131 durdu\u011fu zaman y\u00fcr\u00fcmeye devam ederdim.Ba\u015fkalar\u0131 uyurken, uyan\u0131k kalmaya gayret ederdim.Ba\u015fkalar\u0131 konu\u015furken dinler, \u00e7ikolatal\u0131 dondurman\u0131n tad\u0131ndan zevk almaya bakard\u0131m.<\/p>\n<p> E\u011fer Tanr\u0131 bana birazc\u0131k can verse, basit giyinir, y\u00fcz\u00fcm\u00fc g\u00fcne\u015fe \u00e7evirir,sadece v\u00fccudumu de\u011fil, ruhumu da t\u00fcm \u00e7\u0131plakl\u0131\u011f\u0131yla a\u00e7ard\u0131m. Tanr\u0131m, e\u011fer bir kalbim olsayd\u0131, nefretimi buzun \u00fczerine kaz\u0131r ve g\u00fcne\u015fin g\u00f6stermesini beklerdim.<\/p>\n<p> G\u00f6ky\u00fcz\u00fcndeki aya, y\u0131ld\u0131zlar boyunca Van Gogh resimleri \u00e7izer, Benedetti \u015fiirleri okur ve serenadlar s\u00f6ylerdim. Gozya\u015flar\u0131mla g\u00fclleri sular, v\u00fccuduma batan dikenlerinin ac\u0131s\u0131n\u0131 hissederek, dudak k\u0131rm\u0131z\u0131s\u0131 ta\u00e7 yapraklar\u0131ndan \u00f6pmek isterdim.<\/p>\n<p>Tanr\u0131m bir yudumluk ya\u015fam\u0131m olsayd\u0131&#8230;<\/p>\n<p style=\"text-align: justify;\">G\u00fcn ge\u00e7mesin ki, kar\u015f\u0131la\u015ft\u0131\u011f\u0131m t\u00fcm insanlara onlar\u0131 sevdi\u011fimi s\u00f6ylemeyeyim. T\u00fcm kad\u0131n ve erkekleri, en sevdi\u011fim insanlar olduklar\u0131 konusunda birer birer ikna ederdim. Ve a\u015fk i\u00e7inde ya\u015fard\u0131m.<\/p>\n<p>Erkeklere, ya\u015fland\u0131klar\u0131 zaman a\u015fk\u0131 b\u0131rakmalar\u0131n\u0131n ne kadar yanl\u0131\u015f oldu\u011funu anlat\u0131rd\u0131m. \u00c7\u00fcnk\u00fc insan a\u015fk\u0131 b\u0131rak\u0131nca ya\u015flan\u0131r.<\/p>\n<p>\u00c7ocuklara kanat verirdim. Ama u\u00e7may\u0131 kendi ba\u015flar\u0131na \u00f6\u011frenmelerine olanak sa\u011flard\u0131m.<\/p>\n<p>Ya\u015fl\u0131lara ise, \u00f6l\u00fcm\u00fcn ya\u015flanma ile de\u011fil unutma ile geldi\u011fini \u00f6\u011fretirdim. Ey insanlar sizlerden ne kadar da \u00e7ok \u015fey \u00f6\u011frenmi\u015fim. T\u00fcm insanlar\u0131n, mutlulu\u011fun ger\u00e7ekleri g\u00f6rmekte sakl\u0131 oldu\u011funu bilmeden, da\u011flar\u0131n zirvesinde ya\u015famak istedi\u011fini \u00f6\u011frendim.<\/p>\n<p>Yeni do\u011fan k\u00fc\u00e7\u00fck bir bebe\u011fin babas\u0131n\u0131n parma\u011f\u0131n\u0131 s\u0131karken asl\u0131nda onu kendisine sonsuza dek kelep\u00e7eyle mahkum etti\u011fini \u00f6\u011frendim.<\/p>\n<p> Sizlerden \u00e7ok \u015fey \u00f6\u011frendim. Ama bu \u00f6\u011frendiklerim pek i\u015fe yaramayacak.<\/p>\n<p> \u00c7\u00fcnk\u00fc hepsini bir \u00e7antaya kilitledim.<\/p>\n<p>Mutsuz bir \u015fekilde&#8230;<\/p>\n<p>Art\u0131k \u00d6lebilir miyim?<\/p>\n<p style=\"text-align: justify;\">\u00a0<\/p>\n<p style=\"text-align: justify;\">Gabriel Garcia Marquez<\/p>\n","protected":false},"excerpt":{"rendered":"<p>Tanr\u0131 bir an i\u00e7in pa\u00e7avradan bebek oldu\u011fumu unutup, can vererek beni \u00f6d\u00fcllendirse; akl\u0131mdan ge\u00e7en her \u015feyi dile getiremeyebilirdim, ama en az\u0131ndan dile getirdiklerimi ayr\u0131nt\u0131s\u0131yla akl\u0131mdan ge\u00e7irir ve d\u00fc\u015f\u00fcn\u00fcrd\u00fcm. E\u015fyalar\u0131n maddi y\u00f6nlerine de\u011fil anlamlar\u0131na de\u011fer verirdim. Az uyur, \u00e7ok r\u00fcya g\u00f6r\u00fcr, g\u00f6z\u00fcm\u00fc yumdu\u011fum her dakikada, 60 saniye boyunca \u0131\u015f\u0131\u011f\u0131 d\u00fc\u015f\u00fcn\u00fcrd\u00fcm. \u0130nsan a\u015fktan vazge\u00e7erse ya\u015flan\u0131r&#8230; Ba\u015fkalar\u0131 durdu\u011fu [&hellip;]<\/p>\n","protected":false},"author":1,"featured_media":0,"comment_status":"open","ping_status":"open","sticky":false,"template":"","format":"standard","meta":{"footnotes":""},"categories":[115],"tags":[],"class_list":{"0":"post-5928","1":"post","2":"type-post","3":"status-publish","4":"format-standard","6":"category-ceviri-oykuler"},"yoast_head":"<!-- This site is optimized with the Yoast SEO Premium plugin v24.9 (Yoast SEO v24.9) - https:\/\/yoast.com\/wordpress\/plugins\/seo\/ -->\n<title>\u00d6\u011frendiklerim pek i\u015fe yaramayacak. \u00c7\u00fcnk\u00fc hepsini bir \u00e7antaya kilitledim | G. Garcia Marquez - narteks.net<\/title>\n<meta name=\"robots\" content=\"index, follow, max-snippet:-1, max-image-preview:large, max-video-preview:-1\" \/>\n<link rel=\"canonical\" href=\"https:\/\/narteks.net\/index.php\/2011\/05\/09\/ogrendiklerim-pek-ise-yaramayacak-cunku-hepsini-bir-cantaya-kilitledim-g-garcia-marquez\/\" \/>\n<meta property=\"og:locale\" content=\"tr_TR\" \/>\n<meta property=\"og:type\" content=\"article\" \/>\n<meta property=\"og:title\" content=\"\u00d6\u011frendiklerim pek i\u015fe yaramayacak. \u00c7\u00fcnk\u00fc hepsini bir \u00e7antaya kilitledim | G. Garcia Marquez\" \/>\n<meta property=\"og:description\" content=\"Tanr\u0131 bir an i\u00e7in pa\u00e7avradan bebek oldu\u011fumu unutup, can vererek beni \u00f6d\u00fcllendirse; akl\u0131mdan ge\u00e7en her \u015feyi dile getiremeyebilirdim, ama en az\u0131ndan dile getirdiklerimi ayr\u0131nt\u0131s\u0131yla akl\u0131mdan ge\u00e7irir ve d\u00fc\u015f\u00fcn\u00fcrd\u00fcm. E\u015fyalar\u0131n maddi y\u00f6nlerine de\u011fil anlamlar\u0131na de\u011fer verirdim. Az uyur, \u00e7ok r\u00fcya g\u00f6r\u00fcr, g\u00f6z\u00fcm\u00fc yumdu\u011fum her dakikada, 60 saniye boyunca \u0131\u015f\u0131\u011f\u0131 d\u00fc\u015f\u00fcn\u00fcrd\u00fcm. \u0130nsan a\u015fktan vazge\u00e7erse ya\u015flan\u0131r&#8230; Ba\u015fkalar\u0131 durdu\u011fu [&hellip;]\" \/>\n<meta property=\"og:url\" content=\"https:\/\/narteks.net\/index.php\/2011\/05\/09\/ogrendiklerim-pek-ise-yaramayacak-cunku-hepsini-bir-cantaya-kilitledim-g-garcia-marquez\/\" \/>\n<meta property=\"og:site_name\" content=\"narteks.net\" \/>\n<meta property=\"article:published_time\" content=\"2011-05-09T08:16:19+00:00\" \/>\n<meta property=\"og:image\" content=\"https:\/\/narteks.net\/wp-content\/uploads\/narteks.png\" \/>\n\t<meta property=\"og:image:width\" content=\"300\" \/>\n\t<meta property=\"og:image:height\" content=\"90\" \/>\n\t<meta property=\"og:image:type\" content=\"image\/png\" \/>\n<meta name=\"author\" content=\"Tar\u0131k\" \/>\n<meta name=\"twitter:card\" content=\"summary_large_image\" \/>\n<meta name=\"twitter:creator\" content=\"@narteks\" \/>\n<meta name=\"twitter:site\" content=\"@narteks\" \/>\n<meta name=\"twitter:label1\" content=\"Yazan:\" \/>\n\t<meta name=\"twitter:data1\" content=\"Tar\u0131k\" \/>\n\t<meta name=\"twitter:label2\" content=\"Tahmini okuma s\u00fcresi\" \/>\n\t<meta name=\"twitter:data2\" content=\"2 dakika\" \/>\n<script type=\"application\/ld+json\" class=\"yoast-schema-graph\">{\"@context\":\"https:\/\/schema.org\",\"@graph\":[{\"@type\":\"Article\",\"@id\":\"https:\/\/narteks.net\/index.php\/2011\/05\/09\/ogrendiklerim-pek-ise-yaramayacak-cunku-hepsini-bir-cantaya-kilitledim-g-garcia-marquez\/#article\",\"isPartOf\":{\"@id\":\"https:\/\/narteks.net\/index.php\/2011\/05\/09\/ogrendiklerim-pek-ise-yaramayacak-cunku-hepsini-bir-cantaya-kilitledim-g-garcia-marquez\/\"},\"author\":{\"name\":\"Tar\u0131k\",\"@id\":\"https:\/\/narteks.net\/#\/schema\/person\/61f37d9834294b72d31d274e7ed79bca\"},\"headline\":\"\u00d6\u011frendiklerim pek i\u015fe yaramayacak. \u00c7\u00fcnk\u00fc hepsini bir \u00e7antaya kilitledim | G. Garcia Marquez\",\"datePublished\":\"2011-05-09T08:16:19+00:00\",\"mainEntityOfPage\":{\"@id\":\"https:\/\/narteks.net\/index.php\/2011\/05\/09\/ogrendiklerim-pek-ise-yaramayacak-cunku-hepsini-bir-cantaya-kilitledim-g-garcia-marquez\/\"},\"wordCount\":420,\"commentCount\":0,\"publisher\":{\"@id\":\"https:\/\/narteks.net\/#organization\"},\"articleSection\":[\"\u00c7eviri \u00d6yk\u00fcler\"],\"inLanguage\":\"tr\",\"potentialAction\":[{\"@type\":\"CommentAction\",\"name\":\"Comment\",\"target\":[\"https:\/\/narteks.net\/index.php\/2011\/05\/09\/ogrendiklerim-pek-ise-yaramayacak-cunku-hepsini-bir-cantaya-kilitledim-g-garcia-marquez\/#respond\"]}]},{\"@type\":\"WebPage\",\"@id\":\"https:\/\/narteks.net\/index.php\/2011\/05\/09\/ogrendiklerim-pek-ise-yaramayacak-cunku-hepsini-bir-cantaya-kilitledim-g-garcia-marquez\/\",\"url\":\"https:\/\/narteks.net\/index.php\/2011\/05\/09\/ogrendiklerim-pek-ise-yaramayacak-cunku-hepsini-bir-cantaya-kilitledim-g-garcia-marquez\/\",\"name\":\"\u00d6\u011frendiklerim pek i\u015fe yaramayacak. \u00c7\u00fcnk\u00fc hepsini bir \u00e7antaya kilitledim | G. Garcia Marquez - narteks.net\",\"isPartOf\":{\"@id\":\"https:\/\/narteks.net\/#website\"},\"datePublished\":\"2011-05-09T08:16:19+00:00\",\"breadcrumb\":{\"@id\":\"https:\/\/narteks.net\/index.php\/2011\/05\/09\/ogrendiklerim-pek-ise-yaramayacak-cunku-hepsini-bir-cantaya-kilitledim-g-garcia-marquez\/#breadcrumb\"},\"inLanguage\":\"tr\",\"potentialAction\":[{\"@type\":\"ReadAction\",\"target\":[\"https:\/\/narteks.net\/index.php\/2011\/05\/09\/ogrendiklerim-pek-ise-yaramayacak-cunku-hepsini-bir-cantaya-kilitledim-g-garcia-marquez\/\"]}]},{\"@type\":\"BreadcrumbList\",\"@id\":\"https:\/\/narteks.net\/index.php\/2011\/05\/09\/ogrendiklerim-pek-ise-yaramayacak-cunku-hepsini-bir-cantaya-kilitledim-g-garcia-marquez\/#breadcrumb\",\"itemListElement\":[{\"@type\":\"ListItem\",\"position\":1,\"name\":\"Anasayfa\",\"item\":\"https:\/\/narteks.net\/\"},{\"@type\":\"ListItem\",\"position\":2,\"name\":\"\u00d6\u011frendiklerim pek i\u015fe yaramayacak. \u00c7\u00fcnk\u00fc hepsini bir \u00e7antaya kilitledim | G. Garcia Marquez\"}]},{\"@type\":\"WebSite\",\"@id\":\"https:\/\/narteks.net\/#website\",\"url\":\"https:\/\/narteks.net\/\",\"name\":\"narteks.net\",\"description\":\"K\u00fclt\u00fcr Sanat Edebiyat Felsefe\",\"publisher\":{\"@id\":\"https:\/\/narteks.net\/#organization\"},\"alternateName\":\"K\u00fclt\u00fcr Sanat Edebiyat Felsefe\",\"potentialAction\":[{\"@type\":\"SearchAction\",\"target\":{\"@type\":\"EntryPoint\",\"urlTemplate\":\"https:\/\/narteks.net\/?s={search_term_string}\"},\"query-input\":{\"@type\":\"PropertyValueSpecification\",\"valueRequired\":true,\"valueName\":\"search_term_string\"}}],\"inLanguage\":\"tr\"},{\"@type\":\"Organization\",\"@id\":\"https:\/\/narteks.net\/#organization\",\"name\":\"narteks.net\",\"url\":\"https:\/\/narteks.net\/\",\"logo\":{\"@type\":\"ImageObject\",\"inLanguage\":\"tr\",\"@id\":\"https:\/\/narteks.net\/#\/schema\/logo\/image\/\",\"url\":\"https:\/\/narteks.net\/wp-content\/uploads\/narteks.png\",\"contentUrl\":\"https:\/\/narteks.net\/wp-content\/uploads\/narteks.png\",\"width\":300,\"height\":90,\"caption\":\"narteks.net\"},\"image\":{\"@id\":\"https:\/\/narteks.net\/#\/schema\/logo\/image\/\"},\"sameAs\":[\"https:\/\/x.com\/narteks\",\"https:\/\/instagram.com\/narteksnet\"]},{\"@type\":\"Person\",\"@id\":\"https:\/\/narteks.net\/#\/schema\/person\/61f37d9834294b72d31d274e7ed79bca\",\"name\":\"Tar\u0131k\",\"image\":{\"@type\":\"ImageObject\",\"inLanguage\":\"tr\",\"@id\":\"https:\/\/narteks.net\/#\/schema\/person\/image\/\",\"url\":\"https:\/\/secure.gravatar.com\/avatar\/50865afb55632c4ae467e0af0930f6510aa2297d8014be502a55b14f3b7550cf?s=96&d=mm&r=g\",\"contentUrl\":\"https:\/\/secure.gravatar.com\/avatar\/50865afb55632c4ae467e0af0930f6510aa2297d8014be502a55b14f3b7550cf?s=96&d=mm&r=g\",\"caption\":\"Tar\u0131k\"},\"sameAs\":[\"http:\/\/narteks.net\"],\"url\":\"https:\/\/narteks.net\/index.php\/author\/narbak\/\"}]}<\/script>\n<!-- \/ Yoast SEO Premium plugin. -->","yoast_head_json":{"title":"\u00d6\u011frendiklerim pek i\u015fe yaramayacak. \u00c7\u00fcnk\u00fc hepsini bir \u00e7antaya kilitledim | G. Garcia Marquez - narteks.net","robots":{"index":"index","follow":"follow","max-snippet":"max-snippet:-1","max-image-preview":"max-image-preview:large","max-video-preview":"max-video-preview:-1"},"canonical":"https:\/\/narteks.net\/index.php\/2011\/05\/09\/ogrendiklerim-pek-ise-yaramayacak-cunku-hepsini-bir-cantaya-kilitledim-g-garcia-marquez\/","og_locale":"tr_TR","og_type":"article","og_title":"\u00d6\u011frendiklerim pek i\u015fe yaramayacak. \u00c7\u00fcnk\u00fc hepsini bir \u00e7antaya kilitledim | G. Garcia Marquez","og_description":"Tanr\u0131 bir an i\u00e7in pa\u00e7avradan bebek oldu\u011fumu unutup, can vererek beni \u00f6d\u00fcllendirse; akl\u0131mdan ge\u00e7en her \u015feyi dile getiremeyebilirdim, ama en az\u0131ndan dile getirdiklerimi ayr\u0131nt\u0131s\u0131yla akl\u0131mdan ge\u00e7irir ve d\u00fc\u015f\u00fcn\u00fcrd\u00fcm. E\u015fyalar\u0131n maddi y\u00f6nlerine de\u011fil anlamlar\u0131na de\u011fer verirdim. Az uyur, \u00e7ok r\u00fcya g\u00f6r\u00fcr, g\u00f6z\u00fcm\u00fc yumdu\u011fum her dakikada, 60 saniye boyunca \u0131\u015f\u0131\u011f\u0131 d\u00fc\u015f\u00fcn\u00fcrd\u00fcm. \u0130nsan a\u015fktan vazge\u00e7erse ya\u015flan\u0131r&#8230; Ba\u015fkalar\u0131 durdu\u011fu [&hellip;]","og_url":"https:\/\/narteks.net\/index.php\/2011\/05\/09\/ogrendiklerim-pek-ise-yaramayacak-cunku-hepsini-bir-cantaya-kilitledim-g-garcia-marquez\/","og_site_name":"narteks.net","article_published_time":"2011-05-09T08:16:19+00:00","og_image":[{"width":300,"height":90,"url":"https:\/\/narteks.net\/wp-content\/uploads\/narteks.png","type":"image\/png"}],"author":"Tar\u0131k","twitter_card":"summary_large_image","twitter_creator":"@narteks","twitter_site":"@narteks","twitter_misc":{"Yazan:":"Tar\u0131k","Tahmini okuma s\u00fcresi":"2 dakika"},"schema":{"@context":"https:\/\/schema.org","@graph":[{"@type":"Article","@id":"https:\/\/narteks.net\/index.php\/2011\/05\/09\/ogrendiklerim-pek-ise-yaramayacak-cunku-hepsini-bir-cantaya-kilitledim-g-garcia-marquez\/#article","isPartOf":{"@id":"https:\/\/narteks.net\/index.php\/2011\/05\/09\/ogrendiklerim-pek-ise-yaramayacak-cunku-hepsini-bir-cantaya-kilitledim-g-garcia-marquez\/"},"author":{"name":"Tar\u0131k","@id":"https:\/\/narteks.net\/#\/schema\/person\/61f37d9834294b72d31d274e7ed79bca"},"headline":"\u00d6\u011frendiklerim pek i\u015fe yaramayacak. \u00c7\u00fcnk\u00fc hepsini bir \u00e7antaya kilitledim | G. Garcia Marquez","datePublished":"2011-05-09T08:16:19+00:00","mainEntityOfPage":{"@id":"https:\/\/narteks.net\/index.php\/2011\/05\/09\/ogrendiklerim-pek-ise-yaramayacak-cunku-hepsini-bir-cantaya-kilitledim-g-garcia-marquez\/"},"wordCount":420,"commentCount":0,"publisher":{"@id":"https:\/\/narteks.net\/#organization"},"articleSection":["\u00c7eviri \u00d6yk\u00fcler"],"inLanguage":"tr","potentialAction":[{"@type":"CommentAction","name":"Comment","target":["https:\/\/narteks.net\/index.php\/2011\/05\/09\/ogrendiklerim-pek-ise-yaramayacak-cunku-hepsini-bir-cantaya-kilitledim-g-garcia-marquez\/#respond"]}]},{"@type":"WebPage","@id":"https:\/\/narteks.net\/index.php\/2011\/05\/09\/ogrendiklerim-pek-ise-yaramayacak-cunku-hepsini-bir-cantaya-kilitledim-g-garcia-marquez\/","url":"https:\/\/narteks.net\/index.php\/2011\/05\/09\/ogrendiklerim-pek-ise-yaramayacak-cunku-hepsini-bir-cantaya-kilitledim-g-garcia-marquez\/","name":"\u00d6\u011frendiklerim pek i\u015fe yaramayacak. \u00c7\u00fcnk\u00fc hepsini bir \u00e7antaya kilitledim | G. Garcia Marquez - narteks.net","isPartOf":{"@id":"https:\/\/narteks.net\/#website"},"datePublished":"2011-05-09T08:16:19+00:00","breadcrumb":{"@id":"https:\/\/narteks.net\/index.php\/2011\/05\/09\/ogrendiklerim-pek-ise-yaramayacak-cunku-hepsini-bir-cantaya-kilitledim-g-garcia-marquez\/#breadcrumb"},"inLanguage":"tr","potentialAction":[{"@type":"ReadAction","target":["https:\/\/narteks.net\/index.php\/2011\/05\/09\/ogrendiklerim-pek-ise-yaramayacak-cunku-hepsini-bir-cantaya-kilitledim-g-garcia-marquez\/"]}]},{"@type":"BreadcrumbList","@id":"https:\/\/narteks.net\/index.php\/2011\/05\/09\/ogrendiklerim-pek-ise-yaramayacak-cunku-hepsini-bir-cantaya-kilitledim-g-garcia-marquez\/#breadcrumb","itemListElement":[{"@type":"ListItem","position":1,"name":"Anasayfa","item":"https:\/\/narteks.net\/"},{"@type":"ListItem","position":2,"name":"\u00d6\u011frendiklerim pek i\u015fe yaramayacak. \u00c7\u00fcnk\u00fc hepsini bir \u00e7antaya kilitledim | G. Garcia Marquez"}]},{"@type":"WebSite","@id":"https:\/\/narteks.net\/#website","url":"https:\/\/narteks.net\/","name":"narteks.net","description":"K\u00fclt\u00fcr Sanat Edebiyat Felsefe","publisher":{"@id":"https:\/\/narteks.net\/#organization"},"alternateName":"K\u00fclt\u00fcr Sanat Edebiyat Felsefe","potentialAction":[{"@type":"SearchAction","target":{"@type":"EntryPoint","urlTemplate":"https:\/\/narteks.net\/?s={search_term_string}"},"query-input":{"@type":"PropertyValueSpecification","valueRequired":true,"valueName":"search_term_string"}}],"inLanguage":"tr"},{"@type":"Organization","@id":"https:\/\/narteks.net\/#organization","name":"narteks.net","url":"https:\/\/narteks.net\/","logo":{"@type":"ImageObject","inLanguage":"tr","@id":"https:\/\/narteks.net\/#\/schema\/logo\/image\/","url":"https:\/\/narteks.net\/wp-content\/uploads\/narteks.png","contentUrl":"https:\/\/narteks.net\/wp-content\/uploads\/narteks.png","width":300,"height":90,"caption":"narteks.net"},"image":{"@id":"https:\/\/narteks.net\/#\/schema\/logo\/image\/"},"sameAs":["https:\/\/x.com\/narteks","https:\/\/instagram.com\/narteksnet"]},{"@type":"Person","@id":"https:\/\/narteks.net\/#\/schema\/person\/61f37d9834294b72d31d274e7ed79bca","name":"Tar\u0131k","image":{"@type":"ImageObject","inLanguage":"tr","@id":"https:\/\/narteks.net\/#\/schema\/person\/image\/","url":"https:\/\/secure.gravatar.com\/avatar\/50865afb55632c4ae467e0af0930f6510aa2297d8014be502a55b14f3b7550cf?s=96&d=mm&r=g","contentUrl":"https:\/\/secure.gravatar.com\/avatar\/50865afb55632c4ae467e0af0930f6510aa2297d8014be502a55b14f3b7550cf?s=96&d=mm&r=g","caption":"Tar\u0131k"},"sameAs":["http:\/\/narteks.net"],"url":"https:\/\/narteks.net\/index.php\/author\/narbak\/"}]}},"_links":{"self":[{"href":"https:\/\/narteks.net\/index.php\/wp-json\/wp\/v2\/posts\/5928","targetHints":{"allow":["GET"]}}],"collection":[{"href":"https:\/\/narteks.net\/index.php\/wp-json\/wp\/v2\/posts"}],"about":[{"href":"https:\/\/narteks.net\/index.php\/wp-json\/wp\/v2\/types\/post"}],"author":[{"embeddable":true,"href":"https:\/\/narteks.net\/index.php\/wp-json\/wp\/v2\/users\/1"}],"replies":[{"embeddable":true,"href":"https:\/\/narteks.net\/index.php\/wp-json\/wp\/v2\/comments?post=5928"}],"version-history":[{"count":0,"href":"https:\/\/narteks.net\/index.php\/wp-json\/wp\/v2\/posts\/5928\/revisions"}],"wp:attachment":[{"href":"https:\/\/narteks.net\/index.php\/wp-json\/wp\/v2\/media?parent=5928"}],"wp:term":[{"taxonomy":"category","embeddable":true,"href":"https:\/\/narteks.net\/index.php\/wp-json\/wp\/v2\/categories?post=5928"},{"taxonomy":"post_tag","embeddable":true,"href":"https:\/\/narteks.net\/index.php\/wp-json\/wp\/v2\/tags?post=5928"}],"curies":[{"name":"wp","href":"https:\/\/api.w.org\/{rel}","templated":true}]}}