{"id":5929,"date":"2011-05-12T20:51:29","date_gmt":"2011-05-12T17:51:29","guid":{"rendered":"http:\/\/localhost\/wordpress\/2011\/05\/12\/neden-cocuklariniza-istemedikleri-seyleri-vermek-icin-bunca-caba-harciyorsunuz-dr-erdal-atabek\/"},"modified":"2011-05-12T20:51:29","modified_gmt":"2011-05-12T17:51:29","slug":"neden-cocuklariniza-istemedikleri-seyleri-vermek-icin-bunca-caba-harciyorsunuz-dr-erdal-atabek","status":"publish","type":"post","link":"https:\/\/narteks.net\/index.php\/2011\/05\/12\/neden-cocuklariniza-istemedikleri-seyleri-vermek-icin-bunca-caba-harciyorsunuz-dr-erdal-atabek\/","title":{"rendered":"Neden, \u00e7ocuklar\u0131n\u0131za istemedikleri \u015feyleri vermek i\u00e7in bunca \u00e7aba harc\u0131yorsunuz? | Dr. Erdal Atabek"},"content":{"rendered":"<p style=\"text-align: justify;\"><img loading=\"lazy\" decoding=\"async\" src=\"http:\/\/www.cumhuriyet.com.tr\/medya.php?mn=39074\" border=\"0\" width=\"155\" height=\"205\" style=\"float: left;\" \/>G\u00fcn\u00fcm\u00fcz\u00fcn &#8221;ergen d\u00fcnyas\u0131&#8221; n\u0131, bu d\u00fcnyada ge\u00e7erli olan &#8221;ergen k\u00fclt\u00fcr\u00fc&#8221; n\u00fc anlamaya \u00e7al\u0131\u015f\u0131yoruz. \u00c7\u00fcnk\u00fc bu yeni olu\u015fumu anlayamazsak &#8221;g\u00fcn\u00fcm\u00fcz ergenleri&#8221; ile eri\u015fkinler aras\u0131ndaki uzakl\u0131k daha da artacakt\u0131r.<\/p>\n<p>Yeni &#8221;ergen k\u00fclt\u00fcr\u00fc&#8221; n\u00fcn \u00f6zellikleri i\u00e7indeki &#8221;hedef se\u00e7ememe&#8221;, &#8221;gelece\u011fini planlayamama&#8221;, &#8221;sorumluluk almak istememe&#8221;, &#8221;kendini hi\u00e7bir \u015feye zorunlu saymadan \u00e7evresini her \u015feye zorunlu sayma&#8221;, &#8221;\u00e7aba harcamadan elde etmek isteme&#8221; gibi \u00f6zellikleri nas\u0131l a\u00e7\u0131klamal\u0131y\u0131z?<\/p>\n<p>En \u00f6nemli etkenler aras\u0131nda &#8221;sahip olma, elde etme ve kullanma&#8221; ile bunlar\u0131 yapabilmek i\u00e7in &#8221;\u00e7al\u0131\u015fmak ve kazanmak gere\u011fi&#8221; aras\u0131ndaki ba\u011f\u0131 kopartan &#8221;t\u00fcketim toplumu ideolojisi&#8221; dir. Bu ideoloji, hen\u00fcz \u00e7al\u0131\u015fmayan ve kazanmayan gen\u00e7lere &#8221;kredi kart\u0131&#8221; vermekte, &#8221;cep telefonlar\u0131 olmas\u0131&#8221; n\u0131n normal oldu\u011funu s\u00f6ylemekte, &#8221;otomobil kullanarak \u00f6zg\u00fcrle\u015fme&#8221; yi \u00f6nermektedir. Gen\u00e7ler de b\u00fct\u00fcn bunlar i\u00e7in y\u0131llarca beklemek yerine, b\u00fct\u00fcn bunlar\u0131 sa\u011flaman\u0131n anne babalar\u0131n\u0131n g\u00f6revi oldu\u011funu d\u00fc\u015f\u00fcnmekte, bunlar\u0131n &#8221;kendi haklar\u0131 oldu\u011funu&#8221; \u00f6ne s\u00fcrmektedirler.<\/p>\n<p>Bizim ya\u015fam k\u00fclt\u00fcr\u00fcm\u00fcz\u00fcn iki \u00f6zelli\u011fi de &#8221;t\u00fcketim toplumunun ideolojisi&#8221; ile bulu\u015fmaktad\u0131r. &#8221;\u00c7ocuklar\u0131n a\u015f\u0131r\u0131 korunmas\u0131n\u0131n ailenin g\u00f6revi oldu\u011fu&#8221; na ili\u015fkin yayg\u0131n tutum ile &#8221;\u00e7ocuklarla gurur duyma iste\u011fi&#8221; . Bu iki \u00f6zellik de \u00e7ocuklar\u0131n &#8221;ya\u015fam standartlar\u0131&#8221; na ailelerin -kimi zaman- ekonomilerinin \u00fcst\u00fcne de \u00e7\u0131ksa destek vermelerini sa\u011flayan bir tutum yaratmaktad\u0131r.<\/p>\n<p>Anne babalar\u0131n \u015fu s\u00f6zlerini \u00e7ok s\u0131k duyuyoruz:<\/p>\n<p>* Biz (ya da ben) \u00e7ocuklar\u0131m\u0131z i\u00e7in ya\u015f\u0131yoruz.<br \/>* Ne yap\u0131yorsak onlar i\u00e7in yap\u0131yoruz.<br \/>* Biz \u00e7ok s\u0131k\u0131nt\u0131 \u00e7ektik, onlar bu s\u0131k\u0131nt\u0131lar\u0131 \u00e7ekmesin istiyoruz.<br \/>* \u0130lerde hayat\u0131n bir\u00e7ok haliyle kar\u015f\u0131la\u015facaklar, bari \u015fimdi mutlu olsunlar.<br \/>* Mutlu bir \u00e7ocukluk d\u00f6nemleri olsun.<br \/>* Biz gen\u00e7li\u011fimizi ya\u015famad\u0131k, onlar doya doya ya\u015fas\u0131nlar.<br \/>* Bizim yapamad\u0131klar\u0131m\u0131z\u0131 onlar\u0131n yapmas\u0131 bizi memnun ediyor.<br \/>* Her \u015feyleri var, neden \u00e7al\u0131\u015fmad\u0131klar\u0131n\u0131 anlayam\u0131yorum.<br \/>* Hi\u00e7 s\u0131k\u0131nt\u0131ya gelemiyorlar, istedikleri hemen olsun istiyorlar.<br \/>* Her istedi\u011fini yap\u0131yoruz ama o bizim ne istedi\u011fimize ald\u0131rm\u0131yor bile.<br \/>* \u00c7ok iyi \u00e7ocuktur, ama arkada\u015flar\u0131na uyuyor.<br \/>* Akl\u0131na hi\u00e7 k\u00f6t\u00fcl\u00fck getirmez, ne s\u00f6ylense inan\u0131r.<br \/>* B\u00f6yle giderse nas\u0131l yapacak bilmiyorum.<\/p>\n<p>Bu s\u00f6zlerin hepsi de birbiriyle ba\u011flant\u0131l\u0131d\u0131r. Bu s\u00f6zlerin olu\u015fturdu\u011fu merdiven basamak basamak \u00e7\u0131k\u0131lmaktad\u0131r. Sonu\u00e7ta eri\u015filen yer de hi\u00e7 kimsenin d\u00fc\u015f\u00fcnmedi\u011fi, hi\u00e7 kimsenin istemedi\u011fi bir yer olmaktad\u0131r.<\/p>\n<p>Neden?<\/p>\n<p>\u00c7ocuklar\u0131m\u0131z\u0131 hayat\u0131m\u0131z\u0131n orta\u011f\u0131 de\u011fil, refah\u0131m\u0131z\u0131n orta\u011f\u0131 yap\u0131yoruz da ondan.<\/p>\n<p style=\"text-align: justify;\">Neden &#8221;hayatlar\u0131n\u0131z\u0131 \u00e7ocuklar\u0131n\u0131za ad\u0131yorsunuz?&#8221;<br \/>Neden &#8221;\u00e7ocuklar\u0131n\u0131z i\u00e7in ya\u015f\u0131yorsunuz?&#8221;<br \/>Neden \u00e7ocuklar\u0131n\u0131za &#8221;istemedikleri \u015feyleri vermek i\u00e7in bunca \u00e7aba harc\u0131yorsunuz?&#8221;<br \/>Neden \u00e7ocuklar\u0131n\u0131za &#8221;hak etmedikleri \u015feyleri elde etmeleri&#8221; i\u00e7in y\u00fck\u00fcml\u00fcl\u00fck duyuyorsunuz?<br \/>Neden \u00e7ocuklar\u0131n\u0131za &#8221;sorumluluk vermiyorsunuz?&#8221; \u015eimdi alm\u0131yorlar, \u00e7\u00fcnk\u00fc sorumluluk vermekte \u00e7ok ge\u00e7 kald\u0131n\u0131z.<br \/>Neden \u00e7ocuklar\u0131n\u0131z\u0131, &#8221;yapt\u0131klar\u0131 yanl\u0131\u015fl\u0131klar\u0131n sonu\u00e7lar\u0131yla kar\u015f\u0131la\u015ft\u0131rm\u0131yorsunuz?&#8221;<br \/>Bu durumda, \u00e7ocuklar ve gen\u00e7ler &#8221;ailelerin onlar\u0131 her ko\u015fulda koruyaca\u011f\u0131n\u0131&#8221; biliyor.<br \/>\u00c7ocuklar ve gen\u00e7ler, kendileri hi\u00e7bir \u015fey yapmasa da, ailelerin onlar i\u00e7in her \u015feyi yapacaklar\u0131n\u0131 \u00f6\u011freniyor.<br \/>\u00c7ocuklar ve gen\u00e7ler, geleceklerinin aileleri taraf\u0131ndan haz\u0131rlanaca\u011f\u0131na g\u00fcveniyor.<br \/>Onun i\u00e7in de kendine g\u00fcvenmiyor, sorumluluk alm\u0131yor, kendisini hi\u00e7bir \u015fey i\u00e7in zorlama gere\u011fini duymuyor.<br \/>Yap\u0131lmas\u0131 gerekenler yap\u0131lmaz, yap\u0131lmamas\u0131 gerekenler yap\u0131l\u0131rsa sonu\u00e7lara neden \u015fa\u015fmal\u0131?<\/p>\n<p>L\u00fctfen, biraz d\u00fc\u015f\u00fcn\u00fcr m\u00fcs\u00fcn\u00fcz?<\/p>\n<p style=\"text-align: justify;\">Hayat\u0131n Orta\u011f\u0131 Olmak &#8211; Dr.Erdal Atabek<\/p>\n","protected":false},"excerpt":{"rendered":"<p>G\u00fcn\u00fcm\u00fcz\u00fcn &#8221;ergen d\u00fcnyas\u0131&#8221; n\u0131, bu d\u00fcnyada ge\u00e7erli olan &#8221;ergen k\u00fclt\u00fcr\u00fc&#8221; n\u00fc anlamaya \u00e7al\u0131\u015f\u0131yoruz. \u00c7\u00fcnk\u00fc bu yeni olu\u015fumu anlayamazsak &#8221;g\u00fcn\u00fcm\u00fcz ergenleri&#8221; ile eri\u015fkinler aras\u0131ndaki uzakl\u0131k daha da artacakt\u0131r. Yeni &#8221;ergen k\u00fclt\u00fcr\u00fc&#8221; n\u00fcn \u00f6zellikleri i\u00e7indeki &#8221;hedef se\u00e7ememe&#8221;, &#8221;gelece\u011fini planlayamama&#8221;, &#8221;sorumluluk almak istememe&#8221;, &#8221;kendini hi\u00e7bir \u015feye zorunlu saymadan \u00e7evresini her \u015feye zorunlu sayma&#8221;, &#8221;\u00e7aba harcamadan elde etmek isteme&#8221; [&hellip;]<\/p>\n","protected":false},"author":1,"featured_media":0,"comment_status":"open","ping_status":"open","sticky":false,"template":"","format":"standard","meta":{"footnotes":""},"categories":[52],"tags":[],"class_list":{"0":"post-5929","1":"post","2":"type-post","3":"status-publish","4":"format-standard","6":"category-psikoloji"},"yoast_head":"<!-- This site is optimized with the Yoast SEO Premium plugin v24.9 (Yoast SEO v24.9) - https:\/\/yoast.com\/wordpress\/plugins\/seo\/ -->\n<title>Neden, \u00e7ocuklar\u0131n\u0131za istemedikleri \u015feyleri vermek i\u00e7in bunca \u00e7aba harc\u0131yorsunuz? | Dr. Erdal Atabek - narteks.net<\/title>\n<meta name=\"robots\" content=\"index, follow, max-snippet:-1, max-image-preview:large, max-video-preview:-1\" \/>\n<link rel=\"canonical\" href=\"https:\/\/narteks.net\/index.php\/2011\/05\/12\/neden-cocuklariniza-istemedikleri-seyleri-vermek-icin-bunca-caba-harciyorsunuz-dr-erdal-atabek\/\" \/>\n<meta property=\"og:locale\" content=\"tr_TR\" \/>\n<meta property=\"og:type\" content=\"article\" \/>\n<meta property=\"og:title\" content=\"Neden, \u00e7ocuklar\u0131n\u0131za istemedikleri \u015feyleri vermek i\u00e7in bunca \u00e7aba harc\u0131yorsunuz? | Dr. Erdal Atabek\" \/>\n<meta property=\"og:description\" content=\"G\u00fcn\u00fcm\u00fcz\u00fcn &#8221;ergen d\u00fcnyas\u0131&#8221; n\u0131, bu d\u00fcnyada ge\u00e7erli olan &#8221;ergen k\u00fclt\u00fcr\u00fc&#8221; n\u00fc anlamaya \u00e7al\u0131\u015f\u0131yoruz. \u00c7\u00fcnk\u00fc bu yeni olu\u015fumu anlayamazsak &#8221;g\u00fcn\u00fcm\u00fcz ergenleri&#8221; ile eri\u015fkinler aras\u0131ndaki uzakl\u0131k daha da artacakt\u0131r. Yeni &#8221;ergen k\u00fclt\u00fcr\u00fc&#8221; n\u00fcn \u00f6zellikleri i\u00e7indeki &#8221;hedef se\u00e7ememe&#8221;, &#8221;gelece\u011fini planlayamama&#8221;, &#8221;sorumluluk almak istememe&#8221;, &#8221;kendini hi\u00e7bir \u015feye zorunlu saymadan \u00e7evresini her \u015feye zorunlu sayma&#8221;, &#8221;\u00e7aba harcamadan elde etmek isteme&#8221; [&hellip;]\" \/>\n<meta property=\"og:url\" content=\"https:\/\/narteks.net\/index.php\/2011\/05\/12\/neden-cocuklariniza-istemedikleri-seyleri-vermek-icin-bunca-caba-harciyorsunuz-dr-erdal-atabek\/\" \/>\n<meta property=\"og:site_name\" content=\"narteks.net\" \/>\n<meta property=\"article:published_time\" content=\"2011-05-12T17:51:29+00:00\" \/>\n<meta property=\"og:image\" content=\"http:\/\/www.cumhuriyet.com.tr\/medya.php?mn=39074\" \/>\n<meta name=\"author\" content=\"Tar\u0131k\" \/>\n<meta name=\"twitter:card\" content=\"summary_large_image\" \/>\n<meta name=\"twitter:creator\" content=\"@narteks\" \/>\n<meta name=\"twitter:site\" content=\"@narteks\" \/>\n<meta name=\"twitter:label1\" content=\"Yazan:\" \/>\n\t<meta name=\"twitter:data1\" content=\"Tar\u0131k\" \/>\n\t<meta name=\"twitter:label2\" content=\"Tahmini okuma s\u00fcresi\" \/>\n\t<meta name=\"twitter:data2\" content=\"3 dakika\" \/>\n<script type=\"application\/ld+json\" class=\"yoast-schema-graph\">{\"@context\":\"https:\/\/schema.org\",\"@graph\":[{\"@type\":\"Article\",\"@id\":\"https:\/\/narteks.net\/index.php\/2011\/05\/12\/neden-cocuklariniza-istemedikleri-seyleri-vermek-icin-bunca-caba-harciyorsunuz-dr-erdal-atabek\/#article\",\"isPartOf\":{\"@id\":\"https:\/\/narteks.net\/index.php\/2011\/05\/12\/neden-cocuklariniza-istemedikleri-seyleri-vermek-icin-bunca-caba-harciyorsunuz-dr-erdal-atabek\/\"},\"author\":{\"name\":\"Tar\u0131k\",\"@id\":\"https:\/\/narteks.net\/#\/schema\/person\/61f37d9834294b72d31d274e7ed79bca\"},\"headline\":\"Neden, \u00e7ocuklar\u0131n\u0131za istemedikleri \u015feyleri vermek i\u00e7in bunca \u00e7aba harc\u0131yorsunuz? | Dr. Erdal Atabek\",\"datePublished\":\"2011-05-12T17:51:29+00:00\",\"mainEntityOfPage\":{\"@id\":\"https:\/\/narteks.net\/index.php\/2011\/05\/12\/neden-cocuklariniza-istemedikleri-seyleri-vermek-icin-bunca-caba-harciyorsunuz-dr-erdal-atabek\/\"},\"wordCount\":681,\"commentCount\":0,\"publisher\":{\"@id\":\"https:\/\/narteks.net\/#organization\"},\"image\":{\"@id\":\"https:\/\/narteks.net\/index.php\/2011\/05\/12\/neden-cocuklariniza-istemedikleri-seyleri-vermek-icin-bunca-caba-harciyorsunuz-dr-erdal-atabek\/#primaryimage\"},\"thumbnailUrl\":\"http:\/\/www.cumhuriyet.com.tr\/medya.php?mn=39074\",\"articleSection\":[\"Psikoloji\"],\"inLanguage\":\"tr\",\"potentialAction\":[{\"@type\":\"CommentAction\",\"name\":\"Comment\",\"target\":[\"https:\/\/narteks.net\/index.php\/2011\/05\/12\/neden-cocuklariniza-istemedikleri-seyleri-vermek-icin-bunca-caba-harciyorsunuz-dr-erdal-atabek\/#respond\"]}]},{\"@type\":\"WebPage\",\"@id\":\"https:\/\/narteks.net\/index.php\/2011\/05\/12\/neden-cocuklariniza-istemedikleri-seyleri-vermek-icin-bunca-caba-harciyorsunuz-dr-erdal-atabek\/\",\"url\":\"https:\/\/narteks.net\/index.php\/2011\/05\/12\/neden-cocuklariniza-istemedikleri-seyleri-vermek-icin-bunca-caba-harciyorsunuz-dr-erdal-atabek\/\",\"name\":\"Neden, \u00e7ocuklar\u0131n\u0131za istemedikleri \u015feyleri vermek i\u00e7in bunca \u00e7aba harc\u0131yorsunuz? | Dr. Erdal Atabek - narteks.net\",\"isPartOf\":{\"@id\":\"https:\/\/narteks.net\/#website\"},\"primaryImageOfPage\":{\"@id\":\"https:\/\/narteks.net\/index.php\/2011\/05\/12\/neden-cocuklariniza-istemedikleri-seyleri-vermek-icin-bunca-caba-harciyorsunuz-dr-erdal-atabek\/#primaryimage\"},\"image\":{\"@id\":\"https:\/\/narteks.net\/index.php\/2011\/05\/12\/neden-cocuklariniza-istemedikleri-seyleri-vermek-icin-bunca-caba-harciyorsunuz-dr-erdal-atabek\/#primaryimage\"},\"thumbnailUrl\":\"http:\/\/www.cumhuriyet.com.tr\/medya.php?mn=39074\",\"datePublished\":\"2011-05-12T17:51:29+00:00\",\"breadcrumb\":{\"@id\":\"https:\/\/narteks.net\/index.php\/2011\/05\/12\/neden-cocuklariniza-istemedikleri-seyleri-vermek-icin-bunca-caba-harciyorsunuz-dr-erdal-atabek\/#breadcrumb\"},\"inLanguage\":\"tr\",\"potentialAction\":[{\"@type\":\"ReadAction\",\"target\":[\"https:\/\/narteks.net\/index.php\/2011\/05\/12\/neden-cocuklariniza-istemedikleri-seyleri-vermek-icin-bunca-caba-harciyorsunuz-dr-erdal-atabek\/\"]}]},{\"@type\":\"ImageObject\",\"inLanguage\":\"tr\",\"@id\":\"https:\/\/narteks.net\/index.php\/2011\/05\/12\/neden-cocuklariniza-istemedikleri-seyleri-vermek-icin-bunca-caba-harciyorsunuz-dr-erdal-atabek\/#primaryimage\",\"url\":\"http:\/\/www.cumhuriyet.com.tr\/medya.php?mn=39074\",\"contentUrl\":\"http:\/\/www.cumhuriyet.com.tr\/medya.php?mn=39074\"},{\"@type\":\"BreadcrumbList\",\"@id\":\"https:\/\/narteks.net\/index.php\/2011\/05\/12\/neden-cocuklariniza-istemedikleri-seyleri-vermek-icin-bunca-caba-harciyorsunuz-dr-erdal-atabek\/#breadcrumb\",\"itemListElement\":[{\"@type\":\"ListItem\",\"position\":1,\"name\":\"Anasayfa\",\"item\":\"https:\/\/narteks.net\/\"},{\"@type\":\"ListItem\",\"position\":2,\"name\":\"Neden, \u00e7ocuklar\u0131n\u0131za istemedikleri \u015feyleri vermek i\u00e7in bunca \u00e7aba harc\u0131yorsunuz? | Dr. Erdal Atabek\"}]},{\"@type\":\"WebSite\",\"@id\":\"https:\/\/narteks.net\/#website\",\"url\":\"https:\/\/narteks.net\/\",\"name\":\"narteks.net\",\"description\":\"K\u00fclt\u00fcr Sanat Edebiyat Felsefe\",\"publisher\":{\"@id\":\"https:\/\/narteks.net\/#organization\"},\"alternateName\":\"K\u00fclt\u00fcr Sanat Edebiyat Felsefe\",\"potentialAction\":[{\"@type\":\"SearchAction\",\"target\":{\"@type\":\"EntryPoint\",\"urlTemplate\":\"https:\/\/narteks.net\/?s={search_term_string}\"},\"query-input\":{\"@type\":\"PropertyValueSpecification\",\"valueRequired\":true,\"valueName\":\"search_term_string\"}}],\"inLanguage\":\"tr\"},{\"@type\":\"Organization\",\"@id\":\"https:\/\/narteks.net\/#organization\",\"name\":\"narteks.net\",\"url\":\"https:\/\/narteks.net\/\",\"logo\":{\"@type\":\"ImageObject\",\"inLanguage\":\"tr\",\"@id\":\"https:\/\/narteks.net\/#\/schema\/logo\/image\/\",\"url\":\"https:\/\/narteks.net\/wp-content\/uploads\/narteks.png\",\"contentUrl\":\"https:\/\/narteks.net\/wp-content\/uploads\/narteks.png\",\"width\":300,\"height\":90,\"caption\":\"narteks.net\"},\"image\":{\"@id\":\"https:\/\/narteks.net\/#\/schema\/logo\/image\/\"},\"sameAs\":[\"https:\/\/x.com\/narteks\",\"https:\/\/instagram.com\/narteksnet\"]},{\"@type\":\"Person\",\"@id\":\"https:\/\/narteks.net\/#\/schema\/person\/61f37d9834294b72d31d274e7ed79bca\",\"name\":\"Tar\u0131k\",\"image\":{\"@type\":\"ImageObject\",\"inLanguage\":\"tr\",\"@id\":\"https:\/\/narteks.net\/#\/schema\/person\/image\/\",\"url\":\"https:\/\/secure.gravatar.com\/avatar\/50865afb55632c4ae467e0af0930f6510aa2297d8014be502a55b14f3b7550cf?s=96&d=mm&r=g\",\"contentUrl\":\"https:\/\/secure.gravatar.com\/avatar\/50865afb55632c4ae467e0af0930f6510aa2297d8014be502a55b14f3b7550cf?s=96&d=mm&r=g\",\"caption\":\"Tar\u0131k\"},\"sameAs\":[\"http:\/\/narteks.net\"],\"url\":\"https:\/\/narteks.net\/index.php\/author\/narbak\/\"}]}<\/script>\n<!-- \/ Yoast SEO Premium plugin. -->","yoast_head_json":{"title":"Neden, \u00e7ocuklar\u0131n\u0131za istemedikleri \u015feyleri vermek i\u00e7in bunca \u00e7aba harc\u0131yorsunuz? | Dr. Erdal Atabek - narteks.net","robots":{"index":"index","follow":"follow","max-snippet":"max-snippet:-1","max-image-preview":"max-image-preview:large","max-video-preview":"max-video-preview:-1"},"canonical":"https:\/\/narteks.net\/index.php\/2011\/05\/12\/neden-cocuklariniza-istemedikleri-seyleri-vermek-icin-bunca-caba-harciyorsunuz-dr-erdal-atabek\/","og_locale":"tr_TR","og_type":"article","og_title":"Neden, \u00e7ocuklar\u0131n\u0131za istemedikleri \u015feyleri vermek i\u00e7in bunca \u00e7aba harc\u0131yorsunuz? | Dr. Erdal Atabek","og_description":"G\u00fcn\u00fcm\u00fcz\u00fcn &#8221;ergen d\u00fcnyas\u0131&#8221; n\u0131, bu d\u00fcnyada ge\u00e7erli olan &#8221;ergen k\u00fclt\u00fcr\u00fc&#8221; n\u00fc anlamaya \u00e7al\u0131\u015f\u0131yoruz. \u00c7\u00fcnk\u00fc bu yeni olu\u015fumu anlayamazsak &#8221;g\u00fcn\u00fcm\u00fcz ergenleri&#8221; ile eri\u015fkinler aras\u0131ndaki uzakl\u0131k daha da artacakt\u0131r. Yeni &#8221;ergen k\u00fclt\u00fcr\u00fc&#8221; n\u00fcn \u00f6zellikleri i\u00e7indeki &#8221;hedef se\u00e7ememe&#8221;, &#8221;gelece\u011fini planlayamama&#8221;, &#8221;sorumluluk almak istememe&#8221;, &#8221;kendini hi\u00e7bir \u015feye zorunlu saymadan \u00e7evresini her \u015feye zorunlu sayma&#8221;, &#8221;\u00e7aba harcamadan elde etmek isteme&#8221; [&hellip;]","og_url":"https:\/\/narteks.net\/index.php\/2011\/05\/12\/neden-cocuklariniza-istemedikleri-seyleri-vermek-icin-bunca-caba-harciyorsunuz-dr-erdal-atabek\/","og_site_name":"narteks.net","article_published_time":"2011-05-12T17:51:29+00:00","og_image":[{"url":"http:\/\/www.cumhuriyet.com.tr\/medya.php?mn=39074","type":"","width":"","height":""}],"author":"Tar\u0131k","twitter_card":"summary_large_image","twitter_creator":"@narteks","twitter_site":"@narteks","twitter_misc":{"Yazan:":"Tar\u0131k","Tahmini okuma s\u00fcresi":"3 dakika"},"schema":{"@context":"https:\/\/schema.org","@graph":[{"@type":"Article","@id":"https:\/\/narteks.net\/index.php\/2011\/05\/12\/neden-cocuklariniza-istemedikleri-seyleri-vermek-icin-bunca-caba-harciyorsunuz-dr-erdal-atabek\/#article","isPartOf":{"@id":"https:\/\/narteks.net\/index.php\/2011\/05\/12\/neden-cocuklariniza-istemedikleri-seyleri-vermek-icin-bunca-caba-harciyorsunuz-dr-erdal-atabek\/"},"author":{"name":"Tar\u0131k","@id":"https:\/\/narteks.net\/#\/schema\/person\/61f37d9834294b72d31d274e7ed79bca"},"headline":"Neden, \u00e7ocuklar\u0131n\u0131za istemedikleri \u015feyleri vermek i\u00e7in bunca \u00e7aba harc\u0131yorsunuz? | Dr. Erdal Atabek","datePublished":"2011-05-12T17:51:29+00:00","mainEntityOfPage":{"@id":"https:\/\/narteks.net\/index.php\/2011\/05\/12\/neden-cocuklariniza-istemedikleri-seyleri-vermek-icin-bunca-caba-harciyorsunuz-dr-erdal-atabek\/"},"wordCount":681,"commentCount":0,"publisher":{"@id":"https:\/\/narteks.net\/#organization"},"image":{"@id":"https:\/\/narteks.net\/index.php\/2011\/05\/12\/neden-cocuklariniza-istemedikleri-seyleri-vermek-icin-bunca-caba-harciyorsunuz-dr-erdal-atabek\/#primaryimage"},"thumbnailUrl":"http:\/\/www.cumhuriyet.com.tr\/medya.php?mn=39074","articleSection":["Psikoloji"],"inLanguage":"tr","potentialAction":[{"@type":"CommentAction","name":"Comment","target":["https:\/\/narteks.net\/index.php\/2011\/05\/12\/neden-cocuklariniza-istemedikleri-seyleri-vermek-icin-bunca-caba-harciyorsunuz-dr-erdal-atabek\/#respond"]}]},{"@type":"WebPage","@id":"https:\/\/narteks.net\/index.php\/2011\/05\/12\/neden-cocuklariniza-istemedikleri-seyleri-vermek-icin-bunca-caba-harciyorsunuz-dr-erdal-atabek\/","url":"https:\/\/narteks.net\/index.php\/2011\/05\/12\/neden-cocuklariniza-istemedikleri-seyleri-vermek-icin-bunca-caba-harciyorsunuz-dr-erdal-atabek\/","name":"Neden, \u00e7ocuklar\u0131n\u0131za istemedikleri \u015feyleri vermek i\u00e7in bunca \u00e7aba harc\u0131yorsunuz? | Dr. Erdal Atabek - narteks.net","isPartOf":{"@id":"https:\/\/narteks.net\/#website"},"primaryImageOfPage":{"@id":"https:\/\/narteks.net\/index.php\/2011\/05\/12\/neden-cocuklariniza-istemedikleri-seyleri-vermek-icin-bunca-caba-harciyorsunuz-dr-erdal-atabek\/#primaryimage"},"image":{"@id":"https:\/\/narteks.net\/index.php\/2011\/05\/12\/neden-cocuklariniza-istemedikleri-seyleri-vermek-icin-bunca-caba-harciyorsunuz-dr-erdal-atabek\/#primaryimage"},"thumbnailUrl":"http:\/\/www.cumhuriyet.com.tr\/medya.php?mn=39074","datePublished":"2011-05-12T17:51:29+00:00","breadcrumb":{"@id":"https:\/\/narteks.net\/index.php\/2011\/05\/12\/neden-cocuklariniza-istemedikleri-seyleri-vermek-icin-bunca-caba-harciyorsunuz-dr-erdal-atabek\/#breadcrumb"},"inLanguage":"tr","potentialAction":[{"@type":"ReadAction","target":["https:\/\/narteks.net\/index.php\/2011\/05\/12\/neden-cocuklariniza-istemedikleri-seyleri-vermek-icin-bunca-caba-harciyorsunuz-dr-erdal-atabek\/"]}]},{"@type":"ImageObject","inLanguage":"tr","@id":"https:\/\/narteks.net\/index.php\/2011\/05\/12\/neden-cocuklariniza-istemedikleri-seyleri-vermek-icin-bunca-caba-harciyorsunuz-dr-erdal-atabek\/#primaryimage","url":"http:\/\/www.cumhuriyet.com.tr\/medya.php?mn=39074","contentUrl":"http:\/\/www.cumhuriyet.com.tr\/medya.php?mn=39074"},{"@type":"BreadcrumbList","@id":"https:\/\/narteks.net\/index.php\/2011\/05\/12\/neden-cocuklariniza-istemedikleri-seyleri-vermek-icin-bunca-caba-harciyorsunuz-dr-erdal-atabek\/#breadcrumb","itemListElement":[{"@type":"ListItem","position":1,"name":"Anasayfa","item":"https:\/\/narteks.net\/"},{"@type":"ListItem","position":2,"name":"Neden, \u00e7ocuklar\u0131n\u0131za istemedikleri \u015feyleri vermek i\u00e7in bunca \u00e7aba harc\u0131yorsunuz? | Dr. Erdal Atabek"}]},{"@type":"WebSite","@id":"https:\/\/narteks.net\/#website","url":"https:\/\/narteks.net\/","name":"narteks.net","description":"K\u00fclt\u00fcr Sanat Edebiyat Felsefe","publisher":{"@id":"https:\/\/narteks.net\/#organization"},"alternateName":"K\u00fclt\u00fcr Sanat Edebiyat Felsefe","potentialAction":[{"@type":"SearchAction","target":{"@type":"EntryPoint","urlTemplate":"https:\/\/narteks.net\/?s={search_term_string}"},"query-input":{"@type":"PropertyValueSpecification","valueRequired":true,"valueName":"search_term_string"}}],"inLanguage":"tr"},{"@type":"Organization","@id":"https:\/\/narteks.net\/#organization","name":"narteks.net","url":"https:\/\/narteks.net\/","logo":{"@type":"ImageObject","inLanguage":"tr","@id":"https:\/\/narteks.net\/#\/schema\/logo\/image\/","url":"https:\/\/narteks.net\/wp-content\/uploads\/narteks.png","contentUrl":"https:\/\/narteks.net\/wp-content\/uploads\/narteks.png","width":300,"height":90,"caption":"narteks.net"},"image":{"@id":"https:\/\/narteks.net\/#\/schema\/logo\/image\/"},"sameAs":["https:\/\/x.com\/narteks","https:\/\/instagram.com\/narteksnet"]},{"@type":"Person","@id":"https:\/\/narteks.net\/#\/schema\/person\/61f37d9834294b72d31d274e7ed79bca","name":"Tar\u0131k","image":{"@type":"ImageObject","inLanguage":"tr","@id":"https:\/\/narteks.net\/#\/schema\/person\/image\/","url":"https:\/\/secure.gravatar.com\/avatar\/50865afb55632c4ae467e0af0930f6510aa2297d8014be502a55b14f3b7550cf?s=96&d=mm&r=g","contentUrl":"https:\/\/secure.gravatar.com\/avatar\/50865afb55632c4ae467e0af0930f6510aa2297d8014be502a55b14f3b7550cf?s=96&d=mm&r=g","caption":"Tar\u0131k"},"sameAs":["http:\/\/narteks.net"],"url":"https:\/\/narteks.net\/index.php\/author\/narbak\/"}]}},"_links":{"self":[{"href":"https:\/\/narteks.net\/index.php\/wp-json\/wp\/v2\/posts\/5929","targetHints":{"allow":["GET"]}}],"collection":[{"href":"https:\/\/narteks.net\/index.php\/wp-json\/wp\/v2\/posts"}],"about":[{"href":"https:\/\/narteks.net\/index.php\/wp-json\/wp\/v2\/types\/post"}],"author":[{"embeddable":true,"href":"https:\/\/narteks.net\/index.php\/wp-json\/wp\/v2\/users\/1"}],"replies":[{"embeddable":true,"href":"https:\/\/narteks.net\/index.php\/wp-json\/wp\/v2\/comments?post=5929"}],"version-history":[{"count":0,"href":"https:\/\/narteks.net\/index.php\/wp-json\/wp\/v2\/posts\/5929\/revisions"}],"wp:attachment":[{"href":"https:\/\/narteks.net\/index.php\/wp-json\/wp\/v2\/media?parent=5929"}],"wp:term":[{"taxonomy":"category","embeddable":true,"href":"https:\/\/narteks.net\/index.php\/wp-json\/wp\/v2\/categories?post=5929"},{"taxonomy":"post_tag","embeddable":true,"href":"https:\/\/narteks.net\/index.php\/wp-json\/wp\/v2\/tags?post=5929"}],"curies":[{"name":"wp","href":"https:\/\/api.w.org\/{rel}","templated":true}]}}