{"id":5938,"date":"2011-05-24T21:02:11","date_gmt":"2011-05-24T18:02:11","guid":{"rendered":"http:\/\/localhost\/wordpress\/2011\/05\/24\/birinci-sarki\/"},"modified":"2011-05-24T21:02:11","modified_gmt":"2011-05-24T18:02:11","slug":"birinci-sarki","status":"publish","type":"post","link":"https:\/\/narteks.net\/index.php\/2011\/05\/24\/birinci-sarki\/","title":{"rendered":"B\u0130R\u0130NC\u0130 \u015eARKI"},"content":{"rendered":"<p>\u00a0<\/p>\n<p>Dokuz y\u00fcz otuz alt\u0131. Tarih d\u00fc\u015f\u00fcld\u00fc. Ni\u00e7in?<br \/>Do\u011fumu \u00f6nemlidir &#8211; yani kendisi i\u00e7in.<br \/>Buru\u015fuk y\u00fczler, bezler aras\u0131nda bir canl\u0131<br \/>Ba\u015fpama\u011f\u0131n\u0131 emdi (y\u0131kanmam\u0131\u015f ve kanl\u0131)<br \/>Cahildi, ne bilsin libidonun ad\u0131n\u0131<br \/>Duymu\u015ftu belki belki a\u015fk\u0131n kokusunu, tad\u0131n\u0131<br \/>Sonradan uzun olan yumuk parmaklar\u0131nda.<\/p>\n<p>\u0130lk resminde beyazd\u0131 kunda\u011f\u0131 gibi y\u00fcz\u00fc.<br \/>Bir ta\u015fra kona\u011f\u0131nda ya\u015fad\u0131 ilk g\u00fcnd\u00fcz\u00fc.<br \/>B\u00fcy\u00fckanne, Osmanl\u0131 sabr\u0131yla a\u011f\u0131r a\u011f\u0131r<br \/>Sal\u0131yor be\u015figini. Dede bunak ve sa\u011f\u0131r.<br \/>Gelin \u00fcrkek ve \u015fa\u015fk\u0131n, dede doksan\u0131 a\u015fk\u0131n,<br \/>G\u00f6zlerinde kalmam\u0131\u015f hi\u00e7biri a\u015fk\u0131n.<br \/>Ne zaman yeme\u011fini yedigini bilmiyor.<br \/>g\u00f6rd\u00fcg\u00fc kar\u0131s\u0131 m\u0131 gelini mi bilmiyor.<\/p>\n<p>As\u0131rl\u0131k ayaklar\u0131, evde bir hastal\u0131kt\u0131<br \/>Geceleri dola\u015fan. Dalg\u0131n karn\u0131 ac\u0131kt\u0131;<br \/>Kalkt\u0131 yer yatag\u0131ndan, iki ayakl\u0131 h\u00fcz\u00fcn.<br \/>Selim&#8217;in be\u015figine u\u011frad\u0131, beyaz t\u00fcl\u00fcn<br \/>Alt\u0131nda yatan teni ok\u015fad\u0131. Titrek elin<br \/>Tuttu\u011fu son canl\u0131yd\u0131. Snaki, &#8216; Mutfa\u011fa gelin! &#8216;<br \/>Diyen bir sese do\u011fru y\u00f6nelirken, bir a\u011fr\u0131<br \/>Sapland\u0131. \u00d6l\u00fc buldu onu sabah r\u00fczgar\u0131<\/p>\n<p>\u0130lk r\u00fczgar\u0131n teriyle (bilincin e\u015figinde)<br \/>Islanarak uyand\u0131; k\u0131vrand\u0131 be\u015figinde<br \/>Kundag\u0131yla b\u00fcy\u00fck ve beyaz bir elma kurdu<br \/>Esirlik t\u00fcrk\u00fcs\u00fcn\u00fc b\u00fct\u00fcn eve duyurdu.<br \/>Baba geni\u015f yatakta d\u00f6nd\u00fc; yorgan\u0131 kapt\u0131;<br \/>Anne, meme vermenin sanc\u0131s\u0131yla harapt\u0131.<br \/>\u0130lk ve son kocas\u0131n\u0131n, &#8216; \u00c7ocuga bak M\u00fczeyyen! &#8216;<br \/>M\u0131r\u0131lt\u0131s\u0131yla kalkt\u0131 kad\u0131n kokan yerinden.<\/p>\n<p>Corridos adas\u0131nda Permanlar aras\u0131nda<br \/>Elinde kendi gibi kuru bir barracinda<br \/>Tutarak, i on ikinci derece bir denklemi<br \/>Kayg\u0131s\u0131z \u00e7\u00f6zmesiyle, Ferrania Sandolem&#8217;i<br \/>\u0130ndirerek taht\u0131ndan kad\u0131n saltanat\u0131na<br \/>Son veren Panton Hipyos ya da \u00f6nce at\u0131na<br \/>Sonra kad\u0131na tapan Hun gibi Numan I\u015f\u0131k<br \/>(oysa ilk y\u0131llar\u0131nda anneme nas\u0131l a\u015f\u0131k) .<br \/>Uykulu g\u00f6g\u00fcsleri-kim bilir ne kadar tazeydi.<br \/>\u0130\u0130pek geceliginin i\u00e7inde sert ve diri<br \/>(mektuplar\u0131nda Numan Bey, a\u015fk\u0131n\u0131 esli T\u00fcrk\u00e7e<br \/>-evlenmeden elbette- anlat\u0131rm\u0131\u015f anneme)<br \/>Kayarken karanl\u0131kta, dede bir ta\u015f y\u0131g\u0131n\u0131<br \/>Gibi, gen\u00e7 lohusan\u0131n ac\u0131tt\u0131 aya\u011f\u0131n\u0131.<br \/>Ac\u0131 bir \u00e7\u0131\u011fl\u0131k kesti Selimin nefesini<br \/>Belki o anda duydu korkunun ilk sesini.<\/p>\n<p>Evin arka bah\u00e7esi otlar ve tahta perde.<br \/>An\u0131lar ba\u015flad\u0131 m\u0131? Pasl\u0131 bir kilim yerde,<br \/>koruyor d\u0131\u015f d\u00fcnyadan. \u0130lk b\u00f6cekler elinden<br \/>Kay\u0131p ge\u00e7iyor. Nine d\u00fc\u015fm\u00fcyor dilinden<br \/>Belirsiz anlamlarla uuytan ninnileri<br \/>Hu diyen dervi\u015fleri \u00fcrk\u00fcn\u00e7 ecinnileri.<br \/>Dandini ve dasdana, kov bostanc\u0131 danay\u0131<br \/>Yemesin lahanay\u0131, yemesin lahanay\u0131.<\/p>\n<p>Bir ya\u015f\u0131nda k\u0131zam\u0131k, iki ya\u015f\u0131nda s\u0131tma,<br \/>Yakalad\u0131 Selim&#8217;i. Yavtum terleme ko\u015fma!<br \/>Terli bir uyan\u0131\u015ftan sonra tam \u00fc\u00e7 ya\u015f\u0131nda<br \/>Di\u015fti yata\u011fa bayg\u0131n. A\u011flayarak ba\u015f\u0131nda<br \/>Kuran okur annesi; bir a\u00e7\u0131lsa g\u00f6zlerin.<br \/>Ne diyorsun Allah\u0131m duyulmuyor s\u00f6zlerin.<br \/>Baba m\u0131r\u0131ldan\u0131yor; Selim I\u015f\u0131k, g\u00fczel \u015fey!<br \/>A\u011fl\u0131yor g\u00fcr\u00fclt\u00fcyle; hey rahmetli Numan Bey!<\/p>\n<p>Kasaban\u0131n tek doktoru topal Muvakkar.<br \/>Muvakkar&#8217;\u0131n tek g\u00f6z\u00fc birazc\u0131k \u015fehla bakar.<br \/>&#8216;Topal doktor kalksana, lambalar\u0131 yaksana,<br \/>Selim elden gidiyor, \u00e7aresine baksana.&#8217;<br \/>Muvakkar&#8217;\u0131n g\u00f6z\u00fcvarm\u0131\u015f derler annemde<br \/>Babama severek varm\u0131\u015f derler annem de.<br \/>O zaman ka\u00e7 senesi; t\u0131p bildi\u011finiz gibi.<br \/>B\u00fct\u00fcn umut Allahtan; hep bildiginiz gibi.<\/p>\n<p>&#8216;Zat\u00fcrre Geceyi atlat\u0131rsa \u00fcmit var.<br \/>K\u0131\u015f\u0131n olsa giderdi.&#8217; (d\u0131\u015far\u0131da \u0131slak bahar) .<br \/>Birden g\u00f6z\u00fcn\u00fc a\u00e7t\u0131: karanl\u0131k pencereler,<br \/>Ya\u011fmur izleri. Selim, &#8216;Atat\u00fcrk&#8217;\u00fc g\u00f6rd\u00fcm, &#8216;der.<br \/>Ta\u015frada yeti\u015firken \u00f6\u011frendigi tek dildi<br \/>T\u00fcrk\u00e7e, cahil Selim&#8217;in. Bu kadar diyebildi.<br \/>Oysa bilseydi (can\u0131m) biraz da Frans\u0131zca<br \/>&#8216;Voila Atat\u00fcrk maman&#8217; derdi muhakkak orda.<\/p>\n<p>Az geli\u015fmi\u015f baban\u0131n az geli\u015fmi\u015f tek o\u011flu,<br \/>\u015eimdi hat\u0131rlad\u0131mda g\u00f6zlerim doldu.<br \/>Donuk ayd\u0131nl\u0131g\u0131nda idare lambas\u0131n\u0131n,<br \/>\u00dczerine e\u011filen g\u00f6lgenin (babas\u0131n\u0131n)<br \/>Varl\u0131\u011f\u0131ndan habersiz, soluk bir ate\u015f gibi<br \/>K\u00fc\u00e7\u00fc\u00e7\u00fck yata\u011f\u0131nda. Bir ayd\u0131nl\u0131k belirdi:<br \/>&#8216;\u0130\u015fte g\u00fcne\u015f do\u011fuyor. Kurtuldu, ya\u015fayacak! &#8216;<br \/>Yamal\u0131 bir y\u0131ld\u0131zd\u0131 ilerde \u0131\u015f\u0131yacak.<\/p>\n<p>\u0130zin ver Selim biraz, Hegel, Fichte diyelim,<br \/>Felsefeyle ili\u015fkin bir de ekmek yiyelim<br \/>B\u00f6yle byurdu Karg\u0131, thus spake King Solomon<br \/>Yerindedir bu yarg\u0131, evet hakl\u0131 Platon,<br \/>Felsefeyi seviniz, fakat koparmay\u0131n\u0131z.<br \/>Demekle \u00f6zetliyor: bu d\u00fcnyada yaln\u0131z\u0131z.<br \/>\u00d6z\u00fcr dilerim senden bu sutunda a\u00e7\u0131k\u00e7a,<br \/>\u00c7o\u00e7ukluk g\u00fcnlerimde kap\u0131lm\u0131\u015ft\u0131m \u00e7ocuk\u00e7a.<\/p>\n<p>Kelimenin anlam\u0131: sevmek demek Yunanca.<br \/>Filo. Sofyay\u0131 sevmek oluyor Filosofya.<br \/>Hat\u0131rlars\u0131n pasajda Lefter&#8217;in meyhanesi,<br \/>Servis yapar, \u015fark\u0131 s\u00f6yler; biraz k\u0131s\u0131kt\u0131 sesi,<br \/>&#8216;O Sofya mu, Sofya mu. Sensiz i\u00e7mek olur mu? &#8216;<br \/>K\u0131r sa\u00e7l\u0131 laternac\u0131 biraz mahsun dururdu,<br \/>&#8216;\u0130n nino veritas&#8217;. Ders sofistlerden Duzikos,<br \/>Tarih felsefesinde, &#8216;Armoniko Muzikos&#8230;&#8217;<\/p>\n<p>&#8216;Gene sap\u0131tt\u0131n Selim. Seni kim durduracak? &#8216;<br \/>S\u00f6ylemi\u015ftim S\u00fcleyman: ben ba\u015flamazsam ancak<br \/>Durdurulabilirim. Ayr\u0131ca fakir dilim<br \/>Ba\u011fl\u0131 hece vezniyle, ta\u015f kesildi sa\u011f elim.<br \/>Hecenin \u00e7arm\u0131h\u0131na \u00e7ivilenmi\u015f ellerim.<br \/>Kafiye tanr\u0131s\u0131na kurban oldum. Efendim?<br \/>&#8216;bir \u015fark\u0131n\u0131n sonuna kadar sabredemedin.&#8217;<br \/>Bundan kaybediyorum, b\u00f6yle oldu\u011fum i\u00e7in.<\/p>\n<p>Ne olur tutma art\u0131k beni hece vezniyle<br \/>Allah\u0131n, senin ve t\u00fcm sevenlerin izniyle<br \/>\u00c7\u00f6z\u00fcls\u00fcn zincirlerim, tutulan kol \u00e7al\u0131\u015fs\u0131n.<br \/>Bir espri u\u011fruna harcatmay\u0131n, al\u0131\u015fs\u0131n<br \/>Selim I\u015f\u0131k insana. S\u00f6ylesin \u015fark\u0131s\u0131n\u0131<br \/>Kesintisiz, acemi. Ey \u00f6l\u00fc ruh! k\u0131yam et!<br \/>Be\u011fendin mi S\u00fcleyman? &#8216;Be\u011fenmedim devam et.&#8217;<\/p>\n<p>O\u011fuz ATAY<\/p>\n","protected":false},"excerpt":{"rendered":"<p>\u00a0 Dokuz y\u00fcz otuz alt\u0131. Tarih d\u00fc\u015f\u00fcld\u00fc. Ni\u00e7in?Do\u011fumu \u00f6nemlidir &#8211; yani kendisi i\u00e7in.Buru\u015fuk y\u00fczler, bezler aras\u0131nda bir canl\u0131Ba\u015fpama\u011f\u0131n\u0131 emdi (y\u0131kanmam\u0131\u015f ve kanl\u0131)Cahildi, ne bilsin libidonun ad\u0131n\u0131Duymu\u015ftu belki belki a\u015fk\u0131n kokusunu, tad\u0131n\u0131Sonradan uzun olan yumuk parmaklar\u0131nda. \u0130lk resminde beyazd\u0131 kunda\u011f\u0131 gibi y\u00fcz\u00fc.Bir ta\u015fra kona\u011f\u0131nda ya\u015fad\u0131 ilk g\u00fcnd\u00fcz\u00fc.B\u00fcy\u00fckanne, Osmanl\u0131 sabr\u0131yla a\u011f\u0131r a\u011f\u0131rSal\u0131yor be\u015figini. Dede bunak ve sa\u011f\u0131r.Gelin [&hellip;]<\/p>\n","protected":false},"author":1,"featured_media":0,"comment_status":"open","ping_status":"open","sticky":false,"template":"","format":"standard","meta":{"footnotes":""},"categories":[187],"tags":[],"class_list":{"0":"post-5938","1":"post","2":"type-post","3":"status-publish","4":"format-standard","6":"category-oguz-atay"},"yoast_head":"<!-- This site is optimized with the Yoast SEO Premium plugin v24.9 (Yoast SEO v24.9) - https:\/\/yoast.com\/wordpress\/plugins\/seo\/ -->\n<title>B\u0130R\u0130NC\u0130 \u015eARKI - narteks.net<\/title>\n<meta name=\"robots\" content=\"index, follow, max-snippet:-1, max-image-preview:large, max-video-preview:-1\" \/>\n<link rel=\"canonical\" href=\"https:\/\/narteks.net\/index.php\/2011\/05\/24\/birinci-sarki\/\" \/>\n<meta property=\"og:locale\" content=\"tr_TR\" \/>\n<meta property=\"og:type\" content=\"article\" \/>\n<meta property=\"og:title\" content=\"B\u0130R\u0130NC\u0130 \u015eARKI\" \/>\n<meta property=\"og:description\" content=\"\u00a0 Dokuz y\u00fcz otuz alt\u0131. Tarih d\u00fc\u015f\u00fcld\u00fc. Ni\u00e7in?Do\u011fumu \u00f6nemlidir &#8211; yani kendisi i\u00e7in.Buru\u015fuk y\u00fczler, bezler aras\u0131nda bir canl\u0131Ba\u015fpama\u011f\u0131n\u0131 emdi (y\u0131kanmam\u0131\u015f ve kanl\u0131)Cahildi, ne bilsin libidonun ad\u0131n\u0131Duymu\u015ftu belki belki a\u015fk\u0131n kokusunu, tad\u0131n\u0131Sonradan uzun olan yumuk parmaklar\u0131nda. \u0130lk resminde beyazd\u0131 kunda\u011f\u0131 gibi y\u00fcz\u00fc.Bir ta\u015fra kona\u011f\u0131nda ya\u015fad\u0131 ilk g\u00fcnd\u00fcz\u00fc.B\u00fcy\u00fckanne, Osmanl\u0131 sabr\u0131yla a\u011f\u0131r a\u011f\u0131rSal\u0131yor be\u015figini. Dede bunak ve sa\u011f\u0131r.Gelin [&hellip;]\" \/>\n<meta property=\"og:url\" content=\"https:\/\/narteks.net\/index.php\/2011\/05\/24\/birinci-sarki\/\" \/>\n<meta property=\"og:site_name\" content=\"narteks.net\" \/>\n<meta property=\"article:published_time\" content=\"2011-05-24T18:02:11+00:00\" \/>\n<meta property=\"og:image\" content=\"https:\/\/narteks.net\/wp-content\/uploads\/narteks.png\" \/>\n\t<meta property=\"og:image:width\" content=\"300\" \/>\n\t<meta property=\"og:image:height\" content=\"90\" \/>\n\t<meta property=\"og:image:type\" content=\"image\/png\" \/>\n<meta name=\"author\" content=\"Tar\u0131k\" \/>\n<meta name=\"twitter:card\" content=\"summary_large_image\" \/>\n<meta name=\"twitter:creator\" content=\"@narteks\" \/>\n<meta name=\"twitter:site\" content=\"@narteks\" \/>\n<meta name=\"twitter:label1\" content=\"Yazan:\" \/>\n\t<meta name=\"twitter:data1\" content=\"Tar\u0131k\" \/>\n\t<meta name=\"twitter:label2\" content=\"Tahmini okuma s\u00fcresi\" \/>\n\t<meta name=\"twitter:data2\" content=\"5 dakika\" \/>\n<script type=\"application\/ld+json\" class=\"yoast-schema-graph\">{\"@context\":\"https:\/\/schema.org\",\"@graph\":[{\"@type\":\"Article\",\"@id\":\"https:\/\/narteks.net\/index.php\/2011\/05\/24\/birinci-sarki\/#article\",\"isPartOf\":{\"@id\":\"https:\/\/narteks.net\/index.php\/2011\/05\/24\/birinci-sarki\/\"},\"author\":{\"name\":\"Tar\u0131k\",\"@id\":\"https:\/\/narteks.net\/#\/schema\/person\/61f37d9834294b72d31d274e7ed79bca\"},\"headline\":\"B\u0130R\u0130NC\u0130 \u015eARKI\",\"datePublished\":\"2011-05-24T18:02:11+00:00\",\"mainEntityOfPage\":{\"@id\":\"https:\/\/narteks.net\/index.php\/2011\/05\/24\/birinci-sarki\/\"},\"wordCount\":919,\"commentCount\":0,\"publisher\":{\"@id\":\"https:\/\/narteks.net\/#organization\"},\"articleSection\":[\"O\u011fuz ATAY\"],\"inLanguage\":\"tr\",\"potentialAction\":[{\"@type\":\"CommentAction\",\"name\":\"Comment\",\"target\":[\"https:\/\/narteks.net\/index.php\/2011\/05\/24\/birinci-sarki\/#respond\"]}]},{\"@type\":\"WebPage\",\"@id\":\"https:\/\/narteks.net\/index.php\/2011\/05\/24\/birinci-sarki\/\",\"url\":\"https:\/\/narteks.net\/index.php\/2011\/05\/24\/birinci-sarki\/\",\"name\":\"B\u0130R\u0130NC\u0130 \u015eARKI - narteks.net\",\"isPartOf\":{\"@id\":\"https:\/\/narteks.net\/#website\"},\"datePublished\":\"2011-05-24T18:02:11+00:00\",\"breadcrumb\":{\"@id\":\"https:\/\/narteks.net\/index.php\/2011\/05\/24\/birinci-sarki\/#breadcrumb\"},\"inLanguage\":\"tr\",\"potentialAction\":[{\"@type\":\"ReadAction\",\"target\":[\"https:\/\/narteks.net\/index.php\/2011\/05\/24\/birinci-sarki\/\"]}]},{\"@type\":\"BreadcrumbList\",\"@id\":\"https:\/\/narteks.net\/index.php\/2011\/05\/24\/birinci-sarki\/#breadcrumb\",\"itemListElement\":[{\"@type\":\"ListItem\",\"position\":1,\"name\":\"Anasayfa\",\"item\":\"https:\/\/narteks.net\/\"},{\"@type\":\"ListItem\",\"position\":2,\"name\":\"B\u0130R\u0130NC\u0130 \u015eARKI\"}]},{\"@type\":\"WebSite\",\"@id\":\"https:\/\/narteks.net\/#website\",\"url\":\"https:\/\/narteks.net\/\",\"name\":\"narteks.net\",\"description\":\"K\u00fclt\u00fcr Sanat Edebiyat Felsefe\",\"publisher\":{\"@id\":\"https:\/\/narteks.net\/#organization\"},\"alternateName\":\"K\u00fclt\u00fcr Sanat Edebiyat Felsefe\",\"potentialAction\":[{\"@type\":\"SearchAction\",\"target\":{\"@type\":\"EntryPoint\",\"urlTemplate\":\"https:\/\/narteks.net\/?s={search_term_string}\"},\"query-input\":{\"@type\":\"PropertyValueSpecification\",\"valueRequired\":true,\"valueName\":\"search_term_string\"}}],\"inLanguage\":\"tr\"},{\"@type\":\"Organization\",\"@id\":\"https:\/\/narteks.net\/#organization\",\"name\":\"narteks.net\",\"url\":\"https:\/\/narteks.net\/\",\"logo\":{\"@type\":\"ImageObject\",\"inLanguage\":\"tr\",\"@id\":\"https:\/\/narteks.net\/#\/schema\/logo\/image\/\",\"url\":\"https:\/\/narteks.net\/wp-content\/uploads\/narteks.png\",\"contentUrl\":\"https:\/\/narteks.net\/wp-content\/uploads\/narteks.png\",\"width\":300,\"height\":90,\"caption\":\"narteks.net\"},\"image\":{\"@id\":\"https:\/\/narteks.net\/#\/schema\/logo\/image\/\"},\"sameAs\":[\"https:\/\/x.com\/narteks\",\"https:\/\/instagram.com\/narteksnet\"]},{\"@type\":\"Person\",\"@id\":\"https:\/\/narteks.net\/#\/schema\/person\/61f37d9834294b72d31d274e7ed79bca\",\"name\":\"Tar\u0131k\",\"image\":{\"@type\":\"ImageObject\",\"inLanguage\":\"tr\",\"@id\":\"https:\/\/narteks.net\/#\/schema\/person\/image\/\",\"url\":\"https:\/\/secure.gravatar.com\/avatar\/50865afb55632c4ae467e0af0930f6510aa2297d8014be502a55b14f3b7550cf?s=96&d=mm&r=g\",\"contentUrl\":\"https:\/\/secure.gravatar.com\/avatar\/50865afb55632c4ae467e0af0930f6510aa2297d8014be502a55b14f3b7550cf?s=96&d=mm&r=g\",\"caption\":\"Tar\u0131k\"},\"sameAs\":[\"http:\/\/narteks.net\"],\"url\":\"https:\/\/narteks.net\/index.php\/author\/narbak\/\"}]}<\/script>\n<!-- \/ Yoast SEO Premium plugin. -->","yoast_head_json":{"title":"B\u0130R\u0130NC\u0130 \u015eARKI - narteks.net","robots":{"index":"index","follow":"follow","max-snippet":"max-snippet:-1","max-image-preview":"max-image-preview:large","max-video-preview":"max-video-preview:-1"},"canonical":"https:\/\/narteks.net\/index.php\/2011\/05\/24\/birinci-sarki\/","og_locale":"tr_TR","og_type":"article","og_title":"B\u0130R\u0130NC\u0130 \u015eARKI","og_description":"\u00a0 Dokuz y\u00fcz otuz alt\u0131. Tarih d\u00fc\u015f\u00fcld\u00fc. Ni\u00e7in?Do\u011fumu \u00f6nemlidir &#8211; yani kendisi i\u00e7in.Buru\u015fuk y\u00fczler, bezler aras\u0131nda bir canl\u0131Ba\u015fpama\u011f\u0131n\u0131 emdi (y\u0131kanmam\u0131\u015f ve kanl\u0131)Cahildi, ne bilsin libidonun ad\u0131n\u0131Duymu\u015ftu belki belki a\u015fk\u0131n kokusunu, tad\u0131n\u0131Sonradan uzun olan yumuk parmaklar\u0131nda. \u0130lk resminde beyazd\u0131 kunda\u011f\u0131 gibi y\u00fcz\u00fc.Bir ta\u015fra kona\u011f\u0131nda ya\u015fad\u0131 ilk g\u00fcnd\u00fcz\u00fc.B\u00fcy\u00fckanne, Osmanl\u0131 sabr\u0131yla a\u011f\u0131r a\u011f\u0131rSal\u0131yor be\u015figini. Dede bunak ve sa\u011f\u0131r.Gelin [&hellip;]","og_url":"https:\/\/narteks.net\/index.php\/2011\/05\/24\/birinci-sarki\/","og_site_name":"narteks.net","article_published_time":"2011-05-24T18:02:11+00:00","og_image":[{"width":300,"height":90,"url":"https:\/\/narteks.net\/wp-content\/uploads\/narteks.png","type":"image\/png"}],"author":"Tar\u0131k","twitter_card":"summary_large_image","twitter_creator":"@narteks","twitter_site":"@narteks","twitter_misc":{"Yazan:":"Tar\u0131k","Tahmini okuma s\u00fcresi":"5 dakika"},"schema":{"@context":"https:\/\/schema.org","@graph":[{"@type":"Article","@id":"https:\/\/narteks.net\/index.php\/2011\/05\/24\/birinci-sarki\/#article","isPartOf":{"@id":"https:\/\/narteks.net\/index.php\/2011\/05\/24\/birinci-sarki\/"},"author":{"name":"Tar\u0131k","@id":"https:\/\/narteks.net\/#\/schema\/person\/61f37d9834294b72d31d274e7ed79bca"},"headline":"B\u0130R\u0130NC\u0130 \u015eARKI","datePublished":"2011-05-24T18:02:11+00:00","mainEntityOfPage":{"@id":"https:\/\/narteks.net\/index.php\/2011\/05\/24\/birinci-sarki\/"},"wordCount":919,"commentCount":0,"publisher":{"@id":"https:\/\/narteks.net\/#organization"},"articleSection":["O\u011fuz ATAY"],"inLanguage":"tr","potentialAction":[{"@type":"CommentAction","name":"Comment","target":["https:\/\/narteks.net\/index.php\/2011\/05\/24\/birinci-sarki\/#respond"]}]},{"@type":"WebPage","@id":"https:\/\/narteks.net\/index.php\/2011\/05\/24\/birinci-sarki\/","url":"https:\/\/narteks.net\/index.php\/2011\/05\/24\/birinci-sarki\/","name":"B\u0130R\u0130NC\u0130 \u015eARKI - narteks.net","isPartOf":{"@id":"https:\/\/narteks.net\/#website"},"datePublished":"2011-05-24T18:02:11+00:00","breadcrumb":{"@id":"https:\/\/narteks.net\/index.php\/2011\/05\/24\/birinci-sarki\/#breadcrumb"},"inLanguage":"tr","potentialAction":[{"@type":"ReadAction","target":["https:\/\/narteks.net\/index.php\/2011\/05\/24\/birinci-sarki\/"]}]},{"@type":"BreadcrumbList","@id":"https:\/\/narteks.net\/index.php\/2011\/05\/24\/birinci-sarki\/#breadcrumb","itemListElement":[{"@type":"ListItem","position":1,"name":"Anasayfa","item":"https:\/\/narteks.net\/"},{"@type":"ListItem","position":2,"name":"B\u0130R\u0130NC\u0130 \u015eARKI"}]},{"@type":"WebSite","@id":"https:\/\/narteks.net\/#website","url":"https:\/\/narteks.net\/","name":"narteks.net","description":"K\u00fclt\u00fcr Sanat Edebiyat Felsefe","publisher":{"@id":"https:\/\/narteks.net\/#organization"},"alternateName":"K\u00fclt\u00fcr Sanat Edebiyat Felsefe","potentialAction":[{"@type":"SearchAction","target":{"@type":"EntryPoint","urlTemplate":"https:\/\/narteks.net\/?s={search_term_string}"},"query-input":{"@type":"PropertyValueSpecification","valueRequired":true,"valueName":"search_term_string"}}],"inLanguage":"tr"},{"@type":"Organization","@id":"https:\/\/narteks.net\/#organization","name":"narteks.net","url":"https:\/\/narteks.net\/","logo":{"@type":"ImageObject","inLanguage":"tr","@id":"https:\/\/narteks.net\/#\/schema\/logo\/image\/","url":"https:\/\/narteks.net\/wp-content\/uploads\/narteks.png","contentUrl":"https:\/\/narteks.net\/wp-content\/uploads\/narteks.png","width":300,"height":90,"caption":"narteks.net"},"image":{"@id":"https:\/\/narteks.net\/#\/schema\/logo\/image\/"},"sameAs":["https:\/\/x.com\/narteks","https:\/\/instagram.com\/narteksnet"]},{"@type":"Person","@id":"https:\/\/narteks.net\/#\/schema\/person\/61f37d9834294b72d31d274e7ed79bca","name":"Tar\u0131k","image":{"@type":"ImageObject","inLanguage":"tr","@id":"https:\/\/narteks.net\/#\/schema\/person\/image\/","url":"https:\/\/secure.gravatar.com\/avatar\/50865afb55632c4ae467e0af0930f6510aa2297d8014be502a55b14f3b7550cf?s=96&d=mm&r=g","contentUrl":"https:\/\/secure.gravatar.com\/avatar\/50865afb55632c4ae467e0af0930f6510aa2297d8014be502a55b14f3b7550cf?s=96&d=mm&r=g","caption":"Tar\u0131k"},"sameAs":["http:\/\/narteks.net"],"url":"https:\/\/narteks.net\/index.php\/author\/narbak\/"}]}},"_links":{"self":[{"href":"https:\/\/narteks.net\/index.php\/wp-json\/wp\/v2\/posts\/5938","targetHints":{"allow":["GET"]}}],"collection":[{"href":"https:\/\/narteks.net\/index.php\/wp-json\/wp\/v2\/posts"}],"about":[{"href":"https:\/\/narteks.net\/index.php\/wp-json\/wp\/v2\/types\/post"}],"author":[{"embeddable":true,"href":"https:\/\/narteks.net\/index.php\/wp-json\/wp\/v2\/users\/1"}],"replies":[{"embeddable":true,"href":"https:\/\/narteks.net\/index.php\/wp-json\/wp\/v2\/comments?post=5938"}],"version-history":[{"count":0,"href":"https:\/\/narteks.net\/index.php\/wp-json\/wp\/v2\/posts\/5938\/revisions"}],"wp:attachment":[{"href":"https:\/\/narteks.net\/index.php\/wp-json\/wp\/v2\/media?parent=5938"}],"wp:term":[{"taxonomy":"category","embeddable":true,"href":"https:\/\/narteks.net\/index.php\/wp-json\/wp\/v2\/categories?post=5938"},{"taxonomy":"post_tag","embeddable":true,"href":"https:\/\/narteks.net\/index.php\/wp-json\/wp\/v2\/tags?post=5938"}],"curies":[{"name":"wp","href":"https:\/\/api.w.org\/{rel}","templated":true}]}}