{"id":5939,"date":"2011-05-24T21:03:29","date_gmt":"2011-05-24T18:03:29","guid":{"rendered":"http:\/\/localhost\/wordpress\/2011\/05\/24\/ikinci-sarki\/"},"modified":"2011-05-24T21:03:29","modified_gmt":"2011-05-24T18:03:29","slug":"ikinci-sarki","status":"publish","type":"post","link":"https:\/\/narteks.net\/index.php\/2011\/05\/24\/ikinci-sarki\/","title":{"rendered":"\u0130K\u0130NC\u0130 \u015eARKI"},"content":{"rendered":"<p>\u00a0<\/p>\n<p>Orta Asya&#8217;daki pembe elipsin i\u00e7inden<br \/>\u00c7\u0131kan k\u0131rm\u0131z\u0131 oklara binerek, Bozkurtlar (kanatl\u0131) \u00c7in&#8217;den<br \/>Nas\u0131l u\u00e7mu\u015flarsa Tanca&#8217;ya kadar,<br \/>Ben de (alt\u0131 ya\u015f\u0131mda) dar<br \/>Ve y\u00fcksek \u00e7amurluklu tenezz\u00fchle (Ford T modeli) Ankara&#8217;ya ula\u015ft\u0131m<br \/>Sa\u011f salim. &#8216;Ya\u011fmur \u00c7ayevi&#8217;nin \u00f6n\u00fcnde dola\u015ft\u0131m<br \/>Uyu\u015fan bacaklar\u0131m\u0131 oynatarak Ankara&#8217;n\u0131n topra\u011f\u0131nda.<br \/>Ta\u015fhan,<br \/>Bana d\u00fcnyan\u0131n en b\u00fcy\u00fck meydan\u0131 gibi geldi.<br \/>G\u00f6z\u00fcne g\u00fcne\u015f gelmesin diye elini<br \/>Siper eden Mehmet\u00e7ik heykeli ne g\u00fczeldi.<br \/>Ve b\u00fcstlerinden yaln\u0131z g\u00f6\u011fs\u00fcne kadar tan\u0131d\u0131\u011f\u0131m Atat\u00fcrk<br \/>Kabartmal\u0131 ve y\u00fcksek<br \/>Bir mermerin \u00fcst\u00fcne \u00e7\u0131km\u0131\u015f at\u0131yla.<br \/>(B\u00f6ylece tan\u0131\u015fm\u0131\u015f oldum heykel sanat\u0131yla.)<br \/>Baba, oradaki kad\u0131n s\u0131rt\u0131nda ne ta\u015f\u0131yor?<br \/>&#8216;Bomba.&#8217; Neden? &#8216;T\u00fcrk yurdu topyekun sava\u015f\u0131yor.&#8217;<br \/>Sava\u015f cephede bitti (yirmi y\u0131l \u00f6nce) .<br \/>Oysa, bir t\u00fcrl\u00fc bitmez okul kitaplar\u0131ndan ince<br \/>Sesimle okudugum<br \/>\u015eiirlerde (Zafer Bayram\u0131 m\u00fcnasebetiyle) .&#8217;O\u011flum,<br \/>Bu ne \u015eeker ne de Kurban Bayram\u0131, &#8216;<br \/>Derken babam hakl\u0131yd\u0131,<br \/>30 A\u011fustos g\u00fcn\u00fc elini \u00f6perek ondan<br \/>Para istedigim zaman.<br \/>(Babama \u015fiir okumay\u0131 bile d\u00fc\u015f\u00fcn\u00fcyordum o s\u0131rada.)<\/p>\n<p>Babam \u015fiir sevmezdi. Evimize arada<br \/>Gelen Mimar Cemil Uluer yaln\u0131z \u015fiir yazard\u0131.<br \/>(Babam bu adama nedense k\u0131zard\u0131.)<br \/>&#8216;Bir kere, mimar de\u011fil bu herif..&#8217;<br \/>Diye ba\u015flad\u0131 m\u0131, hafif<br \/>\u00dcz\u00fcl\u00fcrd\u00fc annem. &#8216;Can\u0131m Numan Bey<br \/>-bey derdi babama- bu kadar \u015fey olma (\u015fey derdi annem s\u0131k s\u0131k) .<br \/>Adamcag\u0131za yaz\u0131k.&#8217;<br \/>Mimar Cemil \u015fiir bina ederdi.<br \/>K\u0131\u015fl\u0131k k\u00f6m\u00fcr\u00fc bizim evden giderdi.<br \/>M\u00fcste\u015far Nam\u0131k Beyi ziyaretlerinde de arz-\u0131 h\u00fcrmetleriyle<br \/>Ve kimin okdugu belli olmayan hikmetleriyle<br \/>Dolu kitab\u0131n\u0131 sunar; bir kat giyilmi\u015f elbise al\u0131r (yazl\u0131k) .<br \/>\u015eair ve mimar olmaktan vazge\u00e7tim(yaz\u0131k) .<\/p>\n<p>Sevmedim okulu \u00f6nce,<br \/>&#8216;\u00d6\u011fretmenim&#8217; tutmad\u0131 yerini annemin (bence.)<br \/>Beni \u00e7ingenelere vermek istemeseydi<br \/>Babam, bir dev anas\u0131 gibi<br \/>G\u00f6r\u00fcnen \u00f6\u011fretmenden ka\u00e7ard\u0131m (ne iyi olurdu) .<br \/>Korkuyu<br \/>Bah\u00e7edeki huysuz ve parlak kanatl\u0131<br \/>Horoz tan\u0131tt\u0131 bana.<br \/>Bir de \u00f6\u011fretmenim Rana.<br \/>&#8216;Kula\u011f\u0131n\u0131 \u00e7ekerim. konu\u015fma, terbiyesiz,<br \/>Yakar\u0131m a\u011fz\u0131n\u0131z\u0131. \u00e7i\u015fim geldi derseniz.<br \/>K\u0131rar\u0131m notunuzu haylazl\u0131k ederseniz.<br \/>Yar\u0131na sat\u0131r sat\u0131r ezberlensin dersiniz.&#8217;<\/p>\n<p>Yorgan\u0131 att\u0131m \u00fczerimden o gece,<br \/>\u00c7\u0131plak ayakla ta\u015flara bast\u0131m o gece. K\u0131rk derece<br \/>Ate\u015fim \u00e7\u0131ks\u0131n diye bekliyordum. Sak\u0131n<br \/>G\u00f6ndermesin babam beni okula yar\u0131n,<br \/>Olur mu Allah\u0131m. -Allah\u0131m diye ba\u015flam\u0131\u015fken<br \/>Dua edeyim hemen:<br \/>Babama, bana ve nineme<br \/>Ve apartmandaki Baha Beye, kar\u0131s\u0131na ve o\u011fluna<br \/>Ve mahalledekilere ve rahmetli dedem H\u00fcsrev kuluna<br \/>Ve Ankara&#8217;dakilere ve T\u00fcrkiye&#8217;dekilere<br \/>Ve d\u00fcnyadaki b\u00fct\u00fcn iyilere<br \/>Rahatl\u0131k ver.<br \/>Onlar\u0131n i\u00e7inde (varsa e\u011fer)<br \/>H\u0131rs\u0131z, fena<br \/>Ve k\u00f6t\u00fcl\u00fck etmek i\u00e7in insana<br \/>F\u0131rsat bekleyenlere<br \/>VE beni azarlayan kap\u0131c\u0131m\u0131z Kamber&#8217;e<br \/>Ve beni bah\u00e7ede korkutan horoza<br \/>Ve ezberimi bilmezsem ceza<br \/>Verecek \u00f6\u011fretmene<br \/>Rahatl\u0131k verme.<br \/>(Ceza vermezse rahatl\u0131k ver.)<\/p>\n<p>Yeter<br \/>Bu kadar. Allah k\u0131zar sonra \u00e7ok istersen.<br \/>Yaln\u0131z unuttum; ne olur rahatl\u0131k versen<br \/>Galatasaray oyuncular\u0131na. Yar\u0131n<br \/>Ma\u00e7lar\u0131 var da; yenilmesinler sak\u0131n.<\/p>\n<p>&#8216;Bu \u00e7ocuk ne olacak b\u00f6yle. M\u00fczeyyen? Yaramaz<br \/>Olsayd\u0131 p\u0131s\u0131r\u0131k olacag\u0131na. Hi\u00e7 kimseyle konu\u015fmaz<br \/>S\u0131n\u0131fta. Tek ba\u015f\u0131na ko\u015far durur bah\u00e7ede. Onu<br \/>Eve kapatmak do\u011fru mu?<br \/>\u00c7al\u0131\u015fkan fakat korkak.&#8217; Annem \u00fcz\u00fcld\u00fc<br \/>Fakat belli etmedi. &#8216;\u00d6\u011fretmenim&#8217; \u00e7ok g\u00fcld\u00fc<br \/>\u00c7arp\u0131n\u00e7a a\u011faca &#8216;Affedersiniz&#8217;<br \/>Dedi\u011fimi anlat\u0131rken. Annem s\u00f6z\u00fc k\u0131sa kesti: &#8216;Dersiniz<br \/>Ba\u015flayacak. Vaktini ald\u0131m Rana.<br \/>\u0130n\u015fallah b\u00fcy\u00fcy\u00fcnce laz\u0131m o\u015fur vatana.&#8217;<br \/>Olmad\u0131 kimseye laz\u0131m. Aranmad\u0131<br \/>Aramay\u0131nca.<br \/>Okul boyunca<br \/>Ne futbol tak\u0131m\u0131na al\u0131nd\u0131, ne s\u0131n\u0131f m\u00fcmessili olabildi.<br \/>Nedense bir y\u00f6n\u00fcyle -belki de her y\u00f6n\u00fcyle- saf kalabildi.<br \/>Yaln\u0131z bir korku kald\u0131 ku\u015fkuyla kar\u0131\u015f\u0131k;<br \/>Sonunda k\u00f6t\u00fc bir \u015fey olur korkusuyla ya\u015fad\u0131 Selim I\u015f\u0131k<br \/>Her olay\u0131. Eski bir yara izi i\u00e7inde s\u0131zlad\u0131, her e\u011fili\u015finde<br \/>\u0130nsanlara. D\u00fcnyaya bir daha geli\u015finde<br \/>\u00c7ocuk ve korkusuz ya\u015famak ister s\u00fcrekli.<br \/>B\u00fcy\u00fcmek, yaln\u0131z tutunanlara gerekli.<br \/>\u0130kinci geli\u015finde \u00e7\u0131r\u0131l \u00e7\u0131plak dola\u015facak<br \/>Kelimenin b\u00fct\u00fcn anlam\u0131yla \u00e7\u0131r\u0131l \u00e7\u0131plak<\/p>\n<p>Hep birlikte (son s\u0131n\u0131flar) topland\u0131k arka bah\u00e7ede.<br \/>&#8216;\u00c7\u0131kt\u0131k a\u00e7\u0131k al\u0131nla&#8217;y\u0131 s\u00f6yledik bir ag\u0131zdan<br \/>M\u00fczik s\u0131nav\u0131yd\u0131 bu (toptan) .<br \/>Herkes pekiyi ald\u0131, imtihan iyi gitti<br \/>Son g\u00fcn\u00fcyd\u00fc okulun, m\u00fcjde ilkokul bitti.<\/p>\n<p>Yaz s\u0131cag\u0131nda evde<br \/>Can\u0131 s\u0131k\u0131lmas\u0131n ve<br \/>(Zararl\u0131 ili\u015fkileri olmas\u0131n sokakta)<br \/>K\u0131\u015f g\u00fcn\u00fc<br \/>Eski hastal\u0131\u011f\u0131n\u0131n izlerini ta\u015f\u0131yan g\u00f6\u011fs\u00fcn\u00fc<br \/>\u00dc\u015f\u00fctmesin d\u00fc\u015f\u00fcncesiyle<br \/>Eve kapand\u0131\u011f\u0131 zaman -yani okul d\u0131\u015f\u0131ndaki b\u00fct\u00fcn saatlerde-<br \/>Divanda otururdu<br \/>Durmadan dergi okurdu.<br \/>(Siz &#8216;libidonun \u00d6l\u00fcm\u00fc&#8217;<br \/>Filmini g\u00f6rd\u00fcn\u00fcz m\u00fc?)<br \/>Binbir Roman, Yavrut\u00fcrk,<br \/>\u00c7ocuk Haftas\u0131. &#8216;B\u00fcy\u00fck<br \/>Adam olacak.&#8217; Misafirler sayg\u0131yla bakar y\u00fcz\u00fcme,<br \/>Sevgili b\u00fcy\u00fcklerim: i\u015fte size bir manzume<\/p>\n<p>Sabah erken kalkar\u0131m<br \/>Ne y\u00fcz\u00fcm\u00fc y\u0131kar\u0131m<br \/>Ne soka\u011fa \u00e7\u0131kar\u0131m.<br \/>K\u0131\u015f\u0131n soba yakar\u0131m<br \/>Yaz\u0131n camdan bakar\u0131m<br \/>Hayattan yok \u00e7\u0131kar\u0131m.<\/p>\n<p>\u00d6\u011flen olur yemek yerim<br \/>F\u0131r\u00e7alanmaz hi\u00e7 di\u015flerim<br \/>Acaba ne yapsam derim<br \/>Kovboy filmine giderim<br \/>D\u00f6n\u00fcnce k\u0131zar pederim.<\/p>\n<p>Ak\u015fam olur g\u00fcne\u015f batar<br \/>Babam hep anneme \u00e7atar<br \/>Cici \u00e7ocuk erkenden yatar<br \/>Hayat s\u0131k\u0131c\u0131 ne kadar.<\/p>\n<p>O\u011fuz ATAY<\/p>\n","protected":false},"excerpt":{"rendered":"<p>\u00a0 Orta Asya&#8217;daki pembe elipsin i\u00e7inden\u00c7\u0131kan k\u0131rm\u0131z\u0131 oklara binerek, Bozkurtlar (kanatl\u0131) \u00c7in&#8217;denNas\u0131l u\u00e7mu\u015flarsa Tanca&#8217;ya kadar,Ben de (alt\u0131 ya\u015f\u0131mda) darVe y\u00fcksek \u00e7amurluklu tenezz\u00fchle (Ford T modeli) Ankara&#8217;ya ula\u015ft\u0131mSa\u011f salim. &#8216;Ya\u011fmur \u00c7ayevi&#8217;nin \u00f6n\u00fcnde dola\u015ft\u0131mUyu\u015fan bacaklar\u0131m\u0131 oynatarak Ankara&#8217;n\u0131n topra\u011f\u0131nda.Ta\u015fhan,Bana d\u00fcnyan\u0131n en b\u00fcy\u00fck meydan\u0131 gibi geldi.G\u00f6z\u00fcne g\u00fcne\u015f gelmesin diye eliniSiper eden Mehmet\u00e7ik heykeli ne g\u00fczeldi.Ve b\u00fcstlerinden yaln\u0131z g\u00f6\u011fs\u00fcne kadar [&hellip;]<\/p>\n","protected":false},"author":1,"featured_media":0,"comment_status":"open","ping_status":"open","sticky":false,"template":"","format":"standard","meta":{"footnotes":""},"categories":[187],"tags":[],"class_list":{"0":"post-5939","1":"post","2":"type-post","3":"status-publish","4":"format-standard","6":"category-oguz-atay"},"yoast_head":"<!-- This site is optimized with the Yoast SEO Premium plugin v24.9 (Yoast SEO v24.9) - https:\/\/yoast.com\/wordpress\/plugins\/seo\/ -->\n<title>\u0130K\u0130NC\u0130 \u015eARKI - narteks.net<\/title>\n<meta name=\"robots\" content=\"index, follow, max-snippet:-1, max-image-preview:large, max-video-preview:-1\" \/>\n<link rel=\"canonical\" href=\"https:\/\/narteks.net\/index.php\/2011\/05\/24\/ikinci-sarki\/\" \/>\n<meta property=\"og:locale\" content=\"tr_TR\" \/>\n<meta property=\"og:type\" content=\"article\" \/>\n<meta property=\"og:title\" content=\"\u0130K\u0130NC\u0130 \u015eARKI\" \/>\n<meta property=\"og:description\" content=\"\u00a0 Orta Asya&#8217;daki pembe elipsin i\u00e7inden\u00c7\u0131kan k\u0131rm\u0131z\u0131 oklara binerek, Bozkurtlar (kanatl\u0131) \u00c7in&#8217;denNas\u0131l u\u00e7mu\u015flarsa Tanca&#8217;ya kadar,Ben de (alt\u0131 ya\u015f\u0131mda) darVe y\u00fcksek \u00e7amurluklu tenezz\u00fchle (Ford T modeli) Ankara&#8217;ya ula\u015ft\u0131mSa\u011f salim. &#8216;Ya\u011fmur \u00c7ayevi&#8217;nin \u00f6n\u00fcnde dola\u015ft\u0131mUyu\u015fan bacaklar\u0131m\u0131 oynatarak Ankara&#8217;n\u0131n topra\u011f\u0131nda.Ta\u015fhan,Bana d\u00fcnyan\u0131n en b\u00fcy\u00fck meydan\u0131 gibi geldi.G\u00f6z\u00fcne g\u00fcne\u015f gelmesin diye eliniSiper eden Mehmet\u00e7ik heykeli ne g\u00fczeldi.Ve b\u00fcstlerinden yaln\u0131z g\u00f6\u011fs\u00fcne kadar [&hellip;]\" \/>\n<meta property=\"og:url\" content=\"https:\/\/narteks.net\/index.php\/2011\/05\/24\/ikinci-sarki\/\" \/>\n<meta property=\"og:site_name\" content=\"narteks.net\" \/>\n<meta property=\"article:published_time\" content=\"2011-05-24T18:03:29+00:00\" \/>\n<meta property=\"og:image\" content=\"https:\/\/narteks.net\/wp-content\/uploads\/narteks.png\" \/>\n\t<meta property=\"og:image:width\" content=\"300\" \/>\n\t<meta property=\"og:image:height\" content=\"90\" \/>\n\t<meta property=\"og:image:type\" content=\"image\/png\" \/>\n<meta name=\"author\" content=\"Tar\u0131k\" \/>\n<meta name=\"twitter:card\" content=\"summary_large_image\" \/>\n<meta name=\"twitter:creator\" content=\"@narteks\" \/>\n<meta name=\"twitter:site\" content=\"@narteks\" \/>\n<meta name=\"twitter:label1\" content=\"Yazan:\" \/>\n\t<meta name=\"twitter:data1\" content=\"Tar\u0131k\" \/>\n\t<meta name=\"twitter:label2\" content=\"Tahmini okuma s\u00fcresi\" \/>\n\t<meta name=\"twitter:data2\" content=\"4 dakika\" \/>\n<script type=\"application\/ld+json\" class=\"yoast-schema-graph\">{\"@context\":\"https:\/\/schema.org\",\"@graph\":[{\"@type\":\"Article\",\"@id\":\"https:\/\/narteks.net\/index.php\/2011\/05\/24\/ikinci-sarki\/#article\",\"isPartOf\":{\"@id\":\"https:\/\/narteks.net\/index.php\/2011\/05\/24\/ikinci-sarki\/\"},\"author\":{\"name\":\"Tar\u0131k\",\"@id\":\"https:\/\/narteks.net\/#\/schema\/person\/61f37d9834294b72d31d274e7ed79bca\"},\"headline\":\"\u0130K\u0130NC\u0130 \u015eARKI\",\"datePublished\":\"2011-05-24T18:03:29+00:00\",\"mainEntityOfPage\":{\"@id\":\"https:\/\/narteks.net\/index.php\/2011\/05\/24\/ikinci-sarki\/\"},\"wordCount\":890,\"commentCount\":0,\"publisher\":{\"@id\":\"https:\/\/narteks.net\/#organization\"},\"articleSection\":[\"O\u011fuz ATAY\"],\"inLanguage\":\"tr\",\"potentialAction\":[{\"@type\":\"CommentAction\",\"name\":\"Comment\",\"target\":[\"https:\/\/narteks.net\/index.php\/2011\/05\/24\/ikinci-sarki\/#respond\"]}]},{\"@type\":\"WebPage\",\"@id\":\"https:\/\/narteks.net\/index.php\/2011\/05\/24\/ikinci-sarki\/\",\"url\":\"https:\/\/narteks.net\/index.php\/2011\/05\/24\/ikinci-sarki\/\",\"name\":\"\u0130K\u0130NC\u0130 \u015eARKI - narteks.net\",\"isPartOf\":{\"@id\":\"https:\/\/narteks.net\/#website\"},\"datePublished\":\"2011-05-24T18:03:29+00:00\",\"breadcrumb\":{\"@id\":\"https:\/\/narteks.net\/index.php\/2011\/05\/24\/ikinci-sarki\/#breadcrumb\"},\"inLanguage\":\"tr\",\"potentialAction\":[{\"@type\":\"ReadAction\",\"target\":[\"https:\/\/narteks.net\/index.php\/2011\/05\/24\/ikinci-sarki\/\"]}]},{\"@type\":\"BreadcrumbList\",\"@id\":\"https:\/\/narteks.net\/index.php\/2011\/05\/24\/ikinci-sarki\/#breadcrumb\",\"itemListElement\":[{\"@type\":\"ListItem\",\"position\":1,\"name\":\"Anasayfa\",\"item\":\"https:\/\/narteks.net\/\"},{\"@type\":\"ListItem\",\"position\":2,\"name\":\"\u0130K\u0130NC\u0130 \u015eARKI\"}]},{\"@type\":\"WebSite\",\"@id\":\"https:\/\/narteks.net\/#website\",\"url\":\"https:\/\/narteks.net\/\",\"name\":\"narteks.net\",\"description\":\"K\u00fclt\u00fcr Sanat Edebiyat Felsefe\",\"publisher\":{\"@id\":\"https:\/\/narteks.net\/#organization\"},\"alternateName\":\"K\u00fclt\u00fcr Sanat Edebiyat Felsefe\",\"potentialAction\":[{\"@type\":\"SearchAction\",\"target\":{\"@type\":\"EntryPoint\",\"urlTemplate\":\"https:\/\/narteks.net\/?s={search_term_string}\"},\"query-input\":{\"@type\":\"PropertyValueSpecification\",\"valueRequired\":true,\"valueName\":\"search_term_string\"}}],\"inLanguage\":\"tr\"},{\"@type\":\"Organization\",\"@id\":\"https:\/\/narteks.net\/#organization\",\"name\":\"narteks.net\",\"url\":\"https:\/\/narteks.net\/\",\"logo\":{\"@type\":\"ImageObject\",\"inLanguage\":\"tr\",\"@id\":\"https:\/\/narteks.net\/#\/schema\/logo\/image\/\",\"url\":\"https:\/\/narteks.net\/wp-content\/uploads\/narteks.png\",\"contentUrl\":\"https:\/\/narteks.net\/wp-content\/uploads\/narteks.png\",\"width\":300,\"height\":90,\"caption\":\"narteks.net\"},\"image\":{\"@id\":\"https:\/\/narteks.net\/#\/schema\/logo\/image\/\"},\"sameAs\":[\"https:\/\/x.com\/narteks\",\"https:\/\/instagram.com\/narteksnet\"]},{\"@type\":\"Person\",\"@id\":\"https:\/\/narteks.net\/#\/schema\/person\/61f37d9834294b72d31d274e7ed79bca\",\"name\":\"Tar\u0131k\",\"image\":{\"@type\":\"ImageObject\",\"inLanguage\":\"tr\",\"@id\":\"https:\/\/narteks.net\/#\/schema\/person\/image\/\",\"url\":\"https:\/\/secure.gravatar.com\/avatar\/50865afb55632c4ae467e0af0930f6510aa2297d8014be502a55b14f3b7550cf?s=96&d=mm&r=g\",\"contentUrl\":\"https:\/\/secure.gravatar.com\/avatar\/50865afb55632c4ae467e0af0930f6510aa2297d8014be502a55b14f3b7550cf?s=96&d=mm&r=g\",\"caption\":\"Tar\u0131k\"},\"sameAs\":[\"http:\/\/narteks.net\"],\"url\":\"https:\/\/narteks.net\/index.php\/author\/narbak\/\"}]}<\/script>\n<!-- \/ Yoast SEO Premium plugin. -->","yoast_head_json":{"title":"\u0130K\u0130NC\u0130 \u015eARKI - narteks.net","robots":{"index":"index","follow":"follow","max-snippet":"max-snippet:-1","max-image-preview":"max-image-preview:large","max-video-preview":"max-video-preview:-1"},"canonical":"https:\/\/narteks.net\/index.php\/2011\/05\/24\/ikinci-sarki\/","og_locale":"tr_TR","og_type":"article","og_title":"\u0130K\u0130NC\u0130 \u015eARKI","og_description":"\u00a0 Orta Asya&#8217;daki pembe elipsin i\u00e7inden\u00c7\u0131kan k\u0131rm\u0131z\u0131 oklara binerek, Bozkurtlar (kanatl\u0131) \u00c7in&#8217;denNas\u0131l u\u00e7mu\u015flarsa Tanca&#8217;ya kadar,Ben de (alt\u0131 ya\u015f\u0131mda) darVe y\u00fcksek \u00e7amurluklu tenezz\u00fchle (Ford T modeli) Ankara&#8217;ya ula\u015ft\u0131mSa\u011f salim. &#8216;Ya\u011fmur \u00c7ayevi&#8217;nin \u00f6n\u00fcnde dola\u015ft\u0131mUyu\u015fan bacaklar\u0131m\u0131 oynatarak Ankara&#8217;n\u0131n topra\u011f\u0131nda.Ta\u015fhan,Bana d\u00fcnyan\u0131n en b\u00fcy\u00fck meydan\u0131 gibi geldi.G\u00f6z\u00fcne g\u00fcne\u015f gelmesin diye eliniSiper eden Mehmet\u00e7ik heykeli ne g\u00fczeldi.Ve b\u00fcstlerinden yaln\u0131z g\u00f6\u011fs\u00fcne kadar [&hellip;]","og_url":"https:\/\/narteks.net\/index.php\/2011\/05\/24\/ikinci-sarki\/","og_site_name":"narteks.net","article_published_time":"2011-05-24T18:03:29+00:00","og_image":[{"width":300,"height":90,"url":"https:\/\/narteks.net\/wp-content\/uploads\/narteks.png","type":"image\/png"}],"author":"Tar\u0131k","twitter_card":"summary_large_image","twitter_creator":"@narteks","twitter_site":"@narteks","twitter_misc":{"Yazan:":"Tar\u0131k","Tahmini okuma s\u00fcresi":"4 dakika"},"schema":{"@context":"https:\/\/schema.org","@graph":[{"@type":"Article","@id":"https:\/\/narteks.net\/index.php\/2011\/05\/24\/ikinci-sarki\/#article","isPartOf":{"@id":"https:\/\/narteks.net\/index.php\/2011\/05\/24\/ikinci-sarki\/"},"author":{"name":"Tar\u0131k","@id":"https:\/\/narteks.net\/#\/schema\/person\/61f37d9834294b72d31d274e7ed79bca"},"headline":"\u0130K\u0130NC\u0130 \u015eARKI","datePublished":"2011-05-24T18:03:29+00:00","mainEntityOfPage":{"@id":"https:\/\/narteks.net\/index.php\/2011\/05\/24\/ikinci-sarki\/"},"wordCount":890,"commentCount":0,"publisher":{"@id":"https:\/\/narteks.net\/#organization"},"articleSection":["O\u011fuz ATAY"],"inLanguage":"tr","potentialAction":[{"@type":"CommentAction","name":"Comment","target":["https:\/\/narteks.net\/index.php\/2011\/05\/24\/ikinci-sarki\/#respond"]}]},{"@type":"WebPage","@id":"https:\/\/narteks.net\/index.php\/2011\/05\/24\/ikinci-sarki\/","url":"https:\/\/narteks.net\/index.php\/2011\/05\/24\/ikinci-sarki\/","name":"\u0130K\u0130NC\u0130 \u015eARKI - narteks.net","isPartOf":{"@id":"https:\/\/narteks.net\/#website"},"datePublished":"2011-05-24T18:03:29+00:00","breadcrumb":{"@id":"https:\/\/narteks.net\/index.php\/2011\/05\/24\/ikinci-sarki\/#breadcrumb"},"inLanguage":"tr","potentialAction":[{"@type":"ReadAction","target":["https:\/\/narteks.net\/index.php\/2011\/05\/24\/ikinci-sarki\/"]}]},{"@type":"BreadcrumbList","@id":"https:\/\/narteks.net\/index.php\/2011\/05\/24\/ikinci-sarki\/#breadcrumb","itemListElement":[{"@type":"ListItem","position":1,"name":"Anasayfa","item":"https:\/\/narteks.net\/"},{"@type":"ListItem","position":2,"name":"\u0130K\u0130NC\u0130 \u015eARKI"}]},{"@type":"WebSite","@id":"https:\/\/narteks.net\/#website","url":"https:\/\/narteks.net\/","name":"narteks.net","description":"K\u00fclt\u00fcr Sanat Edebiyat Felsefe","publisher":{"@id":"https:\/\/narteks.net\/#organization"},"alternateName":"K\u00fclt\u00fcr Sanat Edebiyat Felsefe","potentialAction":[{"@type":"SearchAction","target":{"@type":"EntryPoint","urlTemplate":"https:\/\/narteks.net\/?s={search_term_string}"},"query-input":{"@type":"PropertyValueSpecification","valueRequired":true,"valueName":"search_term_string"}}],"inLanguage":"tr"},{"@type":"Organization","@id":"https:\/\/narteks.net\/#organization","name":"narteks.net","url":"https:\/\/narteks.net\/","logo":{"@type":"ImageObject","inLanguage":"tr","@id":"https:\/\/narteks.net\/#\/schema\/logo\/image\/","url":"https:\/\/narteks.net\/wp-content\/uploads\/narteks.png","contentUrl":"https:\/\/narteks.net\/wp-content\/uploads\/narteks.png","width":300,"height":90,"caption":"narteks.net"},"image":{"@id":"https:\/\/narteks.net\/#\/schema\/logo\/image\/"},"sameAs":["https:\/\/x.com\/narteks","https:\/\/instagram.com\/narteksnet"]},{"@type":"Person","@id":"https:\/\/narteks.net\/#\/schema\/person\/61f37d9834294b72d31d274e7ed79bca","name":"Tar\u0131k","image":{"@type":"ImageObject","inLanguage":"tr","@id":"https:\/\/narteks.net\/#\/schema\/person\/image\/","url":"https:\/\/secure.gravatar.com\/avatar\/50865afb55632c4ae467e0af0930f6510aa2297d8014be502a55b14f3b7550cf?s=96&d=mm&r=g","contentUrl":"https:\/\/secure.gravatar.com\/avatar\/50865afb55632c4ae467e0af0930f6510aa2297d8014be502a55b14f3b7550cf?s=96&d=mm&r=g","caption":"Tar\u0131k"},"sameAs":["http:\/\/narteks.net"],"url":"https:\/\/narteks.net\/index.php\/author\/narbak\/"}]}},"_links":{"self":[{"href":"https:\/\/narteks.net\/index.php\/wp-json\/wp\/v2\/posts\/5939","targetHints":{"allow":["GET"]}}],"collection":[{"href":"https:\/\/narteks.net\/index.php\/wp-json\/wp\/v2\/posts"}],"about":[{"href":"https:\/\/narteks.net\/index.php\/wp-json\/wp\/v2\/types\/post"}],"author":[{"embeddable":true,"href":"https:\/\/narteks.net\/index.php\/wp-json\/wp\/v2\/users\/1"}],"replies":[{"embeddable":true,"href":"https:\/\/narteks.net\/index.php\/wp-json\/wp\/v2\/comments?post=5939"}],"version-history":[{"count":0,"href":"https:\/\/narteks.net\/index.php\/wp-json\/wp\/v2\/posts\/5939\/revisions"}],"wp:attachment":[{"href":"https:\/\/narteks.net\/index.php\/wp-json\/wp\/v2\/media?parent=5939"}],"wp:term":[{"taxonomy":"category","embeddable":true,"href":"https:\/\/narteks.net\/index.php\/wp-json\/wp\/v2\/categories?post=5939"},{"taxonomy":"post_tag","embeddable":true,"href":"https:\/\/narteks.net\/index.php\/wp-json\/wp\/v2\/tags?post=5939"}],"curies":[{"name":"wp","href":"https:\/\/api.w.org\/{rel}","templated":true}]}}