{"id":594,"date":"2009-04-14T11:40:55","date_gmt":"2009-04-14T08:40:55","guid":{"rendered":"http:\/\/localhost\/wordpress\/2009\/04\/14\/siir-yasami-cepecevre-saran-bir-butunselliktir-can-yucel-biyografisi\/"},"modified":"2009-04-14T11:40:55","modified_gmt":"2009-04-14T08:40:55","slug":"siir-yasami-cepecevre-saran-bir-butunselliktir-can-yucel-biyografisi","status":"publish","type":"post","link":"https:\/\/narteks.net\/index.php\/2009\/04\/14\/siir-yasami-cepecevre-saran-bir-butunselliktir-can-yucel-biyografisi\/","title":{"rendered":"\u015eiir ya\u015fam\u0131 \u00e7epe\u00e7evre saran bir b\u00fct\u00fcnselliktir | Can Y\u00fccel Biyografisi"},"content":{"rendered":"<p><!-- start content --><\/p>\n<div class=\"thumb tright\">\n<div class=\"thumbinner\" style=\"width: 167px;\"><span class=\"image\"><img loading=\"lazy\" decoding=\"async\" class=\"thumbimage\" src=\"http:\/\/upload.wikimedia.org\/wikipedia\/tr\/6\/6d\/Canyucel.jpg\" border=\"0\" width=\"155\" height=\"205\" style=\"float: left; border: 0;\" \/><\/span><\/div>\n<\/div>\n<p style=\"text-align: justify;\"><strong>Can Y\u00fccel<\/strong> (1926 &#8211; 12 A\u011fustos 1999)<\/p>\n<p style=\"text-align: justify;\">\u015eair, yazar, felsefe hocas\u0131, milletvekili, konservatuar ve k\u00f6y enstit\u00fclerinin kurucusu Hasan Ali Y\u00fccel&#8217;in o\u011flu Can Y\u00fccel, 1926&#8217;da \u0130stanbul&#8217;da d\u00fcnyaya geldi. Ankara ve Cambridge \u00fcniversitelerinde Latince ve Yunanca okudu. 1950 &#8216;de yurda geri d\u00f6nd\u00fc ve ayn\u0131 y\u0131l babas\u0131n\u0131n \u00f6nerisi ve deste\u011fi ile ilk kitab\u0131 &#8221;yazma&#8221;y\u0131 \u00e7\u0131kartt\u0131. 1956 y\u0131l\u0131nda G\u00fcler Y\u00fccel ile evlendi. Bu y\u0131llarda Che Guevera ve Mao&#8217;dan \u00e7eviriler yapt\u0131\u011f\u0131 gerek\u00e7esiyle 15 y\u0131la mahkum oldu. \u0130ki y\u0131l sonra genel bir afla d\u0131\u015far\u0131 \u00e7\u0131kt\u0131. D\u0131\u015far\u0131 \u00e7\u0131k\u0131\u015f\u0131n\u0131n ard\u0131ndan &#8221;Bir Siyasinin \u015eiirleri&#8221; adl\u0131 kitab\u0131n\u0131 yay\u0131nlad\u0131. \u015eair&#8217;in bu kitab\u0131 i\u00e7in ilk kez yo\u011fun ve ciddi \u015fiirle ilgilendi\u011fi d\u00f6nemin \u015fiirlerini i\u00e7erir diyebiliriz. &#8220;Bir Siyasinin \u015eiirleri&#8221; nin \u00f6ns\u00f6z\u00fcn\u00fc yazan Refik Durba\u015f, kitab\u0131 &#8221;Can Y\u00fccel&#8217;i geni\u015f okuyucu kitlesiyle bulu\u015fturan, ki\u015fisel ve toplumsal ya\u015fam\u0131n ac\u0131 bir d\u00f6nemini dile getiren, \u00f6fkeli, alayc\u0131, boyun e\u011fmeyen, siyasal \u015fiirlere a\u011f\u0131rl\u0131k verilen bir kitap&#8221; olarak de\u011ferlendirir. Can Y\u00fccel ise yazd\u0131ktan seneler sonra, &#8220;ki\u015finin d\u0131\u015f bask\u0131lar\u0131n h\u0131\u015fm\u0131 kar\u015f\u0131s\u0131nda kendi \u00f6z\u00fcn\u00fc h\u0131rpalatt\u0131rmamak i\u00e7in, hatta yitirmemek i\u00e7in kulland\u0131\u011f\u0131 bir savunma mekanizmas\u0131, bask\u0131n\u0131n, ac\u0131n\u0131n \u00fcst\u00fcne gidi\u015f&#8221; olarak nitelendirir.<\/p>\n<p style=\"text-align: justify;\">\u015eair 1973&#8217;de &#8220;Sevgi Duvar\u0131&#8221; kitab\u0131yla kitlelerle daha yayg\u0131n bir \u015fekilde bulu\u015ftu. \u015eiir kitaplar\u0131 ardarda gelmeye ba\u015flad\u0131 : &#8220;\u00d6l\u00fcm ve O\u011flum&#8221;, &#8220;\u015eiir Alay\u0131&#8221;, &#8220;Rengahenk&#8221;, &#8220;G\u00f6kyoku\u015f&#8221;, &#8220;Gece Vardiyas\u0131&#8221;, &#8220;G\u00fcle G\u00fcle Seslerin Sessizli\u011fi&#8221; &#8230;.. Bunlardan baz\u0131lar\u0131.<\/p>\n<p style=\"text-align: justify;\">\u00a0<\/p>\n<p style=\"text-align: justify;\">Can Y\u00fccel ayr\u0131ca Lorca, Shakespeare, Brecht gibi \u00fcnl\u00fc yazarlar\u0131n oyunlar\u0131ndan \u00e7eviriler yapt\u0131. Bu kendine has \u00e7eviriler kimi zaman be\u011fenilip ayakta alk\u0131\u015flan\u0131rken, kimi zaman ele\u015ftiri konusu oldu. Son y\u0131llarda her hafta &#8220;Leman&#8221;da her ay &#8220;\u00d6k\u00fcz&#8221; de yaz\u0131lar\u0131 ve \u015fiirleri yay\u0131nland\u0131. &#8220;Mekan\u0131m Dat\u00e7a Olsun&#8221; demi\u015fti. 12 A\u011fustos 1999 gecesi yitirdi\u011fimiz \u015fair, \u00e7ok sevdi\u011fi G\u00fcnebakan \u00e7i\u00e7ekleriyle u\u011furlanarak Dat\u00e7a&#8217;ya g\u00f6m\u00fcld\u00fc.<\/p>\n<p style=\"text-align: justify;\">1988&#8242; de kendisiyle yap\u0131lan bir s\u00f6yle\u015fide bu ifadeyi kullanan Can Y\u00fccel, m\u00fczi\u011fe ge\u00e7i\u015fini \u015f\u00f6yle anlat\u0131r : &#8221;\u0130lk \u015fiirimi on ya\u015f\u0131nda yazd\u0131m. Babam\u0131n metresi olan han\u0131m\u0131n yuvas\u0131ndayken. Yuvada bir \u00e7ocuk \u00f6ld\u00fc. \u00c7ok \u00fcz\u00fcld\u00fcm, arkas\u0131ndan bir \u015fiir yazd\u0131m. \u015eiirime babam\u0131n yard\u0131m\u0131 \u00e7ok oldu. \u015eiire elveri\u015fli bir d\u00fcnya yaratm\u0131\u015ft\u0131 babam bana&#8230; Hep \u015fiir \u00e7evresindeydim. Dili iyi biliyorsan, \u015fiirin ne oldu\u011funu biliyorsan yazmadan duramazs\u0131n.&#8221;<br \/>\u015eairin \u015fiire bak\u0131\u015f a\u00e7\u0131s\u0131n\u0131 d\u00fc\u015f\u00fcnd\u00fc\u011f\u00fcm\u00fczde, Octavia Paz&#8217;la ili\u015fkilendirmekte zorlanmay\u0131z. Bu ili\u015fkiyi kuran ortakl\u0131k, &#8221;Tek bir \u015fiirin, kendini b\u00fct\u00fcn \u015fairlere yazd\u0131rmas\u0131&#8221; d\u00fc\u015f\u00fcncesidir. Octavia Paz, &#8221;\u015eairler asl\u0131nda bir tek \u015fiiri yazar&#8221; derken, Can Y\u00fccel \u015funlar\u0131 s\u00f6yler : &#8221;Ben \u015fiiri ciddiye alm\u0131yorum ki zaten, yeter ki \u015fiir beni ciddiye als\u0131n! Davetsiz misafirdir&#8230;Pat diye gelir O, ya bir afrika menek\u015fesini ya \u00f6len bir delikanl\u0131y\u0131 bahane eder, oturur kar\u015f\u0131ma, kald\u0131rabilirsen kald\u0131r art\u0131k.&#8221;<\/p>\n<p style=\"text-align: justify;\">\u015eiiri ya\u015fam\u0131 \u00e7epe\u00e7evre saran bir b\u00fct\u00fcnsellik olarak de\u011ferlendiren \u015fairin \u015fiirindeki temel \u00f6\u011feler, bu b\u00fct\u00fcnsellik anlay\u0131\u015f\u0131yla ba\u011fda\u015f\u0131r : Mizah, alay, yergi, \u00f6fke, sevecenlik, lirizm, ele\u015ftirel bir d\u00fcnya g\u00f6r\u00fc\u015f\u00fc, siyasal bilin\u00e7&#8230;<br \/>Can Y\u00fccel&#8217;de mizah ve yergi ba\u015fkas\u0131n\u0131 k\u00fc\u00e7\u00fck d\u00fc\u015f\u00fcren, g\u00fcl\u00fcn\u00e7le\u015ftiren bir mizah de\u011fildir. Yalan\u0131, aldatmacay\u0131, haks\u0131zl\u0131\u011f\u0131 toplumsal d\u00fczenin \u00fcr\u00fcn\u00fc olmas\u0131 a\u00e7\u0131s\u0131ndan ele al\u0131r ve zaman zaman bunlar\u0131n fark\u0131nda de\u011filmi\u015f gibi kendisiyle de dalga ge\u00e7er. O&#8217;nun \u015fiirlerinde aldatan\u0131n da aldat\u0131lan\u0131n da g\u00fcl\u00fcn\u00e7l\u00fc\u011f\u00fcn\u00fc buluruz.<\/p>\n<p style=\"text-align: justify;\">Can Y\u00fccel \u015fiirlerinde var olan ironi i\u00e7in \u015funlar\u0131 s\u00f6yler :<\/p>\n<p style=\"text-align: justify;\">&#8221;Harika odur ki, insanlar kendi adlar\u0131na de\u011fil, kainat ad\u0131na yazarlar. B\u00fct\u00fcnselli\u011fin d\u0131\u015f\u0131nda bir \u015fiir yoktur. Hayat ve \u00f6l\u00fcm de bir b\u00fct\u00fcnd\u00fcr. \u015eiir bu b\u00fct\u00fcnden \u00e7\u0131kan \u00e7\u0131lg\u0131nl\u0131kt\u0131r. \u00c7ok a\u011f\u0131r ge\u00e7en hayat\u0131m\u0131z\u0131n i\u00e7inde ironi, b\u00fct\u00fcnselli\u011fi bozmayacak ana \u00e7aredir. Bir diren\u00e7 kahkahas\u0131d\u0131r.&#8221;Kendisiyle yap\u0131lan bir s\u00f6yle\u015fide, \u015fiir ve dil hakk\u0131ndak\u0131 g\u00f6r\u00fc\u015flerini \u015f\u00f6yle aktarmaktad\u0131r : &#8221;Goethe der ya : dil orman gibidir. A\u011fa\u00e7lar \u00e7\u00fcr\u00fcr orman kal\u0131r. Bizde a\u011fa\u00e7lar\u0131 kesmeye kalkt\u0131lar.Bizde kat\u0131ld\u0131k buna.Hala kahroluyorum.Yanl\u0131\u015ft\u0131. Sadele\u015ftirme meselesi o b\u00fct\u00fcnl\u00fc\u011f\u00fcn i\u00e7inde s\u00f6zc\u00fckleri, t\u00fcmceleri nereye oturttu\u011funun hesab\u0131n\u0131 vermek meselesidir. Kelimeler b\u00fct\u00fcnselli\u011fin par\u00e7alar\u0131d\u0131rlar. \u015eiir kelimeleri bu galaksiye hediye etmektir.&#8221; Can Y\u00fccel \u015fiirine bu s\u00f6zler \u0131\u015f\u0131\u011f\u0131nda bakt\u0131\u011f\u0131m\u0131zda, t\u00f6resel dil anlay\u0131\u015f\u0131na kar\u015f\u0131 \u00e7\u0131k\u0131\u015f\u0131 g\u00f6r\u00fcr\u00fcz. Bu kar\u015f\u0131 \u00e7\u0131k\u0131\u015f \u015fiirse s\u00f6zc\u00fck da\u011farc\u0131\u011f\u0131n\u0131n geni\u015fletilmesi ile beslenir. K\u00fcf\u00fcrler ve kaba s\u00f6zc\u00fckler bu kar\u015f\u0131 \u00e7\u0131k\u0131\u015fla, \u015fiirin i\u00e7ine girmi\u015ftir<\/p>\n<p style=\"text-align: justify;\">Can Y\u00fccel&#8217;in \u015fiirsel imgesini kuru\u015fundaki kaynaklar\u0131; do\u011fa, insanlar, olaylar,kavramlar, heyecanlar duyumlar ve duygulard\u0131r. \u015eiirlerinin \u00e7o\u011funda sevdi\u011fi insanlar\u0131 buluruz. &#8221;Maaile&#8221; \u015fairin kitaplar\u0131ndan birine koydu\u011fu bir ad. \u015eair i\u00e7in ailesi \u00e7ok \u00f6nemlidir, e\u015fi, \u00e7ocuklar\u0131 torunlar\u0131, babas\u0131&#8230; Bu insanlarla olan sevgi dolu ya\u015fam\u0131 \u015fiirlerine yans\u0131maktad\u0131r. &#8221;K\u00fc\u00e7\u00fck K\u0131z\u0131m Su&#8217;ya&#8221;, &#8221;G\u00fczel&#8217;e&#8221;, &#8221;Yeni Hasan&#8217;a Yolluk&#8221;, &#8221;Hayatta Ben En \u00e7ok Babam\u0131 Sevdim&#8221; bu sevgi \u015fiirlerinden baz\u0131lar\u0131d\u0131r.<br \/>\u015eairdeki imgeyi d\u00f6n\u00fc\u015ft\u00fcrme i\u015flemi, ger\u00e7ek\u00fcst\u00fcc\u00fclerin \u00fczerinde durmu\u015f olduklar\u0131 bilin\u00e7d\u0131\u015f\u0131n\u0131 \u00f6zg\u00fcrle\u015ftirme \u00e7abas\u0131yla ba\u011fda\u015f\u0131r.<\/p>\n<p style=\"text-align: justify;\"><strong>\u015eair Can Y\u00fccel&#8217;in Vikipedi&#8217;ye yans\u0131yan hayat\u0131<\/strong><\/p>\n<h2 style=\"text-align: justify;\"><span class=\"mw-headline\"> <\/span><span class=\"editsection\" style=\"font-size: x-small; font-weight: normal; float: none; margin-left: 0px;\"> <\/span><\/h2>\n<p style=\"text-align: justify;\">Can Y\u00fccel, 1926&#8217;da <span class=\"mw-redirect\">\u0130stanbul<\/span>&#8216;da do\u011fdu.<span class=\"mw-redirect\">Milli E\u011fitim Bakanl\u0131\u011f\u0131 yapm\u0131\u015f ve k\u00f6y enstit\u00fclerinin kurucusu Hasan Ali Y\u00fccel<\/span>\u2019in o\u011fludur.Ankara ve Cambridge \u00fcniversitelerinde Latince ve Yunanca okudu. \u00c7e\u015fitli el\u00e7iliklerde \u00e7evirmenlik, Londra\u2019da BBC\u2019nin T\u00fcrk\u00e7e b\u00f6l\u00fcm\u00fcnde spikerlik yapt\u0131.<\/p>\n<p style=\"text-align: justify;\">Askerli\u011fini Kore\u2019de yapt\u0131. 1958\u2019de T\u00fcrkiye\u2019ye d\u00f6nd\u00fckten sonra bir s\u00fcre <span class=\"mw-redirect\">Bodrum<\/span>\u2019da turist rehberi olarak \u00e7al\u0131\u015ft\u0131. Ard\u0131ndan ba\u011f\u0131ms\u0131z \u00e7evirmen ve \u015fair olarak ya\u015fam\u0131n\u0131 <span class=\"mw-redirect\">\u0130stanbul<\/span>\u2019da s\u00fcrd\u00fcrd\u00fc. 1956 y\u0131l\u0131nda G\u00fcler Y\u00fccel ile evlendi. Bu evlilikten iki k\u0131z\u0131 (G\u00fczel ve Su) ve bir o\u011flu (Hasan) oldu.<\/p>\n<p style=\"text-align: justify;\">Son y\u0131llar\u0131nda <span class=\"mw-redirect\">Dat\u00e7a<\/span>\u2019ya yerle\u015fti ve her hafta <span class=\"mw-redirect\">Leman<\/span>, her ay <span class=\"mw-redirect\">\u00d6k\u00fcz<\/span> dergilerinde yaz\u0131lar\u0131 ve \u015fiirleri yay\u0131mland\u0131. Cumhurba\u015fkan\u0131 S\u00fcleyman Demirel`e hakaretten yarg\u0131lanan Y\u00fccel, 18 Nisan se\u00e7imlerinde \u00d6DP`nin \u0130zmir 1. s\u0131ra milletvekili aday\u0131 oldu. 12 A\u011fustos 1999 gecesi \u00f6len \u015fair, \u00e7ok sevdi\u011fi g\u00fcnebakan \u00e7i\u00e7ekleriyle u\u011furlanarak <span class=\"mw-redirect\">Dat\u00e7a<\/span>&#8216;ya g\u00f6m\u00fcld\u00fc.<\/p>\n<p style=\"text-align: justify;\">Can Y\u00fccel, 1945-1965 y\u0131llar\u0131 aras\u0131nda `Yenilikler`, `Beraber`, `Se\u00e7ilmi\u015f Hikayeler`, `Dost`, `Sosyal Adalet`, `\u015eiir Sanat\u0131`, `D\u00f6nem`,`Ant`, `\u0130mece` ve `Papir\u00fcs` adl\u0131 dergilerde yazd\u0131. Daha sonralar\u0131 `Yeni Dergi`, \u2018Birikim`, `Sanat Eme\u011fi`, `Yazko Edebiyat` ve `Yeni D\u00fc\u015f\u00fcn` dergilerinde yay\u0131mlad\u0131\u011f\u0131 \u015fiir, yaz\u0131 ve \u00e7eviri \u015fiirleri ile tan\u0131nan <span class=\"new\">Y\u00fccel<\/span>, 1965`ten sonra siyasal konularda da \u00fcr\u00fcn verdi. 12 Mart 1971 d\u00f6neminde Che Guevara ve <span class=\"mw-redirect\">Mao<\/span>&#8216;dan \u00e7eviriler yapt\u0131\u011f\u0131 gerek\u00e7esiyle 15 y\u0131l hapse mahkum oldu. 1974\u2019de \u00e7\u0131kar\u0131lan genel afla d\u0131\u015far\u0131 \u00e7\u0131kt\u0131. D\u0131\u015far\u0131 \u00e7\u0131k\u0131\u015f\u0131n\u0131n ard\u0131ndan hapiste yazd\u0131\u011f\u0131 <em>Bir Siyasinin \u015eiirleri<\/em> adl\u0131 kitab\u0131n\u0131 yay\u0131mlad\u0131. 12 Eyl\u00fcl 1980 sonras\u0131nda m\u00fcstehcen oldu\u011fu iddias\u0131yla &#8220;Rengahenk&#8221; adl\u0131 kitab\u0131 toplat\u0131ld\u0131.<\/p>\n<p style=\"text-align: justify;\">1962&#8217;de \u0130ngiltere&#8217;deyken, 1709 y\u0131l\u0131ndan kalma, Latin harfleriyle ta\u015f bask\u0131s\u0131 olarak bas\u0131lm\u0131\u015f bir T\u00fcrk\u00e7e dilbilgisi kitab\u0131 bulmas\u0131 geni\u015f yank\u0131 uyand\u0131rd\u0131.<\/p>\n<p style=\"text-align: justify;\">\u015eiirlerinde argo ve m\u00fcstehcen s\u00f6zlere \u00e7ok s\u0131k yer veren, bu nedenle zaman zaman dikkatleri \u00fczerine \u00e7ekip ko\u011fu\u015fturmaya u\u011frayan Y\u00fccel, ilk \u015fiirlerini 1950 y\u0131l\u0131nda `Yazma` adl\u0131 kitapta toplam\u0131\u015ft\u0131r.<\/p>\n<p style=\"text-align: justify;\">Can Y\u00fccel, ta\u015flama ve toplumsal duyarl\u0131l\u0131\u011f\u0131n a\u011f\u0131r bast\u0131\u011f\u0131 \u015fiirlerinde, yal\u0131n dili ve bulu\u015flar\u0131 ile dikkati \u00e7ekti. Can Y\u00fccel&#8217;in ilham kaynaklar\u0131 ve \u015fiirlerinin konular\u0131; do\u011fa, insanlar, olaylar, kavramlar, heyecanlar, duyumlar ve duygulard\u0131r. \u015eiirlerinin \u00e7o\u011funda sevdi\u011fi insanlar vard\u0131r. &#8216;Maaile&#8217; \u015fairin kitaplar\u0131ndan birine koydu\u011fu bir ad. <strong>Can Y\u00fccel<\/strong> i\u00e7in ailesi \u00e7ok \u00f6nemlidir: e\u015fi, \u00e7ocuklar\u0131 torunlar\u0131, babas\u0131.. Bu insanlarla olan sevgi dolu ya\u015fam\u0131 \u015fiirlerine yans\u0131m\u0131\u015ft\u0131r. &#8216;K\u00fc\u00e7\u00fck K\u0131z\u0131m Su&#8217;ya&#8217;, &#8216;G\u00fczel&#8217;e&#8217;, &#8216;Yeni Hasan&#8217;a Yolluk&#8217;, &#8216;Hayatta Ben En \u00e7ok Babam\u0131 Sevdim&#8217; bu sevgi \u015fiirlerinden baz\u0131lar\u0131d\u0131r.<\/p>\n<p style=\"text-align: justify;\">Can Y\u00fccel ayr\u0131ca Lorca, <span class=\"mw-redirect\">Shakespeare<\/span>, <span class=\"mw-redirect\">Brecht<\/span> gibi \u00fcnl\u00fc yazarlar\u0131n oyunlar\u0131ndan \u00e7eviriler yapt\u0131. <span class=\"mw-redirect\">Shakespeare<\/span> \u00e7evirileri (Hamlet, F\u0131rt\u0131na, Bir Yaz Gecesi R\u00fcyas\u0131) asl\u0131na tam olarak ba\u011fl\u0131 kalmasa da son derece ba\u015far\u0131l\u0131d\u0131r. <span class=\"mw-redirect\">Shakespeare<\/span>&#8216;in \u00fcnl\u00fc &#8216;to be or not to be&#8217; s\u00f6z\u00fcn\u00fc &#8216;bir ihtimal daha var, o da \u00f6lmek mi dersin&#8217; \u015feklinde T\u00fcrk\u00e7ele\u015ftirmi\u015ftir. 1959&#8217;da ilk bask\u0131s\u0131 yay\u0131mlanan &#8216;Her Boydan&#8217; adl\u0131 kitab\u0131nda d\u00fcnya \u015fairlerinin \u015fiirlerini serbest ama \u00e7ok ba\u015far\u0131l\u0131 bir bi\u00e7imde T\u00fcrk\u00e7eye \u00e7evirmi\u015ftir.<\/p>\n<div class=\"thumb tright\" style=\"text-align: justify;\">\n<div class=\"thumbinner\" style=\"width: 302px;\"><span class=\"image\"><img loading=\"lazy\" decoding=\"async\" class=\"thumbimage\" src=\"http:\/\/upload.wikimedia.org\/wikipedia\/commons\/thumb\/4\/45\/Cyucelimza.JPG\/300px-Cyucelimza.JPG\" border=\"0\" width=\"300\" height=\"225\" \/><\/span><\/p>\n<div class=\"thumbcaption\">\n<div class=\"magnify\"><span class=\"internal\"><br \/><\/span><\/div>\n<p>Can Y\u00fccel&#8217;in Dat\u00e7a&#8217;daki evinin bah\u00e7esinde, \u00fczerinde imzas\u0131n\u0131n bulundu\u011fu ta\u015f.<\/p><\/div>\n<\/div>\n<\/div>\n<p style=\"text-align: justify;\">Eserleri<\/p>\n<p> * Yazma (1950)<br \/> * Her Boydan (1959, \u00c7eviri \u015eiirler)<br \/> * Sevgi Duvar\u0131 (1973)<br \/> * Bir Siyasinin \u015eiirleri (1974)<br \/> * \u00d6l\u00fcm ve O\u011flum (1976)<br \/> * \u015eiir Alay\u0131 (1981, ilk d\u00f6rt \u015fiir kitab\u0131)<br \/> * Reng\u00e2henk (1982)<br \/> * G\u00f6kyoku\u015f (1984)<br \/> * Be\u015fibiyerde (1985, ilk be\u015f \u015fiir kitab\u0131)<br \/> * Canfeda (1985)<br \/> * \u00c7ok Bi \u00c7ocuk (1988)<br \/> * K\u0131sa Devre (1990)<br \/> * Kuzgunun Yavrusu (1990)<br \/> * Gece Vardiyas\u0131 (1991)<br \/> * G\u00fcle G\u00fcle-Seslerin Sessizli\u011fi (1993)<br \/> * Gezintiler (1994)<br \/> * Maaile (1995)<br \/> * Seke Seke (1997)<br \/> * Alavara (1999)<br \/> * Mek\u00e2n\u0131m Dat\u00e7a Olsun (1999)<br \/> * En Uzak Mesafe<br \/> * Benim ad\u0131m firuzansa ne olay\u0131m<br \/> * Cazc\u0131 firuzan (1997)<br \/> * hotuhlar\u0131n dram\u0131<\/p>\n<p>\u00c7evirileri<\/p>\n<p> * Hamlet (Shakespeare)1992. \u0130stanbul: Papir\u00fcs Yay\u0131nlar\u0131, 1996.<br \/> * Bahar Noktas\u0131 (Bir Yaz Gecesi R\u00fcyas\u0131&#8217;n\u0131n \u00e7evirisi) (Shakespeare) 1981. \u0130stanbul: Papir\u00fcs Yay\u0131nlar\u0131, 1996.<\/p>\n<p style=\"text-align: justify;\">Can Y\u00fccel&#8217;in \u015fiirlerini sitemizden okuyabilirsiniz&#8230;<\/p>\n","protected":false},"excerpt":{"rendered":"<p>Can Y\u00fccel (1926 &#8211; 12 A\u011fustos 1999) \u015eair, yazar, felsefe hocas\u0131, milletvekili, konservatuar ve k\u00f6y enstit\u00fclerinin kurucusu Hasan Ali Y\u00fccel&#8217;in o\u011flu Can Y\u00fccel, 1926&#8217;da \u0130stanbul&#8217;da d\u00fcnyaya geldi. Ankara ve Cambridge \u00fcniversitelerinde Latince ve Yunanca okudu. 1950 &#8216;de yurda geri d\u00f6nd\u00fc ve ayn\u0131 y\u0131l babas\u0131n\u0131n \u00f6nerisi ve deste\u011fi ile ilk kitab\u0131 &#8221;yazma&#8221;y\u0131 \u00e7\u0131kartt\u0131. 1956 y\u0131l\u0131nda G\u00fcler [&hellip;]<\/p>\n","protected":false},"author":1,"featured_media":0,"comment_status":"open","ping_status":"open","sticky":false,"template":"","format":"standard","meta":{"footnotes":""},"categories":[16],"tags":[],"class_list":{"0":"post-594","1":"post","2":"type-post","3":"status-publish","4":"format-standard","6":"category-can-yucel"},"yoast_head":"<!-- This site is optimized with the Yoast SEO Premium plugin v24.9 (Yoast SEO v24.9) - https:\/\/yoast.com\/wordpress\/plugins\/seo\/ -->\n<title>\u015eiir ya\u015fam\u0131 \u00e7epe\u00e7evre saran bir b\u00fct\u00fcnselliktir | Can Y\u00fccel Biyografisi - narteks.net<\/title>\n<meta name=\"robots\" content=\"index, follow, max-snippet:-1, max-image-preview:large, max-video-preview:-1\" \/>\n<link rel=\"canonical\" href=\"https:\/\/narteks.net\/index.php\/2009\/04\/14\/siir-yasami-cepecevre-saran-bir-butunselliktir-can-yucel-biyografisi\/\" \/>\n<meta property=\"og:locale\" content=\"tr_TR\" \/>\n<meta property=\"og:type\" content=\"article\" \/>\n<meta property=\"og:title\" content=\"\u015eiir ya\u015fam\u0131 \u00e7epe\u00e7evre saran bir b\u00fct\u00fcnselliktir | Can Y\u00fccel Biyografisi\" \/>\n<meta property=\"og:description\" content=\"Can Y\u00fccel (1926 &#8211; 12 A\u011fustos 1999) \u015eair, yazar, felsefe hocas\u0131, milletvekili, konservatuar ve k\u00f6y enstit\u00fclerinin kurucusu Hasan Ali Y\u00fccel&#8217;in o\u011flu Can Y\u00fccel, 1926&#8217;da \u0130stanbul&#8217;da d\u00fcnyaya geldi. Ankara ve Cambridge \u00fcniversitelerinde Latince ve Yunanca okudu. 1950 &#8216;de yurda geri d\u00f6nd\u00fc ve ayn\u0131 y\u0131l babas\u0131n\u0131n \u00f6nerisi ve deste\u011fi ile ilk kitab\u0131 &#8221;yazma&#8221;y\u0131 \u00e7\u0131kartt\u0131. 1956 y\u0131l\u0131nda G\u00fcler [&hellip;]\" \/>\n<meta property=\"og:url\" content=\"https:\/\/narteks.net\/index.php\/2009\/04\/14\/siir-yasami-cepecevre-saran-bir-butunselliktir-can-yucel-biyografisi\/\" \/>\n<meta property=\"og:site_name\" content=\"narteks.net\" \/>\n<meta property=\"article:published_time\" content=\"2009-04-14T08:40:55+00:00\" \/>\n<meta property=\"og:image\" content=\"http:\/\/upload.wikimedia.org\/wikipedia\/tr\/6\/6d\/Canyucel.jpg\" \/>\n<meta name=\"author\" content=\"Tar\u0131k\" \/>\n<meta name=\"twitter:card\" content=\"summary_large_image\" \/>\n<meta name=\"twitter:creator\" content=\"@narteks\" \/>\n<meta name=\"twitter:site\" content=\"@narteks\" \/>\n<meta name=\"twitter:label1\" content=\"Yazan:\" \/>\n\t<meta name=\"twitter:data1\" content=\"Tar\u0131k\" \/>\n\t<meta name=\"twitter:label2\" content=\"Tahmini okuma s\u00fcresi\" \/>\n\t<meta name=\"twitter:data2\" content=\"8 dakika\" \/>\n<script type=\"application\/ld+json\" class=\"yoast-schema-graph\">{\"@context\":\"https:\/\/schema.org\",\"@graph\":[{\"@type\":\"Article\",\"@id\":\"https:\/\/narteks.net\/index.php\/2009\/04\/14\/siir-yasami-cepecevre-saran-bir-butunselliktir-can-yucel-biyografisi\/#article\",\"isPartOf\":{\"@id\":\"https:\/\/narteks.net\/index.php\/2009\/04\/14\/siir-yasami-cepecevre-saran-bir-butunselliktir-can-yucel-biyografisi\/\"},\"author\":{\"name\":\"Tar\u0131k\",\"@id\":\"https:\/\/narteks.net\/#\/schema\/person\/61f37d9834294b72d31d274e7ed79bca\"},\"headline\":\"\u015eiir ya\u015fam\u0131 \u00e7epe\u00e7evre saran bir b\u00fct\u00fcnselliktir | Can Y\u00fccel Biyografisi\",\"datePublished\":\"2009-04-14T08:40:55+00:00\",\"mainEntityOfPage\":{\"@id\":\"https:\/\/narteks.net\/index.php\/2009\/04\/14\/siir-yasami-cepecevre-saran-bir-butunselliktir-can-yucel-biyografisi\/\"},\"wordCount\":1668,\"commentCount\":0,\"publisher\":{\"@id\":\"https:\/\/narteks.net\/#organization\"},\"image\":{\"@id\":\"https:\/\/narteks.net\/index.php\/2009\/04\/14\/siir-yasami-cepecevre-saran-bir-butunselliktir-can-yucel-biyografisi\/#primaryimage\"},\"thumbnailUrl\":\"http:\/\/upload.wikimedia.org\/wikipedia\/tr\/6\/6d\/Canyucel.jpg\",\"articleSection\":[\"Can Y\u00dcCEL\"],\"inLanguage\":\"tr\",\"potentialAction\":[{\"@type\":\"CommentAction\",\"name\":\"Comment\",\"target\":[\"https:\/\/narteks.net\/index.php\/2009\/04\/14\/siir-yasami-cepecevre-saran-bir-butunselliktir-can-yucel-biyografisi\/#respond\"]}]},{\"@type\":\"WebPage\",\"@id\":\"https:\/\/narteks.net\/index.php\/2009\/04\/14\/siir-yasami-cepecevre-saran-bir-butunselliktir-can-yucel-biyografisi\/\",\"url\":\"https:\/\/narteks.net\/index.php\/2009\/04\/14\/siir-yasami-cepecevre-saran-bir-butunselliktir-can-yucel-biyografisi\/\",\"name\":\"\u015eiir ya\u015fam\u0131 \u00e7epe\u00e7evre saran bir b\u00fct\u00fcnselliktir | Can Y\u00fccel Biyografisi - narteks.net\",\"isPartOf\":{\"@id\":\"https:\/\/narteks.net\/#website\"},\"primaryImageOfPage\":{\"@id\":\"https:\/\/narteks.net\/index.php\/2009\/04\/14\/siir-yasami-cepecevre-saran-bir-butunselliktir-can-yucel-biyografisi\/#primaryimage\"},\"image\":{\"@id\":\"https:\/\/narteks.net\/index.php\/2009\/04\/14\/siir-yasami-cepecevre-saran-bir-butunselliktir-can-yucel-biyografisi\/#primaryimage\"},\"thumbnailUrl\":\"http:\/\/upload.wikimedia.org\/wikipedia\/tr\/6\/6d\/Canyucel.jpg\",\"datePublished\":\"2009-04-14T08:40:55+00:00\",\"breadcrumb\":{\"@id\":\"https:\/\/narteks.net\/index.php\/2009\/04\/14\/siir-yasami-cepecevre-saran-bir-butunselliktir-can-yucel-biyografisi\/#breadcrumb\"},\"inLanguage\":\"tr\",\"potentialAction\":[{\"@type\":\"ReadAction\",\"target\":[\"https:\/\/narteks.net\/index.php\/2009\/04\/14\/siir-yasami-cepecevre-saran-bir-butunselliktir-can-yucel-biyografisi\/\"]}]},{\"@type\":\"ImageObject\",\"inLanguage\":\"tr\",\"@id\":\"https:\/\/narteks.net\/index.php\/2009\/04\/14\/siir-yasami-cepecevre-saran-bir-butunselliktir-can-yucel-biyografisi\/#primaryimage\",\"url\":\"http:\/\/upload.wikimedia.org\/wikipedia\/tr\/6\/6d\/Canyucel.jpg\",\"contentUrl\":\"http:\/\/upload.wikimedia.org\/wikipedia\/tr\/6\/6d\/Canyucel.jpg\"},{\"@type\":\"BreadcrumbList\",\"@id\":\"https:\/\/narteks.net\/index.php\/2009\/04\/14\/siir-yasami-cepecevre-saran-bir-butunselliktir-can-yucel-biyografisi\/#breadcrumb\",\"itemListElement\":[{\"@type\":\"ListItem\",\"position\":1,\"name\":\"Anasayfa\",\"item\":\"https:\/\/narteks.net\/\"},{\"@type\":\"ListItem\",\"position\":2,\"name\":\"\u015eiir ya\u015fam\u0131 \u00e7epe\u00e7evre saran bir b\u00fct\u00fcnselliktir | Can Y\u00fccel Biyografisi\"}]},{\"@type\":\"WebSite\",\"@id\":\"https:\/\/narteks.net\/#website\",\"url\":\"https:\/\/narteks.net\/\",\"name\":\"narteks.net\",\"description\":\"K\u00fclt\u00fcr Sanat Edebiyat Felsefe\",\"publisher\":{\"@id\":\"https:\/\/narteks.net\/#organization\"},\"alternateName\":\"K\u00fclt\u00fcr Sanat Edebiyat Felsefe\",\"potentialAction\":[{\"@type\":\"SearchAction\",\"target\":{\"@type\":\"EntryPoint\",\"urlTemplate\":\"https:\/\/narteks.net\/?s={search_term_string}\"},\"query-input\":{\"@type\":\"PropertyValueSpecification\",\"valueRequired\":true,\"valueName\":\"search_term_string\"}}],\"inLanguage\":\"tr\"},{\"@type\":\"Organization\",\"@id\":\"https:\/\/narteks.net\/#organization\",\"name\":\"narteks.net\",\"url\":\"https:\/\/narteks.net\/\",\"logo\":{\"@type\":\"ImageObject\",\"inLanguage\":\"tr\",\"@id\":\"https:\/\/narteks.net\/#\/schema\/logo\/image\/\",\"url\":\"https:\/\/narteks.net\/wp-content\/uploads\/narteks.png\",\"contentUrl\":\"https:\/\/narteks.net\/wp-content\/uploads\/narteks.png\",\"width\":300,\"height\":90,\"caption\":\"narteks.net\"},\"image\":{\"@id\":\"https:\/\/narteks.net\/#\/schema\/logo\/image\/\"},\"sameAs\":[\"https:\/\/x.com\/narteks\",\"https:\/\/instagram.com\/narteksnet\"]},{\"@type\":\"Person\",\"@id\":\"https:\/\/narteks.net\/#\/schema\/person\/61f37d9834294b72d31d274e7ed79bca\",\"name\":\"Tar\u0131k\",\"image\":{\"@type\":\"ImageObject\",\"inLanguage\":\"tr\",\"@id\":\"https:\/\/narteks.net\/#\/schema\/person\/image\/\",\"url\":\"https:\/\/secure.gravatar.com\/avatar\/50865afb55632c4ae467e0af0930f6510aa2297d8014be502a55b14f3b7550cf?s=96&d=mm&r=g\",\"contentUrl\":\"https:\/\/secure.gravatar.com\/avatar\/50865afb55632c4ae467e0af0930f6510aa2297d8014be502a55b14f3b7550cf?s=96&d=mm&r=g\",\"caption\":\"Tar\u0131k\"},\"sameAs\":[\"http:\/\/narteks.net\"],\"url\":\"https:\/\/narteks.net\/index.php\/author\/narbak\/\"}]}<\/script>\n<!-- \/ Yoast SEO Premium plugin. -->","yoast_head_json":{"title":"\u015eiir ya\u015fam\u0131 \u00e7epe\u00e7evre saran bir b\u00fct\u00fcnselliktir | Can Y\u00fccel Biyografisi - narteks.net","robots":{"index":"index","follow":"follow","max-snippet":"max-snippet:-1","max-image-preview":"max-image-preview:large","max-video-preview":"max-video-preview:-1"},"canonical":"https:\/\/narteks.net\/index.php\/2009\/04\/14\/siir-yasami-cepecevre-saran-bir-butunselliktir-can-yucel-biyografisi\/","og_locale":"tr_TR","og_type":"article","og_title":"\u015eiir ya\u015fam\u0131 \u00e7epe\u00e7evre saran bir b\u00fct\u00fcnselliktir | Can Y\u00fccel Biyografisi","og_description":"Can Y\u00fccel (1926 &#8211; 12 A\u011fustos 1999) \u015eair, yazar, felsefe hocas\u0131, milletvekili, konservatuar ve k\u00f6y enstit\u00fclerinin kurucusu Hasan Ali Y\u00fccel&#8217;in o\u011flu Can Y\u00fccel, 1926&#8217;da \u0130stanbul&#8217;da d\u00fcnyaya geldi. Ankara ve Cambridge \u00fcniversitelerinde Latince ve Yunanca okudu. 1950 &#8216;de yurda geri d\u00f6nd\u00fc ve ayn\u0131 y\u0131l babas\u0131n\u0131n \u00f6nerisi ve deste\u011fi ile ilk kitab\u0131 &#8221;yazma&#8221;y\u0131 \u00e7\u0131kartt\u0131. 1956 y\u0131l\u0131nda G\u00fcler [&hellip;]","og_url":"https:\/\/narteks.net\/index.php\/2009\/04\/14\/siir-yasami-cepecevre-saran-bir-butunselliktir-can-yucel-biyografisi\/","og_site_name":"narteks.net","article_published_time":"2009-04-14T08:40:55+00:00","og_image":[{"url":"http:\/\/upload.wikimedia.org\/wikipedia\/tr\/6\/6d\/Canyucel.jpg","type":"","width":"","height":""}],"author":"Tar\u0131k","twitter_card":"summary_large_image","twitter_creator":"@narteks","twitter_site":"@narteks","twitter_misc":{"Yazan:":"Tar\u0131k","Tahmini okuma s\u00fcresi":"8 dakika"},"schema":{"@context":"https:\/\/schema.org","@graph":[{"@type":"Article","@id":"https:\/\/narteks.net\/index.php\/2009\/04\/14\/siir-yasami-cepecevre-saran-bir-butunselliktir-can-yucel-biyografisi\/#article","isPartOf":{"@id":"https:\/\/narteks.net\/index.php\/2009\/04\/14\/siir-yasami-cepecevre-saran-bir-butunselliktir-can-yucel-biyografisi\/"},"author":{"name":"Tar\u0131k","@id":"https:\/\/narteks.net\/#\/schema\/person\/61f37d9834294b72d31d274e7ed79bca"},"headline":"\u015eiir ya\u015fam\u0131 \u00e7epe\u00e7evre saran bir b\u00fct\u00fcnselliktir | Can Y\u00fccel Biyografisi","datePublished":"2009-04-14T08:40:55+00:00","mainEntityOfPage":{"@id":"https:\/\/narteks.net\/index.php\/2009\/04\/14\/siir-yasami-cepecevre-saran-bir-butunselliktir-can-yucel-biyografisi\/"},"wordCount":1668,"commentCount":0,"publisher":{"@id":"https:\/\/narteks.net\/#organization"},"image":{"@id":"https:\/\/narteks.net\/index.php\/2009\/04\/14\/siir-yasami-cepecevre-saran-bir-butunselliktir-can-yucel-biyografisi\/#primaryimage"},"thumbnailUrl":"http:\/\/upload.wikimedia.org\/wikipedia\/tr\/6\/6d\/Canyucel.jpg","articleSection":["Can Y\u00dcCEL"],"inLanguage":"tr","potentialAction":[{"@type":"CommentAction","name":"Comment","target":["https:\/\/narteks.net\/index.php\/2009\/04\/14\/siir-yasami-cepecevre-saran-bir-butunselliktir-can-yucel-biyografisi\/#respond"]}]},{"@type":"WebPage","@id":"https:\/\/narteks.net\/index.php\/2009\/04\/14\/siir-yasami-cepecevre-saran-bir-butunselliktir-can-yucel-biyografisi\/","url":"https:\/\/narteks.net\/index.php\/2009\/04\/14\/siir-yasami-cepecevre-saran-bir-butunselliktir-can-yucel-biyografisi\/","name":"\u015eiir ya\u015fam\u0131 \u00e7epe\u00e7evre saran bir b\u00fct\u00fcnselliktir | Can Y\u00fccel Biyografisi - narteks.net","isPartOf":{"@id":"https:\/\/narteks.net\/#website"},"primaryImageOfPage":{"@id":"https:\/\/narteks.net\/index.php\/2009\/04\/14\/siir-yasami-cepecevre-saran-bir-butunselliktir-can-yucel-biyografisi\/#primaryimage"},"image":{"@id":"https:\/\/narteks.net\/index.php\/2009\/04\/14\/siir-yasami-cepecevre-saran-bir-butunselliktir-can-yucel-biyografisi\/#primaryimage"},"thumbnailUrl":"http:\/\/upload.wikimedia.org\/wikipedia\/tr\/6\/6d\/Canyucel.jpg","datePublished":"2009-04-14T08:40:55+00:00","breadcrumb":{"@id":"https:\/\/narteks.net\/index.php\/2009\/04\/14\/siir-yasami-cepecevre-saran-bir-butunselliktir-can-yucel-biyografisi\/#breadcrumb"},"inLanguage":"tr","potentialAction":[{"@type":"ReadAction","target":["https:\/\/narteks.net\/index.php\/2009\/04\/14\/siir-yasami-cepecevre-saran-bir-butunselliktir-can-yucel-biyografisi\/"]}]},{"@type":"ImageObject","inLanguage":"tr","@id":"https:\/\/narteks.net\/index.php\/2009\/04\/14\/siir-yasami-cepecevre-saran-bir-butunselliktir-can-yucel-biyografisi\/#primaryimage","url":"http:\/\/upload.wikimedia.org\/wikipedia\/tr\/6\/6d\/Canyucel.jpg","contentUrl":"http:\/\/upload.wikimedia.org\/wikipedia\/tr\/6\/6d\/Canyucel.jpg"},{"@type":"BreadcrumbList","@id":"https:\/\/narteks.net\/index.php\/2009\/04\/14\/siir-yasami-cepecevre-saran-bir-butunselliktir-can-yucel-biyografisi\/#breadcrumb","itemListElement":[{"@type":"ListItem","position":1,"name":"Anasayfa","item":"https:\/\/narteks.net\/"},{"@type":"ListItem","position":2,"name":"\u015eiir ya\u015fam\u0131 \u00e7epe\u00e7evre saran bir b\u00fct\u00fcnselliktir | Can Y\u00fccel Biyografisi"}]},{"@type":"WebSite","@id":"https:\/\/narteks.net\/#website","url":"https:\/\/narteks.net\/","name":"narteks.net","description":"K\u00fclt\u00fcr Sanat Edebiyat Felsefe","publisher":{"@id":"https:\/\/narteks.net\/#organization"},"alternateName":"K\u00fclt\u00fcr Sanat Edebiyat Felsefe","potentialAction":[{"@type":"SearchAction","target":{"@type":"EntryPoint","urlTemplate":"https:\/\/narteks.net\/?s={search_term_string}"},"query-input":{"@type":"PropertyValueSpecification","valueRequired":true,"valueName":"search_term_string"}}],"inLanguage":"tr"},{"@type":"Organization","@id":"https:\/\/narteks.net\/#organization","name":"narteks.net","url":"https:\/\/narteks.net\/","logo":{"@type":"ImageObject","inLanguage":"tr","@id":"https:\/\/narteks.net\/#\/schema\/logo\/image\/","url":"https:\/\/narteks.net\/wp-content\/uploads\/narteks.png","contentUrl":"https:\/\/narteks.net\/wp-content\/uploads\/narteks.png","width":300,"height":90,"caption":"narteks.net"},"image":{"@id":"https:\/\/narteks.net\/#\/schema\/logo\/image\/"},"sameAs":["https:\/\/x.com\/narteks","https:\/\/instagram.com\/narteksnet"]},{"@type":"Person","@id":"https:\/\/narteks.net\/#\/schema\/person\/61f37d9834294b72d31d274e7ed79bca","name":"Tar\u0131k","image":{"@type":"ImageObject","inLanguage":"tr","@id":"https:\/\/narteks.net\/#\/schema\/person\/image\/","url":"https:\/\/secure.gravatar.com\/avatar\/50865afb55632c4ae467e0af0930f6510aa2297d8014be502a55b14f3b7550cf?s=96&d=mm&r=g","contentUrl":"https:\/\/secure.gravatar.com\/avatar\/50865afb55632c4ae467e0af0930f6510aa2297d8014be502a55b14f3b7550cf?s=96&d=mm&r=g","caption":"Tar\u0131k"},"sameAs":["http:\/\/narteks.net"],"url":"https:\/\/narteks.net\/index.php\/author\/narbak\/"}]}},"_links":{"self":[{"href":"https:\/\/narteks.net\/index.php\/wp-json\/wp\/v2\/posts\/594","targetHints":{"allow":["GET"]}}],"collection":[{"href":"https:\/\/narteks.net\/index.php\/wp-json\/wp\/v2\/posts"}],"about":[{"href":"https:\/\/narteks.net\/index.php\/wp-json\/wp\/v2\/types\/post"}],"author":[{"embeddable":true,"href":"https:\/\/narteks.net\/index.php\/wp-json\/wp\/v2\/users\/1"}],"replies":[{"embeddable":true,"href":"https:\/\/narteks.net\/index.php\/wp-json\/wp\/v2\/comments?post=594"}],"version-history":[{"count":0,"href":"https:\/\/narteks.net\/index.php\/wp-json\/wp\/v2\/posts\/594\/revisions"}],"wp:attachment":[{"href":"https:\/\/narteks.net\/index.php\/wp-json\/wp\/v2\/media?parent=594"}],"wp:term":[{"taxonomy":"category","embeddable":true,"href":"https:\/\/narteks.net\/index.php\/wp-json\/wp\/v2\/categories?post=594"},{"taxonomy":"post_tag","embeddable":true,"href":"https:\/\/narteks.net\/index.php\/wp-json\/wp\/v2\/tags?post=594"}],"curies":[{"name":"wp","href":"https:\/\/api.w.org\/{rel}","templated":true}]}}