{"id":5940,"date":"2011-05-24T21:04:45","date_gmt":"2011-05-24T18:04:45","guid":{"rendered":"http:\/\/localhost\/wordpress\/2011\/05\/24\/ucuncu-sarki\/"},"modified":"2011-05-24T21:04:45","modified_gmt":"2011-05-24T18:04:45","slug":"ucuncu-sarki","status":"publish","type":"post","link":"https:\/\/narteks.net\/index.php\/2011\/05\/24\/ucuncu-sarki\/","title":{"rendered":"\u00dc\u00c7\u00dcNC\u00dc \u015eARKI"},"content":{"rendered":"<p>\u00a0<\/p>\n<p>Siz de benim gibi,<br \/>G\u00fcnleri<br \/>Sevgiyle isteyerek<br \/>De\u011fil de, takvimden yaprak kopar\u0131r gibi ger\u00e7ek<br \/>Bir s\u0131k\u0131nt\u0131 ve nefretle ya\u015fad\u0131n\u0131zsa, Ankara g\u00fcne\u015fi sizin de<br \/>Uyu\u015fturmu\u015fsa beyninizi. Ata&#8217;n\u0131n izinde<br \/>Gitmekten ba\u015fka bir kavram\u0131 olmayan<br \/>Cumhuriyet \u00e7ocugu olarak yayan,<br \/>Pis pis gezdinizse (o s\u0131ralarda ad\u0131 Opera Meydan\u0131 olan)<br \/>Hergele Meydan\u0131&#8217;nda bu sar\u0131 ve tozlu alan<br \/>\u0130\u011frendirmediyse sizi,<br \/>Bir ta\u015fra \u00e7ocugu s\u0131fat\u0131yla \u00f6zlemeyi bilmiyorsan\u0131z denizi,<br \/>Kaybettiniz (benim gibi)<br \/>Oysa,<br \/>Ayn\u0131 Hergele Meydan\u0131&#8217;nda<br \/>G\u00f6lgede on be\u015f, g\u00fcne\u015fte yedi bu\u00e7uga t\u0131ra\u015f eden<br \/>Berberleri g\u00f6rmeden<br \/>Yaln\u0131z renkli yan\u0131n\u0131 ya\u015fad\u0131ysan\u0131z hayat\u0131n<br \/>Ve hergele ve beygir oldu\u011funu duymad\u0131ysan\u0131z at\u0131n<br \/>Sakal\u0131 uzam\u0131\u015f seyyar sat\u0131c\u0131lara kese ka\u011f\u0131d\u0131 satmad\u0131n\u0131zsa,<br \/>\u0130\u00e7inde a\u00fct ve salebin olmad\u0131\u011f\u0131 &#8216;donduma kaymak&#8217;tan tatmad\u0131n\u0131zsa<br \/>(Ayn\u0131 Hergele Meydan&#8217;\u0131nda)<br \/>Kazand\u0131n\u0131z. (Kimse yoktu -\u00e7irkinlikten ba\u015fka- Selim&#8217;in yan\u0131nda)<br \/>En baya\u011f\u0131 ve en m\u00fcstehcen<br \/>(Fakat fiyat\u0131 ehven)<br \/>Romanlar\u0131 kiralamak i\u00e7ingecesi be\u015f kuru\u015fa<br \/>Samanpazar\u0131&#8217;na \u00e7\u0131kan yoku\u015fa<br \/>De\u011filde sa\u011fa sap\u0131n. Etiler&#8217;in at oynatm\u0131\u015f oldugu Ankara&#8217;da<br \/>Hamallar\u0131n gitti\u011fi S\u00fcmer sinemas\u0131yla ayn\u0131 s\u0131rada,<br \/>Pardayan, Pitigrilli ve Fantoma<br \/>Ve Hayber Kalesi ve Tahir ile Z\u00fchre bir arada<br \/>Y\u0131\u011f\u0131lm\u0131\u015f bir tezgah\u0131n \u00fczerine. &#8216;Geceleri Okumay\u0131n\u0131z&#8217;<br \/>Orhan \u00c7ak\u0131ro\u011flu&#8217;nun maceralar\u0131n\u0131.<br \/>Selim I\u015f\u0131k, d\u00fcn\u00fc bug\u00fcn\u00fc yar\u0131n\u0131<br \/>\u0130\u015fte bu ortam i\u00e7inde \u00f6ld\u00fcrd\u00fc.<br \/>Eksiklik duygusunun ac\u0131s\u0131yla g\u00fcld\u00fcrd\u00fc.<br \/>Ucuz d\u00fc\u015f\u00fcncelerindeki ucuz d\u00fczen, ucuz romanlar\u0131n ucuz ya\u015fant\u0131s\u0131<br \/>Ucuz huysuzluklar\u0131n ucuz saplant\u0131s\u0131<br \/>Ucuz ucuz ucuz ucuzdu.<br \/>Dalg\u0131n, sinirli, suskun huysuzdu.<\/p>\n<p>Alt\u0131m\u0131zda kalabal\u0131k bir aile otururdu.<br \/>Masas\u0131n\u0131n \u00fczerinde bir kuru kafa dururdu,<br \/>Ortanca o\u011fullar\u0131 t\u0131p talebesi Saffet&#8217;in<br \/>(S\u0131r\u0131tan kabustu benim i\u00e7in.)<br \/>Ne olur \u015fu kuru kafay\u0131 kald\u0131r\u0131n\u0131z<br \/>Beni korkutmaya yok hakk\u0131n\u0131z<br \/>Herkes doktor olamaz ki,<br \/>Siz bana iyisi mi<br \/>Naz\u0131m&#8217;dan \u015fiirler okuyun.<br \/>Hani \u015fu &#8216;Culus-u Humayun&#8217;<br \/>Diye s\u00f6zlerini pek anlamad\u0131\u011f\u0131m<br \/>Fakat m\u0131sralar\u0131n\u0131n sesini sevdigim \u015fiir,<br \/>Bir de &#8216;\u00d6l\u00fcme Dair&#8217;<br \/>Sonra da Liszt&#8217;in \u0130kinci Macar Kampanas\u0131n\u0131<br \/>Ve Puccini&#8217;nin Tosca Operas\u0131n\u0131<br \/>(Can\u0131m, mandolinle \u00e7ald\u0131g\u0131m arya)<br \/>\u00c7alars\u0131n\u0131z gramafonda.<\/p>\n<p>Bir yumu\u015fama gelir y\u00fcz\u00fcne<br \/>Kafatas\u0131 durur gene<br \/>(Fakat bir t\u00fclbentle \u00f6rt\u00fcl\u00fc)<br \/>Caruso&#8217;nun eski plakta h\u0131r\u0131lt\u0131l\u0131 sesi duyulur yaln\u0131z<br \/>Sonra t\u0131p talebesiyle kur\u015fun asker oynar\u0131z.<\/p>\n<p>Cranium fibula radius<br \/>Sacrum patella carpus<br \/>Nas\u0131l ezberlenir Allah\u0131m<br \/>Arap\u00e7a dua eden insan\u0131n Latince kemikleri?<br \/>Saffet kulun anatomiden \u00e7akt\u0131,<br \/>Selim kulunla oynamay\u0131 b\u0131rakt\u0131.<br \/>Alt katta bir kirac\u0131 daha: Ecmel Karaka\u015f<br \/>Ve gar\u0131 me\u015fru kar\u0131s\u0131 (yava\u015f<br \/>S\u00f6yle duymas\u0131nlar) . Bana y\u00fcz vermiyor bah\u00e7ede g\u00fczel k\u0131z\u0131<br \/>(Oysa bah\u00e7ede ge\u00e7irdim b\u00fct\u00fcn yaz\u0131)<br \/>Dut a\u011fac\u0131na \u00e7\u0131k\u0131yor benden ka\u00e7arak,<br \/>&#8216;Sen de arkas\u0131ndan \u00e7\u0131ksana ahmak! &#8216;<br \/>Daha daha: p\u0131s\u0131r\u0131k, beceriksiz, korkak.<\/p>\n<p>En \u00fcst katta, karr\u015f\u0131m\u0131zda, Airf Beyin refikas\u0131<br \/>Laima Han\u0131m ut \u00e7alard\u0131 (Sarahaten acaba s\u00f6ylesem dar\u0131lmaz m\u0131?)<br \/>\u0130ster ta\u015frada ister \u0130stanbul&#8217;da olsun<br \/>\u0130ster burnunuza mangal duman\u0131 dolsun<br \/>\u0130ster merdiven sahanl\u0131klar\u0131n\u0131zda<br \/>Kalorifer dairesinden gelen linyit kokusu,<br \/>Hepsinden daha kuvvetli ve etkilidir dokusu<br \/>\u0130\u00e7inize i\u015fleyen &#8216;alaturka&#8217;n\u0131n. K\u00fc\u00e7\u00fck ya\u015fta i\u00e7irilir yava\u015f\u00e7a<br \/>Derinin alt\u0131na (\u00e7i\u00e7ek a\u015f\u0131s\u0131 gibi) . Arkada\u015f\u00e7a<br \/>Sokulur ok\u015fayarak,<br \/>&#8216;Sine-i suzan\u0131m\u0131&#8217; eder helak<br \/>Pek tesiri duyulmasada g\u00fcnd\u00fcz<br \/>(\u00e7\u00fcnk\u00fc o saatlerde ya kahvede vakit \u00f6ld\u00fcr\u00fcr\u00fcz,<br \/>Ya da paydos zilini bekleriz dairede)<br \/>Saat be\u015f oldu mu, bin alt\u0131 y\u00fcz k\u0131rk sekiz metrede<br \/>Ve bilmem ka\u00e7 kilos\u0131klda ba\u015flad\u0131 m\u0131 yay\u0131na T\u00fcrkiye Postalar\u0131,<\/p>\n<p>Yata\u011f\u0131nda zevkle inletir hastalar\u0131<br \/>Hemen fas\u0131l heyeti,<br \/>Duyulur d\u00f6rt bucag\u0131nda yurdun. Ak\u015fam n\u00f6beti<br \/>Tutan s\u0131nrdaki erden,<br \/>\u0130ki kere mars oldu \u00fcst\u00fcste diye, terden<br \/>Pantolonu iskemleye yap\u0131\u015fan pi\u015fpirik \u0130smail&#8217;e kadar<br \/>Herkesin cigerine mikroplu havayla birlikte dolar.<\/p>\n<p>S\u0131rt\u0131 hafif kamburla\u015fm\u0131\u015f ve dar g\u00f6\u011f\u00fcsl\u00fc<br \/>Tamburlardan yava\u015f\u00e7a yay\u0131l\u0131r havaya, ak\u015fam\u00fcst\u00fc.<br \/>Efendiyi ve u\u015fag\u0131 birlikte mesteden<br \/>Makamdan makama ve besteden<br \/>Besteye ge\u00e7erekten<br \/>&#8216;Tek tek ataraktan bade s\u00fczerekten&#8217;<br \/>&#8216;\u00c7\u0131kmam Allah etmesin meyhaneden&#8217;<br \/>\u00c7\u0131kmam korkusuyla alaturkas\u0131yla beni kahreden<br \/>\u0130\u00e7ki Evinden, \u00f6lmeden \u00f6nce.<br \/>Bence<br \/>Alyuvar, akyuvar, bir de alaturkadan m\u00fcrekkeptir kan\u0131m\u0131z&#8217;<br \/>Dinlerken s\u0131k\u0131lsada can\u0131m\u0131z,<br \/>Nas\u0131l bir\u015feydir (acaba g\u00fczel midir?)<br \/>Kim bilir.<\/p>\n<p>Benim kan\u0131ma giren ba\u015fka bir sanat:<br \/>Dar\u00fclbedayi&#8217;de tuluat.<br \/>(Ta\u015f\u0131r\u0131m bug\u00fcne izlerini.)<br \/>Annem, \u00f6l\u00fc do\u011furduktan sonra ikizlerini,<br \/>Bana gebe kald\u0131g\u0131n\u0131n yedinci ay\u0131nda,<br \/>Tepeba\u015f\u0131&#8217;nda, tiyaronun sala\u015f saray\u0131nda<br \/>(Dar\u00fclbedayi&#8217;de) Haz\u0131m&#8217;\u0131n &#8216;L\u00fck\u00fcs Hayat&#8217; oyunuda,<br \/>O kadar g\u00fclm\u00fc\u015f, o kadar g\u00fclm\u00fc\u015f ki, sonuda<br \/>Korkmu\u015f, bir\u015fey olacak diye karn\u0131ndaki Selim.<br \/>Oysa Selim, bildiginiz gibi, elim<br \/>Olmak isterken g\u00fcl\u00fcn\u00e7 oldu bu sayede<br \/>B\u00fcy\u00fck bir inhiraf oldu gayede.<\/p>\n<p>O\u011fuz ATAY<\/p>\n","protected":false},"excerpt":{"rendered":"<p>\u00a0 Siz de benim gibi,G\u00fcnleriSevgiyle isteyerekDe\u011fil de, takvimden yaprak kopar\u0131r gibi ger\u00e7ekBir s\u0131k\u0131nt\u0131 ve nefretle ya\u015fad\u0131n\u0131zsa, Ankara g\u00fcne\u015fi sizin deUyu\u015fturmu\u015fsa beyninizi. Ata&#8217;n\u0131n izindeGitmekten ba\u015fka bir kavram\u0131 olmayanCumhuriyet \u00e7ocugu olarak yayan,Pis pis gezdinizse (o s\u0131ralarda ad\u0131 Opera Meydan\u0131 olan)Hergele Meydan\u0131&#8217;nda bu sar\u0131 ve tozlu alan\u0130\u011frendirmediyse sizi,Bir ta\u015fra \u00e7ocugu s\u0131fat\u0131yla \u00f6zlemeyi bilmiyorsan\u0131z denizi,Kaybettiniz (benim gibi)Oysa,Ayn\u0131 Hergele Meydan\u0131&#8217;ndaG\u00f6lgede [&hellip;]<\/p>\n","protected":false},"author":1,"featured_media":0,"comment_status":"open","ping_status":"open","sticky":false,"template":"","format":"standard","meta":{"footnotes":""},"categories":[187],"tags":[],"class_list":{"0":"post-5940","1":"post","2":"type-post","3":"status-publish","4":"format-standard","6":"category-oguz-atay"},"yoast_head":"<!-- This site is optimized with the Yoast SEO Premium plugin v24.9 (Yoast SEO v24.9) - https:\/\/yoast.com\/wordpress\/plugins\/seo\/ -->\n<title>\u00dc\u00c7\u00dcNC\u00dc \u015eARKI - narteks.net<\/title>\n<meta name=\"robots\" content=\"index, follow, max-snippet:-1, max-image-preview:large, max-video-preview:-1\" \/>\n<link rel=\"canonical\" href=\"https:\/\/narteks.net\/index.php\/2011\/05\/24\/ucuncu-sarki\/\" \/>\n<meta property=\"og:locale\" content=\"tr_TR\" \/>\n<meta property=\"og:type\" content=\"article\" \/>\n<meta property=\"og:title\" content=\"\u00dc\u00c7\u00dcNC\u00dc \u015eARKI\" \/>\n<meta property=\"og:description\" content=\"\u00a0 Siz de benim gibi,G\u00fcnleriSevgiyle isteyerekDe\u011fil de, takvimden yaprak kopar\u0131r gibi ger\u00e7ekBir s\u0131k\u0131nt\u0131 ve nefretle ya\u015fad\u0131n\u0131zsa, Ankara g\u00fcne\u015fi sizin deUyu\u015fturmu\u015fsa beyninizi. Ata&#8217;n\u0131n izindeGitmekten ba\u015fka bir kavram\u0131 olmayanCumhuriyet \u00e7ocugu olarak yayan,Pis pis gezdinizse (o s\u0131ralarda ad\u0131 Opera Meydan\u0131 olan)Hergele Meydan\u0131&#8217;nda bu sar\u0131 ve tozlu alan\u0130\u011frendirmediyse sizi,Bir ta\u015fra \u00e7ocugu s\u0131fat\u0131yla \u00f6zlemeyi bilmiyorsan\u0131z denizi,Kaybettiniz (benim gibi)Oysa,Ayn\u0131 Hergele Meydan\u0131&#8217;ndaG\u00f6lgede [&hellip;]\" \/>\n<meta property=\"og:url\" content=\"https:\/\/narteks.net\/index.php\/2011\/05\/24\/ucuncu-sarki\/\" \/>\n<meta property=\"og:site_name\" content=\"narteks.net\" \/>\n<meta property=\"article:published_time\" content=\"2011-05-24T18:04:45+00:00\" \/>\n<meta property=\"og:image\" content=\"https:\/\/narteks.net\/wp-content\/uploads\/narteks.png\" \/>\n\t<meta property=\"og:image:width\" content=\"300\" \/>\n\t<meta property=\"og:image:height\" content=\"90\" \/>\n\t<meta property=\"og:image:type\" content=\"image\/png\" \/>\n<meta name=\"author\" content=\"Tar\u0131k\" \/>\n<meta name=\"twitter:card\" content=\"summary_large_image\" \/>\n<meta name=\"twitter:creator\" content=\"@narteks\" \/>\n<meta name=\"twitter:site\" content=\"@narteks\" \/>\n<meta name=\"twitter:label1\" content=\"Yazan:\" \/>\n\t<meta name=\"twitter:data1\" content=\"Tar\u0131k\" \/>\n\t<meta name=\"twitter:label2\" content=\"Tahmini okuma s\u00fcresi\" \/>\n\t<meta name=\"twitter:data2\" content=\"4 dakika\" \/>\n<script type=\"application\/ld+json\" class=\"yoast-schema-graph\">{\"@context\":\"https:\/\/schema.org\",\"@graph\":[{\"@type\":\"Article\",\"@id\":\"https:\/\/narteks.net\/index.php\/2011\/05\/24\/ucuncu-sarki\/#article\",\"isPartOf\":{\"@id\":\"https:\/\/narteks.net\/index.php\/2011\/05\/24\/ucuncu-sarki\/\"},\"author\":{\"name\":\"Tar\u0131k\",\"@id\":\"https:\/\/narteks.net\/#\/schema\/person\/61f37d9834294b72d31d274e7ed79bca\"},\"headline\":\"\u00dc\u00c7\u00dcNC\u00dc \u015eARKI\",\"datePublished\":\"2011-05-24T18:04:45+00:00\",\"mainEntityOfPage\":{\"@id\":\"https:\/\/narteks.net\/index.php\/2011\/05\/24\/ucuncu-sarki\/\"},\"wordCount\":820,\"commentCount\":0,\"publisher\":{\"@id\":\"https:\/\/narteks.net\/#organization\"},\"articleSection\":[\"O\u011fuz ATAY\"],\"inLanguage\":\"tr\",\"potentialAction\":[{\"@type\":\"CommentAction\",\"name\":\"Comment\",\"target\":[\"https:\/\/narteks.net\/index.php\/2011\/05\/24\/ucuncu-sarki\/#respond\"]}]},{\"@type\":\"WebPage\",\"@id\":\"https:\/\/narteks.net\/index.php\/2011\/05\/24\/ucuncu-sarki\/\",\"url\":\"https:\/\/narteks.net\/index.php\/2011\/05\/24\/ucuncu-sarki\/\",\"name\":\"\u00dc\u00c7\u00dcNC\u00dc \u015eARKI - narteks.net\",\"isPartOf\":{\"@id\":\"https:\/\/narteks.net\/#website\"},\"datePublished\":\"2011-05-24T18:04:45+00:00\",\"breadcrumb\":{\"@id\":\"https:\/\/narteks.net\/index.php\/2011\/05\/24\/ucuncu-sarki\/#breadcrumb\"},\"inLanguage\":\"tr\",\"potentialAction\":[{\"@type\":\"ReadAction\",\"target\":[\"https:\/\/narteks.net\/index.php\/2011\/05\/24\/ucuncu-sarki\/\"]}]},{\"@type\":\"BreadcrumbList\",\"@id\":\"https:\/\/narteks.net\/index.php\/2011\/05\/24\/ucuncu-sarki\/#breadcrumb\",\"itemListElement\":[{\"@type\":\"ListItem\",\"position\":1,\"name\":\"Anasayfa\",\"item\":\"https:\/\/narteks.net\/\"},{\"@type\":\"ListItem\",\"position\":2,\"name\":\"\u00dc\u00c7\u00dcNC\u00dc \u015eARKI\"}]},{\"@type\":\"WebSite\",\"@id\":\"https:\/\/narteks.net\/#website\",\"url\":\"https:\/\/narteks.net\/\",\"name\":\"narteks.net\",\"description\":\"K\u00fclt\u00fcr Sanat Edebiyat Felsefe\",\"publisher\":{\"@id\":\"https:\/\/narteks.net\/#organization\"},\"alternateName\":\"K\u00fclt\u00fcr Sanat Edebiyat Felsefe\",\"potentialAction\":[{\"@type\":\"SearchAction\",\"target\":{\"@type\":\"EntryPoint\",\"urlTemplate\":\"https:\/\/narteks.net\/?s={search_term_string}\"},\"query-input\":{\"@type\":\"PropertyValueSpecification\",\"valueRequired\":true,\"valueName\":\"search_term_string\"}}],\"inLanguage\":\"tr\"},{\"@type\":\"Organization\",\"@id\":\"https:\/\/narteks.net\/#organization\",\"name\":\"narteks.net\",\"url\":\"https:\/\/narteks.net\/\",\"logo\":{\"@type\":\"ImageObject\",\"inLanguage\":\"tr\",\"@id\":\"https:\/\/narteks.net\/#\/schema\/logo\/image\/\",\"url\":\"https:\/\/narteks.net\/wp-content\/uploads\/narteks.png\",\"contentUrl\":\"https:\/\/narteks.net\/wp-content\/uploads\/narteks.png\",\"width\":300,\"height\":90,\"caption\":\"narteks.net\"},\"image\":{\"@id\":\"https:\/\/narteks.net\/#\/schema\/logo\/image\/\"},\"sameAs\":[\"https:\/\/x.com\/narteks\",\"https:\/\/instagram.com\/narteksnet\"]},{\"@type\":\"Person\",\"@id\":\"https:\/\/narteks.net\/#\/schema\/person\/61f37d9834294b72d31d274e7ed79bca\",\"name\":\"Tar\u0131k\",\"image\":{\"@type\":\"ImageObject\",\"inLanguage\":\"tr\",\"@id\":\"https:\/\/narteks.net\/#\/schema\/person\/image\/\",\"url\":\"https:\/\/secure.gravatar.com\/avatar\/50865afb55632c4ae467e0af0930f6510aa2297d8014be502a55b14f3b7550cf?s=96&d=mm&r=g\",\"contentUrl\":\"https:\/\/secure.gravatar.com\/avatar\/50865afb55632c4ae467e0af0930f6510aa2297d8014be502a55b14f3b7550cf?s=96&d=mm&r=g\",\"caption\":\"Tar\u0131k\"},\"sameAs\":[\"http:\/\/narteks.net\"],\"url\":\"https:\/\/narteks.net\/index.php\/author\/narbak\/\"}]}<\/script>\n<!-- \/ Yoast SEO Premium plugin. -->","yoast_head_json":{"title":"\u00dc\u00c7\u00dcNC\u00dc \u015eARKI - narteks.net","robots":{"index":"index","follow":"follow","max-snippet":"max-snippet:-1","max-image-preview":"max-image-preview:large","max-video-preview":"max-video-preview:-1"},"canonical":"https:\/\/narteks.net\/index.php\/2011\/05\/24\/ucuncu-sarki\/","og_locale":"tr_TR","og_type":"article","og_title":"\u00dc\u00c7\u00dcNC\u00dc \u015eARKI","og_description":"\u00a0 Siz de benim gibi,G\u00fcnleriSevgiyle isteyerekDe\u011fil de, takvimden yaprak kopar\u0131r gibi ger\u00e7ekBir s\u0131k\u0131nt\u0131 ve nefretle ya\u015fad\u0131n\u0131zsa, Ankara g\u00fcne\u015fi sizin deUyu\u015fturmu\u015fsa beyninizi. Ata&#8217;n\u0131n izindeGitmekten ba\u015fka bir kavram\u0131 olmayanCumhuriyet \u00e7ocugu olarak yayan,Pis pis gezdinizse (o s\u0131ralarda ad\u0131 Opera Meydan\u0131 olan)Hergele Meydan\u0131&#8217;nda bu sar\u0131 ve tozlu alan\u0130\u011frendirmediyse sizi,Bir ta\u015fra \u00e7ocugu s\u0131fat\u0131yla \u00f6zlemeyi bilmiyorsan\u0131z denizi,Kaybettiniz (benim gibi)Oysa,Ayn\u0131 Hergele Meydan\u0131&#8217;ndaG\u00f6lgede [&hellip;]","og_url":"https:\/\/narteks.net\/index.php\/2011\/05\/24\/ucuncu-sarki\/","og_site_name":"narteks.net","article_published_time":"2011-05-24T18:04:45+00:00","og_image":[{"width":300,"height":90,"url":"https:\/\/narteks.net\/wp-content\/uploads\/narteks.png","type":"image\/png"}],"author":"Tar\u0131k","twitter_card":"summary_large_image","twitter_creator":"@narteks","twitter_site":"@narteks","twitter_misc":{"Yazan:":"Tar\u0131k","Tahmini okuma s\u00fcresi":"4 dakika"},"schema":{"@context":"https:\/\/schema.org","@graph":[{"@type":"Article","@id":"https:\/\/narteks.net\/index.php\/2011\/05\/24\/ucuncu-sarki\/#article","isPartOf":{"@id":"https:\/\/narteks.net\/index.php\/2011\/05\/24\/ucuncu-sarki\/"},"author":{"name":"Tar\u0131k","@id":"https:\/\/narteks.net\/#\/schema\/person\/61f37d9834294b72d31d274e7ed79bca"},"headline":"\u00dc\u00c7\u00dcNC\u00dc \u015eARKI","datePublished":"2011-05-24T18:04:45+00:00","mainEntityOfPage":{"@id":"https:\/\/narteks.net\/index.php\/2011\/05\/24\/ucuncu-sarki\/"},"wordCount":820,"commentCount":0,"publisher":{"@id":"https:\/\/narteks.net\/#organization"},"articleSection":["O\u011fuz ATAY"],"inLanguage":"tr","potentialAction":[{"@type":"CommentAction","name":"Comment","target":["https:\/\/narteks.net\/index.php\/2011\/05\/24\/ucuncu-sarki\/#respond"]}]},{"@type":"WebPage","@id":"https:\/\/narteks.net\/index.php\/2011\/05\/24\/ucuncu-sarki\/","url":"https:\/\/narteks.net\/index.php\/2011\/05\/24\/ucuncu-sarki\/","name":"\u00dc\u00c7\u00dcNC\u00dc \u015eARKI - narteks.net","isPartOf":{"@id":"https:\/\/narteks.net\/#website"},"datePublished":"2011-05-24T18:04:45+00:00","breadcrumb":{"@id":"https:\/\/narteks.net\/index.php\/2011\/05\/24\/ucuncu-sarki\/#breadcrumb"},"inLanguage":"tr","potentialAction":[{"@type":"ReadAction","target":["https:\/\/narteks.net\/index.php\/2011\/05\/24\/ucuncu-sarki\/"]}]},{"@type":"BreadcrumbList","@id":"https:\/\/narteks.net\/index.php\/2011\/05\/24\/ucuncu-sarki\/#breadcrumb","itemListElement":[{"@type":"ListItem","position":1,"name":"Anasayfa","item":"https:\/\/narteks.net\/"},{"@type":"ListItem","position":2,"name":"\u00dc\u00c7\u00dcNC\u00dc \u015eARKI"}]},{"@type":"WebSite","@id":"https:\/\/narteks.net\/#website","url":"https:\/\/narteks.net\/","name":"narteks.net","description":"K\u00fclt\u00fcr Sanat Edebiyat Felsefe","publisher":{"@id":"https:\/\/narteks.net\/#organization"},"alternateName":"K\u00fclt\u00fcr Sanat Edebiyat Felsefe","potentialAction":[{"@type":"SearchAction","target":{"@type":"EntryPoint","urlTemplate":"https:\/\/narteks.net\/?s={search_term_string}"},"query-input":{"@type":"PropertyValueSpecification","valueRequired":true,"valueName":"search_term_string"}}],"inLanguage":"tr"},{"@type":"Organization","@id":"https:\/\/narteks.net\/#organization","name":"narteks.net","url":"https:\/\/narteks.net\/","logo":{"@type":"ImageObject","inLanguage":"tr","@id":"https:\/\/narteks.net\/#\/schema\/logo\/image\/","url":"https:\/\/narteks.net\/wp-content\/uploads\/narteks.png","contentUrl":"https:\/\/narteks.net\/wp-content\/uploads\/narteks.png","width":300,"height":90,"caption":"narteks.net"},"image":{"@id":"https:\/\/narteks.net\/#\/schema\/logo\/image\/"},"sameAs":["https:\/\/x.com\/narteks","https:\/\/instagram.com\/narteksnet"]},{"@type":"Person","@id":"https:\/\/narteks.net\/#\/schema\/person\/61f37d9834294b72d31d274e7ed79bca","name":"Tar\u0131k","image":{"@type":"ImageObject","inLanguage":"tr","@id":"https:\/\/narteks.net\/#\/schema\/person\/image\/","url":"https:\/\/secure.gravatar.com\/avatar\/50865afb55632c4ae467e0af0930f6510aa2297d8014be502a55b14f3b7550cf?s=96&d=mm&r=g","contentUrl":"https:\/\/secure.gravatar.com\/avatar\/50865afb55632c4ae467e0af0930f6510aa2297d8014be502a55b14f3b7550cf?s=96&d=mm&r=g","caption":"Tar\u0131k"},"sameAs":["http:\/\/narteks.net"],"url":"https:\/\/narteks.net\/index.php\/author\/narbak\/"}]}},"_links":{"self":[{"href":"https:\/\/narteks.net\/index.php\/wp-json\/wp\/v2\/posts\/5940","targetHints":{"allow":["GET"]}}],"collection":[{"href":"https:\/\/narteks.net\/index.php\/wp-json\/wp\/v2\/posts"}],"about":[{"href":"https:\/\/narteks.net\/index.php\/wp-json\/wp\/v2\/types\/post"}],"author":[{"embeddable":true,"href":"https:\/\/narteks.net\/index.php\/wp-json\/wp\/v2\/users\/1"}],"replies":[{"embeddable":true,"href":"https:\/\/narteks.net\/index.php\/wp-json\/wp\/v2\/comments?post=5940"}],"version-history":[{"count":0,"href":"https:\/\/narteks.net\/index.php\/wp-json\/wp\/v2\/posts\/5940\/revisions"}],"wp:attachment":[{"href":"https:\/\/narteks.net\/index.php\/wp-json\/wp\/v2\/media?parent=5940"}],"wp:term":[{"taxonomy":"category","embeddable":true,"href":"https:\/\/narteks.net\/index.php\/wp-json\/wp\/v2\/categories?post=5940"},{"taxonomy":"post_tag","embeddable":true,"href":"https:\/\/narteks.net\/index.php\/wp-json\/wp\/v2\/tags?post=5940"}],"curies":[{"name":"wp","href":"https:\/\/api.w.org\/{rel}","templated":true}]}}