{"id":5941,"date":"2011-05-24T21:06:00","date_gmt":"2011-05-24T18:06:00","guid":{"rendered":"http:\/\/localhost\/wordpress\/2011\/05\/24\/dorduncu-sarki\/"},"modified":"2011-05-24T21:06:00","modified_gmt":"2011-05-24T18:06:00","slug":"dorduncu-sarki","status":"publish","type":"post","link":"https:\/\/narteks.net\/index.php\/2011\/05\/24\/dorduncu-sarki\/","title":{"rendered":"D\u00d6RD\u00dcNC\u00dc \u015eARKI"},"content":{"rendered":"<p>\u00a0<\/p>\n<p>Bahar\u0131n son g\u00fcnleri; k\u00f6m\u00fcrl\u00fckler aras\u0131nda<br \/>\u00c7ama\u015f\u0131r ipleriyle kesilen<br \/>\u00dc\u00e7 a\u011facl\u0131 bah\u00e7emizin yan\u0131ndaki papatyal\u0131 arsaya biti\u015fik<br \/>Sert kald\u0131r\u0131ml\u0131 ve yoku\u015fu dik<br \/>Yolda, ayakkab\u0131lar\u0131m\u0131n burnunu<br \/>\u00c7arpmamaya \u00e7al\u0131\u015farak sekiyorum.(Becermek m\u00fcmk\u00fcn de\u011fil bunu.)<br \/>Bir sat\u0131c\u0131 e\u015fe\u011finin k\u00fcfeleriyle s\u0131\u011fmad\u0131g\u0131 dar<br \/>Bo\u011faz\u0131 a\u015f\u0131yorum<br \/>Ve servi a\u011fa\u00e7lar\u0131yal kasvet<br \/>Ve daha birtak\u0131m a\u011f\u0131r duygular veren<br \/>K\u00fc\u00e7\u00fck meydana ula\u015f\u0131yorum.<br \/>Burada duvar\u0131 y\u0131k\u0131k<br \/>Bir mezarl\u0131k ve i\u00e7inde bir t\u00fcrbe,<br \/>(Y\u0131llar sonra g\u00f6rd\u00fcg\u00fcm Karacaahmet Mezarl\u0131k Bankas\u0131n\u0131n -t\u00f6vbe de-<br \/>Yan\u0131nda k\u00fc\u00e7\u00fck bir hesap say\u0131l\u0131rd\u0131.)<br \/>T\u00fcrbenin parmakl\u0131klar\u0131na d\u00fc\u011f\u00fcmlenmi\u015f \u00e7aputlar\u0131.<br \/>Sudan \u00e7\u0131kar\u0131lm\u0131\u015f bir \u00f6l\u00fcn\u00fcn parmaklar\u0131na tak\u0131l\u0131<br \/>Yosunlar gibi g\u00f6r\u00fcrd\u00fcm. Ve duvar\u0131n \u00f6n\u00fcndeki kara \u00e7al\u0131,<br \/>Bana \u00f6l\u00fcm\u00fcn ta\u015ftanl\u0131\u011f\u0131n\u0131 anlatan bir hocayd\u0131 kara sakall\u0131.<br \/>\u00c7arp\u0131k mezar ta\u015flar\u0131 aras\u0131nda,<br \/>\u00d6l\u00fclerin besledigi \u00e7imenlerin ortas\u0131nda<br \/>T\u00fcrbedeki ta\u015f tabutlar kadar<br \/>Kay\u0131ts\u0131zsca uzanm\u0131\u015f \u00e7ocuklar.<br \/>(Korkular\u0131 ya\u015flar\u0131 kadar)<\/p>\n<p>Oysa,<br \/>Saffet A\u011fabeylerdeki ortanca hizmet\u00e7i G\u00fcld\u00fcm Abla,<br \/>Anlat\u0131rken ne bi\u00e7imde gidilir cehenneme<br \/>Ve bakarken namaz k\u0131lan anneme<br \/>Bir eksiklik duyard\u0131m \u00f6l\u00fcm\u00fcn icaplar\u0131na dair<br \/>\u0130\u00e7imde. \u015eair<br \/>Ve mimar Cemil Uluer, buru\u015fuk derisi ve di\u015fsiz a\u011fz\u0131yla<br \/>G\u00fcls\u00fcm Abla daher ak\u015fam vaaz\u0131yla<br \/>Korkuturd\u0131 beni. Hayattayken sa\u011f elle burun silmenin<br \/>ve \u00f6ld\u00fckten sonra k\u0131yamette,<br \/>(Cehennemde veya cennette)<br \/>Her k\u0131l\u0131nda bir m\u0131z\u0131ka bulunan Deccal&#8217;in e\u015fe\u011fini bilmenin<br \/>G\u00fcnah oldu\u011funu \u00f6\u011fremi\u015ftim.<br \/>Zavall\u0131 Selim, zavall\u0131 Selim, :<br \/>Kendi kendimi yerdim<br \/>Ne yapmal\u0131, ne yapmal\u0131, diye<br \/>Oysa k\u00fc\u00e7\u00fck hizmet\u00e7ileri Hediye.<br \/>Bo\u015f verip b\u00fct\u00fcn cezalara,<br \/>Hazreti Yusuf&#8217;un kuyuya \u00e7ektigi ezalara,<br \/>Adem&#8217;in bu\u011fday a\u011fac\u0131ndan memnu meyveyi<br \/>Yemesine -yoksa elma a\u011fac\u0131 m\u0131yd\u0131? &#8211;<br \/>K\u0131yamet g\u00fcn\u00fc yanl\u0131\u015fl\u0131kla \u00e7evirince ba\u015f\u0131n\u0131<br \/>M\u0131z\u0131kal\u0131\u0131 e\u015fe\u011fin sesine, nas\u0131l yan\u0131lacag\u0131na, ka\u015f\u0131n\u0131<br \/>Fazla alman\u0131n da ayr\u0131ca g\u00fcnah oldu\u011funa,<br \/>Sa\u011f ellle temizlenen b\u00fct\u00fcn pisliklerin cehennemde<br \/>Bo\u011faz\u0131na doldu\u011funa<br \/>Y\u00fcz\u00fcn\u00fc \u00e7ok y\u0131kayan kad\u0131n\u0131n<br \/>Bu nedenle aln\u0131n\u0131n yaz\u0131s\u0131n\u0131 okuyan kad\u0131n\u0131n<br \/>Ba\u015f\u0131na gelenlere<br \/>Ald\u0131rmazd\u0131. \u015eu kar\u015f\u0131ki apartmandaki Helen&#8217;lere<br \/>Ka\u00e7arak dudaklar\u0131n\u0131 boyard\u0131.<br \/>Benimse \u00e7ok daha ciddi niyetlerim vard\u0131.<\/p>\n<p>T\u00fcrbenin hemen yan\u0131nda, gene dar bir sokakta,<br \/>Kerpi\u00e7 bir evde, fakir arkada\u015f\u0131m Sabri&#8217;yle, s\u0131cakta,<br \/>Ter ve y\u0131kanm\u0131\u015f kilim kokan odas\u0131nda konu\u015fuyoruz.<br \/>Pencereden giren g\u00fcne\u015f sefaleti keskinle\u015ftiriyor.Temmuz<br \/>Ay\u0131n\u0131n bitkinli\u011fi ve \u00f6l\u00fcm korkusu<br \/>Kelimeleri a\u011f\u0131rla\u015ft\u0131r\u0131rken, terimi siliyorum<br \/>Dinsel bir korkuyla. Daha. &#8216;E\u00fcz\u00fc min\u015f\u015feytan\u0131racim&#8217;i bilmiyorum<br \/>Ba\u015flamak i\u00e7in duaya. Sabri bir din adam\u0131n\u0131n yava\u015f<br \/>Hareketlerini taklit ediyor. Bende sayg\u0131l\u0131 bir tela\u015f,<br \/>Namaz surelerini ezberlemekle ge\u00e7iriyoruz<br \/>Bizi \u00f6l\u00fcme yakla\u015ft\u0131ran zaman\u0131. Y\u0131l bin dokuz y\u00fcz k\u0131rk dokuz.<\/p>\n<p>Ankara&#8217;n\u0131n b\u00fct\u00fcn k\u00fc\u00e7\u00fck kubbeli camilerini<br \/>Ve kararm\u0131\u015f kiremitli mescitlerini dola\u015ft\u0131k.&#8217;\u0130nna ateyni<br \/>Kelkevser, Fesalli lirabbike&#8230; h\u00fcvel ebter.&#8217;<br \/>K\u00f6rpe dizlerde derman biter<br \/>Yats\u0131 namaz\u0131nda, yanl\u0131\u015f m\u0131r\u0131ldan\u0131lan kelimeler s\u0131ras\u0131nda<br \/>Palab\u0131y\u0131kl\u0131, sakall\u0131 ve y\u0131rt\u0131k \u00e7orapl\u0131 cemaat aras\u0131nda<br \/>Dini b\u00fct\u00fcn iki T\u00fcrk \u00e7ocu\u011fu yatar kalkar.<br \/>S\u00fcrekli (kendine amans\u0131z.) \u0130lahiler, dualar&#8230;<br \/>Allah\u0131m pe\u015finde<br \/>Yirmi bin fersah. Temmuz g\u00fcne\u015finde, a\u011fustos g\u00fcne\u015finde,<br \/>Kirli \u015fad\u0131rvanlar\u0131n \u00e7amurlu ta\u015flar\u0131na<br \/>Uzat\u0131rlar ayaklar\u0131n\u0131 yaln\u0131z ba\u015flar\u0131na.<br \/>Tozlu ayaklar\u0131 \u00e7amurla\u015ft\u0131ran sular,<br \/>Avu\u00e7 i\u00e7inden bileklere, dirseklere kayar.<br \/>Hangi elimle y\u0131kayacakt\u0131m hangi kulag\u0131m\u0131?<br \/>Ne tarafa d\u00f6necektim &#8216;Selamlasana sa\u011f\u0131n\u0131! &#8216;<br \/>Pabu\u00e7lar\u0131 \u00e7alarlar m\u0131 dersin Sabri?<br \/>Duydun mu gazetedeki haberi<br \/>Pabu\u00e7 h\u0131rs\u0131zlar\u0131na dair?<br \/>&#8216;Haydi Selim, herkesle brlikte \u00e7evir<br \/>Sola ba\u015f\u0131n\u0131.&#8217; Neden Sabri bu ilahiyi \u00f6\u011fretmedi bana?<br \/>Hi\u00e7 olmazsa biraz dudaklar\u0131n\u0131 oynatsana!<br \/>\u015eol cennetin \u0131rmaklar\u0131 akar Allah deyu deyu.<br \/>\u00d6\u011fle namaz\u0131nda g\u00fcne\u015f yakar Allah deyu deyu.<br \/>Ge\u00e7 kat\u0131ld\u0131 bu kervana, Allah\u0131m yak\u0131nd\u0131r sana,<br \/>Bir o yana bir bu yana, bakar Allah deyu deyu.<br \/>Buras\u0131 Allah yap\u0131s\u0131, a\u00e7\u0131ls\u0131n cennet kap\u0131s\u0131,<br \/>Bu imtihansa hepisi \u00e7akar Allah deyu deyu.<br \/>Bu kervanda herkes yaya, rastlanmaz beye, a\u011faya,<br \/>\u0130nsan akl\u0131n\u0131 duaya, takar Allah deyu deyu.<br \/>Dualar ba\u011fl\u0131 topra\u011fa, d\u00fc\u015f\u00fcnce sapl\u0131 bata\u011fa,<br \/>Gene camiden \u00e7\u0131kar soka\u011fa Allah deyu deyu.<\/p>\n<p>Selim I\u015f\u0131k yaz dindar\u0131, yetti ona bu kadar\u0131<br \/>Cemaat k\u0131\u015f\u0131n ne yapar, bilmez art\u0131k o kadar\u0131<br \/>Hac\u0131 Bayram Camisi&#8217;nin \u00e7evresindeki k\u00fc\u00e7\u00fck evlerden birinde.<br \/>Yeni bir r\u00fczgar esti (Olumsuzluk r\u00fczgar\u0131) . Yokluk Tanr\u0131s\u0131n\u0131 emrinde.<br \/>Yeni bir sava\u015fa kat\u0131ld\u0131 b\u00fct\u00fcn kavgalar\u0131n yedek neferi Selim<br \/>(Ben neyim, ne de\u011filim?)<\/p>\n<p>Herkes mutlu ve sorumsuz<br \/>Herkes olumlu, ben olumsuz.<br \/>Ya\u015f\u0131tlar\u0131m art\u0131k uzun pantolon giymenin<br \/>ba\u011f\u0131ms\u0131zl\u0131g\u0131n\u0131 ya\u015farken<br \/>Okulun paydos ziliyle hemen sokaga ta\u015farken<br \/>Y\u0131k\u0131c\u0131 fikirleriyle akl\u0131m\u0131n ince \u00f6rg\u00fcs\u00fcn\u00fc kar\u0131\u015ft\u0131ran<br \/>Otuz \u00fc\u00e7 ya\u015f\u0131nda benimle s\u00f6z yar\u0131\u015ft\u0131ran<br \/>Nihat A\u011fabeyin yan\u0131nda i\u015fim neydi?<br \/>Gene b\u00f6yle y\u0131ld\u0131zl\u0131 ve \u0131l\u0131k bir geceydi<br \/>Karde\u015fim S\u00fcleyman; &#8216;Hi\u00e7, ama hi\u00e7bir\u015fey yapmad\u0131k, &#8216; derken<br \/>Kar\u015f\u0131mda, bardak bardak koyu \u00e7ay ve paket paket ucuz sigara i\u00e7erken<br \/>\u00c7\u0131rp\u0131n\u0131yordum: Dumlup\u0131nar, Sakarya<br \/>\u0130stanbul&#8217;un fethi, Kosova<br \/>Birden ba\u015f\u0131n\u0131 kald\u0131r\u0131p g\u00fcl\u00fcmseyiverdi<br \/>Kara b\u0131y\u0131klar\u0131n\u0131n aras\u0131ndan \u0131\u015f\u0131yan beyaz di\u015fleri<br \/>B\u00fct\u00fcn inan\u00e7lar\u0131m\u0131 eritti.<br \/>Anl\u0131yorsun, bilin\u00e7, inan\u00e7, bug\u00fcn\u00fcn s\u00f6zc\u00fckleri<br \/>O, \u015fuur ve tahripten bahsederdi.<br \/>Bunca T\u00fcrk b\u00fcy\u00fc\u011f\u00fcn\u00fcn -bir kitaba g\u00f6re elli kadard\u0131-<br \/>Kazand\u0131\u011f\u0131 b\u00fct\u00fcn sava\u015flar\u0131 kaybettim orada,<br \/>(Ah\u015fap evin beyaz perdeli odas\u0131nda)<br \/>Ne Moha\u00e7, ne Mercidab\u0131k, ne yeni, ne sab\u0131k<br \/>Zaferlerimiz dayanamad\u0131. Yaln\u0131z kromda ve g\u00fcre\u015fte birinciydik art\u0131k.<br \/>Eski kahramanlklardan ba\u015fka<br \/>\u0130leri s\u00fcrecek neyimiz kalm\u0131\u015ft\u0131 dokuz y\u00fcz k\u0131rk dokuzda.<br \/>Selim I\u015f\u0131k yenilmi\u015fti, bitmi\u015fti.<br \/>Neyse tam o s\u0131rada, Mar\u015fal Amca yeti\u015fti. <\/p>\n<p>O\u011fuz ATAY<\/p>\n","protected":false},"excerpt":{"rendered":"<p>\u00a0 Bahar\u0131n son g\u00fcnleri; k\u00f6m\u00fcrl\u00fckler aras\u0131nda\u00c7ama\u015f\u0131r ipleriyle kesilen\u00dc\u00e7 a\u011facl\u0131 bah\u00e7emizin yan\u0131ndaki papatyal\u0131 arsaya biti\u015fikSert kald\u0131r\u0131ml\u0131 ve yoku\u015fu dikYolda, ayakkab\u0131lar\u0131m\u0131n burnunu\u00c7arpmamaya \u00e7al\u0131\u015farak sekiyorum.(Becermek m\u00fcmk\u00fcn de\u011fil bunu.)Bir sat\u0131c\u0131 e\u015fe\u011finin k\u00fcfeleriyle s\u0131\u011fmad\u0131g\u0131 darBo\u011faz\u0131 a\u015f\u0131yorumVe servi a\u011fa\u00e7lar\u0131yal kasvetVe daha birtak\u0131m a\u011f\u0131r duygular verenK\u00fc\u00e7\u00fck meydana ula\u015f\u0131yorum.Burada duvar\u0131 y\u0131k\u0131kBir mezarl\u0131k ve i\u00e7inde bir t\u00fcrbe,(Y\u0131llar sonra g\u00f6rd\u00fcg\u00fcm Karacaahmet Mezarl\u0131k Bankas\u0131n\u0131n -t\u00f6vbe de-Yan\u0131nda [&hellip;]<\/p>\n","protected":false},"author":1,"featured_media":0,"comment_status":"open","ping_status":"open","sticky":false,"template":"","format":"standard","meta":{"footnotes":""},"categories":[187],"tags":[],"class_list":{"0":"post-5941","1":"post","2":"type-post","3":"status-publish","4":"format-standard","6":"category-oguz-atay"},"yoast_head":"<!-- This site is optimized with the Yoast SEO Premium plugin v24.9 (Yoast SEO v24.9) - https:\/\/yoast.com\/wordpress\/plugins\/seo\/ -->\n<title>D\u00d6RD\u00dcNC\u00dc \u015eARKI - narteks.net<\/title>\n<meta name=\"robots\" content=\"index, follow, max-snippet:-1, max-image-preview:large, max-video-preview:-1\" \/>\n<link rel=\"canonical\" href=\"https:\/\/narteks.net\/index.php\/2011\/05\/24\/dorduncu-sarki\/\" \/>\n<meta property=\"og:locale\" content=\"tr_TR\" \/>\n<meta property=\"og:type\" content=\"article\" \/>\n<meta property=\"og:title\" content=\"D\u00d6RD\u00dcNC\u00dc \u015eARKI\" \/>\n<meta property=\"og:description\" content=\"\u00a0 Bahar\u0131n son g\u00fcnleri; k\u00f6m\u00fcrl\u00fckler aras\u0131nda\u00c7ama\u015f\u0131r ipleriyle kesilen\u00dc\u00e7 a\u011facl\u0131 bah\u00e7emizin yan\u0131ndaki papatyal\u0131 arsaya biti\u015fikSert kald\u0131r\u0131ml\u0131 ve yoku\u015fu dikYolda, ayakkab\u0131lar\u0131m\u0131n burnunu\u00c7arpmamaya \u00e7al\u0131\u015farak sekiyorum.(Becermek m\u00fcmk\u00fcn de\u011fil bunu.)Bir sat\u0131c\u0131 e\u015fe\u011finin k\u00fcfeleriyle s\u0131\u011fmad\u0131g\u0131 darBo\u011faz\u0131 a\u015f\u0131yorumVe servi a\u011fa\u00e7lar\u0131yal kasvetVe daha birtak\u0131m a\u011f\u0131r duygular verenK\u00fc\u00e7\u00fck meydana ula\u015f\u0131yorum.Burada duvar\u0131 y\u0131k\u0131kBir mezarl\u0131k ve i\u00e7inde bir t\u00fcrbe,(Y\u0131llar sonra g\u00f6rd\u00fcg\u00fcm Karacaahmet Mezarl\u0131k Bankas\u0131n\u0131n -t\u00f6vbe de-Yan\u0131nda [&hellip;]\" \/>\n<meta property=\"og:url\" content=\"https:\/\/narteks.net\/index.php\/2011\/05\/24\/dorduncu-sarki\/\" \/>\n<meta property=\"og:site_name\" content=\"narteks.net\" \/>\n<meta property=\"article:published_time\" content=\"2011-05-24T18:06:00+00:00\" \/>\n<meta property=\"og:image\" content=\"https:\/\/narteks.net\/wp-content\/uploads\/narteks.png\" \/>\n\t<meta property=\"og:image:width\" content=\"300\" \/>\n\t<meta property=\"og:image:height\" content=\"90\" \/>\n\t<meta property=\"og:image:type\" content=\"image\/png\" \/>\n<meta name=\"author\" content=\"Tar\u0131k\" \/>\n<meta name=\"twitter:card\" content=\"summary_large_image\" \/>\n<meta name=\"twitter:creator\" content=\"@narteks\" \/>\n<meta name=\"twitter:site\" content=\"@narteks\" \/>\n<meta name=\"twitter:label1\" content=\"Yazan:\" \/>\n\t<meta name=\"twitter:data1\" content=\"Tar\u0131k\" \/>\n\t<meta name=\"twitter:label2\" content=\"Tahmini okuma s\u00fcresi\" \/>\n\t<meta name=\"twitter:data2\" content=\"5 dakika\" \/>\n<script type=\"application\/ld+json\" class=\"yoast-schema-graph\">{\"@context\":\"https:\/\/schema.org\",\"@graph\":[{\"@type\":\"Article\",\"@id\":\"https:\/\/narteks.net\/index.php\/2011\/05\/24\/dorduncu-sarki\/#article\",\"isPartOf\":{\"@id\":\"https:\/\/narteks.net\/index.php\/2011\/05\/24\/dorduncu-sarki\/\"},\"author\":{\"name\":\"Tar\u0131k\",\"@id\":\"https:\/\/narteks.net\/#\/schema\/person\/61f37d9834294b72d31d274e7ed79bca\"},\"headline\":\"D\u00d6RD\u00dcNC\u00dc \u015eARKI\",\"datePublished\":\"2011-05-24T18:06:00+00:00\",\"mainEntityOfPage\":{\"@id\":\"https:\/\/narteks.net\/index.php\/2011\/05\/24\/dorduncu-sarki\/\"},\"wordCount\":1030,\"commentCount\":0,\"publisher\":{\"@id\":\"https:\/\/narteks.net\/#organization\"},\"articleSection\":[\"O\u011fuz ATAY\"],\"inLanguage\":\"tr\",\"potentialAction\":[{\"@type\":\"CommentAction\",\"name\":\"Comment\",\"target\":[\"https:\/\/narteks.net\/index.php\/2011\/05\/24\/dorduncu-sarki\/#respond\"]}]},{\"@type\":\"WebPage\",\"@id\":\"https:\/\/narteks.net\/index.php\/2011\/05\/24\/dorduncu-sarki\/\",\"url\":\"https:\/\/narteks.net\/index.php\/2011\/05\/24\/dorduncu-sarki\/\",\"name\":\"D\u00d6RD\u00dcNC\u00dc \u015eARKI - narteks.net\",\"isPartOf\":{\"@id\":\"https:\/\/narteks.net\/#website\"},\"datePublished\":\"2011-05-24T18:06:00+00:00\",\"breadcrumb\":{\"@id\":\"https:\/\/narteks.net\/index.php\/2011\/05\/24\/dorduncu-sarki\/#breadcrumb\"},\"inLanguage\":\"tr\",\"potentialAction\":[{\"@type\":\"ReadAction\",\"target\":[\"https:\/\/narteks.net\/index.php\/2011\/05\/24\/dorduncu-sarki\/\"]}]},{\"@type\":\"BreadcrumbList\",\"@id\":\"https:\/\/narteks.net\/index.php\/2011\/05\/24\/dorduncu-sarki\/#breadcrumb\",\"itemListElement\":[{\"@type\":\"ListItem\",\"position\":1,\"name\":\"Anasayfa\",\"item\":\"https:\/\/narteks.net\/\"},{\"@type\":\"ListItem\",\"position\":2,\"name\":\"D\u00d6RD\u00dcNC\u00dc \u015eARKI\"}]},{\"@type\":\"WebSite\",\"@id\":\"https:\/\/narteks.net\/#website\",\"url\":\"https:\/\/narteks.net\/\",\"name\":\"narteks.net\",\"description\":\"K\u00fclt\u00fcr Sanat Edebiyat Felsefe\",\"publisher\":{\"@id\":\"https:\/\/narteks.net\/#organization\"},\"alternateName\":\"K\u00fclt\u00fcr Sanat Edebiyat Felsefe\",\"potentialAction\":[{\"@type\":\"SearchAction\",\"target\":{\"@type\":\"EntryPoint\",\"urlTemplate\":\"https:\/\/narteks.net\/?s={search_term_string}\"},\"query-input\":{\"@type\":\"PropertyValueSpecification\",\"valueRequired\":true,\"valueName\":\"search_term_string\"}}],\"inLanguage\":\"tr\"},{\"@type\":\"Organization\",\"@id\":\"https:\/\/narteks.net\/#organization\",\"name\":\"narteks.net\",\"url\":\"https:\/\/narteks.net\/\",\"logo\":{\"@type\":\"ImageObject\",\"inLanguage\":\"tr\",\"@id\":\"https:\/\/narteks.net\/#\/schema\/logo\/image\/\",\"url\":\"https:\/\/narteks.net\/wp-content\/uploads\/narteks.png\",\"contentUrl\":\"https:\/\/narteks.net\/wp-content\/uploads\/narteks.png\",\"width\":300,\"height\":90,\"caption\":\"narteks.net\"},\"image\":{\"@id\":\"https:\/\/narteks.net\/#\/schema\/logo\/image\/\"},\"sameAs\":[\"https:\/\/x.com\/narteks\",\"https:\/\/instagram.com\/narteksnet\"]},{\"@type\":\"Person\",\"@id\":\"https:\/\/narteks.net\/#\/schema\/person\/61f37d9834294b72d31d274e7ed79bca\",\"name\":\"Tar\u0131k\",\"image\":{\"@type\":\"ImageObject\",\"inLanguage\":\"tr\",\"@id\":\"https:\/\/narteks.net\/#\/schema\/person\/image\/\",\"url\":\"https:\/\/secure.gravatar.com\/avatar\/50865afb55632c4ae467e0af0930f6510aa2297d8014be502a55b14f3b7550cf?s=96&d=mm&r=g\",\"contentUrl\":\"https:\/\/secure.gravatar.com\/avatar\/50865afb55632c4ae467e0af0930f6510aa2297d8014be502a55b14f3b7550cf?s=96&d=mm&r=g\",\"caption\":\"Tar\u0131k\"},\"sameAs\":[\"http:\/\/narteks.net\"],\"url\":\"https:\/\/narteks.net\/index.php\/author\/narbak\/\"}]}<\/script>\n<!-- \/ Yoast SEO Premium plugin. -->","yoast_head_json":{"title":"D\u00d6RD\u00dcNC\u00dc \u015eARKI - narteks.net","robots":{"index":"index","follow":"follow","max-snippet":"max-snippet:-1","max-image-preview":"max-image-preview:large","max-video-preview":"max-video-preview:-1"},"canonical":"https:\/\/narteks.net\/index.php\/2011\/05\/24\/dorduncu-sarki\/","og_locale":"tr_TR","og_type":"article","og_title":"D\u00d6RD\u00dcNC\u00dc \u015eARKI","og_description":"\u00a0 Bahar\u0131n son g\u00fcnleri; k\u00f6m\u00fcrl\u00fckler aras\u0131nda\u00c7ama\u015f\u0131r ipleriyle kesilen\u00dc\u00e7 a\u011facl\u0131 bah\u00e7emizin yan\u0131ndaki papatyal\u0131 arsaya biti\u015fikSert kald\u0131r\u0131ml\u0131 ve yoku\u015fu dikYolda, ayakkab\u0131lar\u0131m\u0131n burnunu\u00c7arpmamaya \u00e7al\u0131\u015farak sekiyorum.(Becermek m\u00fcmk\u00fcn de\u011fil bunu.)Bir sat\u0131c\u0131 e\u015fe\u011finin k\u00fcfeleriyle s\u0131\u011fmad\u0131g\u0131 darBo\u011faz\u0131 a\u015f\u0131yorumVe servi a\u011fa\u00e7lar\u0131yal kasvetVe daha birtak\u0131m a\u011f\u0131r duygular verenK\u00fc\u00e7\u00fck meydana ula\u015f\u0131yorum.Burada duvar\u0131 y\u0131k\u0131kBir mezarl\u0131k ve i\u00e7inde bir t\u00fcrbe,(Y\u0131llar sonra g\u00f6rd\u00fcg\u00fcm Karacaahmet Mezarl\u0131k Bankas\u0131n\u0131n -t\u00f6vbe de-Yan\u0131nda [&hellip;]","og_url":"https:\/\/narteks.net\/index.php\/2011\/05\/24\/dorduncu-sarki\/","og_site_name":"narteks.net","article_published_time":"2011-05-24T18:06:00+00:00","og_image":[{"width":300,"height":90,"url":"https:\/\/narteks.net\/wp-content\/uploads\/narteks.png","type":"image\/png"}],"author":"Tar\u0131k","twitter_card":"summary_large_image","twitter_creator":"@narteks","twitter_site":"@narteks","twitter_misc":{"Yazan:":"Tar\u0131k","Tahmini okuma s\u00fcresi":"5 dakika"},"schema":{"@context":"https:\/\/schema.org","@graph":[{"@type":"Article","@id":"https:\/\/narteks.net\/index.php\/2011\/05\/24\/dorduncu-sarki\/#article","isPartOf":{"@id":"https:\/\/narteks.net\/index.php\/2011\/05\/24\/dorduncu-sarki\/"},"author":{"name":"Tar\u0131k","@id":"https:\/\/narteks.net\/#\/schema\/person\/61f37d9834294b72d31d274e7ed79bca"},"headline":"D\u00d6RD\u00dcNC\u00dc \u015eARKI","datePublished":"2011-05-24T18:06:00+00:00","mainEntityOfPage":{"@id":"https:\/\/narteks.net\/index.php\/2011\/05\/24\/dorduncu-sarki\/"},"wordCount":1030,"commentCount":0,"publisher":{"@id":"https:\/\/narteks.net\/#organization"},"articleSection":["O\u011fuz ATAY"],"inLanguage":"tr","potentialAction":[{"@type":"CommentAction","name":"Comment","target":["https:\/\/narteks.net\/index.php\/2011\/05\/24\/dorduncu-sarki\/#respond"]}]},{"@type":"WebPage","@id":"https:\/\/narteks.net\/index.php\/2011\/05\/24\/dorduncu-sarki\/","url":"https:\/\/narteks.net\/index.php\/2011\/05\/24\/dorduncu-sarki\/","name":"D\u00d6RD\u00dcNC\u00dc \u015eARKI - narteks.net","isPartOf":{"@id":"https:\/\/narteks.net\/#website"},"datePublished":"2011-05-24T18:06:00+00:00","breadcrumb":{"@id":"https:\/\/narteks.net\/index.php\/2011\/05\/24\/dorduncu-sarki\/#breadcrumb"},"inLanguage":"tr","potentialAction":[{"@type":"ReadAction","target":["https:\/\/narteks.net\/index.php\/2011\/05\/24\/dorduncu-sarki\/"]}]},{"@type":"BreadcrumbList","@id":"https:\/\/narteks.net\/index.php\/2011\/05\/24\/dorduncu-sarki\/#breadcrumb","itemListElement":[{"@type":"ListItem","position":1,"name":"Anasayfa","item":"https:\/\/narteks.net\/"},{"@type":"ListItem","position":2,"name":"D\u00d6RD\u00dcNC\u00dc \u015eARKI"}]},{"@type":"WebSite","@id":"https:\/\/narteks.net\/#website","url":"https:\/\/narteks.net\/","name":"narteks.net","description":"K\u00fclt\u00fcr Sanat Edebiyat Felsefe","publisher":{"@id":"https:\/\/narteks.net\/#organization"},"alternateName":"K\u00fclt\u00fcr Sanat Edebiyat Felsefe","potentialAction":[{"@type":"SearchAction","target":{"@type":"EntryPoint","urlTemplate":"https:\/\/narteks.net\/?s={search_term_string}"},"query-input":{"@type":"PropertyValueSpecification","valueRequired":true,"valueName":"search_term_string"}}],"inLanguage":"tr"},{"@type":"Organization","@id":"https:\/\/narteks.net\/#organization","name":"narteks.net","url":"https:\/\/narteks.net\/","logo":{"@type":"ImageObject","inLanguage":"tr","@id":"https:\/\/narteks.net\/#\/schema\/logo\/image\/","url":"https:\/\/narteks.net\/wp-content\/uploads\/narteks.png","contentUrl":"https:\/\/narteks.net\/wp-content\/uploads\/narteks.png","width":300,"height":90,"caption":"narteks.net"},"image":{"@id":"https:\/\/narteks.net\/#\/schema\/logo\/image\/"},"sameAs":["https:\/\/x.com\/narteks","https:\/\/instagram.com\/narteksnet"]},{"@type":"Person","@id":"https:\/\/narteks.net\/#\/schema\/person\/61f37d9834294b72d31d274e7ed79bca","name":"Tar\u0131k","image":{"@type":"ImageObject","inLanguage":"tr","@id":"https:\/\/narteks.net\/#\/schema\/person\/image\/","url":"https:\/\/secure.gravatar.com\/avatar\/50865afb55632c4ae467e0af0930f6510aa2297d8014be502a55b14f3b7550cf?s=96&d=mm&r=g","contentUrl":"https:\/\/secure.gravatar.com\/avatar\/50865afb55632c4ae467e0af0930f6510aa2297d8014be502a55b14f3b7550cf?s=96&d=mm&r=g","caption":"Tar\u0131k"},"sameAs":["http:\/\/narteks.net"],"url":"https:\/\/narteks.net\/index.php\/author\/narbak\/"}]}},"_links":{"self":[{"href":"https:\/\/narteks.net\/index.php\/wp-json\/wp\/v2\/posts\/5941","targetHints":{"allow":["GET"]}}],"collection":[{"href":"https:\/\/narteks.net\/index.php\/wp-json\/wp\/v2\/posts"}],"about":[{"href":"https:\/\/narteks.net\/index.php\/wp-json\/wp\/v2\/types\/post"}],"author":[{"embeddable":true,"href":"https:\/\/narteks.net\/index.php\/wp-json\/wp\/v2\/users\/1"}],"replies":[{"embeddable":true,"href":"https:\/\/narteks.net\/index.php\/wp-json\/wp\/v2\/comments?post=5941"}],"version-history":[{"count":0,"href":"https:\/\/narteks.net\/index.php\/wp-json\/wp\/v2\/posts\/5941\/revisions"}],"wp:attachment":[{"href":"https:\/\/narteks.net\/index.php\/wp-json\/wp\/v2\/media?parent=5941"}],"wp:term":[{"taxonomy":"category","embeddable":true,"href":"https:\/\/narteks.net\/index.php\/wp-json\/wp\/v2\/categories?post=5941"},{"taxonomy":"post_tag","embeddable":true,"href":"https:\/\/narteks.net\/index.php\/wp-json\/wp\/v2\/tags?post=5941"}],"curies":[{"name":"wp","href":"https:\/\/api.w.org\/{rel}","templated":true}]}}