{"id":5942,"date":"2011-05-24T21:06:55","date_gmt":"2011-05-24T18:06:55","guid":{"rendered":"http:\/\/localhost\/wordpress\/2011\/05\/24\/besinci-sarki\/"},"modified":"2011-05-24T21:06:55","modified_gmt":"2011-05-24T18:06:55","slug":"besinci-sarki","status":"publish","type":"post","link":"https:\/\/narteks.net\/index.php\/2011\/05\/24\/besinci-sarki\/","title":{"rendered":"BE\u015e\u0130NC\u0130 \u015eARKI"},"content":{"rendered":"<p>\u00a0<\/p>\n<p>Tutunanmayanlar\u0131n destan\u0131d\u0131r bu \u015fark\u0131<br \/>Dostum S\u00fcleyman Karg\u0131.<br \/>Eller bo\u015fta kal\u0131yor, tutunam\u0131yorlar topra\u011fa<br \/>Anlatam\u0131yorlar anlat\u0131lamayan\u0131.<br \/>Anlatmak gerek: D\u00fc\u015fman sarm\u0131\u015f heryan\u0131<br \/>Oysa, mesela Selim I\u015f\u0131k<br \/>Anlatmadan anla\u015f\u0131lmaya a\u015f\u0131k.<br \/>B\u00f6yle adama<br \/>(Dar\u0131lma ama)<br \/>Yakla\u015fmaz hi\u00e7bir g\u00fczellik,<br \/>Do\u011fdu\u011fu g\u00fcnden bu yana kalbinde bir delik,<br \/>Almak i\u00e7in b\u00fct\u00fcn s\u0131z\u0131lar\u0131 i\u00e7ine.<br \/>Her zaman utanm\u0131\u015ft\u0131r ba\u015fkalr\u0131 yerine.<br \/>Elim varm\u0131yor yazmaya, inmeyelim derine.<br \/>Ta\u015f devri, Sabri devri, Nihat devri, Tun\u00e7 devri<br \/>A\u015f\u0131k oldu -s\u00f6yleyemez- utan\u00e7 devri.<br \/>Hep utand\u0131 hayat\u0131 boyunca,<br \/>(Annesi y\u0131kamak i\u00e7in soyunca)<br \/>S\u0131n\u0131fta birinci oldu\u011fu g\u00fcn, eve ge\u00e7 kald\u0131m, diye \u00fcz\u00fcld\u00fc.<br \/>Can\u0131 s\u0131kl\u0131d\u0131 g\u00fcld\u00fc, kalbi incindi g\u00fcld\u00fc.<br \/>Allah\u0131 ya da ona engel olan gizli kuvvetleri<br \/>Hi\u00e7bir zaman k\u0131zd\u0131rmak istemedi.<br \/>K\u00fc\u00e7\u00fck pazarl\u0131klar yapt\u0131\u011f\u0131,<br \/>Camide korkarak tapt\u0131\u011f\u0131<br \/>Zamanlarda s\u00fcrd\u00fcrd\u00fc bu uzla\u015f\u0131mc\u0131 varl\u0131\u011f\u0131.<br \/>Annesinin y\u00fcn fanilas\u0131na takt\u0131g\u0131 nazarl\u0131\u011f\u0131<br \/>\u00c7\u0131karamad\u0131 y\u0131llar boyunca. \u0130lk defa domuz eti yerken<br \/>Arkada\u015flar\u0131n\u0131 \u0131srarlar\u0131yla geneleve giderken,<br \/>Hep ONUNLA (O kimdi?) bozmamaya \u00e7al\u0131\u015ft\u0131 aray\u0131,<br \/>\u0130ki g\u00fcn oru\u00e7 bile tuttu bir Ramazan ay\u0131.<br \/>(Sap\u0131 silik ve tutuk bir tabancayd\u0131.)<br \/>Bir g\u00fcn \u00f6l\u00fcrse, ona vatan bir mezarl\u0131k yer verecek.<br \/>Oturdu bir destan yazd\u0131; kendini yerecek.<br \/>Saz\u0131n\u0131 ve cesaretini ald\u0131 eline (b\u00fct\u00fcn cesareti,<br \/>Daha k\u00f6t\u00fc bir \u015feyler olmas\u0131 korkusundad\u0131r) .<br \/>Can\u0131n\u0131 di\u015fine takarak,<br \/>Yaz\u0131lm\u0131\u015f eski destanlara bakarak,<br \/>S\u00f6z\u00fc uzatt\u0131 durdu.<br \/>\u0130\u015fte \u015f\u00f6yle buyurdu:<br \/>Numano\u011flu Selim derler ad\u0131m\u0131z<br \/>G\u00fcr\u00fclt\u00fcye geldi her feryad\u0131m\u0131z<br \/>Nedense tamamd\u0131r itikad\u0131m\u0131z<br \/>Dikilen her kuma\u015f bol gelir bize<\/p>\n<p>\u00c7ocukken g\u00fcne\u015fin tad\u0131n\u0131 bilmedik<br \/>B\u00fcy\u00fcd\u00fck kad\u0131n\u0131n tad\u0131n\u0131 bilmedik<br \/>Bizi anlayacak kad\u0131n bilmedik<br \/>Sevgisiz bir hayat \u00e7\u00f6l gelir bize<\/p>\n<p>Bize \u00f6\u011fretilen her s\u00f6ze kand\u0131k<br \/>&#8216;Yasakt\u0131r&#8217; &#8216;Memnudur&#8217; dendi, inand\u0131k<br \/>Hep &#8216;Girilmez&#8217; levhas\u0131na aldand\u0131k<br \/>Bu tutulan, yanl\u0131\u015f yol gelir bize<\/p>\n<p>Benim cefal\u0131 yarim kafamd\u0131r<br \/>Divanda d\u00fc\u015f\u00fcnmek b\u00fct\u00fcn safamd\u0131r<br \/>M\u00fclkiyet benim\u00e7\u00fcn b\u00fcy\u00fck evhamd\u0131r<br \/>Senin olanlar\u0131 nideyim gayr\u0131<\/p>\n<p>Dostun vefal\u0131s\u0131 b\u00fct\u00fcn iste\u011fim<br \/>K\u0131z pe\u015finde olan dostu nideyim<br \/>Her an ya\u015famal\u0131y\u0131m kendi ger\u00e7e\u011fim<br \/>Kendi i\u00e7imdeki indeyim gayr\u0131<\/p>\n<p>Dostlar dedi: bu can bizden de\u011fildir<br \/>D\u00fc\u015fman k\u0131rd\u0131, oysa buzdan de\u011fildir<br \/>\u00c7are yok d\u00fcnyadan gideyim gayr\u0131<\/p>\n<p>Bana ilham getirdin<br \/>(Hem de yakt\u0131n bitirdin)<br \/>Ey! Elesius da\u011flar\u0131ndan esen r\u00fczgar<br \/>K\u0131ssam\u0131z burada biter<br \/>Bu kadar<\/p>\n<p>O\u011fuz ATAY<\/p>\n","protected":false},"excerpt":{"rendered":"<p>\u00a0 Tutunanmayanlar\u0131n destan\u0131d\u0131r bu \u015fark\u0131Dostum S\u00fcleyman Karg\u0131.Eller bo\u015fta kal\u0131yor, tutunam\u0131yorlar topra\u011faAnlatam\u0131yorlar anlat\u0131lamayan\u0131.Anlatmak gerek: D\u00fc\u015fman sarm\u0131\u015f heryan\u0131Oysa, mesela Selim I\u015f\u0131kAnlatmadan anla\u015f\u0131lmaya a\u015f\u0131k.B\u00f6yle adama(Dar\u0131lma ama)Yakla\u015fmaz hi\u00e7bir g\u00fczellik,Do\u011fdu\u011fu g\u00fcnden bu yana kalbinde bir delik,Almak i\u00e7in b\u00fct\u00fcn s\u0131z\u0131lar\u0131 i\u00e7ine.Her zaman utanm\u0131\u015ft\u0131r ba\u015fkalr\u0131 yerine.Elim varm\u0131yor yazmaya, inmeyelim derine.Ta\u015f devri, Sabri devri, Nihat devri, Tun\u00e7 devriA\u015f\u0131k oldu -s\u00f6yleyemez- utan\u00e7 devri.Hep utand\u0131 [&hellip;]<\/p>\n","protected":false},"author":1,"featured_media":0,"comment_status":"open","ping_status":"open","sticky":false,"template":"","format":"standard","meta":{"footnotes":""},"categories":[187],"tags":[],"class_list":{"0":"post-5942","1":"post","2":"type-post","3":"status-publish","4":"format-standard","6":"category-oguz-atay"},"yoast_head":"<!-- This site is optimized with the Yoast SEO Premium plugin v24.9 (Yoast SEO v24.9) - https:\/\/yoast.com\/wordpress\/plugins\/seo\/ -->\n<title>BE\u015e\u0130NC\u0130 \u015eARKI - narteks.net<\/title>\n<meta name=\"robots\" content=\"index, follow, max-snippet:-1, max-image-preview:large, max-video-preview:-1\" \/>\n<link rel=\"canonical\" href=\"https:\/\/narteks.net\/index.php\/2011\/05\/24\/besinci-sarki\/\" \/>\n<meta property=\"og:locale\" content=\"tr_TR\" \/>\n<meta property=\"og:type\" content=\"article\" \/>\n<meta property=\"og:title\" content=\"BE\u015e\u0130NC\u0130 \u015eARKI\" \/>\n<meta property=\"og:description\" content=\"\u00a0 Tutunanmayanlar\u0131n destan\u0131d\u0131r bu \u015fark\u0131Dostum S\u00fcleyman Karg\u0131.Eller bo\u015fta kal\u0131yor, tutunam\u0131yorlar topra\u011faAnlatam\u0131yorlar anlat\u0131lamayan\u0131.Anlatmak gerek: D\u00fc\u015fman sarm\u0131\u015f heryan\u0131Oysa, mesela Selim I\u015f\u0131kAnlatmadan anla\u015f\u0131lmaya a\u015f\u0131k.B\u00f6yle adama(Dar\u0131lma ama)Yakla\u015fmaz hi\u00e7bir g\u00fczellik,Do\u011fdu\u011fu g\u00fcnden bu yana kalbinde bir delik,Almak i\u00e7in b\u00fct\u00fcn s\u0131z\u0131lar\u0131 i\u00e7ine.Her zaman utanm\u0131\u015ft\u0131r ba\u015fkalr\u0131 yerine.Elim varm\u0131yor yazmaya, inmeyelim derine.Ta\u015f devri, Sabri devri, Nihat devri, Tun\u00e7 devriA\u015f\u0131k oldu -s\u00f6yleyemez- utan\u00e7 devri.Hep utand\u0131 [&hellip;]\" \/>\n<meta property=\"og:url\" content=\"https:\/\/narteks.net\/index.php\/2011\/05\/24\/besinci-sarki\/\" \/>\n<meta property=\"og:site_name\" content=\"narteks.net\" \/>\n<meta property=\"article:published_time\" content=\"2011-05-24T18:06:55+00:00\" \/>\n<meta property=\"og:image\" content=\"https:\/\/narteks.net\/wp-content\/uploads\/narteks.png\" \/>\n\t<meta property=\"og:image:width\" content=\"300\" \/>\n\t<meta property=\"og:image:height\" content=\"90\" \/>\n\t<meta property=\"og:image:type\" content=\"image\/png\" \/>\n<meta name=\"author\" content=\"Tar\u0131k\" \/>\n<meta name=\"twitter:card\" content=\"summary_large_image\" \/>\n<meta name=\"twitter:creator\" content=\"@narteks\" \/>\n<meta name=\"twitter:site\" content=\"@narteks\" \/>\n<meta name=\"twitter:label1\" content=\"Yazan:\" \/>\n\t<meta name=\"twitter:data1\" content=\"Tar\u0131k\" \/>\n\t<meta name=\"twitter:label2\" content=\"Tahmini okuma s\u00fcresi\" \/>\n\t<meta name=\"twitter:data2\" content=\"2 dakika\" \/>\n<script type=\"application\/ld+json\" class=\"yoast-schema-graph\">{\"@context\":\"https:\/\/schema.org\",\"@graph\":[{\"@type\":\"Article\",\"@id\":\"https:\/\/narteks.net\/index.php\/2011\/05\/24\/besinci-sarki\/#article\",\"isPartOf\":{\"@id\":\"https:\/\/narteks.net\/index.php\/2011\/05\/24\/besinci-sarki\/\"},\"author\":{\"name\":\"Tar\u0131k\",\"@id\":\"https:\/\/narteks.net\/#\/schema\/person\/61f37d9834294b72d31d274e7ed79bca\"},\"headline\":\"BE\u015e\u0130NC\u0130 \u015eARKI\",\"datePublished\":\"2011-05-24T18:06:55+00:00\",\"mainEntityOfPage\":{\"@id\":\"https:\/\/narteks.net\/index.php\/2011\/05\/24\/besinci-sarki\/\"},\"wordCount\":432,\"commentCount\":0,\"publisher\":{\"@id\":\"https:\/\/narteks.net\/#organization\"},\"articleSection\":[\"O\u011fuz ATAY\"],\"inLanguage\":\"tr\",\"potentialAction\":[{\"@type\":\"CommentAction\",\"name\":\"Comment\",\"target\":[\"https:\/\/narteks.net\/index.php\/2011\/05\/24\/besinci-sarki\/#respond\"]}]},{\"@type\":\"WebPage\",\"@id\":\"https:\/\/narteks.net\/index.php\/2011\/05\/24\/besinci-sarki\/\",\"url\":\"https:\/\/narteks.net\/index.php\/2011\/05\/24\/besinci-sarki\/\",\"name\":\"BE\u015e\u0130NC\u0130 \u015eARKI - narteks.net\",\"isPartOf\":{\"@id\":\"https:\/\/narteks.net\/#website\"},\"datePublished\":\"2011-05-24T18:06:55+00:00\",\"breadcrumb\":{\"@id\":\"https:\/\/narteks.net\/index.php\/2011\/05\/24\/besinci-sarki\/#breadcrumb\"},\"inLanguage\":\"tr\",\"potentialAction\":[{\"@type\":\"ReadAction\",\"target\":[\"https:\/\/narteks.net\/index.php\/2011\/05\/24\/besinci-sarki\/\"]}]},{\"@type\":\"BreadcrumbList\",\"@id\":\"https:\/\/narteks.net\/index.php\/2011\/05\/24\/besinci-sarki\/#breadcrumb\",\"itemListElement\":[{\"@type\":\"ListItem\",\"position\":1,\"name\":\"Anasayfa\",\"item\":\"https:\/\/narteks.net\/\"},{\"@type\":\"ListItem\",\"position\":2,\"name\":\"BE\u015e\u0130NC\u0130 \u015eARKI\"}]},{\"@type\":\"WebSite\",\"@id\":\"https:\/\/narteks.net\/#website\",\"url\":\"https:\/\/narteks.net\/\",\"name\":\"narteks.net\",\"description\":\"K\u00fclt\u00fcr Sanat Edebiyat Felsefe\",\"publisher\":{\"@id\":\"https:\/\/narteks.net\/#organization\"},\"alternateName\":\"K\u00fclt\u00fcr Sanat Edebiyat Felsefe\",\"potentialAction\":[{\"@type\":\"SearchAction\",\"target\":{\"@type\":\"EntryPoint\",\"urlTemplate\":\"https:\/\/narteks.net\/?s={search_term_string}\"},\"query-input\":{\"@type\":\"PropertyValueSpecification\",\"valueRequired\":true,\"valueName\":\"search_term_string\"}}],\"inLanguage\":\"tr\"},{\"@type\":\"Organization\",\"@id\":\"https:\/\/narteks.net\/#organization\",\"name\":\"narteks.net\",\"url\":\"https:\/\/narteks.net\/\",\"logo\":{\"@type\":\"ImageObject\",\"inLanguage\":\"tr\",\"@id\":\"https:\/\/narteks.net\/#\/schema\/logo\/image\/\",\"url\":\"https:\/\/narteks.net\/wp-content\/uploads\/narteks.png\",\"contentUrl\":\"https:\/\/narteks.net\/wp-content\/uploads\/narteks.png\",\"width\":300,\"height\":90,\"caption\":\"narteks.net\"},\"image\":{\"@id\":\"https:\/\/narteks.net\/#\/schema\/logo\/image\/\"},\"sameAs\":[\"https:\/\/x.com\/narteks\",\"https:\/\/instagram.com\/narteksnet\"]},{\"@type\":\"Person\",\"@id\":\"https:\/\/narteks.net\/#\/schema\/person\/61f37d9834294b72d31d274e7ed79bca\",\"name\":\"Tar\u0131k\",\"image\":{\"@type\":\"ImageObject\",\"inLanguage\":\"tr\",\"@id\":\"https:\/\/narteks.net\/#\/schema\/person\/image\/\",\"url\":\"https:\/\/secure.gravatar.com\/avatar\/50865afb55632c4ae467e0af0930f6510aa2297d8014be502a55b14f3b7550cf?s=96&d=mm&r=g\",\"contentUrl\":\"https:\/\/secure.gravatar.com\/avatar\/50865afb55632c4ae467e0af0930f6510aa2297d8014be502a55b14f3b7550cf?s=96&d=mm&r=g\",\"caption\":\"Tar\u0131k\"},\"sameAs\":[\"http:\/\/narteks.net\"],\"url\":\"https:\/\/narteks.net\/index.php\/author\/narbak\/\"}]}<\/script>\n<!-- \/ Yoast SEO Premium plugin. -->","yoast_head_json":{"title":"BE\u015e\u0130NC\u0130 \u015eARKI - narteks.net","robots":{"index":"index","follow":"follow","max-snippet":"max-snippet:-1","max-image-preview":"max-image-preview:large","max-video-preview":"max-video-preview:-1"},"canonical":"https:\/\/narteks.net\/index.php\/2011\/05\/24\/besinci-sarki\/","og_locale":"tr_TR","og_type":"article","og_title":"BE\u015e\u0130NC\u0130 \u015eARKI","og_description":"\u00a0 Tutunanmayanlar\u0131n destan\u0131d\u0131r bu \u015fark\u0131Dostum S\u00fcleyman Karg\u0131.Eller bo\u015fta kal\u0131yor, tutunam\u0131yorlar topra\u011faAnlatam\u0131yorlar anlat\u0131lamayan\u0131.Anlatmak gerek: D\u00fc\u015fman sarm\u0131\u015f heryan\u0131Oysa, mesela Selim I\u015f\u0131kAnlatmadan anla\u015f\u0131lmaya a\u015f\u0131k.B\u00f6yle adama(Dar\u0131lma ama)Yakla\u015fmaz hi\u00e7bir g\u00fczellik,Do\u011fdu\u011fu g\u00fcnden bu yana kalbinde bir delik,Almak i\u00e7in b\u00fct\u00fcn s\u0131z\u0131lar\u0131 i\u00e7ine.Her zaman utanm\u0131\u015ft\u0131r ba\u015fkalr\u0131 yerine.Elim varm\u0131yor yazmaya, inmeyelim derine.Ta\u015f devri, Sabri devri, Nihat devri, Tun\u00e7 devriA\u015f\u0131k oldu -s\u00f6yleyemez- utan\u00e7 devri.Hep utand\u0131 [&hellip;]","og_url":"https:\/\/narteks.net\/index.php\/2011\/05\/24\/besinci-sarki\/","og_site_name":"narteks.net","article_published_time":"2011-05-24T18:06:55+00:00","og_image":[{"width":300,"height":90,"url":"https:\/\/narteks.net\/wp-content\/uploads\/narteks.png","type":"image\/png"}],"author":"Tar\u0131k","twitter_card":"summary_large_image","twitter_creator":"@narteks","twitter_site":"@narteks","twitter_misc":{"Yazan:":"Tar\u0131k","Tahmini okuma s\u00fcresi":"2 dakika"},"schema":{"@context":"https:\/\/schema.org","@graph":[{"@type":"Article","@id":"https:\/\/narteks.net\/index.php\/2011\/05\/24\/besinci-sarki\/#article","isPartOf":{"@id":"https:\/\/narteks.net\/index.php\/2011\/05\/24\/besinci-sarki\/"},"author":{"name":"Tar\u0131k","@id":"https:\/\/narteks.net\/#\/schema\/person\/61f37d9834294b72d31d274e7ed79bca"},"headline":"BE\u015e\u0130NC\u0130 \u015eARKI","datePublished":"2011-05-24T18:06:55+00:00","mainEntityOfPage":{"@id":"https:\/\/narteks.net\/index.php\/2011\/05\/24\/besinci-sarki\/"},"wordCount":432,"commentCount":0,"publisher":{"@id":"https:\/\/narteks.net\/#organization"},"articleSection":["O\u011fuz ATAY"],"inLanguage":"tr","potentialAction":[{"@type":"CommentAction","name":"Comment","target":["https:\/\/narteks.net\/index.php\/2011\/05\/24\/besinci-sarki\/#respond"]}]},{"@type":"WebPage","@id":"https:\/\/narteks.net\/index.php\/2011\/05\/24\/besinci-sarki\/","url":"https:\/\/narteks.net\/index.php\/2011\/05\/24\/besinci-sarki\/","name":"BE\u015e\u0130NC\u0130 \u015eARKI - narteks.net","isPartOf":{"@id":"https:\/\/narteks.net\/#website"},"datePublished":"2011-05-24T18:06:55+00:00","breadcrumb":{"@id":"https:\/\/narteks.net\/index.php\/2011\/05\/24\/besinci-sarki\/#breadcrumb"},"inLanguage":"tr","potentialAction":[{"@type":"ReadAction","target":["https:\/\/narteks.net\/index.php\/2011\/05\/24\/besinci-sarki\/"]}]},{"@type":"BreadcrumbList","@id":"https:\/\/narteks.net\/index.php\/2011\/05\/24\/besinci-sarki\/#breadcrumb","itemListElement":[{"@type":"ListItem","position":1,"name":"Anasayfa","item":"https:\/\/narteks.net\/"},{"@type":"ListItem","position":2,"name":"BE\u015e\u0130NC\u0130 \u015eARKI"}]},{"@type":"WebSite","@id":"https:\/\/narteks.net\/#website","url":"https:\/\/narteks.net\/","name":"narteks.net","description":"K\u00fclt\u00fcr Sanat Edebiyat Felsefe","publisher":{"@id":"https:\/\/narteks.net\/#organization"},"alternateName":"K\u00fclt\u00fcr Sanat Edebiyat Felsefe","potentialAction":[{"@type":"SearchAction","target":{"@type":"EntryPoint","urlTemplate":"https:\/\/narteks.net\/?s={search_term_string}"},"query-input":{"@type":"PropertyValueSpecification","valueRequired":true,"valueName":"search_term_string"}}],"inLanguage":"tr"},{"@type":"Organization","@id":"https:\/\/narteks.net\/#organization","name":"narteks.net","url":"https:\/\/narteks.net\/","logo":{"@type":"ImageObject","inLanguage":"tr","@id":"https:\/\/narteks.net\/#\/schema\/logo\/image\/","url":"https:\/\/narteks.net\/wp-content\/uploads\/narteks.png","contentUrl":"https:\/\/narteks.net\/wp-content\/uploads\/narteks.png","width":300,"height":90,"caption":"narteks.net"},"image":{"@id":"https:\/\/narteks.net\/#\/schema\/logo\/image\/"},"sameAs":["https:\/\/x.com\/narteks","https:\/\/instagram.com\/narteksnet"]},{"@type":"Person","@id":"https:\/\/narteks.net\/#\/schema\/person\/61f37d9834294b72d31d274e7ed79bca","name":"Tar\u0131k","image":{"@type":"ImageObject","inLanguage":"tr","@id":"https:\/\/narteks.net\/#\/schema\/person\/image\/","url":"https:\/\/secure.gravatar.com\/avatar\/50865afb55632c4ae467e0af0930f6510aa2297d8014be502a55b14f3b7550cf?s=96&d=mm&r=g","contentUrl":"https:\/\/secure.gravatar.com\/avatar\/50865afb55632c4ae467e0af0930f6510aa2297d8014be502a55b14f3b7550cf?s=96&d=mm&r=g","caption":"Tar\u0131k"},"sameAs":["http:\/\/narteks.net"],"url":"https:\/\/narteks.net\/index.php\/author\/narbak\/"}]}},"_links":{"self":[{"href":"https:\/\/narteks.net\/index.php\/wp-json\/wp\/v2\/posts\/5942","targetHints":{"allow":["GET"]}}],"collection":[{"href":"https:\/\/narteks.net\/index.php\/wp-json\/wp\/v2\/posts"}],"about":[{"href":"https:\/\/narteks.net\/index.php\/wp-json\/wp\/v2\/types\/post"}],"author":[{"embeddable":true,"href":"https:\/\/narteks.net\/index.php\/wp-json\/wp\/v2\/users\/1"}],"replies":[{"embeddable":true,"href":"https:\/\/narteks.net\/index.php\/wp-json\/wp\/v2\/comments?post=5942"}],"version-history":[{"count":0,"href":"https:\/\/narteks.net\/index.php\/wp-json\/wp\/v2\/posts\/5942\/revisions"}],"wp:attachment":[{"href":"https:\/\/narteks.net\/index.php\/wp-json\/wp\/v2\/media?parent=5942"}],"wp:term":[{"taxonomy":"category","embeddable":true,"href":"https:\/\/narteks.net\/index.php\/wp-json\/wp\/v2\/categories?post=5942"},{"taxonomy":"post_tag","embeddable":true,"href":"https:\/\/narteks.net\/index.php\/wp-json\/wp\/v2\/tags?post=5942"}],"curies":[{"name":"wp","href":"https:\/\/api.w.org\/{rel}","templated":true}]}}