{"id":5943,"date":"2011-05-24T21:13:41","date_gmt":"2011-05-24T18:13:41","guid":{"rendered":"http:\/\/localhost\/wordpress\/2011\/05\/24\/oguz-atay-biyografisi\/"},"modified":"2011-05-24T21:13:41","modified_gmt":"2011-05-24T18:13:41","slug":"oguz-atay-biyografisi","status":"publish","type":"post","link":"https:\/\/narteks.net\/index.php\/2011\/05\/24\/oguz-atay-biyografisi\/","title":{"rendered":"O\u011fuz ATAY Biyografisi"},"content":{"rendered":"<p style=\"text-align: justify;\"><img loading=\"lazy\" decoding=\"async\" src=\"http:\/\/www.kitlecizgisi.com\/haberresim\/oguz%20atay(1).jpg\" border=\"0\" width=\"155\" height=\"205\" style=\"float: left;\" \/>O\u011fuz Atay (d. 1934, \u0130nebolu, Kastamonu, T\u00fcrkiye) &#8211; (\u00f6. 13 Aral\u0131k 1977 \u0130stanbul)<\/p>\n<p>Babas\u0131, VI., VII D\u00f6nem Sinop, VIII. D\u00f6nem Kastamonu Milletvekilli\u011fi yapan Cemil Atay&#8217;d\u0131r. 1951&#8217;de Ankara Maarif Koleji&#8217;ni, 1957&#8217;de de \u0130T\u00dc \u0130n\u015faat Fak\u00fcltesi&#8217;ni bitirdi. \u00dc\u00e7 y\u0131l sonra \u0130DMMA (\u0130stanbul Devlet M\u00fchendislik ve Mimarl\u0131k Akademisi) \u0130n\u015faat B\u00f6l\u00fcm\u00fc&#8217;nde \u00f6\u011fretim \u00fcyesi oldu. 1975&#8217;te do\u00e7ent olan Atay, Topografya adl\u0131 bir de mesleki kitap yazd\u0131. \u00c7e\u015fitli dergi ve gazetelerde makale ve s\u00f6yle\u015fileri yay\u0131nland\u0131. O\u011fuz Atay, Tutunamayanlar&#8217;\u0131n 1971-72&#8217;de yay\u0131nlanmas\u0131ndan sonra, \u00f6nemli bir tart\u0131\u015fman\u0131n odak noktas\u0131 oldu. Bu roman\u0131yla 1970 TRT Roman \u00d6d\u00fcl\u00fc&#8217;n\u00fc kazand\u0131.<\/p>\n<p>T\u00fcrk edebiyat\u0131n\u0131n en \u00f6nemli eserlerinden biri olan Tutunamayanlar, ele\u015ftirmen Berna Moran taraf\u0131ndan, &#8220;hem s\u00f6yledikleri hem de s\u00f6yleyi\u015f bi\u00e7imiyle bir ba\u015fkald\u0131r\u0131&#8221; olarak nitelendirilmi\u015ftir. Moran&#8217;a g\u00f6re Tutunamayanlar&#8217;daki edebi yetkinlik, T\u00fcrk roman\u0131n\u0131 \u00e7a\u011fda\u015f roman anlay\u0131\u015f\u0131yla ayn\u0131 hizaya getirmi\u015f ve ona \u00e7ok \u015fey kazand\u0131rm\u0131\u015ft\u0131r.<\/p>\n<p>Atay&#8217;\u0131n b\u00fcy\u00fck etki yaratan eseri Tutunamayanlar&#8217;\u0131 1973&#8217;te yay\u0131nlad\u0131\u011f\u0131 Tehlikeli Oyunlar adl\u0131 ikinci roman\u0131 izlemi\u015ftir. Hik\u00e2yelerini Korkuyu Beklerken ba\u015fl\u0131\u011f\u0131 alt\u0131nda toplayan Atay, 1911-1967 y\u0131llar\u0131 aras\u0131nda ya\u015fam\u0131\u015f Prof. Mustafa \u0130nan&#8217;\u0131n hayat\u0131 konu eden Bir Bilim Adam\u0131n\u0131n Roman\u0131&#8217;n\u0131 1975 y\u0131l\u0131nda yay\u0131mlam\u0131\u015ft\u0131r. 1973 y\u0131l\u0131nda yay\u0131mlanan Oyunlarla Ya\u015fayanlar adl\u0131 oyunu Devlet Tiyatrosu&#8217;nda sahnelenmi\u015ftir. Atay, beyninde \u00e7\u0131kan bir t\u00fcm\u00f6r nedeniyle b\u00fcy\u00fck projesi &#8220;T\u00fcrkiye&#8217;nin Ruhu&#8221;nu yazamadan 13 Aral\u0131k 1977&#8217;de, \u0130stanbul&#8217;da hayat\u0131n\u0131 kaybetmi\u015ftir.<\/p>\n<p>\u00d6ld\u00fckten sonra 1987\u2019de G\u00fcnl\u00fck, 1998\u2019de ise Eylembilim adl\u0131 kitaplar\u0131 yay\u0131mlanm\u0131\u015ft\u0131r. Sa\u011fl\u0131\u011f\u0131nda hi\u00e7bir kitab\u0131 ikinci bask\u0131 bile yapamayan Atay&#8217;\u0131n kitaplar\u0131 \u00f6l\u00fcm\u00fcnden sonra b\u00fcy\u00fck ilgi g\u00f6rd\u00fc ve defalarca bas\u0131ld\u0131. Y\u0131ld\u0131z Ecevit&#8217;in haz\u0131rlad\u0131\u011f\u0131 O\u011fuz Atay biyografisi &#8220;Ben Buraday\u0131m&#8230;&#8221; 2005 y\u0131l\u0131nda yay\u0131nland\u0131. T\u00fcrk Edebiyat\u0131&#8217;nda yazd\u0131\u011f\u0131 Tutunamayanlar ile post-modern tarzda eser veren ilk yazar\u0131m\u0131z O\u011fuz Atay&#8217;d\u0131r.<\/p>\n<p>O\u011fuz Atay,\u00f6zellikle Tutunamayanlar roman\u0131nda, modern \u015fehir ya\u015fam\u0131 i\u00e7inde bireyin ya\u015fad\u0131\u011f\u0131 yaln\u0131zl\u0131\u011f\u0131, toplumdan kopu\u015flar\u0131 ve toplumsal ahlaka,kal\u0131pla\u015fm\u0131\u015f d\u00fc\u015f\u00fcncelere yabanc\u0131la\u015fan, tutunamayan bireylerin i\u00e7 d\u00fcnyas\u0131n\u0131 anlat\u0131r. Yap\u0131tlar\u0131 ele\u015ftiri, mizah ve ironi bar\u0131nd\u0131r\u0131r.<\/p>\n<p style=\"text-align: justify;\"><strong>Yay\u0131mlanm\u0131\u015f Kitaplar\u0131<\/strong><\/p>\n<p> Tutunamayanlar (1972)<br \/> Tehlikeli Oyunlar (1973)<br \/> Bir Bilim Adam\u0131n\u0131n Roman\u0131 (1975)<br \/> Korkuyu Beklerken (1975)<br \/> Oyunlarla Ya\u015fayanlar (1985)<br \/> G\u00fcnl\u00fck (1987)<br \/> Eylembilim (1998)<\/p>\n","protected":false},"excerpt":{"rendered":"<p>O\u011fuz Atay (d. 1934, \u0130nebolu, Kastamonu, T\u00fcrkiye) &#8211; (\u00f6. 13 Aral\u0131k 1977 \u0130stanbul) Babas\u0131, VI., VII D\u00f6nem Sinop, VIII. D\u00f6nem Kastamonu Milletvekilli\u011fi yapan Cemil Atay&#8217;d\u0131r. 1951&#8217;de Ankara Maarif Koleji&#8217;ni, 1957&#8217;de de \u0130T\u00dc \u0130n\u015faat Fak\u00fcltesi&#8217;ni bitirdi. \u00dc\u00e7 y\u0131l sonra \u0130DMMA (\u0130stanbul Devlet M\u00fchendislik ve Mimarl\u0131k Akademisi) \u0130n\u015faat B\u00f6l\u00fcm\u00fc&#8217;nde \u00f6\u011fretim \u00fcyesi oldu. 1975&#8217;te do\u00e7ent olan Atay, Topografya [&hellip;]<\/p>\n","protected":false},"author":1,"featured_media":0,"comment_status":"open","ping_status":"open","sticky":false,"template":"","format":"standard","meta":{"footnotes":""},"categories":[187],"tags":[],"class_list":{"0":"post-5943","1":"post","2":"type-post","3":"status-publish","4":"format-standard","6":"category-oguz-atay"},"yoast_head":"<!-- This site is optimized with the Yoast SEO Premium plugin v24.9 (Yoast SEO v24.9) - https:\/\/yoast.com\/wordpress\/plugins\/seo\/ -->\n<title>O\u011fuz ATAY Biyografisi - narteks.net<\/title>\n<meta name=\"robots\" content=\"index, follow, max-snippet:-1, max-image-preview:large, max-video-preview:-1\" \/>\n<link rel=\"canonical\" href=\"https:\/\/narteks.net\/index.php\/2011\/05\/24\/oguz-atay-biyografisi\/\" \/>\n<meta property=\"og:locale\" content=\"tr_TR\" \/>\n<meta property=\"og:type\" content=\"article\" \/>\n<meta property=\"og:title\" content=\"O\u011fuz ATAY Biyografisi\" \/>\n<meta property=\"og:description\" content=\"O\u011fuz Atay (d. 1934, \u0130nebolu, Kastamonu, T\u00fcrkiye) &#8211; (\u00f6. 13 Aral\u0131k 1977 \u0130stanbul) Babas\u0131, VI., VII D\u00f6nem Sinop, VIII. D\u00f6nem Kastamonu Milletvekilli\u011fi yapan Cemil Atay&#8217;d\u0131r. 1951&#8217;de Ankara Maarif Koleji&#8217;ni, 1957&#8217;de de \u0130T\u00dc \u0130n\u015faat Fak\u00fcltesi&#8217;ni bitirdi. \u00dc\u00e7 y\u0131l sonra \u0130DMMA (\u0130stanbul Devlet M\u00fchendislik ve Mimarl\u0131k Akademisi) \u0130n\u015faat B\u00f6l\u00fcm\u00fc&#8217;nde \u00f6\u011fretim \u00fcyesi oldu. 1975&#8217;te do\u00e7ent olan Atay, Topografya [&hellip;]\" \/>\n<meta property=\"og:url\" content=\"https:\/\/narteks.net\/index.php\/2011\/05\/24\/oguz-atay-biyografisi\/\" \/>\n<meta property=\"og:site_name\" content=\"narteks.net\" \/>\n<meta property=\"article:published_time\" content=\"2011-05-24T18:13:41+00:00\" \/>\n<meta property=\"og:image\" content=\"http:\/\/www.kitlecizgisi.com\/haberresim\/oguz%20atay(1).jpg\" \/>\n<meta name=\"author\" content=\"Tar\u0131k\" \/>\n<meta name=\"twitter:card\" content=\"summary_large_image\" \/>\n<meta name=\"twitter:creator\" content=\"@narteks\" \/>\n<meta name=\"twitter:site\" content=\"@narteks\" \/>\n<meta name=\"twitter:label1\" content=\"Yazan:\" \/>\n\t<meta name=\"twitter:data1\" content=\"Tar\u0131k\" \/>\n\t<meta name=\"twitter:label2\" content=\"Tahmini okuma s\u00fcresi\" \/>\n\t<meta name=\"twitter:data2\" content=\"2 dakika\" \/>\n<script type=\"application\/ld+json\" class=\"yoast-schema-graph\">{\"@context\":\"https:\/\/schema.org\",\"@graph\":[{\"@type\":\"Article\",\"@id\":\"https:\/\/narteks.net\/index.php\/2011\/05\/24\/oguz-atay-biyografisi\/#article\",\"isPartOf\":{\"@id\":\"https:\/\/narteks.net\/index.php\/2011\/05\/24\/oguz-atay-biyografisi\/\"},\"author\":{\"name\":\"Tar\u0131k\",\"@id\":\"https:\/\/narteks.net\/#\/schema\/person\/61f37d9834294b72d31d274e7ed79bca\"},\"headline\":\"O\u011fuz ATAY Biyografisi\",\"datePublished\":\"2011-05-24T18:13:41+00:00\",\"mainEntityOfPage\":{\"@id\":\"https:\/\/narteks.net\/index.php\/2011\/05\/24\/oguz-atay-biyografisi\/\"},\"wordCount\":424,\"commentCount\":0,\"publisher\":{\"@id\":\"https:\/\/narteks.net\/#organization\"},\"image\":{\"@id\":\"https:\/\/narteks.net\/index.php\/2011\/05\/24\/oguz-atay-biyografisi\/#primaryimage\"},\"thumbnailUrl\":\"http:\/\/www.kitlecizgisi.com\/haberresim\/oguz%20atay(1).jpg\",\"articleSection\":[\"O\u011fuz ATAY\"],\"inLanguage\":\"tr\",\"potentialAction\":[{\"@type\":\"CommentAction\",\"name\":\"Comment\",\"target\":[\"https:\/\/narteks.net\/index.php\/2011\/05\/24\/oguz-atay-biyografisi\/#respond\"]}]},{\"@type\":\"WebPage\",\"@id\":\"https:\/\/narteks.net\/index.php\/2011\/05\/24\/oguz-atay-biyografisi\/\",\"url\":\"https:\/\/narteks.net\/index.php\/2011\/05\/24\/oguz-atay-biyografisi\/\",\"name\":\"O\u011fuz ATAY Biyografisi - narteks.net\",\"isPartOf\":{\"@id\":\"https:\/\/narteks.net\/#website\"},\"primaryImageOfPage\":{\"@id\":\"https:\/\/narteks.net\/index.php\/2011\/05\/24\/oguz-atay-biyografisi\/#primaryimage\"},\"image\":{\"@id\":\"https:\/\/narteks.net\/index.php\/2011\/05\/24\/oguz-atay-biyografisi\/#primaryimage\"},\"thumbnailUrl\":\"http:\/\/www.kitlecizgisi.com\/haberresim\/oguz%20atay(1).jpg\",\"datePublished\":\"2011-05-24T18:13:41+00:00\",\"breadcrumb\":{\"@id\":\"https:\/\/narteks.net\/index.php\/2011\/05\/24\/oguz-atay-biyografisi\/#breadcrumb\"},\"inLanguage\":\"tr\",\"potentialAction\":[{\"@type\":\"ReadAction\",\"target\":[\"https:\/\/narteks.net\/index.php\/2011\/05\/24\/oguz-atay-biyografisi\/\"]}]},{\"@type\":\"ImageObject\",\"inLanguage\":\"tr\",\"@id\":\"https:\/\/narteks.net\/index.php\/2011\/05\/24\/oguz-atay-biyografisi\/#primaryimage\",\"url\":\"http:\/\/www.kitlecizgisi.com\/haberresim\/oguz%20atay(1).jpg\",\"contentUrl\":\"http:\/\/www.kitlecizgisi.com\/haberresim\/oguz%20atay(1).jpg\"},{\"@type\":\"BreadcrumbList\",\"@id\":\"https:\/\/narteks.net\/index.php\/2011\/05\/24\/oguz-atay-biyografisi\/#breadcrumb\",\"itemListElement\":[{\"@type\":\"ListItem\",\"position\":1,\"name\":\"Anasayfa\",\"item\":\"https:\/\/narteks.net\/\"},{\"@type\":\"ListItem\",\"position\":2,\"name\":\"O\u011fuz ATAY Biyografisi\"}]},{\"@type\":\"WebSite\",\"@id\":\"https:\/\/narteks.net\/#website\",\"url\":\"https:\/\/narteks.net\/\",\"name\":\"narteks.net\",\"description\":\"K\u00fclt\u00fcr Sanat Edebiyat Felsefe\",\"publisher\":{\"@id\":\"https:\/\/narteks.net\/#organization\"},\"alternateName\":\"K\u00fclt\u00fcr Sanat Edebiyat Felsefe\",\"potentialAction\":[{\"@type\":\"SearchAction\",\"target\":{\"@type\":\"EntryPoint\",\"urlTemplate\":\"https:\/\/narteks.net\/?s={search_term_string}\"},\"query-input\":{\"@type\":\"PropertyValueSpecification\",\"valueRequired\":true,\"valueName\":\"search_term_string\"}}],\"inLanguage\":\"tr\"},{\"@type\":\"Organization\",\"@id\":\"https:\/\/narteks.net\/#organization\",\"name\":\"narteks.net\",\"url\":\"https:\/\/narteks.net\/\",\"logo\":{\"@type\":\"ImageObject\",\"inLanguage\":\"tr\",\"@id\":\"https:\/\/narteks.net\/#\/schema\/logo\/image\/\",\"url\":\"https:\/\/narteks.net\/wp-content\/uploads\/narteks.png\",\"contentUrl\":\"https:\/\/narteks.net\/wp-content\/uploads\/narteks.png\",\"width\":300,\"height\":90,\"caption\":\"narteks.net\"},\"image\":{\"@id\":\"https:\/\/narteks.net\/#\/schema\/logo\/image\/\"},\"sameAs\":[\"https:\/\/x.com\/narteks\",\"https:\/\/instagram.com\/narteksnet\"]},{\"@type\":\"Person\",\"@id\":\"https:\/\/narteks.net\/#\/schema\/person\/61f37d9834294b72d31d274e7ed79bca\",\"name\":\"Tar\u0131k\",\"image\":{\"@type\":\"ImageObject\",\"inLanguage\":\"tr\",\"@id\":\"https:\/\/narteks.net\/#\/schema\/person\/image\/\",\"url\":\"https:\/\/secure.gravatar.com\/avatar\/50865afb55632c4ae467e0af0930f6510aa2297d8014be502a55b14f3b7550cf?s=96&d=mm&r=g\",\"contentUrl\":\"https:\/\/secure.gravatar.com\/avatar\/50865afb55632c4ae467e0af0930f6510aa2297d8014be502a55b14f3b7550cf?s=96&d=mm&r=g\",\"caption\":\"Tar\u0131k\"},\"sameAs\":[\"http:\/\/narteks.net\"],\"url\":\"https:\/\/narteks.net\/index.php\/author\/narbak\/\"}]}<\/script>\n<!-- \/ Yoast SEO Premium plugin. -->","yoast_head_json":{"title":"O\u011fuz ATAY Biyografisi - narteks.net","robots":{"index":"index","follow":"follow","max-snippet":"max-snippet:-1","max-image-preview":"max-image-preview:large","max-video-preview":"max-video-preview:-1"},"canonical":"https:\/\/narteks.net\/index.php\/2011\/05\/24\/oguz-atay-biyografisi\/","og_locale":"tr_TR","og_type":"article","og_title":"O\u011fuz ATAY Biyografisi","og_description":"O\u011fuz Atay (d. 1934, \u0130nebolu, Kastamonu, T\u00fcrkiye) &#8211; (\u00f6. 13 Aral\u0131k 1977 \u0130stanbul) Babas\u0131, VI., VII D\u00f6nem Sinop, VIII. D\u00f6nem Kastamonu Milletvekilli\u011fi yapan Cemil Atay&#8217;d\u0131r. 1951&#8217;de Ankara Maarif Koleji&#8217;ni, 1957&#8217;de de \u0130T\u00dc \u0130n\u015faat Fak\u00fcltesi&#8217;ni bitirdi. \u00dc\u00e7 y\u0131l sonra \u0130DMMA (\u0130stanbul Devlet M\u00fchendislik ve Mimarl\u0131k Akademisi) \u0130n\u015faat B\u00f6l\u00fcm\u00fc&#8217;nde \u00f6\u011fretim \u00fcyesi oldu. 1975&#8217;te do\u00e7ent olan Atay, Topografya [&hellip;]","og_url":"https:\/\/narteks.net\/index.php\/2011\/05\/24\/oguz-atay-biyografisi\/","og_site_name":"narteks.net","article_published_time":"2011-05-24T18:13:41+00:00","og_image":[{"url":"http:\/\/www.kitlecizgisi.com\/haberresim\/oguz%20atay(1).jpg","type":"","width":"","height":""}],"author":"Tar\u0131k","twitter_card":"summary_large_image","twitter_creator":"@narteks","twitter_site":"@narteks","twitter_misc":{"Yazan:":"Tar\u0131k","Tahmini okuma s\u00fcresi":"2 dakika"},"schema":{"@context":"https:\/\/schema.org","@graph":[{"@type":"Article","@id":"https:\/\/narteks.net\/index.php\/2011\/05\/24\/oguz-atay-biyografisi\/#article","isPartOf":{"@id":"https:\/\/narteks.net\/index.php\/2011\/05\/24\/oguz-atay-biyografisi\/"},"author":{"name":"Tar\u0131k","@id":"https:\/\/narteks.net\/#\/schema\/person\/61f37d9834294b72d31d274e7ed79bca"},"headline":"O\u011fuz ATAY Biyografisi","datePublished":"2011-05-24T18:13:41+00:00","mainEntityOfPage":{"@id":"https:\/\/narteks.net\/index.php\/2011\/05\/24\/oguz-atay-biyografisi\/"},"wordCount":424,"commentCount":0,"publisher":{"@id":"https:\/\/narteks.net\/#organization"},"image":{"@id":"https:\/\/narteks.net\/index.php\/2011\/05\/24\/oguz-atay-biyografisi\/#primaryimage"},"thumbnailUrl":"http:\/\/www.kitlecizgisi.com\/haberresim\/oguz%20atay(1).jpg","articleSection":["O\u011fuz ATAY"],"inLanguage":"tr","potentialAction":[{"@type":"CommentAction","name":"Comment","target":["https:\/\/narteks.net\/index.php\/2011\/05\/24\/oguz-atay-biyografisi\/#respond"]}]},{"@type":"WebPage","@id":"https:\/\/narteks.net\/index.php\/2011\/05\/24\/oguz-atay-biyografisi\/","url":"https:\/\/narteks.net\/index.php\/2011\/05\/24\/oguz-atay-biyografisi\/","name":"O\u011fuz ATAY Biyografisi - narteks.net","isPartOf":{"@id":"https:\/\/narteks.net\/#website"},"primaryImageOfPage":{"@id":"https:\/\/narteks.net\/index.php\/2011\/05\/24\/oguz-atay-biyografisi\/#primaryimage"},"image":{"@id":"https:\/\/narteks.net\/index.php\/2011\/05\/24\/oguz-atay-biyografisi\/#primaryimage"},"thumbnailUrl":"http:\/\/www.kitlecizgisi.com\/haberresim\/oguz%20atay(1).jpg","datePublished":"2011-05-24T18:13:41+00:00","breadcrumb":{"@id":"https:\/\/narteks.net\/index.php\/2011\/05\/24\/oguz-atay-biyografisi\/#breadcrumb"},"inLanguage":"tr","potentialAction":[{"@type":"ReadAction","target":["https:\/\/narteks.net\/index.php\/2011\/05\/24\/oguz-atay-biyografisi\/"]}]},{"@type":"ImageObject","inLanguage":"tr","@id":"https:\/\/narteks.net\/index.php\/2011\/05\/24\/oguz-atay-biyografisi\/#primaryimage","url":"http:\/\/www.kitlecizgisi.com\/haberresim\/oguz%20atay(1).jpg","contentUrl":"http:\/\/www.kitlecizgisi.com\/haberresim\/oguz%20atay(1).jpg"},{"@type":"BreadcrumbList","@id":"https:\/\/narteks.net\/index.php\/2011\/05\/24\/oguz-atay-biyografisi\/#breadcrumb","itemListElement":[{"@type":"ListItem","position":1,"name":"Anasayfa","item":"https:\/\/narteks.net\/"},{"@type":"ListItem","position":2,"name":"O\u011fuz ATAY Biyografisi"}]},{"@type":"WebSite","@id":"https:\/\/narteks.net\/#website","url":"https:\/\/narteks.net\/","name":"narteks.net","description":"K\u00fclt\u00fcr Sanat Edebiyat Felsefe","publisher":{"@id":"https:\/\/narteks.net\/#organization"},"alternateName":"K\u00fclt\u00fcr Sanat Edebiyat Felsefe","potentialAction":[{"@type":"SearchAction","target":{"@type":"EntryPoint","urlTemplate":"https:\/\/narteks.net\/?s={search_term_string}"},"query-input":{"@type":"PropertyValueSpecification","valueRequired":true,"valueName":"search_term_string"}}],"inLanguage":"tr"},{"@type":"Organization","@id":"https:\/\/narteks.net\/#organization","name":"narteks.net","url":"https:\/\/narteks.net\/","logo":{"@type":"ImageObject","inLanguage":"tr","@id":"https:\/\/narteks.net\/#\/schema\/logo\/image\/","url":"https:\/\/narteks.net\/wp-content\/uploads\/narteks.png","contentUrl":"https:\/\/narteks.net\/wp-content\/uploads\/narteks.png","width":300,"height":90,"caption":"narteks.net"},"image":{"@id":"https:\/\/narteks.net\/#\/schema\/logo\/image\/"},"sameAs":["https:\/\/x.com\/narteks","https:\/\/instagram.com\/narteksnet"]},{"@type":"Person","@id":"https:\/\/narteks.net\/#\/schema\/person\/61f37d9834294b72d31d274e7ed79bca","name":"Tar\u0131k","image":{"@type":"ImageObject","inLanguage":"tr","@id":"https:\/\/narteks.net\/#\/schema\/person\/image\/","url":"https:\/\/secure.gravatar.com\/avatar\/50865afb55632c4ae467e0af0930f6510aa2297d8014be502a55b14f3b7550cf?s=96&d=mm&r=g","contentUrl":"https:\/\/secure.gravatar.com\/avatar\/50865afb55632c4ae467e0af0930f6510aa2297d8014be502a55b14f3b7550cf?s=96&d=mm&r=g","caption":"Tar\u0131k"},"sameAs":["http:\/\/narteks.net"],"url":"https:\/\/narteks.net\/index.php\/author\/narbak\/"}]}},"_links":{"self":[{"href":"https:\/\/narteks.net\/index.php\/wp-json\/wp\/v2\/posts\/5943","targetHints":{"allow":["GET"]}}],"collection":[{"href":"https:\/\/narteks.net\/index.php\/wp-json\/wp\/v2\/posts"}],"about":[{"href":"https:\/\/narteks.net\/index.php\/wp-json\/wp\/v2\/types\/post"}],"author":[{"embeddable":true,"href":"https:\/\/narteks.net\/index.php\/wp-json\/wp\/v2\/users\/1"}],"replies":[{"embeddable":true,"href":"https:\/\/narteks.net\/index.php\/wp-json\/wp\/v2\/comments?post=5943"}],"version-history":[{"count":0,"href":"https:\/\/narteks.net\/index.php\/wp-json\/wp\/v2\/posts\/5943\/revisions"}],"wp:attachment":[{"href":"https:\/\/narteks.net\/index.php\/wp-json\/wp\/v2\/media?parent=5943"}],"wp:term":[{"taxonomy":"category","embeddable":true,"href":"https:\/\/narteks.net\/index.php\/wp-json\/wp\/v2\/categories?post=5943"},{"taxonomy":"post_tag","embeddable":true,"href":"https:\/\/narteks.net\/index.php\/wp-json\/wp\/v2\/tags?post=5943"}],"curies":[{"name":"wp","href":"https:\/\/api.w.org\/{rel}","templated":true}]}}