{"id":5949,"date":"2011-05-25T10:54:16","date_gmt":"2011-05-25T07:54:16","guid":{"rendered":"http:\/\/localhost\/wordpress\/2011\/05\/25\/aksam-turkuleri\/"},"modified":"2011-05-25T10:54:16","modified_gmt":"2011-05-25T07:54:16","slug":"aksam-turkuleri","status":"publish","type":"post","link":"https:\/\/narteks.net\/index.php\/2011\/05\/25\/aksam-turkuleri\/","title":{"rendered":"AK\u015eAM T\u00dcRK\u00dcLER\u0130"},"content":{"rendered":"<p>\u00a0<\/p>\n<p><span>Beyaz bir g\u00fcn \u00fcst\u00fcme kapan\u0131yor<br \/> Ye\u015filini s\u00fcze s\u00fcze ormanlar\u0131n<br \/> Ah deniz dipleri neredesiniz<br \/> Derin deniz dipleri<br \/> G\u00f6zleri kadar g\u00fczel sevdal\u0131m\u0131n<br \/> Uzayan g\u00f6lgelere uzan\u0131yorum<br \/> \u00dcst\u00fcmde h\u0131r\u00e7\u0131n bir mavi<br \/> Yeni bir zamana ba\u015flar gibiyim<br \/> Batan g\u00fcn\u00fcn \u00f6lg\u00fcn k\u0131rm\u0131z\u0131s\u0131nda<br \/> Usulca koyuluyor ak\u015fam t\u00fcrk\u00fcleri<br \/> G\u00fcn bir ko\u015fuda da\u011f\u0131ld\u0131 gitti<br \/> \u0130nsan, olursa olsun diyemiyor<br \/> Dokundu\u011fum ne varsa kay\u0131yor ellerimden<br \/> Ben, bir \u015fey olmam\u0131\u015f gibi<br \/> \u00d6l\u00fcms\u00fcz bir tutkuya davran\u0131yorum<br \/> Nas\u0131l olsa geceye daha \u00e7ok var<br \/> Yasalar\u0131na s\u0131k\u0131 s\u0131k\u0131ya ba\u011fl\u0131 g\u00fcne\u015f<br \/> Ufka do\u011fru s\u00fcz\u00fcl\u00fcyor olsa da<br \/> Her sevince yeniden ba\u015fl\u0131yorum. <\/span><\/p>\n<p><span>Af\u015far T\u0130MU\u00c7\u0130N<br \/><\/span><\/p>\n","protected":false},"excerpt":{"rendered":"<p>\u00a0 Beyaz bir g\u00fcn \u00fcst\u00fcme kapan\u0131yor Ye\u015filini s\u00fcze s\u00fcze ormanlar\u0131n Ah deniz dipleri neredesiniz Derin deniz dipleri G\u00f6zleri kadar g\u00fczel sevdal\u0131m\u0131n Uzayan g\u00f6lgelere uzan\u0131yorum \u00dcst\u00fcmde h\u0131r\u00e7\u0131n bir mavi Yeni bir zamana ba\u015flar gibiyim Batan g\u00fcn\u00fcn \u00f6lg\u00fcn k\u0131rm\u0131z\u0131s\u0131nda Usulca koyuluyor ak\u015fam t\u00fcrk\u00fcleri G\u00fcn bir ko\u015fuda da\u011f\u0131ld\u0131 gitti \u0130nsan, olursa olsun diyemiyor Dokundu\u011fum ne varsa kay\u0131yor ellerimden [&hellip;]<\/p>\n","protected":false},"author":1,"featured_media":0,"comment_status":"open","ping_status":"open","sticky":false,"template":"","format":"standard","meta":{"footnotes":""},"categories":[188],"tags":[],"class_list":{"0":"post-5949","1":"post","2":"type-post","3":"status-publish","4":"format-standard","6":"category-afsar-timucin-siirleri"},"yoast_head":"<!-- This site is optimized with the Yoast SEO Premium plugin v24.9 (Yoast SEO v24.9) - https:\/\/yoast.com\/wordpress\/plugins\/seo\/ -->\n<title>AK\u015eAM T\u00dcRK\u00dcLER\u0130 - narteks.net<\/title>\n<meta name=\"robots\" content=\"index, follow, max-snippet:-1, max-image-preview:large, max-video-preview:-1\" \/>\n<link rel=\"canonical\" href=\"https:\/\/narteks.net\/index.php\/2011\/05\/25\/aksam-turkuleri\/\" \/>\n<meta property=\"og:locale\" content=\"tr_TR\" \/>\n<meta property=\"og:type\" content=\"article\" \/>\n<meta property=\"og:title\" content=\"AK\u015eAM T\u00dcRK\u00dcLER\u0130\" \/>\n<meta property=\"og:description\" content=\"\u00a0 Beyaz bir g\u00fcn \u00fcst\u00fcme kapan\u0131yor Ye\u015filini s\u00fcze s\u00fcze ormanlar\u0131n Ah deniz dipleri neredesiniz Derin deniz dipleri G\u00f6zleri kadar g\u00fczel sevdal\u0131m\u0131n Uzayan g\u00f6lgelere uzan\u0131yorum \u00dcst\u00fcmde h\u0131r\u00e7\u0131n bir mavi Yeni bir zamana ba\u015flar gibiyim Batan g\u00fcn\u00fcn \u00f6lg\u00fcn k\u0131rm\u0131z\u0131s\u0131nda Usulca koyuluyor ak\u015fam t\u00fcrk\u00fcleri G\u00fcn bir ko\u015fuda da\u011f\u0131ld\u0131 gitti \u0130nsan, olursa olsun diyemiyor Dokundu\u011fum ne varsa kay\u0131yor ellerimden [&hellip;]\" \/>\n<meta property=\"og:url\" content=\"https:\/\/narteks.net\/index.php\/2011\/05\/25\/aksam-turkuleri\/\" \/>\n<meta property=\"og:site_name\" content=\"narteks.net\" \/>\n<meta property=\"article:published_time\" content=\"2011-05-25T07:54:16+00:00\" \/>\n<meta property=\"og:image\" content=\"https:\/\/narteks.net\/wp-content\/uploads\/narteks.png\" \/>\n\t<meta property=\"og:image:width\" content=\"300\" \/>\n\t<meta property=\"og:image:height\" content=\"90\" \/>\n\t<meta property=\"og:image:type\" content=\"image\/png\" \/>\n<meta name=\"author\" content=\"Tar\u0131k\" \/>\n<meta name=\"twitter:card\" content=\"summary_large_image\" \/>\n<meta name=\"twitter:creator\" content=\"@narteks\" \/>\n<meta name=\"twitter:site\" content=\"@narteks\" \/>\n<meta name=\"twitter:label1\" content=\"Yazan:\" \/>\n\t<meta name=\"twitter:data1\" content=\"Tar\u0131k\" \/>\n\t<meta name=\"twitter:label2\" content=\"Tahmini okuma s\u00fcresi\" \/>\n\t<meta name=\"twitter:data2\" content=\"1 dakika\" \/>\n<script type=\"application\/ld+json\" class=\"yoast-schema-graph\">{\"@context\":\"https:\/\/schema.org\",\"@graph\":[{\"@type\":\"Article\",\"@id\":\"https:\/\/narteks.net\/index.php\/2011\/05\/25\/aksam-turkuleri\/#article\",\"isPartOf\":{\"@id\":\"https:\/\/narteks.net\/index.php\/2011\/05\/25\/aksam-turkuleri\/\"},\"author\":{\"name\":\"Tar\u0131k\",\"@id\":\"https:\/\/narteks.net\/#\/schema\/person\/61f37d9834294b72d31d274e7ed79bca\"},\"headline\":\"AK\u015eAM T\u00dcRK\u00dcLER\u0130\",\"datePublished\":\"2011-05-25T07:54:16+00:00\",\"mainEntityOfPage\":{\"@id\":\"https:\/\/narteks.net\/index.php\/2011\/05\/25\/aksam-turkuleri\/\"},\"wordCount\":141,\"commentCount\":0,\"publisher\":{\"@id\":\"https:\/\/narteks.net\/#organization\"},\"articleSection\":[\"Af\u015far T\u0130MU\u00c7\u0130N \u015fiirleri\"],\"inLanguage\":\"tr\",\"potentialAction\":[{\"@type\":\"CommentAction\",\"name\":\"Comment\",\"target\":[\"https:\/\/narteks.net\/index.php\/2011\/05\/25\/aksam-turkuleri\/#respond\"]}]},{\"@type\":\"WebPage\",\"@id\":\"https:\/\/narteks.net\/index.php\/2011\/05\/25\/aksam-turkuleri\/\",\"url\":\"https:\/\/narteks.net\/index.php\/2011\/05\/25\/aksam-turkuleri\/\",\"name\":\"AK\u015eAM T\u00dcRK\u00dcLER\u0130 - narteks.net\",\"isPartOf\":{\"@id\":\"https:\/\/narteks.net\/#website\"},\"datePublished\":\"2011-05-25T07:54:16+00:00\",\"breadcrumb\":{\"@id\":\"https:\/\/narteks.net\/index.php\/2011\/05\/25\/aksam-turkuleri\/#breadcrumb\"},\"inLanguage\":\"tr\",\"potentialAction\":[{\"@type\":\"ReadAction\",\"target\":[\"https:\/\/narteks.net\/index.php\/2011\/05\/25\/aksam-turkuleri\/\"]}]},{\"@type\":\"BreadcrumbList\",\"@id\":\"https:\/\/narteks.net\/index.php\/2011\/05\/25\/aksam-turkuleri\/#breadcrumb\",\"itemListElement\":[{\"@type\":\"ListItem\",\"position\":1,\"name\":\"Anasayfa\",\"item\":\"https:\/\/narteks.net\/\"},{\"@type\":\"ListItem\",\"position\":2,\"name\":\"AK\u015eAM T\u00dcRK\u00dcLER\u0130\"}]},{\"@type\":\"WebSite\",\"@id\":\"https:\/\/narteks.net\/#website\",\"url\":\"https:\/\/narteks.net\/\",\"name\":\"narteks.net\",\"description\":\"K\u00fclt\u00fcr Sanat Edebiyat Felsefe\",\"publisher\":{\"@id\":\"https:\/\/narteks.net\/#organization\"},\"alternateName\":\"K\u00fclt\u00fcr Sanat Edebiyat Felsefe\",\"potentialAction\":[{\"@type\":\"SearchAction\",\"target\":{\"@type\":\"EntryPoint\",\"urlTemplate\":\"https:\/\/narteks.net\/?s={search_term_string}\"},\"query-input\":{\"@type\":\"PropertyValueSpecification\",\"valueRequired\":true,\"valueName\":\"search_term_string\"}}],\"inLanguage\":\"tr\"},{\"@type\":\"Organization\",\"@id\":\"https:\/\/narteks.net\/#organization\",\"name\":\"narteks.net\",\"url\":\"https:\/\/narteks.net\/\",\"logo\":{\"@type\":\"ImageObject\",\"inLanguage\":\"tr\",\"@id\":\"https:\/\/narteks.net\/#\/schema\/logo\/image\/\",\"url\":\"https:\/\/narteks.net\/wp-content\/uploads\/narteks.png\",\"contentUrl\":\"https:\/\/narteks.net\/wp-content\/uploads\/narteks.png\",\"width\":300,\"height\":90,\"caption\":\"narteks.net\"},\"image\":{\"@id\":\"https:\/\/narteks.net\/#\/schema\/logo\/image\/\"},\"sameAs\":[\"https:\/\/x.com\/narteks\",\"https:\/\/instagram.com\/narteksnet\"]},{\"@type\":\"Person\",\"@id\":\"https:\/\/narteks.net\/#\/schema\/person\/61f37d9834294b72d31d274e7ed79bca\",\"name\":\"Tar\u0131k\",\"image\":{\"@type\":\"ImageObject\",\"inLanguage\":\"tr\",\"@id\":\"https:\/\/narteks.net\/#\/schema\/person\/image\/\",\"url\":\"https:\/\/secure.gravatar.com\/avatar\/50865afb55632c4ae467e0af0930f6510aa2297d8014be502a55b14f3b7550cf?s=96&d=mm&r=g\",\"contentUrl\":\"https:\/\/secure.gravatar.com\/avatar\/50865afb55632c4ae467e0af0930f6510aa2297d8014be502a55b14f3b7550cf?s=96&d=mm&r=g\",\"caption\":\"Tar\u0131k\"},\"sameAs\":[\"http:\/\/narteks.net\"],\"url\":\"https:\/\/narteks.net\/index.php\/author\/narbak\/\"}]}<\/script>\n<!-- \/ Yoast SEO Premium plugin. -->","yoast_head_json":{"title":"AK\u015eAM T\u00dcRK\u00dcLER\u0130 - narteks.net","robots":{"index":"index","follow":"follow","max-snippet":"max-snippet:-1","max-image-preview":"max-image-preview:large","max-video-preview":"max-video-preview:-1"},"canonical":"https:\/\/narteks.net\/index.php\/2011\/05\/25\/aksam-turkuleri\/","og_locale":"tr_TR","og_type":"article","og_title":"AK\u015eAM T\u00dcRK\u00dcLER\u0130","og_description":"\u00a0 Beyaz bir g\u00fcn \u00fcst\u00fcme kapan\u0131yor Ye\u015filini s\u00fcze s\u00fcze ormanlar\u0131n Ah deniz dipleri neredesiniz Derin deniz dipleri G\u00f6zleri kadar g\u00fczel sevdal\u0131m\u0131n Uzayan g\u00f6lgelere uzan\u0131yorum \u00dcst\u00fcmde h\u0131r\u00e7\u0131n bir mavi Yeni bir zamana ba\u015flar gibiyim Batan g\u00fcn\u00fcn \u00f6lg\u00fcn k\u0131rm\u0131z\u0131s\u0131nda Usulca koyuluyor ak\u015fam t\u00fcrk\u00fcleri G\u00fcn bir ko\u015fuda da\u011f\u0131ld\u0131 gitti \u0130nsan, olursa olsun diyemiyor Dokundu\u011fum ne varsa kay\u0131yor ellerimden [&hellip;]","og_url":"https:\/\/narteks.net\/index.php\/2011\/05\/25\/aksam-turkuleri\/","og_site_name":"narteks.net","article_published_time":"2011-05-25T07:54:16+00:00","og_image":[{"width":300,"height":90,"url":"https:\/\/narteks.net\/wp-content\/uploads\/narteks.png","type":"image\/png"}],"author":"Tar\u0131k","twitter_card":"summary_large_image","twitter_creator":"@narteks","twitter_site":"@narteks","twitter_misc":{"Yazan:":"Tar\u0131k","Tahmini okuma s\u00fcresi":"1 dakika"},"schema":{"@context":"https:\/\/schema.org","@graph":[{"@type":"Article","@id":"https:\/\/narteks.net\/index.php\/2011\/05\/25\/aksam-turkuleri\/#article","isPartOf":{"@id":"https:\/\/narteks.net\/index.php\/2011\/05\/25\/aksam-turkuleri\/"},"author":{"name":"Tar\u0131k","@id":"https:\/\/narteks.net\/#\/schema\/person\/61f37d9834294b72d31d274e7ed79bca"},"headline":"AK\u015eAM T\u00dcRK\u00dcLER\u0130","datePublished":"2011-05-25T07:54:16+00:00","mainEntityOfPage":{"@id":"https:\/\/narteks.net\/index.php\/2011\/05\/25\/aksam-turkuleri\/"},"wordCount":141,"commentCount":0,"publisher":{"@id":"https:\/\/narteks.net\/#organization"},"articleSection":["Af\u015far T\u0130MU\u00c7\u0130N \u015fiirleri"],"inLanguage":"tr","potentialAction":[{"@type":"CommentAction","name":"Comment","target":["https:\/\/narteks.net\/index.php\/2011\/05\/25\/aksam-turkuleri\/#respond"]}]},{"@type":"WebPage","@id":"https:\/\/narteks.net\/index.php\/2011\/05\/25\/aksam-turkuleri\/","url":"https:\/\/narteks.net\/index.php\/2011\/05\/25\/aksam-turkuleri\/","name":"AK\u015eAM T\u00dcRK\u00dcLER\u0130 - narteks.net","isPartOf":{"@id":"https:\/\/narteks.net\/#website"},"datePublished":"2011-05-25T07:54:16+00:00","breadcrumb":{"@id":"https:\/\/narteks.net\/index.php\/2011\/05\/25\/aksam-turkuleri\/#breadcrumb"},"inLanguage":"tr","potentialAction":[{"@type":"ReadAction","target":["https:\/\/narteks.net\/index.php\/2011\/05\/25\/aksam-turkuleri\/"]}]},{"@type":"BreadcrumbList","@id":"https:\/\/narteks.net\/index.php\/2011\/05\/25\/aksam-turkuleri\/#breadcrumb","itemListElement":[{"@type":"ListItem","position":1,"name":"Anasayfa","item":"https:\/\/narteks.net\/"},{"@type":"ListItem","position":2,"name":"AK\u015eAM T\u00dcRK\u00dcLER\u0130"}]},{"@type":"WebSite","@id":"https:\/\/narteks.net\/#website","url":"https:\/\/narteks.net\/","name":"narteks.net","description":"K\u00fclt\u00fcr Sanat Edebiyat Felsefe","publisher":{"@id":"https:\/\/narteks.net\/#organization"},"alternateName":"K\u00fclt\u00fcr Sanat Edebiyat Felsefe","potentialAction":[{"@type":"SearchAction","target":{"@type":"EntryPoint","urlTemplate":"https:\/\/narteks.net\/?s={search_term_string}"},"query-input":{"@type":"PropertyValueSpecification","valueRequired":true,"valueName":"search_term_string"}}],"inLanguage":"tr"},{"@type":"Organization","@id":"https:\/\/narteks.net\/#organization","name":"narteks.net","url":"https:\/\/narteks.net\/","logo":{"@type":"ImageObject","inLanguage":"tr","@id":"https:\/\/narteks.net\/#\/schema\/logo\/image\/","url":"https:\/\/narteks.net\/wp-content\/uploads\/narteks.png","contentUrl":"https:\/\/narteks.net\/wp-content\/uploads\/narteks.png","width":300,"height":90,"caption":"narteks.net"},"image":{"@id":"https:\/\/narteks.net\/#\/schema\/logo\/image\/"},"sameAs":["https:\/\/x.com\/narteks","https:\/\/instagram.com\/narteksnet"]},{"@type":"Person","@id":"https:\/\/narteks.net\/#\/schema\/person\/61f37d9834294b72d31d274e7ed79bca","name":"Tar\u0131k","image":{"@type":"ImageObject","inLanguage":"tr","@id":"https:\/\/narteks.net\/#\/schema\/person\/image\/","url":"https:\/\/secure.gravatar.com\/avatar\/50865afb55632c4ae467e0af0930f6510aa2297d8014be502a55b14f3b7550cf?s=96&d=mm&r=g","contentUrl":"https:\/\/secure.gravatar.com\/avatar\/50865afb55632c4ae467e0af0930f6510aa2297d8014be502a55b14f3b7550cf?s=96&d=mm&r=g","caption":"Tar\u0131k"},"sameAs":["http:\/\/narteks.net"],"url":"https:\/\/narteks.net\/index.php\/author\/narbak\/"}]}},"_links":{"self":[{"href":"https:\/\/narteks.net\/index.php\/wp-json\/wp\/v2\/posts\/5949","targetHints":{"allow":["GET"]}}],"collection":[{"href":"https:\/\/narteks.net\/index.php\/wp-json\/wp\/v2\/posts"}],"about":[{"href":"https:\/\/narteks.net\/index.php\/wp-json\/wp\/v2\/types\/post"}],"author":[{"embeddable":true,"href":"https:\/\/narteks.net\/index.php\/wp-json\/wp\/v2\/users\/1"}],"replies":[{"embeddable":true,"href":"https:\/\/narteks.net\/index.php\/wp-json\/wp\/v2\/comments?post=5949"}],"version-history":[{"count":0,"href":"https:\/\/narteks.net\/index.php\/wp-json\/wp\/v2\/posts\/5949\/revisions"}],"wp:attachment":[{"href":"https:\/\/narteks.net\/index.php\/wp-json\/wp\/v2\/media?parent=5949"}],"wp:term":[{"taxonomy":"category","embeddable":true,"href":"https:\/\/narteks.net\/index.php\/wp-json\/wp\/v2\/categories?post=5949"},{"taxonomy":"post_tag","embeddable":true,"href":"https:\/\/narteks.net\/index.php\/wp-json\/wp\/v2\/tags?post=5949"}],"curies":[{"name":"wp","href":"https:\/\/api.w.org\/{rel}","templated":true}]}}