{"id":595,"date":"2009-04-14T11:56:27","date_gmt":"2009-04-14T08:56:27","guid":{"rendered":"http:\/\/localhost\/wordpress\/2009\/04\/14\/akdeniz-yarasiyor-sana\/"},"modified":"2009-04-14T11:56:27","modified_gmt":"2009-04-14T08:56:27","slug":"akdeniz-yarasiyor-sana","status":"publish","type":"post","link":"https:\/\/narteks.net\/index.php\/2009\/04\/14\/akdeniz-yarasiyor-sana\/","title":{"rendered":"AKDEN\u0130Z YARA\u015eIYOR SANA"},"content":{"rendered":"<p>\u00a0<\/p>\n<p>Akdeniz yara\u015f\u0131yor sana <br \/> Y\u0131ld\u0131zlar terler ya sen de terliyorsun <br \/> Ayn\u0131 \u0131slak p\u0131r\u0131lt\u0131 burun kanatlar\u0131nda <br \/> Hi\u00e7 dinmiyor motorlar\u0131n g\u00fcr\u00fclt\u00fcs\u00fc <br \/> K\u00f6pekler havl\u0131yor uzaktan <br \/> Demin bir \u00e7ocuk havlad\u0131 <br \/> Fatman\u0131m cumbadan \u00e7ar\u015faf silkiyor yine <br \/> Ali dumdum anas\u0131na s\u00f6v\u00fcyor saatlerdir <br \/> Denizi tokmakl\u0131yor bal\u0131k\u00e7\u0131lar <br \/> Bu sesler i\u015fte sessizli\u011fini b\u00fcy\u00fcten toprak <br \/> O sesinin sardunyalar gibi konu\u015fkan sessizli\u011fi <br \/> Hayatta yatt\u0131k d\u00fcn gece <br \/> \u00dcst\u00fcm\u00fczde meltem <br \/> Kekik kokuyor ellerim hala <br \/> Senle yatmad\u0131m sanki <br \/> Da\u011flar\u0131 dola\u015ft\u0131m <br \/> Ben senden \u00f6\u011frendim deniz yazmay\u0131 <br \/> Elimden d\u00fc\u015fm\u00fcyor mavi kalem <br \/> Bir tirandil \u00e7\u0131kar gibi sefere <br \/> Okula gidiyor \u00f6\u011fretmenim <br \/> Ben de ard\u0131ndan a\u00e7\u0131l\u0131yorum <br \/> Bir poyraz \u00e7izip deftere <br \/> Bir ada var s\u0131rf ebabil <br \/> D\u00f6n\u00fcyor d\u00f6n\u00fcyor ba\u015f\u0131mda <br \/> Senle ya\u015fad\u0131\u011f\u0131m g\u00fcnler <br \/> G\u00fcm\u00fc\u015f bir \u00e7evre oldu \u00f6mr\u00fcm <br \/> De\u011fince g\u00fcne\u015fine <br \/> Neden sonra buldum o ka\u00e7ak\u00e7\u0131 ma\u011faras\u0131n\u0131 <br \/> G\u00f6zlerim kama\u015f\u0131nca senden <br \/> \u00d6l\u00fcm belki sular\u0131ndan ka\u00e7\u0131rd\u0131\u011f\u0131m <br \/> O lo\u015f suda y\u0131kanmakt\u0131r <br \/> Durduk\u00e7a yosundan ye\u015fil <br \/> Kula\u00e7 att\u0131k\u00e7a mavi <br \/> Ben d\u00fczde san\u0131rd\u0131m y\u0131k\u0131nt\u0131m <br \/> \u00d6renim alkolik asar\u0131m <br \/> Mutun doru\u011fundaym\u0131\u015f\u0131m me\u011fer <br \/> Senle \u00e7\u0131k\u0131nca anlad\u0131m <br \/> Eski Yunan atlar\u0131 var hani <br \/> Yeleleri b\u00fck\u00fcml\u00fc <br \/> G\u00fcn inerken de \u00f6yle <br \/> A\u011fa\u00e7tan izd\u00fc\u015f\u00fcmleriyle <br \/> Y\u00fcr\u00fcyor Balan tepeleri <br \/> Y\u00fcr\u00fcyor b\u00f6l\u00fck b\u00f6l\u00fck can <br \/> Toplu bir g\u00fczelli\u011fe do\u011fru <br \/> Kad\u0131n\u0131m Yara\u015f\u0131yorsun sen Akdenize<\/p>\n<p>Can Y\u00dcCEL<\/p>\n","protected":false},"excerpt":{"rendered":"<p>\u00a0 Akdeniz yara\u015f\u0131yor sana Y\u0131ld\u0131zlar terler ya sen de terliyorsun Ayn\u0131 \u0131slak p\u0131r\u0131lt\u0131 burun kanatlar\u0131nda Hi\u00e7 dinmiyor motorlar\u0131n g\u00fcr\u00fclt\u00fcs\u00fc K\u00f6pekler havl\u0131yor uzaktan Demin bir \u00e7ocuk havlad\u0131 Fatman\u0131m cumbadan \u00e7ar\u015faf silkiyor yine Ali dumdum anas\u0131na s\u00f6v\u00fcyor saatlerdir Denizi tokmakl\u0131yor bal\u0131k\u00e7\u0131lar Bu sesler i\u015fte sessizli\u011fini b\u00fcy\u00fcten toprak O sesinin sardunyalar gibi konu\u015fkan sessizli\u011fi Hayatta yatt\u0131k d\u00fcn gece [&hellip;]<\/p>\n","protected":false},"author":1,"featured_media":0,"comment_status":"open","ping_status":"open","sticky":false,"template":"","format":"standard","meta":{"footnotes":""},"categories":[16],"tags":[],"class_list":{"0":"post-595","1":"post","2":"type-post","3":"status-publish","4":"format-standard","6":"category-can-yucel"},"yoast_head":"<!-- This site is optimized with the Yoast SEO Premium plugin v24.9 (Yoast SEO v24.9) - https:\/\/yoast.com\/wordpress\/plugins\/seo\/ -->\n<title>AKDEN\u0130Z YARA\u015eIYOR SANA - narteks.net<\/title>\n<meta name=\"robots\" content=\"index, follow, max-snippet:-1, max-image-preview:large, max-video-preview:-1\" \/>\n<link rel=\"canonical\" href=\"https:\/\/narteks.net\/index.php\/2009\/04\/14\/akdeniz-yarasiyor-sana\/\" \/>\n<meta property=\"og:locale\" content=\"tr_TR\" \/>\n<meta property=\"og:type\" content=\"article\" \/>\n<meta property=\"og:title\" content=\"AKDEN\u0130Z YARA\u015eIYOR SANA\" \/>\n<meta property=\"og:description\" content=\"\u00a0 Akdeniz yara\u015f\u0131yor sana Y\u0131ld\u0131zlar terler ya sen de terliyorsun Ayn\u0131 \u0131slak p\u0131r\u0131lt\u0131 burun kanatlar\u0131nda Hi\u00e7 dinmiyor motorlar\u0131n g\u00fcr\u00fclt\u00fcs\u00fc K\u00f6pekler havl\u0131yor uzaktan Demin bir \u00e7ocuk havlad\u0131 Fatman\u0131m cumbadan \u00e7ar\u015faf silkiyor yine Ali dumdum anas\u0131na s\u00f6v\u00fcyor saatlerdir Denizi tokmakl\u0131yor bal\u0131k\u00e7\u0131lar Bu sesler i\u015fte sessizli\u011fini b\u00fcy\u00fcten toprak O sesinin sardunyalar gibi konu\u015fkan sessizli\u011fi Hayatta yatt\u0131k d\u00fcn gece [&hellip;]\" \/>\n<meta property=\"og:url\" content=\"https:\/\/narteks.net\/index.php\/2009\/04\/14\/akdeniz-yarasiyor-sana\/\" \/>\n<meta property=\"og:site_name\" content=\"narteks.net\" \/>\n<meta property=\"article:published_time\" content=\"2009-04-14T08:56:27+00:00\" \/>\n<meta property=\"og:image\" content=\"https:\/\/narteks.net\/wp-content\/uploads\/narteks.png\" \/>\n\t<meta property=\"og:image:width\" content=\"300\" \/>\n\t<meta property=\"og:image:height\" content=\"90\" \/>\n\t<meta property=\"og:image:type\" content=\"image\/png\" \/>\n<meta name=\"author\" content=\"Tar\u0131k\" \/>\n<meta name=\"twitter:card\" content=\"summary_large_image\" \/>\n<meta name=\"twitter:creator\" content=\"@narteks\" \/>\n<meta name=\"twitter:site\" content=\"@narteks\" \/>\n<meta name=\"twitter:label1\" content=\"Yazan:\" \/>\n\t<meta name=\"twitter:data1\" content=\"Tar\u0131k\" \/>\n\t<meta name=\"twitter:label2\" content=\"Tahmini okuma s\u00fcresi\" \/>\n\t<meta name=\"twitter:data2\" content=\"1 dakika\" \/>\n<script type=\"application\/ld+json\" class=\"yoast-schema-graph\">{\"@context\":\"https:\/\/schema.org\",\"@graph\":[{\"@type\":\"Article\",\"@id\":\"https:\/\/narteks.net\/index.php\/2009\/04\/14\/akdeniz-yarasiyor-sana\/#article\",\"isPartOf\":{\"@id\":\"https:\/\/narteks.net\/index.php\/2009\/04\/14\/akdeniz-yarasiyor-sana\/\"},\"author\":{\"name\":\"Tar\u0131k\",\"@id\":\"https:\/\/narteks.net\/#\/schema\/person\/61f37d9834294b72d31d274e7ed79bca\"},\"headline\":\"AKDEN\u0130Z YARA\u015eIYOR SANA\",\"datePublished\":\"2009-04-14T08:56:27+00:00\",\"mainEntityOfPage\":{\"@id\":\"https:\/\/narteks.net\/index.php\/2009\/04\/14\/akdeniz-yarasiyor-sana\/\"},\"wordCount\":280,\"commentCount\":0,\"publisher\":{\"@id\":\"https:\/\/narteks.net\/#organization\"},\"articleSection\":[\"Can Y\u00dcCEL\"],\"inLanguage\":\"tr\",\"potentialAction\":[{\"@type\":\"CommentAction\",\"name\":\"Comment\",\"target\":[\"https:\/\/narteks.net\/index.php\/2009\/04\/14\/akdeniz-yarasiyor-sana\/#respond\"]}]},{\"@type\":\"WebPage\",\"@id\":\"https:\/\/narteks.net\/index.php\/2009\/04\/14\/akdeniz-yarasiyor-sana\/\",\"url\":\"https:\/\/narteks.net\/index.php\/2009\/04\/14\/akdeniz-yarasiyor-sana\/\",\"name\":\"AKDEN\u0130Z YARA\u015eIYOR SANA - narteks.net\",\"isPartOf\":{\"@id\":\"https:\/\/narteks.net\/#website\"},\"datePublished\":\"2009-04-14T08:56:27+00:00\",\"breadcrumb\":{\"@id\":\"https:\/\/narteks.net\/index.php\/2009\/04\/14\/akdeniz-yarasiyor-sana\/#breadcrumb\"},\"inLanguage\":\"tr\",\"potentialAction\":[{\"@type\":\"ReadAction\",\"target\":[\"https:\/\/narteks.net\/index.php\/2009\/04\/14\/akdeniz-yarasiyor-sana\/\"]}]},{\"@type\":\"BreadcrumbList\",\"@id\":\"https:\/\/narteks.net\/index.php\/2009\/04\/14\/akdeniz-yarasiyor-sana\/#breadcrumb\",\"itemListElement\":[{\"@type\":\"ListItem\",\"position\":1,\"name\":\"Anasayfa\",\"item\":\"https:\/\/narteks.net\/\"},{\"@type\":\"ListItem\",\"position\":2,\"name\":\"AKDEN\u0130Z YARA\u015eIYOR SANA\"}]},{\"@type\":\"WebSite\",\"@id\":\"https:\/\/narteks.net\/#website\",\"url\":\"https:\/\/narteks.net\/\",\"name\":\"narteks.net\",\"description\":\"K\u00fclt\u00fcr Sanat Edebiyat Felsefe\",\"publisher\":{\"@id\":\"https:\/\/narteks.net\/#organization\"},\"alternateName\":\"K\u00fclt\u00fcr Sanat Edebiyat Felsefe\",\"potentialAction\":[{\"@type\":\"SearchAction\",\"target\":{\"@type\":\"EntryPoint\",\"urlTemplate\":\"https:\/\/narteks.net\/?s={search_term_string}\"},\"query-input\":{\"@type\":\"PropertyValueSpecification\",\"valueRequired\":true,\"valueName\":\"search_term_string\"}}],\"inLanguage\":\"tr\"},{\"@type\":\"Organization\",\"@id\":\"https:\/\/narteks.net\/#organization\",\"name\":\"narteks.net\",\"url\":\"https:\/\/narteks.net\/\",\"logo\":{\"@type\":\"ImageObject\",\"inLanguage\":\"tr\",\"@id\":\"https:\/\/narteks.net\/#\/schema\/logo\/image\/\",\"url\":\"https:\/\/narteks.net\/wp-content\/uploads\/narteks.png\",\"contentUrl\":\"https:\/\/narteks.net\/wp-content\/uploads\/narteks.png\",\"width\":300,\"height\":90,\"caption\":\"narteks.net\"},\"image\":{\"@id\":\"https:\/\/narteks.net\/#\/schema\/logo\/image\/\"},\"sameAs\":[\"https:\/\/x.com\/narteks\",\"https:\/\/instagram.com\/narteksnet\"]},{\"@type\":\"Person\",\"@id\":\"https:\/\/narteks.net\/#\/schema\/person\/61f37d9834294b72d31d274e7ed79bca\",\"name\":\"Tar\u0131k\",\"image\":{\"@type\":\"ImageObject\",\"inLanguage\":\"tr\",\"@id\":\"https:\/\/narteks.net\/#\/schema\/person\/image\/\",\"url\":\"https:\/\/secure.gravatar.com\/avatar\/50865afb55632c4ae467e0af0930f6510aa2297d8014be502a55b14f3b7550cf?s=96&d=mm&r=g\",\"contentUrl\":\"https:\/\/secure.gravatar.com\/avatar\/50865afb55632c4ae467e0af0930f6510aa2297d8014be502a55b14f3b7550cf?s=96&d=mm&r=g\",\"caption\":\"Tar\u0131k\"},\"sameAs\":[\"http:\/\/narteks.net\"],\"url\":\"https:\/\/narteks.net\/index.php\/author\/narbak\/\"}]}<\/script>\n<!-- \/ Yoast SEO Premium plugin. -->","yoast_head_json":{"title":"AKDEN\u0130Z YARA\u015eIYOR SANA - narteks.net","robots":{"index":"index","follow":"follow","max-snippet":"max-snippet:-1","max-image-preview":"max-image-preview:large","max-video-preview":"max-video-preview:-1"},"canonical":"https:\/\/narteks.net\/index.php\/2009\/04\/14\/akdeniz-yarasiyor-sana\/","og_locale":"tr_TR","og_type":"article","og_title":"AKDEN\u0130Z YARA\u015eIYOR SANA","og_description":"\u00a0 Akdeniz yara\u015f\u0131yor sana Y\u0131ld\u0131zlar terler ya sen de terliyorsun Ayn\u0131 \u0131slak p\u0131r\u0131lt\u0131 burun kanatlar\u0131nda Hi\u00e7 dinmiyor motorlar\u0131n g\u00fcr\u00fclt\u00fcs\u00fc K\u00f6pekler havl\u0131yor uzaktan Demin bir \u00e7ocuk havlad\u0131 Fatman\u0131m cumbadan \u00e7ar\u015faf silkiyor yine Ali dumdum anas\u0131na s\u00f6v\u00fcyor saatlerdir Denizi tokmakl\u0131yor bal\u0131k\u00e7\u0131lar Bu sesler i\u015fte sessizli\u011fini b\u00fcy\u00fcten toprak O sesinin sardunyalar gibi konu\u015fkan sessizli\u011fi Hayatta yatt\u0131k d\u00fcn gece [&hellip;]","og_url":"https:\/\/narteks.net\/index.php\/2009\/04\/14\/akdeniz-yarasiyor-sana\/","og_site_name":"narteks.net","article_published_time":"2009-04-14T08:56:27+00:00","og_image":[{"width":300,"height":90,"url":"https:\/\/narteks.net\/wp-content\/uploads\/narteks.png","type":"image\/png"}],"author":"Tar\u0131k","twitter_card":"summary_large_image","twitter_creator":"@narteks","twitter_site":"@narteks","twitter_misc":{"Yazan:":"Tar\u0131k","Tahmini okuma s\u00fcresi":"1 dakika"},"schema":{"@context":"https:\/\/schema.org","@graph":[{"@type":"Article","@id":"https:\/\/narteks.net\/index.php\/2009\/04\/14\/akdeniz-yarasiyor-sana\/#article","isPartOf":{"@id":"https:\/\/narteks.net\/index.php\/2009\/04\/14\/akdeniz-yarasiyor-sana\/"},"author":{"name":"Tar\u0131k","@id":"https:\/\/narteks.net\/#\/schema\/person\/61f37d9834294b72d31d274e7ed79bca"},"headline":"AKDEN\u0130Z YARA\u015eIYOR SANA","datePublished":"2009-04-14T08:56:27+00:00","mainEntityOfPage":{"@id":"https:\/\/narteks.net\/index.php\/2009\/04\/14\/akdeniz-yarasiyor-sana\/"},"wordCount":280,"commentCount":0,"publisher":{"@id":"https:\/\/narteks.net\/#organization"},"articleSection":["Can Y\u00dcCEL"],"inLanguage":"tr","potentialAction":[{"@type":"CommentAction","name":"Comment","target":["https:\/\/narteks.net\/index.php\/2009\/04\/14\/akdeniz-yarasiyor-sana\/#respond"]}]},{"@type":"WebPage","@id":"https:\/\/narteks.net\/index.php\/2009\/04\/14\/akdeniz-yarasiyor-sana\/","url":"https:\/\/narteks.net\/index.php\/2009\/04\/14\/akdeniz-yarasiyor-sana\/","name":"AKDEN\u0130Z YARA\u015eIYOR SANA - narteks.net","isPartOf":{"@id":"https:\/\/narteks.net\/#website"},"datePublished":"2009-04-14T08:56:27+00:00","breadcrumb":{"@id":"https:\/\/narteks.net\/index.php\/2009\/04\/14\/akdeniz-yarasiyor-sana\/#breadcrumb"},"inLanguage":"tr","potentialAction":[{"@type":"ReadAction","target":["https:\/\/narteks.net\/index.php\/2009\/04\/14\/akdeniz-yarasiyor-sana\/"]}]},{"@type":"BreadcrumbList","@id":"https:\/\/narteks.net\/index.php\/2009\/04\/14\/akdeniz-yarasiyor-sana\/#breadcrumb","itemListElement":[{"@type":"ListItem","position":1,"name":"Anasayfa","item":"https:\/\/narteks.net\/"},{"@type":"ListItem","position":2,"name":"AKDEN\u0130Z YARA\u015eIYOR SANA"}]},{"@type":"WebSite","@id":"https:\/\/narteks.net\/#website","url":"https:\/\/narteks.net\/","name":"narteks.net","description":"K\u00fclt\u00fcr Sanat Edebiyat Felsefe","publisher":{"@id":"https:\/\/narteks.net\/#organization"},"alternateName":"K\u00fclt\u00fcr Sanat Edebiyat Felsefe","potentialAction":[{"@type":"SearchAction","target":{"@type":"EntryPoint","urlTemplate":"https:\/\/narteks.net\/?s={search_term_string}"},"query-input":{"@type":"PropertyValueSpecification","valueRequired":true,"valueName":"search_term_string"}}],"inLanguage":"tr"},{"@type":"Organization","@id":"https:\/\/narteks.net\/#organization","name":"narteks.net","url":"https:\/\/narteks.net\/","logo":{"@type":"ImageObject","inLanguage":"tr","@id":"https:\/\/narteks.net\/#\/schema\/logo\/image\/","url":"https:\/\/narteks.net\/wp-content\/uploads\/narteks.png","contentUrl":"https:\/\/narteks.net\/wp-content\/uploads\/narteks.png","width":300,"height":90,"caption":"narteks.net"},"image":{"@id":"https:\/\/narteks.net\/#\/schema\/logo\/image\/"},"sameAs":["https:\/\/x.com\/narteks","https:\/\/instagram.com\/narteksnet"]},{"@type":"Person","@id":"https:\/\/narteks.net\/#\/schema\/person\/61f37d9834294b72d31d274e7ed79bca","name":"Tar\u0131k","image":{"@type":"ImageObject","inLanguage":"tr","@id":"https:\/\/narteks.net\/#\/schema\/person\/image\/","url":"https:\/\/secure.gravatar.com\/avatar\/50865afb55632c4ae467e0af0930f6510aa2297d8014be502a55b14f3b7550cf?s=96&d=mm&r=g","contentUrl":"https:\/\/secure.gravatar.com\/avatar\/50865afb55632c4ae467e0af0930f6510aa2297d8014be502a55b14f3b7550cf?s=96&d=mm&r=g","caption":"Tar\u0131k"},"sameAs":["http:\/\/narteks.net"],"url":"https:\/\/narteks.net\/index.php\/author\/narbak\/"}]}},"_links":{"self":[{"href":"https:\/\/narteks.net\/index.php\/wp-json\/wp\/v2\/posts\/595","targetHints":{"allow":["GET"]}}],"collection":[{"href":"https:\/\/narteks.net\/index.php\/wp-json\/wp\/v2\/posts"}],"about":[{"href":"https:\/\/narteks.net\/index.php\/wp-json\/wp\/v2\/types\/post"}],"author":[{"embeddable":true,"href":"https:\/\/narteks.net\/index.php\/wp-json\/wp\/v2\/users\/1"}],"replies":[{"embeddable":true,"href":"https:\/\/narteks.net\/index.php\/wp-json\/wp\/v2\/comments?post=595"}],"version-history":[{"count":0,"href":"https:\/\/narteks.net\/index.php\/wp-json\/wp\/v2\/posts\/595\/revisions"}],"wp:attachment":[{"href":"https:\/\/narteks.net\/index.php\/wp-json\/wp\/v2\/media?parent=595"}],"wp:term":[{"taxonomy":"category","embeddable":true,"href":"https:\/\/narteks.net\/index.php\/wp-json\/wp\/v2\/categories?post=595"},{"taxonomy":"post_tag","embeddable":true,"href":"https:\/\/narteks.net\/index.php\/wp-json\/wp\/v2\/tags?post=595"}],"curies":[{"name":"wp","href":"https:\/\/api.w.org\/{rel}","templated":true}]}}