{"id":5954,"date":"2011-05-25T10:58:16","date_gmt":"2011-05-25T07:58:16","guid":{"rendered":"http:\/\/localhost\/wordpress\/2011\/05\/25\/alinin-turkusu\/"},"modified":"2011-05-25T10:58:16","modified_gmt":"2011-05-25T07:58:16","slug":"alinin-turkusu","status":"publish","type":"post","link":"https:\/\/narteks.net\/index.php\/2011\/05\/25\/alinin-turkusu\/","title":{"rendered":"AL\u0130&#8217;N\u0130N T\u00dcRK\u00dcS\u00dc"},"content":{"rendered":"<p>\u00a0<\/p>\n<p><span>Baba kar \u00e7ok olunca balkonda<br \/> \u00c7\u0131k\u0131p kardan adam yapal\u0131m m\u0131?<br \/> (\u0130yi giyiniriz \u00fc\u015f\u00fcmeyiz)<br \/> Ama ya kar tutmazsa<\/p>\n<p> Eskiden yapm\u0131\u015ft\u0131k<br \/> Havu\u00e7 oturtmu\u015ftuk burnuna<br \/> Burnuna gene havu\u00e7 oturtal\u0131m m\u0131?<br \/> S\u00fcp\u00fcrge verelim mi eline gene?<br \/> Bir g\u00fczel s\u00fcp\u00fcrs\u00fcn m\u00fc karlar\u0131?<\/p>\n<p> Kardan adam\u0131n ba\u015f\u0131na koyal\u0131m m\u0131 \u015fapkan\u0131?<br \/> Baba kar ya\u011f\u0131yor<br \/> Da\u011flara \u00e7\u0131k\u0131p biz de kayal\u0131m m\u0131?<br \/> Da\u011flar uzak, olsun gideriz baba<\/p>\n<p> Neden g\u00fclm\u00fcyorsun, neden da\u011flara gitmiyoruz?<br \/> Neden kardan adam yapm\u0131yoruz eskisi gibi?<br \/> Neden hep d\u00fc\u015f\u00fcn\u00fcyorsun, neyi, kimi?<br \/> Baba \u00e7\u0131k\u0131p kartopu oynayal\u0131m m\u0131?<br \/> (\u0130yi giyiniriz \u00fc\u015f\u00fcmeyiz) <\/span><\/p>\n<p><span>Af\u015far T\u0130MU\u00c7\u0130N<br \/><\/span><\/p>\n","protected":false},"excerpt":{"rendered":"<p>\u00a0 Baba kar \u00e7ok olunca balkonda \u00c7\u0131k\u0131p kardan adam yapal\u0131m m\u0131? (\u0130yi giyiniriz \u00fc\u015f\u00fcmeyiz) Ama ya kar tutmazsa Eskiden yapm\u0131\u015ft\u0131k Havu\u00e7 oturtmu\u015ftuk burnuna Burnuna gene havu\u00e7 oturtal\u0131m m\u0131? S\u00fcp\u00fcrge verelim mi eline gene? Bir g\u00fczel s\u00fcp\u00fcrs\u00fcn m\u00fc karlar\u0131? Kardan adam\u0131n ba\u015f\u0131na koyal\u0131m m\u0131 \u015fapkan\u0131? Baba kar ya\u011f\u0131yor Da\u011flara \u00e7\u0131k\u0131p biz de kayal\u0131m m\u0131? Da\u011flar uzak, [&hellip;]<\/p>\n","protected":false},"author":1,"featured_media":0,"comment_status":"open","ping_status":"open","sticky":false,"template":"","format":"standard","meta":{"footnotes":""},"categories":[188],"tags":[],"class_list":{"0":"post-5954","1":"post","2":"type-post","3":"status-publish","4":"format-standard","6":"category-afsar-timucin-siirleri"},"yoast_head":"<!-- This site is optimized with the Yoast SEO Premium plugin v24.9 (Yoast SEO v24.9) - https:\/\/yoast.com\/wordpress\/plugins\/seo\/ -->\n<title>AL\u0130&#039;N\u0130N T\u00dcRK\u00dcS\u00dc - narteks.net<\/title>\n<meta name=\"robots\" content=\"index, follow, max-snippet:-1, max-image-preview:large, max-video-preview:-1\" \/>\n<link rel=\"canonical\" href=\"https:\/\/narteks.net\/index.php\/2011\/05\/25\/alinin-turkusu\/\" \/>\n<meta property=\"og:locale\" content=\"tr_TR\" \/>\n<meta property=\"og:type\" content=\"article\" \/>\n<meta property=\"og:title\" content=\"AL\u0130&#039;N\u0130N T\u00dcRK\u00dcS\u00dc\" \/>\n<meta property=\"og:description\" content=\"\u00a0 Baba kar \u00e7ok olunca balkonda \u00c7\u0131k\u0131p kardan adam yapal\u0131m m\u0131? (\u0130yi giyiniriz \u00fc\u015f\u00fcmeyiz) Ama ya kar tutmazsa Eskiden yapm\u0131\u015ft\u0131k Havu\u00e7 oturtmu\u015ftuk burnuna Burnuna gene havu\u00e7 oturtal\u0131m m\u0131? S\u00fcp\u00fcrge verelim mi eline gene? Bir g\u00fczel s\u00fcp\u00fcrs\u00fcn m\u00fc karlar\u0131? Kardan adam\u0131n ba\u015f\u0131na koyal\u0131m m\u0131 \u015fapkan\u0131? Baba kar ya\u011f\u0131yor Da\u011flara \u00e7\u0131k\u0131p biz de kayal\u0131m m\u0131? Da\u011flar uzak, [&hellip;]\" \/>\n<meta property=\"og:url\" content=\"https:\/\/narteks.net\/index.php\/2011\/05\/25\/alinin-turkusu\/\" \/>\n<meta property=\"og:site_name\" content=\"narteks.net\" \/>\n<meta property=\"article:published_time\" content=\"2011-05-25T07:58:16+00:00\" \/>\n<meta property=\"og:image\" content=\"https:\/\/narteks.net\/wp-content\/uploads\/narteks.png\" \/>\n\t<meta property=\"og:image:width\" content=\"300\" \/>\n\t<meta property=\"og:image:height\" content=\"90\" \/>\n\t<meta property=\"og:image:type\" content=\"image\/png\" \/>\n<meta name=\"author\" content=\"Tar\u0131k\" \/>\n<meta name=\"twitter:card\" content=\"summary_large_image\" \/>\n<meta name=\"twitter:creator\" content=\"@narteks\" \/>\n<meta name=\"twitter:site\" content=\"@narteks\" \/>\n<meta name=\"twitter:label1\" content=\"Yazan:\" \/>\n\t<meta name=\"twitter:data1\" content=\"Tar\u0131k\" \/>\n\t<meta name=\"twitter:label2\" content=\"Tahmini okuma s\u00fcresi\" \/>\n\t<meta name=\"twitter:data2\" content=\"1 dakika\" \/>\n<script type=\"application\/ld+json\" class=\"yoast-schema-graph\">{\"@context\":\"https:\/\/schema.org\",\"@graph\":[{\"@type\":\"Article\",\"@id\":\"https:\/\/narteks.net\/index.php\/2011\/05\/25\/alinin-turkusu\/#article\",\"isPartOf\":{\"@id\":\"https:\/\/narteks.net\/index.php\/2011\/05\/25\/alinin-turkusu\/\"},\"author\":{\"name\":\"Tar\u0131k\",\"@id\":\"https:\/\/narteks.net\/#\/schema\/person\/61f37d9834294b72d31d274e7ed79bca\"},\"headline\":\"AL\u0130&#8217;N\u0130N T\u00dcRK\u00dcS\u00dc\",\"datePublished\":\"2011-05-25T07:58:16+00:00\",\"mainEntityOfPage\":{\"@id\":\"https:\/\/narteks.net\/index.php\/2011\/05\/25\/alinin-turkusu\/\"},\"wordCount\":120,\"commentCount\":0,\"publisher\":{\"@id\":\"https:\/\/narteks.net\/#organization\"},\"articleSection\":[\"Af\u015far T\u0130MU\u00c7\u0130N \u015fiirleri\"],\"inLanguage\":\"tr\",\"potentialAction\":[{\"@type\":\"CommentAction\",\"name\":\"Comment\",\"target\":[\"https:\/\/narteks.net\/index.php\/2011\/05\/25\/alinin-turkusu\/#respond\"]}]},{\"@type\":\"WebPage\",\"@id\":\"https:\/\/narteks.net\/index.php\/2011\/05\/25\/alinin-turkusu\/\",\"url\":\"https:\/\/narteks.net\/index.php\/2011\/05\/25\/alinin-turkusu\/\",\"name\":\"AL\u0130'N\u0130N T\u00dcRK\u00dcS\u00dc - narteks.net\",\"isPartOf\":{\"@id\":\"https:\/\/narteks.net\/#website\"},\"datePublished\":\"2011-05-25T07:58:16+00:00\",\"breadcrumb\":{\"@id\":\"https:\/\/narteks.net\/index.php\/2011\/05\/25\/alinin-turkusu\/#breadcrumb\"},\"inLanguage\":\"tr\",\"potentialAction\":[{\"@type\":\"ReadAction\",\"target\":[\"https:\/\/narteks.net\/index.php\/2011\/05\/25\/alinin-turkusu\/\"]}]},{\"@type\":\"BreadcrumbList\",\"@id\":\"https:\/\/narteks.net\/index.php\/2011\/05\/25\/alinin-turkusu\/#breadcrumb\",\"itemListElement\":[{\"@type\":\"ListItem\",\"position\":1,\"name\":\"Anasayfa\",\"item\":\"https:\/\/narteks.net\/\"},{\"@type\":\"ListItem\",\"position\":2,\"name\":\"AL\u0130&#8217;N\u0130N T\u00dcRK\u00dcS\u00dc\"}]},{\"@type\":\"WebSite\",\"@id\":\"https:\/\/narteks.net\/#website\",\"url\":\"https:\/\/narteks.net\/\",\"name\":\"narteks.net\",\"description\":\"K\u00fclt\u00fcr Sanat Edebiyat Felsefe\",\"publisher\":{\"@id\":\"https:\/\/narteks.net\/#organization\"},\"alternateName\":\"K\u00fclt\u00fcr Sanat Edebiyat Felsefe\",\"potentialAction\":[{\"@type\":\"SearchAction\",\"target\":{\"@type\":\"EntryPoint\",\"urlTemplate\":\"https:\/\/narteks.net\/?s={search_term_string}\"},\"query-input\":{\"@type\":\"PropertyValueSpecification\",\"valueRequired\":true,\"valueName\":\"search_term_string\"}}],\"inLanguage\":\"tr\"},{\"@type\":\"Organization\",\"@id\":\"https:\/\/narteks.net\/#organization\",\"name\":\"narteks.net\",\"url\":\"https:\/\/narteks.net\/\",\"logo\":{\"@type\":\"ImageObject\",\"inLanguage\":\"tr\",\"@id\":\"https:\/\/narteks.net\/#\/schema\/logo\/image\/\",\"url\":\"https:\/\/narteks.net\/wp-content\/uploads\/narteks.png\",\"contentUrl\":\"https:\/\/narteks.net\/wp-content\/uploads\/narteks.png\",\"width\":300,\"height\":90,\"caption\":\"narteks.net\"},\"image\":{\"@id\":\"https:\/\/narteks.net\/#\/schema\/logo\/image\/\"},\"sameAs\":[\"https:\/\/x.com\/narteks\",\"https:\/\/instagram.com\/narteksnet\"]},{\"@type\":\"Person\",\"@id\":\"https:\/\/narteks.net\/#\/schema\/person\/61f37d9834294b72d31d274e7ed79bca\",\"name\":\"Tar\u0131k\",\"image\":{\"@type\":\"ImageObject\",\"inLanguage\":\"tr\",\"@id\":\"https:\/\/narteks.net\/#\/schema\/person\/image\/\",\"url\":\"https:\/\/secure.gravatar.com\/avatar\/50865afb55632c4ae467e0af0930f6510aa2297d8014be502a55b14f3b7550cf?s=96&d=mm&r=g\",\"contentUrl\":\"https:\/\/secure.gravatar.com\/avatar\/50865afb55632c4ae467e0af0930f6510aa2297d8014be502a55b14f3b7550cf?s=96&d=mm&r=g\",\"caption\":\"Tar\u0131k\"},\"sameAs\":[\"http:\/\/narteks.net\"],\"url\":\"https:\/\/narteks.net\/index.php\/author\/narbak\/\"}]}<\/script>\n<!-- \/ Yoast SEO Premium plugin. -->","yoast_head_json":{"title":"AL\u0130'N\u0130N T\u00dcRK\u00dcS\u00dc - narteks.net","robots":{"index":"index","follow":"follow","max-snippet":"max-snippet:-1","max-image-preview":"max-image-preview:large","max-video-preview":"max-video-preview:-1"},"canonical":"https:\/\/narteks.net\/index.php\/2011\/05\/25\/alinin-turkusu\/","og_locale":"tr_TR","og_type":"article","og_title":"AL\u0130'N\u0130N T\u00dcRK\u00dcS\u00dc","og_description":"\u00a0 Baba kar \u00e7ok olunca balkonda \u00c7\u0131k\u0131p kardan adam yapal\u0131m m\u0131? (\u0130yi giyiniriz \u00fc\u015f\u00fcmeyiz) Ama ya kar tutmazsa Eskiden yapm\u0131\u015ft\u0131k Havu\u00e7 oturtmu\u015ftuk burnuna Burnuna gene havu\u00e7 oturtal\u0131m m\u0131? S\u00fcp\u00fcrge verelim mi eline gene? Bir g\u00fczel s\u00fcp\u00fcrs\u00fcn m\u00fc karlar\u0131? Kardan adam\u0131n ba\u015f\u0131na koyal\u0131m m\u0131 \u015fapkan\u0131? Baba kar ya\u011f\u0131yor Da\u011flara \u00e7\u0131k\u0131p biz de kayal\u0131m m\u0131? Da\u011flar uzak, [&hellip;]","og_url":"https:\/\/narteks.net\/index.php\/2011\/05\/25\/alinin-turkusu\/","og_site_name":"narteks.net","article_published_time":"2011-05-25T07:58:16+00:00","og_image":[{"width":300,"height":90,"url":"https:\/\/narteks.net\/wp-content\/uploads\/narteks.png","type":"image\/png"}],"author":"Tar\u0131k","twitter_card":"summary_large_image","twitter_creator":"@narteks","twitter_site":"@narteks","twitter_misc":{"Yazan:":"Tar\u0131k","Tahmini okuma s\u00fcresi":"1 dakika"},"schema":{"@context":"https:\/\/schema.org","@graph":[{"@type":"Article","@id":"https:\/\/narteks.net\/index.php\/2011\/05\/25\/alinin-turkusu\/#article","isPartOf":{"@id":"https:\/\/narteks.net\/index.php\/2011\/05\/25\/alinin-turkusu\/"},"author":{"name":"Tar\u0131k","@id":"https:\/\/narteks.net\/#\/schema\/person\/61f37d9834294b72d31d274e7ed79bca"},"headline":"AL\u0130&#8217;N\u0130N T\u00dcRK\u00dcS\u00dc","datePublished":"2011-05-25T07:58:16+00:00","mainEntityOfPage":{"@id":"https:\/\/narteks.net\/index.php\/2011\/05\/25\/alinin-turkusu\/"},"wordCount":120,"commentCount":0,"publisher":{"@id":"https:\/\/narteks.net\/#organization"},"articleSection":["Af\u015far T\u0130MU\u00c7\u0130N \u015fiirleri"],"inLanguage":"tr","potentialAction":[{"@type":"CommentAction","name":"Comment","target":["https:\/\/narteks.net\/index.php\/2011\/05\/25\/alinin-turkusu\/#respond"]}]},{"@type":"WebPage","@id":"https:\/\/narteks.net\/index.php\/2011\/05\/25\/alinin-turkusu\/","url":"https:\/\/narteks.net\/index.php\/2011\/05\/25\/alinin-turkusu\/","name":"AL\u0130'N\u0130N T\u00dcRK\u00dcS\u00dc - narteks.net","isPartOf":{"@id":"https:\/\/narteks.net\/#website"},"datePublished":"2011-05-25T07:58:16+00:00","breadcrumb":{"@id":"https:\/\/narteks.net\/index.php\/2011\/05\/25\/alinin-turkusu\/#breadcrumb"},"inLanguage":"tr","potentialAction":[{"@type":"ReadAction","target":["https:\/\/narteks.net\/index.php\/2011\/05\/25\/alinin-turkusu\/"]}]},{"@type":"BreadcrumbList","@id":"https:\/\/narteks.net\/index.php\/2011\/05\/25\/alinin-turkusu\/#breadcrumb","itemListElement":[{"@type":"ListItem","position":1,"name":"Anasayfa","item":"https:\/\/narteks.net\/"},{"@type":"ListItem","position":2,"name":"AL\u0130&#8217;N\u0130N T\u00dcRK\u00dcS\u00dc"}]},{"@type":"WebSite","@id":"https:\/\/narteks.net\/#website","url":"https:\/\/narteks.net\/","name":"narteks.net","description":"K\u00fclt\u00fcr Sanat Edebiyat Felsefe","publisher":{"@id":"https:\/\/narteks.net\/#organization"},"alternateName":"K\u00fclt\u00fcr Sanat Edebiyat Felsefe","potentialAction":[{"@type":"SearchAction","target":{"@type":"EntryPoint","urlTemplate":"https:\/\/narteks.net\/?s={search_term_string}"},"query-input":{"@type":"PropertyValueSpecification","valueRequired":true,"valueName":"search_term_string"}}],"inLanguage":"tr"},{"@type":"Organization","@id":"https:\/\/narteks.net\/#organization","name":"narteks.net","url":"https:\/\/narteks.net\/","logo":{"@type":"ImageObject","inLanguage":"tr","@id":"https:\/\/narteks.net\/#\/schema\/logo\/image\/","url":"https:\/\/narteks.net\/wp-content\/uploads\/narteks.png","contentUrl":"https:\/\/narteks.net\/wp-content\/uploads\/narteks.png","width":300,"height":90,"caption":"narteks.net"},"image":{"@id":"https:\/\/narteks.net\/#\/schema\/logo\/image\/"},"sameAs":["https:\/\/x.com\/narteks","https:\/\/instagram.com\/narteksnet"]},{"@type":"Person","@id":"https:\/\/narteks.net\/#\/schema\/person\/61f37d9834294b72d31d274e7ed79bca","name":"Tar\u0131k","image":{"@type":"ImageObject","inLanguage":"tr","@id":"https:\/\/narteks.net\/#\/schema\/person\/image\/","url":"https:\/\/secure.gravatar.com\/avatar\/50865afb55632c4ae467e0af0930f6510aa2297d8014be502a55b14f3b7550cf?s=96&d=mm&r=g","contentUrl":"https:\/\/secure.gravatar.com\/avatar\/50865afb55632c4ae467e0af0930f6510aa2297d8014be502a55b14f3b7550cf?s=96&d=mm&r=g","caption":"Tar\u0131k"},"sameAs":["http:\/\/narteks.net"],"url":"https:\/\/narteks.net\/index.php\/author\/narbak\/"}]}},"_links":{"self":[{"href":"https:\/\/narteks.net\/index.php\/wp-json\/wp\/v2\/posts\/5954","targetHints":{"allow":["GET"]}}],"collection":[{"href":"https:\/\/narteks.net\/index.php\/wp-json\/wp\/v2\/posts"}],"about":[{"href":"https:\/\/narteks.net\/index.php\/wp-json\/wp\/v2\/types\/post"}],"author":[{"embeddable":true,"href":"https:\/\/narteks.net\/index.php\/wp-json\/wp\/v2\/users\/1"}],"replies":[{"embeddable":true,"href":"https:\/\/narteks.net\/index.php\/wp-json\/wp\/v2\/comments?post=5954"}],"version-history":[{"count":0,"href":"https:\/\/narteks.net\/index.php\/wp-json\/wp\/v2\/posts\/5954\/revisions"}],"wp:attachment":[{"href":"https:\/\/narteks.net\/index.php\/wp-json\/wp\/v2\/media?parent=5954"}],"wp:term":[{"taxonomy":"category","embeddable":true,"href":"https:\/\/narteks.net\/index.php\/wp-json\/wp\/v2\/categories?post=5954"},{"taxonomy":"post_tag","embeddable":true,"href":"https:\/\/narteks.net\/index.php\/wp-json\/wp\/v2\/tags?post=5954"}],"curies":[{"name":"wp","href":"https:\/\/api.w.org\/{rel}","templated":true}]}}