{"id":5961,"date":"2011-05-25T11:03:45","date_gmt":"2011-05-25T08:03:45","guid":{"rendered":"http:\/\/localhost\/wordpress\/2011\/05\/25\/bir-aksamda-cocuklarin-turkusu\/"},"modified":"2011-05-25T11:03:45","modified_gmt":"2011-05-25T08:03:45","slug":"bir-aksamda-cocuklarin-turkusu","status":"publish","type":"post","link":"https:\/\/narteks.net\/index.php\/2011\/05\/25\/bir-aksamda-cocuklarin-turkusu\/","title":{"rendered":"B\u0130R AK\u015eAMDA \u00c7OCUKLARIN T\u00dcRK\u00dcS\u00dc"},"content":{"rendered":"<p>\u00a0<\/p>\n<p><span>Baba, nisan ya\u011fmurlar\u0131 bir panay\u0131r t\u00fcrk\u00fcs\u00fcd\u00fcr<br \/> Birazdan g\u00fcne\u015f a\u00e7\u0131nca verecekler oyuncaklar\u0131m\u0131z\u0131<br \/> Baba, sava\u015f olmas\u0131n; sava\u015f \u00e7\u0131karsa<br \/> Kirletirler g\u00f6klerimizi, y\u0131rtarlar u\u00e7urtmalar\u0131m\u0131z\u0131<br \/> Baba, sava\u015f patlarsa en \u00e7ok bize k\u0131zacaklar<br \/> A\u011fabeylerimiz k\u0131racak, \u00e7elimsiz bacaklar\u0131m\u0131z\u0131<br \/> Bilyalar\u0131m\u0131z\u0131 ezecek tanklar, d\u00fc\u015flerimizi d\u00f6vecek toplar<br \/> \u00c7amurlara bulayacaklar nisan ya\u011fmurlar\u0131m\u0131z\u0131<br \/> G\u00fcne\u015flerimizi ve aylar\u0131m\u0131z\u0131 s\u00f6nd\u00fcrecekler<br \/> Kendi \u00e7ocuklar\u0131na g\u00f6t\u00fcrecekler belki de portakallar\u0131m\u0131z\u0131<br \/> Baba onlar da \u00e7ocuktur, onlar da ku\u015f dili bilir<br \/> Ku\u015f, dal\u0131 g\u00f6z\u00fcnden anlar; dal, ku\u015fu t\u00fcy\u00fcnden tan\u0131r<br \/> R\u00fczg\u00e2rlardan r\u00fczg\u00e2rlara y\u0131k\u0131m gelmez hi\u00e7bir zaman<br \/> O \u00e7ocuklar o portakallar\u0131 \u00f6l\u00fcr de yemez. <\/span><\/p>\n<p><span>Af\u015far T\u0130MU\u00c7\u0130N<br \/><\/span><\/p>\n","protected":false},"excerpt":{"rendered":"<p>\u00a0 Baba, nisan ya\u011fmurlar\u0131 bir panay\u0131r t\u00fcrk\u00fcs\u00fcd\u00fcr Birazdan g\u00fcne\u015f a\u00e7\u0131nca verecekler oyuncaklar\u0131m\u0131z\u0131 Baba, sava\u015f olmas\u0131n; sava\u015f \u00e7\u0131karsa Kirletirler g\u00f6klerimizi, y\u0131rtarlar u\u00e7urtmalar\u0131m\u0131z\u0131 Baba, sava\u015f patlarsa en \u00e7ok bize k\u0131zacaklar A\u011fabeylerimiz k\u0131racak, \u00e7elimsiz bacaklar\u0131m\u0131z\u0131 Bilyalar\u0131m\u0131z\u0131 ezecek tanklar, d\u00fc\u015flerimizi d\u00f6vecek toplar \u00c7amurlara bulayacaklar nisan ya\u011fmurlar\u0131m\u0131z\u0131 G\u00fcne\u015flerimizi ve aylar\u0131m\u0131z\u0131 s\u00f6nd\u00fcrecekler Kendi \u00e7ocuklar\u0131na g\u00f6t\u00fcrecekler belki de portakallar\u0131m\u0131z\u0131 Baba onlar da [&hellip;]<\/p>\n","protected":false},"author":1,"featured_media":0,"comment_status":"open","ping_status":"open","sticky":false,"template":"","format":"standard","meta":{"footnotes":""},"categories":[188],"tags":[],"class_list":{"0":"post-5961","1":"post","2":"type-post","3":"status-publish","4":"format-standard","6":"category-afsar-timucin-siirleri"},"yoast_head":"<!-- This site is optimized with the Yoast SEO Premium plugin v24.9 (Yoast SEO v24.9) - https:\/\/yoast.com\/wordpress\/plugins\/seo\/ -->\n<title>B\u0130R AK\u015eAMDA \u00c7OCUKLARIN T\u00dcRK\u00dcS\u00dc - narteks.net<\/title>\n<meta name=\"robots\" content=\"index, follow, max-snippet:-1, max-image-preview:large, max-video-preview:-1\" \/>\n<link rel=\"canonical\" href=\"https:\/\/narteks.net\/index.php\/2011\/05\/25\/bir-aksamda-cocuklarin-turkusu\/\" \/>\n<meta property=\"og:locale\" content=\"tr_TR\" \/>\n<meta property=\"og:type\" content=\"article\" \/>\n<meta property=\"og:title\" content=\"B\u0130R AK\u015eAMDA \u00c7OCUKLARIN T\u00dcRK\u00dcS\u00dc\" \/>\n<meta property=\"og:description\" content=\"\u00a0 Baba, nisan ya\u011fmurlar\u0131 bir panay\u0131r t\u00fcrk\u00fcs\u00fcd\u00fcr Birazdan g\u00fcne\u015f a\u00e7\u0131nca verecekler oyuncaklar\u0131m\u0131z\u0131 Baba, sava\u015f olmas\u0131n; sava\u015f \u00e7\u0131karsa Kirletirler g\u00f6klerimizi, y\u0131rtarlar u\u00e7urtmalar\u0131m\u0131z\u0131 Baba, sava\u015f patlarsa en \u00e7ok bize k\u0131zacaklar A\u011fabeylerimiz k\u0131racak, \u00e7elimsiz bacaklar\u0131m\u0131z\u0131 Bilyalar\u0131m\u0131z\u0131 ezecek tanklar, d\u00fc\u015flerimizi d\u00f6vecek toplar \u00c7amurlara bulayacaklar nisan ya\u011fmurlar\u0131m\u0131z\u0131 G\u00fcne\u015flerimizi ve aylar\u0131m\u0131z\u0131 s\u00f6nd\u00fcrecekler Kendi \u00e7ocuklar\u0131na g\u00f6t\u00fcrecekler belki de portakallar\u0131m\u0131z\u0131 Baba onlar da [&hellip;]\" \/>\n<meta property=\"og:url\" content=\"https:\/\/narteks.net\/index.php\/2011\/05\/25\/bir-aksamda-cocuklarin-turkusu\/\" \/>\n<meta property=\"og:site_name\" content=\"narteks.net\" \/>\n<meta property=\"article:published_time\" content=\"2011-05-25T08:03:45+00:00\" \/>\n<meta property=\"og:image\" content=\"https:\/\/narteks.net\/wp-content\/uploads\/narteks.png\" \/>\n\t<meta property=\"og:image:width\" content=\"300\" \/>\n\t<meta property=\"og:image:height\" content=\"90\" \/>\n\t<meta property=\"og:image:type\" content=\"image\/png\" \/>\n<meta name=\"author\" content=\"Tar\u0131k\" \/>\n<meta name=\"twitter:card\" content=\"summary_large_image\" \/>\n<meta name=\"twitter:creator\" content=\"@narteks\" \/>\n<meta name=\"twitter:site\" content=\"@narteks\" \/>\n<meta name=\"twitter:label1\" content=\"Yazan:\" \/>\n\t<meta name=\"twitter:data1\" content=\"Tar\u0131k\" \/>\n\t<meta name=\"twitter:label2\" content=\"Tahmini okuma s\u00fcresi\" \/>\n\t<meta name=\"twitter:data2\" content=\"1 dakika\" \/>\n<script type=\"application\/ld+json\" class=\"yoast-schema-graph\">{\"@context\":\"https:\/\/schema.org\",\"@graph\":[{\"@type\":\"Article\",\"@id\":\"https:\/\/narteks.net\/index.php\/2011\/05\/25\/bir-aksamda-cocuklarin-turkusu\/#article\",\"isPartOf\":{\"@id\":\"https:\/\/narteks.net\/index.php\/2011\/05\/25\/bir-aksamda-cocuklarin-turkusu\/\"},\"author\":{\"name\":\"Tar\u0131k\",\"@id\":\"https:\/\/narteks.net\/#\/schema\/person\/61f37d9834294b72d31d274e7ed79bca\"},\"headline\":\"B\u0130R AK\u015eAMDA \u00c7OCUKLARIN T\u00dcRK\u00dcS\u00dc\",\"datePublished\":\"2011-05-25T08:03:45+00:00\",\"mainEntityOfPage\":{\"@id\":\"https:\/\/narteks.net\/index.php\/2011\/05\/25\/bir-aksamda-cocuklarin-turkusu\/\"},\"wordCount\":147,\"commentCount\":0,\"publisher\":{\"@id\":\"https:\/\/narteks.net\/#organization\"},\"articleSection\":[\"Af\u015far T\u0130MU\u00c7\u0130N \u015fiirleri\"],\"inLanguage\":\"tr\",\"potentialAction\":[{\"@type\":\"CommentAction\",\"name\":\"Comment\",\"target\":[\"https:\/\/narteks.net\/index.php\/2011\/05\/25\/bir-aksamda-cocuklarin-turkusu\/#respond\"]}]},{\"@type\":\"WebPage\",\"@id\":\"https:\/\/narteks.net\/index.php\/2011\/05\/25\/bir-aksamda-cocuklarin-turkusu\/\",\"url\":\"https:\/\/narteks.net\/index.php\/2011\/05\/25\/bir-aksamda-cocuklarin-turkusu\/\",\"name\":\"B\u0130R AK\u015eAMDA \u00c7OCUKLARIN T\u00dcRK\u00dcS\u00dc - narteks.net\",\"isPartOf\":{\"@id\":\"https:\/\/narteks.net\/#website\"},\"datePublished\":\"2011-05-25T08:03:45+00:00\",\"breadcrumb\":{\"@id\":\"https:\/\/narteks.net\/index.php\/2011\/05\/25\/bir-aksamda-cocuklarin-turkusu\/#breadcrumb\"},\"inLanguage\":\"tr\",\"potentialAction\":[{\"@type\":\"ReadAction\",\"target\":[\"https:\/\/narteks.net\/index.php\/2011\/05\/25\/bir-aksamda-cocuklarin-turkusu\/\"]}]},{\"@type\":\"BreadcrumbList\",\"@id\":\"https:\/\/narteks.net\/index.php\/2011\/05\/25\/bir-aksamda-cocuklarin-turkusu\/#breadcrumb\",\"itemListElement\":[{\"@type\":\"ListItem\",\"position\":1,\"name\":\"Anasayfa\",\"item\":\"https:\/\/narteks.net\/\"},{\"@type\":\"ListItem\",\"position\":2,\"name\":\"B\u0130R AK\u015eAMDA \u00c7OCUKLARIN T\u00dcRK\u00dcS\u00dc\"}]},{\"@type\":\"WebSite\",\"@id\":\"https:\/\/narteks.net\/#website\",\"url\":\"https:\/\/narteks.net\/\",\"name\":\"narteks.net\",\"description\":\"K\u00fclt\u00fcr Sanat Edebiyat Felsefe\",\"publisher\":{\"@id\":\"https:\/\/narteks.net\/#organization\"},\"alternateName\":\"K\u00fclt\u00fcr Sanat Edebiyat Felsefe\",\"potentialAction\":[{\"@type\":\"SearchAction\",\"target\":{\"@type\":\"EntryPoint\",\"urlTemplate\":\"https:\/\/narteks.net\/?s={search_term_string}\"},\"query-input\":{\"@type\":\"PropertyValueSpecification\",\"valueRequired\":true,\"valueName\":\"search_term_string\"}}],\"inLanguage\":\"tr\"},{\"@type\":\"Organization\",\"@id\":\"https:\/\/narteks.net\/#organization\",\"name\":\"narteks.net\",\"url\":\"https:\/\/narteks.net\/\",\"logo\":{\"@type\":\"ImageObject\",\"inLanguage\":\"tr\",\"@id\":\"https:\/\/narteks.net\/#\/schema\/logo\/image\/\",\"url\":\"https:\/\/narteks.net\/wp-content\/uploads\/narteks.png\",\"contentUrl\":\"https:\/\/narteks.net\/wp-content\/uploads\/narteks.png\",\"width\":300,\"height\":90,\"caption\":\"narteks.net\"},\"image\":{\"@id\":\"https:\/\/narteks.net\/#\/schema\/logo\/image\/\"},\"sameAs\":[\"https:\/\/x.com\/narteks\",\"https:\/\/instagram.com\/narteksnet\"]},{\"@type\":\"Person\",\"@id\":\"https:\/\/narteks.net\/#\/schema\/person\/61f37d9834294b72d31d274e7ed79bca\",\"name\":\"Tar\u0131k\",\"image\":{\"@type\":\"ImageObject\",\"inLanguage\":\"tr\",\"@id\":\"https:\/\/narteks.net\/#\/schema\/person\/image\/\",\"url\":\"https:\/\/secure.gravatar.com\/avatar\/50865afb55632c4ae467e0af0930f6510aa2297d8014be502a55b14f3b7550cf?s=96&d=mm&r=g\",\"contentUrl\":\"https:\/\/secure.gravatar.com\/avatar\/50865afb55632c4ae467e0af0930f6510aa2297d8014be502a55b14f3b7550cf?s=96&d=mm&r=g\",\"caption\":\"Tar\u0131k\"},\"sameAs\":[\"http:\/\/narteks.net\"],\"url\":\"https:\/\/narteks.net\/index.php\/author\/narbak\/\"}]}<\/script>\n<!-- \/ Yoast SEO Premium plugin. -->","yoast_head_json":{"title":"B\u0130R AK\u015eAMDA \u00c7OCUKLARIN T\u00dcRK\u00dcS\u00dc - narteks.net","robots":{"index":"index","follow":"follow","max-snippet":"max-snippet:-1","max-image-preview":"max-image-preview:large","max-video-preview":"max-video-preview:-1"},"canonical":"https:\/\/narteks.net\/index.php\/2011\/05\/25\/bir-aksamda-cocuklarin-turkusu\/","og_locale":"tr_TR","og_type":"article","og_title":"B\u0130R AK\u015eAMDA \u00c7OCUKLARIN T\u00dcRK\u00dcS\u00dc","og_description":"\u00a0 Baba, nisan ya\u011fmurlar\u0131 bir panay\u0131r t\u00fcrk\u00fcs\u00fcd\u00fcr Birazdan g\u00fcne\u015f a\u00e7\u0131nca verecekler oyuncaklar\u0131m\u0131z\u0131 Baba, sava\u015f olmas\u0131n; sava\u015f \u00e7\u0131karsa Kirletirler g\u00f6klerimizi, y\u0131rtarlar u\u00e7urtmalar\u0131m\u0131z\u0131 Baba, sava\u015f patlarsa en \u00e7ok bize k\u0131zacaklar A\u011fabeylerimiz k\u0131racak, \u00e7elimsiz bacaklar\u0131m\u0131z\u0131 Bilyalar\u0131m\u0131z\u0131 ezecek tanklar, d\u00fc\u015flerimizi d\u00f6vecek toplar \u00c7amurlara bulayacaklar nisan ya\u011fmurlar\u0131m\u0131z\u0131 G\u00fcne\u015flerimizi ve aylar\u0131m\u0131z\u0131 s\u00f6nd\u00fcrecekler Kendi \u00e7ocuklar\u0131na g\u00f6t\u00fcrecekler belki de portakallar\u0131m\u0131z\u0131 Baba onlar da [&hellip;]","og_url":"https:\/\/narteks.net\/index.php\/2011\/05\/25\/bir-aksamda-cocuklarin-turkusu\/","og_site_name":"narteks.net","article_published_time":"2011-05-25T08:03:45+00:00","og_image":[{"width":300,"height":90,"url":"https:\/\/narteks.net\/wp-content\/uploads\/narteks.png","type":"image\/png"}],"author":"Tar\u0131k","twitter_card":"summary_large_image","twitter_creator":"@narteks","twitter_site":"@narteks","twitter_misc":{"Yazan:":"Tar\u0131k","Tahmini okuma s\u00fcresi":"1 dakika"},"schema":{"@context":"https:\/\/schema.org","@graph":[{"@type":"Article","@id":"https:\/\/narteks.net\/index.php\/2011\/05\/25\/bir-aksamda-cocuklarin-turkusu\/#article","isPartOf":{"@id":"https:\/\/narteks.net\/index.php\/2011\/05\/25\/bir-aksamda-cocuklarin-turkusu\/"},"author":{"name":"Tar\u0131k","@id":"https:\/\/narteks.net\/#\/schema\/person\/61f37d9834294b72d31d274e7ed79bca"},"headline":"B\u0130R AK\u015eAMDA \u00c7OCUKLARIN T\u00dcRK\u00dcS\u00dc","datePublished":"2011-05-25T08:03:45+00:00","mainEntityOfPage":{"@id":"https:\/\/narteks.net\/index.php\/2011\/05\/25\/bir-aksamda-cocuklarin-turkusu\/"},"wordCount":147,"commentCount":0,"publisher":{"@id":"https:\/\/narteks.net\/#organization"},"articleSection":["Af\u015far T\u0130MU\u00c7\u0130N \u015fiirleri"],"inLanguage":"tr","potentialAction":[{"@type":"CommentAction","name":"Comment","target":["https:\/\/narteks.net\/index.php\/2011\/05\/25\/bir-aksamda-cocuklarin-turkusu\/#respond"]}]},{"@type":"WebPage","@id":"https:\/\/narteks.net\/index.php\/2011\/05\/25\/bir-aksamda-cocuklarin-turkusu\/","url":"https:\/\/narteks.net\/index.php\/2011\/05\/25\/bir-aksamda-cocuklarin-turkusu\/","name":"B\u0130R AK\u015eAMDA \u00c7OCUKLARIN T\u00dcRK\u00dcS\u00dc - narteks.net","isPartOf":{"@id":"https:\/\/narteks.net\/#website"},"datePublished":"2011-05-25T08:03:45+00:00","breadcrumb":{"@id":"https:\/\/narteks.net\/index.php\/2011\/05\/25\/bir-aksamda-cocuklarin-turkusu\/#breadcrumb"},"inLanguage":"tr","potentialAction":[{"@type":"ReadAction","target":["https:\/\/narteks.net\/index.php\/2011\/05\/25\/bir-aksamda-cocuklarin-turkusu\/"]}]},{"@type":"BreadcrumbList","@id":"https:\/\/narteks.net\/index.php\/2011\/05\/25\/bir-aksamda-cocuklarin-turkusu\/#breadcrumb","itemListElement":[{"@type":"ListItem","position":1,"name":"Anasayfa","item":"https:\/\/narteks.net\/"},{"@type":"ListItem","position":2,"name":"B\u0130R AK\u015eAMDA \u00c7OCUKLARIN T\u00dcRK\u00dcS\u00dc"}]},{"@type":"WebSite","@id":"https:\/\/narteks.net\/#website","url":"https:\/\/narteks.net\/","name":"narteks.net","description":"K\u00fclt\u00fcr Sanat Edebiyat Felsefe","publisher":{"@id":"https:\/\/narteks.net\/#organization"},"alternateName":"K\u00fclt\u00fcr Sanat Edebiyat Felsefe","potentialAction":[{"@type":"SearchAction","target":{"@type":"EntryPoint","urlTemplate":"https:\/\/narteks.net\/?s={search_term_string}"},"query-input":{"@type":"PropertyValueSpecification","valueRequired":true,"valueName":"search_term_string"}}],"inLanguage":"tr"},{"@type":"Organization","@id":"https:\/\/narteks.net\/#organization","name":"narteks.net","url":"https:\/\/narteks.net\/","logo":{"@type":"ImageObject","inLanguage":"tr","@id":"https:\/\/narteks.net\/#\/schema\/logo\/image\/","url":"https:\/\/narteks.net\/wp-content\/uploads\/narteks.png","contentUrl":"https:\/\/narteks.net\/wp-content\/uploads\/narteks.png","width":300,"height":90,"caption":"narteks.net"},"image":{"@id":"https:\/\/narteks.net\/#\/schema\/logo\/image\/"},"sameAs":["https:\/\/x.com\/narteks","https:\/\/instagram.com\/narteksnet"]},{"@type":"Person","@id":"https:\/\/narteks.net\/#\/schema\/person\/61f37d9834294b72d31d274e7ed79bca","name":"Tar\u0131k","image":{"@type":"ImageObject","inLanguage":"tr","@id":"https:\/\/narteks.net\/#\/schema\/person\/image\/","url":"https:\/\/secure.gravatar.com\/avatar\/50865afb55632c4ae467e0af0930f6510aa2297d8014be502a55b14f3b7550cf?s=96&d=mm&r=g","contentUrl":"https:\/\/secure.gravatar.com\/avatar\/50865afb55632c4ae467e0af0930f6510aa2297d8014be502a55b14f3b7550cf?s=96&d=mm&r=g","caption":"Tar\u0131k"},"sameAs":["http:\/\/narteks.net"],"url":"https:\/\/narteks.net\/index.php\/author\/narbak\/"}]}},"_links":{"self":[{"href":"https:\/\/narteks.net\/index.php\/wp-json\/wp\/v2\/posts\/5961","targetHints":{"allow":["GET"]}}],"collection":[{"href":"https:\/\/narteks.net\/index.php\/wp-json\/wp\/v2\/posts"}],"about":[{"href":"https:\/\/narteks.net\/index.php\/wp-json\/wp\/v2\/types\/post"}],"author":[{"embeddable":true,"href":"https:\/\/narteks.net\/index.php\/wp-json\/wp\/v2\/users\/1"}],"replies":[{"embeddable":true,"href":"https:\/\/narteks.net\/index.php\/wp-json\/wp\/v2\/comments?post=5961"}],"version-history":[{"count":0,"href":"https:\/\/narteks.net\/index.php\/wp-json\/wp\/v2\/posts\/5961\/revisions"}],"wp:attachment":[{"href":"https:\/\/narteks.net\/index.php\/wp-json\/wp\/v2\/media?parent=5961"}],"wp:term":[{"taxonomy":"category","embeddable":true,"href":"https:\/\/narteks.net\/index.php\/wp-json\/wp\/v2\/categories?post=5961"},{"taxonomy":"post_tag","embeddable":true,"href":"https:\/\/narteks.net\/index.php\/wp-json\/wp\/v2\/tags?post=5961"}],"curies":[{"name":"wp","href":"https:\/\/api.w.org\/{rel}","templated":true}]}}