{"id":5978,"date":"2011-05-25T11:18:19","date_gmt":"2011-05-25T08:18:19","guid":{"rendered":"http:\/\/localhost\/wordpress\/2011\/05\/25\/gece-gelenin-turkusu\/"},"modified":"2011-05-25T11:18:19","modified_gmt":"2011-05-25T08:18:19","slug":"gece-gelenin-turkusu","status":"publish","type":"post","link":"https:\/\/narteks.net\/index.php\/2011\/05\/25\/gece-gelenin-turkusu\/","title":{"rendered":"GECE GELEN\u0130N T\u00dcRK\u00dcS\u00dc"},"content":{"rendered":"<p>\u00a0<\/p>\n<p><span>Hangi saatte durur \u015fiir<br \/> Hangi saatte ba\u015flar<br \/> Horozlar hangi saatte \u00f6ter<br \/> Hangi saatte y\u0131kan\u0131r \u0131\u015f\u0131kla<br \/> Gecenin \u00e7amuruna batanlar<\/p>\n<p> B\u00f6yle sen mi geldin sabaha kar\u015f\u0131<br \/> Alkol t\u00fct\u00fcn ve yaln\u0131zl\u0131k i\u00e7inde<br \/> B\u00f6yle sen mi geldin sessiz<br \/> \u00c7ocuklar\u0131n do\u011fmas\u0131ndan, g\u00fcn\u00fcn \u0131\u015f\u0131mas\u0131ndan<br \/> Kavgada insanlar\u0131n \u00f6lmesinden korkarak<br \/> B\u00f6yle sen mi geldin ka\u00e7a ka\u00e7a<\/p>\n<p> Kayg\u0131lar hangi saatte ba\u015flar<br \/> Hangi saatte yenik d\u00fc\u015fer<br \/> Gecenin bitimi do\u011fan g\u00fcne<br \/> Ve neden g\u00fcne ba\u015fl\u0131yor gibi<br \/> Bazen \u00e7ok sevdiklerimiz bile<br \/> Yeniden geceye ba\u015flarlar<\/p>\n<p> Hangi saatte susar \u015fiir<br \/> Hangi saatte yazar \u00f6l\u00fcm\u00fcn yazg\u0131s\u0131n\u0131 <\/span><\/p>\n<p><span>Af\u015far T\u0130MU\u00c7\u0130N<br \/><\/span><\/p>\n","protected":false},"excerpt":{"rendered":"<p>\u00a0 Hangi saatte durur \u015fiir Hangi saatte ba\u015flar Horozlar hangi saatte \u00f6ter Hangi saatte y\u0131kan\u0131r \u0131\u015f\u0131kla Gecenin \u00e7amuruna batanlar B\u00f6yle sen mi geldin sabaha kar\u015f\u0131 Alkol t\u00fct\u00fcn ve yaln\u0131zl\u0131k i\u00e7inde B\u00f6yle sen mi geldin sessiz \u00c7ocuklar\u0131n do\u011fmas\u0131ndan, g\u00fcn\u00fcn \u0131\u015f\u0131mas\u0131ndan Kavgada insanlar\u0131n \u00f6lmesinden korkarak B\u00f6yle sen mi geldin ka\u00e7a ka\u00e7a Kayg\u0131lar hangi saatte ba\u015flar Hangi saatte [&hellip;]<\/p>\n","protected":false},"author":1,"featured_media":0,"comment_status":"open","ping_status":"open","sticky":false,"template":"","format":"standard","meta":{"footnotes":""},"categories":[188],"tags":[],"class_list":{"0":"post-5978","1":"post","2":"type-post","3":"status-publish","4":"format-standard","6":"category-afsar-timucin-siirleri"},"yoast_head":"<!-- This site is optimized with the Yoast SEO Premium plugin v24.9 (Yoast SEO v24.9) - https:\/\/yoast.com\/wordpress\/plugins\/seo\/ -->\n<title>GECE GELEN\u0130N T\u00dcRK\u00dcS\u00dc - narteks.net<\/title>\n<meta name=\"robots\" content=\"index, follow, max-snippet:-1, max-image-preview:large, max-video-preview:-1\" \/>\n<link rel=\"canonical\" href=\"https:\/\/narteks.net\/index.php\/2011\/05\/25\/gece-gelenin-turkusu\/\" \/>\n<meta property=\"og:locale\" content=\"tr_TR\" \/>\n<meta property=\"og:type\" content=\"article\" \/>\n<meta property=\"og:title\" content=\"GECE GELEN\u0130N T\u00dcRK\u00dcS\u00dc\" \/>\n<meta property=\"og:description\" content=\"\u00a0 Hangi saatte durur \u015fiir Hangi saatte ba\u015flar Horozlar hangi saatte \u00f6ter Hangi saatte y\u0131kan\u0131r \u0131\u015f\u0131kla Gecenin \u00e7amuruna batanlar B\u00f6yle sen mi geldin sabaha kar\u015f\u0131 Alkol t\u00fct\u00fcn ve yaln\u0131zl\u0131k i\u00e7inde B\u00f6yle sen mi geldin sessiz \u00c7ocuklar\u0131n do\u011fmas\u0131ndan, g\u00fcn\u00fcn \u0131\u015f\u0131mas\u0131ndan Kavgada insanlar\u0131n \u00f6lmesinden korkarak B\u00f6yle sen mi geldin ka\u00e7a ka\u00e7a Kayg\u0131lar hangi saatte ba\u015flar Hangi saatte [&hellip;]\" \/>\n<meta property=\"og:url\" content=\"https:\/\/narteks.net\/index.php\/2011\/05\/25\/gece-gelenin-turkusu\/\" \/>\n<meta property=\"og:site_name\" content=\"narteks.net\" \/>\n<meta property=\"article:published_time\" content=\"2011-05-25T08:18:19+00:00\" \/>\n<meta property=\"og:image\" content=\"https:\/\/narteks.net\/wp-content\/uploads\/narteks.png\" \/>\n\t<meta property=\"og:image:width\" content=\"300\" \/>\n\t<meta property=\"og:image:height\" content=\"90\" \/>\n\t<meta property=\"og:image:type\" content=\"image\/png\" \/>\n<meta name=\"author\" content=\"Tar\u0131k\" \/>\n<meta name=\"twitter:card\" content=\"summary_large_image\" \/>\n<meta name=\"twitter:creator\" content=\"@narteks\" \/>\n<meta name=\"twitter:site\" content=\"@narteks\" \/>\n<meta name=\"twitter:label1\" content=\"Yazan:\" \/>\n\t<meta name=\"twitter:data1\" content=\"Tar\u0131k\" \/>\n\t<meta name=\"twitter:label2\" content=\"Tahmini okuma s\u00fcresi\" \/>\n\t<meta name=\"twitter:data2\" content=\"1 dakika\" \/>\n<script type=\"application\/ld+json\" class=\"yoast-schema-graph\">{\"@context\":\"https:\/\/schema.org\",\"@graph\":[{\"@type\":\"Article\",\"@id\":\"https:\/\/narteks.net\/index.php\/2011\/05\/25\/gece-gelenin-turkusu\/#article\",\"isPartOf\":{\"@id\":\"https:\/\/narteks.net\/index.php\/2011\/05\/25\/gece-gelenin-turkusu\/\"},\"author\":{\"name\":\"Tar\u0131k\",\"@id\":\"https:\/\/narteks.net\/#\/schema\/person\/61f37d9834294b72d31d274e7ed79bca\"},\"headline\":\"GECE GELEN\u0130N T\u00dcRK\u00dcS\u00dc\",\"datePublished\":\"2011-05-25T08:18:19+00:00\",\"mainEntityOfPage\":{\"@id\":\"https:\/\/narteks.net\/index.php\/2011\/05\/25\/gece-gelenin-turkusu\/\"},\"wordCount\":125,\"commentCount\":0,\"publisher\":{\"@id\":\"https:\/\/narteks.net\/#organization\"},\"articleSection\":[\"Af\u015far T\u0130MU\u00c7\u0130N \u015fiirleri\"],\"inLanguage\":\"tr\",\"potentialAction\":[{\"@type\":\"CommentAction\",\"name\":\"Comment\",\"target\":[\"https:\/\/narteks.net\/index.php\/2011\/05\/25\/gece-gelenin-turkusu\/#respond\"]}]},{\"@type\":\"WebPage\",\"@id\":\"https:\/\/narteks.net\/index.php\/2011\/05\/25\/gece-gelenin-turkusu\/\",\"url\":\"https:\/\/narteks.net\/index.php\/2011\/05\/25\/gece-gelenin-turkusu\/\",\"name\":\"GECE GELEN\u0130N T\u00dcRK\u00dcS\u00dc - narteks.net\",\"isPartOf\":{\"@id\":\"https:\/\/narteks.net\/#website\"},\"datePublished\":\"2011-05-25T08:18:19+00:00\",\"breadcrumb\":{\"@id\":\"https:\/\/narteks.net\/index.php\/2011\/05\/25\/gece-gelenin-turkusu\/#breadcrumb\"},\"inLanguage\":\"tr\",\"potentialAction\":[{\"@type\":\"ReadAction\",\"target\":[\"https:\/\/narteks.net\/index.php\/2011\/05\/25\/gece-gelenin-turkusu\/\"]}]},{\"@type\":\"BreadcrumbList\",\"@id\":\"https:\/\/narteks.net\/index.php\/2011\/05\/25\/gece-gelenin-turkusu\/#breadcrumb\",\"itemListElement\":[{\"@type\":\"ListItem\",\"position\":1,\"name\":\"Anasayfa\",\"item\":\"https:\/\/narteks.net\/\"},{\"@type\":\"ListItem\",\"position\":2,\"name\":\"GECE GELEN\u0130N T\u00dcRK\u00dcS\u00dc\"}]},{\"@type\":\"WebSite\",\"@id\":\"https:\/\/narteks.net\/#website\",\"url\":\"https:\/\/narteks.net\/\",\"name\":\"narteks.net\",\"description\":\"K\u00fclt\u00fcr Sanat Edebiyat Felsefe\",\"publisher\":{\"@id\":\"https:\/\/narteks.net\/#organization\"},\"alternateName\":\"K\u00fclt\u00fcr Sanat Edebiyat Felsefe\",\"potentialAction\":[{\"@type\":\"SearchAction\",\"target\":{\"@type\":\"EntryPoint\",\"urlTemplate\":\"https:\/\/narteks.net\/?s={search_term_string}\"},\"query-input\":{\"@type\":\"PropertyValueSpecification\",\"valueRequired\":true,\"valueName\":\"search_term_string\"}}],\"inLanguage\":\"tr\"},{\"@type\":\"Organization\",\"@id\":\"https:\/\/narteks.net\/#organization\",\"name\":\"narteks.net\",\"url\":\"https:\/\/narteks.net\/\",\"logo\":{\"@type\":\"ImageObject\",\"inLanguage\":\"tr\",\"@id\":\"https:\/\/narteks.net\/#\/schema\/logo\/image\/\",\"url\":\"https:\/\/narteks.net\/wp-content\/uploads\/narteks.png\",\"contentUrl\":\"https:\/\/narteks.net\/wp-content\/uploads\/narteks.png\",\"width\":300,\"height\":90,\"caption\":\"narteks.net\"},\"image\":{\"@id\":\"https:\/\/narteks.net\/#\/schema\/logo\/image\/\"},\"sameAs\":[\"https:\/\/x.com\/narteks\",\"https:\/\/instagram.com\/narteksnet\"]},{\"@type\":\"Person\",\"@id\":\"https:\/\/narteks.net\/#\/schema\/person\/61f37d9834294b72d31d274e7ed79bca\",\"name\":\"Tar\u0131k\",\"image\":{\"@type\":\"ImageObject\",\"inLanguage\":\"tr\",\"@id\":\"https:\/\/narteks.net\/#\/schema\/person\/image\/\",\"url\":\"https:\/\/secure.gravatar.com\/avatar\/50865afb55632c4ae467e0af0930f6510aa2297d8014be502a55b14f3b7550cf?s=96&d=mm&r=g\",\"contentUrl\":\"https:\/\/secure.gravatar.com\/avatar\/50865afb55632c4ae467e0af0930f6510aa2297d8014be502a55b14f3b7550cf?s=96&d=mm&r=g\",\"caption\":\"Tar\u0131k\"},\"sameAs\":[\"http:\/\/narteks.net\"],\"url\":\"https:\/\/narteks.net\/index.php\/author\/narbak\/\"}]}<\/script>\n<!-- \/ Yoast SEO Premium plugin. -->","yoast_head_json":{"title":"GECE GELEN\u0130N T\u00dcRK\u00dcS\u00dc - narteks.net","robots":{"index":"index","follow":"follow","max-snippet":"max-snippet:-1","max-image-preview":"max-image-preview:large","max-video-preview":"max-video-preview:-1"},"canonical":"https:\/\/narteks.net\/index.php\/2011\/05\/25\/gece-gelenin-turkusu\/","og_locale":"tr_TR","og_type":"article","og_title":"GECE GELEN\u0130N T\u00dcRK\u00dcS\u00dc","og_description":"\u00a0 Hangi saatte durur \u015fiir Hangi saatte ba\u015flar Horozlar hangi saatte \u00f6ter Hangi saatte y\u0131kan\u0131r \u0131\u015f\u0131kla Gecenin \u00e7amuruna batanlar B\u00f6yle sen mi geldin sabaha kar\u015f\u0131 Alkol t\u00fct\u00fcn ve yaln\u0131zl\u0131k i\u00e7inde B\u00f6yle sen mi geldin sessiz \u00c7ocuklar\u0131n do\u011fmas\u0131ndan, g\u00fcn\u00fcn \u0131\u015f\u0131mas\u0131ndan Kavgada insanlar\u0131n \u00f6lmesinden korkarak B\u00f6yle sen mi geldin ka\u00e7a ka\u00e7a Kayg\u0131lar hangi saatte ba\u015flar Hangi saatte [&hellip;]","og_url":"https:\/\/narteks.net\/index.php\/2011\/05\/25\/gece-gelenin-turkusu\/","og_site_name":"narteks.net","article_published_time":"2011-05-25T08:18:19+00:00","og_image":[{"width":300,"height":90,"url":"https:\/\/narteks.net\/wp-content\/uploads\/narteks.png","type":"image\/png"}],"author":"Tar\u0131k","twitter_card":"summary_large_image","twitter_creator":"@narteks","twitter_site":"@narteks","twitter_misc":{"Yazan:":"Tar\u0131k","Tahmini okuma s\u00fcresi":"1 dakika"},"schema":{"@context":"https:\/\/schema.org","@graph":[{"@type":"Article","@id":"https:\/\/narteks.net\/index.php\/2011\/05\/25\/gece-gelenin-turkusu\/#article","isPartOf":{"@id":"https:\/\/narteks.net\/index.php\/2011\/05\/25\/gece-gelenin-turkusu\/"},"author":{"name":"Tar\u0131k","@id":"https:\/\/narteks.net\/#\/schema\/person\/61f37d9834294b72d31d274e7ed79bca"},"headline":"GECE GELEN\u0130N T\u00dcRK\u00dcS\u00dc","datePublished":"2011-05-25T08:18:19+00:00","mainEntityOfPage":{"@id":"https:\/\/narteks.net\/index.php\/2011\/05\/25\/gece-gelenin-turkusu\/"},"wordCount":125,"commentCount":0,"publisher":{"@id":"https:\/\/narteks.net\/#organization"},"articleSection":["Af\u015far T\u0130MU\u00c7\u0130N \u015fiirleri"],"inLanguage":"tr","potentialAction":[{"@type":"CommentAction","name":"Comment","target":["https:\/\/narteks.net\/index.php\/2011\/05\/25\/gece-gelenin-turkusu\/#respond"]}]},{"@type":"WebPage","@id":"https:\/\/narteks.net\/index.php\/2011\/05\/25\/gece-gelenin-turkusu\/","url":"https:\/\/narteks.net\/index.php\/2011\/05\/25\/gece-gelenin-turkusu\/","name":"GECE GELEN\u0130N T\u00dcRK\u00dcS\u00dc - narteks.net","isPartOf":{"@id":"https:\/\/narteks.net\/#website"},"datePublished":"2011-05-25T08:18:19+00:00","breadcrumb":{"@id":"https:\/\/narteks.net\/index.php\/2011\/05\/25\/gece-gelenin-turkusu\/#breadcrumb"},"inLanguage":"tr","potentialAction":[{"@type":"ReadAction","target":["https:\/\/narteks.net\/index.php\/2011\/05\/25\/gece-gelenin-turkusu\/"]}]},{"@type":"BreadcrumbList","@id":"https:\/\/narteks.net\/index.php\/2011\/05\/25\/gece-gelenin-turkusu\/#breadcrumb","itemListElement":[{"@type":"ListItem","position":1,"name":"Anasayfa","item":"https:\/\/narteks.net\/"},{"@type":"ListItem","position":2,"name":"GECE GELEN\u0130N T\u00dcRK\u00dcS\u00dc"}]},{"@type":"WebSite","@id":"https:\/\/narteks.net\/#website","url":"https:\/\/narteks.net\/","name":"narteks.net","description":"K\u00fclt\u00fcr Sanat Edebiyat Felsefe","publisher":{"@id":"https:\/\/narteks.net\/#organization"},"alternateName":"K\u00fclt\u00fcr Sanat Edebiyat Felsefe","potentialAction":[{"@type":"SearchAction","target":{"@type":"EntryPoint","urlTemplate":"https:\/\/narteks.net\/?s={search_term_string}"},"query-input":{"@type":"PropertyValueSpecification","valueRequired":true,"valueName":"search_term_string"}}],"inLanguage":"tr"},{"@type":"Organization","@id":"https:\/\/narteks.net\/#organization","name":"narteks.net","url":"https:\/\/narteks.net\/","logo":{"@type":"ImageObject","inLanguage":"tr","@id":"https:\/\/narteks.net\/#\/schema\/logo\/image\/","url":"https:\/\/narteks.net\/wp-content\/uploads\/narteks.png","contentUrl":"https:\/\/narteks.net\/wp-content\/uploads\/narteks.png","width":300,"height":90,"caption":"narteks.net"},"image":{"@id":"https:\/\/narteks.net\/#\/schema\/logo\/image\/"},"sameAs":["https:\/\/x.com\/narteks","https:\/\/instagram.com\/narteksnet"]},{"@type":"Person","@id":"https:\/\/narteks.net\/#\/schema\/person\/61f37d9834294b72d31d274e7ed79bca","name":"Tar\u0131k","image":{"@type":"ImageObject","inLanguage":"tr","@id":"https:\/\/narteks.net\/#\/schema\/person\/image\/","url":"https:\/\/secure.gravatar.com\/avatar\/50865afb55632c4ae467e0af0930f6510aa2297d8014be502a55b14f3b7550cf?s=96&d=mm&r=g","contentUrl":"https:\/\/secure.gravatar.com\/avatar\/50865afb55632c4ae467e0af0930f6510aa2297d8014be502a55b14f3b7550cf?s=96&d=mm&r=g","caption":"Tar\u0131k"},"sameAs":["http:\/\/narteks.net"],"url":"https:\/\/narteks.net\/index.php\/author\/narbak\/"}]}},"_links":{"self":[{"href":"https:\/\/narteks.net\/index.php\/wp-json\/wp\/v2\/posts\/5978","targetHints":{"allow":["GET"]}}],"collection":[{"href":"https:\/\/narteks.net\/index.php\/wp-json\/wp\/v2\/posts"}],"about":[{"href":"https:\/\/narteks.net\/index.php\/wp-json\/wp\/v2\/types\/post"}],"author":[{"embeddable":true,"href":"https:\/\/narteks.net\/index.php\/wp-json\/wp\/v2\/users\/1"}],"replies":[{"embeddable":true,"href":"https:\/\/narteks.net\/index.php\/wp-json\/wp\/v2\/comments?post=5978"}],"version-history":[{"count":0,"href":"https:\/\/narteks.net\/index.php\/wp-json\/wp\/v2\/posts\/5978\/revisions"}],"wp:attachment":[{"href":"https:\/\/narteks.net\/index.php\/wp-json\/wp\/v2\/media?parent=5978"}],"wp:term":[{"taxonomy":"category","embeddable":true,"href":"https:\/\/narteks.net\/index.php\/wp-json\/wp\/v2\/categories?post=5978"},{"taxonomy":"post_tag","embeddable":true,"href":"https:\/\/narteks.net\/index.php\/wp-json\/wp\/v2\/tags?post=5978"}],"curies":[{"name":"wp","href":"https:\/\/api.w.org\/{rel}","templated":true}]}}