{"id":5979,"date":"2011-05-25T11:19:02","date_gmt":"2011-05-25T08:19:02","guid":{"rendered":"http:\/\/localhost\/wordpress\/2011\/05\/25\/gecen-zamanin-turkusu\/"},"modified":"2011-05-25T11:19:02","modified_gmt":"2011-05-25T08:19:02","slug":"gecen-zamanin-turkusu","status":"publish","type":"post","link":"https:\/\/narteks.net\/index.php\/2011\/05\/25\/gecen-zamanin-turkusu\/","title":{"rendered":"GE\u00c7EN ZAMANIN T\u00dcRK\u00dcS\u00dc"},"content":{"rendered":"<p>\u00a0<\/p>\n<p><span>Bir de pisli\u011fin \u00e7i\u00e7ek gibi b\u00fcy\u00fctt\u00fc\u011f\u00fc<br \/> Uyu\u015fuk ve anlams\u0131z otlar var<\/p>\n<p> \u00dcnl\u00fc yay\u0131nevlerinde<br \/> Halka \u0131\u015f\u0131k tutan b\u00fct\u00fcn romanc\u0131lar<br \/> \u00d6fkeli \u00f6fkesiz b\u00fct\u00fcn ressamlar<br \/> Ve b\u00fct\u00fcn ince kemanc\u0131lar<br \/> B\u00fcy\u00fck adamlar\u0131n anlay\u0131\u015fl\u0131 e\u015fleri<br \/> \u0130nsan pazar\u0131n\u0131n reklam \u015fairleri<br \/> Ben gidince geriye kalacaks\u0131n\u0131z benden<\/p>\n<p> Her zaman b\u00f6yle olur<br \/> R\u00fczg\u00e2r toz bulutlar\u0131 b\u0131rak\u0131r giderken<\/p>\n<p> \u0130\u00e7indeki karma\u015fay\u0131 d\u00fcnyaya ta\u015f\u0131yanlar<br \/> E\u011fri d\u00fc\u015f\u00fcnenler, do\u011fru konu\u015fanlar<br \/> Eli kalem tutanlar\u0131n b\u00fct\u00fcn\u00fc<br \/> \u0130\u00e7ki sofralar\u0131n\u0131n e\u015fsiz bilgeleri<br \/> Eme\u011fe alk\u0131\u015f tutan tembel s\u00fcr\u00fcleri<br \/> Ben gidince geriye kalacaks\u0131n\u0131z benden<\/p>\n<p> Her zaman b\u00f6yle olur<br \/> R\u00fczg\u00e2r toz bulutlar\u0131 b\u0131rak\u0131r giderken<\/p>\n<p> G\u00f6nl\u00fcndeki yaln\u0131zl\u0131\u011f\u0131 i\u00e7imize getiren<br \/> B\u00fct\u00fcn kafal\u0131lar, b\u00fct\u00fcn \u015fakac\u0131lar<br \/> Felsefeye \u00f6nem veren d\u00fc\u015f\u00fcn\u00fcr art\u0131klar\u0131<br \/> Sanat d\u00fcnyas\u0131n\u0131n doygun yarat\u0131klar\u0131<br \/> D\u00fc\u015f\u00fcnce toptanc\u0131lar\u0131, duygu i\u015fportac\u0131lar\u0131<br \/> Ben gidince geriye kalacaks\u0131n\u0131z benden<\/p>\n<p> Her zaman b\u00f6yle olur<br \/> R\u00fczg\u00e2r toz bulutlar\u0131 b\u0131rak\u0131r giderken <\/span><\/p>\n<p><span>Af\u015far T\u0130MU\u00c7\u0130N<br \/><\/span><\/p>\n","protected":false},"excerpt":{"rendered":"<p>\u00a0 Bir de pisli\u011fin \u00e7i\u00e7ek gibi b\u00fcy\u00fctt\u00fc\u011f\u00fc Uyu\u015fuk ve anlams\u0131z otlar var \u00dcnl\u00fc yay\u0131nevlerinde Halka \u0131\u015f\u0131k tutan b\u00fct\u00fcn romanc\u0131lar \u00d6fkeli \u00f6fkesiz b\u00fct\u00fcn ressamlar Ve b\u00fct\u00fcn ince kemanc\u0131lar B\u00fcy\u00fck adamlar\u0131n anlay\u0131\u015fl\u0131 e\u015fleri \u0130nsan pazar\u0131n\u0131n reklam \u015fairleri Ben gidince geriye kalacaks\u0131n\u0131z benden Her zaman b\u00f6yle olur R\u00fczg\u00e2r toz bulutlar\u0131 b\u0131rak\u0131r giderken \u0130\u00e7indeki karma\u015fay\u0131 d\u00fcnyaya ta\u015f\u0131yanlar E\u011fri d\u00fc\u015f\u00fcnenler, [&hellip;]<\/p>\n","protected":false},"author":1,"featured_media":0,"comment_status":"open","ping_status":"open","sticky":false,"template":"","format":"standard","meta":{"footnotes":""},"categories":[188],"tags":[],"class_list":{"0":"post-5979","1":"post","2":"type-post","3":"status-publish","4":"format-standard","6":"category-afsar-timucin-siirleri"},"yoast_head":"<!-- This site is optimized with the Yoast SEO Premium plugin v24.9 (Yoast SEO v24.9) - https:\/\/yoast.com\/wordpress\/plugins\/seo\/ -->\n<title>GE\u00c7EN ZAMANIN T\u00dcRK\u00dcS\u00dc - narteks.net<\/title>\n<meta name=\"robots\" content=\"index, follow, max-snippet:-1, max-image-preview:large, max-video-preview:-1\" \/>\n<link rel=\"canonical\" href=\"https:\/\/narteks.net\/index.php\/2011\/05\/25\/gecen-zamanin-turkusu\/\" \/>\n<meta property=\"og:locale\" content=\"tr_TR\" \/>\n<meta property=\"og:type\" content=\"article\" \/>\n<meta property=\"og:title\" content=\"GE\u00c7EN ZAMANIN T\u00dcRK\u00dcS\u00dc\" \/>\n<meta property=\"og:description\" content=\"\u00a0 Bir de pisli\u011fin \u00e7i\u00e7ek gibi b\u00fcy\u00fctt\u00fc\u011f\u00fc Uyu\u015fuk ve anlams\u0131z otlar var \u00dcnl\u00fc yay\u0131nevlerinde Halka \u0131\u015f\u0131k tutan b\u00fct\u00fcn romanc\u0131lar \u00d6fkeli \u00f6fkesiz b\u00fct\u00fcn ressamlar Ve b\u00fct\u00fcn ince kemanc\u0131lar B\u00fcy\u00fck adamlar\u0131n anlay\u0131\u015fl\u0131 e\u015fleri \u0130nsan pazar\u0131n\u0131n reklam \u015fairleri Ben gidince geriye kalacaks\u0131n\u0131z benden Her zaman b\u00f6yle olur R\u00fczg\u00e2r toz bulutlar\u0131 b\u0131rak\u0131r giderken \u0130\u00e7indeki karma\u015fay\u0131 d\u00fcnyaya ta\u015f\u0131yanlar E\u011fri d\u00fc\u015f\u00fcnenler, [&hellip;]\" \/>\n<meta property=\"og:url\" content=\"https:\/\/narteks.net\/index.php\/2011\/05\/25\/gecen-zamanin-turkusu\/\" \/>\n<meta property=\"og:site_name\" content=\"narteks.net\" \/>\n<meta property=\"article:published_time\" content=\"2011-05-25T08:19:02+00:00\" \/>\n<meta property=\"og:image\" content=\"https:\/\/narteks.net\/wp-content\/uploads\/narteks.png\" \/>\n\t<meta property=\"og:image:width\" content=\"300\" \/>\n\t<meta property=\"og:image:height\" content=\"90\" \/>\n\t<meta property=\"og:image:type\" content=\"image\/png\" \/>\n<meta name=\"author\" content=\"Tar\u0131k\" \/>\n<meta name=\"twitter:card\" content=\"summary_large_image\" \/>\n<meta name=\"twitter:creator\" content=\"@narteks\" \/>\n<meta name=\"twitter:site\" content=\"@narteks\" \/>\n<meta name=\"twitter:label1\" content=\"Yazan:\" \/>\n\t<meta name=\"twitter:data1\" content=\"Tar\u0131k\" \/>\n\t<meta name=\"twitter:label2\" content=\"Tahmini okuma s\u00fcresi\" \/>\n\t<meta name=\"twitter:data2\" content=\"1 dakika\" \/>\n<script type=\"application\/ld+json\" class=\"yoast-schema-graph\">{\"@context\":\"https:\/\/schema.org\",\"@graph\":[{\"@type\":\"Article\",\"@id\":\"https:\/\/narteks.net\/index.php\/2011\/05\/25\/gecen-zamanin-turkusu\/#article\",\"isPartOf\":{\"@id\":\"https:\/\/narteks.net\/index.php\/2011\/05\/25\/gecen-zamanin-turkusu\/\"},\"author\":{\"name\":\"Tar\u0131k\",\"@id\":\"https:\/\/narteks.net\/#\/schema\/person\/61f37d9834294b72d31d274e7ed79bca\"},\"headline\":\"GE\u00c7EN ZAMANIN T\u00dcRK\u00dcS\u00dc\",\"datePublished\":\"2011-05-25T08:19:02+00:00\",\"mainEntityOfPage\":{\"@id\":\"https:\/\/narteks.net\/index.php\/2011\/05\/25\/gecen-zamanin-turkusu\/\"},\"wordCount\":209,\"commentCount\":0,\"publisher\":{\"@id\":\"https:\/\/narteks.net\/#organization\"},\"articleSection\":[\"Af\u015far T\u0130MU\u00c7\u0130N \u015fiirleri\"],\"inLanguage\":\"tr\",\"potentialAction\":[{\"@type\":\"CommentAction\",\"name\":\"Comment\",\"target\":[\"https:\/\/narteks.net\/index.php\/2011\/05\/25\/gecen-zamanin-turkusu\/#respond\"]}]},{\"@type\":\"WebPage\",\"@id\":\"https:\/\/narteks.net\/index.php\/2011\/05\/25\/gecen-zamanin-turkusu\/\",\"url\":\"https:\/\/narteks.net\/index.php\/2011\/05\/25\/gecen-zamanin-turkusu\/\",\"name\":\"GE\u00c7EN ZAMANIN T\u00dcRK\u00dcS\u00dc - narteks.net\",\"isPartOf\":{\"@id\":\"https:\/\/narteks.net\/#website\"},\"datePublished\":\"2011-05-25T08:19:02+00:00\",\"breadcrumb\":{\"@id\":\"https:\/\/narteks.net\/index.php\/2011\/05\/25\/gecen-zamanin-turkusu\/#breadcrumb\"},\"inLanguage\":\"tr\",\"potentialAction\":[{\"@type\":\"ReadAction\",\"target\":[\"https:\/\/narteks.net\/index.php\/2011\/05\/25\/gecen-zamanin-turkusu\/\"]}]},{\"@type\":\"BreadcrumbList\",\"@id\":\"https:\/\/narteks.net\/index.php\/2011\/05\/25\/gecen-zamanin-turkusu\/#breadcrumb\",\"itemListElement\":[{\"@type\":\"ListItem\",\"position\":1,\"name\":\"Anasayfa\",\"item\":\"https:\/\/narteks.net\/\"},{\"@type\":\"ListItem\",\"position\":2,\"name\":\"GE\u00c7EN ZAMANIN T\u00dcRK\u00dcS\u00dc\"}]},{\"@type\":\"WebSite\",\"@id\":\"https:\/\/narteks.net\/#website\",\"url\":\"https:\/\/narteks.net\/\",\"name\":\"narteks.net\",\"description\":\"K\u00fclt\u00fcr Sanat Edebiyat Felsefe\",\"publisher\":{\"@id\":\"https:\/\/narteks.net\/#organization\"},\"alternateName\":\"K\u00fclt\u00fcr Sanat Edebiyat Felsefe\",\"potentialAction\":[{\"@type\":\"SearchAction\",\"target\":{\"@type\":\"EntryPoint\",\"urlTemplate\":\"https:\/\/narteks.net\/?s={search_term_string}\"},\"query-input\":{\"@type\":\"PropertyValueSpecification\",\"valueRequired\":true,\"valueName\":\"search_term_string\"}}],\"inLanguage\":\"tr\"},{\"@type\":\"Organization\",\"@id\":\"https:\/\/narteks.net\/#organization\",\"name\":\"narteks.net\",\"url\":\"https:\/\/narteks.net\/\",\"logo\":{\"@type\":\"ImageObject\",\"inLanguage\":\"tr\",\"@id\":\"https:\/\/narteks.net\/#\/schema\/logo\/image\/\",\"url\":\"https:\/\/narteks.net\/wp-content\/uploads\/narteks.png\",\"contentUrl\":\"https:\/\/narteks.net\/wp-content\/uploads\/narteks.png\",\"width\":300,\"height\":90,\"caption\":\"narteks.net\"},\"image\":{\"@id\":\"https:\/\/narteks.net\/#\/schema\/logo\/image\/\"},\"sameAs\":[\"https:\/\/x.com\/narteks\",\"https:\/\/instagram.com\/narteksnet\"]},{\"@type\":\"Person\",\"@id\":\"https:\/\/narteks.net\/#\/schema\/person\/61f37d9834294b72d31d274e7ed79bca\",\"name\":\"Tar\u0131k\",\"image\":{\"@type\":\"ImageObject\",\"inLanguage\":\"tr\",\"@id\":\"https:\/\/narteks.net\/#\/schema\/person\/image\/\",\"url\":\"https:\/\/secure.gravatar.com\/avatar\/50865afb55632c4ae467e0af0930f6510aa2297d8014be502a55b14f3b7550cf?s=96&d=mm&r=g\",\"contentUrl\":\"https:\/\/secure.gravatar.com\/avatar\/50865afb55632c4ae467e0af0930f6510aa2297d8014be502a55b14f3b7550cf?s=96&d=mm&r=g\",\"caption\":\"Tar\u0131k\"},\"sameAs\":[\"http:\/\/narteks.net\"],\"url\":\"https:\/\/narteks.net\/index.php\/author\/narbak\/\"}]}<\/script>\n<!-- \/ Yoast SEO Premium plugin. -->","yoast_head_json":{"title":"GE\u00c7EN ZAMANIN T\u00dcRK\u00dcS\u00dc - narteks.net","robots":{"index":"index","follow":"follow","max-snippet":"max-snippet:-1","max-image-preview":"max-image-preview:large","max-video-preview":"max-video-preview:-1"},"canonical":"https:\/\/narteks.net\/index.php\/2011\/05\/25\/gecen-zamanin-turkusu\/","og_locale":"tr_TR","og_type":"article","og_title":"GE\u00c7EN ZAMANIN T\u00dcRK\u00dcS\u00dc","og_description":"\u00a0 Bir de pisli\u011fin \u00e7i\u00e7ek gibi b\u00fcy\u00fctt\u00fc\u011f\u00fc Uyu\u015fuk ve anlams\u0131z otlar var \u00dcnl\u00fc yay\u0131nevlerinde Halka \u0131\u015f\u0131k tutan b\u00fct\u00fcn romanc\u0131lar \u00d6fkeli \u00f6fkesiz b\u00fct\u00fcn ressamlar Ve b\u00fct\u00fcn ince kemanc\u0131lar B\u00fcy\u00fck adamlar\u0131n anlay\u0131\u015fl\u0131 e\u015fleri \u0130nsan pazar\u0131n\u0131n reklam \u015fairleri Ben gidince geriye kalacaks\u0131n\u0131z benden Her zaman b\u00f6yle olur R\u00fczg\u00e2r toz bulutlar\u0131 b\u0131rak\u0131r giderken \u0130\u00e7indeki karma\u015fay\u0131 d\u00fcnyaya ta\u015f\u0131yanlar E\u011fri d\u00fc\u015f\u00fcnenler, [&hellip;]","og_url":"https:\/\/narteks.net\/index.php\/2011\/05\/25\/gecen-zamanin-turkusu\/","og_site_name":"narteks.net","article_published_time":"2011-05-25T08:19:02+00:00","og_image":[{"width":300,"height":90,"url":"https:\/\/narteks.net\/wp-content\/uploads\/narteks.png","type":"image\/png"}],"author":"Tar\u0131k","twitter_card":"summary_large_image","twitter_creator":"@narteks","twitter_site":"@narteks","twitter_misc":{"Yazan:":"Tar\u0131k","Tahmini okuma s\u00fcresi":"1 dakika"},"schema":{"@context":"https:\/\/schema.org","@graph":[{"@type":"Article","@id":"https:\/\/narteks.net\/index.php\/2011\/05\/25\/gecen-zamanin-turkusu\/#article","isPartOf":{"@id":"https:\/\/narteks.net\/index.php\/2011\/05\/25\/gecen-zamanin-turkusu\/"},"author":{"name":"Tar\u0131k","@id":"https:\/\/narteks.net\/#\/schema\/person\/61f37d9834294b72d31d274e7ed79bca"},"headline":"GE\u00c7EN ZAMANIN T\u00dcRK\u00dcS\u00dc","datePublished":"2011-05-25T08:19:02+00:00","mainEntityOfPage":{"@id":"https:\/\/narteks.net\/index.php\/2011\/05\/25\/gecen-zamanin-turkusu\/"},"wordCount":209,"commentCount":0,"publisher":{"@id":"https:\/\/narteks.net\/#organization"},"articleSection":["Af\u015far T\u0130MU\u00c7\u0130N \u015fiirleri"],"inLanguage":"tr","potentialAction":[{"@type":"CommentAction","name":"Comment","target":["https:\/\/narteks.net\/index.php\/2011\/05\/25\/gecen-zamanin-turkusu\/#respond"]}]},{"@type":"WebPage","@id":"https:\/\/narteks.net\/index.php\/2011\/05\/25\/gecen-zamanin-turkusu\/","url":"https:\/\/narteks.net\/index.php\/2011\/05\/25\/gecen-zamanin-turkusu\/","name":"GE\u00c7EN ZAMANIN T\u00dcRK\u00dcS\u00dc - narteks.net","isPartOf":{"@id":"https:\/\/narteks.net\/#website"},"datePublished":"2011-05-25T08:19:02+00:00","breadcrumb":{"@id":"https:\/\/narteks.net\/index.php\/2011\/05\/25\/gecen-zamanin-turkusu\/#breadcrumb"},"inLanguage":"tr","potentialAction":[{"@type":"ReadAction","target":["https:\/\/narteks.net\/index.php\/2011\/05\/25\/gecen-zamanin-turkusu\/"]}]},{"@type":"BreadcrumbList","@id":"https:\/\/narteks.net\/index.php\/2011\/05\/25\/gecen-zamanin-turkusu\/#breadcrumb","itemListElement":[{"@type":"ListItem","position":1,"name":"Anasayfa","item":"https:\/\/narteks.net\/"},{"@type":"ListItem","position":2,"name":"GE\u00c7EN ZAMANIN T\u00dcRK\u00dcS\u00dc"}]},{"@type":"WebSite","@id":"https:\/\/narteks.net\/#website","url":"https:\/\/narteks.net\/","name":"narteks.net","description":"K\u00fclt\u00fcr Sanat Edebiyat Felsefe","publisher":{"@id":"https:\/\/narteks.net\/#organization"},"alternateName":"K\u00fclt\u00fcr Sanat Edebiyat Felsefe","potentialAction":[{"@type":"SearchAction","target":{"@type":"EntryPoint","urlTemplate":"https:\/\/narteks.net\/?s={search_term_string}"},"query-input":{"@type":"PropertyValueSpecification","valueRequired":true,"valueName":"search_term_string"}}],"inLanguage":"tr"},{"@type":"Organization","@id":"https:\/\/narteks.net\/#organization","name":"narteks.net","url":"https:\/\/narteks.net\/","logo":{"@type":"ImageObject","inLanguage":"tr","@id":"https:\/\/narteks.net\/#\/schema\/logo\/image\/","url":"https:\/\/narteks.net\/wp-content\/uploads\/narteks.png","contentUrl":"https:\/\/narteks.net\/wp-content\/uploads\/narteks.png","width":300,"height":90,"caption":"narteks.net"},"image":{"@id":"https:\/\/narteks.net\/#\/schema\/logo\/image\/"},"sameAs":["https:\/\/x.com\/narteks","https:\/\/instagram.com\/narteksnet"]},{"@type":"Person","@id":"https:\/\/narteks.net\/#\/schema\/person\/61f37d9834294b72d31d274e7ed79bca","name":"Tar\u0131k","image":{"@type":"ImageObject","inLanguage":"tr","@id":"https:\/\/narteks.net\/#\/schema\/person\/image\/","url":"https:\/\/secure.gravatar.com\/avatar\/50865afb55632c4ae467e0af0930f6510aa2297d8014be502a55b14f3b7550cf?s=96&d=mm&r=g","contentUrl":"https:\/\/secure.gravatar.com\/avatar\/50865afb55632c4ae467e0af0930f6510aa2297d8014be502a55b14f3b7550cf?s=96&d=mm&r=g","caption":"Tar\u0131k"},"sameAs":["http:\/\/narteks.net"],"url":"https:\/\/narteks.net\/index.php\/author\/narbak\/"}]}},"_links":{"self":[{"href":"https:\/\/narteks.net\/index.php\/wp-json\/wp\/v2\/posts\/5979","targetHints":{"allow":["GET"]}}],"collection":[{"href":"https:\/\/narteks.net\/index.php\/wp-json\/wp\/v2\/posts"}],"about":[{"href":"https:\/\/narteks.net\/index.php\/wp-json\/wp\/v2\/types\/post"}],"author":[{"embeddable":true,"href":"https:\/\/narteks.net\/index.php\/wp-json\/wp\/v2\/users\/1"}],"replies":[{"embeddable":true,"href":"https:\/\/narteks.net\/index.php\/wp-json\/wp\/v2\/comments?post=5979"}],"version-history":[{"count":0,"href":"https:\/\/narteks.net\/index.php\/wp-json\/wp\/v2\/posts\/5979\/revisions"}],"wp:attachment":[{"href":"https:\/\/narteks.net\/index.php\/wp-json\/wp\/v2\/media?parent=5979"}],"wp:term":[{"taxonomy":"category","embeddable":true,"href":"https:\/\/narteks.net\/index.php\/wp-json\/wp\/v2\/categories?post=5979"},{"taxonomy":"post_tag","embeddable":true,"href":"https:\/\/narteks.net\/index.php\/wp-json\/wp\/v2\/tags?post=5979"}],"curies":[{"name":"wp","href":"https:\/\/api.w.org\/{rel}","templated":true}]}}