{"id":5991,"date":"2011-05-25T11:30:21","date_gmt":"2011-05-25T08:30:21","guid":{"rendered":"http:\/\/localhost\/wordpress\/2011\/05\/25\/korku-turkusu\/"},"modified":"2011-05-25T11:30:21","modified_gmt":"2011-05-25T08:30:21","slug":"korku-turkusu","status":"publish","type":"post","link":"https:\/\/narteks.net\/index.php\/2011\/05\/25\/korku-turkusu\/","title":{"rendered":"KORKU T\u00dcRK\u00dcS\u00dc"},"content":{"rendered":"<p>\u00a0<\/p>\n<p><span>Onlar sava\u015f\u00e7\u0131d\u0131rlar korkuyu ge\u00e7erken<br \/> B\u0131rakt\u0131lar dipsiz bir kuyuya<\/p>\n<p> Korku seni korkaklar \u00fclkesine<br \/> Kral yapt\u0131m \u00e7\u0131kard\u0131m \u00fclkemden<br \/> Bende kalan neyin varsa<br \/> Al g\u00f6t\u00fcr giderken<\/p>\n<p> \u015eimdi kral benim kendi \u00fclkemde<br \/> Kendi \u00fclkemde halk benim<br \/> \u015eimdi art\u0131k kendi ordular\u0131m\u0131<br \/> Bildi\u011fim gibi s\u00fcrerim sava\u015fa<\/p>\n<p> Korku seni korkaklar \u00fclkesine<br \/> Kral yapt\u0131m \u00e7\u0131kard\u0131m \u00fclkemden<br \/> Bende kalan neyin varsa<br \/> Al g\u00f6t\u00fcr giderken<\/span><\/p>\n<p><span>Af\u015far T\u0130MU\u00c7\u0130N<br \/><\/span><\/p>\n","protected":false},"excerpt":{"rendered":"<p>\u00a0 Onlar sava\u015f\u00e7\u0131d\u0131rlar korkuyu ge\u00e7erken B\u0131rakt\u0131lar dipsiz bir kuyuya Korku seni korkaklar \u00fclkesine Kral yapt\u0131m \u00e7\u0131kard\u0131m \u00fclkemden Bende kalan neyin varsa Al g\u00f6t\u00fcr giderken \u015eimdi kral benim kendi \u00fclkemde Kendi \u00fclkemde halk benim \u015eimdi art\u0131k kendi ordular\u0131m\u0131 Bildi\u011fim gibi s\u00fcrerim sava\u015fa Korku seni korkaklar \u00fclkesine Kral yapt\u0131m \u00e7\u0131kard\u0131m \u00fclkemden Bende kalan neyin varsa Al g\u00f6t\u00fcr [&hellip;]<\/p>\n","protected":false},"author":1,"featured_media":0,"comment_status":"open","ping_status":"open","sticky":false,"template":"","format":"standard","meta":{"footnotes":""},"categories":[188],"tags":[],"class_list":{"0":"post-5991","1":"post","2":"type-post","3":"status-publish","4":"format-standard","6":"category-afsar-timucin-siirleri"},"yoast_head":"<!-- This site is optimized with the Yoast SEO Premium plugin v24.9 (Yoast SEO v24.9) - https:\/\/yoast.com\/wordpress\/plugins\/seo\/ -->\n<title>KORKU T\u00dcRK\u00dcS\u00dc - narteks.net<\/title>\n<meta name=\"robots\" content=\"index, follow, max-snippet:-1, max-image-preview:large, max-video-preview:-1\" \/>\n<link rel=\"canonical\" href=\"https:\/\/narteks.net\/index.php\/2011\/05\/25\/korku-turkusu\/\" \/>\n<meta property=\"og:locale\" content=\"tr_TR\" \/>\n<meta property=\"og:type\" content=\"article\" \/>\n<meta property=\"og:title\" content=\"KORKU T\u00dcRK\u00dcS\u00dc\" \/>\n<meta property=\"og:description\" content=\"\u00a0 Onlar sava\u015f\u00e7\u0131d\u0131rlar korkuyu ge\u00e7erken B\u0131rakt\u0131lar dipsiz bir kuyuya Korku seni korkaklar \u00fclkesine Kral yapt\u0131m \u00e7\u0131kard\u0131m \u00fclkemden Bende kalan neyin varsa Al g\u00f6t\u00fcr giderken \u015eimdi kral benim kendi \u00fclkemde Kendi \u00fclkemde halk benim \u015eimdi art\u0131k kendi ordular\u0131m\u0131 Bildi\u011fim gibi s\u00fcrerim sava\u015fa Korku seni korkaklar \u00fclkesine Kral yapt\u0131m \u00e7\u0131kard\u0131m \u00fclkemden Bende kalan neyin varsa Al g\u00f6t\u00fcr [&hellip;]\" \/>\n<meta property=\"og:url\" content=\"https:\/\/narteks.net\/index.php\/2011\/05\/25\/korku-turkusu\/\" \/>\n<meta property=\"og:site_name\" content=\"narteks.net\" \/>\n<meta property=\"article:published_time\" content=\"2011-05-25T08:30:21+00:00\" \/>\n<meta property=\"og:image\" content=\"https:\/\/narteks.net\/wp-content\/uploads\/narteks.png\" \/>\n\t<meta property=\"og:image:width\" content=\"300\" \/>\n\t<meta property=\"og:image:height\" content=\"90\" \/>\n\t<meta property=\"og:image:type\" content=\"image\/png\" \/>\n<meta name=\"author\" content=\"Tar\u0131k\" \/>\n<meta name=\"twitter:card\" content=\"summary_large_image\" \/>\n<meta name=\"twitter:creator\" content=\"@narteks\" \/>\n<meta name=\"twitter:site\" content=\"@narteks\" \/>\n<meta name=\"twitter:label1\" content=\"Yazan:\" \/>\n\t<meta name=\"twitter:data1\" content=\"Tar\u0131k\" \/>\n<script type=\"application\/ld+json\" class=\"yoast-schema-graph\">{\"@context\":\"https:\/\/schema.org\",\"@graph\":[{\"@type\":\"Article\",\"@id\":\"https:\/\/narteks.net\/index.php\/2011\/05\/25\/korku-turkusu\/#article\",\"isPartOf\":{\"@id\":\"https:\/\/narteks.net\/index.php\/2011\/05\/25\/korku-turkusu\/\"},\"author\":{\"name\":\"Tar\u0131k\",\"@id\":\"https:\/\/narteks.net\/#\/schema\/person\/61f37d9834294b72d31d274e7ed79bca\"},\"headline\":\"KORKU T\u00dcRK\u00dcS\u00dc\",\"datePublished\":\"2011-05-25T08:30:21+00:00\",\"mainEntityOfPage\":{\"@id\":\"https:\/\/narteks.net\/index.php\/2011\/05\/25\/korku-turkusu\/\"},\"wordCount\":82,\"commentCount\":0,\"publisher\":{\"@id\":\"https:\/\/narteks.net\/#organization\"},\"articleSection\":[\"Af\u015far T\u0130MU\u00c7\u0130N \u015fiirleri\"],\"inLanguage\":\"tr\",\"potentialAction\":[{\"@type\":\"CommentAction\",\"name\":\"Comment\",\"target\":[\"https:\/\/narteks.net\/index.php\/2011\/05\/25\/korku-turkusu\/#respond\"]}]},{\"@type\":\"WebPage\",\"@id\":\"https:\/\/narteks.net\/index.php\/2011\/05\/25\/korku-turkusu\/\",\"url\":\"https:\/\/narteks.net\/index.php\/2011\/05\/25\/korku-turkusu\/\",\"name\":\"KORKU T\u00dcRK\u00dcS\u00dc - narteks.net\",\"isPartOf\":{\"@id\":\"https:\/\/narteks.net\/#website\"},\"datePublished\":\"2011-05-25T08:30:21+00:00\",\"breadcrumb\":{\"@id\":\"https:\/\/narteks.net\/index.php\/2011\/05\/25\/korku-turkusu\/#breadcrumb\"},\"inLanguage\":\"tr\",\"potentialAction\":[{\"@type\":\"ReadAction\",\"target\":[\"https:\/\/narteks.net\/index.php\/2011\/05\/25\/korku-turkusu\/\"]}]},{\"@type\":\"BreadcrumbList\",\"@id\":\"https:\/\/narteks.net\/index.php\/2011\/05\/25\/korku-turkusu\/#breadcrumb\",\"itemListElement\":[{\"@type\":\"ListItem\",\"position\":1,\"name\":\"Anasayfa\",\"item\":\"https:\/\/narteks.net\/\"},{\"@type\":\"ListItem\",\"position\":2,\"name\":\"KORKU T\u00dcRK\u00dcS\u00dc\"}]},{\"@type\":\"WebSite\",\"@id\":\"https:\/\/narteks.net\/#website\",\"url\":\"https:\/\/narteks.net\/\",\"name\":\"narteks.net\",\"description\":\"K\u00fclt\u00fcr Sanat Edebiyat Felsefe\",\"publisher\":{\"@id\":\"https:\/\/narteks.net\/#organization\"},\"alternateName\":\"K\u00fclt\u00fcr Sanat Edebiyat Felsefe\",\"potentialAction\":[{\"@type\":\"SearchAction\",\"target\":{\"@type\":\"EntryPoint\",\"urlTemplate\":\"https:\/\/narteks.net\/?s={search_term_string}\"},\"query-input\":{\"@type\":\"PropertyValueSpecification\",\"valueRequired\":true,\"valueName\":\"search_term_string\"}}],\"inLanguage\":\"tr\"},{\"@type\":\"Organization\",\"@id\":\"https:\/\/narteks.net\/#organization\",\"name\":\"narteks.net\",\"url\":\"https:\/\/narteks.net\/\",\"logo\":{\"@type\":\"ImageObject\",\"inLanguage\":\"tr\",\"@id\":\"https:\/\/narteks.net\/#\/schema\/logo\/image\/\",\"url\":\"https:\/\/narteks.net\/wp-content\/uploads\/narteks.png\",\"contentUrl\":\"https:\/\/narteks.net\/wp-content\/uploads\/narteks.png\",\"width\":300,\"height\":90,\"caption\":\"narteks.net\"},\"image\":{\"@id\":\"https:\/\/narteks.net\/#\/schema\/logo\/image\/\"},\"sameAs\":[\"https:\/\/x.com\/narteks\",\"https:\/\/instagram.com\/narteksnet\"]},{\"@type\":\"Person\",\"@id\":\"https:\/\/narteks.net\/#\/schema\/person\/61f37d9834294b72d31d274e7ed79bca\",\"name\":\"Tar\u0131k\",\"image\":{\"@type\":\"ImageObject\",\"inLanguage\":\"tr\",\"@id\":\"https:\/\/narteks.net\/#\/schema\/person\/image\/\",\"url\":\"https:\/\/secure.gravatar.com\/avatar\/50865afb55632c4ae467e0af0930f6510aa2297d8014be502a55b14f3b7550cf?s=96&d=mm&r=g\",\"contentUrl\":\"https:\/\/secure.gravatar.com\/avatar\/50865afb55632c4ae467e0af0930f6510aa2297d8014be502a55b14f3b7550cf?s=96&d=mm&r=g\",\"caption\":\"Tar\u0131k\"},\"sameAs\":[\"http:\/\/narteks.net\"],\"url\":\"https:\/\/narteks.net\/index.php\/author\/narbak\/\"}]}<\/script>\n<!-- \/ Yoast SEO Premium plugin. -->","yoast_head_json":{"title":"KORKU T\u00dcRK\u00dcS\u00dc - narteks.net","robots":{"index":"index","follow":"follow","max-snippet":"max-snippet:-1","max-image-preview":"max-image-preview:large","max-video-preview":"max-video-preview:-1"},"canonical":"https:\/\/narteks.net\/index.php\/2011\/05\/25\/korku-turkusu\/","og_locale":"tr_TR","og_type":"article","og_title":"KORKU T\u00dcRK\u00dcS\u00dc","og_description":"\u00a0 Onlar sava\u015f\u00e7\u0131d\u0131rlar korkuyu ge\u00e7erken B\u0131rakt\u0131lar dipsiz bir kuyuya Korku seni korkaklar \u00fclkesine Kral yapt\u0131m \u00e7\u0131kard\u0131m \u00fclkemden Bende kalan neyin varsa Al g\u00f6t\u00fcr giderken \u015eimdi kral benim kendi \u00fclkemde Kendi \u00fclkemde halk benim \u015eimdi art\u0131k kendi ordular\u0131m\u0131 Bildi\u011fim gibi s\u00fcrerim sava\u015fa Korku seni korkaklar \u00fclkesine Kral yapt\u0131m \u00e7\u0131kard\u0131m \u00fclkemden Bende kalan neyin varsa Al g\u00f6t\u00fcr [&hellip;]","og_url":"https:\/\/narteks.net\/index.php\/2011\/05\/25\/korku-turkusu\/","og_site_name":"narteks.net","article_published_time":"2011-05-25T08:30:21+00:00","og_image":[{"width":300,"height":90,"url":"https:\/\/narteks.net\/wp-content\/uploads\/narteks.png","type":"image\/png"}],"author":"Tar\u0131k","twitter_card":"summary_large_image","twitter_creator":"@narteks","twitter_site":"@narteks","twitter_misc":{"Yazan:":"Tar\u0131k"},"schema":{"@context":"https:\/\/schema.org","@graph":[{"@type":"Article","@id":"https:\/\/narteks.net\/index.php\/2011\/05\/25\/korku-turkusu\/#article","isPartOf":{"@id":"https:\/\/narteks.net\/index.php\/2011\/05\/25\/korku-turkusu\/"},"author":{"name":"Tar\u0131k","@id":"https:\/\/narteks.net\/#\/schema\/person\/61f37d9834294b72d31d274e7ed79bca"},"headline":"KORKU T\u00dcRK\u00dcS\u00dc","datePublished":"2011-05-25T08:30:21+00:00","mainEntityOfPage":{"@id":"https:\/\/narteks.net\/index.php\/2011\/05\/25\/korku-turkusu\/"},"wordCount":82,"commentCount":0,"publisher":{"@id":"https:\/\/narteks.net\/#organization"},"articleSection":["Af\u015far T\u0130MU\u00c7\u0130N \u015fiirleri"],"inLanguage":"tr","potentialAction":[{"@type":"CommentAction","name":"Comment","target":["https:\/\/narteks.net\/index.php\/2011\/05\/25\/korku-turkusu\/#respond"]}]},{"@type":"WebPage","@id":"https:\/\/narteks.net\/index.php\/2011\/05\/25\/korku-turkusu\/","url":"https:\/\/narteks.net\/index.php\/2011\/05\/25\/korku-turkusu\/","name":"KORKU T\u00dcRK\u00dcS\u00dc - narteks.net","isPartOf":{"@id":"https:\/\/narteks.net\/#website"},"datePublished":"2011-05-25T08:30:21+00:00","breadcrumb":{"@id":"https:\/\/narteks.net\/index.php\/2011\/05\/25\/korku-turkusu\/#breadcrumb"},"inLanguage":"tr","potentialAction":[{"@type":"ReadAction","target":["https:\/\/narteks.net\/index.php\/2011\/05\/25\/korku-turkusu\/"]}]},{"@type":"BreadcrumbList","@id":"https:\/\/narteks.net\/index.php\/2011\/05\/25\/korku-turkusu\/#breadcrumb","itemListElement":[{"@type":"ListItem","position":1,"name":"Anasayfa","item":"https:\/\/narteks.net\/"},{"@type":"ListItem","position":2,"name":"KORKU T\u00dcRK\u00dcS\u00dc"}]},{"@type":"WebSite","@id":"https:\/\/narteks.net\/#website","url":"https:\/\/narteks.net\/","name":"narteks.net","description":"K\u00fclt\u00fcr Sanat Edebiyat Felsefe","publisher":{"@id":"https:\/\/narteks.net\/#organization"},"alternateName":"K\u00fclt\u00fcr Sanat Edebiyat Felsefe","potentialAction":[{"@type":"SearchAction","target":{"@type":"EntryPoint","urlTemplate":"https:\/\/narteks.net\/?s={search_term_string}"},"query-input":{"@type":"PropertyValueSpecification","valueRequired":true,"valueName":"search_term_string"}}],"inLanguage":"tr"},{"@type":"Organization","@id":"https:\/\/narteks.net\/#organization","name":"narteks.net","url":"https:\/\/narteks.net\/","logo":{"@type":"ImageObject","inLanguage":"tr","@id":"https:\/\/narteks.net\/#\/schema\/logo\/image\/","url":"https:\/\/narteks.net\/wp-content\/uploads\/narteks.png","contentUrl":"https:\/\/narteks.net\/wp-content\/uploads\/narteks.png","width":300,"height":90,"caption":"narteks.net"},"image":{"@id":"https:\/\/narteks.net\/#\/schema\/logo\/image\/"},"sameAs":["https:\/\/x.com\/narteks","https:\/\/instagram.com\/narteksnet"]},{"@type":"Person","@id":"https:\/\/narteks.net\/#\/schema\/person\/61f37d9834294b72d31d274e7ed79bca","name":"Tar\u0131k","image":{"@type":"ImageObject","inLanguage":"tr","@id":"https:\/\/narteks.net\/#\/schema\/person\/image\/","url":"https:\/\/secure.gravatar.com\/avatar\/50865afb55632c4ae467e0af0930f6510aa2297d8014be502a55b14f3b7550cf?s=96&d=mm&r=g","contentUrl":"https:\/\/secure.gravatar.com\/avatar\/50865afb55632c4ae467e0af0930f6510aa2297d8014be502a55b14f3b7550cf?s=96&d=mm&r=g","caption":"Tar\u0131k"},"sameAs":["http:\/\/narteks.net"],"url":"https:\/\/narteks.net\/index.php\/author\/narbak\/"}]}},"_links":{"self":[{"href":"https:\/\/narteks.net\/index.php\/wp-json\/wp\/v2\/posts\/5991","targetHints":{"allow":["GET"]}}],"collection":[{"href":"https:\/\/narteks.net\/index.php\/wp-json\/wp\/v2\/posts"}],"about":[{"href":"https:\/\/narteks.net\/index.php\/wp-json\/wp\/v2\/types\/post"}],"author":[{"embeddable":true,"href":"https:\/\/narteks.net\/index.php\/wp-json\/wp\/v2\/users\/1"}],"replies":[{"embeddable":true,"href":"https:\/\/narteks.net\/index.php\/wp-json\/wp\/v2\/comments?post=5991"}],"version-history":[{"count":0,"href":"https:\/\/narteks.net\/index.php\/wp-json\/wp\/v2\/posts\/5991\/revisions"}],"wp:attachment":[{"href":"https:\/\/narteks.net\/index.php\/wp-json\/wp\/v2\/media?parent=5991"}],"wp:term":[{"taxonomy":"category","embeddable":true,"href":"https:\/\/narteks.net\/index.php\/wp-json\/wp\/v2\/categories?post=5991"},{"taxonomy":"post_tag","embeddable":true,"href":"https:\/\/narteks.net\/index.php\/wp-json\/wp\/v2\/tags?post=5991"}],"curies":[{"name":"wp","href":"https:\/\/api.w.org\/{rel}","templated":true}]}}