{"id":6010,"date":"2011-05-25T11:45:04","date_gmt":"2011-05-25T08:45:04","guid":{"rendered":"http:\/\/localhost\/wordpress\/2011\/05\/25\/varliginin-turkusu\/"},"modified":"2011-05-25T11:45:04","modified_gmt":"2011-05-25T08:45:04","slug":"varliginin-turkusu","status":"publish","type":"post","link":"https:\/\/narteks.net\/index.php\/2011\/05\/25\/varliginin-turkusu\/","title":{"rendered":"VARLI\u011eININ T\u00dcRK\u00dcS\u00dc"},"content":{"rendered":"<p>\u00a0<\/p>\n<p><span>\u015eiirler yazd\u0131rd\u0131 bana bak\u0131\u015f\u0131n<br \/> Eline k\u0131rk y\u0131l kalem almam\u0131\u015flara<br \/> So\u011fuk y\u00fcrekleri \u0131s\u0131tt\u0131 a\u015fk\u0131n<br \/> Kendini b\u00fcsb\u00fct\u00fcn bitmi\u015f sayanlara<br \/> Duyurdu ya\u015fad\u0131\u011f\u0131n\u0131 i\u00e7ten i\u00e7e<\/p>\n<p> Utand\u0131rd\u0131 yoksunluklar\u0131 renk renk d\u00fcnyan<br \/> Suskunluktan ba\u015fka \u015feyi kalmam\u0131\u015flara<br \/> Do\u011fan\u0131n dinmeyen sesini getirdi<br \/> \u015eark\u0131lar s\u00f6yletti duru\u015fun<br \/> Sevinmeyi unutmu\u015flara<\/p>\n<p> Y\u0131lg\u0131nl\u0131\u011fa s\u00fcr\u00fckledi kimini<br \/> Kimini \u00f6l\u00fcme att\u0131<br \/> Uykusunu ka\u00e7\u0131rd\u0131 kiminin<br \/> Kimine sensizli\u011fin<br \/> B\u0131\u00e7ak gibi ac\u0131s\u0131n\u0131 saplad\u0131<\/p>\n<p> \u00c7ok zaman g\u00fc\u00e7 katt\u0131 inanm\u0131\u015fl\u0131\u011fa<br \/> Sa\u00e7lar\u0131n gibi dindirdi sanc\u0131y\u0131<br \/> Durup-kalm\u0131\u015fl\u0131klar\u0131 kam\u00e7\u0131lad\u0131<br \/> Sarst\u0131 hi\u00e7li\u011fin saltanat\u0131n\u0131<br \/> Yang\u0131nlar getirdi donmu\u015fluklara<\/span><\/p>\n<p><span>Af\u015far T\u0130MU\u00c7\u0130N<br \/><\/span><\/p>\n","protected":false},"excerpt":{"rendered":"<p>\u00a0 \u015eiirler yazd\u0131rd\u0131 bana bak\u0131\u015f\u0131n Eline k\u0131rk y\u0131l kalem almam\u0131\u015flara So\u011fuk y\u00fcrekleri \u0131s\u0131tt\u0131 a\u015fk\u0131n Kendini b\u00fcsb\u00fct\u00fcn bitmi\u015f sayanlara Duyurdu ya\u015fad\u0131\u011f\u0131n\u0131 i\u00e7ten i\u00e7e Utand\u0131rd\u0131 yoksunluklar\u0131 renk renk d\u00fcnyan Suskunluktan ba\u015fka \u015feyi kalmam\u0131\u015flara Do\u011fan\u0131n dinmeyen sesini getirdi \u015eark\u0131lar s\u00f6yletti duru\u015fun Sevinmeyi unutmu\u015flara Y\u0131lg\u0131nl\u0131\u011fa s\u00fcr\u00fckledi kimini Kimini \u00f6l\u00fcme att\u0131 Uykusunu ka\u00e7\u0131rd\u0131 kiminin Kimine sensizli\u011fin B\u0131\u00e7ak gibi ac\u0131s\u0131n\u0131 saplad\u0131 [&hellip;]<\/p>\n","protected":false},"author":1,"featured_media":0,"comment_status":"open","ping_status":"open","sticky":false,"template":"","format":"standard","meta":{"footnotes":""},"categories":[188],"tags":[],"class_list":{"0":"post-6010","1":"post","2":"type-post","3":"status-publish","4":"format-standard","6":"category-afsar-timucin-siirleri"},"yoast_head":"<!-- This site is optimized with the Yoast SEO Premium plugin v24.9 (Yoast SEO v24.9) - https:\/\/yoast.com\/wordpress\/plugins\/seo\/ -->\n<title>VARLI\u011eININ T\u00dcRK\u00dcS\u00dc - narteks.net<\/title>\n<meta name=\"robots\" content=\"index, follow, max-snippet:-1, max-image-preview:large, max-video-preview:-1\" \/>\n<link rel=\"canonical\" href=\"https:\/\/narteks.net\/index.php\/2011\/05\/25\/varliginin-turkusu\/\" \/>\n<meta property=\"og:locale\" content=\"tr_TR\" \/>\n<meta property=\"og:type\" content=\"article\" \/>\n<meta property=\"og:title\" content=\"VARLI\u011eININ T\u00dcRK\u00dcS\u00dc\" \/>\n<meta property=\"og:description\" content=\"\u00a0 \u015eiirler yazd\u0131rd\u0131 bana bak\u0131\u015f\u0131n Eline k\u0131rk y\u0131l kalem almam\u0131\u015flara So\u011fuk y\u00fcrekleri \u0131s\u0131tt\u0131 a\u015fk\u0131n Kendini b\u00fcsb\u00fct\u00fcn bitmi\u015f sayanlara Duyurdu ya\u015fad\u0131\u011f\u0131n\u0131 i\u00e7ten i\u00e7e Utand\u0131rd\u0131 yoksunluklar\u0131 renk renk d\u00fcnyan Suskunluktan ba\u015fka \u015feyi kalmam\u0131\u015flara Do\u011fan\u0131n dinmeyen sesini getirdi \u015eark\u0131lar s\u00f6yletti duru\u015fun Sevinmeyi unutmu\u015flara Y\u0131lg\u0131nl\u0131\u011fa s\u00fcr\u00fckledi kimini Kimini \u00f6l\u00fcme att\u0131 Uykusunu ka\u00e7\u0131rd\u0131 kiminin Kimine sensizli\u011fin B\u0131\u00e7ak gibi ac\u0131s\u0131n\u0131 saplad\u0131 [&hellip;]\" \/>\n<meta property=\"og:url\" content=\"https:\/\/narteks.net\/index.php\/2011\/05\/25\/varliginin-turkusu\/\" \/>\n<meta property=\"og:site_name\" content=\"narteks.net\" \/>\n<meta property=\"article:published_time\" content=\"2011-05-25T08:45:04+00:00\" \/>\n<meta property=\"og:image\" content=\"https:\/\/narteks.net\/wp-content\/uploads\/narteks.png\" \/>\n\t<meta property=\"og:image:width\" content=\"300\" \/>\n\t<meta property=\"og:image:height\" content=\"90\" \/>\n\t<meta property=\"og:image:type\" content=\"image\/png\" \/>\n<meta name=\"author\" content=\"Tar\u0131k\" \/>\n<meta name=\"twitter:card\" content=\"summary_large_image\" \/>\n<meta name=\"twitter:creator\" content=\"@narteks\" \/>\n<meta name=\"twitter:site\" content=\"@narteks\" \/>\n<meta name=\"twitter:label1\" content=\"Yazan:\" \/>\n\t<meta name=\"twitter:data1\" content=\"Tar\u0131k\" \/>\n\t<meta name=\"twitter:label2\" content=\"Tahmini okuma s\u00fcresi\" \/>\n\t<meta name=\"twitter:data2\" content=\"1 dakika\" \/>\n<script type=\"application\/ld+json\" class=\"yoast-schema-graph\">{\"@context\":\"https:\/\/schema.org\",\"@graph\":[{\"@type\":\"Article\",\"@id\":\"https:\/\/narteks.net\/index.php\/2011\/05\/25\/varliginin-turkusu\/#article\",\"isPartOf\":{\"@id\":\"https:\/\/narteks.net\/index.php\/2011\/05\/25\/varliginin-turkusu\/\"},\"author\":{\"name\":\"Tar\u0131k\",\"@id\":\"https:\/\/narteks.net\/#\/schema\/person\/61f37d9834294b72d31d274e7ed79bca\"},\"headline\":\"VARLI\u011eININ T\u00dcRK\u00dcS\u00dc\",\"datePublished\":\"2011-05-25T08:45:04+00:00\",\"mainEntityOfPage\":{\"@id\":\"https:\/\/narteks.net\/index.php\/2011\/05\/25\/varliginin-turkusu\/\"},\"wordCount\":132,\"commentCount\":0,\"publisher\":{\"@id\":\"https:\/\/narteks.net\/#organization\"},\"articleSection\":[\"Af\u015far T\u0130MU\u00c7\u0130N \u015fiirleri\"],\"inLanguage\":\"tr\",\"potentialAction\":[{\"@type\":\"CommentAction\",\"name\":\"Comment\",\"target\":[\"https:\/\/narteks.net\/index.php\/2011\/05\/25\/varliginin-turkusu\/#respond\"]}]},{\"@type\":\"WebPage\",\"@id\":\"https:\/\/narteks.net\/index.php\/2011\/05\/25\/varliginin-turkusu\/\",\"url\":\"https:\/\/narteks.net\/index.php\/2011\/05\/25\/varliginin-turkusu\/\",\"name\":\"VARLI\u011eININ T\u00dcRK\u00dcS\u00dc - narteks.net\",\"isPartOf\":{\"@id\":\"https:\/\/narteks.net\/#website\"},\"datePublished\":\"2011-05-25T08:45:04+00:00\",\"breadcrumb\":{\"@id\":\"https:\/\/narteks.net\/index.php\/2011\/05\/25\/varliginin-turkusu\/#breadcrumb\"},\"inLanguage\":\"tr\",\"potentialAction\":[{\"@type\":\"ReadAction\",\"target\":[\"https:\/\/narteks.net\/index.php\/2011\/05\/25\/varliginin-turkusu\/\"]}]},{\"@type\":\"BreadcrumbList\",\"@id\":\"https:\/\/narteks.net\/index.php\/2011\/05\/25\/varliginin-turkusu\/#breadcrumb\",\"itemListElement\":[{\"@type\":\"ListItem\",\"position\":1,\"name\":\"Anasayfa\",\"item\":\"https:\/\/narteks.net\/\"},{\"@type\":\"ListItem\",\"position\":2,\"name\":\"VARLI\u011eININ T\u00dcRK\u00dcS\u00dc\"}]},{\"@type\":\"WebSite\",\"@id\":\"https:\/\/narteks.net\/#website\",\"url\":\"https:\/\/narteks.net\/\",\"name\":\"narteks.net\",\"description\":\"K\u00fclt\u00fcr Sanat Edebiyat Felsefe\",\"publisher\":{\"@id\":\"https:\/\/narteks.net\/#organization\"},\"alternateName\":\"K\u00fclt\u00fcr Sanat Edebiyat Felsefe\",\"potentialAction\":[{\"@type\":\"SearchAction\",\"target\":{\"@type\":\"EntryPoint\",\"urlTemplate\":\"https:\/\/narteks.net\/?s={search_term_string}\"},\"query-input\":{\"@type\":\"PropertyValueSpecification\",\"valueRequired\":true,\"valueName\":\"search_term_string\"}}],\"inLanguage\":\"tr\"},{\"@type\":\"Organization\",\"@id\":\"https:\/\/narteks.net\/#organization\",\"name\":\"narteks.net\",\"url\":\"https:\/\/narteks.net\/\",\"logo\":{\"@type\":\"ImageObject\",\"inLanguage\":\"tr\",\"@id\":\"https:\/\/narteks.net\/#\/schema\/logo\/image\/\",\"url\":\"https:\/\/narteks.net\/wp-content\/uploads\/narteks.png\",\"contentUrl\":\"https:\/\/narteks.net\/wp-content\/uploads\/narteks.png\",\"width\":300,\"height\":90,\"caption\":\"narteks.net\"},\"image\":{\"@id\":\"https:\/\/narteks.net\/#\/schema\/logo\/image\/\"},\"sameAs\":[\"https:\/\/x.com\/narteks\",\"https:\/\/instagram.com\/narteksnet\"]},{\"@type\":\"Person\",\"@id\":\"https:\/\/narteks.net\/#\/schema\/person\/61f37d9834294b72d31d274e7ed79bca\",\"name\":\"Tar\u0131k\",\"image\":{\"@type\":\"ImageObject\",\"inLanguage\":\"tr\",\"@id\":\"https:\/\/narteks.net\/#\/schema\/person\/image\/\",\"url\":\"https:\/\/secure.gravatar.com\/avatar\/50865afb55632c4ae467e0af0930f6510aa2297d8014be502a55b14f3b7550cf?s=96&d=mm&r=g\",\"contentUrl\":\"https:\/\/secure.gravatar.com\/avatar\/50865afb55632c4ae467e0af0930f6510aa2297d8014be502a55b14f3b7550cf?s=96&d=mm&r=g\",\"caption\":\"Tar\u0131k\"},\"sameAs\":[\"http:\/\/narteks.net\"],\"url\":\"https:\/\/narteks.net\/index.php\/author\/narbak\/\"}]}<\/script>\n<!-- \/ Yoast SEO Premium plugin. -->","yoast_head_json":{"title":"VARLI\u011eININ T\u00dcRK\u00dcS\u00dc - narteks.net","robots":{"index":"index","follow":"follow","max-snippet":"max-snippet:-1","max-image-preview":"max-image-preview:large","max-video-preview":"max-video-preview:-1"},"canonical":"https:\/\/narteks.net\/index.php\/2011\/05\/25\/varliginin-turkusu\/","og_locale":"tr_TR","og_type":"article","og_title":"VARLI\u011eININ T\u00dcRK\u00dcS\u00dc","og_description":"\u00a0 \u015eiirler yazd\u0131rd\u0131 bana bak\u0131\u015f\u0131n Eline k\u0131rk y\u0131l kalem almam\u0131\u015flara So\u011fuk y\u00fcrekleri \u0131s\u0131tt\u0131 a\u015fk\u0131n Kendini b\u00fcsb\u00fct\u00fcn bitmi\u015f sayanlara Duyurdu ya\u015fad\u0131\u011f\u0131n\u0131 i\u00e7ten i\u00e7e Utand\u0131rd\u0131 yoksunluklar\u0131 renk renk d\u00fcnyan Suskunluktan ba\u015fka \u015feyi kalmam\u0131\u015flara Do\u011fan\u0131n dinmeyen sesini getirdi \u015eark\u0131lar s\u00f6yletti duru\u015fun Sevinmeyi unutmu\u015flara Y\u0131lg\u0131nl\u0131\u011fa s\u00fcr\u00fckledi kimini Kimini \u00f6l\u00fcme att\u0131 Uykusunu ka\u00e7\u0131rd\u0131 kiminin Kimine sensizli\u011fin B\u0131\u00e7ak gibi ac\u0131s\u0131n\u0131 saplad\u0131 [&hellip;]","og_url":"https:\/\/narteks.net\/index.php\/2011\/05\/25\/varliginin-turkusu\/","og_site_name":"narteks.net","article_published_time":"2011-05-25T08:45:04+00:00","og_image":[{"width":300,"height":90,"url":"https:\/\/narteks.net\/wp-content\/uploads\/narteks.png","type":"image\/png"}],"author":"Tar\u0131k","twitter_card":"summary_large_image","twitter_creator":"@narteks","twitter_site":"@narteks","twitter_misc":{"Yazan:":"Tar\u0131k","Tahmini okuma s\u00fcresi":"1 dakika"},"schema":{"@context":"https:\/\/schema.org","@graph":[{"@type":"Article","@id":"https:\/\/narteks.net\/index.php\/2011\/05\/25\/varliginin-turkusu\/#article","isPartOf":{"@id":"https:\/\/narteks.net\/index.php\/2011\/05\/25\/varliginin-turkusu\/"},"author":{"name":"Tar\u0131k","@id":"https:\/\/narteks.net\/#\/schema\/person\/61f37d9834294b72d31d274e7ed79bca"},"headline":"VARLI\u011eININ T\u00dcRK\u00dcS\u00dc","datePublished":"2011-05-25T08:45:04+00:00","mainEntityOfPage":{"@id":"https:\/\/narteks.net\/index.php\/2011\/05\/25\/varliginin-turkusu\/"},"wordCount":132,"commentCount":0,"publisher":{"@id":"https:\/\/narteks.net\/#organization"},"articleSection":["Af\u015far T\u0130MU\u00c7\u0130N \u015fiirleri"],"inLanguage":"tr","potentialAction":[{"@type":"CommentAction","name":"Comment","target":["https:\/\/narteks.net\/index.php\/2011\/05\/25\/varliginin-turkusu\/#respond"]}]},{"@type":"WebPage","@id":"https:\/\/narteks.net\/index.php\/2011\/05\/25\/varliginin-turkusu\/","url":"https:\/\/narteks.net\/index.php\/2011\/05\/25\/varliginin-turkusu\/","name":"VARLI\u011eININ T\u00dcRK\u00dcS\u00dc - narteks.net","isPartOf":{"@id":"https:\/\/narteks.net\/#website"},"datePublished":"2011-05-25T08:45:04+00:00","breadcrumb":{"@id":"https:\/\/narteks.net\/index.php\/2011\/05\/25\/varliginin-turkusu\/#breadcrumb"},"inLanguage":"tr","potentialAction":[{"@type":"ReadAction","target":["https:\/\/narteks.net\/index.php\/2011\/05\/25\/varliginin-turkusu\/"]}]},{"@type":"BreadcrumbList","@id":"https:\/\/narteks.net\/index.php\/2011\/05\/25\/varliginin-turkusu\/#breadcrumb","itemListElement":[{"@type":"ListItem","position":1,"name":"Anasayfa","item":"https:\/\/narteks.net\/"},{"@type":"ListItem","position":2,"name":"VARLI\u011eININ T\u00dcRK\u00dcS\u00dc"}]},{"@type":"WebSite","@id":"https:\/\/narteks.net\/#website","url":"https:\/\/narteks.net\/","name":"narteks.net","description":"K\u00fclt\u00fcr Sanat Edebiyat Felsefe","publisher":{"@id":"https:\/\/narteks.net\/#organization"},"alternateName":"K\u00fclt\u00fcr Sanat Edebiyat Felsefe","potentialAction":[{"@type":"SearchAction","target":{"@type":"EntryPoint","urlTemplate":"https:\/\/narteks.net\/?s={search_term_string}"},"query-input":{"@type":"PropertyValueSpecification","valueRequired":true,"valueName":"search_term_string"}}],"inLanguage":"tr"},{"@type":"Organization","@id":"https:\/\/narteks.net\/#organization","name":"narteks.net","url":"https:\/\/narteks.net\/","logo":{"@type":"ImageObject","inLanguage":"tr","@id":"https:\/\/narteks.net\/#\/schema\/logo\/image\/","url":"https:\/\/narteks.net\/wp-content\/uploads\/narteks.png","contentUrl":"https:\/\/narteks.net\/wp-content\/uploads\/narteks.png","width":300,"height":90,"caption":"narteks.net"},"image":{"@id":"https:\/\/narteks.net\/#\/schema\/logo\/image\/"},"sameAs":["https:\/\/x.com\/narteks","https:\/\/instagram.com\/narteksnet"]},{"@type":"Person","@id":"https:\/\/narteks.net\/#\/schema\/person\/61f37d9834294b72d31d274e7ed79bca","name":"Tar\u0131k","image":{"@type":"ImageObject","inLanguage":"tr","@id":"https:\/\/narteks.net\/#\/schema\/person\/image\/","url":"https:\/\/secure.gravatar.com\/avatar\/50865afb55632c4ae467e0af0930f6510aa2297d8014be502a55b14f3b7550cf?s=96&d=mm&r=g","contentUrl":"https:\/\/secure.gravatar.com\/avatar\/50865afb55632c4ae467e0af0930f6510aa2297d8014be502a55b14f3b7550cf?s=96&d=mm&r=g","caption":"Tar\u0131k"},"sameAs":["http:\/\/narteks.net"],"url":"https:\/\/narteks.net\/index.php\/author\/narbak\/"}]}},"_links":{"self":[{"href":"https:\/\/narteks.net\/index.php\/wp-json\/wp\/v2\/posts\/6010","targetHints":{"allow":["GET"]}}],"collection":[{"href":"https:\/\/narteks.net\/index.php\/wp-json\/wp\/v2\/posts"}],"about":[{"href":"https:\/\/narteks.net\/index.php\/wp-json\/wp\/v2\/types\/post"}],"author":[{"embeddable":true,"href":"https:\/\/narteks.net\/index.php\/wp-json\/wp\/v2\/users\/1"}],"replies":[{"embeddable":true,"href":"https:\/\/narteks.net\/index.php\/wp-json\/wp\/v2\/comments?post=6010"}],"version-history":[{"count":0,"href":"https:\/\/narteks.net\/index.php\/wp-json\/wp\/v2\/posts\/6010\/revisions"}],"wp:attachment":[{"href":"https:\/\/narteks.net\/index.php\/wp-json\/wp\/v2\/media?parent=6010"}],"wp:term":[{"taxonomy":"category","embeddable":true,"href":"https:\/\/narteks.net\/index.php\/wp-json\/wp\/v2\/categories?post=6010"},{"taxonomy":"post_tag","embeddable":true,"href":"https:\/\/narteks.net\/index.php\/wp-json\/wp\/v2\/tags?post=6010"}],"curies":[{"name":"wp","href":"https:\/\/api.w.org\/{rel}","templated":true}]}}