{"id":6016,"date":"2011-05-25T11:50:04","date_gmt":"2011-05-25T08:50:04","guid":{"rendered":"http:\/\/localhost\/wordpress\/2011\/05\/25\/afsar-timucin-biyografisi\/"},"modified":"2011-05-25T11:50:04","modified_gmt":"2011-05-25T08:50:04","slug":"afsar-timucin-biyografisi","status":"publish","type":"post","link":"https:\/\/narteks.net\/index.php\/2011\/05\/25\/afsar-timucin-biyografisi\/","title":{"rendered":"Af\u015far T\u0130MU\u00c7\u0130N Biyografisi"},"content":{"rendered":"<p style=\"text-align: justify;\"><img loading=\"lazy\" decoding=\"async\" src=\"http:\/\/3.bp.blogspot.com\/_0xTabJVYJJw\/S2HgLYqeHhI\/AAAAAAAAABw\/RPX-93LWJhs\/s320\/timucin01.jpg\" border=\"0\" width=\"155\" height=\"205\" style=\"float: left;\" \/>Prof. Dr. Af\u015far Timu\u00e7in, (d. 1939), \u015fair. Manisa Akhisar&#8217;da do\u011fdu. Y\u00fcksek \u00f6\u011frenimine \u0130stanbul \u00dcniversitesi Edebiyat Fak\u00fcltesi Frans\u0131z Dili ve Edebiyat\u0131 B\u00f6l\u00fcm\u00fcnde ba\u015flad\u0131. 1967 y\u0131l\u0131nda, e\u011fitimini tamamlamak \u00fczere Kanada&#8217;ya gitti. 1967&#8217;de Montreal \u00dcniversitesi Felsefe B\u00f6l\u00fcm\u00fc&#8217;nde lisans e\u011fitimini, 1970&#8217;de \u0130stanbul \u00dcniversitesi&#8217;nde doktoras\u0131n\u0131 tamamlad\u0131. 1968\u20131970 y\u0131llar\u0131 aras\u0131nda Frans\u0131zca okutmanl\u0131\u011f\u0131 yapt\u0131. 1981 y\u0131l\u0131nda do\u00e7ent, 1992 y\u0131l\u0131nda profes\u00f6r oldu. G\u00fcn\u00fcm\u00fczde bir s\u00fcre Kocaeli \u00dcniversitesi Felsefe B\u00f6l\u00fcm\u00fc ba\u015fkanl\u0131\u011f\u0131 g\u00f6revini y\u00fcr\u00fctt\u00fc. Kocaeli \u00dcniversitesi&#8217;nden 2006 y\u0131l\u0131nda emekliye ayr\u0131ld\u0131.<\/p>\n<p>Ata\u00e7, D\u00f6nem, Milliyet Sanat, Papir\u00fcs, Soyut, Yazko, Yelken, Yeni Edebiyat, Yeni Ufuklar, Varl\u0131k dergilerinde \u015fiirleri yay\u0131mlanm\u0131\u015ft\u0131r.<\/p>\n<p><strong>Eserleri <\/strong><\/p>\n<p>\u0130nceleme, ara\u015ft\u0131rma, deneme <\/p>\n<p> Descartes (Descartes&#8217;\u00e7i bilgi kuram\u0131n\u0131n temellendirili\u015fi), doktora tezi (1972)<br \/> Aristoteles Felsefesi (1976)<br \/> Naz\u0131m Hikmet&#8217;in \u015eiiri (1978)<br \/> Descartes Felsefesine Giri\u015f (1980)<br \/> Ni\u00e7in Yap\u0131salc\u0131l\u0131k De\u011fil (1984)<br \/> Ni\u00e7in Varolu\u015f\u00e7uluk De\u011fil (1985)<br \/> Estetik (1987)<br \/> D\u00fc\u015f\u00fcnce Tarihi I\/ Ger\u00e7ek\u00e7i d\u00fc\u015f\u00fcncenin kaynaklar\u0131 (1994)<br \/> D\u00fc\u015f\u00fcnce Tarihi II\/ Ger\u00e7ek\u00e7i d\u00fc\u015f\u00fcncenin geli\u015fimi (1994)<br \/> D\u00fc\u015f\u00fcnce Tarihi III\/ Ger\u00e7ek\u00e7i d\u00fc\u015f\u00fcncenin \u00e7a\u011fda\u015f g\u00f6r\u00fcn\u00fcm\u00fc (1994)<br \/> Felsefe S\u00f6zl\u00fc\u011f\u00fc (1978)<br \/> Sevmek Ne G\u00fczel \u015eeydir (1991)<br \/> Ger\u00e7ek\u00e7i D\u00fc\u015f\u00fcnce Ger\u00e7ek\u00e7i Sanat (1992)<br \/> Felsefe Bir Sevin\u00e7tir (1995)<br \/> \u00d6zg\u00fcr Prometheus (1997)<br \/> A\u015fk\u0131n Diyalekti\u011fi (2002)<br \/> \u00d6lesiye Sevmek (2003)<br \/> Yeni \u015eiirimizin K\u0131sa Roman\u0131 (2003)<br \/> Felsefeye Giri\u015f (2003)<br \/> Demokrasi Bilinci (2004)<br \/> \u0130\u00e7imizdeki Deprem (2005)<br \/> Estetik bak\u0131\u015f (2005)<br \/> Erken \u00d6l\u00fcmler (2005<br \/> fesefe giri\u015f 2003<br \/> nerede insan varsa orada umut vard\u0131r<\/p>\n<p>\u015eiir<\/p>\n<p> \u00c7\u00f6l (1968)<br \/> Destanlar (1969)<br \/> B\u00f6yle S\u00f6ylenmeli Bizim T\u00fcrk\u00fcm\u00fcz (1974)<br \/> Sava\u015f\u00e7\u0131 T\u00fcrk\u00fcleri (1980)<br \/> Bo\u015f Be\u015fik (1981)<br \/> Ey Benim G\u00fczel Sevdal\u0131m (1984)<br \/> Bu Sevda B\u00f6yle Gider (1992)<br \/> Ar\u0131nmalar (1993)<br \/> Ak\u015fam T\u00fcrk\u00fcleri (1996)<br \/> Bulutlar Deniz Kokar (2002)<\/p>\n<p>Roman<\/p>\n<p> Yar\u0131na Ba\u015flamak (1975)<br \/> Gece Gelen Eski Dost (1980)<br \/> K\u0131y\u0131lar Durunca (1983)<\/p>\n<p>\u00d6yk\u00fc<\/p>\n<p> Denizli Pencere (1981)<br \/> Neden Baz\u0131 Ak\u015famlar (1985)<br \/> A\u015fk Olsun K\u0131rlang\u0131\u00e7lar (1996)<\/p>\n<p>\u00c7eviri <\/p>\n<p> Vietnam \u015eiiri (A. Kadir&#8217;le) (1973)<br \/> Filistin \u015eiiri (A. Kadir&#8217;le) (1974)<br \/> Portekiz S\u00f6m\u00fcrgeleri \u015eiiri (A. Kadir&#8217;le) (1975)<br \/> Diyalektik (Paul Foulqui\u00e9&#8217;den) (1975)<br \/> Sosyoloji Tarihi (Gaston Bouthoul&#8217;den) (1975)<br \/> Tek Boyutlu \u0130nsan (Herbert Marcuse&#8217;den, T. Tun\u00e7do\u011fan&#8217;la) (1975)<br \/> A\u015fk (Pierre Burney&#8217;den) (1976)<br \/> Ac\u0131 (Andr\u00e9 de Richaud&#8217;dan) (1976)<br \/> Sisler R\u0131ht\u0131m\u0131 (Pierre Mac Orlan&#8217;dan) (1976)<br \/> Diyalektik Ara\u015ft\u0131rmalar (Lucien Goldmann&#8217;dan, M. Sert&#8217;le) (1976)<br \/> \u0130nsan Bilimleri ve Felsefe (Lucien Goldmann&#8217;dan, F. Aynuksa ile) (1977)<br \/> Ke\u015fi\u015fin K\u00f6pe\u011fi (Dino Buzzati&#8217;den) (1981)<br \/> Kant Felsefesine Giri\u015f (Lucien Goldmann&#8217;dan) (1983)<br \/> Eski\u00e7a\u011f Maddecileri (Paul Nizan&#8217;dan) (1998)<br \/> Y\u00f6ntem \u00dczerine Konu\u015fma (Ren\u00e9 Descartes&#8217;dan Y\u00fcksel Timu\u00e7in&#8217;le) (1998)<br \/> Metafizik \u00dczerine Konu\u015fma (Leibniz&#8217;den) (1999)<\/p>\n<p>Yabanc\u0131 dilde yay\u0131nlar (\u015fiir, \u00f6yk\u00fc ve roman)<\/p>\n<p> Revista Atlantica n\u00b019. say\u0131 1999<br \/> Aujourd&#8217;ui POEMES n\u00b016. say\u0131, 2000<br \/> Encontros de Talabriga-Rosa Alice Branco 5 \u015fiir 2001<br \/> Libert\u00e9 255. say\u0131, \u015eubat 2002 (Montr\u00e9al\/Kanada Edebiyat Dergisi)<\/p>\n<p>Rus\u00e7ada yay\u0131nlanan kitaplar<\/p>\n<p> Gece Gelen Eski Dost (1989)<br \/> T\u00fcrk \u015eiir Antolojisi (1989)<\/p>\n<p>Ald\u0131\u011f\u0131 \u00f6d\u00fcller <\/p>\n<p> T\u00fcrkiye Radyo ve Televizyon Kurumu 1970 Sanat \u00d6d\u00fclleri<br \/> T\u00fcrk Dil Kurumu Ele\u015ftiri \u00d6d\u00fcl\u00fc<br \/> 1997 Truva k\u00fclt\u00fcr ve sanat \u00f6d\u00fclleri<br \/> 2003 Kocaeli gazetesi y\u0131l\u0131n e\u011fitimcisi \u00f6d\u00fcl\u00fc<br \/> 2004 Homeros emek \u00f6d\u00fcl\u00fc<\/p>\n","protected":false},"excerpt":{"rendered":"<p>Prof. Dr. Af\u015far Timu\u00e7in, (d. 1939), \u015fair. Manisa Akhisar&#8217;da do\u011fdu. Y\u00fcksek \u00f6\u011frenimine \u0130stanbul \u00dcniversitesi Edebiyat Fak\u00fcltesi Frans\u0131z Dili ve Edebiyat\u0131 B\u00f6l\u00fcm\u00fcnde ba\u015flad\u0131. 1967 y\u0131l\u0131nda, e\u011fitimini tamamlamak \u00fczere Kanada&#8217;ya gitti. 1967&#8217;de Montreal \u00dcniversitesi Felsefe B\u00f6l\u00fcm\u00fc&#8217;nde lisans e\u011fitimini, 1970&#8217;de \u0130stanbul \u00dcniversitesi&#8217;nde doktoras\u0131n\u0131 tamamlad\u0131. 1968\u20131970 y\u0131llar\u0131 aras\u0131nda Frans\u0131zca okutmanl\u0131\u011f\u0131 yapt\u0131. 1981 y\u0131l\u0131nda do\u00e7ent, 1992 y\u0131l\u0131nda profes\u00f6r oldu. G\u00fcn\u00fcm\u00fczde [&hellip;]<\/p>\n","protected":false},"author":1,"featured_media":0,"comment_status":"open","ping_status":"open","sticky":false,"template":"","format":"standard","meta":{"footnotes":""},"categories":[188],"tags":[],"class_list":{"0":"post-6016","1":"post","2":"type-post","3":"status-publish","4":"format-standard","6":"category-afsar-timucin-siirleri"},"yoast_head":"<!-- This site is optimized with the Yoast SEO Premium plugin v24.9 (Yoast SEO v24.9) - https:\/\/yoast.com\/wordpress\/plugins\/seo\/ -->\n<title>Af\u015far T\u0130MU\u00c7\u0130N Biyografisi - narteks.net<\/title>\n<meta name=\"robots\" content=\"index, follow, max-snippet:-1, max-image-preview:large, max-video-preview:-1\" \/>\n<link rel=\"canonical\" href=\"https:\/\/narteks.net\/index.php\/2011\/05\/25\/afsar-timucin-biyografisi\/\" \/>\n<meta property=\"og:locale\" content=\"tr_TR\" \/>\n<meta property=\"og:type\" content=\"article\" \/>\n<meta property=\"og:title\" content=\"Af\u015far T\u0130MU\u00c7\u0130N Biyografisi\" \/>\n<meta property=\"og:description\" content=\"Prof. Dr. Af\u015far Timu\u00e7in, (d. 1939), \u015fair. Manisa Akhisar&#8217;da do\u011fdu. Y\u00fcksek \u00f6\u011frenimine \u0130stanbul \u00dcniversitesi Edebiyat Fak\u00fcltesi Frans\u0131z Dili ve Edebiyat\u0131 B\u00f6l\u00fcm\u00fcnde ba\u015flad\u0131. 1967 y\u0131l\u0131nda, e\u011fitimini tamamlamak \u00fczere Kanada&#8217;ya gitti. 1967&#8217;de Montreal \u00dcniversitesi Felsefe B\u00f6l\u00fcm\u00fc&#8217;nde lisans e\u011fitimini, 1970&#8217;de \u0130stanbul \u00dcniversitesi&#8217;nde doktoras\u0131n\u0131 tamamlad\u0131. 1968\u20131970 y\u0131llar\u0131 aras\u0131nda Frans\u0131zca okutmanl\u0131\u011f\u0131 yapt\u0131. 1981 y\u0131l\u0131nda do\u00e7ent, 1992 y\u0131l\u0131nda profes\u00f6r oldu. G\u00fcn\u00fcm\u00fczde [&hellip;]\" \/>\n<meta property=\"og:url\" content=\"https:\/\/narteks.net\/index.php\/2011\/05\/25\/afsar-timucin-biyografisi\/\" \/>\n<meta property=\"og:site_name\" content=\"narteks.net\" \/>\n<meta property=\"article:published_time\" content=\"2011-05-25T08:50:04+00:00\" \/>\n<meta property=\"og:image\" content=\"http:\/\/3.bp.blogspot.com\/_0xTabJVYJJw\/S2HgLYqeHhI\/AAAAAAAAABw\/RPX-93LWJhs\/s320\/timucin01.jpg\" \/>\n<meta name=\"author\" content=\"Tar\u0131k\" \/>\n<meta name=\"twitter:card\" content=\"summary_large_image\" \/>\n<meta name=\"twitter:creator\" content=\"@narteks\" \/>\n<meta name=\"twitter:site\" content=\"@narteks\" \/>\n<meta name=\"twitter:label1\" content=\"Yazan:\" \/>\n\t<meta name=\"twitter:data1\" content=\"Tar\u0131k\" \/>\n\t<meta name=\"twitter:label2\" content=\"Tahmini okuma s\u00fcresi\" \/>\n\t<meta name=\"twitter:data2\" content=\"3 dakika\" \/>\n<script type=\"application\/ld+json\" class=\"yoast-schema-graph\">{\"@context\":\"https:\/\/schema.org\",\"@graph\":[{\"@type\":\"Article\",\"@id\":\"https:\/\/narteks.net\/index.php\/2011\/05\/25\/afsar-timucin-biyografisi\/#article\",\"isPartOf\":{\"@id\":\"https:\/\/narteks.net\/index.php\/2011\/05\/25\/afsar-timucin-biyografisi\/\"},\"author\":{\"name\":\"Tar\u0131k\",\"@id\":\"https:\/\/narteks.net\/#\/schema\/person\/61f37d9834294b72d31d274e7ed79bca\"},\"headline\":\"Af\u015far T\u0130MU\u00c7\u0130N Biyografisi\",\"datePublished\":\"2011-05-25T08:50:04+00:00\",\"mainEntityOfPage\":{\"@id\":\"https:\/\/narteks.net\/index.php\/2011\/05\/25\/afsar-timucin-biyografisi\/\"},\"wordCount\":514,\"commentCount\":0,\"publisher\":{\"@id\":\"https:\/\/narteks.net\/#organization\"},\"image\":{\"@id\":\"https:\/\/narteks.net\/index.php\/2011\/05\/25\/afsar-timucin-biyografisi\/#primaryimage\"},\"thumbnailUrl\":\"http:\/\/3.bp.blogspot.com\/_0xTabJVYJJw\/S2HgLYqeHhI\/AAAAAAAAABw\/RPX-93LWJhs\/s320\/timucin01.jpg\",\"articleSection\":[\"Af\u015far T\u0130MU\u00c7\u0130N \u015fiirleri\"],\"inLanguage\":\"tr\",\"potentialAction\":[{\"@type\":\"CommentAction\",\"name\":\"Comment\",\"target\":[\"https:\/\/narteks.net\/index.php\/2011\/05\/25\/afsar-timucin-biyografisi\/#respond\"]}]},{\"@type\":\"WebPage\",\"@id\":\"https:\/\/narteks.net\/index.php\/2011\/05\/25\/afsar-timucin-biyografisi\/\",\"url\":\"https:\/\/narteks.net\/index.php\/2011\/05\/25\/afsar-timucin-biyografisi\/\",\"name\":\"Af\u015far T\u0130MU\u00c7\u0130N Biyografisi - narteks.net\",\"isPartOf\":{\"@id\":\"https:\/\/narteks.net\/#website\"},\"primaryImageOfPage\":{\"@id\":\"https:\/\/narteks.net\/index.php\/2011\/05\/25\/afsar-timucin-biyografisi\/#primaryimage\"},\"image\":{\"@id\":\"https:\/\/narteks.net\/index.php\/2011\/05\/25\/afsar-timucin-biyografisi\/#primaryimage\"},\"thumbnailUrl\":\"http:\/\/3.bp.blogspot.com\/_0xTabJVYJJw\/S2HgLYqeHhI\/AAAAAAAAABw\/RPX-93LWJhs\/s320\/timucin01.jpg\",\"datePublished\":\"2011-05-25T08:50:04+00:00\",\"breadcrumb\":{\"@id\":\"https:\/\/narteks.net\/index.php\/2011\/05\/25\/afsar-timucin-biyografisi\/#breadcrumb\"},\"inLanguage\":\"tr\",\"potentialAction\":[{\"@type\":\"ReadAction\",\"target\":[\"https:\/\/narteks.net\/index.php\/2011\/05\/25\/afsar-timucin-biyografisi\/\"]}]},{\"@type\":\"ImageObject\",\"inLanguage\":\"tr\",\"@id\":\"https:\/\/narteks.net\/index.php\/2011\/05\/25\/afsar-timucin-biyografisi\/#primaryimage\",\"url\":\"http:\/\/3.bp.blogspot.com\/_0xTabJVYJJw\/S2HgLYqeHhI\/AAAAAAAAABw\/RPX-93LWJhs\/s320\/timucin01.jpg\",\"contentUrl\":\"http:\/\/3.bp.blogspot.com\/_0xTabJVYJJw\/S2HgLYqeHhI\/AAAAAAAAABw\/RPX-93LWJhs\/s320\/timucin01.jpg\"},{\"@type\":\"BreadcrumbList\",\"@id\":\"https:\/\/narteks.net\/index.php\/2011\/05\/25\/afsar-timucin-biyografisi\/#breadcrumb\",\"itemListElement\":[{\"@type\":\"ListItem\",\"position\":1,\"name\":\"Anasayfa\",\"item\":\"https:\/\/narteks.net\/\"},{\"@type\":\"ListItem\",\"position\":2,\"name\":\"Af\u015far T\u0130MU\u00c7\u0130N Biyografisi\"}]},{\"@type\":\"WebSite\",\"@id\":\"https:\/\/narteks.net\/#website\",\"url\":\"https:\/\/narteks.net\/\",\"name\":\"narteks.net\",\"description\":\"K\u00fclt\u00fcr Sanat Edebiyat Felsefe\",\"publisher\":{\"@id\":\"https:\/\/narteks.net\/#organization\"},\"alternateName\":\"K\u00fclt\u00fcr Sanat Edebiyat Felsefe\",\"potentialAction\":[{\"@type\":\"SearchAction\",\"target\":{\"@type\":\"EntryPoint\",\"urlTemplate\":\"https:\/\/narteks.net\/?s={search_term_string}\"},\"query-input\":{\"@type\":\"PropertyValueSpecification\",\"valueRequired\":true,\"valueName\":\"search_term_string\"}}],\"inLanguage\":\"tr\"},{\"@type\":\"Organization\",\"@id\":\"https:\/\/narteks.net\/#organization\",\"name\":\"narteks.net\",\"url\":\"https:\/\/narteks.net\/\",\"logo\":{\"@type\":\"ImageObject\",\"inLanguage\":\"tr\",\"@id\":\"https:\/\/narteks.net\/#\/schema\/logo\/image\/\",\"url\":\"https:\/\/narteks.net\/wp-content\/uploads\/narteks.png\",\"contentUrl\":\"https:\/\/narteks.net\/wp-content\/uploads\/narteks.png\",\"width\":300,\"height\":90,\"caption\":\"narteks.net\"},\"image\":{\"@id\":\"https:\/\/narteks.net\/#\/schema\/logo\/image\/\"},\"sameAs\":[\"https:\/\/x.com\/narteks\",\"https:\/\/instagram.com\/narteksnet\"]},{\"@type\":\"Person\",\"@id\":\"https:\/\/narteks.net\/#\/schema\/person\/61f37d9834294b72d31d274e7ed79bca\",\"name\":\"Tar\u0131k\",\"image\":{\"@type\":\"ImageObject\",\"inLanguage\":\"tr\",\"@id\":\"https:\/\/narteks.net\/#\/schema\/person\/image\/\",\"url\":\"https:\/\/secure.gravatar.com\/avatar\/50865afb55632c4ae467e0af0930f6510aa2297d8014be502a55b14f3b7550cf?s=96&d=mm&r=g\",\"contentUrl\":\"https:\/\/secure.gravatar.com\/avatar\/50865afb55632c4ae467e0af0930f6510aa2297d8014be502a55b14f3b7550cf?s=96&d=mm&r=g\",\"caption\":\"Tar\u0131k\"},\"sameAs\":[\"http:\/\/narteks.net\"],\"url\":\"https:\/\/narteks.net\/index.php\/author\/narbak\/\"}]}<\/script>\n<!-- \/ Yoast SEO Premium plugin. -->","yoast_head_json":{"title":"Af\u015far T\u0130MU\u00c7\u0130N Biyografisi - narteks.net","robots":{"index":"index","follow":"follow","max-snippet":"max-snippet:-1","max-image-preview":"max-image-preview:large","max-video-preview":"max-video-preview:-1"},"canonical":"https:\/\/narteks.net\/index.php\/2011\/05\/25\/afsar-timucin-biyografisi\/","og_locale":"tr_TR","og_type":"article","og_title":"Af\u015far T\u0130MU\u00c7\u0130N Biyografisi","og_description":"Prof. Dr. Af\u015far Timu\u00e7in, (d. 1939), \u015fair. Manisa Akhisar&#8217;da do\u011fdu. Y\u00fcksek \u00f6\u011frenimine \u0130stanbul \u00dcniversitesi Edebiyat Fak\u00fcltesi Frans\u0131z Dili ve Edebiyat\u0131 B\u00f6l\u00fcm\u00fcnde ba\u015flad\u0131. 1967 y\u0131l\u0131nda, e\u011fitimini tamamlamak \u00fczere Kanada&#8217;ya gitti. 1967&#8217;de Montreal \u00dcniversitesi Felsefe B\u00f6l\u00fcm\u00fc&#8217;nde lisans e\u011fitimini, 1970&#8217;de \u0130stanbul \u00dcniversitesi&#8217;nde doktoras\u0131n\u0131 tamamlad\u0131. 1968\u20131970 y\u0131llar\u0131 aras\u0131nda Frans\u0131zca okutmanl\u0131\u011f\u0131 yapt\u0131. 1981 y\u0131l\u0131nda do\u00e7ent, 1992 y\u0131l\u0131nda profes\u00f6r oldu. G\u00fcn\u00fcm\u00fczde [&hellip;]","og_url":"https:\/\/narteks.net\/index.php\/2011\/05\/25\/afsar-timucin-biyografisi\/","og_site_name":"narteks.net","article_published_time":"2011-05-25T08:50:04+00:00","og_image":[{"url":"http:\/\/3.bp.blogspot.com\/_0xTabJVYJJw\/S2HgLYqeHhI\/AAAAAAAAABw\/RPX-93LWJhs\/s320\/timucin01.jpg","type":"","width":"","height":""}],"author":"Tar\u0131k","twitter_card":"summary_large_image","twitter_creator":"@narteks","twitter_site":"@narteks","twitter_misc":{"Yazan:":"Tar\u0131k","Tahmini okuma s\u00fcresi":"3 dakika"},"schema":{"@context":"https:\/\/schema.org","@graph":[{"@type":"Article","@id":"https:\/\/narteks.net\/index.php\/2011\/05\/25\/afsar-timucin-biyografisi\/#article","isPartOf":{"@id":"https:\/\/narteks.net\/index.php\/2011\/05\/25\/afsar-timucin-biyografisi\/"},"author":{"name":"Tar\u0131k","@id":"https:\/\/narteks.net\/#\/schema\/person\/61f37d9834294b72d31d274e7ed79bca"},"headline":"Af\u015far T\u0130MU\u00c7\u0130N Biyografisi","datePublished":"2011-05-25T08:50:04+00:00","mainEntityOfPage":{"@id":"https:\/\/narteks.net\/index.php\/2011\/05\/25\/afsar-timucin-biyografisi\/"},"wordCount":514,"commentCount":0,"publisher":{"@id":"https:\/\/narteks.net\/#organization"},"image":{"@id":"https:\/\/narteks.net\/index.php\/2011\/05\/25\/afsar-timucin-biyografisi\/#primaryimage"},"thumbnailUrl":"http:\/\/3.bp.blogspot.com\/_0xTabJVYJJw\/S2HgLYqeHhI\/AAAAAAAAABw\/RPX-93LWJhs\/s320\/timucin01.jpg","articleSection":["Af\u015far T\u0130MU\u00c7\u0130N \u015fiirleri"],"inLanguage":"tr","potentialAction":[{"@type":"CommentAction","name":"Comment","target":["https:\/\/narteks.net\/index.php\/2011\/05\/25\/afsar-timucin-biyografisi\/#respond"]}]},{"@type":"WebPage","@id":"https:\/\/narteks.net\/index.php\/2011\/05\/25\/afsar-timucin-biyografisi\/","url":"https:\/\/narteks.net\/index.php\/2011\/05\/25\/afsar-timucin-biyografisi\/","name":"Af\u015far T\u0130MU\u00c7\u0130N Biyografisi - narteks.net","isPartOf":{"@id":"https:\/\/narteks.net\/#website"},"primaryImageOfPage":{"@id":"https:\/\/narteks.net\/index.php\/2011\/05\/25\/afsar-timucin-biyografisi\/#primaryimage"},"image":{"@id":"https:\/\/narteks.net\/index.php\/2011\/05\/25\/afsar-timucin-biyografisi\/#primaryimage"},"thumbnailUrl":"http:\/\/3.bp.blogspot.com\/_0xTabJVYJJw\/S2HgLYqeHhI\/AAAAAAAAABw\/RPX-93LWJhs\/s320\/timucin01.jpg","datePublished":"2011-05-25T08:50:04+00:00","breadcrumb":{"@id":"https:\/\/narteks.net\/index.php\/2011\/05\/25\/afsar-timucin-biyografisi\/#breadcrumb"},"inLanguage":"tr","potentialAction":[{"@type":"ReadAction","target":["https:\/\/narteks.net\/index.php\/2011\/05\/25\/afsar-timucin-biyografisi\/"]}]},{"@type":"ImageObject","inLanguage":"tr","@id":"https:\/\/narteks.net\/index.php\/2011\/05\/25\/afsar-timucin-biyografisi\/#primaryimage","url":"http:\/\/3.bp.blogspot.com\/_0xTabJVYJJw\/S2HgLYqeHhI\/AAAAAAAAABw\/RPX-93LWJhs\/s320\/timucin01.jpg","contentUrl":"http:\/\/3.bp.blogspot.com\/_0xTabJVYJJw\/S2HgLYqeHhI\/AAAAAAAAABw\/RPX-93LWJhs\/s320\/timucin01.jpg"},{"@type":"BreadcrumbList","@id":"https:\/\/narteks.net\/index.php\/2011\/05\/25\/afsar-timucin-biyografisi\/#breadcrumb","itemListElement":[{"@type":"ListItem","position":1,"name":"Anasayfa","item":"https:\/\/narteks.net\/"},{"@type":"ListItem","position":2,"name":"Af\u015far T\u0130MU\u00c7\u0130N Biyografisi"}]},{"@type":"WebSite","@id":"https:\/\/narteks.net\/#website","url":"https:\/\/narteks.net\/","name":"narteks.net","description":"K\u00fclt\u00fcr Sanat Edebiyat Felsefe","publisher":{"@id":"https:\/\/narteks.net\/#organization"},"alternateName":"K\u00fclt\u00fcr Sanat Edebiyat Felsefe","potentialAction":[{"@type":"SearchAction","target":{"@type":"EntryPoint","urlTemplate":"https:\/\/narteks.net\/?s={search_term_string}"},"query-input":{"@type":"PropertyValueSpecification","valueRequired":true,"valueName":"search_term_string"}}],"inLanguage":"tr"},{"@type":"Organization","@id":"https:\/\/narteks.net\/#organization","name":"narteks.net","url":"https:\/\/narteks.net\/","logo":{"@type":"ImageObject","inLanguage":"tr","@id":"https:\/\/narteks.net\/#\/schema\/logo\/image\/","url":"https:\/\/narteks.net\/wp-content\/uploads\/narteks.png","contentUrl":"https:\/\/narteks.net\/wp-content\/uploads\/narteks.png","width":300,"height":90,"caption":"narteks.net"},"image":{"@id":"https:\/\/narteks.net\/#\/schema\/logo\/image\/"},"sameAs":["https:\/\/x.com\/narteks","https:\/\/instagram.com\/narteksnet"]},{"@type":"Person","@id":"https:\/\/narteks.net\/#\/schema\/person\/61f37d9834294b72d31d274e7ed79bca","name":"Tar\u0131k","image":{"@type":"ImageObject","inLanguage":"tr","@id":"https:\/\/narteks.net\/#\/schema\/person\/image\/","url":"https:\/\/secure.gravatar.com\/avatar\/50865afb55632c4ae467e0af0930f6510aa2297d8014be502a55b14f3b7550cf?s=96&d=mm&r=g","contentUrl":"https:\/\/secure.gravatar.com\/avatar\/50865afb55632c4ae467e0af0930f6510aa2297d8014be502a55b14f3b7550cf?s=96&d=mm&r=g","caption":"Tar\u0131k"},"sameAs":["http:\/\/narteks.net"],"url":"https:\/\/narteks.net\/index.php\/author\/narbak\/"}]}},"_links":{"self":[{"href":"https:\/\/narteks.net\/index.php\/wp-json\/wp\/v2\/posts\/6016","targetHints":{"allow":["GET"]}}],"collection":[{"href":"https:\/\/narteks.net\/index.php\/wp-json\/wp\/v2\/posts"}],"about":[{"href":"https:\/\/narteks.net\/index.php\/wp-json\/wp\/v2\/types\/post"}],"author":[{"embeddable":true,"href":"https:\/\/narteks.net\/index.php\/wp-json\/wp\/v2\/users\/1"}],"replies":[{"embeddable":true,"href":"https:\/\/narteks.net\/index.php\/wp-json\/wp\/v2\/comments?post=6016"}],"version-history":[{"count":0,"href":"https:\/\/narteks.net\/index.php\/wp-json\/wp\/v2\/posts\/6016\/revisions"}],"wp:attachment":[{"href":"https:\/\/narteks.net\/index.php\/wp-json\/wp\/v2\/media?parent=6016"}],"wp:term":[{"taxonomy":"category","embeddable":true,"href":"https:\/\/narteks.net\/index.php\/wp-json\/wp\/v2\/categories?post=6016"},{"taxonomy":"post_tag","embeddable":true,"href":"https:\/\/narteks.net\/index.php\/wp-json\/wp\/v2\/tags?post=6016"}],"curies":[{"name":"wp","href":"https:\/\/api.w.org\/{rel}","templated":true}]}}