{"id":6023,"date":"2011-05-31T11:43:55","date_gmt":"2011-05-31T08:43:55","guid":{"rendered":"http:\/\/localhost\/wordpress\/2011\/05\/31\/sinav-ozlen-yildiz\/"},"modified":"2011-05-31T11:43:55","modified_gmt":"2011-05-31T08:43:55","slug":"sinav-ozlen-yildiz","status":"publish","type":"post","link":"https:\/\/narteks.net\/index.php\/2011\/05\/31\/sinav-ozlen-yildiz\/","title":{"rendered":"S\u0131nav | \u00d6zlen Y\u0131ld\u0131z"},"content":{"rendered":"<p style=\"text-align: justify;\"><img loading=\"lazy\" decoding=\"async\" src=\"http:\/\/4.bp.blogspot.com\/_MsC1LRsd5n8\/TM-3_G5HN0I\/AAAAAAAAAS0\/VB0VxkuKL44\/s1600\/sinav_stresi_ilgisiz1.jpg\" border=\"0\" width=\"155\" height=\"205\" style=\"float: left;\" \/>Kavrulan leblebinin kokusu b\u00fct\u00fcn soka\u011f\u0131 sard\u0131. A\u00e7\u0131k pencerenin aral\u0131\u011f\u0131ndan i\u00e7eri dolan koku kitaplara kar\u0131\u015ft\u0131. G\u00fcvercinlerin kanat \u00e7\u0131rp\u0131\u015flar\u0131 ile co\u015fan \u00e7ocuklar\u0131n ta\u015fk\u0131nl\u0131klar\u0131, engelliyor okumam\u0131. S\u0131ca\u011f\u0131 g\u00f6ze alarak pencereyi kap\u0131yorum. Tam yirmi sekiz g\u00fcnd\u00fcr ayn\u0131 ye\u015fil e\u015fofmanlay\u0131m. Dizleri f\u0131rlam\u0131\u015f. Annemin sesi geliyor i\u00e7eriden, gene Ayla teyzeyle birilerini \u00e7eki\u015ftiriyorlar. B\u00f6yle zamanlarda hep y\u00fcksek tondan f\u0131s\u0131lt\u0131yla konu\u015furlar. Kur\u015fun<br \/>kalemin arkas\u0131ndaki silgiyi k\u00fc\u00e7\u00fclt\u00fcyorum di\u015flerimle. \u00c7\u0131kan par\u00e7alar\u0131 sol elimin parmaklar\u0131 aras\u0131nda yuvarl\u0131yorum. Zorland\u0131\u011f\u0131m durumlarda hep kalemin metal k\u0131sm\u0131n\u0131 di\u015flerim. Arada metal di\u015flerime s\u00fcrt\u00fcn\u00fcr, \u00fcrperirim. Kalem kocaman , bir \u00f6\u011fretmen gibi kar\u015f\u0131mda duruyor. Birisi mi tutuyor onu g\u00f6remiyorum. \u00c7\u00f6zemedi\u011fim her soruda kafama vuruyor. Silgisi ta\u015f gibi. Odam fazla g\u00fcne\u015f almad\u0131\u011f\u0131 i\u00e7in karanl\u0131k. Masa lambam yan\u0131yor. Kocaman g\u00f6lgem duvarda. Soka\u011f\u0131n sesleri kesilmiyor. Kar\u015f\u0131 pencerede bir \u00e7ocuk, elleri demirde \u00e7\u0131\u011fl\u0131k \u00e7\u0131\u011fl\u0131\u011fa. G\u00f6z\u00fc sokakta oynayanlarda. Sesi \u00f6tekileri bast\u0131r\u0131yor, ben de var\u0131m sesi bu, yan\u0131n\u0131zda olamasam da var\u0131m.<\/p>\n<p style=\"text-align: justify;\">\u00dczerimde ye\u015fil e\u015fofmanlarla sokaktay\u0131m, hay\u0131r okulun bah\u00e7esi buras\u0131. Binadan i\u00e7eri giriyorum ko\u015farak, ama yanl\u0131\u015f binaday\u0131m. D\u0131\u015far\u0131 \u00e7\u0131kmam gerekiyor, b\u0131rakm\u0131yorlar. S\u0131nav ba\u015flamak \u00fczere, ba\u011f\u0131r\u0131yorum, sesim \u00e7\u0131km\u0131yor. \u0130\u00e7eriden gelen sesler y\u00fckseliyor. Ayla teyze annemin kahve fal\u0131na bak\u0131yor. K\u0131z\u0131n devlet kap\u0131s\u0131ndan giriyor, inanmazsan bak bayrak var, g\u00f6r\u00fcyor musun? \u00dc\u00e7 vakte kadar. Hadi in\u015fallah, diyor annem. Sesi umutsuz ya da k\u0131rg\u0131n. Belki de \u015f\u00f6yle demeli, umutsuzluktan k\u0131r\u0131lm\u0131\u015f sesi. Sa\u00e7 diplerinden ucuna kadar bu iki duyguyla beslenmi\u015f bir kad\u0131n i\u00e7in ba\u015fka ne<br \/>denir ki? D\u0131\u015far\u0131daki k\u0131z \u00e7\u0131\u011fl\u0131\u011f\u0131na devam ediyor. Elimdeki pelu\u015f kedi cans\u0131z oldu\u011fu i\u00e7in \u015fansl\u0131. Y\u00fcn yuma\u011f\u0131 topak oldu avucumda. Bir k\u0131sm\u0131n\u0131 \u0131s\u0131r\u0131p b\u0131rakt\u0131\u011f\u0131m elma kararmaya ba\u015flam\u0131\u015f. Kokusunu duyuyorum. Eskiden de b\u00f6yle miydim? B\u00fct\u00fcn kokular, sesler kafam\u0131n i\u00e7inde b\u00fcy\u00fcyor. Dayan\u0131lmaz oluyor.<\/p>\n<p style=\"text-align: justify;\">Otob\u00fcs dura\u011f\u0131nday\u0131m. Saat ilerliyor, otob\u00fcs bir t\u00fcrl\u00fc gelmiyor. S\u0131nav ba\u015flamak \u00fczere. Hangi otob\u00fcse binmem gerekti\u011fini, bilmiyorum. Babam yan\u0131mda bitiveriyor. Gelen otob\u00fcse biniyoruz. \u015eehirler aras\u0131 bir otob\u00fcs bu. Trafik s\u0131k\u0131\u015f\u0131yor. \u0130leride y\u00fckselen dumanlar, patlama sesleri . Otob\u00fcsten iniyorum. Bu sefer yan\u0131mdaki ablam. Ko\u015fuyoruz. Nereye oldu\u011funu bilmeden. G\u00f6z\u00fcm takvimde. \u0130ki ay on g\u00fcn sonras\u0131 k\u0131rm\u0131z\u0131 halka i\u00e7inde. Duvara bir ka\u011f\u0131t daha yap\u0131\u015ft\u0131r\u0131yorum. Bug\u00fcn\u00fcn tarihiyle birlikte \u00e7\u00f6zd\u00fc\u011f\u00fcm soru adedi var ka\u011f\u0131tta. Masam\u0131n dayand\u0131\u011f\u0131 duvar reng\u00e2renk k\u00fc\u00e7\u00fck k\u00e2\u011f\u0131tlarla dolu. Kimi \u00fcst \u00fcste binmi\u015f. Kendi kendimin \u00f6\u011fretmeniyim. \u00c7ocuklarla olmak, m\u00fcmk\u00fcn olacak m\u0131? Annem gene dertlendi. Ka\u00e7 y\u0131l ge\u00e7ti okul biteli. Sorma Aylac\u0131m, hepimizin sinirleri bozuldu. O bir \u015fey de\u011fil ya\u015f s\u0131n\u0131r\u0131 da varm\u0131\u015f. Bu y\u0131l art\u0131k son \u015fans\u0131. K\u0131smetlerini de tepip duruyor.( Bu son c\u00fcmlede sesi k\u0131s\u0131l\u0131yor.)<\/p>\n<p style=\"text-align: justify;\">Eczac\u0131ya yapt\u0131klar\u0131m\u0131 anlat\u0131yor. Pijamayla \u00e7\u0131kt\u0131 Aylac\u0131m, derken sesi utan\u00e7 dolu. S\u0131navday\u0131m. Annem g\u00f6zetmenim. \u00dcst\u00fcnde ceket alt\u0131nda \u00e7izgili pijama var. Amfideki herkes ona bak\u0131yor. Ben bakmamaya \u00e7al\u0131\u015f\u0131yorum. \u00d6n\u00fcmde bir s\u00fcr\u00fc k\u00fc\u00e7\u00fck k\u00e2\u011f\u0131t var. Sorular onlar\u0131n \u00fcst\u00fcnde. Annem yan\u0131mdan ko\u015farak ge\u00e7iyor. Onun r\u00fczgar\u0131yla sa\u00e7\u0131lan k\u00e2\u011f\u0131tlar sar\u0131yor etraf\u0131m\u0131. Yerden toplamaya \u00e7al\u0131\u015f\u0131yorum, ben toplad\u0131k\u00e7a \u00e7o\u011fal\u0131yorlar.<br \/>Kap\u0131 sesi. Gelen Ayla teyzenin k\u0131z\u0131. Annem birazdan onu yan\u0131ma getirir. \u00d6devlerine yard\u0131mc\u0131 ol, der. Her zaman olur derim. S\u0131k\u0131lsam da bu b\u00f6yle olur. K\u0131z elinde defteriyle kap\u0131mda. Bu sefer yaln\u0131z gelmeye cesaret edebilmi\u015f. Defterini al\u0131p ba\u015flamadan \u00f6nce bana bir bardak su getirir misin? diyorum. K\u0131z hemen f\u0131rl\u0131yor odadan.<\/p>\n<p style=\"text-align: justify;\">O \u00e7\u0131kar \u00e7\u0131kmaz defterini a\u00e7\u0131p yaz\u0131l\u0131 son iki sayfay\u0131 y\u0131rt\u0131yorum. Sayfalar elimde, ne yapsam onlar\u0131? Kitab\u0131m \u00e7arp\u0131yor g\u00f6z\u00fcme, hemen girince, hadi bakal\u0131m \u00e7\u00f6zelim sorular\u0131, diyorum. Defterini al\u0131yor, y\u00fcz\u00fcnde \u00e7ekingen ama memnun bir ifadeyle \u00f6devinin oldu\u011fu sayfay\u0131 aramaya ba\u015fl\u0131yor, ama o da ne, nereye gitti bu sayfalar? \u015ea\u015fk\u0131n, tela\u015fl\u0131 \u00e7eviriyor, ama yok. Buradayd\u0131, kesin Eda yapt\u0131, diyor. Annesine \u015fikayete ko\u015ftu \u015fimdi, sesi a\u011flamakl\u0131. Arkama yaslan\u0131p bir sigara yak\u0131yorum. aras\u0131na s\u0131k\u0131\u015ft\u0131r\u0131yorum. Uzun zamand\u0131r ilk defa heyecanl\u0131y\u0131m. K\u0131z i\u00e7eri Takvimdeki i\u015faretlenmi\u015f tarihi sigarayla deliyorum. Kar\u015f\u0131mda b\u00fcy\u00fck, muntazam bir yuvarlak var \u015fimdi. Do\u011fum g\u00fcn\u00fcme de bir delik a\u00e7\u0131yorum. G\u00f6z bebeklerimi yerle\u015ftiriyorum oyuklara. Kitaplara, k\u00e2\u011f\u0131tlara bak\u0131yorum oradan. Sonra pencereden d\u0131\u015far\u0131, \u00e7ocuklara. Onlar birbirlerine i\u015faret ediyorlar beni, g\u00fcl\u00fcyorlar. Takvimi camdan f\u0131rlat\u0131yorum. Elimde sigarayla \u00e7\u0131k\u0131yorum odadan. Annemden gizli i\u00e7erdim, oysa \u015fimdi umurumda de\u011fil. Yanlar\u0131na gidip oturuyorum. Onlar \u015fa\u015fk\u0131n bak\u0131yorlar bana. Eee daha daha nas\u0131ls\u0131n\u0131z Ayla teyze.<\/p>\n<p style=\"text-align: justify;\">S\u0131nav | \u00d6zlen Y\u0131ld\u0131z<\/p>\n","protected":false},"excerpt":{"rendered":"<p>Kavrulan leblebinin kokusu b\u00fct\u00fcn soka\u011f\u0131 sard\u0131. A\u00e7\u0131k pencerenin aral\u0131\u011f\u0131ndan i\u00e7eri dolan koku kitaplara kar\u0131\u015ft\u0131. G\u00fcvercinlerin kanat \u00e7\u0131rp\u0131\u015flar\u0131 ile co\u015fan \u00e7ocuklar\u0131n ta\u015fk\u0131nl\u0131klar\u0131, engelliyor okumam\u0131. S\u0131ca\u011f\u0131 g\u00f6ze alarak pencereyi kap\u0131yorum. Tam yirmi sekiz g\u00fcnd\u00fcr ayn\u0131 ye\u015fil e\u015fofmanlay\u0131m. Dizleri f\u0131rlam\u0131\u015f. Annemin sesi geliyor i\u00e7eriden, gene Ayla teyzeyle birilerini \u00e7eki\u015ftiriyorlar. B\u00f6yle zamanlarda hep y\u00fcksek tondan f\u0131s\u0131lt\u0131yla konu\u015furlar. Kur\u015funkalemin arkas\u0131ndaki [&hellip;]<\/p>\n","protected":false},"author":1,"featured_media":0,"comment_status":"open","ping_status":"open","sticky":false,"template":"","format":"standard","meta":{"footnotes":""},"categories":[189],"tags":[],"class_list":{"0":"post-6023","1":"post","2":"type-post","3":"status-publish","4":"format-standard","6":"category-ozlen-yildiz"},"yoast_head":"<!-- This site is optimized with the Yoast SEO Premium plugin v24.9 (Yoast SEO v24.9) - https:\/\/yoast.com\/wordpress\/plugins\/seo\/ -->\n<title>S\u0131nav | \u00d6zlen Y\u0131ld\u0131z - narteks.net<\/title>\n<meta name=\"robots\" content=\"index, follow, max-snippet:-1, max-image-preview:large, max-video-preview:-1\" \/>\n<link rel=\"canonical\" href=\"https:\/\/narteks.net\/index.php\/2011\/05\/31\/sinav-ozlen-yildiz\/\" \/>\n<meta property=\"og:locale\" content=\"tr_TR\" \/>\n<meta property=\"og:type\" content=\"article\" \/>\n<meta property=\"og:title\" content=\"S\u0131nav | \u00d6zlen Y\u0131ld\u0131z\" \/>\n<meta property=\"og:description\" content=\"Kavrulan leblebinin kokusu b\u00fct\u00fcn soka\u011f\u0131 sard\u0131. A\u00e7\u0131k pencerenin aral\u0131\u011f\u0131ndan i\u00e7eri dolan koku kitaplara kar\u0131\u015ft\u0131. G\u00fcvercinlerin kanat \u00e7\u0131rp\u0131\u015flar\u0131 ile co\u015fan \u00e7ocuklar\u0131n ta\u015fk\u0131nl\u0131klar\u0131, engelliyor okumam\u0131. S\u0131ca\u011f\u0131 g\u00f6ze alarak pencereyi kap\u0131yorum. Tam yirmi sekiz g\u00fcnd\u00fcr ayn\u0131 ye\u015fil e\u015fofmanlay\u0131m. Dizleri f\u0131rlam\u0131\u015f. Annemin sesi geliyor i\u00e7eriden, gene Ayla teyzeyle birilerini \u00e7eki\u015ftiriyorlar. B\u00f6yle zamanlarda hep y\u00fcksek tondan f\u0131s\u0131lt\u0131yla konu\u015furlar. Kur\u015funkalemin arkas\u0131ndaki [&hellip;]\" \/>\n<meta property=\"og:url\" content=\"https:\/\/narteks.net\/index.php\/2011\/05\/31\/sinav-ozlen-yildiz\/\" \/>\n<meta property=\"og:site_name\" content=\"narteks.net\" \/>\n<meta property=\"article:published_time\" content=\"2011-05-31T08:43:55+00:00\" \/>\n<meta property=\"og:image\" content=\"http:\/\/4.bp.blogspot.com\/_MsC1LRsd5n8\/TM-3_G5HN0I\/AAAAAAAAAS0\/VB0VxkuKL44\/s1600\/sinav_stresi_ilgisiz1.jpg\" \/>\n<meta name=\"author\" content=\"Tar\u0131k\" \/>\n<meta name=\"twitter:card\" content=\"summary_large_image\" \/>\n<meta name=\"twitter:creator\" content=\"@narteks\" \/>\n<meta name=\"twitter:site\" content=\"@narteks\" \/>\n<meta name=\"twitter:label1\" content=\"Yazan:\" \/>\n\t<meta name=\"twitter:data1\" content=\"Tar\u0131k\" \/>\n\t<meta name=\"twitter:label2\" content=\"Tahmini okuma s\u00fcresi\" \/>\n\t<meta name=\"twitter:data2\" content=\"4 dakika\" \/>\n<script type=\"application\/ld+json\" class=\"yoast-schema-graph\">{\"@context\":\"https:\/\/schema.org\",\"@graph\":[{\"@type\":\"Article\",\"@id\":\"https:\/\/narteks.net\/index.php\/2011\/05\/31\/sinav-ozlen-yildiz\/#article\",\"isPartOf\":{\"@id\":\"https:\/\/narteks.net\/index.php\/2011\/05\/31\/sinav-ozlen-yildiz\/\"},\"author\":{\"name\":\"Tar\u0131k\",\"@id\":\"https:\/\/narteks.net\/#\/schema\/person\/61f37d9834294b72d31d274e7ed79bca\"},\"headline\":\"S\u0131nav | \u00d6zlen Y\u0131ld\u0131z\",\"datePublished\":\"2011-05-31T08:43:55+00:00\",\"mainEntityOfPage\":{\"@id\":\"https:\/\/narteks.net\/index.php\/2011\/05\/31\/sinav-ozlen-yildiz\/\"},\"wordCount\":900,\"commentCount\":0,\"publisher\":{\"@id\":\"https:\/\/narteks.net\/#organization\"},\"image\":{\"@id\":\"https:\/\/narteks.net\/index.php\/2011\/05\/31\/sinav-ozlen-yildiz\/#primaryimage\"},\"thumbnailUrl\":\"http:\/\/4.bp.blogspot.com\/_MsC1LRsd5n8\/TM-3_G5HN0I\/AAAAAAAAAS0\/VB0VxkuKL44\/s1600\/sinav_stresi_ilgisiz1.jpg\",\"articleSection\":[\"\u00d6zlen Y\u0131ld\u0131z\"],\"inLanguage\":\"tr\",\"potentialAction\":[{\"@type\":\"CommentAction\",\"name\":\"Comment\",\"target\":[\"https:\/\/narteks.net\/index.php\/2011\/05\/31\/sinav-ozlen-yildiz\/#respond\"]}]},{\"@type\":\"WebPage\",\"@id\":\"https:\/\/narteks.net\/index.php\/2011\/05\/31\/sinav-ozlen-yildiz\/\",\"url\":\"https:\/\/narteks.net\/index.php\/2011\/05\/31\/sinav-ozlen-yildiz\/\",\"name\":\"S\u0131nav | \u00d6zlen Y\u0131ld\u0131z - narteks.net\",\"isPartOf\":{\"@id\":\"https:\/\/narteks.net\/#website\"},\"primaryImageOfPage\":{\"@id\":\"https:\/\/narteks.net\/index.php\/2011\/05\/31\/sinav-ozlen-yildiz\/#primaryimage\"},\"image\":{\"@id\":\"https:\/\/narteks.net\/index.php\/2011\/05\/31\/sinav-ozlen-yildiz\/#primaryimage\"},\"thumbnailUrl\":\"http:\/\/4.bp.blogspot.com\/_MsC1LRsd5n8\/TM-3_G5HN0I\/AAAAAAAAAS0\/VB0VxkuKL44\/s1600\/sinav_stresi_ilgisiz1.jpg\",\"datePublished\":\"2011-05-31T08:43:55+00:00\",\"breadcrumb\":{\"@id\":\"https:\/\/narteks.net\/index.php\/2011\/05\/31\/sinav-ozlen-yildiz\/#breadcrumb\"},\"inLanguage\":\"tr\",\"potentialAction\":[{\"@type\":\"ReadAction\",\"target\":[\"https:\/\/narteks.net\/index.php\/2011\/05\/31\/sinav-ozlen-yildiz\/\"]}]},{\"@type\":\"ImageObject\",\"inLanguage\":\"tr\",\"@id\":\"https:\/\/narteks.net\/index.php\/2011\/05\/31\/sinav-ozlen-yildiz\/#primaryimage\",\"url\":\"http:\/\/4.bp.blogspot.com\/_MsC1LRsd5n8\/TM-3_G5HN0I\/AAAAAAAAAS0\/VB0VxkuKL44\/s1600\/sinav_stresi_ilgisiz1.jpg\",\"contentUrl\":\"http:\/\/4.bp.blogspot.com\/_MsC1LRsd5n8\/TM-3_G5HN0I\/AAAAAAAAAS0\/VB0VxkuKL44\/s1600\/sinav_stresi_ilgisiz1.jpg\"},{\"@type\":\"BreadcrumbList\",\"@id\":\"https:\/\/narteks.net\/index.php\/2011\/05\/31\/sinav-ozlen-yildiz\/#breadcrumb\",\"itemListElement\":[{\"@type\":\"ListItem\",\"position\":1,\"name\":\"Anasayfa\",\"item\":\"https:\/\/narteks.net\/\"},{\"@type\":\"ListItem\",\"position\":2,\"name\":\"S\u0131nav | \u00d6zlen Y\u0131ld\u0131z\"}]},{\"@type\":\"WebSite\",\"@id\":\"https:\/\/narteks.net\/#website\",\"url\":\"https:\/\/narteks.net\/\",\"name\":\"narteks.net\",\"description\":\"K\u00fclt\u00fcr Sanat Edebiyat Felsefe\",\"publisher\":{\"@id\":\"https:\/\/narteks.net\/#organization\"},\"alternateName\":\"K\u00fclt\u00fcr Sanat Edebiyat Felsefe\",\"potentialAction\":[{\"@type\":\"SearchAction\",\"target\":{\"@type\":\"EntryPoint\",\"urlTemplate\":\"https:\/\/narteks.net\/?s={search_term_string}\"},\"query-input\":{\"@type\":\"PropertyValueSpecification\",\"valueRequired\":true,\"valueName\":\"search_term_string\"}}],\"inLanguage\":\"tr\"},{\"@type\":\"Organization\",\"@id\":\"https:\/\/narteks.net\/#organization\",\"name\":\"narteks.net\",\"url\":\"https:\/\/narteks.net\/\",\"logo\":{\"@type\":\"ImageObject\",\"inLanguage\":\"tr\",\"@id\":\"https:\/\/narteks.net\/#\/schema\/logo\/image\/\",\"url\":\"https:\/\/narteks.net\/wp-content\/uploads\/narteks.png\",\"contentUrl\":\"https:\/\/narteks.net\/wp-content\/uploads\/narteks.png\",\"width\":300,\"height\":90,\"caption\":\"narteks.net\"},\"image\":{\"@id\":\"https:\/\/narteks.net\/#\/schema\/logo\/image\/\"},\"sameAs\":[\"https:\/\/x.com\/narteks\",\"https:\/\/instagram.com\/narteksnet\"]},{\"@type\":\"Person\",\"@id\":\"https:\/\/narteks.net\/#\/schema\/person\/61f37d9834294b72d31d274e7ed79bca\",\"name\":\"Tar\u0131k\",\"image\":{\"@type\":\"ImageObject\",\"inLanguage\":\"tr\",\"@id\":\"https:\/\/narteks.net\/#\/schema\/person\/image\/\",\"url\":\"https:\/\/secure.gravatar.com\/avatar\/50865afb55632c4ae467e0af0930f6510aa2297d8014be502a55b14f3b7550cf?s=96&d=mm&r=g\",\"contentUrl\":\"https:\/\/secure.gravatar.com\/avatar\/50865afb55632c4ae467e0af0930f6510aa2297d8014be502a55b14f3b7550cf?s=96&d=mm&r=g\",\"caption\":\"Tar\u0131k\"},\"sameAs\":[\"http:\/\/narteks.net\"],\"url\":\"https:\/\/narteks.net\/index.php\/author\/narbak\/\"}]}<\/script>\n<!-- \/ Yoast SEO Premium plugin. -->","yoast_head_json":{"title":"S\u0131nav | \u00d6zlen Y\u0131ld\u0131z - narteks.net","robots":{"index":"index","follow":"follow","max-snippet":"max-snippet:-1","max-image-preview":"max-image-preview:large","max-video-preview":"max-video-preview:-1"},"canonical":"https:\/\/narteks.net\/index.php\/2011\/05\/31\/sinav-ozlen-yildiz\/","og_locale":"tr_TR","og_type":"article","og_title":"S\u0131nav | \u00d6zlen Y\u0131ld\u0131z","og_description":"Kavrulan leblebinin kokusu b\u00fct\u00fcn soka\u011f\u0131 sard\u0131. A\u00e7\u0131k pencerenin aral\u0131\u011f\u0131ndan i\u00e7eri dolan koku kitaplara kar\u0131\u015ft\u0131. G\u00fcvercinlerin kanat \u00e7\u0131rp\u0131\u015flar\u0131 ile co\u015fan \u00e7ocuklar\u0131n ta\u015fk\u0131nl\u0131klar\u0131, engelliyor okumam\u0131. S\u0131ca\u011f\u0131 g\u00f6ze alarak pencereyi kap\u0131yorum. Tam yirmi sekiz g\u00fcnd\u00fcr ayn\u0131 ye\u015fil e\u015fofmanlay\u0131m. Dizleri f\u0131rlam\u0131\u015f. Annemin sesi geliyor i\u00e7eriden, gene Ayla teyzeyle birilerini \u00e7eki\u015ftiriyorlar. B\u00f6yle zamanlarda hep y\u00fcksek tondan f\u0131s\u0131lt\u0131yla konu\u015furlar. Kur\u015funkalemin arkas\u0131ndaki [&hellip;]","og_url":"https:\/\/narteks.net\/index.php\/2011\/05\/31\/sinav-ozlen-yildiz\/","og_site_name":"narteks.net","article_published_time":"2011-05-31T08:43:55+00:00","og_image":[{"url":"http:\/\/4.bp.blogspot.com\/_MsC1LRsd5n8\/TM-3_G5HN0I\/AAAAAAAAAS0\/VB0VxkuKL44\/s1600\/sinav_stresi_ilgisiz1.jpg","type":"","width":"","height":""}],"author":"Tar\u0131k","twitter_card":"summary_large_image","twitter_creator":"@narteks","twitter_site":"@narteks","twitter_misc":{"Yazan:":"Tar\u0131k","Tahmini okuma s\u00fcresi":"4 dakika"},"schema":{"@context":"https:\/\/schema.org","@graph":[{"@type":"Article","@id":"https:\/\/narteks.net\/index.php\/2011\/05\/31\/sinav-ozlen-yildiz\/#article","isPartOf":{"@id":"https:\/\/narteks.net\/index.php\/2011\/05\/31\/sinav-ozlen-yildiz\/"},"author":{"name":"Tar\u0131k","@id":"https:\/\/narteks.net\/#\/schema\/person\/61f37d9834294b72d31d274e7ed79bca"},"headline":"S\u0131nav | \u00d6zlen Y\u0131ld\u0131z","datePublished":"2011-05-31T08:43:55+00:00","mainEntityOfPage":{"@id":"https:\/\/narteks.net\/index.php\/2011\/05\/31\/sinav-ozlen-yildiz\/"},"wordCount":900,"commentCount":0,"publisher":{"@id":"https:\/\/narteks.net\/#organization"},"image":{"@id":"https:\/\/narteks.net\/index.php\/2011\/05\/31\/sinav-ozlen-yildiz\/#primaryimage"},"thumbnailUrl":"http:\/\/4.bp.blogspot.com\/_MsC1LRsd5n8\/TM-3_G5HN0I\/AAAAAAAAAS0\/VB0VxkuKL44\/s1600\/sinav_stresi_ilgisiz1.jpg","articleSection":["\u00d6zlen Y\u0131ld\u0131z"],"inLanguage":"tr","potentialAction":[{"@type":"CommentAction","name":"Comment","target":["https:\/\/narteks.net\/index.php\/2011\/05\/31\/sinav-ozlen-yildiz\/#respond"]}]},{"@type":"WebPage","@id":"https:\/\/narteks.net\/index.php\/2011\/05\/31\/sinav-ozlen-yildiz\/","url":"https:\/\/narteks.net\/index.php\/2011\/05\/31\/sinav-ozlen-yildiz\/","name":"S\u0131nav | \u00d6zlen Y\u0131ld\u0131z - narteks.net","isPartOf":{"@id":"https:\/\/narteks.net\/#website"},"primaryImageOfPage":{"@id":"https:\/\/narteks.net\/index.php\/2011\/05\/31\/sinav-ozlen-yildiz\/#primaryimage"},"image":{"@id":"https:\/\/narteks.net\/index.php\/2011\/05\/31\/sinav-ozlen-yildiz\/#primaryimage"},"thumbnailUrl":"http:\/\/4.bp.blogspot.com\/_MsC1LRsd5n8\/TM-3_G5HN0I\/AAAAAAAAAS0\/VB0VxkuKL44\/s1600\/sinav_stresi_ilgisiz1.jpg","datePublished":"2011-05-31T08:43:55+00:00","breadcrumb":{"@id":"https:\/\/narteks.net\/index.php\/2011\/05\/31\/sinav-ozlen-yildiz\/#breadcrumb"},"inLanguage":"tr","potentialAction":[{"@type":"ReadAction","target":["https:\/\/narteks.net\/index.php\/2011\/05\/31\/sinav-ozlen-yildiz\/"]}]},{"@type":"ImageObject","inLanguage":"tr","@id":"https:\/\/narteks.net\/index.php\/2011\/05\/31\/sinav-ozlen-yildiz\/#primaryimage","url":"http:\/\/4.bp.blogspot.com\/_MsC1LRsd5n8\/TM-3_G5HN0I\/AAAAAAAAAS0\/VB0VxkuKL44\/s1600\/sinav_stresi_ilgisiz1.jpg","contentUrl":"http:\/\/4.bp.blogspot.com\/_MsC1LRsd5n8\/TM-3_G5HN0I\/AAAAAAAAAS0\/VB0VxkuKL44\/s1600\/sinav_stresi_ilgisiz1.jpg"},{"@type":"BreadcrumbList","@id":"https:\/\/narteks.net\/index.php\/2011\/05\/31\/sinav-ozlen-yildiz\/#breadcrumb","itemListElement":[{"@type":"ListItem","position":1,"name":"Anasayfa","item":"https:\/\/narteks.net\/"},{"@type":"ListItem","position":2,"name":"S\u0131nav | \u00d6zlen Y\u0131ld\u0131z"}]},{"@type":"WebSite","@id":"https:\/\/narteks.net\/#website","url":"https:\/\/narteks.net\/","name":"narteks.net","description":"K\u00fclt\u00fcr Sanat Edebiyat Felsefe","publisher":{"@id":"https:\/\/narteks.net\/#organization"},"alternateName":"K\u00fclt\u00fcr Sanat Edebiyat Felsefe","potentialAction":[{"@type":"SearchAction","target":{"@type":"EntryPoint","urlTemplate":"https:\/\/narteks.net\/?s={search_term_string}"},"query-input":{"@type":"PropertyValueSpecification","valueRequired":true,"valueName":"search_term_string"}}],"inLanguage":"tr"},{"@type":"Organization","@id":"https:\/\/narteks.net\/#organization","name":"narteks.net","url":"https:\/\/narteks.net\/","logo":{"@type":"ImageObject","inLanguage":"tr","@id":"https:\/\/narteks.net\/#\/schema\/logo\/image\/","url":"https:\/\/narteks.net\/wp-content\/uploads\/narteks.png","contentUrl":"https:\/\/narteks.net\/wp-content\/uploads\/narteks.png","width":300,"height":90,"caption":"narteks.net"},"image":{"@id":"https:\/\/narteks.net\/#\/schema\/logo\/image\/"},"sameAs":["https:\/\/x.com\/narteks","https:\/\/instagram.com\/narteksnet"]},{"@type":"Person","@id":"https:\/\/narteks.net\/#\/schema\/person\/61f37d9834294b72d31d274e7ed79bca","name":"Tar\u0131k","image":{"@type":"ImageObject","inLanguage":"tr","@id":"https:\/\/narteks.net\/#\/schema\/person\/image\/","url":"https:\/\/secure.gravatar.com\/avatar\/50865afb55632c4ae467e0af0930f6510aa2297d8014be502a55b14f3b7550cf?s=96&d=mm&r=g","contentUrl":"https:\/\/secure.gravatar.com\/avatar\/50865afb55632c4ae467e0af0930f6510aa2297d8014be502a55b14f3b7550cf?s=96&d=mm&r=g","caption":"Tar\u0131k"},"sameAs":["http:\/\/narteks.net"],"url":"https:\/\/narteks.net\/index.php\/author\/narbak\/"}]}},"_links":{"self":[{"href":"https:\/\/narteks.net\/index.php\/wp-json\/wp\/v2\/posts\/6023","targetHints":{"allow":["GET"]}}],"collection":[{"href":"https:\/\/narteks.net\/index.php\/wp-json\/wp\/v2\/posts"}],"about":[{"href":"https:\/\/narteks.net\/index.php\/wp-json\/wp\/v2\/types\/post"}],"author":[{"embeddable":true,"href":"https:\/\/narteks.net\/index.php\/wp-json\/wp\/v2\/users\/1"}],"replies":[{"embeddable":true,"href":"https:\/\/narteks.net\/index.php\/wp-json\/wp\/v2\/comments?post=6023"}],"version-history":[{"count":0,"href":"https:\/\/narteks.net\/index.php\/wp-json\/wp\/v2\/posts\/6023\/revisions"}],"wp:attachment":[{"href":"https:\/\/narteks.net\/index.php\/wp-json\/wp\/v2\/media?parent=6023"}],"wp:term":[{"taxonomy":"category","embeddable":true,"href":"https:\/\/narteks.net\/index.php\/wp-json\/wp\/v2\/categories?post=6023"},{"taxonomy":"post_tag","embeddable":true,"href":"https:\/\/narteks.net\/index.php\/wp-json\/wp\/v2\/tags?post=6023"}],"curies":[{"name":"wp","href":"https:\/\/api.w.org\/{rel}","templated":true}]}}