{"id":6024,"date":"2011-05-31T11:50:59","date_gmt":"2011-05-31T08:50:59","guid":{"rendered":"http:\/\/localhost\/wordpress\/2011\/05\/31\/yagmurdan-bilyeler-ozlen-yildiz\/"},"modified":"2011-05-31T11:50:59","modified_gmt":"2011-05-31T08:50:59","slug":"yagmurdan-bilyeler-ozlen-yildiz","status":"publish","type":"post","link":"https:\/\/narteks.net\/index.php\/2011\/05\/31\/yagmurdan-bilyeler-ozlen-yildiz\/","title":{"rendered":"Ya\u011fmurdan Bilyeler | \u00d6zlen Y\u0131ld\u0131z"},"content":{"rendered":"<p style=\"text-align: justify;\"><img loading=\"lazy\" decoding=\"async\" src=\"http:\/\/img2.blogcu.com\/images\/v\/o\/l\/volcano\/1221806152yagmur.jpg\" border=\"0\" width=\"155\" height=\"205\" style=\"float: left;\" \/>Otob\u00fcsteyiz. Annem yan\u0131mda kocaman. Ben onun kemerindeki metal tokan\u0131n so\u011fuklu\u011funu duyuyorum aln\u0131mda. \u0130ri elleri ba\u015f\u0131m\u0131n arkas\u0131nda. Burnum yumu\u015fac\u0131k karn\u0131na g\u00f6m\u00fclm\u00fc\u015f. K\u0131sac\u0131k kesilmi\u015f sa\u00e7lar\u0131mda gidip geliyor elleri. Otob\u00fcs alabildi\u011fince dolu.Geri kalan bo\u015fluklara e\u015fyalar yerle\u015ftirilmi\u015f.Annemin karn\u0131ndan lokur lokur su sesi geliyor. Bo\u015f bir kovan\u0131n i\u00e7i yar\u0131s\u0131na kadar suyla dolu. Ba\u015f\u0131m\u0131 kald\u0131r\u0131p d\u0131\u015far\u0131ya bak\u0131yorum.<\/p>\n<p>Yana\u011f\u0131m cam\u0131n so\u011fuklu\u011funda. Ellerimi dayay\u0131p dayay\u0131p \u00e7ekiyorum. El izlerim camda kal\u0131yor. Onun ad\u0131n\u0131 yaz\u0131yorum. Reyhan.<\/p>\n<p>\u201cAnne bak ad\u0131n\u0131\u2026\u201d<\/p>\n<p>Ba\u015f\u0131 yana d\u00fc\u015fm\u00fc\u015f, dalg\u0131n. Otob\u00fcs\u00fcn silecekleri h\u0131zl\u0131 h\u0131zl\u0131 \u00e7al\u0131\u015f\u0131yor. G\u00f6zlerim yoruluncaya kadar takip ediyorum onlar\u0131. Sabah bindi\u011fimiz otob\u00fcs ba\u015f\u0131m\u0131z\u0131n \u00fcst\u00fcne hava \u00fcfl\u00fcyordu, rahatlat\u0131yordu. Mercimek \u00e7orbas\u0131na benzer bir koku var i\u00e7eride bir de sar\u0131msak, birbirine kar\u0131\u015fm\u0131\u015f. Burnumu annemin g\u00f6\u011fs\u00fcne day\u0131yorum. Cebimdeki bilyeler etime bat\u0131yor. \u00c7\u0131kar\u0131yorum, avucumu dolduruyorlar. \u0130ki koltu\u011fun aras\u0131ndan gizlice arkaya bak\u0131yorum. Uzunca d\u00fcr\u00fclm\u00fc\u015f ekme\u011fin \u00fcst\u00fc ka\u011f\u0131tla kapl\u0131. Dibine domates suyu bula\u015fm\u0131\u015f. Kokusu keskin. Kad\u0131nla adam ve adam\u0131n kuca\u011f\u0131nda bir \u00e7ocuk. G\u00fcnlerdir a\u00e7 kalm\u0131\u015f gibi yiyorlar. \u0130ki elimi \u00fcst \u00fcste kapat\u0131p \u00e7ocu\u011fun burnuna do\u011fru sall\u0131yorum ellerimi. Avucumun i\u00e7inden \u015f\u0131k\u0131r \u015f\u0131k\u0131r sesler geldik\u00e7e ablak y\u00fcz\u00fc daha da b\u00fcy\u00fcyor. Ellerimi a\u00e7\u0131p a\u00e7\u0131p kapat\u0131yorum arada.<\/p>\n<p>D\u00fcnyan\u0131n en g\u00fczel bilyeleri bende. G\u00f6zlerini devirip ekme\u011finden kocaman bir \u0131s\u0131r\u0131k al\u0131yor. Aptal, sen ne anlars\u0131n ki, diyorum f\u0131s\u0131lt\u0131yla. Koltu\u011fuma yerle\u015fti\u011fimde bilyelerimi avucumda h\u0131zl\u0131 h\u0131zl\u0131 d\u00f6nd\u00fcrmeye devam ediyorum. Kaza\u011f\u0131m\u0131 k\u0131v\u0131r\u0131p hepsini oraya doldurdum. Bir bir say\u0131yorum, defalarca. Eve d\u00f6n\u00fc\u015flerimizde hep bir artard\u0131, bug\u00fcn sabah neyse o. Kadir amca bug\u00fcn anneme k\u0131zd\u0131. Oysa bize hep iyi davran\u0131rd\u0131. Annemi muayene etmek i\u00e7in odaya ald\u0131\u011f\u0131nda bana para verirdi. Git kendine bilye al, demi\u015fti ilk g\u00fcn. Ben de \u00f6yle yapt\u0131m. O g\u00fcnden sonra da hep bir art\u0131rd\u0131m. Bazen annemin odadan \u00e7\u0131k\u0131\u015f\u0131n\u0131 g\u00f6r\u00fcrd\u00fcm. Y\u00fcz\u00fcnde bir pembelik. Bug\u00fcn \u00fczeri d\u00fczg\u00fcn, y\u00fcz\u00fc solgundu. Annemin ba\u015f\u0131 hafiften omzuma d\u00fc\u015f\u00fcyor.<\/p>\n<p>Dudaklar\u0131 aral\u0131k, onlarda da renk kalmam\u0131\u015f. K\u0131p\u0131rday\u0131p omzumla kolunu d\u00fcrt\u00fcyorum. G\u00f6z\u00fcm y\u00fcz\u00fcnde. Bekliyorum. Yava\u015f yava\u015f aralan\u0131yor g\u00f6zleri. Kalbim \u00e7arp\u0131yor, elimde olmadan g\u00fcl\u00fcms\u00fcyorum, o dalg\u0131n, bana bak\u0131yor.<\/p>\n<p>\u201cBug\u00fcn olanlardan sak\u0131n kimseye s\u00f6z etme, olur mu yavrum?\u201d<\/p>\n<p>\u201cKadir amca sana neden ba\u011f\u0131rd\u0131 ki?\u201d<\/p>\n<p>\u201cBiraz sinirliydi, bo\u015f ver.\u201d<\/p>\n<p>\u201c Bizi art\u0131k sevmeyecek mi?\u201d<\/p>\n<p>\u201cSevecek. Neden sevmesin ama biz art\u0131k oraya gitmeyece\u011fiz.\u201d<\/p>\n<p>\u201cSen art\u0131k iyile\u015ftin mi?\u201d<\/p>\n<p>\u201c\u0130yile\u015ftim yavrum.\u201d<\/p>\n<p>Elindeki mendili \u00e7eki\u015ftirip duruyor. Ortas\u0131nda a\u00e7\u0131lm\u0131\u015f deli\u011fi, i\u015faret parma\u011f\u0131yla oyup kocaman yap\u0131yor. Sonra buru\u015fturup cebine soku\u015fturuyor. Ba\u015f\u0131mdan \u00e7ekip koltu\u011funun alt\u0131na<\/p>\n<p style=\"text-align: justify;\">\u201cBana bug\u00fcn ayakkab\u0131 alacakt\u0131n.\u201d<\/p>\n<p>\u201cBug\u00fcn alamay\u0131z.\u201d<\/p>\n<p>\u201cKadir amca ben al\u0131r\u0131m demi\u015fti.\u201d<\/p>\n<p>\u201cAlmad\u0131 i\u015fte. Hem Kadir amcay\u0131 da unut art\u0131k.\u201d<\/p>\n<p>Bilyeleri avu\u00e7lay\u0131p ellerimi ac\u0131tana kadar s\u0131k\u0131yorum. Kendimi \u00e7ekip kurtar\u0131yorum kollar\u0131ndan. Ya\u011fmur h\u0131zlan\u0131yor. Otob\u00fcs k\u00f6y\u00fcn engebeli yollar\u0131nda sallanarak gidiyor. \u0130\u00e7imdekiler \u00e7\u0131kacak diye \u00f6d\u00fcm kopuyor. Ellerim s\u0131zl\u0131yor. Bilyeler iz yapm\u0131\u015f, \u00e7o\u011falm\u0131\u015f avucumda. Bir tanesi kay\u0131p gidiyor, yerde yuvarland\u0131\u011f\u0131n\u0131 duyuyorum. \u00c7\u00f6meliyorum.Koltu\u011fun alt\u0131ndan arkaya do\u011fru teker teker g\u00f6nderiyorum onlar\u0131.Otob\u00fcs duruyor. \u0130niyoruz. Annem paltosunun alt\u0131na al\u0131yor beni. Ya\u011fmurdan sakl\u0131yor. Bir hamlede ko\u015farak ya\u011fmurun i\u00e7ine at\u0131yorum kendimi. Annemin ard\u0131mdan gelen sesini duyuyorum, a\u011fl\u0131yor. Montumu \u00e7\u0131kar\u0131yorum, sonra kaza\u011f\u0131m\u0131. \u00dc\u015f\u00fcmek istiyorum,hastalan\u0131ncaya kadar \u00fc\u015f\u00fcmek.<\/p>\n<p style=\"text-align: justify;\"><em>Ya\u011fmurdan Bilyeler | \u00d6zlen Y\u0131ld\u0131z<\/em><\/p>\n","protected":false},"excerpt":{"rendered":"<p>Otob\u00fcsteyiz. Annem yan\u0131mda kocaman. Ben onun kemerindeki metal tokan\u0131n so\u011fuklu\u011funu duyuyorum aln\u0131mda. \u0130ri elleri ba\u015f\u0131m\u0131n arkas\u0131nda. Burnum yumu\u015fac\u0131k karn\u0131na g\u00f6m\u00fclm\u00fc\u015f. K\u0131sac\u0131k kesilmi\u015f sa\u00e7lar\u0131mda gidip geliyor elleri. Otob\u00fcs alabildi\u011fince dolu.Geri kalan bo\u015fluklara e\u015fyalar yerle\u015ftirilmi\u015f.Annemin karn\u0131ndan lokur lokur su sesi geliyor. Bo\u015f bir kovan\u0131n i\u00e7i yar\u0131s\u0131na kadar suyla dolu. Ba\u015f\u0131m\u0131 kald\u0131r\u0131p d\u0131\u015far\u0131ya bak\u0131yorum. Yana\u011f\u0131m cam\u0131n so\u011fuklu\u011funda. Ellerimi [&hellip;]<\/p>\n","protected":false},"author":1,"featured_media":0,"comment_status":"open","ping_status":"open","sticky":false,"template":"","format":"standard","meta":{"footnotes":""},"categories":[189],"tags":[],"class_list":{"0":"post-6024","1":"post","2":"type-post","3":"status-publish","4":"format-standard","6":"category-ozlen-yildiz"},"yoast_head":"<!-- This site is optimized with the Yoast SEO Premium plugin v24.9 (Yoast SEO v24.9) - https:\/\/yoast.com\/wordpress\/plugins\/seo\/ -->\n<title>Ya\u011fmurdan Bilyeler | \u00d6zlen Y\u0131ld\u0131z - narteks.net<\/title>\n<meta name=\"robots\" content=\"index, follow, max-snippet:-1, max-image-preview:large, max-video-preview:-1\" \/>\n<link rel=\"canonical\" href=\"https:\/\/narteks.net\/index.php\/2011\/05\/31\/yagmurdan-bilyeler-ozlen-yildiz\/\" \/>\n<meta property=\"og:locale\" content=\"tr_TR\" \/>\n<meta property=\"og:type\" content=\"article\" \/>\n<meta property=\"og:title\" content=\"Ya\u011fmurdan Bilyeler | \u00d6zlen Y\u0131ld\u0131z\" \/>\n<meta property=\"og:description\" content=\"Otob\u00fcsteyiz. Annem yan\u0131mda kocaman. Ben onun kemerindeki metal tokan\u0131n so\u011fuklu\u011funu duyuyorum aln\u0131mda. \u0130ri elleri ba\u015f\u0131m\u0131n arkas\u0131nda. Burnum yumu\u015fac\u0131k karn\u0131na g\u00f6m\u00fclm\u00fc\u015f. K\u0131sac\u0131k kesilmi\u015f sa\u00e7lar\u0131mda gidip geliyor elleri. Otob\u00fcs alabildi\u011fince dolu.Geri kalan bo\u015fluklara e\u015fyalar yerle\u015ftirilmi\u015f.Annemin karn\u0131ndan lokur lokur su sesi geliyor. Bo\u015f bir kovan\u0131n i\u00e7i yar\u0131s\u0131na kadar suyla dolu. Ba\u015f\u0131m\u0131 kald\u0131r\u0131p d\u0131\u015far\u0131ya bak\u0131yorum. Yana\u011f\u0131m cam\u0131n so\u011fuklu\u011funda. Ellerimi [&hellip;]\" \/>\n<meta property=\"og:url\" content=\"https:\/\/narteks.net\/index.php\/2011\/05\/31\/yagmurdan-bilyeler-ozlen-yildiz\/\" \/>\n<meta property=\"og:site_name\" content=\"narteks.net\" \/>\n<meta property=\"article:published_time\" content=\"2011-05-31T08:50:59+00:00\" \/>\n<meta property=\"og:image\" content=\"http:\/\/img2.blogcu.com\/images\/v\/o\/l\/volcano\/1221806152yagmur.jpg\" \/>\n<meta name=\"author\" content=\"Tar\u0131k\" \/>\n<meta name=\"twitter:card\" content=\"summary_large_image\" \/>\n<meta name=\"twitter:creator\" content=\"@narteks\" \/>\n<meta name=\"twitter:site\" content=\"@narteks\" \/>\n<meta name=\"twitter:label1\" content=\"Yazan:\" \/>\n\t<meta name=\"twitter:data1\" content=\"Tar\u0131k\" \/>\n\t<meta name=\"twitter:label2\" content=\"Tahmini okuma s\u00fcresi\" \/>\n\t<meta name=\"twitter:data2\" content=\"3 dakika\" \/>\n<script type=\"application\/ld+json\" class=\"yoast-schema-graph\">{\"@context\":\"https:\/\/schema.org\",\"@graph\":[{\"@type\":\"Article\",\"@id\":\"https:\/\/narteks.net\/index.php\/2011\/05\/31\/yagmurdan-bilyeler-ozlen-yildiz\/#article\",\"isPartOf\":{\"@id\":\"https:\/\/narteks.net\/index.php\/2011\/05\/31\/yagmurdan-bilyeler-ozlen-yildiz\/\"},\"author\":{\"name\":\"Tar\u0131k\",\"@id\":\"https:\/\/narteks.net\/#\/schema\/person\/61f37d9834294b72d31d274e7ed79bca\"},\"headline\":\"Ya\u011fmurdan Bilyeler | \u00d6zlen Y\u0131ld\u0131z\",\"datePublished\":\"2011-05-31T08:50:59+00:00\",\"mainEntityOfPage\":{\"@id\":\"https:\/\/narteks.net\/index.php\/2011\/05\/31\/yagmurdan-bilyeler-ozlen-yildiz\/\"},\"wordCount\":700,\"commentCount\":0,\"publisher\":{\"@id\":\"https:\/\/narteks.net\/#organization\"},\"image\":{\"@id\":\"https:\/\/narteks.net\/index.php\/2011\/05\/31\/yagmurdan-bilyeler-ozlen-yildiz\/#primaryimage\"},\"thumbnailUrl\":\"http:\/\/img2.blogcu.com\/images\/v\/o\/l\/volcano\/1221806152yagmur.jpg\",\"articleSection\":[\"\u00d6zlen Y\u0131ld\u0131z\"],\"inLanguage\":\"tr\",\"potentialAction\":[{\"@type\":\"CommentAction\",\"name\":\"Comment\",\"target\":[\"https:\/\/narteks.net\/index.php\/2011\/05\/31\/yagmurdan-bilyeler-ozlen-yildiz\/#respond\"]}]},{\"@type\":\"WebPage\",\"@id\":\"https:\/\/narteks.net\/index.php\/2011\/05\/31\/yagmurdan-bilyeler-ozlen-yildiz\/\",\"url\":\"https:\/\/narteks.net\/index.php\/2011\/05\/31\/yagmurdan-bilyeler-ozlen-yildiz\/\",\"name\":\"Ya\u011fmurdan Bilyeler | \u00d6zlen Y\u0131ld\u0131z - narteks.net\",\"isPartOf\":{\"@id\":\"https:\/\/narteks.net\/#website\"},\"primaryImageOfPage\":{\"@id\":\"https:\/\/narteks.net\/index.php\/2011\/05\/31\/yagmurdan-bilyeler-ozlen-yildiz\/#primaryimage\"},\"image\":{\"@id\":\"https:\/\/narteks.net\/index.php\/2011\/05\/31\/yagmurdan-bilyeler-ozlen-yildiz\/#primaryimage\"},\"thumbnailUrl\":\"http:\/\/img2.blogcu.com\/images\/v\/o\/l\/volcano\/1221806152yagmur.jpg\",\"datePublished\":\"2011-05-31T08:50:59+00:00\",\"breadcrumb\":{\"@id\":\"https:\/\/narteks.net\/index.php\/2011\/05\/31\/yagmurdan-bilyeler-ozlen-yildiz\/#breadcrumb\"},\"inLanguage\":\"tr\",\"potentialAction\":[{\"@type\":\"ReadAction\",\"target\":[\"https:\/\/narteks.net\/index.php\/2011\/05\/31\/yagmurdan-bilyeler-ozlen-yildiz\/\"]}]},{\"@type\":\"ImageObject\",\"inLanguage\":\"tr\",\"@id\":\"https:\/\/narteks.net\/index.php\/2011\/05\/31\/yagmurdan-bilyeler-ozlen-yildiz\/#primaryimage\",\"url\":\"http:\/\/img2.blogcu.com\/images\/v\/o\/l\/volcano\/1221806152yagmur.jpg\",\"contentUrl\":\"http:\/\/img2.blogcu.com\/images\/v\/o\/l\/volcano\/1221806152yagmur.jpg\"},{\"@type\":\"BreadcrumbList\",\"@id\":\"https:\/\/narteks.net\/index.php\/2011\/05\/31\/yagmurdan-bilyeler-ozlen-yildiz\/#breadcrumb\",\"itemListElement\":[{\"@type\":\"ListItem\",\"position\":1,\"name\":\"Anasayfa\",\"item\":\"https:\/\/narteks.net\/\"},{\"@type\":\"ListItem\",\"position\":2,\"name\":\"Ya\u011fmurdan Bilyeler | \u00d6zlen Y\u0131ld\u0131z\"}]},{\"@type\":\"WebSite\",\"@id\":\"https:\/\/narteks.net\/#website\",\"url\":\"https:\/\/narteks.net\/\",\"name\":\"narteks.net\",\"description\":\"K\u00fclt\u00fcr Sanat Edebiyat Felsefe\",\"publisher\":{\"@id\":\"https:\/\/narteks.net\/#organization\"},\"alternateName\":\"K\u00fclt\u00fcr Sanat Edebiyat Felsefe\",\"potentialAction\":[{\"@type\":\"SearchAction\",\"target\":{\"@type\":\"EntryPoint\",\"urlTemplate\":\"https:\/\/narteks.net\/?s={search_term_string}\"},\"query-input\":{\"@type\":\"PropertyValueSpecification\",\"valueRequired\":true,\"valueName\":\"search_term_string\"}}],\"inLanguage\":\"tr\"},{\"@type\":\"Organization\",\"@id\":\"https:\/\/narteks.net\/#organization\",\"name\":\"narteks.net\",\"url\":\"https:\/\/narteks.net\/\",\"logo\":{\"@type\":\"ImageObject\",\"inLanguage\":\"tr\",\"@id\":\"https:\/\/narteks.net\/#\/schema\/logo\/image\/\",\"url\":\"https:\/\/narteks.net\/wp-content\/uploads\/narteks.png\",\"contentUrl\":\"https:\/\/narteks.net\/wp-content\/uploads\/narteks.png\",\"width\":300,\"height\":90,\"caption\":\"narteks.net\"},\"image\":{\"@id\":\"https:\/\/narteks.net\/#\/schema\/logo\/image\/\"},\"sameAs\":[\"https:\/\/x.com\/narteks\",\"https:\/\/instagram.com\/narteksnet\"]},{\"@type\":\"Person\",\"@id\":\"https:\/\/narteks.net\/#\/schema\/person\/61f37d9834294b72d31d274e7ed79bca\",\"name\":\"Tar\u0131k\",\"image\":{\"@type\":\"ImageObject\",\"inLanguage\":\"tr\",\"@id\":\"https:\/\/narteks.net\/#\/schema\/person\/image\/\",\"url\":\"https:\/\/secure.gravatar.com\/avatar\/50865afb55632c4ae467e0af0930f6510aa2297d8014be502a55b14f3b7550cf?s=96&d=mm&r=g\",\"contentUrl\":\"https:\/\/secure.gravatar.com\/avatar\/50865afb55632c4ae467e0af0930f6510aa2297d8014be502a55b14f3b7550cf?s=96&d=mm&r=g\",\"caption\":\"Tar\u0131k\"},\"sameAs\":[\"http:\/\/narteks.net\"],\"url\":\"https:\/\/narteks.net\/index.php\/author\/narbak\/\"}]}<\/script>\n<!-- \/ Yoast SEO Premium plugin. -->","yoast_head_json":{"title":"Ya\u011fmurdan Bilyeler | \u00d6zlen Y\u0131ld\u0131z - narteks.net","robots":{"index":"index","follow":"follow","max-snippet":"max-snippet:-1","max-image-preview":"max-image-preview:large","max-video-preview":"max-video-preview:-1"},"canonical":"https:\/\/narteks.net\/index.php\/2011\/05\/31\/yagmurdan-bilyeler-ozlen-yildiz\/","og_locale":"tr_TR","og_type":"article","og_title":"Ya\u011fmurdan Bilyeler | \u00d6zlen Y\u0131ld\u0131z","og_description":"Otob\u00fcsteyiz. Annem yan\u0131mda kocaman. Ben onun kemerindeki metal tokan\u0131n so\u011fuklu\u011funu duyuyorum aln\u0131mda. \u0130ri elleri ba\u015f\u0131m\u0131n arkas\u0131nda. Burnum yumu\u015fac\u0131k karn\u0131na g\u00f6m\u00fclm\u00fc\u015f. K\u0131sac\u0131k kesilmi\u015f sa\u00e7lar\u0131mda gidip geliyor elleri. Otob\u00fcs alabildi\u011fince dolu.Geri kalan bo\u015fluklara e\u015fyalar yerle\u015ftirilmi\u015f.Annemin karn\u0131ndan lokur lokur su sesi geliyor. Bo\u015f bir kovan\u0131n i\u00e7i yar\u0131s\u0131na kadar suyla dolu. Ba\u015f\u0131m\u0131 kald\u0131r\u0131p d\u0131\u015far\u0131ya bak\u0131yorum. Yana\u011f\u0131m cam\u0131n so\u011fuklu\u011funda. Ellerimi [&hellip;]","og_url":"https:\/\/narteks.net\/index.php\/2011\/05\/31\/yagmurdan-bilyeler-ozlen-yildiz\/","og_site_name":"narteks.net","article_published_time":"2011-05-31T08:50:59+00:00","og_image":[{"url":"http:\/\/img2.blogcu.com\/images\/v\/o\/l\/volcano\/1221806152yagmur.jpg","type":"","width":"","height":""}],"author":"Tar\u0131k","twitter_card":"summary_large_image","twitter_creator":"@narteks","twitter_site":"@narteks","twitter_misc":{"Yazan:":"Tar\u0131k","Tahmini okuma s\u00fcresi":"3 dakika"},"schema":{"@context":"https:\/\/schema.org","@graph":[{"@type":"Article","@id":"https:\/\/narteks.net\/index.php\/2011\/05\/31\/yagmurdan-bilyeler-ozlen-yildiz\/#article","isPartOf":{"@id":"https:\/\/narteks.net\/index.php\/2011\/05\/31\/yagmurdan-bilyeler-ozlen-yildiz\/"},"author":{"name":"Tar\u0131k","@id":"https:\/\/narteks.net\/#\/schema\/person\/61f37d9834294b72d31d274e7ed79bca"},"headline":"Ya\u011fmurdan Bilyeler | \u00d6zlen Y\u0131ld\u0131z","datePublished":"2011-05-31T08:50:59+00:00","mainEntityOfPage":{"@id":"https:\/\/narteks.net\/index.php\/2011\/05\/31\/yagmurdan-bilyeler-ozlen-yildiz\/"},"wordCount":700,"commentCount":0,"publisher":{"@id":"https:\/\/narteks.net\/#organization"},"image":{"@id":"https:\/\/narteks.net\/index.php\/2011\/05\/31\/yagmurdan-bilyeler-ozlen-yildiz\/#primaryimage"},"thumbnailUrl":"http:\/\/img2.blogcu.com\/images\/v\/o\/l\/volcano\/1221806152yagmur.jpg","articleSection":["\u00d6zlen Y\u0131ld\u0131z"],"inLanguage":"tr","potentialAction":[{"@type":"CommentAction","name":"Comment","target":["https:\/\/narteks.net\/index.php\/2011\/05\/31\/yagmurdan-bilyeler-ozlen-yildiz\/#respond"]}]},{"@type":"WebPage","@id":"https:\/\/narteks.net\/index.php\/2011\/05\/31\/yagmurdan-bilyeler-ozlen-yildiz\/","url":"https:\/\/narteks.net\/index.php\/2011\/05\/31\/yagmurdan-bilyeler-ozlen-yildiz\/","name":"Ya\u011fmurdan Bilyeler | \u00d6zlen Y\u0131ld\u0131z - narteks.net","isPartOf":{"@id":"https:\/\/narteks.net\/#website"},"primaryImageOfPage":{"@id":"https:\/\/narteks.net\/index.php\/2011\/05\/31\/yagmurdan-bilyeler-ozlen-yildiz\/#primaryimage"},"image":{"@id":"https:\/\/narteks.net\/index.php\/2011\/05\/31\/yagmurdan-bilyeler-ozlen-yildiz\/#primaryimage"},"thumbnailUrl":"http:\/\/img2.blogcu.com\/images\/v\/o\/l\/volcano\/1221806152yagmur.jpg","datePublished":"2011-05-31T08:50:59+00:00","breadcrumb":{"@id":"https:\/\/narteks.net\/index.php\/2011\/05\/31\/yagmurdan-bilyeler-ozlen-yildiz\/#breadcrumb"},"inLanguage":"tr","potentialAction":[{"@type":"ReadAction","target":["https:\/\/narteks.net\/index.php\/2011\/05\/31\/yagmurdan-bilyeler-ozlen-yildiz\/"]}]},{"@type":"ImageObject","inLanguage":"tr","@id":"https:\/\/narteks.net\/index.php\/2011\/05\/31\/yagmurdan-bilyeler-ozlen-yildiz\/#primaryimage","url":"http:\/\/img2.blogcu.com\/images\/v\/o\/l\/volcano\/1221806152yagmur.jpg","contentUrl":"http:\/\/img2.blogcu.com\/images\/v\/o\/l\/volcano\/1221806152yagmur.jpg"},{"@type":"BreadcrumbList","@id":"https:\/\/narteks.net\/index.php\/2011\/05\/31\/yagmurdan-bilyeler-ozlen-yildiz\/#breadcrumb","itemListElement":[{"@type":"ListItem","position":1,"name":"Anasayfa","item":"https:\/\/narteks.net\/"},{"@type":"ListItem","position":2,"name":"Ya\u011fmurdan Bilyeler | \u00d6zlen Y\u0131ld\u0131z"}]},{"@type":"WebSite","@id":"https:\/\/narteks.net\/#website","url":"https:\/\/narteks.net\/","name":"narteks.net","description":"K\u00fclt\u00fcr Sanat Edebiyat Felsefe","publisher":{"@id":"https:\/\/narteks.net\/#organization"},"alternateName":"K\u00fclt\u00fcr Sanat Edebiyat Felsefe","potentialAction":[{"@type":"SearchAction","target":{"@type":"EntryPoint","urlTemplate":"https:\/\/narteks.net\/?s={search_term_string}"},"query-input":{"@type":"PropertyValueSpecification","valueRequired":true,"valueName":"search_term_string"}}],"inLanguage":"tr"},{"@type":"Organization","@id":"https:\/\/narteks.net\/#organization","name":"narteks.net","url":"https:\/\/narteks.net\/","logo":{"@type":"ImageObject","inLanguage":"tr","@id":"https:\/\/narteks.net\/#\/schema\/logo\/image\/","url":"https:\/\/narteks.net\/wp-content\/uploads\/narteks.png","contentUrl":"https:\/\/narteks.net\/wp-content\/uploads\/narteks.png","width":300,"height":90,"caption":"narteks.net"},"image":{"@id":"https:\/\/narteks.net\/#\/schema\/logo\/image\/"},"sameAs":["https:\/\/x.com\/narteks","https:\/\/instagram.com\/narteksnet"]},{"@type":"Person","@id":"https:\/\/narteks.net\/#\/schema\/person\/61f37d9834294b72d31d274e7ed79bca","name":"Tar\u0131k","image":{"@type":"ImageObject","inLanguage":"tr","@id":"https:\/\/narteks.net\/#\/schema\/person\/image\/","url":"https:\/\/secure.gravatar.com\/avatar\/50865afb55632c4ae467e0af0930f6510aa2297d8014be502a55b14f3b7550cf?s=96&d=mm&r=g","contentUrl":"https:\/\/secure.gravatar.com\/avatar\/50865afb55632c4ae467e0af0930f6510aa2297d8014be502a55b14f3b7550cf?s=96&d=mm&r=g","caption":"Tar\u0131k"},"sameAs":["http:\/\/narteks.net"],"url":"https:\/\/narteks.net\/index.php\/author\/narbak\/"}]}},"_links":{"self":[{"href":"https:\/\/narteks.net\/index.php\/wp-json\/wp\/v2\/posts\/6024","targetHints":{"allow":["GET"]}}],"collection":[{"href":"https:\/\/narteks.net\/index.php\/wp-json\/wp\/v2\/posts"}],"about":[{"href":"https:\/\/narteks.net\/index.php\/wp-json\/wp\/v2\/types\/post"}],"author":[{"embeddable":true,"href":"https:\/\/narteks.net\/index.php\/wp-json\/wp\/v2\/users\/1"}],"replies":[{"embeddable":true,"href":"https:\/\/narteks.net\/index.php\/wp-json\/wp\/v2\/comments?post=6024"}],"version-history":[{"count":0,"href":"https:\/\/narteks.net\/index.php\/wp-json\/wp\/v2\/posts\/6024\/revisions"}],"wp:attachment":[{"href":"https:\/\/narteks.net\/index.php\/wp-json\/wp\/v2\/media?parent=6024"}],"wp:term":[{"taxonomy":"category","embeddable":true,"href":"https:\/\/narteks.net\/index.php\/wp-json\/wp\/v2\/categories?post=6024"},{"taxonomy":"post_tag","embeddable":true,"href":"https:\/\/narteks.net\/index.php\/wp-json\/wp\/v2\/tags?post=6024"}],"curies":[{"name":"wp","href":"https:\/\/api.w.org\/{rel}","templated":true}]}}