{"id":6025,"date":"2011-05-31T11:57:42","date_gmt":"2011-05-31T08:57:42","guid":{"rendered":"http:\/\/localhost\/wordpress\/2011\/05\/31\/karsi-komsu-ozlen-yildiz\/"},"modified":"2011-05-31T11:57:42","modified_gmt":"2011-05-31T08:57:42","slug":"karsi-komsu-ozlen-yildiz","status":"publish","type":"post","link":"https:\/\/narteks.net\/index.php\/2011\/05\/31\/karsi-komsu-ozlen-yildiz\/","title":{"rendered":"Kar\u015f\u0131 Kom\u015fu | \u00d6zlen Y\u0131ld\u0131z"},"content":{"rendered":"<p><!--[if gte mso 9]><xml> <w:WordDocument> <w:View>Normal<\/w:View> <w:Zoom>0<\/w:Zoom> <w:HyphenationZone>21<\/w:HyphenationZone> <w:PunctuationKerning \/> <w:ValidateAgainstSchemas \/> <w:SaveIfXMLInvalid>false<\/w:SaveIfXMLInvalid> <w:IgnoreMixedContent>false<\/w:IgnoreMixedContent> <w:AlwaysShowPlaceholderText>false<\/w:AlwaysShowPlaceholderText> <w:Compatibility> <w:BreakWrappedTables \/> <w:SnapToGridInCell \/> <w:WrapTextWithPunct \/> <w:UseAsianBreakRules \/> <w:DontGrowAutofit \/> <\/w:Compatibility> <w:BrowserLevel>MicrosoftInternetExplorer4<\/w:BrowserLevel> <\/w:WordDocument> <\/xml><![endif]--><!--[if gte mso 9]><xml> <w:LatentStyles DefLockedState=\"false\" LatentStyleCount=\"156\"> <\/w:LatentStyles> <\/xml><![endif]--><!--[if gte mso 10]>\n\n\n<style>\n \/* Style Definitions *\/\n table.MsoNormalTable\n\t{mso-style-name:\"Normal Tablo\";\n\tmso-tstyle-rowband-size:0;\n\tmso-tstyle-colband-size:0;\n\tmso-style-noshow:yes;\n\tmso-style-parent:\"\";\n\tmso-padding-alt:0cm 5.4pt 0cm 5.4pt;\n\tmso-para-margin:0cm;\n\tmso-para-margin-bottom:.0001pt;\n\tmso-pagination:widow-orphan;\n\tfont-size:10.0pt;\n\tfont-family:\"Times New Roman\";\n\tmso-ansi-language:#0400;\n\tmso-fareast-language:#0400;\n\tmso-bidi-language:#0400;}\n<\/style>\n\n\n<![endif]--><\/p>\n<p style=\"text-align: justify;\"><img loading=\"lazy\" decoding=\"async\" src=\"http:\/\/sufidergah.files.wordpress.com\/2011\/02\/komsu.jpg\" border=\"0\" width=\"155\" height=\"205\" style=\"float: left;\" \/>\u201cKorkuyorum, diyor. O eve geldi\u011fi anda her yan\u0131m titriyor.\u201d<\/p>\n<p style=\"text-align: justify;\">Asans\u00f6r\u00fc beklerken apartman\u0131n demir kap\u0131s\u0131 yava\u015f\u00e7a a\u00e7\u0131ld\u0131. \u0130\u00e7eri dolan so\u011fuk hava an\u0131nda i\u00e7ime i\u015fledi. Gelen oydu. Alt\u0131nc\u0131 kata \u00e7\u0131kmak i\u00e7in merdivenleri kullanmayacakt\u0131r. Yani \u00fcst\u00fcndeki kar\u0131 temizlemeyi bitirdikten sonra yan\u0131ma gelecek, birlikte \u015fu kutunun gelmesini bekleyece\u011fiz sonra da onunla uzun bir yolculu\u011fa \u00e7\u0131kaca\u011f\u0131z, ta alt\u0131nc\u0131 kata kadar. \u201cMerhaba\u201d\u00a0 ve kedi yavrusu miyavlad\u0131. Evde aslan d\u0131\u015far\u0131da yavru bir kedi. Bilmesem kesin aldan\u0131rd\u0131m \u015fu y\u00fcze. Yar\u0131m a\u011f\u0131zla kar\u015f\u0131l\u0131k veriyorum selam\u0131na. Ba\u015f\u0131 hep \u00f6nde. Y\u00fcz\u00fcme baksa d\u00fc\u015f\u00fcncelerimin yans\u0131s\u0131yla kar\u015f\u0131la\u015facak, bundan ka\u00e7\u0131yor belki de. S\u00fct\u00fcn\u00fc d\u00f6km\u00fc\u015f, \u00f6ylece duruyor.<\/p>\n<p style=\"text-align: justify;\">\u201c\u00c7ocu\u011fum i\u00e7in ona katlanmak zorunday\u0131m. O daha \u00e7ok k\u00fc\u00e7\u00fck. Hem i\u00e7kisi, kumar\u0131 da yok.\u201d<\/p>\n<p style=\"text-align: justify;\">\u201c Ya dayak?\u201d<\/p>\n<p style=\"text-align: justify;\">\u201c \u00c7ocu\u011funu da \u00f6yle \u00e7ok seviyor ki.\u201d<\/p>\n<p style=\"text-align: justify;\">\u201cYa seni?\u201d<\/p>\n<p style=\"text-align: justify;\">Sa\u011f eli bandajl\u0131. Bir kavgadan ald\u0131\u011f\u0131 darbeyle yaralanm\u0131\u015f ya da cama yumruk atm\u0131\u015f belki de kar\u0131s\u0131n\u0131 b\u0131\u00e7aklamaya \u00e7al\u0131\u015f\u0131rken elini kesmi\u015f\u2026 D\u00fc\u015f\u00fcncelerimi ele ge\u00e7irmeye \u00e7al\u0131\u015f\u0131yorum, ipini kopar\u0131nca delice ko\u015fmaya ba\u015fl\u0131yorlar. Birazdan asans\u00f6r gelecek, 7-6 yava\u015f\u00e7a yakla\u015f\u0131yor bize. Biz, onunla tek bir zamirde birle\u015fmeye, k\u00fc\u00e7\u00fcc\u00fck bir kutunun i\u00e7ine girip onun b\u0131rakt\u0131\u011f\u0131 havay\u0131 i\u00e7ime \u00e7ekmeye nas\u0131l katlanaca\u011f\u0131m. Ellerimi ne yapaca\u011f\u0131m\u0131 \u015fa\u015f\u0131rd\u0131m. Biraz \u00f6nce nas\u0131l duruyorlard\u0131. Otuz y\u0131ld\u0131r onlar\u0131 ne yapt\u0131\u011f\u0131m\u0131 an\u0131msamaya \u00e7al\u0131\u015ft\u0131m nafile. En iyisi birbirlerinden destek almalar\u0131, el ele tutu\u015fuyorum. Gerilimi bo\u015faltman\u0131n en iyi yolu kendi tenine dokunmakt\u0131r. B\u00fct\u00fcn insanlar b\u00f6yle yapm\u0131yor mu?<\/p>\n<p style=\"text-align: justify;\">\u201c\u015eu y\u00fcz\u00fcn\u00fcn haline bak, yana\u011f\u0131n morarm\u0131\u015f.\u201d<\/p>\n<p style=\"text-align: justify;\">\u201cBilmez gibi konu\u015fuyorsun abla.\u201d<\/p>\n<p style=\"text-align: justify;\">\u201cNeden? Bir t\u00fcrl\u00fc anlam\u0131yorum.\u201d<\/p>\n<p style=\"text-align: justify;\">\u201cKorku.\u201d<\/p>\n<p style=\"text-align: justify;\">\u201cPeki ama neden?\u201d<\/p>\n<p style=\"text-align: justify;\">asans\u00f6r katlardan birer birer ge\u00e7iyor. Bir yolunu bulup uzakla\u015fsam buradan, ama o zaman korktu\u011fumu d\u00fc\u015f\u00fcn\u00fcr. B\u00f6yleleri korkuyla beslenir, kokusunu bile al\u0131rlar korkunun. Duyargalar\u0131 ba\u015fka t\u00fcrl\u00fc \u00e7al\u0131\u015f\u0131r bunlar\u0131n. Ellerine bak, nas\u0131l da b\u00fcy\u00fckler.<\/p>\n<p style=\"text-align: justify;\">\u201cGe\u00e7en y\u0131l karde\u015flerim bana sahip \u00e7\u0131kmak i\u00e7in bir araya geldiler. Bizi bo\u015famaya kararl\u0131lard\u0131.\u201d<\/p>\n<p style=\"text-align: justify;\">\u201cNe g\u00fczel i\u015fte, bir de yaln\u0131z\u0131m diyorsun.\u201d<\/p>\n<p style=\"text-align: justify;\">\u201cDur hele. A\u011fabeyim bunu kenara \u00e7ekti, b\u00f6yle b\u00f6yle, bu i\u015fin sonu yok, bo\u015fan\u0131n bitsin bu i\u015f dedi.\u201d<\/p>\n<p style=\"text-align: justify;\">\u201c\u0130yi demi\u015f, yok tabi.\u201d<\/p>\n<p style=\"text-align: justify;\">\u201cBu e\u011fmi\u015f ba\u015f\u0131n\u0131 peki demi\u015f.\u201d<\/p>\n<p style=\"text-align: justify;\">\u201cBak sen, eee sonra?\u201d<\/p>\n<p style=\"text-align: justify;\">\u201cSonras\u0131 tam bir felaket. El s\u0131k\u0131\u015fm\u0131\u015flar, a\u011fabeyim memnun arkas\u0131n\u0131 d\u00f6nm\u00fc\u015f, d\u00f6ner d\u00f6nmez de bu \u00e7\u0131karm\u0131\u015f b\u0131\u00e7a\u011f\u0131, her zaman \u00e7orab\u0131nda saklad\u0131\u011f\u0131 bir \u00e7ak\u0131s\u0131 vard\u0131r, a\u011fabeyimin omzuna saplam\u0131\u015f.\u201d<\/p>\n<p style=\"text-align: justify;\">\u201cVe sen h\u00e2l\u00e2.\u201d<\/p>\n<p style=\"text-align: justify;\">\u201cEvet, ben h\u00e2l\u00e2. Art\u0131k sahip \u00e7\u0131kan kimse de yok.\u201d<\/p>\n<p style=\"text-align: justify;\">D\u0131\u015far\u0131s\u0131 karanl\u0131k ve so\u011fuk. R\u00fczg\u00e2r\u0131n u\u011fultusu kulaklar\u0131mda. Asans\u00f6r birazdan gelecek ve kap\u0131s\u0131n\u0131n a\u00e7\u0131lmas\u0131yla i\u00e7inden y\u00fczlerce ku\u015f sald\u0131r\u0131ya ge\u00e7ecek. Birden metal kap\u0131da y\u00fcz\u00fcn\u00fcn so\u011fuklu\u011fuyla kar\u015f\u0131la\u015ft\u0131m. G\u00f6zlerini dikmi\u015f, sabit bana bak\u0131yor. D\u00fc\u015f\u00fcncelerimi okuyor olabilir mi? Y\u00fcz\u00fcmdeki ifadeyi g\u00f6rmek i\u00e7in kendime bakmak istiyorum, ama buna cesaretim yok. Ka\u015flar\u0131m \u00e7at\u0131k ya da a\u011fz\u0131m k\u0131m\u0131ldam\u0131\u015f olmal\u0131. \u0130\u00e7imden ge\u00e7enleri sesli s\u00f6ylemi\u015f olamam, e\u011fer \u00f6yleyse. \u0130yice kendimi kaybettim. Nesrin\u2019e s\u00f6ylediklerimden haberi olduysa. Bizim ili\u015fkimizden sana ne, kar\u0131 koca aras\u0131na neden giriyorsun deyip, \u00e7ak\u0131s\u0131n\u0131 \u00e7\u0131kar\u0131rsa. Sa\u00e7malama. 1-0 Asans\u00f6r\u00fcn kap\u0131s\u0131 yava\u015f\u00e7a a\u00e7\u0131ld\u0131. \u0130lk ad\u0131m atan ben oluyorum, adeta z\u0131playarak. Ard\u0131mdan binip bana arkas\u0131n\u0131 d\u00f6n\u00fcyor, bu durum az da olsa rahatlat\u0131yor beni. Kap\u0131 art\u0131k kapal\u0131, o ve ben ayn\u0131 havay\u0131 solumaya ba\u015flad\u0131k i\u015fte. Alt\u0131 numaraya bas\u0131yor. Ayn\u0131 katta oturdu\u011fumuzu biliyor. Katlar\u0131 ge\u00e7tik\u00e7e evime biraz daha yakla\u015f\u0131yorum. Bunu d\u00fc\u015f\u00fcnmek bile biraz olsun rahatlat\u0131yor beni.<\/p>\n<p style=\"text-align: justify;\">\u201cBiliyor musun, asl\u0131nda seninle g\u00f6r\u00fc\u015fmemi istemiyor.\u201d<\/p>\n<p style=\"text-align: justify;\">\u201cNedenmi\u015f o?\u201d<\/p>\n<p style=\"text-align: justify;\">\u201cSen yaln\u0131z ya\u015f\u0131yorsun ya.\u201d<\/p>\n<p style=\"text-align: justify;\">\u201cee ne olmu\u015f yani?\u201d<\/p>\n<p style=\"text-align: justify;\">\u201c Bilmem, akl\u0131ma girersin diye herhalde.\u201d<\/p>\n<p style=\"text-align: justify;\">\u201cBu adamdan sana hay\u0131r yok.\u201d<\/p>\n<p style=\"text-align: justify;\">Bir kat sonra evimde olaca\u011f\u0131m. Asans\u00f6rde hep kar\u015f\u0131ya bo\u015flu\u011fa bak\u0131lmal\u0131, kar\u015f\u0131dakinin y\u00fcz\u00fcne bakmak ay\u0131pt\u0131r, ama ensesine bak\u0131labilir, g\u00f6rg\u00fcye ayk\u0131r\u0131 de\u011fil bu durum. G\u00f6zlerimi uzam\u0131\u015f ense t\u0131ra\u015f\u0131ndan alam\u0131yorum, art\u0131k berbere gitme vakti gelmi\u015f. \u0130\u00e7erinin havas\u0131 azald\u0131 sanki, t\u00fcm oksijeni t\u00fcketti. Art\u0131k saniyeler kald\u0131, dayan biraz. G\u00f6zlerim ayaklar\u0131ndan pa\u00e7alar\u0131na kay\u0131yor. Hi\u00e7bir \u015fey belli olmuyor. Bir insan neden hep yan\u0131nda \u00e7ak\u0131 ta\u015f\u0131r? Demek ki o da. Sonunda durduk, art\u0131k evime \u00e7ok yak\u0131n\u0131m. Kap\u0131n\u0131n a\u00e7\u0131lmas\u0131yla b\u00fcy\u00fck bir soluk al\u0131yorum. O aceleci ben ise son derece a\u011f\u0131rdan al\u0131yorum. \u00c7antam\u0131 kar\u0131\u015ft\u0131rma numaras\u0131, kad\u0131nlar\u0131n son s\u0131\u011f\u0131na\u011f\u0131. Anahtar\u0131n \u015f\u0131k\u0131rt\u0131s\u0131, kilit t\u0131k\u0131rt\u0131s\u0131 ve i\u015fte son nokta kap\u0131n\u0131n \u00e7arp\u0131l\u0131\u015f\u0131. O art\u0131k evinde. \u00c7antamdan h\u0131zla anahtar\u0131m\u0131 \u00e7\u0131kar\u0131p iki denemeden sonra do\u011fru anahtar\u0131 yerle\u015ftiriyorum kilide, g\u00f6z\u00fcm s\u00fcrekli arkamda. Ve i\u015fte onun sesi, adeta k\u00fckr\u00fcyor. \u00a0Kap\u0131m\u0131 h\u0131zla a\u00e7\u0131p giriyorum i\u00e7eri. Ard\u0131mdan kapat\u0131p \u00fc\u00e7 defa kilitliyorum sonra.<\/p>\n","protected":false},"excerpt":{"rendered":"<p>\u201cKorkuyorum, diyor. O eve geldi\u011fi anda her yan\u0131m titriyor.\u201d Asans\u00f6r\u00fc beklerken apartman\u0131n demir kap\u0131s\u0131 yava\u015f\u00e7a a\u00e7\u0131ld\u0131. \u0130\u00e7eri dolan so\u011fuk hava an\u0131nda i\u00e7ime i\u015fledi. Gelen oydu. Alt\u0131nc\u0131 kata \u00e7\u0131kmak i\u00e7in merdivenleri kullanmayacakt\u0131r. Yani \u00fcst\u00fcndeki kar\u0131 temizlemeyi bitirdikten sonra yan\u0131ma gelecek, birlikte \u015fu kutunun gelmesini bekleyece\u011fiz sonra da onunla uzun bir yolculu\u011fa \u00e7\u0131kaca\u011f\u0131z, ta alt\u0131nc\u0131 kata kadar. [&hellip;]<\/p>\n","protected":false},"author":1,"featured_media":0,"comment_status":"open","ping_status":"open","sticky":false,"template":"","format":"standard","meta":{"footnotes":""},"categories":[189],"tags":[],"class_list":{"0":"post-6025","1":"post","2":"type-post","3":"status-publish","4":"format-standard","6":"category-ozlen-yildiz"},"yoast_head":"<!-- This site is optimized with the Yoast SEO Premium plugin v24.9 (Yoast SEO v24.9) - https:\/\/yoast.com\/wordpress\/plugins\/seo\/ -->\n<title>Kar\u015f\u0131 Kom\u015fu | \u00d6zlen Y\u0131ld\u0131z - narteks.net<\/title>\n<meta name=\"robots\" content=\"index, follow, max-snippet:-1, max-image-preview:large, max-video-preview:-1\" \/>\n<link rel=\"canonical\" href=\"https:\/\/narteks.net\/index.php\/2011\/05\/31\/karsi-komsu-ozlen-yildiz\/\" \/>\n<meta property=\"og:locale\" content=\"tr_TR\" \/>\n<meta property=\"og:type\" content=\"article\" \/>\n<meta property=\"og:title\" content=\"Kar\u015f\u0131 Kom\u015fu | \u00d6zlen Y\u0131ld\u0131z\" \/>\n<meta property=\"og:description\" content=\"\u201cKorkuyorum, diyor. O eve geldi\u011fi anda her yan\u0131m titriyor.\u201d Asans\u00f6r\u00fc beklerken apartman\u0131n demir kap\u0131s\u0131 yava\u015f\u00e7a a\u00e7\u0131ld\u0131. \u0130\u00e7eri dolan so\u011fuk hava an\u0131nda i\u00e7ime i\u015fledi. Gelen oydu. Alt\u0131nc\u0131 kata \u00e7\u0131kmak i\u00e7in merdivenleri kullanmayacakt\u0131r. Yani \u00fcst\u00fcndeki kar\u0131 temizlemeyi bitirdikten sonra yan\u0131ma gelecek, birlikte \u015fu kutunun gelmesini bekleyece\u011fiz sonra da onunla uzun bir yolculu\u011fa \u00e7\u0131kaca\u011f\u0131z, ta alt\u0131nc\u0131 kata kadar. [&hellip;]\" \/>\n<meta property=\"og:url\" content=\"https:\/\/narteks.net\/index.php\/2011\/05\/31\/karsi-komsu-ozlen-yildiz\/\" \/>\n<meta property=\"og:site_name\" content=\"narteks.net\" \/>\n<meta property=\"article:published_time\" content=\"2011-05-31T08:57:42+00:00\" \/>\n<meta property=\"og:image\" content=\"http:\/\/sufidergah.files.wordpress.com\/2011\/02\/komsu.jpg\" \/>\n<meta name=\"author\" content=\"Tar\u0131k\" \/>\n<meta name=\"twitter:card\" content=\"summary_large_image\" \/>\n<meta name=\"twitter:creator\" content=\"@narteks\" \/>\n<meta name=\"twitter:site\" content=\"@narteks\" \/>\n<meta name=\"twitter:label1\" content=\"Yazan:\" \/>\n\t<meta name=\"twitter:data1\" content=\"Tar\u0131k\" \/>\n\t<meta name=\"twitter:label2\" content=\"Tahmini okuma s\u00fcresi\" \/>\n\t<meta name=\"twitter:data2\" content=\"5 dakika\" \/>\n<script type=\"application\/ld+json\" class=\"yoast-schema-graph\">{\"@context\":\"https:\/\/schema.org\",\"@graph\":[{\"@type\":\"Article\",\"@id\":\"https:\/\/narteks.net\/index.php\/2011\/05\/31\/karsi-komsu-ozlen-yildiz\/#article\",\"isPartOf\":{\"@id\":\"https:\/\/narteks.net\/index.php\/2011\/05\/31\/karsi-komsu-ozlen-yildiz\/\"},\"author\":{\"name\":\"Tar\u0131k\",\"@id\":\"https:\/\/narteks.net\/#\/schema\/person\/61f37d9834294b72d31d274e7ed79bca\"},\"headline\":\"Kar\u015f\u0131 Kom\u015fu | \u00d6zlen Y\u0131ld\u0131z\",\"datePublished\":\"2011-05-31T08:57:42+00:00\",\"mainEntityOfPage\":{\"@id\":\"https:\/\/narteks.net\/index.php\/2011\/05\/31\/karsi-komsu-ozlen-yildiz\/\"},\"wordCount\":947,\"commentCount\":0,\"publisher\":{\"@id\":\"https:\/\/narteks.net\/#organization\"},\"image\":{\"@id\":\"https:\/\/narteks.net\/index.php\/2011\/05\/31\/karsi-komsu-ozlen-yildiz\/#primaryimage\"},\"thumbnailUrl\":\"http:\/\/sufidergah.files.wordpress.com\/2011\/02\/komsu.jpg\",\"articleSection\":[\"\u00d6zlen Y\u0131ld\u0131z\"],\"inLanguage\":\"tr\",\"potentialAction\":[{\"@type\":\"CommentAction\",\"name\":\"Comment\",\"target\":[\"https:\/\/narteks.net\/index.php\/2011\/05\/31\/karsi-komsu-ozlen-yildiz\/#respond\"]}]},{\"@type\":\"WebPage\",\"@id\":\"https:\/\/narteks.net\/index.php\/2011\/05\/31\/karsi-komsu-ozlen-yildiz\/\",\"url\":\"https:\/\/narteks.net\/index.php\/2011\/05\/31\/karsi-komsu-ozlen-yildiz\/\",\"name\":\"Kar\u015f\u0131 Kom\u015fu | \u00d6zlen Y\u0131ld\u0131z - narteks.net\",\"isPartOf\":{\"@id\":\"https:\/\/narteks.net\/#website\"},\"primaryImageOfPage\":{\"@id\":\"https:\/\/narteks.net\/index.php\/2011\/05\/31\/karsi-komsu-ozlen-yildiz\/#primaryimage\"},\"image\":{\"@id\":\"https:\/\/narteks.net\/index.php\/2011\/05\/31\/karsi-komsu-ozlen-yildiz\/#primaryimage\"},\"thumbnailUrl\":\"http:\/\/sufidergah.files.wordpress.com\/2011\/02\/komsu.jpg\",\"datePublished\":\"2011-05-31T08:57:42+00:00\",\"breadcrumb\":{\"@id\":\"https:\/\/narteks.net\/index.php\/2011\/05\/31\/karsi-komsu-ozlen-yildiz\/#breadcrumb\"},\"inLanguage\":\"tr\",\"potentialAction\":[{\"@type\":\"ReadAction\",\"target\":[\"https:\/\/narteks.net\/index.php\/2011\/05\/31\/karsi-komsu-ozlen-yildiz\/\"]}]},{\"@type\":\"ImageObject\",\"inLanguage\":\"tr\",\"@id\":\"https:\/\/narteks.net\/index.php\/2011\/05\/31\/karsi-komsu-ozlen-yildiz\/#primaryimage\",\"url\":\"http:\/\/sufidergah.files.wordpress.com\/2011\/02\/komsu.jpg\",\"contentUrl\":\"http:\/\/sufidergah.files.wordpress.com\/2011\/02\/komsu.jpg\"},{\"@type\":\"BreadcrumbList\",\"@id\":\"https:\/\/narteks.net\/index.php\/2011\/05\/31\/karsi-komsu-ozlen-yildiz\/#breadcrumb\",\"itemListElement\":[{\"@type\":\"ListItem\",\"position\":1,\"name\":\"Anasayfa\",\"item\":\"https:\/\/narteks.net\/\"},{\"@type\":\"ListItem\",\"position\":2,\"name\":\"Kar\u015f\u0131 Kom\u015fu | \u00d6zlen Y\u0131ld\u0131z\"}]},{\"@type\":\"WebSite\",\"@id\":\"https:\/\/narteks.net\/#website\",\"url\":\"https:\/\/narteks.net\/\",\"name\":\"narteks.net\",\"description\":\"K\u00fclt\u00fcr Sanat Edebiyat Felsefe\",\"publisher\":{\"@id\":\"https:\/\/narteks.net\/#organization\"},\"alternateName\":\"K\u00fclt\u00fcr Sanat Edebiyat Felsefe\",\"potentialAction\":[{\"@type\":\"SearchAction\",\"target\":{\"@type\":\"EntryPoint\",\"urlTemplate\":\"https:\/\/narteks.net\/?s={search_term_string}\"},\"query-input\":{\"@type\":\"PropertyValueSpecification\",\"valueRequired\":true,\"valueName\":\"search_term_string\"}}],\"inLanguage\":\"tr\"},{\"@type\":\"Organization\",\"@id\":\"https:\/\/narteks.net\/#organization\",\"name\":\"narteks.net\",\"url\":\"https:\/\/narteks.net\/\",\"logo\":{\"@type\":\"ImageObject\",\"inLanguage\":\"tr\",\"@id\":\"https:\/\/narteks.net\/#\/schema\/logo\/image\/\",\"url\":\"https:\/\/narteks.net\/wp-content\/uploads\/narteks.png\",\"contentUrl\":\"https:\/\/narteks.net\/wp-content\/uploads\/narteks.png\",\"width\":300,\"height\":90,\"caption\":\"narteks.net\"},\"image\":{\"@id\":\"https:\/\/narteks.net\/#\/schema\/logo\/image\/\"},\"sameAs\":[\"https:\/\/x.com\/narteks\",\"https:\/\/instagram.com\/narteksnet\"]},{\"@type\":\"Person\",\"@id\":\"https:\/\/narteks.net\/#\/schema\/person\/61f37d9834294b72d31d274e7ed79bca\",\"name\":\"Tar\u0131k\",\"image\":{\"@type\":\"ImageObject\",\"inLanguage\":\"tr\",\"@id\":\"https:\/\/narteks.net\/#\/schema\/person\/image\/\",\"url\":\"https:\/\/secure.gravatar.com\/avatar\/50865afb55632c4ae467e0af0930f6510aa2297d8014be502a55b14f3b7550cf?s=96&d=mm&r=g\",\"contentUrl\":\"https:\/\/secure.gravatar.com\/avatar\/50865afb55632c4ae467e0af0930f6510aa2297d8014be502a55b14f3b7550cf?s=96&d=mm&r=g\",\"caption\":\"Tar\u0131k\"},\"sameAs\":[\"http:\/\/narteks.net\"],\"url\":\"https:\/\/narteks.net\/index.php\/author\/narbak\/\"}]}<\/script>\n<!-- \/ Yoast SEO Premium plugin. -->","yoast_head_json":{"title":"Kar\u015f\u0131 Kom\u015fu | \u00d6zlen Y\u0131ld\u0131z - narteks.net","robots":{"index":"index","follow":"follow","max-snippet":"max-snippet:-1","max-image-preview":"max-image-preview:large","max-video-preview":"max-video-preview:-1"},"canonical":"https:\/\/narteks.net\/index.php\/2011\/05\/31\/karsi-komsu-ozlen-yildiz\/","og_locale":"tr_TR","og_type":"article","og_title":"Kar\u015f\u0131 Kom\u015fu | \u00d6zlen Y\u0131ld\u0131z","og_description":"\u201cKorkuyorum, diyor. O eve geldi\u011fi anda her yan\u0131m titriyor.\u201d Asans\u00f6r\u00fc beklerken apartman\u0131n demir kap\u0131s\u0131 yava\u015f\u00e7a a\u00e7\u0131ld\u0131. \u0130\u00e7eri dolan so\u011fuk hava an\u0131nda i\u00e7ime i\u015fledi. Gelen oydu. Alt\u0131nc\u0131 kata \u00e7\u0131kmak i\u00e7in merdivenleri kullanmayacakt\u0131r. Yani \u00fcst\u00fcndeki kar\u0131 temizlemeyi bitirdikten sonra yan\u0131ma gelecek, birlikte \u015fu kutunun gelmesini bekleyece\u011fiz sonra da onunla uzun bir yolculu\u011fa \u00e7\u0131kaca\u011f\u0131z, ta alt\u0131nc\u0131 kata kadar. [&hellip;]","og_url":"https:\/\/narteks.net\/index.php\/2011\/05\/31\/karsi-komsu-ozlen-yildiz\/","og_site_name":"narteks.net","article_published_time":"2011-05-31T08:57:42+00:00","og_image":[{"url":"http:\/\/sufidergah.files.wordpress.com\/2011\/02\/komsu.jpg","type":"","width":"","height":""}],"author":"Tar\u0131k","twitter_card":"summary_large_image","twitter_creator":"@narteks","twitter_site":"@narteks","twitter_misc":{"Yazan:":"Tar\u0131k","Tahmini okuma s\u00fcresi":"5 dakika"},"schema":{"@context":"https:\/\/schema.org","@graph":[{"@type":"Article","@id":"https:\/\/narteks.net\/index.php\/2011\/05\/31\/karsi-komsu-ozlen-yildiz\/#article","isPartOf":{"@id":"https:\/\/narteks.net\/index.php\/2011\/05\/31\/karsi-komsu-ozlen-yildiz\/"},"author":{"name":"Tar\u0131k","@id":"https:\/\/narteks.net\/#\/schema\/person\/61f37d9834294b72d31d274e7ed79bca"},"headline":"Kar\u015f\u0131 Kom\u015fu | \u00d6zlen Y\u0131ld\u0131z","datePublished":"2011-05-31T08:57:42+00:00","mainEntityOfPage":{"@id":"https:\/\/narteks.net\/index.php\/2011\/05\/31\/karsi-komsu-ozlen-yildiz\/"},"wordCount":947,"commentCount":0,"publisher":{"@id":"https:\/\/narteks.net\/#organization"},"image":{"@id":"https:\/\/narteks.net\/index.php\/2011\/05\/31\/karsi-komsu-ozlen-yildiz\/#primaryimage"},"thumbnailUrl":"http:\/\/sufidergah.files.wordpress.com\/2011\/02\/komsu.jpg","articleSection":["\u00d6zlen Y\u0131ld\u0131z"],"inLanguage":"tr","potentialAction":[{"@type":"CommentAction","name":"Comment","target":["https:\/\/narteks.net\/index.php\/2011\/05\/31\/karsi-komsu-ozlen-yildiz\/#respond"]}]},{"@type":"WebPage","@id":"https:\/\/narteks.net\/index.php\/2011\/05\/31\/karsi-komsu-ozlen-yildiz\/","url":"https:\/\/narteks.net\/index.php\/2011\/05\/31\/karsi-komsu-ozlen-yildiz\/","name":"Kar\u015f\u0131 Kom\u015fu | \u00d6zlen Y\u0131ld\u0131z - narteks.net","isPartOf":{"@id":"https:\/\/narteks.net\/#website"},"primaryImageOfPage":{"@id":"https:\/\/narteks.net\/index.php\/2011\/05\/31\/karsi-komsu-ozlen-yildiz\/#primaryimage"},"image":{"@id":"https:\/\/narteks.net\/index.php\/2011\/05\/31\/karsi-komsu-ozlen-yildiz\/#primaryimage"},"thumbnailUrl":"http:\/\/sufidergah.files.wordpress.com\/2011\/02\/komsu.jpg","datePublished":"2011-05-31T08:57:42+00:00","breadcrumb":{"@id":"https:\/\/narteks.net\/index.php\/2011\/05\/31\/karsi-komsu-ozlen-yildiz\/#breadcrumb"},"inLanguage":"tr","potentialAction":[{"@type":"ReadAction","target":["https:\/\/narteks.net\/index.php\/2011\/05\/31\/karsi-komsu-ozlen-yildiz\/"]}]},{"@type":"ImageObject","inLanguage":"tr","@id":"https:\/\/narteks.net\/index.php\/2011\/05\/31\/karsi-komsu-ozlen-yildiz\/#primaryimage","url":"http:\/\/sufidergah.files.wordpress.com\/2011\/02\/komsu.jpg","contentUrl":"http:\/\/sufidergah.files.wordpress.com\/2011\/02\/komsu.jpg"},{"@type":"BreadcrumbList","@id":"https:\/\/narteks.net\/index.php\/2011\/05\/31\/karsi-komsu-ozlen-yildiz\/#breadcrumb","itemListElement":[{"@type":"ListItem","position":1,"name":"Anasayfa","item":"https:\/\/narteks.net\/"},{"@type":"ListItem","position":2,"name":"Kar\u015f\u0131 Kom\u015fu | \u00d6zlen Y\u0131ld\u0131z"}]},{"@type":"WebSite","@id":"https:\/\/narteks.net\/#website","url":"https:\/\/narteks.net\/","name":"narteks.net","description":"K\u00fclt\u00fcr Sanat Edebiyat Felsefe","publisher":{"@id":"https:\/\/narteks.net\/#organization"},"alternateName":"K\u00fclt\u00fcr Sanat Edebiyat Felsefe","potentialAction":[{"@type":"SearchAction","target":{"@type":"EntryPoint","urlTemplate":"https:\/\/narteks.net\/?s={search_term_string}"},"query-input":{"@type":"PropertyValueSpecification","valueRequired":true,"valueName":"search_term_string"}}],"inLanguage":"tr"},{"@type":"Organization","@id":"https:\/\/narteks.net\/#organization","name":"narteks.net","url":"https:\/\/narteks.net\/","logo":{"@type":"ImageObject","inLanguage":"tr","@id":"https:\/\/narteks.net\/#\/schema\/logo\/image\/","url":"https:\/\/narteks.net\/wp-content\/uploads\/narteks.png","contentUrl":"https:\/\/narteks.net\/wp-content\/uploads\/narteks.png","width":300,"height":90,"caption":"narteks.net"},"image":{"@id":"https:\/\/narteks.net\/#\/schema\/logo\/image\/"},"sameAs":["https:\/\/x.com\/narteks","https:\/\/instagram.com\/narteksnet"]},{"@type":"Person","@id":"https:\/\/narteks.net\/#\/schema\/person\/61f37d9834294b72d31d274e7ed79bca","name":"Tar\u0131k","image":{"@type":"ImageObject","inLanguage":"tr","@id":"https:\/\/narteks.net\/#\/schema\/person\/image\/","url":"https:\/\/secure.gravatar.com\/avatar\/50865afb55632c4ae467e0af0930f6510aa2297d8014be502a55b14f3b7550cf?s=96&d=mm&r=g","contentUrl":"https:\/\/secure.gravatar.com\/avatar\/50865afb55632c4ae467e0af0930f6510aa2297d8014be502a55b14f3b7550cf?s=96&d=mm&r=g","caption":"Tar\u0131k"},"sameAs":["http:\/\/narteks.net"],"url":"https:\/\/narteks.net\/index.php\/author\/narbak\/"}]}},"_links":{"self":[{"href":"https:\/\/narteks.net\/index.php\/wp-json\/wp\/v2\/posts\/6025","targetHints":{"allow":["GET"]}}],"collection":[{"href":"https:\/\/narteks.net\/index.php\/wp-json\/wp\/v2\/posts"}],"about":[{"href":"https:\/\/narteks.net\/index.php\/wp-json\/wp\/v2\/types\/post"}],"author":[{"embeddable":true,"href":"https:\/\/narteks.net\/index.php\/wp-json\/wp\/v2\/users\/1"}],"replies":[{"embeddable":true,"href":"https:\/\/narteks.net\/index.php\/wp-json\/wp\/v2\/comments?post=6025"}],"version-history":[{"count":0,"href":"https:\/\/narteks.net\/index.php\/wp-json\/wp\/v2\/posts\/6025\/revisions"}],"wp:attachment":[{"href":"https:\/\/narteks.net\/index.php\/wp-json\/wp\/v2\/media?parent=6025"}],"wp:term":[{"taxonomy":"category","embeddable":true,"href":"https:\/\/narteks.net\/index.php\/wp-json\/wp\/v2\/categories?post=6025"},{"taxonomy":"post_tag","embeddable":true,"href":"https:\/\/narteks.net\/index.php\/wp-json\/wp\/v2\/tags?post=6025"}],"curies":[{"name":"wp","href":"https:\/\/api.w.org\/{rel}","templated":true}]}}