{"id":6026,"date":"2011-05-31T12:01:42","date_gmt":"2011-05-31T09:01:42","guid":{"rendered":"http:\/\/localhost\/wordpress\/2011\/05\/31\/yansimalar-ozlen-yildiz\/"},"modified":"2011-05-31T12:01:42","modified_gmt":"2011-05-31T09:01:42","slug":"yansimalar-ozlen-yildiz","status":"publish","type":"post","link":"https:\/\/narteks.net\/index.php\/2011\/05\/31\/yansimalar-ozlen-yildiz\/","title":{"rendered":"Yans\u0131malar | \u00d6zlen Y\u0131ld\u0131z"},"content":{"rendered":"<p style=\"text-align: justify;\"><img loading=\"lazy\" decoding=\"async\" src=\"http:\/\/t1.gstatic.com\/images?q=tbn:ANd9GcSu6kPCVFiU9hhH-0UBhZDaAOqpG7IfnrxGTiTtIO4wqr1UkKLo&amp;t=1\" border=\"0\" width=\"155\" height=\"205\" style=\"float: left;\" \/>Yan odadan pis kokular gelmeye ba\u015flad\u0131. Ona dayanamad\u0131\u011f\u0131m i\u00e7in mi b\u00f6ylesine katlan\u0131lmaz geliyor kokusu? Eskiden nas\u0131l kokard\u0131 hat\u0131rlam\u0131yorum. Ona katlanabildi\u011fim, belki biraz da olsa sevgi besledi\u011fim zamanlar silinip gitti belle\u011fimden. Lavantayla ovuyorum t\u00fcm v\u00fccudunu. Bunu hay\u0131rl\u0131 evlatl\u0131ktan yapt\u0131\u011f\u0131m san\u0131labilir. Kim olsa b\u00f6yle d\u00fc\u015f\u00fcn\u00fcrd\u00fc eminim. Kar\u015f\u0131 kom\u015fum, Nermin Han\u0131m bana \u015fefkatle bak\u0131p g\u00fcl\u00fcmsemi\u015fti bunu \u00f6\u011frendi\u011finde, meymenetsizin tekidir oysa. Ama ben kokusuna dayanamad\u0131\u011f\u0131m i\u00e7in ovuyorum onu. On dakika bile olsa ona tiksinmeden yakla\u015fabiliyorum b\u00f6ylece. Babam \u00f6ld\u00fc\u011f\u00fcnden beri y\u00fcz\u00fc hi\u00e7 g\u00fclmedi. \u00d6ncesi, en az\u0131ndan zaman zaman da olsa y\u00fcz\u00fcnde g\u00fclmeye benzer bir ifade olurdu. Karalar ba\u011flaman\u0131n tam olarak hakk\u0131n\u0131 veren bir kad\u0131n annem. Y\u0131llard\u0131r \u00f6l\u00fcm\u00fc bekliyor, babam\u0131n aksine yava\u015f yava\u015f yap\u0131yor bu i\u015fi. Evden d\u0131\u015far\u0131 ad\u0131m atmadan, yaln\u0131zca odadan odaya, ya\u015f\u0131ndan en az on be\u015f y\u0131l ya\u015fl\u0131 olan v\u00fccuduyla a\u011f\u0131r a\u011f\u0131r dola\u015f\u0131yor. Annemi as\u0131l etkileyen babam\u0131n \u00f6l\u00fcm\u00fc de\u011fil onun \u015fekli ve nedenidir. Ba\u015fka bir kad\u0131n i\u00e7in intihar eden bir e\u015f, kim dayanabilir ki buna. \u0130ki ki\u015fi aras\u0131nda bilinip de konu\u015fulmayan ger\u00e7ekler zamanla a\u011f\u0131rla\u015f\u0131r, ta\u015f\u0131namaz bir h\u00e2l al\u0131r. Kendimi k\u00fcl\u00e7e gibi hissediyorum, \u00f6ylesine a\u011f\u0131r ve donuk. Evden biraz olsun \u00e7\u0131kabilsem bunlar\u0131n hi\u00e7 birini d\u00fc\u015f\u00fcnmezdim. \u0130ki y\u0131ld\u0131r i\u015fsizim. Babamdan kalma bu ev ve maa\u015f sayesinde ge\u00e7iniyoruz. En az\u0131ndan bunlar i\u00e7in minnet duymal\u0131y\u0131m, b\u00fct\u00fcn akrabalar\u0131m\u0131z bunun i\u00e7in u\u011fra\u015f\u0131yor. Ne zaman ondan s\u00f6z a\u00e7\u0131lsa geride b\u0131rakt\u0131klar\u0131 hat\u0131rlat\u0131l\u0131r nedense. Belki de \u00f6leni ba\u011f\u0131\u015flamak gerekti\u011findendir. Biz insanlar ne kadar da iki y\u00fczl\u00fcy\u00fcz. \u00d6l\u00fcye kar\u015f\u0131 gereksiz bir sayg\u0131 ihtiyac\u0131 duyuyoruz. Belki de \u00f6lenin kendimiz olmas\u0131ndan delice korktu\u011fumuz i\u00e7in, b\u00f6yle g\u00f6rmekten, belki de o s\u0131n\u0131r tan\u0131maz hayal g\u00fcc\u00fcm\u00fczden.<\/p>\n<p class=\"MsoNormal\" style=\"text-align: justify;\"><span> <\/span><span> <\/span>Gecenin ikisi oldu hala ayaktay\u0131m. Bir s\u00fcredir uykular\u0131m d\u00fczensiz. Geceleri ayakta g\u00fcnd\u00fczleri ise bazen \u00fc\u00e7lere kadar yataktay\u0131m. Annemin y\u00fcz\u00fcn\u00fc g\u00f6rmek istemedi\u011fim i\u00e7in olabilir mi? \u0130\u015fsiz kald\u0131\u011f\u0131m ilk g\u00fcnler, umudumu hen\u00fcz yitirmedi\u011fim zamanlar, bunu bir tatil olarak g\u00f6rebilece\u011fimi d\u00fc\u015f\u00fcnm\u00fc\u015ft\u00fcm. \u0130\u015f ba\u015fvurular\u0131 yap\u0131yor ama ayn\u0131 zamanda da d\u0131\u015far\u0131 \u00e7\u0131k\u0131p arkada\u015flar\u0131mla zaman ge\u00e7irebiliyordum. Hala i\u015f ba\u015fvurular\u0131 yapmaya devam ediyorum ama art\u0131k gezmek i\u00e7in d\u0131\u015far\u0131 \u00e7\u0131km\u0131yorum. Annem b\u00fct\u00fcn zaman\u0131m\u0131 <span> <\/span>t\u00fcketiyor, beni t\u00fcketiyor. Geceleri arka pencereden kar\u015f\u0131m\u0131zdaki evi izliyorum. Tek e\u011flencem bu. Tek katl\u0131, bah\u00e7eli bir ev. G\u00fcnd\u00fczleri \u00f6l\u00fc gibi renksiz, bi\u00e7imsiz. Bu evde yaln\u0131zca geceler ya\u015fan\u0131yor. Sabahlara kadar \u0131\u015f\u0131klar\u0131 hi\u00e7 s\u00f6nm\u00fcyor. Perdelerini \u00e7ekmeden her \u015feyi uluorta ya\u015f\u0131yor. Benim onu izledi\u011fimden habersiz, ama birilerinin onu izlemesine izin verecek kadar rahat. Benim \u0131\u015f\u0131klar\u0131m hep s\u00f6n\u00fckt\u00fcr, beni fark etmesini istemem. Yine de bir g\u00fcn bak\u0131\u015flar\u0131n\u0131 \u00fczerimde hissettim. Ba\u015f\u0131n\u0131 kald\u0131rd\u0131, do\u011frudan benim oldu\u011fum yere bakt\u0131 uzun bir s\u00fcre. Korkudan ne yapaca\u011f\u0131m\u0131 \u015fa\u015f\u0131rd\u0131m. Gizlenmek zorunda kald\u0131m. O gece bir daha oraya bakmaya cesaret edemedim.<\/p>\n<p class=\"MsoNormal\" style=\"text-align: justify;\"><span> <\/span>Uyku bozuklu\u011fu alg\u0131lar\u0131m\u0131 etkilemeye ba\u015flad\u0131, kafam\u0131 toparlamakta zorlan\u0131yorum. Uzun zamand\u0131r kimseyle sohbet etti\u011fim de yok. Ara s\u0131ra alt kat kom\u015fum gelir. \u00d6yle \u00e7ok konu\u015fur ki bana pek f\u0131rsat vermez. Gittikten sonra bile sesi kulaklar\u0131mda \u00e7\u0131nlamaya devam eder. Onu pek sevdi\u011fim s\u00f6ylenemez, ama bunun nedeni \u00e7ok konu\u015fmas\u0131 de\u011fildir. Ge\u00e7ende fark ettim, o sustu ve aram\u0131zda koca bir bo\u015fluk olu\u015ftu. Saatin tik taklar\u0131 duyuluyordu. \u00d6yle tedirgin oldum ki sonunda dayanamayarak televizyonu a\u00e7t\u0131m. O da gitmek zorunda kald\u0131. Uzun bir s\u00fcre gelmez herhalde. Zaten beni sevdi\u011fini de d\u00fc\u015f\u00fcnm\u00fcyorum. K\u00fc\u00e7\u00fcms\u00fcyor beni, bundan eminim. Bak\u0131\u015flar\u0131 hi\u00e7 ho\u015f de\u011fil, a\u015fa\u011f\u0131lay\u0131c\u0131. Kendisi \u00e7al\u0131\u015f\u0131yor ne de olsa, bir i\u015fe yaramad\u0131\u011f\u0131m\u0131 d\u00fc\u015f\u00fcn\u00fcyor ve bana bir b\u00f6cekmi\u015fim gibi bak\u0131yor. Ara s\u0131ra yapt\u0131\u011f\u0131 b\u00f6rekten \u00f6zenle kesilmi\u015f birka\u00e7 dilimi folyo k\u00e2\u011f\u0131d\u0131na sararak yollar \u00e7ocukla. Sanki bu davran\u0131\u015f\u0131yla bana ne anlatmaya \u00e7al\u0131\u015ft\u0131\u011f\u0131n\u0131 anlam\u0131yorum, onun her ad\u0131m\u0131nda bir mesaj var ve ben hepsinin fark\u0131nday\u0131m. \u0130\u015f kad\u0131n\u0131 olman\u0131n yan\u0131nda m\u00fckemmel de bir ev kad\u0131n\u0131y\u0131m demek istiyor, g\u00f6rebiliyorum. \u00c7al\u0131\u015ft\u0131\u011f\u0131m zamanlar beynim daha din\u00e7ti. Son zamanlarda iyice dalg\u0131n olmaya ba\u015flad\u0131m. Bir defas\u0131nda, oca\u011fa yeme\u011fi koyduktan sonra, yine annemin \u00e7ok pis koktu\u011funu fark ettim, bu konuda alg\u0131lar\u0131m a\u00e7\u0131k. Annemin banyosunu yapt\u0131r\u0131p lavantayla t\u00fcm v\u00fccudunu sildikten sonra, aradan ge\u00e7en s\u00fcrenin hi\u00e7 fark\u0131nda de\u011filim, yeme\u011fi unutmu\u015fum, suyu iyice \u00e7ekmi\u015f alt\u0131 k\u00f6m\u00fcr gibi olmu\u015ftu. Kokusunu almad\u0131\u011f\u0131ma inanam\u0131yorum. Annemin zaten as\u0131k olan y\u00fcz\u00fc biraz daha as\u0131ld\u0131, yine bir i\u015fi beceremedin der gibi b\u00fct\u00fcn g\u00fcn dik dik bakt\u0131 surat\u0131ma. Her yapt\u0131\u011f\u0131m hayal k\u0131r\u0131kl\u0131\u011f\u0131.<\/p>\n<p class=\"MsoNormal\" style=\"text-align: justify;\"><span> <\/span>Kar\u015f\u0131 penceredeki kad\u0131n bir s\u00fcredir kitap okuyor. Ne okudu\u011funu g\u00f6rmeyi \u00e7ok isterdim, ama g\u00f6remiyorum. Y\u00fcz\u00fcn\u00fc tam olarak se\u00e7emesem de g\u00fczel oldu\u011funu tahmin ediyorum, ya\u015f\u0131 otuz be\u015flerde, bana yak\u0131n olsa gerek. Onunla kar\u015f\u0131l\u0131kl\u0131 kitap okuyoruz bu gece. Ama o \u00e7ok bitkin g\u00f6r\u00fcn\u00fcyor, \u00e7ok yorgun, peki o halde neden uyumuyor. Sa\u00e7lar\u0131 \u00e7ok g\u00fczel ve o evde yaln\u0131z, \u00e7ekmek zorunda oldu\u011fu kimse yok, yar\u0131n sabah kalk\u0131p gidece\u011fi bir i\u015fi var. \u0130ki gece \u00f6nce sevgilisiyle beraberdi. Adam\u0131 ilk defa g\u00f6rd\u00fcm. Olduk\u00e7a samimi g\u00f6r\u00fcn\u00fcyorlard\u0131, anla\u015f\u0131lan uzun zamand\u0131r birlikteler. Eve getirmek i\u00e7in bu kadar beklemesi ona olan hayranl\u0131\u011f\u0131m\u0131 biraz daha art\u0131rd\u0131 do\u011frusu. Kad\u0131n dedi\u011fin kendini a\u011f\u0131rdan almal\u0131, onun hafif bir kad\u0131n olmad\u0131\u011f\u0131n\u0131 biliyordum zaten. \u015eimdi yaln\u0131z, cama dayad\u0131m ellerimi o da d\u0131\u015far\u0131 bak\u0131yor. Bak\u0131\u015flar\u0131n\u0131 bana \u00e7evirdi gene, t\u0131pk\u0131 ge\u00e7en g\u00fcnk\u00fc gibi. Beni g\u00f6rmeye \u00e7al\u0131\u015f\u0131r gibi dikkatle bak\u0131yor. Sanki bilerek tedirgin etmeye \u00e7al\u0131\u015f\u0131yor beni. Arkas\u0131nda biri var, birini g\u00f6r\u00fcyorum, <span> <\/span>odadan i\u00e7eri girdi biraz \u00f6nce. Ama kad\u0131n hala camdan d\u0131\u015far\u0131 bak\u0131yor. Ya\u015fl\u0131 bir kad\u0131n bu, anneme benziyor.<span> <\/span>Ona do\u011fru yakla\u015ft\u0131 iyice.<\/p>\n<p class=\"MsoNormal\" style=\"text-align: justify;\"><span> <\/span>\u201cSusad\u0131m bir su vesene bana.\u201d annemin sesiyle irkildim. Arkamda oldu\u011funu fark etmemi\u015ftim. Kalbimin sesini duyuyorum. Tekrar d\u0131\u015far\u0131 bakmaya cesaretim yok. Annem bir terslik oldu\u011funu anlam\u0131\u015f olacak ki, suyunu kendisi ald\u0131, bu arada g\u00f6z\u00fc hep \u00fcst\u00fcmde. Ona bakmak istemiyorum, \u015fu anda istedi\u011fim en son \u015fey bu. Sabahlara kadar oturmamla ilgili yine s\u00f6ylenerek \u00e7\u0131kt\u0131 mutfaktan. Tekrar d\u0131\u015far\u0131 bakmak i\u00e7in cesaret toplad\u0131m bir s\u00fcre, yava\u015f\u00e7a aralad\u0131m perdeyi, kendimi g\u00f6stermemeye \u00e7al\u0131\u015f\u0131yordum. Ayn\u0131 manzarayla kar\u015f\u0131la\u015fmak d\u00fc\u015f\u00fcncesi bile \u00fcrk\u00fct\u00fcc\u00fcyd\u00fc. Fakat hi\u00e7bir \u0131\u015f\u0131k yok. Tamamen karanl\u0131k iki pencere, ilk defa, haftalard\u0131r ilk defa \u0131\u015f\u0131klar\u0131 s\u00f6n\u00fck. Pencerede kendi yans\u0131mam\u0131 fark ettim. \u00d6yle yorgun g\u00f6r\u00fcn\u00fcyor ki. Art\u0131k uyumam gerekiyor, deliksiz bir uyku. Annem sayesinde bir e\u011flencemi daha yitirmi\u015ftim. Biliyorum, o annemden \u00fcrkt\u00fc ve bir daha \u0131\u015f\u0131klar\u0131n\u0131 yakmayacak. Bir arkada\u015f\u0131m\u0131 daha yitirdim b\u00f6ylece.<\/p>\n<p class=\"MsoNormal\" style=\"text-align: justify;\"><em>Yans\u0131malar | \u00d6zlen Y\u0131ld\u0131z<\/em><\/p>\n","protected":false},"excerpt":{"rendered":"<p>Yan odadan pis kokular gelmeye ba\u015flad\u0131. Ona dayanamad\u0131\u011f\u0131m i\u00e7in mi b\u00f6ylesine katlan\u0131lmaz geliyor kokusu? Eskiden nas\u0131l kokard\u0131 hat\u0131rlam\u0131yorum. Ona katlanabildi\u011fim, belki biraz da olsa sevgi besledi\u011fim zamanlar silinip gitti belle\u011fimden. Lavantayla ovuyorum t\u00fcm v\u00fccudunu. Bunu hay\u0131rl\u0131 evlatl\u0131ktan yapt\u0131\u011f\u0131m san\u0131labilir. Kim olsa b\u00f6yle d\u00fc\u015f\u00fcn\u00fcrd\u00fc eminim. Kar\u015f\u0131 kom\u015fum, Nermin Han\u0131m bana \u015fefkatle bak\u0131p g\u00fcl\u00fcmsemi\u015fti bunu \u00f6\u011frendi\u011finde, meymenetsizin [&hellip;]<\/p>\n","protected":false},"author":1,"featured_media":0,"comment_status":"open","ping_status":"open","sticky":false,"template":"","format":"standard","meta":{"footnotes":""},"categories":[189],"tags":[],"class_list":{"0":"post-6026","1":"post","2":"type-post","3":"status-publish","4":"format-standard","6":"category-ozlen-yildiz"},"yoast_head":"<!-- This site is optimized with the Yoast SEO Premium plugin v24.9 (Yoast SEO v24.9) - https:\/\/yoast.com\/wordpress\/plugins\/seo\/ -->\n<title>Yans\u0131malar | \u00d6zlen Y\u0131ld\u0131z - narteks.net<\/title>\n<meta name=\"robots\" content=\"index, follow, max-snippet:-1, max-image-preview:large, max-video-preview:-1\" \/>\n<link rel=\"canonical\" href=\"https:\/\/narteks.net\/index.php\/2011\/05\/31\/yansimalar-ozlen-yildiz\/\" \/>\n<meta property=\"og:locale\" content=\"tr_TR\" \/>\n<meta property=\"og:type\" content=\"article\" \/>\n<meta property=\"og:title\" content=\"Yans\u0131malar | \u00d6zlen Y\u0131ld\u0131z\" \/>\n<meta property=\"og:description\" content=\"Yan odadan pis kokular gelmeye ba\u015flad\u0131. Ona dayanamad\u0131\u011f\u0131m i\u00e7in mi b\u00f6ylesine katlan\u0131lmaz geliyor kokusu? Eskiden nas\u0131l kokard\u0131 hat\u0131rlam\u0131yorum. Ona katlanabildi\u011fim, belki biraz da olsa sevgi besledi\u011fim zamanlar silinip gitti belle\u011fimden. Lavantayla ovuyorum t\u00fcm v\u00fccudunu. Bunu hay\u0131rl\u0131 evlatl\u0131ktan yapt\u0131\u011f\u0131m san\u0131labilir. Kim olsa b\u00f6yle d\u00fc\u015f\u00fcn\u00fcrd\u00fc eminim. Kar\u015f\u0131 kom\u015fum, Nermin Han\u0131m bana \u015fefkatle bak\u0131p g\u00fcl\u00fcmsemi\u015fti bunu \u00f6\u011frendi\u011finde, meymenetsizin [&hellip;]\" \/>\n<meta property=\"og:url\" content=\"https:\/\/narteks.net\/index.php\/2011\/05\/31\/yansimalar-ozlen-yildiz\/\" \/>\n<meta property=\"og:site_name\" content=\"narteks.net\" \/>\n<meta property=\"article:published_time\" content=\"2011-05-31T09:01:42+00:00\" \/>\n<meta property=\"og:image\" content=\"http:\/\/t1.gstatic.com\/images?q=tbn:ANd9GcSu6kPCVFiU9hhH-0UBhZDaAOqpG7IfnrxGTiTtIO4wqr1UkKLo&amp;t=1\" \/>\n<meta name=\"author\" content=\"Tar\u0131k\" \/>\n<meta name=\"twitter:card\" content=\"summary_large_image\" \/>\n<meta name=\"twitter:creator\" content=\"@narteks\" \/>\n<meta name=\"twitter:site\" content=\"@narteks\" \/>\n<meta name=\"twitter:label1\" content=\"Yazan:\" \/>\n\t<meta name=\"twitter:data1\" content=\"Tar\u0131k\" \/>\n\t<meta name=\"twitter:label2\" content=\"Tahmini okuma s\u00fcresi\" \/>\n\t<meta name=\"twitter:data2\" content=\"7 dakika\" \/>\n<script type=\"application\/ld+json\" class=\"yoast-schema-graph\">{\"@context\":\"https:\/\/schema.org\",\"@graph\":[{\"@type\":\"Article\",\"@id\":\"https:\/\/narteks.net\/index.php\/2011\/05\/31\/yansimalar-ozlen-yildiz\/#article\",\"isPartOf\":{\"@id\":\"https:\/\/narteks.net\/index.php\/2011\/05\/31\/yansimalar-ozlen-yildiz\/\"},\"author\":{\"name\":\"Tar\u0131k\",\"@id\":\"https:\/\/narteks.net\/#\/schema\/person\/61f37d9834294b72d31d274e7ed79bca\"},\"headline\":\"Yans\u0131malar | \u00d6zlen Y\u0131ld\u0131z\",\"datePublished\":\"2011-05-31T09:01:42+00:00\",\"mainEntityOfPage\":{\"@id\":\"https:\/\/narteks.net\/index.php\/2011\/05\/31\/yansimalar-ozlen-yildiz\/\"},\"wordCount\":1318,\"commentCount\":0,\"publisher\":{\"@id\":\"https:\/\/narteks.net\/#organization\"},\"image\":{\"@id\":\"https:\/\/narteks.net\/index.php\/2011\/05\/31\/yansimalar-ozlen-yildiz\/#primaryimage\"},\"thumbnailUrl\":\"http:\/\/t1.gstatic.com\/images?q=tbn:ANd9GcSu6kPCVFiU9hhH-0UBhZDaAOqpG7IfnrxGTiTtIO4wqr1UkKLo&amp;t=1\",\"articleSection\":[\"\u00d6zlen Y\u0131ld\u0131z\"],\"inLanguage\":\"tr\",\"potentialAction\":[{\"@type\":\"CommentAction\",\"name\":\"Comment\",\"target\":[\"https:\/\/narteks.net\/index.php\/2011\/05\/31\/yansimalar-ozlen-yildiz\/#respond\"]}]},{\"@type\":\"WebPage\",\"@id\":\"https:\/\/narteks.net\/index.php\/2011\/05\/31\/yansimalar-ozlen-yildiz\/\",\"url\":\"https:\/\/narteks.net\/index.php\/2011\/05\/31\/yansimalar-ozlen-yildiz\/\",\"name\":\"Yans\u0131malar | \u00d6zlen Y\u0131ld\u0131z - narteks.net\",\"isPartOf\":{\"@id\":\"https:\/\/narteks.net\/#website\"},\"primaryImageOfPage\":{\"@id\":\"https:\/\/narteks.net\/index.php\/2011\/05\/31\/yansimalar-ozlen-yildiz\/#primaryimage\"},\"image\":{\"@id\":\"https:\/\/narteks.net\/index.php\/2011\/05\/31\/yansimalar-ozlen-yildiz\/#primaryimage\"},\"thumbnailUrl\":\"http:\/\/t1.gstatic.com\/images?q=tbn:ANd9GcSu6kPCVFiU9hhH-0UBhZDaAOqpG7IfnrxGTiTtIO4wqr1UkKLo&amp;t=1\",\"datePublished\":\"2011-05-31T09:01:42+00:00\",\"breadcrumb\":{\"@id\":\"https:\/\/narteks.net\/index.php\/2011\/05\/31\/yansimalar-ozlen-yildiz\/#breadcrumb\"},\"inLanguage\":\"tr\",\"potentialAction\":[{\"@type\":\"ReadAction\",\"target\":[\"https:\/\/narteks.net\/index.php\/2011\/05\/31\/yansimalar-ozlen-yildiz\/\"]}]},{\"@type\":\"ImageObject\",\"inLanguage\":\"tr\",\"@id\":\"https:\/\/narteks.net\/index.php\/2011\/05\/31\/yansimalar-ozlen-yildiz\/#primaryimage\",\"url\":\"http:\/\/t1.gstatic.com\/images?q=tbn:ANd9GcSu6kPCVFiU9hhH-0UBhZDaAOqpG7IfnrxGTiTtIO4wqr1UkKLo&amp;t=1\",\"contentUrl\":\"http:\/\/t1.gstatic.com\/images?q=tbn:ANd9GcSu6kPCVFiU9hhH-0UBhZDaAOqpG7IfnrxGTiTtIO4wqr1UkKLo&amp;t=1\"},{\"@type\":\"BreadcrumbList\",\"@id\":\"https:\/\/narteks.net\/index.php\/2011\/05\/31\/yansimalar-ozlen-yildiz\/#breadcrumb\",\"itemListElement\":[{\"@type\":\"ListItem\",\"position\":1,\"name\":\"Anasayfa\",\"item\":\"https:\/\/narteks.net\/\"},{\"@type\":\"ListItem\",\"position\":2,\"name\":\"Yans\u0131malar | \u00d6zlen Y\u0131ld\u0131z\"}]},{\"@type\":\"WebSite\",\"@id\":\"https:\/\/narteks.net\/#website\",\"url\":\"https:\/\/narteks.net\/\",\"name\":\"narteks.net\",\"description\":\"K\u00fclt\u00fcr Sanat Edebiyat Felsefe\",\"publisher\":{\"@id\":\"https:\/\/narteks.net\/#organization\"},\"alternateName\":\"K\u00fclt\u00fcr Sanat Edebiyat Felsefe\",\"potentialAction\":[{\"@type\":\"SearchAction\",\"target\":{\"@type\":\"EntryPoint\",\"urlTemplate\":\"https:\/\/narteks.net\/?s={search_term_string}\"},\"query-input\":{\"@type\":\"PropertyValueSpecification\",\"valueRequired\":true,\"valueName\":\"search_term_string\"}}],\"inLanguage\":\"tr\"},{\"@type\":\"Organization\",\"@id\":\"https:\/\/narteks.net\/#organization\",\"name\":\"narteks.net\",\"url\":\"https:\/\/narteks.net\/\",\"logo\":{\"@type\":\"ImageObject\",\"inLanguage\":\"tr\",\"@id\":\"https:\/\/narteks.net\/#\/schema\/logo\/image\/\",\"url\":\"https:\/\/narteks.net\/wp-content\/uploads\/narteks.png\",\"contentUrl\":\"https:\/\/narteks.net\/wp-content\/uploads\/narteks.png\",\"width\":300,\"height\":90,\"caption\":\"narteks.net\"},\"image\":{\"@id\":\"https:\/\/narteks.net\/#\/schema\/logo\/image\/\"},\"sameAs\":[\"https:\/\/x.com\/narteks\",\"https:\/\/instagram.com\/narteksnet\"]},{\"@type\":\"Person\",\"@id\":\"https:\/\/narteks.net\/#\/schema\/person\/61f37d9834294b72d31d274e7ed79bca\",\"name\":\"Tar\u0131k\",\"image\":{\"@type\":\"ImageObject\",\"inLanguage\":\"tr\",\"@id\":\"https:\/\/narteks.net\/#\/schema\/person\/image\/\",\"url\":\"https:\/\/secure.gravatar.com\/avatar\/50865afb55632c4ae467e0af0930f6510aa2297d8014be502a55b14f3b7550cf?s=96&d=mm&r=g\",\"contentUrl\":\"https:\/\/secure.gravatar.com\/avatar\/50865afb55632c4ae467e0af0930f6510aa2297d8014be502a55b14f3b7550cf?s=96&d=mm&r=g\",\"caption\":\"Tar\u0131k\"},\"sameAs\":[\"http:\/\/narteks.net\"],\"url\":\"https:\/\/narteks.net\/index.php\/author\/narbak\/\"}]}<\/script>\n<!-- \/ Yoast SEO Premium plugin. -->","yoast_head_json":{"title":"Yans\u0131malar | \u00d6zlen Y\u0131ld\u0131z - narteks.net","robots":{"index":"index","follow":"follow","max-snippet":"max-snippet:-1","max-image-preview":"max-image-preview:large","max-video-preview":"max-video-preview:-1"},"canonical":"https:\/\/narteks.net\/index.php\/2011\/05\/31\/yansimalar-ozlen-yildiz\/","og_locale":"tr_TR","og_type":"article","og_title":"Yans\u0131malar | \u00d6zlen Y\u0131ld\u0131z","og_description":"Yan odadan pis kokular gelmeye ba\u015flad\u0131. Ona dayanamad\u0131\u011f\u0131m i\u00e7in mi b\u00f6ylesine katlan\u0131lmaz geliyor kokusu? Eskiden nas\u0131l kokard\u0131 hat\u0131rlam\u0131yorum. Ona katlanabildi\u011fim, belki biraz da olsa sevgi besledi\u011fim zamanlar silinip gitti belle\u011fimden. Lavantayla ovuyorum t\u00fcm v\u00fccudunu. Bunu hay\u0131rl\u0131 evlatl\u0131ktan yapt\u0131\u011f\u0131m san\u0131labilir. Kim olsa b\u00f6yle d\u00fc\u015f\u00fcn\u00fcrd\u00fc eminim. Kar\u015f\u0131 kom\u015fum, Nermin Han\u0131m bana \u015fefkatle bak\u0131p g\u00fcl\u00fcmsemi\u015fti bunu \u00f6\u011frendi\u011finde, meymenetsizin [&hellip;]","og_url":"https:\/\/narteks.net\/index.php\/2011\/05\/31\/yansimalar-ozlen-yildiz\/","og_site_name":"narteks.net","article_published_time":"2011-05-31T09:01:42+00:00","og_image":[{"url":"http:\/\/t1.gstatic.com\/images?q=tbn:ANd9GcSu6kPCVFiU9hhH-0UBhZDaAOqpG7IfnrxGTiTtIO4wqr1UkKLo&amp;t=1","type":"","width":"","height":""}],"author":"Tar\u0131k","twitter_card":"summary_large_image","twitter_creator":"@narteks","twitter_site":"@narteks","twitter_misc":{"Yazan:":"Tar\u0131k","Tahmini okuma s\u00fcresi":"7 dakika"},"schema":{"@context":"https:\/\/schema.org","@graph":[{"@type":"Article","@id":"https:\/\/narteks.net\/index.php\/2011\/05\/31\/yansimalar-ozlen-yildiz\/#article","isPartOf":{"@id":"https:\/\/narteks.net\/index.php\/2011\/05\/31\/yansimalar-ozlen-yildiz\/"},"author":{"name":"Tar\u0131k","@id":"https:\/\/narteks.net\/#\/schema\/person\/61f37d9834294b72d31d274e7ed79bca"},"headline":"Yans\u0131malar | \u00d6zlen Y\u0131ld\u0131z","datePublished":"2011-05-31T09:01:42+00:00","mainEntityOfPage":{"@id":"https:\/\/narteks.net\/index.php\/2011\/05\/31\/yansimalar-ozlen-yildiz\/"},"wordCount":1318,"commentCount":0,"publisher":{"@id":"https:\/\/narteks.net\/#organization"},"image":{"@id":"https:\/\/narteks.net\/index.php\/2011\/05\/31\/yansimalar-ozlen-yildiz\/#primaryimage"},"thumbnailUrl":"http:\/\/t1.gstatic.com\/images?q=tbn:ANd9GcSu6kPCVFiU9hhH-0UBhZDaAOqpG7IfnrxGTiTtIO4wqr1UkKLo&amp;t=1","articleSection":["\u00d6zlen Y\u0131ld\u0131z"],"inLanguage":"tr","potentialAction":[{"@type":"CommentAction","name":"Comment","target":["https:\/\/narteks.net\/index.php\/2011\/05\/31\/yansimalar-ozlen-yildiz\/#respond"]}]},{"@type":"WebPage","@id":"https:\/\/narteks.net\/index.php\/2011\/05\/31\/yansimalar-ozlen-yildiz\/","url":"https:\/\/narteks.net\/index.php\/2011\/05\/31\/yansimalar-ozlen-yildiz\/","name":"Yans\u0131malar | \u00d6zlen Y\u0131ld\u0131z - narteks.net","isPartOf":{"@id":"https:\/\/narteks.net\/#website"},"primaryImageOfPage":{"@id":"https:\/\/narteks.net\/index.php\/2011\/05\/31\/yansimalar-ozlen-yildiz\/#primaryimage"},"image":{"@id":"https:\/\/narteks.net\/index.php\/2011\/05\/31\/yansimalar-ozlen-yildiz\/#primaryimage"},"thumbnailUrl":"http:\/\/t1.gstatic.com\/images?q=tbn:ANd9GcSu6kPCVFiU9hhH-0UBhZDaAOqpG7IfnrxGTiTtIO4wqr1UkKLo&amp;t=1","datePublished":"2011-05-31T09:01:42+00:00","breadcrumb":{"@id":"https:\/\/narteks.net\/index.php\/2011\/05\/31\/yansimalar-ozlen-yildiz\/#breadcrumb"},"inLanguage":"tr","potentialAction":[{"@type":"ReadAction","target":["https:\/\/narteks.net\/index.php\/2011\/05\/31\/yansimalar-ozlen-yildiz\/"]}]},{"@type":"ImageObject","inLanguage":"tr","@id":"https:\/\/narteks.net\/index.php\/2011\/05\/31\/yansimalar-ozlen-yildiz\/#primaryimage","url":"http:\/\/t1.gstatic.com\/images?q=tbn:ANd9GcSu6kPCVFiU9hhH-0UBhZDaAOqpG7IfnrxGTiTtIO4wqr1UkKLo&amp;t=1","contentUrl":"http:\/\/t1.gstatic.com\/images?q=tbn:ANd9GcSu6kPCVFiU9hhH-0UBhZDaAOqpG7IfnrxGTiTtIO4wqr1UkKLo&amp;t=1"},{"@type":"BreadcrumbList","@id":"https:\/\/narteks.net\/index.php\/2011\/05\/31\/yansimalar-ozlen-yildiz\/#breadcrumb","itemListElement":[{"@type":"ListItem","position":1,"name":"Anasayfa","item":"https:\/\/narteks.net\/"},{"@type":"ListItem","position":2,"name":"Yans\u0131malar | \u00d6zlen Y\u0131ld\u0131z"}]},{"@type":"WebSite","@id":"https:\/\/narteks.net\/#website","url":"https:\/\/narteks.net\/","name":"narteks.net","description":"K\u00fclt\u00fcr Sanat Edebiyat Felsefe","publisher":{"@id":"https:\/\/narteks.net\/#organization"},"alternateName":"K\u00fclt\u00fcr Sanat Edebiyat Felsefe","potentialAction":[{"@type":"SearchAction","target":{"@type":"EntryPoint","urlTemplate":"https:\/\/narteks.net\/?s={search_term_string}"},"query-input":{"@type":"PropertyValueSpecification","valueRequired":true,"valueName":"search_term_string"}}],"inLanguage":"tr"},{"@type":"Organization","@id":"https:\/\/narteks.net\/#organization","name":"narteks.net","url":"https:\/\/narteks.net\/","logo":{"@type":"ImageObject","inLanguage":"tr","@id":"https:\/\/narteks.net\/#\/schema\/logo\/image\/","url":"https:\/\/narteks.net\/wp-content\/uploads\/narteks.png","contentUrl":"https:\/\/narteks.net\/wp-content\/uploads\/narteks.png","width":300,"height":90,"caption":"narteks.net"},"image":{"@id":"https:\/\/narteks.net\/#\/schema\/logo\/image\/"},"sameAs":["https:\/\/x.com\/narteks","https:\/\/instagram.com\/narteksnet"]},{"@type":"Person","@id":"https:\/\/narteks.net\/#\/schema\/person\/61f37d9834294b72d31d274e7ed79bca","name":"Tar\u0131k","image":{"@type":"ImageObject","inLanguage":"tr","@id":"https:\/\/narteks.net\/#\/schema\/person\/image\/","url":"https:\/\/secure.gravatar.com\/avatar\/50865afb55632c4ae467e0af0930f6510aa2297d8014be502a55b14f3b7550cf?s=96&d=mm&r=g","contentUrl":"https:\/\/secure.gravatar.com\/avatar\/50865afb55632c4ae467e0af0930f6510aa2297d8014be502a55b14f3b7550cf?s=96&d=mm&r=g","caption":"Tar\u0131k"},"sameAs":["http:\/\/narteks.net"],"url":"https:\/\/narteks.net\/index.php\/author\/narbak\/"}]}},"_links":{"self":[{"href":"https:\/\/narteks.net\/index.php\/wp-json\/wp\/v2\/posts\/6026","targetHints":{"allow":["GET"]}}],"collection":[{"href":"https:\/\/narteks.net\/index.php\/wp-json\/wp\/v2\/posts"}],"about":[{"href":"https:\/\/narteks.net\/index.php\/wp-json\/wp\/v2\/types\/post"}],"author":[{"embeddable":true,"href":"https:\/\/narteks.net\/index.php\/wp-json\/wp\/v2\/users\/1"}],"replies":[{"embeddable":true,"href":"https:\/\/narteks.net\/index.php\/wp-json\/wp\/v2\/comments?post=6026"}],"version-history":[{"count":0,"href":"https:\/\/narteks.net\/index.php\/wp-json\/wp\/v2\/posts\/6026\/revisions"}],"wp:attachment":[{"href":"https:\/\/narteks.net\/index.php\/wp-json\/wp\/v2\/media?parent=6026"}],"wp:term":[{"taxonomy":"category","embeddable":true,"href":"https:\/\/narteks.net\/index.php\/wp-json\/wp\/v2\/categories?post=6026"},{"taxonomy":"post_tag","embeddable":true,"href":"https:\/\/narteks.net\/index.php\/wp-json\/wp\/v2\/tags?post=6026"}],"curies":[{"name":"wp","href":"https:\/\/api.w.org\/{rel}","templated":true}]}}