{"id":6027,"date":"2011-05-31T12:05:26","date_gmt":"2011-05-31T09:05:26","guid":{"rendered":"http:\/\/localhost\/wordpress\/2011\/05\/31\/beklenen-ozlen-yildiz\/"},"modified":"2011-05-31T12:05:26","modified_gmt":"2011-05-31T09:05:26","slug":"beklenen-ozlen-yildiz","status":"publish","type":"post","link":"https:\/\/narteks.net\/index.php\/2011\/05\/31\/beklenen-ozlen-yildiz\/","title":{"rendered":"Beklenen | \u00d6zlen Y\u0131ld\u0131z"},"content":{"rendered":"<p style=\"text-align: justify;\"><img loading=\"lazy\" decoding=\"async\" src=\"http:\/\/3.bp.blogspot.com\/_1qDbmuMEzVY\/TJd9UHuFInI\/AAAAAAAAAGs\/LtkRWuauWRQ\/s1600\/beklemek.jpg\" border=\"0\" width=\"155\" height=\"205\" style=\"float: left;\" \/>Gece boyunca ya\u011fan kar sabaha kar\u015f\u0131 \u015fiddetini art\u0131rd\u0131. Geciken seferle birlikte bu so\u011fuk sab\u0131rlar\u0131 t\u00fcketmeliydi, oysa g\u00f6r\u00fcn\u00fcrde \u00f6yle bir manzara yok. Burada her \u015fey donuk. \u00c7at\u0131lardan sarkan buzlar beni hep \u00fcrk\u00fctm\u00fc\u015ft\u00fcr, oysa burada hi\u00e7bir anlam ifade etmiyor. \u0130nsanlar\u0131n b\u0131y\u0131klar\u0131n\u0131n bile dondu\u011funu g\u00f6rd\u00fckten sonra. Bu arada yeni halimi g\u00f6rd\u00fc\u011f\u00fcnde eminim hi\u00e7 ho\u015funa gitmeyecek. O hep g\u0131pta etti\u011fin, ne de olsa seninki her zaman biraz seyrekti, sakallar\u0131m yok art\u0131k. Memur olmak her \u015feyi t\u00f6rp\u00fcl\u00fcyor, p\u00fcr\u00fczs\u00fczle\u015ftim, d\u00fczle\u015ftim. Y\u00fcz\u00fcm maymuna d\u00f6nd\u00fc, bu \u00f6yle \u00f6nemsedi\u011fim bir \u015fey de de\u011fil asl\u0131nda, yaln\u0131z \u015fimdi elimi y\u00fcz\u00fcme g\u00f6t\u00fcr\u00fcnce bir bo\u015fluk hissettim nedense, aylardan sonra ilk kez, tam da seninle bulu\u015facakken. Oysa biliyorum insan evinden \u00e7\u0131k\u0131p, i\u00e7eri bakt\u0131\u011f\u0131nda, ba\u015fkas\u0131n\u0131n g\u00f6zleriyle, ya bir devdir g\u00f6rd\u00fc\u011f\u00fc ya da c\u00fcce, ortas\u0131 yok. Ortalama olmak en g\u00fczelidir oysa.\u00a0 Senin yan\u0131nda devle\u015fiyorum, sen yokken c\u00fcce.<br \/> \u0130stasyonda be\u015f ki\u015fiyiz. Hava h\u00e2l\u00e2 karanl\u0131k. Ay oldu\u011fu yere kaz\u0131k \u00e7akm\u0131\u015f, gitmeye de hi\u00e7 niyeti yok. Yaln\u0131zca kendini ayd\u0131nlatan \u015fu \u00f6lg\u00fcn sar\u0131 \u0131\u015f\u0131ktan ba\u015fka da ayd\u0131nl\u0131k yok istasyonda. ( Hay\u0131r dolayl\u0131 yoldan kendimi anlatm\u0131yorum, s\u00f6z\u00fcn\u00fc etti\u011fim \u015fey ger\u00e7ekten de bir ampul. Ba\u015fka bir niyetim yok). Adamlar\u0131n y\u00fczlerini se\u00e7emiyorum. Ger\u00e7i buna da gerek yok ya, ne de olsa hepsi birbirine benzer bunlar\u0131n.\u00a0 Bir \u00f6rnek, ayn\u0131 anan\u0131n evlatlar\u0131 gibiler, ayn\u0131 ilgisiz baban\u0131n o\u011fullar\u0131. \u015eu uzun paltolar\u0131, kal\u0131n haki atk\u0131lar\u0131, gri kasketleri, son bir nefes gibi sar\u0131ld\u0131klar\u0131 sigaralar\u0131 ( Ba\u015fka da sar\u0131lacak neleri var dersin sen \u015fimdi, ne de olsa insanlarla arandaki mesafe, elini uzatt\u0131\u011f\u0131nda dokunabilece\u011fin kadar yak\u0131n olmu\u015ftur hep.) kesik ve h\u0131r\u0131lt\u0131l\u0131 inleten \u00f6ks\u00fcr\u00fckleri ve bo\u011fazlar\u0131ndan \u00e7\u0131kar\u0131p raylara f\u0131rlatt\u0131klar\u0131yla tornadan \u00e7\u0131km\u0131\u015f gibiler. <br \/> Uzaktan kurt ulumas\u0131na benzer sesler geliyor, k\u00f6pek olduklar\u0131na inanmak istiyorum. Ayakta durmaktan yoruldum. Birka\u00e7 gecedir uykusuzum, art\u0131k g\u00fcc\u00fcm\u00fcn sonuna geldim galiba. Buradaki tek banka adeta b\u0131rakt\u0131m kendimi. Sert, rahats\u0131z, yaslanma yerinde incecik bir tahta kalm\u0131\u015f, birileri onu kemirmi\u015f. Rahat\u0131 aramay\u0131 uzun s\u00fcre \u00f6nce b\u0131rakt\u0131m nas\u0131lsa. (Aramak ve umut, birinden vazge\u00e7ince \u00f6teki de terk ediyor insan\u0131).Bir \u015fey beni b\u00fct\u00fcn g\u00fcc\u00fcyle a\u015fa\u011f\u0131 \u00e7ekiyor, g\u00f6z kapaklar\u0131mdan ba\u015flay\u0131p kollar\u0131m\u0131, ayaklar\u0131m\u0131. Yer\u00e7ekiminden daha g\u00fc\u00e7l\u00fc, bu uyku. Biraz g\u00f6zlerimi kapatsam, ama bu tehlikeli. Uykum \u00e7ok a\u011f\u0131rd\u0131r bilirsin. Treni ka\u00e7\u0131rabilirim. Hep \u015fik\u00e2yet ederdin, senin y\u00fcz\u00fcnden ilk derslere ge\u00e7 kal\u0131yoruz diye. \u0130lk derslere yeti\u015fir, son derslerde ka\u00e7ard\u0131n. Yine de her yolu dener, beni aya\u011fa dikene kadar direnirdin. Ne inat vard\u0131 sende de. En etkili takti\u011fin su olmu\u015ftu, pek yarat\u0131c\u0131 olmasa da do\u011frusu \u00e7aban\u0131 takdir etmemek elde de\u011fil. Beni s\u00fcr\u00fckleyip (bu k\u0131sm\u0131 hi\u00e7 an\u0131msam\u0131yorum, g\u00fclerek anlatm\u0131\u015ft\u0131n) banyoya g\u00f6t\u00fcrm\u00fc\u015f, ba\u015f\u0131mdan a\u015fa\u011f\u0131 su bo\u015faltm\u0131\u015ft\u0131n. Kolaysa geri yat. Sen, bir arkada\u015f\u0131n, en iyi \u00e7alar saat oldu\u011funa inan\u0131rd\u0131n. Beni de buna inand\u0131rd\u0131n. Her ko\u015fulda uyand\u0131racakt\u0131n beni. <br \/> Uzaklardan horoz sesleri geliyor. Oturdu\u011fum yerden \u015foseden ge\u00e7en ara\u00e7lar\u0131n \u0131\u015f\u0131klar\u0131n\u0131 se\u00e7ebiliyorum. \u015eimdi sen de yoldas\u0131n, raylar\u0131n \u00fczerinde saatler s\u00fcren bir yolculuk. Geldi\u011finde durmadan s\u00f6yleneceksin, yorgunluk, uykusuzluk. Sonra hi\u00e7 durmadan yolculuk an\u0131lar\u0131n\u0131 anlat\u0131rs\u0131n, herkesi, her ayr\u0131nt\u0131y\u0131. Normal bir insan\u0131n aylarca yolculuk yapmas\u0131 gerekir bu kadar an\u0131 biriktirmesi i\u00e7in. Sen anlat\u0131rs\u0131n ben dinlerim. Bu bir d\u00f6ng\u00fcd\u00fcr. Bu d\u00f6ng\u00fcyle dost olduk, \u00e7o\u011fald\u0131k. Lambay\u0131 az \u00f6nce s\u00f6nd\u00fcrd\u00fcler, art\u0131k hava ayd\u0131nlanma yolunda. G\u00f6zlerimi biraz yumsam, birka\u00e7 dakika, bilincimi kaybetmeden. Paltoma daha s\u0131k\u0131 sar\u0131l\u0131yorum. Elim cebimdeki kitab\u0131n dikd\u00f6rtgen sertli\u011finde. \u00c7\u0131kar\u0131p kar\u0131\u015ft\u0131r\u0131yorum, i\u00e7inde sen, mektupta ve foto\u011frafta. Y\u00fcz\u00fcnde yar\u0131 alayc\u0131 bir tebess\u00fcm ( foto\u011fraflarda asla di\u015flerini g\u00f6stermezsin), sa\u00e7lar\u0131n alabros kesim, okul \u00e7ocu\u011fu gibisin. Tekrar kitab\u0131n aras\u0131na koyuyorum onlar\u0131. \u201cG\u00f6n\u00fcl\u00e7elen\u201d mutlaka okumal\u0131ym\u0131\u015f\u0131m, kesin geldi\u011finde soracaks\u0131n. Buraya gelmeden az \u00f6nce bitirebildim. Senin i\u00e7in sabahlad\u0131m. Yolda k\u00fc\u00e7\u00fck bir \u00f6zet yapt\u0131m kafamda ( meslek hastal\u0131\u011f\u0131, bu hastal\u0131k bula\u015f\u0131c\u0131 galiba ve \u00e7ok h\u0131zl\u0131 yay\u0131l\u0131yor, kitab\u0131 oku \u00f6zetini \u00e7\u0131kar). G\u00f6zlerimin i\u00e7ine bak\u0131p o c\u00fcmleyi kurmam i\u00e7in bekleyeceksin ( buna hep direndim, ama bu defa s\u00f6yleyece\u011fim). <br \/>\u201cBu kitapta kendimi buldum ve adeta ayd\u0131nland\u0131m Sinan\u201d.<br \/> B\u00f6yle bir \u015fey yok ama ben yine de senin i\u00e7in kuraca\u011f\u0131m bu c\u00fcmleyi. Bu kitab\u0131 mutlaka okumal\u0131s\u0131n, bu filmi mutlaka izlemelisin, ne zaman bu c\u00fcmlelerle gelsen bilirdim ard\u0131nda hep \u201cayd\u0131nlanacaks\u0131n\u201d yatard\u0131. <br \/>Kitab\u0131 tam d\u00fc\u015fecekken yakalad\u0131m. \u0130\u00e7im ge\u00e7mi\u015f. \u00c7evreye bak\u0131yorum, her \u015fey ayn\u0131, \u00e7ok k\u0131sa s\u00fcrm\u00fc\u015f anla\u015f\u0131lan. Tela\u015flanacak bir \u015fey yok. \u015eimdi s\u0131cak demli bir \u00e7ay olsa, yan\u0131na da koca bir porsiyon k\u0131ymal\u0131 b\u00f6rek. Trenin saatini ka\u00e7\u0131rmamak i\u00e7in hi\u00e7bir \u015fey yemeden yola d\u00fc\u015ft\u00fcm. Hem yaln\u0131z da tad\u0131 olmuyor zaten. Nas\u0131lsa birazdan birlikte i\u00e7ece\u011fiz \u00e7ay\u0131m\u0131z\u0131. Biraz kestirsem. Uyku, yumu\u015fak ve s\u0131cak\u2026<br \/> \u201cHadi, uyan\u0131n, art\u0131k.\u201d<br \/> G\u00f6zlerimi a\u00e7makta zorlan\u0131yorum. V\u00fccudum a\u011f\u0131rla\u015fm\u0131\u015f, ta\u015f gibi. Kolumu hissetmiyorum.<br \/> \u201c Hadi ama.\u201d<br \/>I\u015f\u0131k rahats\u0131z edici, ellerimle siper yap\u0131yorum. <br \/> \u201cBu ne uyku b\u00f6yle, nerdeyse vazge\u00e7iyordum.\u201d<br \/>Kitab\u0131m yerde, e\u011filip al\u0131yorum onu. Adam ba\u015f\u0131mda durmu\u015f gitmeye niyeti yok. Ama saat, g\u00f6zlerime inanam\u0131yorum.<br \/> \u201cSaat ka\u00e7, tren\u2026\u201d<br \/>Anlams\u0131z anlams\u0131z y\u00fcz\u00fcme bak\u0131yor. <br \/> \u201cNe treni hocam?\u201d <br \/> \u201cBen birini bekliyordum, bir arkada\u015f\u0131m.\u201d<br \/>Y\u00fcz\u00fcnde ac\u0131maya benzer bir ifade. \u00c7aresizli\u011fim pa\u00e7alar\u0131mdan ak\u0131yor olmal\u0131.<br \/> \u201cAma bug\u00fcn gelecekti. Ad\u0131 Sinan.\u201d<br \/>\u0130\u015fte \u015fimdi sa\u00e7malad\u0131m, ad\u0131ndan ona ne. Elini omzuma koyuyor, dost olmaya m\u0131 \u00e7al\u0131\u015f\u0131yor.<br \/> \u201cHocam burada donacaks\u0131n\u0131z, D\u00fcn de g\u00f6rd\u00fcm sizi, biriyle konu\u015fur gibi\u2026b\u00f6yle nas\u0131l desem\u2026\u201d<br \/> \u201cSen deme ben s\u00f6ylerim. Treni ka\u00e7\u0131rd\u0131m, sen benden sakl\u0131yorsun, \u00f6yle de\u011fil mi?\u201d<br \/> \u201cEvet, hocam ka\u00e7\u0131rm\u0131\u015fs\u0131n\u0131z, ger\u00e7ekten \u00e7oktan ka\u00e7\u0131rm\u0131\u015fs\u0131n\u0131z treni.\u201d<\/p>\n<p style=\"text-align: justify;\"><em>Beklenen | \u00d6zlen Y\u0131ld\u0131z<\/em><\/p>\n","protected":false},"excerpt":{"rendered":"<p>Gece boyunca ya\u011fan kar sabaha kar\u015f\u0131 \u015fiddetini art\u0131rd\u0131. Geciken seferle birlikte bu so\u011fuk sab\u0131rlar\u0131 t\u00fcketmeliydi, oysa g\u00f6r\u00fcn\u00fcrde \u00f6yle bir manzara yok. Burada her \u015fey donuk. \u00c7at\u0131lardan sarkan buzlar beni hep \u00fcrk\u00fctm\u00fc\u015ft\u00fcr, oysa burada hi\u00e7bir anlam ifade etmiyor. \u0130nsanlar\u0131n b\u0131y\u0131klar\u0131n\u0131n bile dondu\u011funu g\u00f6rd\u00fckten sonra. Bu arada yeni halimi g\u00f6rd\u00fc\u011f\u00fcnde eminim hi\u00e7 ho\u015funa gitmeyecek. O hep g\u0131pta [&hellip;]<\/p>\n","protected":false},"author":1,"featured_media":0,"comment_status":"open","ping_status":"open","sticky":false,"template":"","format":"standard","meta":{"footnotes":""},"categories":[189],"tags":[],"class_list":{"0":"post-6027","1":"post","2":"type-post","3":"status-publish","4":"format-standard","6":"category-ozlen-yildiz"},"yoast_head":"<!-- This site is optimized with the Yoast SEO Premium plugin v24.9 (Yoast SEO v24.9) - https:\/\/yoast.com\/wordpress\/plugins\/seo\/ -->\n<title>Beklenen | \u00d6zlen Y\u0131ld\u0131z - narteks.net<\/title>\n<meta name=\"robots\" content=\"index, follow, max-snippet:-1, max-image-preview:large, max-video-preview:-1\" \/>\n<link rel=\"canonical\" href=\"https:\/\/narteks.net\/index.php\/2011\/05\/31\/beklenen-ozlen-yildiz\/\" \/>\n<meta property=\"og:locale\" content=\"tr_TR\" \/>\n<meta property=\"og:type\" content=\"article\" \/>\n<meta property=\"og:title\" content=\"Beklenen | \u00d6zlen Y\u0131ld\u0131z\" \/>\n<meta property=\"og:description\" content=\"Gece boyunca ya\u011fan kar sabaha kar\u015f\u0131 \u015fiddetini art\u0131rd\u0131. Geciken seferle birlikte bu so\u011fuk sab\u0131rlar\u0131 t\u00fcketmeliydi, oysa g\u00f6r\u00fcn\u00fcrde \u00f6yle bir manzara yok. Burada her \u015fey donuk. \u00c7at\u0131lardan sarkan buzlar beni hep \u00fcrk\u00fctm\u00fc\u015ft\u00fcr, oysa burada hi\u00e7bir anlam ifade etmiyor. \u0130nsanlar\u0131n b\u0131y\u0131klar\u0131n\u0131n bile dondu\u011funu g\u00f6rd\u00fckten sonra. Bu arada yeni halimi g\u00f6rd\u00fc\u011f\u00fcnde eminim hi\u00e7 ho\u015funa gitmeyecek. O hep g\u0131pta [&hellip;]\" \/>\n<meta property=\"og:url\" content=\"https:\/\/narteks.net\/index.php\/2011\/05\/31\/beklenen-ozlen-yildiz\/\" \/>\n<meta property=\"og:site_name\" content=\"narteks.net\" \/>\n<meta property=\"article:published_time\" content=\"2011-05-31T09:05:26+00:00\" \/>\n<meta property=\"og:image\" content=\"http:\/\/3.bp.blogspot.com\/_1qDbmuMEzVY\/TJd9UHuFInI\/AAAAAAAAAGs\/LtkRWuauWRQ\/s1600\/beklemek.jpg\" \/>\n<meta name=\"author\" content=\"Tar\u0131k\" \/>\n<meta name=\"twitter:card\" content=\"summary_large_image\" \/>\n<meta name=\"twitter:creator\" content=\"@narteks\" \/>\n<meta name=\"twitter:site\" content=\"@narteks\" \/>\n<meta name=\"twitter:label1\" content=\"Yazan:\" \/>\n\t<meta name=\"twitter:data1\" content=\"Tar\u0131k\" \/>\n\t<meta name=\"twitter:label2\" content=\"Tahmini okuma s\u00fcresi\" \/>\n\t<meta name=\"twitter:data2\" content=\"6 dakika\" \/>\n<script type=\"application\/ld+json\" class=\"yoast-schema-graph\">{\"@context\":\"https:\/\/schema.org\",\"@graph\":[{\"@type\":\"Article\",\"@id\":\"https:\/\/narteks.net\/index.php\/2011\/05\/31\/beklenen-ozlen-yildiz\/#article\",\"isPartOf\":{\"@id\":\"https:\/\/narteks.net\/index.php\/2011\/05\/31\/beklenen-ozlen-yildiz\/\"},\"author\":{\"name\":\"Tar\u0131k\",\"@id\":\"https:\/\/narteks.net\/#\/schema\/person\/61f37d9834294b72d31d274e7ed79bca\"},\"headline\":\"Beklenen | \u00d6zlen Y\u0131ld\u0131z\",\"datePublished\":\"2011-05-31T09:05:26+00:00\",\"mainEntityOfPage\":{\"@id\":\"https:\/\/narteks.net\/index.php\/2011\/05\/31\/beklenen-ozlen-yildiz\/\"},\"wordCount\":1150,\"commentCount\":0,\"publisher\":{\"@id\":\"https:\/\/narteks.net\/#organization\"},\"image\":{\"@id\":\"https:\/\/narteks.net\/index.php\/2011\/05\/31\/beklenen-ozlen-yildiz\/#primaryimage\"},\"thumbnailUrl\":\"http:\/\/3.bp.blogspot.com\/_1qDbmuMEzVY\/TJd9UHuFInI\/AAAAAAAAAGs\/LtkRWuauWRQ\/s1600\/beklemek.jpg\",\"articleSection\":[\"\u00d6zlen Y\u0131ld\u0131z\"],\"inLanguage\":\"tr\",\"potentialAction\":[{\"@type\":\"CommentAction\",\"name\":\"Comment\",\"target\":[\"https:\/\/narteks.net\/index.php\/2011\/05\/31\/beklenen-ozlen-yildiz\/#respond\"]}]},{\"@type\":\"WebPage\",\"@id\":\"https:\/\/narteks.net\/index.php\/2011\/05\/31\/beklenen-ozlen-yildiz\/\",\"url\":\"https:\/\/narteks.net\/index.php\/2011\/05\/31\/beklenen-ozlen-yildiz\/\",\"name\":\"Beklenen | \u00d6zlen Y\u0131ld\u0131z - narteks.net\",\"isPartOf\":{\"@id\":\"https:\/\/narteks.net\/#website\"},\"primaryImageOfPage\":{\"@id\":\"https:\/\/narteks.net\/index.php\/2011\/05\/31\/beklenen-ozlen-yildiz\/#primaryimage\"},\"image\":{\"@id\":\"https:\/\/narteks.net\/index.php\/2011\/05\/31\/beklenen-ozlen-yildiz\/#primaryimage\"},\"thumbnailUrl\":\"http:\/\/3.bp.blogspot.com\/_1qDbmuMEzVY\/TJd9UHuFInI\/AAAAAAAAAGs\/LtkRWuauWRQ\/s1600\/beklemek.jpg\",\"datePublished\":\"2011-05-31T09:05:26+00:00\",\"breadcrumb\":{\"@id\":\"https:\/\/narteks.net\/index.php\/2011\/05\/31\/beklenen-ozlen-yildiz\/#breadcrumb\"},\"inLanguage\":\"tr\",\"potentialAction\":[{\"@type\":\"ReadAction\",\"target\":[\"https:\/\/narteks.net\/index.php\/2011\/05\/31\/beklenen-ozlen-yildiz\/\"]}]},{\"@type\":\"ImageObject\",\"inLanguage\":\"tr\",\"@id\":\"https:\/\/narteks.net\/index.php\/2011\/05\/31\/beklenen-ozlen-yildiz\/#primaryimage\",\"url\":\"http:\/\/3.bp.blogspot.com\/_1qDbmuMEzVY\/TJd9UHuFInI\/AAAAAAAAAGs\/LtkRWuauWRQ\/s1600\/beklemek.jpg\",\"contentUrl\":\"http:\/\/3.bp.blogspot.com\/_1qDbmuMEzVY\/TJd9UHuFInI\/AAAAAAAAAGs\/LtkRWuauWRQ\/s1600\/beklemek.jpg\"},{\"@type\":\"BreadcrumbList\",\"@id\":\"https:\/\/narteks.net\/index.php\/2011\/05\/31\/beklenen-ozlen-yildiz\/#breadcrumb\",\"itemListElement\":[{\"@type\":\"ListItem\",\"position\":1,\"name\":\"Anasayfa\",\"item\":\"https:\/\/narteks.net\/\"},{\"@type\":\"ListItem\",\"position\":2,\"name\":\"Beklenen | \u00d6zlen Y\u0131ld\u0131z\"}]},{\"@type\":\"WebSite\",\"@id\":\"https:\/\/narteks.net\/#website\",\"url\":\"https:\/\/narteks.net\/\",\"name\":\"narteks.net\",\"description\":\"K\u00fclt\u00fcr Sanat Edebiyat Felsefe\",\"publisher\":{\"@id\":\"https:\/\/narteks.net\/#organization\"},\"alternateName\":\"K\u00fclt\u00fcr Sanat Edebiyat Felsefe\",\"potentialAction\":[{\"@type\":\"SearchAction\",\"target\":{\"@type\":\"EntryPoint\",\"urlTemplate\":\"https:\/\/narteks.net\/?s={search_term_string}\"},\"query-input\":{\"@type\":\"PropertyValueSpecification\",\"valueRequired\":true,\"valueName\":\"search_term_string\"}}],\"inLanguage\":\"tr\"},{\"@type\":\"Organization\",\"@id\":\"https:\/\/narteks.net\/#organization\",\"name\":\"narteks.net\",\"url\":\"https:\/\/narteks.net\/\",\"logo\":{\"@type\":\"ImageObject\",\"inLanguage\":\"tr\",\"@id\":\"https:\/\/narteks.net\/#\/schema\/logo\/image\/\",\"url\":\"https:\/\/narteks.net\/wp-content\/uploads\/narteks.png\",\"contentUrl\":\"https:\/\/narteks.net\/wp-content\/uploads\/narteks.png\",\"width\":300,\"height\":90,\"caption\":\"narteks.net\"},\"image\":{\"@id\":\"https:\/\/narteks.net\/#\/schema\/logo\/image\/\"},\"sameAs\":[\"https:\/\/x.com\/narteks\",\"https:\/\/instagram.com\/narteksnet\"]},{\"@type\":\"Person\",\"@id\":\"https:\/\/narteks.net\/#\/schema\/person\/61f37d9834294b72d31d274e7ed79bca\",\"name\":\"Tar\u0131k\",\"image\":{\"@type\":\"ImageObject\",\"inLanguage\":\"tr\",\"@id\":\"https:\/\/narteks.net\/#\/schema\/person\/image\/\",\"url\":\"https:\/\/secure.gravatar.com\/avatar\/50865afb55632c4ae467e0af0930f6510aa2297d8014be502a55b14f3b7550cf?s=96&d=mm&r=g\",\"contentUrl\":\"https:\/\/secure.gravatar.com\/avatar\/50865afb55632c4ae467e0af0930f6510aa2297d8014be502a55b14f3b7550cf?s=96&d=mm&r=g\",\"caption\":\"Tar\u0131k\"},\"sameAs\":[\"http:\/\/narteks.net\"],\"url\":\"https:\/\/narteks.net\/index.php\/author\/narbak\/\"}]}<\/script>\n<!-- \/ Yoast SEO Premium plugin. -->","yoast_head_json":{"title":"Beklenen | \u00d6zlen Y\u0131ld\u0131z - narteks.net","robots":{"index":"index","follow":"follow","max-snippet":"max-snippet:-1","max-image-preview":"max-image-preview:large","max-video-preview":"max-video-preview:-1"},"canonical":"https:\/\/narteks.net\/index.php\/2011\/05\/31\/beklenen-ozlen-yildiz\/","og_locale":"tr_TR","og_type":"article","og_title":"Beklenen | \u00d6zlen Y\u0131ld\u0131z","og_description":"Gece boyunca ya\u011fan kar sabaha kar\u015f\u0131 \u015fiddetini art\u0131rd\u0131. Geciken seferle birlikte bu so\u011fuk sab\u0131rlar\u0131 t\u00fcketmeliydi, oysa g\u00f6r\u00fcn\u00fcrde \u00f6yle bir manzara yok. Burada her \u015fey donuk. \u00c7at\u0131lardan sarkan buzlar beni hep \u00fcrk\u00fctm\u00fc\u015ft\u00fcr, oysa burada hi\u00e7bir anlam ifade etmiyor. \u0130nsanlar\u0131n b\u0131y\u0131klar\u0131n\u0131n bile dondu\u011funu g\u00f6rd\u00fckten sonra. Bu arada yeni halimi g\u00f6rd\u00fc\u011f\u00fcnde eminim hi\u00e7 ho\u015funa gitmeyecek. O hep g\u0131pta [&hellip;]","og_url":"https:\/\/narteks.net\/index.php\/2011\/05\/31\/beklenen-ozlen-yildiz\/","og_site_name":"narteks.net","article_published_time":"2011-05-31T09:05:26+00:00","og_image":[{"url":"http:\/\/3.bp.blogspot.com\/_1qDbmuMEzVY\/TJd9UHuFInI\/AAAAAAAAAGs\/LtkRWuauWRQ\/s1600\/beklemek.jpg","type":"","width":"","height":""}],"author":"Tar\u0131k","twitter_card":"summary_large_image","twitter_creator":"@narteks","twitter_site":"@narteks","twitter_misc":{"Yazan:":"Tar\u0131k","Tahmini okuma s\u00fcresi":"6 dakika"},"schema":{"@context":"https:\/\/schema.org","@graph":[{"@type":"Article","@id":"https:\/\/narteks.net\/index.php\/2011\/05\/31\/beklenen-ozlen-yildiz\/#article","isPartOf":{"@id":"https:\/\/narteks.net\/index.php\/2011\/05\/31\/beklenen-ozlen-yildiz\/"},"author":{"name":"Tar\u0131k","@id":"https:\/\/narteks.net\/#\/schema\/person\/61f37d9834294b72d31d274e7ed79bca"},"headline":"Beklenen | \u00d6zlen Y\u0131ld\u0131z","datePublished":"2011-05-31T09:05:26+00:00","mainEntityOfPage":{"@id":"https:\/\/narteks.net\/index.php\/2011\/05\/31\/beklenen-ozlen-yildiz\/"},"wordCount":1150,"commentCount":0,"publisher":{"@id":"https:\/\/narteks.net\/#organization"},"image":{"@id":"https:\/\/narteks.net\/index.php\/2011\/05\/31\/beklenen-ozlen-yildiz\/#primaryimage"},"thumbnailUrl":"http:\/\/3.bp.blogspot.com\/_1qDbmuMEzVY\/TJd9UHuFInI\/AAAAAAAAAGs\/LtkRWuauWRQ\/s1600\/beklemek.jpg","articleSection":["\u00d6zlen Y\u0131ld\u0131z"],"inLanguage":"tr","potentialAction":[{"@type":"CommentAction","name":"Comment","target":["https:\/\/narteks.net\/index.php\/2011\/05\/31\/beklenen-ozlen-yildiz\/#respond"]}]},{"@type":"WebPage","@id":"https:\/\/narteks.net\/index.php\/2011\/05\/31\/beklenen-ozlen-yildiz\/","url":"https:\/\/narteks.net\/index.php\/2011\/05\/31\/beklenen-ozlen-yildiz\/","name":"Beklenen | \u00d6zlen Y\u0131ld\u0131z - narteks.net","isPartOf":{"@id":"https:\/\/narteks.net\/#website"},"primaryImageOfPage":{"@id":"https:\/\/narteks.net\/index.php\/2011\/05\/31\/beklenen-ozlen-yildiz\/#primaryimage"},"image":{"@id":"https:\/\/narteks.net\/index.php\/2011\/05\/31\/beklenen-ozlen-yildiz\/#primaryimage"},"thumbnailUrl":"http:\/\/3.bp.blogspot.com\/_1qDbmuMEzVY\/TJd9UHuFInI\/AAAAAAAAAGs\/LtkRWuauWRQ\/s1600\/beklemek.jpg","datePublished":"2011-05-31T09:05:26+00:00","breadcrumb":{"@id":"https:\/\/narteks.net\/index.php\/2011\/05\/31\/beklenen-ozlen-yildiz\/#breadcrumb"},"inLanguage":"tr","potentialAction":[{"@type":"ReadAction","target":["https:\/\/narteks.net\/index.php\/2011\/05\/31\/beklenen-ozlen-yildiz\/"]}]},{"@type":"ImageObject","inLanguage":"tr","@id":"https:\/\/narteks.net\/index.php\/2011\/05\/31\/beklenen-ozlen-yildiz\/#primaryimage","url":"http:\/\/3.bp.blogspot.com\/_1qDbmuMEzVY\/TJd9UHuFInI\/AAAAAAAAAGs\/LtkRWuauWRQ\/s1600\/beklemek.jpg","contentUrl":"http:\/\/3.bp.blogspot.com\/_1qDbmuMEzVY\/TJd9UHuFInI\/AAAAAAAAAGs\/LtkRWuauWRQ\/s1600\/beklemek.jpg"},{"@type":"BreadcrumbList","@id":"https:\/\/narteks.net\/index.php\/2011\/05\/31\/beklenen-ozlen-yildiz\/#breadcrumb","itemListElement":[{"@type":"ListItem","position":1,"name":"Anasayfa","item":"https:\/\/narteks.net\/"},{"@type":"ListItem","position":2,"name":"Beklenen | \u00d6zlen Y\u0131ld\u0131z"}]},{"@type":"WebSite","@id":"https:\/\/narteks.net\/#website","url":"https:\/\/narteks.net\/","name":"narteks.net","description":"K\u00fclt\u00fcr Sanat Edebiyat Felsefe","publisher":{"@id":"https:\/\/narteks.net\/#organization"},"alternateName":"K\u00fclt\u00fcr Sanat Edebiyat Felsefe","potentialAction":[{"@type":"SearchAction","target":{"@type":"EntryPoint","urlTemplate":"https:\/\/narteks.net\/?s={search_term_string}"},"query-input":{"@type":"PropertyValueSpecification","valueRequired":true,"valueName":"search_term_string"}}],"inLanguage":"tr"},{"@type":"Organization","@id":"https:\/\/narteks.net\/#organization","name":"narteks.net","url":"https:\/\/narteks.net\/","logo":{"@type":"ImageObject","inLanguage":"tr","@id":"https:\/\/narteks.net\/#\/schema\/logo\/image\/","url":"https:\/\/narteks.net\/wp-content\/uploads\/narteks.png","contentUrl":"https:\/\/narteks.net\/wp-content\/uploads\/narteks.png","width":300,"height":90,"caption":"narteks.net"},"image":{"@id":"https:\/\/narteks.net\/#\/schema\/logo\/image\/"},"sameAs":["https:\/\/x.com\/narteks","https:\/\/instagram.com\/narteksnet"]},{"@type":"Person","@id":"https:\/\/narteks.net\/#\/schema\/person\/61f37d9834294b72d31d274e7ed79bca","name":"Tar\u0131k","image":{"@type":"ImageObject","inLanguage":"tr","@id":"https:\/\/narteks.net\/#\/schema\/person\/image\/","url":"https:\/\/secure.gravatar.com\/avatar\/50865afb55632c4ae467e0af0930f6510aa2297d8014be502a55b14f3b7550cf?s=96&d=mm&r=g","contentUrl":"https:\/\/secure.gravatar.com\/avatar\/50865afb55632c4ae467e0af0930f6510aa2297d8014be502a55b14f3b7550cf?s=96&d=mm&r=g","caption":"Tar\u0131k"},"sameAs":["http:\/\/narteks.net"],"url":"https:\/\/narteks.net\/index.php\/author\/narbak\/"}]}},"_links":{"self":[{"href":"https:\/\/narteks.net\/index.php\/wp-json\/wp\/v2\/posts\/6027","targetHints":{"allow":["GET"]}}],"collection":[{"href":"https:\/\/narteks.net\/index.php\/wp-json\/wp\/v2\/posts"}],"about":[{"href":"https:\/\/narteks.net\/index.php\/wp-json\/wp\/v2\/types\/post"}],"author":[{"embeddable":true,"href":"https:\/\/narteks.net\/index.php\/wp-json\/wp\/v2\/users\/1"}],"replies":[{"embeddable":true,"href":"https:\/\/narteks.net\/index.php\/wp-json\/wp\/v2\/comments?post=6027"}],"version-history":[{"count":0,"href":"https:\/\/narteks.net\/index.php\/wp-json\/wp\/v2\/posts\/6027\/revisions"}],"wp:attachment":[{"href":"https:\/\/narteks.net\/index.php\/wp-json\/wp\/v2\/media?parent=6027"}],"wp:term":[{"taxonomy":"category","embeddable":true,"href":"https:\/\/narteks.net\/index.php\/wp-json\/wp\/v2\/categories?post=6027"},{"taxonomy":"post_tag","embeddable":true,"href":"https:\/\/narteks.net\/index.php\/wp-json\/wp\/v2\/tags?post=6027"}],"curies":[{"name":"wp","href":"https:\/\/api.w.org\/{rel}","templated":true}]}}