{"id":6029,"date":"2011-05-31T12:11:44","date_gmt":"2011-05-31T09:11:44","guid":{"rendered":"http:\/\/localhost\/wordpress\/2011\/05\/31\/aziz-ozlen-yildiz\/"},"modified":"2011-05-31T12:11:44","modified_gmt":"2011-05-31T09:11:44","slug":"aziz-ozlen-yildiz","status":"publish","type":"post","link":"https:\/\/narteks.net\/index.php\/2011\/05\/31\/aziz-ozlen-yildiz\/","title":{"rendered":"Aziz | \u00d6zlen Y\u0131ld\u0131z"},"content":{"rendered":"<p style=\"text-align: justify;\"><img loading=\"lazy\" decoding=\"async\" src=\"http:\/\/img2.blogcu.com\/images\/c\/e\/m\/cemedib\/imza_yazi_1.gif\" border=\"0\" width=\"155\" height=\"205\" style=\"float: left;\" \/>Ko\u015ftu. Yatak odas\u0131na girdi, soluk solu\u011fa. At\u0131\u015f\u0131n\u0131 yava\u015flatabilirmi\u015f gibi kalbini tuttu, bast\u0131rd\u0131. Teredd\u00fct. Boncuk boncuk sa\u00e7s\u0131z ba\u015f\u0131. Gitti geldi eli. Oymal\u0131 sand\u0131k, \u00e7eyiz saklayan sand\u0131k, i\u015flemeli, naftalin kokulu. Kuytular\u0131nda neler gizler b\u00f6yle?<\/p>\n<p><em>O\u011flumu g\u00f6rd\u00fcm, babam\u0131 g\u00f6rd\u00fcm.o\u011flumu onun kuca\u011f\u0131nda. Odan\u0131n kap\u0131s\u0131 yar\u0131 a\u00e7\u0131k, aradan. K\u00fc\u00e7\u00fcc\u00fck sar\u0131 ba\u015f\u0131 ok\u015fayan kocaman , kal\u0131n p\u00fct\u00fcr\u00fck\u00a0 parmaklar. T\u00fct\u00fcn kokan a\u011f\u0131zdan d\u00f6k\u00fclen s\u00f6zc\u00fckleri, onlar\u0131 g\u00f6rd\u00fcm. Tiz bir metal sesi ya da tahtaya s\u00fcrt\u00fcnen t\u0131rnak gibi \u00fcrpertici. Kan\u0131n bedenden yava\u015f yava\u015f \u00e7ekilmesi gibi uykuya \u00e7eken, \u00e7ocu\u011funu h\u0131zla yakla\u015fan bir trenle kar\u015f\u0131 kar\u015f\u0131ya g\u00f6rmek gibi \u00e7\u0131ld\u0131rt\u0131c\u0131 bir his t\u00fcm bedenimi ele ge\u00e7irdi, ona amade ben, ben ona amade. Ellerimle \u00f6rd\u00fc\u011f\u00fcm duvar, bir y\u0131k\u0131nt\u0131 \u015fimdi.<\/em><\/p>\n<p>Eve geldi\u011finde, al\u0131\u015fkanl\u0131klar\u0131n g\u00fcvenli kollar\u0131nda, yapacaklar\u0131n\u0131 d\u00fc\u015f\u00fcnmeden yapt\u0131\u011f\u0131 g\u00fcnlerden bir g\u00fcnd\u00fc. O\u011ful salonda, e\u015f mutfakta, Aziz kap\u0131da. Anahtar cepte el zilde. Po\u015fette istavrit, yeni rak\u0131 biraz da roka. Mevsimlerin tek de\u011fi\u015ftirdi\u011fi giysiler, ince kal\u0131n, kal\u0131n ince. Kavrulmu\u015f so\u011fan, rutubet kokusu ve hi\u00e7 \u00e7\u0131kmayan, apartmana yay\u0131lm\u0131\u015f, sinmi\u015f mercimek kokusu. <br \/>\u201cO geldi.\u201d dedi Sona aceleci, po\u015fetlere hamle yaparak.<br \/>\u201cKim?\u201d po\u015fetleri geri \u00e7ekti Aziz, ilk kez.<br \/>\u201cAniden kap\u0131da bitiverdi. \u015ea\u015fakald\u0131m.\u201d\u00a0 Geri ad\u0131m att\u0131 Sona ve kocas\u0131n\u0131n g\u00f6zlerine bakmaya cesaret etti.<br \/>\u201c\u2026..\u201d<br \/>\u201cG\u00f6rsen nas\u0131l ya\u015flanm\u0131\u015f, adam bitmi\u015f.\u201d<br \/>\u201cYeter, tamam.\u201d <br \/>\u201cYaln\u0131zl\u0131k kolay de\u011fil. Aziz\u201d<br \/>\u201cTamam kes art\u0131k.\u201d<br \/> \u201cO senin baban.\u201d<br \/>Aziz\u2019in i\u00e7inden gelen hayk\u0131rmakt\u0131, sustu. Sona sustu. Bir u\u00e7urum, bir s\u0131r vard\u0131. S\u00f6ylemedi\u011fi, belki de s\u00f6ylemek istese de dile getiremedi\u011fi Aziz\u2019in.\u00a0 Sezse de bir kere olsun sormad\u0131 Sona, ama emindi bir hik\u00e2yesi vard\u0131 Aziz\u2019in biliyordu, bunu bilmek de benim s\u0131rr\u0131m diye d\u00fc\u015f\u00fcnd\u00fc, avundu. <\/p>\n<p>Geceleri k\u00f6r bir kuyuydu, uyku \u00e7ekerdi derine, direnirdim. Sonunda kazanan hep o olurdu, benden daha g\u00fc\u00e7l\u00fcyd\u00fc, bu d\u00fcnyadaki her \u015fey gibi. A\u011fa\u00e7lar, ku\u015flar, b\u00f6cekler, bebekler, toz tanecikleri, kum, su, toprak\u2026 Onlar vard\u0131 ben yok, onlar ya\u015f\u0131yordu ben \u00f6l\u00fc, onlar b\u00fcy\u00fcyordu ben hep \u00e7ocuk, c\u0131l\u0131z, sessiz, tozdan daha toz. Yerin bin kat alt\u0131 olsa, ben saklansam. Bu aniden uyand\u0131r\u0131lmalar olmasa. Yaln\u0131z olsam, kimsesiz. Anneme yalvard\u0131m, inanmad\u0131, geceleri b\u0131rakma onu dedim, dinlemedi. Yerin bin kat alt\u0131 olsa\u2026<br \/> Babas\u0131n\u0131 g\u00f6r\u00fcr, duyar ama dokunmazd\u0131 Aziz ilk gen\u00e7li\u011finden beri. Son g\u00f6r\u00fc\u015f\u00fc, duyu\u015fu da y\u0131llar \u00f6nceydi. Bir tren istasyonunda, onu g\u00f6zleriyle, s\u00f6zc\u00fckleriyle itmi\u015fti adeta, bozk\u0131r\u0131n ortas\u0131ndaki kimsesiz memleketine. Art\u0131k rengi griye d\u00f6nm\u00fc\u015f, her daim nemli ihtiyar g\u00f6zleriyle bakm\u0131\u015ft\u0131 babas\u0131 o\u011fluna. \u00c7atall\u0131 sesi titremi\u015f, d\u00fczelmeyen kambur parmaklar\u0131n\u0131 Aziz\u2019e uzatm\u0131\u015ft\u0131, son bir umutla. Aziz babas\u0131n\u0131 oldu\u011fu yerde b\u0131rak\u0131p h\u0131zla uzakla\u015fm\u0131\u015ft\u0131 ondan. Onun g\u00f6remeyece\u011finden emin oldu\u011fu bir yer bulup gizlenmi\u015fti ard\u0131na. Gitti\u011fini g\u00f6rmeliydi. G\u00f6rd\u00fc, derin bir soluk ald\u0131. <br \/>Kar\u0131s\u0131 gebe, babas\u0131 yolda, Aziz gene de huzursuz. Ya geri d\u00f6nerse, ya gelirse, o\u011flum, ya sana yakla\u015f\u0131rsa. Diner mi f\u0131rt\u0131na? Aziz besler. Ya\u015famak bir y\u00fckt\u00fc Aziz\u2019in boynunda. \u00d6d\u00fcn\u00e7 al\u0131nm\u0131\u015f gibi korkarak, s\u0131rt\u0131nda a\u011f\u0131rl\u0131\u011f\u0131n\u0131 duyarak, geri verecekmi\u015f gibi as\u0131l sahibine el s\u00fcrmeden, y\u0131pratmaktan \u00e7ekinir gibi kelimeleri tasarruflu, sesi en alt telden. <\/p>\n<p>Geceler ge\u00e7mek bilmez. K\u00fc\u00e7\u00fcc\u00fck bedenimi nerelere saklasam. Kap\u0131 g\u0131c\u0131rdar, hi\u00e7bir zaman derine inemedi\u011fim uykumdan \u00e7ekip al\u0131r beni, sarsar. Bir \u00fc\u015f\u00fcme gelir kendime sar\u0131l\u0131r\u0131m. B\u00fcy\u00fck, p\u00fct\u00fcr\u00fck parmaklar yorgan\u0131mdan i\u00e7eri s\u00fcz\u00fcl\u00fcr, Say\u0131s\u0131zca y\u0131lan dolar yata\u011f\u0131ma, \u0131s\u0131r\u0131r. Solu\u011fundan yay\u0131lan t\u00fct\u00fcne kar\u0131\u015fm\u0131\u015f so\u011fan, \u00e7\u00fcr\u00fck di\u015f kokusu, midem kalkar.<\/p>\n<p>Sand\u0131k. Aziz elini att\u0131 diplere. \u00c7ekti ald\u0131 y\u0131llar \u00f6nce saklad\u0131\u011f\u0131 hazinesini derinden. Bildik bir tiksinti y\u00fckseldi, bir \u00fc\u015f\u00fcme geldi. G\u00f6rd\u00fc\u011f\u00fc manzara. Korkudan ka\u00e7\u0131\u015f yok Aziz, art\u0131k d\u00f6n\u00fc\u015f yok buradan. Tekrar etti bunu kendine \u00fc\u00e7 kez daha, yar\u0131 duyulur bir sesle. Namlunun ucundayd\u0131 art\u0131k. Ko\u015ftu, o\u011flunu \u00e7ekip ald\u0131, d\u0131\u015far\u0131 git dedi yavrum annen seni \u00e7a\u011f\u0131r\u0131r. E\u011filip aln\u0131ndan \u00f6pt\u00fc sonra sar\u0131ld\u0131. Kap\u0131y\u0131 kilitledi ard\u0131ndan. \u015eimdi art\u0131k ba\u015fba\u015fayd\u0131lar. Hi\u00e7 d\u00fc\u015f\u00fcnmedi Aziz, eli hi\u00e7 titremedi, y\u0131llarca bu an\u0131 d\u00fc\u015flemi\u015f gibi, iki el ate\u015f etti.\u00a0\u00a0 <\/p>\n<p>Aziz | \u00d6zlen Y\u0131ld\u0131z<\/p>\n","protected":false},"excerpt":{"rendered":"<p>Ko\u015ftu. Yatak odas\u0131na girdi, soluk solu\u011fa. At\u0131\u015f\u0131n\u0131 yava\u015flatabilirmi\u015f gibi kalbini tuttu, bast\u0131rd\u0131. Teredd\u00fct. Boncuk boncuk sa\u00e7s\u0131z ba\u015f\u0131. Gitti geldi eli. Oymal\u0131 sand\u0131k, \u00e7eyiz saklayan sand\u0131k, i\u015flemeli, naftalin kokulu. Kuytular\u0131nda neler gizler b\u00f6yle? O\u011flumu g\u00f6rd\u00fcm, babam\u0131 g\u00f6rd\u00fcm.o\u011flumu onun kuca\u011f\u0131nda. Odan\u0131n kap\u0131s\u0131 yar\u0131 a\u00e7\u0131k, aradan. K\u00fc\u00e7\u00fcc\u00fck sar\u0131 ba\u015f\u0131 ok\u015fayan kocaman , kal\u0131n p\u00fct\u00fcr\u00fck\u00a0 parmaklar. T\u00fct\u00fcn kokan a\u011f\u0131zdan [&hellip;]<\/p>\n","protected":false},"author":1,"featured_media":0,"comment_status":"open","ping_status":"open","sticky":false,"template":"","format":"standard","meta":{"footnotes":""},"categories":[189],"tags":[],"class_list":{"0":"post-6029","1":"post","2":"type-post","3":"status-publish","4":"format-standard","6":"category-ozlen-yildiz"},"yoast_head":"<!-- This site is optimized with the Yoast SEO Premium plugin v24.9 (Yoast SEO v24.9) - https:\/\/yoast.com\/wordpress\/plugins\/seo\/ -->\n<title>Aziz | \u00d6zlen Y\u0131ld\u0131z - narteks.net<\/title>\n<meta name=\"robots\" content=\"index, follow, max-snippet:-1, max-image-preview:large, max-video-preview:-1\" \/>\n<link rel=\"canonical\" href=\"https:\/\/narteks.net\/index.php\/2011\/05\/31\/aziz-ozlen-yildiz\/\" \/>\n<meta property=\"og:locale\" content=\"tr_TR\" \/>\n<meta property=\"og:type\" content=\"article\" \/>\n<meta property=\"og:title\" content=\"Aziz | \u00d6zlen Y\u0131ld\u0131z\" \/>\n<meta property=\"og:description\" content=\"Ko\u015ftu. Yatak odas\u0131na girdi, soluk solu\u011fa. At\u0131\u015f\u0131n\u0131 yava\u015flatabilirmi\u015f gibi kalbini tuttu, bast\u0131rd\u0131. Teredd\u00fct. Boncuk boncuk sa\u00e7s\u0131z ba\u015f\u0131. Gitti geldi eli. Oymal\u0131 sand\u0131k, \u00e7eyiz saklayan sand\u0131k, i\u015flemeli, naftalin kokulu. Kuytular\u0131nda neler gizler b\u00f6yle? O\u011flumu g\u00f6rd\u00fcm, babam\u0131 g\u00f6rd\u00fcm.o\u011flumu onun kuca\u011f\u0131nda. Odan\u0131n kap\u0131s\u0131 yar\u0131 a\u00e7\u0131k, aradan. K\u00fc\u00e7\u00fcc\u00fck sar\u0131 ba\u015f\u0131 ok\u015fayan kocaman , kal\u0131n p\u00fct\u00fcr\u00fck\u00a0 parmaklar. T\u00fct\u00fcn kokan a\u011f\u0131zdan [&hellip;]\" \/>\n<meta property=\"og:url\" content=\"https:\/\/narteks.net\/index.php\/2011\/05\/31\/aziz-ozlen-yildiz\/\" \/>\n<meta property=\"og:site_name\" content=\"narteks.net\" \/>\n<meta property=\"article:published_time\" content=\"2011-05-31T09:11:44+00:00\" \/>\n<meta property=\"og:image\" content=\"http:\/\/img2.blogcu.com\/images\/c\/e\/m\/cemedib\/imza_yazi_1.gif\" \/>\n<meta name=\"author\" content=\"Tar\u0131k\" \/>\n<meta name=\"twitter:card\" content=\"summary_large_image\" \/>\n<meta name=\"twitter:creator\" content=\"@narteks\" \/>\n<meta name=\"twitter:site\" content=\"@narteks\" \/>\n<meta name=\"twitter:label1\" content=\"Yazan:\" \/>\n\t<meta name=\"twitter:data1\" content=\"Tar\u0131k\" \/>\n\t<meta name=\"twitter:label2\" content=\"Tahmini okuma s\u00fcresi\" \/>\n\t<meta name=\"twitter:data2\" content=\"4 dakika\" \/>\n<script type=\"application\/ld+json\" class=\"yoast-schema-graph\">{\"@context\":\"https:\/\/schema.org\",\"@graph\":[{\"@type\":\"Article\",\"@id\":\"https:\/\/narteks.net\/index.php\/2011\/05\/31\/aziz-ozlen-yildiz\/#article\",\"isPartOf\":{\"@id\":\"https:\/\/narteks.net\/index.php\/2011\/05\/31\/aziz-ozlen-yildiz\/\"},\"author\":{\"name\":\"Tar\u0131k\",\"@id\":\"https:\/\/narteks.net\/#\/schema\/person\/61f37d9834294b72d31d274e7ed79bca\"},\"headline\":\"Aziz | \u00d6zlen Y\u0131ld\u0131z\",\"datePublished\":\"2011-05-31T09:11:44+00:00\",\"mainEntityOfPage\":{\"@id\":\"https:\/\/narteks.net\/index.php\/2011\/05\/31\/aziz-ozlen-yildiz\/\"},\"wordCount\":815,\"commentCount\":0,\"publisher\":{\"@id\":\"https:\/\/narteks.net\/#organization\"},\"image\":{\"@id\":\"https:\/\/narteks.net\/index.php\/2011\/05\/31\/aziz-ozlen-yildiz\/#primaryimage\"},\"thumbnailUrl\":\"http:\/\/img2.blogcu.com\/images\/c\/e\/m\/cemedib\/imza_yazi_1.gif\",\"articleSection\":[\"\u00d6zlen Y\u0131ld\u0131z\"],\"inLanguage\":\"tr\",\"potentialAction\":[{\"@type\":\"CommentAction\",\"name\":\"Comment\",\"target\":[\"https:\/\/narteks.net\/index.php\/2011\/05\/31\/aziz-ozlen-yildiz\/#respond\"]}]},{\"@type\":\"WebPage\",\"@id\":\"https:\/\/narteks.net\/index.php\/2011\/05\/31\/aziz-ozlen-yildiz\/\",\"url\":\"https:\/\/narteks.net\/index.php\/2011\/05\/31\/aziz-ozlen-yildiz\/\",\"name\":\"Aziz | \u00d6zlen Y\u0131ld\u0131z - narteks.net\",\"isPartOf\":{\"@id\":\"https:\/\/narteks.net\/#website\"},\"primaryImageOfPage\":{\"@id\":\"https:\/\/narteks.net\/index.php\/2011\/05\/31\/aziz-ozlen-yildiz\/#primaryimage\"},\"image\":{\"@id\":\"https:\/\/narteks.net\/index.php\/2011\/05\/31\/aziz-ozlen-yildiz\/#primaryimage\"},\"thumbnailUrl\":\"http:\/\/img2.blogcu.com\/images\/c\/e\/m\/cemedib\/imza_yazi_1.gif\",\"datePublished\":\"2011-05-31T09:11:44+00:00\",\"breadcrumb\":{\"@id\":\"https:\/\/narteks.net\/index.php\/2011\/05\/31\/aziz-ozlen-yildiz\/#breadcrumb\"},\"inLanguage\":\"tr\",\"potentialAction\":[{\"@type\":\"ReadAction\",\"target\":[\"https:\/\/narteks.net\/index.php\/2011\/05\/31\/aziz-ozlen-yildiz\/\"]}]},{\"@type\":\"ImageObject\",\"inLanguage\":\"tr\",\"@id\":\"https:\/\/narteks.net\/index.php\/2011\/05\/31\/aziz-ozlen-yildiz\/#primaryimage\",\"url\":\"http:\/\/img2.blogcu.com\/images\/c\/e\/m\/cemedib\/imza_yazi_1.gif\",\"contentUrl\":\"http:\/\/img2.blogcu.com\/images\/c\/e\/m\/cemedib\/imza_yazi_1.gif\"},{\"@type\":\"BreadcrumbList\",\"@id\":\"https:\/\/narteks.net\/index.php\/2011\/05\/31\/aziz-ozlen-yildiz\/#breadcrumb\",\"itemListElement\":[{\"@type\":\"ListItem\",\"position\":1,\"name\":\"Anasayfa\",\"item\":\"https:\/\/narteks.net\/\"},{\"@type\":\"ListItem\",\"position\":2,\"name\":\"Aziz | \u00d6zlen Y\u0131ld\u0131z\"}]},{\"@type\":\"WebSite\",\"@id\":\"https:\/\/narteks.net\/#website\",\"url\":\"https:\/\/narteks.net\/\",\"name\":\"narteks.net\",\"description\":\"K\u00fclt\u00fcr Sanat Edebiyat Felsefe\",\"publisher\":{\"@id\":\"https:\/\/narteks.net\/#organization\"},\"alternateName\":\"K\u00fclt\u00fcr Sanat Edebiyat Felsefe\",\"potentialAction\":[{\"@type\":\"SearchAction\",\"target\":{\"@type\":\"EntryPoint\",\"urlTemplate\":\"https:\/\/narteks.net\/?s={search_term_string}\"},\"query-input\":{\"@type\":\"PropertyValueSpecification\",\"valueRequired\":true,\"valueName\":\"search_term_string\"}}],\"inLanguage\":\"tr\"},{\"@type\":\"Organization\",\"@id\":\"https:\/\/narteks.net\/#organization\",\"name\":\"narteks.net\",\"url\":\"https:\/\/narteks.net\/\",\"logo\":{\"@type\":\"ImageObject\",\"inLanguage\":\"tr\",\"@id\":\"https:\/\/narteks.net\/#\/schema\/logo\/image\/\",\"url\":\"https:\/\/narteks.net\/wp-content\/uploads\/narteks.png\",\"contentUrl\":\"https:\/\/narteks.net\/wp-content\/uploads\/narteks.png\",\"width\":300,\"height\":90,\"caption\":\"narteks.net\"},\"image\":{\"@id\":\"https:\/\/narteks.net\/#\/schema\/logo\/image\/\"},\"sameAs\":[\"https:\/\/x.com\/narteks\",\"https:\/\/instagram.com\/narteksnet\"]},{\"@type\":\"Person\",\"@id\":\"https:\/\/narteks.net\/#\/schema\/person\/61f37d9834294b72d31d274e7ed79bca\",\"name\":\"Tar\u0131k\",\"image\":{\"@type\":\"ImageObject\",\"inLanguage\":\"tr\",\"@id\":\"https:\/\/narteks.net\/#\/schema\/person\/image\/\",\"url\":\"https:\/\/secure.gravatar.com\/avatar\/50865afb55632c4ae467e0af0930f6510aa2297d8014be502a55b14f3b7550cf?s=96&d=mm&r=g\",\"contentUrl\":\"https:\/\/secure.gravatar.com\/avatar\/50865afb55632c4ae467e0af0930f6510aa2297d8014be502a55b14f3b7550cf?s=96&d=mm&r=g\",\"caption\":\"Tar\u0131k\"},\"sameAs\":[\"http:\/\/narteks.net\"],\"url\":\"https:\/\/narteks.net\/index.php\/author\/narbak\/\"}]}<\/script>\n<!-- \/ Yoast SEO Premium plugin. -->","yoast_head_json":{"title":"Aziz | \u00d6zlen Y\u0131ld\u0131z - narteks.net","robots":{"index":"index","follow":"follow","max-snippet":"max-snippet:-1","max-image-preview":"max-image-preview:large","max-video-preview":"max-video-preview:-1"},"canonical":"https:\/\/narteks.net\/index.php\/2011\/05\/31\/aziz-ozlen-yildiz\/","og_locale":"tr_TR","og_type":"article","og_title":"Aziz | \u00d6zlen Y\u0131ld\u0131z","og_description":"Ko\u015ftu. Yatak odas\u0131na girdi, soluk solu\u011fa. At\u0131\u015f\u0131n\u0131 yava\u015flatabilirmi\u015f gibi kalbini tuttu, bast\u0131rd\u0131. Teredd\u00fct. Boncuk boncuk sa\u00e7s\u0131z ba\u015f\u0131. Gitti geldi eli. Oymal\u0131 sand\u0131k, \u00e7eyiz saklayan sand\u0131k, i\u015flemeli, naftalin kokulu. Kuytular\u0131nda neler gizler b\u00f6yle? O\u011flumu g\u00f6rd\u00fcm, babam\u0131 g\u00f6rd\u00fcm.o\u011flumu onun kuca\u011f\u0131nda. Odan\u0131n kap\u0131s\u0131 yar\u0131 a\u00e7\u0131k, aradan. K\u00fc\u00e7\u00fcc\u00fck sar\u0131 ba\u015f\u0131 ok\u015fayan kocaman , kal\u0131n p\u00fct\u00fcr\u00fck\u00a0 parmaklar. T\u00fct\u00fcn kokan a\u011f\u0131zdan [&hellip;]","og_url":"https:\/\/narteks.net\/index.php\/2011\/05\/31\/aziz-ozlen-yildiz\/","og_site_name":"narteks.net","article_published_time":"2011-05-31T09:11:44+00:00","og_image":[{"url":"http:\/\/img2.blogcu.com\/images\/c\/e\/m\/cemedib\/imza_yazi_1.gif","type":"","width":"","height":""}],"author":"Tar\u0131k","twitter_card":"summary_large_image","twitter_creator":"@narteks","twitter_site":"@narteks","twitter_misc":{"Yazan:":"Tar\u0131k","Tahmini okuma s\u00fcresi":"4 dakika"},"schema":{"@context":"https:\/\/schema.org","@graph":[{"@type":"Article","@id":"https:\/\/narteks.net\/index.php\/2011\/05\/31\/aziz-ozlen-yildiz\/#article","isPartOf":{"@id":"https:\/\/narteks.net\/index.php\/2011\/05\/31\/aziz-ozlen-yildiz\/"},"author":{"name":"Tar\u0131k","@id":"https:\/\/narteks.net\/#\/schema\/person\/61f37d9834294b72d31d274e7ed79bca"},"headline":"Aziz | \u00d6zlen Y\u0131ld\u0131z","datePublished":"2011-05-31T09:11:44+00:00","mainEntityOfPage":{"@id":"https:\/\/narteks.net\/index.php\/2011\/05\/31\/aziz-ozlen-yildiz\/"},"wordCount":815,"commentCount":0,"publisher":{"@id":"https:\/\/narteks.net\/#organization"},"image":{"@id":"https:\/\/narteks.net\/index.php\/2011\/05\/31\/aziz-ozlen-yildiz\/#primaryimage"},"thumbnailUrl":"http:\/\/img2.blogcu.com\/images\/c\/e\/m\/cemedib\/imza_yazi_1.gif","articleSection":["\u00d6zlen Y\u0131ld\u0131z"],"inLanguage":"tr","potentialAction":[{"@type":"CommentAction","name":"Comment","target":["https:\/\/narteks.net\/index.php\/2011\/05\/31\/aziz-ozlen-yildiz\/#respond"]}]},{"@type":"WebPage","@id":"https:\/\/narteks.net\/index.php\/2011\/05\/31\/aziz-ozlen-yildiz\/","url":"https:\/\/narteks.net\/index.php\/2011\/05\/31\/aziz-ozlen-yildiz\/","name":"Aziz | \u00d6zlen Y\u0131ld\u0131z - narteks.net","isPartOf":{"@id":"https:\/\/narteks.net\/#website"},"primaryImageOfPage":{"@id":"https:\/\/narteks.net\/index.php\/2011\/05\/31\/aziz-ozlen-yildiz\/#primaryimage"},"image":{"@id":"https:\/\/narteks.net\/index.php\/2011\/05\/31\/aziz-ozlen-yildiz\/#primaryimage"},"thumbnailUrl":"http:\/\/img2.blogcu.com\/images\/c\/e\/m\/cemedib\/imza_yazi_1.gif","datePublished":"2011-05-31T09:11:44+00:00","breadcrumb":{"@id":"https:\/\/narteks.net\/index.php\/2011\/05\/31\/aziz-ozlen-yildiz\/#breadcrumb"},"inLanguage":"tr","potentialAction":[{"@type":"ReadAction","target":["https:\/\/narteks.net\/index.php\/2011\/05\/31\/aziz-ozlen-yildiz\/"]}]},{"@type":"ImageObject","inLanguage":"tr","@id":"https:\/\/narteks.net\/index.php\/2011\/05\/31\/aziz-ozlen-yildiz\/#primaryimage","url":"http:\/\/img2.blogcu.com\/images\/c\/e\/m\/cemedib\/imza_yazi_1.gif","contentUrl":"http:\/\/img2.blogcu.com\/images\/c\/e\/m\/cemedib\/imza_yazi_1.gif"},{"@type":"BreadcrumbList","@id":"https:\/\/narteks.net\/index.php\/2011\/05\/31\/aziz-ozlen-yildiz\/#breadcrumb","itemListElement":[{"@type":"ListItem","position":1,"name":"Anasayfa","item":"https:\/\/narteks.net\/"},{"@type":"ListItem","position":2,"name":"Aziz | \u00d6zlen Y\u0131ld\u0131z"}]},{"@type":"WebSite","@id":"https:\/\/narteks.net\/#website","url":"https:\/\/narteks.net\/","name":"narteks.net","description":"K\u00fclt\u00fcr Sanat Edebiyat Felsefe","publisher":{"@id":"https:\/\/narteks.net\/#organization"},"alternateName":"K\u00fclt\u00fcr Sanat Edebiyat Felsefe","potentialAction":[{"@type":"SearchAction","target":{"@type":"EntryPoint","urlTemplate":"https:\/\/narteks.net\/?s={search_term_string}"},"query-input":{"@type":"PropertyValueSpecification","valueRequired":true,"valueName":"search_term_string"}}],"inLanguage":"tr"},{"@type":"Organization","@id":"https:\/\/narteks.net\/#organization","name":"narteks.net","url":"https:\/\/narteks.net\/","logo":{"@type":"ImageObject","inLanguage":"tr","@id":"https:\/\/narteks.net\/#\/schema\/logo\/image\/","url":"https:\/\/narteks.net\/wp-content\/uploads\/narteks.png","contentUrl":"https:\/\/narteks.net\/wp-content\/uploads\/narteks.png","width":300,"height":90,"caption":"narteks.net"},"image":{"@id":"https:\/\/narteks.net\/#\/schema\/logo\/image\/"},"sameAs":["https:\/\/x.com\/narteks","https:\/\/instagram.com\/narteksnet"]},{"@type":"Person","@id":"https:\/\/narteks.net\/#\/schema\/person\/61f37d9834294b72d31d274e7ed79bca","name":"Tar\u0131k","image":{"@type":"ImageObject","inLanguage":"tr","@id":"https:\/\/narteks.net\/#\/schema\/person\/image\/","url":"https:\/\/secure.gravatar.com\/avatar\/50865afb55632c4ae467e0af0930f6510aa2297d8014be502a55b14f3b7550cf?s=96&d=mm&r=g","contentUrl":"https:\/\/secure.gravatar.com\/avatar\/50865afb55632c4ae467e0af0930f6510aa2297d8014be502a55b14f3b7550cf?s=96&d=mm&r=g","caption":"Tar\u0131k"},"sameAs":["http:\/\/narteks.net"],"url":"https:\/\/narteks.net\/index.php\/author\/narbak\/"}]}},"_links":{"self":[{"href":"https:\/\/narteks.net\/index.php\/wp-json\/wp\/v2\/posts\/6029","targetHints":{"allow":["GET"]}}],"collection":[{"href":"https:\/\/narteks.net\/index.php\/wp-json\/wp\/v2\/posts"}],"about":[{"href":"https:\/\/narteks.net\/index.php\/wp-json\/wp\/v2\/types\/post"}],"author":[{"embeddable":true,"href":"https:\/\/narteks.net\/index.php\/wp-json\/wp\/v2\/users\/1"}],"replies":[{"embeddable":true,"href":"https:\/\/narteks.net\/index.php\/wp-json\/wp\/v2\/comments?post=6029"}],"version-history":[{"count":0,"href":"https:\/\/narteks.net\/index.php\/wp-json\/wp\/v2\/posts\/6029\/revisions"}],"wp:attachment":[{"href":"https:\/\/narteks.net\/index.php\/wp-json\/wp\/v2\/media?parent=6029"}],"wp:term":[{"taxonomy":"category","embeddable":true,"href":"https:\/\/narteks.net\/index.php\/wp-json\/wp\/v2\/categories?post=6029"},{"taxonomy":"post_tag","embeddable":true,"href":"https:\/\/narteks.net\/index.php\/wp-json\/wp\/v2\/tags?post=6029"}],"curies":[{"name":"wp","href":"https:\/\/api.w.org\/{rel}","templated":true}]}}