{"id":6054,"date":"2011-06-02T15:47:02","date_gmt":"2011-06-02T12:47:02","guid":{"rendered":"http:\/\/localhost\/wordpress\/2011\/06\/02\/kalan\/"},"modified":"2011-06-02T15:47:02","modified_gmt":"2011-06-02T12:47:02","slug":"kalan","status":"publish","type":"post","link":"https:\/\/narteks.net\/index.php\/2011\/06\/02\/kalan\/","title":{"rendered":"KALAN.."},"content":{"rendered":"<p>\u00a0<\/p>\n<p>Bir \u015fey kald\u0131 gecelerden birinde<br \/>Senden<br \/>\u00d6ncesinde bilinmemi\u015f bir \u015fey,<br \/>Silinmez bir ses gibi giden..<br \/>Kelimelerden b\u00fcy\u00fck, kelimelerin i\u00e7inde,<br \/>Bir \u015fey kald\u0131 senden<br \/>Ya\u015famalar`\u0131n aras\u0131nda ka\u00e7amakl\u0131.<\/p>\n<p>Verili\u015f rengi ba\u015fka, al\u0131n\u0131\u015f rengi ba\u015fka..<br \/>S\u00f6ylemeye vakit kalmadan<br \/>Dudaklar\u0131n alt\u0131na b\u0131rak\u0131lm\u0131\u015f bir \u015fey.<br \/>Karanl\u0131klar\u0131n tam ortas\u0131nda bir k\u0131rm\u0131z\u0131 nokta..<br \/>G\u00f6zlerce p\u0131r\u0131l p\u0131r\u0131l, ellerce sakl\u0131.<\/p>\n<p>Bir \u015fey kald\u0131, bir denizin k\u0131y\u0131s\u0131nda senden,<br \/>Bak\u0131\u015flarla y\u00fckl\u00fc, soylemelerle sessiz..<br \/>Seninle dolu, seninle sensiz bir \u015fey..<br \/>Arand\u0131k\u00e7a bulunmam\u0131\u015f y\u0131llar y\u0131l\u0131,<br \/>Bulunduk\u00e7a aramakl\u0131.<\/p>\n<p>\u00d6zdemir ASAF<\/p>\n","protected":false},"excerpt":{"rendered":"<p>\u00a0 Bir \u015fey kald\u0131 gecelerden birindeSenden\u00d6ncesinde bilinmemi\u015f bir \u015fey,Silinmez bir ses gibi giden..Kelimelerden b\u00fcy\u00fck, kelimelerin i\u00e7inde,Bir \u015fey kald\u0131 sendenYa\u015famalar`\u0131n aras\u0131nda ka\u00e7amakl\u0131. Verili\u015f rengi ba\u015fka, al\u0131n\u0131\u015f rengi ba\u015fka..S\u00f6ylemeye vakit kalmadanDudaklar\u0131n alt\u0131na b\u0131rak\u0131lm\u0131\u015f bir \u015fey.Karanl\u0131klar\u0131n tam ortas\u0131nda bir k\u0131rm\u0131z\u0131 nokta..G\u00f6zlerce p\u0131r\u0131l p\u0131r\u0131l, ellerce sakl\u0131. Bir \u015fey kald\u0131, bir denizin k\u0131y\u0131s\u0131nda senden,Bak\u0131\u015flarla y\u00fckl\u00fc, soylemelerle sessiz..Seninle dolu, seninle sensiz [&hellip;]<\/p>\n","protected":false},"author":1,"featured_media":0,"comment_status":"open","ping_status":"open","sticky":false,"template":"","format":"standard","meta":{"footnotes":""},"categories":[29],"tags":[],"class_list":{"0":"post-6054","1":"post","2":"type-post","3":"status-publish","4":"format-standard","6":"category-ozdemir-asaf"},"yoast_head":"<!-- This site is optimized with the Yoast SEO Premium plugin v24.9 (Yoast SEO v24.9) - https:\/\/yoast.com\/wordpress\/plugins\/seo\/ -->\n<title>KALAN.. - narteks.net<\/title>\n<meta name=\"robots\" content=\"index, follow, max-snippet:-1, max-image-preview:large, max-video-preview:-1\" \/>\n<link rel=\"canonical\" href=\"https:\/\/narteks.net\/index.php\/2011\/06\/02\/kalan\/\" \/>\n<meta property=\"og:locale\" content=\"tr_TR\" \/>\n<meta property=\"og:type\" content=\"article\" \/>\n<meta property=\"og:title\" content=\"KALAN..\" \/>\n<meta property=\"og:description\" content=\"\u00a0 Bir \u015fey kald\u0131 gecelerden birindeSenden\u00d6ncesinde bilinmemi\u015f bir \u015fey,Silinmez bir ses gibi giden..Kelimelerden b\u00fcy\u00fck, kelimelerin i\u00e7inde,Bir \u015fey kald\u0131 sendenYa\u015famalar`\u0131n aras\u0131nda ka\u00e7amakl\u0131. Verili\u015f rengi ba\u015fka, al\u0131n\u0131\u015f rengi ba\u015fka..S\u00f6ylemeye vakit kalmadanDudaklar\u0131n alt\u0131na b\u0131rak\u0131lm\u0131\u015f bir \u015fey.Karanl\u0131klar\u0131n tam ortas\u0131nda bir k\u0131rm\u0131z\u0131 nokta..G\u00f6zlerce p\u0131r\u0131l p\u0131r\u0131l, ellerce sakl\u0131. Bir \u015fey kald\u0131, bir denizin k\u0131y\u0131s\u0131nda senden,Bak\u0131\u015flarla y\u00fckl\u00fc, soylemelerle sessiz..Seninle dolu, seninle sensiz [&hellip;]\" \/>\n<meta property=\"og:url\" content=\"https:\/\/narteks.net\/index.php\/2011\/06\/02\/kalan\/\" \/>\n<meta property=\"og:site_name\" content=\"narteks.net\" \/>\n<meta property=\"article:published_time\" content=\"2011-06-02T12:47:02+00:00\" \/>\n<meta property=\"og:image\" content=\"https:\/\/narteks.net\/wp-content\/uploads\/narteks.png\" \/>\n\t<meta property=\"og:image:width\" content=\"300\" \/>\n\t<meta property=\"og:image:height\" content=\"90\" \/>\n\t<meta property=\"og:image:type\" content=\"image\/png\" \/>\n<meta name=\"author\" content=\"Tar\u0131k\" \/>\n<meta name=\"twitter:card\" content=\"summary_large_image\" \/>\n<meta name=\"twitter:creator\" content=\"@narteks\" \/>\n<meta name=\"twitter:site\" content=\"@narteks\" \/>\n<meta name=\"twitter:label1\" content=\"Yazan:\" \/>\n\t<meta name=\"twitter:data1\" content=\"Tar\u0131k\" \/>\n\t<meta name=\"twitter:label2\" content=\"Tahmini okuma s\u00fcresi\" \/>\n\t<meta name=\"twitter:data2\" content=\"1 dakika\" \/>\n<script type=\"application\/ld+json\" class=\"yoast-schema-graph\">{\"@context\":\"https:\/\/schema.org\",\"@graph\":[{\"@type\":\"Article\",\"@id\":\"https:\/\/narteks.net\/index.php\/2011\/06\/02\/kalan\/#article\",\"isPartOf\":{\"@id\":\"https:\/\/narteks.net\/index.php\/2011\/06\/02\/kalan\/\"},\"author\":{\"name\":\"Tar\u0131k\",\"@id\":\"https:\/\/narteks.net\/#\/schema\/person\/61f37d9834294b72d31d274e7ed79bca\"},\"headline\":\"KALAN..\",\"datePublished\":\"2011-06-02T12:47:02+00:00\",\"mainEntityOfPage\":{\"@id\":\"https:\/\/narteks.net\/index.php\/2011\/06\/02\/kalan\/\"},\"wordCount\":109,\"commentCount\":0,\"publisher\":{\"@id\":\"https:\/\/narteks.net\/#organization\"},\"articleSection\":[\"\u00d6zdemir ASAF\"],\"inLanguage\":\"tr\",\"potentialAction\":[{\"@type\":\"CommentAction\",\"name\":\"Comment\",\"target\":[\"https:\/\/narteks.net\/index.php\/2011\/06\/02\/kalan\/#respond\"]}]},{\"@type\":\"WebPage\",\"@id\":\"https:\/\/narteks.net\/index.php\/2011\/06\/02\/kalan\/\",\"url\":\"https:\/\/narteks.net\/index.php\/2011\/06\/02\/kalan\/\",\"name\":\"KALAN.. - narteks.net\",\"isPartOf\":{\"@id\":\"https:\/\/narteks.net\/#website\"},\"datePublished\":\"2011-06-02T12:47:02+00:00\",\"breadcrumb\":{\"@id\":\"https:\/\/narteks.net\/index.php\/2011\/06\/02\/kalan\/#breadcrumb\"},\"inLanguage\":\"tr\",\"potentialAction\":[{\"@type\":\"ReadAction\",\"target\":[\"https:\/\/narteks.net\/index.php\/2011\/06\/02\/kalan\/\"]}]},{\"@type\":\"BreadcrumbList\",\"@id\":\"https:\/\/narteks.net\/index.php\/2011\/06\/02\/kalan\/#breadcrumb\",\"itemListElement\":[{\"@type\":\"ListItem\",\"position\":1,\"name\":\"Anasayfa\",\"item\":\"https:\/\/narteks.net\/\"},{\"@type\":\"ListItem\",\"position\":2,\"name\":\"KALAN..\"}]},{\"@type\":\"WebSite\",\"@id\":\"https:\/\/narteks.net\/#website\",\"url\":\"https:\/\/narteks.net\/\",\"name\":\"narteks.net\",\"description\":\"K\u00fclt\u00fcr Sanat Edebiyat Felsefe\",\"publisher\":{\"@id\":\"https:\/\/narteks.net\/#organization\"},\"alternateName\":\"K\u00fclt\u00fcr Sanat Edebiyat Felsefe\",\"potentialAction\":[{\"@type\":\"SearchAction\",\"target\":{\"@type\":\"EntryPoint\",\"urlTemplate\":\"https:\/\/narteks.net\/?s={search_term_string}\"},\"query-input\":{\"@type\":\"PropertyValueSpecification\",\"valueRequired\":true,\"valueName\":\"search_term_string\"}}],\"inLanguage\":\"tr\"},{\"@type\":\"Organization\",\"@id\":\"https:\/\/narteks.net\/#organization\",\"name\":\"narteks.net\",\"url\":\"https:\/\/narteks.net\/\",\"logo\":{\"@type\":\"ImageObject\",\"inLanguage\":\"tr\",\"@id\":\"https:\/\/narteks.net\/#\/schema\/logo\/image\/\",\"url\":\"https:\/\/narteks.net\/wp-content\/uploads\/narteks.png\",\"contentUrl\":\"https:\/\/narteks.net\/wp-content\/uploads\/narteks.png\",\"width\":300,\"height\":90,\"caption\":\"narteks.net\"},\"image\":{\"@id\":\"https:\/\/narteks.net\/#\/schema\/logo\/image\/\"},\"sameAs\":[\"https:\/\/x.com\/narteks\",\"https:\/\/instagram.com\/narteksnet\"]},{\"@type\":\"Person\",\"@id\":\"https:\/\/narteks.net\/#\/schema\/person\/61f37d9834294b72d31d274e7ed79bca\",\"name\":\"Tar\u0131k\",\"image\":{\"@type\":\"ImageObject\",\"inLanguage\":\"tr\",\"@id\":\"https:\/\/narteks.net\/#\/schema\/person\/image\/\",\"url\":\"https:\/\/secure.gravatar.com\/avatar\/50865afb55632c4ae467e0af0930f6510aa2297d8014be502a55b14f3b7550cf?s=96&d=mm&r=g\",\"contentUrl\":\"https:\/\/secure.gravatar.com\/avatar\/50865afb55632c4ae467e0af0930f6510aa2297d8014be502a55b14f3b7550cf?s=96&d=mm&r=g\",\"caption\":\"Tar\u0131k\"},\"sameAs\":[\"http:\/\/narteks.net\"],\"url\":\"https:\/\/narteks.net\/index.php\/author\/narbak\/\"}]}<\/script>\n<!-- \/ Yoast SEO Premium plugin. -->","yoast_head_json":{"title":"KALAN.. - narteks.net","robots":{"index":"index","follow":"follow","max-snippet":"max-snippet:-1","max-image-preview":"max-image-preview:large","max-video-preview":"max-video-preview:-1"},"canonical":"https:\/\/narteks.net\/index.php\/2011\/06\/02\/kalan\/","og_locale":"tr_TR","og_type":"article","og_title":"KALAN..","og_description":"\u00a0 Bir \u015fey kald\u0131 gecelerden birindeSenden\u00d6ncesinde bilinmemi\u015f bir \u015fey,Silinmez bir ses gibi giden..Kelimelerden b\u00fcy\u00fck, kelimelerin i\u00e7inde,Bir \u015fey kald\u0131 sendenYa\u015famalar`\u0131n aras\u0131nda ka\u00e7amakl\u0131. Verili\u015f rengi ba\u015fka, al\u0131n\u0131\u015f rengi ba\u015fka..S\u00f6ylemeye vakit kalmadanDudaklar\u0131n alt\u0131na b\u0131rak\u0131lm\u0131\u015f bir \u015fey.Karanl\u0131klar\u0131n tam ortas\u0131nda bir k\u0131rm\u0131z\u0131 nokta..G\u00f6zlerce p\u0131r\u0131l p\u0131r\u0131l, ellerce sakl\u0131. Bir \u015fey kald\u0131, bir denizin k\u0131y\u0131s\u0131nda senden,Bak\u0131\u015flarla y\u00fckl\u00fc, soylemelerle sessiz..Seninle dolu, seninle sensiz [&hellip;]","og_url":"https:\/\/narteks.net\/index.php\/2011\/06\/02\/kalan\/","og_site_name":"narteks.net","article_published_time":"2011-06-02T12:47:02+00:00","og_image":[{"width":300,"height":90,"url":"https:\/\/narteks.net\/wp-content\/uploads\/narteks.png","type":"image\/png"}],"author":"Tar\u0131k","twitter_card":"summary_large_image","twitter_creator":"@narteks","twitter_site":"@narteks","twitter_misc":{"Yazan:":"Tar\u0131k","Tahmini okuma s\u00fcresi":"1 dakika"},"schema":{"@context":"https:\/\/schema.org","@graph":[{"@type":"Article","@id":"https:\/\/narteks.net\/index.php\/2011\/06\/02\/kalan\/#article","isPartOf":{"@id":"https:\/\/narteks.net\/index.php\/2011\/06\/02\/kalan\/"},"author":{"name":"Tar\u0131k","@id":"https:\/\/narteks.net\/#\/schema\/person\/61f37d9834294b72d31d274e7ed79bca"},"headline":"KALAN..","datePublished":"2011-06-02T12:47:02+00:00","mainEntityOfPage":{"@id":"https:\/\/narteks.net\/index.php\/2011\/06\/02\/kalan\/"},"wordCount":109,"commentCount":0,"publisher":{"@id":"https:\/\/narteks.net\/#organization"},"articleSection":["\u00d6zdemir ASAF"],"inLanguage":"tr","potentialAction":[{"@type":"CommentAction","name":"Comment","target":["https:\/\/narteks.net\/index.php\/2011\/06\/02\/kalan\/#respond"]}]},{"@type":"WebPage","@id":"https:\/\/narteks.net\/index.php\/2011\/06\/02\/kalan\/","url":"https:\/\/narteks.net\/index.php\/2011\/06\/02\/kalan\/","name":"KALAN.. - narteks.net","isPartOf":{"@id":"https:\/\/narteks.net\/#website"},"datePublished":"2011-06-02T12:47:02+00:00","breadcrumb":{"@id":"https:\/\/narteks.net\/index.php\/2011\/06\/02\/kalan\/#breadcrumb"},"inLanguage":"tr","potentialAction":[{"@type":"ReadAction","target":["https:\/\/narteks.net\/index.php\/2011\/06\/02\/kalan\/"]}]},{"@type":"BreadcrumbList","@id":"https:\/\/narteks.net\/index.php\/2011\/06\/02\/kalan\/#breadcrumb","itemListElement":[{"@type":"ListItem","position":1,"name":"Anasayfa","item":"https:\/\/narteks.net\/"},{"@type":"ListItem","position":2,"name":"KALAN.."}]},{"@type":"WebSite","@id":"https:\/\/narteks.net\/#website","url":"https:\/\/narteks.net\/","name":"narteks.net","description":"K\u00fclt\u00fcr Sanat Edebiyat Felsefe","publisher":{"@id":"https:\/\/narteks.net\/#organization"},"alternateName":"K\u00fclt\u00fcr Sanat Edebiyat Felsefe","potentialAction":[{"@type":"SearchAction","target":{"@type":"EntryPoint","urlTemplate":"https:\/\/narteks.net\/?s={search_term_string}"},"query-input":{"@type":"PropertyValueSpecification","valueRequired":true,"valueName":"search_term_string"}}],"inLanguage":"tr"},{"@type":"Organization","@id":"https:\/\/narteks.net\/#organization","name":"narteks.net","url":"https:\/\/narteks.net\/","logo":{"@type":"ImageObject","inLanguage":"tr","@id":"https:\/\/narteks.net\/#\/schema\/logo\/image\/","url":"https:\/\/narteks.net\/wp-content\/uploads\/narteks.png","contentUrl":"https:\/\/narteks.net\/wp-content\/uploads\/narteks.png","width":300,"height":90,"caption":"narteks.net"},"image":{"@id":"https:\/\/narteks.net\/#\/schema\/logo\/image\/"},"sameAs":["https:\/\/x.com\/narteks","https:\/\/instagram.com\/narteksnet"]},{"@type":"Person","@id":"https:\/\/narteks.net\/#\/schema\/person\/61f37d9834294b72d31d274e7ed79bca","name":"Tar\u0131k","image":{"@type":"ImageObject","inLanguage":"tr","@id":"https:\/\/narteks.net\/#\/schema\/person\/image\/","url":"https:\/\/secure.gravatar.com\/avatar\/50865afb55632c4ae467e0af0930f6510aa2297d8014be502a55b14f3b7550cf?s=96&d=mm&r=g","contentUrl":"https:\/\/secure.gravatar.com\/avatar\/50865afb55632c4ae467e0af0930f6510aa2297d8014be502a55b14f3b7550cf?s=96&d=mm&r=g","caption":"Tar\u0131k"},"sameAs":["http:\/\/narteks.net"],"url":"https:\/\/narteks.net\/index.php\/author\/narbak\/"}]}},"_links":{"self":[{"href":"https:\/\/narteks.net\/index.php\/wp-json\/wp\/v2\/posts\/6054","targetHints":{"allow":["GET"]}}],"collection":[{"href":"https:\/\/narteks.net\/index.php\/wp-json\/wp\/v2\/posts"}],"about":[{"href":"https:\/\/narteks.net\/index.php\/wp-json\/wp\/v2\/types\/post"}],"author":[{"embeddable":true,"href":"https:\/\/narteks.net\/index.php\/wp-json\/wp\/v2\/users\/1"}],"replies":[{"embeddable":true,"href":"https:\/\/narteks.net\/index.php\/wp-json\/wp\/v2\/comments?post=6054"}],"version-history":[{"count":0,"href":"https:\/\/narteks.net\/index.php\/wp-json\/wp\/v2\/posts\/6054\/revisions"}],"wp:attachment":[{"href":"https:\/\/narteks.net\/index.php\/wp-json\/wp\/v2\/media?parent=6054"}],"wp:term":[{"taxonomy":"category","embeddable":true,"href":"https:\/\/narteks.net\/index.php\/wp-json\/wp\/v2\/categories?post=6054"},{"taxonomy":"post_tag","embeddable":true,"href":"https:\/\/narteks.net\/index.php\/wp-json\/wp\/v2\/tags?post=6054"}],"curies":[{"name":"wp","href":"https:\/\/api.w.org\/{rel}","templated":true}]}}