{"id":6061,"date":"2011-06-02T16:02:51","date_gmt":"2011-06-02T13:02:51","guid":{"rendered":"http:\/\/localhost\/wordpress\/2011\/06\/02\/seni-saklayacagim\/"},"modified":"2011-06-02T16:02:51","modified_gmt":"2011-06-02T13:02:51","slug":"seni-saklayacagim","status":"publish","type":"post","link":"https:\/\/narteks.net\/index.php\/2011\/06\/02\/seni-saklayacagim\/","title":{"rendered":"SEN\u0130 SAKLAYACA\u011eIM"},"content":{"rendered":"<p>\u00a0<\/p>\n<p>Seni saklayaca\u011f\u0131m inan<br \/>Yazd\u0131klar\u0131mda, \u00e7izdiklerimde<br \/>\u015eark\u0131lar\u0131mda, s\u00f6zlerimde.<\/p>\n<p>Sen kalacaks\u0131n kimse bilmeyecek<br \/>Ve kimseler g\u00f6rmeyecek seni, <br \/>Ya\u015fayacaks\u0131n g\u00f6zlerimde.<\/p>\n<p>Sen g\u00f6receksin duyacaks\u0131n<br \/>Par\u0131ldayan bir sevi s\u0131cakl\u0131\u011f\u0131, <br \/>Uyuyacak, uyanacaks\u0131n.<\/p>\n<p>Bakacaks\u0131n, benzemiyor<br \/>Gelen g\u00fcnler ge\u00e7enlere, <br \/>Dalacaks\u0131n.<\/p>\n<p>Bir seviyi anlamak<br \/>Bir ya\u015fam harcamakt\u0131r, <br \/>Harcayacaks\u0131n.<\/p>\n<p>Seni ya\u015fayaca\u011f\u0131m, anlat\u0131lmaz, <br \/>Ya\u015fayaca\u011f\u0131m g\u00f6zlerimde; <br \/>G\u00f6zlerimde saklayaca\u011f\u0131m.<\/p>\n<p>Bir g\u00fcn, tam anlatmaya&#8230;<br \/>Bakacaks\u0131n, <br \/>G\u00f6zlerimi kapayaca\u011f\u0131m&#8230;<br \/>Anlayacaks\u0131n.<\/p>\n<p>\u00d6zdemir ASAF<\/p>\n","protected":false},"excerpt":{"rendered":"<p>\u00a0 Seni saklayaca\u011f\u0131m inanYazd\u0131klar\u0131mda, \u00e7izdiklerimde\u015eark\u0131lar\u0131mda, s\u00f6zlerimde. Sen kalacaks\u0131n kimse bilmeyecekVe kimseler g\u00f6rmeyecek seni, Ya\u015fayacaks\u0131n g\u00f6zlerimde. Sen g\u00f6receksin duyacaks\u0131nPar\u0131ldayan bir sevi s\u0131cakl\u0131\u011f\u0131, Uyuyacak, uyanacaks\u0131n. Bakacaks\u0131n, benzemiyorGelen g\u00fcnler ge\u00e7enlere, Dalacaks\u0131n. Bir seviyi anlamakBir ya\u015fam harcamakt\u0131r, Harcayacaks\u0131n. Seni ya\u015fayaca\u011f\u0131m, anlat\u0131lmaz, Ya\u015fayaca\u011f\u0131m g\u00f6zlerimde; G\u00f6zlerimde saklayaca\u011f\u0131m. Bir g\u00fcn, tam anlatmaya&#8230;Bakacaks\u0131n, G\u00f6zlerimi kapayaca\u011f\u0131m&#8230;Anlayacaks\u0131n. \u00d6zdemir ASAF<\/p>\n","protected":false},"author":1,"featured_media":0,"comment_status":"open","ping_status":"open","sticky":false,"template":"","format":"standard","meta":{"footnotes":""},"categories":[29],"tags":[],"class_list":{"0":"post-6061","1":"post","2":"type-post","3":"status-publish","4":"format-standard","6":"category-ozdemir-asaf"},"yoast_head":"<!-- This site is optimized with the Yoast SEO Premium plugin v24.9 (Yoast SEO v24.9) - https:\/\/yoast.com\/wordpress\/plugins\/seo\/ -->\n<title>SEN\u0130 SAKLAYACA\u011eIM - narteks.net<\/title>\n<meta name=\"robots\" content=\"index, follow, max-snippet:-1, max-image-preview:large, max-video-preview:-1\" \/>\n<link rel=\"canonical\" href=\"https:\/\/narteks.net\/index.php\/2011\/06\/02\/seni-saklayacagim\/\" \/>\n<meta property=\"og:locale\" content=\"tr_TR\" \/>\n<meta property=\"og:type\" content=\"article\" \/>\n<meta property=\"og:title\" content=\"SEN\u0130 SAKLAYACA\u011eIM\" \/>\n<meta property=\"og:description\" content=\"\u00a0 Seni saklayaca\u011f\u0131m inanYazd\u0131klar\u0131mda, \u00e7izdiklerimde\u015eark\u0131lar\u0131mda, s\u00f6zlerimde. Sen kalacaks\u0131n kimse bilmeyecekVe kimseler g\u00f6rmeyecek seni, Ya\u015fayacaks\u0131n g\u00f6zlerimde. Sen g\u00f6receksin duyacaks\u0131nPar\u0131ldayan bir sevi s\u0131cakl\u0131\u011f\u0131, Uyuyacak, uyanacaks\u0131n. Bakacaks\u0131n, benzemiyorGelen g\u00fcnler ge\u00e7enlere, Dalacaks\u0131n. Bir seviyi anlamakBir ya\u015fam harcamakt\u0131r, Harcayacaks\u0131n. Seni ya\u015fayaca\u011f\u0131m, anlat\u0131lmaz, Ya\u015fayaca\u011f\u0131m g\u00f6zlerimde; G\u00f6zlerimde saklayaca\u011f\u0131m. Bir g\u00fcn, tam anlatmaya&#8230;Bakacaks\u0131n, G\u00f6zlerimi kapayaca\u011f\u0131m&#8230;Anlayacaks\u0131n. \u00d6zdemir ASAF\" \/>\n<meta property=\"og:url\" content=\"https:\/\/narteks.net\/index.php\/2011\/06\/02\/seni-saklayacagim\/\" \/>\n<meta property=\"og:site_name\" content=\"narteks.net\" \/>\n<meta property=\"article:published_time\" content=\"2011-06-02T13:02:51+00:00\" \/>\n<meta property=\"og:image\" content=\"https:\/\/narteks.net\/wp-content\/uploads\/narteks.png\" \/>\n\t<meta property=\"og:image:width\" content=\"300\" \/>\n\t<meta property=\"og:image:height\" content=\"90\" \/>\n\t<meta property=\"og:image:type\" content=\"image\/png\" \/>\n<meta name=\"author\" content=\"Tar\u0131k\" \/>\n<meta name=\"twitter:card\" content=\"summary_large_image\" \/>\n<meta name=\"twitter:creator\" content=\"@narteks\" \/>\n<meta name=\"twitter:site\" content=\"@narteks\" \/>\n<meta name=\"twitter:label1\" content=\"Yazan:\" \/>\n\t<meta name=\"twitter:data1\" content=\"Tar\u0131k\" \/>\n<script type=\"application\/ld+json\" class=\"yoast-schema-graph\">{\"@context\":\"https:\/\/schema.org\",\"@graph\":[{\"@type\":\"Article\",\"@id\":\"https:\/\/narteks.net\/index.php\/2011\/06\/02\/seni-saklayacagim\/#article\",\"isPartOf\":{\"@id\":\"https:\/\/narteks.net\/index.php\/2011\/06\/02\/seni-saklayacagim\/\"},\"author\":{\"name\":\"Tar\u0131k\",\"@id\":\"https:\/\/narteks.net\/#\/schema\/person\/61f37d9834294b72d31d274e7ed79bca\"},\"headline\":\"SEN\u0130 SAKLAYACA\u011eIM\",\"datePublished\":\"2011-06-02T13:02:51+00:00\",\"mainEntityOfPage\":{\"@id\":\"https:\/\/narteks.net\/index.php\/2011\/06\/02\/seni-saklayacagim\/\"},\"wordCount\":90,\"commentCount\":0,\"publisher\":{\"@id\":\"https:\/\/narteks.net\/#organization\"},\"articleSection\":[\"\u00d6zdemir ASAF\"],\"inLanguage\":\"tr\",\"potentialAction\":[{\"@type\":\"CommentAction\",\"name\":\"Comment\",\"target\":[\"https:\/\/narteks.net\/index.php\/2011\/06\/02\/seni-saklayacagim\/#respond\"]}]},{\"@type\":\"WebPage\",\"@id\":\"https:\/\/narteks.net\/index.php\/2011\/06\/02\/seni-saklayacagim\/\",\"url\":\"https:\/\/narteks.net\/index.php\/2011\/06\/02\/seni-saklayacagim\/\",\"name\":\"SEN\u0130 SAKLAYACA\u011eIM - narteks.net\",\"isPartOf\":{\"@id\":\"https:\/\/narteks.net\/#website\"},\"datePublished\":\"2011-06-02T13:02:51+00:00\",\"breadcrumb\":{\"@id\":\"https:\/\/narteks.net\/index.php\/2011\/06\/02\/seni-saklayacagim\/#breadcrumb\"},\"inLanguage\":\"tr\",\"potentialAction\":[{\"@type\":\"ReadAction\",\"target\":[\"https:\/\/narteks.net\/index.php\/2011\/06\/02\/seni-saklayacagim\/\"]}]},{\"@type\":\"BreadcrumbList\",\"@id\":\"https:\/\/narteks.net\/index.php\/2011\/06\/02\/seni-saklayacagim\/#breadcrumb\",\"itemListElement\":[{\"@type\":\"ListItem\",\"position\":1,\"name\":\"Anasayfa\",\"item\":\"https:\/\/narteks.net\/\"},{\"@type\":\"ListItem\",\"position\":2,\"name\":\"SEN\u0130 SAKLAYACA\u011eIM\"}]},{\"@type\":\"WebSite\",\"@id\":\"https:\/\/narteks.net\/#website\",\"url\":\"https:\/\/narteks.net\/\",\"name\":\"narteks.net\",\"description\":\"K\u00fclt\u00fcr Sanat Edebiyat Felsefe\",\"publisher\":{\"@id\":\"https:\/\/narteks.net\/#organization\"},\"alternateName\":\"K\u00fclt\u00fcr Sanat Edebiyat Felsefe\",\"potentialAction\":[{\"@type\":\"SearchAction\",\"target\":{\"@type\":\"EntryPoint\",\"urlTemplate\":\"https:\/\/narteks.net\/?s={search_term_string}\"},\"query-input\":{\"@type\":\"PropertyValueSpecification\",\"valueRequired\":true,\"valueName\":\"search_term_string\"}}],\"inLanguage\":\"tr\"},{\"@type\":\"Organization\",\"@id\":\"https:\/\/narteks.net\/#organization\",\"name\":\"narteks.net\",\"url\":\"https:\/\/narteks.net\/\",\"logo\":{\"@type\":\"ImageObject\",\"inLanguage\":\"tr\",\"@id\":\"https:\/\/narteks.net\/#\/schema\/logo\/image\/\",\"url\":\"https:\/\/narteks.net\/wp-content\/uploads\/narteks.png\",\"contentUrl\":\"https:\/\/narteks.net\/wp-content\/uploads\/narteks.png\",\"width\":300,\"height\":90,\"caption\":\"narteks.net\"},\"image\":{\"@id\":\"https:\/\/narteks.net\/#\/schema\/logo\/image\/\"},\"sameAs\":[\"https:\/\/x.com\/narteks\",\"https:\/\/instagram.com\/narteksnet\"]},{\"@type\":\"Person\",\"@id\":\"https:\/\/narteks.net\/#\/schema\/person\/61f37d9834294b72d31d274e7ed79bca\",\"name\":\"Tar\u0131k\",\"image\":{\"@type\":\"ImageObject\",\"inLanguage\":\"tr\",\"@id\":\"https:\/\/narteks.net\/#\/schema\/person\/image\/\",\"url\":\"https:\/\/secure.gravatar.com\/avatar\/50865afb55632c4ae467e0af0930f6510aa2297d8014be502a55b14f3b7550cf?s=96&d=mm&r=g\",\"contentUrl\":\"https:\/\/secure.gravatar.com\/avatar\/50865afb55632c4ae467e0af0930f6510aa2297d8014be502a55b14f3b7550cf?s=96&d=mm&r=g\",\"caption\":\"Tar\u0131k\"},\"sameAs\":[\"http:\/\/narteks.net\"],\"url\":\"https:\/\/narteks.net\/index.php\/author\/narbak\/\"}]}<\/script>\n<!-- \/ Yoast SEO Premium plugin. -->","yoast_head_json":{"title":"SEN\u0130 SAKLAYACA\u011eIM - narteks.net","robots":{"index":"index","follow":"follow","max-snippet":"max-snippet:-1","max-image-preview":"max-image-preview:large","max-video-preview":"max-video-preview:-1"},"canonical":"https:\/\/narteks.net\/index.php\/2011\/06\/02\/seni-saklayacagim\/","og_locale":"tr_TR","og_type":"article","og_title":"SEN\u0130 SAKLAYACA\u011eIM","og_description":"\u00a0 Seni saklayaca\u011f\u0131m inanYazd\u0131klar\u0131mda, \u00e7izdiklerimde\u015eark\u0131lar\u0131mda, s\u00f6zlerimde. Sen kalacaks\u0131n kimse bilmeyecekVe kimseler g\u00f6rmeyecek seni, Ya\u015fayacaks\u0131n g\u00f6zlerimde. Sen g\u00f6receksin duyacaks\u0131nPar\u0131ldayan bir sevi s\u0131cakl\u0131\u011f\u0131, Uyuyacak, uyanacaks\u0131n. Bakacaks\u0131n, benzemiyorGelen g\u00fcnler ge\u00e7enlere, Dalacaks\u0131n. Bir seviyi anlamakBir ya\u015fam harcamakt\u0131r, Harcayacaks\u0131n. Seni ya\u015fayaca\u011f\u0131m, anlat\u0131lmaz, Ya\u015fayaca\u011f\u0131m g\u00f6zlerimde; G\u00f6zlerimde saklayaca\u011f\u0131m. Bir g\u00fcn, tam anlatmaya&#8230;Bakacaks\u0131n, G\u00f6zlerimi kapayaca\u011f\u0131m&#8230;Anlayacaks\u0131n. \u00d6zdemir ASAF","og_url":"https:\/\/narteks.net\/index.php\/2011\/06\/02\/seni-saklayacagim\/","og_site_name":"narteks.net","article_published_time":"2011-06-02T13:02:51+00:00","og_image":[{"width":300,"height":90,"url":"https:\/\/narteks.net\/wp-content\/uploads\/narteks.png","type":"image\/png"}],"author":"Tar\u0131k","twitter_card":"summary_large_image","twitter_creator":"@narteks","twitter_site":"@narteks","twitter_misc":{"Yazan:":"Tar\u0131k"},"schema":{"@context":"https:\/\/schema.org","@graph":[{"@type":"Article","@id":"https:\/\/narteks.net\/index.php\/2011\/06\/02\/seni-saklayacagim\/#article","isPartOf":{"@id":"https:\/\/narteks.net\/index.php\/2011\/06\/02\/seni-saklayacagim\/"},"author":{"name":"Tar\u0131k","@id":"https:\/\/narteks.net\/#\/schema\/person\/61f37d9834294b72d31d274e7ed79bca"},"headline":"SEN\u0130 SAKLAYACA\u011eIM","datePublished":"2011-06-02T13:02:51+00:00","mainEntityOfPage":{"@id":"https:\/\/narteks.net\/index.php\/2011\/06\/02\/seni-saklayacagim\/"},"wordCount":90,"commentCount":0,"publisher":{"@id":"https:\/\/narteks.net\/#organization"},"articleSection":["\u00d6zdemir ASAF"],"inLanguage":"tr","potentialAction":[{"@type":"CommentAction","name":"Comment","target":["https:\/\/narteks.net\/index.php\/2011\/06\/02\/seni-saklayacagim\/#respond"]}]},{"@type":"WebPage","@id":"https:\/\/narteks.net\/index.php\/2011\/06\/02\/seni-saklayacagim\/","url":"https:\/\/narteks.net\/index.php\/2011\/06\/02\/seni-saklayacagim\/","name":"SEN\u0130 SAKLAYACA\u011eIM - narteks.net","isPartOf":{"@id":"https:\/\/narteks.net\/#website"},"datePublished":"2011-06-02T13:02:51+00:00","breadcrumb":{"@id":"https:\/\/narteks.net\/index.php\/2011\/06\/02\/seni-saklayacagim\/#breadcrumb"},"inLanguage":"tr","potentialAction":[{"@type":"ReadAction","target":["https:\/\/narteks.net\/index.php\/2011\/06\/02\/seni-saklayacagim\/"]}]},{"@type":"BreadcrumbList","@id":"https:\/\/narteks.net\/index.php\/2011\/06\/02\/seni-saklayacagim\/#breadcrumb","itemListElement":[{"@type":"ListItem","position":1,"name":"Anasayfa","item":"https:\/\/narteks.net\/"},{"@type":"ListItem","position":2,"name":"SEN\u0130 SAKLAYACA\u011eIM"}]},{"@type":"WebSite","@id":"https:\/\/narteks.net\/#website","url":"https:\/\/narteks.net\/","name":"narteks.net","description":"K\u00fclt\u00fcr Sanat Edebiyat Felsefe","publisher":{"@id":"https:\/\/narteks.net\/#organization"},"alternateName":"K\u00fclt\u00fcr Sanat Edebiyat Felsefe","potentialAction":[{"@type":"SearchAction","target":{"@type":"EntryPoint","urlTemplate":"https:\/\/narteks.net\/?s={search_term_string}"},"query-input":{"@type":"PropertyValueSpecification","valueRequired":true,"valueName":"search_term_string"}}],"inLanguage":"tr"},{"@type":"Organization","@id":"https:\/\/narteks.net\/#organization","name":"narteks.net","url":"https:\/\/narteks.net\/","logo":{"@type":"ImageObject","inLanguage":"tr","@id":"https:\/\/narteks.net\/#\/schema\/logo\/image\/","url":"https:\/\/narteks.net\/wp-content\/uploads\/narteks.png","contentUrl":"https:\/\/narteks.net\/wp-content\/uploads\/narteks.png","width":300,"height":90,"caption":"narteks.net"},"image":{"@id":"https:\/\/narteks.net\/#\/schema\/logo\/image\/"},"sameAs":["https:\/\/x.com\/narteks","https:\/\/instagram.com\/narteksnet"]},{"@type":"Person","@id":"https:\/\/narteks.net\/#\/schema\/person\/61f37d9834294b72d31d274e7ed79bca","name":"Tar\u0131k","image":{"@type":"ImageObject","inLanguage":"tr","@id":"https:\/\/narteks.net\/#\/schema\/person\/image\/","url":"https:\/\/secure.gravatar.com\/avatar\/50865afb55632c4ae467e0af0930f6510aa2297d8014be502a55b14f3b7550cf?s=96&d=mm&r=g","contentUrl":"https:\/\/secure.gravatar.com\/avatar\/50865afb55632c4ae467e0af0930f6510aa2297d8014be502a55b14f3b7550cf?s=96&d=mm&r=g","caption":"Tar\u0131k"},"sameAs":["http:\/\/narteks.net"],"url":"https:\/\/narteks.net\/index.php\/author\/narbak\/"}]}},"_links":{"self":[{"href":"https:\/\/narteks.net\/index.php\/wp-json\/wp\/v2\/posts\/6061","targetHints":{"allow":["GET"]}}],"collection":[{"href":"https:\/\/narteks.net\/index.php\/wp-json\/wp\/v2\/posts"}],"about":[{"href":"https:\/\/narteks.net\/index.php\/wp-json\/wp\/v2\/types\/post"}],"author":[{"embeddable":true,"href":"https:\/\/narteks.net\/index.php\/wp-json\/wp\/v2\/users\/1"}],"replies":[{"embeddable":true,"href":"https:\/\/narteks.net\/index.php\/wp-json\/wp\/v2\/comments?post=6061"}],"version-history":[{"count":0,"href":"https:\/\/narteks.net\/index.php\/wp-json\/wp\/v2\/posts\/6061\/revisions"}],"wp:attachment":[{"href":"https:\/\/narteks.net\/index.php\/wp-json\/wp\/v2\/media?parent=6061"}],"wp:term":[{"taxonomy":"category","embeddable":true,"href":"https:\/\/narteks.net\/index.php\/wp-json\/wp\/v2\/categories?post=6061"},{"taxonomy":"post_tag","embeddable":true,"href":"https:\/\/narteks.net\/index.php\/wp-json\/wp\/v2\/tags?post=6061"}],"curies":[{"name":"wp","href":"https:\/\/api.w.org\/{rel}","templated":true}]}}