{"id":6065,"date":"2011-06-02T16:08:01","date_gmt":"2011-06-02T13:08:01","guid":{"rendered":"http:\/\/localhost\/wordpress\/2011\/06\/02\/giden\/"},"modified":"2011-06-02T16:08:01","modified_gmt":"2011-06-02T13:08:01","slug":"giden","status":"publish","type":"post","link":"https:\/\/narteks.net\/index.php\/2011\/06\/02\/giden\/","title":{"rendered":"G\u0130DEN."},"content":{"rendered":"<p>\u00a0<\/p>\n<p>Bir gecedir b\u00fct\u00fcn geceler gibi<br \/>Sa\u00e7lar\u0131nda,tan\u0131d\u0131\u011f\u0131n ellerin en a\u011f\u0131r\u0131<br \/>G\u00f6zlerinde maceralar\u0131n en derini&#8230;<br \/>Sana anlat\u0131rlar ge\u00e7enle kalandan<br \/>Bir gecedir b\u00fct\u00fcn geceler gibi<br \/>Karanl\u0131klardan,ayd\u0131nl\u0131klardan<\/p>\n<p>Ne varsa kendincedir<br \/>Pencere camlar\u0131nda \u0131\u015f\u0131klar parlar<br \/>Hal\u0131da yatar e\u015fyan\u0131n g\u00f6lgesi<br \/>\u0130\u00e7 i\u00e7edir art\u0131k sokaklar,evler,odalar<br \/>Duvarlar bak\u0131\u015flar\u0131 keser,kap\u0131lar sesi<br \/>Ne varsa kendincedir<\/p>\n<p>Ve senin,\u00fczerinde binbir d\u00fc\u015f\u00fcnce,g\u00fcnden<br \/>Oyna\u015f\u0131r hat\u0131ranla,kalbinle,\u00fcmitlerinle<br \/>Her\u015fey d\u00fc\u015f\u00fcnmektedir seninle<br \/>Birden,bir r\u00fczgar eser,sana do\u011fru senden<br \/>Seninle \u00e7o\u011falmaya ba\u015flar kendisiyle bitenler<br \/>Hat\u0131rlayan ellerinle,unutmayan g\u00f6zlerinle<\/p>\n<p>De\u011fi\u015fir sezilecek kadar yava\u015ftan<br \/>De\u011fi\u015fir istenen istenmeyen<br \/>O koruyan zor yalanlar silinir<br \/>B\u00fcy\u00fcr kolay bir do\u011fru,bilinen,s\u00f6ylenmeyen<br \/>Uyuyanlar uyanm\u0131\u015f,\u00f6l\u00fcler dirilmi\u015ftir<br \/>Bir gecedir sana do\u011fru senden<\/p>\n<p>Bir gecedir sana do\u011fru senden&#8230;<br \/>Ge\u00e7en ya\u015fad\u0131\u011f\u0131nd\u0131r,ya\u015farken anlamadan<br \/>Kalan bir ger\u00e7ektir belki<br \/>Bir i\u011fne gibi kaybolan,bir bardak gibi k\u0131r\u0131lan<br \/>Gelen sanki bekledi\u011findir<br \/>Ve giden,en tatl\u0131,en s\u0131cak,en kocaman..<\/p>\n<p>\u00d6zdemir ASAF<\/p>\n<p>\u00a0<\/p>\n","protected":false},"excerpt":{"rendered":"<p>\u00a0 Bir gecedir b\u00fct\u00fcn geceler gibiSa\u00e7lar\u0131nda,tan\u0131d\u0131\u011f\u0131n ellerin en a\u011f\u0131r\u0131G\u00f6zlerinde maceralar\u0131n en derini&#8230;Sana anlat\u0131rlar ge\u00e7enle kalandanBir gecedir b\u00fct\u00fcn geceler gibiKaranl\u0131klardan,ayd\u0131nl\u0131klardan Ne varsa kendincedirPencere camlar\u0131nda \u0131\u015f\u0131klar parlarHal\u0131da yatar e\u015fyan\u0131n g\u00f6lgesi\u0130\u00e7 i\u00e7edir art\u0131k sokaklar,evler,odalarDuvarlar bak\u0131\u015flar\u0131 keser,kap\u0131lar sesiNe varsa kendincedir Ve senin,\u00fczerinde binbir d\u00fc\u015f\u00fcnce,g\u00fcndenOyna\u015f\u0131r hat\u0131ranla,kalbinle,\u00fcmitlerinleHer\u015fey d\u00fc\u015f\u00fcnmektedir seninleBirden,bir r\u00fczgar eser,sana do\u011fru sendenSeninle \u00e7o\u011falmaya ba\u015flar kendisiyle bitenlerHat\u0131rlayan ellerinle,unutmayan g\u00f6zlerinle De\u011fi\u015fir sezilecek [&hellip;]<\/p>\n","protected":false},"author":1,"featured_media":0,"comment_status":"open","ping_status":"open","sticky":false,"template":"","format":"standard","meta":{"footnotes":""},"categories":[29],"tags":[],"class_list":{"0":"post-6065","1":"post","2":"type-post","3":"status-publish","4":"format-standard","6":"category-ozdemir-asaf"},"yoast_head":"<!-- This site is optimized with the Yoast SEO Premium plugin v24.9 (Yoast SEO v24.9) - https:\/\/yoast.com\/wordpress\/plugins\/seo\/ -->\n<title>G\u0130DEN. - narteks.net<\/title>\n<meta name=\"robots\" content=\"index, follow, max-snippet:-1, max-image-preview:large, max-video-preview:-1\" \/>\n<link rel=\"canonical\" href=\"https:\/\/narteks.net\/index.php\/2011\/06\/02\/giden\/\" \/>\n<meta property=\"og:locale\" content=\"tr_TR\" \/>\n<meta property=\"og:type\" content=\"article\" \/>\n<meta property=\"og:title\" content=\"G\u0130DEN.\" \/>\n<meta property=\"og:description\" content=\"\u00a0 Bir gecedir b\u00fct\u00fcn geceler gibiSa\u00e7lar\u0131nda,tan\u0131d\u0131\u011f\u0131n ellerin en a\u011f\u0131r\u0131G\u00f6zlerinde maceralar\u0131n en derini&#8230;Sana anlat\u0131rlar ge\u00e7enle kalandanBir gecedir b\u00fct\u00fcn geceler gibiKaranl\u0131klardan,ayd\u0131nl\u0131klardan Ne varsa kendincedirPencere camlar\u0131nda \u0131\u015f\u0131klar parlarHal\u0131da yatar e\u015fyan\u0131n g\u00f6lgesi\u0130\u00e7 i\u00e7edir art\u0131k sokaklar,evler,odalarDuvarlar bak\u0131\u015flar\u0131 keser,kap\u0131lar sesiNe varsa kendincedir Ve senin,\u00fczerinde binbir d\u00fc\u015f\u00fcnce,g\u00fcndenOyna\u015f\u0131r hat\u0131ranla,kalbinle,\u00fcmitlerinleHer\u015fey d\u00fc\u015f\u00fcnmektedir seninleBirden,bir r\u00fczgar eser,sana do\u011fru sendenSeninle \u00e7o\u011falmaya ba\u015flar kendisiyle bitenlerHat\u0131rlayan ellerinle,unutmayan g\u00f6zlerinle De\u011fi\u015fir sezilecek [&hellip;]\" \/>\n<meta property=\"og:url\" content=\"https:\/\/narteks.net\/index.php\/2011\/06\/02\/giden\/\" \/>\n<meta property=\"og:site_name\" content=\"narteks.net\" \/>\n<meta property=\"article:published_time\" content=\"2011-06-02T13:08:01+00:00\" \/>\n<meta property=\"og:image\" content=\"https:\/\/narteks.net\/wp-content\/uploads\/narteks.png\" \/>\n\t<meta property=\"og:image:width\" content=\"300\" \/>\n\t<meta property=\"og:image:height\" content=\"90\" \/>\n\t<meta property=\"og:image:type\" content=\"image\/png\" \/>\n<meta name=\"author\" content=\"Tar\u0131k\" \/>\n<meta name=\"twitter:card\" content=\"summary_large_image\" \/>\n<meta name=\"twitter:creator\" content=\"@narteks\" \/>\n<meta name=\"twitter:site\" content=\"@narteks\" \/>\n<meta name=\"twitter:label1\" content=\"Yazan:\" \/>\n\t<meta name=\"twitter:data1\" content=\"Tar\u0131k\" \/>\n\t<meta name=\"twitter:label2\" content=\"Tahmini okuma s\u00fcresi\" \/>\n\t<meta name=\"twitter:data2\" content=\"1 dakika\" \/>\n<script type=\"application\/ld+json\" class=\"yoast-schema-graph\">{\"@context\":\"https:\/\/schema.org\",\"@graph\":[{\"@type\":\"Article\",\"@id\":\"https:\/\/narteks.net\/index.php\/2011\/06\/02\/giden\/#article\",\"isPartOf\":{\"@id\":\"https:\/\/narteks.net\/index.php\/2011\/06\/02\/giden\/\"},\"author\":{\"name\":\"Tar\u0131k\",\"@id\":\"https:\/\/narteks.net\/#\/schema\/person\/61f37d9834294b72d31d274e7ed79bca\"},\"headline\":\"G\u0130DEN.\",\"datePublished\":\"2011-06-02T13:08:01+00:00\",\"mainEntityOfPage\":{\"@id\":\"https:\/\/narteks.net\/index.php\/2011\/06\/02\/giden\/\"},\"wordCount\":181,\"commentCount\":0,\"publisher\":{\"@id\":\"https:\/\/narteks.net\/#organization\"},\"articleSection\":[\"\u00d6zdemir ASAF\"],\"inLanguage\":\"tr\",\"potentialAction\":[{\"@type\":\"CommentAction\",\"name\":\"Comment\",\"target\":[\"https:\/\/narteks.net\/index.php\/2011\/06\/02\/giden\/#respond\"]}]},{\"@type\":\"WebPage\",\"@id\":\"https:\/\/narteks.net\/index.php\/2011\/06\/02\/giden\/\",\"url\":\"https:\/\/narteks.net\/index.php\/2011\/06\/02\/giden\/\",\"name\":\"G\u0130DEN. - narteks.net\",\"isPartOf\":{\"@id\":\"https:\/\/narteks.net\/#website\"},\"datePublished\":\"2011-06-02T13:08:01+00:00\",\"breadcrumb\":{\"@id\":\"https:\/\/narteks.net\/index.php\/2011\/06\/02\/giden\/#breadcrumb\"},\"inLanguage\":\"tr\",\"potentialAction\":[{\"@type\":\"ReadAction\",\"target\":[\"https:\/\/narteks.net\/index.php\/2011\/06\/02\/giden\/\"]}]},{\"@type\":\"BreadcrumbList\",\"@id\":\"https:\/\/narteks.net\/index.php\/2011\/06\/02\/giden\/#breadcrumb\",\"itemListElement\":[{\"@type\":\"ListItem\",\"position\":1,\"name\":\"Anasayfa\",\"item\":\"https:\/\/narteks.net\/\"},{\"@type\":\"ListItem\",\"position\":2,\"name\":\"G\u0130DEN.\"}]},{\"@type\":\"WebSite\",\"@id\":\"https:\/\/narteks.net\/#website\",\"url\":\"https:\/\/narteks.net\/\",\"name\":\"narteks.net\",\"description\":\"K\u00fclt\u00fcr Sanat Edebiyat Felsefe\",\"publisher\":{\"@id\":\"https:\/\/narteks.net\/#organization\"},\"alternateName\":\"K\u00fclt\u00fcr Sanat Edebiyat Felsefe\",\"potentialAction\":[{\"@type\":\"SearchAction\",\"target\":{\"@type\":\"EntryPoint\",\"urlTemplate\":\"https:\/\/narteks.net\/?s={search_term_string}\"},\"query-input\":{\"@type\":\"PropertyValueSpecification\",\"valueRequired\":true,\"valueName\":\"search_term_string\"}}],\"inLanguage\":\"tr\"},{\"@type\":\"Organization\",\"@id\":\"https:\/\/narteks.net\/#organization\",\"name\":\"narteks.net\",\"url\":\"https:\/\/narteks.net\/\",\"logo\":{\"@type\":\"ImageObject\",\"inLanguage\":\"tr\",\"@id\":\"https:\/\/narteks.net\/#\/schema\/logo\/image\/\",\"url\":\"https:\/\/narteks.net\/wp-content\/uploads\/narteks.png\",\"contentUrl\":\"https:\/\/narteks.net\/wp-content\/uploads\/narteks.png\",\"width\":300,\"height\":90,\"caption\":\"narteks.net\"},\"image\":{\"@id\":\"https:\/\/narteks.net\/#\/schema\/logo\/image\/\"},\"sameAs\":[\"https:\/\/x.com\/narteks\",\"https:\/\/instagram.com\/narteksnet\"]},{\"@type\":\"Person\",\"@id\":\"https:\/\/narteks.net\/#\/schema\/person\/61f37d9834294b72d31d274e7ed79bca\",\"name\":\"Tar\u0131k\",\"image\":{\"@type\":\"ImageObject\",\"inLanguage\":\"tr\",\"@id\":\"https:\/\/narteks.net\/#\/schema\/person\/image\/\",\"url\":\"https:\/\/secure.gravatar.com\/avatar\/50865afb55632c4ae467e0af0930f6510aa2297d8014be502a55b14f3b7550cf?s=96&d=mm&r=g\",\"contentUrl\":\"https:\/\/secure.gravatar.com\/avatar\/50865afb55632c4ae467e0af0930f6510aa2297d8014be502a55b14f3b7550cf?s=96&d=mm&r=g\",\"caption\":\"Tar\u0131k\"},\"sameAs\":[\"http:\/\/narteks.net\"],\"url\":\"https:\/\/narteks.net\/index.php\/author\/narbak\/\"}]}<\/script>\n<!-- \/ Yoast SEO Premium plugin. -->","yoast_head_json":{"title":"G\u0130DEN. - narteks.net","robots":{"index":"index","follow":"follow","max-snippet":"max-snippet:-1","max-image-preview":"max-image-preview:large","max-video-preview":"max-video-preview:-1"},"canonical":"https:\/\/narteks.net\/index.php\/2011\/06\/02\/giden\/","og_locale":"tr_TR","og_type":"article","og_title":"G\u0130DEN.","og_description":"\u00a0 Bir gecedir b\u00fct\u00fcn geceler gibiSa\u00e7lar\u0131nda,tan\u0131d\u0131\u011f\u0131n ellerin en a\u011f\u0131r\u0131G\u00f6zlerinde maceralar\u0131n en derini&#8230;Sana anlat\u0131rlar ge\u00e7enle kalandanBir gecedir b\u00fct\u00fcn geceler gibiKaranl\u0131klardan,ayd\u0131nl\u0131klardan Ne varsa kendincedirPencere camlar\u0131nda \u0131\u015f\u0131klar parlarHal\u0131da yatar e\u015fyan\u0131n g\u00f6lgesi\u0130\u00e7 i\u00e7edir art\u0131k sokaklar,evler,odalarDuvarlar bak\u0131\u015flar\u0131 keser,kap\u0131lar sesiNe varsa kendincedir Ve senin,\u00fczerinde binbir d\u00fc\u015f\u00fcnce,g\u00fcndenOyna\u015f\u0131r hat\u0131ranla,kalbinle,\u00fcmitlerinleHer\u015fey d\u00fc\u015f\u00fcnmektedir seninleBirden,bir r\u00fczgar eser,sana do\u011fru sendenSeninle \u00e7o\u011falmaya ba\u015flar kendisiyle bitenlerHat\u0131rlayan ellerinle,unutmayan g\u00f6zlerinle De\u011fi\u015fir sezilecek [&hellip;]","og_url":"https:\/\/narteks.net\/index.php\/2011\/06\/02\/giden\/","og_site_name":"narteks.net","article_published_time":"2011-06-02T13:08:01+00:00","og_image":[{"width":300,"height":90,"url":"https:\/\/narteks.net\/wp-content\/uploads\/narteks.png","type":"image\/png"}],"author":"Tar\u0131k","twitter_card":"summary_large_image","twitter_creator":"@narteks","twitter_site":"@narteks","twitter_misc":{"Yazan:":"Tar\u0131k","Tahmini okuma s\u00fcresi":"1 dakika"},"schema":{"@context":"https:\/\/schema.org","@graph":[{"@type":"Article","@id":"https:\/\/narteks.net\/index.php\/2011\/06\/02\/giden\/#article","isPartOf":{"@id":"https:\/\/narteks.net\/index.php\/2011\/06\/02\/giden\/"},"author":{"name":"Tar\u0131k","@id":"https:\/\/narteks.net\/#\/schema\/person\/61f37d9834294b72d31d274e7ed79bca"},"headline":"G\u0130DEN.","datePublished":"2011-06-02T13:08:01+00:00","mainEntityOfPage":{"@id":"https:\/\/narteks.net\/index.php\/2011\/06\/02\/giden\/"},"wordCount":181,"commentCount":0,"publisher":{"@id":"https:\/\/narteks.net\/#organization"},"articleSection":["\u00d6zdemir ASAF"],"inLanguage":"tr","potentialAction":[{"@type":"CommentAction","name":"Comment","target":["https:\/\/narteks.net\/index.php\/2011\/06\/02\/giden\/#respond"]}]},{"@type":"WebPage","@id":"https:\/\/narteks.net\/index.php\/2011\/06\/02\/giden\/","url":"https:\/\/narteks.net\/index.php\/2011\/06\/02\/giden\/","name":"G\u0130DEN. - narteks.net","isPartOf":{"@id":"https:\/\/narteks.net\/#website"},"datePublished":"2011-06-02T13:08:01+00:00","breadcrumb":{"@id":"https:\/\/narteks.net\/index.php\/2011\/06\/02\/giden\/#breadcrumb"},"inLanguage":"tr","potentialAction":[{"@type":"ReadAction","target":["https:\/\/narteks.net\/index.php\/2011\/06\/02\/giden\/"]}]},{"@type":"BreadcrumbList","@id":"https:\/\/narteks.net\/index.php\/2011\/06\/02\/giden\/#breadcrumb","itemListElement":[{"@type":"ListItem","position":1,"name":"Anasayfa","item":"https:\/\/narteks.net\/"},{"@type":"ListItem","position":2,"name":"G\u0130DEN."}]},{"@type":"WebSite","@id":"https:\/\/narteks.net\/#website","url":"https:\/\/narteks.net\/","name":"narteks.net","description":"K\u00fclt\u00fcr Sanat Edebiyat Felsefe","publisher":{"@id":"https:\/\/narteks.net\/#organization"},"alternateName":"K\u00fclt\u00fcr Sanat Edebiyat Felsefe","potentialAction":[{"@type":"SearchAction","target":{"@type":"EntryPoint","urlTemplate":"https:\/\/narteks.net\/?s={search_term_string}"},"query-input":{"@type":"PropertyValueSpecification","valueRequired":true,"valueName":"search_term_string"}}],"inLanguage":"tr"},{"@type":"Organization","@id":"https:\/\/narteks.net\/#organization","name":"narteks.net","url":"https:\/\/narteks.net\/","logo":{"@type":"ImageObject","inLanguage":"tr","@id":"https:\/\/narteks.net\/#\/schema\/logo\/image\/","url":"https:\/\/narteks.net\/wp-content\/uploads\/narteks.png","contentUrl":"https:\/\/narteks.net\/wp-content\/uploads\/narteks.png","width":300,"height":90,"caption":"narteks.net"},"image":{"@id":"https:\/\/narteks.net\/#\/schema\/logo\/image\/"},"sameAs":["https:\/\/x.com\/narteks","https:\/\/instagram.com\/narteksnet"]},{"@type":"Person","@id":"https:\/\/narteks.net\/#\/schema\/person\/61f37d9834294b72d31d274e7ed79bca","name":"Tar\u0131k","image":{"@type":"ImageObject","inLanguage":"tr","@id":"https:\/\/narteks.net\/#\/schema\/person\/image\/","url":"https:\/\/secure.gravatar.com\/avatar\/50865afb55632c4ae467e0af0930f6510aa2297d8014be502a55b14f3b7550cf?s=96&d=mm&r=g","contentUrl":"https:\/\/secure.gravatar.com\/avatar\/50865afb55632c4ae467e0af0930f6510aa2297d8014be502a55b14f3b7550cf?s=96&d=mm&r=g","caption":"Tar\u0131k"},"sameAs":["http:\/\/narteks.net"],"url":"https:\/\/narteks.net\/index.php\/author\/narbak\/"}]}},"_links":{"self":[{"href":"https:\/\/narteks.net\/index.php\/wp-json\/wp\/v2\/posts\/6065","targetHints":{"allow":["GET"]}}],"collection":[{"href":"https:\/\/narteks.net\/index.php\/wp-json\/wp\/v2\/posts"}],"about":[{"href":"https:\/\/narteks.net\/index.php\/wp-json\/wp\/v2\/types\/post"}],"author":[{"embeddable":true,"href":"https:\/\/narteks.net\/index.php\/wp-json\/wp\/v2\/users\/1"}],"replies":[{"embeddable":true,"href":"https:\/\/narteks.net\/index.php\/wp-json\/wp\/v2\/comments?post=6065"}],"version-history":[{"count":0,"href":"https:\/\/narteks.net\/index.php\/wp-json\/wp\/v2\/posts\/6065\/revisions"}],"wp:attachment":[{"href":"https:\/\/narteks.net\/index.php\/wp-json\/wp\/v2\/media?parent=6065"}],"wp:term":[{"taxonomy":"category","embeddable":true,"href":"https:\/\/narteks.net\/index.php\/wp-json\/wp\/v2\/categories?post=6065"},{"taxonomy":"post_tag","embeddable":true,"href":"https:\/\/narteks.net\/index.php\/wp-json\/wp\/v2\/tags?post=6065"}],"curies":[{"name":"wp","href":"https:\/\/api.w.org\/{rel}","templated":true}]}}