{"id":6067,"date":"2011-06-02T16:11:48","date_gmt":"2011-06-02T13:11:48","guid":{"rendered":"http:\/\/localhost\/wordpress\/2011\/06\/02\/mum\/"},"modified":"2011-06-02T16:11:48","modified_gmt":"2011-06-02T13:11:48","slug":"mum","status":"publish","type":"post","link":"https:\/\/narteks.net\/index.php\/2011\/06\/02\/mum\/","title":{"rendered":"MUM&#8230;"},"content":{"rendered":"<p>\u00a0<\/p>\n<p>Mum yan\u0131yor, zaman yan\u0131yordu..<br \/>Bir taraf\u0131ndakiler g\u00fcl\u00fcyor,<br \/>Bir taraf\u0131ndakiler a\u011fl\u0131yordu.<br \/>Biri vard\u0131 aralar\u0131nda.<br \/>D\u00fc\u015f\u00fcn\u00fcyor, hayata bak\u0131yordu.<\/p>\n<p>Mum yan\u0131yor, zaman yan\u0131yordu<br \/>Erzurumun k\u00f6ylerinde.<br \/>Ak\u015fam\u0131n ve sabah\u0131n erken oldu\u011fu<br \/>Ali Baba da\u011f\u0131n\u0131n eteklerinde<br \/>Geni\u015f vakitler ya\u015fan\u0131yordu.<\/p>\n<p>Mum yan\u0131yor, zaman yan\u0131yordu<br \/>Hasankale ovas\u0131nda.<br \/>Geceye kar\u015f\u0131yd\u0131 karl\u0131 Paland\u00f6kenler.<br \/>Bir adam vard\u0131 hayallerin ortas\u0131nda..<br \/>Kar kadar beyazd\u0131 \u00fcmidler.<\/p>\n<p>Bu adam \u00fc\u00e7 bin on be\u015fde<br \/>Yunan medeniyetini okuyordu.<br \/>Kald\u0131r\u0131p ba\u015f\u0131n\u0131 kitaplardan<br \/>Kervanla\u015fm\u0131\u015f da\u011flara bak\u0131yordu&#8230;<br \/>Bak\u0131nca ak\u015fam oluyordu.<\/p>\n<p>Hasankale ovas\u0131nda, Kuruderede<br \/>Kilometreler santimle\u015fiyor,<br \/>Santimler as\u0131rla\u015f\u0131yordu..<br \/>G\u00fcne\u015fe ve geceye kar\u015f\u0131yd\u0131 karl\u0131 Paland\u00f6kenler.<br \/>O adam hayata bak\u0131yordu.<\/p>\n<p>Bir tarafta a\u011flayanlar, bir tarafta g\u00fclenler..<br \/>Bir tarafta bunlar i\u00e7in \u00f6lenler..<br \/>Mum yan\u0131yor, zaman yan\u0131yordu.<br \/>Mumun alevi titriyor,<br \/>Umudun alevi titremiyordu.<\/p>\n<p>\u00d6zdemir ASAF<\/p>\n","protected":false},"excerpt":{"rendered":"<p>\u00a0 Mum yan\u0131yor, zaman yan\u0131yordu..Bir taraf\u0131ndakiler g\u00fcl\u00fcyor,Bir taraf\u0131ndakiler a\u011fl\u0131yordu.Biri vard\u0131 aralar\u0131nda.D\u00fc\u015f\u00fcn\u00fcyor, hayata bak\u0131yordu. Mum yan\u0131yor, zaman yan\u0131yorduErzurumun k\u00f6ylerinde.Ak\u015fam\u0131n ve sabah\u0131n erken oldu\u011fuAli Baba da\u011f\u0131n\u0131n eteklerindeGeni\u015f vakitler ya\u015fan\u0131yordu. Mum yan\u0131yor, zaman yan\u0131yorduHasankale ovas\u0131nda.Geceye kar\u015f\u0131yd\u0131 karl\u0131 Paland\u00f6kenler.Bir adam vard\u0131 hayallerin ortas\u0131nda..Kar kadar beyazd\u0131 \u00fcmidler. Bu adam \u00fc\u00e7 bin on be\u015fdeYunan medeniyetini okuyordu.Kald\u0131r\u0131p ba\u015f\u0131n\u0131 kitaplardanKervanla\u015fm\u0131\u015f da\u011flara bak\u0131yordu&#8230;Bak\u0131nca ak\u015fam [&hellip;]<\/p>\n","protected":false},"author":1,"featured_media":0,"comment_status":"open","ping_status":"open","sticky":false,"template":"","format":"standard","meta":{"footnotes":""},"categories":[29],"tags":[],"class_list":{"0":"post-6067","1":"post","2":"type-post","3":"status-publish","4":"format-standard","6":"category-ozdemir-asaf"},"yoast_head":"<!-- This site is optimized with the Yoast SEO Premium plugin v24.9 (Yoast SEO v24.9) - https:\/\/yoast.com\/wordpress\/plugins\/seo\/ -->\n<title>MUM... - narteks.net<\/title>\n<meta name=\"robots\" content=\"index, follow, max-snippet:-1, max-image-preview:large, max-video-preview:-1\" \/>\n<link rel=\"canonical\" href=\"https:\/\/narteks.net\/index.php\/2011\/06\/02\/mum\/\" \/>\n<meta property=\"og:locale\" content=\"tr_TR\" \/>\n<meta property=\"og:type\" content=\"article\" \/>\n<meta property=\"og:title\" content=\"MUM...\" \/>\n<meta property=\"og:description\" content=\"\u00a0 Mum yan\u0131yor, zaman yan\u0131yordu..Bir taraf\u0131ndakiler g\u00fcl\u00fcyor,Bir taraf\u0131ndakiler a\u011fl\u0131yordu.Biri vard\u0131 aralar\u0131nda.D\u00fc\u015f\u00fcn\u00fcyor, hayata bak\u0131yordu. Mum yan\u0131yor, zaman yan\u0131yorduErzurumun k\u00f6ylerinde.Ak\u015fam\u0131n ve sabah\u0131n erken oldu\u011fuAli Baba da\u011f\u0131n\u0131n eteklerindeGeni\u015f vakitler ya\u015fan\u0131yordu. Mum yan\u0131yor, zaman yan\u0131yorduHasankale ovas\u0131nda.Geceye kar\u015f\u0131yd\u0131 karl\u0131 Paland\u00f6kenler.Bir adam vard\u0131 hayallerin ortas\u0131nda..Kar kadar beyazd\u0131 \u00fcmidler. Bu adam \u00fc\u00e7 bin on be\u015fdeYunan medeniyetini okuyordu.Kald\u0131r\u0131p ba\u015f\u0131n\u0131 kitaplardanKervanla\u015fm\u0131\u015f da\u011flara bak\u0131yordu&#8230;Bak\u0131nca ak\u015fam [&hellip;]\" \/>\n<meta property=\"og:url\" content=\"https:\/\/narteks.net\/index.php\/2011\/06\/02\/mum\/\" \/>\n<meta property=\"og:site_name\" content=\"narteks.net\" \/>\n<meta property=\"article:published_time\" content=\"2011-06-02T13:11:48+00:00\" \/>\n<meta property=\"og:image\" content=\"https:\/\/narteks.net\/wp-content\/uploads\/narteks.png\" \/>\n\t<meta property=\"og:image:width\" content=\"300\" \/>\n\t<meta property=\"og:image:height\" content=\"90\" \/>\n\t<meta property=\"og:image:type\" content=\"image\/png\" \/>\n<meta name=\"author\" content=\"Tar\u0131k\" \/>\n<meta name=\"twitter:card\" content=\"summary_large_image\" \/>\n<meta name=\"twitter:creator\" content=\"@narteks\" \/>\n<meta name=\"twitter:site\" content=\"@narteks\" \/>\n<meta name=\"twitter:label1\" content=\"Yazan:\" \/>\n\t<meta name=\"twitter:data1\" content=\"Tar\u0131k\" \/>\n\t<meta name=\"twitter:label2\" content=\"Tahmini okuma s\u00fcresi\" \/>\n\t<meta name=\"twitter:data2\" content=\"1 dakika\" \/>\n<script type=\"application\/ld+json\" class=\"yoast-schema-graph\">{\"@context\":\"https:\/\/schema.org\",\"@graph\":[{\"@type\":\"Article\",\"@id\":\"https:\/\/narteks.net\/index.php\/2011\/06\/02\/mum\/#article\",\"isPartOf\":{\"@id\":\"https:\/\/narteks.net\/index.php\/2011\/06\/02\/mum\/\"},\"author\":{\"name\":\"Tar\u0131k\",\"@id\":\"https:\/\/narteks.net\/#\/schema\/person\/61f37d9834294b72d31d274e7ed79bca\"},\"headline\":\"MUM&#8230;\",\"datePublished\":\"2011-06-02T13:11:48+00:00\",\"mainEntityOfPage\":{\"@id\":\"https:\/\/narteks.net\/index.php\/2011\/06\/02\/mum\/\"},\"wordCount\":156,\"commentCount\":0,\"publisher\":{\"@id\":\"https:\/\/narteks.net\/#organization\"},\"articleSection\":[\"\u00d6zdemir ASAF\"],\"inLanguage\":\"tr\",\"potentialAction\":[{\"@type\":\"CommentAction\",\"name\":\"Comment\",\"target\":[\"https:\/\/narteks.net\/index.php\/2011\/06\/02\/mum\/#respond\"]}]},{\"@type\":\"WebPage\",\"@id\":\"https:\/\/narteks.net\/index.php\/2011\/06\/02\/mum\/\",\"url\":\"https:\/\/narteks.net\/index.php\/2011\/06\/02\/mum\/\",\"name\":\"MUM... - narteks.net\",\"isPartOf\":{\"@id\":\"https:\/\/narteks.net\/#website\"},\"datePublished\":\"2011-06-02T13:11:48+00:00\",\"breadcrumb\":{\"@id\":\"https:\/\/narteks.net\/index.php\/2011\/06\/02\/mum\/#breadcrumb\"},\"inLanguage\":\"tr\",\"potentialAction\":[{\"@type\":\"ReadAction\",\"target\":[\"https:\/\/narteks.net\/index.php\/2011\/06\/02\/mum\/\"]}]},{\"@type\":\"BreadcrumbList\",\"@id\":\"https:\/\/narteks.net\/index.php\/2011\/06\/02\/mum\/#breadcrumb\",\"itemListElement\":[{\"@type\":\"ListItem\",\"position\":1,\"name\":\"Anasayfa\",\"item\":\"https:\/\/narteks.net\/\"},{\"@type\":\"ListItem\",\"position\":2,\"name\":\"MUM&#8230;\"}]},{\"@type\":\"WebSite\",\"@id\":\"https:\/\/narteks.net\/#website\",\"url\":\"https:\/\/narteks.net\/\",\"name\":\"narteks.net\",\"description\":\"K\u00fclt\u00fcr Sanat Edebiyat Felsefe\",\"publisher\":{\"@id\":\"https:\/\/narteks.net\/#organization\"},\"alternateName\":\"K\u00fclt\u00fcr Sanat Edebiyat Felsefe\",\"potentialAction\":[{\"@type\":\"SearchAction\",\"target\":{\"@type\":\"EntryPoint\",\"urlTemplate\":\"https:\/\/narteks.net\/?s={search_term_string}\"},\"query-input\":{\"@type\":\"PropertyValueSpecification\",\"valueRequired\":true,\"valueName\":\"search_term_string\"}}],\"inLanguage\":\"tr\"},{\"@type\":\"Organization\",\"@id\":\"https:\/\/narteks.net\/#organization\",\"name\":\"narteks.net\",\"url\":\"https:\/\/narteks.net\/\",\"logo\":{\"@type\":\"ImageObject\",\"inLanguage\":\"tr\",\"@id\":\"https:\/\/narteks.net\/#\/schema\/logo\/image\/\",\"url\":\"https:\/\/narteks.net\/wp-content\/uploads\/narteks.png\",\"contentUrl\":\"https:\/\/narteks.net\/wp-content\/uploads\/narteks.png\",\"width\":300,\"height\":90,\"caption\":\"narteks.net\"},\"image\":{\"@id\":\"https:\/\/narteks.net\/#\/schema\/logo\/image\/\"},\"sameAs\":[\"https:\/\/x.com\/narteks\",\"https:\/\/instagram.com\/narteksnet\"]},{\"@type\":\"Person\",\"@id\":\"https:\/\/narteks.net\/#\/schema\/person\/61f37d9834294b72d31d274e7ed79bca\",\"name\":\"Tar\u0131k\",\"image\":{\"@type\":\"ImageObject\",\"inLanguage\":\"tr\",\"@id\":\"https:\/\/narteks.net\/#\/schema\/person\/image\/\",\"url\":\"https:\/\/secure.gravatar.com\/avatar\/50865afb55632c4ae467e0af0930f6510aa2297d8014be502a55b14f3b7550cf?s=96&d=mm&r=g\",\"contentUrl\":\"https:\/\/secure.gravatar.com\/avatar\/50865afb55632c4ae467e0af0930f6510aa2297d8014be502a55b14f3b7550cf?s=96&d=mm&r=g\",\"caption\":\"Tar\u0131k\"},\"sameAs\":[\"http:\/\/narteks.net\"],\"url\":\"https:\/\/narteks.net\/index.php\/author\/narbak\/\"}]}<\/script>\n<!-- \/ Yoast SEO Premium plugin. -->","yoast_head_json":{"title":"MUM... - narteks.net","robots":{"index":"index","follow":"follow","max-snippet":"max-snippet:-1","max-image-preview":"max-image-preview:large","max-video-preview":"max-video-preview:-1"},"canonical":"https:\/\/narteks.net\/index.php\/2011\/06\/02\/mum\/","og_locale":"tr_TR","og_type":"article","og_title":"MUM...","og_description":"\u00a0 Mum yan\u0131yor, zaman yan\u0131yordu..Bir taraf\u0131ndakiler g\u00fcl\u00fcyor,Bir taraf\u0131ndakiler a\u011fl\u0131yordu.Biri vard\u0131 aralar\u0131nda.D\u00fc\u015f\u00fcn\u00fcyor, hayata bak\u0131yordu. Mum yan\u0131yor, zaman yan\u0131yorduErzurumun k\u00f6ylerinde.Ak\u015fam\u0131n ve sabah\u0131n erken oldu\u011fuAli Baba da\u011f\u0131n\u0131n eteklerindeGeni\u015f vakitler ya\u015fan\u0131yordu. Mum yan\u0131yor, zaman yan\u0131yorduHasankale ovas\u0131nda.Geceye kar\u015f\u0131yd\u0131 karl\u0131 Paland\u00f6kenler.Bir adam vard\u0131 hayallerin ortas\u0131nda..Kar kadar beyazd\u0131 \u00fcmidler. Bu adam \u00fc\u00e7 bin on be\u015fdeYunan medeniyetini okuyordu.Kald\u0131r\u0131p ba\u015f\u0131n\u0131 kitaplardanKervanla\u015fm\u0131\u015f da\u011flara bak\u0131yordu&#8230;Bak\u0131nca ak\u015fam [&hellip;]","og_url":"https:\/\/narteks.net\/index.php\/2011\/06\/02\/mum\/","og_site_name":"narteks.net","article_published_time":"2011-06-02T13:11:48+00:00","og_image":[{"width":300,"height":90,"url":"https:\/\/narteks.net\/wp-content\/uploads\/narteks.png","type":"image\/png"}],"author":"Tar\u0131k","twitter_card":"summary_large_image","twitter_creator":"@narteks","twitter_site":"@narteks","twitter_misc":{"Yazan:":"Tar\u0131k","Tahmini okuma s\u00fcresi":"1 dakika"},"schema":{"@context":"https:\/\/schema.org","@graph":[{"@type":"Article","@id":"https:\/\/narteks.net\/index.php\/2011\/06\/02\/mum\/#article","isPartOf":{"@id":"https:\/\/narteks.net\/index.php\/2011\/06\/02\/mum\/"},"author":{"name":"Tar\u0131k","@id":"https:\/\/narteks.net\/#\/schema\/person\/61f37d9834294b72d31d274e7ed79bca"},"headline":"MUM&#8230;","datePublished":"2011-06-02T13:11:48+00:00","mainEntityOfPage":{"@id":"https:\/\/narteks.net\/index.php\/2011\/06\/02\/mum\/"},"wordCount":156,"commentCount":0,"publisher":{"@id":"https:\/\/narteks.net\/#organization"},"articleSection":["\u00d6zdemir ASAF"],"inLanguage":"tr","potentialAction":[{"@type":"CommentAction","name":"Comment","target":["https:\/\/narteks.net\/index.php\/2011\/06\/02\/mum\/#respond"]}]},{"@type":"WebPage","@id":"https:\/\/narteks.net\/index.php\/2011\/06\/02\/mum\/","url":"https:\/\/narteks.net\/index.php\/2011\/06\/02\/mum\/","name":"MUM... - narteks.net","isPartOf":{"@id":"https:\/\/narteks.net\/#website"},"datePublished":"2011-06-02T13:11:48+00:00","breadcrumb":{"@id":"https:\/\/narteks.net\/index.php\/2011\/06\/02\/mum\/#breadcrumb"},"inLanguage":"tr","potentialAction":[{"@type":"ReadAction","target":["https:\/\/narteks.net\/index.php\/2011\/06\/02\/mum\/"]}]},{"@type":"BreadcrumbList","@id":"https:\/\/narteks.net\/index.php\/2011\/06\/02\/mum\/#breadcrumb","itemListElement":[{"@type":"ListItem","position":1,"name":"Anasayfa","item":"https:\/\/narteks.net\/"},{"@type":"ListItem","position":2,"name":"MUM&#8230;"}]},{"@type":"WebSite","@id":"https:\/\/narteks.net\/#website","url":"https:\/\/narteks.net\/","name":"narteks.net","description":"K\u00fclt\u00fcr Sanat Edebiyat Felsefe","publisher":{"@id":"https:\/\/narteks.net\/#organization"},"alternateName":"K\u00fclt\u00fcr Sanat Edebiyat Felsefe","potentialAction":[{"@type":"SearchAction","target":{"@type":"EntryPoint","urlTemplate":"https:\/\/narteks.net\/?s={search_term_string}"},"query-input":{"@type":"PropertyValueSpecification","valueRequired":true,"valueName":"search_term_string"}}],"inLanguage":"tr"},{"@type":"Organization","@id":"https:\/\/narteks.net\/#organization","name":"narteks.net","url":"https:\/\/narteks.net\/","logo":{"@type":"ImageObject","inLanguage":"tr","@id":"https:\/\/narteks.net\/#\/schema\/logo\/image\/","url":"https:\/\/narteks.net\/wp-content\/uploads\/narteks.png","contentUrl":"https:\/\/narteks.net\/wp-content\/uploads\/narteks.png","width":300,"height":90,"caption":"narteks.net"},"image":{"@id":"https:\/\/narteks.net\/#\/schema\/logo\/image\/"},"sameAs":["https:\/\/x.com\/narteks","https:\/\/instagram.com\/narteksnet"]},{"@type":"Person","@id":"https:\/\/narteks.net\/#\/schema\/person\/61f37d9834294b72d31d274e7ed79bca","name":"Tar\u0131k","image":{"@type":"ImageObject","inLanguage":"tr","@id":"https:\/\/narteks.net\/#\/schema\/person\/image\/","url":"https:\/\/secure.gravatar.com\/avatar\/50865afb55632c4ae467e0af0930f6510aa2297d8014be502a55b14f3b7550cf?s=96&d=mm&r=g","contentUrl":"https:\/\/secure.gravatar.com\/avatar\/50865afb55632c4ae467e0af0930f6510aa2297d8014be502a55b14f3b7550cf?s=96&d=mm&r=g","caption":"Tar\u0131k"},"sameAs":["http:\/\/narteks.net"],"url":"https:\/\/narteks.net\/index.php\/author\/narbak\/"}]}},"_links":{"self":[{"href":"https:\/\/narteks.net\/index.php\/wp-json\/wp\/v2\/posts\/6067","targetHints":{"allow":["GET"]}}],"collection":[{"href":"https:\/\/narteks.net\/index.php\/wp-json\/wp\/v2\/posts"}],"about":[{"href":"https:\/\/narteks.net\/index.php\/wp-json\/wp\/v2\/types\/post"}],"author":[{"embeddable":true,"href":"https:\/\/narteks.net\/index.php\/wp-json\/wp\/v2\/users\/1"}],"replies":[{"embeddable":true,"href":"https:\/\/narteks.net\/index.php\/wp-json\/wp\/v2\/comments?post=6067"}],"version-history":[{"count":0,"href":"https:\/\/narteks.net\/index.php\/wp-json\/wp\/v2\/posts\/6067\/revisions"}],"wp:attachment":[{"href":"https:\/\/narteks.net\/index.php\/wp-json\/wp\/v2\/media?parent=6067"}],"wp:term":[{"taxonomy":"category","embeddable":true,"href":"https:\/\/narteks.net\/index.php\/wp-json\/wp\/v2\/categories?post=6067"},{"taxonomy":"post_tag","embeddable":true,"href":"https:\/\/narteks.net\/index.php\/wp-json\/wp\/v2\/tags?post=6067"}],"curies":[{"name":"wp","href":"https:\/\/api.w.org\/{rel}","templated":true}]}}