{"id":6068,"date":"2011-06-02T16:13:22","date_gmt":"2011-06-02T13:13:22","guid":{"rendered":"http:\/\/localhost\/wordpress\/2011\/06\/02\/cocukcada-ben-varim\/"},"modified":"2011-06-02T16:13:22","modified_gmt":"2011-06-02T13:13:22","slug":"cocukcada-ben-varim","status":"publish","type":"post","link":"https:\/\/narteks.net\/index.php\/2011\/06\/02\/cocukcada-ben-varim\/","title":{"rendered":"\u00c7OCUK\u00c7ADA BEN VARIM"},"content":{"rendered":"<p>\u00a0<\/p>\n<p>Ben b\u00f6yle yazd\u0131m sanma<br \/>Ben b\u00f6yle d\u00fc\u015f\u00fcnd\u00fcm<br \/>Ba\u015f\u0131ndan beri<br \/>S\u00f6zc\u00fckler ko\u015fuyordu<br \/>D\u00fc\u015f\u00fcnmelerimin ard\u0131ndan<br \/>\u00c7ocuklar, \u00e7ocuklar gibi<br \/>Bayram yerlerinde<\/p>\n<p>\u00c7ocuklar oynuyordu<br \/>D\u00fc\u015flerimin i\u00e7indeki<br \/>Bayram yerlerinde<\/p>\n<p>Ben onlara<br \/>Hi\u00e7bir zaman<br \/>Kapal\u0131 perdeleri g\u00f6stermedim<br \/>Kapal\u0131 kap\u0131lar\u0131 g\u00f6stermedim<\/p>\n<p>Hi\u00e7birini sal\u0131nca\u011fa bindirmedim<br \/>Sallamad\u0131m<br \/>Atl\u0131 kar\u0131ncalarda d\u00f6nd\u00fcrmedim<br \/>Onlar geli\u015fi gidi\u015f sand\u0131r\u0131rlar<br \/>Vuru\u015fan otolar\u0131 seviyorlard\u0131 onlar<br \/>\u00c7\u00fcnk\u00fc hem gidiyorlard\u0131<br \/>Gidiyorken g\u00fcld\u00fcr\u00fcyorlard\u0131<br \/>Kafa kafaya vurduruyorlard\u0131<br \/>G\u00fcl\u00fcyorlard\u0131<br \/>Bizi kand\u0131rd\u0131klar\u0131 gibi kand\u0131r\u0131rlar<br \/>Onlar<br \/>Yar\u0131n oynayacaklar\u0131 oyunu<br \/>Oyunun ba\u015f\u0131n\u0131 sonunu<br \/>Bizlerden iyi biliyorlard\u0131<\/p>\n<p>\u00d6zdemir ASAF<\/p>\n","protected":false},"excerpt":{"rendered":"<p>\u00a0 Ben b\u00f6yle yazd\u0131m sanmaBen b\u00f6yle d\u00fc\u015f\u00fcnd\u00fcmBa\u015f\u0131ndan beriS\u00f6zc\u00fckler ko\u015fuyorduD\u00fc\u015f\u00fcnmelerimin ard\u0131ndan\u00c7ocuklar, \u00e7ocuklar gibiBayram yerlerinde \u00c7ocuklar oynuyorduD\u00fc\u015flerimin i\u00e7indekiBayram yerlerinde Ben onlaraHi\u00e7bir zamanKapal\u0131 perdeleri g\u00f6stermedimKapal\u0131 kap\u0131lar\u0131 g\u00f6stermedim Hi\u00e7birini sal\u0131nca\u011fa bindirmedimSallamad\u0131mAtl\u0131 kar\u0131ncalarda d\u00f6nd\u00fcrmedimOnlar geli\u015fi gidi\u015f sand\u0131r\u0131rlarVuru\u015fan otolar\u0131 seviyorlard\u0131 onlar\u00c7\u00fcnk\u00fc hem gidiyorlard\u0131Gidiyorken g\u00fcld\u00fcr\u00fcyorlard\u0131Kafa kafaya vurduruyorlard\u0131G\u00fcl\u00fcyorlard\u0131Bizi kand\u0131rd\u0131klar\u0131 gibi kand\u0131r\u0131rlarOnlarYar\u0131n oynayacaklar\u0131 oyunuOyunun ba\u015f\u0131n\u0131 sonunuBizlerden iyi biliyorlard\u0131 \u00d6zdemir ASAF<\/p>\n","protected":false},"author":1,"featured_media":0,"comment_status":"open","ping_status":"open","sticky":false,"template":"","format":"standard","meta":{"footnotes":""},"categories":[29],"tags":[],"class_list":{"0":"post-6068","1":"post","2":"type-post","3":"status-publish","4":"format-standard","6":"category-ozdemir-asaf"},"yoast_head":"<!-- This site is optimized with the Yoast SEO Premium plugin v24.9 (Yoast SEO v24.9) - https:\/\/yoast.com\/wordpress\/plugins\/seo\/ -->\n<title>\u00c7OCUK\u00c7ADA BEN VARIM - narteks.net<\/title>\n<meta name=\"robots\" content=\"index, follow, max-snippet:-1, max-image-preview:large, max-video-preview:-1\" \/>\n<link rel=\"canonical\" href=\"https:\/\/narteks.net\/index.php\/2011\/06\/02\/cocukcada-ben-varim\/\" \/>\n<meta property=\"og:locale\" content=\"tr_TR\" \/>\n<meta property=\"og:type\" content=\"article\" \/>\n<meta property=\"og:title\" content=\"\u00c7OCUK\u00c7ADA BEN VARIM\" \/>\n<meta property=\"og:description\" content=\"\u00a0 Ben b\u00f6yle yazd\u0131m sanmaBen b\u00f6yle d\u00fc\u015f\u00fcnd\u00fcmBa\u015f\u0131ndan beriS\u00f6zc\u00fckler ko\u015fuyorduD\u00fc\u015f\u00fcnmelerimin ard\u0131ndan\u00c7ocuklar, \u00e7ocuklar gibiBayram yerlerinde \u00c7ocuklar oynuyorduD\u00fc\u015flerimin i\u00e7indekiBayram yerlerinde Ben onlaraHi\u00e7bir zamanKapal\u0131 perdeleri g\u00f6stermedimKapal\u0131 kap\u0131lar\u0131 g\u00f6stermedim Hi\u00e7birini sal\u0131nca\u011fa bindirmedimSallamad\u0131mAtl\u0131 kar\u0131ncalarda d\u00f6nd\u00fcrmedimOnlar geli\u015fi gidi\u015f sand\u0131r\u0131rlarVuru\u015fan otolar\u0131 seviyorlard\u0131 onlar\u00c7\u00fcnk\u00fc hem gidiyorlard\u0131Gidiyorken g\u00fcld\u00fcr\u00fcyorlard\u0131Kafa kafaya vurduruyorlard\u0131G\u00fcl\u00fcyorlard\u0131Bizi kand\u0131rd\u0131klar\u0131 gibi kand\u0131r\u0131rlarOnlarYar\u0131n oynayacaklar\u0131 oyunuOyunun ba\u015f\u0131n\u0131 sonunuBizlerden iyi biliyorlard\u0131 \u00d6zdemir ASAF\" \/>\n<meta property=\"og:url\" content=\"https:\/\/narteks.net\/index.php\/2011\/06\/02\/cocukcada-ben-varim\/\" \/>\n<meta property=\"og:site_name\" content=\"narteks.net\" \/>\n<meta property=\"article:published_time\" content=\"2011-06-02T13:13:22+00:00\" \/>\n<meta property=\"og:image\" content=\"https:\/\/narteks.net\/wp-content\/uploads\/narteks.png\" \/>\n\t<meta property=\"og:image:width\" content=\"300\" \/>\n\t<meta property=\"og:image:height\" content=\"90\" \/>\n\t<meta property=\"og:image:type\" content=\"image\/png\" \/>\n<meta name=\"author\" content=\"Tar\u0131k\" \/>\n<meta name=\"twitter:card\" content=\"summary_large_image\" \/>\n<meta name=\"twitter:creator\" content=\"@narteks\" \/>\n<meta name=\"twitter:site\" content=\"@narteks\" \/>\n<meta name=\"twitter:label1\" content=\"Yazan:\" \/>\n\t<meta name=\"twitter:data1\" content=\"Tar\u0131k\" \/>\n<script type=\"application\/ld+json\" class=\"yoast-schema-graph\">{\"@context\":\"https:\/\/schema.org\",\"@graph\":[{\"@type\":\"Article\",\"@id\":\"https:\/\/narteks.net\/index.php\/2011\/06\/02\/cocukcada-ben-varim\/#article\",\"isPartOf\":{\"@id\":\"https:\/\/narteks.net\/index.php\/2011\/06\/02\/cocukcada-ben-varim\/\"},\"author\":{\"name\":\"Tar\u0131k\",\"@id\":\"https:\/\/narteks.net\/#\/schema\/person\/61f37d9834294b72d31d274e7ed79bca\"},\"headline\":\"\u00c7OCUK\u00c7ADA BEN VARIM\",\"datePublished\":\"2011-06-02T13:13:22+00:00\",\"mainEntityOfPage\":{\"@id\":\"https:\/\/narteks.net\/index.php\/2011\/06\/02\/cocukcada-ben-varim\/\"},\"wordCount\":99,\"commentCount\":0,\"publisher\":{\"@id\":\"https:\/\/narteks.net\/#organization\"},\"articleSection\":[\"\u00d6zdemir ASAF\"],\"inLanguage\":\"tr\",\"potentialAction\":[{\"@type\":\"CommentAction\",\"name\":\"Comment\",\"target\":[\"https:\/\/narteks.net\/index.php\/2011\/06\/02\/cocukcada-ben-varim\/#respond\"]}]},{\"@type\":\"WebPage\",\"@id\":\"https:\/\/narteks.net\/index.php\/2011\/06\/02\/cocukcada-ben-varim\/\",\"url\":\"https:\/\/narteks.net\/index.php\/2011\/06\/02\/cocukcada-ben-varim\/\",\"name\":\"\u00c7OCUK\u00c7ADA BEN VARIM - narteks.net\",\"isPartOf\":{\"@id\":\"https:\/\/narteks.net\/#website\"},\"datePublished\":\"2011-06-02T13:13:22+00:00\",\"breadcrumb\":{\"@id\":\"https:\/\/narteks.net\/index.php\/2011\/06\/02\/cocukcada-ben-varim\/#breadcrumb\"},\"inLanguage\":\"tr\",\"potentialAction\":[{\"@type\":\"ReadAction\",\"target\":[\"https:\/\/narteks.net\/index.php\/2011\/06\/02\/cocukcada-ben-varim\/\"]}]},{\"@type\":\"BreadcrumbList\",\"@id\":\"https:\/\/narteks.net\/index.php\/2011\/06\/02\/cocukcada-ben-varim\/#breadcrumb\",\"itemListElement\":[{\"@type\":\"ListItem\",\"position\":1,\"name\":\"Anasayfa\",\"item\":\"https:\/\/narteks.net\/\"},{\"@type\":\"ListItem\",\"position\":2,\"name\":\"\u00c7OCUK\u00c7ADA BEN VARIM\"}]},{\"@type\":\"WebSite\",\"@id\":\"https:\/\/narteks.net\/#website\",\"url\":\"https:\/\/narteks.net\/\",\"name\":\"narteks.net\",\"description\":\"K\u00fclt\u00fcr Sanat Edebiyat Felsefe\",\"publisher\":{\"@id\":\"https:\/\/narteks.net\/#organization\"},\"alternateName\":\"K\u00fclt\u00fcr Sanat Edebiyat Felsefe\",\"potentialAction\":[{\"@type\":\"SearchAction\",\"target\":{\"@type\":\"EntryPoint\",\"urlTemplate\":\"https:\/\/narteks.net\/?s={search_term_string}\"},\"query-input\":{\"@type\":\"PropertyValueSpecification\",\"valueRequired\":true,\"valueName\":\"search_term_string\"}}],\"inLanguage\":\"tr\"},{\"@type\":\"Organization\",\"@id\":\"https:\/\/narteks.net\/#organization\",\"name\":\"narteks.net\",\"url\":\"https:\/\/narteks.net\/\",\"logo\":{\"@type\":\"ImageObject\",\"inLanguage\":\"tr\",\"@id\":\"https:\/\/narteks.net\/#\/schema\/logo\/image\/\",\"url\":\"https:\/\/narteks.net\/wp-content\/uploads\/narteks.png\",\"contentUrl\":\"https:\/\/narteks.net\/wp-content\/uploads\/narteks.png\",\"width\":300,\"height\":90,\"caption\":\"narteks.net\"},\"image\":{\"@id\":\"https:\/\/narteks.net\/#\/schema\/logo\/image\/\"},\"sameAs\":[\"https:\/\/x.com\/narteks\",\"https:\/\/instagram.com\/narteksnet\"]},{\"@type\":\"Person\",\"@id\":\"https:\/\/narteks.net\/#\/schema\/person\/61f37d9834294b72d31d274e7ed79bca\",\"name\":\"Tar\u0131k\",\"image\":{\"@type\":\"ImageObject\",\"inLanguage\":\"tr\",\"@id\":\"https:\/\/narteks.net\/#\/schema\/person\/image\/\",\"url\":\"https:\/\/secure.gravatar.com\/avatar\/50865afb55632c4ae467e0af0930f6510aa2297d8014be502a55b14f3b7550cf?s=96&d=mm&r=g\",\"contentUrl\":\"https:\/\/secure.gravatar.com\/avatar\/50865afb55632c4ae467e0af0930f6510aa2297d8014be502a55b14f3b7550cf?s=96&d=mm&r=g\",\"caption\":\"Tar\u0131k\"},\"sameAs\":[\"http:\/\/narteks.net\"],\"url\":\"https:\/\/narteks.net\/index.php\/author\/narbak\/\"}]}<\/script>\n<!-- \/ Yoast SEO Premium plugin. -->","yoast_head_json":{"title":"\u00c7OCUK\u00c7ADA BEN VARIM - narteks.net","robots":{"index":"index","follow":"follow","max-snippet":"max-snippet:-1","max-image-preview":"max-image-preview:large","max-video-preview":"max-video-preview:-1"},"canonical":"https:\/\/narteks.net\/index.php\/2011\/06\/02\/cocukcada-ben-varim\/","og_locale":"tr_TR","og_type":"article","og_title":"\u00c7OCUK\u00c7ADA BEN VARIM","og_description":"\u00a0 Ben b\u00f6yle yazd\u0131m sanmaBen b\u00f6yle d\u00fc\u015f\u00fcnd\u00fcmBa\u015f\u0131ndan beriS\u00f6zc\u00fckler ko\u015fuyorduD\u00fc\u015f\u00fcnmelerimin ard\u0131ndan\u00c7ocuklar, \u00e7ocuklar gibiBayram yerlerinde \u00c7ocuklar oynuyorduD\u00fc\u015flerimin i\u00e7indekiBayram yerlerinde Ben onlaraHi\u00e7bir zamanKapal\u0131 perdeleri g\u00f6stermedimKapal\u0131 kap\u0131lar\u0131 g\u00f6stermedim Hi\u00e7birini sal\u0131nca\u011fa bindirmedimSallamad\u0131mAtl\u0131 kar\u0131ncalarda d\u00f6nd\u00fcrmedimOnlar geli\u015fi gidi\u015f sand\u0131r\u0131rlarVuru\u015fan otolar\u0131 seviyorlard\u0131 onlar\u00c7\u00fcnk\u00fc hem gidiyorlard\u0131Gidiyorken g\u00fcld\u00fcr\u00fcyorlard\u0131Kafa kafaya vurduruyorlard\u0131G\u00fcl\u00fcyorlard\u0131Bizi kand\u0131rd\u0131klar\u0131 gibi kand\u0131r\u0131rlarOnlarYar\u0131n oynayacaklar\u0131 oyunuOyunun ba\u015f\u0131n\u0131 sonunuBizlerden iyi biliyorlard\u0131 \u00d6zdemir ASAF","og_url":"https:\/\/narteks.net\/index.php\/2011\/06\/02\/cocukcada-ben-varim\/","og_site_name":"narteks.net","article_published_time":"2011-06-02T13:13:22+00:00","og_image":[{"width":300,"height":90,"url":"https:\/\/narteks.net\/wp-content\/uploads\/narteks.png","type":"image\/png"}],"author":"Tar\u0131k","twitter_card":"summary_large_image","twitter_creator":"@narteks","twitter_site":"@narteks","twitter_misc":{"Yazan:":"Tar\u0131k"},"schema":{"@context":"https:\/\/schema.org","@graph":[{"@type":"Article","@id":"https:\/\/narteks.net\/index.php\/2011\/06\/02\/cocukcada-ben-varim\/#article","isPartOf":{"@id":"https:\/\/narteks.net\/index.php\/2011\/06\/02\/cocukcada-ben-varim\/"},"author":{"name":"Tar\u0131k","@id":"https:\/\/narteks.net\/#\/schema\/person\/61f37d9834294b72d31d274e7ed79bca"},"headline":"\u00c7OCUK\u00c7ADA BEN VARIM","datePublished":"2011-06-02T13:13:22+00:00","mainEntityOfPage":{"@id":"https:\/\/narteks.net\/index.php\/2011\/06\/02\/cocukcada-ben-varim\/"},"wordCount":99,"commentCount":0,"publisher":{"@id":"https:\/\/narteks.net\/#organization"},"articleSection":["\u00d6zdemir ASAF"],"inLanguage":"tr","potentialAction":[{"@type":"CommentAction","name":"Comment","target":["https:\/\/narteks.net\/index.php\/2011\/06\/02\/cocukcada-ben-varim\/#respond"]}]},{"@type":"WebPage","@id":"https:\/\/narteks.net\/index.php\/2011\/06\/02\/cocukcada-ben-varim\/","url":"https:\/\/narteks.net\/index.php\/2011\/06\/02\/cocukcada-ben-varim\/","name":"\u00c7OCUK\u00c7ADA BEN VARIM - narteks.net","isPartOf":{"@id":"https:\/\/narteks.net\/#website"},"datePublished":"2011-06-02T13:13:22+00:00","breadcrumb":{"@id":"https:\/\/narteks.net\/index.php\/2011\/06\/02\/cocukcada-ben-varim\/#breadcrumb"},"inLanguage":"tr","potentialAction":[{"@type":"ReadAction","target":["https:\/\/narteks.net\/index.php\/2011\/06\/02\/cocukcada-ben-varim\/"]}]},{"@type":"BreadcrumbList","@id":"https:\/\/narteks.net\/index.php\/2011\/06\/02\/cocukcada-ben-varim\/#breadcrumb","itemListElement":[{"@type":"ListItem","position":1,"name":"Anasayfa","item":"https:\/\/narteks.net\/"},{"@type":"ListItem","position":2,"name":"\u00c7OCUK\u00c7ADA BEN VARIM"}]},{"@type":"WebSite","@id":"https:\/\/narteks.net\/#website","url":"https:\/\/narteks.net\/","name":"narteks.net","description":"K\u00fclt\u00fcr Sanat Edebiyat Felsefe","publisher":{"@id":"https:\/\/narteks.net\/#organization"},"alternateName":"K\u00fclt\u00fcr Sanat Edebiyat Felsefe","potentialAction":[{"@type":"SearchAction","target":{"@type":"EntryPoint","urlTemplate":"https:\/\/narteks.net\/?s={search_term_string}"},"query-input":{"@type":"PropertyValueSpecification","valueRequired":true,"valueName":"search_term_string"}}],"inLanguage":"tr"},{"@type":"Organization","@id":"https:\/\/narteks.net\/#organization","name":"narteks.net","url":"https:\/\/narteks.net\/","logo":{"@type":"ImageObject","inLanguage":"tr","@id":"https:\/\/narteks.net\/#\/schema\/logo\/image\/","url":"https:\/\/narteks.net\/wp-content\/uploads\/narteks.png","contentUrl":"https:\/\/narteks.net\/wp-content\/uploads\/narteks.png","width":300,"height":90,"caption":"narteks.net"},"image":{"@id":"https:\/\/narteks.net\/#\/schema\/logo\/image\/"},"sameAs":["https:\/\/x.com\/narteks","https:\/\/instagram.com\/narteksnet"]},{"@type":"Person","@id":"https:\/\/narteks.net\/#\/schema\/person\/61f37d9834294b72d31d274e7ed79bca","name":"Tar\u0131k","image":{"@type":"ImageObject","inLanguage":"tr","@id":"https:\/\/narteks.net\/#\/schema\/person\/image\/","url":"https:\/\/secure.gravatar.com\/avatar\/50865afb55632c4ae467e0af0930f6510aa2297d8014be502a55b14f3b7550cf?s=96&d=mm&r=g","contentUrl":"https:\/\/secure.gravatar.com\/avatar\/50865afb55632c4ae467e0af0930f6510aa2297d8014be502a55b14f3b7550cf?s=96&d=mm&r=g","caption":"Tar\u0131k"},"sameAs":["http:\/\/narteks.net"],"url":"https:\/\/narteks.net\/index.php\/author\/narbak\/"}]}},"_links":{"self":[{"href":"https:\/\/narteks.net\/index.php\/wp-json\/wp\/v2\/posts\/6068","targetHints":{"allow":["GET"]}}],"collection":[{"href":"https:\/\/narteks.net\/index.php\/wp-json\/wp\/v2\/posts"}],"about":[{"href":"https:\/\/narteks.net\/index.php\/wp-json\/wp\/v2\/types\/post"}],"author":[{"embeddable":true,"href":"https:\/\/narteks.net\/index.php\/wp-json\/wp\/v2\/users\/1"}],"replies":[{"embeddable":true,"href":"https:\/\/narteks.net\/index.php\/wp-json\/wp\/v2\/comments?post=6068"}],"version-history":[{"count":0,"href":"https:\/\/narteks.net\/index.php\/wp-json\/wp\/v2\/posts\/6068\/revisions"}],"wp:attachment":[{"href":"https:\/\/narteks.net\/index.php\/wp-json\/wp\/v2\/media?parent=6068"}],"wp:term":[{"taxonomy":"category","embeddable":true,"href":"https:\/\/narteks.net\/index.php\/wp-json\/wp\/v2\/categories?post=6068"},{"taxonomy":"post_tag","embeddable":true,"href":"https:\/\/narteks.net\/index.php\/wp-json\/wp\/v2\/tags?post=6068"}],"curies":[{"name":"wp","href":"https:\/\/api.w.org\/{rel}","templated":true}]}}