{"id":608,"date":"2009-04-14T12:08:16","date_gmt":"2009-04-14T09:08:16","guid":{"rendered":"http:\/\/localhost\/wordpress\/2009\/04\/14\/buyuk-can-dedi-ki\/"},"modified":"2009-04-14T12:08:16","modified_gmt":"2009-04-14T09:08:16","slug":"buyuk-can-dedi-ki","status":"publish","type":"post","link":"https:\/\/narteks.net\/index.php\/2009\/04\/14\/buyuk-can-dedi-ki\/","title":{"rendered":"B\u00dcY\u00dcK CAN DED\u0130 K\u0130"},"content":{"rendered":"<p>\u00a0<\/p>\n<p>Kovalamay\u0131n beni yata\u011fa <br \/> Hi\u00e7 uykum yok <br \/> Daha laf\u0131n\u0131za kar\u0131\u015faca\u011f\u0131m <br \/> Ortal\u0131\u011f\u0131 da\u011f\u0131taca\u011f\u0131m <br \/> Televizyonu kapataca\u011f\u0131m <br \/> Ay\u00e7i\u00e7e\u011fi resmi yapaca\u011f\u0131m daha <br \/> Ba\u015fparma\u011f\u0131ma \u015fiir okuyaca\u011f\u0131m <br \/> Isl\u0131k \u00e7alaca\u011f\u0131m <br \/> Daha \u00e7ok i\u015fim var <br \/> Gecenizi karartaca\u011f\u0131m <br \/> K\u00fctahya vazonuzu k\u0131raca\u011f\u0131m <br \/> Vakitsiz yat\u0131rmay\u0131n beni <br \/> Daha \u00e7ok erken<\/p>\n<p>Can Y\u00dcCEL<\/p>\n","protected":false},"excerpt":{"rendered":"<p>\u00a0 Kovalamay\u0131n beni yata\u011fa Hi\u00e7 uykum yok Daha laf\u0131n\u0131za kar\u0131\u015faca\u011f\u0131m Ortal\u0131\u011f\u0131 da\u011f\u0131taca\u011f\u0131m Televizyonu kapataca\u011f\u0131m Ay\u00e7i\u00e7e\u011fi resmi yapaca\u011f\u0131m daha Ba\u015fparma\u011f\u0131ma \u015fiir okuyaca\u011f\u0131m Isl\u0131k \u00e7alaca\u011f\u0131m Daha \u00e7ok i\u015fim var Gecenizi karartaca\u011f\u0131m K\u00fctahya vazonuzu k\u0131raca\u011f\u0131m Vakitsiz yat\u0131rmay\u0131n beni Daha \u00e7ok erken Can Y\u00dcCEL<\/p>\n","protected":false},"author":1,"featured_media":0,"comment_status":"open","ping_status":"open","sticky":false,"template":"","format":"standard","meta":{"footnotes":""},"categories":[16],"tags":[],"class_list":{"0":"post-608","1":"post","2":"type-post","3":"status-publish","4":"format-standard","6":"category-can-yucel"},"yoast_head":"<!-- This site is optimized with the Yoast SEO Premium plugin v24.9 (Yoast SEO v24.9) - https:\/\/yoast.com\/wordpress\/plugins\/seo\/ -->\n<title>B\u00dcY\u00dcK CAN DED\u0130 K\u0130 - narteks.net<\/title>\n<meta name=\"robots\" content=\"index, follow, max-snippet:-1, max-image-preview:large, max-video-preview:-1\" \/>\n<link rel=\"canonical\" href=\"https:\/\/narteks.net\/index.php\/2009\/04\/14\/buyuk-can-dedi-ki\/\" \/>\n<meta property=\"og:locale\" content=\"tr_TR\" \/>\n<meta property=\"og:type\" content=\"article\" \/>\n<meta property=\"og:title\" content=\"B\u00dcY\u00dcK CAN DED\u0130 K\u0130\" \/>\n<meta property=\"og:description\" content=\"\u00a0 Kovalamay\u0131n beni yata\u011fa Hi\u00e7 uykum yok Daha laf\u0131n\u0131za kar\u0131\u015faca\u011f\u0131m Ortal\u0131\u011f\u0131 da\u011f\u0131taca\u011f\u0131m Televizyonu kapataca\u011f\u0131m Ay\u00e7i\u00e7e\u011fi resmi yapaca\u011f\u0131m daha Ba\u015fparma\u011f\u0131ma \u015fiir okuyaca\u011f\u0131m Isl\u0131k \u00e7alaca\u011f\u0131m Daha \u00e7ok i\u015fim var Gecenizi karartaca\u011f\u0131m K\u00fctahya vazonuzu k\u0131raca\u011f\u0131m Vakitsiz yat\u0131rmay\u0131n beni Daha \u00e7ok erken Can Y\u00dcCEL\" \/>\n<meta property=\"og:url\" content=\"https:\/\/narteks.net\/index.php\/2009\/04\/14\/buyuk-can-dedi-ki\/\" \/>\n<meta property=\"og:site_name\" content=\"narteks.net\" \/>\n<meta property=\"article:published_time\" content=\"2009-04-14T09:08:16+00:00\" \/>\n<meta property=\"og:image\" content=\"https:\/\/narteks.net\/wp-content\/uploads\/narteks.png\" \/>\n\t<meta property=\"og:image:width\" content=\"300\" \/>\n\t<meta property=\"og:image:height\" content=\"90\" \/>\n\t<meta property=\"og:image:type\" content=\"image\/png\" \/>\n<meta name=\"author\" content=\"Tar\u0131k\" \/>\n<meta name=\"twitter:card\" content=\"summary_large_image\" \/>\n<meta name=\"twitter:creator\" content=\"@narteks\" \/>\n<meta name=\"twitter:site\" content=\"@narteks\" \/>\n<meta name=\"twitter:label1\" content=\"Yazan:\" \/>\n\t<meta name=\"twitter:data1\" content=\"Tar\u0131k\" \/>\n<script type=\"application\/ld+json\" class=\"yoast-schema-graph\">{\"@context\":\"https:\/\/schema.org\",\"@graph\":[{\"@type\":\"Article\",\"@id\":\"https:\/\/narteks.net\/index.php\/2009\/04\/14\/buyuk-can-dedi-ki\/#article\",\"isPartOf\":{\"@id\":\"https:\/\/narteks.net\/index.php\/2009\/04\/14\/buyuk-can-dedi-ki\/\"},\"author\":{\"name\":\"Tar\u0131k\",\"@id\":\"https:\/\/narteks.net\/#\/schema\/person\/61f37d9834294b72d31d274e7ed79bca\"},\"headline\":\"B\u00dcY\u00dcK CAN DED\u0130 K\u0130\",\"datePublished\":\"2009-04-14T09:08:16+00:00\",\"mainEntityOfPage\":{\"@id\":\"https:\/\/narteks.net\/index.php\/2009\/04\/14\/buyuk-can-dedi-ki\/\"},\"wordCount\":71,\"commentCount\":0,\"publisher\":{\"@id\":\"https:\/\/narteks.net\/#organization\"},\"articleSection\":[\"Can Y\u00dcCEL\"],\"inLanguage\":\"tr\",\"potentialAction\":[{\"@type\":\"CommentAction\",\"name\":\"Comment\",\"target\":[\"https:\/\/narteks.net\/index.php\/2009\/04\/14\/buyuk-can-dedi-ki\/#respond\"]}]},{\"@type\":\"WebPage\",\"@id\":\"https:\/\/narteks.net\/index.php\/2009\/04\/14\/buyuk-can-dedi-ki\/\",\"url\":\"https:\/\/narteks.net\/index.php\/2009\/04\/14\/buyuk-can-dedi-ki\/\",\"name\":\"B\u00dcY\u00dcK CAN DED\u0130 K\u0130 - narteks.net\",\"isPartOf\":{\"@id\":\"https:\/\/narteks.net\/#website\"},\"datePublished\":\"2009-04-14T09:08:16+00:00\",\"breadcrumb\":{\"@id\":\"https:\/\/narteks.net\/index.php\/2009\/04\/14\/buyuk-can-dedi-ki\/#breadcrumb\"},\"inLanguage\":\"tr\",\"potentialAction\":[{\"@type\":\"ReadAction\",\"target\":[\"https:\/\/narteks.net\/index.php\/2009\/04\/14\/buyuk-can-dedi-ki\/\"]}]},{\"@type\":\"BreadcrumbList\",\"@id\":\"https:\/\/narteks.net\/index.php\/2009\/04\/14\/buyuk-can-dedi-ki\/#breadcrumb\",\"itemListElement\":[{\"@type\":\"ListItem\",\"position\":1,\"name\":\"Anasayfa\",\"item\":\"https:\/\/narteks.net\/\"},{\"@type\":\"ListItem\",\"position\":2,\"name\":\"B\u00dcY\u00dcK CAN DED\u0130 K\u0130\"}]},{\"@type\":\"WebSite\",\"@id\":\"https:\/\/narteks.net\/#website\",\"url\":\"https:\/\/narteks.net\/\",\"name\":\"narteks.net\",\"description\":\"K\u00fclt\u00fcr Sanat Edebiyat Felsefe\",\"publisher\":{\"@id\":\"https:\/\/narteks.net\/#organization\"},\"alternateName\":\"K\u00fclt\u00fcr Sanat Edebiyat Felsefe\",\"potentialAction\":[{\"@type\":\"SearchAction\",\"target\":{\"@type\":\"EntryPoint\",\"urlTemplate\":\"https:\/\/narteks.net\/?s={search_term_string}\"},\"query-input\":{\"@type\":\"PropertyValueSpecification\",\"valueRequired\":true,\"valueName\":\"search_term_string\"}}],\"inLanguage\":\"tr\"},{\"@type\":\"Organization\",\"@id\":\"https:\/\/narteks.net\/#organization\",\"name\":\"narteks.net\",\"url\":\"https:\/\/narteks.net\/\",\"logo\":{\"@type\":\"ImageObject\",\"inLanguage\":\"tr\",\"@id\":\"https:\/\/narteks.net\/#\/schema\/logo\/image\/\",\"url\":\"https:\/\/narteks.net\/wp-content\/uploads\/narteks.png\",\"contentUrl\":\"https:\/\/narteks.net\/wp-content\/uploads\/narteks.png\",\"width\":300,\"height\":90,\"caption\":\"narteks.net\"},\"image\":{\"@id\":\"https:\/\/narteks.net\/#\/schema\/logo\/image\/\"},\"sameAs\":[\"https:\/\/x.com\/narteks\",\"https:\/\/instagram.com\/narteksnet\"]},{\"@type\":\"Person\",\"@id\":\"https:\/\/narteks.net\/#\/schema\/person\/61f37d9834294b72d31d274e7ed79bca\",\"name\":\"Tar\u0131k\",\"image\":{\"@type\":\"ImageObject\",\"inLanguage\":\"tr\",\"@id\":\"https:\/\/narteks.net\/#\/schema\/person\/image\/\",\"url\":\"https:\/\/secure.gravatar.com\/avatar\/50865afb55632c4ae467e0af0930f6510aa2297d8014be502a55b14f3b7550cf?s=96&d=mm&r=g\",\"contentUrl\":\"https:\/\/secure.gravatar.com\/avatar\/50865afb55632c4ae467e0af0930f6510aa2297d8014be502a55b14f3b7550cf?s=96&d=mm&r=g\",\"caption\":\"Tar\u0131k\"},\"sameAs\":[\"http:\/\/narteks.net\"],\"url\":\"https:\/\/narteks.net\/index.php\/author\/narbak\/\"}]}<\/script>\n<!-- \/ Yoast SEO Premium plugin. -->","yoast_head_json":{"title":"B\u00dcY\u00dcK CAN DED\u0130 K\u0130 - narteks.net","robots":{"index":"index","follow":"follow","max-snippet":"max-snippet:-1","max-image-preview":"max-image-preview:large","max-video-preview":"max-video-preview:-1"},"canonical":"https:\/\/narteks.net\/index.php\/2009\/04\/14\/buyuk-can-dedi-ki\/","og_locale":"tr_TR","og_type":"article","og_title":"B\u00dcY\u00dcK CAN DED\u0130 K\u0130","og_description":"\u00a0 Kovalamay\u0131n beni yata\u011fa Hi\u00e7 uykum yok Daha laf\u0131n\u0131za kar\u0131\u015faca\u011f\u0131m Ortal\u0131\u011f\u0131 da\u011f\u0131taca\u011f\u0131m Televizyonu kapataca\u011f\u0131m Ay\u00e7i\u00e7e\u011fi resmi yapaca\u011f\u0131m daha Ba\u015fparma\u011f\u0131ma \u015fiir okuyaca\u011f\u0131m Isl\u0131k \u00e7alaca\u011f\u0131m Daha \u00e7ok i\u015fim var Gecenizi karartaca\u011f\u0131m K\u00fctahya vazonuzu k\u0131raca\u011f\u0131m Vakitsiz yat\u0131rmay\u0131n beni Daha \u00e7ok erken Can Y\u00dcCEL","og_url":"https:\/\/narteks.net\/index.php\/2009\/04\/14\/buyuk-can-dedi-ki\/","og_site_name":"narteks.net","article_published_time":"2009-04-14T09:08:16+00:00","og_image":[{"width":300,"height":90,"url":"https:\/\/narteks.net\/wp-content\/uploads\/narteks.png","type":"image\/png"}],"author":"Tar\u0131k","twitter_card":"summary_large_image","twitter_creator":"@narteks","twitter_site":"@narteks","twitter_misc":{"Yazan:":"Tar\u0131k"},"schema":{"@context":"https:\/\/schema.org","@graph":[{"@type":"Article","@id":"https:\/\/narteks.net\/index.php\/2009\/04\/14\/buyuk-can-dedi-ki\/#article","isPartOf":{"@id":"https:\/\/narteks.net\/index.php\/2009\/04\/14\/buyuk-can-dedi-ki\/"},"author":{"name":"Tar\u0131k","@id":"https:\/\/narteks.net\/#\/schema\/person\/61f37d9834294b72d31d274e7ed79bca"},"headline":"B\u00dcY\u00dcK CAN DED\u0130 K\u0130","datePublished":"2009-04-14T09:08:16+00:00","mainEntityOfPage":{"@id":"https:\/\/narteks.net\/index.php\/2009\/04\/14\/buyuk-can-dedi-ki\/"},"wordCount":71,"commentCount":0,"publisher":{"@id":"https:\/\/narteks.net\/#organization"},"articleSection":["Can Y\u00dcCEL"],"inLanguage":"tr","potentialAction":[{"@type":"CommentAction","name":"Comment","target":["https:\/\/narteks.net\/index.php\/2009\/04\/14\/buyuk-can-dedi-ki\/#respond"]}]},{"@type":"WebPage","@id":"https:\/\/narteks.net\/index.php\/2009\/04\/14\/buyuk-can-dedi-ki\/","url":"https:\/\/narteks.net\/index.php\/2009\/04\/14\/buyuk-can-dedi-ki\/","name":"B\u00dcY\u00dcK CAN DED\u0130 K\u0130 - narteks.net","isPartOf":{"@id":"https:\/\/narteks.net\/#website"},"datePublished":"2009-04-14T09:08:16+00:00","breadcrumb":{"@id":"https:\/\/narteks.net\/index.php\/2009\/04\/14\/buyuk-can-dedi-ki\/#breadcrumb"},"inLanguage":"tr","potentialAction":[{"@type":"ReadAction","target":["https:\/\/narteks.net\/index.php\/2009\/04\/14\/buyuk-can-dedi-ki\/"]}]},{"@type":"BreadcrumbList","@id":"https:\/\/narteks.net\/index.php\/2009\/04\/14\/buyuk-can-dedi-ki\/#breadcrumb","itemListElement":[{"@type":"ListItem","position":1,"name":"Anasayfa","item":"https:\/\/narteks.net\/"},{"@type":"ListItem","position":2,"name":"B\u00dcY\u00dcK CAN DED\u0130 K\u0130"}]},{"@type":"WebSite","@id":"https:\/\/narteks.net\/#website","url":"https:\/\/narteks.net\/","name":"narteks.net","description":"K\u00fclt\u00fcr Sanat Edebiyat Felsefe","publisher":{"@id":"https:\/\/narteks.net\/#organization"},"alternateName":"K\u00fclt\u00fcr Sanat Edebiyat Felsefe","potentialAction":[{"@type":"SearchAction","target":{"@type":"EntryPoint","urlTemplate":"https:\/\/narteks.net\/?s={search_term_string}"},"query-input":{"@type":"PropertyValueSpecification","valueRequired":true,"valueName":"search_term_string"}}],"inLanguage":"tr"},{"@type":"Organization","@id":"https:\/\/narteks.net\/#organization","name":"narteks.net","url":"https:\/\/narteks.net\/","logo":{"@type":"ImageObject","inLanguage":"tr","@id":"https:\/\/narteks.net\/#\/schema\/logo\/image\/","url":"https:\/\/narteks.net\/wp-content\/uploads\/narteks.png","contentUrl":"https:\/\/narteks.net\/wp-content\/uploads\/narteks.png","width":300,"height":90,"caption":"narteks.net"},"image":{"@id":"https:\/\/narteks.net\/#\/schema\/logo\/image\/"},"sameAs":["https:\/\/x.com\/narteks","https:\/\/instagram.com\/narteksnet"]},{"@type":"Person","@id":"https:\/\/narteks.net\/#\/schema\/person\/61f37d9834294b72d31d274e7ed79bca","name":"Tar\u0131k","image":{"@type":"ImageObject","inLanguage":"tr","@id":"https:\/\/narteks.net\/#\/schema\/person\/image\/","url":"https:\/\/secure.gravatar.com\/avatar\/50865afb55632c4ae467e0af0930f6510aa2297d8014be502a55b14f3b7550cf?s=96&d=mm&r=g","contentUrl":"https:\/\/secure.gravatar.com\/avatar\/50865afb55632c4ae467e0af0930f6510aa2297d8014be502a55b14f3b7550cf?s=96&d=mm&r=g","caption":"Tar\u0131k"},"sameAs":["http:\/\/narteks.net"],"url":"https:\/\/narteks.net\/index.php\/author\/narbak\/"}]}},"_links":{"self":[{"href":"https:\/\/narteks.net\/index.php\/wp-json\/wp\/v2\/posts\/608","targetHints":{"allow":["GET"]}}],"collection":[{"href":"https:\/\/narteks.net\/index.php\/wp-json\/wp\/v2\/posts"}],"about":[{"href":"https:\/\/narteks.net\/index.php\/wp-json\/wp\/v2\/types\/post"}],"author":[{"embeddable":true,"href":"https:\/\/narteks.net\/index.php\/wp-json\/wp\/v2\/users\/1"}],"replies":[{"embeddable":true,"href":"https:\/\/narteks.net\/index.php\/wp-json\/wp\/v2\/comments?post=608"}],"version-history":[{"count":0,"href":"https:\/\/narteks.net\/index.php\/wp-json\/wp\/v2\/posts\/608\/revisions"}],"wp:attachment":[{"href":"https:\/\/narteks.net\/index.php\/wp-json\/wp\/v2\/media?parent=608"}],"wp:term":[{"taxonomy":"category","embeddable":true,"href":"https:\/\/narteks.net\/index.php\/wp-json\/wp\/v2\/categories?post=608"},{"taxonomy":"post_tag","embeddable":true,"href":"https:\/\/narteks.net\/index.php\/wp-json\/wp\/v2\/tags?post=608"}],"curies":[{"name":"wp","href":"https:\/\/api.w.org\/{rel}","templated":true}]}}