{"id":6096,"date":"2011-06-02T16:59:42","date_gmt":"2011-06-02T13:59:42","guid":{"rendered":"http:\/\/localhost\/wordpress\/2011\/06\/02\/simdinin\/"},"modified":"2011-06-02T16:59:42","modified_gmt":"2011-06-02T13:59:42","slug":"simdinin","status":"publish","type":"post","link":"https:\/\/narteks.net\/index.php\/2011\/06\/02\/simdinin\/","title":{"rendered":"\u015e\u0130MD\u0130N\u0130N"},"content":{"rendered":"<p>\u00a0<\/p>\n<p>\u015eimdi ben neden mi g\u00fcler?<br \/>\u015eimdi ben bir ba\u015fka bana,<br \/>Bir ba\u015fka \u015fimdiden bakt\u0131\u011f\u0131mdand\u0131r&#8230;<br \/>\u015eimdi bu m\u00fczik neye \u00e7almakta,<br \/>Ne var ona b\u00f6ylesine dalmakta?<br \/>U\u00e7urumlarla da\u011flar birbirinden \u00e7\u0131kmad\u0131r.<\/p>\n<p>Selam verdim, g\u00f6rmedin, ne zaman, \u015fimdi.<br \/>O \u015fimdi benimdi, bu senin \u015fimdi.<br \/>\u015eimdilerin kimi g\u00fcld\u00fcr\u00fcr, kimi a\u011flat\u0131r.<\/p>\n<p>Renklerin, seslerin, s\u00f6zlerin anlam\u0131, a\u011f\u0131rl\u0131\u011f\u0131,<br \/>Kendileriyle ve \u00f6b\u00fcrleriyle duyarl\u0131\u011f\u0131, uyarl\u0131\u011f\u0131<br \/>Bir de uymazl\u0131\u011f\u0131, duymazl\u0131\u011f\u0131, sa\u011f\u0131rl\u0131\u011f\u0131 vard\u0131r.<br \/>`Bir \u015fulesi var ki sem-i \u00c7an&#8217;\u0131n<br \/>Fanusuna s\u0131\u011fmaz asuman\u0131n`<br \/>\u00c7ok \u015fimdiler \u015eeyh Galibin mal\u0131d\u0131r.<\/p>\n<p>\u015eimdi buradayd\u0131, nerede, oradayd\u0131, g\u00f6rmedin mi?<br \/>Ben ora, sen bura, sen ora, ben bura dendik\u00e7e,<br \/>\u015eimdi bir \u015fey olsad\u0131r, hem bir \u015fey olmasad\u0131r..<\/p>\n<p>`Ne meyle ne ney-u neyle \u015fimdi,<br \/>G\u00f6n\u00fcl eglenmeyor bir \u015feyle \u015fimdi`<br \/>\u015eimdiden Fuzuli uzanm\u0131\u015f olmal\u0131d\u0131r.<\/p>\n<p>Bir \u015fimdiden bir \u015fimdiye k\u00f6pr\u00fc kurarlar<br \/>Da bal\u0131klar \u00fcst\u00fcnde Yunus deye ge\u00e7erler.<br \/>Benim \u00e7ocuklu\u011fumdaki yunuslar yuvarlakt\u0131r.<br \/>`Deryada deryal\u0131klar, suda oynar bal\u0131klar,<br \/>Ne bu sevda olayd\u0131, ne de bu ayr\u0131l\u0131klar`<br \/>\u00c7ocukluklar \u00e7ocuklardan azd\u0131r.<br \/>Ne olacak \u015fimdi, ne olmu\u015ftu, kom\u015fuda yang\u0131n \u00e7\u0131km\u0131\u015ft\u0131,<br \/>S\u00f6nm\u00fc\u015ft\u00fc, k\u00fclleri u\u00e7u\u015fmu\u015ftu, ba\u015f\u0131ma ya\u011fm\u0131\u015ft\u0131.<br \/>Bu \u00e7izgiler, bu aklar, o ani yang\u0131n\u0131ndan kalmad\u0131r,<br \/>Ne olduysa i\u00e7in-i\u00e7in ve neler de olmad\u0131ysa,<br \/>Hi\u00e7bir zaman demedimdi bir hi\u00e7 i\u00e7in.<br \/>O konak as\u0131l \u015fimdi yanmaktad\u0131r.<\/p>\n<p>\u00d6zdemir ASAF<\/p>\n","protected":false},"excerpt":{"rendered":"<p>\u00a0 \u015eimdi ben neden mi g\u00fcler?\u015eimdi ben bir ba\u015fka bana,Bir ba\u015fka \u015fimdiden bakt\u0131\u011f\u0131mdand\u0131r&#8230;\u015eimdi bu m\u00fczik neye \u00e7almakta,Ne var ona b\u00f6ylesine dalmakta?U\u00e7urumlarla da\u011flar birbirinden \u00e7\u0131kmad\u0131r. Selam verdim, g\u00f6rmedin, ne zaman, \u015fimdi.O \u015fimdi benimdi, bu senin \u015fimdi.\u015eimdilerin kimi g\u00fcld\u00fcr\u00fcr, kimi a\u011flat\u0131r. Renklerin, seslerin, s\u00f6zlerin anlam\u0131, a\u011f\u0131rl\u0131\u011f\u0131,Kendileriyle ve \u00f6b\u00fcrleriyle duyarl\u0131\u011f\u0131, uyarl\u0131\u011f\u0131Bir de uymazl\u0131\u011f\u0131, duymazl\u0131\u011f\u0131, sa\u011f\u0131rl\u0131\u011f\u0131 vard\u0131r.`Bir \u015fulesi var [&hellip;]<\/p>\n","protected":false},"author":1,"featured_media":0,"comment_status":"open","ping_status":"open","sticky":false,"template":"","format":"standard","meta":{"footnotes":""},"categories":[29],"tags":[],"class_list":{"0":"post-6096","1":"post","2":"type-post","3":"status-publish","4":"format-standard","6":"category-ozdemir-asaf"},"yoast_head":"<!-- This site is optimized with the Yoast SEO Premium plugin v24.9 (Yoast SEO v24.9) - https:\/\/yoast.com\/wordpress\/plugins\/seo\/ -->\n<title>\u015e\u0130MD\u0130N\u0130N - narteks.net<\/title>\n<meta name=\"robots\" content=\"index, follow, max-snippet:-1, max-image-preview:large, max-video-preview:-1\" \/>\n<link rel=\"canonical\" href=\"https:\/\/narteks.net\/index.php\/2011\/06\/02\/simdinin\/\" \/>\n<meta property=\"og:locale\" content=\"tr_TR\" \/>\n<meta property=\"og:type\" content=\"article\" \/>\n<meta property=\"og:title\" content=\"\u015e\u0130MD\u0130N\u0130N\" \/>\n<meta property=\"og:description\" content=\"\u00a0 \u015eimdi ben neden mi g\u00fcler?\u015eimdi ben bir ba\u015fka bana,Bir ba\u015fka \u015fimdiden bakt\u0131\u011f\u0131mdand\u0131r&#8230;\u015eimdi bu m\u00fczik neye \u00e7almakta,Ne var ona b\u00f6ylesine dalmakta?U\u00e7urumlarla da\u011flar birbirinden \u00e7\u0131kmad\u0131r. Selam verdim, g\u00f6rmedin, ne zaman, \u015fimdi.O \u015fimdi benimdi, bu senin \u015fimdi.\u015eimdilerin kimi g\u00fcld\u00fcr\u00fcr, kimi a\u011flat\u0131r. Renklerin, seslerin, s\u00f6zlerin anlam\u0131, a\u011f\u0131rl\u0131\u011f\u0131,Kendileriyle ve \u00f6b\u00fcrleriyle duyarl\u0131\u011f\u0131, uyarl\u0131\u011f\u0131Bir de uymazl\u0131\u011f\u0131, duymazl\u0131\u011f\u0131, sa\u011f\u0131rl\u0131\u011f\u0131 vard\u0131r.`Bir \u015fulesi var [&hellip;]\" \/>\n<meta property=\"og:url\" content=\"https:\/\/narteks.net\/index.php\/2011\/06\/02\/simdinin\/\" \/>\n<meta property=\"og:site_name\" content=\"narteks.net\" \/>\n<meta property=\"article:published_time\" content=\"2011-06-02T13:59:42+00:00\" \/>\n<meta property=\"og:image\" content=\"https:\/\/narteks.net\/wp-content\/uploads\/narteks.png\" \/>\n\t<meta property=\"og:image:width\" content=\"300\" \/>\n\t<meta property=\"og:image:height\" content=\"90\" \/>\n\t<meta property=\"og:image:type\" content=\"image\/png\" \/>\n<meta name=\"author\" content=\"Tar\u0131k\" \/>\n<meta name=\"twitter:card\" content=\"summary_large_image\" \/>\n<meta name=\"twitter:creator\" content=\"@narteks\" \/>\n<meta name=\"twitter:site\" content=\"@narteks\" \/>\n<meta name=\"twitter:label1\" content=\"Yazan:\" \/>\n\t<meta name=\"twitter:data1\" content=\"Tar\u0131k\" \/>\n\t<meta name=\"twitter:label2\" content=\"Tahmini okuma s\u00fcresi\" \/>\n\t<meta name=\"twitter:data2\" content=\"1 dakika\" \/>\n<script type=\"application\/ld+json\" class=\"yoast-schema-graph\">{\"@context\":\"https:\/\/schema.org\",\"@graph\":[{\"@type\":\"Article\",\"@id\":\"https:\/\/narteks.net\/index.php\/2011\/06\/02\/simdinin\/#article\",\"isPartOf\":{\"@id\":\"https:\/\/narteks.net\/index.php\/2011\/06\/02\/simdinin\/\"},\"author\":{\"name\":\"Tar\u0131k\",\"@id\":\"https:\/\/narteks.net\/#\/schema\/person\/61f37d9834294b72d31d274e7ed79bca\"},\"headline\":\"\u015e\u0130MD\u0130N\u0130N\",\"datePublished\":\"2011-06-02T13:59:42+00:00\",\"mainEntityOfPage\":{\"@id\":\"https:\/\/narteks.net\/index.php\/2011\/06\/02\/simdinin\/\"},\"wordCount\":255,\"commentCount\":0,\"publisher\":{\"@id\":\"https:\/\/narteks.net\/#organization\"},\"articleSection\":[\"\u00d6zdemir ASAF\"],\"inLanguage\":\"tr\",\"potentialAction\":[{\"@type\":\"CommentAction\",\"name\":\"Comment\",\"target\":[\"https:\/\/narteks.net\/index.php\/2011\/06\/02\/simdinin\/#respond\"]}]},{\"@type\":\"WebPage\",\"@id\":\"https:\/\/narteks.net\/index.php\/2011\/06\/02\/simdinin\/\",\"url\":\"https:\/\/narteks.net\/index.php\/2011\/06\/02\/simdinin\/\",\"name\":\"\u015e\u0130MD\u0130N\u0130N - narteks.net\",\"isPartOf\":{\"@id\":\"https:\/\/narteks.net\/#website\"},\"datePublished\":\"2011-06-02T13:59:42+00:00\",\"breadcrumb\":{\"@id\":\"https:\/\/narteks.net\/index.php\/2011\/06\/02\/simdinin\/#breadcrumb\"},\"inLanguage\":\"tr\",\"potentialAction\":[{\"@type\":\"ReadAction\",\"target\":[\"https:\/\/narteks.net\/index.php\/2011\/06\/02\/simdinin\/\"]}]},{\"@type\":\"BreadcrumbList\",\"@id\":\"https:\/\/narteks.net\/index.php\/2011\/06\/02\/simdinin\/#breadcrumb\",\"itemListElement\":[{\"@type\":\"ListItem\",\"position\":1,\"name\":\"Anasayfa\",\"item\":\"https:\/\/narteks.net\/\"},{\"@type\":\"ListItem\",\"position\":2,\"name\":\"\u015e\u0130MD\u0130N\u0130N\"}]},{\"@type\":\"WebSite\",\"@id\":\"https:\/\/narteks.net\/#website\",\"url\":\"https:\/\/narteks.net\/\",\"name\":\"narteks.net\",\"description\":\"K\u00fclt\u00fcr Sanat Edebiyat Felsefe\",\"publisher\":{\"@id\":\"https:\/\/narteks.net\/#organization\"},\"alternateName\":\"K\u00fclt\u00fcr Sanat Edebiyat Felsefe\",\"potentialAction\":[{\"@type\":\"SearchAction\",\"target\":{\"@type\":\"EntryPoint\",\"urlTemplate\":\"https:\/\/narteks.net\/?s={search_term_string}\"},\"query-input\":{\"@type\":\"PropertyValueSpecification\",\"valueRequired\":true,\"valueName\":\"search_term_string\"}}],\"inLanguage\":\"tr\"},{\"@type\":\"Organization\",\"@id\":\"https:\/\/narteks.net\/#organization\",\"name\":\"narteks.net\",\"url\":\"https:\/\/narteks.net\/\",\"logo\":{\"@type\":\"ImageObject\",\"inLanguage\":\"tr\",\"@id\":\"https:\/\/narteks.net\/#\/schema\/logo\/image\/\",\"url\":\"https:\/\/narteks.net\/wp-content\/uploads\/narteks.png\",\"contentUrl\":\"https:\/\/narteks.net\/wp-content\/uploads\/narteks.png\",\"width\":300,\"height\":90,\"caption\":\"narteks.net\"},\"image\":{\"@id\":\"https:\/\/narteks.net\/#\/schema\/logo\/image\/\"},\"sameAs\":[\"https:\/\/x.com\/narteks\",\"https:\/\/instagram.com\/narteksnet\"]},{\"@type\":\"Person\",\"@id\":\"https:\/\/narteks.net\/#\/schema\/person\/61f37d9834294b72d31d274e7ed79bca\",\"name\":\"Tar\u0131k\",\"image\":{\"@type\":\"ImageObject\",\"inLanguage\":\"tr\",\"@id\":\"https:\/\/narteks.net\/#\/schema\/person\/image\/\",\"url\":\"https:\/\/secure.gravatar.com\/avatar\/50865afb55632c4ae467e0af0930f6510aa2297d8014be502a55b14f3b7550cf?s=96&d=mm&r=g\",\"contentUrl\":\"https:\/\/secure.gravatar.com\/avatar\/50865afb55632c4ae467e0af0930f6510aa2297d8014be502a55b14f3b7550cf?s=96&d=mm&r=g\",\"caption\":\"Tar\u0131k\"},\"sameAs\":[\"http:\/\/narteks.net\"],\"url\":\"https:\/\/narteks.net\/index.php\/author\/narbak\/\"}]}<\/script>\n<!-- \/ Yoast SEO Premium plugin. -->","yoast_head_json":{"title":"\u015e\u0130MD\u0130N\u0130N - narteks.net","robots":{"index":"index","follow":"follow","max-snippet":"max-snippet:-1","max-image-preview":"max-image-preview:large","max-video-preview":"max-video-preview:-1"},"canonical":"https:\/\/narteks.net\/index.php\/2011\/06\/02\/simdinin\/","og_locale":"tr_TR","og_type":"article","og_title":"\u015e\u0130MD\u0130N\u0130N","og_description":"\u00a0 \u015eimdi ben neden mi g\u00fcler?\u015eimdi ben bir ba\u015fka bana,Bir ba\u015fka \u015fimdiden bakt\u0131\u011f\u0131mdand\u0131r&#8230;\u015eimdi bu m\u00fczik neye \u00e7almakta,Ne var ona b\u00f6ylesine dalmakta?U\u00e7urumlarla da\u011flar birbirinden \u00e7\u0131kmad\u0131r. Selam verdim, g\u00f6rmedin, ne zaman, \u015fimdi.O \u015fimdi benimdi, bu senin \u015fimdi.\u015eimdilerin kimi g\u00fcld\u00fcr\u00fcr, kimi a\u011flat\u0131r. Renklerin, seslerin, s\u00f6zlerin anlam\u0131, a\u011f\u0131rl\u0131\u011f\u0131,Kendileriyle ve \u00f6b\u00fcrleriyle duyarl\u0131\u011f\u0131, uyarl\u0131\u011f\u0131Bir de uymazl\u0131\u011f\u0131, duymazl\u0131\u011f\u0131, sa\u011f\u0131rl\u0131\u011f\u0131 vard\u0131r.`Bir \u015fulesi var [&hellip;]","og_url":"https:\/\/narteks.net\/index.php\/2011\/06\/02\/simdinin\/","og_site_name":"narteks.net","article_published_time":"2011-06-02T13:59:42+00:00","og_image":[{"width":300,"height":90,"url":"https:\/\/narteks.net\/wp-content\/uploads\/narteks.png","type":"image\/png"}],"author":"Tar\u0131k","twitter_card":"summary_large_image","twitter_creator":"@narteks","twitter_site":"@narteks","twitter_misc":{"Yazan:":"Tar\u0131k","Tahmini okuma s\u00fcresi":"1 dakika"},"schema":{"@context":"https:\/\/schema.org","@graph":[{"@type":"Article","@id":"https:\/\/narteks.net\/index.php\/2011\/06\/02\/simdinin\/#article","isPartOf":{"@id":"https:\/\/narteks.net\/index.php\/2011\/06\/02\/simdinin\/"},"author":{"name":"Tar\u0131k","@id":"https:\/\/narteks.net\/#\/schema\/person\/61f37d9834294b72d31d274e7ed79bca"},"headline":"\u015e\u0130MD\u0130N\u0130N","datePublished":"2011-06-02T13:59:42+00:00","mainEntityOfPage":{"@id":"https:\/\/narteks.net\/index.php\/2011\/06\/02\/simdinin\/"},"wordCount":255,"commentCount":0,"publisher":{"@id":"https:\/\/narteks.net\/#organization"},"articleSection":["\u00d6zdemir ASAF"],"inLanguage":"tr","potentialAction":[{"@type":"CommentAction","name":"Comment","target":["https:\/\/narteks.net\/index.php\/2011\/06\/02\/simdinin\/#respond"]}]},{"@type":"WebPage","@id":"https:\/\/narteks.net\/index.php\/2011\/06\/02\/simdinin\/","url":"https:\/\/narteks.net\/index.php\/2011\/06\/02\/simdinin\/","name":"\u015e\u0130MD\u0130N\u0130N - narteks.net","isPartOf":{"@id":"https:\/\/narteks.net\/#website"},"datePublished":"2011-06-02T13:59:42+00:00","breadcrumb":{"@id":"https:\/\/narteks.net\/index.php\/2011\/06\/02\/simdinin\/#breadcrumb"},"inLanguage":"tr","potentialAction":[{"@type":"ReadAction","target":["https:\/\/narteks.net\/index.php\/2011\/06\/02\/simdinin\/"]}]},{"@type":"BreadcrumbList","@id":"https:\/\/narteks.net\/index.php\/2011\/06\/02\/simdinin\/#breadcrumb","itemListElement":[{"@type":"ListItem","position":1,"name":"Anasayfa","item":"https:\/\/narteks.net\/"},{"@type":"ListItem","position":2,"name":"\u015e\u0130MD\u0130N\u0130N"}]},{"@type":"WebSite","@id":"https:\/\/narteks.net\/#website","url":"https:\/\/narteks.net\/","name":"narteks.net","description":"K\u00fclt\u00fcr Sanat Edebiyat Felsefe","publisher":{"@id":"https:\/\/narteks.net\/#organization"},"alternateName":"K\u00fclt\u00fcr Sanat Edebiyat Felsefe","potentialAction":[{"@type":"SearchAction","target":{"@type":"EntryPoint","urlTemplate":"https:\/\/narteks.net\/?s={search_term_string}"},"query-input":{"@type":"PropertyValueSpecification","valueRequired":true,"valueName":"search_term_string"}}],"inLanguage":"tr"},{"@type":"Organization","@id":"https:\/\/narteks.net\/#organization","name":"narteks.net","url":"https:\/\/narteks.net\/","logo":{"@type":"ImageObject","inLanguage":"tr","@id":"https:\/\/narteks.net\/#\/schema\/logo\/image\/","url":"https:\/\/narteks.net\/wp-content\/uploads\/narteks.png","contentUrl":"https:\/\/narteks.net\/wp-content\/uploads\/narteks.png","width":300,"height":90,"caption":"narteks.net"},"image":{"@id":"https:\/\/narteks.net\/#\/schema\/logo\/image\/"},"sameAs":["https:\/\/x.com\/narteks","https:\/\/instagram.com\/narteksnet"]},{"@type":"Person","@id":"https:\/\/narteks.net\/#\/schema\/person\/61f37d9834294b72d31d274e7ed79bca","name":"Tar\u0131k","image":{"@type":"ImageObject","inLanguage":"tr","@id":"https:\/\/narteks.net\/#\/schema\/person\/image\/","url":"https:\/\/secure.gravatar.com\/avatar\/50865afb55632c4ae467e0af0930f6510aa2297d8014be502a55b14f3b7550cf?s=96&d=mm&r=g","contentUrl":"https:\/\/secure.gravatar.com\/avatar\/50865afb55632c4ae467e0af0930f6510aa2297d8014be502a55b14f3b7550cf?s=96&d=mm&r=g","caption":"Tar\u0131k"},"sameAs":["http:\/\/narteks.net"],"url":"https:\/\/narteks.net\/index.php\/author\/narbak\/"}]}},"_links":{"self":[{"href":"https:\/\/narteks.net\/index.php\/wp-json\/wp\/v2\/posts\/6096","targetHints":{"allow":["GET"]}}],"collection":[{"href":"https:\/\/narteks.net\/index.php\/wp-json\/wp\/v2\/posts"}],"about":[{"href":"https:\/\/narteks.net\/index.php\/wp-json\/wp\/v2\/types\/post"}],"author":[{"embeddable":true,"href":"https:\/\/narteks.net\/index.php\/wp-json\/wp\/v2\/users\/1"}],"replies":[{"embeddable":true,"href":"https:\/\/narteks.net\/index.php\/wp-json\/wp\/v2\/comments?post=6096"}],"version-history":[{"count":0,"href":"https:\/\/narteks.net\/index.php\/wp-json\/wp\/v2\/posts\/6096\/revisions"}],"wp:attachment":[{"href":"https:\/\/narteks.net\/index.php\/wp-json\/wp\/v2\/media?parent=6096"}],"wp:term":[{"taxonomy":"category","embeddable":true,"href":"https:\/\/narteks.net\/index.php\/wp-json\/wp\/v2\/categories?post=6096"},{"taxonomy":"post_tag","embeddable":true,"href":"https:\/\/narteks.net\/index.php\/wp-json\/wp\/v2\/tags?post=6096"}],"curies":[{"name":"wp","href":"https:\/\/api.w.org\/{rel}","templated":true}]}}