{"id":61,"date":"2009-02-27T14:44:07","date_gmt":"2009-02-27T11:44:07","guid":{"rendered":"http:\/\/localhost\/wordpress\/2009\/02\/27\/rustemo\/"},"modified":"2009-02-27T14:44:07","modified_gmt":"2009-02-27T11:44:07","slug":"rustemo","status":"publish","type":"post","link":"https:\/\/narteks.net\/index.php\/2009\/02\/27\/rustemo\/","title":{"rendered":"R\u00dcSTEMO"},"content":{"rendered":"<p>\u00a0<\/p>\n<p><span>Modan yaylas\u0131na e\u015fkin almadan<br \/> Maktela \u00fczerinde sa\u011f\u0131m\u0131z<br \/> Karbeyaz \u00c7ermik Da\u011flar\u0131<br \/> Solumuz kan k\u0131rm\u0131z\u0131s\u0131 F\u0131rat&#8217;t\u0131r<br \/> D\u00f6rt mevsim ye\u015fildir orman<br \/> Ve toprak \u00e7etin<br \/> Baharlar\u0131 a\u015firetler iner Dersim \u00fcst\u00fcnden <br \/> S\u00fcr\u00fc otlat\u0131r.<br \/> Odunda<br \/> K\u00f6m\u00fcrde<br \/> Pamukta<br \/> G\u00f6nl\u00fc bir akarsu gibi al\u0131p g\u00f6t\u00fcren<br \/> Irzdan ve ekmekten yana<br \/> Bir kara sevdad\u0131r<br \/> Ye\u015fil muratt\u0131r<br \/> Ve bundan \u00f6t\u00fcr\u00fc tutmu\u015f da\u011flar\u0131<br \/> Ve alm\u0131\u015f y\u00fcr\u00fcm\u00fc\u015f sulardan \u00f6te<br \/> K\u0131l \u00e7ad\u0131rlarda maceram\u0131z<br \/> Yasak bundan b\u00f6yle zul\u00fcm;<br \/> Ve \u00f6\u015f\u00fcr<br \/> Ve hara\u00e7<br \/> Ve angarya<br \/> Ve katil<br \/> Ve \u015firkat<br \/> Ve talan<br \/> Ve k\u00fcf\u00fcr k\u0131za k\u0131sra\u011fa<br \/> Yasakt\u0131r, emreder Da\u011flar Pa\u015fas\u0131<br \/> Elinde, affetmez Frans\u0131z \u00fc\u00e7l\u00fcs\u00fc&#8230;<\/p>\n<p> Gayr\u0131 malumunuz olsun hal\u0131m<br \/> Hayrola encam<br \/> Malum ola<br \/> Ayan beyan<br \/> Dosta ve d\u00fc\u015fmana serencam<\/p>\n<p> \u00d6nce \u015feyh\u00fclislam fetva buyurur<br \/> Katlim d\u00f6rt mezhepte vacip g\u00f6r\u00fcl\u00fcr<br \/> Sonra saray ferman eyler<br \/> Ve kaltak vurulur ordugahlarda<br \/> Dar vakit yeti\u015ftin tatar a\u011fas\u0131<br \/> Bir elimde kana batm\u0131\u015f hamaylim<br \/> Bir elim derman eyler<br \/> Dostooo<br \/> Buncas\u0131na kavga demezem<br \/> K\u0131zanlar idman eyler<br \/> Hele sar\u0131lmas\u0131n d\u00f6rt bir yan\u0131m\u0131z<br \/> Tamam c\u00fcmle da\u011flar mevzi alm\u0131\u015ft\u0131r<br \/> Ve yatm\u0131\u015f pusuya patikalar<\/p>\n<p> Salavat getirir da\u011f da\u011f taburlar<br \/> Narl\u0131 bah\u00e7e \u00fczre kanl\u0131 bir ak\u015fam<br \/> Gelen el\u00e7i de\u011fil<br \/> Azrail olsun<br \/> Anam avrad\u0131m olsun ka\u00e7arsam. <\/span><\/p>\n<p>Ahmed AR\u0130F<\/p>\n","protected":false},"excerpt":{"rendered":"<p>\u00a0 Modan yaylas\u0131na e\u015fkin almadan Maktela \u00fczerinde sa\u011f\u0131m\u0131z Karbeyaz \u00c7ermik Da\u011flar\u0131 Solumuz kan k\u0131rm\u0131z\u0131s\u0131 F\u0131rat&#8217;t\u0131r D\u00f6rt mevsim ye\u015fildir orman Ve toprak \u00e7etin Baharlar\u0131 a\u015firetler iner Dersim \u00fcst\u00fcnden S\u00fcr\u00fc otlat\u0131r. Odunda K\u00f6m\u00fcrde Pamukta G\u00f6nl\u00fc bir akarsu gibi al\u0131p g\u00f6t\u00fcren Irzdan ve ekmekten yana Bir kara sevdad\u0131r Ye\u015fil muratt\u0131r Ve bundan \u00f6t\u00fcr\u00fc tutmu\u015f da\u011flar\u0131 Ve alm\u0131\u015f y\u00fcr\u00fcm\u00fc\u015f [&hellip;]<\/p>\n","protected":false},"author":1,"featured_media":0,"comment_status":"open","ping_status":"open","sticky":false,"template":"","format":"standard","meta":{"footnotes":""},"categories":[179],"tags":[],"class_list":{"0":"post-61","1":"post","2":"type-post","3":"status-publish","4":"format-standard","6":"category-ahmed-arif"},"yoast_head":"<!-- This site is optimized with the Yoast SEO Premium plugin v24.9 (Yoast SEO v24.9) - https:\/\/yoast.com\/wordpress\/plugins\/seo\/ -->\n<title>R\u00dcSTEMO - narteks.net<\/title>\n<meta name=\"robots\" content=\"index, follow, max-snippet:-1, max-image-preview:large, max-video-preview:-1\" \/>\n<link rel=\"canonical\" href=\"https:\/\/narteks.net\/index.php\/2009\/02\/27\/rustemo\/\" \/>\n<meta property=\"og:locale\" content=\"tr_TR\" \/>\n<meta property=\"og:type\" content=\"article\" \/>\n<meta property=\"og:title\" content=\"R\u00dcSTEMO\" \/>\n<meta property=\"og:description\" content=\"\u00a0 Modan yaylas\u0131na e\u015fkin almadan Maktela \u00fczerinde sa\u011f\u0131m\u0131z Karbeyaz \u00c7ermik Da\u011flar\u0131 Solumuz kan k\u0131rm\u0131z\u0131s\u0131 F\u0131rat&#8217;t\u0131r D\u00f6rt mevsim ye\u015fildir orman Ve toprak \u00e7etin Baharlar\u0131 a\u015firetler iner Dersim \u00fcst\u00fcnden S\u00fcr\u00fc otlat\u0131r. Odunda K\u00f6m\u00fcrde Pamukta G\u00f6nl\u00fc bir akarsu gibi al\u0131p g\u00f6t\u00fcren Irzdan ve ekmekten yana Bir kara sevdad\u0131r Ye\u015fil muratt\u0131r Ve bundan \u00f6t\u00fcr\u00fc tutmu\u015f da\u011flar\u0131 Ve alm\u0131\u015f y\u00fcr\u00fcm\u00fc\u015f [&hellip;]\" \/>\n<meta property=\"og:url\" content=\"https:\/\/narteks.net\/index.php\/2009\/02\/27\/rustemo\/\" \/>\n<meta property=\"og:site_name\" content=\"narteks.net\" \/>\n<meta property=\"article:published_time\" content=\"2009-02-27T11:44:07+00:00\" \/>\n<meta property=\"og:image\" content=\"https:\/\/narteks.net\/wp-content\/uploads\/narteks.png\" \/>\n\t<meta property=\"og:image:width\" content=\"300\" \/>\n\t<meta property=\"og:image:height\" content=\"90\" \/>\n\t<meta property=\"og:image:type\" content=\"image\/png\" \/>\n<meta name=\"author\" content=\"Tar\u0131k\" \/>\n<meta name=\"twitter:card\" content=\"summary_large_image\" \/>\n<meta name=\"twitter:creator\" content=\"@narteks\" \/>\n<meta name=\"twitter:site\" content=\"@narteks\" \/>\n<meta name=\"twitter:label1\" content=\"Yazan:\" \/>\n\t<meta name=\"twitter:data1\" content=\"Tar\u0131k\" \/>\n\t<meta name=\"twitter:label2\" content=\"Tahmini okuma s\u00fcresi\" \/>\n\t<meta name=\"twitter:data2\" content=\"1 dakika\" \/>\n<script type=\"application\/ld+json\" class=\"yoast-schema-graph\">{\"@context\":\"https:\/\/schema.org\",\"@graph\":[{\"@type\":\"Article\",\"@id\":\"https:\/\/narteks.net\/index.php\/2009\/02\/27\/rustemo\/#article\",\"isPartOf\":{\"@id\":\"https:\/\/narteks.net\/index.php\/2009\/02\/27\/rustemo\/\"},\"author\":{\"name\":\"Tar\u0131k\",\"@id\":\"https:\/\/narteks.net\/#\/schema\/person\/61f37d9834294b72d31d274e7ed79bca\"},\"headline\":\"R\u00dcSTEMO\",\"datePublished\":\"2009-02-27T11:44:07+00:00\",\"mainEntityOfPage\":{\"@id\":\"https:\/\/narteks.net\/index.php\/2009\/02\/27\/rustemo\/\"},\"wordCount\":248,\"commentCount\":0,\"publisher\":{\"@id\":\"https:\/\/narteks.net\/#organization\"},\"articleSection\":[\"Ahmed AR\u0130F\"],\"inLanguage\":\"tr\",\"potentialAction\":[{\"@type\":\"CommentAction\",\"name\":\"Comment\",\"target\":[\"https:\/\/narteks.net\/index.php\/2009\/02\/27\/rustemo\/#respond\"]}]},{\"@type\":\"WebPage\",\"@id\":\"https:\/\/narteks.net\/index.php\/2009\/02\/27\/rustemo\/\",\"url\":\"https:\/\/narteks.net\/index.php\/2009\/02\/27\/rustemo\/\",\"name\":\"R\u00dcSTEMO - narteks.net\",\"isPartOf\":{\"@id\":\"https:\/\/narteks.net\/#website\"},\"datePublished\":\"2009-02-27T11:44:07+00:00\",\"breadcrumb\":{\"@id\":\"https:\/\/narteks.net\/index.php\/2009\/02\/27\/rustemo\/#breadcrumb\"},\"inLanguage\":\"tr\",\"potentialAction\":[{\"@type\":\"ReadAction\",\"target\":[\"https:\/\/narteks.net\/index.php\/2009\/02\/27\/rustemo\/\"]}]},{\"@type\":\"BreadcrumbList\",\"@id\":\"https:\/\/narteks.net\/index.php\/2009\/02\/27\/rustemo\/#breadcrumb\",\"itemListElement\":[{\"@type\":\"ListItem\",\"position\":1,\"name\":\"Anasayfa\",\"item\":\"https:\/\/narteks.net\/\"},{\"@type\":\"ListItem\",\"position\":2,\"name\":\"R\u00dcSTEMO\"}]},{\"@type\":\"WebSite\",\"@id\":\"https:\/\/narteks.net\/#website\",\"url\":\"https:\/\/narteks.net\/\",\"name\":\"narteks.net\",\"description\":\"K\u00fclt\u00fcr Sanat Edebiyat Felsefe\",\"publisher\":{\"@id\":\"https:\/\/narteks.net\/#organization\"},\"alternateName\":\"K\u00fclt\u00fcr Sanat Edebiyat Felsefe\",\"potentialAction\":[{\"@type\":\"SearchAction\",\"target\":{\"@type\":\"EntryPoint\",\"urlTemplate\":\"https:\/\/narteks.net\/?s={search_term_string}\"},\"query-input\":{\"@type\":\"PropertyValueSpecification\",\"valueRequired\":true,\"valueName\":\"search_term_string\"}}],\"inLanguage\":\"tr\"},{\"@type\":\"Organization\",\"@id\":\"https:\/\/narteks.net\/#organization\",\"name\":\"narteks.net\",\"url\":\"https:\/\/narteks.net\/\",\"logo\":{\"@type\":\"ImageObject\",\"inLanguage\":\"tr\",\"@id\":\"https:\/\/narteks.net\/#\/schema\/logo\/image\/\",\"url\":\"https:\/\/narteks.net\/wp-content\/uploads\/narteks.png\",\"contentUrl\":\"https:\/\/narteks.net\/wp-content\/uploads\/narteks.png\",\"width\":300,\"height\":90,\"caption\":\"narteks.net\"},\"image\":{\"@id\":\"https:\/\/narteks.net\/#\/schema\/logo\/image\/\"},\"sameAs\":[\"https:\/\/x.com\/narteks\",\"https:\/\/instagram.com\/narteksnet\"]},{\"@type\":\"Person\",\"@id\":\"https:\/\/narteks.net\/#\/schema\/person\/61f37d9834294b72d31d274e7ed79bca\",\"name\":\"Tar\u0131k\",\"image\":{\"@type\":\"ImageObject\",\"inLanguage\":\"tr\",\"@id\":\"https:\/\/narteks.net\/#\/schema\/person\/image\/\",\"url\":\"https:\/\/secure.gravatar.com\/avatar\/50865afb55632c4ae467e0af0930f6510aa2297d8014be502a55b14f3b7550cf?s=96&d=mm&r=g\",\"contentUrl\":\"https:\/\/secure.gravatar.com\/avatar\/50865afb55632c4ae467e0af0930f6510aa2297d8014be502a55b14f3b7550cf?s=96&d=mm&r=g\",\"caption\":\"Tar\u0131k\"},\"sameAs\":[\"http:\/\/narteks.net\"],\"url\":\"https:\/\/narteks.net\/index.php\/author\/narbak\/\"}]}<\/script>\n<!-- \/ Yoast SEO Premium plugin. -->","yoast_head_json":{"title":"R\u00dcSTEMO - narteks.net","robots":{"index":"index","follow":"follow","max-snippet":"max-snippet:-1","max-image-preview":"max-image-preview:large","max-video-preview":"max-video-preview:-1"},"canonical":"https:\/\/narteks.net\/index.php\/2009\/02\/27\/rustemo\/","og_locale":"tr_TR","og_type":"article","og_title":"R\u00dcSTEMO","og_description":"\u00a0 Modan yaylas\u0131na e\u015fkin almadan Maktela \u00fczerinde sa\u011f\u0131m\u0131z Karbeyaz \u00c7ermik Da\u011flar\u0131 Solumuz kan k\u0131rm\u0131z\u0131s\u0131 F\u0131rat&#8217;t\u0131r D\u00f6rt mevsim ye\u015fildir orman Ve toprak \u00e7etin Baharlar\u0131 a\u015firetler iner Dersim \u00fcst\u00fcnden S\u00fcr\u00fc otlat\u0131r. Odunda K\u00f6m\u00fcrde Pamukta G\u00f6nl\u00fc bir akarsu gibi al\u0131p g\u00f6t\u00fcren Irzdan ve ekmekten yana Bir kara sevdad\u0131r Ye\u015fil muratt\u0131r Ve bundan \u00f6t\u00fcr\u00fc tutmu\u015f da\u011flar\u0131 Ve alm\u0131\u015f y\u00fcr\u00fcm\u00fc\u015f [&hellip;]","og_url":"https:\/\/narteks.net\/index.php\/2009\/02\/27\/rustemo\/","og_site_name":"narteks.net","article_published_time":"2009-02-27T11:44:07+00:00","og_image":[{"width":300,"height":90,"url":"https:\/\/narteks.net\/wp-content\/uploads\/narteks.png","type":"image\/png"}],"author":"Tar\u0131k","twitter_card":"summary_large_image","twitter_creator":"@narteks","twitter_site":"@narteks","twitter_misc":{"Yazan:":"Tar\u0131k","Tahmini okuma s\u00fcresi":"1 dakika"},"schema":{"@context":"https:\/\/schema.org","@graph":[{"@type":"Article","@id":"https:\/\/narteks.net\/index.php\/2009\/02\/27\/rustemo\/#article","isPartOf":{"@id":"https:\/\/narteks.net\/index.php\/2009\/02\/27\/rustemo\/"},"author":{"name":"Tar\u0131k","@id":"https:\/\/narteks.net\/#\/schema\/person\/61f37d9834294b72d31d274e7ed79bca"},"headline":"R\u00dcSTEMO","datePublished":"2009-02-27T11:44:07+00:00","mainEntityOfPage":{"@id":"https:\/\/narteks.net\/index.php\/2009\/02\/27\/rustemo\/"},"wordCount":248,"commentCount":0,"publisher":{"@id":"https:\/\/narteks.net\/#organization"},"articleSection":["Ahmed AR\u0130F"],"inLanguage":"tr","potentialAction":[{"@type":"CommentAction","name":"Comment","target":["https:\/\/narteks.net\/index.php\/2009\/02\/27\/rustemo\/#respond"]}]},{"@type":"WebPage","@id":"https:\/\/narteks.net\/index.php\/2009\/02\/27\/rustemo\/","url":"https:\/\/narteks.net\/index.php\/2009\/02\/27\/rustemo\/","name":"R\u00dcSTEMO - narteks.net","isPartOf":{"@id":"https:\/\/narteks.net\/#website"},"datePublished":"2009-02-27T11:44:07+00:00","breadcrumb":{"@id":"https:\/\/narteks.net\/index.php\/2009\/02\/27\/rustemo\/#breadcrumb"},"inLanguage":"tr","potentialAction":[{"@type":"ReadAction","target":["https:\/\/narteks.net\/index.php\/2009\/02\/27\/rustemo\/"]}]},{"@type":"BreadcrumbList","@id":"https:\/\/narteks.net\/index.php\/2009\/02\/27\/rustemo\/#breadcrumb","itemListElement":[{"@type":"ListItem","position":1,"name":"Anasayfa","item":"https:\/\/narteks.net\/"},{"@type":"ListItem","position":2,"name":"R\u00dcSTEMO"}]},{"@type":"WebSite","@id":"https:\/\/narteks.net\/#website","url":"https:\/\/narteks.net\/","name":"narteks.net","description":"K\u00fclt\u00fcr Sanat Edebiyat Felsefe","publisher":{"@id":"https:\/\/narteks.net\/#organization"},"alternateName":"K\u00fclt\u00fcr Sanat Edebiyat Felsefe","potentialAction":[{"@type":"SearchAction","target":{"@type":"EntryPoint","urlTemplate":"https:\/\/narteks.net\/?s={search_term_string}"},"query-input":{"@type":"PropertyValueSpecification","valueRequired":true,"valueName":"search_term_string"}}],"inLanguage":"tr"},{"@type":"Organization","@id":"https:\/\/narteks.net\/#organization","name":"narteks.net","url":"https:\/\/narteks.net\/","logo":{"@type":"ImageObject","inLanguage":"tr","@id":"https:\/\/narteks.net\/#\/schema\/logo\/image\/","url":"https:\/\/narteks.net\/wp-content\/uploads\/narteks.png","contentUrl":"https:\/\/narteks.net\/wp-content\/uploads\/narteks.png","width":300,"height":90,"caption":"narteks.net"},"image":{"@id":"https:\/\/narteks.net\/#\/schema\/logo\/image\/"},"sameAs":["https:\/\/x.com\/narteks","https:\/\/instagram.com\/narteksnet"]},{"@type":"Person","@id":"https:\/\/narteks.net\/#\/schema\/person\/61f37d9834294b72d31d274e7ed79bca","name":"Tar\u0131k","image":{"@type":"ImageObject","inLanguage":"tr","@id":"https:\/\/narteks.net\/#\/schema\/person\/image\/","url":"https:\/\/secure.gravatar.com\/avatar\/50865afb55632c4ae467e0af0930f6510aa2297d8014be502a55b14f3b7550cf?s=96&d=mm&r=g","contentUrl":"https:\/\/secure.gravatar.com\/avatar\/50865afb55632c4ae467e0af0930f6510aa2297d8014be502a55b14f3b7550cf?s=96&d=mm&r=g","caption":"Tar\u0131k"},"sameAs":["http:\/\/narteks.net"],"url":"https:\/\/narteks.net\/index.php\/author\/narbak\/"}]}},"_links":{"self":[{"href":"https:\/\/narteks.net\/index.php\/wp-json\/wp\/v2\/posts\/61","targetHints":{"allow":["GET"]}}],"collection":[{"href":"https:\/\/narteks.net\/index.php\/wp-json\/wp\/v2\/posts"}],"about":[{"href":"https:\/\/narteks.net\/index.php\/wp-json\/wp\/v2\/types\/post"}],"author":[{"embeddable":true,"href":"https:\/\/narteks.net\/index.php\/wp-json\/wp\/v2\/users\/1"}],"replies":[{"embeddable":true,"href":"https:\/\/narteks.net\/index.php\/wp-json\/wp\/v2\/comments?post=61"}],"version-history":[{"count":0,"href":"https:\/\/narteks.net\/index.php\/wp-json\/wp\/v2\/posts\/61\/revisions"}],"wp:attachment":[{"href":"https:\/\/narteks.net\/index.php\/wp-json\/wp\/v2\/media?parent=61"}],"wp:term":[{"taxonomy":"category","embeddable":true,"href":"https:\/\/narteks.net\/index.php\/wp-json\/wp\/v2\/categories?post=61"},{"taxonomy":"post_tag","embeddable":true,"href":"https:\/\/narteks.net\/index.php\/wp-json\/wp\/v2\/tags?post=61"}],"curies":[{"name":"wp","href":"https:\/\/api.w.org\/{rel}","templated":true}]}}